{"id":1331,"date":"2015-07-07T07:42:00","date_gmt":"2015-07-07T04:42:00","guid":{"rendered":"http:\/\/aynakol.org\/?p=1331"},"modified":"2015-07-08T10:58:28","modified_gmt":"2015-07-08T07:58:28","slug":"tdf2015-4-etap-seriang-%e2%86%92-cambrai","status":"publish","type":"post","link":"http:\/\/aynakol.org\/?p=1331","title":{"rendered":"#TDF2015 4. Etap: Seriang \u2192 Cambrai"},"content":{"rendered":"<p>4. etap incelemesine ge\u00e7meden \u00f6nce <a href=\"http:\/\/aynakol.org\/?p=1321\" target=\"_blank\">k\u0131sa bir \u00f6zet<\/a> ge\u00e7elim.<\/p>\n<ul>\n<li>Sar\u0131 mayo Cancellara&#8217;ya hi\u00e7 ama hi\u00e7 u\u011furlu gelmedi: etab\u0131n bitimine 52 km kala ya\u015fanan b\u00fcy\u00fck kazada havada iki takla atan Cancellara etab\u0131 bitirdi bitirmesine ama Spartak\u00fcs olmak da yetmedi, yar\u0131\u015f sonras\u0131 turu b\u0131rakt\u0131.<\/li>\n<li>Mur de Huy zirve biti\u015fine 400 metre kala Froome atak yapt\u0131 Contador da cevap verdi, etap ikili aras\u0131ndaki m\u00fccadele ile bitecek derken sol a\u00e7\u0131ktan Rodriguez atak yaparak \u00f6ne \u00e7\u0131k\u0131p etab\u0131 kazan\u0131rken Contador da Froome&#8217;un kadans ata\u011f\u0131na cevap veremeyip <em>&#8220;silkelendi.&#8221;<\/em><\/li>\n<li><span style=\"background-color: #ffff00;\"><strong>Sar\u0131 mayo \/ Maillot Jaune<\/strong><\/span> 1 sn. farkla Chris Froome&#8217;un s\u0131rt\u0131nda.<\/li>\n<\/ul>\n<p>Ayr\u0131ca Sarper G\u00fcnsal abimiz de k\u0131sa \u00f6zet ge\u00e7mi\u015f, <a href=\"http:\/\/sporlocasi.blogspot.com.tr\/2015\/07\/yagmur-ruzgar-ve-gozyas-2-etap.html\" target=\"_blank\">okuyunuz:<\/a><\/p>\n<div id=\"attachment_1333\" style=\"width: 1010px\" class=\"wp-caption alignnone\"><a href=\"https:\/\/i0.wp.com\/aynakol.org\/wp-content\/uploads\/2015\/07\/11225377_10153636269445934_6604145614214053975_o.jpg\"><img data-recalc-dims=\"1\" loading=\"lazy\" decoding=\"async\" aria-describedby=\"caption-attachment-1333\" data-attachment-id=\"1333\" data-permalink=\"http:\/\/aynakol.org\/?attachment_id=1333\" data-orig-file=\"https:\/\/i0.wp.com\/aynakol.org\/wp-content\/uploads\/2015\/07\/11225377_10153636269445934_6604145614214053975_o.jpg?fit=1000%2C666\" data-orig-size=\"1000,666\" data-comments-opened=\"1\" data-image-meta=\"{&quot;aperture&quot;:&quot;0&quot;,&quot;credit&quot;:&quot;&quot;,&quot;camera&quot;:&quot;&quot;,&quot;caption&quot;:&quot;&quot;,&quot;created_timestamp&quot;:&quot;0&quot;,&quot;copyright&quot;:&quot;&quot;,&quot;focal_length&quot;:&quot;0&quot;,&quot;iso&quot;:&quot;0&quot;,&quot;shutter_speed&quot;:&quot;0&quot;,&quot;title&quot;:&quot;&quot;,&quot;orientation&quot;:&quot;0&quot;}\" data-image-title=\"11225377_10153636269445934_6604145614214053975_o\" data-image-description=\"\" data-image-caption=\"\" data-large-file=\"https:\/\/i0.wp.com\/aynakol.org\/wp-content\/uploads\/2015\/07\/11225377_10153636269445934_6604145614214053975_o.jpg?fit=860%2C573\" class=\"wp-image-1333 size-full\" src=\"https:\/\/i0.wp.com\/aynakol.org\/wp-content\/uploads\/2015\/07\/11225377_10153636269445934_6604145614214053975_o.jpg?resize=860%2C573\" alt=\"11225377_10153636269445934_6604145614214053975_o\" width=\"860\" height=\"573\" srcset=\"https:\/\/i0.wp.com\/aynakol.org\/wp-content\/uploads\/2015\/07\/11225377_10153636269445934_6604145614214053975_o.jpg?w=1000 1000w, https:\/\/i0.wp.com\/aynakol.org\/wp-content\/uploads\/2015\/07\/11225377_10153636269445934_6604145614214053975_o.jpg?resize=300%2C200 300w, https:\/\/i0.wp.com\/aynakol.org\/wp-content\/uploads\/2015\/07\/11225377_10153636269445934_6604145614214053975_o.jpg?resize=705%2C470 705w\" sizes=\"auto, (max-width: 860px) 100vw, 860px\" \/><\/a><p id=\"caption-attachment-1333\" class=\"wp-caption-text\">Spartak\u00fcs\u00fcn can\u0131 \u00e7\u0131ksa da sele \u00fczerinde \u00f6lmeye niyetli!<\/p><\/div>\n<p><strong>Etap hakk\u0131nda<\/strong><\/p>\n<p><a href=\"http:\/\/www.letour.fr\/PHOTOS\/TDF\/2015\/400\/carte.pdf\" target=\"_blank\">Seriang \u2192 Cambrai aras\u0131nda <\/a>pedallanacak 224 km uzunlu\u011fundaki 4. etap Bel\u00e7ikadan ba\u015flay\u0131p Fransa topraklar\u0131nda sona erecek. 224 km uzunlu\u011fu ve i\u00e7erdi\u011fi toplamda 13.3 km pav\u00e9 sekt\u00f6rleriyle 4. etap tam bir Bahar Klasi\u011fi tad\u0131nda pedallanacak.<\/p>\n<p><a href=\"https:\/\/i0.wp.com\/aynakol.org\/wp-content\/uploads\/2015\/07\/tdf2015_stage4_profile.jpg\"><img data-recalc-dims=\"1\" loading=\"lazy\" decoding=\"async\" data-attachment-id=\"1334\" data-permalink=\"http:\/\/aynakol.org\/?attachment_id=1334\" data-orig-file=\"https:\/\/i0.wp.com\/aynakol.org\/wp-content\/uploads\/2015\/07\/tdf2015_stage4_profile.jpg?fit=1025%2C380\" data-orig-size=\"1025,380\" data-comments-opened=\"1\" data-image-meta=\"{&quot;aperture&quot;:&quot;0&quot;,&quot;credit&quot;:&quot;&quot;,&quot;camera&quot;:&quot;&quot;,&quot;caption&quot;:&quot;&quot;,&quot;created_timestamp&quot;:&quot;0&quot;,&quot;copyright&quot;:&quot;&quot;,&quot;focal_length&quot;:&quot;0&quot;,&quot;iso&quot;:&quot;0&quot;,&quot;shutter_speed&quot;:&quot;0&quot;,&quot;title&quot;:&quot;&quot;,&quot;orientation&quot;:&quot;0&quot;}\" data-image-title=\"tdf2015_stage4_profile\" data-image-description=\"\" data-image-caption=\"\" data-large-file=\"https:\/\/i0.wp.com\/aynakol.org\/wp-content\/uploads\/2015\/07\/tdf2015_stage4_profile.jpg?fit=860%2C319\" class=\"alignnone size-large wp-image-1334\" src=\"https:\/\/i0.wp.com\/aynakol.org\/wp-content\/uploads\/2015\/07\/tdf2015_stage4_profile.jpg?resize=705%2C262\" alt=\"tdf2015_stage4_profile\" width=\"705\" height=\"262\" srcset=\"https:\/\/i0.wp.com\/aynakol.org\/wp-content\/uploads\/2015\/07\/tdf2015_stage4_profile.jpg?resize=1024%2C380 1024w, https:\/\/i0.wp.com\/aynakol.org\/wp-content\/uploads\/2015\/07\/tdf2015_stage4_profile.jpg?resize=300%2C111 300w, https:\/\/i0.wp.com\/aynakol.org\/wp-content\/uploads\/2015\/07\/tdf2015_stage4_profile.jpg?resize=705%2C261 705w, https:\/\/i0.wp.com\/aynakol.org\/wp-content\/uploads\/2015\/07\/tdf2015_stage4_profile.jpg?w=1025 1025w\" sizes=\"auto, (max-width: 705px) 100vw, 705px\" \/><\/a><\/p>\n<p>D\u00fcz gibi g\u00f6r\u00fcnmesine aldanmamak gerekiyor, zira etab\u0131n bitmesine\u00a046 km kala s\u0131k\u0131\u015fan\u00a0pav\u00e9 sekt\u00f6rler pelotonun can\u0131na okuyacak, g\u00fcc\u00fcn\u00fc koruyan domestiklere tutunanlar ayakta kalacak, t\u0131pk\u0131 ge\u00e7en sene Nibali&#8217;nin yapt\u0131\u011f\u0131 gibi.<\/p>\n<p><a href=\"https:\/\/i0.wp.com\/aynakol.org\/wp-content\/uploads\/2015\/07\/NibaliCobbles-659x440.jpg\"><img data-recalc-dims=\"1\" loading=\"lazy\" decoding=\"async\" data-attachment-id=\"1335\" data-permalink=\"http:\/\/aynakol.org\/?attachment_id=1335\" data-orig-file=\"https:\/\/i0.wp.com\/aynakol.org\/wp-content\/uploads\/2015\/07\/NibaliCobbles-659x440.jpg?fit=659%2C440\" data-orig-size=\"659,440\" data-comments-opened=\"1\" data-image-meta=\"{&quot;aperture&quot;:&quot;0&quot;,&quot;credit&quot;:&quot;&quot;,&quot;camera&quot;:&quot;&quot;,&quot;caption&quot;:&quot;&quot;,&quot;created_timestamp&quot;:&quot;0&quot;,&quot;copyright&quot;:&quot;&quot;,&quot;focal_length&quot;:&quot;0&quot;,&quot;iso&quot;:&quot;0&quot;,&quot;shutter_speed&quot;:&quot;0&quot;,&quot;title&quot;:&quot;&quot;,&quot;orientation&quot;:&quot;0&quot;}\" data-image-title=\"NibaliCobbles-659&amp;#215;440\" data-image-description=\"\" data-image-caption=\"\" data-large-file=\"https:\/\/i0.wp.com\/aynakol.org\/wp-content\/uploads\/2015\/07\/NibaliCobbles-659x440.jpg?fit=659%2C440\" class=\"alignnone size-full wp-image-1335\" src=\"https:\/\/i0.wp.com\/aynakol.org\/wp-content\/uploads\/2015\/07\/NibaliCobbles-659x440.jpg?resize=659%2C440\" alt=\"NibaliCobbles-659x440\" width=\"659\" height=\"440\" srcset=\"https:\/\/i0.wp.com\/aynakol.org\/wp-content\/uploads\/2015\/07\/NibaliCobbles-659x440.jpg?resize=659%2C440 659w, https:\/\/i0.wp.com\/aynakol.org\/wp-content\/uploads\/2015\/07\/NibaliCobbles-659x440.jpg?resize=300%2C200 300w\" sizes=\"auto, (max-width: 659px) 100vw, 659px\" \/><\/a><\/p>\n<p>53. km&#8217;de t\u0131rman\u0131lacak CAT4 s\u0131n\u0131f\u0131ndan %4.8 e\u011fime sahip 2 km uzunlu\u011fundaki C\u00f4te de la Citadelle de Namur sonras\u0131nda peloton<\/p>\n<p><iframe loading=\"lazy\" src=\"https:\/\/www.youtube.com\/embed\/WqQ7qJLGMIM\" width=\"560\" height=\"315\" frameborder=\"0\" allowfullscreen=\"allowfullscreen\"><\/iframe><\/p>\n<p>&nbsp;<\/p>\n<ul>\n<li>103. km&#8217;de ilk pave sekt\u00f6r\u00fc ile kar\u015f\u0131la\u015facak: 7 sekt\u00f6rden ilki 1800 metre uzunlu\u011fundaki\u00a0Pont \u00e0 Celles ge\u00e7ildikten sonra\u00a0137. km&#8217;de sprint kap\u0131s\u0131ndan ge\u00e7ecek.<\/li>\n<li>Kalan 6 sekt\u00f6r ise etab\u0131n sonuna s\u0131k\u0131\u015fm\u0131\u015f durumda:<\/li>\n<li>175 km&#8217;de 1200 metre uzunlu\u011funda 6. sekt\u00f6r Artres,<\/li>\n<li>180.5 km&#8217;de 1600 metre uzunlu\u011funda 5. sekt\u00f6r Qu\u00e9r\u00e9naing,<\/li>\n<li>185.5 km 1200 km uzunlu\u011fundaki 4. sekt\u00f6r\u00a0Verchain-Maugr\u00e9,<\/li>\n<li>195.5 km&#8217;de 1500 metre uzunlu\u011fundaki\u00a03. sekt\u00f6r\u00a0St Python,<\/li>\n<li>198 km&#8217;de en uzun sekt\u00f6r Qui\u00e9vy ile kar\u015f\u0131la\u015faca\u011f\u0131z: 3700 metre! G\u00fcc\u00fcn\u00fc koruyanlar\u0131n \u00f6ne \u00e7\u0131kaca\u011f\u0131 yer tam da buras\u0131!<\/li>\n<li>208.5 km ge\u00e7ilirken 2300 metre uzunlu\u011fundaki son sekt\u00f6r Carni\u00e8res ge\u00e7ilip\u00a0Cambrai de etap bitecek.<\/li>\n<\/ul>\n<p>Toplam uzunlu\u011fu 13,3 km olan\u00a0pav\u00e9 sekt\u00f6rlerinde efsanevi bir yar\u0131\u015f bizi bekliyor olacak!<\/p>\n<p><strong>Daha fazlas\u0131 i\u00e7in<\/strong><\/p>\n<ul>\n<li><a href=\"http:\/\/velonews.competitor.com\/2015\/07\/news\/tour-de-france-gc-men-rally-troops-for-pave-stage_376788\" target=\"_blank\">velonews.competitor.com: Tour de France GC men rally troops for pave stage<\/a><\/li>\n<li><a href=\"http:\/\/www.cyclingnews.com\/tour-de-france\/stage-4\" target=\"_blank\">CyclingNews.com: Stage 4 preview<\/a><\/li>\n<\/ul>\n<p><strong>Etap sonras\u0131<\/strong><\/p>\n<p><a class=\"_58cn\" href=\"https:\/\/www.facebook.com\/hashtag\/tdf2015\" data-ft=\"{&quot;tn&quot;:&quot;*N&quot;,&quot;type&quot;:104}\">#TDF2015<\/a> \/ 4. Etap sonunda zafere ula\u015fan Etixx-QuickStep tak\u0131m\u0131n\u0131n Alman Panzeri (Panzerwagen) Tony Martin oldu.<\/p>\n<p><a href=\"https:\/\/i0.wp.com\/aynakol.org\/wp-content\/uploads\/2015\/07\/tdf2015_tony_martin_in_yellow_jersey.jpg\"><img data-recalc-dims=\"1\" loading=\"lazy\" decoding=\"async\" data-attachment-id=\"1344\" data-permalink=\"http:\/\/aynakol.org\/?attachment_id=1344\" data-orig-file=\"https:\/\/i0.wp.com\/aynakol.org\/wp-content\/uploads\/2015\/07\/tdf2015_tony_martin_in_yellow_jersey.jpg?fit=960%2C640\" data-orig-size=\"960,640\" data-comments-opened=\"1\" data-image-meta=\"{&quot;aperture&quot;:&quot;0&quot;,&quot;credit&quot;:&quot;&quot;,&quot;camera&quot;:&quot;&quot;,&quot;caption&quot;:&quot;&quot;,&quot;created_timestamp&quot;:&quot;0&quot;,&quot;copyright&quot;:&quot;&quot;,&quot;focal_length&quot;:&quot;0&quot;,&quot;iso&quot;:&quot;0&quot;,&quot;shutter_speed&quot;:&quot;0&quot;,&quot;title&quot;:&quot;&quot;,&quot;orientation&quot;:&quot;0&quot;}\" data-image-title=\"tdf2015_tony_martin_in_yellow_jersey\" data-image-description=\"\" data-image-caption=\"\" data-large-file=\"https:\/\/i0.wp.com\/aynakol.org\/wp-content\/uploads\/2015\/07\/tdf2015_tony_martin_in_yellow_jersey.jpg?fit=860%2C573\" class=\"alignnone size-full wp-image-1344\" src=\"https:\/\/i0.wp.com\/aynakol.org\/wp-content\/uploads\/2015\/07\/tdf2015_tony_martin_in_yellow_jersey.jpg?resize=860%2C573\" alt=\"tdf2015_tony_martin_in_yellow_jersey\" width=\"860\" height=\"573\" srcset=\"https:\/\/i0.wp.com\/aynakol.org\/wp-content\/uploads\/2015\/07\/tdf2015_tony_martin_in_yellow_jersey.jpg?w=960 960w, https:\/\/i0.wp.com\/aynakol.org\/wp-content\/uploads\/2015\/07\/tdf2015_tony_martin_in_yellow_jersey.jpg?resize=300%2C200 300w, https:\/\/i0.wp.com\/aynakol.org\/wp-content\/uploads\/2015\/07\/tdf2015_tony_martin_in_yellow_jersey.jpg?resize=705%2C470 705w\" sizes=\"auto, (max-width: 860px) 100vw, 860px\" \/><\/a><\/p>\n<p><span id=\"fbPhotoSnowliftCaption\" class=\"fbPhotosPhotoCaption\" tabindex=\"0\" data-ft=\"{&quot;tn&quot;:&quot;K&quot;}\"><span class=\"hasCaption\">Bel\u00e7ikan\u0131n Seriang kentinden pav\u00e9 yollar\u0131 izleyerek Fransaya,Cambrai \u015fehrine ula\u015fan peloton adeta tozlu yollar\u0131 a\u015farak geldi. Etab\u0131n bitmesine son 3300\u00a0metre kala \u00e7ok iyi pozisyon al\u0131p birbirini kollayan ve zaman\u0131 kaybetmek istemeyen genel klasman favorileri i\u00e7inden s\u0131yr\u0131lan Tony Martin solo atak yap\u0131p zamana kar\u015f\u0131 pozisyonunu alarak etab\u0131 kazanmas\u0131n\u0131 bildi. \u00dcstelik Matteo Trentin&#8217;in bisikletini al\u0131p etab\u0131 Chris Froome&#8217;un 13 saniye \u00f6n\u00fcnde bitirerek 3 g\u00fcnden beri istedi\u011fi <span style=\"background-color: #ffff00;\"><strong>sar\u0131 mayoyu \/ maillot jaune<\/strong><\/span> da b\u00f6ylelikle ele ge\u00e7irdi.<\/span><\/span><\/p>\n<p><iframe loading=\"lazy\" src=\"https:\/\/www.youtube.com\/embed\/hvKad3gKe9c\" width=\"560\" height=\"315\" frameborder=\"0\" allowfullscreen=\"allowfullscreen\"><\/iframe><\/p>\n<p><strong>4. etap sonu\u00e7lar\u0131<\/strong><\/p>\n<pre><strong><span style=\"background-color: #ffff00;\">GER  1  MARTIN, Tony (ETIXX - QUICK STEP)                  5:28:58\r\n<\/span><\/strong>GER  2  DEGENKOLB, John (GIANT - ALPECIN)                     +  3\r\nSVK  3  SAGAN, Peter (TINKOFF - SAXO)                      \r\nBEL  4  VAN AVERMAET, Greg (BMC RACING)                    \r\nNOR  5  BOASSON HAGEN, Edvald (MTN - QHUBEKA)              \r\nFRA  6  BOUHANNI, Nacer (COFIDIS, SOLUTIONS CREDITS)       \r\nITA  7  GUARNIERI, Jacopo (KATUSHA)                        \r\nFRA  8  GALLOPIN, Tony (LOTTO SOUDAL)                      \r\nCZE  9  STYBAR, Zdenek (ETIXX - QUICK STEP)                \r\nFRA  10 COQUARD, Bryan (EUROPCAR)<\/pre>\n<div id=\"attachment_1346\" style=\"width: 1011px\" class=\"wp-caption alignnone\"><a href=\"https:\/\/i0.wp.com\/aynakol.org\/wp-content\/uploads\/2015\/07\/tdf2015_stage4_froome_and_cohtador_in_cobblestones.jpg\"><img data-recalc-dims=\"1\" loading=\"lazy\" decoding=\"async\" aria-describedby=\"caption-attachment-1346\" data-attachment-id=\"1346\" data-permalink=\"http:\/\/aynakol.org\/?attachment_id=1346\" data-orig-file=\"https:\/\/i0.wp.com\/aynakol.org\/wp-content\/uploads\/2015\/07\/tdf2015_stage4_froome_and_cohtador_in_cobblestones.jpg?fit=1001%2C668\" data-orig-size=\"1001,668\" data-comments-opened=\"1\" data-image-meta=\"{&quot;aperture&quot;:&quot;0&quot;,&quot;credit&quot;:&quot;REUTERS&quot;,&quot;camera&quot;:&quot;&quot;,&quot;caption&quot;:&quot;Team Sky rider Chris Froome of Britain (L), race leader and yellow jersey holder, and Tinkoff-Saxo rider Alberto Contador of Spain (C) cycle on a cobble-stoned section during the 223.5-km (138.9 miles) 4th stage of the 102nd Tour de France cycling race from Seraing in Belgium to Cambrai, France, July 7, 2015.    REUTERS\/Eric Gaillard  TPX IMAGES OF THE DAY - RTX1JFMH&quot;,&quot;created_timestamp&quot;:&quot;1436227200&quot;,&quot;copyright&quot;:&quot;&quot;,&quot;focal_length&quot;:&quot;0&quot;,&quot;iso&quot;:&quot;0&quot;,&quot;shutter_speed&quot;:&quot;0&quot;,&quot;title&quot;:&quot;Team Sky rider Froome of Britain, race leader and yellow jersey holder, and Tinkoff-Saxo rider Alberto Contador of Spain cycle on a cobble-stoned section during the 4th stage of the 102nd Tour de France cycling race from Seraing in Belgium to Cambrai&quot;,&quot;orientation&quot;:&quot;0&quot;}\" data-image-title=\"Team Sky rider Froome of Britain, race leader and yellow jersey holder, and Tinkoff-Saxo rider Alberto Contador of Spain cycle on a cobble-stoned section during the 4th stage of the 102nd Tour de France cycling race from Seraing in Belgium to Cambrai\" data-image-description=\"\" data-image-caption=\"&lt;p&gt;Team Sky rider Chris Froome of Britain (L), race leader and yellow jersey holder, and Tinkoff-Saxo rider Alberto Contador of Spain (C) cycle on a cobble-stoned section during the 223.5-km (138.9 miles) 4th stage of the 102nd Tour de France cycling race from Seraing in Belgium to Cambrai, France, July 7, 2015.    REUTERS\/Eric Gaillard  TPX IMAGES OF THE DAY &amp;#8211; RTX1JFMH&lt;\/p&gt;\n\" data-large-file=\"https:\/\/i0.wp.com\/aynakol.org\/wp-content\/uploads\/2015\/07\/tdf2015_stage4_froome_and_cohtador_in_cobblestones.jpg?fit=860%2C574\" class=\"size-full wp-image-1346\" src=\"https:\/\/i0.wp.com\/aynakol.org\/wp-content\/uploads\/2015\/07\/tdf2015_stage4_froome_and_cohtador_in_cobblestones.jpg?resize=860%2C574\" alt=\"Team Sky rider Chris Froome of Britain (L), race leader and yellow jersey holder, and Tinkoff-Saxo rider Alberto Contador of Spain (C) cycle on a cobble-stoned section during the 223.5-km (138.9 miles) 4th stage of the 102nd Tour de France cycling race from Seraing in Belgium to Cambrai, France, July 7, 2015.    REUTERS\/Eric Gaillard  TPX IMAGES OF THE DAY - RTX1JFMH\" width=\"860\" height=\"574\" srcset=\"https:\/\/i0.wp.com\/aynakol.org\/wp-content\/uploads\/2015\/07\/tdf2015_stage4_froome_and_cohtador_in_cobblestones.jpg?w=1001 1001w, https:\/\/i0.wp.com\/aynakol.org\/wp-content\/uploads\/2015\/07\/tdf2015_stage4_froome_and_cohtador_in_cobblestones.jpg?resize=300%2C200 300w, https:\/\/i0.wp.com\/aynakol.org\/wp-content\/uploads\/2015\/07\/tdf2015_stage4_froome_and_cohtador_in_cobblestones.jpg?resize=705%2C470 705w\" sizes=\"auto, (max-width: 860px) 100vw, 860px\" \/><\/a><p id=\"caption-attachment-1346\" class=\"wp-caption-text\">Team Sky rider Chris Froome of Britain (L), race leader and yellow jersey holder, and Tinkoff-Saxo rider Alberto Contador of Spain (C) cycle on a cobble-stoned section during the 223.5-km (138.9 miles) 4th stage of the 102nd Tour de France cycling race from Seraing in Belgium to Cambrai, France, July 7, 2015. REUTERS\/Eric Gaillard TPX IMAGES OF THE DAY &#8211; RTX1JFMH<\/p><\/div>\n<pre>\r\n<strong>Etap sonras\u0131 genel klasman<\/strong><\/pre>\n<pre><span style=\"background-color: #ffff00;\"><strong>GER  1  MARTIN, Tony (ETIXX - QUICK STEP)            12:40:26\r\n<\/strong><\/span>GBR  2  FROOME, Christopher (SKY)                      +   12\r\nUSA  3  VAN GARDEREN, Tejay (BMC RACING)               +   25\r\nFRA  4  GALLOPIN, Tony (LOTTO SOUDAL)                  +   38\r\nSVK  5  SAGAN, Peter (TINKOFF - SAXO)                  +   39\r\nBEL  6  VAN AVERMAET, Greg (BMC RACING)                +   40\r\nCOL  7  URAN URAN, Rigoberto (ETIXX - QUICK STEP)      +   46\r\nESP  8  CONTADOR VELASCO, Alberto (TINKOFF - SAXO)     +   48\r\nGBR  9  THOMAS, Geraint (SKY)                          + 1:15\r\nCZE  10 STYBAR, Zdenek (ETIXX - QUICK STEP)            + 1:16<\/pre>\n<p>4. etab\u0131 an be an Ek\u015fi S\u00f6zl\u00fck yazar\u0131 <strong><a href=\"https:\/\/eksisozluk.com\/biri\/zeddicus-zu-l-zorander\" target=\"_blank\">zeddicus zu l zorander<\/a><\/strong>&#8216;den\u00a0<strong><a href=\"https:\/\/eksisozluk.com\/entry\/52983165\" target=\"_blank\">dinliyoruz<\/a><\/strong>:<\/p>\n<blockquote><p>bel\u00e7ika&#8217;dan fransa&#8217;ya ge\u00e7ece\u011fimiz, 2015 tour de france&#8217;in en uzun etab\u0131 olan <a class=\"url\" title=\"http:\/\/www.steephill.tv\/players\/profile\/?race=tour-de-france&amp;stage=04&amp;year=2015&amp;src=http:\/\/www.steephill.tv\/2015\/tour-de-france\/profile-04.jpg\" href=\"http:\/\/www.steephill.tv\/players\/profile\/?race=tour-de-france&amp;stage=04&amp;year=2015&amp;src=http:\/\/www.steephill.tv\/2015\/tour-de-france\/profile-04.jpg\" target=\"_blank\" rel=\"nofollow\">4. etap<\/a>, yani 223.5 km&#8217;lik <a class=\"b\" href=\"https:\/\/eksisozluk.com\/?q=seriang\">seriang<\/a> (be) \u203a<a class=\"b\" href=\"https:\/\/eksisozluk.com\/?q=cambrai\">cambrai<\/a> etab\u0131n\u0131 etixx-quick step&#8217;ten <a class=\"b\" href=\"https:\/\/eksisozluk.com\/?q=tony+martin\">tony martin<\/a> kazand\u0131 ve 3 g\u00fcnd\u00fcr istedi\u011fi sar\u0131 mayoyu panzerwagen s\u0131rt\u0131na ge\u00e7irdi. kariyerinde ilk kez sar\u0131 mayoyu giyecek.<\/p>\n<p><a class=\"url\" title=\"https:\/\/twitter.com\/letour\/status\/618443514154778624\" href=\"https:\/\/twitter.com\/letour\/status\/618443514154778624\" target=\"_blank\" rel=\"nofollow\">https:\/\/twitter.com\/\u2026tour\/status\/618443514154778624<\/a><\/p>\n<p>bug\u00fcn 7 pave sekt\u00f6rden ge\u00e7ilecek. mini bir <a class=\"b\" href=\"https:\/\/eksisozluk.com\/?q=paris+roubaix\">paris roubaix<\/a>.<\/p>\n<p>lieuwe westra (astana), thomas de gendt (lotto-soudal), perrig qu\u00e9meneur (europcar) ve fr\u00e9d\u00e9ric brun (bretagne-s\u00e9ch\u00e9 environnement), etab\u0131n 1. km&#8217;sinde peltondan ka\u00e7t\u0131.<\/p>\n<p>10. km&#8217;de fark 3.55 dk.<\/p>\n<p>45. km&#8217;de fark 8.45 dk&#8217;ya \u00e7\u0131kt\u0131.<\/p>\n<p>53. km&#8217;de ge\u00e7ilen, 4. kategoriden <a class=\"b\" href=\"https:\/\/eksisozluk.com\/?q=cote+de+la+citadelle+de+namur\">cote de la citadelle de namur<\/a> (181 m y\u00fckseklik, 2 km uzunluk, %4.8 ortalama e\u011fim) t\u0131rman\u0131\u015f\u0131n\u0131 ilk s\u0131rada ge\u00e7en <a class=\"b\" href=\"https:\/\/eksisozluk.com\/?q=thomas+de+gendt\">thomas de gendt<\/a> (lotto-soudal) 1 puan ald\u0131.<\/p>\n<p>70. km&#8217;de fark 6.45 dk.<\/p>\n<p>etab\u0131n bitimine 135 km kala fark 4.15 dk.<\/p>\n<p>130 km kala fark 3.23 dk. ilk ta\u015fl\u0131 sekt\u00f6re 10 km kald\u0131.<\/p>\n<p>sky ve astana, pelotona liderlik yap\u0131yor.<\/p>\n<p>seneffe \u015fatosunu ve g\u00fczel bah\u00e7esini g\u00f6rd\u00fck. 1760&#8217;larda in\u015fa edilmi\u015f neoklasik yap\u0131.<br \/>\n<a class=\"url\" title=\"https:\/\/pbs.twimg.com\/media\/CJT9VDOWIAA0iWb.png:large\" href=\"https:\/\/pbs.twimg.com\/media\/CJT9VDOWIAA0iWb.png:large\" target=\"_blank\" rel=\"nofollow\">https:\/\/pbs.twimg.com\/\u2026ia\/cjt9vdowiaa0iwb.png:large<\/a><br \/>\n<a class=\"url\" title=\"https:\/\/pbs.twimg.com\/media\/CJT9QTsWwAARy4x.jpg:large\" href=\"https:\/\/pbs.twimg.com\/media\/CJT9QTsWwAARy4x.jpg:large\" target=\"_blank\" rel=\"nofollow\">https:\/\/pbs.twimg.com\/\u2026ia\/cjt9qtswwaary4x.jpg:large<\/a><\/p>\n<p>ilk ta\u015fl\u0131 sekt\u00f6re yakla\u015f\u0131rken, tak\u0131mlar pelotonda \u00f6ne \u00e7\u0131kmaya \u00e7al\u0131\u015f\u0131yor. herkes gergin, tempo artt\u0131.<\/p>\n<p>ya\u011fmur ihtimalinden bahsediliyor.<\/p>\n<p>121 km kala, 7 nolu sekt\u00f6r, yani <a class=\"b\" href=\"https:\/\/eksisozluk.com\/?q=de+pont-a-celles+-+gouy-lez-pieton\">de pont-a-celles &#8211; gouy-lez-pieton<\/a> (1800 m) sekt\u00f6r\u00fcne ka\u00e7\u0131\u015f 4&#8217;l\u00fcs\u00fc ba\u015flad\u0131.<br \/>\n<a class=\"url\" title=\"https:\/\/pbs.twimg.com\/media\/CJUAIZEWEAAb3Q5.jpg:large\" href=\"https:\/\/pbs.twimg.com\/media\/CJUAIZEWEAAb3Q5.jpg:large\" target=\"_blank\" rel=\"nofollow\">https:\/\/pbs.twimg.com\/\u2026ia\/cjuaizeweaab3q5.jpg:large<\/a><\/p>\n<p>peloton da girdi.<br \/>\n<a class=\"url\" title=\"https:\/\/pbs.twimg.com\/media\/CJUAssVWUAAmf8-.jpg:large\" href=\"https:\/\/pbs.twimg.com\/media\/CJUAssVWUAAmf8-.jpg:large\" target=\"_blank\" rel=\"nofollow\">https:\/\/pbs.twimg.com\/\u2026ia\/cjuassvwuaamf8-.jpg:large<\/a><\/p>\n<p>ilk sekt\u00f6rde wilco kelderman lastik patlatt\u0131. coquard ve delaplace da patlatm\u0131\u015f.<\/p>\n<p>ilk sekt\u00f6r kazas\u0131z ge\u00e7ildi.<\/p>\n<p>trakt\u00f6rler tura selam veriyor.<br \/>\n<a class=\"url\" title=\"https:\/\/pbs.twimg.com\/media\/CJUBByQWwAEf58K.png:large\" href=\"https:\/\/pbs.twimg.com\/media\/CJUBByQWwAEf58K.png:large\" target=\"_blank\" rel=\"nofollow\">https:\/\/pbs.twimg.com\/\u2026ia\/cjubbyqwwaef58k.png:large<\/a><\/p>\n<p>115 km kala quintana, uran ve contador, bisiklet de\u011fi\u015ftirdiler.<br \/>\n<a class=\"url\" title=\"https:\/\/pbs.twimg.com\/media\/CJUCDyBWcAAMl7F.png\" href=\"https:\/\/pbs.twimg.com\/media\/CJUCDyBWcAAMl7F.png\" target=\"_blank\" rel=\"nofollow\">https:\/\/pbs.twimg.com\/media\/cjucdybwcaaml7f.png<\/a><br \/>\n<a class=\"url\" title=\"https:\/\/pbs.twimg.com\/media\/CJUCD6eWwAAJ0jj.png\" href=\"https:\/\/pbs.twimg.com\/media\/CJUCD6eWwAAJ0jj.png\" target=\"_blank\" rel=\"nofollow\">https:\/\/pbs.twimg.com\/media\/cjucd6ewwaaj0jj.png<\/a><\/p>\n<p>112 km kala ya\u011fmur daml\u0131yor.<\/p>\n<p>110 km kala fark 2.48 dk.<\/p>\n<p>100 km kala fark 2.59 dk.<\/p>\n<p>bonne esperance manast\u0131r\u0131 ge\u00e7ildi. 1127&#8217;de yap\u0131m\u0131na ba\u015flanm\u0131\u015f.<br \/>\n<a class=\"url\" title=\"https:\/\/pbs.twimg.com\/media\/CJUI6Y9WgAAhQYP.jpg\" href=\"https:\/\/pbs.twimg.com\/media\/CJUI6Y9WgAAhQYP.jpg\" target=\"_blank\" rel=\"nofollow\">https:\/\/pbs.twimg.com\/media\/cjui6y9wgaahqyp.jpg<\/a><br \/>\n<a class=\"url\" title=\"https:\/\/pbs.twimg.com\/media\/CJUI6sVW8AAOKKk.jpg\" href=\"https:\/\/pbs.twimg.com\/media\/CJUI6sVW8AAOKKk.jpg\" target=\"_blank\" rel=\"nofollow\">https:\/\/pbs.twimg.com\/media\/cjui6svw8aaokkk.jpg<\/a><br \/>\n<a class=\"url\" title=\"https:\/\/pbs.twimg.com\/media\/CJUI6qXWgAAUeQu.jpg\" href=\"https:\/\/pbs.twimg.com\/media\/CJUI6qXWgAAUeQu.jpg\" target=\"_blank\" rel=\"nofollow\">https:\/\/pbs.twimg.com\/media\/cjui6qxwgaauequ.jpg<\/a><\/p>\n<p>90 km kala fark 2.57 dk.<\/p>\n<p>86.5 km kala ge\u00e7ilen <a class=\"b\" href=\"https:\/\/eksisozluk.com\/?q=havay\">havay<\/a> ara sprint kap\u0131s\u0131n\u0131 ka\u00e7\u0131\u015f 4&#8217;l\u00fcs\u00fc ge\u00e7ti. peloton, sprint kap\u0131s\u0131na 1 km kala ata\u011fa kalkt\u0131. kalan puanlar\u0131 isteyen \u00e7ok isim var.<br \/>\n<a class=\"url\" title=\"https:\/\/pbs.twimg.com\/media\/CJUMJsLWIAA20DH.png:large\" href=\"https:\/\/pbs.twimg.com\/media\/CJUMJsLWIAA20DH.png:large\" target=\"_blank\" rel=\"nofollow\">https:\/\/pbs.twimg.com\/\u2026ia\/cjumjslwiaa20dh.png:large<\/a><\/p>\n<p>peter sagan, sprint kap\u0131s\u0131ndan ge\u00e7tikten sonra bas\u0131p gidelim arkada\u015flar \u015feklide eliyle i\u015faret yapt\u0131. adam her ortamda bomba, her ortamda esprili.<br \/>\n<a class=\"url\" title=\"https:\/\/twitter.com\/Alpe__dHuez\/status\/618415010738515968\" href=\"https:\/\/twitter.com\/Alpe__dHuez\/status\/618415010738515968\" target=\"_blank\" rel=\"nofollow\">https:\/\/twitter.com\/\u2026huez\/status\/618415010738515968<\/a><\/p>\n<p>ara sprint kap\u0131s\u0131ndan, 1. thomas de gendt, 20, fr\u00e9d\u00e9ric brun, 17, lieuwe westra, 15, perrig qu\u00e9meneur, 13 puan al\u0131rken, 2 dk sonra kap\u0131dan ge\u00e7en mark cavendish, 11, bryan coquard, 10, andr\u00e9 greipel, 9, peter sagan, 8, john degenkolb, 7, jens debusschere, 6, angelo tulik, 5, marcel sieberg, 4, mark renshaw, 3, roy curvers, 2 ve jos\u00e9 herrada, 1 puan ald\u0131.<\/p>\n<div id=\"attachment_1347\" style=\"width: 1011px\" class=\"wp-caption alignnone\"><a href=\"https:\/\/i0.wp.com\/aynakol.org\/wp-content\/uploads\/2015\/07\/tdf2015_stage1_degenkolb_and_valverde_in_cobblestones.jpg\"><img data-recalc-dims=\"1\" loading=\"lazy\" decoding=\"async\" aria-describedby=\"caption-attachment-1347\" data-attachment-id=\"1347\" data-permalink=\"http:\/\/aynakol.org\/?attachment_id=1347\" data-orig-file=\"https:\/\/i0.wp.com\/aynakol.org\/wp-content\/uploads\/2015\/07\/tdf2015_stage1_degenkolb_and_valverde_in_cobblestones.jpg?fit=1001%2C665\" data-orig-size=\"1001,665\" data-comments-opened=\"1\" data-image-meta=\"{&quot;aperture&quot;:&quot;5&quot;,&quot;credit&quot;:&quot;&quot;,&quot;camera&quot;:&quot;NIKON D4&quot;,&quot;caption&quot;:&quot;2015, Tour de France, tappa 04 Seraing - Cambrai, Giant - Alpecin 2015, Degenkolb John, Avesnes les Aubert a Carnieres&quot;,&quot;created_timestamp&quot;:&quot;1436289639&quot;,&quot;copyright&quot;:&quot;&quot;,&quot;focal_length&quot;:&quot;60&quot;,&quot;iso&quot;:&quot;500&quot;,&quot;shutter_speed&quot;:&quot;0.001&quot;,&quot;title&quot;:&quot;PIC545931143&quot;,&quot;orientation&quot;:&quot;1&quot;}\" data-image-title=\"PIC545931143\" data-image-description=\"\" data-image-caption=\"&lt;p&gt;2015, Tour de France, tappa 04 Seraing &amp;#8211; Cambrai, Giant &amp;#8211; Alpecin 2015, Degenkolb John, Avesnes les Aubert a Carnieres&lt;\/p&gt;\n\" data-large-file=\"https:\/\/i0.wp.com\/aynakol.org\/wp-content\/uploads\/2015\/07\/tdf2015_stage1_degenkolb_and_valverde_in_cobblestones.jpg?fit=860%2C571\" class=\"size-full wp-image-1347\" src=\"https:\/\/i0.wp.com\/aynakol.org\/wp-content\/uploads\/2015\/07\/tdf2015_stage1_degenkolb_and_valverde_in_cobblestones.jpg?resize=860%2C571\" alt=\"2015, Tour de France, tappa 04 Seraing - Cambrai, Giant - Alpecin 2015, Degenkolb John, Avesnes les Aubert a Carnieres\" width=\"860\" height=\"571\" srcset=\"https:\/\/i0.wp.com\/aynakol.org\/wp-content\/uploads\/2015\/07\/tdf2015_stage1_degenkolb_and_valverde_in_cobblestones.jpg?w=1001 1001w, https:\/\/i0.wp.com\/aynakol.org\/wp-content\/uploads\/2015\/07\/tdf2015_stage1_degenkolb_and_valverde_in_cobblestones.jpg?resize=300%2C199 300w, https:\/\/i0.wp.com\/aynakol.org\/wp-content\/uploads\/2015\/07\/tdf2015_stage1_degenkolb_and_valverde_in_cobblestones.jpg?resize=705%2C468 705w\" sizes=\"auto, (max-width: 860px) 100vw, 860px\" \/><\/a><p id=\"caption-attachment-1347\" class=\"wp-caption-text\">2015, Tour de France, tappa 04 Seraing &#8211; Cambrai, Giant &#8211; Alpecin 2015, Degenkolb John, Avesnes les Aubert a Carnieres<\/p><\/div>\n<p>bel\u00e7ika&#8217;dan \u00e7\u0131k\u0131p fransa&#8217;ya girdik. tur evine d\u00f6nd\u00fc.<br \/>\n<a class=\"url\" title=\"https:\/\/pbs.twimg.com\/media\/CJUNnNwW8AABzQA.jpg:large\" href=\"https:\/\/pbs.twimg.com\/media\/CJUNnNwW8AABzQA.jpg:large\" target=\"_blank\" rel=\"nofollow\">https:\/\/pbs.twimg.com\/\u2026ia\/cjunnnww8aabzqa.jpg:large<\/a><\/p>\n<p>80.7 km kala ufak bir kaza oldu, herkes iyi.<br \/>\n<a class=\"url\" title=\"https:\/\/pbs.twimg.com\/media\/CJUOeK2WgAAeLsW.png:large\" href=\"https:\/\/pbs.twimg.com\/media\/CJUOeK2WgAAeLsW.png:large\" target=\"_blank\" rel=\"nofollow\">https:\/\/pbs.twimg.com\/\u2026ia\/cjuoek2wgaaelsw.png:large<\/a><br \/>\n<a class=\"url\" title=\"https:\/\/pbs.twimg.com\/media\/CJUPKffWEAAuLdl.jpg:large\" href=\"https:\/\/pbs.twimg.com\/media\/CJUPKffWEAAuLdl.jpg:large\" target=\"_blank\" rel=\"nofollow\">https:\/\/pbs.twimg.com\/\u2026ia\/cjupkffweaauldl.jpg:large<\/a><\/p>\n<p>80 km kala fark 2.34 dk ve ya\u011fmur biraz daha artmaya ba\u015flad\u0131.<br \/>\n<a class=\"url\" title=\"https:\/\/pbs.twimg.com\/media\/CJUOenvUAAAo0yo.jpg:large\" href=\"https:\/\/pbs.twimg.com\/media\/CJUOenvUAAAo0yo.jpg:large\" target=\"_blank\" rel=\"nofollow\">https:\/\/pbs.twimg.com\/\u2026ia\/cjuoenvuaaao0yo.jpg:large<\/a><\/p>\n<p>74.6 km kala <a class=\"b\" href=\"https:\/\/eksisozluk.com\/?q=alexis+vuillermoz\">alexis vuillermoz<\/a> bisiklet de\u011fi\u015ftirdi.<\/p>\n<p>70 km kala fark 3 dk.<\/p>\n<p>1265 y\u0131l\u0131ndan kalma rametz \u015fatosu ge\u00e7ildi arada.<br \/>\n<a class=\"url\" title=\"https:\/\/pbs.twimg.com\/media\/CJUSod_WIAAQmpz.jpg:large\" href=\"https:\/\/pbs.twimg.com\/media\/CJUSod_WIAAQmpz.jpg:large\" target=\"_blank\" rel=\"nofollow\">https:\/\/pbs.twimg.com\/\u2026ia\/cjusod_wiaaqmpz.jpg:large<\/a><\/p>\n<p>60 km kala fark 2.55 dk.<\/p>\n<p>2. sekt\u00f6re yakla\u015f\u0131rken, 55 km kala ya\u011fmur biraz daha fazlala\u015ft\u0131. \u00f6nceden ufaktan serpi\u015ftiriyordu ama art\u0131k ya\u011f\u0131yor. \u00fcst \u00fcste pave sekt\u00f6rlerden ge\u00e7ilecek. oralarda \u00e7apraz r\u00fczgarlar bekleniyor.<\/p>\n<p>peloton h\u0131zland\u0131. 52 km kala d\u00f6n\u00fc\u015fte astanal\u0131 biri d\u00fc\u015ft\u00fc. dan martin de d\u00fc\u015fm\u00fc\u015f.<br \/>\n<a class=\"url\" title=\"https:\/\/twitter.com\/FannyT_LN\/status\/618426932070383616\" href=\"https:\/\/twitter.com\/FannyT_LN\/status\/618426932070383616\" target=\"_blank\" rel=\"nofollow\">https:\/\/twitter.com\/\u2026t_ln\/status\/618426932070383616<\/a><br \/>\n<a class=\"url\" title=\"https:\/\/pbs.twimg.com\/media\/CJUX6KUWcAAeNKP.jpg\" href=\"https:\/\/pbs.twimg.com\/media\/CJUX6KUWcAAeNKP.jpg\" target=\"_blank\" rel=\"nofollow\">https:\/\/pbs.twimg.com\/media\/cjux6kuwcaaenkp.jpg<\/a><br \/>\n<a class=\"url\" title=\"https:\/\/pbs.twimg.com\/media\/CJUX_dKWgAAfSTq.jpg\" href=\"https:\/\/pbs.twimg.com\/media\/CJUX_dKWgAAfSTq.jpg\" target=\"_blank\" rel=\"nofollow\">https:\/\/pbs.twimg.com\/media\/cjux_dkwgaafstq.jpg<\/a><\/p>\n<p>richie porte geriye d\u00fc\u015fmeye ba\u015flad\u0131. 50 km kala fark 1.11 dk.<\/p>\n<p>alex dowsett bir sorun ya\u015fad\u0131.<br \/>\n<a class=\"url\" title=\"https:\/\/pbs.twimg.com\/media\/CJUYiGfXAAAna0B.jpg\" href=\"https:\/\/pbs.twimg.com\/media\/CJUYiGfXAAAna0B.jpg\" target=\"_blank\" rel=\"nofollow\">https:\/\/pbs.twimg.com\/media\/cjuyigfxaaana0b.jpg<\/a><\/p>\n<p>46 km kala 6 nolu sekt\u00f6r, yani <a class=\"b\" href=\"https:\/\/eksisozluk.com\/?q=d%27artres+a+famara\">d&#8217;artres a famara<\/a> (1200 m uzunluk) sekt\u00f6r\u00fc ba\u015flad\u0131. \u00e7apraz r\u00fczgar, toz toprak ba\u015flad\u0131. peloton uzad\u0131.<br \/>\n<a class=\"url\" title=\"https:\/\/twitter.com\/SocialPeloton\/status\/618432590215680000\" href=\"https:\/\/twitter.com\/SocialPeloton\/status\/618432590215680000\" target=\"_blank\" rel=\"nofollow\">https:\/\/twitter.com\/\u2026oton\/status\/618432590215680000<\/a><br \/>\n<a class=\"url\" title=\"https:\/\/pbs.twimg.com\/media\/CJUZfpMWcAA2uHL.jpg\" href=\"https:\/\/pbs.twimg.com\/media\/CJUZfpMWcAA2uHL.jpg\" target=\"_blank\" rel=\"nofollow\">https:\/\/pbs.twimg.com\/media\/cjuzfpmwcaa2uhl.jpg<\/a><br \/>\n<a class=\"url\" title=\"https:\/\/pbs.twimg.com\/media\/CJUZptqWoAAarJT.jpg\" href=\"https:\/\/pbs.twimg.com\/media\/CJUZptqWoAAarJT.jpg\" target=\"_blank\" rel=\"nofollow\">https:\/\/pbs.twimg.com\/media\/cjuzptqwoaaarjt.jpg<\/a><\/p>\n<p>peloton deli bir tempo yap\u0131yor. favoriler \u00f6nde.<\/p>\n<p>peloton 40.5 km kala liderleri yakalad\u0131 ve 5 nolu sekt\u00f6r, <a class=\"b\" href=\"https:\/\/eksisozluk.com\/?q=de+verchain-maugr%c3%a9+%c3%a0+qu%c3%a9r%c3%a9naing\">de verchain-maugr\u00e9 \u00e0 qu\u00e9r\u00e9naing<\/a> (1600 m uzunluk) sekt\u00f6r\u00fc ba\u015flad\u0131.<\/p>\n<p>astana \u00f6ne \u00e7\u0131kt\u0131. astana&#8217;dan lars boom ve nibali pave&#8217;de atak yapt\u0131, gidiyor. frome pe\u015flerine tak\u0131ld\u0131 ve yakalad\u0131. peloton iyice uzad\u0131.<br \/>\n<a class=\"url\" title=\"https:\/\/pbs.twimg.com\/media\/CJUbf2FWsAESN5x.png\" href=\"https:\/\/pbs.twimg.com\/media\/CJUbf2FWsAESN5x.png\" target=\"_blank\" rel=\"nofollow\">https:\/\/pbs.twimg.com\/media\/cjubf2fwsaesn5x.png<\/a><br \/>\n<a class=\"url\" title=\"https:\/\/pbs.twimg.com\/media\/CJUbeG6WEAA_uTv.jpg\" href=\"https:\/\/pbs.twimg.com\/media\/CJUbeG6WEAA_uTv.jpg\" target=\"_blank\" rel=\"nofollow\">https:\/\/pbs.twimg.com\/media\/cjubeg6weaa_utv.jpg<\/a><\/p>\n<p>35.8 km kala 4 nolu sekt\u00f6r, yani <a class=\"b\" href=\"https:\/\/eksisozluk.com\/?q=de+verchain-maugre+a+saulzoir\">de verchain-maugre a saulzoir<\/a> (1200 m) sekt\u00f6r\u00fc ba\u015flad\u0131.<br \/>\n<a class=\"url\" title=\"https:\/\/pbs.twimg.com\/media\/CJUcuBWWUAQmX-T.jpg\" href=\"https:\/\/pbs.twimg.com\/media\/CJUcuBWWUAQmX-T.jpg\" target=\"_blank\" rel=\"nofollow\">https:\/\/pbs.twimg.com\/media\/cjucubwwuaqmx-t.jpg<\/a><\/p>\n<p>alexander kristoff lastik patlatm\u0131\u015f.<\/p>\n<p>lars boom, mekanik problem ya\u015fam\u0131\u015f.<\/p>\n<p>30 km kala astana 5 ki\u015fi ile \u00f6nde gidiyor. froome&#8217;u geriye d\u00fc\u015f\u00fcr\u00fcp nibali i\u00e7in zaman kazanmaya \u00e7al\u0131\u015facaklar. di\u011fer grup 20 sn kadar geriden geliyor.<\/p>\n<p>r\u00fczgar \u00e7ok g\u00fc\u00e7l\u00fc. \u00f6ndeki grubu ne zaman par\u00e7alayacak acaba?<br \/>\n<a class=\"url\" title=\"https:\/\/pbs.twimg.com\/media\/CJUei9CWUAE4Ykb.jpg\" href=\"https:\/\/pbs.twimg.com\/media\/CJUei9CWUAE4Ykb.jpg\" target=\"_blank\" rel=\"nofollow\">https:\/\/pbs.twimg.com\/media\/cjuei9cwuae4ykb.jpg<\/a><\/p>\n<p>katusha&#8217;l\u0131 az daha froome&#8217;u d\u00fc\u015f\u00fcr\u00fcyordu. 26.1 km kala peraud geriye d\u00fc\u015fmeye ba\u015flad\u0131.<\/p>\n<p>26.5 km kala, 3 nolu sekt\u00f6r, yani <a class=\"b\" href=\"https:\/\/eksisozluk.com\/?q=saint+python\">saint python<\/a> (1500 m uzunluk) sekt\u00f6r\u00fc ba\u015flad\u0131.<\/p>\n<p>vincenzo nibali \u00f6ne \u00e7\u0131kt\u0131. john degenkolb arkas\u0131nda. froome ve quinatana biraz geride kald\u0131.<\/p>\n<p>24.5 km kala sekt\u00f6r bitti. froome yine kopmad\u0131. sky&#8217;dan ian stannard geride kald\u0131 ama.<\/p>\n<p>24 km kala tinkoff \u00f6ne \u00e7\u0131kt\u0131.<\/p>\n<p>23.5 km kala 2 nolu sekt\u00f6r, yani 3700 metrelik <a class=\"b\" href=\"https:\/\/eksisozluk.com\/?q=de+fontaine-au-tertre+a+quievy\">de fontaine-au-tertre a quievy<\/a> sekt\u00f6r\u00fc ba\u015flad\u0131. burada bir \u015feyler olabilir.<br \/>\n<a class=\"url\" title=\"https:\/\/pbs.twimg.com\/media\/CJUgODPW8AAcc28.jpg\" href=\"https:\/\/pbs.twimg.com\/media\/CJUgODPW8AAcc28.jpg\" target=\"_blank\" rel=\"nofollow\">https:\/\/pbs.twimg.com\/media\/cjugodpw8aacc28.jpg<\/a><\/p>\n<p>rolland grubu, 21.3 km kala \u00f6ndekilerin 1 dakika kadar gerisinde.<\/p>\n<p>21.1 km kala pinot geriye d\u00fc\u015fmeye ba\u015flad\u0131. toz toprak burada da var. pinot&#8217;un lasti\u011fi patlad\u0131.<\/p>\n<p>sagan \u00f6ne geldi, contador&#8217;a destek oluyor. froome conti&#8217;nin arkas\u0131na geldi.<\/p>\n<p>pinot inan\u0131lmaz sinirli. teknik ekibe ba\u011f\u0131r\u0131yor. hem etap hem tur bitti onun i\u00e7in. bir lastik sorunu i\u015fini bitirdi.<br \/>\n<a class=\"url\" title=\"https:\/\/pbs.twimg.com\/media\/CJUhbPWXAAAFN81.png\" href=\"https:\/\/pbs.twimg.com\/media\/CJUhbPWXAAAFN81.png\" target=\"_blank\" rel=\"nofollow\">https:\/\/pbs.twimg.com\/media\/cjuhbpwxaaafn81.png<\/a><\/p>\n<p>sep vanmarcke, lasitk patlatm\u0131\u015f.<\/p>\n<p>tony martin sorun ya\u015fad\u0131. arkada\u015f\u0131n\u0131n bisikletini ald\u0131. \u00f6ne yeti\u015fmeye \u00e7al\u0131\u015f\u0131yor.<\/p>\n<p>pinot inan\u0131lmaz sinirli. bisikleti yere vurdu. bisikletini de\u011fi\u015ftirmek i\u00e7in bekliyor. hayal k\u0131r\u0131kl\u0131\u011f\u0131 b\u00fcy\u00fck. 17.7 km kala 2.15 dk kadar geriye d\u00fc\u015ft\u00fc zaten. rolland grubu 1.26 dk geride.<br \/>\n<a class=\"url\" title=\"https:\/\/pbs.twimg.com\/media\/CJUh82oWgAQP5e7.png\" href=\"https:\/\/pbs.twimg.com\/media\/CJUh82oWgAQP5e7.png\" target=\"_blank\" rel=\"nofollow\">https:\/\/pbs.twimg.com\/media\/cjuh82owgaqp5e7.png<\/a><\/p>\n<p>tak\u0131m\u0131 pinot&#8217;u ta\u015f\u0131yor ama \u00e7ok geride.<\/p>\n<p>15.5 km kala tony martin lider grubu yakalad\u0131.<\/p>\n<p>14.5 km kala pinot, rolland grubunu yakalad\u0131.<\/p>\n<p>14 km kala nicolas roche&#8217;lu sky \u00f6nde grubu \u00e7ekiyor.<\/p>\n<p>13 km kala 1 nolu sekt\u00f6r, yani <a class=\"b\" href=\"https:\/\/eksisozluk.com\/?q=d%27avesnes-les-aubert+a+carnieres\">d&#8217;avesnes-les-aubert a carnieres<\/a> (2300 m uzunluk) sekt\u00f6r\u00fc ba\u015flad\u0131.<\/p>\n<p>12 km kala nibali \u00f6ne \u00e7\u0131kt\u0131. \u015fimdilik kopamad\u0131. toz toprak kalk\u0131yor.<\/p>\n<p>11.2 km kala zdenek stybar, \u00f6ne \u00e7\u0131kt\u0131. froome nibali&#8217;nin ensesinde.<\/p>\n<p>froome atak yapt\u0131.<\/p>\n<p>geraint thomas, froome&#8217;u \u00e7ok \u00e7ok iyi ta\u015f\u0131d\u0131 ve 10.5 km kala sekt\u00f6r\u00fc bitirdi.<\/p>\n<p>stybar, van avermaet, thomas, froome, tejay, nibali ve degenkolb, ufak bir grup olu\u015fturdu.<\/p>\n<p>9.2 km kala froome \u00f6ne \u00e7\u0131kt\u0131. olduk\u00e7a agresif.<\/p>\n<p>7.7 km kala tinkoff&#8217;un \u00e7al\u0131\u015fmas\u0131 ile favoriler bir araya geldi.<\/p>\n<p>froome, van garderen, van avermaet, thomas, stybar, valverde, degenkolb, nibali, contador, sagan, gallopin, quintana, tony martin, rodriguez, bardet, chavanel, delaplace, schar, wyss, vanmarcke, cavendish, voeckler, bryan coquard, bouhanni gibi isimlerin oldu\u011fu 26 ki\u015filik lider bir grup var.<\/p>\n<p>3.3 km kala tony martin f\u0131rlad\u0131. sar\u0131 mayoyu istiyor. kimse takip etmiyor. bu adam teknik sorun y\u00fcz\u00fcnden geriye d\u00fc\u015ft\u00fc ama tak\u0131m arkada\u015flar\u0131 \u00f6ne ta\u015f\u0131d\u0131 ve \u015fimdi lider.<br \/>\n<a class=\"url\" title=\"https:\/\/pbs.twimg.com\/media\/CJUmuyHVAAARwHd.jpg\" href=\"https:\/\/pbs.twimg.com\/media\/CJUmuyHVAAARwHd.jpg\" target=\"_blank\" rel=\"nofollow\">https:\/\/pbs.twimg.com\/media\/cjumuyhvaaarwhd.jpg<\/a><\/p>\n<p>martin son km&#8217;ye girdi. etaba ve sar\u0131 mayoya gitti.<\/p>\n<p>geliyorlar ama tony martin etab\u0131 almaya gidiyor ve etab\u0131 al\u0131yor. sar\u0131 mayoyu s\u0131rt\u0131na ge\u00e7iyor. 3 g\u00fcnd\u00fcr ka\u00e7\u0131rd\u0131\u011f\u0131 sar\u0131y\u0131 almay\u0131 ba\u015fard\u0131. olduk\u00e7a mutlu, g\u00fcl\u00fcyor.<br \/>\n<a class=\"url\" title=\"https:\/\/pbs.twimg.com\/media\/CJUnNuWWwAADxyM.jpg\" href=\"https:\/\/pbs.twimg.com\/media\/CJUnNuWWwAADxyM.jpg\" target=\"_blank\" rel=\"nofollow\">https:\/\/pbs.twimg.com\/media\/cjunnuwwwaadxym.jpg<\/a><br \/>\n<a class=\"url\" title=\"https:\/\/pbs.twimg.com\/media\/CJUnUipWsAA9XGC.png\" href=\"https:\/\/pbs.twimg.com\/media\/CJUnUipWsAA9XGC.png\" target=\"_blank\" rel=\"nofollow\">https:\/\/pbs.twimg.com\/media\/cjunuipwsaa9xgc.png<\/a><br \/>\n<a class=\"url\" title=\"https:\/\/twitter.com\/letour\/status\/618444129975037952\" href=\"https:\/\/twitter.com\/letour\/status\/618444129975037952\" target=\"_blank\" rel=\"nofollow\">https:\/\/twitter.com\/\u2026tour\/status\/618444129975037952<\/a><\/p>\n<p>matteo trentin&#8217;in bisikletini al\u0131p etab\u0131 kazanmas\u0131 da ba\u015fka bir g\u00fczel olay.<\/p>\n<p>team sky, sar\u0131 mayo i\u00e7in u\u011fra\u015fmad\u0131. bu kadar erken almak istemiyorlard\u0131, vermek istiyorlard\u0131 ve istediklerini ald\u0131lar.<\/p>\n<p>g\u00fcn\u00fcn en b\u00fcy\u00fck kaybedeni pinot oldu. genel klasman \u015fans\u0131 kalmad\u0131.<\/p><\/blockquote>\n<p>&nbsp;<\/p>\n","protected":false},"excerpt":{"rendered":"<p>4. etap incelemesine ge\u00e7meden \u00f6nce k\u0131sa bir \u00f6zet ge\u00e7elim. Sar\u0131 mayo Cancellara&#8217;ya hi\u00e7 ama hi\u00e7 u\u011furlu gelmedi: etab\u0131n bitimine 52 km kala ya\u015fanan b\u00fcy\u00fck kazada [&#8230;]<\/p>\n","protected":false},"author":1,"featured_media":1300,"comment_status":"open","ping_status":"open","sticky":false,"template":"","format":"standard","meta":{"jetpack_post_was_ever_published":false,"_jetpack_newsletter_access":"","_jetpack_dont_email_post_to_subs":false,"_jetpack_newsletter_tier_id":0,"_jetpack_memberships_contains_paywalled_content":false,"_jetpack_memberships_contains_paid_content":false,"footnotes":"","jetpack_publicize_message":"","jetpack_publicize_feature_enabled":true,"jetpack_social_post_already_shared":true,"jetpack_social_options":{"image_generator_settings":{"template":"highway","default_image_id":0,"font":"","enabled":false},"version":2}},"categories":[92,89],"tags":[19,65,24,17,43,26,567,83,473,707,150,492,151,459,485,22,224,838,647,581,49,648,836,85,136,835,35,20,30,18,497,34,164,837],"class_list":["post-1331","post","type-post","status-publish","format-standard","has-post-thumbnail","hentry","category-grand","category-tour","tag-alberto-contador","tag-alejandro-valverde","tag-astana","tag-bisiklet-turu","tag-bmc","tag-chris-froome","tag-chriss-froome","tag-contador","tag-etixx-quick-step","tag-etixx-quickstep","tag-fransa-bisiklet-turu","tag-jonh-degenkolb","tag-le-tour","tag-maillot-jaune","tag-mark-cavendish","tag-movistar","tag-nibali","tag-panzerwagen","tag-paris-roubaix","tag-pave","tag-philippe-gilbert","tag-roubaix","tag-sari-mayo","tag-sky-team","tag-specialized","tag-spring-classic","tag-tdf","tag-team-sky","tag-tinkoff","tag-tinkoff-saxo","tag-tony-martin","tag-tour-de-france","tag-uci","tag-yellow-jersey"],"jetpack_publicize_connections":[],"jetpack_featured_media_url":"https:\/\/i0.wp.com\/aynakol.org\/wp-content\/uploads\/2015\/07\/Banner2_Tour.jpg?fit=2000%2C650","jetpack_sharing_enabled":true,"jetpack_shortlink":"https:\/\/wp.me\/p51p4O-lt","jetpack_likes_enabled":true,"jetpack-related-posts":[{"id":1427,"url":"http:\/\/aynakol.org\/?p=1427","url_meta":{"origin":1331,"position":0},"title":"#TDF2015 10. G\u00fcn: Dinlenme G\u00fcn\u00fc","author":"Ayd\u0131n Bez","date":"13 Temmuz 2015","format":false,"excerpt":"Geride b\u0131rakt\u0131\u011f\u0131m\u0131z 9 etapta pelotonun ba\u015f\u0131na neler gelmedi ki? \u00d6nce s\u0131cak, \u00e7ok s\u0131cak derken bireysel zamana kar\u015f\u0131 etab\u0131nda ard\u0131ndan tanr\u0131lar sesini duymu\u015f olmal\u0131 ki ikinci etap \u00e7apraz ve sert r\u00fczgarlarla bo\u011fu\u015ftu peloton. \u00dc\u00e7\u00fcnc\u00fc etapta ya\u015fanan b\u00fcy\u00fck kaza dengesini alt \u00fcst ederken herkesin etap sonunda tak\u0131mlar cehennemden sa\u011f \u00e7\u0131kanlar\u0131 iyile\u015ftirmek i\u00e7in\u2026","rel":"","context":"&quot;Grand Tour&quot; i\u00e7inde","block_context":{"text":"Grand Tour","link":"http:\/\/aynakol.org\/?cat=92"},"img":{"alt_text":"","src":"https:\/\/i0.wp.com\/aynakol.org\/wp-content\/uploads\/2015\/07\/Banner2_Tour.jpg?fit=1200%2C390&resize=350%2C200","width":350,"height":200,"srcset":"https:\/\/i0.wp.com\/aynakol.org\/wp-content\/uploads\/2015\/07\/Banner2_Tour.jpg?fit=1200%2C390&resize=350%2C200 1x, https:\/\/i0.wp.com\/aynakol.org\/wp-content\/uploads\/2015\/07\/Banner2_Tour.jpg?fit=1200%2C390&resize=525%2C300 1.5x, https:\/\/i0.wp.com\/aynakol.org\/wp-content\/uploads\/2015\/07\/Banner2_Tour.jpg?fit=1200%2C390&resize=700%2C400 2x, https:\/\/i0.wp.com\/aynakol.org\/wp-content\/uploads\/2015\/07\/Banner2_Tour.jpg?fit=1200%2C390&resize=1050%2C600 3x"},"classes":[]},{"id":1309,"url":"http:\/\/aynakol.org\/?p=1309","url_meta":{"origin":1331,"position":1},"title":"#TdF2015 2. Etap: Utrecht \u2192 Z\u00e9lande","author":"Ayd\u0131n Bez","date":"5 Temmuz 2015","format":false,"excerpt":"1. Etab\u0131n \u00d6zeti Zamana kar\u015f\u0131 olarak pedallanan a\u00e7\u0131l\u0131\u015f etab\u0131n\u0131 BMC tak\u0131m\u0131n\u0131n gen\u00e7 y\u0131ld\u0131z\u0131 bir Saat Rekortmeni Rohan Dennis Le Tour'un en h\u0131zl\u0131 ortalamas\u0131yla kazan\u0131rken 2. etaba sar\u0131 mayoyu s\u0131rt\u0131nta ta\u015f\u0131yarak ba\u015flayacak. As\u0131l \u015fa\u015f\u0131rt\u0131c\u0131 olan ise Tony Martin ve Fabian Cancellara'n\u0131n Dennis'in geride kalmas\u0131 ve FC favorilerinin bekleneni zamana kar\u015f\u0131 etab\u0131nda\u2026","rel":"","context":"&quot;Grand Tour&quot; i\u00e7inde","block_context":{"text":"Grand Tour","link":"http:\/\/aynakol.org\/?cat=92"},"img":{"alt_text":"","src":"https:\/\/i0.wp.com\/aynakol.org\/wp-content\/uploads\/2015\/07\/Banner2_Tour.jpg?fit=1200%2C390&resize=350%2C200","width":350,"height":200,"srcset":"https:\/\/i0.wp.com\/aynakol.org\/wp-content\/uploads\/2015\/07\/Banner2_Tour.jpg?fit=1200%2C390&resize=350%2C200 1x, https:\/\/i0.wp.com\/aynakol.org\/wp-content\/uploads\/2015\/07\/Banner2_Tour.jpg?fit=1200%2C390&resize=525%2C300 1.5x, https:\/\/i0.wp.com\/aynakol.org\/wp-content\/uploads\/2015\/07\/Banner2_Tour.jpg?fit=1200%2C390&resize=700%2C400 2x, https:\/\/i0.wp.com\/aynakol.org\/wp-content\/uploads\/2015\/07\/Banner2_Tour.jpg?fit=1200%2C390&resize=1050%2C600 3x"},"classes":[]},{"id":1297,"url":"http:\/\/aynakol.org\/?p=1297","url_meta":{"origin":1331,"position":2},"title":"#TdF2015 1. Etap: Utrecht \u2192 Utrecht","author":"Ayd\u0131n Bez","date":"3 Temmuz 2015","format":false,"excerpt":"Bisiklet d\u00fcnyas\u0131n\u0131n en heyecan verici organizasyonu le Tour de France (Tdf, @letour) 102. kez bizlere merhaba diyor! Ge\u00e7en seneye dair k\u0131sa bir hat\u0131rlatma: Sar\u0131 Mayo: \u0130talyan Vincenzo Nibali (Astana) Ye\u015fil Mayo: Slovak Peter Sagan (Cannondale) Da\u011flar\u0131n Kral\u0131: Polonyal\u0131 Rafal Majka (Tinkoff-Saxo) Beyaz Mayo: Frans\u0131z Thibaut Pinot (FDJ.fr) Etap hakk\u0131nda Le\u2026","rel":"","context":"&quot;Tour de France&quot; i\u00e7inde","block_context":{"text":"Tour de France","link":"http:\/\/aynakol.org\/?cat=89"},"img":{"alt_text":"","src":"https:\/\/i0.wp.com\/aynakol.org\/wp-content\/uploads\/2015\/07\/tdf2015_stage1_winner_rohan_dennis.jpg?resize=350%2C200","width":350,"height":200,"srcset":"https:\/\/i0.wp.com\/aynakol.org\/wp-content\/uploads\/2015\/07\/tdf2015_stage1_winner_rohan_dennis.jpg?resize=350%2C200 1x, https:\/\/i0.wp.com\/aynakol.org\/wp-content\/uploads\/2015\/07\/tdf2015_stage1_winner_rohan_dennis.jpg?resize=525%2C300 1.5x, https:\/\/i0.wp.com\/aynakol.org\/wp-content\/uploads\/2015\/07\/tdf2015_stage1_winner_rohan_dennis.jpg?resize=700%2C400 2x"},"classes":[]},{"id":1321,"url":"http:\/\/aynakol.org\/?p=1321","url_meta":{"origin":1331,"position":3},"title":"#tdf2015 3. etap: Antwerp \u2192 Huy","author":"Ayd\u0131n Bez","date":"6 Temmuz 2015","format":false,"excerpt":"3. etaba ba\u015flamadan \u00f6nce d\u00fcnk\u00fc Zeeland'da biten etapta neler olmu\u015f okuyabilirsiniz: #tdf2015 2. etap: Utrecth - Zelande Ya\u011fmur, r\u00fczgar ve g\u00f6zya\u015f\u0131 #LeTour Hollanda topraklar\u0131ndan \u00e7\u0131k\u0131p Bel\u00e7ikaya uzan\u0131yor. Antwerp \u2192 Huy aras\u0131nda pedallanacak 160 km uzunlu\u011fundaki etap efsanevi Muy de Huy duvar\u0131na sona erecek. Etab\u0131n 105 km'si d\u00fcz say\u0131labilecek bir profile\u2026","rel":"","context":"&quot;Grand Tour&quot; i\u00e7inde","block_context":{"text":"Grand Tour","link":"http:\/\/aynakol.org\/?cat=92"},"img":{"alt_text":"","src":"https:\/\/i0.wp.com\/aynakol.org\/wp-content\/uploads\/2015\/07\/Banner2_Tour.jpg?fit=1200%2C390&resize=350%2C200","width":350,"height":200,"srcset":"https:\/\/i0.wp.com\/aynakol.org\/wp-content\/uploads\/2015\/07\/Banner2_Tour.jpg?fit=1200%2C390&resize=350%2C200 1x, https:\/\/i0.wp.com\/aynakol.org\/wp-content\/uploads\/2015\/07\/Banner2_Tour.jpg?fit=1200%2C390&resize=525%2C300 1.5x, https:\/\/i0.wp.com\/aynakol.org\/wp-content\/uploads\/2015\/07\/Banner2_Tour.jpg?fit=1200%2C390&resize=700%2C400 2x, https:\/\/i0.wp.com\/aynakol.org\/wp-content\/uploads\/2015\/07\/Banner2_Tour.jpg?fit=1200%2C390&resize=1050%2C600 3x"},"classes":[]},{"id":1417,"url":"http:\/\/aynakol.org\/?p=1417","url_meta":{"origin":1331,"position":4},"title":"#TDF2015 9. Etap: Vannes \u2192 Plumelec, 28 km (TTT)","author":"Ayd\u0131n Bez","date":"12 Temmuz 2015","format":false,"excerpt":"Bug\u00fcn pedallanacak 28 km uzunlu\u011fundaki Vannes \u2192 Plumelec aras\u0131ndaki etap tak\u0131m zamana kar\u015f\u0131. Ge\u00e7ti\u011fimiz sene Le Tour yar\u0131\u015f takvimi a\u00e7\u0131kland\u0131\u011f\u0131nda bir\u00e7ok ki\u015fi TTT etab\u0131n\u0131n ilk haftalarda olmas\u0131 gerekti\u011fi konusunda g\u00f6r\u00fc\u015f bildirirken ASO bildi\u011finden \u015fa\u015fmad\u0131 ve huzurlar\u0131n\u0131zda Team Time Trial! \u0130\u015fin garibi \u015fu ki, ge\u00e7ti\u011fimiz son \u00fc\u00e7 etap bug\u00fcn pedallanacak tak\u0131m\u2026","rel":"","context":"&quot;Grand Tour&quot; i\u00e7inde","block_context":{"text":"Grand Tour","link":"http:\/\/aynakol.org\/?cat=92"},"img":{"alt_text":"","src":"https:\/\/i0.wp.com\/aynakol.org\/wp-content\/uploads\/2015\/07\/tdf2015_stage9_winner_team_bmc.jpg?resize=350%2C200","width":350,"height":200,"srcset":"https:\/\/i0.wp.com\/aynakol.org\/wp-content\/uploads\/2015\/07\/tdf2015_stage9_winner_team_bmc.jpg?resize=350%2C200 1x, https:\/\/i0.wp.com\/aynakol.org\/wp-content\/uploads\/2015\/07\/tdf2015_stage9_winner_team_bmc.jpg?resize=525%2C300 1.5x"},"classes":[]},{"id":1388,"url":"http:\/\/aynakol.org\/?p=1388","url_meta":{"origin":1331,"position":5},"title":"#TDF2015 7. Etap: Livarot \u2192 Foug\u00e8res, 191 km","author":"Ayd\u0131n Bez","date":"10 Temmuz 2015","format":false,"excerpt":"7. etap incelemesine ge\u00e7meden \u00f6nce k\u0131sa bir \u00f6zet: Etixx-QuickStep ayn\u0131 g\u00fcnde hem sevindi hem \u00fcz\u00fcld\u00fc. Sevindi, \u00e7\u00fcnk\u00fc etab\u0131 Zdenek Stybar son 500 metre kala yapt\u0131\u011f\u0131 atakla kazan\u0131rken, \u00fcz\u00fcld\u00fcler, \u00e7\u00fcnk\u00fc Sar\u0131 Mayoyu ta\u015f\u0131yan Tony Martin'in bitime son 900 metre kala ge\u00e7irdi\u011fi kaza sonras\u0131 k\u0131r\u0131lan k\u00f6p\u00fcrc\u00fck kemi\u011fi y\u00fcz\u00fcnden Turu b\u0131rakt\u0131. D\u00fcnk\u00fc etapta\u2026","rel":"","context":"&quot;Grand Tour&quot; i\u00e7inde","block_context":{"text":"Grand Tour","link":"http:\/\/aynakol.org\/?cat=92"},"img":{"alt_text":"","src":"https:\/\/i0.wp.com\/aynakol.org\/wp-content\/uploads\/2015\/07\/Banner2_Tour.jpg?fit=1200%2C390&resize=350%2C200","width":350,"height":200,"srcset":"https:\/\/i0.wp.com\/aynakol.org\/wp-content\/uploads\/2015\/07\/Banner2_Tour.jpg?fit=1200%2C390&resize=350%2C200 1x, https:\/\/i0.wp.com\/aynakol.org\/wp-content\/uploads\/2015\/07\/Banner2_Tour.jpg?fit=1200%2C390&resize=525%2C300 1.5x, https:\/\/i0.wp.com\/aynakol.org\/wp-content\/uploads\/2015\/07\/Banner2_Tour.jpg?fit=1200%2C390&resize=700%2C400 2x, https:\/\/i0.wp.com\/aynakol.org\/wp-content\/uploads\/2015\/07\/Banner2_Tour.jpg?fit=1200%2C390&resize=1050%2C600 3x"},"classes":[]}],"_links":{"self":[{"href":"http:\/\/aynakol.org\/index.php?rest_route=\/wp\/v2\/posts\/1331","targetHints":{"allow":["GET"]}}],"collection":[{"href":"http:\/\/aynakol.org\/index.php?rest_route=\/wp\/v2\/posts"}],"about":[{"href":"http:\/\/aynakol.org\/index.php?rest_route=\/wp\/v2\/types\/post"}],"author":[{"embeddable":true,"href":"http:\/\/aynakol.org\/index.php?rest_route=\/wp\/v2\/users\/1"}],"replies":[{"embeddable":true,"href":"http:\/\/aynakol.org\/index.php?rest_route=%2Fwp%2Fv2%2Fcomments&post=1331"}],"version-history":[{"count":8,"href":"http:\/\/aynakol.org\/index.php?rest_route=\/wp\/v2\/posts\/1331\/revisions"}],"predecessor-version":[{"id":1356,"href":"http:\/\/aynakol.org\/index.php?rest_route=\/wp\/v2\/posts\/1331\/revisions\/1356"}],"wp:featuredmedia":[{"embeddable":true,"href":"http:\/\/aynakol.org\/index.php?rest_route=\/wp\/v2\/media\/1300"}],"wp:attachment":[{"href":"http:\/\/aynakol.org\/index.php?rest_route=%2Fwp%2Fv2%2Fmedia&parent=1331"}],"wp:term":[{"taxonomy":"category","embeddable":true,"href":"http:\/\/aynakol.org\/index.php?rest_route=%2Fwp%2Fv2%2Fcategories&post=1331"},{"taxonomy":"post_tag","embeddable":true,"href":"http:\/\/aynakol.org\/index.php?rest_route=%2Fwp%2Fv2%2Ftags&post=1331"}],"curies":[{"name":"wp","href":"https:\/\/api.w.org\/{rel}","templated":true}]}}