{"id":1341,"date":"2015-07-08T10:07:00","date_gmt":"2015-07-08T07:07:00","guid":{"rendered":"http:\/\/aynakol.org\/?p=1341"},"modified":"2015-07-08T23:14:28","modified_gmt":"2015-07-08T20:14:28","slug":"tdf2015-5-etap-arras-%e2%86%92-amiens-metropole","status":"publish","type":"post","link":"http:\/\/aynakol.org\/?p=1341","title":{"rendered":"#TDF2015 5. Etap: Arras \u2192 Amiens M\u00e9tropole"},"content":{"rendered":"<p>5. etaba ge\u00e7meden \u00f6nce kuzeyin cehenneminin 1\/3 kad\u0131r\u0131n\u0131 ya\u015fatan d\u00fcnk\u00fc etab\u0131n <a href=\"http:\/\/aynakol.org\/?p=1331\" target=\"_blank\">k\u0131sa bir \u00f6zeti:<\/a><\/p>\n<ul>\n<li>Pave sekt\u00f6rleri ya\u011fmur ve \u00e7apraz r\u00fczgarla birle\u015fince pelotonun can\u0131 \u00e7\u0131kt\u0131,<\/li>\n<li>Toz, toprak, \u00e7amur derken ne kadar g\u00fc\u00e7l\u00fc sprinter, zamana kar\u015f\u0131, t\u0131rman\u0131\u015f\u00e7\u0131 varsa \u00f6n gruba tutundu ve biti\u015fe dek birlikte ayn\u0131 saniye ile gerdiler,<\/li>\n<li>D\u00fc\u015fenler, pave yollar\u0131n ortas\u0131nda lastik patladanlar, gelmeyen\u00a0tak\u0131m arabalar\u0131, omuzla\u015fmalar, taktikler, bisiklet de\u011fi\u015ftirenler&#8230;<\/li>\n<li>Etab\u0131n bitmesine 3300 metre kala PanzerWagen Tony Martin son \u00fc\u00e7 g\u00fcnd\u00fcr minicik saniyelerle kaybetti\u011fi sar\u0131 mayoyu almak i\u00e7in solo atak yap\u0131p etab\u0131 da mayoyu da kazand\u0131.<\/li>\n<li><span style=\"background-color: #ffff00;\"><strong>Sar\u0131 mayo\u00a0<\/strong><\/span>Etixx-QuickStep tak\u0131m\u0131n\u0131n ALman pedal\u0131 Tony Martin&#8217;in s\u0131rt\u0131nda!<\/li>\n<\/ul>\n<div id=\"attachment_1348\" style=\"width: 1011px\" class=\"wp-caption alignnone\"><a href=\"https:\/\/i0.wp.com\/aynakol.org\/wp-content\/uploads\/2015\/07\/tdf2015_tony_martin_in_yellow_jersey_1.jpg\"><img data-recalc-dims=\"1\" loading=\"lazy\" decoding=\"async\" aria-describedby=\"caption-attachment-1348\" data-attachment-id=\"1348\" data-permalink=\"http:\/\/aynakol.org\/?attachment_id=1348\" data-orig-file=\"https:\/\/i0.wp.com\/aynakol.org\/wp-content\/uploads\/2015\/07\/tdf2015_tony_martin_in_yellow_jersey_1.jpg?fit=1001%2C666\" data-orig-size=\"1001,666\" data-comments-opened=\"1\" data-image-meta=\"{&quot;aperture&quot;:&quot;5&quot;,&quot;credit&quot;:&quot;&quot;,&quot;camera&quot;:&quot;NIKON D3S&quot;,&quot;caption&quot;:&quot;2015, Tour de France, tappa 04 Seraing - Cambrai, Etixx - Quick Step 2015, Martin Tony, Cambrai&quot;,&quot;created_timestamp&quot;:&quot;1436291443&quot;,&quot;copyright&quot;:&quot;&quot;,&quot;focal_length&quot;:&quot;82&quot;,&quot;iso&quot;:&quot;5600&quot;,&quot;shutter_speed&quot;:&quot;0.002&quot;,&quot;title&quot;:&quot;PIC545966658&quot;,&quot;orientation&quot;:&quot;1&quot;}\" data-image-title=\"PIC545966658\" data-image-description=\"\" data-image-caption=\"&lt;p&gt;2015, Tour de France, tappa 04 Seraing &amp;#8211; Cambrai, Etixx &amp;#8211; Quick Step 2015, Martin Tony, Cambrai&lt;\/p&gt;\n\" data-large-file=\"https:\/\/i0.wp.com\/aynakol.org\/wp-content\/uploads\/2015\/07\/tdf2015_tony_martin_in_yellow_jersey_1.jpg?fit=860%2C572\" class=\"size-full wp-image-1348\" src=\"https:\/\/i0.wp.com\/aynakol.org\/wp-content\/uploads\/2015\/07\/tdf2015_tony_martin_in_yellow_jersey_1.jpg?resize=860%2C572\" alt=\"2015, Tour de France, tappa 04 Seraing - Cambrai, Etixx - Quick Step 2015, Martin Tony, Cambrai\" width=\"860\" height=\"572\" srcset=\"https:\/\/i0.wp.com\/aynakol.org\/wp-content\/uploads\/2015\/07\/tdf2015_tony_martin_in_yellow_jersey_1.jpg?w=1001 1001w, https:\/\/i0.wp.com\/aynakol.org\/wp-content\/uploads\/2015\/07\/tdf2015_tony_martin_in_yellow_jersey_1.jpg?resize=300%2C200 300w, https:\/\/i0.wp.com\/aynakol.org\/wp-content\/uploads\/2015\/07\/tdf2015_tony_martin_in_yellow_jersey_1.jpg?resize=705%2C469 705w\" sizes=\"auto, (max-width: 860px) 100vw, 860px\" \/><\/a><p id=\"caption-attachment-1348\" class=\"wp-caption-text\">2015, Tour de France, tappa 04 Seraing &#8211; Cambrai, Etixx &#8211; Quick Step 2015, Martin Tony, Cambrai<\/p><\/div>\n<p>Bir di\u011fer \u00f6zet de Sarper G\u00fcnsal abimizden tabii ki, <strong><a href=\"http:\/\/sporlocasi.blogspot.com.tr\/2015\/07\/yagmur-ruzgar-ve-gozyas-2-etap.html\" target=\"_blank\">keyifle okuyunuz.<\/a><\/strong><\/p>\n<p>Bir di\u011fer \u00f6zet de Cyclist t\u00fcrkiye Dergisinden:<\/p>\n<p><script>\/\/ <![CDATA[\n(function(d, s, id) {  var js, fjs = d.getElementsByTagName(s)[0];  if (d.getElementById(id)) return;  js = d.createElement(s); js.id = id;  js.src = \"\/\/connect.facebook.net\/tr_TR\/sdk.js#xfbml=1&#038;version=v2.3\";  fjs.parentNode.insertBefore(js, fjs);}(document, 'script', 'facebook-jssdk'));\n\/\/ ]]><\/script><\/p>\n<div class=\"fb-post\" data-href=\"https:\/\/www.facebook.com\/cyclisttr\/posts\/1655476851354762:0\" data-width=\"500\">\n<div class=\"fb-xfbml-parse-ignore\">\n<blockquote cite=\"https:\/\/www.facebook.com\/cyclisttr\/posts\/1655476851354762:0\"><p>\u00dc\u00e7 g\u00fcn \u00fcst \u00fcste sar\u0131 mayoyu ka\u00e7\u0131ran Tony Martin, fini\u015fe 3.1km kala yapt\u0131\u011f\u0131 atakla Cambrai\u2019de amac\u0131na ula\u015ft\u0131. Thibaut&#8230;<\/p>\n<p>Posted by <a href=\"https:\/\/www.facebook.com\/cyclisttr\">Cyclist T\u00fcrkiye<\/a> on\u00a0<a href=\"https:\/\/www.facebook.com\/cyclisttr\/posts\/1655476851354762:0\">7 Temmuz 2015 Sal\u0131<\/a><\/p><\/blockquote>\n<\/div>\n<\/div>\n<p><strong>Etap hakk\u0131nda<\/strong><\/p>\n<p>Art\u0131k Fransa topraklar\u0131 i\u00e7indeyiz. <strong><a href=\"http:\/\/www.letour.fr\/PHOTOS\/TDF\/2015\/500\/carte.pdf\" target=\"_blank\">Arras \u2192 Amiens M\u00e9tropole<\/a><\/strong> kentleri aras\u0131nda pedallanacak 5. etap 190 km uzunlu\u011funda.<\/p>\n<p><a href=\"https:\/\/i0.wp.com\/aynakol.org\/wp-content\/uploads\/2015\/07\/tdf2015_stage5_profile.jpg\"><img data-recalc-dims=\"1\" loading=\"lazy\" decoding=\"async\" data-attachment-id=\"1342\" data-permalink=\"http:\/\/aynakol.org\/?attachment_id=1342\" data-orig-file=\"https:\/\/i0.wp.com\/aynakol.org\/wp-content\/uploads\/2015\/07\/tdf2015_stage5_profile.jpg?fit=1032%2C369\" data-orig-size=\"1032,369\" data-comments-opened=\"1\" data-image-meta=\"{&quot;aperture&quot;:&quot;0&quot;,&quot;credit&quot;:&quot;&quot;,&quot;camera&quot;:&quot;&quot;,&quot;caption&quot;:&quot;&quot;,&quot;created_timestamp&quot;:&quot;0&quot;,&quot;copyright&quot;:&quot;&quot;,&quot;focal_length&quot;:&quot;0&quot;,&quot;iso&quot;:&quot;0&quot;,&quot;shutter_speed&quot;:&quot;0&quot;,&quot;title&quot;:&quot;&quot;,&quot;orientation&quot;:&quot;0&quot;}\" data-image-title=\"tdf2015_stage5_profile\" data-image-description=\"\" data-image-caption=\"\" data-large-file=\"https:\/\/i0.wp.com\/aynakol.org\/wp-content\/uploads\/2015\/07\/tdf2015_stage5_profile.jpg?fit=860%2C307\" class=\"alignnone size-large wp-image-1342\" src=\"https:\/\/i0.wp.com\/aynakol.org\/wp-content\/uploads\/2015\/07\/tdf2015_stage5_profile.jpg?resize=705%2C252\" alt=\"tdf2015_stage5_profile\" width=\"705\" height=\"252\" srcset=\"https:\/\/i0.wp.com\/aynakol.org\/wp-content\/uploads\/2015\/07\/tdf2015_stage5_profile.jpg?resize=1024%2C366 1024w, https:\/\/i0.wp.com\/aynakol.org\/wp-content\/uploads\/2015\/07\/tdf2015_stage5_profile.jpg?resize=300%2C107 300w, https:\/\/i0.wp.com\/aynakol.org\/wp-content\/uploads\/2015\/07\/tdf2015_stage5_profile.jpg?resize=705%2C252 705w, https:\/\/i0.wp.com\/aynakol.org\/wp-content\/uploads\/2015\/07\/tdf2015_stage5_profile.jpg?w=1032 1032w\" sizes=\"auto, (max-width: 705px) 100vw, 705px\" \/><\/a><\/p>\n<p>Son iki g\u00fcnd\u00fcr, \u00fc\u00e7\u00fcnc\u00fc etapta son 15 km de duvarlara t\u0131rmanan, d\u00f6rd\u00fcnc\u00fc etapta pave yollarda toz toprak ve \u00e7apraz r\u00fczgarla bo\u011fu\u015fan, can\u0131 \u00e7\u0131kan peloton Fransan\u0131n k\u0131y\u0131s\u0131na do\u011fru ilerlerken bu etapta d\u00fcz bir profilde pedallayacak.<\/p>\n<p>Toplu sprint biti\u015fi s\u00fcpriz de\u011fil, genel klasmanda ilk on i\u00e7indekiler da\u011fl\u0131k etaplara kadar pozisyonlar\u0131n\u0131 zaman fark\u0131 yemeden korumaya \u00e7al\u0131\u015f\u0131rken Sar\u0131 Mayonun neredeyse 2\u00a0&#8211; 3 dakika gerisinde kalan Nibali ve Quintana gibi favorilerin \u00f6ne do\u011fru sald\u0131rmas\u0131 da \u015fa\u015f\u0131rt\u0131c\u0131 olmayacakt\u0131r.<\/p>\n<p><a href=\"http:\/\/www.weather.com\/weather\/today\/l\/49.89,2.30?lat=49.89&amp;lon=2.30\" target=\"_blank\">Hava ko\u015fullar\u0131<\/a> \u015fimdilik bulutlu ve 14\u00b0C olarak g\u00f6r\u00fcn\u00fcyor, ya\u011fmur olas\u0131l\u0131\u011f\u0131 y\u00fcksek ve haliyle r\u00fczgarl\u0131, \u00e7apraz r\u00fczgar pelotonu zorlayacakt\u0131r.<\/p>\n<p>Sar\u0131 mayoyu ta\u015f\u0131yan Tony Martin&#8217;i tak\u0131m\u0131 Etixx-QuickStep dinlenme g\u00fcn\u00fcne dek zaman fark\u0131n\u0131 koruyarak artt\u0131rmaya \u00e7al\u0131\u015facakt\u0131r.<\/p>\n<p><strong>Daha fazlas\u0131 i\u00e7in:<\/strong><\/p>\n<ul>\n<li>Cyclist t\u00fcrkiye Dergisinin temmuz say\u0131s\u0131ndaki Fransa Bisiklet Turu \u00d6zel sayfalar\u0131n\u0131 okuyup Buyruk Alparslan&#8217;\u0131n dosyas\u0131n\u0131 etaplar i\u00e7in el alt\u0131nda tutabilirsiniz.<\/li>\n<li>Twitter\u00fczerinden:\n<ul>\n<li>turun resmi hesab\u0131 <strong><a href=\"https:\/\/twitter.com\/letour\" target=\"_blank\">@letour<\/a><\/strong><\/li>\n<li><strong><a href=\"https:\/\/twitter.com\/search?q=%23tdf2015\" target=\"_blank\">#TDF2015<\/a><\/strong> etiketiyle \u0130ngilizce <strong><a href=\"https:\/\/twitter.com\/search?q=%23tdftr\" target=\"_blank\">#TDFTR<\/a><\/strong> etiketiyle de T\u00fcrk\u00e7e ortamlarda neler olmu\u015f neler d\u00f6nm\u00fc\u015f takip edebilirsiniz.<\/li>\n<\/ul>\n<\/li>\n<li>Fransa Bisiklet Turu hakk\u0131nda her \u015fey: <a href=\"http:\/\/www.steephill.tv\/tour-de-france\/#05-preview-2015\" target=\"_blank\">SteepHill.TV<\/a><\/li>\n<li>5. Etap incelemeleri: <a href=\"http:\/\/www.c-cycling.com\/sites\/Tour_de_France_2015\/stage5_preview.html\" target=\"_blank\">C-Cycling.com<\/a> ve <a href=\"http:\/\/www.cyclingnews.com\/tour-de-france\/stage-5\" target=\"_blank\">CyclingNews.com<\/a><\/li>\n<\/ul>\n<p><strong>Etap sonras\u0131<\/strong><\/p>\n<p>#TDF2015 \/ Arras \u2192 Amiens Metropole aras\u0131nda pedallanan 190 km uzunlu\u011fundaki 5. etapta zafere ula\u015fan isim Lotto-Soudal tak\u0131m\u0131n\u0131n Alman pedal\u0131 &#8220;Gorilla&#8221; Andre Graipel oldu.<br \/>\n<a href=\"https:\/\/i0.wp.com\/aynakol.org\/wp-content\/uploads\/2015\/07\/wpid-wp-1436371713582.png\"><img data-recalc-dims=\"1\" decoding=\"async\" class=\"alignnone size-full\" title=\"wp-1436371713582\" src=\"https:\/\/i0.wp.com\/aynakol.org\/wp-content\/uploads\/2015\/07\/wpid-wp-1436371713582.png?w=860\" alt=\"image\" \/><\/a><\/p>\n<p>Etap d\u00fcz profilde olsa da ya\u011fmur ve sert yanal r\u00fczgarlar pelotonu bir hayli zorlad\u0131; \u00f6yle ki bitime 70 km kala Etixx-QuickStep ve BMC tempoyu artt\u0131r\u0131nca peloton ikiye b\u00f6l\u00fcnd\u00fc ve fark yer yer 3 dakikaya kadar a\u00e7\u0131ld\u0131.<\/p>\n<p><a href=\"https:\/\/i0.wp.com\/aynakol.org\/wp-content\/uploads\/2015\/07\/wpid-wp-1436371838734.jpg\"><img data-recalc-dims=\"1\" decoding=\"async\" class=\"alignnone size-full\" title=\"wp-1436371838734\" src=\"https:\/\/i0.wp.com\/aynakol.org\/wp-content\/uploads\/2015\/07\/wpid-wp-1436371838734.jpg?w=860\" alt=\"image\" \/><\/a><\/p>\n<p>\u00d6zellikle sava\u015f an\u0131t ve toplu mezarlar\u0131 aras\u0131ndan adeta bir sayg\u0131 duru\u015fu e\u015fli\u011finde pedallayan Pelotonu a\u00e7\u0131k arazide yanal ve cepheden esen sert r\u00fczgar bir zorlad\u0131.<br \/>\n<a href=\"https:\/\/i0.wp.com\/aynakol.org\/wp-content\/uploads\/2015\/07\/wpid-wp-1436372213272.jpg\"><img data-recalc-dims=\"1\" decoding=\"async\" class=\"alignnone size-full\" title=\"wp-1436372213272\" src=\"https:\/\/i0.wp.com\/aynakol.org\/wp-content\/uploads\/2015\/07\/wpid-wp-1436372213272.jpg?w=860\" alt=\"image\" \/><\/a><\/p>\n<p>Yolun her santimini kullanarak dipdibe, yanyana pedallayarak r\u00fczgar\u0131n \u015fiddetini en aza indirmeye \u00e7al\u0131\u015fan pelotonun ya\u011fmura ve \u0131slak zemine kar\u015f\u0131 yapabilece\u011fi pek bir \u015fey olmay\u0131nca kazalar da ya\u015fanmad\u0131 de\u011fil, Cofidis tak\u0131m\u0131ndan Nacer Bouhanni kaza sonras\u0131 Turu b\u0131rak\u0131rken bitime 25 km kala \u0131slak zeminde ya\u015fanan kaza pelotonu b\u00f6ld\u00fc.<br \/>\n<a href=\"https:\/\/i0.wp.com\/aynakol.org\/wp-content\/uploads\/2015\/07\/wpid-wp-1436371863587.png\"><img data-recalc-dims=\"1\" decoding=\"async\" class=\"alignnone size-full\" title=\"wp-1436371863587\" src=\"https:\/\/i0.wp.com\/aynakol.org\/wp-content\/uploads\/2015\/07\/wpid-wp-1436371863587.png?w=860\" alt=\"image\" \/><\/a><\/p>\n<p>Genel klasman favorilerinin etkilenmedi\u011fi kaza sonras\u0131nda toplu sprint biti\u015fine girildi ve etab\u0131 di\u011fer tak\u0131mlar\u0131n sprint trenleri ard\u0131na iyi saklanan Andre Graipel ald\u0131. Graipel&#8217;in r\u00fczgar\u0131na giren Tinkoff-Saxo&#8217;nun ha\u015far\u0131 \u00e7ocu\u011fu Slovak Peter Sagan &#8220;yine&#8221; ikinci oldu. Etap sonuna do\u011fru sar\u0131 mayoyu ta\u015f\u0131yan Tony Martin&#8217;in ba\u015f\u0131n\u0131 \u00e7ekti\u011fi Etixx-QuickStep trenini di\u011fer tak\u0131mlar fena da\u011f\u0131t\u0131nca Mark Renshaw&#8217;\u0131n ard\u0131ndan sprint ata\u011f\u0131 yapan Mark Cavendish istedi\u011fini bulamad\u0131 ve \u00fc\u00e7\u00fcnc\u00fc oldu. Cavendish\u2019in di\u011fer pedallarla m\u00fccadele etmesi Graipel&#8217;e etap zaferi Sagan&#8217;a da ikincili\u011fi getirdi.<br \/>\n<a href=\"https:\/\/i0.wp.com\/aynakol.org\/wp-content\/uploads\/2015\/07\/wpid-wp-1436372194954.png\"><img data-recalc-dims=\"1\" decoding=\"async\" class=\"alignnone size-full\" title=\"wp-1436372194954\" src=\"https:\/\/i0.wp.com\/aynakol.org\/wp-content\/uploads\/2015\/07\/wpid-wp-1436372194954.png?w=860\" alt=\"image\" \/><\/a><\/p>\n<p>&nbsp;<\/p>\n<p><iframe loading=\"lazy\" src=\"https:\/\/vid.me\/e\/n3lg?stats=1&amp;tools=1\" width=\"640\" height=\"360\" frameborder=\"0\" scrolling=\"no\" allowfullscreen=\"allowfullscreen\"><\/iframe><\/p>\n<p>5. etab\u0131 an be an Ek\u015fi S\u00f6zl\u00fck yazar\u0131 <strong><a href=\"https:\/\/eksisozluk.com\/biri\/zeddicus-zu-l-zorander\" target=\"_blank\">zeddicus zu l zorander<\/a><\/strong>\u2018den\u00a0<strong><a href=\"https:\/\/eksisozluk.com\/entry\/53014492\" target=\"_blank\">dinliyoruz<\/a><\/strong>:<\/p>\n<blockquote><p><a class=\"url\" title=\"http:\/\/www.steephill.tv\/players\/profile\/?race=tour-de-france&amp;stage=05&amp;year=2015&amp;src=http:\/\/www.steephill.tv\/2015\/tour-de-france\/profile-05.jpg\" href=\"http:\/\/www.steephill.tv\/players\/profile\/?race=tour-de-france&amp;stage=05&amp;year=2015&amp;src=http:\/\/www.steephill.tv\/2015\/tour-de-france\/profile-05.jpg\" target=\"_blank\" rel=\"nofollow\">5. etap<\/a>, yani 189.5 km&#8217;lik <a class=\"b\" href=\"https:\/\/eksisozluk.com\/?q=arras\">arras<\/a> \u203a <a class=\"b\" href=\"https:\/\/eksisozluk.com\/?q=amiens+m%c3%a9tropole\">amiens m\u00e9tropole<\/a> etab\u0131n\u0131 bir kez daha <a class=\"b\" href=\"https:\/\/eksisozluk.com\/?q=andre+greipel\">andre greipel<\/a> kazand\u0131. kariyerindeki 8. etap galibiyetini ald\u0131.<\/p>\n<p><a class=\"url\" title=\"https:\/\/twitter.com\/letour\/status\/618808017119780864\" href=\"https:\/\/twitter.com\/letour\/status\/618808017119780864\" target=\"_blank\" rel=\"nofollow\">https:\/\/twitter.com\/\u2026tour\/status\/618808017119780864<\/a><\/p>\n<p>etab\u0131n 2. km&#8217;sinde nicolas edet (cof) ve pierre-luc perichon (bse), pelotondan ka\u00e7t\u0131lar.<br \/>\n<a class=\"url\" title=\"https:\/\/pbs.twimg.com\/media\/CJY11-9UwAAcWNx.jpg:large\" href=\"https:\/\/pbs.twimg.com\/media\/CJY11-9UwAAcWNx.jpg:large\" target=\"_blank\" rel=\"nofollow\">https:\/\/pbs.twimg.com\/\u2026ia\/cjy11-9uwaacwnx.jpg:large<\/a><\/p>\n<p>9. km&#8217;de fark 2.35 dk.<\/p>\n<p>edet, ana gruba kat\u0131lmak i\u00e7in yava\u015flamaya ba\u015flad\u0131. pierre-luc perichon, tek ba\u015f\u0131na lider.<\/p>\n<p>12. km&#8217;de peloton&#8217;da bir kaza oldu. 4 cofidis&#8217;li kazaya kar\u0131\u015fm\u0131\u015f. \u00f6nemli sprintlerden <a class=\"b\" href=\"https:\/\/eksisozluk.com\/?q=nacer+bouhanni\">nacer bouhanni<\/a> (cofidis, solutions cr\u00e9dits) abandone olmu\u015f. ambulans ile g\u00f6t\u00fcrm\u00fc\u015fler. zaten fransa ulusal yol bisikleti \u015fampiyonas\u0131&#8217;nda, son metrelerde yere d\u00fc\u015ferek sakatlanm\u0131\u015ft\u0131. tura kat\u0131l\u0131p kat\u0131lmayaca\u011f\u0131 bile belli de\u011fil. kat\u0131ld\u0131 ama 5. etaptan \u00f6tee gidemeyecek. b\u00fcy\u00fck kay\u0131p.<br \/>\n<a class=\"url\" title=\"https:\/\/pbs.twimg.com\/media\/CJY77nPWsAAabC4.png\" href=\"https:\/\/pbs.twimg.com\/media\/CJY77nPWsAAabC4.png\" target=\"_blank\" rel=\"nofollow\">https:\/\/pbs.twimg.com\/media\/cjy77npwsaaabc4.png<\/a><\/p>\n<p>albasini ve feillu kazaya kar\u0131\u015fan di\u011fer isimler ama devam ediyorlar.<\/p>\n<p>greg van avermaet (bmc), arredondo, ve bir\u00e7ok cannondale-garmin&#8217;li ikinci bir kazaya kar\u0131\u015fm\u0131\u015flar.<\/p>\n<p>40. km&#8217;de fark 1.23 dk.<\/p>\n<p>dani navarro kazadan sonra pelotona d\u00f6nd\u00fc.<br \/>\n<a class=\"url\" title=\"https:\/\/pbs.twimg.com\/media\/CJZBFk2WcAE0bmA.jpg:large\" href=\"https:\/\/pbs.twimg.com\/media\/CJZBFk2WcAE0bmA.jpg:large\" target=\"_blank\" rel=\"nofollow\">https:\/\/pbs.twimg.com\/\u2026ia\/cjzbfk2wcae0bma.jpg:large<\/a><\/p>\n<p>140 km kala fark 2.30 dk.<\/p>\n<p>g\u00fczel bir kad\u0131n bisiklet\u00e7ilerin ge\u00e7mesini heyecanla bekliyor.<br \/>\n<a class=\"url\" title=\"https:\/\/pbs.twimg.com\/media\/CJZB25wW8AAlrEJ.jpg:large\" href=\"https:\/\/pbs.twimg.com\/media\/CJZB25wW8AAlrEJ.jpg:large\" target=\"_blank\" rel=\"nofollow\">https:\/\/pbs.twimg.com\/\u2026ia\/cjzb25ww8aalrej.jpg:large<\/a><\/p>\n<p>60km\/s h\u0131zla esen \u00e7apraz r\u00fczgar, ya\u011fmurlu hava, \u0131slak yollar, daha bir\u00e7ok kazaya neden olacak.<\/p>\n<p>135 km kala bauke mollema teknik bir sorun ya\u015fad\u0131 ve bisikletini de\u011fi\u015ftirdi.<br \/>\n<a class=\"url\" title=\"https:\/\/pbs.twimg.com\/media\/CJZFz0IUYAA1-8J.jpg\" href=\"https:\/\/pbs.twimg.com\/media\/CJZFz0IUYAA1-8J.jpg\" target=\"_blank\" rel=\"nofollow\">https:\/\/pbs.twimg.com\/media\/cjzfz0iuyaa1-8j.jpg<\/a><\/p>\n<p>ye\u015fil mayo greipel de geride kalm\u0131\u015f. 55 sn kadar pelotondan gerideler.<br \/>\n<a class=\"url\" title=\"https:\/\/pbs.twimg.com\/media\/CJZGIesVEAAL2Cl.jpg:large\" href=\"https:\/\/pbs.twimg.com\/media\/CJZGIesVEAAL2Cl.jpg:large\" target=\"_blank\" rel=\"nofollow\">https:\/\/pbs.twimg.com\/\u2026ia\/cjzgiesveaal2cl.jpg:large<\/a><\/p>\n<p>1. d\u00fcnya sava\u015f\u0131nda hayat\u0131n\u0131 kaybeden 66000 kanadal\u0131 asker i\u00e7in vimy&#8217;de yap\u0131lan an\u0131t ge\u00e7ildi. 11 y\u0131l s\u00fcrm\u00fc\u015f yap\u0131m\u0131.<br \/>\n<a class=\"url\" title=\"https:\/\/pbs.twimg.com\/media\/CJZGofKW8AAQOCa.png:large\" href=\"https:\/\/pbs.twimg.com\/media\/CJZGofKW8AAQOCa.png:large\" target=\"_blank\" rel=\"nofollow\">https:\/\/pbs.twimg.com\/\u2026ia\/cjzgofkw8aaqoca.png:large<\/a><\/p>\n<p>123 km kala <a class=\"b\" href=\"https:\/\/eksisozluk.com\/?q=bryan+coquard\">bryan coquard<\/a> d\u00fc\u015ft\u00fc. <a class=\"b\" href=\"https:\/\/eksisozluk.com\/?q=thomas+voeckler\">thomas voeckler<\/a> hemen yard\u0131ma geldi, devam ediyor.<br \/>\n<a class=\"url\" title=\"https:\/\/pbs.twimg.com\/media\/CJZJ86uWUAERJfc.jpg\" href=\"https:\/\/pbs.twimg.com\/media\/CJZJ86uWUAERJfc.jpg\" target=\"_blank\" rel=\"nofollow\">https:\/\/pbs.twimg.com\/media\/cjzj86uwuaerjfc.jpg<\/a><br \/>\n<a class=\"url\" title=\"https:\/\/pbs.twimg.com\/media\/CJZJ86xWUAAVpH7.jpg\" href=\"https:\/\/pbs.twimg.com\/media\/CJZJ86xWUAAVpH7.jpg\" target=\"_blank\" rel=\"nofollow\">https:\/\/pbs.twimg.com\/media\/cjzj86xwuaavph7.jpg<\/a><br \/>\n<a class=\"url\" title=\"https:\/\/pbs.twimg.com\/media\/CJZJTrRUMAAEPZQ.jpg:large\" href=\"https:\/\/pbs.twimg.com\/media\/CJZJTrRUMAAEPZQ.jpg:large\" target=\"_blank\" rel=\"nofollow\">https:\/\/pbs.twimg.com\/\u2026ia\/cjzjtrrumaaepzq.jpg:large<\/a><\/p>\n<p>120 km kala fark 1.20 dk. r\u00fczgar, ya\u011fmur daha \u00e7ok problem \u00e7\u0131karacak.<br \/>\n<a class=\"url\" title=\"https:\/\/pbs.twimg.com\/media\/CJZKv-KUcAAq4Gs.jpg:large\" href=\"https:\/\/pbs.twimg.com\/media\/CJZKv-KUcAAq4Gs.jpg:large\" target=\"_blank\" rel=\"nofollow\">https:\/\/pbs.twimg.com\/\u2026ia\/cjzkv-kucaaq4gs.jpg:large<\/a><\/p>\n<p>peloton r\u00fczgardan dolay\u0131 bir arada, temkinli gidiyor.<br \/>\n<a class=\"url\" title=\"https:\/\/pbs.twimg.com\/media\/CJZKivrUkAQlcC6.png:large\" href=\"https:\/\/pbs.twimg.com\/media\/CJZKivrUkAQlcC6.png:large\" target=\"_blank\" rel=\"nofollow\">https:\/\/pbs.twimg.com\/\u2026ia\/cjzkivrukaqlcc6.png:large<\/a><\/p>\n<p>108.8 km kala yine kaza oldu. bryan coquard yine d\u00fc\u015ft\u00fc. \u015fans\u0131zl\u0131k yakas\u0131n\u0131 b\u0131rakm\u0131yor. kangert, pinot, machado, majka, farrar gibi isimler var. zaten sar\u0131 mayodan gerideler.<br \/>\n<a class=\"url\" title=\"https:\/\/twitter.com\/DBCSPenarth\/status\/618768469849452544\" href=\"https:\/\/twitter.com\/DBCSPenarth\/status\/618768469849452544\" target=\"_blank\" rel=\"nofollow\">https:\/\/twitter.com\/\u2026arth\/status\/618768469849452544<\/a><br \/>\n<a class=\"url\" title=\"https:\/\/pbs.twimg.com\/media\/CJZOOtdUAAA7dyq.png\" href=\"https:\/\/pbs.twimg.com\/media\/CJZOOtdUAAA7dyq.png\" target=\"_blank\" rel=\"nofollow\">https:\/\/pbs.twimg.com\/media\/cjzootduaaa7dyq.png<\/a><\/p>\n<p>arada yine mezarlar\u0131n \u00f6n\u00fcnden ge\u00e7iliyor.<br \/>\n<a class=\"url\" title=\"https:\/\/pbs.twimg.com\/media\/CJZTAuzUEAAD3_u.jpg:large\" href=\"https:\/\/pbs.twimg.com\/media\/CJZTAuzUEAAD3_u.jpg:large\" target=\"_blank\" rel=\"nofollow\">https:\/\/pbs.twimg.com\/\u2026ia\/cjztauzueaad3_u.jpg:large<\/a><\/p>\n<p>coquard&#8217;\u0131, tak\u0131m arkada\u015flar\u0131 sicard ve nauleau, \u00f6ne yeti\u015ftirmeye \u00e7al\u0131\u015f\u0131yorlar.<br \/>\n<a class=\"url\" title=\"https:\/\/pbs.twimg.com\/media\/CJZPDi4VEAE7KKR.png\" href=\"https:\/\/pbs.twimg.com\/media\/CJZPDi4VEAE7KKR.png\" target=\"_blank\" rel=\"nofollow\">https:\/\/pbs.twimg.com\/media\/cjzpdi4veae7kkr.png<\/a><\/p>\n<p>pelotonda b\u00f6l\u00fcnmeler meydana geliyor.<br \/>\n<a class=\"url\" title=\"https:\/\/pbs.twimg.com\/media\/CJZQOhVVEAAlPVq.jpg:large\" href=\"https:\/\/pbs.twimg.com\/media\/CJZQOhVVEAAlPVq.jpg:large\" target=\"_blank\" rel=\"nofollow\">https:\/\/pbs.twimg.com\/\u2026ia\/cjzqohvveaalpvq.jpg:large<\/a><\/p>\n<p>nairo quinatana teknik sorun ya\u015fad\u0131 ve bisiklet de\u011fi\u015ftirdi. domestikleri \u00f6ne yeti\u015ftirmeye \u00e7al\u0131\u015f\u0131yor. \u00e7\u0131lg\u0131n bir r\u00fczgar var.<br \/>\n<a class=\"url\" title=\"https:\/\/pbs.twimg.com\/media\/CJZQIBjWEAAyTsF.jpg\" href=\"https:\/\/pbs.twimg.com\/media\/CJZQIBjWEAAyTsF.jpg\" target=\"_blank\" rel=\"nofollow\">https:\/\/pbs.twimg.com\/media\/cjzqibjweaaytsf.jpg<\/a><br \/>\n<a class=\"url\" title=\"https:\/\/pbs.twimg.com\/media\/CJZQIB6XAAAH1as.jpg\" href=\"https:\/\/pbs.twimg.com\/media\/CJZQIB6XAAAH1as.jpg\" target=\"_blank\" rel=\"nofollow\">https:\/\/pbs.twimg.com\/media\/cjzqib6xaaah1as.jpg<\/a><\/p>\n<p>102 km kala quitana \u00f6ndekilere yeti\u015fti.<\/p>\n<p>100 km kala ge\u00e7ilen <a class=\"b\" href=\"https:\/\/eksisozluk.com\/?q=rancourt\">rancourt<\/a> ara sprint kap\u0131s\u0131ndan ilk s\u0131rada pierre-luc perichon ge\u00e7ti ve 20 puan\u0131 ald\u0131.<\/p>\n<p>kap\u0131ya yakla\u015f\u0131rken pelotonda ataklar ba\u015flad\u0131. greipel, degenkolb, cavendish, sagan atak yapt\u0131 ve greipel ilk s\u0131rada ge\u00e7ti.<br \/>\n<a class=\"url\" title=\"https:\/\/pbs.twimg.com\/media\/CJZSqoHXAAEhjUV.png\" href=\"https:\/\/pbs.twimg.com\/media\/CJZSqoHXAAEhjUV.png\" target=\"_blank\" rel=\"nofollow\">https:\/\/pbs.twimg.com\/media\/cjzsqohxaaehjuv.png<\/a><\/p>\n<p>andre greipel (lts) 17, john degenkolb (tga) 15, mark cavendish (eqs) 13, peter sagan (tcs) 11, mark renshaw (etixx), 10, bryan coquard (euro) 9, roy curvers (alp) 8, michal kwiatkowski (etixx) 7, michal golas (etixx) 6, tony martin (etixx) 5, zdenek stybar (etixx) 4, rigoberto uran (etixx) 3, marcel sieberg (soudal) 2 ve luke rowe (sky) 1 puan ald\u0131.<\/p>\n<p>97.8 km kala peloton lider perichon&#8217;u yakalad\u0131.<br \/>\n<a class=\"url\" title=\"https:\/\/pbs.twimg.com\/media\/CJZSTXyXAAAlkOc.jpg\" href=\"https:\/\/pbs.twimg.com\/media\/CJZSTXyXAAAlkOc.jpg\" target=\"_blank\" rel=\"nofollow\">https:\/\/pbs.twimg.com\/media\/cjzstxyxaaalkoc.jpg<\/a><\/p>\n<p>peloton 3 grup ama en \u00f6ndekiler sakin bir \u015fekilde gidiyor.<br \/>\n<a class=\"url\" title=\"https:\/\/pbs.twimg.com\/media\/CJZS_gyWcAAsFFn.png:large\" href=\"https:\/\/pbs.twimg.com\/media\/CJZS_gyWcAAsFFn.png:large\" target=\"_blank\" rel=\"nofollow\">https:\/\/pbs.twimg.com\/\u2026ia\/cjzs_gywcaasffn.png:large<\/a><\/p>\n<p>83 km kala michael matthews geriye d\u00fc\u015fmeye ba\u015flad\u0131. kal\u00e7as\u0131nda kesik var, dizinde ve kolunda s\u0131k\u0131nt\u0131lar var, 2 kaburga kemi\u011fi k\u0131r\u0131k ve ba\u015fka yaralar\u0131 da var. zor nefes al\u0131yor.<\/p>\n<p><a class=\"b\" href=\"https:\/\/eksisozluk.com\/?q=jack+bauer\">jack bauer<\/a>&#8216;\u0131n (tga) abandone oldu\u011fu haberi geldi.<\/p>\n<p>77 km kala bmc,, etixx \u00f6ne ge\u00e7ip r\u00fczgar\u0131 kullanarak pelotondan baz\u0131 isimleri geriye d\u00fc\u015f\u00fcrd\u00fc.<br \/>\n<a class=\"url\" title=\"https:\/\/pbs.twimg.com\/media\/CJZZSJXUkAEIrRL.jpg\" href=\"https:\/\/pbs.twimg.com\/media\/CJZZSJXUkAEIrRL.jpg\" target=\"_blank\" rel=\"nofollow\">https:\/\/pbs.twimg.com\/media\/cjzzsjxukaeirrl.jpg<\/a><\/p>\n<p>74 km kala sky pelotonun \u00f6n\u00fcne geldi. ya\u011fmur ve r\u00fczgar \u00e7ok \u015fiddetli.<\/p>\n<p>basso ve majka geriye d\u00fc\u015ft\u00fc. pierre rolland geriye d\u00fc\u015fen isimlerden.<\/p>\n<p>68 km kala favori isimlerin oldu\u011fu peloton ile di\u011fer peloton aras\u0131nda 1.14 dk kadar fark var.<br \/>\n<a class=\"url\" title=\"https:\/\/pbs.twimg.com\/media\/CJZbniTVEAE02Uq.png\" href=\"https:\/\/pbs.twimg.com\/media\/CJZbniTVEAE02Uq.png\" target=\"_blank\" rel=\"nofollow\">https:\/\/pbs.twimg.com\/media\/cjzbnitveae02uq.png<\/a><\/p>\n<p>67.2 km kala motorsiklet kaza yapt\u0131.<br \/>\n<a class=\"url\" title=\"https:\/\/pbs.twimg.com\/media\/CJZb67pUkAAoTJ5.png:large\" href=\"https:\/\/pbs.twimg.com\/media\/CJZb67pUkAAoTJ5.png:large\" target=\"_blank\" rel=\"nofollow\">https:\/\/pbs.twimg.com\/\u2026ia\/cjzb67pukaaotj5.png:large<\/a><br \/>\n<a class=\"url\" title=\"https:\/\/twitter.com\/Squadron33\/status\/618783919652118528\" href=\"https:\/\/twitter.com\/Squadron33\/status\/618783919652118528\" target=\"_blank\" rel=\"nofollow\">https:\/\/twitter.com\/\u2026on33\/status\/618783919652118528<\/a><\/p>\n<p>66.9 km kala mark cavendish teknik bir sorun ya\u015fad\u0131. tak\u0131m arkada\u015flar\u0131 \u00f6ne ta\u015f\u0131maya \u00e7al\u0131\u015f\u0131yor.<br \/>\n<a class=\"url\" title=\"https:\/\/pbs.twimg.com\/media\/CJZcSDLWoAAfZRa.png:large\" href=\"https:\/\/pbs.twimg.com\/media\/CJZcSDLWoAAfZRa.png:large\" target=\"_blank\" rel=\"nofollow\">https:\/\/pbs.twimg.com\/\u2026ia\/cjzcsdlwoaafzra.png:large<\/a><\/p>\n<p>cavendish \u00f6ndekileri yakalad\u0131.<\/p>\n<p>62 km kala 2. grup 2.22 dk kadar geride.<br \/>\n<a class=\"url\" title=\"https:\/\/twitter.com\/letour\/status\/618785894707933184\" href=\"https:\/\/twitter.com\/letour\/status\/618785894707933184\" target=\"_blank\" rel=\"nofollow\">https:\/\/twitter.com\/\u2026tour\/status\/618785894707933184<\/a><\/p>\n<p>g\u00fcney afrika ulusal mezarl\u0131\u011f\u0131. 63 hektarl\u0131k alana in\u015fa edilmi\u015f. 1916&#8217;da \u00f6rev al\u0131p hayat\u0131n\u0131 kaybedenler i\u00e7in yap\u0131lm\u0131\u015f.<br \/>\n<a class=\"url\" title=\"https:\/\/pbs.twimg.com\/media\/CJZdYTnVEAACMtr.png:large\" href=\"https:\/\/pbs.twimg.com\/media\/CJZdYTnVEAACMtr.png:large\" target=\"_blank\" rel=\"nofollow\">https:\/\/pbs.twimg.com\/\u2026ia\/cjzdytnveaacmtr.png:large<\/a><br \/>\n<a class=\"url\" title=\"https:\/\/pbs.twimg.com\/media\/CJZd1T0WsAERdlx.png:large\" href=\"https:\/\/pbs.twimg.com\/media\/CJZd1T0WsAERdlx.png:large\" target=\"_blank\" rel=\"nofollow\">https:\/\/pbs.twimg.com\/\u2026ia\/cjzd1t0wsaerdlx.png:large<\/a><\/p>\n<p>51 km kala arkadaki 2. peloton 3.15 dk geride.<\/p>\n<p><a class=\"b\" href=\"https:\/\/eksisozluk.com\/?q=somme\">somme<\/a> an\u0131t mezar\u0131ndan ge\u00e7ildi.<br \/>\n<a class=\"url\" title=\"https:\/\/pbs.twimg.com\/media\/CJZh54yVEAA-4_X.jpg:large\" href=\"https:\/\/pbs.twimg.com\/media\/CJZh54yVEAA-4_X.jpg:large\" target=\"_blank\" rel=\"nofollow\">https:\/\/pbs.twimg.com\/\u2026ia\/cjzh54yveaa-4_x.jpg:large<\/a><br \/>\n<a class=\"url\" title=\"https:\/\/twitter.com\/Welshracer\/status\/618788695777366016\" href=\"https:\/\/twitter.com\/Welshracer\/status\/618788695777366016\" target=\"_blank\" rel=\"nofollow\">https:\/\/twitter.com\/\u2026acer\/status\/618788695777366016<\/a><\/p>\n<p>48.8 km kala steve morabito (fdj) yere d\u00fc\u015ft\u00fc. neyse ki devam ediyor. 46.7 km kala \u00f6ndekileri yakalad\u0131.<br \/>\n<a class=\"url\" title=\"https:\/\/pbs.twimg.com\/media\/CJZid6_UwAA0JSV.png\" href=\"https:\/\/pbs.twimg.com\/media\/CJZid6_UwAA0JSV.png\" target=\"_blank\" rel=\"nofollow\">https:\/\/pbs.twimg.com\/media\/cjzid6_uwaa0jsv.png<\/a><\/p>\n<p>la boiselle madeninin \u00e7ukuru ge\u00e7ildi. britanya ordusu i\u00e7inde bulunan galli ve irlandal\u0131 madenciler, alman kuvvetlerinin i\u00e7ine s\u0131zabilmek ve onlara yakla\u015fabilmek i\u00e7in t\u00fcneller a\u00e7\u0131yorlar. 27 ton patlay\u0131c\u0131 kullan\u0131yorlar. 16 metre derinlikte, 1 temmuz 1916&#8217;da a\u00e7\u0131lm\u0131\u015f.<br \/>\n<a class=\"url\" title=\"https:\/\/pbs.twimg.com\/media\/CJZi2isWcAACZrF.jpg:large\" href=\"https:\/\/pbs.twimg.com\/media\/CJZi2isWcAACZrF.jpg:large\" target=\"_blank\" rel=\"nofollow\">https:\/\/pbs.twimg.com\/\u2026ia\/cjzi2iswcaaczrf.jpg:large<\/a><\/p>\n<p>25. km&#8217;de b\u00fcy\u00fck bir kaza oldu. ilk pelotonun ortas\u0131nda oldu.<\/p>\n<p>pinot yine kazada. baz\u0131 seyirciler yerde. bir s\u00fcr\u00fc bisiklet\u00e7i \u0131slak ve kaygan yolda kaza yapt\u0131. trentin, riblon, konig, tossato, kruijswijk, scarponi, tuft, haller, kristoff, bosaason hagen gibi isimler var. genel klasman iddialar\u0131 kazadan kurtulmu\u015f gibiler.<br \/>\n<a class=\"url\" title=\"https:\/\/pbs.twimg.com\/media\/CJZr_KKUMAEoW37.jpg:large\" href=\"https:\/\/pbs.twimg.com\/media\/CJZr_KKUMAEoW37.jpg:large\" target=\"_blank\" rel=\"nofollow\">https:\/\/pbs.twimg.com\/\u2026ia\/cjzr_kkumaeow37.jpg:large<\/a><br \/>\n<a class=\"url\" title=\"https:\/\/pbs.twimg.com\/media\/CJZqdqSWcAA8e6R.png\" href=\"https:\/\/pbs.twimg.com\/media\/CJZqdqSWcAA8e6R.png\" target=\"_blank\" rel=\"nofollow\">https:\/\/pbs.twimg.com\/media\/cjzqdqswcaa8e6r.png<\/a><br \/>\n<a class=\"url\" title=\"https:\/\/pbs.twimg.com\/media\/CJZqg5qWgAAQQL6.jpg:large\" href=\"https:\/\/pbs.twimg.com\/media\/CJZqg5qWgAAQQL6.jpg:large\" target=\"_blank\" rel=\"nofollow\">https:\/\/pbs.twimg.com\/\u2026ia\/cjzqg5qwgaaqql6.jpg:large<\/a><br \/>\n<a class=\"url\" title=\"https:\/\/pbs.twimg.com\/media\/CJZqwYLVEAEoswK.png\" href=\"https:\/\/pbs.twimg.com\/media\/CJZqwYLVEAEoswK.png\" target=\"_blank\" rel=\"nofollow\">https:\/\/pbs.twimg.com\/media\/cjzqwylveaeoswk.png<\/a><br \/>\n<a class=\"url\" title=\"https:\/\/pbs.twimg.com\/media\/CJZqdqSWcAA8e6R.png\" href=\"https:\/\/pbs.twimg.com\/media\/CJZqdqSWcAA8e6R.png\" target=\"_blank\" rel=\"nofollow\">https:\/\/pbs.twimg.com\/media\/cjzqdqswcaa8e6r.png<\/a><\/p>\n<p>morrabito, pinot&#8217;yu \u00f6ne ta\u015f\u0131maya \u00e7al\u0131\u015f\u0131yor.<br \/>\n<a class=\"url\" title=\"https:\/\/pbs.twimg.com\/media\/CJZq57KWgAEMLt3.png\" href=\"https:\/\/pbs.twimg.com\/media\/CJZq57KWgAEMLt3.png\" target=\"_blank\" rel=\"nofollow\">https:\/\/pbs.twimg.com\/media\/cjzq57kwgaemlt3.png<\/a><br \/>\n<a class=\"url\" title=\"https:\/\/pbs.twimg.com\/media\/CJZr0RUUkAIVkSw.jpg\" href=\"https:\/\/pbs.twimg.com\/media\/CJZr0RUUkAIVkSw.jpg\" target=\"_blank\" rel=\"nofollow\">https:\/\/pbs.twimg.com\/media\/cjzr0ruukaivksw.jpg<\/a><\/p>\n<p>\u00f6ndekiler \u00e7ok h\u0131zl\u0131 de\u011fil. d\u00fc\u015fenler yeti\u015fiyor. son 20 km.<\/p>\n<p>pinot, 15.6 km kala pelotona yeti\u015fti.<br \/>\n<a class=\"url\" title=\"https:\/\/pbs.twimg.com\/media\/CJZtQonWoAAQ0m2.png:large\" href=\"https:\/\/pbs.twimg.com\/media\/CJZtQonWoAAQ0m2.png:large\" target=\"_blank\" rel=\"nofollow\">https:\/\/pbs.twimg.com\/\u2026ia\/cjztqonwoaaq0m2.png:large<\/a><\/p>\n<p>son 8 km. trenler yava\u015ftan olu\u015fmaya ba\u015fl\u0131yor.<br \/>\n<a class=\"url\" title=\"https:\/\/pbs.twimg.com\/media\/CJZvgVLXAAA5YR7.jpg\" href=\"https:\/\/pbs.twimg.com\/media\/CJZvgVLXAAA5YR7.jpg\" target=\"_blank\" rel=\"nofollow\">https:\/\/pbs.twimg.com\/media\/cjzvgvlxaaa5yr7.jpg<\/a><br \/>\n<a class=\"url\" title=\"https:\/\/pbs.twimg.com\/media\/CJZvgQuWcAAicpU.jpg\" href=\"https:\/\/pbs.twimg.com\/media\/CJZvgQuWcAAicpU.jpg\" target=\"_blank\" rel=\"nofollow\">https:\/\/pbs.twimg.com\/media\/cjzvgquwcaaicpu.jpg<\/a><\/p>\n<p><a class=\"b\" href=\"https:\/\/eksisozluk.com\/?q=michalel+matthews\">michalel matthews<\/a> geride kalmas\u0131na kar\u015f\u0131n, bug\u00fcn\u00fcn en sava\u015f\u00e7\u0131 bisiklet\u00e7i \u00f6d\u00fcl\u00fcn\u00fc kazand\u0131. \u00e7ok zor durumda olmas\u0131na ra\u011fmen etaba devam ediyor.<\/p>\n<p>son 3.5 km ve tempo fena y\u00fckseldi.<\/p>\n<p>son 2 km ve tony martin \u00e7ekiyor.<\/p>\n<p>kristoff, cavendish, edvald boasson hagen, demare derken, greipel kazand\u0131. cavendish&#8217;i domestik olarak kullan\u0131p etab\u0131 yine ald\u0131. inan\u0131lmaz i\u015fler yap\u0131yor.<\/p>\n<p>cavendish en b\u00fcy\u00fck d\u00fc\u015fman\u0131na bir kez daha kaybetti.<\/p>\n<p>sagan aradan \u00e7akal gibi gelip ikincili\u011fi ald\u0131.<\/p>\n<p><a class=\"url\" title=\"https:\/\/pbs.twimg.com\/media\/CJZx6bbWIAAK_G8.png:large\" href=\"https:\/\/pbs.twimg.com\/media\/CJZx6bbWIAAK_G8.png:large\" target=\"_blank\" rel=\"nofollow\">https:\/\/pbs.twimg.com\/\u2026ia\/cjzx6bbwiaak_g8.png:large<\/a><\/p><\/blockquote>\n<p><strong>5. Etap sonu\u00e7lar\u0131<\/strong><\/p>\n<pre><span style=\"background-color: #339966;\">GER  1  GREIPEL, Andr\u00e9 (LOTTO SOUDAL)                  4:39:00<\/span>\r\nSVK  2  SAGAN, Peter (TINKOFF - SAXO)                  \r\nGBR  3  CAVENDISH, Mark (ETIXX - QUICK STEP)           \r\nNOR  4  KRISTOFF, Alexander (KATUSHA)                  \r\nNOR  5  BOASSON HAGEN, Edvald (MTN - QHUBEKA)          \r\nGER  6  DEGENKOLB, John (GIANT - ALPECIN)              \r\nFRA  7  DEMARE, Arnaud (FDJ)                           \r\nFRA  8  COQUARD, Bryan (EUROPCAR)                      \r\nITA  9  CIMOLAI, Davide (LAMPRE - MERIDA)              \r\nBEL  10 VAN AVERMAET, Greg (BMC RACING)<\/pre>\n<p>Etap sonucuna g\u00f6re genel klasmanda de\u011fi\u015fiklik olmad\u0131: Sar\u0131 mayo h\u00e2l\u00e2 Etixx-QuickStep tak\u0131m\u0131n\u0131n Alman Panzeri Tony Martin&#8217;in s\u0131rt\u0131nda, genel klasman favorileri, Froome, Contador, Uran, Nibali, Quintana da zaman farklar\u0131n\u0131 koruyarak etab\u0131 bitirdi.<\/p>\n<pre><strong><span style=\"background-color: #ffff00;\">GER  1  MARTIN, Tony (ETIXX - QUICK STEP)            17:19:26<\/span><\/strong>\r\nGBR  2  FROOME, Christopher (SKY)                      +   12\r\nUSA  3  VAN GARDEREN, Tejay (BMC RACING)               +   25\r\n<strong><span style=\"background-color: #000000; color: #ffffff;\">SVK  4  SAGAN, Peter (TINKOFF - SAXO)                  +   33<\/span><\/strong>\r\nFRA  5  GALLOPIN, Tony (LOTTO SOUDAL)                  +   38\r\nBEL  6  VAN AVERMAET, Greg (BMC RACING)                +   40\r\nCOL  7  URAN URAN, Rigoberto (ETIXX - QUICK STEP)      +   46\r\nESP  8  CONTADOR VELASCO, Alberto (TINKOFF - SAXO)     +   48\r\nGBR  9  THOMAS, Geraint (SKY)                          + 1:15<\/pre>\n<p><script>\/\/ <![CDATA[\n(function(d, s, id) {  var js, fjs = d.getElementsByTagName(s)[0];  if (d.getElementById(id)) return;  js = d.createElement(s); js.id = id;  js.src = \"\/\/connect.facebook.net\/tr_TR\/sdk.js#xfbml=1&#038;version=v2.3\";  fjs.parentNode.insertBefore(js, fjs);}(document, 'script', 'facebook-jssdk'));\n\/\/ ]]><\/script><\/p>\n<div class=\"fb-video\" data-allowfullscreen=\"1\" data-href=\"\/katushacycling\/videos\/vb.147787385277039\/848507908538313\/?type=1\">\n<div class=\"fb-xfbml-parse-ignore\">\n<blockquote cite=\"https:\/\/www.facebook.com\/katushacycling\/videos\/848507908538313\/\"><p>The real cycling as it is&#8230; rain, crashes, mechanics work, team spirit and massive sprint&#8230; all in onboard camera video from stage 5 Le Tour de France\u041d\u0430\u0441\u0442\u043e\u044f\u0449\u0438\u0439 \u0432\u0435\u043b\u043e\u0441\u043f\u043e\u0440\u0442, \u043a\u0430\u043a\u043e\u0432 \u043e\u043d \u0435\u0441\u0442\u044c&#8230; \u0434\u043e\u0436\u0434\u044c, \u043f\u0430\u0434\u0435\u043d\u0438\u044f, \u0440\u0430\u0431\u043e\u0442\u0430 \u043c\u0435\u0445\u0430\u043d\u0438\u043a\u043e\u0432, \u043a\u043e\u043c\u0430\u043d\u0434\u043d\u044b\u0439 \u0434\u0443\u0445 \u0438 \u043c\u0430\u0441\u0441\u043e\u0432\u044b\u0439 \u0441\u043f\u0440\u0438\u043d\u0442&#8230; \u0432\u0441\u0435 \u043d\u0430 \u0432\u0438\u0434\u0435\u043e \u0441 \u0432\u0435\u043b\u043e\u0441\u0438\u043f\u0435\u0434\u043d\u044b\u0445 \u043a\u0430\u043c\u0435\u0440 \u0441 5-\u0433\u043e \u044d\u0442\u0430\u043f\u0430 &#8220;\u0422\u0443\u0440 \u0434\u0435 \u0424\u0440\u0430\u043d\u0441&#8221;.<\/p>\n<p>Posted by <a href=\"https:\/\/www.facebook.com\/katushacycling\">Team Katusha<\/a> on 8 Temmuz 2015 \u00c7ar\u015famba<\/p><\/blockquote>\n<\/div>\n<\/div>\n","protected":false},"excerpt":{"rendered":"<p>5. etaba ge\u00e7meden \u00f6nce kuzeyin cehenneminin 1\/3 kad\u0131r\u0131n\u0131 ya\u015fatan d\u00fcnk\u00fc etab\u0131n k\u0131sa bir \u00f6zeti: Pave sekt\u00f6rleri ya\u011fmur ve \u00e7apraz r\u00fczgarla birle\u015fince pelotonun can\u0131 \u00e7\u0131kt\u0131, Toz, [&#8230;]<\/p>\n","protected":false},"author":1,"featured_media":1300,"comment_status":"open","ping_status":"open","sticky":false,"template":"","format":"standard","meta":{"jetpack_post_was_ever_published":false,"_jetpack_newsletter_access":"","_jetpack_dont_email_post_to_subs":false,"_jetpack_newsletter_tier_id":0,"_jetpack_memberships_contains_paywalled_content":false,"_jetpack_memberships_contains_paid_content":false,"footnotes":"","jetpack_publicize_message":"","jetpack_publicize_feature_enabled":true,"jetpack_social_post_already_shared":true,"jetpack_social_options":{"image_generator_settings":{"template":"highway","default_image_id":0,"font":"","enabled":false},"version":2}},"categories":[92,89],"tags":[19,65,728,24,17,43,26,567,83,473,707,150,492,151,624,625,459,485,496,22,224,838,647,581,315,49,648,836,85,136,835,35,20,30,18,497,34,164,837],"class_list":["post-1341","post","type-post","status-publish","format-standard","has-post-thumbnail","hentry","category-grand","category-tour","tag-alberto-contador","tag-alejandro-valverde","tag-andre-greipel","tag-astana","tag-bisiklet-turu","tag-bmc","tag-chris-froome","tag-chriss-froome","tag-contador","tag-etixx-quick-step","tag-etixx-quickstep","tag-fransa-bisiklet-turu","tag-jonh-degenkolb","tag-le-tour","tag-lotto-belisol","tag-lotto-soudal","tag-maillot-jaune","tag-mark-cavendish","tag-mark-renshaw","tag-movistar","tag-nibali","tag-panzerwagen","tag-paris-roubaix","tag-pave","tag-peter-sagan","tag-philippe-gilbert","tag-roubaix","tag-sari-mayo","tag-sky-team","tag-specialized","tag-spring-classic","tag-tdf","tag-team-sky","tag-tinkoff","tag-tinkoff-saxo","tag-tony-martin","tag-tour-de-france","tag-uci","tag-yellow-jersey"],"jetpack_publicize_connections":[],"jetpack_featured_media_url":"https:\/\/i0.wp.com\/aynakol.org\/wp-content\/uploads\/2015\/07\/Banner2_Tour.jpg?fit=2000%2C650","jetpack_sharing_enabled":true,"jetpack_shortlink":"https:\/\/wp.me\/p51p4O-lD","jetpack_likes_enabled":true,"jetpack-related-posts":[{"id":1331,"url":"http:\/\/aynakol.org\/?p=1331","url_meta":{"origin":1341,"position":0},"title":"#TDF2015 4. Etap: Seriang \u2192 Cambrai","author":"Ayd\u0131n Bez","date":"7 Temmuz 2015","format":false,"excerpt":"4. etap incelemesine ge\u00e7meden \u00f6nce k\u0131sa bir \u00f6zet ge\u00e7elim. Sar\u0131 mayo Cancellara'ya hi\u00e7 ama hi\u00e7 u\u011furlu gelmedi: etab\u0131n bitimine 52 km kala ya\u015fanan b\u00fcy\u00fck kazada havada iki takla atan Cancellara etab\u0131 bitirdi bitirmesine ama Spartak\u00fcs olmak da yetmedi, yar\u0131\u015f sonras\u0131 turu b\u0131rakt\u0131. Mur de Huy zirve biti\u015fine 400 metre kala\u2026","rel":"","context":"&quot;Grand Tour&quot; i\u00e7inde","block_context":{"text":"Grand Tour","link":"http:\/\/aynakol.org\/?cat=92"},"img":{"alt_text":"","src":"https:\/\/i0.wp.com\/aynakol.org\/wp-content\/uploads\/2015\/07\/Banner2_Tour.jpg?fit=1200%2C390&resize=350%2C200","width":350,"height":200,"srcset":"https:\/\/i0.wp.com\/aynakol.org\/wp-content\/uploads\/2015\/07\/Banner2_Tour.jpg?fit=1200%2C390&resize=350%2C200 1x, https:\/\/i0.wp.com\/aynakol.org\/wp-content\/uploads\/2015\/07\/Banner2_Tour.jpg?fit=1200%2C390&resize=525%2C300 1.5x, https:\/\/i0.wp.com\/aynakol.org\/wp-content\/uploads\/2015\/07\/Banner2_Tour.jpg?fit=1200%2C390&resize=700%2C400 2x, https:\/\/i0.wp.com\/aynakol.org\/wp-content\/uploads\/2015\/07\/Banner2_Tour.jpg?fit=1200%2C390&resize=1050%2C600 3x"},"classes":[]},{"id":1427,"url":"http:\/\/aynakol.org\/?p=1427","url_meta":{"origin":1341,"position":1},"title":"#TDF2015 10. G\u00fcn: Dinlenme G\u00fcn\u00fc","author":"Ayd\u0131n Bez","date":"13 Temmuz 2015","format":false,"excerpt":"Geride b\u0131rakt\u0131\u011f\u0131m\u0131z 9 etapta pelotonun ba\u015f\u0131na neler gelmedi ki? \u00d6nce s\u0131cak, \u00e7ok s\u0131cak derken bireysel zamana kar\u015f\u0131 etab\u0131nda ard\u0131ndan tanr\u0131lar sesini duymu\u015f olmal\u0131 ki ikinci etap \u00e7apraz ve sert r\u00fczgarlarla bo\u011fu\u015ftu peloton. \u00dc\u00e7\u00fcnc\u00fc etapta ya\u015fanan b\u00fcy\u00fck kaza dengesini alt \u00fcst ederken herkesin etap sonunda tak\u0131mlar cehennemden sa\u011f \u00e7\u0131kanlar\u0131 iyile\u015ftirmek i\u00e7in\u2026","rel":"","context":"&quot;Grand Tour&quot; i\u00e7inde","block_context":{"text":"Grand Tour","link":"http:\/\/aynakol.org\/?cat=92"},"img":{"alt_text":"","src":"https:\/\/i0.wp.com\/aynakol.org\/wp-content\/uploads\/2015\/07\/Banner2_Tour.jpg?fit=1200%2C390&resize=350%2C200","width":350,"height":200,"srcset":"https:\/\/i0.wp.com\/aynakol.org\/wp-content\/uploads\/2015\/07\/Banner2_Tour.jpg?fit=1200%2C390&resize=350%2C200 1x, https:\/\/i0.wp.com\/aynakol.org\/wp-content\/uploads\/2015\/07\/Banner2_Tour.jpg?fit=1200%2C390&resize=525%2C300 1.5x, https:\/\/i0.wp.com\/aynakol.org\/wp-content\/uploads\/2015\/07\/Banner2_Tour.jpg?fit=1200%2C390&resize=700%2C400 2x, https:\/\/i0.wp.com\/aynakol.org\/wp-content\/uploads\/2015\/07\/Banner2_Tour.jpg?fit=1200%2C390&resize=1050%2C600 3x"},"classes":[]},{"id":1367,"url":"http:\/\/aynakol.org\/?p=1367","url_meta":{"origin":1341,"position":2},"title":"#TDF2015 6. Etap: Abbeville \u2192 Le Havre, 192 km (ini\u015fli \u00e7\u0131k\u0131\u015fl\u0131)","author":"Ayd\u0131n Bez","date":"8 Temmuz 2015","format":false,"excerpt":"6. etap incelemesine ge\u00e7meden \u00f6nce d\u00fcn Arras \u2192 Amiens M\u00e9tropole aras\u0131nda pedallanan 190 km uzunlu\u011fundaki etab\u0131n k\u0131sa bir \u00f6zeti: Peloton yine g\u00fcn y\u00fcz\u00fc g\u00f6rmedi: ya\u011fmur, \u00e7apraz r\u00fczgar ve kazalar! Ya\u011fmur ya\u011fd\u0131k\u00e7a \u0131slanan yollarda gidon hakimiyetini kaybedenler d\u00fc\u015ft\u00fck\u00e7e bizim ekran ba\u015f\u0131nda can\u0131m\u0131z yand\u0131. Cofidis'ten Nacer Bouhanni \u00e7ok fena d\u00fc\u015ft\u00fc ve yar\u0131\u015f\u2026","rel":"","context":"&quot;Grand Tour&quot; i\u00e7inde","block_context":{"text":"Grand Tour","link":"http:\/\/aynakol.org\/?cat=92"},"img":{"alt_text":"","src":"https:\/\/i0.wp.com\/aynakol.org\/wp-content\/uploads\/2015\/07\/Banner2_Tour.jpg?fit=1200%2C390&resize=350%2C200","width":350,"height":200,"srcset":"https:\/\/i0.wp.com\/aynakol.org\/wp-content\/uploads\/2015\/07\/Banner2_Tour.jpg?fit=1200%2C390&resize=350%2C200 1x, https:\/\/i0.wp.com\/aynakol.org\/wp-content\/uploads\/2015\/07\/Banner2_Tour.jpg?fit=1200%2C390&resize=525%2C300 1.5x, https:\/\/i0.wp.com\/aynakol.org\/wp-content\/uploads\/2015\/07\/Banner2_Tour.jpg?fit=1200%2C390&resize=700%2C400 2x, https:\/\/i0.wp.com\/aynakol.org\/wp-content\/uploads\/2015\/07\/Banner2_Tour.jpg?fit=1200%2C390&resize=1050%2C600 3x"},"classes":[]},{"id":1559,"url":"http:\/\/aynakol.org\/?p=1559","url_meta":{"origin":1341,"position":3},"title":"#TDF2015 2. Dinlenme G\u00fcn\u00fc","author":"Ayd\u0131n Bez","date":"21 Temmuz 2015","format":false,"excerpt":"Pireneler geride kal\u0131rken art\u0131k Alplere do\u011fru ge\u00e7ebiliriz. Asl\u0131nda Pirenelerin son zirvesi\u00a0Plateau de Beille t\u0131rman\u0131\u015f\u0131ndan sonra u\u011frad\u0131\u011f\u0131m\u0131z Muret \u2192 Rodez, 199 km Rodez \u2192 Mende, 179 km Mende \u2192 Valence, 183 km Bourg-de-P\u00e9age \u2192 Gap, 201 km etaplar\u0131 ge\u00e7i\u015f de\u011fil s\u0131kl\u0131kla vurgulad\u0131\u011f\u0131m\u0131z gibi her biri bahar klasikleri tad\u0131ndayd\u0131. Pirenelerin ilk etab\u0131,\u00a0Tarbes\u2026","rel":"","context":"&quot;Grand Tour&quot; i\u00e7inde","block_context":{"text":"Grand Tour","link":"http:\/\/aynakol.org\/?cat=92"},"img":{"alt_text":"tdf2015_stage10_GC_favorites_climb_last_summit","src":"https:\/\/i0.wp.com\/aynakol.org\/wp-content\/uploads\/2015\/07\/tdf2015_stage10_GC_favorites_climb_last_summit-1024x335.jpg?resize=350%2C200","width":350,"height":200,"srcset":"https:\/\/i0.wp.com\/aynakol.org\/wp-content\/uploads\/2015\/07\/tdf2015_stage10_GC_favorites_climb_last_summit-1024x335.jpg?resize=350%2C200 1x, https:\/\/i0.wp.com\/aynakol.org\/wp-content\/uploads\/2015\/07\/tdf2015_stage10_GC_favorites_climb_last_summit-1024x335.jpg?resize=525%2C300 1.5x, https:\/\/i0.wp.com\/aynakol.org\/wp-content\/uploads\/2015\/07\/tdf2015_stage10_GC_favorites_climb_last_summit-1024x335.jpg?resize=700%2C400 2x"},"classes":[]},{"id":1388,"url":"http:\/\/aynakol.org\/?p=1388","url_meta":{"origin":1341,"position":4},"title":"#TDF2015 7. Etap: Livarot \u2192 Foug\u00e8res, 191 km","author":"Ayd\u0131n Bez","date":"10 Temmuz 2015","format":false,"excerpt":"7. etap incelemesine ge\u00e7meden \u00f6nce k\u0131sa bir \u00f6zet: Etixx-QuickStep ayn\u0131 g\u00fcnde hem sevindi hem \u00fcz\u00fcld\u00fc. Sevindi, \u00e7\u00fcnk\u00fc etab\u0131 Zdenek Stybar son 500 metre kala yapt\u0131\u011f\u0131 atakla kazan\u0131rken, \u00fcz\u00fcld\u00fcler, \u00e7\u00fcnk\u00fc Sar\u0131 Mayoyu ta\u015f\u0131yan Tony Martin'in bitime son 900 metre kala ge\u00e7irdi\u011fi kaza sonras\u0131 k\u0131r\u0131lan k\u00f6p\u00fcrc\u00fck kemi\u011fi y\u00fcz\u00fcnden Turu b\u0131rakt\u0131. D\u00fcnk\u00fc etapta\u2026","rel":"","context":"&quot;Grand Tour&quot; i\u00e7inde","block_context":{"text":"Grand Tour","link":"http:\/\/aynakol.org\/?cat=92"},"img":{"alt_text":"","src":"https:\/\/i0.wp.com\/aynakol.org\/wp-content\/uploads\/2015\/07\/Banner2_Tour.jpg?fit=1200%2C390&resize=350%2C200","width":350,"height":200,"srcset":"https:\/\/i0.wp.com\/aynakol.org\/wp-content\/uploads\/2015\/07\/Banner2_Tour.jpg?fit=1200%2C390&resize=350%2C200 1x, https:\/\/i0.wp.com\/aynakol.org\/wp-content\/uploads\/2015\/07\/Banner2_Tour.jpg?fit=1200%2C390&resize=525%2C300 1.5x, https:\/\/i0.wp.com\/aynakol.org\/wp-content\/uploads\/2015\/07\/Banner2_Tour.jpg?fit=1200%2C390&resize=700%2C400 2x, https:\/\/i0.wp.com\/aynakol.org\/wp-content\/uploads\/2015\/07\/Banner2_Tour.jpg?fit=1200%2C390&resize=1050%2C600 3x"},"classes":[]},{"id":1621,"url":"http:\/\/aynakol.org\/?p=1621","url_meta":{"origin":1341,"position":5},"title":"#TDF2015 21. Etap: S\u00e8vres \u2192 Champs-Elys\u00e9es, 110 km","author":"Ayd\u0131n Bez","date":"25 Temmuz 2015","format":false,"excerpt":"Art\u0131k zafer turu. 21 g\u00fcn boyunca Bel\u00e7ikadan ya\u011fmurlu Hollanda topraklar\u0131na, oradan yetmezmi\u015f gibi kuzeyin ta\u015fl\u0131 yollar\u0131ndan Arenberg ormanlar\u0131na, deniz k\u0131y\u0131s\u0131na, Bretania - Breton krall\u0131\u011f\u0131 topraklar\u0131na inip durmaks\u0131z\u0131n g\u00fcneye, Pirenelere uzand\u0131k ve sadece iki g\u00fcn dinlenip kendimizi Alplerde bulduk ve \u015fimdi Paristeyiz! 22 tak\u0131m, 198 pedal ve bir o kadar da\u2026","rel":"","context":"&quot;Grand Tour&quot; i\u00e7inde","block_context":{"text":"Grand Tour","link":"http:\/\/aynakol.org\/?cat=92"},"img":{"alt_text":"","src":"https:\/\/i0.wp.com\/aynakol.org\/wp-content\/uploads\/2015\/07\/le-tour-sunflowers_crop.jpg?fit=500%2C247&resize=350%2C200","width":350,"height":200},"classes":[]}],"_links":{"self":[{"href":"http:\/\/aynakol.org\/index.php?rest_route=\/wp\/v2\/posts\/1341","targetHints":{"allow":["GET"]}}],"collection":[{"href":"http:\/\/aynakol.org\/index.php?rest_route=\/wp\/v2\/posts"}],"about":[{"href":"http:\/\/aynakol.org\/index.php?rest_route=\/wp\/v2\/types\/post"}],"author":[{"embeddable":true,"href":"http:\/\/aynakol.org\/index.php?rest_route=\/wp\/v2\/users\/1"}],"replies":[{"embeddable":true,"href":"http:\/\/aynakol.org\/index.php?rest_route=%2Fwp%2Fv2%2Fcomments&post=1341"}],"version-history":[{"count":8,"href":"http:\/\/aynakol.org\/index.php?rest_route=\/wp\/v2\/posts\/1341\/revisions"}],"predecessor-version":[{"id":1370,"href":"http:\/\/aynakol.org\/index.php?rest_route=\/wp\/v2\/posts\/1341\/revisions\/1370"}],"wp:featuredmedia":[{"embeddable":true,"href":"http:\/\/aynakol.org\/index.php?rest_route=\/wp\/v2\/media\/1300"}],"wp:attachment":[{"href":"http:\/\/aynakol.org\/index.php?rest_route=%2Fwp%2Fv2%2Fmedia&parent=1341"}],"wp:term":[{"taxonomy":"category","embeddable":true,"href":"http:\/\/aynakol.org\/index.php?rest_route=%2Fwp%2Fv2%2Fcategories&post=1341"},{"taxonomy":"post_tag","embeddable":true,"href":"http:\/\/aynakol.org\/index.php?rest_route=%2Fwp%2Fv2%2Ftags&post=1341"}],"curies":[{"name":"wp","href":"https:\/\/api.w.org\/{rel}","templated":true}]}}