{"id":1367,"date":"2015-07-08T23:28:54","date_gmt":"2015-07-08T20:28:54","guid":{"rendered":"http:\/\/aynakol.org\/?p=1367"},"modified":"2015-07-10T00:41:22","modified_gmt":"2015-07-09T21:41:22","slug":"tdf2015-6-etap-abbeville-%e2%86%92-le-havre-192-km-inisli-cikisli","status":"publish","type":"post","link":"http:\/\/aynakol.org\/?p=1367","title":{"rendered":"#TDF2015 6. Etap: Abbeville \u2192 Le Havre, 192 km (ini\u015fli \u00e7\u0131k\u0131\u015fl\u0131)"},"content":{"rendered":"<p>6. etap incelemesine ge\u00e7meden \u00f6nce d\u00fcn <a href=\"http:\/\/aynakol.org\/?p=1341\" target=\"_blank\">Arras \u2192 Amiens M\u00e9tropole<\/a> aras\u0131nda pedallanan 190 km uzunlu\u011fundaki etab\u0131n k\u0131sa bir \u00f6zeti:<\/p>\n<ul>\n<li>Peloton yine g\u00fcn y\u00fcz\u00fc g\u00f6rmedi: ya\u011fmur, \u00e7apraz r\u00fczgar ve kazalar!<\/li>\n<li>Ya\u011fmur ya\u011fd\u0131k\u00e7a \u0131slanan yollarda gidon hakimiyetini kaybedenler d\u00fc\u015ft\u00fck\u00e7e bizim ekran ba\u015f\u0131nda can\u0131m\u0131z yand\u0131. Cofidis&#8217;ten Nacer Bouhanni \u00e7ok fena d\u00fc\u015ft\u00fc ve yar\u0131\u015f d\u0131\u015f\u0131 kald\u0131, ambulans ile hastaneye g\u00f6t\u00fcr\u00fcld\u00fc.<\/li>\n<li>Orica-GreenEdge tak\u0131m\u0131ndan Michael Matthews kal\u00e7as\u0131nda, dirse\u011finde ve dizindeki yaralara, kaburga k\u0131r\u0131\u011f\u0131na ve yandan, cepheden esen sert r\u00fczgara ra\u011fmen sele \u00fczerinde kalmay\u0131 ba\u015fard\u0131 ve Combatitive \u00f6d\u00fcl\u00fcne lay\u0131k g\u00f6r\u00fcld\u00fc. Kendisi ayn\u0131 zamanda <span style=\"color: #ffffff; background-color: #000000;\"><strong>Lanterne Rouge!<\/strong><\/span><\/li>\n<li>R\u00fczgar o kadar sertti ki peloton dipdibe, yanyana pedallad\u0131,<\/li>\n<li>derken r\u00fczgar\u0131 f\u0131rsat bilip en \u00f6nde tempoyu y\u00fckselten Etixx-QuickStep ve BMC tak\u0131mlar\u0131 pelotonu b\u00f6ld\u00fc,<\/li>\n<li>Toplu olarak sprint biti\u015fine girildi. Tony Martin tempoyu belirlerken hem Mark Cavendish&#8217;e etab\u0131 kazand\u0131rmak hem de sar\u0131 mayoyu bir g\u00fcn daha ta\u015f\u0131mak istiyordu.<\/li>\n<li>Son 1 km&#8217;ye girilirken Giant-Alpecin en \u00f6ne gelerek Etixx-quickStep&#8217;in ve di\u011fer tak\u0131mlar\u0131n trenlerini bozguna u\u011fratt\u0131 ama\u00a0<strong>Gorilla Andre Greipel&#8217;i\u00a0<\/strong>silkeleyemeyince etab\u0131 Greipel kazand\u0131.<\/li>\n<li><span style=\"background-color: #ffff00;\"><strong>Sar\u0131 Mayo<\/strong><\/span> h\u00e2l\u00e2 Tony martin&#8217;in s\u0131rt\u0131nda!<\/li>\n<\/ul>\n<p>Ayr\u0131ca her zamanki gibi Sarper G\u00fcnsal abimiz de \u015fahane bir \u00f6zet ge\u00e7mi\u015f, <strong><a href=\"http:\/\/sporlocasi.blogspot.com.tr\/2015\/07\/yagmur-ruzgar-ve-gozyas-2-etap.html\" target=\"_blank\">okuyunuz!<\/a>\u00a0<\/strong><\/p>\n<p>Birdi\u011fer\u00f6zet ise CyclistT\u00fcrkiyedergisinden&#8230;<script>\/\/ <![CDATA[\n(function(d, s, id) {  var js, fjs = d.getElementsByTagName(s)[0];  if (d.getElementById(id)) return;  js = d.createElement(s); js.id = id;  js.src = \"\/\/connect.facebook.net\/tr_TR\/sdk.js#xfbml=1&#038;version=v2.3\";  fjs.parentNode.insertBefore(js, fjs);}(document, 'script', 'facebook-jssdk'));\n\/\/ ]]><\/script><\/p>\n<div class=\"fb-post\" data-href=\"https:\/\/www.facebook.com\/cyclisttr\/posts\/1655743291328118:0\" data-width=\"500\">\n<div class=\"fb-xfbml-parse-ignore\">\n<blockquote cite=\"https:\/\/www.facebook.com\/cyclisttr\/posts\/1655743291328118:0\"><p>Greipel i\u00e7in sevin\u00e7, Bouhanni i\u00e7in g\u00f6zya\u015f\u0131.Fransa Turu\u2019nun 5. etab\u0131nda sprinterler ba\u015froldeydi. Kimisi istemeyerek de&#8230;<\/p>\n<p>Posted by <a href=\"https:\/\/www.facebook.com\/cyclisttr\">Cyclist T\u00fcrkiye<\/a> on\u00a0<a href=\"https:\/\/www.facebook.com\/cyclisttr\/posts\/1655743291328118:0\">8 Temmuz 2015 \u00c7ar\u015famba<\/a><\/p><\/blockquote>\n<p><a href=\"https:\/\/i0.wp.com\/aynakol.org\/wp-content\/uploads\/2015\/07\/wpid-wp-1436371838734.jpg\"><img data-recalc-dims=\"1\" loading=\"lazy\" decoding=\"async\" data-attachment-id=\"1359\" data-permalink=\"http:\/\/aynakol.org\/?attachment_id=1359\" data-orig-file=\"https:\/\/i0.wp.com\/aynakol.org\/wp-content\/uploads\/2015\/07\/wpid-wp-1436371838734.jpg?fit=1756%2C1172\" data-orig-size=\"1756,1172\" data-comments-opened=\"1\" data-image-meta=\"{&quot;aperture&quot;:&quot;0&quot;,&quot;credit&quot;:&quot;&quot;,&quot;camera&quot;:&quot;&quot;,&quot;caption&quot;:&quot;&quot;,&quot;created_timestamp&quot;:&quot;0&quot;,&quot;copyright&quot;:&quot;&quot;,&quot;focal_length&quot;:&quot;0&quot;,&quot;iso&quot;:&quot;0&quot;,&quot;shutter_speed&quot;:&quot;0&quot;,&quot;title&quot;:&quot;&quot;,&quot;orientation&quot;:&quot;0&quot;}\" data-image-title=\"wpid-wp-1436371838734.jpg\" data-image-description=\"\" data-image-caption=\"\" data-large-file=\"https:\/\/i0.wp.com\/aynakol.org\/wp-content\/uploads\/2015\/07\/wpid-wp-1436371838734.jpg?fit=860%2C574\" class=\"alignnone size-large wp-image-1359\" src=\"https:\/\/i0.wp.com\/aynakol.org\/wp-content\/uploads\/2015\/07\/wpid-wp-1436371838734.jpg?resize=705%2C470\" alt=\"wpid-wp-1436371838734.jpg\" width=\"705\" height=\"470\" srcset=\"https:\/\/i0.wp.com\/aynakol.org\/wp-content\/uploads\/2015\/07\/wpid-wp-1436371838734.jpg?resize=1024%2C683 1024w, https:\/\/i0.wp.com\/aynakol.org\/wp-content\/uploads\/2015\/07\/wpid-wp-1436371838734.jpg?resize=300%2C200 300w, https:\/\/i0.wp.com\/aynakol.org\/wp-content\/uploads\/2015\/07\/wpid-wp-1436371838734.jpg?resize=705%2C471 705w, https:\/\/i0.wp.com\/aynakol.org\/wp-content\/uploads\/2015\/07\/wpid-wp-1436371838734.jpg?w=1756 1756w\" sizes=\"auto, (max-width: 705px) 100vw, 705px\" \/><\/a><\/p>\n<\/div>\n<\/div>\n<p>&nbsp;<\/p>\n<p><strong>Etap \u0130ncelemesi<\/strong><\/p>\n<p><a href=\"http:\/\/www.letour.fr\/PHOTOS\/TDF\/2015\/600\/carte.pdf\" target=\"_blank\">Abbeville \u2192 Le Havre<\/a> aras\u0131nda pedallanacak 6. etap 192 km uzunlu\u011funda ve ini\u015fli \u00e7\u0131k\u0131\u015fl\u0131 bir profile sahip. Etap tam 4 adet CAT4 s\u0131n\u0131f\u0131ndan t\u0131rman\u0131\u015f bar\u0131nd\u0131r\u0131rken t\u0131rman\u0131\u015flardan birisi biti\u015fe ev sahipli\u011fi yaparken tam da puncheur stili pedallar i\u00e7in.<\/p>\n<p><a href=\"https:\/\/i0.wp.com\/aynakol.org\/wp-content\/uploads\/2015\/07\/tdf2015_stage6_profile.jpg\"><img data-recalc-dims=\"1\" loading=\"lazy\" decoding=\"async\" data-attachment-id=\"1369\" data-permalink=\"http:\/\/aynakol.org\/?attachment_id=1369\" data-orig-file=\"https:\/\/i0.wp.com\/aynakol.org\/wp-content\/uploads\/2015\/07\/tdf2015_stage6_profile.jpg?fit=1025%2C334\" data-orig-size=\"1025,334\" data-comments-opened=\"1\" data-image-meta=\"{&quot;aperture&quot;:&quot;0&quot;,&quot;credit&quot;:&quot;&quot;,&quot;camera&quot;:&quot;&quot;,&quot;caption&quot;:&quot;&quot;,&quot;created_timestamp&quot;:&quot;0&quot;,&quot;copyright&quot;:&quot;&quot;,&quot;focal_length&quot;:&quot;0&quot;,&quot;iso&quot;:&quot;0&quot;,&quot;shutter_speed&quot;:&quot;0&quot;,&quot;title&quot;:&quot;&quot;,&quot;orientation&quot;:&quot;0&quot;}\" data-image-title=\"tdf2015_stage6_profile\" data-image-description=\"\" data-image-caption=\"\" data-large-file=\"https:\/\/i0.wp.com\/aynakol.org\/wp-content\/uploads\/2015\/07\/tdf2015_stage6_profile.jpg?fit=860%2C281\" class=\"alignnone size-large wp-image-1369\" src=\"https:\/\/i0.wp.com\/aynakol.org\/wp-content\/uploads\/2015\/07\/tdf2015_stage6_profile.jpg?resize=705%2C230\" alt=\"tdf2015_stage6_profile\" width=\"705\" height=\"230\" srcset=\"https:\/\/i0.wp.com\/aynakol.org\/wp-content\/uploads\/2015\/07\/tdf2015_stage6_profile.jpg?resize=1024%2C334 1024w, https:\/\/i0.wp.com\/aynakol.org\/wp-content\/uploads\/2015\/07\/tdf2015_stage6_profile.jpg?resize=300%2C98 300w, https:\/\/i0.wp.com\/aynakol.org\/wp-content\/uploads\/2015\/07\/tdf2015_stage6_profile.jpg?resize=705%2C230 705w, https:\/\/i0.wp.com\/aynakol.org\/wp-content\/uploads\/2015\/07\/tdf2015_stage6_profile.jpg?w=1025 1025w\" sizes=\"auto, (max-width: 705px) 100vw, 705px\" \/><\/a><\/p>\n<ul>\n<li>Abbevilleden ba\u015flayacak etap g\u00fcn\u00fcn ilk t\u0131rman\u0131\u015f\u0131 olan 72. km&#8217;deki CAT4 S\u0131n\u0131f\u0131nda yer alan 18.8 km uzunlu\u011funda %4.4 ortalama e\u011fime sahip\u00a0C\u00f4te de Dieppe ge\u00e7ilir ge\u00e7ilmez deniz k\u0131y\u0131s\u0131na ula\u015facak ve peloton denizden gelen r\u00fczgarla bo\u011fu\u015facak.<\/li>\n<li>T\u0131rman\u0131\u015f bitip de daha yeni d\u00fcze gelmi\u015fken peloton bu kez de\u00a0C\u00f4te de Pourville-sur-Mer (CAT4) t\u0131rman\u0131\u015f\u0131na ba\u015flayacak: 2 km, ortalama e\u011fim %4.5<\/li>\n<li>Etab\u0131n 145. kilometresinde yer alan sprint kap\u0131s\u0131ndan ka\u00e7anlar yakalanmad\u0131ysa puanlar\u0131 alacak, kalan en b\u00fcy\u00fck puan da <span style=\"background-color: #339966;\"><strong>ye\u015fil mayoyu<\/strong><\/span> ta\u015f\u0131yan Andre Greipel&#8217;e kalacakt\u0131r.<\/li>\n<li>162. km&#8217;de CAT4 s\u0131n\u0131f\u0131ndaki\u00a01.6 km uzunlu\u011funda %5.6 ortalama e\u011fime sahip\u00a0C\u00f4te du Tilleul t\u0131rman\u0131\u015f\u0131 yer al\u0131yor,<\/li>\n<\/ul>\n<p><a href=\"https:\/\/i0.wp.com\/aynakol.org\/wp-content\/uploads\/2015\/07\/tdf2015_stage6_finish_profile.jpg\"><img data-recalc-dims=\"1\" loading=\"lazy\" decoding=\"async\" data-attachment-id=\"1368\" data-permalink=\"http:\/\/aynakol.org\/?attachment_id=1368\" data-orig-file=\"https:\/\/i0.wp.com\/aynakol.org\/wp-content\/uploads\/2015\/07\/tdf2015_stage6_finish_profile.jpg?fit=600%2C408\" data-orig-size=\"600,408\" data-comments-opened=\"1\" data-image-meta=\"{&quot;aperture&quot;:&quot;0&quot;,&quot;credit&quot;:&quot;&quot;,&quot;camera&quot;:&quot;&quot;,&quot;caption&quot;:&quot;&quot;,&quot;created_timestamp&quot;:&quot;0&quot;,&quot;copyright&quot;:&quot;&quot;,&quot;focal_length&quot;:&quot;0&quot;,&quot;iso&quot;:&quot;0&quot;,&quot;shutter_speed&quot;:&quot;0&quot;,&quot;title&quot;:&quot;&quot;,&quot;orientation&quot;:&quot;0&quot;}\" data-image-title=\"tdf2015_stage6_finish_profile\" data-image-description=\"\" data-image-caption=\"\" data-large-file=\"https:\/\/i0.wp.com\/aynakol.org\/wp-content\/uploads\/2015\/07\/tdf2015_stage6_finish_profile.jpg?fit=600%2C408\" class=\"alignnone size-full wp-image-1368\" src=\"https:\/\/i0.wp.com\/aynakol.org\/wp-content\/uploads\/2015\/07\/tdf2015_stage6_finish_profile.jpg?resize=600%2C408\" alt=\"tdf2015_stage6_finish_profile\" width=\"600\" height=\"408\" srcset=\"https:\/\/i0.wp.com\/aynakol.org\/wp-content\/uploads\/2015\/07\/tdf2015_stage6_finish_profile.jpg?w=600 600w, https:\/\/i0.wp.com\/aynakol.org\/wp-content\/uploads\/2015\/07\/tdf2015_stage6_finish_profile.jpg?resize=300%2C204 300w\" sizes=\"auto, (max-width: 600px) 100vw, 600px\" \/><\/a><\/p>\n<ul>\n<li>C\u00f4te du Tilleul t\u0131rman\u0131ld\u0131ktan sonra peloton 185. km&#8217;ye dek ayn\u0131 rak\u0131mda pedallayacak ve sonra deniz seviyesine inip 850 metre uzunlu\u011funda anl\u0131k e\u011fimi %7 civar\u0131ndaki C\u00f4te d&#8217;Ingouville t\u0131rman\u0131\u015f\u0131na ba\u015flayacak. Puncheur sprinter ve all-round pedallar\u0131n \u015fans\u0131 safkanlara g\u00f6re daha fazla. Genel klasman favorileri ise buray\u0131 dikkate dahi almayacaklar\u0131 gibi zaman fark\u0131n\u0131 korumaya ve kazaya kar\u0131\u015fmamaya \u00e7abalayacakt\u0131r.<\/li>\n<\/ul>\n<p>Etab\u0131n i\u00e7erdi\u011fi 4 adet CAT4 t\u0131rman\u0131\u015f\u0131 ka\u00e7\u0131\u015f grubunda kendini g\u00f6stermek isteyen t\u0131rman\u0131\u015f\u00e7\u0131lar i\u00e7in iyi bir f\u0131rsat olaca\u011f\u0131 gibi biz, ekran ba\u015f\u0131ndakiler i\u00e7in de heyecan verici olacak.<\/p>\n<p><strong>Daha fazlas\u0131 i\u00e7in:<\/strong><\/p>\n<ul>\n<li>6. etap hakk\u0131nda her \u015fey:<a href=\"http:\/\/www.steephill.tv\/tour-de-france\/#06-preview-2015\" target=\"_blank\"> SteepHill.TV<\/a><\/li>\n<li><a href=\"http:\/\/www.procyclingstats.com\/race\/Tour_de_France_2015_Stage_6_Le_Havre\" target=\"_blank\">S\u0131ral\u0131 tam liste<\/a><\/li>\n<li>6. etap incelemesi, favoriler\u00a0ve daha fazlas\u0131: <a href=\"http:\/\/www.c-cycling.com\/sites\/Tour_de_France_2015\/stage6_preview.html\" target=\"_blank\">C-Cyling.com<\/a> &#8211; <a href=\"http:\/\/www.cyclingnews.com\/tour-de-france\/stage-6\" target=\"_blank\">CyclingNews.com<\/a><\/li>\n<\/ul>\n<p><strong>Etap Sonras\u0131<\/strong><\/p>\n<p>192 km uzunlu\u011fundaki 6. etapta kazanan Etixx-QuicStep tak\u0131m\u0131n\u0131n \u00c7ek pedal\u0131 Zdenek Stybar olurken kaybedeni de tak\u0131m arkada\u015f\u0131, Sar\u0131 Mayoyu ta\u015f\u0131yan Tony Martin oldu.<\/p>\n<p><a href=\"https:\/\/i0.wp.com\/aynakol.org\/wp-content\/uploads\/2015\/07\/wpid-wp-1436475336110.jpg\"><img data-recalc-dims=\"1\" loading=\"lazy\" decoding=\"async\" data-attachment-id=\"1381\" data-permalink=\"http:\/\/aynakol.org\/?attachment_id=1381\" data-orig-file=\"https:\/\/i0.wp.com\/aynakol.org\/wp-content\/uploads\/2015\/07\/wpid-wp-1436475336110.jpg?fit=1023%2C682\" data-orig-size=\"1023,682\" data-comments-opened=\"1\" data-image-meta=\"{&quot;aperture&quot;:&quot;0&quot;,&quot;credit&quot;:&quot;&quot;,&quot;camera&quot;:&quot;&quot;,&quot;caption&quot;:&quot;&quot;,&quot;created_timestamp&quot;:&quot;0&quot;,&quot;copyright&quot;:&quot;&quot;,&quot;focal_length&quot;:&quot;0&quot;,&quot;iso&quot;:&quot;0&quot;,&quot;shutter_speed&quot;:&quot;0&quot;,&quot;title&quot;:&quot;&quot;,&quot;orientation&quot;:&quot;0&quot;}\" data-image-title=\"wpid-wp-1436475336110.jpg\" data-image-description=\"\" data-image-caption=\"\" data-large-file=\"https:\/\/i0.wp.com\/aynakol.org\/wp-content\/uploads\/2015\/07\/wpid-wp-1436475336110.jpg?fit=860%2C573\" class=\"alignnone size-full wp-image-1381\" src=\"https:\/\/i0.wp.com\/aynakol.org\/wp-content\/uploads\/2015\/07\/wpid-wp-1436475336110.jpg?resize=860%2C573\" alt=\"wpid-wp-1436475336110.jpg\" width=\"860\" height=\"573\" srcset=\"https:\/\/i0.wp.com\/aynakol.org\/wp-content\/uploads\/2015\/07\/wpid-wp-1436475336110.jpg?w=1023 1023w, https:\/\/i0.wp.com\/aynakol.org\/wp-content\/uploads\/2015\/07\/wpid-wp-1436475336110.jpg?resize=300%2C200 300w, https:\/\/i0.wp.com\/aynakol.org\/wp-content\/uploads\/2015\/07\/wpid-wp-1436475336110.jpg?resize=705%2C470 705w\" sizes=\"auto, (max-width: 860px) 100vw, 860px\" \/><\/a><\/p>\n<p><span id=\"fbPhotoSnowliftCaption\" class=\"fbPhotosPhotoCaption\" tabindex=\"0\" data-ft=\"{&quot;tn&quot;:&quot;K&quot;}\"><span class=\"hasCaption\">Ama as\u0131l etaba damgas\u0131n\u0131 vuran bitime metreler kala Sar\u0131 Mayoyu ta\u015f\u0131yan Tony Martin&#8217;in dengesini kaybederek yan\u0131ndaki ba\u015fka bir tak\u0131m\u0131n sporcusuna \u00e7arp\u0131p yere d\u00fc\u015fmesi ve pe\u015finden biti\u015fe odaklanan bir\u00e7ok sporcunun da kazaya kar\u0131\u015fmas\u0131 ol<span class=\"text_exposed_show\">du, d\u00fc\u015fenler i\u00e7inde aralar\u0131nda Nibali ve Quintana da vard\u0131. Uzun s\u00fcre yerden kalkamayan Tony Martin&#8217;in sol kolunu hareket ettiremedi\u011fi g\u00f6r\u00fcl\u00fcrken tak\u0131m arkada\u015flar\u0131n\u0131n deste\u011fiyle biti\u015fe pedallad\u0131.<\/span><\/span><\/span><\/p>\n<p><span id=\"fbPhotoSnowliftCaption\" class=\"fbPhotosPhotoCaption\" tabindex=\"0\" data-ft=\"{&quot;tn&quot;:&quot;K&quot;}\"><span class=\"hasCaption\"><span class=\"text_exposed_show\"><a href=\"https:\/\/i0.wp.com\/aynakol.org\/wp-content\/uploads\/2015\/07\/wpid-img_20150709_190813.jpg\"><img data-recalc-dims=\"1\" loading=\"lazy\" decoding=\"async\" data-attachment-id=\"1379\" data-permalink=\"http:\/\/aynakol.org\/?attachment_id=1379\" data-orig-file=\"https:\/\/i0.wp.com\/aynakol.org\/wp-content\/uploads\/2015\/07\/wpid-img_20150709_190813.jpg?fit=1024%2C768\" data-orig-size=\"1024,768\" data-comments-opened=\"1\" data-image-meta=\"{&quot;aperture&quot;:&quot;0&quot;,&quot;credit&quot;:&quot;&quot;,&quot;camera&quot;:&quot;&quot;,&quot;caption&quot;:&quot;&quot;,&quot;created_timestamp&quot;:&quot;0&quot;,&quot;copyright&quot;:&quot;&quot;,&quot;focal_length&quot;:&quot;0&quot;,&quot;iso&quot;:&quot;0&quot;,&quot;shutter_speed&quot;:&quot;0&quot;,&quot;title&quot;:&quot;&quot;,&quot;orientation&quot;:&quot;0&quot;}\" data-image-title=\"wpid-img_20150709_190813.jpg\" data-image-description=\"\" data-image-caption=\"\" data-large-file=\"https:\/\/i0.wp.com\/aynakol.org\/wp-content\/uploads\/2015\/07\/wpid-img_20150709_190813.jpg?fit=860%2C645\" class=\"alignnone size-large wp-image-1379\" src=\"https:\/\/i0.wp.com\/aynakol.org\/wp-content\/uploads\/2015\/07\/wpid-img_20150709_190813.jpg?resize=705%2C529\" alt=\"wpid-img_20150709_190813.jpg\" width=\"705\" height=\"529\" srcset=\"https:\/\/i0.wp.com\/aynakol.org\/wp-content\/uploads\/2015\/07\/wpid-img_20150709_190813.jpg?w=1024 1024w, https:\/\/i0.wp.com\/aynakol.org\/wp-content\/uploads\/2015\/07\/wpid-img_20150709_190813.jpg?resize=300%2C225 300w, https:\/\/i0.wp.com\/aynakol.org\/wp-content\/uploads\/2015\/07\/wpid-img_20150709_190813.jpg?resize=705%2C529 705w\" sizes=\"auto, (max-width: 705px) 100vw, 705px\" \/><\/a><\/p>\n<p>Etab\u0131n sonunda Stybar atak yap\u0131p zafere giderken son 200 metre kalmas\u0131na kar\u015f\u0131n gereksiz bir kedi fare oyununa imza atan Peter Sagan ile Alexander Kristoff etap zaferinden de oldu. Oysa bug\u00fcnk\u00fc etap ikilinin profillerine \u00e7ok uygundu.<\/p>\n<p><\/span><\/span><\/span><iframe loading=\"lazy\" src=\"https:\/\/www.youtube.com\/embed\/UoZ4oL8lrT8\" width=\"560\" height=\"315\" frameborder=\"0\" allowfullscreen=\"allowfullscreen\"><\/iframe><\/p>\n<p>Ak\u015fam \u00fczeri Etixx-QuickStep tak\u0131m\u0131ndan Tony Martin&#8217;in k\u00f6p\u00fcrc\u00fck kemi\u011fi k\u0131r\u0131ld\u0131\u011f\u0131 ve ameliyata al\u0131nmas\u0131 gerekti\u011fi i\u00e7in yar\u0131n yar\u0131\u015fa devam edemeyece\u011fi a\u00e7\u0131klan\u0131nca sar\u0131 mayoyu yar\u0131n Chris Froome giyecek. Turun ba\u015f\u0131ndan beri bir sar\u0131 mayo laneti s\u00fcr\u00fcyor, umar\u0131z Froome etkilenmez!<\/p>\n<p><a href=\"https:\/\/i0.wp.com\/aynakol.org\/wp-content\/uploads\/2015\/07\/wpid-wp-1436475343428.jpg\"><img data-recalc-dims=\"1\" loading=\"lazy\" decoding=\"async\" data-attachment-id=\"1383\" data-permalink=\"http:\/\/aynakol.org\/?attachment_id=1383\" data-orig-file=\"https:\/\/i0.wp.com\/aynakol.org\/wp-content\/uploads\/2015\/07\/wpid-wp-1436475343428.jpg?fit=670%2C446\" data-orig-size=\"670,446\" data-comments-opened=\"1\" data-image-meta=\"{&quot;aperture&quot;:&quot;0&quot;,&quot;credit&quot;:&quot;&quot;,&quot;camera&quot;:&quot;&quot;,&quot;caption&quot;:&quot;&quot;,&quot;created_timestamp&quot;:&quot;0&quot;,&quot;copyright&quot;:&quot;&quot;,&quot;focal_length&quot;:&quot;0&quot;,&quot;iso&quot;:&quot;0&quot;,&quot;shutter_speed&quot;:&quot;0&quot;,&quot;title&quot;:&quot;&quot;,&quot;orientation&quot;:&quot;0&quot;}\" data-image-title=\"wpid-wp-1436475343428.jpg\" data-image-description=\"\" data-image-caption=\"\" data-large-file=\"https:\/\/i0.wp.com\/aynakol.org\/wp-content\/uploads\/2015\/07\/wpid-wp-1436475343428.jpg?fit=670%2C446\" class=\"alignnone size-full wp-image-1383\" src=\"https:\/\/i0.wp.com\/aynakol.org\/wp-content\/uploads\/2015\/07\/wpid-wp-1436475343428.jpg?resize=670%2C446\" alt=\"wpid-wp-1436475343428.jpg\" width=\"670\" height=\"446\" srcset=\"https:\/\/i0.wp.com\/aynakol.org\/wp-content\/uploads\/2015\/07\/wpid-wp-1436475343428.jpg?w=670 670w, https:\/\/i0.wp.com\/aynakol.org\/wp-content\/uploads\/2015\/07\/wpid-wp-1436475343428.jpg?resize=300%2C200 300w\" sizes=\"auto, (max-width: 670px) 100vw, 670px\" \/><\/a><\/p>\n<p>Ayr\u0131ca bu sene Fransa Bisiklet Turuna wildcard daveti ile kat\u0131lan MTN-Qhubeka tak\u0131m\u0131n\u0131n Afrikal\u0131 pedal\u0131 Daniel Teklehaimanot etab\u0131n bitmesine 10 km kala yakalanana dek ka\u00e7\u0131\u015f grubunda yer alarak da\u011flar\u0131n kral\u0131 puanlar\u0131n\u0131 toplad\u0131 ve turun tarihinde bir ilke imza att\u0131: Polka-Dot mayo taripte ilk defa siyahi bir Afrikal\u0131n\u0131n s\u0131rt\u0131nda!<\/p>\n<div id=\"attachment_1385\" style=\"width: 1011px\" class=\"wp-caption alignnone\"><a href=\"https:\/\/i0.wp.com\/aynakol.org\/wp-content\/uploads\/2015\/07\/tdf2015_stage6_Daniel_Teklehaimanot.jpg\"><img data-recalc-dims=\"1\" loading=\"lazy\" decoding=\"async\" aria-describedby=\"caption-attachment-1385\" data-attachment-id=\"1385\" data-permalink=\"http:\/\/aynakol.org\/?attachment_id=1385\" data-orig-file=\"https:\/\/i0.wp.com\/aynakol.org\/wp-content\/uploads\/2015\/07\/tdf2015_stage6_Daniel_Teklehaimanot.jpg?fit=1001%2C666\" data-orig-size=\"1001,666\" data-comments-opened=\"1\" data-image-meta=\"{&quot;aperture&quot;:&quot;5.3&quot;,&quot;credit&quot;:&quot;&quot;,&quot;camera&quot;:&quot;NIKON D3S&quot;,&quot;caption&quot;:&quot;2015, Tour de France, tappa 06 Abbeville - Le Havre, Mtn - Qhubeka 2015, Teklehaimanot Daniel, Le Havre&quot;,&quot;created_timestamp&quot;:&quot;1436465171&quot;,&quot;copyright&quot;:&quot;&quot;,&quot;focal_length&quot;:&quot;100&quot;,&quot;iso&quot;:&quot;1100&quot;,&quot;shutter_speed&quot;:&quot;0.002&quot;,&quot;title&quot;:&quot;PIC546611405&quot;,&quot;orientation&quot;:&quot;1&quot;}\" data-image-title=\"PIC546611405\" data-image-description=\"\" data-image-caption=\"&lt;p&gt;2015, Tour de France, tappa 06 Abbeville &amp;#8211; Le Havre, Mtn &amp;#8211; Qhubeka 2015, Teklehaimanot Daniel, Le Havre&lt;\/p&gt;\n\" data-large-file=\"https:\/\/i0.wp.com\/aynakol.org\/wp-content\/uploads\/2015\/07\/tdf2015_stage6_Daniel_Teklehaimanot.jpg?fit=860%2C572\" class=\"size-full wp-image-1385\" src=\"https:\/\/i0.wp.com\/aynakol.org\/wp-content\/uploads\/2015\/07\/tdf2015_stage6_Daniel_Teklehaimanot.jpg?resize=860%2C572\" alt=\"2015, Tour de France, tappa 06 Abbeville - Le Havre, Mtn - Qhubeka 2015, Teklehaimanot Daniel, Le Havre\" width=\"860\" height=\"572\" srcset=\"https:\/\/i0.wp.com\/aynakol.org\/wp-content\/uploads\/2015\/07\/tdf2015_stage6_Daniel_Teklehaimanot.jpg?w=1001 1001w, https:\/\/i0.wp.com\/aynakol.org\/wp-content\/uploads\/2015\/07\/tdf2015_stage6_Daniel_Teklehaimanot.jpg?resize=300%2C200 300w, https:\/\/i0.wp.com\/aynakol.org\/wp-content\/uploads\/2015\/07\/tdf2015_stage6_Daniel_Teklehaimanot.jpg?resize=705%2C469 705w\" sizes=\"auto, (max-width: 860px) 100vw, 860px\" \/><\/a><p id=\"caption-attachment-1385\" class=\"wp-caption-text\">2015, Tour de France, tappa 06 Abbeville &#8211; Le Havre, Mtn &#8211; Qhubeka 2015, Teklehaimanot Daniel, Le Havre<\/p><\/div>\n<p>Etab\u0131n an be an takibini Ek\u015fi S\u00f6zl\u00fck yazar\u0131\u00a0<a href=\"https:\/\/eksisozluk.com\/biri\/zeddicus-zu-l-zorander\" target=\"_blank\"><strong>zeddicus zu l zorander<\/strong><\/a> <a href=\"https:\/\/eksisozluk.com\/entry\/53047559\" target=\"_blank\">dinliyoruz<\/a><\/p>\n<blockquote><p>900 metre kala bir kazan\u0131n meydana geldi\u011fi <a class=\"url\" title=\"http:\/\/www.steephill.tv\/players\/profile\/?race=tour-de-france&amp;stage=06&amp;year=2015&amp;src=http:\/\/www.steephill.tv\/2015\/tour-de-france\/profile-06.jpg\" href=\"http:\/\/www.steephill.tv\/players\/profile\/?race=tour-de-france&amp;stage=06&amp;year=2015&amp;src=http:\/\/www.steephill.tv\/2015\/tour-de-france\/profile-06.jpg\" target=\"_blank\" rel=\"nofollow\">6. etap<\/a>, yani 191.5 km&#8217;lik <a class=\"b\" href=\"https:\/\/eksisozluk.com\/?q=abbeville\">abbeville<\/a> \u203a <a class=\"b\" href=\"https:\/\/eksisozluk.com\/?q=le+havre\">le havre<\/a> etab\u0131n\u0131 <a class=\"b\" href=\"https:\/\/eksisozluk.com\/?q=zdenek+%c5%a1tybar\">zdenek \u0161tybar<\/a> kazand\u0131.<\/p>\n<p><a class=\"url\" title=\"https:\/\/pbs.twimg.com\/media\/CJe9uGyWEAAuP7E.jpg:large\" href=\"https:\/\/pbs.twimg.com\/media\/CJe9uGyWEAAuP7E.jpg:large\" target=\"_blank\" rel=\"nofollow\">https:\/\/pbs.twimg.com\/\u2026ia\/cje9ugyweaaup7e.jpg:large<\/a><br \/>\n<a class=\"url\" title=\"https:\/\/twitter.com\/letour\/status\/619173769995796480\" href=\"https:\/\/twitter.com\/letour\/status\/619173769995796480\" target=\"_blank\" rel=\"nofollow\">https:\/\/twitter.com\/\u2026tour\/status\/619173769995796480<\/a><\/p>\n<p>kazada sar\u0131 mayo <a class=\"b\" href=\"https:\/\/eksisozluk.com\/?q=tony+martin\">tony martin<\/a> d\u00fc\u015ft\u00fc, omzunu tutuyor. son 3 km i\u00e7inde oldu\u011fu i\u00e7in zaman kayb\u0131 ya\u015famayacak ama sakatl\u0131\u011f\u0131n\u0131n durumu pek iyi durmuyor. k\u00f6pr\u00fcc\u00fck kemi\u011fini k\u0131rm\u0131\u015f olabilir.<br \/>\n<a class=\"url\" title=\"https:\/\/pbs.twimg.com\/media\/CJe-3DVUAAAnWC3.jpg:large\" href=\"https:\/\/pbs.twimg.com\/media\/CJe-3DVUAAAnWC3.jpg:large\" target=\"_blank\" rel=\"nofollow\">https:\/\/pbs.twimg.com\/\u2026ia\/cje-3dvuaaanwc3.jpg:large<\/a><br \/>\n<a class=\"url\" title=\"https:\/\/pbs.twimg.com\/media\/CJe-4WxWIAIGnUP.png\" href=\"https:\/\/pbs.twimg.com\/media\/CJe-4WxWIAIGnUP.png\" target=\"_blank\" rel=\"nofollow\">https:\/\/pbs.twimg.com\/media\/cje-4wxwiaignup.png<\/a><br \/>\n<a class=\"url\" title=\"https:\/\/pbs.twimg.com\/media\/CJe-4QXW8AEMoaU.png\" href=\"https:\/\/pbs.twimg.com\/media\/CJe-4QXW8AEMoaU.png\" target=\"_blank\" rel=\"nofollow\">https:\/\/pbs.twimg.com\/media\/cje-4qxw8aemoau.png<\/a><\/p>\n<p>bir etixx&#8217;li etab\u0131 kazan\u0131rken, di\u011fer etixx&#8217;li sar\u0131 tony martin sakatland\u0131.<\/p>\n<p>188 bisiklet\u00e7i start ald\u0131. <a class=\"b\" href=\"https:\/\/eksisozluk.com\/?q=michael+albasini\">michael albasini<\/a> (orica-greenedge), d\u00fcnk\u00fc kazada kolunu k\u0131rd\u0131\u011f\u0131 i\u00e7in turdan \u00e7ekildi. orica i\u00e7in felaket bir tur. 6 ki\u015fi kald\u0131lar ve kalanlar\u0131n problemleri var. pazar g\u00fcnk\u00fc tak\u0131m zamana kar\u015f\u0131n\u0131n \u00f6ncesi \u00e7ok b\u00fcy\u00fck \u015fans\u0131zl\u0131k.<br \/>\n<a class=\"url\" title=\"https:\/\/pbs.twimg.com\/media\/CJd6mjNWoAAjSF_.jpg:large\" href=\"https:\/\/pbs.twimg.com\/media\/CJd6mjNWoAAjSF_.jpg:large\" target=\"_blank\" rel=\"nofollow\">https:\/\/pbs.twimg.com\/\u2026ia\/cjd6mjnwoaajsf_.jpg:large<\/a><\/p>\n<p>luis angel mat\u00e9 (cofidis), start verilir verilmez g\u00fcn\u00fcn ilk ata\u011f\u0131n\u0131 yapt\u0131 ama 3.5 km&#8217;de yakaland\u0131.<\/p>\n<p>5. km&#8217;de perrig qu\u00e9meneur (europcar), kenneth van bilsen (cofidis) ve daniel teklehaimanot (mtn-qhubeka), pelotondan ka\u00e7t\u0131lar.<br \/>\n<a class=\"url\" title=\"https:\/\/pbs.twimg.com\/media\/CJeL3YKUkAATa2F.png:large\" href=\"https:\/\/pbs.twimg.com\/media\/CJeL3YKUkAATa2F.png:large\" target=\"_blank\" rel=\"nofollow\">https:\/\/pbs.twimg.com\/\u2026ia\/cjel3ykukaata2f.png:large<\/a><\/p>\n<p>10. km&#8217;de fark 4.15, 20. km&#8217;de 7.20, 38. km&#8217;de 12.20 dk.<\/p>\n<p>141.5 km kala fark 9.25, 120 km kala 5.04 dk.<\/p>\n<p>arques-la-bataille \u015fatosunu ge\u00e7tik.<br \/>\n<a class=\"url\" title=\"https:\/\/pbs.twimg.com\/media\/CJeVpDHUwAAS0eJ.png:large\" href=\"https:\/\/pbs.twimg.com\/media\/CJeVpDHUwAAS0eJ.png:large\" target=\"_blank\" rel=\"nofollow\">https:\/\/pbs.twimg.com\/\u2026ia\/cjevpdhuwaas0ej.png:large<\/a><\/p>\n<p><a class=\"b\" href=\"https:\/\/eksisozluk.com\/?q=dieppe\">dieppe<\/a>&#8216;den ge\u00e7ildi.<br \/>\n<a class=\"url\" title=\"https:\/\/pbs.twimg.com\/media\/CJeVunyWEAAAtUt.jpg:large\" href=\"https:\/\/pbs.twimg.com\/media\/CJeVunyWEAAAtUt.jpg:large\" target=\"_blank\" rel=\"nofollow\">https:\/\/pbs.twimg.com\/\u2026ia\/cjevunyweaaatut.jpg:large<\/a><\/p>\n<p>119.6 km kala, 4. kategoriden <a class=\"b\" href=\"https:\/\/eksisozluk.com\/?q=c%c3%b4te+de+dieppe\">c\u00f4te de dieppe<\/a> (85 m y\u00fckseklik, 1.8 km uzunluk, %4 ortalama e\u011fim) t\u0131rman\u0131\u015f\u0131n\u0131 ilk s\u0131rada ge\u00e7en daniel teklehaimanot 1 puan ald\u0131.<br \/>\n<a class=\"url\" title=\"https:\/\/pbs.twimg.com\/media\/CJeX5XVVEAQYDQi.png:large\" href=\"https:\/\/pbs.twimg.com\/media\/CJeX5XVVEAQYDQi.png:large\" target=\"_blank\" rel=\"nofollow\">https:\/\/pbs.twimg.com\/\u2026ia\/cjex5xvveaqydqi.png:large<\/a><\/p>\n<p>peloton zirveden 4.33 dk sonra ge\u00e7ti.<\/p>\n<p>dieppe k\u0131y\u0131lar\u0131ndan ge\u00e7meye devam.<br \/>\n<a class=\"url\" title=\"https:\/\/pbs.twimg.com\/media\/CJeWdYwWgAEC3QE.png:large\" href=\"https:\/\/pbs.twimg.com\/media\/CJeWdYwWgAEC3QE.png:large\" target=\"_blank\" rel=\"nofollow\">https:\/\/pbs.twimg.com\/\u2026ia\/cjewdywwgaec3qe.png:large<\/a><\/p>\n<p>114 km kala, 4. kategoriden <a class=\"b\" href=\"https:\/\/eksisozluk.com\/?q=c%c3%b4te+de+pourville-sur-mer\">c\u00f4te de pourville-sur-mer<\/a> (97 m y\u00fckseklik, 2 km uzunluk, %4.5 ortalama e\u011fim) t\u0131rman\u0131\u015f\u0131n\u0131 ilk s\u0131rada ge\u00e7en daniel teklehaimanot 1 puan ald\u0131. kenneth van bilsen ile puan\u0131 almak i\u00e7in b\u00fcy\u00fck bir m\u00fccadele verdi.<br \/>\n<a class=\"url\" title=\"https:\/\/pbs.twimg.com\/media\/CJeXbOeUwAA59yZ.png:large\" href=\"https:\/\/pbs.twimg.com\/media\/CJeXbOeUwAA59yZ.png:large\" target=\"_blank\" rel=\"nofollow\">https:\/\/pbs.twimg.com\/\u2026ia\/cjexboeuwaa59yz.png:large<\/a><\/p>\n<p>peloton 5.06 dk sonra zirveden ge\u00e7ti.<\/p>\n<p>111.5 km kala tony martin teknik bir sorun ya\u015fad\u0131.<\/p>\n<p>107 km kala fark 5.04 dk.<br \/>\n<a class=\"url\" title=\"https:\/\/pbs.twimg.com\/media\/CJeZk7pWoAAZgsj.jpg:large\" href=\"https:\/\/pbs.twimg.com\/media\/CJeZk7pWoAAZgsj.jpg:large\" target=\"_blank\" rel=\"nofollow\">https:\/\/pbs.twimg.com\/\u2026ia\/cjezk7pwoaazgsj.jpg:large<\/a><\/p>\n<p>100 km kala fark 4.36 dk.<br \/>\n<a class=\"url\" title=\"https:\/\/pbs.twimg.com\/media\/CJeb5IdUYAA017A.png\" href=\"https:\/\/pbs.twimg.com\/media\/CJeb5IdUYAA017A.png\" target=\"_blank\" rel=\"nofollow\">https:\/\/pbs.twimg.com\/media\/cjeb5iduyaa017a.png<\/a><br \/>\n<a class=\"url\" title=\"https:\/\/pbs.twimg.com\/media\/CJeb1YgWIAEjrqS.jpg:large\" href=\"https:\/\/pbs.twimg.com\/media\/CJeb1YgWIAEjrqS.jpg:large\" target=\"_blank\" rel=\"nofollow\">https:\/\/pbs.twimg.com\/\u2026ia\/cjeb1ygwiaejrqs.jpg:large<\/a><\/p>\n<p>alejandro valverde ufak bir kaza yapm\u0131\u015f ama sorun yok deniyor.<\/p>\n<p>86.5 km kala fark 4.42 dk. 17 derece s\u0131cakl\u0131k, %60 nem ile etap olduk\u00e7a sakin ge\u00e7iyor. \u00f6nceki etaplardaki olaylardan sonra bisiklet\u00e7iler, aktif dinlenme ile fark\u0131 \u00e7ok a\u00e7t\u0131rmadan sakince gidiyor.<\/p>\n<p>y\u00fcksek gerilim hatlar\u0131 ile u\u011fra\u015fan sar\u0131 k\u0131yafetli vatanda\u015flar.<br \/>\n<a class=\"url\" title=\"https:\/\/pbs.twimg.com\/media\/CJehgKLUwAAUAFj.png:large\" href=\"https:\/\/pbs.twimg.com\/media\/CJehgKLUwAAUAFj.png:large\" target=\"_blank\" rel=\"nofollow\">https:\/\/pbs.twimg.com\/\u2026ia\/cjehgkluwaauafj.png:large<\/a><br \/>\n<a class=\"url\" title=\"https:\/\/pbs.twimg.com\/media\/CJeh6QyVEAAJl5b.png:large\" href=\"https:\/\/pbs.twimg.com\/media\/CJeh6QyVEAAJl5b.png:large\" target=\"_blank\" rel=\"nofollow\">https:\/\/pbs.twimg.com\/\u2026ia\/cjeh6qyveaajl5b.png:large<\/a><br \/>\n<a class=\"url\" title=\"https:\/\/pbs.twimg.com\/media\/CJeiMbRUwAAOuVW.png:large\" href=\"https:\/\/pbs.twimg.com\/media\/CJeiMbRUwAAOuVW.png:large\" target=\"_blank\" rel=\"nofollow\">https:\/\/pbs.twimg.com\/\u2026ia\/cjeimbruwaaouvw.png:large<\/a><\/p>\n<p>conti kameraya selam \u00e7ak\u0131p, g\u00fcl\u00fcc\u00fck g\u00f6nderdi.<br \/>\n<a class=\"url\" title=\"https:\/\/pbs.twimg.com\/media\/CJemGXDUAAAgzGp.jpg\" href=\"https:\/\/pbs.twimg.com\/media\/CJemGXDUAAAgzGp.jpg\" target=\"_blank\" rel=\"nofollow\">https:\/\/pbs.twimg.com\/media\/cjemgxduaaagzgp.jpg<\/a><br \/>\n<a class=\"url\" title=\"https:\/\/pbs.twimg.com\/media\/CJemGVUUsAUT1rO.jpg\" href=\"https:\/\/pbs.twimg.com\/media\/CJemGVUUsAUT1rO.jpg\" target=\"_blank\" rel=\"nofollow\">https:\/\/pbs.twimg.com\/media\/cjemgvuusaut1ro.jpg<\/a><\/p>\n<p>70 km kala fark 3.38 dk.<\/p>\n<p>cany barville \u015fatosu<br \/>\n<a class=\"url\" title=\"https:\/\/twitter.com\/EW\/status\/619149531456892928\" href=\"https:\/\/twitter.com\/EW\/status\/619149531456892928\" target=\"_blank\" rel=\"nofollow\">https:\/\/twitter.com\/ew\/status\/619149531456892928<\/a><\/p>\n<p>62 km kala fark 2.46 km.<br \/>\n<a class=\"url\" title=\"https:\/\/pbs.twimg.com\/media\/CJep3xxWgAAWmGO.jpg:large\" href=\"https:\/\/pbs.twimg.com\/media\/CJep3xxWgAAWmGO.jpg:large\" target=\"_blank\" rel=\"nofollow\">https:\/\/pbs.twimg.com\/\u2026ia\/cjep3xxwgaawmgo.jpg:large<\/a><\/p>\n<p>\u015fatolara devam.<br \/>\n<a class=\"url\" title=\"https:\/\/pbs.twimg.com\/media\/CJep-NAWEAAiP2Y.jpg\" href=\"https:\/\/pbs.twimg.com\/media\/CJep-NAWEAAiP2Y.jpg\" target=\"_blank\" rel=\"nofollow\">https:\/\/pbs.twimg.com\/media\/cjep-naweaaip2y.jpg<\/a><br \/>\n<a class=\"url\" title=\"https:\/\/pbs.twimg.com\/media\/CJep-SNWwAAq4X3.jpg\" href=\"https:\/\/pbs.twimg.com\/media\/CJep-SNWwAAq4X3.jpg\" target=\"_blank\" rel=\"nofollow\">https:\/\/pbs.twimg.com\/media\/cjep-snwwaaq4x3.jpg<\/a><\/p>\n<p>50 km kala fark 1.50 dk. sprint kap\u0131s\u0131na geliyoruz.<br \/>\n<a class=\"url\" title=\"https:\/\/pbs.twimg.com\/media\/CJeuEs3WIAAef0F.jpg:large\" href=\"https:\/\/pbs.twimg.com\/media\/CJeuEs3WIAAef0F.jpg:large\" target=\"_blank\" rel=\"nofollow\">https:\/\/pbs.twimg.com\/\u2026ia\/cjeues3wiaaef0f.jpg:large<\/a><\/p>\n<p>46 km kala <a class=\"b\" href=\"https:\/\/eksisozluk.com\/?q=saint-leonard\">saint-leonard<\/a> kap\u0131s\u0131ndan ilk s\u0131rada perrig qu\u00e9meneur 20 puan al\u0131rken, kenneth van bilsen 17, daniel teklehaimanot 15 puan ald\u0131.<\/p>\n<p>pelotondan kalan puanlar i\u00e7in ataklar gelmeye ba\u015flad\u0131.<br \/>\n<a class=\"url\" title=\"https:\/\/pbs.twimg.com\/media\/CJewUGKVAAAXZ8B.jpg\" href=\"https:\/\/pbs.twimg.com\/media\/CJewUGKVAAAXZ8B.jpg\" target=\"_blank\" rel=\"nofollow\">https:\/\/pbs.twimg.com\/media\/cjewugkvaaaxz8b.jpg<\/a><\/p>\n<p>50 sn sonra ge\u00e7en john degenkolb, 13, bryan coquard, 11, andr\u00e9 greipel, 10, peter sagan, 9, mark cavendish, 8, roy curvers, 7, thomas voeckler, 6, matteo trentin, 5, mark renshaw, 4, michal kwiatkowski, 3, bryan nauleau, 2 ve peter kennaugh, 1 puan ald\u0131.<\/p>\n<p>44.6 km kala pelotondan <a class=\"b\" href=\"https:\/\/eksisozluk.com\/?q=thomas+voeckler\">thomas voeckler<\/a> ka\u00e7t\u0131. ka\u00e7\u0131\u015flar\u0131n ve mimiklerin ustas\u0131, art\u0131k zaman\u0131 geldi dedi.<br \/>\n<a class=\"url\" title=\"https:\/\/pbs.twimg.com\/media\/CJewt3DWIAA6a-M.png:large\" href=\"https:\/\/pbs.twimg.com\/media\/CJewt3DWIAA6a-M.png:large\" target=\"_blank\" rel=\"nofollow\">https:\/\/pbs.twimg.com\/\u2026ia\/cjewt3dwiaa6a-m.png:large<\/a><\/p>\n<p>40 km kala fark 2.12 dk.<\/p>\n<p>38.8 km kala trafik adalar\u0131ndan birinde bmc&#8217;li damiano caruso kaza yapt\u0131. devam ediyor.<\/p>\n<p>36.1 km kala thomas voeckler yakaland\u0131. giant alpecin, pelotona liderlik ediyor.<\/p>\n<p>froome&#8217;a destek.<br \/>\n<a class=\"url\" title=\"https:\/\/pbs.twimg.com\/media\/CJezgGGWUAAK4KW.jpg:large\" href=\"https:\/\/pbs.twimg.com\/media\/CJezgGGWUAAK4KW.jpg:large\" target=\"_blank\" rel=\"nofollow\">https:\/\/pbs.twimg.com\/\u2026ia\/cjezgggwuaak4kw.jpg:large<\/a><\/p>\n<p>normadiya tura selam veriyor.<br \/>\n<a class=\"url\" title=\"https:\/\/pbs.twimg.com\/media\/CJezsB1WwAAFfmz.png:large\" href=\"https:\/\/pbs.twimg.com\/media\/CJezsB1WwAAFfmz.png:large\" target=\"_blank\" rel=\"nofollow\">https:\/\/pbs.twimg.com\/\u2026ia\/cjezsb1wwaaffmz.png:large<\/a><\/p>\n<p>29.5 km kala, 4. kategorinden <a class=\"b\" href=\"https:\/\/eksisozluk.com\/?q=c%c3%b4te+du+tilleul\">c\u00f4te du tilleul<\/a> (105 m y\u00fckseklik, 1.6 km uzunluk, %5.6 ortalama e\u011fim) t\u0131rman\u0131\u015f\u0131n\u0131 ilk s\u0131rada ge\u00e7en <a class=\"b\" href=\"https:\/\/eksisozluk.com\/?q=daniel+teklehaimanot\">daniel teklehaimanot<\/a>, toplamda 3 puana ula\u015farak, yar\u0131n k\u0131rm\u0131z\u0131 benekli mayoyu s\u0131rt\u0131na ge\u00e7irmeyi garantiledi. tarihte ilk defa siyahi bir afrikal\u0131 bir dalda podyuma \u00e7\u0131kacak. tak\u0131m\u0131 da mutlu.<br \/>\n<a class=\"url\" title=\"https:\/\/pbs.twimg.com\/media\/CJe2P0NWEAAYdyK.jpg:large\" href=\"https:\/\/pbs.twimg.com\/media\/CJe2P0NWEAAYdyK.jpg:large\" target=\"_blank\" rel=\"nofollow\">https:\/\/pbs.twimg.com\/\u2026ia\/cje2p0nweaaydyk.jpg:large<\/a><br \/>\n<a class=\"url\" title=\"https:\/\/pbs.twimg.com\/media\/CJe2tryWwAArgwc.jpg:large\" href=\"https:\/\/pbs.twimg.com\/media\/CJe2tryWwAArgwc.jpg:large\" target=\"_blank\" rel=\"nofollow\">https:\/\/pbs.twimg.com\/\u2026ia\/cje2trywwaargwc.jpg:large<\/a><br \/>\n<a class=\"url\" title=\"https:\/\/twitter.com\/TeamMTNQhubeka\/status\/619162493827608577\" href=\"https:\/\/twitter.com\/TeamMTNQhubeka\/status\/619162493827608577\" target=\"_blank\" rel=\"nofollow\">https:\/\/twitter.com\/\u2026beka\/status\/619162493827608577<\/a><\/p>\n<p>25 km kala fark 1.05 dk.<\/p>\n<p>15 km kala fark 53 sn.<\/p>\n<p>12.7 km kala kenneth van bilsen, ka\u00e7\u0131\u015f grubundan ka\u00e7arak liderli\u011fi ald\u0131.<br \/>\n<a class=\"url\" title=\"https:\/\/pbs.twimg.com\/media\/CJe6MY9WEAAAxjO.jpg\" href=\"https:\/\/pbs.twimg.com\/media\/CJe6MY9WEAAAxjO.jpg\" target=\"_blank\" rel=\"nofollow\">https:\/\/pbs.twimg.com\/media\/cje6my9weaaaxjo.jpg<\/a><br \/>\n<a class=\"url\" title=\"https:\/\/pbs.twimg.com\/media\/CJe6QTnWEAAsxJU.png:large\" href=\"https:\/\/pbs.twimg.com\/media\/CJe6QTnWEAAsxJU.png:large\" target=\"_blank\" rel=\"nofollow\">https:\/\/pbs.twimg.com\/\u2026ia\/cje6qtnweaasxju.png:large<\/a><\/p>\n<p>9.3 km kala peloton, perrig qu\u00e9meneur ve daniel teklehaimanot&#8217;u yakalad\u0131.<\/p>\n<p>3 km kala peloton van bilsen&#8217;i yakalad\u0131.<\/p>\n<p><a class=\"b\" href=\"https:\/\/eksisozluk.com\/?q=c%c3%b4te+d%27%c4%b1ngouville\">c\u00f4te d&#8217;\u0131ngouville<\/a> (850 m uzunluk, %7.5 ortalama e\u011fim) yoku\u015funa geldik. kim \u00f6ne \u00e7\u0131kacak.<\/p>\n<p>900 m kala kaza oldu. bir\u00e7ok bisiklet\u00e7i yerde. nibali yerde, sar\u0131 mayo yerde, quintana yerde. sar\u0131 mayo omzunu tutuyor. zaman kayb\u0131 olamayacak.<\/p>\n<p>zdenek \u0161tybar \u00f6ne \u00e7\u0131kt\u0131, etaba gidiyor. herkes birbirini kolluyor. rodriguez atak yapt\u0131, sagan gelmeye \u00e7al\u0131\u015f\u0131yor. kristoff geliyor. bryan couqard, ama kazanan zdenek \u0161tybar. sagan yine ikinci oldu.<\/p>\n<p><a class=\"url\" title=\"https:\/\/pbs.twimg.com\/media\/CJe-_jLUkAICQe3.jpg:large\" href=\"https:\/\/pbs.twimg.com\/media\/CJe-_jLUkAICQe3.jpg:large\" target=\"_blank\" rel=\"nofollow\">https:\/\/pbs.twimg.com\/\u2026ia\/cje-_jlukaicqe3.jpg:large<\/a><\/p>\n<p>tony martin&#8217;in durumu iyi de\u011fil. arkada\u015flar\u0131 e\u015flik ediyor fini\u015fe kadar. omzunu tutuyor. k\u00f6pr\u00fcc\u00fck kemi\u011fini k\u0131rm\u0131\u015f olabilir.<\/p><\/blockquote>\n<p><iframe loading=\"lazy\" src=\"https:\/\/vid.me\/e\/4R7Y?stats=1&amp;tools=1\" width=\"640\" height=\"360\" frameborder=\"0\" scrolling=\"no\" allowfullscreen=\"allowfullscreen\"><\/iframe><\/p>\n<p><strong>Etap sonu\u00e7lar\u0131<\/strong><\/p>\n<pre>CZE  1  STYBAR, Zdenek (ETIXX - QUICK STEP)                    4:53:46\r\nSVK  2  SAGAN, Peter (TINKOFF - SAXO)                          \r\nFRA  3  COQUARD, Bryan (EUROPCAR)                              \r\nGER  4  DEGENKOLB, John (GIANT - ALPECIN)                      \r\nBEL  5  VAN AVERMAET, Greg (BMC RACING)                        \r\nFRA  6  GALLOPIN, Tony (LOTTO SOUDAL)                          \r\nNOR  7  BOASSON HAGEN, Edvald (MTN - QHUBEKA)                  \r\nITA  8  CIMOLAI, Davide (LAMPRE - MERIDA)                      \r\nFRA  9  SIMON, Julien (COFIDIS, SOLUTIONS CREDITS)             \r\nESP  10 IZAGUIRRE INSAUSTI, Gorka (MOVISTAR)<\/pre>\n<p>Kaza son 3 km i\u00e7inde oldu\u011fu i\u00e7in herhangi bir zaman kayb\u0131 yok ancak Ton Martin yar\u0131n devam edemeyece\u011fi i\u00e7in Chris Froome yar\u0131n sar\u0131 mayoyu yeniden giyecek.<\/p>\n<p><strong>Genel Klasman<\/strong><\/p>\n<pre>GER  1  MARTIN, Tony (ETIXX - QUICK STEP)            22:13:14\r\nGBR  2  FROOME, Christopher (SKY)                      +   12\r\nUSA  3  VAN GARDEREN, Tejay (BMC RACING)               +   25\r\nSVK  4  SAGAN, Peter (TINKOFF - SAXO)                  +   27\r\nFRA  5  GALLOPIN, Tony (LOTTO SOUDAL)                  +   38\r\nBEL  6  VAN AVERMAET, Greg (BMC RACING)                +   40\r\nCOL  7  URAN URAN, Rigoberto (ETIXX - QUICK STEP)      +   46\r\nESP  8  CONTADOR VELASCO, Alberto (TINKOFF - SAXO)     +   48\r\nCZE  9  STYBAR, Zdenek (ETIXX - QUICK STEP)            + 1:04\r\nGBR  10 THOMAS, Geraint (SKY)                          + 1:15<\/pre>\n<p>&nbsp;<\/p>\n","protected":false},"excerpt":{"rendered":"<p>6. etap incelemesine ge\u00e7meden \u00f6nce d\u00fcn Arras \u2192 Amiens M\u00e9tropole aras\u0131nda pedallanan 190 km uzunlu\u011fundaki etab\u0131n k\u0131sa bir \u00f6zeti: Peloton yine g\u00fcn y\u00fcz\u00fc g\u00f6rmedi: ya\u011fmur, [&#8230;]<\/p>\n","protected":false},"author":1,"featured_media":1300,"comment_status":"open","ping_status":"open","sticky":false,"template":"","format":"standard","meta":{"jetpack_post_was_ever_published":false,"_jetpack_newsletter_access":"","_jetpack_dont_email_post_to_subs":false,"_jetpack_newsletter_tier_id":0,"_jetpack_memberships_contains_paywalled_content":false,"_jetpack_memberships_contains_paid_content":false,"footnotes":"","jetpack_publicize_message":"","jetpack_publicize_feature_enabled":true,"jetpack_social_post_already_shared":true,"jetpack_social_options":{"image_generator_settings":{"template":"highway","default_image_id":0,"font":"","enabled":false},"version":2}},"categories":[92,89],"tags":[19,65,728,24,17,43,26,567,83,839,473,707,150,492,151,624,625,459,485,496,22,224,838,647,581,315,49,72,648,836,85,136,835,35,20,30,18,497,34,164,837,587],"class_list":["post-1367","post","type-post","status-publish","format-standard","has-post-thumbnail","hentry","category-grand","category-tour","tag-alberto-contador","tag-alejandro-valverde","tag-andre-greipel","tag-astana","tag-bisiklet-turu","tag-bmc","tag-chris-froome","tag-chriss-froome","tag-contador","tag-daniel-teklehaimanot","tag-etixx-quick-step","tag-etixx-quickstep","tag-fransa-bisiklet-turu","tag-jonh-degenkolb","tag-le-tour","tag-lotto-belisol","tag-lotto-soudal","tag-maillot-jaune","tag-mark-cavendish","tag-mark-renshaw","tag-movistar","tag-nibali","tag-panzerwagen","tag-paris-roubaix","tag-pave","tag-peter-sagan","tag-philippe-gilbert","tag-polka-dot","tag-roubaix","tag-sari-mayo","tag-sky-team","tag-specialized","tag-spring-classic","tag-tdf","tag-team-sky","tag-tinkoff","tag-tinkoff-saxo","tag-tony-martin","tag-tour-de-france","tag-uci","tag-yellow-jersey","tag-zdenek-stybar"],"jetpack_publicize_connections":[],"jetpack_featured_media_url":"https:\/\/i0.wp.com\/aynakol.org\/wp-content\/uploads\/2015\/07\/Banner2_Tour.jpg?fit=2000%2C650","jetpack_sharing_enabled":true,"jetpack_shortlink":"https:\/\/wp.me\/p51p4O-m3","jetpack_likes_enabled":true,"jetpack-related-posts":[{"id":1331,"url":"http:\/\/aynakol.org\/?p=1331","url_meta":{"origin":1367,"position":0},"title":"#TDF2015 4. Etap: Seriang \u2192 Cambrai","author":"Ayd\u0131n Bez","date":"7 Temmuz 2015","format":false,"excerpt":"4. etap incelemesine ge\u00e7meden \u00f6nce k\u0131sa bir \u00f6zet ge\u00e7elim. Sar\u0131 mayo Cancellara'ya hi\u00e7 ama hi\u00e7 u\u011furlu gelmedi: etab\u0131n bitimine 52 km kala ya\u015fanan b\u00fcy\u00fck kazada havada iki takla atan Cancellara etab\u0131 bitirdi bitirmesine ama Spartak\u00fcs olmak da yetmedi, yar\u0131\u015f sonras\u0131 turu b\u0131rakt\u0131. Mur de Huy zirve biti\u015fine 400 metre kala\u2026","rel":"","context":"&quot;Grand Tour&quot; i\u00e7inde","block_context":{"text":"Grand Tour","link":"http:\/\/aynakol.org\/?cat=92"},"img":{"alt_text":"","src":"https:\/\/i0.wp.com\/aynakol.org\/wp-content\/uploads\/2015\/07\/Banner2_Tour.jpg?fit=1200%2C390&resize=350%2C200","width":350,"height":200,"srcset":"https:\/\/i0.wp.com\/aynakol.org\/wp-content\/uploads\/2015\/07\/Banner2_Tour.jpg?fit=1200%2C390&resize=350%2C200 1x, https:\/\/i0.wp.com\/aynakol.org\/wp-content\/uploads\/2015\/07\/Banner2_Tour.jpg?fit=1200%2C390&resize=525%2C300 1.5x, https:\/\/i0.wp.com\/aynakol.org\/wp-content\/uploads\/2015\/07\/Banner2_Tour.jpg?fit=1200%2C390&resize=700%2C400 2x, https:\/\/i0.wp.com\/aynakol.org\/wp-content\/uploads\/2015\/07\/Banner2_Tour.jpg?fit=1200%2C390&resize=1050%2C600 3x"},"classes":[]},{"id":1341,"url":"http:\/\/aynakol.org\/?p=1341","url_meta":{"origin":1367,"position":1},"title":"#TDF2015 5. Etap: Arras \u2192 Amiens M\u00e9tropole","author":"Ayd\u0131n Bez","date":"8 Temmuz 2015","format":false,"excerpt":"5. etaba ge\u00e7meden \u00f6nce kuzeyin cehenneminin 1\/3 kad\u0131r\u0131n\u0131 ya\u015fatan d\u00fcnk\u00fc etab\u0131n k\u0131sa bir \u00f6zeti: Pave sekt\u00f6rleri ya\u011fmur ve \u00e7apraz r\u00fczgarla birle\u015fince pelotonun can\u0131 \u00e7\u0131kt\u0131, Toz, toprak, \u00e7amur derken ne kadar g\u00fc\u00e7l\u00fc sprinter, zamana kar\u015f\u0131, t\u0131rman\u0131\u015f\u00e7\u0131 varsa \u00f6n gruba tutundu ve biti\u015fe dek birlikte ayn\u0131 saniye ile gerdiler, D\u00fc\u015fenler, pave yollar\u0131n\u2026","rel":"","context":"&quot;Grand Tour&quot; i\u00e7inde","block_context":{"text":"Grand Tour","link":"http:\/\/aynakol.org\/?cat=92"},"img":{"alt_text":"","src":"https:\/\/i0.wp.com\/aynakol.org\/wp-content\/uploads\/2015\/07\/Banner2_Tour.jpg?fit=1200%2C390&resize=350%2C200","width":350,"height":200,"srcset":"https:\/\/i0.wp.com\/aynakol.org\/wp-content\/uploads\/2015\/07\/Banner2_Tour.jpg?fit=1200%2C390&resize=350%2C200 1x, https:\/\/i0.wp.com\/aynakol.org\/wp-content\/uploads\/2015\/07\/Banner2_Tour.jpg?fit=1200%2C390&resize=525%2C300 1.5x, https:\/\/i0.wp.com\/aynakol.org\/wp-content\/uploads\/2015\/07\/Banner2_Tour.jpg?fit=1200%2C390&resize=700%2C400 2x, https:\/\/i0.wp.com\/aynakol.org\/wp-content\/uploads\/2015\/07\/Banner2_Tour.jpg?fit=1200%2C390&resize=1050%2C600 3x"},"classes":[]},{"id":1559,"url":"http:\/\/aynakol.org\/?p=1559","url_meta":{"origin":1367,"position":2},"title":"#TDF2015 2. Dinlenme G\u00fcn\u00fc","author":"Ayd\u0131n Bez","date":"21 Temmuz 2015","format":false,"excerpt":"Pireneler geride kal\u0131rken art\u0131k Alplere do\u011fru ge\u00e7ebiliriz. Asl\u0131nda Pirenelerin son zirvesi\u00a0Plateau de Beille t\u0131rman\u0131\u015f\u0131ndan sonra u\u011frad\u0131\u011f\u0131m\u0131z Muret \u2192 Rodez, 199 km Rodez \u2192 Mende, 179 km Mende \u2192 Valence, 183 km Bourg-de-P\u00e9age \u2192 Gap, 201 km etaplar\u0131 ge\u00e7i\u015f de\u011fil s\u0131kl\u0131kla vurgulad\u0131\u011f\u0131m\u0131z gibi her biri bahar klasikleri tad\u0131ndayd\u0131. Pirenelerin ilk etab\u0131,\u00a0Tarbes\u2026","rel":"","context":"&quot;Grand Tour&quot; i\u00e7inde","block_context":{"text":"Grand Tour","link":"http:\/\/aynakol.org\/?cat=92"},"img":{"alt_text":"tdf2015_stage10_GC_favorites_climb_last_summit","src":"https:\/\/i0.wp.com\/aynakol.org\/wp-content\/uploads\/2015\/07\/tdf2015_stage10_GC_favorites_climb_last_summit-1024x335.jpg?resize=350%2C200","width":350,"height":200,"srcset":"https:\/\/i0.wp.com\/aynakol.org\/wp-content\/uploads\/2015\/07\/tdf2015_stage10_GC_favorites_climb_last_summit-1024x335.jpg?resize=350%2C200 1x, https:\/\/i0.wp.com\/aynakol.org\/wp-content\/uploads\/2015\/07\/tdf2015_stage10_GC_favorites_climb_last_summit-1024x335.jpg?resize=525%2C300 1.5x, https:\/\/i0.wp.com\/aynakol.org\/wp-content\/uploads\/2015\/07\/tdf2015_stage10_GC_favorites_climb_last_summit-1024x335.jpg?resize=700%2C400 2x"},"classes":[]},{"id":249,"url":"http:\/\/aynakol.org\/?p=249","url_meta":{"origin":1367,"position":3},"title":"Ve huzurlar\u0131n\u0131zda 102. le Tour de France!","author":"Ayd\u0131n Bez","date":"23 Ekim 2014","format":false,"excerpt":"102. kez d\u00fczenlenecek d\u00fcnyan\u0131n olimpiyatlardan sonra en \u00e7ok ilgi \u00e7eken spor olay\u0131 le Tour de France 2015 sunumu bug\u00fcn yap\u0131ld\u0131. 4-26 Temmuz tarihleri aras\u0131nda yap\u0131lacak olan tur Hollanda'n\u0131n Utrect \u015fehrinden ba\u015flay\u0131p Bel\u00e7ika'dan ge\u00e7erek yine her zamanki gibi Paris'te bitecek. Heyecanl\u0131 bir tur olaca\u011f\u0131 kesin. \u00c7\u00fcnk\u00fc Roubaix'nin kald\u0131r\u0131m ta\u015flar\u0131 da var\u2026","rel":"","context":"&quot;Grand Tour&quot; i\u00e7inde","block_context":{"text":"Grand Tour","link":"http:\/\/aynakol.org\/?cat=92"},"img":{"alt_text":"","src":"https:\/\/i0.wp.com\/aynakol.org\/wp-content\/uploads\/2014\/10\/tdf_2015_poster.png?fit=745%2C575&resize=350%2C200","width":350,"height":200,"srcset":"https:\/\/i0.wp.com\/aynakol.org\/wp-content\/uploads\/2014\/10\/tdf_2015_poster.png?fit=745%2C575&resize=350%2C200 1x, https:\/\/i0.wp.com\/aynakol.org\/wp-content\/uploads\/2014\/10\/tdf_2015_poster.png?fit=745%2C575&resize=525%2C300 1.5x, https:\/\/i0.wp.com\/aynakol.org\/wp-content\/uploads\/2014\/10\/tdf_2015_poster.png?fit=745%2C575&resize=700%2C400 2x"},"classes":[]},{"id":1388,"url":"http:\/\/aynakol.org\/?p=1388","url_meta":{"origin":1367,"position":4},"title":"#TDF2015 7. Etap: Livarot \u2192 Foug\u00e8res, 191 km","author":"Ayd\u0131n Bez","date":"10 Temmuz 2015","format":false,"excerpt":"7. etap incelemesine ge\u00e7meden \u00f6nce k\u0131sa bir \u00f6zet: Etixx-QuickStep ayn\u0131 g\u00fcnde hem sevindi hem \u00fcz\u00fcld\u00fc. Sevindi, \u00e7\u00fcnk\u00fc etab\u0131 Zdenek Stybar son 500 metre kala yapt\u0131\u011f\u0131 atakla kazan\u0131rken, \u00fcz\u00fcld\u00fcler, \u00e7\u00fcnk\u00fc Sar\u0131 Mayoyu ta\u015f\u0131yan Tony Martin'in bitime son 900 metre kala ge\u00e7irdi\u011fi kaza sonras\u0131 k\u0131r\u0131lan k\u00f6p\u00fcrc\u00fck kemi\u011fi y\u00fcz\u00fcnden Turu b\u0131rakt\u0131. D\u00fcnk\u00fc etapta\u2026","rel":"","context":"&quot;Grand Tour&quot; i\u00e7inde","block_context":{"text":"Grand Tour","link":"http:\/\/aynakol.org\/?cat=92"},"img":{"alt_text":"","src":"https:\/\/i0.wp.com\/aynakol.org\/wp-content\/uploads\/2015\/07\/Banner2_Tour.jpg?fit=1200%2C390&resize=350%2C200","width":350,"height":200,"srcset":"https:\/\/i0.wp.com\/aynakol.org\/wp-content\/uploads\/2015\/07\/Banner2_Tour.jpg?fit=1200%2C390&resize=350%2C200 1x, https:\/\/i0.wp.com\/aynakol.org\/wp-content\/uploads\/2015\/07\/Banner2_Tour.jpg?fit=1200%2C390&resize=525%2C300 1.5x, https:\/\/i0.wp.com\/aynakol.org\/wp-content\/uploads\/2015\/07\/Banner2_Tour.jpg?fit=1200%2C390&resize=700%2C400 2x, https:\/\/i0.wp.com\/aynakol.org\/wp-content\/uploads\/2015\/07\/Banner2_Tour.jpg?fit=1200%2C390&resize=1050%2C600 3x"},"classes":[]},{"id":1309,"url":"http:\/\/aynakol.org\/?p=1309","url_meta":{"origin":1367,"position":5},"title":"#TdF2015 2. Etap: Utrecht \u2192 Z\u00e9lande","author":"Ayd\u0131n Bez","date":"5 Temmuz 2015","format":false,"excerpt":"1. Etab\u0131n \u00d6zeti Zamana kar\u015f\u0131 olarak pedallanan a\u00e7\u0131l\u0131\u015f etab\u0131n\u0131 BMC tak\u0131m\u0131n\u0131n gen\u00e7 y\u0131ld\u0131z\u0131 bir Saat Rekortmeni Rohan Dennis Le Tour'un en h\u0131zl\u0131 ortalamas\u0131yla kazan\u0131rken 2. etaba sar\u0131 mayoyu s\u0131rt\u0131nta ta\u015f\u0131yarak ba\u015flayacak. As\u0131l \u015fa\u015f\u0131rt\u0131c\u0131 olan ise Tony Martin ve Fabian Cancellara'n\u0131n Dennis'in geride kalmas\u0131 ve FC favorilerinin bekleneni zamana kar\u015f\u0131 etab\u0131nda\u2026","rel":"","context":"&quot;Grand Tour&quot; i\u00e7inde","block_context":{"text":"Grand Tour","link":"http:\/\/aynakol.org\/?cat=92"},"img":{"alt_text":"","src":"https:\/\/i0.wp.com\/aynakol.org\/wp-content\/uploads\/2015\/07\/Banner2_Tour.jpg?fit=1200%2C390&resize=350%2C200","width":350,"height":200,"srcset":"https:\/\/i0.wp.com\/aynakol.org\/wp-content\/uploads\/2015\/07\/Banner2_Tour.jpg?fit=1200%2C390&resize=350%2C200 1x, https:\/\/i0.wp.com\/aynakol.org\/wp-content\/uploads\/2015\/07\/Banner2_Tour.jpg?fit=1200%2C390&resize=525%2C300 1.5x, https:\/\/i0.wp.com\/aynakol.org\/wp-content\/uploads\/2015\/07\/Banner2_Tour.jpg?fit=1200%2C390&resize=700%2C400 2x, https:\/\/i0.wp.com\/aynakol.org\/wp-content\/uploads\/2015\/07\/Banner2_Tour.jpg?fit=1200%2C390&resize=1050%2C600 3x"},"classes":[]}],"_links":{"self":[{"href":"http:\/\/aynakol.org\/index.php?rest_route=\/wp\/v2\/posts\/1367","targetHints":{"allow":["GET"]}}],"collection":[{"href":"http:\/\/aynakol.org\/index.php?rest_route=\/wp\/v2\/posts"}],"about":[{"href":"http:\/\/aynakol.org\/index.php?rest_route=\/wp\/v2\/types\/post"}],"author":[{"embeddable":true,"href":"http:\/\/aynakol.org\/index.php?rest_route=\/wp\/v2\/users\/1"}],"replies":[{"embeddable":true,"href":"http:\/\/aynakol.org\/index.php?rest_route=%2Fwp%2Fv2%2Fcomments&post=1367"}],"version-history":[{"count":7,"href":"http:\/\/aynakol.org\/index.php?rest_route=\/wp\/v2\/posts\/1367\/revisions"}],"predecessor-version":[{"id":1386,"href":"http:\/\/aynakol.org\/index.php?rest_route=\/wp\/v2\/posts\/1367\/revisions\/1386"}],"wp:featuredmedia":[{"embeddable":true,"href":"http:\/\/aynakol.org\/index.php?rest_route=\/wp\/v2\/media\/1300"}],"wp:attachment":[{"href":"http:\/\/aynakol.org\/index.php?rest_route=%2Fwp%2Fv2%2Fmedia&parent=1367"}],"wp:term":[{"taxonomy":"category","embeddable":true,"href":"http:\/\/aynakol.org\/index.php?rest_route=%2Fwp%2Fv2%2Fcategories&post=1367"},{"taxonomy":"post_tag","embeddable":true,"href":"http:\/\/aynakol.org\/index.php?rest_route=%2Fwp%2Fv2%2Ftags&post=1367"}],"curies":[{"name":"wp","href":"https:\/\/api.w.org\/{rel}","templated":true}]}}