{"id":1633,"date":"2015-08-04T15:07:35","date_gmt":"2015-08-04T12:07:35","guid":{"rendered":"http:\/\/aynakol.org\/?p=1633"},"modified":"2015-08-04T15:07:35","modified_gmt":"2015-08-04T12:07:35","slug":"specialized-dealer-event-guncesi","status":"publish","type":"post","link":"http:\/\/aynakol.org\/?p=1633","title":{"rendered":"Specialized Dealer Event G\u00fcncesi"},"content":{"rendered":"<p>Specialized 2016 model bisiklet ve \u00fcr\u00fcnlerini (donan\u0131m, aksesuar, tekstil)\u00a0yenilikleri\u00a0\u00e7al\u0131\u015fanlar\u0131 ile payla\u015fmak i\u00e7in her y\u0131l oldu\u011fu gibi bu sene de bir Dealer Event \/ Bayiler Toplant\u0131s\u0131 (27-30 Temmuz 2015) yapt\u0131. Bu seneki adres ge\u00e7en sene oldu\u011fu gibi Avusturya Salzburg Leogang idi.<\/p>\n<p>Bir \u00e7al\u0131\u015fan olarak gittik g\u00f6rd\u00fck,\u00a0<em><strong><span style=\"color: #ff0000;\">test the best<\/span><\/strong>\u00a0<\/em>eylemimize uyarak kald\u0131\u011f\u0131m\u0131z 4 g\u00fcn boyunca deneme s\u00fcr\u00fc\u015flerimizi yapt\u0131k, yeni dostlar edindik, yeni teknolojilere, yeni modellere, fark\u0131ndal\u0131k yaratan donan\u0131m &#8211; aksesuar &#8211; tekstillere hayran kald\u0131k, e\u011fitimlerimizi ald\u0131k ve yurda d\u00f6nd\u00fck.<\/p>\n<div id=\"attachment_1644\" style=\"width: 715px\" class=\"wp-caption alignnone\"><a href=\"https:\/\/i0.wp.com\/aynakol.org\/wp-content\/uploads\/2015\/08\/20150727_SP_Dealer_Event_opening_gala.jpg\"><img data-recalc-dims=\"1\" loading=\"lazy\" decoding=\"async\" aria-describedby=\"caption-attachment-1644\" data-attachment-id=\"1644\" data-permalink=\"http:\/\/aynakol.org\/?attachment_id=1644\" data-orig-file=\"https:\/\/i0.wp.com\/aynakol.org\/wp-content\/uploads\/2015\/08\/20150727_SP_Dealer_Event_opening_gala.jpg?fit=1632%2C817\" data-orig-size=\"1632,817\" data-comments-opened=\"1\" data-image-meta=\"{&quot;aperture&quot;:&quot;2.4&quot;,&quot;credit&quot;:&quot;&quot;,&quot;camera&quot;:&quot;Nexus 5&quot;,&quot;caption&quot;:&quot;&quot;,&quot;created_timestamp&quot;:&quot;1438033940&quot;,&quot;copyright&quot;:&quot;&quot;,&quot;focal_length&quot;:&quot;3.97&quot;,&quot;iso&quot;:&quot;1384&quot;,&quot;shutter_speed&quot;:&quot;0.041412308&quot;,&quot;title&quot;:&quot;&quot;,&quot;orientation&quot;:&quot;1&quot;}\" data-image-title=\"20150727_SP_Dealer_Event_opening_gala\" data-image-description=\"\" data-image-caption=\"&lt;p&gt;Dealer Event s\u00fcresince sadece bisiklet de\u011fil yeni tekstil \u00fcr\u00fcnleri, donan\u0131m ve aksesurlar da tan\u0131t\u0131l\u0131yordu.&lt;\/p&gt;\n\" data-large-file=\"https:\/\/i0.wp.com\/aynakol.org\/wp-content\/uploads\/2015\/08\/20150727_SP_Dealer_Event_opening_gala.jpg?fit=860%2C431\" class=\"size-large wp-image-1644\" src=\"https:\/\/i0.wp.com\/aynakol.org\/wp-content\/uploads\/2015\/08\/20150727_SP_Dealer_Event_opening_gala.jpg?resize=705%2C353\" alt=\"Dealer Event s\u00fcresince sadece bisiklet de\u011fil yeni tekstil \u00fcr\u00fcnleri, donan\u0131m ve aksesurlar da tan\u0131t\u0131l\u0131yordu.\" width=\"705\" height=\"353\" srcset=\"https:\/\/i0.wp.com\/aynakol.org\/wp-content\/uploads\/2015\/08\/20150727_SP_Dealer_Event_opening_gala.jpg?resize=1024%2C513 1024w, https:\/\/i0.wp.com\/aynakol.org\/wp-content\/uploads\/2015\/08\/20150727_SP_Dealer_Event_opening_gala.jpg?resize=300%2C150 300w, https:\/\/i0.wp.com\/aynakol.org\/wp-content\/uploads\/2015\/08\/20150727_SP_Dealer_Event_opening_gala.jpg?resize=705%2C353 705w, https:\/\/i0.wp.com\/aynakol.org\/wp-content\/uploads\/2015\/08\/20150727_SP_Dealer_Event_opening_gala.jpg?w=1632 1632w\" sizes=\"auto, (max-width: 705px) 100vw, 705px\" \/><\/a><p id=\"caption-attachment-1644\" class=\"wp-caption-text\">Dealer Event s\u00fcresince sadece bisiklet de\u011fil yeni tekstil \u00fcr\u00fcnleri, donan\u0131m ve aksesurlar da tan\u0131t\u0131l\u0131yordu.<\/p><\/div>\n<p>Kullan\u0131c\u0131 deneyimi hemen hemen her alanda ba\u015f tac\u0131d\u0131r, bisiklette ise herkes almak istedi\u011fini, hayallerini kurdu\u011fu modeli kullanan birinden mutlaka deneyimlerini duymak ister. Bir\u00e7ok model deneme f\u0131rsat\u0131m oldu Dealer Event s\u00fcresince, baz\u0131lar\u0131na, arazi bisikleti \u00fcr\u00fcn band\u0131na, uzaktan bak\u0131p i\u00e7 ge\u00e7irsem de herkesten \u00f6nce yak\u0131ndan g\u00f6rme f\u0131rsat\u0131n\u0131 bulmak bile g\u00fczel bir deneyimdi.<\/p>\n<p>Bu yaz\u0131da \u015fimdilik yol bisikleti deneyimlerimi payla\u015faca\u011f\u0131m. Foto\u011fraflar\u0131n \u00fczerine t\u0131klayarak b\u00fcy\u00fctebilir, <strong>STRAVA<\/strong> rota bilgilerine t\u0131klayarak da daha fazla foto\u011fraf g\u00f6rebilirsiniz.<\/p>\n<p>Keyifli okumalar.<\/p>\n<p><strong><span style=\"font-size: 18pt;\">Tarmac Expert MY16<\/span> <\/strong><\/p>\n<div id=\"attachment_1635\" style=\"width: 715px\" class=\"wp-caption alignnone\"><a href=\"https:\/\/i0.wp.com\/aynakol.org\/wp-content\/uploads\/2015\/08\/SP_Tarmac_Expert_MY16_0.jpg\"><img data-recalc-dims=\"1\" loading=\"lazy\" decoding=\"async\" aria-describedby=\"caption-attachment-1635\" data-attachment-id=\"1635\" data-permalink=\"http:\/\/aynakol.org\/?attachment_id=1635\" data-orig-file=\"https:\/\/i0.wp.com\/aynakol.org\/wp-content\/uploads\/2015\/08\/SP_Tarmac_Expert_MY16_0.jpg?fit=1632%2C966\" data-orig-size=\"1632,966\" data-comments-opened=\"1\" data-image-meta=\"{&quot;aperture&quot;:&quot;2.4&quot;,&quot;credit&quot;:&quot;&quot;,&quot;camera&quot;:&quot;Nexus 5&quot;,&quot;caption&quot;:&quot;&quot;,&quot;created_timestamp&quot;:&quot;1438077091&quot;,&quot;copyright&quot;:&quot;&quot;,&quot;focal_length&quot;:&quot;3.97&quot;,&quot;iso&quot;:&quot;100&quot;,&quot;shutter_speed&quot;:&quot;0.003519384&quot;,&quot;title&quot;:&quot;&quot;,&quot;orientation&quot;:&quot;1&quot;}\" data-image-title=\"SP_Tarmac_Expert_MY16_0\" data-image-description=\"\" data-image-caption=\"&lt;p&gt;Leogang asl\u0131nda Rein vadisi i\u00e7ine yer alan bir kasaba. D\u00f6rt taraf\u0131 da\u011flarla \u00e7evrili bir kayak turizimi cenneti.&lt;\/p&gt;\n\" data-large-file=\"https:\/\/i0.wp.com\/aynakol.org\/wp-content\/uploads\/2015\/08\/SP_Tarmac_Expert_MY16_0.jpg?fit=860%2C509\" class=\"size-large wp-image-1635\" src=\"https:\/\/i0.wp.com\/aynakol.org\/wp-content\/uploads\/2015\/08\/SP_Tarmac_Expert_MY16_0.jpg?resize=705%2C417\" alt=\"Leogang asl\u0131nda Rein vadisi i\u00e7ine yer alan bir kasaba. D\u00f6rt taraf\u0131 da\u011flarla \u00e7evrili bir kayak turizimi cenneti.\" width=\"705\" height=\"417\" srcset=\"https:\/\/i0.wp.com\/aynakol.org\/wp-content\/uploads\/2015\/08\/SP_Tarmac_Expert_MY16_0.jpg?resize=1024%2C606 1024w, https:\/\/i0.wp.com\/aynakol.org\/wp-content\/uploads\/2015\/08\/SP_Tarmac_Expert_MY16_0.jpg?resize=300%2C178 300w, https:\/\/i0.wp.com\/aynakol.org\/wp-content\/uploads\/2015\/08\/SP_Tarmac_Expert_MY16_0.jpg?resize=705%2C417 705w, https:\/\/i0.wp.com\/aynakol.org\/wp-content\/uploads\/2015\/08\/SP_Tarmac_Expert_MY16_0.jpg?w=1632 1632w\" sizes=\"auto, (max-width: 705px) 100vw, 705px\" \/><\/a><p id=\"caption-attachment-1635\" class=\"wp-caption-text\">Leogang asl\u0131nda vadi i\u00e7ine yer alan bir kasaba. D\u00f6rt taraf\u0131 da\u011flarla \u00e7evrili bir kayak turizm cenneti.<\/p><\/div>\n<p><br clear=\"none\" \/>Her zaman ki gibi, bildi\u011fim Tarmac. <span style=\"background-color: #fffaa5; -evernote-highlight: true;\">Kulland\u0131\u011f\u0131m Expert model kadro<\/span> <em>Specialized karbon i\u015fleme teknolojisinde <a href=\"http:\/\/www.specialized.com\/us\/en\/technology\/fact\" target=\"_blank\">FACT is<\/a> 10r seviyesi <\/em>sayesinde daha hafif; <a href=\"http:\/\/www.fullspeedahead.com\/products\/cranksets-road\/sl-k-light-bb386evo\/\" target=\"_blank\">FSA SL-K Light BB386 Evo <\/a>aynakol ise \u00e7ok daha hafif, \u00fcstelik yatak rulmanlar\u0131 da farkl\u0131, kullan\u0131lan karbon malzemenin artmas\u0131 s\u00fcr\u00fc\u015f\u00fc daha keyifli hale getiriyor. Aynakolun 52\/36t, arka di\u015flilerin de 11-28t di\u015fli oranlar\u0131 t\u0131rman\u0131\u015f ve h\u0131zlanmay\u0131 kolayla\u015ft\u0131r\u0131yor. Kullan\u0131lan Specialized S-works Turbo 700x25c <span style=\"background-color: #fffaa5; -evernote-highlight: true;\">d\u0131\u015f<\/span> <span style=\"background-color: #fffaa5; -evernote-highlight: true;\">lastikler<\/span> ise \u015fahane! Mekanik Shimano Ultegra vites ve fren setleri siz ne isterseniz onu yap\u0131yorlar. Frenler, kadronun hafifli\u011finden olsa gerek sanki durmuyormu\u015f gibi hissettirse de k\u0131sa s\u00fcre i\u00e7inde bisiklete al\u0131\u015f\u0131nca b\u00f6yle olmad\u0131\u011f\u0131n\u0131 anlad\u0131m. Unutmadan, pabu\u00e7lar\u0131n\u0131n jant \u00e7emberine olan mesafesi ayarlayan vidalar\u0131 kullanmak son derece basit.<\/p>\n<p>Fieberbrunn &#8211; H\u00fctten &#8211; Leogang &#8211; Rain &#8211; Ried &#8211; Saalfelden aras\u0131nda anayola hi\u00e7 \u00e7\u0131kmadan bisiklet yolunda s\u00fcrd\u00fc\u011f\u00fcm rota boyunca toplam irtifa kazanc\u0131 neredeyse 800 metreye yak\u0131n ve bunu gerek yolun kalitesi gerekse Specialized Tarmac Expert sayesinde hi\u00e7 hissetmiyorsunuz.<\/p>\n<p>&nbsp;<\/p>\n<p>Specialized Tarmac Expert MY16 ile pedallad\u0131\u011f\u0131m rota ise a\u015fa\u011f\u0131da:<\/p>\n<div><iframe loading=\"lazy\" src=\"https:\/\/www.strava.com\/activities\/355720222\/embed\/ef1790d31024c0fd9a83d38f198ac4fb6d4223e9\" width=\"590\" height=\"405\" frameborder=\"0\" scrolling=\"no\"><\/iframe><\/div>\n<div><\/div>\n<div><\/div>\n<p><span style=\"font-size: 18pt;\"><strong>Roubaix Pro Disc MY16 <\/strong><\/span><\/p>\n<div id=\"attachment_1637\" style=\"width: 715px\" class=\"wp-caption alignnone\"><a href=\"https:\/\/i0.wp.com\/aynakol.org\/wp-content\/uploads\/2015\/08\/SP_Roubaix_Pro_MY16_0.jpg\"><img data-recalc-dims=\"1\" loading=\"lazy\" decoding=\"async\" aria-describedby=\"caption-attachment-1637\" data-attachment-id=\"1637\" data-permalink=\"http:\/\/aynakol.org\/?attachment_id=1637\" data-orig-file=\"https:\/\/i0.wp.com\/aynakol.org\/wp-content\/uploads\/2015\/08\/SP_Roubaix_Pro_MY16_0.jpg?fit=1632%2C1033\" data-orig-size=\"1632,1033\" data-comments-opened=\"1\" data-image-meta=\"{&quot;aperture&quot;:&quot;2.4&quot;,&quot;credit&quot;:&quot;&quot;,&quot;camera&quot;:&quot;Nexus 5&quot;,&quot;caption&quot;:&quot;&quot;,&quot;created_timestamp&quot;:&quot;1438105467&quot;,&quot;copyright&quot;:&quot;&quot;,&quot;focal_length&quot;:&quot;3.97&quot;,&quot;iso&quot;:&quot;751&quot;,&quot;shutter_speed&quot;:&quot;0.033129844&quot;,&quot;title&quot;:&quot;&quot;,&quot;orientation&quot;:&quot;1&quot;}\" data-image-title=\"SP_Roubaix_Pro_MY16_0\" data-image-description=\"\" data-image-caption=\"&lt;p&gt;Foto\u011fraf\u0131 \u00e7ekti\u011fim bu dar yol hemen arkamdaki Leogang tren istasyonuna \u00e7\u0131kan bisiklet yolu. Nas\u0131l da do\u011faya sa\u011fg\u0131l\u0131 de\u011fil mi? Sa\u011fl\u0131 sollu a\u011fa\u00e7lar yolla b\u00fct\u00fcnle\u015fmi\u015f.&lt;\/p&gt;\n\" data-large-file=\"https:\/\/i0.wp.com\/aynakol.org\/wp-content\/uploads\/2015\/08\/SP_Roubaix_Pro_MY16_0.jpg?fit=860%2C544\" class=\"size-large wp-image-1637\" src=\"https:\/\/i0.wp.com\/aynakol.org\/wp-content\/uploads\/2015\/08\/SP_Roubaix_Pro_MY16_0.jpg?resize=705%2C446\" alt=\"Foto\u011fraf\u0131 \u00e7ekti\u011fim bu dar yol hemen arkamdaki Leogang tren istasyonuna \u00e7\u0131kan bisiklet yolu. Nas\u0131l da do\u011faya sa\u011fg\u0131l\u0131 de\u011fil mi? Sa\u011fl\u0131 sollu a\u011fa\u00e7lar yolla b\u00fct\u00fcnle\u015fmi\u015f.\" width=\"705\" height=\"446\" srcset=\"https:\/\/i0.wp.com\/aynakol.org\/wp-content\/uploads\/2015\/08\/SP_Roubaix_Pro_MY16_0.jpg?resize=1024%2C648 1024w, https:\/\/i0.wp.com\/aynakol.org\/wp-content\/uploads\/2015\/08\/SP_Roubaix_Pro_MY16_0.jpg?resize=300%2C190 300w, https:\/\/i0.wp.com\/aynakol.org\/wp-content\/uploads\/2015\/08\/SP_Roubaix_Pro_MY16_0.jpg?resize=705%2C446 705w, https:\/\/i0.wp.com\/aynakol.org\/wp-content\/uploads\/2015\/08\/SP_Roubaix_Pro_MY16_0.jpg?w=1632 1632w\" sizes=\"auto, (max-width: 705px) 100vw, 705px\" \/><\/a><p id=\"caption-attachment-1637\" class=\"wp-caption-text\">Foto\u011fraf\u0131 \u00e7ekti\u011fim bu dar yol hemen arkamdaki Leogang tren istasyonuna \u00e7\u0131kan bisiklet yolu. Nas\u0131l da do\u011faya sayg\u0131l\u0131 de\u011fil mi? Sa\u011fl\u0131 sollu a\u011fa\u00e7lar yolla b\u00fct\u00fcnle\u015fmi\u015f.<\/p><\/div>\n<p><br clear=\"none\" \/>Bozuk yollar\u0131n bir numaral\u0131 kurtar\u0131c\u0131s\u0131. E\u011fimli arka \u00e7eki borular\u0131, ma\u015fa ve sele borusudaki darbeleri emen <span style=\"background-color: #fffaa5; -evernote-highlight: true;\">Zertz<\/span> <span style=\"background-color: #fffaa5; -evernote-highlight: true;\">damperleri<\/span> ve jel takviyeli <span style=\"background-color: #fffaa5; -evernote-highlight: true;\">gidon<\/span> <span style=\"background-color: #fffaa5; -evernote-highlight: true;\">sarg\u0131s\u0131<\/span> dayan\u0131kl\u0131l\u0131k odakl\u0131 s\u00fcr\u00fc\u015f keyfini en \u00fcst seviyeye \u00e7\u0131kart\u0131yor. Tek s\u0131k\u0131nt\u0131 ya\u015fad\u0131\u011f\u0131m konu 50\/34t di\u015fli oran\u0131na sahip <span style=\"background-color: #fffaa5; -evernote-highlight: true;\">aynakola<\/span> al\u0131\u015famamak: t\u0131rman\u0131yorum bo\u015fa pedal \u00e7eviriyorum gibi, bunda 30t arka di\u015flinin etkisi b\u00fcy\u00fck, h\u0131zlanmaya \u00e7al\u0131\u015f\u0131yorum 50t yetersiz kalm\u0131yor, daha \u00e7abuk h\u0131zlan\u0131yor ama h\u0131z\u0131 koruyam\u0131yorum. Kahrolsun ba\u011fz\u0131 53\/39t aynakollar! Eklemeden ge\u00e7mek istemiyorum: Specialized Pro Crankarms sahip oldu\u011fu <a href=\"http:\/\/www.campagnolo.com\/WW\/en\/Technologies\/ultra_torque\" target=\"_blank\">Campy Ultra-Torque<\/a> benzeri yap\u0131s\u0131yla ger\u00e7ekten \u00fcst d\u00fczeyde esnemezlik sa\u011fl\u0131yor. \u00d6zellikle h\u0131z koruyup girilen k\u0131sa ve anl\u0131k rampalarda 50t yaprak ile ayakta t\u0131rman\u0131nca esnemezlik nedir \u00e7ok iyi anl\u0131yorsunuz. <a href=\"http:\/\/www.specialized.com\/us\/en\/ftb\/wheels\/roval-road-aeroefficient\/roval-rapide-clx-40-disc-scs\" target=\"_blank\">Roval Rapide CL 40 full carbon<\/a> jant seti \u00fczerindeki 700x24c \u00f6l\u00e7\u00fcs\u00fcndeki <a href=\"http:\/\/www.specialized.com\/us\/en\/ftb\/road-tires\/competitive-road-tires\/sworks-turbo\" target=\"_blank\">Specialized S-works Turbo<\/a> <span style=\"background-color: #fffaa5; -evernote-highlight: true;\">d\u0131\u015f<\/span> <span style=\"background-color: #fffaa5; -evernote-highlight: true;\">lastik<\/span> kirli yolda iyi tutu\u015f sa\u011fl\u0131yor. Shimano Ultegra Di2 <span style=\"background-color: #fffaa5; -evernote-highlight: true;\">elektronik<\/span> <span style=\"background-color: #fffaa5; -evernote-highlight: true;\">vitesler<\/span> son derece itaatkar, i\u015fini gerekti\u011fi gibi yap\u0131yor. S\u00fcrekli olarak mekanik vites kullanan birisi olarak al\u0131\u015fmam uzun s\u00fcrmedi. Ancak <a href=\"http:\/\/www.campagnolo.com\/WW\/en\/Technologies\/ultra_shift_system\" target=\"_blank\">Campagnolo Ultra-Shift<\/a> sa\u011f olsun vites ge\u00e7i\u015fini dibine dek hissettiren o duyguyu aramad\u0131m de\u011fil. <span style=\"background-color: #fffaa5; -evernote-highlight: true;\">Frenlere<\/span> gelirsek: kollar Ultegra, kaliper ve diskler arazi bisikleti serisinden Shimano XT<span style=\"text-decoration: underline;\">,<\/span> haliyle \u00f6n ve arka <span style=\"background-color: #fffaa5; -evernote-highlight: true;\">jant<\/span> <span style=\"background-color: #fffaa5; -evernote-highlight: true;\">g\u00f6bekleri<\/span> de sokma (<a href=\"http:\/\/www.reddit.com\/r\/cyclocross\/comments\/3bnes3\/thruaxles_and_disc_brakes_how_much_does_it_matter\/\" target=\"_blank\">thru axle<\/a>) mil. Klasik frenlerin verdi\u011fi durma pay\u0131n\u0131 kavrama hidrolik frenler yok de\u011fil ama al\u0131\u015fmak laz\u0131m, t\u0131pk\u0131 arazi bisikletinde oldu\u011fu gibi, al\u0131\u015f\u0131nca sorun olmayacakt\u0131r. Ancak frenleri s\u0131kmaya ba\u015flad\u0131\u011f\u0131mda sanki bisiklet durmuyormu\u0219 gibi hissetti\u011fimden, klasik frenler h\u0131z kesme ve durma hissini an\u0131nda iletiyor, daha da bir s\u0131k\u0131nca frenleri kilitlenme durumu ya\u015famad\u0131m de\u011fil dengeyle kurtard\u0131m kendimi. Yine de k\u00f6t\u00fc de\u011fil ama \u015fart da de\u011fil hidrolik disk fren. Al\u0131\u015f\u0131lmaz m\u0131? Her \u015fey al\u0131\u015fkanl\u0131klar\u0131n yerini <em>al\u0131\u015farak<\/em> yeni al\u0131\u015fkanl\u0131klara b\u0131rakmas\u0131na.<\/p>\n<div>Specialized Roubaix Pro MY16 ile hem \u015fehir i\u00e7i h\u0131m k\u0131rsal hem de da\u011f yama\u00e7lar\u0131nda yapt\u0131\u011f\u0131m yol:<\/div>\n<div><iframe loading=\"lazy\" src=\"https:\/\/www.strava.com\/activities\/355946053\/embed\/b8c05334803f770c9e6d575e99118efda003a964\" width=\"590\" height=\"405\" frameborder=\"0\" scrolling=\"no\"><\/iframe><\/div>\n<p>&nbsp;<\/p>\n<p><span style=\"font-size: 18pt;\"><strong>Specialized Diverge Pro Disc MY16 <\/strong><\/span><\/p>\n<div id=\"attachment_1638\" style=\"width: 715px\" class=\"wp-caption alignnone\"><a href=\"https:\/\/i0.wp.com\/aynakol.org\/wp-content\/uploads\/2015\/08\/SP_Diverge_Pro_MY16_0.jpg\"><img data-recalc-dims=\"1\" loading=\"lazy\" decoding=\"async\" aria-describedby=\"caption-attachment-1638\" data-attachment-id=\"1638\" data-permalink=\"http:\/\/aynakol.org\/?attachment_id=1638\" data-orig-file=\"https:\/\/i0.wp.com\/aynakol.org\/wp-content\/uploads\/2015\/08\/SP_Diverge_Pro_MY16_0.jpg?fit=1632%2C1224\" data-orig-size=\"1632,1224\" data-comments-opened=\"1\" data-image-meta=\"{&quot;aperture&quot;:&quot;2.4&quot;,&quot;credit&quot;:&quot;&quot;,&quot;camera&quot;:&quot;Nexus 5&quot;,&quot;caption&quot;:&quot;&quot;,&quot;created_timestamp&quot;:&quot;1438170905&quot;,&quot;copyright&quot;:&quot;&quot;,&quot;focal_length&quot;:&quot;3.97&quot;,&quot;iso&quot;:&quot;100&quot;,&quot;shutter_speed&quot;:&quot;0.001495076&quot;,&quot;title&quot;:&quot;&quot;,&quot;orientation&quot;:&quot;1&quot;}\" data-image-title=\"SP_Diverge_Pro_MY16_0\" data-image-description=\"\" data-image-caption=\"&lt;p&gt;Leogang  kasabas\u0131n\u0131 \u00e7eviren Rein s\u0131ra da\u011flar\u0131. Dikkatli bak\u0131n ormanlar sanki birilerince oraya \u00f6ylece konulmu\u015f gibi!&lt;\/p&gt;\n\" data-large-file=\"https:\/\/i0.wp.com\/aynakol.org\/wp-content\/uploads\/2015\/08\/SP_Diverge_Pro_MY16_0.jpg?fit=860%2C645\" class=\"size-large wp-image-1638\" src=\"https:\/\/i0.wp.com\/aynakol.org\/wp-content\/uploads\/2015\/08\/SP_Diverge_Pro_MY16_0.jpg?resize=705%2C529\" alt=\"Leogang  kasabas\u0131n\u0131 \u00e7eviren Rein s\u0131ra da\u011flar\u0131. Dikkatli bak\u0131n ormanlar sanki birilerince oraya \u00f6ylece konulmu\u015f gibi!\" width=\"705\" height=\"529\" srcset=\"https:\/\/i0.wp.com\/aynakol.org\/wp-content\/uploads\/2015\/08\/SP_Diverge_Pro_MY16_0.jpg?resize=1024%2C768 1024w, https:\/\/i0.wp.com\/aynakol.org\/wp-content\/uploads\/2015\/08\/SP_Diverge_Pro_MY16_0.jpg?resize=300%2C225 300w, https:\/\/i0.wp.com\/aynakol.org\/wp-content\/uploads\/2015\/08\/SP_Diverge_Pro_MY16_0.jpg?resize=705%2C529 705w, https:\/\/i0.wp.com\/aynakol.org\/wp-content\/uploads\/2015\/08\/SP_Diverge_Pro_MY16_0.jpg?w=1632 1632w\" sizes=\"auto, (max-width: 705px) 100vw, 705px\" \/><\/a><p id=\"caption-attachment-1638\" class=\"wp-caption-text\">Leogang kasabas\u0131n\u0131 \u00e7eviren Rein s\u0131ra da\u011flar\u0131. Dikkatli bak\u0131n ormanlar sanki birilerince oraya \u00f6ylece konulmu\u015f gibi!<\/p><\/div>\n<p><br clear=\"none\" \/>K\u00f6\u015fe yazarlar\u0131n\u0131 taklit ederek kelime anlam\u0131yla ba\u015flayal\u0131m: <em>Diverge nedir?<\/em> Sapmak, bilinen yol yerine ba\u015fka yoldan devam etmek vs. Tam da bu Diverge: Yol mu bitti, o zaman kendince devam et. Yol bir anda bozuldu ve \u00f6yle devam m\u0131 ediyor, o zaman durma devam et! Diverge ne safkan bir Cyclocross ne de bir tur bisikleti, asl\u0131nda ikisinin de eksikliklerini kendisinde toplayan yeni bir nesil. K\u0131saca Graval Bike. \u00d6zelliklerden \u00e7ok deneyime odaklanmak gerekirse: 50\/34t <a href=\"http:\/\/www.specialized.com\/us\/en\/ftb\/road-components\/drivetrain\/sworks-carbon-road-crank-arms\" target=\"_blank\">Specialized Pro Crankset <span style=\"background-color: #fffaa5; -evernote-highlight: true;\">aynakol<\/span><\/a> ve 11-32t Shimano Ultegra <span style=\"background-color: #fffaa5; -evernote-highlight: true;\">arka <\/span><span style=\"background-color: #fffaa5; -evernote-highlight: true;\">di\u015fli<\/span> ile konumland\u0131\u011f\u0131 alanda ihtiya\u00e7lar\u0131 kar\u015f\u0131l\u0131yor. Mesela asfalt\u0131n bitip de 1400 rak\u0131ma dek uzanan da\u011f\u0131n\u0131k ve m\u0131c\u0131r kapl\u0131 da\u011f yolunda 32t arka di\u015fli adeta hayat kurtar\u0131yor. Tabii ki s\u00fcrt\u00fcnmesiz, hafif karbon Specialized Pro Crankset aynakolun da hakk\u0131n\u0131 vermek gerek. Diverge 700&#215;30\/32c <span style=\"background-color: #fffaa5; -evernote-highlight: true;\">d\u0131\u015f<\/span> <span style=\"background-color: #fffaa5; -evernote-highlight: true;\">lastik<\/span> ile geliyor, kulland\u0131\u011f\u0131m Pro modelde yol bisikletlerinde g\u00f6rmeye al\u0131\u015ft\u0131\u011f\u0131m\u0131z y\u00fczeyi \u00e7\u0131k\u0131nt\u0131s\u0131z &#8211; t\u0131rt\u0131ks\u0131z ama d\u00fcmd\u00fcz de olmayan <a href=\"http:\/\/www.specialized.com\/us\/en\/ftb\/road-tires\/trainingall-season-road-tires\/espoir-sport\" target=\"_blank\">Specialized Espoir<\/a> d\u0131\u015f lastikler vard\u0131. Parkura g\u00f6re pekala t\u0131rt\u0131kl\u0131 ve daha kal\u0131n lastik kullan\u0131labilir. Zira da\u011f\u0131n\u0131k sat\u0131h yollarda t\u0131rt\u0131kl\u0131 d\u0131\u015f lastik tutunmay\u0131 artt\u0131raca\u011f\u0131 gibi ini\u015flerde g\u00fcven verir. Specialized Diverge&#8217;deki vites sistemi de bunu destekler oranlara sahip zaten: aynakol 50\/34t ruble 11-32t. Darbe emme g\u00fcc\u00fc elektrikli s\u00fcp\u00fcrgeden de iyi: karbon kadronun arka \u00e7eki borular\u0131na, ma\u015fa ve sele borusuna eklenen Paris-Roubaix ve bahar klasikleri yar\u0131\u015flar\u0131nda ba\u015far\u0131s\u0131n\u0131 ispatlayan Specialized patentli <a href=\"http:\/\/www.specialized.com\/us\/en\/technology\/smoother-is-faster\" target=\"_blank\"><span style=\"background-color: #fffaa5; -evernote-highlight: true;\">Zertz<\/span> <span style=\"background-color: #fffaa5; -evernote-highlight: true;\">damperleri<\/span><\/a> s\u00fcr\u00fc\u015f esnas\u0131nda yoldan gelen darbe ve titre\u015fimleri en aza indiriyor. \u00d6rdek gagas\u0131n\u0131 and\u0131ran <a href=\"http:\/\/www.specialized.com\/us\/en\/ftb\/road-components\/seat-posts\/cgr-carbon-seatpost\" target=\"_blank\">CG-R\u00a0<span style=\"background-color: #fffaa5; -evernote-highlight: true;\">sele borusu<\/span><\/a> ise ayr\u0131 bir incelemeyi hak ediyor. Hidrolik disk <span style=\"background-color: #fffaa5; -evernote-highlight: true;\">fren sistemi<\/span> jantlar\u0131n da sokma mil olmas\u0131na sebep, bu olumsuzluk de\u011fil bir art\u0131. Zira iyi seviyede herhangi bir sokma milli g\u00f6bek ile yeni jant \u00f6rmek c\u00fczdan\u0131n\u0131za ve zaman\u0131n\u0131za bakar. Ancak \u00fczerinde gelen jantlar da karar\u0131nda bir ak\u0131c\u0131l\u0131k sa\u011fl\u0131yor. 30mm \u00fczerindeki profilleri de yine darbeleri savu\u0219turmas\u0131 bak\u0131m\u0131ndan \u00f6nemli. Roubaix modeli ile kar\u015f\u0131la\u015ft\u0131rmak gerekirse benzer a\u00e7\u0131 ve donan\u0131mlara sahip olmalar\u0131na kar\u015f\u0131n kullan\u0131m alan\u0131 \u00e7ok farkl\u0131. Roubaix ile girdi\u011fim yol 988 rak\u0131mdan sonra da\u011f\u0131n\u0131k toprak yola d\u00f6n\u00fc\u015f\u00fcnce geri d\u00f6nmek zorunda kalan ben Diverge ile yolu tamamlay\u0131p zirveye \u00e7\u0131kt\u0131m ve korkusuzca a\u015fa\u011f\u0131ya indim. Kal\u0131n d\u0131\u015f lastikler, kontrol\u00fc elden b\u0131rakmayan konforlu yap\u0131s\u0131 ve hidrolik disk frenlerle Diverge m\u00fcthi\u015f bir deneyim sunuyor.<\/p>\n<div>Specialized Diverge Pro MY16 ile \u00f6nce asfalt sonra da ta\u015fradan da\u011f\u0131n ortas\u0131na dek pedallad\u0131k:<\/div>\n<div><iframe loading=\"lazy\" src=\"https:\/\/www.strava.com\/activities\/356492800\/embed\/66a6b75be0d35ded7e24c916b2bc97801d1d8fcd\" width=\"590\" height=\"405\" frameborder=\"0\" scrolling=\"no\"><\/iframe><\/div>\n<div><\/div>\n<p><span style=\"font-size: 18pt;\"><strong>Specialized Roubaix Comp MY16 <\/strong><\/span><\/p>\n<p><a href=\"https:\/\/i0.wp.com\/aynakol.org\/wp-content\/uploads\/2015\/08\/SP_Roubaix_Comp_MY16_0.jpg\"><img data-recalc-dims=\"1\" loading=\"lazy\" decoding=\"async\" data-attachment-id=\"1640\" data-permalink=\"http:\/\/aynakol.org\/?attachment_id=1640\" data-orig-file=\"https:\/\/i0.wp.com\/aynakol.org\/wp-content\/uploads\/2015\/08\/SP_Roubaix_Comp_MY16_0.jpg?fit=1632%2C1037\" data-orig-size=\"1632,1037\" data-comments-opened=\"1\" data-image-meta=\"{&quot;aperture&quot;:&quot;2.4&quot;,&quot;credit&quot;:&quot;&quot;,&quot;camera&quot;:&quot;Nexus 5&quot;,&quot;caption&quot;:&quot;&quot;,&quot;created_timestamp&quot;:&quot;1438254864&quot;,&quot;copyright&quot;:&quot;&quot;,&quot;focal_length&quot;:&quot;3.97&quot;,&quot;iso&quot;:&quot;131&quot;,&quot;shutter_speed&quot;:&quot;0.008282461&quot;,&quot;title&quot;:&quot;&quot;,&quot;orientation&quot;:&quot;1&quot;}\" data-image-title=\"SP_Roubaix_Comp_MY16_0\" data-image-description=\"\" data-image-caption=\"\" data-large-file=\"https:\/\/i0.wp.com\/aynakol.org\/wp-content\/uploads\/2015\/08\/SP_Roubaix_Comp_MY16_0.jpg?fit=860%2C547\" class=\"alignnone size-large wp-image-1640\" src=\"https:\/\/i0.wp.com\/aynakol.org\/wp-content\/uploads\/2015\/08\/SP_Roubaix_Comp_MY16_0.jpg?resize=705%2C448\" alt=\"SP_Roubaix_Comp_MY16_0\" width=\"705\" height=\"448\" srcset=\"https:\/\/i0.wp.com\/aynakol.org\/wp-content\/uploads\/2015\/08\/SP_Roubaix_Comp_MY16_0.jpg?resize=1024%2C651 1024w, https:\/\/i0.wp.com\/aynakol.org\/wp-content\/uploads\/2015\/08\/SP_Roubaix_Comp_MY16_0.jpg?resize=300%2C191 300w, https:\/\/i0.wp.com\/aynakol.org\/wp-content\/uploads\/2015\/08\/SP_Roubaix_Comp_MY16_0.jpg?resize=705%2C448 705w, https:\/\/i0.wp.com\/aynakol.org\/wp-content\/uploads\/2015\/08\/SP_Roubaix_Comp_MY16_0.jpg?w=1632 1632w\" sizes=\"auto, (max-width: 705px) 100vw, 705px\" \/><\/a><br clear=\"none\" \/>\u0130ki g\u00fcn \u00f6nce kulland\u0131\u011f\u0131m Roubaix Pro ile farklar\u0131 sayarsak vites ve frenler mekanik, y\u0131llard\u0131r kulland\u0131klar\u0131m\u0131zdan, ayr\u0131ca <span style=\"background-color: #fffaa5; -evernote-highlight: true;\">kadrodaki<\/span> karbon i\u015fleme teknolojisi de farkl\u0131: Fact is 8r. Daha farkl\u0131 bir karbon i\u015fleme teknolojisi kullan\u0131lm\u0131\u015f. Specialized Roubaix Comp MY16&#8217;da frenler Shimano 105, aynakol da Priaxis Works Turn Zytane kullan\u0131l\u0131rken kalan her \u015fey Shimano Ultegra serisine ait. Jantlar da yine Fulcrum tercih edilmi\u015f. S\u00fcr\u00fc\u015f zevki bildi\u011fimiz Roubaix, darbeleri savu\u0219turan kadro tasar\u0131m\u0131, \u00e7eki borular\u0131ndan gidon sarg\u0131s\u0131na, sele borusundan aynakol &#8211; ruble di\u015fli oranlar\u0131na dek hepsi konforlu bir s\u00fcr\u00fc\u015f i\u00e7in.<\/p>\n<div>Specialized Roubaix Comp MY16 ile yapt\u0131\u011f\u0131m tur Dealer Event boyunca yapt\u0131\u011f\u0131m en uzun s\u00fcr\u00fc\u015f oldu:<\/div>\n<div><iframe loading=\"lazy\" src=\"https:\/\/www.strava.com\/activities\/357195217\/embed\/5ec82fdf1d641807add78c7969bd9d745b53b335\" width=\"590\" height=\"405\" frameborder=\"0\" scrolling=\"no\"><\/iframe><\/div>\n<div><\/div>\n<p><strong>\u00d6zetle&#8230;<\/strong><\/p>\n<p><span style=\"font-size: 14pt;\"><strong>Roubaix ve Diverge<\/strong><\/span> modelleri \u00f6z\u00fcnde yol bisikleti olmalar\u0131na kar\u015f\u0131n performanstan \u00e7ok konfor odakl\u0131 bisikletler. Bunu tekrar etmekte zarar yok Specialized patentli darbe emici Zertz damperleri, gidon band\u0131, 30mm civar\u0131nda jant profilleri, aynakol ve rublenin pedallamay\u0131 ve t\u0131rmanmay\u0131 kolayla\u0219t\u0131ran oranlar\u0131 hepsi konforu tamamlayacak \u015fekilde d\u00fc\u015f\u00fcn\u00fclm\u00fc\u015f. Ama as\u0131l \u00f6nemli nokta <span style=\"background-color: #fffaa5; -evernote-highlight: true;\">al\u0131n<\/span> <span style=\"background-color: #fffaa5; -evernote-highlight: true;\">borusunun<\/span> y\u00fcksekli\u011fi ve a\u00e7\u0131s\u0131yla birlikte ma\u015fa borusunun da safkan t\u0131rman\u0131\u0219 ve h\u0131z bisikletlerinden uzun olmas\u0131. Bu s\u00fcr\u00fcc\u00fcn\u00fcn daha dik bir pozisyonda oturmas\u0131n\u0131 sa\u011flarken konforu da y\u00fckseltiyor. B\u00f6ylece bisikletin kontrol\u00fc, pedal \u00e7evirmek kolayla\u015f\u0131rken omuzlara binen y\u00fck de azal\u0131yor. Haliyle s\u00fcr\u00fc\u015f keyfi de art\u0131yor.<\/p>\n<p><span style=\"font-size: 14pt;\"><strong>Tarmac<\/strong> <\/span>ise biraz da <em>no pain no gain <\/em>s\u00fcr\u00fc\u015fleri seven performans odakl\u0131 bir bisiklet oldu\u011fu i\u00e7in konfor elemanlar\u0131 fabrikadan \u00e7\u0131kt\u0131\u011f\u0131 gibi de\u011fil de kullan\u0131c\u0131n\u0131n <em>Body Geometry Fit<\/em> i\u015flemi sonras\u0131nda olabilecek \u015feyler, pe\u015finden de <em>olabildi\u011fi<\/em> kadar konfor ama daha fazla performans geliyor.<\/p>\n<p>\u00d6nemli olan nokta ki\u015finin ne istedi\u011fini ve de yetkinliklerini bilmesi, zaten pe\u015fi s\u0131ra sitedi\u011fi alana y\u00f6nelip ilgili disipline ait bisikleti tercih edecektir: safkan yol veya macera pe\u015finde ko\u015fabilece\u011fi dayan\u0131kl\u0131l\u0131k bisikleti.<\/p>\n<p>Benim tercihim her ikisi! \u00c7\u00fcnk\u00fc bu i\u015fin cidden sonu yok!<\/p>\n<div id=\"attachment_1643\" style=\"width: 715px\" class=\"wp-caption alignnone\"><a href=\"https:\/\/i0.wp.com\/aynakol.org\/wp-content\/uploads\/2015\/08\/SP_Diverge_Pro_MY16_1.jpg\"><img data-recalc-dims=\"1\" loading=\"lazy\" decoding=\"async\" aria-describedby=\"caption-attachment-1643\" data-attachment-id=\"1643\" data-permalink=\"http:\/\/aynakol.org\/?attachment_id=1643\" data-orig-file=\"https:\/\/i0.wp.com\/aynakol.org\/wp-content\/uploads\/2015\/08\/SP_Diverge_Pro_MY16_1.jpg?fit=1632%2C843\" data-orig-size=\"1632,843\" data-comments-opened=\"1\" data-image-meta=\"{&quot;aperture&quot;:&quot;2.4&quot;,&quot;credit&quot;:&quot;&quot;,&quot;camera&quot;:&quot;Nexus 5&quot;,&quot;caption&quot;:&quot;&quot;,&quot;created_timestamp&quot;:&quot;1438172561&quot;,&quot;copyright&quot;:&quot;&quot;,&quot;focal_length&quot;:&quot;3.97&quot;,&quot;iso&quot;:&quot;101&quot;,&quot;shutter_speed&quot;:&quot;0.001071692&quot;,&quot;title&quot;:&quot;&quot;,&quot;orientation&quot;:&quot;1&quot;}\" data-image-title=\"SP_Diverge_Pro_MY16_1\" data-image-description=\"\" data-image-caption=\"&lt;p&gt;Specialized Diverge ile korkusuzca da\u011f\u0131n zirvesine uzanan bozuk yollara girebilirsiniz; \u00fcstelik yol bisikletinde arazi &amp;#8211; cyclocross bisikleti deneyimi ya\u015fayarak.&lt;\/p&gt;\n\" data-large-file=\"https:\/\/i0.wp.com\/aynakol.org\/wp-content\/uploads\/2015\/08\/SP_Diverge_Pro_MY16_1.jpg?fit=860%2C444\" class=\"size-large wp-image-1643\" src=\"https:\/\/i0.wp.com\/aynakol.org\/wp-content\/uploads\/2015\/08\/SP_Diverge_Pro_MY16_1.jpg?resize=705%2C364\" alt=\"Specialized Diverge ile korkusuzca da\u011f\u0131n zirvesine uzanan bozuk yollara girebilirsiniz; \u00fcstelik yol bisikletinde arazi - cyclocross bisikleti deneyimi ya\u015fayarak.\" width=\"705\" height=\"364\" srcset=\"https:\/\/i0.wp.com\/aynakol.org\/wp-content\/uploads\/2015\/08\/SP_Diverge_Pro_MY16_1.jpg?resize=1024%2C529 1024w, https:\/\/i0.wp.com\/aynakol.org\/wp-content\/uploads\/2015\/08\/SP_Diverge_Pro_MY16_1.jpg?resize=300%2C155 300w, https:\/\/i0.wp.com\/aynakol.org\/wp-content\/uploads\/2015\/08\/SP_Diverge_Pro_MY16_1.jpg?resize=705%2C364 705w, https:\/\/i0.wp.com\/aynakol.org\/wp-content\/uploads\/2015\/08\/SP_Diverge_Pro_MY16_1.jpg?w=1632 1632w\" sizes=\"auto, (max-width: 705px) 100vw, 705px\" \/><\/a><p id=\"caption-attachment-1643\" class=\"wp-caption-text\">Specialized Diverge ile korkusuzca da\u011f\u0131n zirvesine uzanan bozuk yollara girebilirsiniz; \u00fcstelik yol bisikletinde arazi &#8211; cyclocross bisikleti deneyimi ya\u015fayarak.<\/p><\/div>\n<p><strong>Hat\u0131rlatma:<\/strong><\/p>\n<p>Halihaz\u0131rda 2 y\u0131la yak\u0131n s\u00fcredir Specialized bisiklet ve donan\u0131mlar\u0131n\u0131n, \u00fcr\u00fcn ve hizmetlerinin\u00a0T\u00fcrkiyedeki tek sat\u0131\u015f ve sonras\u0131 hizmetleri i\u00e7in yetkilisi Aktif Pedal Bisiklet firmas\u0131nda \u00e7al\u0131\u015f\u0131yorum. Tan\u0131\u015fmak, \u00e7ay kahve i\u00e7mek isteyenleri her zaman i\u00e7in \u0130stanbul Kad\u0131k\u00f6y Caddebostandaki ma\u011fazam\u0131za bekliyorum.<\/p>\n","protected":false},"excerpt":{"rendered":"<p>Specialized 2016 model bisiklet ve \u00fcr\u00fcnlerini (donan\u0131m, aksesuar, tekstil)\u00a0yenilikleri\u00a0\u00e7al\u0131\u015fanlar\u0131 ile payla\u015fmak i\u00e7in her y\u0131l oldu\u011fu gibi bu sene de bir Dealer Event \/ Bayiler Toplant\u0131s\u0131 [&#8230;]<\/p>\n","protected":false},"author":1,"featured_media":0,"comment_status":"open","ping_status":"open","sticky":false,"template":"","format":"standard","meta":{"jetpack_post_was_ever_published":false,"_jetpack_newsletter_access":"","_jetpack_dont_email_post_to_subs":false,"_jetpack_newsletter_tier_id":0,"_jetpack_memberships_contains_paywalled_content":false,"_jetpack_memberships_contains_paid_content":false,"footnotes":"","jetpack_publicize_message":"","jetpack_publicize_feature_enabled":true,"jetpack_social_post_already_shared":true,"jetpack_social_options":{"image_generator_settings":{"template":"highway","default_image_id":0,"font":"","enabled":false},"version":2}},"categories":[252],"tags":[897,900,906,158,197,101,903,901,902,907,647,103,648,905,908,199,870,896,899,136,893,895,467,468,470,322,572,321,898,904,130],"class_list":["post-1633","post","type-post","status-publish","format-standard","hentry","category-urun-incelemesi","tag-897","tag-11-speed","tag-austria","tag-bisiklet-kulturu-2","tag-campagnolo","tag-cyclocross","tag-diverge","tag-endurance-bike","tag-gravel-bike","tag-leogang","tag-paris-roubaix","tag-road-bike","tag-roubaix","tag-roval","tag-salzburg","tag-shimano","tag-shimano-105","tag-shimano-ultegra","tag-shimano-xt","tag-specialized","tag-specialized-diverge","tag-specialized-espoir","tag-specialized-roubaix","tag-specialized-roval","tag-specialized-roval-rapide","tag-specialized-tarmac","tag-steephill","tag-tarmac","tag-ultegra","tag-ultra-torque","tag-yol-bisikleti"],"jetpack_publicize_connections":[],"jetpack_featured_media_url":"","jetpack_sharing_enabled":true,"jetpack_shortlink":"https:\/\/wp.me\/p51p4O-ql","jetpack_likes_enabled":true,"jetpack-related-posts":[{"id":556,"url":"http:\/\/aynakol.org\/?p=556","url_meta":{"origin":1633,"position":0},"title":"Pro Bikes: Pro Team Tinkoff Saxo&#8217;nun tercihi Specialized S-Works Tarmac","author":"Ayd\u0131n Bez","date":"23 Ocak 2015","format":false,"excerpt":"2015 sezonunda pro pelotonda bir\u00e7ok tak\u0131m vites-fren-teker sistemleriyle tamamlay\u0131c\u0131 donan\u0131mlar\u0131nda ciddi de\u011fi\u015fikliklere gitti. Neredeyse donan\u0131mlar\u0131n\u0131 de\u011fi\u015ftirmeyen tak\u0131m kalmad\u0131 diyebiliriz. 2014 sezonunu say\u0131s\u0131z etap galibiyetleri ve \u0130spanya Bisiklet Turu \u015fampiyonlu\u011fu gibi ba\u015far\u0131larla kapat\u0131p \u00fczerine gelecek sezon ba\u015far\u0131lar\u0131n\u0131 per\u00e7inlemek i\u00e7in yerinde transferler yapan Uci World Tour\u2019un tek Rus tak\u0131m\u0131 Pro Team Tinkoff\u2026","rel":"","context":"&quot;Pro Bikes&quot; i\u00e7inde","block_context":{"text":"Pro Bikes","link":"http:\/\/aynakol.org\/?cat=443"},"img":{"alt_text":"","src":"https:\/\/i0.wp.com\/aynakol.org\/wp-content\/uploads\/2015\/01\/Tinkoff_Saxo_Specialized_Swork_Tarmac_2015.jpg?fit=1200%2C800&resize=350%2C200","width":350,"height":200,"srcset":"https:\/\/i0.wp.com\/aynakol.org\/wp-content\/uploads\/2015\/01\/Tinkoff_Saxo_Specialized_Swork_Tarmac_2015.jpg?fit=1200%2C800&resize=350%2C200 1x, https:\/\/i0.wp.com\/aynakol.org\/wp-content\/uploads\/2015\/01\/Tinkoff_Saxo_Specialized_Swork_Tarmac_2015.jpg?fit=1200%2C800&resize=525%2C300 1.5x, https:\/\/i0.wp.com\/aynakol.org\/wp-content\/uploads\/2015\/01\/Tinkoff_Saxo_Specialized_Swork_Tarmac_2015.jpg?fit=1200%2C800&resize=700%2C400 2x, https:\/\/i0.wp.com\/aynakol.org\/wp-content\/uploads\/2015\/01\/Tinkoff_Saxo_Specialized_Swork_Tarmac_2015.jpg?fit=1200%2C800&resize=1050%2C600 3x"},"classes":[]},{"id":1540,"url":"http:\/\/aynakol.org\/?p=1540","url_meta":{"origin":1633,"position":1},"title":"Surly G\u00fcnl\u00fc\u011f\u00fcm #15 Mutlu Son!","author":"Ayd\u0131n Bez","date":"19 Temmuz 2015","format":false,"excerpt":"Sonunda bitti! \u0130lk notu yazal\u0131 be\u015f ay olmu\u015f. Surly Long Haul Trucker ya da T\u00fcrk\u00e7esi uzun yol kamyonu ismine yak\u0131\u015f\u0131r \u015fekilde 12 kg olarak d\u00fcnyaya geldi. Surly Long Haul Trucker bisikletimin amac\u0131 evden i\u015fe gitmek, pek fazla yapmam ama bir de \u00f6ylesine s\u00fcr\u00fc\u015f yapmak. Yoksa bu i\u015f i\u00e7in karbon bisikletim\u2026","rel":"","context":"&quot;Surly G\u00fcnl\u00fc\u011f\u00fcm&quot; i\u00e7inde","block_context":{"text":"Surly G\u00fcnl\u00fc\u011f\u00fcm","link":"http:\/\/aynakol.org\/?cat=601"},"img":{"alt_text":"2015-07-15 18.23.01-2","src":"https:\/\/i0.wp.com\/aynakol.org\/wp-content\/uploads\/2015\/07\/2015-07-15-18.23.01-2-1024x768.jpg?resize=350%2C200","width":350,"height":200,"srcset":"https:\/\/i0.wp.com\/aynakol.org\/wp-content\/uploads\/2015\/07\/2015-07-15-18.23.01-2-1024x768.jpg?resize=350%2C200 1x, https:\/\/i0.wp.com\/aynakol.org\/wp-content\/uploads\/2015\/07\/2015-07-15-18.23.01-2-1024x768.jpg?resize=525%2C300 1.5x, https:\/\/i0.wp.com\/aynakol.org\/wp-content\/uploads\/2015\/07\/2015-07-15-18.23.01-2-1024x768.jpg?resize=700%2C400 2x"},"classes":[]},{"id":2149,"url":"http:\/\/aynakol.org\/?p=2149","url_meta":{"origin":1633,"position":2},"title":"H\u0131zl\u0131 ve Pedall\u0131 \u015eilenin K\u00f6ylerinde","author":"Ayd\u0131n Bez","date":"22 Aral\u0131k 2015","format":false,"excerpt":"Kas\u0131m ay\u0131 boyunca s\u0131kl\u0131kla\u00a0\u00fc\u00e7er be\u015fer ki\u015filik gruplar halinde ziyaret etti\u011fimiz \u0130stanbulun Kuzeyi, \u015eile ve k\u00f6ylerini bu sefer kalabal\u0131k say\u0131lacak, 10 ki\u015filik, bir grupla pedallad\u0131k. Ayhan - Specialized Roubaix Sport MY2014 Kerem - Bianchi Infinito CV MY2015 Kaan - Specialized Secteur MY2011 Armin -\u00a0Merida Ride 90 MY2014 Cihan - Specialized Roubaix\u2026","rel":"","context":"&quot;Etkinlikler&quot; i\u00e7inde","block_context":{"text":"Etkinlikler","link":"http:\/\/aynakol.org\/?cat=336"},"img":{"alt_text":"","src":"https:\/\/i0.wp.com\/aynakol.org\/wp-content\/uploads\/2015\/12\/IMG-20151217-WA0008.jpg?fit=1200%2C900&resize=350%2C200","width":350,"height":200,"srcset":"https:\/\/i0.wp.com\/aynakol.org\/wp-content\/uploads\/2015\/12\/IMG-20151217-WA0008.jpg?fit=1200%2C900&resize=350%2C200 1x, https:\/\/i0.wp.com\/aynakol.org\/wp-content\/uploads\/2015\/12\/IMG-20151217-WA0008.jpg?fit=1200%2C900&resize=525%2C300 1.5x, https:\/\/i0.wp.com\/aynakol.org\/wp-content\/uploads\/2015\/12\/IMG-20151217-WA0008.jpg?fit=1200%2C900&resize=700%2C400 2x, https:\/\/i0.wp.com\/aynakol.org\/wp-content\/uploads\/2015\/12\/IMG-20151217-WA0008.jpg?fit=1200%2C900&resize=1050%2C600 3x"},"classes":[]},{"id":4330,"url":"http:\/\/aynakol.org\/?p=4330","url_meta":{"origin":1633,"position":3},"title":"Uzakta de\u011fil yak\u0131nda bir \u00e7\u0131narl\u0131 k\u00f6y: Mahmut \u015eevket Pa\u015fa","author":"Ayd\u0131n Bez","date":"27 Eyl\u00fcl 2016","format":false,"excerpt":"Bu s\u0131ralar tekerimiz pek bir Mahmut \u015eevket Pa\u015fa K\u00f6y\u00fcne u\u011frar oldu; yoksa d\u00f6ner mi demeli? Bir de Kurtdo\u011fmu\u015f K\u00f6y\u00fc var, ama o ba\u015fka bir yaz\u0131n\u0131n konusu! \u00a0 \u0130stanbul Beykoz il\u00e7esi s\u0131n\u0131rlar\u0131 i\u00e7inde Rivaya \u00e7ok yak\u0131n bir konumda bulunan k\u00f6ye ismini veren ger\u00e7ek Mahmut \u015eevket Pa\u015fa hakk\u0131nda Wikipedia \u00d6zg\u00fcr Ansiklopedide g\u00fczel\u2026","rel":"","context":"&quot;Rotalar&quot; i\u00e7inde","block_context":{"text":"Rotalar","link":"http:\/\/aynakol.org\/?cat=1329"},"img":{"alt_text":"","src":"https:\/\/i0.wp.com\/aynakol.org\/wp-content\/uploads\/2016\/09\/IMG_20160918_092319.jpg?fit=900%2C1200&resize=350%2C200","width":350,"height":200,"srcset":"https:\/\/i0.wp.com\/aynakol.org\/wp-content\/uploads\/2016\/09\/IMG_20160918_092319.jpg?fit=900%2C1200&resize=350%2C200 1x, https:\/\/i0.wp.com\/aynakol.org\/wp-content\/uploads\/2016\/09\/IMG_20160918_092319.jpg?fit=900%2C1200&resize=525%2C300 1.5x, https:\/\/i0.wp.com\/aynakol.org\/wp-content\/uploads\/2016\/09\/IMG_20160918_092319.jpg?fit=900%2C1200&resize=700%2C400 2x"},"classes":[]},{"id":2152,"url":"http:\/\/aynakol.org\/?p=2152","url_meta":{"origin":1633,"position":4},"title":"2016 Sezonunda Pelotondaki Teknik Yenilikler","author":"Ayd\u0131n Bez","date":"21 Aral\u0131k 2015","format":false,"excerpt":"De\u011fi\u015fiklik her zaman iyidir, her ne kadar tutucu olmaya meyilli olsak da. Ge\u00e7en seneye g\u00f6re\u00a02016 sezonunda 18 WorldTour tak\u0131m\u0131ndan hi\u00e7birinin bisiklet sponsorlar\u0131 de\u011fi\u015fmemesine ra\u011fmen, tak\u0131mlar\u0131ndan baz\u0131lar\u0131n\u0131n donan\u0131m tercihlerinde\u00a0baz\u0131 de\u011fi\u015fiklikler oldu. \u00a0 \u015e\u00fcphesiz en dikkat \u00e7ekici de\u011fi\u015fiklik Rus Katusha tak\u0131m\u0131ndan geldi: Shimano'dan SRAM kablosuz ve elektronik vites, fren, jant ve tamamlay\u0131c\u0131\u2026","rel":"","context":"&quot;Haberler&quot; i\u00e7inde","block_context":{"text":"Haberler","link":"http:\/\/aynakol.org\/?cat=251"},"img":{"alt_text":"","src":"https:\/\/i0.wp.com\/aynakol.org\/wp-content\/uploads\/2015\/12\/Katusha_Sram.jpg?fit=599%2C419&resize=350%2C200","width":350,"height":200,"srcset":"https:\/\/i0.wp.com\/aynakol.org\/wp-content\/uploads\/2015\/12\/Katusha_Sram.jpg?fit=599%2C419&resize=350%2C200 1x, https:\/\/i0.wp.com\/aynakol.org\/wp-content\/uploads\/2015\/12\/Katusha_Sram.jpg?fit=599%2C419&resize=525%2C300 1.5x"},"classes":[]},{"id":296,"url":"http:\/\/aynakol.org\/?p=296","url_meta":{"origin":1633,"position":5},"title":"Arazi Bisikleti Deneyimim","author":"Ayd\u0131n Bez","date":"6 Kas\u0131m 2014","format":false,"excerpt":"Ekim 2011\u2019de yeni bir arazi bisikleti almak i\u00e7in ara\u015ft\u0131rmalar yap\u0131yordum. TREK 6000 ve Merida Matts TFS 500 modellerini g\u00f6z\u00fcme kestirmi\u015ftim. Velespit K\u0131z\u0131ltoprak ma\u011fazas\u0131na gidip TREK 6000 modelini yerinde g\u00f6rm\u00fc\u015ft\u00fcm ama Merida i\u00e7in g\u00f6rebilece\u011fim bir yer yoktu. Sonra nedendir bu iki modeli eledim ba\u015fka markalara y\u00f6neldim. \u00a0 2012 \u015eubat\u0131nda ald\u0131\u011f\u0131m Salcano\u2026","rel":"","context":"&quot;Arazi Bisikleti - MTB&quot; i\u00e7inde","block_context":{"text":"Arazi Bisikleti - MTB","link":"http:\/\/aynakol.org\/?cat=191"},"img":{"alt_text":"","src":"https:\/\/i0.wp.com\/aynakol.org\/wp-content\/uploads\/2014\/11\/1385075_10151828510032530_357944498_n.jpg?resize=350%2C200","width":350,"height":200,"srcset":"https:\/\/i0.wp.com\/aynakol.org\/wp-content\/uploads\/2014\/11\/1385075_10151828510032530_357944498_n.jpg?resize=350%2C200 1x, https:\/\/i0.wp.com\/aynakol.org\/wp-content\/uploads\/2014\/11\/1385075_10151828510032530_357944498_n.jpg?resize=525%2C300 1.5x, https:\/\/i0.wp.com\/aynakol.org\/wp-content\/uploads\/2014\/11\/1385075_10151828510032530_357944498_n.jpg?resize=700%2C400 2x"},"classes":[]}],"_links":{"self":[{"href":"http:\/\/aynakol.org\/index.php?rest_route=\/wp\/v2\/posts\/1633","targetHints":{"allow":["GET"]}}],"collection":[{"href":"http:\/\/aynakol.org\/index.php?rest_route=\/wp\/v2\/posts"}],"about":[{"href":"http:\/\/aynakol.org\/index.php?rest_route=\/wp\/v2\/types\/post"}],"author":[{"embeddable":true,"href":"http:\/\/aynakol.org\/index.php?rest_route=\/wp\/v2\/users\/1"}],"replies":[{"embeddable":true,"href":"http:\/\/aynakol.org\/index.php?rest_route=%2Fwp%2Fv2%2Fcomments&post=1633"}],"version-history":[{"count":8,"href":"http:\/\/aynakol.org\/index.php?rest_route=\/wp\/v2\/posts\/1633\/revisions"}],"predecessor-version":[{"id":1652,"href":"http:\/\/aynakol.org\/index.php?rest_route=\/wp\/v2\/posts\/1633\/revisions\/1652"}],"wp:attachment":[{"href":"http:\/\/aynakol.org\/index.php?rest_route=%2Fwp%2Fv2%2Fmedia&parent=1633"}],"wp:term":[{"taxonomy":"category","embeddable":true,"href":"http:\/\/aynakol.org\/index.php?rest_route=%2Fwp%2Fv2%2Fcategories&post=1633"},{"taxonomy":"post_tag","embeddable":true,"href":"http:\/\/aynakol.org\/index.php?rest_route=%2Fwp%2Fv2%2Ftags&post=1633"}],"curies":[{"name":"wp","href":"https:\/\/api.w.org\/{rel}","templated":true}]}}