{"id":1898,"date":"2015-09-05T00:32:58","date_gmt":"2015-09-04T21:32:58","guid":{"rendered":"http:\/\/aynakol.org\/?p=1898"},"modified":"2015-09-05T22:37:42","modified_gmt":"2015-09-05T19:37:42","slug":"lv2015-la-vuelta-a-espana-14-etap-vitoria-%e2%86%92-fuente-del-chivo","status":"publish","type":"post","link":"http:\/\/aynakol.org\/?p=1898","title":{"rendered":"#LV2015 La Vuelta a Espana 14. Etap: Vitoria \u2192 Fuente del Chivo"},"content":{"rendered":"<p>177 km uzunlu\u011fundaki ge\u00e7i\u015f etab\u0131nda pek fazla bir \u015fey olmad\u0131, her \u015fey\u00a0dinlenmek isteyen peloton ve favorilerin istedi\u011fi gibi oldu:<\/p>\n<ul>\n<li>Etap ba\u015flar ba\u015flamaz olu\u015fan 25 ki\u015filik ka\u00e7\u0131\u015f grubundan Nelson Oliviera (Lamspre-Merida) Alto de\u00a0Moncayo ge\u00e7ilir ge\u00e7ilmez ini\u015fte atak yapt\u0131 ve zafere pedallad\u0131.<\/li>\n<li>Yine yar\u0131\u015f\u0131 b\u0131rakmak zorunda kalanlar oldu, bu son y\u0131llar\u0131n en k\u0131r\u0131c\u0131 Vueltas\u0131!<\/li>\n<li>K\u0131rm\u0131z\u0131 mayo h\u00e2l\u00e2 Fabio Aru&#8217;nun s\u0131rt\u0131nda.<\/li>\n<\/ul>\n<div id=\"attachment_1899\" style=\"width: 1011px\" class=\"wp-caption aligncenter\"><a href=\"https:\/\/i0.wp.com\/aynakol.org\/wp-content\/uploads\/2015\/09\/Vuelta2015_Stage14_the_peloton_0.jpg\"><img data-recalc-dims=\"1\" loading=\"lazy\" decoding=\"async\" aria-describedby=\"caption-attachment-1899\" data-attachment-id=\"1899\" data-permalink=\"http:\/\/aynakol.org\/?attachment_id=1899\" data-orig-file=\"https:\/\/i0.wp.com\/aynakol.org\/wp-content\/uploads\/2015\/09\/Vuelta2015_Stage14_the_peloton_0.jpg?fit=1001%2C549\" data-orig-size=\"1001,549\" data-comments-opened=\"1\" data-image-meta=\"{&quot;aperture&quot;:&quot;9&quot;,&quot;credit&quot;:&quot;TEMP SPORT MIGUELEZ&quot;,&quot;camera&quot;:&quot;Canon EOS-1D Mark IV&quot;,&quot;caption&quot;:&quot;Etapa 9 Torrevieja - El Poble Nou de Benitatxell-Alto Puig Llorenca\\nFOTO\/PHOTO: J. A. MIGUELEZ\/Unipublic.&quot;,&quot;created_timestamp&quot;:&quot;1440947860&quot;,&quot;copyright&quot;:&quot;Jose Antonio MIGUELEZ&quot;,&quot;focal_length&quot;:&quot;203&quot;,&quot;iso&quot;:&quot;500&quot;,&quot;shutter_speed&quot;:&quot;0.001&quot;,&quot;title&quot;:&quot;JOSE ANTONIO MIGUELEZ&quot;,&quot;orientation&quot;:&quot;1&quot;}\" data-image-title=\"JOSE ANTONIO MIGUELEZ\" data-image-description=\"\" data-image-caption=\"&lt;p&gt;Etapa 9 Torrevieja &amp;#8211; El Poble Nou de Benitatxell-Alto Puig Llorenca&lt;br \/&gt;\nFOTO\/PHOTO: J. A. MIGUELEZ\/Unipublic.&lt;\/p&gt;\n\" data-large-file=\"https:\/\/i0.wp.com\/aynakol.org\/wp-content\/uploads\/2015\/09\/Vuelta2015_Stage14_the_peloton_0.jpg?fit=860%2C472\" class=\"size-full wp-image-1899\" src=\"https:\/\/i0.wp.com\/aynakol.org\/wp-content\/uploads\/2015\/09\/Vuelta2015_Stage14_the_peloton_0.jpg?resize=860%2C472\" alt=\"Etapa 9 Torrevieja - El Poble Nou de Benitatxell-Alto Puig Llorenca FOTO\/PHOTO: J. A. MIGUELEZ\/Unipublic.\" width=\"860\" height=\"472\" srcset=\"https:\/\/i0.wp.com\/aynakol.org\/wp-content\/uploads\/2015\/09\/Vuelta2015_Stage14_the_peloton_0.jpg?w=1001 1001w, https:\/\/i0.wp.com\/aynakol.org\/wp-content\/uploads\/2015\/09\/Vuelta2015_Stage14_the_peloton_0.jpg?resize=300%2C165 300w, https:\/\/i0.wp.com\/aynakol.org\/wp-content\/uploads\/2015\/09\/Vuelta2015_Stage14_the_peloton_0.jpg?resize=705%2C387 705w\" sizes=\"auto, (max-width: 860px) 100vw, 860px\" \/><\/a><p id=\"caption-attachment-1899\" class=\"wp-caption-text\">Ka\u00e7anlar\u0131n alabilece\u011fi son iki etapta bitti, y\u00f6n\u00fcm\u00fcz art\u0131k da\u011flara do\u011fru. Foto\u011fraf: J. A. MIGUELEZ\/Unipublic.<\/p><\/div>\n<p><span style=\"font-size: 18pt;\"><strong>Etap hakk\u0131nda<\/strong><\/span><\/p>\n<p>Ge\u00e7i\u015f etaplar\u0131 geride kal\u0131rkan \u00f6n\u00fcm\u00fczdeki \u00fc\u00e7 g\u00fcn y\u00f6n\u00fcm\u00fcz da\u011flara do\u011fru, ta ki dinlenme g\u00fcn\u00fcne dek.<\/p>\n<p><a href=\"https:\/\/i0.wp.com\/aynakol.org\/wp-content\/uploads\/2015\/09\/Vuelta2015_Stage14_profile.jpg\"><img data-recalc-dims=\"1\" loading=\"lazy\" decoding=\"async\" data-attachment-id=\"1892\" data-permalink=\"http:\/\/aynakol.org\/?attachment_id=1892\" data-orig-file=\"https:\/\/i0.wp.com\/aynakol.org\/wp-content\/uploads\/2015\/09\/Vuelta2015_Stage14_profile.jpg?fit=975%2C473\" data-orig-size=\"975,473\" data-comments-opened=\"1\" data-image-meta=\"{&quot;aperture&quot;:&quot;0&quot;,&quot;credit&quot;:&quot;&quot;,&quot;camera&quot;:&quot;&quot;,&quot;caption&quot;:&quot;&quot;,&quot;created_timestamp&quot;:&quot;0&quot;,&quot;copyright&quot;:&quot;&quot;,&quot;focal_length&quot;:&quot;0&quot;,&quot;iso&quot;:&quot;0&quot;,&quot;shutter_speed&quot;:&quot;0&quot;,&quot;title&quot;:&quot;&quot;,&quot;orientation&quot;:&quot;0&quot;}\" data-image-title=\"Vuelta2015_Stage14_profile\" data-image-description=\"\" data-image-caption=\"\" data-large-file=\"https:\/\/i0.wp.com\/aynakol.org\/wp-content\/uploads\/2015\/09\/Vuelta2015_Stage14_profile.jpg?fit=860%2C417\" class=\"aligncenter size-full wp-image-1892\" src=\"https:\/\/i0.wp.com\/aynakol.org\/wp-content\/uploads\/2015\/09\/Vuelta2015_Stage14_profile.jpg?resize=860%2C417\" alt=\"Vuelta2015_Stage14_profile\" width=\"860\" height=\"417\" srcset=\"https:\/\/i0.wp.com\/aynakol.org\/wp-content\/uploads\/2015\/09\/Vuelta2015_Stage14_profile.jpg?w=975 975w, https:\/\/i0.wp.com\/aynakol.org\/wp-content\/uploads\/2015\/09\/Vuelta2015_Stage14_profile.jpg?resize=300%2C146 300w, https:\/\/i0.wp.com\/aynakol.org\/wp-content\/uploads\/2015\/09\/Vuelta2015_Stage14_profile.jpg?resize=705%2C342 705w\" sizes=\"auto, (max-width: 860px) 100vw, 860px\" \/><\/a><\/p>\n<p>Vitoria \u2192 Fuente del Chivo aras\u0131nda pedallanacak 14. etap 215 km uzunlu\u011funda ve s\u0131n\u0131fland\u0131r\u0131lm\u0131\u015f \u00fc\u00e7 t\u0131rman\u0131\u015fa sahip.\u00a0Etab\u0131n profili 110 km&#8217;ye dek\u00a0\u00e7\u0131k\u0131\u015fl\u0131 ini\u015fli bir \u015fekilde, iki adet s\u0131n\u0131fland\u0131r\u0131lmam\u0131\u015f t\u0131rman\u0131\u015f etab\u0131n i\u00e7ine serpi\u015ftirilmi\u015f \u015fekilde, peloton buralara tak\u0131lmayacakt\u0131r. 80. km&#8217;den sonra peloton usulca CAT3 s\u0131n\u0131f\u0131nda yer alan\u00a0%3\u00a0ortalama e\u011fime sahip 11 km uzunlu\u011fundaki <strong>Puerto de Estacas de Trueba<\/strong> tepesine t\u0131rmanacak.<\/p>\n<p><iframe loading=\"lazy\" style=\"width: 100%; height: 450px;\" src=\"http:\/\/veloviewer.com\/segment\/4646324\/embed\" width=\"300\" height=\"150\" frameborder=\"0\" scrolling=\"no\"><\/iframe><\/p>\n<p>T\u0131rman\u0131\u015f sonras\u0131 peloton neredeyse 30 km ini\u015fe ge\u00e7ecek, ka\u00e7anlar\u0131n bir hayli h\u0131zl\u0131 olmas\u0131, tez zamanda Burgos s\u0131n\u0131rlar\u0131 i\u00e7indeki <strong>Puerto del Escud<\/strong> zirvesine t\u0131rmanmas\u0131 \u015fart. Zira burada a\u00e7\u0131lacak fark son t\u0131rman\u0131\u015f i\u00e7in kendileri i\u00e7in iyi olacakt\u0131r, ama son t\u0131rman\u0131\u015f tamam\u0131 ile genel klasman iddial\u0131lar\u0131n\u0131n kozlar\u0131n\u0131 oynayacaklar\u0131 bir alan.<\/p>\n<p><iframe loading=\"lazy\" style=\"width: 100%; height: 450px;\" src=\"http:\/\/veloviewer.com\/segment\/4429371\/embed\" width=\"300\" height=\"150\" frameborder=\"0\" scrolling=\"no\"><\/iframe><\/p>\n<p>Etab\u0131n 147 km&#8217;sinde <strong>Puerto del Escud<\/strong> t\u0131rman\u0131\u015f\u0131 pelotonu selamlayacak. 11,5 km uzunlu\u011fundaki t\u0131rman\u0131\u015f\u0131n ortalama e\u011fimi %6,4. T\u0131rman\u0131\u015f sonras\u0131nda g\u00fcn\u00fcn son t\u0131rman\u0131\u015f\u0131na dek profil d\u00fczle\u015fiyor, e\u011fim s\u0131f\u0131rlan\u0131yor.<\/p>\n<p><iframe loading=\"lazy\" style=\"width: 100%; height: 450px;\" src=\"http:\/\/veloviewer.com\/segment\/933858\/embed\" width=\"300\" height=\"150\" frameborder=\"0\" scrolling=\"no\"><\/iframe><\/p>\n<p>G\u00fcn\u00fcn son t\u0131rman\u0131\u015f\u0131 <strong>Alto Campo<\/strong> etab\u0131n 197. km&#8217;sinde ba\u015flay\u0131p 18 km boyunca devam edecek, ortalama\u00a0%5,5 e\u011fimle pelotonun can\u0131n\u0131 s\u0131kacak gibi, ancak genel klasman iddial\u0131lar\u0131 i\u00e7in \u00e7antada keklik diyebiliriz. Profil \u00f6zellikle gen\u00e7 bacaklara, Quintana, Aru ve Majka gibi pedallara uyuyor.\u00a0Joaquin Rodriguez k\u0131rm\u0131z\u0131 mayoyu ele ge\u00e7irmek i\u00e7in Fabio Aru ile aras\u0131ndaki 27 saniyeyi eriterek yan\u0131nda Daniel Moreno ile atak yapacakt\u0131r \u015f\u00fcphesiz. Valverde de yine adam silkelemeye devam edecektir. Ancak Quintana 11. etaptaki performans\u0131na bak\u0131l\u0131rsa bir hayli yorgun, ger\u00e7i o g\u00fcn ate\u015fli hastal\u0131\u011f\u0131 ancak etab\u0131 bitirmesine izin verdi, bug\u00fcn ne olur ne yapar bilinmez.<\/p>\n<p><a href=\"https:\/\/i0.wp.com\/aynakol.org\/wp-content\/uploads\/2015\/09\/Vuelta2015_Stage14_finish_profile.jpg\"><img data-recalc-dims=\"1\" loading=\"lazy\" decoding=\"async\" data-attachment-id=\"1891\" data-permalink=\"http:\/\/aynakol.org\/?attachment_id=1891\" data-orig-file=\"https:\/\/i0.wp.com\/aynakol.org\/wp-content\/uploads\/2015\/09\/Vuelta2015_Stage14_finish_profile.jpg?fit=946%2C540\" data-orig-size=\"946,540\" data-comments-opened=\"1\" data-image-meta=\"{&quot;aperture&quot;:&quot;0&quot;,&quot;credit&quot;:&quot;&quot;,&quot;camera&quot;:&quot;&quot;,&quot;caption&quot;:&quot;&quot;,&quot;created_timestamp&quot;:&quot;0&quot;,&quot;copyright&quot;:&quot;&quot;,&quot;focal_length&quot;:&quot;0&quot;,&quot;iso&quot;:&quot;0&quot;,&quot;shutter_speed&quot;:&quot;0&quot;,&quot;title&quot;:&quot;&quot;,&quot;orientation&quot;:&quot;0&quot;}\" data-image-title=\"Vuelta2015_Stage14_finish_profile\" data-image-description=\"\" data-image-caption=\"\" data-large-file=\"https:\/\/i0.wp.com\/aynakol.org\/wp-content\/uploads\/2015\/09\/Vuelta2015_Stage14_finish_profile.jpg?fit=860%2C491\" class=\"aligncenter size-full wp-image-1891\" src=\"https:\/\/i0.wp.com\/aynakol.org\/wp-content\/uploads\/2015\/09\/Vuelta2015_Stage14_finish_profile.jpg?resize=860%2C491\" alt=\"Vuelta2015_Stage14_finish_profile\" width=\"860\" height=\"491\" srcset=\"https:\/\/i0.wp.com\/aynakol.org\/wp-content\/uploads\/2015\/09\/Vuelta2015_Stage14_finish_profile.jpg?w=946 946w, https:\/\/i0.wp.com\/aynakol.org\/wp-content\/uploads\/2015\/09\/Vuelta2015_Stage14_finish_profile.jpg?resize=300%2C171 300w, https:\/\/i0.wp.com\/aynakol.org\/wp-content\/uploads\/2015\/09\/Vuelta2015_Stage14_finish_profile.jpg?resize=705%2C402 705w\" sizes=\"auto, (max-width: 860px) 100vw, 860px\" \/><\/a><\/p>\n<p><span style=\"font-size: 18pt;\"><strong>Etap Sonras\u0131<\/strong><\/span><\/p>\n<p>Sisler i\u00e7inde biten 14. etapda uhrevi yolculuk sonras\u0131 kazanan BMC Racing Team&#8217;den \u0130talyan Alessandro de Marchi olurken genel klasman favorileri de yava\u015f yava\u015f kozlar\u0131n\u0131 payla\u015fmaya ba\u015flad\u0131.<\/p>\n<p><a href=\"https:\/\/i0.wp.com\/aynakol.org\/wp-content\/uploads\/2015\/09\/Vuelta2015_Stage14_winner_Alessandro_de_Marchi_0.jpg\"><img data-recalc-dims=\"1\" loading=\"lazy\" decoding=\"async\" data-attachment-id=\"1908\" data-permalink=\"http:\/\/aynakol.org\/?attachment_id=1908\" data-orig-file=\"https:\/\/i0.wp.com\/aynakol.org\/wp-content\/uploads\/2015\/09\/Vuelta2015_Stage14_winner_Alessandro_de_Marchi_0.jpg?fit=1600%2C1067\" data-orig-size=\"1600,1067\" data-comments-opened=\"1\" data-image-meta=\"{&quot;aperture&quot;:&quot;5&quot;,&quot;credit&quot;:&quot;Yuzuru SUNADA&quot;,&quot;camera&quot;:&quot;Canon EOS-1D X&quot;,&quot;caption&quot;:&quot;&quot;,&quot;created_timestamp&quot;:&quot;1441474870&quot;,&quot;copyright&quot;:&quot;Yuzuru SUNADA&quot;,&quot;focal_length&quot;:&quot;29&quot;,&quot;iso&quot;:&quot;640&quot;,&quot;shutter_speed&quot;:&quot;0.0008&quot;,&quot;title&quot;:&quot;&quot;,&quot;orientation&quot;:&quot;1&quot;}\" data-image-title=\"Vuelta2015_Stage14_winner_Alessandro_de_Marchi_0\" data-image-description=\"\" data-image-caption=\"\" data-large-file=\"https:\/\/i0.wp.com\/aynakol.org\/wp-content\/uploads\/2015\/09\/Vuelta2015_Stage14_winner_Alessandro_de_Marchi_0.jpg?fit=860%2C574\" class=\"aligncenter size-large wp-image-1908\" src=\"https:\/\/i0.wp.com\/aynakol.org\/wp-content\/uploads\/2015\/09\/Vuelta2015_Stage14_winner_Alessandro_de_Marchi_0.jpg?resize=705%2C470\" alt=\"Vuelta2015_Stage14_winner_Alessandro_de_Marchi_0\" width=\"705\" height=\"470\" srcset=\"https:\/\/i0.wp.com\/aynakol.org\/wp-content\/uploads\/2015\/09\/Vuelta2015_Stage14_winner_Alessandro_de_Marchi_0.jpg?resize=1024%2C683 1024w, https:\/\/i0.wp.com\/aynakol.org\/wp-content\/uploads\/2015\/09\/Vuelta2015_Stage14_winner_Alessandro_de_Marchi_0.jpg?resize=300%2C200 300w, https:\/\/i0.wp.com\/aynakol.org\/wp-content\/uploads\/2015\/09\/Vuelta2015_Stage14_winner_Alessandro_de_Marchi_0.jpg?resize=705%2C470 705w, https:\/\/i0.wp.com\/aynakol.org\/wp-content\/uploads\/2015\/09\/Vuelta2015_Stage14_winner_Alessandro_de_Marchi_0.jpg?w=1600 1600w\" sizes=\"auto, (max-width: 705px) 100vw, 705px\" \/><\/a><\/p>\n<p><strong>Etap sonu\u00e7lar\u0131<\/strong><\/p>\n<pre>ITA  1  DE MARCHI, Alessandro (BMC RACING)                        5:43:12\r\nITA  2  PUCCIO, Salvatore (SKY)                                    +   21\r\nESP  3  ROJAS GIL, Jose Joaquin (MOVISTAR)                         +   32\r\nFRA  4  CHEREL, Mikael (AG2R LA MONDIALE)                          +   38\r\nCOL  5  QUINTERO, Carlos Julian (COLOMBIA)                         + 1:00\r\nCOL  6  QUINTANA ROJAS, Nairo Alexander (MOVISTAR)                 + 3:32\r\nESP  7  RODRIGUEZ OLIVER, Joaquim (KATUSHA)                        + 3:38\r\nCOL  8  CHAVES RUBIO, Johan Esteban (ORICA GreenEDGE)              + 3:39\r\nITA  9  ARU, Fabio (ASTANA)                                        \r\nPOL  10 MAJKA, Rafal (TINKOFF - SAXO)                              + 3:44<\/pre>\n<p>Etab\u0131n ortalar\u0131na dek olu\u015fmayan ka\u00e7\u0131\u015f grubu ik t\u0131rman\u0131\u015f sonras\u0131 olu\u015funca ka\u00e7anlar etab\u0131n sonuna dek yakalanmadan pedallad\u0131lar, aralar\u0131ndan kazanan sadece De Marchi oldu ki, son 2 km kala etab\u0131n bitmesine hepsi birbirine bak\u0131p duruyordu, kim atak yapacak, kim kimi silkeleyecek? Bir\u00e7ok atak yap\u0131lmas\u0131na kar\u015f\u0131n ak\u0131ll\u0131ca ata\u011f\u0131n\u0131 s\u00fcrd\u00fcren isim De Marchi olunca etab\u0131 da g\u00f6z g\u00f6z\u00fc g\u00f6rmeyen bir ortamda, sisler bulvar\u0131nda kazand\u0131.<\/p>\n<p><a href=\"https:\/\/i0.wp.com\/aynakol.org\/wp-content\/uploads\/2015\/09\/Vuelta2015_Stage14_Nairo_Quintana_and_Joaquin_Rodriguez_1.jpg\"><img data-recalc-dims=\"1\" loading=\"lazy\" decoding=\"async\" data-attachment-id=\"1904\" data-permalink=\"http:\/\/aynakol.org\/?attachment_id=1904\" data-orig-file=\"https:\/\/i0.wp.com\/aynakol.org\/wp-content\/uploads\/2015\/09\/Vuelta2015_Stage14_Nairo_Quintana_and_Joaquin_Rodriguez_1.jpg?fit=670%2C446\" data-orig-size=\"670,446\" data-comments-opened=\"1\" data-image-meta=\"{&quot;aperture&quot;:&quot;0&quot;,&quot;credit&quot;:&quot;&quot;,&quot;camera&quot;:&quot;&quot;,&quot;caption&quot;:&quot;&quot;,&quot;created_timestamp&quot;:&quot;0&quot;,&quot;copyright&quot;:&quot;&quot;,&quot;focal_length&quot;:&quot;0&quot;,&quot;iso&quot;:&quot;0&quot;,&quot;shutter_speed&quot;:&quot;0&quot;,&quot;title&quot;:&quot;&quot;,&quot;orientation&quot;:&quot;0&quot;}\" data-image-title=\"Vuelta2015_Stage14_Nairo_Quintana_and_Joaquin_Rodriguez_1\" data-image-description=\"\" data-image-caption=\"\" data-large-file=\"https:\/\/i0.wp.com\/aynakol.org\/wp-content\/uploads\/2015\/09\/Vuelta2015_Stage14_Nairo_Quintana_and_Joaquin_Rodriguez_1.jpg?fit=670%2C446\" class=\"aligncenter size-full wp-image-1904\" src=\"https:\/\/i0.wp.com\/aynakol.org\/wp-content\/uploads\/2015\/09\/Vuelta2015_Stage14_Nairo_Quintana_and_Joaquin_Rodriguez_1.jpg?resize=670%2C446\" alt=\"Vuelta2015_Stage14_Nairo_Quintana_and_Joaquin_Rodriguez_1\" width=\"670\" height=\"446\" srcset=\"https:\/\/i0.wp.com\/aynakol.org\/wp-content\/uploads\/2015\/09\/Vuelta2015_Stage14_Nairo_Quintana_and_Joaquin_Rodriguez_1.jpg?w=670 670w, https:\/\/i0.wp.com\/aynakol.org\/wp-content\/uploads\/2015\/09\/Vuelta2015_Stage14_Nairo_Quintana_and_Joaquin_Rodriguez_1.jpg?resize=300%2C200 300w\" sizes=\"auto, (max-width: 670px) 100vw, 670px\" \/><\/a><\/p>\n<p>&nbsp;<\/p>\n<p>Ka\u00e7anlar etab\u0131 bitirdi\u011finde elit t\u0131rman\u0131\u015f\u00e7\u0131lardan olu\u015fan peloton ile aralar\u0131nda neredeyse 4 dakika fark vard\u0131. Grupetto ise ta arkalarda&#8230; Ka\u00e7anlar\u0131n etab\u0131 bitirmesine 2 km kala pelotondan Fabio Aru genel klasmandaki takip\u00e7ileriyle aras\u0131nda fark\u0131 a\u00e7mak i\u00e7in atak yap\u0131p fi\u015fek gibi \u00f6ne f\u0131rlay\u0131nca pe\u015finden Nairo Quintana&#8217;da pedallamaya ba\u015flad\u0131. \u0130kili k\u0131sa s\u00fcrede pelotonu silkelerken bu \u015fekilde bitime 2 km kala birlikte pedallad\u0131lar. Ancak Rafal Majka, Joaquin Rodriguez ve\u00a0Domenicco Pozzovivo tempoyu artt\u0131r\u0131p pelotondan koparak ikiliyi yakalad\u0131 ve son 900 metreye bu \u015fekilde girdiler derken Quintana atak yap\u0131p \u00f6ne ge\u00e7ti ve Aru takip edemeyinci yar\u0131\u015f favoriler i\u00e7in bu \u015fekilde sonu\u00e7land\u0131.<\/p>\n<p><iframe loading=\"lazy\" src=\"https:\/\/www.youtube.com\/embed\/RAdycldvJsY\" width=\"560\" height=\"315\" frameborder=\"0\" allowfullscreen=\"allowfullscreen\"><\/iframe>.<\/p>\n<p>Genel klasmanda g\u00fcn\u00fcn kazanan\u0131 Quintana olurken, kaybedeni de zamana kar\u015f\u0131s\u0131na g\u00fcvenen Tom Dumoulin oldu ki, kendisinin bu noktaya dek tutunabilmesi bile b\u00fcy\u00fck ba\u015far\u0131. Kesinlikle y\u0131l\u0131n en b\u00fcy\u00fck olay\u0131.<\/p>\n<p><strong>Getap sonras\u0131 genel klasman<\/strong><\/p>\n<pre>ITA  1  ARU, Fabio (ASTANA)                                      57:20:10\r\nESP  2  RODRIGUEZ OLIVER, Jaquim (KATUSHA)                        +    26\r\nNED  3  DUMOULIN, Tom (GIANT - ALPECIN)                           +    49\r\nCOL  4  CHAVES RUBIO, Johan Esteban (ORICA GreenEDGE)             +  1:29\r\nPOL  5  MAJKA, Rafal (TINKOFF - SAXO)                             +  1:33\r\nESP  6  NIEVE ITURALDE, Mikel (SKY)                               +  2:10\r\nESP  7  VALVERDE BELMONTE, Alejandro (MOVISTAR)                   +  2:11\r\nESP  8  MORENO FERNANDEZ, Daniel (KATUSHA)                        +  2:13\r\nCOL  9  QUINTANA ROJAS, Nairo Alexander (MOVISTAR)                +  3:00\r\nFRA  10 SICARD, Romain (EUROPCAR)                                 +  3:39<\/pre>\n<p>Ufak tefek ge\u00e7ici de\u011fi\u015fiklerin ya\u015fand\u0131\u011f\u0131 s\u0131ralamada danan\u0131 kuyru\u011fu \u00f6n\u00fcm\u00fczdeki iki g\u00fcn i\u00e7inde kopacak gibi. Quintana bug\u00fcn son 1 km&#8217;de yapt\u0131\u011f\u0131 ve Aru, MAjka, Rodriguez&#8217;i silkeledi\u011fi ata\u011f\u0131yla \u00f6lmedim ben ya\u015f\u0131yorum derken kazand\u0131\u011f\u0131 zamanlarla yeniden ilk 10&#8217;da kendisine yer buldu.<\/p>\n<p>Etapta an be an ya\u015fananlar\u0131 Ek\u015fi S\u00f6zl\u00fck yazar\u0131 <a href=\"https:\/\/eksisozluk.com\/biri\/zeddicus-zu-l-zorander\" target=\"_blank\">zeddicus zu l zorander<\/a>&#8216;den <a href=\"https:\/\/eksisozluk.com\/entry\/54569087\" target=\"_blank\">dinliyoruz:<\/a><\/p>\n<blockquote><p><a class=\"url\" title=\"http:\/\/www.steephill.tv\/players\/profile\/?race=vuelta-a-espana&amp;stage=14&amp;year=2015&amp;src=http:\/\/www.steephill.tv\/2015\/vuelta-a-espana\/profile-14.jpg\" href=\"http:\/\/www.steephill.tv\/players\/profile\/?race=vuelta-a-espana&amp;stage=14&amp;year=2015&amp;src=http:\/\/www.steephill.tv\/2015\/vuelta-a-espana\/profile-14.jpg\" target=\"_blank\" rel=\"nofollow\">215 km&#8217;lik 14. etab\u0131<\/a>, yani <a class=\"b\" href=\"https:\/\/eksisozluk.com\/?q=vitoria\">vitoria<\/a> \u203a <a class=\"b\" href=\"https:\/\/eksisozluk.com\/?q=fuente+del+chivo\">fuente del chivo<\/a> etab\u0131n\u0131 ka\u00e7\u0131\u015f grubundan <a class=\"b\" href=\"https:\/\/eksisozluk.com\/?q=alessandro+de+marchi\">alessandro de marchi<\/a> kazand\u0131. en son ge\u00e7en sene ispanya bisiklet turunun 7. etab\u0131n\u0131 kazanm\u0131\u015ft\u0131. yine ispanya&#8217;da galip geldi.<\/p>\n<p><a class=\"url\" title=\"https:\/\/pbs.twimg.com\/media\/COJobFPWUAAxobe.jpg\" href=\"https:\/\/pbs.twimg.com\/media\/COJobFPWUAAxobe.jpg\" target=\"_blank\" rel=\"nofollow\">https:\/\/pbs.twimg.com\/media\/cojobfpwuaaxobe.jpg<\/a><br \/>\n<a class=\"url\" title=\"https:\/\/pbs.twimg.com\/media\/COJokHwUcAEK3-9.jpg:large\" href=\"https:\/\/pbs.twimg.com\/media\/COJokHwUcAEK3-9.jpg:large\" target=\"_blank\" rel=\"nofollow\">https:\/\/pbs.twimg.com\/\u2026ia\/cojokhwucaek3-9.jpg:large<\/a><\/p>\n<p>etab\u0131n ba\u015flar\u0131nda moser, madrazo, de marchi, rojas, duarte, puccio, lemoine, cousin, jim &amp; van asbroeck, pelotondan ka\u00e7t\u0131lar ama 10. km&#8217;de peloton onlar\u0131 yakalad\u0131.<\/p>\n<p>17. km&#8217;de samuel sanchez (bmc) ve hemen sonras\u0131nda thomas de gendt&#8217;in (lotto soudal) abandone oldu\u011fu haberi geldi.<\/p>\n<p>50. km&#8217;de t\u00fcm bisiklet\u00e7iler bir arada.<\/p>\n<p>52. km&#8217;de alessandro de marchi (bmc) atak yapt\u0131. ona salvatore puccio (sky), mikael cherel (ag2r &#8211; la mondiale) ve carlos quintero (colombia), kat\u0131ld\u0131. bir s\u00fcre sonra jose joaquin rojas (movistar), onlara kat\u0131ld\u0131 ve 5&#8217;li bir ka\u00e7\u0131\u015f grubu olu\u015fturdular.<\/p>\n<p>60. km&#8217;de fark\u0131 1.12 dk&#8217;ya \u00e7\u0131kard\u0131lar.<\/p>\n<p>65. km&#8217;de fark 2.26 dk.<\/p>\n<p>81. km&#8217;de fark 5.30 dk.<\/p>\n<p>etab\u0131n bitimine 97 km kala zirvesinden ge\u00e7ilecek olan, 3. kategoriden <a class=\"b\" href=\"https:\/\/eksisozluk.com\/?q=puerto+de+estacas+de+trueba\">puerto de estacas de trueba<\/a> (1140 m y\u00fckseklik, 11 km uzunluk, %2.9 ortalama e\u011fim) t\u0131rman\u0131\u015f\u0131na ka\u00e7\u0131\u015f 5&#8217;lisi ba\u015flad\u0131.<\/p>\n<p>zirveden ge\u00e7en ilk isim olan mikael cherel, 3 puan al\u0131rken, jose joaqu\u00edn rojas, 2 ve salvatore puccio, 1 puan ald\u0131.<\/p>\n<p>94 km kala fark 8.33 dk.<\/p>\n<p>etab\u0131n\u0131 bitimine 57 km kala zirvesinden ge\u00e7ilecek olan, 1. kategoriden <a class=\"b\" href=\"https:\/\/eksisozluk.com\/?q=puerto+del+escud\">puerto del escud<\/a> &#8211; <a class=\"b\" href=\"https:\/\/eksisozluk.com\/?q=provincia+de+burgos\">provincia de burgos<\/a>t\u0131rman\u0131\u015f\u0131na (1010 m y\u00fckseklik, 11.5 km uzunluk, %6.4 ortalama, %15 max. e\u011fim) t\u0131rman\u0131\u015f\u0131na ka\u00e7\u0131\u015f 5&#8217;lisi ba\u015flad\u0131.<br \/>\n<a class=\"url\" title=\"https:\/\/pbs.twimg.com\/media\/COJKQtnWUAAbW9M.jpg:large\" href=\"https:\/\/pbs.twimg.com\/media\/COJKQtnWUAAbW9M.jpg:large\" target=\"_blank\" rel=\"nofollow\">https:\/\/pbs.twimg.com\/\u2026ia\/cojkqtnwuaabw9m.jpg:large<\/a><\/p>\n<p>68 km kala fark 9.55 dk.<\/p>\n<p>luis mas bonet&#8217;in (caja rural &#8211; seguros rga) abandone oldu\u011fu haberi geldi.<\/p>\n<p>60 km kala fark 10 dk.<\/p>\n<p>zirveden ilk s\u0131rada ge\u00e7en mikael cherel, 10 puan al\u0131rken, jose joaquin rojas, 6, salvatore puccio, 4, carlos quintero, 2 ve alessandro de marchi, 1 puan ald\u0131.<\/p>\n<p>40 km kala fark 9.03 dk.<br \/>\n<a class=\"url\" title=\"https:\/\/pbs.twimg.com\/media\/COJXZCcWIAEk-Ds.png:large\" href=\"https:\/\/pbs.twimg.com\/media\/COJXZCcWIAEk-Ds.png:large\" target=\"_blank\" rel=\"nofollow\">https:\/\/pbs.twimg.com\/\u2026ia\/cojxzccwiaek-ds.png:large<\/a><\/p>\n<p>30 km kala fark 9.12 dk.<\/p>\n<p><a class=\"b\" href=\"https:\/\/eksisozluk.com\/?q=reinosa\">reinosa<\/a> ara sprint kap\u0131s\u0131ndan ilk s\u0131rada ge\u00e7en carlos quintero, 4, alessandro de marchi, 2, salvatore puccio, 1 puan ald\u0131.<\/p>\n<p><a class=\"url\" title=\"https:\/\/pbs.twimg.com\/media\/COJZZYrWgAAsFzP.png:large\" href=\"https:\/\/pbs.twimg.com\/media\/COJZZYrWgAAsFzP.png:large\" target=\"_blank\" rel=\"nofollow\">https:\/\/pbs.twimg.com\/\u2026ia\/cojzzyrwgaasfzp.png:large<\/a><br \/>\n<a class=\"url\" title=\"https:\/\/pbs.twimg.com\/media\/COJaRdfWoAAAcbz.png:large\" href=\"https:\/\/pbs.twimg.com\/media\/COJaRdfWoAAAcbz.png:large\" target=\"_blank\" rel=\"nofollow\">https:\/\/pbs.twimg.com\/\u2026ia\/cojardfwoaaacbz.png:large<\/a><\/p>\n<p>zirve fini\u015fi ile bitecek olan, kategori d\u0131\u015f\u0131 <a class=\"b\" href=\"https:\/\/eksisozluk.com\/?q=alto+campo\">alto campo<\/a>. <a class=\"b\" href=\"https:\/\/eksisozluk.com\/?q=fuente+del+chivo\">fuente del chivo<\/a> (1980 m y\u00fckseklik, 18 km uzunluk, %5.5 ortalama, %9 max e\u011fim) t\u0131rman\u0131\u015f\u0131na ka\u00e7\u0131\u015f 5&#8217;lisi ba\u015flad\u0131.<br \/>\n<a class=\"url\" title=\"https:\/\/pbs.twimg.com\/media\/COJe3gfXAAAJYgx.png:large\" href=\"https:\/\/pbs.twimg.com\/media\/COJe3gfXAAAJYgx.png:large\" target=\"_blank\" rel=\"nofollow\">https:\/\/pbs.twimg.com\/\u2026ia\/coje3gfxaaajygx.png:large<\/a><\/p>\n<p>15 km kala fark 9.07 dk.<\/p>\n<p><a class=\"url\" title=\"https:\/\/pbs.twimg.com\/media\/COJgYvRW8AANCEB.png:large\" href=\"https:\/\/pbs.twimg.com\/media\/COJgYvRW8AANCEB.png:large\" target=\"_blank\" rel=\"nofollow\">https:\/\/pbs.twimg.com\/\u2026ia\/cojgyvrw8aanceb.png:large<\/a><br \/>\n<a class=\"url\" title=\"https:\/\/pbs.twimg.com\/media\/COJgOwdWEAAgMvR.png:large\" href=\"https:\/\/pbs.twimg.com\/media\/COJgOwdWEAAgMvR.png:large\" target=\"_blank\" rel=\"nofollow\">https:\/\/pbs.twimg.com\/\u2026ia\/cojgowdweaagmvr.png:large<\/a><\/p>\n<p>11.6 km kala angel madrazo (caja rural &#8211; seguros rga), pelotondan atak yaparak ka\u00e7t\u0131. peloton b\u00f6l\u00fcnd\u00fc. da\u011flar\u0131n kral\u0131 arkadaki 2. pelotonda kalm\u0131\u015f.<br \/>\n<a class=\"url\" title=\"https:\/\/pbs.twimg.com\/media\/COJg1ArUsAAjEyV.png:large\" href=\"https:\/\/pbs.twimg.com\/media\/COJg1ArUsAAjEyV.png:large\" target=\"_blank\" rel=\"nofollow\">https:\/\/pbs.twimg.com\/\u2026ia\/cojg1arusaajeyv.png:large<\/a><br \/>\n<a class=\"url\" title=\"https:\/\/pbs.twimg.com\/media\/COJhDDAWEAEpo-F.png:large\" href=\"https:\/\/pbs.twimg.com\/media\/COJhDDAWEAEpo-F.png:large\" target=\"_blank\" rel=\"nofollow\">https:\/\/pbs.twimg.com\/\u2026ia\/cojhddaweaepo-f.png:large<\/a><\/p>\n<p>10 km kala fark 8.20 dk.<br \/>\n<a class=\"url\" title=\"https:\/\/pbs.twimg.com\/media\/COJh2u3VEAANVUM.png:large\" href=\"https:\/\/pbs.twimg.com\/media\/COJh2u3VEAANVUM.png:large\" target=\"_blank\" rel=\"nofollow\">https:\/\/pbs.twimg.com\/\u2026ia\/cojh2u3veaanvum.png:large<\/a><\/p>\n<p>9.5 km kala madrazo 7.50 dk, peloton&#8217;un ilk grubu 8.13 dk kadar geride.<\/p>\n<p>luis leon sanchez (astana), pelotonun \u00f6n\u00fcne ge\u00e7ip tempo yapt\u0131. tempo sonras\u0131 d\u00f6k\u00fclmeler artt\u0131.<br \/>\n<a class=\"url\" title=\"https:\/\/pbs.twimg.com\/media\/COJjdMPWsAAzuHW.jpg:large\" href=\"https:\/\/pbs.twimg.com\/media\/COJjdMPWsAAzuHW.jpg:large\" target=\"_blank\" rel=\"nofollow\">https:\/\/pbs.twimg.com\/\u2026ia\/cojjdmpwsaazuhw.jpg:large<\/a><\/p>\n<p>zirvede sis var. lider 5&#8217;li yava\u015f yava\u015f sise gidiyor.<br \/>\n<a class=\"url\" title=\"https:\/\/pbs.twimg.com\/media\/COJjm4tWoAAA97J.jpg:large\" href=\"https:\/\/pbs.twimg.com\/media\/COJjm4tWoAAA97J.jpg:large\" target=\"_blank\" rel=\"nofollow\">https:\/\/pbs.twimg.com\/\u2026ia\/cojjm4twoaaa97j.jpg:large<\/a><\/p>\n<p>etab\u0131n bitimine 5 km kala angel madrazo, pelotona yakaland\u0131.<\/p>\n<p>4 km kala mikael cherel, ka\u00e7\u0131\u015f grubundan atak yapt\u0131.<\/p>\n<p>3.8 km kala de marchi, rojas ve quinteroi atak yapt\u0131. ka\u00e7\u0131\u015f grubundan puccio, geride kald\u0131.<br \/>\n<a class=\"url\" title=\"https:\/\/pbs.twimg.com\/media\/COJlfOKWIAEuZlG.jpg:large\" href=\"https:\/\/pbs.twimg.com\/media\/COJlfOKWIAEuZlG.jpg:large\" target=\"_blank\" rel=\"nofollow\">https:\/\/pbs.twimg.com\/\u2026ia\/cojlfokwiaeuzlg.jpg:large<\/a><\/p>\n<p>2.7 km kala \u00f6ndekilerin hepsi bir araya geldi.<\/p>\n<p>2.4 km kala mikael cherel, bir daha ka\u00e7t\u0131. 2.1 km kala yakaland\u0131. 5&#8217;liden kim kazanacak.<\/p>\n<p>son 2 km kap\u0131s\u0131 sis i\u00e7inde.<\/p>\n<p>1.6 km kala de marchi \u00f6ne \u00e7\u0131kt\u0131. puccio onla.<\/p>\n<p>aru atak yapt\u0131. quintana onla birlikte.<br \/>\n<a class=\"url\" title=\"https:\/\/pbs.twimg.com\/media\/COJnctEU8AAHIvb.png\" href=\"https:\/\/pbs.twimg.com\/media\/COJnctEU8AAHIvb.png\" target=\"_blank\" rel=\"nofollow\">https:\/\/pbs.twimg.com\/media\/cojncteu8aahivb.png<\/a><\/p>\n<p>de marchi lider. puccio cevap veremiyor. son 800 m.<\/p>\n<p>aru, quintana ikilisi sise geldi.<br \/>\n<a class=\"url\" title=\"https:\/\/pbs.twimg.com\/media\/COJnZN-WEAA-yUs.jpg\" href=\"https:\/\/pbs.twimg.com\/media\/COJnZN-WEAA-yUs.jpg\" target=\"_blank\" rel=\"nofollow\">https:\/\/pbs.twimg.com\/media\/cojnzn-weaa-yus.jpg<\/a><\/p>\n<p>de marchi sislerin i\u00e7erisinde etaba gidiyor.<\/p>\n<p>chavez, majka, pozzovivo atak yapt\u0131.<\/p>\n<p>de marchi etab\u0131 ald\u0131.<\/p>\n<p>chavez, majka, pozzovivo, aru ve quintana&#8217;ya yeti\u015fti.<\/p>\n<p>q\u0131intana atak yapt\u0131. purito yan\u0131nda. ama aru \u00e7ok uzak de\u011fil.<\/p>\n<p>tom dumoulin, valverde bir arada geriden geliyorlar.<\/p>\n<p>g\u00f6z g\u00f6z\u00fc g\u00f6rm\u00fcyor. quintana bir daha atak yapt\u0131.<br \/>\n<a class=\"url\" title=\"https:\/\/pbs.twimg.com\/media\/COJo_V9WcAAEIp6.jpg\" href=\"https:\/\/pbs.twimg.com\/media\/COJo_V9WcAAEIp6.jpg\" target=\"_blank\" rel=\"nofollow\">https:\/\/pbs.twimg.com\/media\/cojo_v9wcaaeip6.jpg<\/a><\/p>\n<p>quintana bitirdi. 6-7 sn kadar aru&#8217;dan \u00f6nce bitirdi.<\/p>\n<p>tom dumoulin, 30-35 sn kadar sonra geldi. zamana kar\u015f\u0131ya az kala zaman kaybetmi\u015f olmas\u0131 k\u00f6t\u00fcye i\u015faret. pazar ve pazartesi 2 zorlu etap var. orada da zaman kaybederse e\u011fer zamana kar\u015f\u0131ya istedi\u011fi zaman fark\u0131 ile gidemeyecek.<br \/>\n<a class=\"url\" title=\"https:\/\/pbs.twimg.com\/media\/COJpOG2UkAI2tBF.jpg\" href=\"https:\/\/pbs.twimg.com\/media\/COJpOG2UkAI2tBF.jpg\" target=\"_blank\" rel=\"nofollow\">https:\/\/pbs.twimg.com\/media\/cojpog2ukai2tbf.jpg<\/a><\/p><\/blockquote>\n<p><strong>Daha fazlas\u0131 i\u00e7in:<\/strong><\/p>\n<ul>\n<li>S\u0131ral\u0131 tam liste: <a href=\"http:\/\/www.procyclingstats.com\/race\/Vuelta_a_Espana_2015_Stage14\" target=\"_blank\">ProCyclingStats.com<\/a><\/li>\n<li>Vuelta a Espana 2015 hakk\u0131nda her \u015fey: <a href=\"http:\/\/www.steephill.tv\/vuelta-a-espana\/#14-preview-2015\" target=\"_blank\">SteepHill.TV<\/a><\/li>\n<li>Vuelta a Espana 2015 Twitter hesaplar\u0131:\n<ul>\n<li>Resmi hesap: <strong><a href=\"https:\/\/twitter.com\/lavuelta\" target=\"_blank\">@lavuelta<\/a><\/strong><\/li>\n<li>T\u00fcrk\u00e7e neler olmu\u015f? <strong><a href=\"https:\/\/twitter.com\/hashtag\/vueltatr?src=hash\" target=\"_blank\">#vueltaTR<\/a><\/strong><\/li>\n<li>\u0130ngilizce neler olmu\u015f? <a href=\"https:\/\/twitter.com\/hashtag\/LV2015?src=hash\" target=\"_blank\"><strong>#LV2015<\/strong><\/a><\/li>\n<\/ul>\n<\/li>\n<li>Ayr\u0131ca hep sanal olacak de\u011fil ya, biraz da nostalji, biraz da bas\u0131l\u0131 belge bilgi: Cyclist T\u00fcrkiye Dergisinin bu ayki say\u0131s\u0131nda Buyruk Alparslan\u2019\u0131n kaleme ald\u0131\u011f\u0131 Vuelta 2015 dosyas\u0131 da elinizin alt\u0131nda olsun.<\/li>\n<\/ul>\n","protected":false},"excerpt":{"rendered":"<p>177 km uzunlu\u011fundaki ge\u00e7i\u015f etab\u0131nda pek fazla bir \u015fey olmad\u0131, her \u015fey\u00a0dinlenmek isteyen peloton ve favorilerin istedi\u011fi gibi oldu: Etap ba\u015flar ba\u015flamaz olu\u015fan 25 ki\u015filik [&#8230;]<\/p>\n","protected":false},"author":1,"featured_media":1895,"comment_status":"open","ping_status":"open","sticky":false,"template":"","format":"standard","meta":{"jetpack_post_was_ever_published":false,"_jetpack_newsletter_access":"","_jetpack_dont_email_post_to_subs":false,"_jetpack_newsletter_tier_id":0,"_jetpack_memberships_contains_paywalled_content":false,"_jetpack_memberships_contains_paid_content":false,"footnotes":"","jetpack_publicize_message":"","jetpack_publicize_feature_enabled":true,"jetpack_social_post_already_shared":true,"jetpack_social_options":{"image_generator_settings":{"template":"highway","default_image_id":0,"font":"","enabled":false},"version":2}},"categories":[92,91],"tags":[65,80,24,17,43,26,980,963,25,16,233,952,955,953,411,773,222,981,979,41,28,966,234,978],"class_list":["post-1898","post","type-post","status-publish","format-standard","has-post-thumbnail","hentry","category-grand","category-vuelta-2","tag-alejandro-valverde","tag-alessandro-de-marchi","tag-astana","tag-bisiklet-turu","tag-bmc","tag-chris-froome","tag-danny-van-poppel","tag-esteban-chaves","tag-fabio-aru","tag-ispanya","tag-ispanya-bisiklet-turu","tag-la-vuelta","tag-la-vuelta-a-espana","tag-lv2015","tag-madonna-del-ghisallo","tag-mikel-landa","tag-nairo-quintana","tag-nelson-oliviera","tag-purito-rodriguez","tag-queen-stage","tag-rafal-majka","tag-tom-dumoulin","tag-vuelta-a-espana","tag-vueltatr"],"jetpack_publicize_connections":[],"jetpack_featured_media_url":"https:\/\/i0.wp.com\/aynakol.org\/wp-content\/uploads\/2015\/09\/Vuelta2015_Stage13_the_peloton_crop.jpg?fit=1920%2C854","jetpack_sharing_enabled":true,"jetpack_shortlink":"https:\/\/wp.me\/p51p4O-uC","jetpack_likes_enabled":true,"jetpack-related-posts":[{"id":1947,"url":"http:\/\/aynakol.org\/?p=1947","url_meta":{"origin":1898,"position":0},"title":"#LV2015 La Vuelta a Espana 17. Etap: Burgos","author":"Ayd\u0131n Bez","date":"9 Eyl\u00fcl 2015","format":false,"excerpt":"16. etapda mayo el de\u011fi\u015ftirdi! Etab\u0131n iki kazanan\u0131 var: Trek Factory Racing tak\u0131m\u0131n\u0131n L\u00fcksemburglu ismi Frank Schleck etab\u0131 kazan\u0131rken son 2 km kala bitime yapt\u0131\u011f\u0131 atakla, Purito Rodriguez 36 ya\u015f\u0131na ve Le Tour\u00a0yorgunlu\u011funa ald\u0131rmadan e\u011fimin iyice sertle\u015fti\u011fi son 700 metrede Fabio Aru'ya, Rafal Majka'ya kar\u015f\u0131 atak yap\u0131p k\u0131rm\u0131z\u0131 mayoya ula\u015ft\u0131.\u2026","rel":"","context":"&quot;Grand Tour&quot; i\u00e7inde","block_context":{"text":"Grand Tour","link":"http:\/\/aynakol.org\/?cat=92"},"img":{"alt_text":"","src":"https:\/\/i0.wp.com\/aynakol.org\/wp-content\/uploads\/2015\/09\/LV2015_stage12_peloton_in_front_of_the_valley_fullsize.jpg?fit=1200%2C532&resize=350%2C200","width":350,"height":200,"srcset":"https:\/\/i0.wp.com\/aynakol.org\/wp-content\/uploads\/2015\/09\/LV2015_stage12_peloton_in_front_of_the_valley_fullsize.jpg?fit=1200%2C532&resize=350%2C200 1x, https:\/\/i0.wp.com\/aynakol.org\/wp-content\/uploads\/2015\/09\/LV2015_stage12_peloton_in_front_of_the_valley_fullsize.jpg?fit=1200%2C532&resize=525%2C300 1.5x, https:\/\/i0.wp.com\/aynakol.org\/wp-content\/uploads\/2015\/09\/LV2015_stage12_peloton_in_front_of_the_valley_fullsize.jpg?fit=1200%2C532&resize=700%2C400 2x, https:\/\/i0.wp.com\/aynakol.org\/wp-content\/uploads\/2015\/09\/LV2015_stage12_peloton_in_front_of_the_valley_fullsize.jpg?fit=1200%2C532&resize=1050%2C600 3x"},"classes":[]},{"id":1987,"url":"http:\/\/aynakol.org\/?p=1987","url_meta":{"origin":1898,"position":1},"title":"#LV2015 La Vuelta a Espana 21. Etap: Alcal\u00e1 de Henares \u2192 Madrid","author":"Ayd\u0131n Bez","date":"12 Eyl\u00fcl 2015","format":false,"excerpt":"20. etab\u0131 izlerken hop oturduk hop kalkt\u0131k, Ruben Plaza'n\u0131n solo ata\u011f\u0131 acaba De Marchi ve Gon\u00e7alves taraf\u0131ndan sona erdirilecek mi derken Plaza etab\u0131 kazan\u0131rken, Aru'nun \u00f6l\u00fcmc\u00fcl ata\u011f\u0131 Dumoulin'i silkelerken k\u0131rm\u0131z\u0131 mayodan ve podyumdan da etti. Etap Plaza'n\u0131n, maglia rojo Fabio Aru'nun. Etap hakk\u0131nda Alcal\u00e1 de Henares \u2192 Madrid\u00a0aras\u0131nda pedallanacak 21.\u2026","rel":"","context":"&quot;Grand Tour&quot; i\u00e7inde","block_context":{"text":"Grand Tour","link":"http:\/\/aynakol.org\/?cat=92"},"img":{"alt_text":"","src":"https:\/\/i0.wp.com\/aynakol.org\/wp-content\/uploads\/2015\/09\/Vuelta2015_Stage21_Aru_in_podium_1.jpg?fit=1200%2C800&resize=350%2C200","width":350,"height":200,"srcset":"https:\/\/i0.wp.com\/aynakol.org\/wp-content\/uploads\/2015\/09\/Vuelta2015_Stage21_Aru_in_podium_1.jpg?fit=1200%2C800&resize=350%2C200 1x, https:\/\/i0.wp.com\/aynakol.org\/wp-content\/uploads\/2015\/09\/Vuelta2015_Stage21_Aru_in_podium_1.jpg?fit=1200%2C800&resize=525%2C300 1.5x, https:\/\/i0.wp.com\/aynakol.org\/wp-content\/uploads\/2015\/09\/Vuelta2015_Stage21_Aru_in_podium_1.jpg?fit=1200%2C800&resize=700%2C400 2x, https:\/\/i0.wp.com\/aynakol.org\/wp-content\/uploads\/2015\/09\/Vuelta2015_Stage21_Aru_in_podium_1.jpg?fit=1200%2C800&resize=1050%2C600 3x"},"classes":[]},{"id":1884,"url":"http:\/\/aynakol.org\/?p=1884","url_meta":{"origin":1898,"position":2},"title":"#LV2015 La Vuelta a Espana 13. Etap: Catalayud \u2192 Tarazona","author":"Ayd\u0131n Bez","date":"3 Eyl\u00fcl 2015","format":false,"excerpt":"S\u0131rad\u0131\u015f\u0131 hi\u00e7bir \u015feyin olmad\u0131\u011f\u0131 12. etap ka\u011f\u0131t \u00fczerinde neyse ger\u00e7ekte de \u00f6yle oldu: r\u00fczgar gibi geldi ge\u00e7ti. Chris Froome 11. etapta ge\u00e7irdi\u011fi kaza sonras\u0131 aya\u011f\u0131nda olu\u015fan k\u0131r\u0131k\/\u00e7atlak y\u00fcz\u00fcnden etaba ba\u015flamad\u0131 ve yar\u0131\u015f\u0131 b\u0131rakt\u0131. Etab\u0131 TREK Racing Factory tak\u0131m\u0131n\u0131n Hollandal\u0131 gen\u00e7 pedal\u0131 Danny van Poppel kazan\u0131rken bu sene Vuelta'da bir t\u00fcrl\u00fc\u2026","rel":"","context":"&quot;Grand Tour&quot; i\u00e7inde","block_context":{"text":"Grand Tour","link":"http:\/\/aynakol.org\/?cat=92"},"img":{"alt_text":"","src":"https:\/\/i0.wp.com\/aynakol.org\/wp-content\/uploads\/2015\/09\/Vuelta2015_Stage11_The_grupetto_on_the_final_climb.jpg?fit=1001%2C562&resize=350%2C200","width":350,"height":200,"srcset":"https:\/\/i0.wp.com\/aynakol.org\/wp-content\/uploads\/2015\/09\/Vuelta2015_Stage11_The_grupetto_on_the_final_climb.jpg?fit=1001%2C562&resize=350%2C200 1x, https:\/\/i0.wp.com\/aynakol.org\/wp-content\/uploads\/2015\/09\/Vuelta2015_Stage11_The_grupetto_on_the_final_climb.jpg?fit=1001%2C562&resize=525%2C300 1.5x, https:\/\/i0.wp.com\/aynakol.org\/wp-content\/uploads\/2015\/09\/Vuelta2015_Stage11_The_grupetto_on_the_final_climb.jpg?fit=1001%2C562&resize=700%2C400 2x"},"classes":[]},{"id":1970,"url":"http:\/\/aynakol.org\/?p=1970","url_meta":{"origin":1898,"position":3},"title":"#LV2015 La Vuelta a Espana 19. Etap: Medina del Campo \u2192 Avila","author":"Ayd\u0131n Bez","date":"11 Eyl\u00fcl 2015","format":false,"excerpt":"18. ger\u00e7ekten de \u00f6zlenen ataklar\u0131 bizlere izletti: Etab\u0131 Chris Froome'un Andorra etab\u0131 sonras\u0131 yar\u0131\u015f\u0131 b\u0131rak\u0131nca moral bozuklu\u011fuyla devam eden Team SKY'\u0131n \u0130rlandal\u0131 pedal\u0131 Nicolas Roche son 18 km'de yapt\u0131\u011f\u0131 ak\u0131ll\u0131 atakla kazan\u0131rken, Etab\u0131n son t\u0131rman\u0131\u015f\u0131\u00a0Puerto De La Quesera ge\u00e7ilirken Maillot Rojo'da g\u00f6z\u00fc olan t\u00fcm favoriler birbirilerini silkelemek i\u00e7in atak \u00fczerine\u2026","rel":"","context":"&quot;Grand Tour&quot; i\u00e7inde","block_context":{"text":"Grand Tour","link":"http:\/\/aynakol.org\/?cat=92"},"img":{"alt_text":"","src":"https:\/\/i0.wp.com\/aynakol.org\/wp-content\/uploads\/2015\/09\/Vuelta2015_Stage18_peloton.jpg?fit=1200%2C553&resize=350%2C200","width":350,"height":200,"srcset":"https:\/\/i0.wp.com\/aynakol.org\/wp-content\/uploads\/2015\/09\/Vuelta2015_Stage18_peloton.jpg?fit=1200%2C553&resize=350%2C200 1x, https:\/\/i0.wp.com\/aynakol.org\/wp-content\/uploads\/2015\/09\/Vuelta2015_Stage18_peloton.jpg?fit=1200%2C553&resize=525%2C300 1.5x, https:\/\/i0.wp.com\/aynakol.org\/wp-content\/uploads\/2015\/09\/Vuelta2015_Stage18_peloton.jpg?fit=1200%2C553&resize=700%2C400 2x, https:\/\/i0.wp.com\/aynakol.org\/wp-content\/uploads\/2015\/09\/Vuelta2015_Stage18_peloton.jpg?fit=1200%2C553&resize=1050%2C600 3x"},"classes":[]},{"id":1911,"url":"http:\/\/aynakol.org\/?p=1911","url_meta":{"origin":1898,"position":4},"title":"#LV2015 La Vuelta a Espana 15. Etap: Comillas \u2192 Jitu de Escarandi","author":"Ayd\u0131n Bez","date":"6 Eyl\u00fcl 2015","format":false,"excerpt":"14. etapta, zafer ka\u00e7anlar\u0131n oldu! Sislerin aras\u0131ndan t\u0131rmanarak galibiyete ula\u015fan isim Alessandro De Marchi olurken, genel klasman iddial\u0131lar\u0131 da kozlar\u0131n\u0131 payla\u015ft\u0131. Quintana gayet formda, Aru'dan zaman \u00e7ald\u0131, Fabio Aru \u00e7ok az zaman kaybetmesine kar\u015f\u0131n Quintana'dan kendisini fazla h\u0131rpal\u0131yor. Ancak k\u0131rm\u0131z\u0131 mayo h\u00e2l\u00e2 onun s\u0131rt\u0131nda. \u00a0 Etap hakk\u0131nda Comillas \u2192 Jitu\u2026","rel":"","context":"&quot;Grand Tour&quot; i\u00e7inde","block_context":{"text":"Grand Tour","link":"http:\/\/aynakol.org\/?cat=92"},"img":{"alt_text":"","src":"https:\/\/i0.wp.com\/aynakol.org\/wp-content\/uploads\/2015\/09\/Vuelta2015_Stage14_peloton_1.jpg?fit=670%2C446&resize=350%2C200","width":350,"height":200,"srcset":"https:\/\/i0.wp.com\/aynakol.org\/wp-content\/uploads\/2015\/09\/Vuelta2015_Stage14_peloton_1.jpg?fit=670%2C446&resize=350%2C200 1x, https:\/\/i0.wp.com\/aynakol.org\/wp-content\/uploads\/2015\/09\/Vuelta2015_Stage14_peloton_1.jpg?fit=670%2C446&resize=525%2C300 1.5x"},"classes":[]},{"id":1978,"url":"http:\/\/aynakol.org\/?p=1978","url_meta":{"origin":1898,"position":5},"title":"#LV2015 La Vuelta a Espana 20. Etap: San Lorenzo de El Escorial \u2192 Cercedilla","author":"Ayd\u0131n Bez","date":"11 Eyl\u00fcl 2015","format":false,"excerpt":"19. etap t\u0131pk\u0131 bas\u0131m gibiydi adeta: ka\u00e7anlar\u0131n zaferine sahne olurken ag2r La Mondiale tak\u0131m\u0131n\u0131n Frans\u0131z pedal\u0131 Alexis Gougeard etab\u0131 kazand\u0131! Tom Dumoulin k\u0131rm\u0131z\u0131 mayoyu yar\u0131nki etapta sa\u011flama alabilmek i\u00e7in son 2 km kala atak yapt\u0131 ve Fabio Aru'dan 3 saniye daha \u00e7alarak fark\u0131 6 saniyeye \u00e7\u0131kartt\u0131. K\u0131rm\u0131z\u0131 mayo h\u00e2l\u00e2 Tom\u2026","rel":"","context":"&quot;Grand Tour&quot; i\u00e7inde","block_context":{"text":"Grand Tour","link":"http:\/\/aynakol.org\/?cat=92"},"img":{"alt_text":"","src":"https:\/\/i0.wp.com\/aynakol.org\/wp-content\/uploads\/2015\/09\/Vuelta2015_Stage19_peloton.jpg?fit=670%2C446&resize=350%2C200","width":350,"height":200,"srcset":"https:\/\/i0.wp.com\/aynakol.org\/wp-content\/uploads\/2015\/09\/Vuelta2015_Stage19_peloton.jpg?fit=670%2C446&resize=350%2C200 1x, https:\/\/i0.wp.com\/aynakol.org\/wp-content\/uploads\/2015\/09\/Vuelta2015_Stage19_peloton.jpg?fit=670%2C446&resize=525%2C300 1.5x"},"classes":[]}],"_links":{"self":[{"href":"http:\/\/aynakol.org\/index.php?rest_route=\/wp\/v2\/posts\/1898","targetHints":{"allow":["GET"]}}],"collection":[{"href":"http:\/\/aynakol.org\/index.php?rest_route=\/wp\/v2\/posts"}],"about":[{"href":"http:\/\/aynakol.org\/index.php?rest_route=\/wp\/v2\/types\/post"}],"author":[{"embeddable":true,"href":"http:\/\/aynakol.org\/index.php?rest_route=\/wp\/v2\/users\/1"}],"replies":[{"embeddable":true,"href":"http:\/\/aynakol.org\/index.php?rest_route=%2Fwp%2Fv2%2Fcomments&post=1898"}],"version-history":[{"count":4,"href":"http:\/\/aynakol.org\/index.php?rest_route=\/wp\/v2\/posts\/1898\/revisions"}],"predecessor-version":[{"id":1910,"href":"http:\/\/aynakol.org\/index.php?rest_route=\/wp\/v2\/posts\/1898\/revisions\/1910"}],"wp:featuredmedia":[{"embeddable":true,"href":"http:\/\/aynakol.org\/index.php?rest_route=\/wp\/v2\/media\/1895"}],"wp:attachment":[{"href":"http:\/\/aynakol.org\/index.php?rest_route=%2Fwp%2Fv2%2Fmedia&parent=1898"}],"wp:term":[{"taxonomy":"category","embeddable":true,"href":"http:\/\/aynakol.org\/index.php?rest_route=%2Fwp%2Fv2%2Fcategories&post=1898"},{"taxonomy":"post_tag","embeddable":true,"href":"http:\/\/aynakol.org\/index.php?rest_route=%2Fwp%2Fv2%2Ftags&post=1898"}],"curies":[{"name":"wp","href":"https:\/\/api.w.org\/{rel}","templated":true}]}}