{"id":1911,"date":"2015-09-06T12:10:53","date_gmt":"2015-09-06T09:10:53","guid":{"rendered":"http:\/\/aynakol.org\/?p=1911"},"modified":"2015-09-06T20:51:32","modified_gmt":"2015-09-06T17:51:32","slug":"lv2015-la-vuelta-a-espana-15-etap-comillas-%e2%86%92-jitu-de-escarandi","status":"publish","type":"post","link":"http:\/\/aynakol.org\/?p=1911","title":{"rendered":"#LV2015 La Vuelta a Espana 15. Etap: Comillas \u2192 Jitu de Escarandi"},"content":{"rendered":"<p>14. etapta,<\/p>\n<ul>\n<li>zafer ka\u00e7anlar\u0131n oldu! Sislerin aras\u0131ndan t\u0131rmanarak galibiyete ula\u015fan isim Alessandro De Marchi olurken,<\/li>\n<li>genel klasman iddial\u0131lar\u0131 da kozlar\u0131n\u0131 payla\u015ft\u0131. Quintana gayet formda, Aru&#8217;dan zaman \u00e7ald\u0131,<\/li>\n<li>Fabio Aru \u00e7ok az zaman kaybetmesine kar\u015f\u0131n Quintana&#8217;dan kendisini fazla h\u0131rpal\u0131yor. Ancak k\u0131rm\u0131z\u0131 mayo h\u00e2l\u00e2 onun s\u0131rt\u0131nda.<\/li>\n<\/ul>\n<p><a href=\"https:\/\/i0.wp.com\/aynakol.org\/wp-content\/uploads\/2015\/09\/Vuelta2015_Stage14_Fabio_Aru_and_Rafal_Majka_0.jpg\"><img data-recalc-dims=\"1\" loading=\"lazy\" decoding=\"async\" data-attachment-id=\"1907\" data-permalink=\"http:\/\/aynakol.org\/?attachment_id=1907\" data-orig-file=\"https:\/\/i0.wp.com\/aynakol.org\/wp-content\/uploads\/2015\/09\/Vuelta2015_Stage14_Fabio_Aru_and_Rafal_Majka_0.jpg?fit=1600%2C1067\" data-orig-size=\"1600,1067\" data-comments-opened=\"1\" data-image-meta=\"{&quot;aperture&quot;:&quot;5&quot;,&quot;credit&quot;:&quot;Yuzuru SUNADA&quot;,&quot;camera&quot;:&quot;Canon EOS-1D X&quot;,&quot;caption&quot;:&quot;&quot;,&quot;created_timestamp&quot;:&quot;1441475099&quot;,&quot;copyright&quot;:&quot;Yuzuru SUNADA&quot;,&quot;focal_length&quot;:&quot;38&quot;,&quot;iso&quot;:&quot;500&quot;,&quot;shutter_speed&quot;:&quot;0.0008&quot;,&quot;title&quot;:&quot;&quot;,&quot;orientation&quot;:&quot;1&quot;}\" data-image-title=\"Vuelta2015_Stage14_Fabio_Aru_and_Rafal_Majka_0\" data-image-description=\"\" data-image-caption=\"\" data-large-file=\"https:\/\/i0.wp.com\/aynakol.org\/wp-content\/uploads\/2015\/09\/Vuelta2015_Stage14_Fabio_Aru_and_Rafal_Majka_0.jpg?fit=860%2C574\" class=\"aligncenter size-large wp-image-1907\" src=\"https:\/\/i0.wp.com\/aynakol.org\/wp-content\/uploads\/2015\/09\/Vuelta2015_Stage14_Fabio_Aru_and_Rafal_Majka_0.jpg?resize=705%2C470\" alt=\"Vuelta2015_Stage14_Fabio_Aru_and_Rafal_Majka_0\" width=\"705\" height=\"470\" srcset=\"https:\/\/i0.wp.com\/aynakol.org\/wp-content\/uploads\/2015\/09\/Vuelta2015_Stage14_Fabio_Aru_and_Rafal_Majka_0.jpg?resize=1024%2C683 1024w, https:\/\/i0.wp.com\/aynakol.org\/wp-content\/uploads\/2015\/09\/Vuelta2015_Stage14_Fabio_Aru_and_Rafal_Majka_0.jpg?resize=300%2C200 300w, https:\/\/i0.wp.com\/aynakol.org\/wp-content\/uploads\/2015\/09\/Vuelta2015_Stage14_Fabio_Aru_and_Rafal_Majka_0.jpg?resize=705%2C470 705w, https:\/\/i0.wp.com\/aynakol.org\/wp-content\/uploads\/2015\/09\/Vuelta2015_Stage14_Fabio_Aru_and_Rafal_Majka_0.jpg?w=1600 1600w\" sizes=\"auto, (max-width: 705px) 100vw, 705px\" \/><\/a><\/p>\n<p>&nbsp;<\/p>\n<p><span style=\"font-size: 18pt;\"><strong>Etap hakk\u0131nda<\/strong><\/span><\/p>\n<p>Comillas \u2192 Jitu de Escarandi aras\u0131nda pedallanacak 15. etap 177 km uzunlu\u011funda ve zirvede sona eriyor.<\/p>\n<p><a href=\"https:\/\/i0.wp.com\/aynakol.org\/wp-content\/uploads\/2015\/09\/Vuelta2015_Stage15_profile.jpg\"><img data-recalc-dims=\"1\" loading=\"lazy\" decoding=\"async\" data-attachment-id=\"1914\" data-permalink=\"http:\/\/aynakol.org\/?attachment_id=1914\" data-orig-file=\"https:\/\/i0.wp.com\/aynakol.org\/wp-content\/uploads\/2015\/09\/Vuelta2015_Stage15_profile.jpg?fit=975%2C464\" data-orig-size=\"975,464\" data-comments-opened=\"1\" data-image-meta=\"{&quot;aperture&quot;:&quot;0&quot;,&quot;credit&quot;:&quot;&quot;,&quot;camera&quot;:&quot;&quot;,&quot;caption&quot;:&quot;&quot;,&quot;created_timestamp&quot;:&quot;0&quot;,&quot;copyright&quot;:&quot;&quot;,&quot;focal_length&quot;:&quot;0&quot;,&quot;iso&quot;:&quot;0&quot;,&quot;shutter_speed&quot;:&quot;0&quot;,&quot;title&quot;:&quot;&quot;,&quot;orientation&quot;:&quot;0&quot;}\" data-image-title=\"Vuelta2015_Stage15_profile\" data-image-description=\"\" data-image-caption=\"\" data-large-file=\"https:\/\/i0.wp.com\/aynakol.org\/wp-content\/uploads\/2015\/09\/Vuelta2015_Stage15_profile.jpg?fit=860%2C409\" class=\"aligncenter size-full wp-image-1914\" src=\"https:\/\/i0.wp.com\/aynakol.org\/wp-content\/uploads\/2015\/09\/Vuelta2015_Stage15_profile.jpg?resize=860%2C409\" alt=\"Vuelta2015_Stage15_profile\" width=\"860\" height=\"409\" srcset=\"https:\/\/i0.wp.com\/aynakol.org\/wp-content\/uploads\/2015\/09\/Vuelta2015_Stage15_profile.jpg?w=975 975w, https:\/\/i0.wp.com\/aynakol.org\/wp-content\/uploads\/2015\/09\/Vuelta2015_Stage15_profile.jpg?resize=300%2C143 300w, https:\/\/i0.wp.com\/aynakol.org\/wp-content\/uploads\/2015\/09\/Vuelta2015_Stage15_profile.jpg?resize=705%2C336 705w\" sizes=\"auto, (max-width: 860px) 100vw, 860px\" \/><\/a><\/p>\n<p>Etap ikiye ayr\u0131lm\u0131\u015f diyebiliriz: yemek b\u00f6lgesine dek ka\u00e7anlara izin verilen aktif dinlenme b\u00f6l\u00fcm\u00fc ve sonras\u0131nda t\u0131rman\u0131\u015flarla birlikte ikinci b\u00f6l\u00fcm. Ka\u00e7anlar\u0131n etap galibiyeti i\u00e7in ilk b\u00f6l\u00fcm\u00fc iyi de\u011ferlendirmeleri \u015fart.<\/p>\n<p><iframe loading=\"lazy\" style=\"width: 100%; height: 450px;\" src=\"http:\/\/veloviewer.com\/segment\/2271366\/embed\" width=\"300\" height=\"150\" frameborder=\"0\" scrolling=\"no\"><\/iframe><\/p>\n<p>Beslenme\u00a0b\u00f6lgesi ge\u00e7ilir ge\u00e7ilmez peloton hafifda olsa CAT2 s\u0131n\u0131f\u0131ndaki Alto del Torno tepesine t\u0131rmanmaya ba\u015flayacak. Alto del Torno yakla\u015f\u0131k 10 km uzunlu\u011funda ve ortalama e\u011fimi de %3,2. Son \u00fc\u00e7 g\u00fcnd\u00fcr aral\u0131ks\u0131z \u00e7\u0131k\u0131p inen peloton i\u00e7in bu e\u011fim kolayca ge\u00e7ilecektir. Da\u011flar\u0131n kral\u0131 mayosunu giyen Omar Fraile ka\u00e7anlar aras\u0131nda yer al\u0131rsa e\u011fer puan i\u00e7in kemseye g\u00f6z a\u00e7t\u0131rmayacakt\u0131r.<\/p>\n<p>\u0130ni\u015f sonras\u0131 sprint kap\u0131s\u0131n\u0131 ge\u00e7en peloton s\u0131n\u0131fland\u0131r\u0131lmam\u0131\u015f Ortiguero tepesini a\u015facak ve g\u00fcn\u00fcn zirve biti\u015finin eteklerine\u00a0inmi\u015f olacak. Sonras\u0131 ise safkan t\u0131rman\u0131\u015f\u00e7\u0131lar\u0131n m\u00fccadelesi.<\/p>\n<p><iframe loading=\"lazy\" style=\"width: 100%; height: 450px;\" src=\"http:\/\/veloviewer.com\/segment\/10300163\/embed\" width=\"300\" height=\"150\" frameborder=\"0\" scrolling=\"no\"><\/iframe><\/p>\n<p>Ulu Sotres t\u0131rman\u0131\u015f\u0131 bir hayli can yakacak gibi. CAT1 s\u0131n\u0131f\u0131ndaki Sotres t\u0131rman\u0131\u015f\u0131nda peloton 1000 mt irtifa kazanacak ve son metrelerindeki e\u011fim bir hayli sert ve anl\u0131k da de\u011fil, istikrarl\u0131: \u015f\u00f6yle %8-13 alt\u0131na d\u00fc\u015fmeyecek. 12 km uzunlu\u011fundaki %5 ortalama e\u011fimli t\u0131rman\u0131\u015fta favoriler birbirilerinden zaman \u00e7almakla u\u011fra\u015f\u0131rlarsa ka\u00e7anlar son iki g\u00fcnd\u00fcr oldu\u011fu gibi bir etap alabilir, neden olmas\u0131n ki?<\/p>\n<p><a href=\"https:\/\/i0.wp.com\/aynakol.org\/wp-content\/uploads\/2015\/09\/Vuelta2015_Stage15_finish_profile.jpg\"><img data-recalc-dims=\"1\" loading=\"lazy\" decoding=\"async\" data-attachment-id=\"1913\" data-permalink=\"http:\/\/aynakol.org\/?attachment_id=1913\" data-orig-file=\"https:\/\/i0.wp.com\/aynakol.org\/wp-content\/uploads\/2015\/09\/Vuelta2015_Stage15_finish_profile.jpg?fit=621%2C494\" data-orig-size=\"621,494\" data-comments-opened=\"1\" data-image-meta=\"{&quot;aperture&quot;:&quot;0&quot;,&quot;credit&quot;:&quot;&quot;,&quot;camera&quot;:&quot;&quot;,&quot;caption&quot;:&quot;&quot;,&quot;created_timestamp&quot;:&quot;0&quot;,&quot;copyright&quot;:&quot;&quot;,&quot;focal_length&quot;:&quot;0&quot;,&quot;iso&quot;:&quot;0&quot;,&quot;shutter_speed&quot;:&quot;0&quot;,&quot;title&quot;:&quot;&quot;,&quot;orientation&quot;:&quot;0&quot;}\" data-image-title=\"Vuelta2015_Stage15_finish_profile\" data-image-description=\"\" data-image-caption=\"\" data-large-file=\"https:\/\/i0.wp.com\/aynakol.org\/wp-content\/uploads\/2015\/09\/Vuelta2015_Stage15_finish_profile.jpg?fit=621%2C494\" class=\"aligncenter size-full wp-image-1913\" src=\"https:\/\/i0.wp.com\/aynakol.org\/wp-content\/uploads\/2015\/09\/Vuelta2015_Stage15_finish_profile.jpg?resize=621%2C494\" alt=\"Vuelta2015_Stage15_finish_profile\" width=\"621\" height=\"494\" srcset=\"https:\/\/i0.wp.com\/aynakol.org\/wp-content\/uploads\/2015\/09\/Vuelta2015_Stage15_finish_profile.jpg?w=621 621w, https:\/\/i0.wp.com\/aynakol.org\/wp-content\/uploads\/2015\/09\/Vuelta2015_Stage15_finish_profile.jpg?resize=300%2C239 300w\" sizes=\"auto, (max-width: 621px) 100vw, 621px\" \/><\/a><\/p>\n<p>&nbsp;<\/p>\n<p><span style=\"font-size: 18pt;\"><strong>Etap hakk\u0131nda<\/strong><\/span><\/p>\n<p>Jitu de Escarandi&#8217;nin Sortes zirvesinde sona eren 15.\u00a0etabta, 177 km sonunda g\u00fclen isim Katusha tak\u0131m\u0131n\u0131n \u0130spanyol pedal\u0131 Joaquin Rodriguez oldu. Bu kendisinin kariyerindeki 9. \u0130spanya Bisiklet Turu zaferi.<\/p>\n<p><a href=\"https:\/\/i0.wp.com\/aynakol.org\/wp-content\/uploads\/2015\/09\/Vuelta2015_Stage15_winner_Joaquin_Rodriguez_1.jpg\"><img data-recalc-dims=\"1\" loading=\"lazy\" decoding=\"async\" data-attachment-id=\"1923\" data-permalink=\"http:\/\/aynakol.org\/?attachment_id=1923\" data-orig-file=\"https:\/\/i0.wp.com\/aynakol.org\/wp-content\/uploads\/2015\/09\/Vuelta2015_Stage15_winner_Joaquin_Rodriguez_1.jpg?fit=2048%2C1365\" data-orig-size=\"2048,1365\" data-comments-opened=\"1\" data-image-meta=\"{&quot;aperture&quot;:&quot;0&quot;,&quot;credit&quot;:&quot;&quot;,&quot;camera&quot;:&quot;&quot;,&quot;caption&quot;:&quot;&quot;,&quot;created_timestamp&quot;:&quot;0&quot;,&quot;copyright&quot;:&quot;&quot;,&quot;focal_length&quot;:&quot;0&quot;,&quot;iso&quot;:&quot;0&quot;,&quot;shutter_speed&quot;:&quot;0&quot;,&quot;title&quot;:&quot;&quot;,&quot;orientation&quot;:&quot;0&quot;}\" data-image-title=\"Vuelta2015_Stage15_winner_Joaquin_Rodriguez_1\" data-image-description=\"\" data-image-caption=\"\" data-large-file=\"https:\/\/i0.wp.com\/aynakol.org\/wp-content\/uploads\/2015\/09\/Vuelta2015_Stage15_winner_Joaquin_Rodriguez_1.jpg?fit=860%2C574\" class=\"aligncenter size-large wp-image-1923\" src=\"https:\/\/i0.wp.com\/aynakol.org\/wp-content\/uploads\/2015\/09\/Vuelta2015_Stage15_winner_Joaquin_Rodriguez_1.jpg?resize=705%2C470\" alt=\"Vuelta2015_Stage15_winner_Joaquin_Rodriguez_1\" width=\"705\" height=\"470\" srcset=\"https:\/\/i0.wp.com\/aynakol.org\/wp-content\/uploads\/2015\/09\/Vuelta2015_Stage15_winner_Joaquin_Rodriguez_1.jpg?resize=1024%2C683 1024w, https:\/\/i0.wp.com\/aynakol.org\/wp-content\/uploads\/2015\/09\/Vuelta2015_Stage15_winner_Joaquin_Rodriguez_1.jpg?resize=300%2C200 300w, https:\/\/i0.wp.com\/aynakol.org\/wp-content\/uploads\/2015\/09\/Vuelta2015_Stage15_winner_Joaquin_Rodriguez_1.jpg?resize=705%2C470 705w, https:\/\/i0.wp.com\/aynakol.org\/wp-content\/uploads\/2015\/09\/Vuelta2015_Stage15_winner_Joaquin_Rodriguez_1.jpg?w=2048 2048w, https:\/\/i0.wp.com\/aynakol.org\/wp-content\/uploads\/2015\/09\/Vuelta2015_Stage15_winner_Joaquin_Rodriguez_1.jpg?w=1720 1720w\" sizes=\"auto, (max-width: 705px) 100vw, 705px\" \/><\/a><\/p>\n<p>&nbsp;<\/p>\n<p>Di\u011fer favorilerin, Quintana d\u0131\u015f\u0131nda \u00e7ok da k\u00f6t\u00fc g\u00f6r\u00fcnmedi\u011fi ama son 1 km&#8217;deki %12&#8217;ye dek \u00e7\u0131kan e\u011fim kar\u015f\u0131s\u0131nda zorland\u0131\u011f\u0131 zirve biti\u015finde\u00a0Joaquin Rodriguez, Fabio Aru&#8217;nun 15 saniye \u00f6n\u00fcnde bitirmesine kar\u015f\u0131n bu fark k\u0131rm\u0131z\u0131 mayoyu almaya yetmedi. K\u0131rm\u0131z\u0131 mayo 1 saniye farkla h\u00e2l\u00e2 Fabio Aru&#8217;nun s\u0131rt\u0131nda.<\/p>\n<p><iframe loading=\"lazy\" src=\"https:\/\/www.youtube.com\/embed\/ng_tO9B6OzM\" width=\"560\" height=\"315\" frameborder=\"0\" allowfullscreen=\"allowfullscreen\"><\/iframe><\/p>\n<p><strong>Etap sonu\u00e7lar\u0131<\/strong><\/p>\n<pre>ESP  1  RODRIGUEZ OLIVER, Joaquim (KATUSHA)                       4:33:31\r\nPOL  2  MAJKA, Rafal (TINKOFF - SAXO)                              +   12\r\nESP  3  MORENO FERNANDEZ, Daniel (KATUSHA)                         +   14\r\nCOL  4  QUINTANA ROJAS, Nairo Alexander (MOVISTAR)                 +   15\r\nITA  5  ARU, Fabio (ASTANA)                                      \r\nESP  6  LANDA MEANA, Mikel (ASTANA)                                +   18\r\nCOL  7  CHAVES RUBIO, Johan Esteban (ORICA GreenEDGE)              +   20\r\nESP  8  NIEVE ITURALDE, Mikel (SKY)                                +   24\r\nESP  9  VALVERDE BELMONTE, Alejandro (MOVISTAR)                    +   29\r\nITA  10 POZZOVIVO, Domenico (AG2R LA MONDIALE)                     +   41\r\nRSA  11 MEINTJES, Louis (MTN - QHUBEKA)                            \r\nNED  12 DUMOULIN, Tom (GIANT - ALPECIN)                            +   51<\/pre>\n<p>&nbsp;<\/p>\n<p><iframe loading=\"lazy\" src=\"https:\/\/www.youtube.com\/embed\/2Flt3KJ1W74\" width=\"560\" height=\"315\" frameborder=\"0\" allowfullscreen=\"allowfullscreen\"><\/iframe><\/p>\n<p>\u0130lk olu\u015fan ka\u00e7\u0131\u015f grubunun 24. km tutunabildi\u011fi, sonras\u0131nda y\u0131lmay\u0131p yeniden ka\u00e7anlar\u0131n da etab\u0131n bitmesine 2 km kala yakaland\u0131\u011f\u0131 etapta son t\u0131rman\u0131\u015f bir hayli k\u0131r\u0131c\u0131 oldu. Valverde, Quintana, Landa, Majka, Aru, Chaves, Moreno gibi safkan t\u0131rman\u0131\u015f\u00e7\u0131lar neyse ama Tom Dumolin&#8217;in genel klasmandaki \u00fc\u00e7\u00fcnc\u00fcl\u00fc\u011f\u00fcn\u00fc korumak i\u00e7in verdi\u011fi m\u00fccadele takdir edilesi idi. Son 1 km&#8217;de baya\u011f\u0131 fark yemesine kar\u015f\u0131n zamana kar\u015f\u0131 etab\u0131nda fark atabilmek i\u00e7in \u00e7ok h\u0131rpalad\u0131 kendisini, ama istedi\u011fini de ald\u0131. G\u00fcn\u00fcn bir di\u011fer kazanan\u0131 ise Tinkoff-Saxo tak\u0131m\u0131n\u0131n Polonyal\u0131 t\u0131rman\u0131\u015f\u00e7\u0131s\u0131 Rafal Majka idi, etab\u0131 ya\u015f\u0131t\u0131 Aru&#8217;nun \u00f6nnde ikinci bitirerek genel klasmanda ikinci s\u0131raya y\u00fckseldi.<\/p>\n<p><strong>Etap sonras\u0131 genel klasman s\u0131ralamas\u0131<\/strong><\/p>\n<pre>ITA  1  ARU, Fabio (ASTANA)                             61:53:56\r\nESP  2  RODRIGUEZ OLIVER, Joaquim (KATUSHA)               +    1\r\nPOL  3  MAJKA, Rafal (TINKOFF - SAXO)                     + 1:24\r\nNED  4  DUMOULIN, Tom (GIANT - ALPECIN)                   + 1:25\r\nCOL  5  CHAVES RUBIO, Johan Esteban (ORICA GreenEDGE)     + 1:34\r\nESP  6  MORENO FERNANDEZ, Daniel (KATUSHA)                + 2:08\r\nESP  7  NIEVE ITURALDE, Mikel (SKY)                       + 2:19\r\nESP  8  VALVERDE BELMONTE, Alejandro (MOVISTAR)           + 2:25\r\nCOL  9  QUINTANA ROJAS, Nairo Alexander (MOVISTAR)        + 3:00\r\nRSA  10 MEINTJES, Louis (MTN - QHUBEKA)                   + 5:07<\/pre>\n<p>Yar\u0131nki son da\u011fl\u0131k etap sonras\u0131 Madrid&#8217;e dek tabii ki t\u0131rman\u0131\u015flar var ama b\u00f6ylesi zaman fark\u0131 yaratacak denli zirve biti\u015fleri yok, bu y\u00fczden Quintana ve Valverde&#8217;nin bir \u015fans\u0131 kalmad\u0131 diyebiliriz.<\/p>\n<p>Etap boyunca an be an ya\u015fananlar\u0131 Ek\u015fi S\u00f6zl\u00fck yazar\u0131 <a href=\"https:\/\/eksisozluk.com\/biri\/zeddicus-zu-l-zorander\" target=\"_blank\">zeddicus zu l zorander<\/a>&#8216;den <a href=\"https:\/\/eksisozluk.com\/entry\/54590566\" target=\"_blank\">dinliyoruz<\/a>:<\/p>\n<blockquote><p><a class=\"url\" title=\"http:\/\/www.steephill.tv\/players\/profile\/?race=vuelta-a-espana&amp;stage=15&amp;year=2015&amp;src=http:\/\/www.steephill.tv\/2015\/vuelta-a-espana\/profile-15.jpg\" href=\"http:\/\/www.steephill.tv\/players\/profile\/?race=vuelta-a-espana&amp;stage=15&amp;year=2015&amp;src=http:\/\/www.steephill.tv\/2015\/vuelta-a-espana\/profile-15.jpg\" target=\"_blank\" rel=\"nofollow\">175.8 km&#8217;lik 15. etab\u0131<\/a>, yani <a class=\"b\" href=\"https:\/\/eksisozluk.com\/?q=comillas\">comillas<\/a> \u203a <a class=\"b\" href=\"https:\/\/eksisozluk.com\/?q=jitu+de+escarandi\">jitu de escarandi<\/a> etab\u0131n\u0131 katusha&#8217;dan <a class=\"b\" href=\"https:\/\/eksisozluk.com\/?q=purito\">purito<\/a><a class=\"b\" href=\"https:\/\/eksisozluk.com\/?q=joaquim+rodriguez\">joaquim rodriguez<\/a> kazand\u0131. kariyerindeki 9. ispanya turu galibiyetini ald\u0131. 1 sn farkla k\u0131rm\u0131z\u0131 mayoyu alamad\u0131. reis mayoyu alsayd\u0131 ke\u015fke. aru, liderli\u011fini korudu.<\/p>\n<p><a class=\"url\" title=\"https:\/\/pbs.twimg.com\/media\/COOxMO0UYAACp3R.png:large\" href=\"https:\/\/pbs.twimg.com\/media\/COOxMO0UYAACp3R.png:large\" target=\"_blank\" rel=\"nofollow\">https:\/\/pbs.twimg.com\/\u2026ia\/cooxmo0uyaacp3r.png:large<\/a><\/p>\n<p>8. km&#8217;de blel kadri (ag2r &#8211; la mondiale), maxime monfort (lotto soudal), jelle vanendert (lotto soudal), amael moinard (bmc), kristijan durasek (lampre &#8211; merida) ve natnael berhane (mtn &#8211; qhubeka), pelotondan ka\u00e7t\u0131lar.<\/p>\n<p>carlos verona (etixx-quick step), tosh van der sande (lotto-soudal), antoine duchesne (europcar) ve rodolfo torres (colombia), \u00f6ndeki grubu yakalad\u0131lar.<\/p>\n<p>24 km kala peloton ka\u00e7anlar\u0131 yakalad\u0131.<\/p>\n<p>37. km&#8217;de, blel kadri (ag2r &#8211; la mondiale), ricardo vilela (caja rural &#8211; seguros rga), dominique rollin (cofidis), brayan ramirez (colombia), nikolas maes (etixx &#8211; quick step), natnael berhane (mtn &#8211; qhubeka), pierre rolland (europcar), maarten tjallingii (lotto nl &#8211; jumbo), haimar zubeldia (trek factory), pelotondan ka\u00e7t\u0131.<\/p>\n<p>88 km kala fark 2.25 dk.<\/p>\n<p>70 km kala afark 3.52 dk.<\/p>\n<p>etab\u0131n bitimine 61 km kala zirvesinden ge\u00e7ilecek olan, 2. kategoriden <a class=\"b\" href=\"https:\/\/eksisozluk.com\/?q=alto+del+torno\">alto del torno<\/a> (530 m y\u00fckseklik, 10.1 km uzunluk, %3.2 ortalama e\u011fim) t\u0131rman\u0131\u015f\u0131na ka\u00e7\u0131\u015f 9&#8217;lusu ba\u015flad\u0131.<\/p>\n<p>zirveden ge\u00e7en ilk isim dominique rollin 5 puan al\u0131rken, pierre rolland, 3, maarten tjallingii, 1 puan ald\u0131.<\/p>\n<p>45.8 km kala ge\u00e7ilen ara sprint kap\u0131s\u0131ndan ilk s\u0131rada ge\u00e7en nikolas maes, 4 puan al\u0131rken, dominique rollin, 2, ricardo vilela, 1 puan ald\u0131.<\/p>\n<p>36 km kala fark 4.32 dk.<\/p>\n<p>28 km kala fark 3 dk.<\/p>\n<p>15 km kala fark 1.33 dk. son t\u0131rman\u0131\u015fa az kald\u0131.<\/p>\n<p>zirve fini\u015fi ile bitecek olan, 1. kategoriden <a class=\"b\" href=\"https:\/\/eksisozluk.com\/?q=sotres\">sotres<\/a> (1230 m y\u00fckseklik, 12.7 km uzunluk, %7.9 ortalama, %13.3 max. e\u011fim) t\u0131rman\u0131\u015f\u0131na ka\u00e7\u0131\u015f grubu ba\u015flad\u0131. danan\u0131n kuyru\u011fu burada kopacak. quintana&#8217;n\u0131n ata\u011f\u0131n\u0131 bekliyoruz art\u0131k.<br \/>\n<a class=\"url\" title=\"https:\/\/pbs.twimg.com\/media\/COOom6OXAAA7HeM.png:large\" href=\"https:\/\/pbs.twimg.com\/media\/COOom6OXAAA7HeM.png:large\" target=\"_blank\" rel=\"nofollow\">https:\/\/pbs.twimg.com\/\u2026ia\/cooom6oxaaa7hem.png:large<\/a><\/p>\n<p>11.7 km kala ka\u00e7an grupta hareketler ba\u015flad\u0131. blel kadri, ilk hamleyi yapt\u0131. peloton 1 dk kadar geride.<\/p>\n<p>10.5 km civar\u0131 haimar zubeldia, liderli\u011fi ald\u0131.<br \/>\n<a class=\"url\" title=\"https:\/\/pbs.twimg.com\/media\/COOrQ39WIAAmZOJ.jpg:large\" href=\"https:\/\/pbs.twimg.com\/media\/COOrQ39WIAAmZOJ.jpg:large\" target=\"_blank\" rel=\"nofollow\">https:\/\/pbs.twimg.com\/\u2026ia\/coorq39wiaamzoj.jpg:large<\/a><\/p>\n<p>10 km kala pelotondan nairo quintana atak yap\u0131p \u00f6ne \u00e7\u0131kt\u0131. astana&#8217;dan luis leon sanchez, ona yap\u0131\u015ft\u0131. aru, gitmedi.<br \/>\n<a class=\"url\" title=\"https:\/\/pbs.twimg.com\/media\/COOqUuHW8AEAeBk.jpg:large\" href=\"https:\/\/pbs.twimg.com\/media\/COOqUuHW8AEAeBk.jpg:large\" target=\"_blank\" rel=\"nofollow\">https:\/\/pbs.twimg.com\/\u2026ia\/cooquuhw8aeaebk.jpg:large<\/a><\/p>\n<p>9.5 km kala peloton 55 sn geriden geliyor.<\/p>\n<p>ka\u00e7\u0131\u015f grubundan geriye d\u00fc\u015fenler pelotona yakalan\u0131yor. tom dumoulin, pelotonun en arkas\u0131nda., zorlan\u0131yor.<\/p>\n<p>natnael berhane, haimar zubeldia&#8217;nin gerisinden geliyor.<\/p>\n<p>7.4 km kala peloton natnael berhane&#8217;yi yakalad\u0131. bir tek 1.06 dk ileriden olan zubeldia kald\u0131.<\/p>\n<p>6.5 km kala pelotunun \u00f6n\u00fcndeki astana tempoyu artt\u0131r\u0131yor. movistar \u00f6ne hemen visconti&#8217;yi g\u00f6nderdi.<\/p>\n<p>5 km kala fark 43 sn. quintana kendisini iyi hissediyor. atak yap\u0131p etab\u0131 alacak gibi ama ne zaman ata\u011f\u0131n\u0131 yapacak bekliyoruz.<\/p>\n<p>4 km kala fark 33 sn. atak bekliyoruz. etap ve bonus zaman i\u00e7in quintana atak yapacakt\u0131r. tom dumoulin, geride ama hala kopmad\u0131 ama son 3 km&#8217;de gelecek ataklara cevap verebilecek mi?<\/p>\n<p>3 km kala fark 23 sn. etab\u0131 pelotondan biri kazanacak, belli oldu. son 3 km, %14 e\u011fim \u00e7arpacakt\u0131r herkesi.<\/p>\n<p>ian boswell geriye d\u00fc\u015ft\u00fc. 2.3 km kala tom dumoulin geriye d\u00fc\u015ft\u00fc. favori isimler ad\u0131na iyi haber.<\/p>\n<p>2 km kala mikel nieve atak yapt\u0131 ama kopamad\u0131.<\/p>\n<p>zubeldia, yakaland\u0131.<\/p>\n<p>quintana k\u0131p\u0131rdand\u0131. tom 28 sn kadar geride. \u00e7ok iyi durumda de\u011fil ama dayanmaya \u00e7al\u0131\u015f\u0131yor.<\/p>\n<p>son km&#8217;ye girdik. atak gelecek mi?<\/p>\n<p>purito \u00f6n tarafa geldi. quintana hemen arkas\u0131nda. tom dumoulin, fark\u0131 azaltmaya \u00e7al\u0131\u015f\u0131yor.<\/p>\n<p>quintana duvara toslad\u0131. purito \u00f6nde. aru takip etmeye \u00e7al\u0131\u015f\u0131yor. majka takip ediyor.<br \/>\n<a class=\"url\" title=\"https:\/\/pbs.twimg.com\/media\/COOw7MuUYAA0NxO.png:large\" href=\"https:\/\/pbs.twimg.com\/media\/COOw7MuUYAA0NxO.png:large\" target=\"_blank\" rel=\"nofollow\">https:\/\/pbs.twimg.com\/\u2026ia\/coow7muuyaa0nxo.png:large<\/a><\/p>\n<p>quitana geriye d\u00fc\u015ft\u00fc. tom, 1 dk kadar geriye d\u00fc\u015ft\u00fc deniyor.<\/p>\n<p>purito \u00e7ok iyi gidiyor. son 300 m.<br \/>\n<a class=\"url\" title=\"https:\/\/pbs.twimg.com\/media\/COOxK4UUYAA6KJ1.png:large\" href=\"https:\/\/pbs.twimg.com\/media\/COOxK4UUYAA6KJ1.png:large\" target=\"_blank\" rel=\"nofollow\">https:\/\/pbs.twimg.com\/\u2026ia\/cooxk4uuyaa6kj1.png:large<\/a><\/p>\n<p><a class=\"b\" href=\"https:\/\/eksisozluk.com\/?q=joaquim+rodriguez\">joaquim rodriguez<\/a> kazand\u0131.<\/p>\n<p>quintana aru&#8217;yu ge\u00e7ti ama ayn\u0131 zamanla bitirdiler. majka 2, moreno 3 olarak bonus zamanlar\u0131 ald\u0131.<br \/>\n<a class=\"url\" title=\"https:\/\/pbs.twimg.com\/media\/COOxNFgWoAAtVcO.jpg\" href=\"https:\/\/pbs.twimg.com\/media\/COOxNFgWoAAtVcO.jpg\" target=\"_blank\" rel=\"nofollow\">https:\/\/pbs.twimg.com\/media\/cooxnfgwoaatvco.jpg<\/a><\/p>\n<p>tom dumoulin, 47 sn civar\u0131 etab\u0131 bitirerek etab\u0131 bitirdi. hi\u00e7 fena de\u011fil.<\/p>\n<p>aru, purito&#8217;nun \u00f6n\u00fcnde 1 sn farkla k\u0131rm\u0131z\u0131 mayoyu korumay\u0131 ba\u015fard\u0131.<\/p><\/blockquote>\n<div id=\"attachment_1920\" style=\"width: 1011px\" class=\"wp-caption aligncenter\"><a href=\"https:\/\/i0.wp.com\/aynakol.org\/wp-content\/uploads\/2015\/09\/Vuelta2015_Stage15_peloton_0.jpg\"><img data-recalc-dims=\"1\" loading=\"lazy\" decoding=\"async\" aria-describedby=\"caption-attachment-1920\" data-attachment-id=\"1920\" data-permalink=\"http:\/\/aynakol.org\/?attachment_id=1920\" data-orig-file=\"https:\/\/i0.wp.com\/aynakol.org\/wp-content\/uploads\/2015\/09\/Vuelta2015_Stage15_peloton_0.jpg?fit=1001%2C444\" data-orig-size=\"1001,444\" data-comments-opened=\"1\" data-image-meta=\"{&quot;aperture&quot;:&quot;5.6&quot;,&quot;credit&quot;:&quot;TEMP SPORT MIGUELEZ&quot;,&quot;camera&quot;:&quot;Canon EOS-1D Mark IV&quot;,&quot;caption&quot;:&quot;FOTO\/PHOTO: J. A. MIGUELEZ \/ Unipublic.&quot;,&quot;created_timestamp&quot;:&quot;1441378762&quot;,&quot;copyright&quot;:&quot;Jose Antonio MIGUELEZ&quot;,&quot;focal_length&quot;:&quot;16&quot;,&quot;iso&quot;:&quot;200&quot;,&quot;shutter_speed&quot;:&quot;0.002&quot;,&quot;title&quot;:&quot;JOSE ANTONIO MIGUELEZ&quot;,&quot;orientation&quot;:&quot;1&quot;}\" data-image-title=\"JOSE ANTONIO MIGUELEZ\" data-image-description=\"\" data-image-caption=\"&lt;p&gt;FOTO\/PHOTO: J. A. MIGUELEZ \/ Unipublic.&lt;\/p&gt;\n\" data-large-file=\"https:\/\/i0.wp.com\/aynakol.org\/wp-content\/uploads\/2015\/09\/Vuelta2015_Stage15_peloton_0.jpg?fit=860%2C381\" class=\"size-full wp-image-1920\" src=\"https:\/\/i0.wp.com\/aynakol.org\/wp-content\/uploads\/2015\/09\/Vuelta2015_Stage15_peloton_0.jpg?resize=860%2C381\" alt=\"FOTO\/PHOTO: J. A. MIGUELEZ \/ Unipublic.\" width=\"860\" height=\"381\" srcset=\"https:\/\/i0.wp.com\/aynakol.org\/wp-content\/uploads\/2015\/09\/Vuelta2015_Stage15_peloton_0.jpg?w=1001 1001w, https:\/\/i0.wp.com\/aynakol.org\/wp-content\/uploads\/2015\/09\/Vuelta2015_Stage15_peloton_0.jpg?resize=300%2C133 300w, https:\/\/i0.wp.com\/aynakol.org\/wp-content\/uploads\/2015\/09\/Vuelta2015_Stage15_peloton_0.jpg?resize=705%2C313 705w\" sizes=\"auto, (max-width: 860px) 100vw, 860px\" \/><\/a><p id=\"caption-attachment-1920\" class=\"wp-caption-text\">FOTO\/PHOTO: J. A. MIGUELEZ \/ Unipublic.<\/p><\/div>\n<p><strong>Daha fazlas\u0131 i\u00e7in:<\/strong><\/p>\n<ul>\n<li>S\u0131ral\u0131 tam liste: <a href=\"http:\/\/www.procyclingstats.com\/race\/Vuelta_a_Espana_2015_Stage15\" target=\"_blank\">ProCyclingStats.com<\/a><\/li>\n<li>Vuelta a Espana 2015 hakk\u0131nda her \u015fey: <a href=\"http:\/\/www.steephill.tv\/vuelta-a-espana\/#15-preview-2015\" target=\"_blank\">SteepHill.TV<\/a><\/li>\n<li>Vuelta a Espana 2015 Twitter hesaplar\u0131:\n<ul>\n<li>Resmi hesap: <strong><a href=\"https:\/\/twitter.com\/lavuelta\" target=\"_blank\">@lavuelta<\/a><\/strong><\/li>\n<li>T\u00fcrk\u00e7e neler olmu\u015f? <strong><a href=\"https:\/\/twitter.com\/hashtag\/vueltatr?src=hash\" target=\"_blank\">#vueltaTR<\/a><\/strong><\/li>\n<li>\u0130ngilizce neler olmu\u015f? <a href=\"https:\/\/twitter.com\/hashtag\/LV2015?src=hash\" target=\"_blank\"><strong>#LV2015<\/strong><\/a><\/li>\n<\/ul>\n<\/li>\n<li>Ayr\u0131ca hep sanal olacak de\u011fil ya, biraz da nostalji, biraz da bas\u0131l\u0131 belge bilgi: Cyclist T\u00fcrkiye Dergisinin bu ayki say\u0131s\u0131nda Buyruk Alparslan\u2019\u0131n kaleme ald\u0131\u011f\u0131 Vuelta 2015 dosyas\u0131 da elinizin alt\u0131nda olsun.<\/li>\n<\/ul>\n","protected":false},"excerpt":{"rendered":"<p>14. etapta, zafer ka\u00e7anlar\u0131n oldu! Sislerin aras\u0131ndan t\u0131rmanarak galibiyete ula\u015fan isim Alessandro De Marchi olurken, genel klasman iddial\u0131lar\u0131 da kozlar\u0131n\u0131 payla\u015ft\u0131. Quintana gayet formda, Aru&#8217;dan [&#8230;]<\/p>\n","protected":false},"author":1,"featured_media":1905,"comment_status":"open","ping_status":"open","sticky":false,"template":"","format":"standard","meta":{"jetpack_post_was_ever_published":false,"_jetpack_newsletter_access":"","_jetpack_dont_email_post_to_subs":false,"_jetpack_newsletter_tier_id":0,"_jetpack_memberships_contains_paywalled_content":false,"_jetpack_memberships_contains_paid_content":false,"footnotes":"","jetpack_publicize_message":"","jetpack_publicize_feature_enabled":true,"jetpack_social_post_already_shared":true,"jetpack_social_options":{"image_generator_settings":{"template":"highway","default_image_id":0,"font":"","enabled":false},"version":2}},"categories":[92,91],"tags":[65,80,24,17,43,26,980,963,25,16,233,952,955,953,411,773,222,981,979,41,28,966,234,978],"class_list":["post-1911","post","type-post","status-publish","format-standard","has-post-thumbnail","hentry","category-grand","category-vuelta-2","tag-alejandro-valverde","tag-alessandro-de-marchi","tag-astana","tag-bisiklet-turu","tag-bmc","tag-chris-froome","tag-danny-van-poppel","tag-esteban-chaves","tag-fabio-aru","tag-ispanya","tag-ispanya-bisiklet-turu","tag-la-vuelta","tag-la-vuelta-a-espana","tag-lv2015","tag-madonna-del-ghisallo","tag-mikel-landa","tag-nairo-quintana","tag-nelson-oliviera","tag-purito-rodriguez","tag-queen-stage","tag-rafal-majka","tag-tom-dumoulin","tag-vuelta-a-espana","tag-vueltatr"],"jetpack_publicize_connections":[],"jetpack_featured_media_url":"https:\/\/i0.wp.com\/aynakol.org\/wp-content\/uploads\/2015\/09\/Vuelta2015_Stage14_peloton_1.jpg?fit=670%2C446","jetpack_sharing_enabled":true,"jetpack_shortlink":"https:\/\/wp.me\/p51p4O-uP","jetpack_likes_enabled":true,"jetpack-related-posts":[{"id":1898,"url":"http:\/\/aynakol.org\/?p=1898","url_meta":{"origin":1911,"position":0},"title":"#LV2015 La Vuelta a Espana 14. Etap: Vitoria \u2192 Fuente del Chivo","author":"Ayd\u0131n Bez","date":"5 Eyl\u00fcl 2015","format":false,"excerpt":"177 km uzunlu\u011fundaki ge\u00e7i\u015f etab\u0131nda pek fazla bir \u015fey olmad\u0131, her \u015fey\u00a0dinlenmek isteyen peloton ve favorilerin istedi\u011fi gibi oldu: Etap ba\u015flar ba\u015flamaz olu\u015fan 25 ki\u015filik ka\u00e7\u0131\u015f grubundan Nelson Oliviera (Lamspre-Merida) Alto de\u00a0Moncayo ge\u00e7ilir ge\u00e7ilmez ini\u015fte atak yapt\u0131 ve zafere pedallad\u0131. Yine yar\u0131\u015f\u0131 b\u0131rakmak zorunda kalanlar oldu, bu son y\u0131llar\u0131n en\u2026","rel":"","context":"&quot;Grand Tour&quot; i\u00e7inde","block_context":{"text":"Grand Tour","link":"http:\/\/aynakol.org\/?cat=92"},"img":{"alt_text":"","src":"https:\/\/i0.wp.com\/aynakol.org\/wp-content\/uploads\/2015\/09\/Vuelta2015_Stage13_the_peloton_crop.jpg?fit=1200%2C534&resize=350%2C200","width":350,"height":200,"srcset":"https:\/\/i0.wp.com\/aynakol.org\/wp-content\/uploads\/2015\/09\/Vuelta2015_Stage13_the_peloton_crop.jpg?fit=1200%2C534&resize=350%2C200 1x, https:\/\/i0.wp.com\/aynakol.org\/wp-content\/uploads\/2015\/09\/Vuelta2015_Stage13_the_peloton_crop.jpg?fit=1200%2C534&resize=525%2C300 1.5x, https:\/\/i0.wp.com\/aynakol.org\/wp-content\/uploads\/2015\/09\/Vuelta2015_Stage13_the_peloton_crop.jpg?fit=1200%2C534&resize=700%2C400 2x, https:\/\/i0.wp.com\/aynakol.org\/wp-content\/uploads\/2015\/09\/Vuelta2015_Stage13_the_peloton_crop.jpg?fit=1200%2C534&resize=1050%2C600 3x"},"classes":[]},{"id":1947,"url":"http:\/\/aynakol.org\/?p=1947","url_meta":{"origin":1911,"position":1},"title":"#LV2015 La Vuelta a Espana 17. Etap: Burgos","author":"Ayd\u0131n Bez","date":"9 Eyl\u00fcl 2015","format":false,"excerpt":"16. etapda mayo el de\u011fi\u015ftirdi! Etab\u0131n iki kazanan\u0131 var: Trek Factory Racing tak\u0131m\u0131n\u0131n L\u00fcksemburglu ismi Frank Schleck etab\u0131 kazan\u0131rken son 2 km kala bitime yapt\u0131\u011f\u0131 atakla, Purito Rodriguez 36 ya\u015f\u0131na ve Le Tour\u00a0yorgunlu\u011funa ald\u0131rmadan e\u011fimin iyice sertle\u015fti\u011fi son 700 metrede Fabio Aru'ya, Rafal Majka'ya kar\u015f\u0131 atak yap\u0131p k\u0131rm\u0131z\u0131 mayoya ula\u015ft\u0131.\u2026","rel":"","context":"&quot;Grand Tour&quot; i\u00e7inde","block_context":{"text":"Grand Tour","link":"http:\/\/aynakol.org\/?cat=92"},"img":{"alt_text":"","src":"https:\/\/i0.wp.com\/aynakol.org\/wp-content\/uploads\/2015\/09\/LV2015_stage12_peloton_in_front_of_the_valley_fullsize.jpg?fit=1200%2C532&resize=350%2C200","width":350,"height":200,"srcset":"https:\/\/i0.wp.com\/aynakol.org\/wp-content\/uploads\/2015\/09\/LV2015_stage12_peloton_in_front_of_the_valley_fullsize.jpg?fit=1200%2C532&resize=350%2C200 1x, https:\/\/i0.wp.com\/aynakol.org\/wp-content\/uploads\/2015\/09\/LV2015_stage12_peloton_in_front_of_the_valley_fullsize.jpg?fit=1200%2C532&resize=525%2C300 1.5x, https:\/\/i0.wp.com\/aynakol.org\/wp-content\/uploads\/2015\/09\/LV2015_stage12_peloton_in_front_of_the_valley_fullsize.jpg?fit=1200%2C532&resize=700%2C400 2x, https:\/\/i0.wp.com\/aynakol.org\/wp-content\/uploads\/2015\/09\/LV2015_stage12_peloton_in_front_of_the_valley_fullsize.jpg?fit=1200%2C532&resize=1050%2C600 3x"},"classes":[]},{"id":1987,"url":"http:\/\/aynakol.org\/?p=1987","url_meta":{"origin":1911,"position":2},"title":"#LV2015 La Vuelta a Espana 21. Etap: Alcal\u00e1 de Henares \u2192 Madrid","author":"Ayd\u0131n Bez","date":"12 Eyl\u00fcl 2015","format":false,"excerpt":"20. etab\u0131 izlerken hop oturduk hop kalkt\u0131k, Ruben Plaza'n\u0131n solo ata\u011f\u0131 acaba De Marchi ve Gon\u00e7alves taraf\u0131ndan sona erdirilecek mi derken Plaza etab\u0131 kazan\u0131rken, Aru'nun \u00f6l\u00fcmc\u00fcl ata\u011f\u0131 Dumoulin'i silkelerken k\u0131rm\u0131z\u0131 mayodan ve podyumdan da etti. Etap Plaza'n\u0131n, maglia rojo Fabio Aru'nun. Etap hakk\u0131nda Alcal\u00e1 de Henares \u2192 Madrid\u00a0aras\u0131nda pedallanacak 21.\u2026","rel":"","context":"&quot;Grand Tour&quot; i\u00e7inde","block_context":{"text":"Grand Tour","link":"http:\/\/aynakol.org\/?cat=92"},"img":{"alt_text":"","src":"https:\/\/i0.wp.com\/aynakol.org\/wp-content\/uploads\/2015\/09\/Vuelta2015_Stage21_Aru_in_podium_1.jpg?fit=1200%2C800&resize=350%2C200","width":350,"height":200,"srcset":"https:\/\/i0.wp.com\/aynakol.org\/wp-content\/uploads\/2015\/09\/Vuelta2015_Stage21_Aru_in_podium_1.jpg?fit=1200%2C800&resize=350%2C200 1x, https:\/\/i0.wp.com\/aynakol.org\/wp-content\/uploads\/2015\/09\/Vuelta2015_Stage21_Aru_in_podium_1.jpg?fit=1200%2C800&resize=525%2C300 1.5x, https:\/\/i0.wp.com\/aynakol.org\/wp-content\/uploads\/2015\/09\/Vuelta2015_Stage21_Aru_in_podium_1.jpg?fit=1200%2C800&resize=700%2C400 2x, https:\/\/i0.wp.com\/aynakol.org\/wp-content\/uploads\/2015\/09\/Vuelta2015_Stage21_Aru_in_podium_1.jpg?fit=1200%2C800&resize=1050%2C600 3x"},"classes":[]},{"id":1978,"url":"http:\/\/aynakol.org\/?p=1978","url_meta":{"origin":1911,"position":3},"title":"#LV2015 La Vuelta a Espana 20. Etap: San Lorenzo de El Escorial \u2192 Cercedilla","author":"Ayd\u0131n Bez","date":"11 Eyl\u00fcl 2015","format":false,"excerpt":"19. etap t\u0131pk\u0131 bas\u0131m gibiydi adeta: ka\u00e7anlar\u0131n zaferine sahne olurken ag2r La Mondiale tak\u0131m\u0131n\u0131n Frans\u0131z pedal\u0131 Alexis Gougeard etab\u0131 kazand\u0131! Tom Dumoulin k\u0131rm\u0131z\u0131 mayoyu yar\u0131nki etapta sa\u011flama alabilmek i\u00e7in son 2 km kala atak yapt\u0131 ve Fabio Aru'dan 3 saniye daha \u00e7alarak fark\u0131 6 saniyeye \u00e7\u0131kartt\u0131. K\u0131rm\u0131z\u0131 mayo h\u00e2l\u00e2 Tom\u2026","rel":"","context":"&quot;Grand Tour&quot; i\u00e7inde","block_context":{"text":"Grand Tour","link":"http:\/\/aynakol.org\/?cat=92"},"img":{"alt_text":"","src":"https:\/\/i0.wp.com\/aynakol.org\/wp-content\/uploads\/2015\/09\/Vuelta2015_Stage19_peloton.jpg?fit=670%2C446&resize=350%2C200","width":350,"height":200,"srcset":"https:\/\/i0.wp.com\/aynakol.org\/wp-content\/uploads\/2015\/09\/Vuelta2015_Stage19_peloton.jpg?fit=670%2C446&resize=350%2C200 1x, https:\/\/i0.wp.com\/aynakol.org\/wp-content\/uploads\/2015\/09\/Vuelta2015_Stage19_peloton.jpg?fit=670%2C446&resize=525%2C300 1.5x"},"classes":[]},{"id":1884,"url":"http:\/\/aynakol.org\/?p=1884","url_meta":{"origin":1911,"position":4},"title":"#LV2015 La Vuelta a Espana 13. Etap: Catalayud \u2192 Tarazona","author":"Ayd\u0131n Bez","date":"3 Eyl\u00fcl 2015","format":false,"excerpt":"S\u0131rad\u0131\u015f\u0131 hi\u00e7bir \u015feyin olmad\u0131\u011f\u0131 12. etap ka\u011f\u0131t \u00fczerinde neyse ger\u00e7ekte de \u00f6yle oldu: r\u00fczgar gibi geldi ge\u00e7ti. Chris Froome 11. etapta ge\u00e7irdi\u011fi kaza sonras\u0131 aya\u011f\u0131nda olu\u015fan k\u0131r\u0131k\/\u00e7atlak y\u00fcz\u00fcnden etaba ba\u015flamad\u0131 ve yar\u0131\u015f\u0131 b\u0131rakt\u0131. Etab\u0131 TREK Racing Factory tak\u0131m\u0131n\u0131n Hollandal\u0131 gen\u00e7 pedal\u0131 Danny van Poppel kazan\u0131rken bu sene Vuelta'da bir t\u00fcrl\u00fc\u2026","rel":"","context":"&quot;Grand Tour&quot; i\u00e7inde","block_context":{"text":"Grand Tour","link":"http:\/\/aynakol.org\/?cat=92"},"img":{"alt_text":"","src":"https:\/\/i0.wp.com\/aynakol.org\/wp-content\/uploads\/2015\/09\/Vuelta2015_Stage11_The_grupetto_on_the_final_climb.jpg?fit=1001%2C562&resize=350%2C200","width":350,"height":200,"srcset":"https:\/\/i0.wp.com\/aynakol.org\/wp-content\/uploads\/2015\/09\/Vuelta2015_Stage11_The_grupetto_on_the_final_climb.jpg?fit=1001%2C562&resize=350%2C200 1x, https:\/\/i0.wp.com\/aynakol.org\/wp-content\/uploads\/2015\/09\/Vuelta2015_Stage11_The_grupetto_on_the_final_climb.jpg?fit=1001%2C562&resize=525%2C300 1.5x, https:\/\/i0.wp.com\/aynakol.org\/wp-content\/uploads\/2015\/09\/Vuelta2015_Stage11_The_grupetto_on_the_final_climb.jpg?fit=1001%2C562&resize=700%2C400 2x"},"classes":[]},{"id":1925,"url":"http:\/\/aynakol.org\/?p=1925","url_meta":{"origin":1911,"position":5},"title":"#LV2015 La Vuelta a Espana 16. Etap: Luarca \u2192 Ermita del Alba","author":"Ayd\u0131n Bez","date":"7 Eyl\u00fcl 2015","format":false,"excerpt":"15. etab\u0131n son 2 km'si bile izlenmeye yeter! Ka\u00e7anlar\u0131n iki kez yakaland\u0131\u011f\u0131 etapta kazanan elit t\u0131rman\u0131\u015f\u00e7\u0131lardan olu\u015fan peloton i\u00e7inden \u00e7\u0131kt\u0131: son 1 km'si klasik etaplar\u0131 and\u0131ran Sortes zirvesinde zafere pedallayan isim bu \u0130spanyol topraklar\u0131n\u0131n \u00e7ocu\u011fu Joaquin Rodriguez olurken Rafal Majka etab\u0131 Fabio Aru'nun \u00f6n\u00fcnde ikinci bitirerek hem zaman fark\u0131 hem\u2026","rel":"","context":"&quot;Grand Tour&quot; i\u00e7inde","block_context":{"text":"Grand Tour","link":"http:\/\/aynakol.org\/?cat=92"},"img":{"alt_text":"","src":"https:\/\/i0.wp.com\/aynakol.org\/wp-content\/uploads\/2015\/09\/Vuelta2015_Stage15_peloton_1.jpg?fit=670%2C446&resize=350%2C200","width":350,"height":200,"srcset":"https:\/\/i0.wp.com\/aynakol.org\/wp-content\/uploads\/2015\/09\/Vuelta2015_Stage15_peloton_1.jpg?fit=670%2C446&resize=350%2C200 1x, https:\/\/i0.wp.com\/aynakol.org\/wp-content\/uploads\/2015\/09\/Vuelta2015_Stage15_peloton_1.jpg?fit=670%2C446&resize=525%2C300 1.5x"},"classes":[]}],"_links":{"self":[{"href":"http:\/\/aynakol.org\/index.php?rest_route=\/wp\/v2\/posts\/1911","targetHints":{"allow":["GET"]}}],"collection":[{"href":"http:\/\/aynakol.org\/index.php?rest_route=\/wp\/v2\/posts"}],"about":[{"href":"http:\/\/aynakol.org\/index.php?rest_route=\/wp\/v2\/types\/post"}],"author":[{"embeddable":true,"href":"http:\/\/aynakol.org\/index.php?rest_route=\/wp\/v2\/users\/1"}],"replies":[{"embeddable":true,"href":"http:\/\/aynakol.org\/index.php?rest_route=%2Fwp%2Fv2%2Fcomments&post=1911"}],"version-history":[{"count":5,"href":"http:\/\/aynakol.org\/index.php?rest_route=\/wp\/v2\/posts\/1911\/revisions"}],"predecessor-version":[{"id":1924,"href":"http:\/\/aynakol.org\/index.php?rest_route=\/wp\/v2\/posts\/1911\/revisions\/1924"}],"wp:featuredmedia":[{"embeddable":true,"href":"http:\/\/aynakol.org\/index.php?rest_route=\/wp\/v2\/media\/1905"}],"wp:attachment":[{"href":"http:\/\/aynakol.org\/index.php?rest_route=%2Fwp%2Fv2%2Fmedia&parent=1911"}],"wp:term":[{"taxonomy":"category","embeddable":true,"href":"http:\/\/aynakol.org\/index.php?rest_route=%2Fwp%2Fv2%2Fcategories&post=1911"},{"taxonomy":"post_tag","embeddable":true,"href":"http:\/\/aynakol.org\/index.php?rest_route=%2Fwp%2Fv2%2Ftags&post=1911"}],"curies":[{"name":"wp","href":"https:\/\/api.w.org\/{rel}","templated":true}]}}