{"id":1925,"date":"2015-09-07T11:55:59","date_gmt":"2015-09-07T08:55:59","guid":{"rendered":"http:\/\/aynakol.org\/?p=1925"},"modified":"2015-09-09T14:31:58","modified_gmt":"2015-09-09T11:31:58","slug":"lv2015-la-vuelta-a-espana-16-etap-luarca-%e2%86%92-ermita-del-alba","status":"publish","type":"post","link":"http:\/\/aynakol.org\/?p=1925","title":{"rendered":"#LV2015 La Vuelta a Espana 16. Etap: Luarca \u2192 Ermita del Alba"},"content":{"rendered":"<p>15. etab\u0131n son 2 km&#8217;si bile izlenmeye yeter!<\/p>\n<ul>\n<li>Ka\u00e7anlar\u0131n iki kez yakaland\u0131\u011f\u0131 etapta kazanan elit t\u0131rman\u0131\u015f\u00e7\u0131lardan olu\u015fan peloton i\u00e7inden \u00e7\u0131kt\u0131: son 1 km&#8217;si klasik etaplar\u0131 and\u0131ran Sortes zirvesinde zafere pedallayan isim bu \u0130spanyol topraklar\u0131n\u0131n \u00e7ocu\u011fu Joaquin Rodriguez olurken<\/li>\n<li>Rafal Majka etab\u0131 Fabio Aru&#8217;nun \u00f6n\u00fcnde ikinci bitirerek hem zaman fark\u0131 hem de bonuslarla birlikte genel kalsmanda \u00fc\u00e7\u00fcnc\u00fc s\u0131raya y\u00fckseldi.<\/li>\n<li>Purito Rodriguez&#8217;in etap zaferi k\u0131ndisine k\u0131rm\u0131z\u0131 mayoyu getirmi\u015f de\u011fil, mayo 1 saniye ile h\u00e2l\u00e2 Fabio Aru&#8217;da.<\/li>\n<\/ul>\n<p><a href=\"https:\/\/i0.wp.com\/aynakol.org\/wp-content\/uploads\/2015\/09\/Vuelta2015_Stage11_Peloton-p.jpg\"><img data-recalc-dims=\"1\" loading=\"lazy\" decoding=\"async\" data-attachment-id=\"1926\" data-permalink=\"http:\/\/aynakol.org\/?attachment_id=1926\" data-orig-file=\"https:\/\/i0.wp.com\/aynakol.org\/wp-content\/uploads\/2015\/09\/Vuelta2015_Stage11_Peloton-p.jpg?fit=1001%2C444\" data-orig-size=\"1001,444\" data-comments-opened=\"1\" data-image-meta=\"{&quot;aperture&quot;:&quot;9&quot;,&quot;credit&quot;:&quot;&quot;,&quot;camera&quot;:&quot;Canon EOS 7D&quot;,&quot;caption&quot;:&quot;the main peloton a few minutes back had astana sky ad movistar to teh front&quot;,&quot;created_timestamp&quot;:&quot;1441206455&quot;,&quot;copyright&quot;:&quot;&quot;,&quot;focal_length&quot;:&quot;300&quot;,&quot;iso&quot;:&quot;500&quot;,&quot;shutter_speed&quot;:&quot;0.001&quot;,&quot;title&quot;:&quot;the main peloton a few minutes back had astana sky ad movistar to teh front&quot;,&quot;orientation&quot;:&quot;1&quot;}\" data-image-title=\"the main peloton a few minutes back had astana sky ad movistar to teh front\" data-image-description=\"&lt;p&gt;the main peloton a few minutes back had astana sky ad movistar to teh front&lt;\/p&gt;\n\" data-image-caption=\"\" data-large-file=\"https:\/\/i0.wp.com\/aynakol.org\/wp-content\/uploads\/2015\/09\/Vuelta2015_Stage11_Peloton-p.jpg?fit=860%2C381\" class=\"aligncenter size-full wp-image-1926\" src=\"https:\/\/i0.wp.com\/aynakol.org\/wp-content\/uploads\/2015\/09\/Vuelta2015_Stage11_Peloton-p.jpg?resize=860%2C381\" alt=\"the main peloton a few minutes back had astana sky ad movistar to teh front\" width=\"860\" height=\"381\" srcset=\"https:\/\/i0.wp.com\/aynakol.org\/wp-content\/uploads\/2015\/09\/Vuelta2015_Stage11_Peloton-p.jpg?w=1001 1001w, https:\/\/i0.wp.com\/aynakol.org\/wp-content\/uploads\/2015\/09\/Vuelta2015_Stage11_Peloton-p.jpg?resize=300%2C133 300w, https:\/\/i0.wp.com\/aynakol.org\/wp-content\/uploads\/2015\/09\/Vuelta2015_Stage11_Peloton-p.jpg?resize=705%2C313 705w\" sizes=\"auto, (max-width: 860px) 100vw, 860px\" \/><\/a><\/p>\n<p><span style=\"font-size: 18pt;\"><strong>Etap hakk\u0131nda<\/strong><\/span><\/p>\n<p>11. etaptan sonraki en zor etap, mini krali\u00e7e etab\u0131na ho\u015f geldiniz!<\/p>\n<p>Vuelta bu sene cidden \u00e7ok zor, zaten hi\u00e7bir zaman kolay da olmad\u0131. Giro pembesiyle, Le Tour ise en eskisi olmakla \u00f6v\u00fcn\u00fcp gurur yaparken profosyonel yol bisikleti turlar\u0131n\u0131n \u00f6tekile\u015ftirilmi\u015f, d\u0131\u015flanm\u0131\u015f \u00e7o\u00e7u\u011fu Vuelta \u00e7etin ceviz olmay\u0131 se\u00e7ti. Bug\u00fcnk\u00fc etapta organizat\u00f6rler 185 km i\u00e7ine ka\u00e7 tane s\u0131n\u0131fland\u0131r\u0131lm\u0131\u015f t\u0131rman\u0131\u015f s\u0131\u011fd\u0131rabiliriz diye d\u00fc\u015f\u00fcnm\u00fc\u015f olmal\u0131lar ki etap tam tam\u0131na 7 t\u0131rman\u0131\u015fa ev sahipli\u011fi yapacak. \u00dcstelik son 35 km i\u00e7inde s\u0131ras\u0131yla CAT2, CAT1 ve HC t\u0131rman\u0131\u0219 var.<\/p>\n<p><a href=\"https:\/\/i0.wp.com\/aynakol.org\/wp-content\/uploads\/2015\/09\/Vuelta2015_Stage16_profile.jpg\"><img data-recalc-dims=\"1\" loading=\"lazy\" decoding=\"async\" data-attachment-id=\"1922\" data-permalink=\"http:\/\/aynakol.org\/?attachment_id=1922\" data-orig-file=\"https:\/\/i0.wp.com\/aynakol.org\/wp-content\/uploads\/2015\/09\/Vuelta2015_Stage16_profile.jpg?fit=975%2C473\" data-orig-size=\"975,473\" data-comments-opened=\"1\" data-image-meta=\"{&quot;aperture&quot;:&quot;0&quot;,&quot;credit&quot;:&quot;&quot;,&quot;camera&quot;:&quot;&quot;,&quot;caption&quot;:&quot;&quot;,&quot;created_timestamp&quot;:&quot;0&quot;,&quot;copyright&quot;:&quot;&quot;,&quot;focal_length&quot;:&quot;0&quot;,&quot;iso&quot;:&quot;0&quot;,&quot;shutter_speed&quot;:&quot;0&quot;,&quot;title&quot;:&quot;&quot;,&quot;orientation&quot;:&quot;0&quot;}\" data-image-title=\"Vuelta2015_Stage16_profile\" data-image-description=\"\" data-image-caption=\"\" data-large-file=\"https:\/\/i0.wp.com\/aynakol.org\/wp-content\/uploads\/2015\/09\/Vuelta2015_Stage16_profile.jpg?fit=860%2C417\" class=\"aligncenter size-full wp-image-1922\" src=\"https:\/\/i0.wp.com\/aynakol.org\/wp-content\/uploads\/2015\/09\/Vuelta2015_Stage16_profile.jpg?resize=860%2C417\" alt=\"Vuelta2015_Stage16_profile\" width=\"860\" height=\"417\" srcset=\"https:\/\/i0.wp.com\/aynakol.org\/wp-content\/uploads\/2015\/09\/Vuelta2015_Stage16_profile.jpg?w=975 975w, https:\/\/i0.wp.com\/aynakol.org\/wp-content\/uploads\/2015\/09\/Vuelta2015_Stage16_profile.jpg?resize=300%2C146 300w, https:\/\/i0.wp.com\/aynakol.org\/wp-content\/uploads\/2015\/09\/Vuelta2015_Stage16_profile.jpg?resize=705%2C342 705w\" sizes=\"auto, (max-width: 860px) 100vw, 860px\" \/><\/a><\/p>\n<p>Bug\u00fcn \u0130spanyan\u0131n kuzeybat\u0131 sahillerinden ge\u00e7ip i\u00e7ine do\u011fru uzanacak peloton.\u00a0<a href=\"http:\/\/www.letour.fr\/PHOTOS\/VUE\/2015\/1600\/CARTE.jpg\" target=\"_blank\">Luarca \u2192 Ermita del Alba<\/a> kentleri aras\u0131nda pedallanacak 185 km uzunul\u011fundaki 16. etap Madride dek zirve biti\u015fi g\u00f6rece\u011fimiz son etap ayn\u0131 zamanda. Kalan\u00a0di\u011fer etaplarda tabii ki t\u0131rman\u0131\u015flar var ancak bunlar zaman fark\u0131 yaratabilecek denli olmayacak.<\/p>\n<p><a href=\"http:\/\/i0.wp.com\/aynakol.org\/wp-content\/uploads\/2015\/09\/wpid-11930801_889365967848590_393473354275978855_o.jpg?w=792\"><img decoding=\"async\" class=\"alignnone size-full\" style=\"width: 1186px; max-width: 1186px;\" title=\"wpid-11930801_889365967848590_393473354275978855_o.jpg\" src=\"http:\/\/i0.wp.com\/aynakol.org\/wp-content\/uploads\/2015\/09\/wpid-11930801_889365967848590_393473354275978855_o.jpg?w=792?w=1186\" alt=\"image\" \/><\/a><\/p>\n<p>Etap daha ba\u015flar ba\u015flamaz t\u0131rmanmaya ba\u015flayacak pelotonu s\u0131n\u0131fland\u0131r\u0131lm\u0131\u015f her bir t\u0131rman\u0131\u015f \u00f6ncesi neredeyse s\u0131n\u0131fland\u0131r\u0131lmam\u0131\u015f ufak anl\u0131k e\u011fimleri fazla t\u0131rman\u0131\u015flar bekliyor. \u00dc\u00e7 adet\u00a0CAT3, iki adet CAT2 ve sonras\u0131nda ise pe\u015f pe\u015fe CAT1 ve HC iki t\u0131rman\u0131\u015f! Peloton hi\u00e7 soluk alamayacak!<\/p>\n<table dir=\"ltr\" style=\"height: 389px;\" border=\"1\" width=\"705\" cellspacing=\"0\" cellpadding=\"0\">\n<colgroup>\n<col width=\"100\" \/>\n<col width=\"219\" \/>\n<col width=\"100\" \/>\n<col width=\"100\" \/>\n<col width=\"100\" \/>\n<col width=\"100\" \/><\/colgroup>\n<tbody>\n<tr>\n<td data-sheets-value=\"[null,2,&quot;Km \/ To Go&quot;]\"><strong>Ba\u015flang\u0131\u00e7<\/strong><\/td>\n<td data-sheets-value=\"[null,2,&quot;Climb&quot;]\"><strong>T\u0131rman\u0131\u015f<\/strong><\/td>\n<td data-sheets-value=\"[null,2,&quot;Length&quot;]\"><strong>Uzunluk<\/strong><\/td>\n<td data-sheets-value=\"[null,2,&quot;Grade&quot;]\"><strong>Ortalama e\u011fim<\/strong><\/td>\n<td data-sheets-value=\"[null,2,&quot;Max&quot;]\"><strong>En y\u00fcksek e\u011fim<\/strong><\/td>\n<td data-sheets-value=\"[null,2,&quot;Cat&quot;]\"><span style=\"font-size: 12pt;\"><strong>S\u0131n\u0131fland\u0131rma (CAT)<\/strong><\/span><\/td>\n<\/tr>\n<tr>\n<td data-sheets-value=\"[null,2,&quot;15 \/ 170&quot;]\">15 \/ 170<\/td>\n<td data-sheets-value=\"[null,2,&quot;Alto Arist\\u00e9bano&quot;]\"><a href=\"http:\/\/veloviewer.com\/segments\/6073169\" target=\"_blank\">Alto Arist\u00e9bano<\/a><\/td>\n<td data-sheets-value=\"[null,2,&quot;14.6 km&quot;]\">14.6 km<\/td>\n<td data-sheets-value=\"[null,2,&quot;3.4 %&quot;]\">3.4 %<\/td>\n<td data-sheets-value=\"[null,2,&quot;n\/a&quot;]\">n\/a<\/td>\n<td data-sheets-value=\"[null,3,null,3]\">3<\/td>\n<\/tr>\n<tr>\n<td data-sheets-value=\"[null,2,&quot;43 \/ 142&quot;]\">43 \/ 142<\/td>\n<td data-sheets-value=\"[null,2,&quot;Alto de Piedrate&quot;]\"><a href=\"http:\/\/veloviewer.com\/segments\/1386877\" target=\"_blank\">Alto de Piedrate<\/a><\/td>\n<td data-sheets-value=\"[null,2,&quot;10.6 km&quot;]\">10.6 km<\/td>\n<td data-sheets-value=\"[null,2,&quot;4.8 %&quot;]\">4.8 %<\/td>\n<td data-sheets-value=\"[null,2,&quot;n\/a&quot;]\">n\/a<\/td>\n<td data-sheets-value=\"[null,3,null,2]\">2<\/td>\n<\/tr>\n<tr>\n<td data-sheets-value=\"[null,2,&quot;86 \/ 99&quot;]\">86 \/ 99<\/td>\n<td data-sheets-value=\"[null,2,&quot;Cabru\\u00f1ana. Alto de la Cabru\\u00f1ana&quot;]\"><a href=\"http:\/\/veloviewer.com\/segments\/1386877\" target=\"_blank\">Cabru\u00f1ana. Alto de la Cabru\u00f1ana<\/a><\/td>\n<td data-sheets-value=\"[null,2,&quot;4.8 km&quot;]\">4.8 km<\/td>\n<td data-sheets-value=\"[null,2,&quot;6.7 %&quot;]\">6.7 %<\/td>\n<td data-sheets-value=\"[null,2,&quot;n\/a&quot;]\">n\/a<\/td>\n<td data-sheets-value=\"[null,3,null,3]\">3<\/td>\n<\/tr>\n<tr>\n<td data-sheets-value=\"[null,2,&quot;120 \/ 65&quot;]\">120 \/ 65<\/td>\n<td data-sheets-value=\"[null,2,&quot;Alto de Tenebredo&quot;]\"><a href=\"http:\/\/veloviewer.com\/segments\/1517645\" target=\"_blank\">Alto de Tenebredo<\/a><\/td>\n<td data-sheets-value=\"[null,2,&quot;3.7 km&quot;]\">3.7 km<\/td>\n<td data-sheets-value=\"[null,2,&quot;8.9 %&quot;]\">8.9 %<\/td>\n<td data-sheets-value=\"[null,2,&quot;n\/a&quot;]\">n\/a<\/td>\n<td data-sheets-value=\"[null,3,null,2]\">2<\/td>\n<\/tr>\n<tr>\n<td data-sheets-value=\"[null,2,&quot;150 \/ 35&quot;]\">150 \/ 35<\/td>\n<td data-sheets-value=\"[null,2,&quot;Alto del Cordal&quot;]\"><a href=\"http:\/\/veloviewer.com\/segments\/9900625\" target=\"_blank\">Alto del Cordal<\/a><\/td>\n<td data-sheets-value=\"[null,2,&quot;8.5 km&quot;]\">8.5 km<\/td>\n<td data-sheets-value=\"[null,2,&quot;5.7 %&quot;]\">5.7 %<\/td>\n<td data-sheets-value=\"[null,2,&quot;n\/a&quot;]\">n\/a<\/td>\n<td data-sheets-value=\"[null,3,null,2]\">2<\/td>\n<\/tr>\n<tr>\n<td data-sheets-value=\"[null,2,&quot;167 \/ 18&quot;]\">167 \/ 18<\/td>\n<td data-sheets-value=\"[null,2,&quot;Alto de la Cobertoria&quot;]\"><a href=\"http:\/\/veloviewer.com\/segments\/7064138\" target=\"_blank\">Alto de la Cobertoria<\/a><\/td>\n<td data-sheets-value=\"[null,2,&quot;9.8 km&quot;]\">9.8 km<\/td>\n<td data-sheets-value=\"[null,2,&quot;8.7 %&quot;]\">8.7 %<\/td>\n<td data-sheets-value=\"[null,2,&quot;13.7 %&quot;]\">13.7 %<\/td>\n<td data-sheets-value=\"[null,3,null,1]\">1<\/td>\n<\/tr>\n<tr>\n<td data-sheets-value=\"[null,2,&quot;185 \/ 0&quot;]\">185 \/ 0<\/td>\n<td data-sheets-value=\"[null,2,&quot;Meta. Ermita de Alba (Quir\\u00f3s)&quot;]\"><a href=\"http:\/\/veloviewer.com\/segments\/9584786\" target=\"_blank\">Meta. Ermita de Alba (Quir\u00f3s)<\/a><\/td>\n<td data-sheets-value=\"[null,2,&quot;6.8 km&quot;]\">6.8 km<\/td>\n<td data-sheets-value=\"[null,2,&quot;11.1 %&quot;]\">11.1 %<\/td>\n<td data-sheets-value=\"[null,2,&quot;21.5 %&quot;]\">21.5 %<\/td>\n<td data-sheets-value=\"[null,2,&quot;HC&quot;]\">HC<\/td>\n<\/tr>\n<\/tbody>\n<\/table>\n<p>&nbsp;<\/p>\n<p>&nbsp;<\/p>\n<p>T\u0131rman\u0131\u015flar i\u00e7inde son ikisi d\u0131\u015f\u0131nda etab\u0131n 120. km&#8217;sinde zirvesinden ge\u00e7ilecek\u00a0Alto de Tenebredo \u00e7ok can yakacak. Zira etab\u0131n 100. km&#8217;sinden itibaren usulca t\u0131rman\u0131lmaya ba\u015flanacak\u00a0Alto de Tenebredo %16 e\u011fimle ba\u015flay\u0131p %16 e\u011fimle kapan\u0131yor, tamam hep bu \u015fekilde devam etmiyor ama ba\u015f\u0131nda ve sonunda duvara toslayan bir\u00e7ok isim olacak. Ortalama e\u011fimi %8,9 olan bu t\u0131rman\u0131\u015f k\u0131sa ama sert.<\/p>\n<p><iframe loading=\"lazy\" style=\"width: 100%; height: 450px;\" src=\"http:\/\/veloviewer.com\/segment\/1517645\/embed\" width=\"300\" height=\"150\" frameborder=\"0\" scrolling=\"no\"><\/iframe><\/p>\n<p>Alto de Tenebredo t\u0131rman\u0131\u015f\u0131n\u0131n profili bile alev alev yan\u0131yor!<\/p>\n<p>Etab\u0131n sonundaki pe\u015fpe\u015fe iki t\u0131rman\u0131\u015f genel klasmanda ilk 10 s\u0131rada yer alan pedallar i\u00e7in yer sa\u011flamla\u015ft\u0131rma m\u00fccadelesi olacak, zira en ufak bir g\u00fc\u00e7s\u00fczl\u00fck belirtisi ataklara kar\u015f\u0131 savunmas\u0131zl\u0131k ve zaman kayb\u0131 demek ki, bu noktadan sonra telafisi de \u00e7ok zor.<\/p>\n<p><a href=\"https:\/\/i0.wp.com\/aynakol.org\/wp-content\/uploads\/2015\/09\/Vuelta2015_Stage16_finish_profile.jpg\"><img data-recalc-dims=\"1\" loading=\"lazy\" decoding=\"async\" data-attachment-id=\"1921\" data-permalink=\"http:\/\/aynakol.org\/?attachment_id=1921\" data-orig-file=\"https:\/\/i0.wp.com\/aynakol.org\/wp-content\/uploads\/2015\/09\/Vuelta2015_Stage16_finish_profile.jpg?fit=809%2C572\" data-orig-size=\"809,572\" data-comments-opened=\"1\" data-image-meta=\"{&quot;aperture&quot;:&quot;0&quot;,&quot;credit&quot;:&quot;&quot;,&quot;camera&quot;:&quot;&quot;,&quot;caption&quot;:&quot;&quot;,&quot;created_timestamp&quot;:&quot;0&quot;,&quot;copyright&quot;:&quot;&quot;,&quot;focal_length&quot;:&quot;0&quot;,&quot;iso&quot;:&quot;0&quot;,&quot;shutter_speed&quot;:&quot;0&quot;,&quot;title&quot;:&quot;&quot;,&quot;orientation&quot;:&quot;0&quot;}\" data-image-title=\"Vuelta2015_Stage16_finish_profile\" data-image-description=\"\" data-image-caption=\"\" data-large-file=\"https:\/\/i0.wp.com\/aynakol.org\/wp-content\/uploads\/2015\/09\/Vuelta2015_Stage16_finish_profile.jpg?fit=809%2C572\" class=\"aligncenter size-full wp-image-1921\" src=\"https:\/\/i0.wp.com\/aynakol.org\/wp-content\/uploads\/2015\/09\/Vuelta2015_Stage16_finish_profile.jpg?resize=809%2C572\" alt=\"Vuelta2015_Stage16_finish_profile\" width=\"809\" height=\"572\" srcset=\"https:\/\/i0.wp.com\/aynakol.org\/wp-content\/uploads\/2015\/09\/Vuelta2015_Stage16_finish_profile.jpg?w=809 809w, https:\/\/i0.wp.com\/aynakol.org\/wp-content\/uploads\/2015\/09\/Vuelta2015_Stage16_finish_profile.jpg?resize=300%2C212 300w, https:\/\/i0.wp.com\/aynakol.org\/wp-content\/uploads\/2015\/09\/Vuelta2015_Stage16_finish_profile.jpg?resize=705%2C498 705w\" sizes=\"auto, (max-width: 809px) 100vw, 809px\" \/><\/a><\/p>\n<p>Alto del Cordam ge\u00e7ilir ge\u00e7ilmez ba\u015flayacak Alto de la Cobertoria t\u0131rman\u0131\u015f\u0131 eteklerinde art\u0131k pek de \u00f6nemi kalmayan bir sprint kap\u0131m\u0131z var, zirveyi ilk ge\u00e7ip de ini\u015fte yakalanmayanlar birden duvara toslayacaklar: CAT1 s\u0131n\u0131f\u0131ndaki Cobertoria\u00a0ge\u00e7idinde elit t\u0131rman\u0131\u015f\u00e7\u0131lardan olu\u015fan mini peloton zirvesindeki %2-3&#8217;l\u00fck e\u011fimleri saymazsak %6-13 aras\u0131ndaki e\u011fimlerle bo\u011fu\u015facak.<\/p>\n<p><iframe loading=\"lazy\" style=\"width: 100%; height: 450px;\" src=\"http:\/\/veloviewer.com\/segment\/7064138\/embed\" width=\"300\" height=\"150\" frameborder=\"0\" scrolling=\"no\"><\/iframe><\/p>\n<p>Cobertoria&#8217;n\u0131n zirvesinden ge\u00e7ilir ge\u00e7ilmez 12 km boyunca inen peloton La Vuelta&#8217;n\u0131n son HC t\u0131rman\u0131\u015f\u0131na ba\u015flayacak. E\u011fim profili bile kan k\u0131rm\u0131z\u0131s\u0131\u00a0<strong>Ermita de Alba\u00a0<\/strong>t\u0131rman\u0131\u015f\u0131na kocaman bir merhaba!<\/p>\n<p><iframe loading=\"lazy\" style=\"width: 100%; height: 450px;\" src=\"http:\/\/veloviewer.com\/segment\/9584786\/embed\" width=\"300\" height=\"150\" frameborder=\"0\" scrolling=\"no\"><\/iframe><\/p>\n<p>Ermita de Alba neredeyse 7 km uzunlu\u011funda\u00a0ama ortalama e\u011fimi, s\u0131k\u0131 durun, tam tam\u0131na <strong>%11.1. <\/strong>Tahminimce LA Vuelta&#8217;n\u0131n zorlu etaplar\u0131nda yar\u0131\u015fan bacaklar bahar klasiklerine dek herhangi bir yar\u0131\u015f pedallamayacakt\u0131r, zira\u00a0Vuelta b\u00fct\u00fcn y\u0131ldan bile daha zor gelmi\u015ftir hepsine!<\/p>\n<p>HC s\u0131n\u0131f\u0131ndaki Ermita de Alba&#8217;n\u0131n a\u00e7\u0131l\u0131\u015f\u0131 %12, kapan\u0131\u015f\u0131 da %17 e\u011fimlerde dola\u015f\u0131yor. Her bir metreyi, her bir irtifay\u0131 y\u0131l boyunca yorulmu\u015f bacaklar inim inim hissedecektir. Etap profili bir anda patlay\u0131c\u0131 klasik\u00e7i tipi de\u011fil de ayakta uzun s\u00fcre pedal \u00e7evirebilen Fabio Aru, Mikel Landa, Rafal Majka, Nairo Quintana gibi pedallara uygun. Tabii bu sayd\u0131\u011f\u0131m\u0131z isimler genel klasman s\u0131ralamas\u0131nda ilk 10 i\u00e7inde ve hepsinin 2 dakikan\u0131n alt\u0131nda bir zaman fark\u0131 var aralar\u0131nda.<\/p>\n<p>E\u011fer son t\u0131rman\u0131\u015fa dek ka\u00e7an birileri kalm\u0131\u015fsa etab\u0131 almak i\u00e7in var\u0131n\u0131 yo\u011funu ortaya koymal\u0131, <em>14. etap, Alessandro de Marchi&#8217;nin zaferi gibi,<\/em> ama yakalan\u0131rlarsa zafer bu ilk 10 i\u00e7inde yer alanlardan birinin olacak, <em>15. etap, Purito Joaquin Rodriguez&#8217;in zaferi,<\/em>\u00a0buras\u0131 kesin! Fabio Aru, Rodriguez ile aras\u0131ndaki zaman fark\u0131n\u0131 a\u00e7mak i\u00e7in \u00e7abalarken Rodriguez mayo, Majka zaman fark\u0131n\u0131 azaltmak i\u00e7in \u00e7abalayacakt\u0131r.<\/p>\n<p>Bunlar bir yana dinlenme g\u00fcn\u00fcnden sonra zamana kar\u015f\u0131 etab\u0131nda di\u011fer favorilerden zaman \u00e7almaya \u00e7al\u0131\u015fmas\u0131 kesin Tom Dumoulin&#8217;in mevcut zaman\u0131n\u0131 korumas\u0131 ve kan kaybetmeme m\u00fccadelesini izlemek bir hayli keyifli olacak.<\/p>\n<p>Nairo Quintana ise La Vuelta&#8217;n\u0131n ba\u015f\u0131ndan beri istenileni veremedi ve\u00a0k\u0131rm\u0131z\u0131 mayo m\u00fccadelesinden tam 3 dakika uzakl\u0131kta, Aru&#8217;nun, Majka&#8217;n\u0131n, Purito&#8217;nun performans\u0131 ise ortada, zaman \u00e7almas\u0131 \u00e7ok zor olacakt\u0131r. \u00c7\u00fcnk\u00fc nerede atak yapsa ya Majka, ya Aru ya da Luis Leon Sanchez dibinde bitiyor.<\/p>\n<p><span style=\"font-size: 18pt;\"><strong>Etap hakk\u0131nda<\/strong><\/span><\/p>\n<p>Birbirinden zorlu yedi t\u0131rman\u0131\u015fa ev sahipli\u011fi yapan 16. etapta 185 km sonunda ac\u0131 i\u00e7inde olsa da g\u00fclen isim Trek Factory Racing tak\u0131m\u0131n\u0131n Luksemburglu pedal\u0131 Frank Schleck oldu.\u00a0Uzun zaman sonra ilk kez etap kazanan Frank Schleck unutulmaz bir zafere imza att\u0131.<\/p>\n<p><a href=\"https:\/\/i0.wp.com\/aynakol.org\/wp-content\/uploads\/2015\/09\/Vuelta2015_Stage16_winner_Frank_Schleck.jpg\"><img data-recalc-dims=\"1\" loading=\"lazy\" decoding=\"async\" data-attachment-id=\"1940\" data-permalink=\"http:\/\/aynakol.org\/?attachment_id=1940\" data-orig-file=\"https:\/\/i0.wp.com\/aynakol.org\/wp-content\/uploads\/2015\/09\/Vuelta2015_Stage16_winner_Frank_Schleck.jpg?fit=1600%2C800\" data-orig-size=\"1600,800\" data-comments-opened=\"1\" data-image-meta=\"{&quot;aperture&quot;:&quot;0&quot;,&quot;credit&quot;:&quot;&quot;,&quot;camera&quot;:&quot;&quot;,&quot;caption&quot;:&quot;&quot;,&quot;created_timestamp&quot;:&quot;0&quot;,&quot;copyright&quot;:&quot;&quot;,&quot;focal_length&quot;:&quot;0&quot;,&quot;iso&quot;:&quot;0&quot;,&quot;shutter_speed&quot;:&quot;0&quot;,&quot;title&quot;:&quot;&quot;,&quot;orientation&quot;:&quot;0&quot;}\" data-image-title=\"Vuelta2015_Stage16_winner_Frank_Schleck\" data-image-description=\"\" data-image-caption=\"\" data-large-file=\"https:\/\/i0.wp.com\/aynakol.org\/wp-content\/uploads\/2015\/09\/Vuelta2015_Stage16_winner_Frank_Schleck.jpg?fit=860%2C430\" class=\"aligncenter size-large wp-image-1940\" src=\"https:\/\/i0.wp.com\/aynakol.org\/wp-content\/uploads\/2015\/09\/Vuelta2015_Stage16_winner_Frank_Schleck.jpg?resize=705%2C353\" alt=\"Vuelta2015_Stage16_winner_Frank_Schleck\" width=\"705\" height=\"353\" srcset=\"https:\/\/i0.wp.com\/aynakol.org\/wp-content\/uploads\/2015\/09\/Vuelta2015_Stage16_winner_Frank_Schleck.jpg?resize=1024%2C512 1024w, https:\/\/i0.wp.com\/aynakol.org\/wp-content\/uploads\/2015\/09\/Vuelta2015_Stage16_winner_Frank_Schleck.jpg?resize=300%2C150 300w, https:\/\/i0.wp.com\/aynakol.org\/wp-content\/uploads\/2015\/09\/Vuelta2015_Stage16_winner_Frank_Schleck.jpg?resize=705%2C353 705w, https:\/\/i0.wp.com\/aynakol.org\/wp-content\/uploads\/2015\/09\/Vuelta2015_Stage16_winner_Frank_Schleck.jpg?w=1600 1600w\" sizes=\"auto, (max-width: 705px) 100vw, 705px\" \/><\/a><\/p>\n<p>&nbsp;<\/p>\n<p>Etab\u0131n ba\u015f\u0131ndan sonuna dek ka\u00e7\u0131\u015f grubunda yer alan Frank Schleck ac\u0131lara tutunarak, ka\u00e7anlar\u0131n birer iki\u015fer erimesine ald\u0131rmadan devam etti ve iki ki\u015fi kald\u0131klar\u0131nda Rodolfo Torres ile birlikte y\u0131lmad\u0131, e\u011fimin en gittik\u00e7e sertle\u015fti\u011fi son 3 km&#8217;de ata\u011f\u0131n\u0131 yapt\u0131 ve etab\u0131 kazand\u0131!<\/p>\n<p>&nbsp;<\/p>\n<p><iframe loading=\"lazy\" src=\"https:\/\/www.youtube.com\/embed\/C3MRvRl1F1Q\" width=\"560\" height=\"315\" frameborder=\"0\" allowfullscreen=\"allowfullscreen\"><\/iframe><\/p>\n<p><strong>Etap sonu\u00e7lar\u0131<\/strong><\/p>\n<pre>LUX  1  SCHLECK, Frank (TREK FACTORY RACING)                      5:49:56\r\nCOL  2  TORRES AGUDELO, Rodolfo Andres (COLOMBIA)                 +  1:10\r\nITA  3  MOSER, Moreno (CANNONDALE - GARMIN)                       +  1:48\r\nNZL  4  BENNETT, George (LOTTO NL - JUMBO)                        +  2:42\r\nFRA  5  ROLLAND, Pierre (EUROPCAR)                                +  2:49\r\nESP  6  FRAILE MATARRANZ, Omar (CAJA RURAL-SEGUROS RGA)           +  3:05\r\nESP  7  VERONA QUINTANILLA, Carlos (ETIXX - QUICK STEP)           +  4:26\r\nUSA  8  WARBASSE, Lawrence (IAM CYCLING)                          +  6:02\r\nESP  9  RODRIGUEZ OLIVER, Joaquim (KATUSHA)                       +  8:51\r\nITA  10 ARU, Fabio (ASTANA)                                       +  8:53\r\nPOL  11 MAJKA, Rafal (TINKOFF - SAXO)                             +  9:03\r\nCOL  12 QUINTANA ROJAS, Nairo Alexander (MOVISTAR)\r\n\r\n<a href=\"https:\/\/i0.wp.com\/aynakol.org\/wp-content\/uploads\/2015\/09\/Vuelta2015_Stage16_Omar_Fraile_Lead_to_break_of_day.jpg\"><img data-recalc-dims=\"1\" loading=\"lazy\" decoding=\"async\" data-attachment-id=\"1935\" data-permalink=\"http:\/\/aynakol.org\/?attachment_id=1935\" data-orig-file=\"https:\/\/i0.wp.com\/aynakol.org\/wp-content\/uploads\/2015\/09\/Vuelta2015_Stage16_Omar_Fraile_Lead_to_break_of_day.jpg?fit=670%2C445\" data-orig-size=\"670,445\" data-comments-opened=\"1\" data-image-meta=\"{&quot;aperture&quot;:&quot;0&quot;,&quot;credit&quot;:&quot;&quot;,&quot;camera&quot;:&quot;&quot;,&quot;caption&quot;:&quot;&quot;,&quot;created_timestamp&quot;:&quot;0&quot;,&quot;copyright&quot;:&quot;&quot;,&quot;focal_length&quot;:&quot;0&quot;,&quot;iso&quot;:&quot;0&quot;,&quot;shutter_speed&quot;:&quot;0&quot;,&quot;title&quot;:&quot;&quot;,&quot;orientation&quot;:&quot;0&quot;}\" data-image-title=\"Vuelta2015_Stage16_Omar_Fraile_Lead_to_break_of_day\" data-image-description=\"\" data-image-caption=\"\" data-large-file=\"https:\/\/i0.wp.com\/aynakol.org\/wp-content\/uploads\/2015\/09\/Vuelta2015_Stage16_Omar_Fraile_Lead_to_break_of_day.jpg?fit=670%2C445\" class=\"aligncenter size-full wp-image-1935\" src=\"https:\/\/i0.wp.com\/aynakol.org\/wp-content\/uploads\/2015\/09\/Vuelta2015_Stage16_Omar_Fraile_Lead_to_break_of_day.jpg?resize=670%2C445\" alt=\"Vuelta2015_Stage16_Omar_Fraile_Lead_to_break_of_day\" width=\"670\" height=\"445\" srcset=\"https:\/\/i0.wp.com\/aynakol.org\/wp-content\/uploads\/2015\/09\/Vuelta2015_Stage16_Omar_Fraile_Lead_to_break_of_day.jpg?w=670 670w, https:\/\/i0.wp.com\/aynakol.org\/wp-content\/uploads\/2015\/09\/Vuelta2015_Stage16_Omar_Fraile_Lead_to_break_of_day.jpg?resize=300%2C199 300w\" sizes=\"auto, (max-width: 670px) 100vw, 670px\" \/><\/a><\/pre>\n<p>Etab\u0131n bitmesine son 65 km kala ka\u00e7anlarla peloton aras\u0131ndaki zaman fark\u0131 tam 20 dakika civar\u0131nda idi, bu favorilerin etab\u0131 ka\u00e7anlara b\u0131rakt\u0131\u011f\u0131n\u0131 m\u00fccadelenin kendileri aras\u0131nda son 1 km&#8217;de ba\u015flayaca\u011f\u0131n\u0131n habercisi idi ve \u00f6yle de oldu.<\/p>\n<p>Son 1 km hi\u00e7 bitmeyecekmi\u015f gibiydi: \u00f6nce Frank Schleck i\u00e7in, sonras\u0131nda 20 ki\u015fi ya var ya yok elit t\u0131rman\u0131\u015f\u00e7\u0131lardan olu\u015fan peloton i\u00e7in,\u00a0<em>La Gruppa m\u0131,\u00a0<\/em>onlar \u00e7oktan ruhlar\u0131n\u0131 teslim etmi\u015flerdi. Son 2,5 km kala etab\u0131n bitmesine s\u0131ras\u0131yla peloton i\u00e7inden geriye d\u00fc\u015fmeler ba\u015flad\u0131. \u00d6nce Pozzovivo, sonra Chaves ve tak\u0131m\u0131ndan hi\u00e7 ama hi\u00e7 destek alamadan bu noktalara kadar gelen ve resmen Vuelta ile birlikte s\u00fcr\u00fc\u015f stili, hatta kariyeri de\u011fi\u015fen adeta kendi kaderinin d\u00f6n\u00fcm noktas\u0131n\u0131 ya\u015fayan Tom Dumoulin, sonras\u0131nda Valverde geriye d\u00fc\u015fmeye ba\u015flad\u0131.<\/p>\n<p><a href=\"https:\/\/i0.wp.com\/aynakol.org\/wp-content\/uploads\/2015\/09\/Vuelta2015_Stage16_Tom_Dumoulin_in_combination_jersey.jpg\"><img data-recalc-dims=\"1\" loading=\"lazy\" decoding=\"async\" data-attachment-id=\"1937\" data-permalink=\"http:\/\/aynakol.org\/?attachment_id=1937\" data-orig-file=\"https:\/\/i0.wp.com\/aynakol.org\/wp-content\/uploads\/2015\/09\/Vuelta2015_Stage16_Tom_Dumoulin_in_combination_jersey.jpg?fit=1600%2C1067\" data-orig-size=\"1600,1067\" data-comments-opened=\"1\" data-image-meta=\"{&quot;aperture&quot;:&quot;5&quot;,&quot;credit&quot;:&quot;Yuzuru SUNADA&quot;,&quot;camera&quot;:&quot;Canon EOS-1D X&quot;,&quot;caption&quot;:&quot;7 September 2015\\n70th Vuelta a Espana\\nStage 16 : Luarca - Ermita de Alba. Quiros\\nDUMOULIN Tom (NED) Giant - Alpecin, Leader of the Combination Classification, at Alto Ermita de Alba\\nPhoto : Yuzuru SUNADA&quot;,&quot;created_timestamp&quot;:&quot;1441650450&quot;,&quot;copyright&quot;:&quot;Yuzuru SUNADA&quot;,&quot;focal_length&quot;:&quot;271&quot;,&quot;iso&quot;:&quot;500&quot;,&quot;shutter_speed&quot;:&quot;0.001&quot;,&quot;title&quot;:&quot;&quot;,&quot;orientation&quot;:&quot;1&quot;}\" data-image-title=\"Vuelta2015_Stage16_Tom_Dumoulin_in_combination_jersey\" data-image-description=\"\" data-image-caption=\"&lt;p&gt;7 September 2015&lt;br \/&gt;\n70th Vuelta a Espana&lt;br \/&gt;\nStage 16 : Luarca &amp;#8211; Ermita de Alba. Quiros&lt;br \/&gt;\nDUMOULIN Tom (NED) Giant &amp;#8211; Alpecin, Leader of the Combination Classification, at Alto Ermita de Alba&lt;br \/&gt;\nPhoto : Yuzuru SUNADA&lt;\/p&gt;\n\" data-large-file=\"https:\/\/i0.wp.com\/aynakol.org\/wp-content\/uploads\/2015\/09\/Vuelta2015_Stage16_Tom_Dumoulin_in_combination_jersey.jpg?fit=860%2C574\" class=\"size-large wp-image-1937\" src=\"https:\/\/i0.wp.com\/aynakol.org\/wp-content\/uploads\/2015\/09\/Vuelta2015_Stage16_Tom_Dumoulin_in_combination_jersey.jpg?resize=705%2C470\" alt=\"7 September 2015 70th Vuelta a Espana Stage 16 : Luarca - Ermita de Alba. Quiros DUMOULIN Tom (NED) Giant - Alpecin, Leader of the Combination Classification, at Alto Ermita de Alba Photo : Yuzuru SUNADA\" width=\"705\" height=\"470\" srcset=\"https:\/\/i0.wp.com\/aynakol.org\/wp-content\/uploads\/2015\/09\/Vuelta2015_Stage16_Tom_Dumoulin_in_combination_jersey.jpg?resize=1024%2C683 1024w, https:\/\/i0.wp.com\/aynakol.org\/wp-content\/uploads\/2015\/09\/Vuelta2015_Stage16_Tom_Dumoulin_in_combination_jersey.jpg?resize=300%2C200 300w, https:\/\/i0.wp.com\/aynakol.org\/wp-content\/uploads\/2015\/09\/Vuelta2015_Stage16_Tom_Dumoulin_in_combination_jersey.jpg?resize=705%2C470 705w, https:\/\/i0.wp.com\/aynakol.org\/wp-content\/uploads\/2015\/09\/Vuelta2015_Stage16_Tom_Dumoulin_in_combination_jersey.jpg?w=1600 1600w\" sizes=\"auto, (max-width: 705px) 100vw, 705px\" \/><\/a><\/p>\n<p>Son 1 km kap\u0131s\u0131 ge\u00e7ilir ge\u00e7ilmez ataklar ba\u015flad\u0131: k\u0131rm\u0131z\u0131 mayoyu isteyen Purito Rodriguez ufak da olsa bir fark yaratarak k\u0131rm\u0131z\u0131 mayoyu s\u0131rt\u0131na ge\u00e7irmek i\u00e7in e\u011fimin sertle\u015fti\u011fi son 700 metrede ata\u011f\u0131n\u0131 yap\u0131p sald\u0131rd\u0131 ve Fabio Aru&#8217;yu, Rafal Majka&#8217;y\u0131 silkedi. Quintana ve Valverde mi onlar \u00e7oktan oyun d\u0131\u015f\u0131nda kalm\u0131\u015ft\u0131. Rodriguez amac\u0131na ula\u015ft\u0131 ve 2 saniye fark yaratarak Aru&#8217;nun \u00f6n\u00fcnde etab\u0131 bitirdi ve k\u0131rm\u0131z\u0131 mayoyu ele ge\u00e7irdi.<\/p>\n<p><a href=\"https:\/\/i0.wp.com\/aynakol.org\/wp-content\/uploads\/2015\/09\/Vuelta2015_Stage16_Rodriguez_Attacked_to_Aru1.jpg\"><img data-recalc-dims=\"1\" loading=\"lazy\" decoding=\"async\" data-attachment-id=\"1943\" data-permalink=\"http:\/\/aynakol.org\/?attachment_id=1943\" data-orig-file=\"https:\/\/i0.wp.com\/aynakol.org\/wp-content\/uploads\/2015\/09\/Vuelta2015_Stage16_Rodriguez_Attacked_to_Aru1.jpg?fit=1920%2C1278\" data-orig-size=\"1920,1278\" data-comments-opened=\"1\" data-image-meta=\"{&quot;aperture&quot;:&quot;0&quot;,&quot;credit&quot;:&quot;&quot;,&quot;camera&quot;:&quot;&quot;,&quot;caption&quot;:&quot;&quot;,&quot;created_timestamp&quot;:&quot;0&quot;,&quot;copyright&quot;:&quot;&quot;,&quot;focal_length&quot;:&quot;0&quot;,&quot;iso&quot;:&quot;0&quot;,&quot;shutter_speed&quot;:&quot;0&quot;,&quot;title&quot;:&quot;&quot;,&quot;orientation&quot;:&quot;0&quot;}\" data-image-title=\"Vuelta2015_Stage16_Rodriguez_Attacked_to_Aru1\" data-image-description=\"\" data-image-caption=\"\" data-large-file=\"https:\/\/i0.wp.com\/aynakol.org\/wp-content\/uploads\/2015\/09\/Vuelta2015_Stage16_Rodriguez_Attacked_to_Aru1.jpg?fit=860%2C573\" class=\"aligncenter size-large wp-image-1943\" src=\"https:\/\/i0.wp.com\/aynakol.org\/wp-content\/uploads\/2015\/09\/Vuelta2015_Stage16_Rodriguez_Attacked_to_Aru1.jpg?resize=705%2C470\" alt=\"Vuelta2015_Stage16_Rodriguez_Attacked_to_Aru1\" width=\"705\" height=\"470\" srcset=\"https:\/\/i0.wp.com\/aynakol.org\/wp-content\/uploads\/2015\/09\/Vuelta2015_Stage16_Rodriguez_Attacked_to_Aru1.jpg?resize=1024%2C682 1024w, https:\/\/i0.wp.com\/aynakol.org\/wp-content\/uploads\/2015\/09\/Vuelta2015_Stage16_Rodriguez_Attacked_to_Aru1.jpg?resize=300%2C200 300w, https:\/\/i0.wp.com\/aynakol.org\/wp-content\/uploads\/2015\/09\/Vuelta2015_Stage16_Rodriguez_Attacked_to_Aru1.jpg?resize=705%2C469 705w, https:\/\/i0.wp.com\/aynakol.org\/wp-content\/uploads\/2015\/09\/Vuelta2015_Stage16_Rodriguez_Attacked_to_Aru1.jpg?w=1920 1920w, https:\/\/i0.wp.com\/aynakol.org\/wp-content\/uploads\/2015\/09\/Vuelta2015_Stage16_Rodriguez_Attacked_to_Aru1.jpg?w=1720 1720w\" sizes=\"auto, (max-width: 705px) 100vw, 705px\" \/><\/a><\/p>\n<p>&nbsp;<\/p>\n<p><strong>Etap sonras\u0131 genel klasman<\/strong><\/p>\n<pre><strong><span style=\"color: #ffffff; background-color: #ff0000;\">ESP  1  RODRIGUEZ OLIVER, Joaquim (KATUSHA)             67:52:44\r\n<\/span><\/strong>ITA  2  ARU, Fabio (ASTANA)                               +    1\r\nPOL  3  MAJKA, Rafal (TINKOFF - SAXO)                     + 1:35\r\nNED  4  DUMOULIN, Tom (GIANT - ALPECIN)                   + 1:51\r\nESP  5  NIEVE ITURALDE, Mikel (SKY)                       + 2:32\r\nCOL  6  CHAVES RUBIO, Johan Esteban (ORICA GreenEDGE)     + 2:38\r\nESP  7  MORENO FERNANDEZ, Daniel (KATUSHA)                + 2:49\r\nCOL  8  QUINTANA ROJAS, Nairo Alexander (MOVISTAR)        + 3:11\r\nESP  9  VALVERDE BELMONTE, Alejandro (MOVISTAR)           + 3:58\r\nRSA  10 MEINTJES, Louis (MTN - QHUBEKA)                   + 5:22<\/pre>\n<p>Le Tour yorgunu Quintana ve t\u00fcm senenin yorgunu Valverde yerine ac\u0131lara tutunarakg geli\u015fen Tom Dumouil&#8217;i, podyumda belki zirve ama \u00fc\u00e7\u00fcnc\u00fcl\u00fck k\u00fcrs\u00fcs\u00fcn\u00fc kesinlikle isteyen Rafal Majka&#8217;y\u0131 izlemek daha keyifli.<\/p>\n<p>Yar\u0131n dinlenme g\u00fcn\u00fc, sonras\u0131nda 17. etap bireysel zamana kar\u015f\u0131 olarak pedallanacak. Tom Dumolin&#8217;in 39 km uzunlu\u011fundaki zamana kar\u015f\u0131 etab\u0131nda fark yaratmas\u0131 olas\u0131, olmas\u0131 gereken de bu. Mayo i\u00e7in h\u00e2l\u00e2 umudu var, olmasayd\u0131 da\u011flarda bu kadar sava\u015fmazd\u0131!<\/p>\n<p>Etapta an be an ya\u015fananlar\u0131 Ek\u015fi S\u00f6zl\u00fck yazar\u0131 <a href=\"https:\/\/eksisozluk.com\/biri\/zeddicus-zu-l-zorander\" target=\"_blank\">zeddicus zu l zorander<\/a>&#8216;den <a href=\"https:\/\/eksisozluk.com\/entry\/54619481\" target=\"_blank\">dinliyoruz<\/a>:<\/p>\n<blockquote><p><a class=\"url\" title=\"http:\/\/www.steephill.tv\/players\/profile\/?race=vuelta-a-espana&amp;stage=16&amp;year=2015&amp;src=http:\/\/www.steephill.tv\/2015\/vuelta-a-espana\/profile-16.jpg\" href=\"http:\/\/www.steephill.tv\/players\/profile\/?race=vuelta-a-espana&amp;stage=16&amp;year=2015&amp;src=http:\/\/www.steephill.tv\/2015\/vuelta-a-espana\/profile-16.jpg\" target=\"_blank\" rel=\"nofollow\">185 km&#8217;lik 16. etab\u0131<\/a>, yani <a class=\"b\" href=\"https:\/\/eksisozluk.com\/?q=luarca\">luarca<\/a> \u203a <a class=\"b\" href=\"https:\/\/eksisozluk.com\/?q=ermita+del+alba\">ermita del alba<\/a> etab\u0131n\u0131 <a class=\"b\" href=\"https:\/\/eksisozluk.com\/?q=frank+schleck\">frank schleck<\/a> kazand\u0131. bir schleck&#8217;i buralarda uzun s\u00fcredir g\u00f6rm\u00fcyorduk. bu \u00e7ok zorlu etapta \u00f6nemli bir galibiyet ald\u0131. bu turdaki trek&#8217;in 3. etap galibiyeti oldu.<\/p>\n<p><a class=\"url\" title=\"https:\/\/twitter.com\/Alpe__dHuez\/status\/640922575745499136\" href=\"https:\/\/twitter.com\/Alpe__dHuez\/status\/640922575745499136\" target=\"_blank\" rel=\"nofollow\">https:\/\/twitter.com\/\u2026huez\/status\/640922575745499136<\/a><\/p>\n<p><a class=\"b\" href=\"https:\/\/eksisozluk.com\/?q=purito\">purito<\/a> son metrelerde yapt\u0131\u011f\u0131 atak ile d\u00fcn 1 sn farkla kaybetti\u011fi k\u0131rm\u0131z\u0131 mayoyu 1 sn farkla ald\u0131.<\/p>\n<p>etab\u0131n ba\u015flar\u0131nda omar fraile (caja rural &#8211; seguros rga), carlos verona (etixx &#8211; quick step), pierre rolland (europcar), frank schleck (trek factory) ve rodolfo torres (colombia), pelotondan ka\u00e7t\u0131. onlara 16. km&#8217;de moreno moser (cannondale &#8211; garmin), larry warbasse (\u0131am cycling), cyril lemoine (cofidis), george bennett (lotto nl &#8211; jumbo), kat\u0131ld\u0131. tsgabu grmay (lampre &#8211; merida), 9&#8217;lu grubu takipte.<\/p>\n<p>etab\u0131n bitimine 170 km kala zirvesinden ge\u00e7ilen, 3. kategoriden <a class=\"b\" href=\"https:\/\/eksisozluk.com\/?q=alto+arist%c3%a9bano\">alto arist\u00e9bano<\/a> (535 m y\u00fckseklik, 14.6 km uzunluk, %3.6 ortalama e\u011fim) t\u0131rman\u0131\u015f\u0131n\u0131 ilk s\u0131rada da\u011flar\u0131n kral\u0131 klasman\u0131n\u0131n lideri omar fraile ge\u00e7erek 3 puan\u0131 al\u0131rken, pierre rolland, 2, rodolfo torres, 1 puan ald\u0131.<\/p>\n<p>takipteki tsgabu grmay, lider grubu ini\u015fte yakalad\u0131. 10 ki\u015filik ka\u00e7\u0131\u015f grubu ile peloton aras\u0131nda, 21. km&#8217;de fark 8.27 dk.<\/p>\n<p>25. km&#8217;de fark 10.10 dk.<\/p>\n<p>etab\u0131n bitimine 142 km kala ge\u00e7ilecek olan, 2. kategoriden <a class=\"b\" href=\"https:\/\/eksisozluk.com\/?q=alto+de+piedrate\">alto de piedrate<\/a> (815 m y\u00fckseklik, 10.6 km uzunluk, %4.8 ortalama e\u011fim) t\u0131rman\u0131\u015f\u0131na ka\u00e7\u0131\u015f 10&#8217;lusu ba\u015flad\u0131. peloton 12.12 dk kadar geride.<\/p>\n<p>zirveden yine ilk s\u0131rada omar fraile ge\u00e7ti ve 5 puan\u0131 ald\u0131. pierre rolland, 3, carlos verona, 1 puan ald\u0131.<\/p>\n<p>47. km&#8217;de fark 18.10 dk.<\/p>\n<p>71. km&#8217;de fark 22.00 dk.<\/p>\n<p>etab\u0131n bitimine 99 km kala ge\u00e7ilecek olan, 3. kategoriden <a class=\"b\" href=\"https:\/\/eksisozluk.com\/?q=cabrunana.+alto+de+la+cabrunana\">cabrunana. alto de la cabrunana<\/a> (360 m y\u00fckseklik, 4.8 km uzunluk, %6.7 ortalama e\u011fim) t\u0131rman\u0131\u015f\u0131na ka\u00e7\u0131\u015f 10&#8217;lusu ba\u015flad\u0131.<\/p>\n<p>zirveden yine omar fraile ilk s\u0131rada ge\u00e7erek 3 puan al\u0131rken, pierre rolland, 2, carlos verona, 1 puan ald\u0131.<\/p>\n<p>100. km&#8217;de fark 19.16 dk.<\/p>\n<p>etab\u0131n bitimine 65 km kala ge\u00e7ilecek olan, 2. kategoriden <a class=\"b\" href=\"https:\/\/eksisozluk.com\/?q=alto+de+tenebredo\">alto de tenebredo<\/a> (500 m y\u00fckseklik, 3.7 km uzunluk, %8.9 ortalama e\u011fim) t\u0131rman\u0131\u015f\u0131na ka\u00e7\u0131\u015f 10&#8217;lusu ba\u015flad\u0131.<\/p>\n<p>zirveden yine omar fraile ilk s\u0131rada ge\u00e7erek 5 puan al\u0131rken, pierre rolland, 3, carlos verona, 1 puan ald\u0131.<\/p>\n<p>45 km kala fark 18.42 dk. kadar.<\/p>\n<p>etab\u0131n bitimine 35 km kala ge\u00e7ilecek olan, 2. kategoriden <a class=\"b\" href=\"https:\/\/eksisozluk.com\/?q=alto+del+cordal\">alto del cordal<\/a> (780 m y\u00fckseklik, 8.5 km uzunluk, %5.7 ortalama e\u011fim) t\u0131rman\u0131\u015f\u0131na ka\u00e7\u0131\u015f 10&#8217;lusu ba\u015flad\u0131.<\/p>\n<p>40 km kala fark 17.46 dk.<\/p>\n<p>35 km kala zirveden yine omar fraile ilk s\u0131rada ge\u00e7erek 5 puan al\u0131rken, pierre rolland, 3, carlos verona, 1 puan ald\u0131. peloton ile fark 13.59 dk&#8217;ya indi.<\/p>\n<p>30 km kala fark 12.37 dk.<\/p>\n<p>larry warbasse, ini\u015fte \u00e7ok k\u00f6t\u00fc. lider gruptan geride kald\u0131.<\/p>\n<p>29 km kala ge\u00e7ilen <a class=\"b\" href=\"https:\/\/eksisozluk.com\/?q=pola+de+lena\">pola de lena<\/a> ara sprint kap\u0131s\u0131ndan ilk s\u0131rada ge\u00e7en carlos verona, 4 puan al\u0131rken, moreno moser, 2 ve pierre rolland, 1 puan ald\u0131.<\/p>\n<p>etab\u0131n bitimine 18 km kala zirvesinden ge\u00e7ilecek olan, 1. kategoriden <a class=\"b\" href=\"https:\/\/eksisozluk.com\/?q=alto+de+la+cobertoria\">alto de la cobertoria<\/a> (1155 m y\u00fckseklik, 9.8 km uzunluk, %8.7 ortalama, %13.7 max. e\u011fim) t\u0131rman\u0131\u015f\u0131na ka\u00e7\u0131\u015f 10&#8217;lusu ba\u015flad\u0131.<br \/>\n<a class=\"url\" title=\"https:\/\/pbs.twimg.com\/media\/COT1xnvUcAA2GEB.jpg:large\" href=\"https:\/\/pbs.twimg.com\/media\/COT1xnvUcAA2GEB.jpg:large\" target=\"_blank\" rel=\"nofollow\">https:\/\/pbs.twimg.com\/\u2026ia\/cot1xnvucaa2geb.jpg:large<\/a><\/p>\n<p>etab\u0131n bitimine 26.7 km kala sylvain chavanel (\u0131am cycling) ve leonardo duque (colombia), kaza yapt\u0131.<br \/>\n<a class=\"url\" title=\"https:\/\/www.youtube.com\/watch?v=UnhTFGMP7T4\" href=\"https:\/\/www.youtube.com\/watch?v=UnhTFGMP7T4\" target=\"_blank\" rel=\"nofollow\">https:\/\/www.youtube.com\/watch?v=unhtfgmp7t4<\/a><\/p>\n<p>lider gruptan lemoine geriye d\u00fc\u015ft\u00fc.<br \/>\n<a class=\"url\" title=\"https:\/\/pbs.twimg.com\/media\/COT1iAXWsAA_5L9.png:large\" href=\"https:\/\/pbs.twimg.com\/media\/COT1iAXWsAA_5L9.png:large\" target=\"_blank\" rel=\"nofollow\">https:\/\/pbs.twimg.com\/\u2026ia\/cot1iaxwsaa_5l9.png:large<\/a><\/p>\n<p>t\u0131rman\u0131\u015flar\u0131 ilk s\u0131rada ge\u00e7en da\u011flar\u0131n kral\u0131 klasman\u0131 lideri omar fraile, zorlan\u0131yor. pierre rolland ve moreno moser, zorlanmaya ba\u015flayan di\u011fer isimler.<\/p>\n<p>lider grup 4 ki\u015fiye d\u00fc\u015ft\u00fc. schleck, verona, bennett ve torres, lider gruptaki isimler. warbasse, rolland, lemoine, fraile ve moser, onlar\u0131 takip ediyor.<\/p>\n<p>t\u00e9phane rossetto (cofidis) ve romain sicard (europcar), pelotondan geriye d\u00fc\u015fmeye ba\u015flad\u0131.<\/p>\n<p>21 km kala verona ve bennett geriye d\u00fc\u015fmeye ba\u015flad\u0131. en \u00f6nde torres ve schleck kald\u0131.<\/p>\n<p>pelotonda 25 civar\u0131 bisiklet\u00e7i kald\u0131.<\/p>\n<p>20 km kala fark 10.54 dk.<\/p>\n<p>19.1 km kala sky&#8217;dan mikel nieve, atak yap\u0131p pelotonun \u00f6n\u00fcne \u00e7\u0131kt\u0131 ama 1 km sonra yakaland\u0131.<\/p>\n<p>18.3 km kala zirveden ilk s\u0131rada ge\u00e7en frank schleck 10 puan al\u0131rken, rodolfo torres, 6, omar fraile, 4, carlos verona, 2, george bennett, 1 puan ald\u0131.<\/p>\n<p>ini\u015fte schleck ufak bir atak yapt\u0131 ama pek kopamad\u0131. etap bu ikiliden birine gidecek.<\/p>\n<p>11 km kala fark 11.01 dk.<\/p>\n<p>6.8 km kala, zirve fini\u015fi ile bitecek olan kategori d\u0131\u015f\u0131 zorlu <a class=\"b\" href=\"https:\/\/eksisozluk.com\/?q=meta.+ermita+de+alba\">meta. ermita de alba<\/a> (<a class=\"b\" href=\"https:\/\/eksisozluk.com\/?q=quir%c3%b3s\">quir\u00f3s<\/a>) (1185 m y\u00fckseklik, 6.8 km uzunluk, %11.1 ortalama, %21.5 max. e\u011fim) t\u0131rman\u0131\u015f\u0131na rodolfo torres, frank schleck ikilisi ba\u015flad\u0131. bu ikiliden hangisi kazanacak? tabi as\u0131l f\u0131rt\u0131na, 11 dk sonra bu yoku\u015fa ba\u015flayacak olan pelotonda kopacak. tom dumoulin, ne kadar ayak uydurabilecek? aru, quintana, purito, valverde, nieve ve di\u011ferleri neler yapacak? son 600 m&#8217;de %15&#8217;in \u00fcst\u00fcnde e\u011fim olacak. \u00e7ok \u00e7ok zorlu bir t\u0131rman\u0131\u015f.<\/p>\n<p>son 5 km kap\u0131s\u0131ndan ge\u00e7ti lider ikili. tam bu anda son 10 km kap\u0131s\u0131ndan peloton ge\u00e7ti.<\/p>\n<p>etab\u0131n bitimine 4 km kala peloton t\u0131rman\u0131\u015fa ba\u015flad\u0131.<\/p>\n<p>3 km kala frank schleck , atak yaparak liderli\u011fi ald\u0131.<br \/>\n<a class=\"url\" title=\"https:\/\/pbs.twimg.com\/media\/COUAqndWIAEaUes.jpg\" href=\"https:\/\/pbs.twimg.com\/media\/COUAqndWIAEaUes.jpg\" target=\"_blank\" rel=\"nofollow\">https:\/\/pbs.twimg.com\/media\/couaqndwiaeaues.jpg<\/a><\/p>\n<p>aru, pelotonun arkas\u0131nda saklan\u0131yor. etab\u0131n bitimine 2.5 km kala peloton son 5 km kap\u0131s\u0131ndan ge\u00e7ti.<\/p>\n<p>2 km kala tinkoff&#8217;tan pawel poljanski, majka i\u00e7in depoyu bo\u015faltt\u0131 ve geriye d\u00fc\u015ft\u00fc.<\/p>\n<p>etab\u0131n bitimine 1.5 km kala peloton son 4 km kap\u0131s\u0131ndan ge\u00e7ti.<\/p>\n<p>frank son km&#8217;ye girdi ve etaba gidiyor. aru, hala geride. durumu iyi olmayabilir.<\/p>\n<p>etab\u0131n bitimine 700 m kala peloton son 3 km&#8217;ye girdi.<\/p>\n<p>son 600 m&#8217;de deli bir e\u011fim var. frank zorlanarak gidiyor.<\/p>\n<p>valverde pelotonun gerisinde. gruptan kopmamaya u\u011fra\u015f\u0131yor.<\/p>\n<p>5 saat 50 dk&#8217;da frank schleck, etab\u0131 kazand\u0131.<\/p>\n<p>valverde geriye d\u00fc\u015ft\u00fc.<\/p>\n<p>1.10 dk sonra torres etab\u0131 2. s\u0131rada bitirdi.<\/p>\n<p>2.4 km kala esteban chaves geriye d\u00fc\u015ft\u00fc.<\/p>\n<p>2 km kala pozzovivo geriye d\u00fc\u015ft\u00fc.<\/p>\n<p>tom dumoulin, yava\u015ftan geriye d\u00fc\u015fmeye ba\u015flad\u0131. az zaman kaybetmeye \u00e7al\u0131\u015f\u0131yor.<\/p>\n<p>\u00f6nde 7-8 ki\u015fi kald\u0131.<\/p>\n<p>tom, kopmamaya \u00e7al\u0131\u015f\u0131yor.<\/p>\n<p>700 m kala purito atak yapt\u0131. k\u0131rm\u0131z\u0131 mayoyu istiyor.<\/p>\n<p>400 m kala aru gelmeye \u00e7al\u0131\u015f\u0131yor.<\/p>\n<p>purito bitirdi. 2 sn sonra aru geldi. purito k\u0131rm\u0131z\u0131 mayoyu ald\u0131.<\/p>\n<p>tom dumoulin \u00e7ok k\u00f6t\u00fc bir \u015fekilde bitirmemi\u015f gibi duruyor. 25-30 sn kadar geriden geldi. zamana kar\u015f\u0131 \u00f6ncesi g\u00fczel i\u015f \u00e7\u0131kard\u0131. \u00e7ok acayip i\u015fler yap\u0131yor.<\/p><\/blockquote>\n<p><strong>Daha fazlas\u0131 i\u00e7in:<\/strong><\/p>\n<ul>\n<li>S\u0131ral\u0131 tam liste: <a href=\"http:\/\/www.procyclingstats.com\/race\/Vuelta_a_Espana_2015_Stage16\" target=\"_blank\">ProCyclingStats.com<\/a><\/li>\n<li>Vuelta a Espana 2015 hakk\u0131nda her \u015fey: <a href=\"http:\/\/www.steephill.tv\/vuelta-a-espana\/#16-preview-2015\" target=\"_blank\">SteepHill.TV<\/a><\/li>\n<li>Vuelta a Espana 2015 Twitter hesaplar\u0131:\n<ul>\n<li>Resmi hesap: <strong><a href=\"https:\/\/twitter.com\/lavuelta\" target=\"_blank\">@lavuelta<\/a><\/strong><\/li>\n<li>T\u00fcrk\u00e7e neler olmu\u015f? <strong><a href=\"https:\/\/twitter.com\/hashtag\/vueltatr?src=hash\" target=\"_blank\">#vueltaTR<\/a><\/strong><\/li>\n<li>\u0130ngilizce neler olmu\u015f? <a href=\"https:\/\/twitter.com\/hashtag\/LV2015?src=hash\" target=\"_blank\"><strong>#LV2015<\/strong><\/a><\/li>\n<\/ul>\n<\/li>\n<li>Ayr\u0131ca hep sanal olacak de\u011fil ya, biraz da nostalji, biraz da bas\u0131l\u0131 belge bilgi: Cyclist T\u00fcrkiye Dergisinin bu ayki say\u0131s\u0131nda Buyruk Alparslan\u2019\u0131n kaleme ald\u0131\u011f\u0131 Vuelta 2015 dosyas\u0131 da elinizin alt\u0131nda olsun.<\/li>\n<\/ul>\n<p>&nbsp;<\/p>\n","protected":false},"excerpt":{"rendered":"<p>15. etab\u0131n son 2 km&#8217;si bile izlenmeye yeter! Ka\u00e7anlar\u0131n iki kez yakaland\u0131\u011f\u0131 etapta kazanan elit t\u0131rman\u0131\u015f\u00e7\u0131lardan olu\u015fan peloton i\u00e7inden \u00e7\u0131kt\u0131: son 1 km&#8217;si klasik etaplar\u0131 [&#8230;]<\/p>\n","protected":false},"author":1,"featured_media":1918,"comment_status":"open","ping_status":"open","sticky":false,"template":"","format":"standard","meta":{"jetpack_post_was_ever_published":false,"_jetpack_newsletter_access":"","_jetpack_dont_email_post_to_subs":false,"_jetpack_newsletter_tier_id":0,"_jetpack_memberships_contains_paywalled_content":false,"_jetpack_memberships_contains_paid_content":false,"footnotes":"","jetpack_publicize_message":"","jetpack_publicize_feature_enabled":true,"jetpack_social_post_already_shared":true,"jetpack_social_options":{"image_generator_settings":{"template":"highway","default_image_id":0,"font":"","enabled":false},"version":2}},"categories":[92,91],"tags":[65,80,24,17,43,26,980,963,25,982,16,233,952,955,953,411,773,222,981,979,41,28,966,234,978],"class_list":["post-1925","post","type-post","status-publish","format-standard","has-post-thumbnail","hentry","category-grand","category-vuelta-2","tag-alejandro-valverde","tag-alessandro-de-marchi","tag-astana","tag-bisiklet-turu","tag-bmc","tag-chris-froome","tag-danny-van-poppel","tag-esteban-chaves","tag-fabio-aru","tag-frank-schleck","tag-ispanya","tag-ispanya-bisiklet-turu","tag-la-vuelta","tag-la-vuelta-a-espana","tag-lv2015","tag-madonna-del-ghisallo","tag-mikel-landa","tag-nairo-quintana","tag-nelson-oliviera","tag-purito-rodriguez","tag-queen-stage","tag-rafal-majka","tag-tom-dumoulin","tag-vuelta-a-espana","tag-vueltatr"],"jetpack_publicize_connections":[],"jetpack_featured_media_url":"https:\/\/i0.wp.com\/aynakol.org\/wp-content\/uploads\/2015\/09\/Vuelta2015_Stage15_peloton_1.jpg?fit=670%2C446","jetpack_sharing_enabled":true,"jetpack_shortlink":"https:\/\/wp.me\/p51p4O-v3","jetpack_likes_enabled":true,"jetpack-related-posts":[{"id":1987,"url":"http:\/\/aynakol.org\/?p=1987","url_meta":{"origin":1925,"position":0},"title":"#LV2015 La Vuelta a Espana 21. Etap: Alcal\u00e1 de Henares \u2192 Madrid","author":"Ayd\u0131n Bez","date":"12 Eyl\u00fcl 2015","format":false,"excerpt":"20. etab\u0131 izlerken hop oturduk hop kalkt\u0131k, Ruben Plaza'n\u0131n solo ata\u011f\u0131 acaba De Marchi ve Gon\u00e7alves taraf\u0131ndan sona erdirilecek mi derken Plaza etab\u0131 kazan\u0131rken, Aru'nun \u00f6l\u00fcmc\u00fcl ata\u011f\u0131 Dumoulin'i silkelerken k\u0131rm\u0131z\u0131 mayodan ve podyumdan da etti. Etap Plaza'n\u0131n, maglia rojo Fabio Aru'nun. Etap hakk\u0131nda Alcal\u00e1 de Henares \u2192 Madrid\u00a0aras\u0131nda pedallanacak 21.\u2026","rel":"","context":"&quot;Grand Tour&quot; i\u00e7inde","block_context":{"text":"Grand Tour","link":"http:\/\/aynakol.org\/?cat=92"},"img":{"alt_text":"","src":"https:\/\/i0.wp.com\/aynakol.org\/wp-content\/uploads\/2015\/09\/Vuelta2015_Stage21_Aru_in_podium_1.jpg?fit=1200%2C800&resize=350%2C200","width":350,"height":200,"srcset":"https:\/\/i0.wp.com\/aynakol.org\/wp-content\/uploads\/2015\/09\/Vuelta2015_Stage21_Aru_in_podium_1.jpg?fit=1200%2C800&resize=350%2C200 1x, https:\/\/i0.wp.com\/aynakol.org\/wp-content\/uploads\/2015\/09\/Vuelta2015_Stage21_Aru_in_podium_1.jpg?fit=1200%2C800&resize=525%2C300 1.5x, https:\/\/i0.wp.com\/aynakol.org\/wp-content\/uploads\/2015\/09\/Vuelta2015_Stage21_Aru_in_podium_1.jpg?fit=1200%2C800&resize=700%2C400 2x, https:\/\/i0.wp.com\/aynakol.org\/wp-content\/uploads\/2015\/09\/Vuelta2015_Stage21_Aru_in_podium_1.jpg?fit=1200%2C800&resize=1050%2C600 3x"},"classes":[]},{"id":1947,"url":"http:\/\/aynakol.org\/?p=1947","url_meta":{"origin":1925,"position":1},"title":"#LV2015 La Vuelta a Espana 17. Etap: Burgos","author":"Ayd\u0131n Bez","date":"9 Eyl\u00fcl 2015","format":false,"excerpt":"16. etapda mayo el de\u011fi\u015ftirdi! Etab\u0131n iki kazanan\u0131 var: Trek Factory Racing tak\u0131m\u0131n\u0131n L\u00fcksemburglu ismi Frank Schleck etab\u0131 kazan\u0131rken son 2 km kala bitime yapt\u0131\u011f\u0131 atakla, Purito Rodriguez 36 ya\u015f\u0131na ve Le Tour\u00a0yorgunlu\u011funa ald\u0131rmadan e\u011fimin iyice sertle\u015fti\u011fi son 700 metrede Fabio Aru'ya, Rafal Majka'ya kar\u015f\u0131 atak yap\u0131p k\u0131rm\u0131z\u0131 mayoya ula\u015ft\u0131.\u2026","rel":"","context":"&quot;Grand Tour&quot; i\u00e7inde","block_context":{"text":"Grand Tour","link":"http:\/\/aynakol.org\/?cat=92"},"img":{"alt_text":"","src":"https:\/\/i0.wp.com\/aynakol.org\/wp-content\/uploads\/2015\/09\/LV2015_stage12_peloton_in_front_of_the_valley_fullsize.jpg?fit=1200%2C532&resize=350%2C200","width":350,"height":200,"srcset":"https:\/\/i0.wp.com\/aynakol.org\/wp-content\/uploads\/2015\/09\/LV2015_stage12_peloton_in_front_of_the_valley_fullsize.jpg?fit=1200%2C532&resize=350%2C200 1x, https:\/\/i0.wp.com\/aynakol.org\/wp-content\/uploads\/2015\/09\/LV2015_stage12_peloton_in_front_of_the_valley_fullsize.jpg?fit=1200%2C532&resize=525%2C300 1.5x, https:\/\/i0.wp.com\/aynakol.org\/wp-content\/uploads\/2015\/09\/LV2015_stage12_peloton_in_front_of_the_valley_fullsize.jpg?fit=1200%2C532&resize=700%2C400 2x, https:\/\/i0.wp.com\/aynakol.org\/wp-content\/uploads\/2015\/09\/LV2015_stage12_peloton_in_front_of_the_valley_fullsize.jpg?fit=1200%2C532&resize=1050%2C600 3x"},"classes":[]},{"id":1911,"url":"http:\/\/aynakol.org\/?p=1911","url_meta":{"origin":1925,"position":2},"title":"#LV2015 La Vuelta a Espana 15. Etap: Comillas \u2192 Jitu de Escarandi","author":"Ayd\u0131n Bez","date":"6 Eyl\u00fcl 2015","format":false,"excerpt":"14. etapta, zafer ka\u00e7anlar\u0131n oldu! Sislerin aras\u0131ndan t\u0131rmanarak galibiyete ula\u015fan isim Alessandro De Marchi olurken, genel klasman iddial\u0131lar\u0131 da kozlar\u0131n\u0131 payla\u015ft\u0131. Quintana gayet formda, Aru'dan zaman \u00e7ald\u0131, Fabio Aru \u00e7ok az zaman kaybetmesine kar\u015f\u0131n Quintana'dan kendisini fazla h\u0131rpal\u0131yor. Ancak k\u0131rm\u0131z\u0131 mayo h\u00e2l\u00e2 onun s\u0131rt\u0131nda. \u00a0 Etap hakk\u0131nda Comillas \u2192 Jitu\u2026","rel":"","context":"&quot;Grand Tour&quot; i\u00e7inde","block_context":{"text":"Grand Tour","link":"http:\/\/aynakol.org\/?cat=92"},"img":{"alt_text":"","src":"https:\/\/i0.wp.com\/aynakol.org\/wp-content\/uploads\/2015\/09\/Vuelta2015_Stage14_peloton_1.jpg?fit=670%2C446&resize=350%2C200","width":350,"height":200,"srcset":"https:\/\/i0.wp.com\/aynakol.org\/wp-content\/uploads\/2015\/09\/Vuelta2015_Stage14_peloton_1.jpg?fit=670%2C446&resize=350%2C200 1x, https:\/\/i0.wp.com\/aynakol.org\/wp-content\/uploads\/2015\/09\/Vuelta2015_Stage14_peloton_1.jpg?fit=670%2C446&resize=525%2C300 1.5x"},"classes":[]},{"id":1805,"url":"http:\/\/aynakol.org\/?p=1805","url_meta":{"origin":1925,"position":3},"title":"#LV2015 La Vuelta a Espana 9. Etap: Torrevieja \u2192 Cumbre del Sol","author":"Ayd\u0131n Bez","date":"29 A\u011fustos 2015","format":false,"excerpt":"Pelotonun kazalardan g\u00f6z\u00fcn\u00fc a\u00e7amad\u0131\u011f\u0131 8. etapta saf sprinterlerin s\u0131caktan, t\u0131rman\u0131\u015ftan ve kazalardan dolay\u0131 geride kalmas\u0131yla etap tamam\u0131 ile iyi pozisyon alan tek ki\u015fiye kald\u0131: Jasper Stuyven (TREK Racing Factory) Eteb\u0131n bitmesine 50 km kala ya\u015fanan b\u00fcy\u00fck kazada Tejay van Garderen, Dan Martin, Frank Schlek, Nacer Bouhanni ve bir\u00e7ok isim yere\u2026","rel":"","context":"&quot;Grand Tour&quot; i\u00e7inde","block_context":{"text":"Grand Tour","link":"http:\/\/aynakol.org\/?cat=92"},"img":{"alt_text":"","src":"https:\/\/i0.wp.com\/aynakol.org\/wp-content\/uploads\/2015\/08\/Vuelta2015_Stage8_peloton0.jpg?fit=960%2C426&resize=350%2C200","width":350,"height":200,"srcset":"https:\/\/i0.wp.com\/aynakol.org\/wp-content\/uploads\/2015\/08\/Vuelta2015_Stage8_peloton0.jpg?fit=960%2C426&resize=350%2C200 1x, https:\/\/i0.wp.com\/aynakol.org\/wp-content\/uploads\/2015\/08\/Vuelta2015_Stage8_peloton0.jpg?fit=960%2C426&resize=525%2C300 1.5x, https:\/\/i0.wp.com\/aynakol.org\/wp-content\/uploads\/2015\/08\/Vuelta2015_Stage8_peloton0.jpg?fit=960%2C426&resize=700%2C400 2x"},"classes":[]},{"id":1898,"url":"http:\/\/aynakol.org\/?p=1898","url_meta":{"origin":1925,"position":4},"title":"#LV2015 La Vuelta a Espana 14. Etap: Vitoria \u2192 Fuente del Chivo","author":"Ayd\u0131n Bez","date":"5 Eyl\u00fcl 2015","format":false,"excerpt":"177 km uzunlu\u011fundaki ge\u00e7i\u015f etab\u0131nda pek fazla bir \u015fey olmad\u0131, her \u015fey\u00a0dinlenmek isteyen peloton ve favorilerin istedi\u011fi gibi oldu: Etap ba\u015flar ba\u015flamaz olu\u015fan 25 ki\u015filik ka\u00e7\u0131\u015f grubundan Nelson Oliviera (Lamspre-Merida) Alto de\u00a0Moncayo ge\u00e7ilir ge\u00e7ilmez ini\u015fte atak yapt\u0131 ve zafere pedallad\u0131. Yine yar\u0131\u015f\u0131 b\u0131rakmak zorunda kalanlar oldu, bu son y\u0131llar\u0131n en\u2026","rel":"","context":"&quot;Grand Tour&quot; i\u00e7inde","block_context":{"text":"Grand Tour","link":"http:\/\/aynakol.org\/?cat=92"},"img":{"alt_text":"","src":"https:\/\/i0.wp.com\/aynakol.org\/wp-content\/uploads\/2015\/09\/Vuelta2015_Stage13_the_peloton_crop.jpg?fit=1200%2C534&resize=350%2C200","width":350,"height":200,"srcset":"https:\/\/i0.wp.com\/aynakol.org\/wp-content\/uploads\/2015\/09\/Vuelta2015_Stage13_the_peloton_crop.jpg?fit=1200%2C534&resize=350%2C200 1x, https:\/\/i0.wp.com\/aynakol.org\/wp-content\/uploads\/2015\/09\/Vuelta2015_Stage13_the_peloton_crop.jpg?fit=1200%2C534&resize=525%2C300 1.5x, https:\/\/i0.wp.com\/aynakol.org\/wp-content\/uploads\/2015\/09\/Vuelta2015_Stage13_the_peloton_crop.jpg?fit=1200%2C534&resize=700%2C400 2x, https:\/\/i0.wp.com\/aynakol.org\/wp-content\/uploads\/2015\/09\/Vuelta2015_Stage13_the_peloton_crop.jpg?fit=1200%2C534&resize=1050%2C600 3x"},"classes":[]},{"id":1959,"url":"http:\/\/aynakol.org\/?p=1959","url_meta":{"origin":1925,"position":5},"title":"#LV2015 La Vuelta a Espana 18. Etap: Roa de Duero \u2192 Riaza","author":"Ayd\u0131n Bez","date":"10 Eyl\u00fcl 2015","format":false,"excerpt":"17. etapta k\u0131rm\u0131z\u0131 mayo yine el de\u011fi\u015ftirdi. Ge\u00e7en sene Alberto Contador maillot rojo'yu s\u0131rt\u0131na giydi\u011fi zaman sonuna dek ta\u015f\u0131m\u0131\u015ft\u0131. Bu sene ise yeniliklerin, dahas\u0131 gen\u00e7lerin senesi ve mayo s\u00fcrekli farkl\u0131 isimlerin s\u0131rt\u0131nda! Bireysel zamana kar\u015f\u0131 m\u00fccadelesinde Tom Dumoulin di\u011fer t\u00fcm favorilere fark atarak hem etab\u0131 kazand\u0131 hem de mayoyu ele\u2026","rel":"","context":"&quot;Grand Tour&quot; i\u00e7inde","block_context":{"text":"Grand Tour","link":"http:\/\/aynakol.org\/?cat=92"},"img":{"alt_text":"","src":"https:\/\/i0.wp.com\/aynakol.org\/wp-content\/uploads\/2015\/09\/Vuelta2015_Stage16_the_break.jpg?fit=1001%2C466&resize=350%2C200","width":350,"height":200,"srcset":"https:\/\/i0.wp.com\/aynakol.org\/wp-content\/uploads\/2015\/09\/Vuelta2015_Stage16_the_break.jpg?fit=1001%2C466&resize=350%2C200 1x, https:\/\/i0.wp.com\/aynakol.org\/wp-content\/uploads\/2015\/09\/Vuelta2015_Stage16_the_break.jpg?fit=1001%2C466&resize=525%2C300 1.5x, https:\/\/i0.wp.com\/aynakol.org\/wp-content\/uploads\/2015\/09\/Vuelta2015_Stage16_the_break.jpg?fit=1001%2C466&resize=700%2C400 2x"},"classes":[]}],"_links":{"self":[{"href":"http:\/\/aynakol.org\/index.php?rest_route=\/wp\/v2\/posts\/1925","targetHints":{"allow":["GET"]}}],"collection":[{"href":"http:\/\/aynakol.org\/index.php?rest_route=\/wp\/v2\/posts"}],"about":[{"href":"http:\/\/aynakol.org\/index.php?rest_route=\/wp\/v2\/types\/post"}],"author":[{"embeddable":true,"href":"http:\/\/aynakol.org\/index.php?rest_route=\/wp\/v2\/users\/1"}],"replies":[{"embeddable":true,"href":"http:\/\/aynakol.org\/index.php?rest_route=%2Fwp%2Fv2%2Fcomments&post=1925"}],"version-history":[{"count":8,"href":"http:\/\/aynakol.org\/index.php?rest_route=\/wp\/v2\/posts\/1925\/revisions"}],"predecessor-version":[{"id":1946,"href":"http:\/\/aynakol.org\/index.php?rest_route=\/wp\/v2\/posts\/1925\/revisions\/1946"}],"wp:featuredmedia":[{"embeddable":true,"href":"http:\/\/aynakol.org\/index.php?rest_route=\/wp\/v2\/media\/1918"}],"wp:attachment":[{"href":"http:\/\/aynakol.org\/index.php?rest_route=%2Fwp%2Fv2%2Fmedia&parent=1925"}],"wp:term":[{"taxonomy":"category","embeddable":true,"href":"http:\/\/aynakol.org\/index.php?rest_route=%2Fwp%2Fv2%2Fcategories&post=1925"},{"taxonomy":"post_tag","embeddable":true,"href":"http:\/\/aynakol.org\/index.php?rest_route=%2Fwp%2Fv2%2Ftags&post=1925"}],"curies":[{"name":"wp","href":"https:\/\/api.w.org\/{rel}","templated":true}]}}