{"id":1947,"date":"2015-09-09T14:21:23","date_gmt":"2015-09-09T11:21:23","guid":{"rendered":"http:\/\/aynakol.org\/?p=1947"},"modified":"2015-09-09T22:12:14","modified_gmt":"2015-09-09T19:12:14","slug":"lv2015-la-vuelta-a-espana-17-etap-burgos","status":"publish","type":"post","link":"http:\/\/aynakol.org\/?p=1947","title":{"rendered":"#LV2015 La Vuelta a Espana 17. Etap: Burgos"},"content":{"rendered":"<p>16. etapda mayo el de\u011fi\u015ftirdi!<\/p>\n<ul>\n<li>Etab\u0131n iki kazanan\u0131 var:\n<ul>\n<li>Trek Factory Racing tak\u0131m\u0131n\u0131n L\u00fcksemburglu ismi Frank Schleck etab\u0131 kazan\u0131rken son 2 km kala bitime yapt\u0131\u011f\u0131 atakla,<\/li>\n<li>Purito Rodriguez 36 ya\u015f\u0131na ve Le Tour\u00a0yorgunlu\u011funa ald\u0131rmadan e\u011fimin iyice sertle\u015fti\u011fi son 700 metrede Fabio Aru&#8217;ya, Rafal Majka&#8217;ya kar\u015f\u0131 atak yap\u0131p k\u0131rm\u0131z\u0131 mayoya ula\u015ft\u0131.<\/li>\n<\/ul>\n<\/li>\n<li><span style=\"color: #ffffff; background-color: #ff0000;\"><strong>K\u0131rm\u0131z\u0131 Mayo<\/strong><\/span> 1\u00a0saniye farkla da olsa Katusya tak\u0131m\u0131n\u0131n \u0130spanyol pedal\u0131 Joaquin\u00a0<em>&#8220;Purito&#8221;\u00a0<\/em>Rodriguez&#8217;in s\u0131rt\u0131nda!<\/li>\n<\/ul>\n<div id=\"attachment_1938\" style=\"width: 715px\" class=\"wp-caption aligncenter\"><a href=\"https:\/\/i0.wp.com\/aynakol.org\/wp-content\/uploads\/2015\/09\/Vuelta2015_Stage16_Joaquin_Rodriguez_weared_maillot_rojo.jpg\"><img data-recalc-dims=\"1\" loading=\"lazy\" decoding=\"async\" aria-describedby=\"caption-attachment-1938\" data-attachment-id=\"1938\" data-permalink=\"http:\/\/aynakol.org\/?attachment_id=1938\" data-orig-file=\"https:\/\/i0.wp.com\/aynakol.org\/wp-content\/uploads\/2015\/09\/Vuelta2015_Stage16_Joaquin_Rodriguez_weared_maillot_rojo.jpg?fit=1599%2C1067\" data-orig-size=\"1599,1067\" data-comments-opened=\"1\" data-image-meta=\"{&quot;aperture&quot;:&quot;8&quot;,&quot;credit&quot;:&quot;Yuzuru SUNADA&quot;,&quot;camera&quot;:&quot;Canon EOS-1D X&quot;,&quot;caption&quot;:&quot;7 September 2015\\n70th Vuelta a Espana\\nStage 16 : Luarca - Ermita de Alba. Quiros\\nRODRIGUEZ Joaquin (ESP) Katusha, Maillot Rojo\\nPhoto : Yuzuru SUNADA&quot;,&quot;created_timestamp&quot;:&quot;1441651229&quot;,&quot;copyright&quot;:&quot;Yuzuru SUNADA&quot;,&quot;focal_length&quot;:&quot;200&quot;,&quot;iso&quot;:&quot;100&quot;,&quot;shutter_speed&quot;:&quot;0.002&quot;,&quot;title&quot;:&quot;&quot;,&quot;orientation&quot;:&quot;1&quot;}\" data-image-title=\"Vuelta2015_Stage16_Joaquin_Rodriguez_weared_maillot_rojo\" data-image-description=\"\" data-image-caption=\"&lt;p&gt;7 September 2015&lt;br \/&gt;\n70th Vuelta a Espana&lt;br \/&gt;\nStage 16 : Luarca &amp;#8211; Ermita de Alba. Quiros&lt;br \/&gt;\nRODRIGUEZ Joaquin (ESP) Katusha, Maillot Rojo&lt;br \/&gt;\nPhoto : Yuzuru SUNADA&lt;\/p&gt;\n\" data-large-file=\"https:\/\/i0.wp.com\/aynakol.org\/wp-content\/uploads\/2015\/09\/Vuelta2015_Stage16_Joaquin_Rodriguez_weared_maillot_rojo.jpg?fit=860%2C574\" class=\"size-large wp-image-1938\" src=\"https:\/\/i0.wp.com\/aynakol.org\/wp-content\/uploads\/2015\/09\/Vuelta2015_Stage16_Joaquin_Rodriguez_weared_maillot_rojo.jpg?resize=705%2C470\" alt=\"7 September 2015 70th Vuelta a Espana Stage 16 : Luarca - Ermita de Alba. Quiros RODRIGUEZ Joaquin (ESP) Katusha, Maillot Rojo Photo : Yuzuru SUNADA\" width=\"705\" height=\"470\" srcset=\"https:\/\/i0.wp.com\/aynakol.org\/wp-content\/uploads\/2015\/09\/Vuelta2015_Stage16_Joaquin_Rodriguez_weared_maillot_rojo.jpg?resize=1024%2C683 1024w, https:\/\/i0.wp.com\/aynakol.org\/wp-content\/uploads\/2015\/09\/Vuelta2015_Stage16_Joaquin_Rodriguez_weared_maillot_rojo.jpg?resize=300%2C200 300w, https:\/\/i0.wp.com\/aynakol.org\/wp-content\/uploads\/2015\/09\/Vuelta2015_Stage16_Joaquin_Rodriguez_weared_maillot_rojo.jpg?resize=705%2C470 705w, https:\/\/i0.wp.com\/aynakol.org\/wp-content\/uploads\/2015\/09\/Vuelta2015_Stage16_Joaquin_Rodriguez_weared_maillot_rojo.jpg?w=1599 1599w\" sizes=\"auto, (max-width: 705px) 100vw, 705px\" \/><\/a><p id=\"caption-attachment-1938\" class=\"wp-caption-text\">\u0130spanyol bisikletinin 36 ya\u015f\u0131ndaki ismi Rodriguez <em>Maillot Rojo \/ k\u0131rm\u0131z\u0131 mayoyu\u00a0<\/em>giyinmekten mutlu. Chapeu!<br \/>Foto\u011fraf:\u00a0Yuzuru SUNADA<\/p><\/div>\n<p><span style=\"font-size: 18pt;\"><strong>Etap hakk\u0131nda<\/strong><\/span><\/p>\n<p>Burgos kentinde 39 km uzunlu\u011funda bir bireysel zamana kar\u015f\u0131 <em>(ITT &#8211; Invidual Time Trial)\u00a0<\/em>etab\u0131 bir da\u011fl\u0131k etap kadar olmasa da\u00a0bireysel olarak yorucu. Zira mesafe uzun, ama Giro d&#8217;Italia 2015&#8217;de pedallanan ITT kadar de\u011fil. Hat\u0131rlatal\u0131m Giro&#8217;da bu sene 54.4 km uzunlu\u011funda bireysel zamana kar\u015f\u0131 etab\u0131 ge\u00e7ilmi\u015fti.<\/p>\n<p><a href=\"https:\/\/i0.wp.com\/aynakol.org\/wp-content\/uploads\/2015\/09\/Vuelta2015_Stage17_profile.jpg\"><img data-recalc-dims=\"1\" loading=\"lazy\" decoding=\"async\" data-attachment-id=\"1941\" data-permalink=\"http:\/\/aynakol.org\/?attachment_id=1941\" data-orig-file=\"https:\/\/i0.wp.com\/aynakol.org\/wp-content\/uploads\/2015\/09\/Vuelta2015_Stage17_profile.jpg?fit=769%2C566\" data-orig-size=\"769,566\" data-comments-opened=\"1\" data-image-meta=\"{&quot;aperture&quot;:&quot;0&quot;,&quot;credit&quot;:&quot;&quot;,&quot;camera&quot;:&quot;&quot;,&quot;caption&quot;:&quot;&quot;,&quot;created_timestamp&quot;:&quot;0&quot;,&quot;copyright&quot;:&quot;&quot;,&quot;focal_length&quot;:&quot;0&quot;,&quot;iso&quot;:&quot;0&quot;,&quot;shutter_speed&quot;:&quot;0&quot;,&quot;title&quot;:&quot;&quot;,&quot;orientation&quot;:&quot;0&quot;}\" data-image-title=\"Vuelta2015_Stage17_profile\" data-image-description=\"\" data-image-caption=\"\" data-large-file=\"https:\/\/i0.wp.com\/aynakol.org\/wp-content\/uploads\/2015\/09\/Vuelta2015_Stage17_profile.jpg?fit=769%2C566\" class=\"aligncenter size-full wp-image-1941\" src=\"https:\/\/i0.wp.com\/aynakol.org\/wp-content\/uploads\/2015\/09\/Vuelta2015_Stage17_profile.jpg?resize=769%2C566\" alt=\"Vuelta2015_Stage17_profile\" width=\"769\" height=\"566\" srcset=\"https:\/\/i0.wp.com\/aynakol.org\/wp-content\/uploads\/2015\/09\/Vuelta2015_Stage17_profile.jpg?w=769 769w, https:\/\/i0.wp.com\/aynakol.org\/wp-content\/uploads\/2015\/09\/Vuelta2015_Stage17_profile.jpg?resize=300%2C221 300w, https:\/\/i0.wp.com\/aynakol.org\/wp-content\/uploads\/2015\/09\/Vuelta2015_Stage17_profile.jpg?resize=705%2C519 705w\" sizes=\"auto, (max-width: 769px) 100vw, 769px\" \/><\/a><\/p>\n<p>Genel klasmanda ilk 10 i\u00e7indeki isimlerin zamana kar\u015f\u0131lar\u0131 Tom Dumoulin d\u0131\u015f\u0131nda pek de iyi say\u0131lmaz. Yeniden bir hat\u0131rlatma Fabio Aru Giro 2015&#8217;in 13. etab\u0131nda pempe mayoyu Alberto Contador&#8217;dan alm\u0131\u015f ve ertesi g\u00fcn ge\u00e7ilen bireysel zamana kar\u015f\u0131 etab\u0131nda Vasil K\u0131ryienka&#8217;n\u0131n ard\u0131ndan ikinci olan Alberto Contador&#8217;dan tam 2 dakika 28 saniye fark yemi\u015fti! Keza Majka, Rodriguez, Quintana&#8217;n\u0131n da zamana kar\u015f\u0131 ba\u015far\u0131s\u0131 o kadar iyi de\u011fil.<\/p>\n<p>Tom Dumoulin\u00a0ilk 10 i\u00e7indekiler aras\u0131nda zamana kar\u015f\u0131 s\u00fcr\u00fc\u015f\u00fc en ba\u015far\u0131l\u0131 olan isim, zira\u00a0TDF2015&#8217;de kendisi Rohan Dennis, Tony Martin,\u00a0Fabian Cancellara&#8217;n\u0131n ard\u0131ndan d\u00f6rd\u00fcnc\u00fc bitirmi\u015fti etab\u0131. Bug\u00fcn fark yarat\u0131rma mayoya, hi\u00e7 olmad\u0131 podyuma yeniden yakla\u015fabilir. Ancak \u00f6n\u00fcm\u00fczde hala d\u00f6rt adet CAT1 t\u0131rman\u0131\u015f bar\u0131nd\u0131ran 20. etap var.<\/p>\n<p><span style=\"font-size: 18pt;\"><strong>Etap sonras\u0131<\/strong><\/span><\/p>\n<p>Burgos kenti i\u00e7inde pedallanan 39 km uzunlu\u011fundaki bireysel zamana kar\u015f\u0131 etab\u0131 en az t\u0131rman\u0131\u015f etaplar\u0131 kadar sert ve ac\u0131mas\u0131zd\u0131. \u00d6yle ki ilk on i\u00e7inde yer alan pedallar\u0131n hepsi, kazanan Tom Dumoulin, haricinde zaman kaybetti.<\/p>\n<p><a href=\"https:\/\/i0.wp.com\/aynakol.org\/wp-content\/uploads\/2015\/09\/Vuelta2015_Stage17_winner_tom_dumoulin.jpg\"><img data-recalc-dims=\"1\" loading=\"lazy\" decoding=\"async\" data-attachment-id=\"1953\" data-permalink=\"http:\/\/aynakol.org\/?attachment_id=1953\" data-orig-file=\"https:\/\/i0.wp.com\/aynakol.org\/wp-content\/uploads\/2015\/09\/Vuelta2015_Stage17_winner_tom_dumoulin.jpg?fit=1600%2C800\" data-orig-size=\"1600,800\" data-comments-opened=\"1\" data-image-meta=\"{&quot;aperture&quot;:&quot;0&quot;,&quot;credit&quot;:&quot;&quot;,&quot;camera&quot;:&quot;&quot;,&quot;caption&quot;:&quot;&quot;,&quot;created_timestamp&quot;:&quot;0&quot;,&quot;copyright&quot;:&quot;&quot;,&quot;focal_length&quot;:&quot;0&quot;,&quot;iso&quot;:&quot;0&quot;,&quot;shutter_speed&quot;:&quot;0&quot;,&quot;title&quot;:&quot;&quot;,&quot;orientation&quot;:&quot;0&quot;}\" data-image-title=\"Vuelta2015_Stage17_winner_tom_dumoulin\" data-image-description=\"\" data-image-caption=\"\" data-large-file=\"https:\/\/i0.wp.com\/aynakol.org\/wp-content\/uploads\/2015\/09\/Vuelta2015_Stage17_winner_tom_dumoulin.jpg?fit=860%2C430\" class=\"aligncenter size-large wp-image-1953\" src=\"https:\/\/i0.wp.com\/aynakol.org\/wp-content\/uploads\/2015\/09\/Vuelta2015_Stage17_winner_tom_dumoulin.jpg?resize=705%2C353\" alt=\"Vuelta2015_Stage17_winner_tom_dumoulin\" width=\"705\" height=\"353\" srcset=\"https:\/\/i0.wp.com\/aynakol.org\/wp-content\/uploads\/2015\/09\/Vuelta2015_Stage17_winner_tom_dumoulin.jpg?resize=1024%2C512 1024w, https:\/\/i0.wp.com\/aynakol.org\/wp-content\/uploads\/2015\/09\/Vuelta2015_Stage17_winner_tom_dumoulin.jpg?resize=300%2C150 300w, https:\/\/i0.wp.com\/aynakol.org\/wp-content\/uploads\/2015\/09\/Vuelta2015_Stage17_winner_tom_dumoulin.jpg?resize=705%2C353 705w, https:\/\/i0.wp.com\/aynakol.org\/wp-content\/uploads\/2015\/09\/Vuelta2015_Stage17_winner_tom_dumoulin.jpg?w=1600 1600w\" sizes=\"auto, (max-width: 705px) 100vw, 705px\" \/><\/a><\/p>\n<p>&nbsp;<\/p>\n<p>39 km uzunlu\u011fundaki etab\u0131 46:01 dk ile tamamlayan Tom Dumoulin b\u00f6ylelikle da\u011flarda \u00e7ekti\u011fi ac\u0131y\u0131 \u00e7\u0131kartm\u0131\u015f oldu. \u015eimdi sevinme s\u0131ras\u0131 uzun y\u0131llard\u0131r genel klasmanc\u0131 \u00e7\u0131kartamayan Hollandal\u0131larda,.<\/p>\n<p><strong>Etap sonu\u00e7lar\u0131<\/strong><\/p>\n<pre>NED  1  DUMOULIN, Tom (GIANT - ALPECIN)                           46:01\r\nPOL  2  BODNAR, Maciej (TINKOFF - SAXO)                           + 1:04\r\nESP  3  VALVERDE BELMONTE, Alejandro (MOVISTAR)                   + 1:08\r\nCOL  6  QUINTANA ROJAS, Nairo Alexander (MOVISTAR)                + 1:33\r\nITA  10 ARU, Fabio (ASTANA)                                       + 1:53\r\nPOL  17 MAJKA, Rafal (TINKOFF - SAXO)                             \r\nCOL  20 CHAVES RUBIO, Johan Esteban (ORICA GreenEDGE)             + 2:43\r\nESP  30 RODRIGUEZ OLIVER, Joaquim (KATUSHA)                       + 3:06<\/pre>\n<p>Genel Klasman s\u0131ralamas\u0131nda Dumoulin beklenenden de ba\u015far\u0131l\u0131 bir performans sergileyen Fabio Aru&#8217;nun 1 dakika 53 saniye \u00f6n\u00fcnde etab\u0131 tamamlayarak k\u0131rm\u0131z\u0131 mayoya ula\u015ft\u0131. 16. etapta k\u0131rm\u0131z\u0131 mayoyu ele ge\u00e7iren Rodriguez ise etab\u0131 3 dakika 6 saniye geriden, 30. s\u0131rada, tamamlay\u0131nca liderlikten de oldu.<\/p>\n<div id=\"attachment_1952\" style=\"width: 715px\" class=\"wp-caption aligncenter\"><a href=\"https:\/\/i0.wp.com\/aynakol.org\/wp-content\/uploads\/2015\/09\/Vuelta2015_Stage17_tom_dumoulin_in_maillot_rojo.jpg\"><img data-recalc-dims=\"1\" loading=\"lazy\" decoding=\"async\" aria-describedby=\"caption-attachment-1952\" data-attachment-id=\"1952\" data-permalink=\"http:\/\/aynakol.org\/?attachment_id=1952\" data-orig-file=\"https:\/\/i0.wp.com\/aynakol.org\/wp-content\/uploads\/2015\/09\/Vuelta2015_Stage17_tom_dumoulin_in_maillot_rojo.jpg?fit=1600%2C1067\" data-orig-size=\"1600,1067\" data-comments-opened=\"1\" data-image-meta=\"{&quot;aperture&quot;:&quot;4&quot;,&quot;credit&quot;:&quot;Yuzuru SUNADA&quot;,&quot;camera&quot;:&quot;Canon EOS-1D X&quot;,&quot;caption&quot;:&quot;9 September 2015\\n70th Vuelta a Espana\\nStage 17 : Burgos - Burgos ITT\\nDUMOULIN Tom (NED) Giant - Alpecin, Maillot Rojo\\nPhoto : Yuzuru SUNADA&quot;,&quot;created_timestamp&quot;:&quot;1441821018&quot;,&quot;copyright&quot;:&quot;Yuzuru SUNADA&quot;,&quot;focal_length&quot;:&quot;115&quot;,&quot;iso&quot;:&quot;400&quot;,&quot;shutter_speed&quot;:&quot;0.002&quot;,&quot;title&quot;:&quot;&quot;,&quot;orientation&quot;:&quot;1&quot;}\" data-image-title=\"Vuelta2015_Stage17_tom_dumoulin_in_maillot_rojo\" data-image-description=\"\" data-image-caption=\"&lt;p&gt;9 September 2015&lt;br \/&gt;\n70th Vuelta a Espana&lt;br \/&gt;\nStage 17 : Burgos &amp;#8211; Burgos ITT&lt;br \/&gt;\nDUMOULIN Tom (NED) Giant &amp;#8211; Alpecin, Maillot Rojo&lt;br \/&gt;\nPhoto : Yuzuru SUNADA&lt;\/p&gt;\n\" data-large-file=\"https:\/\/i0.wp.com\/aynakol.org\/wp-content\/uploads\/2015\/09\/Vuelta2015_Stage17_tom_dumoulin_in_maillot_rojo.jpg?fit=860%2C574\" class=\"wp-image-1952 size-large\" src=\"https:\/\/i0.wp.com\/aynakol.org\/wp-content\/uploads\/2015\/09\/Vuelta2015_Stage17_tom_dumoulin_in_maillot_rojo.jpg?resize=705%2C470\" alt=\"\" width=\"705\" height=\"470\" srcset=\"https:\/\/i0.wp.com\/aynakol.org\/wp-content\/uploads\/2015\/09\/Vuelta2015_Stage17_tom_dumoulin_in_maillot_rojo.jpg?resize=1024%2C683 1024w, https:\/\/i0.wp.com\/aynakol.org\/wp-content\/uploads\/2015\/09\/Vuelta2015_Stage17_tom_dumoulin_in_maillot_rojo.jpg?resize=300%2C200 300w, https:\/\/i0.wp.com\/aynakol.org\/wp-content\/uploads\/2015\/09\/Vuelta2015_Stage17_tom_dumoulin_in_maillot_rojo.jpg?resize=705%2C470 705w, https:\/\/i0.wp.com\/aynakol.org\/wp-content\/uploads\/2015\/09\/Vuelta2015_Stage17_tom_dumoulin_in_maillot_rojo.jpg?w=1600 1600w\" sizes=\"auto, (max-width: 705px) 100vw, 705px\" \/><\/a><p id=\"caption-attachment-1952\" class=\"wp-caption-text\">17. etap, Burgos &#8211; Burgos ITT, Tom DUMOULIN 9. etaptaki gibi hep etab\u0131 kazand\u0131 hem de Maillot Rojo&#8217;yu ele ge\u00e7irdi. Photo : Yuzuru SUNADA<\/p><\/div>\n<p>Yar\u0131n ki etapta Maillot Rojo Tom Dumoulin&#8217;in s\u0131rt\u0131nda!<\/p>\n<p><strong>Daha fazlas\u0131 i\u00e7in:<\/strong><\/p>\n<ul>\n<li>S\u0131ral\u0131 tam liste: <a href=\"http:\/\/www.procyclingstats.com\/race\/Vuelta_a_Espana_2015_Stage17\" target=\"_blank\">ProCyclingStats.com<\/a><\/li>\n<li>Vuelta a Espana 2015 hakk\u0131nda her \u015fey: <a href=\"http:\/\/www.steephill.tv\/vuelta-a-espana\/#17-preview-2015\" target=\"_blank\">SteepHill.TV<\/a><\/li>\n<li>Vuelta a Espana 2015 Twitter hesaplar\u0131:\n<ul>\n<li>Resmi hesap: <strong><a href=\"https:\/\/twitter.com\/lavuelta\" target=\"_blank\">@lavuelta<\/a><\/strong><\/li>\n<li>T\u00fcrk\u00e7e neler olmu\u015f? <strong><a href=\"https:\/\/twitter.com\/hashtag\/vueltatr?src=hash\" target=\"_blank\">#vueltaTR<\/a><\/strong><\/li>\n<li>\u0130ngilizce neler olmu\u015f? <a href=\"https:\/\/twitter.com\/hashtag\/LV2015?src=hash\" target=\"_blank\"><strong>#LV2015<\/strong><\/a><\/li>\n<\/ul>\n<\/li>\n<li>Ayr\u0131ca hep sanal olacak de\u011fil ya, biraz da nostalji, biraz da bas\u0131l\u0131 belge bilgi: Cyclist T\u00fcrkiye Dergisinin bu ayki say\u0131s\u0131nda Buyruk Alparslan\u2019\u0131n kaleme ald\u0131\u011f\u0131 Vuelta 2015 dosyas\u0131 da elinizin alt\u0131nda olsun.<\/li>\n<\/ul>\n<p>&nbsp;<\/p>\n","protected":false},"excerpt":{"rendered":"<p>16. etapda mayo el de\u011fi\u015ftirdi! Etab\u0131n iki kazanan\u0131 var: Trek Factory Racing tak\u0131m\u0131n\u0131n L\u00fcksemburglu ismi Frank Schleck etab\u0131 kazan\u0131rken son 2 km kala bitime yapt\u0131\u011f\u0131 [&#8230;]<\/p>\n","protected":false},"author":1,"featured_media":1944,"comment_status":"open","ping_status":"open","sticky":false,"template":"","format":"standard","meta":{"jetpack_post_was_ever_published":false,"_jetpack_newsletter_access":"","_jetpack_dont_email_post_to_subs":false,"_jetpack_newsletter_tier_id":0,"_jetpack_memberships_contains_paywalled_content":false,"_jetpack_memberships_contains_paid_content":false,"footnotes":"","jetpack_publicize_message":"","jetpack_publicize_feature_enabled":true,"jetpack_social_post_already_shared":true,"jetpack_social_options":{"image_generator_settings":{"template":"highway","default_image_id":0,"font":"","enabled":false},"version":2}},"categories":[92,91],"tags":[65,80,24,17,43,26,980,963,25,982,16,233,952,955,953,411,773,222,981,979,41,28,966,234,983],"class_list":["post-1947","post","type-post","status-publish","format-standard","has-post-thumbnail","hentry","category-grand","category-vuelta-2","tag-alejandro-valverde","tag-alessandro-de-marchi","tag-astana","tag-bisiklet-turu","tag-bmc","tag-chris-froome","tag-danny-van-poppel","tag-esteban-chaves","tag-fabio-aru","tag-frank-schleck","tag-ispanya","tag-ispanya-bisiklet-turu","tag-la-vuelta","tag-la-vuelta-a-espana","tag-lv2015","tag-madonna-del-ghisallo","tag-mikel-landa","tag-nairo-quintana","tag-nelson-oliviera","tag-purito-rodriguez","tag-queen-stage","tag-rafal-majka","tag-tom-dumoulin","tag-vuelta-a-espana","tag-vueltatr-invidual-time-trial"],"jetpack_publicize_connections":[],"jetpack_featured_media_url":"https:\/\/i0.wp.com\/aynakol.org\/wp-content\/uploads\/2015\/09\/LV2015_stage12_peloton_in_front_of_the_valley_fullsize.jpg?fit=1920%2C851","jetpack_sharing_enabled":true,"jetpack_shortlink":"https:\/\/wp.me\/p51p4O-vp","jetpack_likes_enabled":true,"jetpack-related-posts":[{"id":1925,"url":"http:\/\/aynakol.org\/?p=1925","url_meta":{"origin":1947,"position":0},"title":"#LV2015 La Vuelta a Espana 16. Etap: Luarca \u2192 Ermita del Alba","author":"Ayd\u0131n Bez","date":"7 Eyl\u00fcl 2015","format":false,"excerpt":"15. etab\u0131n son 2 km'si bile izlenmeye yeter! Ka\u00e7anlar\u0131n iki kez yakaland\u0131\u011f\u0131 etapta kazanan elit t\u0131rman\u0131\u015f\u00e7\u0131lardan olu\u015fan peloton i\u00e7inden \u00e7\u0131kt\u0131: son 1 km'si klasik etaplar\u0131 and\u0131ran Sortes zirvesinde zafere pedallayan isim bu \u0130spanyol topraklar\u0131n\u0131n \u00e7ocu\u011fu Joaquin Rodriguez olurken Rafal Majka etab\u0131 Fabio Aru'nun \u00f6n\u00fcnde ikinci bitirerek hem zaman fark\u0131 hem\u2026","rel":"","context":"&quot;Grand Tour&quot; i\u00e7inde","block_context":{"text":"Grand Tour","link":"http:\/\/aynakol.org\/?cat=92"},"img":{"alt_text":"","src":"https:\/\/i0.wp.com\/aynakol.org\/wp-content\/uploads\/2015\/09\/Vuelta2015_Stage15_peloton_1.jpg?fit=670%2C446&resize=350%2C200","width":350,"height":200,"srcset":"https:\/\/i0.wp.com\/aynakol.org\/wp-content\/uploads\/2015\/09\/Vuelta2015_Stage15_peloton_1.jpg?fit=670%2C446&resize=350%2C200 1x, https:\/\/i0.wp.com\/aynakol.org\/wp-content\/uploads\/2015\/09\/Vuelta2015_Stage15_peloton_1.jpg?fit=670%2C446&resize=525%2C300 1.5x"},"classes":[]},{"id":1987,"url":"http:\/\/aynakol.org\/?p=1987","url_meta":{"origin":1947,"position":1},"title":"#LV2015 La Vuelta a Espana 21. Etap: Alcal\u00e1 de Henares \u2192 Madrid","author":"Ayd\u0131n Bez","date":"12 Eyl\u00fcl 2015","format":false,"excerpt":"20. etab\u0131 izlerken hop oturduk hop kalkt\u0131k, Ruben Plaza'n\u0131n solo ata\u011f\u0131 acaba De Marchi ve Gon\u00e7alves taraf\u0131ndan sona erdirilecek mi derken Plaza etab\u0131 kazan\u0131rken, Aru'nun \u00f6l\u00fcmc\u00fcl ata\u011f\u0131 Dumoulin'i silkelerken k\u0131rm\u0131z\u0131 mayodan ve podyumdan da etti. Etap Plaza'n\u0131n, maglia rojo Fabio Aru'nun. Etap hakk\u0131nda Alcal\u00e1 de Henares \u2192 Madrid\u00a0aras\u0131nda pedallanacak 21.\u2026","rel":"","context":"&quot;Grand Tour&quot; i\u00e7inde","block_context":{"text":"Grand Tour","link":"http:\/\/aynakol.org\/?cat=92"},"img":{"alt_text":"","src":"https:\/\/i0.wp.com\/aynakol.org\/wp-content\/uploads\/2015\/09\/Vuelta2015_Stage21_Aru_in_podium_1.jpg?fit=1200%2C800&resize=350%2C200","width":350,"height":200,"srcset":"https:\/\/i0.wp.com\/aynakol.org\/wp-content\/uploads\/2015\/09\/Vuelta2015_Stage21_Aru_in_podium_1.jpg?fit=1200%2C800&resize=350%2C200 1x, https:\/\/i0.wp.com\/aynakol.org\/wp-content\/uploads\/2015\/09\/Vuelta2015_Stage21_Aru_in_podium_1.jpg?fit=1200%2C800&resize=525%2C300 1.5x, https:\/\/i0.wp.com\/aynakol.org\/wp-content\/uploads\/2015\/09\/Vuelta2015_Stage21_Aru_in_podium_1.jpg?fit=1200%2C800&resize=700%2C400 2x, https:\/\/i0.wp.com\/aynakol.org\/wp-content\/uploads\/2015\/09\/Vuelta2015_Stage21_Aru_in_podium_1.jpg?fit=1200%2C800&resize=1050%2C600 3x"},"classes":[]},{"id":1911,"url":"http:\/\/aynakol.org\/?p=1911","url_meta":{"origin":1947,"position":2},"title":"#LV2015 La Vuelta a Espana 15. Etap: Comillas \u2192 Jitu de Escarandi","author":"Ayd\u0131n Bez","date":"6 Eyl\u00fcl 2015","format":false,"excerpt":"14. etapta, zafer ka\u00e7anlar\u0131n oldu! Sislerin aras\u0131ndan t\u0131rmanarak galibiyete ula\u015fan isim Alessandro De Marchi olurken, genel klasman iddial\u0131lar\u0131 da kozlar\u0131n\u0131 payla\u015ft\u0131. Quintana gayet formda, Aru'dan zaman \u00e7ald\u0131, Fabio Aru \u00e7ok az zaman kaybetmesine kar\u015f\u0131n Quintana'dan kendisini fazla h\u0131rpal\u0131yor. Ancak k\u0131rm\u0131z\u0131 mayo h\u00e2l\u00e2 onun s\u0131rt\u0131nda. \u00a0 Etap hakk\u0131nda Comillas \u2192 Jitu\u2026","rel":"","context":"&quot;Grand Tour&quot; i\u00e7inde","block_context":{"text":"Grand Tour","link":"http:\/\/aynakol.org\/?cat=92"},"img":{"alt_text":"","src":"https:\/\/i0.wp.com\/aynakol.org\/wp-content\/uploads\/2015\/09\/Vuelta2015_Stage14_peloton_1.jpg?fit=670%2C446&resize=350%2C200","width":350,"height":200,"srcset":"https:\/\/i0.wp.com\/aynakol.org\/wp-content\/uploads\/2015\/09\/Vuelta2015_Stage14_peloton_1.jpg?fit=670%2C446&resize=350%2C200 1x, https:\/\/i0.wp.com\/aynakol.org\/wp-content\/uploads\/2015\/09\/Vuelta2015_Stage14_peloton_1.jpg?fit=670%2C446&resize=525%2C300 1.5x"},"classes":[]},{"id":1978,"url":"http:\/\/aynakol.org\/?p=1978","url_meta":{"origin":1947,"position":3},"title":"#LV2015 La Vuelta a Espana 20. Etap: San Lorenzo de El Escorial \u2192 Cercedilla","author":"Ayd\u0131n Bez","date":"11 Eyl\u00fcl 2015","format":false,"excerpt":"19. etap t\u0131pk\u0131 bas\u0131m gibiydi adeta: ka\u00e7anlar\u0131n zaferine sahne olurken ag2r La Mondiale tak\u0131m\u0131n\u0131n Frans\u0131z pedal\u0131 Alexis Gougeard etab\u0131 kazand\u0131! Tom Dumoulin k\u0131rm\u0131z\u0131 mayoyu yar\u0131nki etapta sa\u011flama alabilmek i\u00e7in son 2 km kala atak yapt\u0131 ve Fabio Aru'dan 3 saniye daha \u00e7alarak fark\u0131 6 saniyeye \u00e7\u0131kartt\u0131. K\u0131rm\u0131z\u0131 mayo h\u00e2l\u00e2 Tom\u2026","rel":"","context":"&quot;Grand Tour&quot; i\u00e7inde","block_context":{"text":"Grand Tour","link":"http:\/\/aynakol.org\/?cat=92"},"img":{"alt_text":"","src":"https:\/\/i0.wp.com\/aynakol.org\/wp-content\/uploads\/2015\/09\/Vuelta2015_Stage19_peloton.jpg?fit=670%2C446&resize=350%2C200","width":350,"height":200,"srcset":"https:\/\/i0.wp.com\/aynakol.org\/wp-content\/uploads\/2015\/09\/Vuelta2015_Stage19_peloton.jpg?fit=670%2C446&resize=350%2C200 1x, https:\/\/i0.wp.com\/aynakol.org\/wp-content\/uploads\/2015\/09\/Vuelta2015_Stage19_peloton.jpg?fit=670%2C446&resize=525%2C300 1.5x"},"classes":[]},{"id":1959,"url":"http:\/\/aynakol.org\/?p=1959","url_meta":{"origin":1947,"position":4},"title":"#LV2015 La Vuelta a Espana 18. Etap: Roa de Duero \u2192 Riaza","author":"Ayd\u0131n Bez","date":"10 Eyl\u00fcl 2015","format":false,"excerpt":"17. etapta k\u0131rm\u0131z\u0131 mayo yine el de\u011fi\u015ftirdi. Ge\u00e7en sene Alberto Contador maillot rojo'yu s\u0131rt\u0131na giydi\u011fi zaman sonuna dek ta\u015f\u0131m\u0131\u015ft\u0131. Bu sene ise yeniliklerin, dahas\u0131 gen\u00e7lerin senesi ve mayo s\u00fcrekli farkl\u0131 isimlerin s\u0131rt\u0131nda! Bireysel zamana kar\u015f\u0131 m\u00fccadelesinde Tom Dumoulin di\u011fer t\u00fcm favorilere fark atarak hem etab\u0131 kazand\u0131 hem de mayoyu ele\u2026","rel":"","context":"&quot;Grand Tour&quot; i\u00e7inde","block_context":{"text":"Grand Tour","link":"http:\/\/aynakol.org\/?cat=92"},"img":{"alt_text":"","src":"https:\/\/i0.wp.com\/aynakol.org\/wp-content\/uploads\/2015\/09\/Vuelta2015_Stage16_the_break.jpg?fit=1001%2C466&resize=350%2C200","width":350,"height":200,"srcset":"https:\/\/i0.wp.com\/aynakol.org\/wp-content\/uploads\/2015\/09\/Vuelta2015_Stage16_the_break.jpg?fit=1001%2C466&resize=350%2C200 1x, https:\/\/i0.wp.com\/aynakol.org\/wp-content\/uploads\/2015\/09\/Vuelta2015_Stage16_the_break.jpg?fit=1001%2C466&resize=525%2C300 1.5x, https:\/\/i0.wp.com\/aynakol.org\/wp-content\/uploads\/2015\/09\/Vuelta2015_Stage16_the_break.jpg?fit=1001%2C466&resize=700%2C400 2x"},"classes":[]},{"id":1805,"url":"http:\/\/aynakol.org\/?p=1805","url_meta":{"origin":1947,"position":5},"title":"#LV2015 La Vuelta a Espana 9. Etap: Torrevieja \u2192 Cumbre del Sol","author":"Ayd\u0131n Bez","date":"29 A\u011fustos 2015","format":false,"excerpt":"Pelotonun kazalardan g\u00f6z\u00fcn\u00fc a\u00e7amad\u0131\u011f\u0131 8. etapta saf sprinterlerin s\u0131caktan, t\u0131rman\u0131\u015ftan ve kazalardan dolay\u0131 geride kalmas\u0131yla etap tamam\u0131 ile iyi pozisyon alan tek ki\u015fiye kald\u0131: Jasper Stuyven (TREK Racing Factory) Eteb\u0131n bitmesine 50 km kala ya\u015fanan b\u00fcy\u00fck kazada Tejay van Garderen, Dan Martin, Frank Schlek, Nacer Bouhanni ve bir\u00e7ok isim yere\u2026","rel":"","context":"&quot;Grand Tour&quot; i\u00e7inde","block_context":{"text":"Grand Tour","link":"http:\/\/aynakol.org\/?cat=92"},"img":{"alt_text":"","src":"https:\/\/i0.wp.com\/aynakol.org\/wp-content\/uploads\/2015\/08\/Vuelta2015_Stage8_peloton0.jpg?fit=960%2C426&resize=350%2C200","width":350,"height":200,"srcset":"https:\/\/i0.wp.com\/aynakol.org\/wp-content\/uploads\/2015\/08\/Vuelta2015_Stage8_peloton0.jpg?fit=960%2C426&resize=350%2C200 1x, https:\/\/i0.wp.com\/aynakol.org\/wp-content\/uploads\/2015\/08\/Vuelta2015_Stage8_peloton0.jpg?fit=960%2C426&resize=525%2C300 1.5x, https:\/\/i0.wp.com\/aynakol.org\/wp-content\/uploads\/2015\/08\/Vuelta2015_Stage8_peloton0.jpg?fit=960%2C426&resize=700%2C400 2x"},"classes":[]}],"_links":{"self":[{"href":"http:\/\/aynakol.org\/index.php?rest_route=\/wp\/v2\/posts\/1947","targetHints":{"allow":["GET"]}}],"collection":[{"href":"http:\/\/aynakol.org\/index.php?rest_route=\/wp\/v2\/posts"}],"about":[{"href":"http:\/\/aynakol.org\/index.php?rest_route=\/wp\/v2\/types\/post"}],"author":[{"embeddable":true,"href":"http:\/\/aynakol.org\/index.php?rest_route=\/wp\/v2\/users\/1"}],"replies":[{"embeddable":true,"href":"http:\/\/aynakol.org\/index.php?rest_route=%2Fwp%2Fv2%2Fcomments&post=1947"}],"version-history":[{"count":5,"href":"http:\/\/aynakol.org\/index.php?rest_route=\/wp\/v2\/posts\/1947\/revisions"}],"predecessor-version":[{"id":1958,"href":"http:\/\/aynakol.org\/index.php?rest_route=\/wp\/v2\/posts\/1947\/revisions\/1958"}],"wp:featuredmedia":[{"embeddable":true,"href":"http:\/\/aynakol.org\/index.php?rest_route=\/wp\/v2\/media\/1944"}],"wp:attachment":[{"href":"http:\/\/aynakol.org\/index.php?rest_route=%2Fwp%2Fv2%2Fmedia&parent=1947"}],"wp:term":[{"taxonomy":"category","embeddable":true,"href":"http:\/\/aynakol.org\/index.php?rest_route=%2Fwp%2Fv2%2Fcategories&post=1947"},{"taxonomy":"post_tag","embeddable":true,"href":"http:\/\/aynakol.org\/index.php?rest_route=%2Fwp%2Fv2%2Ftags&post=1947"}],"curies":[{"name":"wp","href":"https:\/\/api.w.org\/{rel}","templated":true}]}}