{"id":1970,"date":"2015-09-11T10:09:11","date_gmt":"2015-09-11T07:09:11","guid":{"rendered":"http:\/\/aynakol.org\/?p=1970"},"modified":"2015-09-11T21:20:54","modified_gmt":"2015-09-11T18:20:54","slug":"lv2015-la-vuelta-a-espana-19-etap-medina-del-campo-%e2%86%92-avila","status":"publish","type":"post","link":"http:\/\/aynakol.org\/?p=1970","title":{"rendered":"#LV2015 La Vuelta a Espana 19. Etap: Medina del Campo \u2192 Avila"},"content":{"rendered":"<p>18. ger\u00e7ekten de \u00f6zlenen ataklar\u0131 bizlere izletti:<\/p>\n<ul>\n<li>Etab\u0131 Chris Froome&#8217;un Andorra etab\u0131 sonras\u0131 yar\u0131\u015f\u0131 b\u0131rak\u0131nca moral bozuklu\u011fuyla devam eden Team SKY&#8217;\u0131n \u0130rlandal\u0131 pedal\u0131 Nicolas Roche son 18 km&#8217;de yapt\u0131\u011f\u0131 ak\u0131ll\u0131 atakla kazan\u0131rken,<\/li>\n<li>Etab\u0131n son t\u0131rman\u0131\u015f\u0131\u00a0Puerto De La Quesera ge\u00e7ilirken Maillot Rojo&#8217;da g\u00f6z\u00fc olan t\u00fcm favoriler birbirilerini silkelemek i\u00e7in atak \u00fczerine atak yapt\u0131,<\/li>\n<li>hatta bu s\u00fcre\u00e7 etab\u0131n sonu d\u00fczl\u00fc\u011f\u00fcne dek devam etmesine kar\u015f\u0131n genel klasmanda bir de\u011fi\u015fiklik olmad\u0131.<\/li>\n<li>K\u0131rm\u0131z\u0131 mayo &#8211; Maillot Rojo h\u00e2l\u00e2 Hollandal\u0131 <a href=\"http:\/\/www.steephill.tv\/2015\/vuelta-a-espana\/photos\/stage-17\/565-PIC557157935.jpg\" target=\"_blank\">Tom Dumoulin&#8217;in (Team Giant-Alpecin) s\u0131rt\u0131nda.<\/a><\/li>\n<\/ul>\n<p><span style=\"font-size: 18pt;\"><strong>Etap Hakk\u0131nda<\/strong><\/span><\/p>\n<p><a href=\"http:\/\/www.letour.fr\/PHOTOS\/VUE\/2015\/1800\/CARTE.jpg\" target=\"_blank\">Medina del Campo \u2192 Avila<\/a> \u015fehirleri aras\u0131nda pedallanacak 19. etap 186 km uzunlu\u011funda. S\u0131n\u0131fland\u0131r\u0131lm\u0131\u015f\u00a0iki t\u0131rman\u0131\u015f\u0131n bulundu\u011fu etab\u0131n son metreleri ise parke ta\u015f\u0131 d\u00f6\u015feli bir t\u0131rman\u0131\u015ftan olu\u015fuyor ki, buras\u0131 bay\u0131lt\u0131c\u0131 bir etkiye sahip adeta!<\/p>\n<p><a href=\"https:\/\/i0.wp.com\/aynakol.org\/wp-content\/uploads\/2015\/09\/Vuelta2015_Stage19_profile.jpg\"><img data-recalc-dims=\"1\" loading=\"lazy\" decoding=\"async\" data-attachment-id=\"1956\" data-permalink=\"http:\/\/aynakol.org\/?attachment_id=1956\" data-orig-file=\"https:\/\/i0.wp.com\/aynakol.org\/wp-content\/uploads\/2015\/09\/Vuelta2015_Stage19_profile.jpg?fit=975%2C436\" data-orig-size=\"975,436\" data-comments-opened=\"1\" data-image-meta=\"{&quot;aperture&quot;:&quot;0&quot;,&quot;credit&quot;:&quot;&quot;,&quot;camera&quot;:&quot;&quot;,&quot;caption&quot;:&quot;&quot;,&quot;created_timestamp&quot;:&quot;0&quot;,&quot;copyright&quot;:&quot;&quot;,&quot;focal_length&quot;:&quot;0&quot;,&quot;iso&quot;:&quot;0&quot;,&quot;shutter_speed&quot;:&quot;0&quot;,&quot;title&quot;:&quot;&quot;,&quot;orientation&quot;:&quot;0&quot;}\" data-image-title=\"Vuelta2015_Stage19_profile\" data-image-description=\"\" data-image-caption=\"\" data-large-file=\"https:\/\/i0.wp.com\/aynakol.org\/wp-content\/uploads\/2015\/09\/Vuelta2015_Stage19_profile.jpg?fit=860%2C385\" class=\"aligncenter size-full wp-image-1956\" src=\"https:\/\/i0.wp.com\/aynakol.org\/wp-content\/uploads\/2015\/09\/Vuelta2015_Stage19_profile.jpg?resize=860%2C385\" alt=\"Vuelta2015_Stage19_profile\" width=\"860\" height=\"385\" srcset=\"https:\/\/i0.wp.com\/aynakol.org\/wp-content\/uploads\/2015\/09\/Vuelta2015_Stage19_profile.jpg?w=975 975w, https:\/\/i0.wp.com\/aynakol.org\/wp-content\/uploads\/2015\/09\/Vuelta2015_Stage19_profile.jpg?resize=300%2C134 300w, https:\/\/i0.wp.com\/aynakol.org\/wp-content\/uploads\/2015\/09\/Vuelta2015_Stage19_profile.jpg?resize=705%2C315 705w\" sizes=\"auto, (max-width: 860px) 100vw, 860px\" \/><\/a><\/p>\n<p>D\u00fcnk\u00fc etaba benzer bir profile sahip 19. etap da y\u00fcksek bir rak\u0131mda ba\u015flay\u0131p istikrarl\u0131 bir \u015fekilde y\u00fckselip al\u00e7alarak, sonra yeniden y\u00fckselerek 110 rak\u0131mda sona erecek.<\/p>\n<p><iframe loading=\"lazy\" style=\"width: 100%; height: 450px;\" src=\"http:\/\/veloviewer.com\/segment\/4853754\/embed\" width=\"300\" height=\"150\" frameborder=\"0\" scrolling=\"no\"><\/iframe><\/p>\n<p>G\u00fcn\u00fcn ilk t\u0131rman\u0131\u015f\u0131 91. km&#8217;de yer al\u0131rken, buraya dek peloton 700 rak\u0131mdan 1000 rak\u0131ma dek usulca t\u0131rmanm\u0131\u015f olacak. CAT3 s\u0131n\u0131f\u0131 bir t\u0131rman\u0131\u015f olan\u00a0Alto de Valdavia 13 km uzunlu\u011funda ancak ortalama e\u011fimi yumu\u015fak: %2,7. 19 g\u00fcn boyunca peloton bu e\u011fimin neredeyse \u00fc\u00e7 d\u00f6rt kat\u0131yla bo\u011fu\u015fup durdu, zorlamayacakt\u0131r.<\/p>\n<p>1440 mt rak\u0131mda zirvesinden ge\u00e7ilecek Valdavia tepesi sonras\u0131 peloton 675 rak\u0131ma dek 30 km boyunca inecek, sonras\u0131nda 1400 mt rak\u0131ma yeniden t\u0131rman\u0131lacak. Ka\u011f\u0131t \u00fczerinde etab\u0131n 158. km&#8217;sinde ba\u015flayacak Alto de la Paramera zirvesi \u00f6ncesinde peloton s\u00fcrekli t\u0131rman\u0131\u015f modunda olacak. Bu La Vuelta&#8217;n\u0131n art\u0131k ola\u011fan bir durumu!<\/p>\n<p><iframe loading=\"lazy\" style=\"width: 100%; height: 450px;\" src=\"http:\/\/veloviewer.com\/segment\/3906672\/embed\" width=\"300\" height=\"150\" frameborder=\"0\" scrolling=\"no\"><\/iframe><\/p>\n<p>CAT2 s\u0131n\u0131f\u0131 Paremera zirvesi 8,7 km uzunlu\u011funda ve ortalama %4,5 e\u011fime sahip. Zirve ge\u00e7ildikten sonra eteb\u0131n sonuna dek inilecek ve son metrelerde tarihi <a href=\"https:\/\/www.google.com.tr\/search?q=Ronda+Vieja&amp;client=ubuntu&amp;hs=dAV&amp;source=lnms&amp;tbm=isch&amp;sa=X&amp;ved=0CAcQ_AUoAWoVChMI58ymvqbtxwIVRI8sCh0GdABL&amp;biw=1455&amp;bih=924\" target=\"_blank\">Ronda Vieja<\/a> yolunda etap sona erecek. Tekrarlamakta fayda var: son t\u0131rman\u0131\u015f\u00a0sadece 1100 metre uzunlu\u011funda ve ortalama e\u011fimi %5&#8217;e yak\u0131n ama zorlu\u011fu bunlar de\u011fil, parke ta\u015f\u0131 ile d\u00f6\u015feli olmas\u0131.<\/p>\n<p><iframe loading=\"lazy\" style=\"width: 100%; height: 450px;\" src=\"http:\/\/veloviewer.com\/segment\/7719310\/embed\" width=\"300\" height=\"150\" frameborder=\"0\" scrolling=\"no\"><\/iframe><\/p>\n<p>Astana d\u00fcn yapt\u0131\u011f\u0131 gibi bug\u00fcn de Tom Dumoulin&#8217;i silkelemek i\u00e7in Giant-Alpecin&#8217;i yorup da\u011f\u0131tmaya \u00e7al\u0131\u015facakt\u0131r, bunun i\u00e7in son 1 km&#8217;ye Fabio Aru&#8217;yu domestikleriyle sar\u0131p sarmalamalar\u0131 gerekli. Vuelta&#8217;n\u0131n ba\u015f\u0131ndan beri Astana k\u0131rm\u0131z\u0131 mayoyu almak i\u00e7in ger\u00e7ekten \u00e7ok istekli ve t\u00fcm \u00e7al\u0131\u015fmalar\u0131, buna Nibali&#8217;nin u\u00e7u\u015fa dahil, bu y\u00f6nde. Ancak Tom Dumoulin ise tek ba\u015f\u0131na sava\u015farak bu noktaya geldi ve Vuelta&#8217;n\u0131n en b\u00fcy\u00fck s\u00fcrprizi, sonuna dek hak etti!<\/p>\n<p><strong>Etap sonras\u0131<\/strong><\/p>\n<p>Avila kentinin tarihi kalelerinin dibinde, Ronde Vieja&#8217;n\u0131n parke ta\u015f\u0131 d\u00f6\u015feli t\u0131rman\u0131\u015f\u0131nda sona eren 186 km uzunlu\u011fundaki 19. etapta kazanan AG2R La Mondiale tak\u0131m\u0131n\u0131n Frans\u0131z pedal\u0131\u00a0<a href=\"http:\/\/www.procyclingstats.com\/rider\/Alexis_Gougeard\" target=\"_blank\">Alexis Gougeard<\/a> olurken peloton etab\u0131 tam 16 dakika sonra tamamlad\u0131. Ama ne tamamlama!<\/p>\n<div id=\"attachment_1982\" style=\"width: 715px\" class=\"wp-caption aligncenter\"><a href=\"https:\/\/i0.wp.com\/aynakol.org\/wp-content\/uploads\/2015\/09\/Vuelta2015_Stage19_Winner_Alexis_Gougeard1.jpg\"><img data-recalc-dims=\"1\" loading=\"lazy\" decoding=\"async\" aria-describedby=\"caption-attachment-1982\" data-attachment-id=\"1982\" data-permalink=\"http:\/\/aynakol.org\/?attachment_id=1982\" data-orig-file=\"https:\/\/i0.wp.com\/aynakol.org\/wp-content\/uploads\/2015\/09\/Vuelta2015_Stage19_Winner_Alexis_Gougeard1.jpg?fit=1597%2C1067\" data-orig-size=\"1597,1067\" data-comments-opened=\"1\" data-image-meta=\"{&quot;aperture&quot;:&quot;5.6&quot;,&quot;credit&quot;:&quot;Yuzuru SUNADA&quot;,&quot;camera&quot;:&quot;Canon EOS-1D X&quot;,&quot;caption&quot;:&quot;11 September 2015\\n70th Vuelta a Espana\\nStage 19 : Medina del Campo - Avila\\n1st : GOUGEARD Alexis (FRA) ag2r - La Mondiale\\nPhoto : Yuzuru SUNADA&quot;,&quot;created_timestamp&quot;:&quot;1441992482&quot;,&quot;copyright&quot;:&quot;Yuzuru SUNADA&quot;,&quot;focal_length&quot;:&quot;400&quot;,&quot;iso&quot;:&quot;800&quot;,&quot;shutter_speed&quot;:&quot;0.001&quot;,&quot;title&quot;:&quot;&quot;,&quot;orientation&quot;:&quot;1&quot;}\" data-image-title=\"Vuelta2015_Stage19_Winner_Alexis_Gougeard\" data-image-description=\"\" data-image-caption=\"&lt;p&gt;Alexis GOUGEARD (FRA) ag2r &amp;#8211; La Mondiale, ilk b\u00fcy\u00fck tur zaferini kutlarken Foto : Yuzuru SUNADA&lt;\/p&gt;\n\" data-large-file=\"https:\/\/i0.wp.com\/aynakol.org\/wp-content\/uploads\/2015\/09\/Vuelta2015_Stage19_Winner_Alexis_Gougeard1.jpg?fit=860%2C574\" class=\"size-large wp-image-1982\" src=\"https:\/\/i0.wp.com\/aynakol.org\/wp-content\/uploads\/2015\/09\/Vuelta2015_Stage19_Winner_Alexis_Gougeard1.jpg?resize=705%2C471\" alt=\"Alexis GOUGEARD (FRA) ag2r - La Mondiale, ilk b\u00fcy\u00fck tur zaferini kutlarken Foto : Yuzuru SUNADA\" width=\"705\" height=\"471\" srcset=\"https:\/\/i0.wp.com\/aynakol.org\/wp-content\/uploads\/2015\/09\/Vuelta2015_Stage19_Winner_Alexis_Gougeard1.jpg?resize=1024%2C684 1024w, https:\/\/i0.wp.com\/aynakol.org\/wp-content\/uploads\/2015\/09\/Vuelta2015_Stage19_Winner_Alexis_Gougeard1.jpg?resize=300%2C200 300w, https:\/\/i0.wp.com\/aynakol.org\/wp-content\/uploads\/2015\/09\/Vuelta2015_Stage19_Winner_Alexis_Gougeard1.jpg?resize=705%2C471 705w, https:\/\/i0.wp.com\/aynakol.org\/wp-content\/uploads\/2015\/09\/Vuelta2015_Stage19_Winner_Alexis_Gougeard1.jpg?w=1597 1597w\" sizes=\"auto, (max-width: 705px) 100vw, 705px\" \/><\/a><p id=\"caption-attachment-1982\" class=\"wp-caption-text\">Alexis GOUGEARD (FRA) ag2r &#8211; La Mondiale, ilk b\u00fcy\u00fck tur zaferini kutlarken Foto : Yuzuru SUNADA<\/p><\/div>\n<p>19. etab\u0131n sonu bir \u00f6ncekinin t\u0131pk\u0131 bas\u0131m\u0131 idi:<\/p>\n<ul>\n<li>ka\u00e7anlar etab\u0131 kazan\u0131rken,<\/li>\n<li>etab\u0131n sonuna 16 dakika geriden\u00a0gelen klasman\u0131n ilk on s\u0131ras\u0131 son 2 km&#8217;de atak yapt\u0131<\/li>\n<\/ul>\n<p>K\u0131saca yar\u0131\u015f i\u00e7inde yar\u0131\u015f izliyoruz son iki etapt\u0131r ve bunda Vuelta&#8217;n\u0131n \u00e7etin ceviz olmas\u0131n\u0131n pay\u0131 b\u00fcy\u00fck! Unutmadan k\u0131rm\u0131z\u0131 mayo &#8211; maillot rojo h\u00e2l\u00e2 ortada ve kimse tam olarak sahiplenebilmi\u015f de\u011fil!<\/p>\n<p><iframe loading=\"lazy\" src=\"https:\/\/www.youtube.com\/embed\/6oOYuvaPEkE\" width=\"560\" height=\"315\" frameborder=\"0\" allowfullscreen=\"allowfullscreen\"><\/iframe><\/p>\n<p>Alexis Gougeard kendi etab\u0131n\u0131 tamamlad\u0131ktan sonra genel klasman\u0131n ilk on s\u0131ras\u0131ndaki pedallar\u0131n etab\u0131n\u0131n bitmesine daha bid 16 dakika vard\u0131. Bitime son 5 km kala Valverde&#8217;nin ata\u011f\u0131 sadece 3 km i\u015fe yarad\u0131. sonras\u0131 bildik hikaye: t\u0131rman\u0131\u015f ba\u015flar ba\u015flamaz parke ta\u015fl\u0131 yollarda ba\u015flad\u0131 ve Valverde yakaland\u0131. Team Giant-Alpecin bu sefer Dumolin&#8217;in ata\u011f\u0131 i\u00e7in yek v\u00fccut olup Astana&#8217;y\u0131 oyunun d\u0131\u015f\u0131na itince Dumoulin son 1800 metrede ata\u011f\u0131n\u0131 yapt\u0131 ve pe\u015fine tak\u0131lmaya \u00e7al\u0131\u015fan Fabio Aru&#8217;yu silkeledi ve Aru&#8217;nun 3 saniye \u00f6n\u00fcnde etab\u0131 bitirdi.<\/p>\n<div id=\"attachment_1981\" style=\"width: 715px\" class=\"wp-caption aligncenter\"><a href=\"https:\/\/i0.wp.com\/aynakol.org\/wp-content\/uploads\/2015\/09\/Vuelta2015_Stage19_Dumoulin_attacked_to_Aru.jpg\"><img data-recalc-dims=\"1\" loading=\"lazy\" decoding=\"async\" aria-describedby=\"caption-attachment-1981\" data-attachment-id=\"1981\" data-permalink=\"http:\/\/aynakol.org\/?attachment_id=1981\" data-orig-file=\"https:\/\/i0.wp.com\/aynakol.org\/wp-content\/uploads\/2015\/09\/Vuelta2015_Stage19_Dumoulin_attacked_to_Aru.jpg?fit=1600%2C1066\" data-orig-size=\"1600,1066\" data-comments-opened=\"1\" data-image-meta=\"{&quot;aperture&quot;:&quot;5.6&quot;,&quot;credit&quot;:&quot;Yuzuru SUNADA&quot;,&quot;camera&quot;:&quot;Canon EOS-1D X&quot;,&quot;caption&quot;:&quot;11 September 2015\\n70th Vuelta a Espana\\nStage 19 : Medina del Campo - Avila\\nDUMOULIN Tom (NED) Giant - Alpecin, Maillot Rojo\\nARU Fabio (ITA) Astana\\nPhoto : Yuzuru SUNADA&quot;,&quot;created_timestamp&quot;:&quot;1441993465&quot;,&quot;copyright&quot;:&quot;Yuzuru SUNADA&quot;,&quot;focal_length&quot;:&quot;349&quot;,&quot;iso&quot;:&quot;1000&quot;,&quot;shutter_speed&quot;:&quot;0.001&quot;,&quot;title&quot;:&quot;&quot;,&quot;orientation&quot;:&quot;1&quot;}\" data-image-title=\"Vuelta2015_Stage19_Dumoulin_attacked_to_Aru\" data-image-description=\"\" data-image-caption=\"&lt;p&gt;Dumoulin, atak sonras\u0131 en yak\u0131n rakibi Aru&amp;#8217;yu kontrol ediyor.&lt;\/p&gt;\n\" data-large-file=\"https:\/\/i0.wp.com\/aynakol.org\/wp-content\/uploads\/2015\/09\/Vuelta2015_Stage19_Dumoulin_attacked_to_Aru.jpg?fit=860%2C573\" class=\"size-large wp-image-1981\" src=\"https:\/\/i0.wp.com\/aynakol.org\/wp-content\/uploads\/2015\/09\/Vuelta2015_Stage19_Dumoulin_attacked_to_Aru.jpg?resize=705%2C470\" alt=\"Dumoulin, atak sonras\u0131 en yak\u0131n rakibi Aru'yu kontrol ediyor.\" width=\"705\" height=\"470\" srcset=\"https:\/\/i0.wp.com\/aynakol.org\/wp-content\/uploads\/2015\/09\/Vuelta2015_Stage19_Dumoulin_attacked_to_Aru.jpg?resize=1024%2C682 1024w, https:\/\/i0.wp.com\/aynakol.org\/wp-content\/uploads\/2015\/09\/Vuelta2015_Stage19_Dumoulin_attacked_to_Aru.jpg?resize=300%2C200 300w, https:\/\/i0.wp.com\/aynakol.org\/wp-content\/uploads\/2015\/09\/Vuelta2015_Stage19_Dumoulin_attacked_to_Aru.jpg?resize=705%2C470 705w, https:\/\/i0.wp.com\/aynakol.org\/wp-content\/uploads\/2015\/09\/Vuelta2015_Stage19_Dumoulin_attacked_to_Aru.jpg?w=1600 1600w\" sizes=\"auto, (max-width: 705px) 100vw, 705px\" \/><\/a><p id=\"caption-attachment-1981\" class=\"wp-caption-text\">Dumoulin, atak sonras\u0131 en yak\u0131n rakibi Aru&#8217;yu kontrol ediyor.<\/p><\/div>\n<p>Dumoulin \u015fimdilik k\u0131rm\u0131z\u0131 mayoyu Aru&#8217;nun 6 saniye\u00a0\u00f6n\u00fcnde\u00a0korumay\u0131 ba\u015farsa da yar\u0131n ki son da\u011fl\u0131k etapta i\u015fi zor. Zira Andorra olsun, Ermita del ALba olsun etab\u0131 25 &#8211;\u00a070 saniye geriden bitirdi\u011fini g\u00f6rd\u00fck. Astana da\u011fl\u0131k etaplarda di\u011fer t\u00fcm tak\u0131mlardan daha iyi ve zaman fark\u0131 bu kadar az iken Aru &#8211; Landa ikilisi hem etap zaferi hem de k\u0131rm\u0131z\u0131 mayo i\u00e7in sald\u0131racakt\u0131r. Dumoulin ise bug\u00fcn safr etti\u011fi eforun ac\u0131s\u0131n\u0131 yar\u0131n \u00e7ekecek gibi, zira yar\u0131n savunma de\u011fil sald\u0131r\u0131 g\u00fcn\u00fc!<\/p>\n<p><strong>Etap sonras\u0131 genel klasman<\/strong><\/p>\n<pre>NED  1  DUMOULIN, Tom (GIANT - ALPECIN)                          73:45:13\r\nITA  2  ARU, Fabio (ASTANA)                                       +     3\r\nESP  3  RODRIGUEZ OLIVER, Joaquim (KATUSHA)                       +  1:15\r\nPOL  4  MAJKA, Rafal (TINKOFF - SAXO)                             +  2:22\r\nCOL  5  QUINTANA ROJAS, Nairo Alexander (MOVISTAR)                +  2:53\r\nESP  6  VALVERDE BELMONTE, Alejandro (MOVISTAR)                   +  3:15\r\nCOL  7  CHAVES RUBIO, Johan Esteban (ORICA GreenEDGE)             +  3:30\r\nESP  8  MORENO FERNANDEZ, Daniel (KATUSHA)                        +  3:46\r\nESP  9  NIEVE ITURALDE, Mikel (SKY)                               +  4:10\r\nRSA  10 MEINTJES, Louis (MTN - QHUBEKA)                           +  6:51\r\nITA  11 POZZOVIVO, Domenico (AG2R LA MONDIALE)                    +  7:41<\/pre>\n<p>Etapta an be an ya\u015fananlar\u0131 Ek\u015fi Sjzl\u00fck yazar\u0131 <a href=\"https:\/\/eksisozluk.com\/biri\/zeddicus-zu-l-zorander\" target=\"_blank\">zeddicus zu l zorander<\/a>&#8216;den dinliyoruz:<\/p>\n<blockquote><p><a class=\"url\" title=\"http:\/\/www.steephill.tv\/players\/profile\/?race=vuelta-a-espana&amp;stage=19&amp;year=2015&amp;src=http:\/\/www.steephill.tv\/2015\/vuelta-a-espana\/profile-19.jpg\" href=\"http:\/\/www.steephill.tv\/players\/profile\/?race=vuelta-a-espana&amp;stage=19&amp;year=2015&amp;src=http:\/\/www.steephill.tv\/2015\/vuelta-a-espana\/profile-19.jpg\" target=\"_blank\" rel=\"nofollow\">185.8 km&#8217;lik 19. etab\u0131<\/a>, yani <a class=\"b\" href=\"https:\/\/eksisozluk.com\/?q=medina+del+campo\">medina del campo<\/a> \u203a <a class=\"b\" href=\"https:\/\/eksisozluk.com\/?q=avila\">avila<\/a> etab\u0131n\u0131 ka\u00e7\u0131\u015f grubundan <a class=\"b\" href=\"https:\/\/eksisozluk.com\/?q=alexis+gougeard\">alexis gougeard<\/a> kazand\u0131. kariyerinin en b\u00fcy\u00fck zaferi.<\/p>\n<p><a class=\"url\" title=\"https:\/\/pbs.twimg.com\/media\/COoebz5W8AEeIZ6.jpg\" href=\"https:\/\/pbs.twimg.com\/media\/COoebz5W8AEeIZ6.jpg\" target=\"_blank\" rel=\"nofollow\">https:\/\/pbs.twimg.com\/media\/cooebz5w8aeeiz6.jpg<\/a><br \/>\n<a class=\"url\" title=\"https:\/\/pbs.twimg.com\/media\/COoeQ2aXAAQyHVk.png:large\" href=\"https:\/\/pbs.twimg.com\/media\/COoeQ2aXAAQyHVk.png:large\" target=\"_blank\" rel=\"nofollow\">https:\/\/pbs.twimg.com\/\u2026ia\/cooeq2axaaqyhvk.png:large<\/a><br \/>\n<a class=\"url\" title=\"https:\/\/pbs.twimg.com\/media\/COoi4FkWsAABPn7.png:large\" href=\"https:\/\/pbs.twimg.com\/media\/COoi4FkWsAABPn7.png:large\" target=\"_blank\" rel=\"nofollow\">https:\/\/pbs.twimg.com\/\u2026ia\/cooi4fkwsaabpn7.png:large<\/a><br \/>\n<a class=\"url\" title=\"https:\/\/twitter.com\/mundociclistico\/status\/642359478919278592\" href=\"https:\/\/twitter.com\/mundociclistico\/status\/642359478919278592\" target=\"_blank\" rel=\"nofollow\">https:\/\/twitter.com\/\u2026tico\/status\/642359478919278592<\/a><\/p>\n<p>arnavut kald\u0131r\u0131m\u0131nda tom dumoulin atak yapt\u0131 ve 3 sn kadar bir fark att\u0131 aru&#8217;ya. genel klasmandaki fark 6 saniyeye \u00e7\u0131kt\u0131.<\/p>\n<p>etaba 161 bisiklet\u00e7i ba\u015flad\u0131. maarten tjallingii (lotto nl &#8211; jumbo), etaba ba\u015flamayan isim.<\/p>\n<p>yar\u0131\u015f\u0131n 7. km&#8217;sinde ka\u00e7\u0131\u015flar ba\u015flad\u0131.<\/p>\n<p>etab\u0131n 20. km&#8217;sinde 24 ki\u015filik ka\u00e7\u0131\u015f grubu ile peloton aras\u0131ndaki fark 5.50 dk kadard\u0131.<\/p>\n<p>ka\u00e7\u0131\u015ftaki isimler<br \/>\nteam sky: christian knees<br \/>\nag2r &#8211; la mondiale: alexis gougeard<br \/>\nbmc: amael moinard<br \/>\ncaja rural &#8211; seguros rga: david arroyo, ricardo vilela<br \/>\ncofidis: cyril lemoine<br \/>\ncolombia: fabio duarte, leonardo duque, juan pablo valencia<br \/>\netixx &#8211; quick step: maxime bouet<br \/>\nfdj: mickael delage<br \/>\niam cycling: j\u00e9r\u00f4me coppel<br \/>\nlampre &#8211; merida: nelson oliveira<br \/>\nlotto soudal: maxime monfort, tosh van der sande<br \/>\nmovistar: andrey amador, francisco ventoso<br \/>\nmtn &#8211; qhubeka: natnael berhane<br \/>\ncannondale &#8211; garmin: ben king<br \/>\neuropcar: jimmy engoulvent<br \/>\nkatusha: tiago machado, eduard vorganov<br \/>\ntinkoff &#8211; saxo: pavel brutt<br \/>\ntrek factory: markel irizar<\/p>\n<p>30. km&#8217;de fark 9.17 dk.<\/p>\n<p>55. km&#8217;de fark 12.58 dk.<\/p>\n<p>bir\u00e7ok bisiklet\u00e7inin kar\u0131\u015ft\u0131\u011f\u0131 bir kaza olmu\u015f. fabio aru ve baz\u0131 giant &#8211; alpecin bisiklet\u00e7ileri kazaya kar\u0131\u015fan isimler. tom dumoulin de kazaya kar\u0131\u015fan isimlerden.<\/p>\n<p>tom dumoulin ve fabio aru, kazadan sonra pelotona geri d\u00f6nd\u00fcler.<\/p>\n<p>fabio aru, medikal arabay\u0131 \u00e7a\u011f\u0131rm\u0131\u015f.<\/p>\n<p>kazadan sonra zaman fark\u0131 biraz daha a\u00e7\u0131ld\u0131. 80. km&#8217;de fark 15.45i john degenkolb (giant &#8211; alpecin) ve salvatore puccio (team sky), kazan\u0131n ard\u0131ndan pelotona kat\u0131ld\u0131.<\/p>\n<p>etab\u0131n bitimine 81 km kala ge\u00e7ilecek olan, 3. kategoriden <a class=\"b\" href=\"https:\/\/eksisozluk.com\/?q=alto+de+valdavia\">alto de valdavia<\/a> (1440 m y\u00fckseklik, 13 km uzunluk, %2.7 ortalama e\u011fim) t\u0131rman\u0131\u015f\u0131na 24 ki\u015filik ka\u00e7\u0131\u015f grubu ba\u015flad\u0131.<\/p>\n<p>giant &#8211; alpecin, tom dumoulin&#8217;in kazaya kar\u0131\u015fmad\u0131\u011f\u0131 y\u00f6n\u00fcnde a\u00e7\u0131klama yapt\u0131.<\/p>\n<p>maxime bouet, g\u00fcn\u00fcn ilk zirvesinden ge\u00e7en ilk isim olarak 3 puan al\u0131rken, christian knees, 2, ricardo vilela, 1 puan ald\u0131.<\/p>\n<p>70 km kala fark 15.45 dk.<\/p>\n<p>50 km kala fark 15.40 dk.<\/p>\n<p>40 km civar\u0131 ka\u00e7\u0131\u015f grubundan tiago machado, ka\u00e7\u0131\u015f grubundan ka\u00e7t\u0131 ve liderli\u011fi ald\u0131. markel irizar, onu takip etmeye \u00e7al\u0131\u015f\u0131yor.<\/p>\n<p>29.8 km kala leonardo duque ve alexis gougeard, tiago machado&#8217;yu yakalad\u0131. takip uzakta de\u011fil.<\/p>\n<p>28 km kala ge\u00e7ilen ara sprint kap\u0131s\u0131ndan ilk s\u0131rada ge\u00e7en alexis gougeard, 4 puan\u0131 al\u0131rken, leonardo duque, 2 ve tiago machado, 1 puan\u0131 ald\u0131.<\/p>\n<p>etab\u0131n bitimine 19 km kala ge\u00e7ilecek olan, 2. kategoriden <a class=\"b\" href=\"https:\/\/eksisozluk.com\/?q=alto+la+paramera\">alto la paramera<\/a> (1395 m y\u00fckseklik, 8.7 km uzunluk, %4.5 ortalama e\u011fim) t\u0131rman\u0131\u015f\u0131na ba\u015fland\u0131.<\/p>\n<p>alexis gougeard (ag2r &#8211; la mondiale) ve tiago machado (katusha), liderli\u011fi ald\u0131.<\/p>\n<p>22 km kala alexis gougeard, machado&#8217;yu geride b\u0131rak\u0131p liderli\u011fi ald\u0131.<\/p>\n<p>20 km kala monfort, moinard, amador, machado, 25 sn kadar geriden lideri takip ediyor.<\/p>\n<p>zirveden ilk s\u0131rada ge\u00e7en alexis gougeard, 5 puan al\u0131rken, maxime monfort, 3 ve andrey amador, 1 puan ald\u0131.<\/p>\n<p>15 km kala peloton 17.35 dk kadar geride.<\/p>\n<p>10 km kala stephane rossetto (cofidis) bir kaza yapt\u0131.<\/p>\n<p>8 km kala, amador, moinard, monfort ve machado, 18 sn kadar geriden takip ediyorlar.<\/p>\n<p>7 km kala valverde biraz \u00f6ne \u00e7\u0131kt\u0131. ye\u015fil mayoyu istiyor.<\/p>\n<p>5 km kala alexis gougeard, 20 sn kadar farkla lider.<\/p>\n<p>4 km kala valverde birazc\u0131k daha farkla \u00f6nde \u00f6nemli isimlerin.<br \/>\n<a class=\"url\" title=\"https:\/\/pbs.twimg.com\/media\/COocySvWUAAXOPV.jpg:large\" href=\"https:\/\/pbs.twimg.com\/media\/COocySvWUAAXOPV.jpg:large\" target=\"_blank\" rel=\"nofollow\">https:\/\/pbs.twimg.com\/\u2026ia\/coocysvwuaaxopv.jpg:large<\/a><\/p>\n<p>2 km kala fark 31 sn.<br \/>\n<a class=\"url\" title=\"https:\/\/pbs.twimg.com\/media\/COodZphWEAEX7Qw.png:large\" href=\"https:\/\/pbs.twimg.com\/media\/COodZphWEAEX7Qw.png:large\" target=\"_blank\" rel=\"nofollow\">https:\/\/pbs.twimg.com\/\u2026ia\/coodzphweaex7qw.png:large<\/a><\/p>\n<p>zirve fini\u015fi ile bitecek olan, 1.1 km uzunlu\u011funda, %4.7 ortalama, %11 max e\u011fime sahip <a class=\"b\" href=\"https:\/\/eksisozluk.com\/?q=ronda+vieja\">ronda vieja<\/a> t\u0131rman\u0131\u015f\u0131na alexis gougeard ba\u015flad\u0131. etaba gidiyor. ta\u015fl\u0131 yollardan gidiyor.<\/p>\n<p>son 700 m, asfalta ge\u00e7ti. etaba gidiyor alexis gougeard.<\/p>\n<p>alexis gougeard, etab\u0131 ald\u0131. harika bir galibiyet.<\/p>\n<p>favori isimlerin gelmesine daha \u00e7ok var.<\/p>\n<p>10 km kala valverde yine atak yapt\u0131. purito ve aru \u00f6nde. ama arkadakiler yap\u0131\u015ft\u0131lar.<\/p>\n<p>9.3 km kala valverde ine f\u0131rlad\u0131. diego rosa (astana), ona yap\u0131\u015ft\u0131.<br \/>\n<a class=\"url\" title=\"https:\/\/pbs.twimg.com\/media\/COofwhIWEAAB_x8.jpg\" href=\"https:\/\/pbs.twimg.com\/media\/COofwhIWEAAB_x8.jpg\" target=\"_blank\" rel=\"nofollow\">https:\/\/pbs.twimg.com\/media\/coofwhiweaab_x8.jpg<\/a><\/p>\n<p>4 km kala valverde, 12 sn kadar farkla \u00f6nde.<\/p>\n<p>1.8 km kaal valverde arnavut kald\u0131r\u0131m\u0131na girdi. di\u011fer isimler yak\u0131n. 1.6 km kala valverde yakaland\u0131. tom, atak yapacak galiba.<\/p>\n<p>1.5 km kala tom f\u0131rlad\u0131. aru takip etmeye \u00e7al\u0131\u015f\u0131yor.<br \/>\n<a class=\"url\" title=\"https:\/\/twitter.com\/muhabirinkosesi\/status\/642363988706217985\" href=\"https:\/\/twitter.com\/muhabirinkosesi\/status\/642363988706217985\" target=\"_blank\" rel=\"nofollow\">https:\/\/twitter.com\/\u2026sesi\/status\/642363988706217985<\/a><\/p>\n<p>son km, tom yine h\u0131zland\u0131. aru, pozzovivo&#8217;nun arkas\u0131na saklanm\u0131\u015f geliyor.<br \/>\n<a class=\"url\" title=\"https:\/\/pbs.twimg.com\/media\/COoiEOlWEAEJFGe.png:large\" href=\"https:\/\/pbs.twimg.com\/media\/COoiEOlWEAEJFGe.png:large\" target=\"_blank\" rel=\"nofollow\">https:\/\/pbs.twimg.com\/\u2026ia\/cooieolweaejfge.png:large<\/a><\/p>\n<p>tom, \u00e7izgiden ge\u00e7ti. 2-3 sn sonra aru ge\u00e7ti. yar\u0131nki \u00f6nemli etap \u00f6ncesi biraz daha fark\u0131 a\u00e7may\u0131 ba\u015fard\u0131.<br \/>\n<a class=\"url\" title=\"https:\/\/pbs.twimg.com\/media\/COoh8tgW8AAxs6U.jpg\" href=\"https:\/\/pbs.twimg.com\/media\/COoh8tgW8AAxs6U.jpg\" target=\"_blank\" rel=\"nofollow\">https:\/\/pbs.twimg.com\/media\/cooh8tgw8aaxs6u.jpg<\/a><br \/>\n<a class=\"url\" title=\"https:\/\/pbs.twimg.com\/media\/COoh8wWW8AEcigr.jpg\" href=\"https:\/\/pbs.twimg.com\/media\/COoh8wWW8AEcigr.jpg\" target=\"_blank\" rel=\"nofollow\">https:\/\/pbs.twimg.com\/media\/cooh8www8aecigr.jpg<\/a><\/p><\/blockquote>\n<p><strong>Daha fazlas\u0131 i\u00e7in:<\/strong><\/p>\n<ul>\n<li>S\u0131ral\u0131 tam liste: <a href=\"http:\/\/www.procyclingstats.com\/race\/Vuelta_a_Espana_2015_Stage19\" target=\"_blank\">ProCyclingStats.com<\/a><\/li>\n<li>Vuelta a Espana 2015 hakk\u0131nda her \u015fey: <a href=\"http:\/\/www.steephill.tv\/vuelta-a-espana\/#19-preview-2015\" target=\"_blank\">SteepHill.TV<\/a><\/li>\n<li>Vuelta a Espana 2015 Twitter hesaplar\u0131:\n<ul>\n<li>Resmi hesap: <strong><a href=\"https:\/\/twitter.com\/lavuelta\" target=\"_blank\">@lavuelta<\/a><\/strong><\/li>\n<li>T\u00fcrk\u00e7e neler olmu\u015f? <strong><a href=\"https:\/\/twitter.com\/hashtag\/vueltatr?src=hash\" target=\"_blank\">#vueltaTR<\/a><\/strong><\/li>\n<li>\u0130ngilizce neler olmu\u015f? <a href=\"https:\/\/twitter.com\/hashtag\/LV2015?src=hash\" target=\"_blank\"><strong>#LV2015<\/strong><\/a><\/li>\n<\/ul>\n<\/li>\n<li>Ayr\u0131ca hep sanal olacak de\u011fil ya, biraz da nostalji, biraz da bas\u0131l\u0131 belge bilgi: Cyclist T\u00fcrkiye Dergisinin bu ayki say\u0131s\u0131nda Buyruk Alparslan\u2019\u0131n kaleme ald\u0131\u011f\u0131 Vuelta 2015 dosyas\u0131 da elinizin alt\u0131nda olsun.<\/li>\n<\/ul>\n","protected":false},"excerpt":{"rendered":"<p>18. ger\u00e7ekten de \u00f6zlenen ataklar\u0131 bizlere izletti: Etab\u0131 Chris Froome&#8217;un Andorra etab\u0131 sonras\u0131 yar\u0131\u015f\u0131 b\u0131rak\u0131nca moral bozuklu\u011fuyla devam eden Team SKY&#8217;\u0131n \u0130rlandal\u0131 pedal\u0131 Nicolas Roche [&#8230;]<\/p>\n","protected":false},"author":1,"featured_media":1965,"comment_status":"open","ping_status":"open","sticky":false,"template":"","format":"standard","meta":{"jetpack_post_was_ever_published":false,"_jetpack_newsletter_access":"","_jetpack_dont_email_post_to_subs":false,"_jetpack_newsletter_tier_id":0,"_jetpack_memberships_contains_paywalled_content":false,"_jetpack_memberships_contains_paid_content":false,"footnotes":"","jetpack_publicize_message":"","jetpack_publicize_feature_enabled":true,"jetpack_social_post_already_shared":true,"jetpack_social_options":{"image_generator_settings":{"template":"highway","default_image_id":0,"font":"","enabled":false},"version":2}},"categories":[92,91],"tags":[569,65,80,984,24,17,43,26,980,963,25,982,16,233,952,955,953,411,773,222,981,562,979,41,28,966,234,983],"class_list":["post-1970","post","type-post","status-publish","format-standard","has-post-thumbnail","hentry","category-grand","category-vuelta-2","tag-ag2r-la-mondiale","tag-alejandro-valverde","tag-alessandro-de-marchi","tag-alexis-gougeard","tag-astana","tag-bisiklet-turu","tag-bmc","tag-chris-froome","tag-danny-van-poppel","tag-esteban-chaves","tag-fabio-aru","tag-frank-schleck","tag-ispanya","tag-ispanya-bisiklet-turu","tag-la-vuelta","tag-la-vuelta-a-espana","tag-lv2015","tag-madonna-del-ghisallo","tag-mikel-landa","tag-nairo-quintana","tag-nelson-oliviera","tag-nicolas-roche","tag-purito-rodriguez","tag-queen-stage","tag-rafal-majka","tag-tom-dumoulin","tag-vuelta-a-espana","tag-vueltatr-invidual-time-trial"],"jetpack_publicize_connections":[],"jetpack_featured_media_url":"https:\/\/i0.wp.com\/aynakol.org\/wp-content\/uploads\/2015\/09\/Vuelta2015_Stage18_peloton.jpg?fit=1600%2C737","jetpack_sharing_enabled":true,"jetpack_shortlink":"https:\/\/wp.me\/p51p4O-vM","jetpack_likes_enabled":true,"jetpack-related-posts":[{"id":1805,"url":"http:\/\/aynakol.org\/?p=1805","url_meta":{"origin":1970,"position":0},"title":"#LV2015 La Vuelta a Espana 9. Etap: Torrevieja \u2192 Cumbre del Sol","author":"Ayd\u0131n Bez","date":"29 A\u011fustos 2015","format":false,"excerpt":"Pelotonun kazalardan g\u00f6z\u00fcn\u00fc a\u00e7amad\u0131\u011f\u0131 8. etapta saf sprinterlerin s\u0131caktan, t\u0131rman\u0131\u015ftan ve kazalardan dolay\u0131 geride kalmas\u0131yla etap tamam\u0131 ile iyi pozisyon alan tek ki\u015fiye kald\u0131: Jasper Stuyven (TREK Racing Factory) Eteb\u0131n bitmesine 50 km kala ya\u015fanan b\u00fcy\u00fck kazada Tejay van Garderen, Dan Martin, Frank Schlek, Nacer Bouhanni ve bir\u00e7ok isim yere\u2026","rel":"","context":"&quot;Grand Tour&quot; i\u00e7inde","block_context":{"text":"Grand Tour","link":"http:\/\/aynakol.org\/?cat=92"},"img":{"alt_text":"","src":"https:\/\/i0.wp.com\/aynakol.org\/wp-content\/uploads\/2015\/08\/Vuelta2015_Stage8_peloton0.jpg?fit=960%2C426&resize=350%2C200","width":350,"height":200,"srcset":"https:\/\/i0.wp.com\/aynakol.org\/wp-content\/uploads\/2015\/08\/Vuelta2015_Stage8_peloton0.jpg?fit=960%2C426&resize=350%2C200 1x, https:\/\/i0.wp.com\/aynakol.org\/wp-content\/uploads\/2015\/08\/Vuelta2015_Stage8_peloton0.jpg?fit=960%2C426&resize=525%2C300 1.5x, https:\/\/i0.wp.com\/aynakol.org\/wp-content\/uploads\/2015\/08\/Vuelta2015_Stage8_peloton0.jpg?fit=960%2C426&resize=700%2C400 2x"},"classes":[]},{"id":1884,"url":"http:\/\/aynakol.org\/?p=1884","url_meta":{"origin":1970,"position":1},"title":"#LV2015 La Vuelta a Espana 13. Etap: Catalayud \u2192 Tarazona","author":"Ayd\u0131n Bez","date":"3 Eyl\u00fcl 2015","format":false,"excerpt":"S\u0131rad\u0131\u015f\u0131 hi\u00e7bir \u015feyin olmad\u0131\u011f\u0131 12. etap ka\u011f\u0131t \u00fczerinde neyse ger\u00e7ekte de \u00f6yle oldu: r\u00fczgar gibi geldi ge\u00e7ti. Chris Froome 11. etapta ge\u00e7irdi\u011fi kaza sonras\u0131 aya\u011f\u0131nda olu\u015fan k\u0131r\u0131k\/\u00e7atlak y\u00fcz\u00fcnden etaba ba\u015flamad\u0131 ve yar\u0131\u015f\u0131 b\u0131rakt\u0131. Etab\u0131 TREK Racing Factory tak\u0131m\u0131n\u0131n Hollandal\u0131 gen\u00e7 pedal\u0131 Danny van Poppel kazan\u0131rken bu sene Vuelta'da bir t\u00fcrl\u00fc\u2026","rel":"","context":"&quot;Grand Tour&quot; i\u00e7inde","block_context":{"text":"Grand Tour","link":"http:\/\/aynakol.org\/?cat=92"},"img":{"alt_text":"","src":"https:\/\/i0.wp.com\/aynakol.org\/wp-content\/uploads\/2015\/09\/Vuelta2015_Stage11_The_grupetto_on_the_final_climb.jpg?fit=1001%2C562&resize=350%2C200","width":350,"height":200,"srcset":"https:\/\/i0.wp.com\/aynakol.org\/wp-content\/uploads\/2015\/09\/Vuelta2015_Stage11_The_grupetto_on_the_final_climb.jpg?fit=1001%2C562&resize=350%2C200 1x, https:\/\/i0.wp.com\/aynakol.org\/wp-content\/uploads\/2015\/09\/Vuelta2015_Stage11_The_grupetto_on_the_final_climb.jpg?fit=1001%2C562&resize=525%2C300 1.5x, https:\/\/i0.wp.com\/aynakol.org\/wp-content\/uploads\/2015\/09\/Vuelta2015_Stage11_The_grupetto_on_the_final_climb.jpg?fit=1001%2C562&resize=700%2C400 2x"},"classes":[]},{"id":1959,"url":"http:\/\/aynakol.org\/?p=1959","url_meta":{"origin":1970,"position":2},"title":"#LV2015 La Vuelta a Espana 18. Etap: Roa de Duero \u2192 Riaza","author":"Ayd\u0131n Bez","date":"10 Eyl\u00fcl 2015","format":false,"excerpt":"17. etapta k\u0131rm\u0131z\u0131 mayo yine el de\u011fi\u015ftirdi. Ge\u00e7en sene Alberto Contador maillot rojo'yu s\u0131rt\u0131na giydi\u011fi zaman sonuna dek ta\u015f\u0131m\u0131\u015ft\u0131. Bu sene ise yeniliklerin, dahas\u0131 gen\u00e7lerin senesi ve mayo s\u00fcrekli farkl\u0131 isimlerin s\u0131rt\u0131nda! Bireysel zamana kar\u015f\u0131 m\u00fccadelesinde Tom Dumoulin di\u011fer t\u00fcm favorilere fark atarak hem etab\u0131 kazand\u0131 hem de mayoyu ele\u2026","rel":"","context":"&quot;Grand Tour&quot; i\u00e7inde","block_context":{"text":"Grand Tour","link":"http:\/\/aynakol.org\/?cat=92"},"img":{"alt_text":"","src":"https:\/\/i0.wp.com\/aynakol.org\/wp-content\/uploads\/2015\/09\/Vuelta2015_Stage16_the_break.jpg?fit=1001%2C466&resize=350%2C200","width":350,"height":200,"srcset":"https:\/\/i0.wp.com\/aynakol.org\/wp-content\/uploads\/2015\/09\/Vuelta2015_Stage16_the_break.jpg?fit=1001%2C466&resize=350%2C200 1x, https:\/\/i0.wp.com\/aynakol.org\/wp-content\/uploads\/2015\/09\/Vuelta2015_Stage16_the_break.jpg?fit=1001%2C466&resize=525%2C300 1.5x, https:\/\/i0.wp.com\/aynakol.org\/wp-content\/uploads\/2015\/09\/Vuelta2015_Stage16_the_break.jpg?fit=1001%2C466&resize=700%2C400 2x"},"classes":[]},{"id":1748,"url":"http:\/\/aynakol.org\/?p=1748","url_meta":{"origin":1970,"position":3},"title":"#LV2015 Vuelta a Espa\u00f1a &#8211; 6. Etap: Cordoba \u2192 Cazorla","author":"Ayd\u0131n Bez","date":"26 A\u011fustos 2015","format":false,"excerpt":"5. Etap \u00f6zeti Toplu sprint biti\u015fine sahne olan 5. etab\u0131 kazanan Orica-GreenEdge tak\u0131m\u0131ndan Caleb Ewans olurken alt\u0131n mayoyu giyen tak\u0131m arkada\u015f\u0131 Esteban Chaves geride kal\u0131nda mayo Team Giant-Alpecin'den Tom Dumoulin'e ge\u00e7ti, Chris Froome di\u011fer GK iddial\u0131lar\u0131ndan saniye \u00e7alarak yukar\u0131 ta\u015f\u0131d\u0131 kendisini Sagan bu kez \u00fc\u00e7\u00fcnc\u00fc, be\u015finci etapla birlikte d\u00fczl\u00fck etaplar\u0131n\u2026","rel":"","context":"&quot;Grand Tour&quot; i\u00e7inde","block_context":{"text":"Grand Tour","link":"http:\/\/aynakol.org\/?cat=92"},"img":{"alt_text":"","src":"https:\/\/i0.wp.com\/aynakol.org\/wp-content\/uploads\/2015\/08\/Vuelta2015_Stage5_peloton.jpg?fit=1000%2C460&resize=350%2C200","width":350,"height":200,"srcset":"https:\/\/i0.wp.com\/aynakol.org\/wp-content\/uploads\/2015\/08\/Vuelta2015_Stage5_peloton.jpg?fit=1000%2C460&resize=350%2C200 1x, https:\/\/i0.wp.com\/aynakol.org\/wp-content\/uploads\/2015\/08\/Vuelta2015_Stage5_peloton.jpg?fit=1000%2C460&resize=525%2C300 1.5x, https:\/\/i0.wp.com\/aynakol.org\/wp-content\/uploads\/2015\/08\/Vuelta2015_Stage5_peloton.jpg?fit=1000%2C460&resize=700%2C400 2x"},"classes":[]},{"id":1725,"url":"http:\/\/aynakol.org\/?p=1725","url_meta":{"origin":1970,"position":4},"title":"#LV2015 Vuelta a Espana 2015 &#8211; 5. Etap: Rota \u2192 Alcal\u00e1 de Guad\u00e1ira","author":"Ayd\u0131n Bez","date":"26 A\u011fustos 2015","format":false,"excerpt":"4. Etap \u00d6zeti Kayda de\u011fer bir t\u0131rman\u0131\u015f\u0131n olmad\u0131\u011f\u0131 etapta Tejay van Garderen ufak bir kazaya kar\u0131\u015ft\u0131, ancak tak\u0131m arkada\u015flar\u0131 sayesinde pelotonu \u00e7abuk yakalad\u0131, Etab\u0131n sonunda yer alan ani e\u011fimli t\u0131rman\u0131\u015fta pe\u015fpe\u015fe ataklar gelse de Samuel Sanchez ve Nicolas Roche'dan Movistar'\u0131n klasikler kurdu, \u0130spanyol ulusal \u015fampiyonu Le Tour 2015 \u00fc\u00e7\u00fcnc\u00fcs\u00fc Alejandro\u2026","rel":"","context":"&quot;Grand Tour&quot; i\u00e7inde","block_context":{"text":"Grand Tour","link":"http:\/\/aynakol.org\/?cat=92"},"img":{"alt_text":"","src":"https:\/\/i0.wp.com\/aynakol.org\/wp-content\/uploads\/2015\/08\/Vuelta2015_stafe4_peloton_0.jpg?fit=960%2C363&resize=350%2C200","width":350,"height":200,"srcset":"https:\/\/i0.wp.com\/aynakol.org\/wp-content\/uploads\/2015\/08\/Vuelta2015_stafe4_peloton_0.jpg?fit=960%2C363&resize=350%2C200 1x, https:\/\/i0.wp.com\/aynakol.org\/wp-content\/uploads\/2015\/08\/Vuelta2015_stafe4_peloton_0.jpg?fit=960%2C363&resize=525%2C300 1.5x, https:\/\/i0.wp.com\/aynakol.org\/wp-content\/uploads\/2015\/08\/Vuelta2015_stafe4_peloton_0.jpg?fit=960%2C363&resize=700%2C400 2x"},"classes":[]},{"id":5438,"url":"http:\/\/aynakol.org\/?p=5438","url_meta":{"origin":1970,"position":5},"title":"#Vuelta2017 3. Etap: Prades \u2192 Andorra, 159 km","author":"Ayd\u0131n Bez","date":"21 A\u011fustos 2017","format":false,"excerpt":"D\u00fcnk\u00fc Fransadan \u0130spanyaya do\u011fru yol ald\u0131\u011f\u0131m\u0131z ge\u00e7i\u015f etab\u0131 sonras\u0131 bug\u00fcn genel klasman\u0131n \u015fekillenece\u011fi bir 159 km var kar\u015f\u0131m\u0131zda. Fransadan ba\u015flay\u0131p \u0130spanyaya, oradan da \u0130spanya ve Fransa aras\u0131nda s\u0131k\u0131\u015f\u0131p kalm\u0131\u015f il\u00e7eden hallice bir \u00fclke olan Andorrada sona eren 3. etap 159 km uzunlu\u011funda. En son 2015 y\u0131l\u0131nda Mikel Landa'n\u0131n zaferiyle sona\u2026","rel":"","context":"&quot;Vuelta a Espana&quot; i\u00e7inde","block_context":{"text":"Vuelta a Espana","link":"http:\/\/aynakol.org\/?cat=91"},"img":{"alt_text":"","src":"https:\/\/i0.wp.com\/aynakol.org\/wp-content\/uploads\/2017\/08\/LV2017_stage3_winner_Vincenzo_Nibali.jpg?fit=1200%2C400&resize=350%2C200","width":350,"height":200,"srcset":"https:\/\/i0.wp.com\/aynakol.org\/wp-content\/uploads\/2017\/08\/LV2017_stage3_winner_Vincenzo_Nibali.jpg?fit=1200%2C400&resize=350%2C200 1x, https:\/\/i0.wp.com\/aynakol.org\/wp-content\/uploads\/2017\/08\/LV2017_stage3_winner_Vincenzo_Nibali.jpg?fit=1200%2C400&resize=525%2C300 1.5x, https:\/\/i0.wp.com\/aynakol.org\/wp-content\/uploads\/2017\/08\/LV2017_stage3_winner_Vincenzo_Nibali.jpg?fit=1200%2C400&resize=700%2C400 2x, https:\/\/i0.wp.com\/aynakol.org\/wp-content\/uploads\/2017\/08\/LV2017_stage3_winner_Vincenzo_Nibali.jpg?fit=1200%2C400&resize=1050%2C600 3x"},"classes":[]}],"_links":{"self":[{"href":"http:\/\/aynakol.org\/index.php?rest_route=\/wp\/v2\/posts\/1970","targetHints":{"allow":["GET"]}}],"collection":[{"href":"http:\/\/aynakol.org\/index.php?rest_route=\/wp\/v2\/posts"}],"about":[{"href":"http:\/\/aynakol.org\/index.php?rest_route=\/wp\/v2\/types\/post"}],"author":[{"embeddable":true,"href":"http:\/\/aynakol.org\/index.php?rest_route=\/wp\/v2\/users\/1"}],"replies":[{"embeddable":true,"href":"http:\/\/aynakol.org\/index.php?rest_route=%2Fwp%2Fv2%2Fcomments&post=1970"}],"version-history":[{"count":6,"href":"http:\/\/aynakol.org\/index.php?rest_route=\/wp\/v2\/posts\/1970\/revisions"}],"predecessor-version":[{"id":1983,"href":"http:\/\/aynakol.org\/index.php?rest_route=\/wp\/v2\/posts\/1970\/revisions\/1983"}],"wp:featuredmedia":[{"embeddable":true,"href":"http:\/\/aynakol.org\/index.php?rest_route=\/wp\/v2\/media\/1965"}],"wp:attachment":[{"href":"http:\/\/aynakol.org\/index.php?rest_route=%2Fwp%2Fv2%2Fmedia&parent=1970"}],"wp:term":[{"taxonomy":"category","embeddable":true,"href":"http:\/\/aynakol.org\/index.php?rest_route=%2Fwp%2Fv2%2Fcategories&post=1970"},{"taxonomy":"post_tag","embeddable":true,"href":"http:\/\/aynakol.org\/index.php?rest_route=%2Fwp%2Fv2%2Ftags&post=1970"}],"curies":[{"name":"wp","href":"https:\/\/api.w.org\/{rel}","templated":true}]}}