{"id":1978,"date":"2015-09-11T21:03:05","date_gmt":"2015-09-11T18:03:05","guid":{"rendered":"http:\/\/aynakol.org\/?p=1978"},"modified":"2015-09-12T22:37:45","modified_gmt":"2015-09-12T19:37:45","slug":"lv2015-la-vuelta-a-espana-20-etap-san-lorenzo-de-el-escorial-%e2%86%92-cercedilla","status":"publish","type":"post","link":"http:\/\/aynakol.org\/?p=1978","title":{"rendered":"#LV2015 La Vuelta a Espana 20. Etap: San Lorenzo de El Escorial \u2192 Cercedilla"},"content":{"rendered":"<p>19. etap t\u0131pk\u0131 bas\u0131m gibiydi adeta:<\/p>\n<ul>\n<li>ka\u00e7anlar\u0131n zaferine sahne olurken ag2r La Mondiale tak\u0131m\u0131n\u0131n Frans\u0131z pedal\u0131 Alexis Gougeard etab\u0131 kazand\u0131!<\/li>\n<li>Tom Dumoulin k\u0131rm\u0131z\u0131 mayoyu yar\u0131nki etapta sa\u011flama alabilmek i\u00e7in son 2 km kala atak yapt\u0131 ve Fabio Aru&#8217;dan 3 saniye daha \u00e7alarak fark\u0131 6 saniyeye \u00e7\u0131kartt\u0131.<\/li>\n<li><span style=\"color: #ffffff; background-color: #ff0000;\">K\u0131rm\u0131z\u0131 mayo<\/span> h\u00e2l\u00e2 Tom Dumoulin&#8217;en s\u0131rt\u0131nda!<\/li>\n<\/ul>\n<p><a href=\"https:\/\/i0.wp.com\/aynakol.org\/wp-content\/uploads\/2015\/09\/Vuelta2015_Stage19_Dumoulin_attacked_to_Aru_1.jpg\"><img data-recalc-dims=\"1\" loading=\"lazy\" decoding=\"async\" data-attachment-id=\"1984\" data-permalink=\"http:\/\/aynakol.org\/?attachment_id=1984\" data-orig-file=\"https:\/\/i0.wp.com\/aynakol.org\/wp-content\/uploads\/2015\/09\/Vuelta2015_Stage19_Dumoulin_attacked_to_Aru_1.jpg?fit=1000%2C667\" data-orig-size=\"1000,667\" data-comments-opened=\"1\" data-image-meta=\"{&quot;aperture&quot;:&quot;0&quot;,&quot;credit&quot;:&quot;Watson&quot;,&quot;camera&quot;:&quot;&quot;,&quot;caption&quot;:&quot;Tom Dumoulin attacks on stage nineteen of the 2015 Tour of Spain&quot;,&quot;created_timestamp&quot;:&quot;1441929600&quot;,&quot;copyright&quot;:&quot;&quot;,&quot;focal_length&quot;:&quot;0&quot;,&quot;iso&quot;:&quot;0&quot;,&quot;shutter_speed&quot;:&quot;0&quot;,&quot;title&quot;:&quot;Tour of Spain - Stage 19&quot;,&quot;orientation&quot;:&quot;1&quot;}\" data-image-title=\"Tour of Spain &amp;#8211; Stage 19\" data-image-description=\"\" data-image-caption=\"\" data-large-file=\"https:\/\/i0.wp.com\/aynakol.org\/wp-content\/uploads\/2015\/09\/Vuelta2015_Stage19_Dumoulin_attacked_to_Aru_1.jpg?fit=860%2C574\" class=\"aligncenter size-full wp-image-1984\" src=\"https:\/\/i0.wp.com\/aynakol.org\/wp-content\/uploads\/2015\/09\/Vuelta2015_Stage19_Dumoulin_attacked_to_Aru_1.jpg?resize=860%2C574\" alt=\"Tour of Spain - Stage 19\" width=\"860\" height=\"574\" srcset=\"https:\/\/i0.wp.com\/aynakol.org\/wp-content\/uploads\/2015\/09\/Vuelta2015_Stage19_Dumoulin_attacked_to_Aru_1.jpg?w=1000 1000w, https:\/\/i0.wp.com\/aynakol.org\/wp-content\/uploads\/2015\/09\/Vuelta2015_Stage19_Dumoulin_attacked_to_Aru_1.jpg?resize=300%2C200 300w, https:\/\/i0.wp.com\/aynakol.org\/wp-content\/uploads\/2015\/09\/Vuelta2015_Stage19_Dumoulin_attacked_to_Aru_1.jpg?resize=705%2C470 705w\" sizes=\"auto, (max-width: 860px) 100vw, 860px\" \/><\/a><\/p>\n<p><span style=\"font-size: 18pt;\"><strong>Etap hakk\u0131nda<\/strong><\/span><\/p>\n<p>176 km uzunlu\u011fundaki<a href=\"http:\/\/www.letour.fr\/PHOTOS\/VUE\/2015\/2000\/CARTE.jpg\" target=\"_blank\"> San Lorenzo de El Escorial \u2192 Cercedilla<\/a> kentleri aras\u0131nda pedallanacak 20. etap genel klasmanda son kozlar\u0131n oynanaca\u011f\u0131 ve art\u0131k k\u0131rm\u0131z\u0131 mayonun da sahibini bulaca\u011f\u0131 etap olacak.<\/p>\n<p><a href=\"https:\/\/i0.wp.com\/aynakol.org\/wp-content\/uploads\/2015\/09\/Vuelta2015_Stage20_profile1.jpg\"><img data-recalc-dims=\"1\" loading=\"lazy\" decoding=\"async\" data-attachment-id=\"1979\" data-permalink=\"http:\/\/aynakol.org\/?attachment_id=1979\" data-orig-file=\"https:\/\/i0.wp.com\/aynakol.org\/wp-content\/uploads\/2015\/09\/Vuelta2015_Stage20_profile1.jpg?fit=975%2C535\" data-orig-size=\"975,535\" data-comments-opened=\"1\" data-image-meta=\"{&quot;aperture&quot;:&quot;0&quot;,&quot;credit&quot;:&quot;&quot;,&quot;camera&quot;:&quot;&quot;,&quot;caption&quot;:&quot;&quot;,&quot;created_timestamp&quot;:&quot;0&quot;,&quot;copyright&quot;:&quot;&quot;,&quot;focal_length&quot;:&quot;0&quot;,&quot;iso&quot;:&quot;0&quot;,&quot;shutter_speed&quot;:&quot;0&quot;,&quot;title&quot;:&quot;&quot;,&quot;orientation&quot;:&quot;0&quot;}\" data-image-title=\"Vuelta2015_Stage20_profile\" data-image-description=\"\" data-image-caption=\"\" data-large-file=\"https:\/\/i0.wp.com\/aynakol.org\/wp-content\/uploads\/2015\/09\/Vuelta2015_Stage20_profile1.jpg?fit=860%2C472\" class=\"aligncenter size-full wp-image-1979\" src=\"https:\/\/i0.wp.com\/aynakol.org\/wp-content\/uploads\/2015\/09\/Vuelta2015_Stage20_profile1.jpg?resize=860%2C472\" alt=\"Vuelta2015_Stage20_profile\" width=\"860\" height=\"472\" srcset=\"https:\/\/i0.wp.com\/aynakol.org\/wp-content\/uploads\/2015\/09\/Vuelta2015_Stage20_profile1.jpg?w=975 975w, https:\/\/i0.wp.com\/aynakol.org\/wp-content\/uploads\/2015\/09\/Vuelta2015_Stage20_profile1.jpg?resize=300%2C165 300w, https:\/\/i0.wp.com\/aynakol.org\/wp-content\/uploads\/2015\/09\/Vuelta2015_Stage20_profile1.jpg?resize=705%2C387 705w\" sizes=\"auto, (max-width: 860px) 100vw, 860px\" \/><\/a><\/p>\n<p>Pelotonun y\u00fcz\u00fc sadece Madrid de g\u00fclecek gibi, zira etap tam d\u00f6rt adet CAT1 s\u0131n\u0131f\u0131 t\u0131rman\u0131\u015f i\u00e7eriyor: g\u00fcn boyu \u00e7\u0131k\u0131l\u0131p inilecek ve sprint biti\u015fi ile sona erecek. T\u0131rman\u0131\u015flar s\u0131ras\u0131yla:<\/p>\n<ul>\n<li>G\u00fcn\u00fcn ilk t\u0131rman\u0131\u015f\u0131\u00a0<strong><a href=\"http:\/\/veloviewer.com\/segments\/10304274\" target=\"_blank\">Puerto de Navacerrada<\/a><\/strong> etab\u0131n 20. km&#8217;sinde ba\u015flay\u0131p 10 km s\u00fcrecek, ortalama e\u011fimi de %6,6<\/li>\n<li>T\u0131rman\u0131\u015f sonras\u0131 peloton 1860 mt rak\u0131mdan 1150 mt rak\u0131ma,\u00a0Rascafria, dek inecek ve zirvesinden 67,5 km&#8217;de ge\u00e7ilecek\u00a0<strong><a href=\"http:\/\/veloviewer.com\/segments\/6709063\" target=\"_blank\">Puerto de la Morcuera<\/a><\/strong> zirvesine t\u0131rman\u0131lacak.\u00a0Puerto de la Morcuera t\u0131man\u0131\u015f\u0131 da, hatta bug\u00fcn\u00fcn t\u00fcm t\u0131rman\u0131\u015flar\u0131, 10 km \u00fczerinde: 11,5 km ve ortalama e\u011fimi %5,4<\/li>\n<li>\u0130ni\u015f sonras\u0131 peloton Guadalix de la Sierra&#8217;ya dek uzan\u0131p \u015f\u00f6yle bir tavaf ettikten sonra organizat\u00f6rlerin bu etab\u0131 daha nas\u0131l zorla\u015ft\u0131r\u0131r\u0131z \u00e7abalar\u0131n\u0131n bir sonucu olarak \u00e7\u0131k\u0131p indikleri <strong><a href=\"http:\/\/veloviewer.com\/segments\/5731070\" target=\"_blank\">Puerto de la Morcuera<\/a><\/strong> zirvesini bu kez tersten t\u0131rman\u0131p inecek. Zirvenin d\u00fcz\u00fc de tersi de sert: 10,4 km uzunluk ve ortalama %5,3 e\u011fim<\/li>\n<li>\u0130ni\u015fin sonunda yer alan Rascafria sprint kap\u0131s\u0131ndan sonra g\u00fcn\u00fcn son t\u0131rman\u0131\u015f\u0131 <strong><a href=\"http:\/\/veloviewer.com\/segments\/773786\" target=\"_blank\">Puerto de Cotos<\/a><\/strong>, 11 km uzunluk ve ortalama %5,3 e\u011fim, ba\u015flayacak. <em>Her t\u0131rman\u0131\u015f\u0131n bir de ini\u015fi vard\u0131r<\/em>\u00a0s\u00f6z\u00fcn\u00fc bisikletliler \u00e7ok sever, ini\u015f g\u00fczeldir, dinlendirir ama <a href=\"http:\/\/veloviewer.com\/segments\/10304529\" target=\"_blank\">Cotos zirvesinin ini\u015fi<\/a> pek de \u00f6yle dinlenilecek bir ini\u015f de\u011fil, zira 10 km boyunca peloton 666 met irtifa kaybedecek 11 viraj\u0131 o h\u0131zla atlatacak. K\u0131rm\u0131z\u0131 mayo m\u00fccadelesinin h\u00e2l\u00e2 s\u00fcrd\u00fc\u011f\u00fc bir etapta t\u0131rman\u0131\u015ftan \u00e7ok ini\u015fte kopart\u0131c\u0131, silkeleyici ataklar\u00a0g\u00f6rebiliriz.<\/li>\n<\/ul>\n<p>Ka\u00e7anlar\u0131n kazanmas\u0131 genel kalsmanda ya\u015fanan m\u00fccadeler sa\u011f olsun adetten olmaya ba\u015flad\u0131 son iki\u00a0etapt\u0131r. Bug\u00fcn de bu senarayonun ger\u00e7ekle\u015fmesi olas\u0131, zira son iki etapt\u0131r Aru ve Dumoulin teker tekere gidiyorlar.\u00a0\u0130kisi aras\u0131ndaki fark\u0131n yar\u0131n a\u00e7\u0131labilmesi ve birinin formay\u0131 garanti alt\u0131na almas\u0131 i\u00e7in tak\u0131mlar\u0131n\u0131n \u00e7ok s\u0131k\u0131 \u00e7al\u0131\u015fmas\u0131 gerek.<\/p>\n<p>Halen k\u0131rm\u0131z\u0131 mayoyu\u00a0giyen Team Giant-Alpecin tak\u0131m\u0131n\u0131n Hollandal\u0131 gen\u00e7 pedal\u0131 Tom Dumoulin, Astana&#8217;n\u0131n zafere ve b\u00fcy\u00fck tur galibiyetine a\u00e7 yeni lideri Fabio Aru&#8217;nun sadece 6 saniye \u00f6n\u00fcnde ve bu fark bug\u00fcn etab\u0131n 158. km&#8217;sinde ge\u00e7ilecek 1825 rak\u0131ma konu\u015flu Puerto de Cotos zirvesi ge\u00e7ilirken kapanabilir. Tabii ki 11 km boyunca Astana t\u0131k\u0131m\u0131n\u0131n t\u00fcm pelotonu silkelemesi gerekiyor!<\/p>\n<p><span style=\"font-size: 18pt;\"><strong>Etap hakk\u0131nda<\/strong><\/span><\/p>\n<p>D\u00f6rt adet CAT1 zirvesi i\u00e7eren 176 km uzunlu\u011fundaki 20. etapta zafere tam 120 km boyunca tek ba\u015f\u0131na pedallayan isim Lampre-Merida tak\u0131m\u0131n\u0131n \u0130spanyol pedal\u0131 Ruben\u00a0Molina Plaza oldu. Hat\u0131rlatal\u0131m: Plaza, Le Tour de France 2015 16. etapta Peter Sagan&#8217;\u0131n \u00f6n\u00fcnde de bir etap kazanm\u0131\u015ft\u0131.<\/p>\n<p><a href=\"https:\/\/i0.wp.com\/aynakol.org\/wp-content\/uploads\/2015\/09\/Vuelta2015_Stage20_winner_Ruben_Molina_Plaza.jpg\"><img data-recalc-dims=\"1\" loading=\"lazy\" decoding=\"async\" data-attachment-id=\"1995\" data-permalink=\"http:\/\/aynakol.org\/?attachment_id=1995\" data-orig-file=\"https:\/\/i0.wp.com\/aynakol.org\/wp-content\/uploads\/2015\/09\/Vuelta2015_Stage20_winner_Ruben_Molina_Plaza.jpg?fit=1600%2C1067\" data-orig-size=\"1600,1067\" data-comments-opened=\"1\" data-image-meta=\"{&quot;aperture&quot;:&quot;5.6&quot;,&quot;credit&quot;:&quot;Yuzuru SUNADA&quot;,&quot;camera&quot;:&quot;Canon EOS-1D X&quot;,&quot;caption&quot;:&quot;12 September 2015\\n70th Vuelta a Espana\\nStage 20 : San Lorenzo de El Escorial - Cercedilla\\n1st : PLAZA Ruben (ESP) Lampre - Merida\\nPhoto : Yuzuru SUNADA&quot;,&quot;created_timestamp&quot;:&quot;1442078724&quot;,&quot;copyright&quot;:&quot;Yuzuru SUNADA&quot;,&quot;focal_length&quot;:&quot;214&quot;,&quot;iso&quot;:&quot;640&quot;,&quot;shutter_speed&quot;:&quot;0.0008&quot;,&quot;title&quot;:&quot;&quot;,&quot;orientation&quot;:&quot;1&quot;}\" data-image-title=\"Vuelta2015_Stage20_winner_Ruben_Molina_Plaza\" data-image-description=\"\" data-image-caption=\"&lt;p&gt;12 September 2015&lt;br \/&gt;\n70th Vuelta a Espana&lt;br \/&gt;\nStage 20 : San Lorenzo de El Escorial &amp;#8211; Cercedilla&lt;br \/&gt;\n1st : PLAZA Ruben (ESP) Lampre &amp;#8211; Merida&lt;br \/&gt;\nPhoto : Yuzuru SUNADA&lt;\/p&gt;\n\" data-large-file=\"https:\/\/i0.wp.com\/aynakol.org\/wp-content\/uploads\/2015\/09\/Vuelta2015_Stage20_winner_Ruben_Molina_Plaza.jpg?fit=860%2C574\" class=\"size-large wp-image-1995\" src=\"https:\/\/i0.wp.com\/aynakol.org\/wp-content\/uploads\/2015\/09\/Vuelta2015_Stage20_winner_Ruben_Molina_Plaza.jpg?resize=705%2C470\" alt=\"12 September 2015 70th Vuelta a Espana Stage 20 : San Lorenzo de El Escorial - Cercedilla 1st : PLAZA Ruben (ESP) Lampre - Merida Photo : Yuzuru SUNADA\" width=\"705\" height=\"470\" srcset=\"https:\/\/i0.wp.com\/aynakol.org\/wp-content\/uploads\/2015\/09\/Vuelta2015_Stage20_winner_Ruben_Molina_Plaza.jpg?resize=1024%2C683 1024w, https:\/\/i0.wp.com\/aynakol.org\/wp-content\/uploads\/2015\/09\/Vuelta2015_Stage20_winner_Ruben_Molina_Plaza.jpg?resize=300%2C200 300w, https:\/\/i0.wp.com\/aynakol.org\/wp-content\/uploads\/2015\/09\/Vuelta2015_Stage20_winner_Ruben_Molina_Plaza.jpg?resize=705%2C470 705w, https:\/\/i0.wp.com\/aynakol.org\/wp-content\/uploads\/2015\/09\/Vuelta2015_Stage20_winner_Ruben_Molina_Plaza.jpg?w=1600 1600w\" sizes=\"auto, (max-width: 705px) 100vw, 705px\" \/><\/a><\/p>\n<p>Etap ba\u015flar ba\u015flamaz daha 7. km&#8217;de ka\u00e7maya ba\u015flayan Ruben Plaza bu istikrar\u0131n\u0131 etab\u0131n sonuna dek s\u00fcrd\u00fcrd\u00fc ve yaln\u0131z ba\u015f\u0131na d\u00f6rt zirveyi a\u015f\u0131p zafere pedallad\u0131. Dile kolay ard\u0131ndan gelen iki usta ka\u00e7\u0131\u015f uzman\u0131 Jose Gon\u00e7alves ve Alessandro de Marchi&#8217;ye yakalanmamay\u0131 ba\u015fararak 169 km boyunca pedalla ve zafere ula\u015f.<\/p>\n<p><strong>Etap sonu\u00e7lar\u0131<\/strong><\/p>\n<pre>ESP  1  PLAZA MOLINA, Ruben (LAMPRE - MERIDA)                     4:37:05\r\nPOR  2  GON\u00c7ALVES, Jos\u00e9 (CAJA RURAL-SEGUROS RGA)                   + 1:07\r\nITA  3  DE MARCHI, Alessandro (BMC RACING)                         + 1:08\r\nPOR  11 SANTOS SIMOES OLIVEIRA, Nelson Filipe (LAMPRE - MERIDA)    + 2:42\r\nPOL  12 MAJKA, Rafal (TINKOFF - SAXO)                            \r\nUSA  13 WARBASSE, Lawrence (IAM CYCLING)                           \r\nCOL  14 QUINTANA ROJAS, Nairo Alexander (MOVISTAR)                 + 2:44\r\nCOL  22 CHAVES RUBIO, Johan Esteban (ORICA GreenEDGE)              + 3:35\r\nESP  23 RODRIGUEZ OLIVER, Joaquim (KATUSHA)                        + 3:37\r\nITA  24 ARU, Fabio (ASTANA)                                        + 3:38\r\nESP  25 SANCHEZ GIL, Luis Leon (ASTANA)                           \r\nESP  27 LANDA MEANA, Mikel (ASTANA)                                + 3:48\r\nITA  33 POZZOVIVO, Domenico (AG2R LA MONDIALE)                     + 7:30\r\nLUX  34 SCHLECK, Frank (TREK FACTORY RACING)                       \r\nNED  35 DUMOULIN, Tom (GIANT - ALPECIN)<\/pre>\n<p>As\u0131l dramatik olan, g\u00fcne Aru&#8217;nun 6 saniye \u00f6n\u00fcnde k\u0131rm\u0131z\u0131 mayo ile ba\u015flayan Tom Dumolin&#8217;in etap sonunda Aru&#8217;dan 2 dakika fark yiyerek hem k\u0131rm\u0131z\u0131 mayodan hem de podyumdan olarak turu 6. s\u0131rada kapatmas\u0131 oldu.<\/p>\n<p><a href=\"https:\/\/i0.wp.com\/aynakol.org\/wp-content\/uploads\/2015\/09\/Vuelta2015_Stage20_Breakaway.jpg\"><img data-recalc-dims=\"1\" loading=\"lazy\" decoding=\"async\" data-attachment-id=\"1990\" data-permalink=\"http:\/\/aynakol.org\/?attachment_id=1990\" data-orig-file=\"https:\/\/i0.wp.com\/aynakol.org\/wp-content\/uploads\/2015\/09\/Vuelta2015_Stage20_Breakaway.jpg?fit=1598%2C1067\" data-orig-size=\"1598,1067\" data-comments-opened=\"1\" data-image-meta=\"{&quot;aperture&quot;:&quot;4&quot;,&quot;credit&quot;:&quot;Yuzuru SUNADA&quot;,&quot;camera&quot;:&quot;Canon EOS-1D X&quot;,&quot;caption&quot;:&quot;12 September 2015\\n70th Vuelta a Espana\\nStage 20 : San Lorenzo de El Escorial - Cercedilla\\nBreakaway at Puerto de Ncerrada\\nPhoto : Yuzuru SUNADA&quot;,&quot;created_timestamp&quot;:&quot;1442064956&quot;,&quot;copyright&quot;:&quot;Yuzuru SUNADA&quot;,&quot;focal_length&quot;:&quot;105&quot;,&quot;iso&quot;:&quot;400&quot;,&quot;shutter_speed&quot;:&quot;0.0008&quot;,&quot;title&quot;:&quot;&quot;,&quot;orientation&quot;:&quot;1&quot;}\" data-image-title=\"Vuelta2015_Stage20_Breakaway\" data-image-description=\"\" data-image-caption=\"&lt;p&gt;12 September 2015&lt;br \/&gt;\n70th Vuelta a Espana&lt;br \/&gt;\nStage 20 : San Lorenzo de El Escorial &amp;#8211; Cercedilla&lt;br \/&gt;\nBreakaway at Puerto de Ncerrada&lt;br \/&gt;\nPhoto : Yuzuru SUNADA&lt;\/p&gt;\n\" data-large-file=\"https:\/\/i0.wp.com\/aynakol.org\/wp-content\/uploads\/2015\/09\/Vuelta2015_Stage20_Breakaway.jpg?fit=860%2C574\" class=\"size-large wp-image-1990\" src=\"https:\/\/i0.wp.com\/aynakol.org\/wp-content\/uploads\/2015\/09\/Vuelta2015_Stage20_Breakaway.jpg?resize=705%2C471\" alt=\"12 September 2015 70th Vuelta a Espana Stage 20 : San Lorenzo de El Escorial - Cercedilla Breakaway at Puerto de Ncerrada Photo : Yuzuru SUNADA\" width=\"705\" height=\"471\" srcset=\"https:\/\/i0.wp.com\/aynakol.org\/wp-content\/uploads\/2015\/09\/Vuelta2015_Stage20_Breakaway.jpg?resize=1024%2C684 1024w, https:\/\/i0.wp.com\/aynakol.org\/wp-content\/uploads\/2015\/09\/Vuelta2015_Stage20_Breakaway.jpg?resize=300%2C200 300w, https:\/\/i0.wp.com\/aynakol.org\/wp-content\/uploads\/2015\/09\/Vuelta2015_Stage20_Breakaway.jpg?resize=705%2C471 705w, https:\/\/i0.wp.com\/aynakol.org\/wp-content\/uploads\/2015\/09\/Vuelta2015_Stage20_Breakaway.jpg?w=1598 1598w\" sizes=\"auto, (max-width: 705px) 100vw, 705px\" \/><\/a><\/p>\n<p>Etab\u0131n bitmesine\u00a049\u00a0km\u00a0kala\u00a0Astana tempoyu y\u00fckselterek Aru ile bir atak denedi ve k\u0131smen ba\u015far\u0131l\u0131 olsa da Tom Dumoulin&#8217;i silkeleyemedi, ama pes de etmediler. Zira 6 km sonra bu sefer Aru ve Landa atak yap\u0131p pe\u015flerine Rodriguez, Quintana, Majka ve Chaves&#8217;i de al\u0131nca Dumoulin yapayaln\u0131z kald\u0131 ve takipde zorland\u0131. Bir ara aradaki fark elini atsa yakalayacak boyuta gelmesine kar\u015f\u0131n\u00a0<strong><a href=\"http:\/\/veloviewer.com\/segments\/5731070\" target=\"_blank\">Puerto de la Morcuera<\/a>\u00a0<\/strong>ini\u015finde, bitime 32 km kala, fark gittik\u00e7e a\u00e7\u0131ld\u0131 ve Dumoulin bacaklar\u0131na s\u00f6z ge\u00e7iremeyince fark iyice a\u00e7\u0131ld\u0131. Puerto de Cotos t\u0131rman\u0131\u015f\u0131nda ise art\u0131k Dumoulin&#8217;in yapabilece\u011fi pek bir \u015fey yoktu, zira ard\u0131na bakt\u0131\u011f\u0131nda tak\u0131m arkada\u015flar\u0131n\u0131 de\u011fil de bir Astanal\u0131y\u0131 g\u00f6rd\u00fc, bu m\u00fccadeleyi kaybetti\u011finin ironik resmi idi.<\/p>\n<p><a href=\"https:\/\/i0.wp.com\/aynakol.org\/wp-content\/uploads\/2015\/09\/Vuelta2015_Stage20_Tom_Dumoulin_loses_maglia_rojo.jpg\"><img data-recalc-dims=\"1\" loading=\"lazy\" decoding=\"async\" data-attachment-id=\"1996\" data-permalink=\"http:\/\/aynakol.org\/?attachment_id=1996\" data-orig-file=\"https:\/\/i0.wp.com\/aynakol.org\/wp-content\/uploads\/2015\/09\/Vuelta2015_Stage20_Tom_Dumoulin_loses_maglia_rojo.jpg?fit=1600%2C1067\" data-orig-size=\"1600,1067\" data-comments-opened=\"1\" data-image-meta=\"{&quot;aperture&quot;:&quot;5.6&quot;,&quot;credit&quot;:&quot;Yuzuru SUNADA&quot;,&quot;camera&quot;:&quot;Canon EOS-1D X&quot;,&quot;caption&quot;:&quot;12 September 2015\\n70th Vuelta a Espana\\nStage 20 : San Lorenzo de El Escorial - Cercedilla\\nDUMOULIN Tom (NED) Giant - Alpecin, Maillot Rojo\\nPhoto : Yuzuru SUNADA&quot;,&quot;created_timestamp&quot;:&quot;1442079175&quot;,&quot;copyright&quot;:&quot;Yuzuru SUNADA&quot;,&quot;focal_length&quot;:&quot;300&quot;,&quot;iso&quot;:&quot;640&quot;,&quot;shutter_speed&quot;:&quot;0.0008&quot;,&quot;title&quot;:&quot;&quot;,&quot;orientation&quot;:&quot;1&quot;}\" data-image-title=\"Vuelta2015_Stage20_Tom_Dumoulin_loses_maglia_rojo\" data-image-description=\"\" data-image-caption=\"&lt;p&gt;12 September 2015&lt;br \/&gt;\n70th Vuelta a Espana&lt;br \/&gt;\nStage 20 : San Lorenzo de El Escorial &amp;#8211; Cercedilla&lt;br \/&gt;\nDUMOULIN Tom (NED) Giant &amp;#8211; Alpecin, Maillot Rojo&lt;br \/&gt;\nPhoto : Yuzuru SUNADA&lt;\/p&gt;\n\" data-large-file=\"https:\/\/i0.wp.com\/aynakol.org\/wp-content\/uploads\/2015\/09\/Vuelta2015_Stage20_Tom_Dumoulin_loses_maglia_rojo.jpg?fit=860%2C574\" class=\"size-large wp-image-1996\" src=\"https:\/\/i0.wp.com\/aynakol.org\/wp-content\/uploads\/2015\/09\/Vuelta2015_Stage20_Tom_Dumoulin_loses_maglia_rojo.jpg?resize=705%2C470\" alt=\"12 September 2015 70th Vuelta a Espana Stage 20 : San Lorenzo de El Escorial - Cercedilla DUMOULIN Tom (NED) Giant - Alpecin, Maillot Rojo Photo : Yuzuru SUNADA\" width=\"705\" height=\"470\" srcset=\"https:\/\/i0.wp.com\/aynakol.org\/wp-content\/uploads\/2015\/09\/Vuelta2015_Stage20_Tom_Dumoulin_loses_maglia_rojo.jpg?resize=1024%2C683 1024w, https:\/\/i0.wp.com\/aynakol.org\/wp-content\/uploads\/2015\/09\/Vuelta2015_Stage20_Tom_Dumoulin_loses_maglia_rojo.jpg?resize=300%2C200 300w, https:\/\/i0.wp.com\/aynakol.org\/wp-content\/uploads\/2015\/09\/Vuelta2015_Stage20_Tom_Dumoulin_loses_maglia_rojo.jpg?resize=705%2C470 705w, https:\/\/i0.wp.com\/aynakol.org\/wp-content\/uploads\/2015\/09\/Vuelta2015_Stage20_Tom_Dumoulin_loses_maglia_rojo.jpg?w=1600 1600w\" sizes=\"auto, (max-width: 705px) 100vw, 705px\" \/><\/a><\/p>\n<p>Etab\u0131n bitmesine 19 km kala Quintana podyum \u015fans\u0131 i\u00e7in \u00f6ne atak yapt\u0131 ve Aru takip etmezken Majka pe\u015fini b\u0131rakmad\u0131, zira Dumoulin&#8217;in 2 dakika fark yemesi bu gruptan kendisini podyumun 3. basama\u011f\u0131na ta\u015f\u0131yordu ve bunu Quintana&#8217;ya veremezdi, nitekim \u00f6yle de oldu: La Vuelta 2015&#8217;in \u00fc\u00e7\u00fcnc\u00fcs\u00fc Tinkoff-Saxo&#8217;nun Polonyal\u0131s\u0131 Rafal Majka!<\/p>\n<p>Astana tak\u0131m\u0131n\u0131n etab\u0131n sonuna b\u0131rakmay\u0131p son 49. km&#8217;de ba\u015flatt\u0131\u011f\u0131 atak Aru, Rodriguez ve Majka&#8217;y\u0131 g\u00fcn\u00fcn kazanan\u0131 yaparken, hatta bu \u00fc\u00e7l\u00fc son 49 km birlikte pedallad\u0131lar, \u00e7al\u0131\u015ft\u0131lar, Dumoulin ve Giant-Alpecin tak\u0131m\u0131na kaybettirdi.<\/p>\n<p><a href=\"https:\/\/i0.wp.com\/aynakol.org\/wp-content\/uploads\/2015\/09\/Vuelta2015_Stage20_Fabio_Aru.jpg\"><img data-recalc-dims=\"1\" loading=\"lazy\" decoding=\"async\" data-attachment-id=\"1994\" data-permalink=\"http:\/\/aynakol.org\/?attachment_id=1994\" data-orig-file=\"https:\/\/i0.wp.com\/aynakol.org\/wp-content\/uploads\/2015\/09\/Vuelta2015_Stage20_Fabio_Aru.jpg?fit=1599%2C1067\" data-orig-size=\"1599,1067\" data-comments-opened=\"1\" data-image-meta=\"{&quot;aperture&quot;:&quot;5.6&quot;,&quot;credit&quot;:&quot;Yuzuru SUNADA&quot;,&quot;camera&quot;:&quot;Canon EOS-1D X&quot;,&quot;caption&quot;:&quot;12 September 2015\\n70th Vuelta a Espana\\nStage 20 : San Lorenzo de El Escorial - Cercedilla\\nARU Fabio (ITA) Astana\\nSANCHEZ Luis Leon (ESP) Astana\\nPhoto : Yuzuru SUNADA&quot;,&quot;created_timestamp&quot;:&quot;1442078943&quot;,&quot;copyright&quot;:&quot;Yuzuru SUNADA&quot;,&quot;focal_length&quot;:&quot;214&quot;,&quot;iso&quot;:&quot;640&quot;,&quot;shutter_speed&quot;:&quot;0.0008&quot;,&quot;title&quot;:&quot;&quot;,&quot;orientation&quot;:&quot;1&quot;}\" data-image-title=\"Vuelta2015_Stage20_Fabio_Aru\" data-image-description=\"\" data-image-caption=\"&lt;p&gt;12 September 2015&lt;br \/&gt;\n70th Vuelta a Espana&lt;br \/&gt;\nStage 20 : San Lorenzo de El Escorial &amp;#8211; Cercedilla&lt;br \/&gt;\nARU Fabio (ITA) Astana&lt;br \/&gt;\nSANCHEZ Luis Leon (ESP) Astana&lt;br \/&gt;\nPhoto : Yuzuru SUNADA&lt;\/p&gt;\n\" data-large-file=\"https:\/\/i0.wp.com\/aynakol.org\/wp-content\/uploads\/2015\/09\/Vuelta2015_Stage20_Fabio_Aru.jpg?fit=860%2C574\" class=\"size-large wp-image-1994\" src=\"https:\/\/i0.wp.com\/aynakol.org\/wp-content\/uploads\/2015\/09\/Vuelta2015_Stage20_Fabio_Aru.jpg?resize=705%2C470\" alt=\"12 September 2015 70th Vuelta a Espana Stage 20 : San Lorenzo de El Escorial - Cercedilla ARU Fabio (ITA) Astana SANCHEZ Luis Leon (ESP) Astana Photo : Yuzuru SUNADA\" width=\"705\" height=\"470\" srcset=\"https:\/\/i0.wp.com\/aynakol.org\/wp-content\/uploads\/2015\/09\/Vuelta2015_Stage20_Fabio_Aru.jpg?resize=1024%2C683 1024w, https:\/\/i0.wp.com\/aynakol.org\/wp-content\/uploads\/2015\/09\/Vuelta2015_Stage20_Fabio_Aru.jpg?resize=300%2C200 300w, https:\/\/i0.wp.com\/aynakol.org\/wp-content\/uploads\/2015\/09\/Vuelta2015_Stage20_Fabio_Aru.jpg?resize=705%2C470 705w, https:\/\/i0.wp.com\/aynakol.org\/wp-content\/uploads\/2015\/09\/Vuelta2015_Stage20_Fabio_Aru.jpg?w=1599 1599w\" sizes=\"auto, (max-width: 705px) 100vw, 705px\" \/><\/a><\/p>\n<p style=\"text-align: center;\">G\u00fcn\u00fcn ger\u00e7ek kazanan\u0131 Gen\u00e7 Sardunyal\u0131 Fabio Aru!<\/p>\n<p style=\"text-align: left;\"><strong>Etap sonras\u0131 genel klasman<\/strong><\/p>\n<pre><strong><span style=\"color: #ffffff; background-color: #ff0000;\">ITA  1  ARU, Fabio (ASTANA)                                      83:01:40<\/span>\r\nESP  2  RODRIGUEZ OLIVER, Joaquim (KATUSHA)                       +  1:17\r\nPOL  3  MAJKA, Rafal (TINKOFF - SAXO)                             +  1:29<\/strong>\r\nCOL  4  QUINTANA ROJAS, Nairo Alexander (MOVISTAR)                +  2:02\r\nCOL  5  CHAVES RUBIO, Johan Esteban (ORICA GreenEDGE)             +  3:30\r\nNED  6  DUMOULIN, Tom (GIANT - ALPECIN)                           +  3:46\r\nESP  7  VALVERDE BELMONTE, Alejandro (MOVISTAR)                   +  7:10\r\nESP  8  NIEVE ITURALDE, Mikel (SKY)                               +  7:26\r\nESP  9  MORENO FERNANDEZ, Daniel (KATUSHA)                        +  7:32\r\nRSA  10 MEINTJES, Louis (MTN - QHUBEKA)                           + 10:46<\/pre>\n<p>Etapta an be an ya\u015fananlar\u0131 Ek\u015fi S\u00f6zl\u00fck yazar\u0131 <a href=\"https:\/\/eksisozluk.com\/biri\/zeddicus-zu-l-zorander\" target=\"_blank\">zeddicus zu l zorander<\/a>&#8216;den <a href=\"https:\/\/eksisozluk.com\/entry\/54743011\" target=\"_blank\">dinliyoruz<\/a>:<\/p>\n<blockquote><p>danan\u0131n kuyru\u011funun koptu\u011fu <a class=\"url\" title=\"http:\/\/www.steephill.tv\/players\/profile\/?race=vuelta-a-espana&amp;stage=20&amp;year=2015&amp;src=http:\/\/www.steephill.tv\/2015\/vuelta-a-espana\/profile-20.jpg\" href=\"http:\/\/www.steephill.tv\/players\/profile\/?race=vuelta-a-espana&amp;stage=20&amp;year=2015&amp;src=http:\/\/www.steephill.tv\/2015\/vuelta-a-espana\/profile-20.jpg\" target=\"_blank\" rel=\"nofollow\">175.8 km&#8217;lik 20. etab\u0131<\/a>, yani <a class=\"b\" href=\"https:\/\/eksisozluk.com\/?q=san+lorenzo+de+el+escorial\">san lorenzo de el escorial<\/a> \u203a <a class=\"b\" href=\"https:\/\/eksisozluk.com\/?q=cercedilla\">cercedilla<\/a> etab\u0131n\u0131 daha 7. km&#8217;de ka\u00e7maya ba\u015flayan <a class=\"b\" href=\"https:\/\/eksisozluk.com\/?q=ruben+plaza+molina\">ruben plaza molina<\/a> kazand\u0131. etab\u0131n bitimine 115 km grubu b\u0131rak\u0131p tek ba\u015f\u0131na ka\u00e7t\u0131 ve m\u00fcthi\u015f bir galibiyet ald\u0131. bu ya\u015fta bu ka\u00e7\u0131\u015f, alk\u0131\u015flan\u0131r.<br \/>\n<a class=\"url\" title=\"https:\/\/pbs.twimg.com\/media\/COtnIpzWgAAH6j8.jpg:large\" href=\"https:\/\/pbs.twimg.com\/media\/COtnIpzWgAAH6j8.jpg:large\" target=\"_blank\" rel=\"nofollow\">https:\/\/pbs.twimg.com\/\u2026ia\/cotnipzwgaah6j8.jpg:large<\/a><\/p>\n<p>turun \u015fampiyonu ise astana&#8217;dan <a class=\"b\" href=\"https:\/\/eksisozluk.com\/?q=fabio+aru\">fabio aru<\/a> oldu.<br \/>\n<a class=\"url\" title=\"https:\/\/pbs.twimg.com\/media\/COtoDkxWoAARrEa.jpg:large\" href=\"https:\/\/pbs.twimg.com\/media\/COtoDkxWoAARrEa.jpg:large\" target=\"_blank\" rel=\"nofollow\">https:\/\/pbs.twimg.com\/\u2026ia\/cotodkxwoaarrea.jpg:large<\/a><\/p>\n<p>g\u00fcn\u00fcn 3. t\u0131rman\u0131\u015f\u0131nda yapt\u0131\u011f\u0131 ata\u011fa , genel klasmanda 6 sn farkla lider olan tom dumoulin cevap veremedi, her km&#8217;de fark artt\u0131k\u00e7a artt\u0131 ve \u015fampiyon aru oldu. dumoulin, o kadar geride kald\u0131 ki k\u00fcrs\u00fcye \u00e7\u0131kma \u015fans\u0131n\u0131 bile ka\u00e7\u0131rd\u0131. astana tak\u0131m olarak aru&#8217;ya \u00e7ok yard\u0131m etti. tom, bu \u015fans\u0131 tur boyunca alamad\u0131\u011f\u0131 gibi bu etapta da alamad\u0131. k\u00fcrs\u00fc g\u00f6rememesi \u00fcz\u00fcc\u00fc.<\/p>\n<p><a class=\"b\" href=\"https:\/\/eksisozluk.com\/?q=jerome+coppel\">jerome coppel<\/a> (iam cycling), etaba ba\u015flamad\u0131.<\/p>\n<p>7. km&#8217;de ruben plaza (lampre &#8211; merida), ka\u00e7t\u0131. birka\u00e7 bisiklet\u00e7i takipte.<\/p>\n<p>10. km&#8217;de 11 ki\u015filik bir ka\u00e7\u0131\u015f grubu olu\u015ftu.<\/p>\n<p>birka\u00e7 bisiklet\u00e7i kaza yapt\u0131 ama hemen toparland\u0131lar. simon gerrans (orica &#8211; greenedge) ve fabrice jeandesboz (europcar), teknik sorun ya\u015f\u0131yorlar.<\/p>\n<p>bug\u00fcn 2 kez ge\u00e7ilecek olan ve etab\u0131n bitimine 146 km kala zirvesinden ge\u00e7ilecek olan, 1. kategoriden <a class=\"b\" href=\"https:\/\/eksisozluk.com\/?q=puerto+de+navacerrada\">puerto de navacerrada<\/a> (1860 m, 9.4 km uzunluk, %6.6 ortalama, %11.25 max. e\u011fim) t\u0131rman\u0131\u015f\u0131na ka\u00e7\u0131\u015f grubu ba\u015flad\u0131. 22. km&#8217;de 20 sn kadar farkla pelotonun \u00f6n\u00fcndeler.<\/p>\n<p>ka\u00e7\u0131\u015ftaki isimler<br \/>\nruben plaza (lampre &#8211; merida),<br \/>\nlarry warbasse (iam cycling),<br \/>\nolivier le gac (fdj),<br \/>\nadam hansen (lotto soudal),<br \/>\njaco venter (mtn &#8211; qhubeka),<br \/>\ndani navarro (cofidis),<br \/>\njay mccarthy (tinkoff &#8211; saxo),<br \/>\njose gon\u00e7alves (caja rural &#8211; seguros rga),<br \/>\neduard vorganov (katusha),<br \/>\nmiguel angel rubiano (colombia)<br \/>\nyukiya arashiro (europcar)<\/p>\n<p>olivier le gac (fdj), ka\u00e7\u0131\u015f grubundan geriye d\u00fc\u015ft\u00fc. arkadaki takip grubuna kat\u0131ld\u0131.<\/p>\n<p>miguel angel rubiano (colombia), geriye d\u00fc\u015fen bir ba\u015fka isim. fr\u00e4nk schleck (trek factory), bisikletiyle sorun ya\u015f\u0131yor.<\/p>\n<p>19. km&#8217;de 11 ki\u015filik lider grup ile 28 ki\u015filik takip grubu aras\u0131nda 23 sn, peloton aras\u0131nda 57 sn kadar fark var.<\/p>\n<p>zirveden ge\u00e7en ilk isim jose gon\u00e7alves oldu ve 10 puan\u0131 ald\u0131. ruben plaza, 6, larry warbasse, 4, moreno moser (cannondale &#8211; garmin), 2, dani navarro (cofidis), 1 puan ald\u0131.<\/p>\n<p>34. km&#8217;de 29 ki\u015filik takip grubu 46 sn, peloton 7.38 dk kadar geride.<\/p>\n<p>119 km kala, arroyo, sicard, elissonde, visconti, oliveira, zubeldia, henao, roche, verona, losada, sanchez, bennett, amador, rojas montaguti, dombrowski, ardila, moinard, zeits, de marchi, vanendert, quinteo, bilbao, gougeard, reza, howes, de buyst, &amp; conti&#8217;den olu\u015fan takip grubu, 10 ki\u015filik lider grubu 57 sn geriden takip ediyor.<\/p>\n<p>etab\u0131n bitimine 108 km kala zirvesinden ge\u00e7ilecek olan, 1. kategoriden <a class=\"b\" href=\"https:\/\/eksisozluk.com\/?q=puerto+de+la+morcuera\">puerto de la morcuera<\/a> (1770 m, 11.5 km uzunluk, %5.4 ortalama, %8.5 max. e\u011fim) t\u0131rman\u0131\u015f\u0131na 10 ki\u015filik lider grup ba\u015flad\u0131.<\/p>\n<p>ruben plaza (lampre &#8211; merida), atak yaparak liderli\u011fi ald\u0131.<\/p>\n<p>takip grubu \u00f6ndeki 9&#8217;lu grubu yakalad\u0131. plaza&#8217;n\u0131n 109 km kala 1.53 dk kadar gerisindeler.<\/p>\n<p>37 ki\u015filik takip grubu<br \/>\nsky: sergio henao, nicolas roche<br \/>\nag2r &#8211; la mondiale: matteo montaguti<br \/>\nastana: luis leon sanchez, andrey zeits<br \/>\nbmc: alessandro de marchi, amael moinard<br \/>\ncaja rural &#8211; seguros rga: david arroyo, pello bilbao, jos\u00e9 gon\u00e7alves<br \/>\ncofidis: dani navarro<br \/>\ncolombia: alex cano, carlos quintero<br \/>\netixx &#8211; quick step: carlos verona<br \/>\nfdj: kenny elissonde, kevin reza<br \/>\n\u0131am cycling: larry warbasse<br \/>\nlampre &#8211; merida: valerio conti, nelson oliveira<br \/>\nlotto soudal: jasper de buyst, adam hansen, jelle vanendert<br \/>\nmovistar: andrey amador, jose joaquin rojas, francisco ventoso, giovanni visconti<br \/>\nmtn &#8211; qhubeka: jaco venter<br \/>\ncannondale &#8211; garmin: joe dombrowski, moreno moser<br \/>\neuropcar: yuliya arashiro, antoine duchesne, romain sicard<br \/>\nkatusha: alberto losada, eduard vorganov<br \/>\nlotto nl &#8211; jumbo: george bennett<br \/>\ntinkoff &#8211; saxo: jay mccarthy<br \/>\ntrek factory: haimar zubeldia<\/p>\n<p>108.2 km kala ruben plaza zirveden ge\u00e7en ilk isim olarak 10 puan ald\u0131. takip grubu 2.40 dk civar\u0131 zirveden ge\u00e7ti. fancisco ventoso, 6, giovanni visconti, 4, andrey amador, 2, jose joaquin rojas, 1 puan ald\u0131.<\/p>\n<p>david arroyo, ini\u015fte d\u00fc\u015fm\u00fc\u015f ama durumu iyi g\u00f6z\u00fck\u00fcyor.<\/p>\n<p>100 km kala takip grubu 2.35 dk, peloton 11.35 dk civar\u0131 gerideler.<\/p>\n<p>etab\u0131n bitimine 49 km kala zirvesinden ge\u00e7ilecek olan, 1. kategoriden <a class=\"b\" href=\"https:\/\/eksisozluk.com\/?q=puerto+de+la+morcuera\">puerto de la morcuera<\/a> (1770 m, 10.4 km uzunluk, %6.6 ortalama, %9.5 max. e\u011fim) t\u0131rman\u0131\u015f\u0131na ruben plaza ba\u015flad\u0131.<\/p>\n<p>57 km kala peloton 11.56 dk kadar geride.<\/p>\n<p>56 km civar\u0131 takip grubunda kevin reza, atak yaparak ruben plaza&#8217;n\u0131n pe\u015fine d\u00fc\u015ft\u00fc. 2 dk kadar geride. takip grubu ise 2.20 dk geride.<\/p>\n<p>54 km kala takip grubu kevin reza&#8217;y\u0131 yakalad\u0131.<\/p>\n<p>53.3 km takip grubundan george bennettak yaparak ka\u00e7maya \u00e7al\u0131\u015ft\u0131 ama takip grubu fazla uzakla\u015fmas\u0131na izin vermeden yakalad\u0131.<\/p>\n<p>52.8 km kala giovanni visconti, takip grubundan ka\u00e7t\u0131.<br \/>\n<a class=\"url\" title=\"https:\/\/pbs.twimg.com\/media\/COtUJkIW8AAPGaj.jpg:large\" href=\"https:\/\/pbs.twimg.com\/media\/COtUJkIW8AAPGaj.jpg:large\" target=\"_blank\" rel=\"nofollow\">https:\/\/pbs.twimg.com\/\u2026ia\/cotujkiw8aapgaj.jpg:large<\/a><\/p>\n<p>52.5 km kala ise kenny elissonde takip grubundan ka\u00e7t\u0131.<\/p>\n<p>peloton 2 par\u00e7aya b\u00f6l\u00fcnd\u00fc. omar fraile, arkadaki grupta.<\/p>\n<p>50 km civar\u0131 alessandro de marchi, atak yaparak giovanni visconti&#8217;yi yakalad\u0131.<br \/>\n<a class=\"url\" title=\"https:\/\/pbs.twimg.com\/media\/COtWGIDWcAAodqe.jpg\" href=\"https:\/\/pbs.twimg.com\/media\/COtWGIDWcAAodqe.jpg\" target=\"_blank\" rel=\"nofollow\">https:\/\/pbs.twimg.com\/media\/cotwgidwcaaodqe.jpg<\/a><\/p>\n<p>49 km kala astana tempoyu artt\u0131rd\u0131. aru tempo yap\u0131yor. tom dumoulin ile bir fark yaratt\u0131. quintana, majka, aru ile birlikte.<\/p>\n<p>47.8 km kala dumoulin, aru&#8217;yu yakalad\u0131.<\/p>\n<p>valverde geriye d\u00fc\u015fmeye ba\u015flad\u0131.<br \/>\n<a class=\"url\" title=\"https:\/\/pbs.twimg.com\/media\/COtXKUlWEAAVOgP.jpg\" href=\"https:\/\/pbs.twimg.com\/media\/COtXKUlWEAAVOgP.jpg\" target=\"_blank\" rel=\"nofollow\">https:\/\/pbs.twimg.com\/media\/cotxkulweaavogp.jpg<\/a><\/p>\n<p>takip grubu b\u00f6l\u00fcnd\u00fc.<\/p>\n<p>zirveden plaza ilk s\u0131rada ge\u00e7ip 10 puan\u0131 ald\u0131. giovanni visconti, 6, alessandro de marchi, 4 puan, goncalves, 2 ve montaguti, 1 puan ald\u0131.<\/p>\n<p>mikel landa, tom dumoulin, fabio aru, joaquin rodriguez, rafal majka, nairo quintana, esteban chaves ve mikel nieve, birlikte gidiyor. seneye ba\u015fka tak\u0131mda yar\u0131\u015facak olan landa, aru i\u00e7in \u00e7al\u0131\u015f\u0131yor.<\/p>\n<p>42.8 km kala aru f\u0131rlad\u0131. quintana ve majka ona tak\u0131ld\u0131. tom, cevap vermedi. 20 sn kadar geride kald\u0131.<br \/>\n<a class=\"url\" title=\"https:\/\/pbs.twimg.com\/media\/COtYmQYWUAAO85N.jpg\" href=\"https:\/\/pbs.twimg.com\/media\/COtYmQYWUAAO85N.jpg\" target=\"_blank\" rel=\"nofollow\">https:\/\/pbs.twimg.com\/media\/cotymqywuaao85n.jpg<\/a><\/p>\n<p>tom dumoulin, \u00e7ok zorlam\u0131yor. ini\u015fte yakalamaya \u00e7al\u0131\u015facak.<\/p>\n<p>giovanni visconti, alessandro de marchi, matteo montaguti ve jos\u00e9 gon\u00e7alves, lider plaza&#8217;y\u0131 1.20 dk geriden takip ediyor.<\/p>\n<p>32 km kala aru ile tom dumoulin aras\u0131ndaki fark 15 sn civar\u0131.<\/p>\n<p>ka\u00e7an gruptaki astana&#8217;l\u0131 sanchez, aru&#8217;ya kat\u0131ld\u0131.<\/p>\n<p>tom dumoulin, yorgun duruyor. sky&#8217;dan nieve&#8217;den yard\u0131m istiyor. nieve, yard\u0131m ediyor.<\/p>\n<p>29.5 km kala fark tom 20 sn kadar geride. k\u0131rm\u0131z\u0131 mayoyu kaybedecek gibi duruyor.<\/p>\n<p>etab\u0131n bitimine 18 km kala zirvesinden ge\u00e7ilecek olan, 1. kategoriden <a class=\"b\" href=\"https:\/\/eksisozluk.com\/?q=puerto+de+cotos\">puerto de cotos<\/a> (1825 m, 11 km uzunluk, %5.3 ortalama, %8.5 max. e\u011fim) t\u0131rman\u0131\u015f\u0131na plaza ba\u015flad\u0131.<\/p>\n<p>27 km kala aru fark\u0131 1 dk&#8217;n\u0131n \u00fcst\u00fcne \u00e7\u0131kard\u0131. oyun bitti.<\/p>\n<p>24 km kala takip 4&#8217;l\u00fcs\u00fc 1.50 dk kadar plaza&#8217;n\u0131n gerisinde.<\/p>\n<p>22 km kala de marchi, takip grubundan ka\u00e7maya \u00e7al\u0131\u015ft\u0131. ona goncalves ve visconti, ona tak\u0131ld\u0131.<\/p>\n<p>21 km kala nieve tempo yapt\u0131 ve dumoulin&#8217;i geride b\u0131rakt\u0131. tom iyice yoruldu. 1.34 dk kadar aru&#8217;nun gerisinde.<\/p>\n<p>tom&#8217;un arkas\u0131nda bir astana&#8217;l\u0131n\u0131n olmas\u0131 garip. \u00f6nde 2 astanal\u0131 aru&#8217;ya yard\u0131m ederken, \u015fu durum ger\u00e7ekten \u00e7ok garip.<\/p>\n<p>20 km kala takip grubu 1.33 dk kadar plaza&#8217;n\u0131n gerisinde. aru ile dumoulin&#8217;in fark\u0131 2 dk&#8217;ya yakla\u015ft\u0131.<\/p>\n<p>19.1 km kala nairo quintana, aru grubuna kar\u015f\u0131 atak yapt\u0131. majka, ona tak\u0131ld\u0131. aru grubu tepki vermedi. yeterince zaman fark\u0131 var.<br \/>\n<a class=\"url\" title=\"https:\/\/pbs.twimg.com\/media\/COth0lVWcAAALzb.jpg\" href=\"https:\/\/pbs.twimg.com\/media\/COth0lVWcAAALzb.jpg\" target=\"_blank\" rel=\"nofollow\">https:\/\/pbs.twimg.com\/media\/coth0lvwcaaalzb.jpg<\/a><\/p>\n<p>tom dumoulin, b\u0131rak \u015fampiyonlu\u011fu podyumu bile kaybedecek gibi duruyor. 18.5 km kala 2.30 dk kadar fark yedi.<\/p>\n<p>ruben plaza, son t\u0131rman\u0131\u015f\u0131 ilk s\u0131rada ge\u00e7erek 10 puan\u0131 ald\u0131. jos\u00e9 gon\u00e7alves, 6, alessandro de marchi, 4, giovanni visconti, 2 ve sergio henao, 1 puan ald\u0131.<\/p>\n<p>15 km kala ruben plaza, 1.46 dk farkla \u00f6nde.<\/p>\n<p>aru, purito, chaves, landa, losada, sanchez, bir arada.<\/p>\n<p>8 km kala: plaza &#8211;&gt; grup de marchi\/gon\u00e7alves +1.25 &#8211;&gt; grup majka\/quintana +3.34 &#8211;&gt; grup aru +4.25 &#8211;&gt; grup dumoulin +7.43<\/p>\n<p><a class=\"b\" href=\"https:\/\/eksisozluk.com\/?q=ruben+molina+plaza\">ruben molina plaza<\/a> etab\u0131 ald\u0131. harika bir galibiyet.<\/p>\n<p>majka, podyuma \u00e7\u0131kmay\u0131 garantiledi.<\/p>\n<p>purito, turu 2. s\u0131rada bitirdi.<\/p>\n<p>\u015fampiyon <a class=\"b\" href=\"https:\/\/eksisozluk.com\/?q=fabio+aru\">fabio aru<\/a>.<\/p>\n<p>herkesin sempatisini kazanan <a class=\"b\" href=\"https:\/\/eksisozluk.com\/?q=tom+dumoulin\">tom dumoulin<\/a>&#8216;in k\u00fcrs\u00fc g\u00f6rememesi \u00fcz\u00fcc\u00fc.<\/p><\/blockquote>\n<p><strong>Daha fazlas\u0131 i\u00e7in:<\/strong><\/p>\n<ul>\n<li>S\u0131ral\u0131 tam liste: <a href=\"http:\/\/www.procyclingstats.com\/race\/Vuelta_a_Espana_2015_Stage20-details\" target=\"_blank\">ProCyclingStats.com<\/a><\/li>\n<li>Vuelta a Espana 2015 hakk\u0131nda her \u015fey: <a href=\"http:\/\/www.steephill.tv\/vuelta-a-espana\/#20-preview-2015\" target=\"_blank\">SteepHill.TV<\/a><\/li>\n<li>Vuelta a Espana 2015 Twitter hesaplar\u0131:\n<ul>\n<li>Resmi hesap: <strong><a href=\"https:\/\/twitter.com\/lavuelta\" target=\"_blank\">@lavuelta<\/a><\/strong><\/li>\n<li>T\u00fcrk\u00e7e neler olmu\u015f? <strong><a href=\"https:\/\/twitter.com\/hashtag\/vueltatr?src=hash\" target=\"_blank\">#vueltaTR<\/a><\/strong><\/li>\n<li>\u0130ngilizce neler olmu\u015f? <a href=\"https:\/\/twitter.com\/hashtag\/LV2015?src=hash\" target=\"_blank\"><strong>#LV2015<\/strong><\/a><\/li>\n<\/ul>\n<\/li>\n<li>Ayr\u0131ca hep sanal olacak de\u011fil ya, biraz da nostalji, biraz da bas\u0131l\u0131 belge bilgi: Cyclist T\u00fcrkiye Dergisinin bu ayki say\u0131s\u0131nda Buyruk Alparslan\u2019\u0131n kaleme ald\u0131\u011f\u0131 Vuelta 2015 dosyas\u0131 da elinizin alt\u0131nda olsun.<\/li>\n<\/ul>\n<p>&nbsp;<\/p>\n","protected":false},"excerpt":{"rendered":"<p>19. etap t\u0131pk\u0131 bas\u0131m gibiydi adeta: ka\u00e7anlar\u0131n zaferine sahne olurken ag2r La Mondiale tak\u0131m\u0131n\u0131n Frans\u0131z pedal\u0131 Alexis Gougeard etab\u0131 kazand\u0131! Tom Dumoulin k\u0131rm\u0131z\u0131 mayoyu yar\u0131nki [&#8230;]<\/p>\n","protected":false},"author":1,"featured_media":1976,"comment_status":"open","ping_status":"open","sticky":false,"template":"","format":"standard","meta":{"jetpack_post_was_ever_published":false,"_jetpack_newsletter_access":"","_jetpack_dont_email_post_to_subs":false,"_jetpack_newsletter_tier_id":0,"_jetpack_memberships_contains_paywalled_content":false,"_jetpack_memberships_contains_paid_content":false,"footnotes":"","jetpack_publicize_message":"","jetpack_publicize_feature_enabled":true,"jetpack_social_post_already_shared":true,"jetpack_social_options":{"image_generator_settings":{"template":"highway","default_image_id":0,"font":"","enabled":false},"version":2}},"categories":[92,91],"tags":[569,65,80,984,24,17,43,26,980,963,25,982,16,233,952,955,879,719,953,411,262,773,222,981,562,979,41,28,985,877,319,136,322,320,966,234,983],"class_list":["post-1978","post","type-post","status-publish","format-standard","has-post-thumbnail","hentry","category-grand","category-vuelta-2","tag-ag2r-la-mondiale","tag-alejandro-valverde","tag-alessandro-de-marchi","tag-alexis-gougeard","tag-astana","tag-bisiklet-turu","tag-bmc","tag-chris-froome","tag-danny-van-poppel","tag-esteban-chaves","tag-fabio-aru","tag-frank-schleck","tag-ispanya","tag-ispanya-bisiklet-turu","tag-la-vuelta","tag-la-vuelta-a-espana","tag-lampre","tag-lampre-merida","tag-lv2015","tag-madonna-del-ghisallo","tag-merida","tag-mikel-landa","tag-nairo-quintana","tag-nelson-oliviera","tag-nicolas-roche","tag-purito-rodriguez","tag-queen-stage","tag-rafal-majka","tag-ruben-molina-plaza","tag-ruben-plaza","tag-s-works","tag-specialized","tag-specialized-tarmac","tag-sworks","tag-tom-dumoulin","tag-vuelta-a-espana","tag-vueltatr-invidual-time-trial"],"jetpack_publicize_connections":[],"jetpack_featured_media_url":"https:\/\/i0.wp.com\/aynakol.org\/wp-content\/uploads\/2015\/09\/Vuelta2015_Stage19_peloton.jpg?fit=670%2C446","jetpack_sharing_enabled":true,"jetpack_shortlink":"https:\/\/wp.me\/p51p4O-vU","jetpack_likes_enabled":true,"jetpack-related-posts":[{"id":1987,"url":"http:\/\/aynakol.org\/?p=1987","url_meta":{"origin":1978,"position":0},"title":"#LV2015 La Vuelta a Espana 21. Etap: Alcal\u00e1 de Henares \u2192 Madrid","author":"Ayd\u0131n Bez","date":"12 Eyl\u00fcl 2015","format":false,"excerpt":"20. etab\u0131 izlerken hop oturduk hop kalkt\u0131k, Ruben Plaza'n\u0131n solo ata\u011f\u0131 acaba De Marchi ve Gon\u00e7alves taraf\u0131ndan sona erdirilecek mi derken Plaza etab\u0131 kazan\u0131rken, Aru'nun \u00f6l\u00fcmc\u00fcl ata\u011f\u0131 Dumoulin'i silkelerken k\u0131rm\u0131z\u0131 mayodan ve podyumdan da etti. Etap Plaza'n\u0131n, maglia rojo Fabio Aru'nun. Etap hakk\u0131nda Alcal\u00e1 de Henares \u2192 Madrid\u00a0aras\u0131nda pedallanacak 21.\u2026","rel":"","context":"&quot;Grand Tour&quot; i\u00e7inde","block_context":{"text":"Grand Tour","link":"http:\/\/aynakol.org\/?cat=92"},"img":{"alt_text":"","src":"https:\/\/i0.wp.com\/aynakol.org\/wp-content\/uploads\/2015\/09\/Vuelta2015_Stage21_Aru_in_podium_1.jpg?fit=1200%2C800&resize=350%2C200","width":350,"height":200,"srcset":"https:\/\/i0.wp.com\/aynakol.org\/wp-content\/uploads\/2015\/09\/Vuelta2015_Stage21_Aru_in_podium_1.jpg?fit=1200%2C800&resize=350%2C200 1x, https:\/\/i0.wp.com\/aynakol.org\/wp-content\/uploads\/2015\/09\/Vuelta2015_Stage21_Aru_in_podium_1.jpg?fit=1200%2C800&resize=525%2C300 1.5x, https:\/\/i0.wp.com\/aynakol.org\/wp-content\/uploads\/2015\/09\/Vuelta2015_Stage21_Aru_in_podium_1.jpg?fit=1200%2C800&resize=700%2C400 2x, https:\/\/i0.wp.com\/aynakol.org\/wp-content\/uploads\/2015\/09\/Vuelta2015_Stage21_Aru_in_podium_1.jpg?fit=1200%2C800&resize=1050%2C600 3x"},"classes":[]},{"id":1970,"url":"http:\/\/aynakol.org\/?p=1970","url_meta":{"origin":1978,"position":1},"title":"#LV2015 La Vuelta a Espana 19. Etap: Medina del Campo \u2192 Avila","author":"Ayd\u0131n Bez","date":"11 Eyl\u00fcl 2015","format":false,"excerpt":"18. ger\u00e7ekten de \u00f6zlenen ataklar\u0131 bizlere izletti: Etab\u0131 Chris Froome'un Andorra etab\u0131 sonras\u0131 yar\u0131\u015f\u0131 b\u0131rak\u0131nca moral bozuklu\u011fuyla devam eden Team SKY'\u0131n \u0130rlandal\u0131 pedal\u0131 Nicolas Roche son 18 km'de yapt\u0131\u011f\u0131 ak\u0131ll\u0131 atakla kazan\u0131rken, Etab\u0131n son t\u0131rman\u0131\u015f\u0131\u00a0Puerto De La Quesera ge\u00e7ilirken Maillot Rojo'da g\u00f6z\u00fc olan t\u00fcm favoriler birbirilerini silkelemek i\u00e7in atak \u00fczerine\u2026","rel":"","context":"&quot;Grand Tour&quot; i\u00e7inde","block_context":{"text":"Grand Tour","link":"http:\/\/aynakol.org\/?cat=92"},"img":{"alt_text":"","src":"https:\/\/i0.wp.com\/aynakol.org\/wp-content\/uploads\/2015\/09\/Vuelta2015_Stage18_peloton.jpg?fit=1200%2C553&resize=350%2C200","width":350,"height":200,"srcset":"https:\/\/i0.wp.com\/aynakol.org\/wp-content\/uploads\/2015\/09\/Vuelta2015_Stage18_peloton.jpg?fit=1200%2C553&resize=350%2C200 1x, https:\/\/i0.wp.com\/aynakol.org\/wp-content\/uploads\/2015\/09\/Vuelta2015_Stage18_peloton.jpg?fit=1200%2C553&resize=525%2C300 1.5x, https:\/\/i0.wp.com\/aynakol.org\/wp-content\/uploads\/2015\/09\/Vuelta2015_Stage18_peloton.jpg?fit=1200%2C553&resize=700%2C400 2x, https:\/\/i0.wp.com\/aynakol.org\/wp-content\/uploads\/2015\/09\/Vuelta2015_Stage18_peloton.jpg?fit=1200%2C553&resize=1050%2C600 3x"},"classes":[]},{"id":1884,"url":"http:\/\/aynakol.org\/?p=1884","url_meta":{"origin":1978,"position":2},"title":"#LV2015 La Vuelta a Espana 13. Etap: Catalayud \u2192 Tarazona","author":"Ayd\u0131n Bez","date":"3 Eyl\u00fcl 2015","format":false,"excerpt":"S\u0131rad\u0131\u015f\u0131 hi\u00e7bir \u015feyin olmad\u0131\u011f\u0131 12. etap ka\u011f\u0131t \u00fczerinde neyse ger\u00e7ekte de \u00f6yle oldu: r\u00fczgar gibi geldi ge\u00e7ti. Chris Froome 11. etapta ge\u00e7irdi\u011fi kaza sonras\u0131 aya\u011f\u0131nda olu\u015fan k\u0131r\u0131k\/\u00e7atlak y\u00fcz\u00fcnden etaba ba\u015flamad\u0131 ve yar\u0131\u015f\u0131 b\u0131rakt\u0131. Etab\u0131 TREK Racing Factory tak\u0131m\u0131n\u0131n Hollandal\u0131 gen\u00e7 pedal\u0131 Danny van Poppel kazan\u0131rken bu sene Vuelta'da bir t\u00fcrl\u00fc\u2026","rel":"","context":"&quot;Grand Tour&quot; i\u00e7inde","block_context":{"text":"Grand Tour","link":"http:\/\/aynakol.org\/?cat=92"},"img":{"alt_text":"","src":"https:\/\/i0.wp.com\/aynakol.org\/wp-content\/uploads\/2015\/09\/Vuelta2015_Stage11_The_grupetto_on_the_final_climb.jpg?fit=1001%2C562&resize=350%2C200","width":350,"height":200,"srcset":"https:\/\/i0.wp.com\/aynakol.org\/wp-content\/uploads\/2015\/09\/Vuelta2015_Stage11_The_grupetto_on_the_final_climb.jpg?fit=1001%2C562&resize=350%2C200 1x, https:\/\/i0.wp.com\/aynakol.org\/wp-content\/uploads\/2015\/09\/Vuelta2015_Stage11_The_grupetto_on_the_final_climb.jpg?fit=1001%2C562&resize=525%2C300 1.5x, https:\/\/i0.wp.com\/aynakol.org\/wp-content\/uploads\/2015\/09\/Vuelta2015_Stage11_The_grupetto_on_the_final_climb.jpg?fit=1001%2C562&resize=700%2C400 2x"},"classes":[]},{"id":1865,"url":"http:\/\/aynakol.org\/?p=1865","url_meta":{"origin":1978,"position":3},"title":"#LV2015 La Vuelta a Espana 12. Etap: Andorra \u2192 Lleida","author":"Ayd\u0131n Bez","date":"3 Eyl\u00fcl 2015","format":false,"excerpt":"11. etap i\u00e7in \u00f6zet ge\u00e7mek isterdim ama t\u0131rman\u0131\u015f\u0131 gibi kendisi de \u00e7ok uzun: Astana'n\u0131n tek etapta iki kere y\u00fcz\u00fc g\u00fcld\u00fc: Mikel Landa etab\u0131 kazan\u0131rken ikinci gelen Fabio Aru k\u0131rm\u0131z\u0131 mayoyu ele ge\u00e7irdi, Favoriler, Valverde, Quintana ve Froome birer birer geride kal\u0131rken Tom Dumoulin mayoyu isi savundu, g\u00fczel t\u0131rmand\u0131 ama yetmedi,\u2026","rel":"","context":"&quot;Grand Tour&quot; i\u00e7inde","block_context":{"text":"Grand Tour","link":"http:\/\/aynakol.org\/?cat=92"},"img":{"alt_text":"","src":"https:\/\/i0.wp.com\/aynakol.org\/wp-content\/uploads\/2015\/09\/Vuelta2015_Stage11_peloton2.jpg?fit=1000%2C666&resize=350%2C200","width":350,"height":200,"srcset":"https:\/\/i0.wp.com\/aynakol.org\/wp-content\/uploads\/2015\/09\/Vuelta2015_Stage11_peloton2.jpg?fit=1000%2C666&resize=350%2C200 1x, https:\/\/i0.wp.com\/aynakol.org\/wp-content\/uploads\/2015\/09\/Vuelta2015_Stage11_peloton2.jpg?fit=1000%2C666&resize=525%2C300 1.5x, https:\/\/i0.wp.com\/aynakol.org\/wp-content\/uploads\/2015\/09\/Vuelta2015_Stage11_peloton2.jpg?fit=1000%2C666&resize=700%2C400 2x"},"classes":[]},{"id":1700,"url":"http:\/\/aynakol.org\/?p=1700","url_meta":{"origin":1978,"position":4},"title":"#LV2015 La Vuelta a Espana 2015 &#8211; 3. Etap: Mijas \u2192 Malaga","author":"Ayd\u0131n Bez","date":"24 A\u011fustos 2015","format":false,"excerpt":"2. Etap \u00f6zeti Kazalarla a\u00e7\u0131lan d\u00fcnk\u00fc etab\u0131n k\u0131sa bir \u00f6zeti: Alhaurin de la Torre \u2192 Caminito del Rey aras\u0131nda pedallanan 159 km uzunlu\u011fundaki etab\u0131n bitmesine son 30 km kala ya\u015fanan b\u00fcy\u00fck kaza sonras\u0131 peloton birbirine kar\u0131\u015ft\u0131, Yaralananlar ve yar\u0131\u015f d\u0131\u015f\u0131 kalanlardan \u00e7ok favorilerden biri Nibali'nin etap bitmesine son 15 km\u2026","rel":"","context":"&quot;Grand Tour&quot; i\u00e7inde","block_context":{"text":"Grand Tour","link":"http:\/\/aynakol.org\/?cat=92"},"img":{"alt_text":"","src":"https:\/\/i0.wp.com\/aynakol.org\/wp-content\/uploads\/2015\/08\/Vuelta2015_Stage2_peloton_croos_andulisia.jpg?fit=1001%2C444&resize=350%2C200","width":350,"height":200,"srcset":"https:\/\/i0.wp.com\/aynakol.org\/wp-content\/uploads\/2015\/08\/Vuelta2015_Stage2_peloton_croos_andulisia.jpg?fit=1001%2C444&resize=350%2C200 1x, https:\/\/i0.wp.com\/aynakol.org\/wp-content\/uploads\/2015\/08\/Vuelta2015_Stage2_peloton_croos_andulisia.jpg?fit=1001%2C444&resize=525%2C300 1.5x, https:\/\/i0.wp.com\/aynakol.org\/wp-content\/uploads\/2015\/08\/Vuelta2015_Stage2_peloton_croos_andulisia.jpg?fit=1001%2C444&resize=700%2C400 2x"},"classes":[]},{"id":1911,"url":"http:\/\/aynakol.org\/?p=1911","url_meta":{"origin":1978,"position":5},"title":"#LV2015 La Vuelta a Espana 15. Etap: Comillas \u2192 Jitu de Escarandi","author":"Ayd\u0131n Bez","date":"6 Eyl\u00fcl 2015","format":false,"excerpt":"14. etapta, zafer ka\u00e7anlar\u0131n oldu! Sislerin aras\u0131ndan t\u0131rmanarak galibiyete ula\u015fan isim Alessandro De Marchi olurken, genel klasman iddial\u0131lar\u0131 da kozlar\u0131n\u0131 payla\u015ft\u0131. Quintana gayet formda, Aru'dan zaman \u00e7ald\u0131, Fabio Aru \u00e7ok az zaman kaybetmesine kar\u015f\u0131n Quintana'dan kendisini fazla h\u0131rpal\u0131yor. Ancak k\u0131rm\u0131z\u0131 mayo h\u00e2l\u00e2 onun s\u0131rt\u0131nda. \u00a0 Etap hakk\u0131nda Comillas \u2192 Jitu\u2026","rel":"","context":"&quot;Grand Tour&quot; i\u00e7inde","block_context":{"text":"Grand Tour","link":"http:\/\/aynakol.org\/?cat=92"},"img":{"alt_text":"","src":"https:\/\/i0.wp.com\/aynakol.org\/wp-content\/uploads\/2015\/09\/Vuelta2015_Stage14_peloton_1.jpg?fit=670%2C446&resize=350%2C200","width":350,"height":200,"srcset":"https:\/\/i0.wp.com\/aynakol.org\/wp-content\/uploads\/2015\/09\/Vuelta2015_Stage14_peloton_1.jpg?fit=670%2C446&resize=350%2C200 1x, https:\/\/i0.wp.com\/aynakol.org\/wp-content\/uploads\/2015\/09\/Vuelta2015_Stage14_peloton_1.jpg?fit=670%2C446&resize=525%2C300 1.5x"},"classes":[]}],"_links":{"self":[{"href":"http:\/\/aynakol.org\/index.php?rest_route=\/wp\/v2\/posts\/1978","targetHints":{"allow":["GET"]}}],"collection":[{"href":"http:\/\/aynakol.org\/index.php?rest_route=\/wp\/v2\/posts"}],"about":[{"href":"http:\/\/aynakol.org\/index.php?rest_route=\/wp\/v2\/types\/post"}],"author":[{"embeddable":true,"href":"http:\/\/aynakol.org\/index.php?rest_route=\/wp\/v2\/users\/1"}],"replies":[{"embeddable":true,"href":"http:\/\/aynakol.org\/index.php?rest_route=%2Fwp%2Fv2%2Fcomments&post=1978"}],"version-history":[{"count":5,"href":"http:\/\/aynakol.org\/index.php?rest_route=\/wp\/v2\/posts\/1978\/revisions"}],"predecessor-version":[{"id":2000,"href":"http:\/\/aynakol.org\/index.php?rest_route=\/wp\/v2\/posts\/1978\/revisions\/2000"}],"wp:featuredmedia":[{"embeddable":true,"href":"http:\/\/aynakol.org\/index.php?rest_route=\/wp\/v2\/media\/1976"}],"wp:attachment":[{"href":"http:\/\/aynakol.org\/index.php?rest_route=%2Fwp%2Fv2%2Fmedia&parent=1978"}],"wp:term":[{"taxonomy":"category","embeddable":true,"href":"http:\/\/aynakol.org\/index.php?rest_route=%2Fwp%2Fv2%2Fcategories&post=1978"},{"taxonomy":"post_tag","embeddable":true,"href":"http:\/\/aynakol.org\/index.php?rest_route=%2Fwp%2Fv2%2Ftags&post=1978"}],"curies":[{"name":"wp","href":"https:\/\/api.w.org\/{rel}","templated":true}]}}