{"id":1987,"date":"2015-09-12T22:03:14","date_gmt":"2015-09-12T19:03:14","guid":{"rendered":"http:\/\/aynakol.org\/?p=1987"},"modified":"2015-09-13T23:26:49","modified_gmt":"2015-09-13T20:26:49","slug":"lv2015-la-vuelta-a-espana-21-etap-alcala-de-henares-%e2%86%92-madrid","status":"publish","type":"post","link":"http:\/\/aynakol.org\/?p=1987","title":{"rendered":"#LV2015 La Vuelta a Espana 21. Etap: Alcal\u00e1 de Henares \u2192 Madrid"},"content":{"rendered":"<p>20. etab\u0131 izlerken hop oturduk hop kalkt\u0131k,<\/p>\n<ul>\n<li>Ruben Plaza&#8217;n\u0131n solo ata\u011f\u0131 acaba De Marchi ve Gon\u00e7alves taraf\u0131ndan sona erdirilecek mi derken Plaza etab\u0131 kazan\u0131rken,<\/li>\n<li>Aru&#8217;nun \u00f6l\u00fcmc\u00fcl ata\u011f\u0131 Dumoulin&#8217;i silkelerken k\u0131rm\u0131z\u0131 mayodan ve podyumdan da etti.<\/li>\n<li>Etap Plaza&#8217;n\u0131n, maglia rojo Fabio Aru&#8217;nun.<\/li>\n<\/ul>\n<div id=\"attachment_1997\" style=\"width: 715px\" class=\"wp-caption aligncenter\"><a href=\"https:\/\/i0.wp.com\/aynakol.org\/wp-content\/uploads\/2015\/09\/Vuelta2015_Stage20_Fabio_Aru_1.jpg\"><img data-recalc-dims=\"1\" loading=\"lazy\" decoding=\"async\" aria-describedby=\"caption-attachment-1997\" data-attachment-id=\"1997\" data-permalink=\"http:\/\/aynakol.org\/?attachment_id=1997\" data-orig-file=\"https:\/\/i0.wp.com\/aynakol.org\/wp-content\/uploads\/2015\/09\/Vuelta2015_Stage20_Fabio_Aru_1.jpg?fit=1598%2C1067\" data-orig-size=\"1598,1067\" data-comments-opened=\"1\" data-image-meta=\"{&quot;aperture&quot;:&quot;5.6&quot;,&quot;credit&quot;:&quot;Yuzuru SUNADA&quot;,&quot;camera&quot;:&quot;Canon EOS-1D X&quot;,&quot;caption&quot;:&quot;12 September 2015\\n70th Vuelta a Espana\\nStage 20 : San Lorenzo de El Escorial - Cercedilla\\nARU Fabio (ITA) Astana\\nSANCHEZ Luis Leon (ESP) Astana\\nPhoto : Yuzuru SUNADA&quot;,&quot;created_timestamp&quot;:&quot;1442078942&quot;,&quot;copyright&quot;:&quot;Yuzuru SUNADA&quot;,&quot;focal_length&quot;:&quot;360&quot;,&quot;iso&quot;:&quot;640&quot;,&quot;shutter_speed&quot;:&quot;0.0008&quot;,&quot;title&quot;:&quot;&quot;,&quot;orientation&quot;:&quot;1&quot;}\" data-image-title=\"Vuelta2015_Stage20_Fabio_Aru_1\" data-image-description=\"\" data-image-caption=\"&lt;p&gt;12 September 2015&lt;br \/&gt;\n70th Vuelta a Espana&lt;br \/&gt;\nStage 20 : San Lorenzo de El Escorial &amp;#8211; Cercedilla&lt;br \/&gt;\nARU Fabio (ITA) Astana&lt;br \/&gt;\nSANCHEZ Luis Leon (ESP) Astana&lt;br \/&gt;\nPhoto : Yuzuru SUNADA&lt;\/p&gt;\n\" data-large-file=\"https:\/\/i0.wp.com\/aynakol.org\/wp-content\/uploads\/2015\/09\/Vuelta2015_Stage20_Fabio_Aru_1.jpg?fit=860%2C574\" class=\"size-large wp-image-1997\" src=\"https:\/\/i0.wp.com\/aynakol.org\/wp-content\/uploads\/2015\/09\/Vuelta2015_Stage20_Fabio_Aru_1.jpg?resize=705%2C471\" alt=\"12 September 2015 70th Vuelta a Espana Stage 20 : San Lorenzo de El Escorial - Cercedilla ARU Fabio (ITA) Astana SANCHEZ Luis Leon (ESP) Astana Photo : Yuzuru SUNADA\" width=\"705\" height=\"471\" srcset=\"https:\/\/i0.wp.com\/aynakol.org\/wp-content\/uploads\/2015\/09\/Vuelta2015_Stage20_Fabio_Aru_1.jpg?resize=1024%2C684 1024w, https:\/\/i0.wp.com\/aynakol.org\/wp-content\/uploads\/2015\/09\/Vuelta2015_Stage20_Fabio_Aru_1.jpg?resize=300%2C200 300w, https:\/\/i0.wp.com\/aynakol.org\/wp-content\/uploads\/2015\/09\/Vuelta2015_Stage20_Fabio_Aru_1.jpg?resize=705%2C471 705w, https:\/\/i0.wp.com\/aynakol.org\/wp-content\/uploads\/2015\/09\/Vuelta2015_Stage20_Fabio_Aru_1.jpg?w=1598 1598w\" sizes=\"auto, (max-width: 705px) 100vw, 705px\" \/><\/a><p id=\"caption-attachment-1997\" class=\"wp-caption-text\">Fabio Aru, 20. etap sonunda tak\u0131m arkada\u015f\u0131\u00a0Luis Leon Sanchez ile k\u0131rm\u0131z\u0131 mayo zaferini kutluyor.<\/p><\/div>\n<p><strong>Etap hakk\u0131nda<\/strong><\/p>\n<p><a href=\"http:\/\/www.letour.fr\/PHOTOS\/VUE\/2015\/2100\/CARTE.jpg\" target=\"_blank\">Alcal\u00e1 de Henares \u2192 Madrid<\/a>\u00a0aras\u0131nda pedallanacak 21. etap 98 km uzunlu\u011funda.\u00a0Bug\u00fcn t\u0131rman\u0131\u015f yok, hatta koca etapta \u00e7\u0131k\u0131nt\u0131 yok! \u015eaka gibi de\u011fil mi? Sprint etaplar\u0131nda bile t\u0131rman\u0131\u015f bulunan, t\u0131rman\u0131\u015f etaplar\u0131 ne \u0130talyaya ne de Fransaya benzeyen ac\u0131lar\u0131n \u00e7ocu\u011fu Vuelta&#8217;da d\u00fcmd\u00fcz bir etap:\u00a0Madride ho\u015f geldiniz!<\/p>\n<p><a href=\"https:\/\/i0.wp.com\/aynakol.org\/wp-content\/uploads\/2015\/09\/Vuelta2015_Stage21_profile.jpg\"><img data-recalc-dims=\"1\" loading=\"lazy\" decoding=\"async\" data-attachment-id=\"1954\" data-permalink=\"http:\/\/aynakol.org\/?attachment_id=1954\" data-orig-file=\"https:\/\/i0.wp.com\/aynakol.org\/wp-content\/uploads\/2015\/09\/Vuelta2015_Stage21_profile.jpg?fit=975%2C560\" data-orig-size=\"975,560\" data-comments-opened=\"1\" data-image-meta=\"{&quot;aperture&quot;:&quot;0&quot;,&quot;credit&quot;:&quot;&quot;,&quot;camera&quot;:&quot;&quot;,&quot;caption&quot;:&quot;&quot;,&quot;created_timestamp&quot;:&quot;0&quot;,&quot;copyright&quot;:&quot;&quot;,&quot;focal_length&quot;:&quot;0&quot;,&quot;iso&quot;:&quot;0&quot;,&quot;shutter_speed&quot;:&quot;0&quot;,&quot;title&quot;:&quot;&quot;,&quot;orientation&quot;:&quot;0&quot;}\" data-image-title=\"Vuelta2015_Stage21_profile\" data-image-description=\"\" data-image-caption=\"\" data-large-file=\"https:\/\/i0.wp.com\/aynakol.org\/wp-content\/uploads\/2015\/09\/Vuelta2015_Stage21_profile.jpg?fit=860%2C494\" class=\"aligncenter size-full wp-image-1954\" src=\"https:\/\/i0.wp.com\/aynakol.org\/wp-content\/uploads\/2015\/09\/Vuelta2015_Stage21_profile.jpg?resize=860%2C494\" alt=\"Vuelta2015_Stage21_profile\" width=\"860\" height=\"494\" srcset=\"https:\/\/i0.wp.com\/aynakol.org\/wp-content\/uploads\/2015\/09\/Vuelta2015_Stage21_profile.jpg?w=975 975w, https:\/\/i0.wp.com\/aynakol.org\/wp-content\/uploads\/2015\/09\/Vuelta2015_Stage21_profile.jpg?resize=300%2C172 300w, https:\/\/i0.wp.com\/aynakol.org\/wp-content\/uploads\/2015\/09\/Vuelta2015_Stage21_profile.jpg?resize=705%2C405 705w\" sizes=\"auto, (max-width: 860px) 100vw, 860px\" \/><\/a><\/p>\n<p>Etab\u0131n bir favorisi yok, al\u0131rsa Team Giant-Alpecin&#8217;den John Degenkolb al\u0131r ki, tak\u0131ma da moral olur. Dile kolay k\u0131rm\u0131z\u0131 mayo iki kere geldi, iki kere gitti.<\/p>\n<p>Etab\u0131n favorisi yok ama turun bir kazanan\u0131 var: Fabio Aru. Astana tak\u0131m\u0131n\u0131n 25 ya\u015f\u0131ndaki Sardunyal\u0131 (\u0130talya) pedal\u0131 t\u0131pk\u0131 tak\u0131m lideri yine bir \u0130talyan Vincenzo Nibali gibi ilk b\u00fcy\u00fck tur zaferini \u0130spanyada kazand\u0131. Takip edenler bilir: Aru ge\u00e7en sene sene de bu sene de sadece Giro ve Vuelta&#8217;ya odakland\u0131 ve Le Tour&#8217;u Nibali&#8217;ye b\u0131rakt\u0131. \u0130talya ve \u0130spanyadaki iki senedir kazand\u0131\u011f\u0131 etaplar, Froome, Contador, Valverde, Rodriguez gibi usta t\u0131rman\u0131\u015f\u00e7\u0131lara ve ya\u015f\u0131t\u0131 Majka ve\u00a0Quintana ile at\u0131\u015fmas\u0131, onlar\u0131 geride b\u0131rak\u0131p etap zaferine gitmesi Vuelta zaferi g\u00f6steriyor ki kendisine bir\u00e7ok deneyim kazand\u0131rm\u0131\u015f.<\/p>\n<p><span style=\"font-size: 18pt;\"><strong>Etap hakk\u0131nda<\/strong><\/span><\/p>\n<p>Madridde g\u00fcn\u00fcn kazanan\u0131 d\u00fcn\u00fcn kaybeden tak\u0131m\u0131 Giant-Alpecin&#8217;in b\u0131y\u0131klar\u0131ndan g\u00fc\u00e7 alan Alman pedal\u0131 John Degenkolb oldu. Bu kendisinin La Vuelta&#8217;da kazand\u0131\u011f\u0131 10. etap zaferi. Kendisi bir nevi Madrid&#8217;in kral\u0131!<\/p>\n<p><a href=\"https:\/\/i0.wp.com\/aynakol.org\/wp-content\/uploads\/2015\/09\/Vuelta2015_Stage21_winner_John_Degenkolb_1.jpg\"><img data-recalc-dims=\"1\" loading=\"lazy\" decoding=\"async\" data-attachment-id=\"2004\" data-permalink=\"http:\/\/aynakol.org\/?attachment_id=2004\" data-orig-file=\"https:\/\/i0.wp.com\/aynakol.org\/wp-content\/uploads\/2015\/09\/Vuelta2015_Stage21_winner_John_Degenkolb_1.jpg?fit=1024%2C566\" data-orig-size=\"1024,566\" data-comments-opened=\"1\" data-image-meta=\"{&quot;aperture&quot;:&quot;0&quot;,&quot;credit&quot;:&quot;JBELVER&quot;,&quot;camera&quot;:&quot;&quot;,&quot;caption&quot;:&quot;&quot;,&quot;created_timestamp&quot;:&quot;0&quot;,&quot;copyright&quot;:&quot;&quot;,&quot;focal_length&quot;:&quot;0&quot;,&quot;iso&quot;:&quot;0&quot;,&quot;shutter_speed&quot;:&quot;0&quot;,&quot;title&quot;:&quot;&quot;,&quot;orientation&quot;:&quot;1&quot;}\" data-image-title=\"Vuelta2015_Stage21_winner_John_Degenkolb_1\" data-image-description=\"\" data-image-caption=\"\" data-large-file=\"https:\/\/i0.wp.com\/aynakol.org\/wp-content\/uploads\/2015\/09\/Vuelta2015_Stage21_winner_John_Degenkolb_1.jpg?fit=860%2C475\" class=\"aligncenter size-large wp-image-2004\" src=\"https:\/\/i0.wp.com\/aynakol.org\/wp-content\/uploads\/2015\/09\/Vuelta2015_Stage21_winner_John_Degenkolb_1.jpg?resize=705%2C390\" alt=\"Vuelta2015_Stage21_winner_John_Degenkolb_1\" width=\"705\" height=\"390\" srcset=\"https:\/\/i0.wp.com\/aynakol.org\/wp-content\/uploads\/2015\/09\/Vuelta2015_Stage21_winner_John_Degenkolb_1.jpg?w=1024 1024w, https:\/\/i0.wp.com\/aynakol.org\/wp-content\/uploads\/2015\/09\/Vuelta2015_Stage21_winner_John_Degenkolb_1.jpg?resize=300%2C166 300w, https:\/\/i0.wp.com\/aynakol.org\/wp-content\/uploads\/2015\/09\/Vuelta2015_Stage21_winner_John_Degenkolb_1.jpg?resize=705%2C390 705w\" sizes=\"auto, (max-width: 705px) 100vw, 705px\" \/><\/a><\/p>\n<p>&nbsp;<\/p>\n<p>Etapta an be an ya\u015fananlar\u0131 Ek\u015fi S\u00f6zl\u00fck yazar\u0131 <a href=\"https:\/\/eksisozluk.com\/biri\/zeddicus-zu-l-zorander\" target=\"_blank\">zeddicus zu l zorander<\/a>&#8216;den <a href=\"https:\/\/eksisozluk.com\/entry\/54770382\" target=\"_blank\">dinliyoruz<\/a>:<\/p>\n<blockquote><p>98 km&#8217;lik 21. ve son etab\u0131, yani <a class=\"b\" href=\"https:\/\/eksisozluk.com\/?q=alcala+de+henares\">alcala de henares<\/a> \u203a <a class=\"b\" href=\"https:\/\/eksisozluk.com\/?q=madrid\">madrid<\/a> etab\u0131n\u0131 giant-alpecin&#8217;den <a class=\"b\" href=\"https:\/\/eksisozluk.com\/?q=john+degenkolb\">john degenkolb<\/a> kazand\u0131.<br \/>\n<a class=\"url\" title=\"https:\/\/pbs.twimg.com\/media\/COzYaYnWoAAF8bv.jpg:large\" href=\"https:\/\/pbs.twimg.com\/media\/COzYaYnWoAAF8bv.jpg:large\" target=\"_blank\" rel=\"nofollow\">https:\/\/pbs.twimg.com\/\u2026ia\/cozyaynwoaaf8bv.jpg:large<\/a><\/p>\n<p>\u015fampiyon aru mutlu.<br \/>\n<a class=\"url\" title=\"https:\/\/pbs.twimg.com\/media\/COzZ6G-WEAQZLSQ.jpg\" href=\"https:\/\/pbs.twimg.com\/media\/COzZ6G-WEAQZLSQ.jpg\" target=\"_blank\" rel=\"nofollow\">https:\/\/pbs.twimg.com\/media\/cozz6g-weaqzlsq.jpg<\/a><\/p>\n<p>158 bisiklet\u00e7i etaba ba\u015flad\u0131.<\/p>\n<p>45.6 km kala ge\u00e7ilen <a class=\"b\" href=\"https:\/\/eksisozluk.com\/?q=madrid\">madrid<\/a> ara sprint kap\u0131s\u0131ndan ilk s\u0131rada ge\u00e7en <a class=\"b\" href=\"https:\/\/eksisozluk.com\/?q=alejandro+valverde\">alejandro valverde<\/a> (movistar), 4 puan alarak ye\u015fil mayo klasman\u0131nda ilk s\u0131raya y\u00fckseldi. <a class=\"b\" href=\"https:\/\/eksisozluk.com\/?q=jose+joaquin+rojas\">jose joaquin rojas<\/a> (movistar), 2, <a class=\"b\" href=\"https:\/\/eksisozluk.com\/?q=francisco+ventoso\">francisco ventoso<\/a> (movistar), 1 puan ald\u0131. b\u00fct\u00fcn puanlar\u0131 movistar toplad\u0131 ve <a class=\"b\" href=\"https:\/\/eksisozluk.com\/?q=purito\">purito<\/a>&#8216;ya puan b\u0131rakmad\u0131lar. sprint kap\u0131s\u0131ndaki puanlar\u0131 sprinterlerin alaca\u011f\u0131n\u0131 d\u00fc\u015f\u00fcn\u00fcrsek ye\u015fil mayo \u015fampiyonlu\u011funun valverde&#8217;ye gitti\u011fini rahatl\u0131kla s\u00f6yleyebiliriz.<br \/>\n<a class=\"url\" title=\"https:\/\/pbs.twimg.com\/media\/COzJFkgUEAAvrvr.png:large\" href=\"https:\/\/pbs.twimg.com\/media\/COzJFkgUEAAvrvr.png:large\" target=\"_blank\" rel=\"nofollow\">https:\/\/pbs.twimg.com\/\u2026ia\/cozjfkgueaavrvr.png:large<\/a><\/p>\n<p>48. km&#8217;de ka\u00e7an matteo montaguti (ag2r &#8211; la mondiale), omar fraile (caja rural &#8211; seguros rga), carlos verona (etixx &#8211; quick step), giovanni visconti (movistar), ben king (cannondale &#8211; garmin) ve laurent pichon (fdj), az farkla etab\u0131n liderli\u011fini s\u00fcrd\u00fcr\u00fcyor.<br \/>\n<a class=\"url\" title=\"https:\/\/pbs.twimg.com\/media\/COzOgpeVEAA6Az1.png\" href=\"https:\/\/pbs.twimg.com\/media\/COzOgpeVEAA6Az1.png\" target=\"_blank\" rel=\"nofollow\">https:\/\/pbs.twimg.com\/media\/cozogpeveaa6az1.png<\/a><\/p>\n<p>fabio duarte (team colombia), pelotondan ka\u00e7t\u0131, \u00f6ndekileri takip ediyor.<br \/>\n<a class=\"url\" title=\"https:\/\/pbs.twimg.com\/media\/COzRoNHWgAAqio7.png\" href=\"https:\/\/pbs.twimg.com\/media\/COzRoNHWgAAqio7.png\" target=\"_blank\" rel=\"nofollow\">https:\/\/pbs.twimg.com\/media\/cozronhwgaaqio7.png<\/a><\/p>\n<p>peloton duarte&#8217;yi yakalad\u0131.<\/p>\n<p>3 tur kala fark 18 sn.<\/p>\n<p>ben king, son 2 tur kala \u00f6ne \u00e7\u0131kmaya \u00e7al\u0131\u015ft\u0131 ama uzakla\u015famad\u0131. peloton fark\u0131 6-7 saniyeye indirdi.<br \/>\n<a class=\"url\" title=\"https:\/\/pbs.twimg.com\/media\/COzU0BpVAAA20Sp.png\" href=\"https:\/\/pbs.twimg.com\/media\/COzU0BpVAAA20Sp.png\" target=\"_blank\" rel=\"nofollow\">https:\/\/pbs.twimg.com\/media\/cozu0bpvaaa20sp.png<\/a><\/p>\n<p>peloton herkesi yakalad\u0131.<\/p>\n<p>iljo keisse (etixx &#8211; quick step), ka\u00e7arak liderli\u011fi ald\u0131.<\/p>\n<p>son tur zili \u00e7ald\u0131. son 5.8 km. iljo keisse, lider olarak son tura girdi. peloton yak\u0131n.<\/p>\n<p>alexis gougeard (ag2r &#8211; la mondiale), ka\u00e7\u0131p liderli\u011fi ald\u0131.<\/p>\n<p>3.7 km kala sky&#8217;dan atak geldi. purito \u00f6n tarafa \u00e7\u0131kt\u0131.<\/p>\n<p>son turda en sonunda helikopterler ve motosikletler \u00e7al\u0131\u015fmaya ba\u015flad\u0131.<\/p>\n<p>herkes bir arada.<\/p>\n<p>son km&#8217;de giant \u00f6ne \u00e7\u0131kt\u0131. degenkolb etab\u0131 istiyor.<\/p>\n<p>ve etab\u0131 john degenkolb kazand\u0131. son 150 m tak\u0131m\u0131 b\u0131rakt\u0131 kendisi ve o mesafeyi kendi ba\u015f\u0131na giderek etab\u0131 ald\u0131.<\/p>\n<p>aru ve dumoulin ayn\u0131 anda \u00e7izgiden ge\u00e7tiler.<\/p>\n<p><a class=\"b\" href=\"https:\/\/eksisozluk.com\/?q=adam+hansen\">adam hansen<\/a>, \u00fcst \u00fcste 13. b\u00fcy\u00fck turunu bitirmeyi ba\u015fararak rekoru eline ge\u00e7irdi.<\/p><\/blockquote>\n<p><a href=\"https:\/\/i0.wp.com\/aynakol.org\/wp-content\/uploads\/2015\/09\/Vuelta2015_Stage21_Astana1.jpg\"><img data-recalc-dims=\"1\" loading=\"lazy\" decoding=\"async\" data-attachment-id=\"2009\" data-permalink=\"http:\/\/aynakol.org\/?attachment_id=2009\" data-orig-file=\"https:\/\/i0.wp.com\/aynakol.org\/wp-content\/uploads\/2015\/09\/Vuelta2015_Stage21_Astana1.jpg?fit=670%2C446\" data-orig-size=\"670,446\" data-comments-opened=\"1\" data-image-meta=\"{&quot;aperture&quot;:&quot;0&quot;,&quot;credit&quot;:&quot;&quot;,&quot;camera&quot;:&quot;&quot;,&quot;caption&quot;:&quot;&quot;,&quot;created_timestamp&quot;:&quot;0&quot;,&quot;copyright&quot;:&quot;&quot;,&quot;focal_length&quot;:&quot;0&quot;,&quot;iso&quot;:&quot;0&quot;,&quot;shutter_speed&quot;:&quot;0&quot;,&quot;title&quot;:&quot;&quot;,&quot;orientation&quot;:&quot;0&quot;}\" data-image-title=\"Vuelta2015_Stage21_Astana1\" data-image-description=\"\" data-image-caption=\"\" data-large-file=\"https:\/\/i0.wp.com\/aynakol.org\/wp-content\/uploads\/2015\/09\/Vuelta2015_Stage21_Astana1.jpg?fit=670%2C446\" class=\"aligncenter size-full wp-image-2009\" src=\"https:\/\/i0.wp.com\/aynakol.org\/wp-content\/uploads\/2015\/09\/Vuelta2015_Stage21_Astana1.jpg?resize=670%2C446\" alt=\"Vuelta2015_Stage21_Astana1\" width=\"670\" height=\"446\" srcset=\"https:\/\/i0.wp.com\/aynakol.org\/wp-content\/uploads\/2015\/09\/Vuelta2015_Stage21_Astana1.jpg?w=670 670w, https:\/\/i0.wp.com\/aynakol.org\/wp-content\/uploads\/2015\/09\/Vuelta2015_Stage21_Astana1.jpg?resize=300%2C200 300w\" sizes=\"auto, (max-width: 670px) 100vw, 670px\" \/><\/a><\/p>\n<pre>Genel Klasman\u0131n son durumu\r\n<span style=\"color: #ffffff; background-color: #ff0000;\"><strong>ITA  1  ARU, Fabio (ASTANA)                                      85:36:13<\/strong><\/span>\r\nESP  2  RODRIGUEZ OLIVER, Joaquim (KATUSHA)                       +    57\r\nPOL  3  MAJKA, Rafal (TINKOFF - SAXO)                             +  1:09\r\nCOL  4  QUINTANA ROJAS, Nairo Alexander (MOVISTAR)                +  1:42\r\nCOL  5  CHAVES RUBIO, Johan Esteban (ORICA GreenEDGE)             +  3:10\r\nNED  6  DUMOULIN, Tom (GIANT - ALPECIN)                           +  3:46\r\nESP  7  VALVERDE BELMONTE, Alejandro (MOVISTAR)                   +  6:47\r\nESP  8  NIEVE ITURALDE, Mikel (SKY)                               +  7:06\r\nESP  9  MORENO FERNANDEZ, Daniel (KATUSHA)                        +  7:12\r\nRSA  10 MEINTJES, Louis (MTN - QHUBEKA)                           + 10:26<\/pre>\n<p>Ba\u015f\u0131ndan sonuna dek zorlu ve \u00e7etin etaplara sahne olan La Vuelta a Espana&#8217;n\u0131n sonunda g\u00fclen Astana ve diskalifiye edilen Nibali sa\u011f olsun Fabio Aru oldu.<\/p>\n<p>Yolun a\u00e7\u0131k olsun Sardunyal\u0131 ve kan\u0131n temiz!<\/p>\n<div id=\"attachment_2014\" style=\"width: 715px\" class=\"wp-caption aligncenter\"><a href=\"https:\/\/i0.wp.com\/aynakol.org\/wp-content\/uploads\/2015\/09\/Vuelta2015_Stage21_Aru_and_Dumoulin_in_fairplay.jpg\"><img data-recalc-dims=\"1\" loading=\"lazy\" decoding=\"async\" aria-describedby=\"caption-attachment-2014\" data-attachment-id=\"2014\" data-permalink=\"http:\/\/aynakol.org\/?attachment_id=2014\" data-orig-file=\"https:\/\/i0.wp.com\/aynakol.org\/wp-content\/uploads\/2015\/09\/Vuelta2015_Stage21_Aru_and_Dumoulin_in_fairplay.jpg?fit=1598%2C1067\" data-orig-size=\"1598,1067\" data-comments-opened=\"1\" data-image-meta=\"{&quot;aperture&quot;:&quot;5.6&quot;,&quot;credit&quot;:&quot;Yuzuru SUNADA&quot;,&quot;camera&quot;:&quot;Canon EOS-1D X&quot;,&quot;caption&quot;:&quot;13 September 2015\\n70th Vuelta a Espana\\nStage 20 : Alcala de Henares - Madrid\\nDUMOULIN Tom (NED) Giant - Alpecin\\nARU Fabio (ITA) Astana, Maillot Rojo\\nPhoto : Yuzuru SUNADA&quot;,&quot;created_timestamp&quot;:&quot;1442165428&quot;,&quot;copyright&quot;:&quot;Yuzuru SUNADA&quot;,&quot;focal_length&quot;:&quot;31&quot;,&quot;iso&quot;:&quot;200&quot;,&quot;shutter_speed&quot;:&quot;0.002&quot;,&quot;title&quot;:&quot;&quot;,&quot;orientation&quot;:&quot;1&quot;}\" data-image-title=\"Vuelta2015_Stage21_Aru_and_Dumoulin_in_fairplay\" data-image-description=\"\" data-image-caption=\"&lt;p&gt;13 September 2015&lt;br \/&gt;\n70th Vuelta a Espana&lt;br \/&gt;\nStage 20 : Alcala de Henares &amp;#8211; Madrid&lt;br \/&gt;\nDUMOULIN Tom (NED) Giant &amp;#8211; Alpecin&lt;br \/&gt;\nARU Fabio (ITA) Astana, Maillot Rojo&lt;br \/&gt;\nPhoto : Yuzuru SUNADA&lt;\/p&gt;\n\" data-large-file=\"https:\/\/i0.wp.com\/aynakol.org\/wp-content\/uploads\/2015\/09\/Vuelta2015_Stage21_Aru_and_Dumoulin_in_fairplay.jpg?fit=860%2C574\" class=\"size-large wp-image-2014\" src=\"https:\/\/i0.wp.com\/aynakol.org\/wp-content\/uploads\/2015\/09\/Vuelta2015_Stage21_Aru_and_Dumoulin_in_fairplay.jpg?resize=705%2C471\" alt=\"13 September 2015 70th Vuelta a Espana Stage 20 : Alcala de Henares - Madrid DUMOULIN Tom (NED) Giant - Alpecin ARU Fabio (ITA) Astana, Maillot Rojo Photo : Yuzuru SUNADA\" width=\"705\" height=\"471\" srcset=\"https:\/\/i0.wp.com\/aynakol.org\/wp-content\/uploads\/2015\/09\/Vuelta2015_Stage21_Aru_and_Dumoulin_in_fairplay.jpg?resize=1024%2C684 1024w, https:\/\/i0.wp.com\/aynakol.org\/wp-content\/uploads\/2015\/09\/Vuelta2015_Stage21_Aru_and_Dumoulin_in_fairplay.jpg?resize=300%2C200 300w, https:\/\/i0.wp.com\/aynakol.org\/wp-content\/uploads\/2015\/09\/Vuelta2015_Stage21_Aru_and_Dumoulin_in_fairplay.jpg?resize=705%2C471 705w, https:\/\/i0.wp.com\/aynakol.org\/wp-content\/uploads\/2015\/09\/Vuelta2015_Stage21_Aru_and_Dumoulin_in_fairplay.jpg?w=1598 1598w\" sizes=\"auto, (max-width: 705px) 100vw, 705px\" \/><\/a><p id=\"caption-attachment-2014\" class=\"wp-caption-text\">D\u00fcn\u00fcn kaybedeni Tom Dumoulin ile 21 g\u00fcnl\u00fck zorlu m\u00fccadelenin kazanan\u0131 Fabio Aru b\u00fcy\u00fck bir centilmenlik i\u00e7inde&#8230; Aru tebrikleri kabul ederken. \/ Foto\u011fraf Yuzuru Sunada, kaynak: PelotonMagazine.com<\/p><\/div>\n<div id=\"attachment_2013\" style=\"width: 715px\" class=\"wp-caption aligncenter\"><a href=\"https:\/\/i0.wp.com\/aynakol.org\/wp-content\/uploads\/2015\/09\/Vuelta2015_Stage21_Aru_sworks1.jpg\"><img data-recalc-dims=\"1\" loading=\"lazy\" decoding=\"async\" aria-describedby=\"caption-attachment-2013\" data-attachment-id=\"2013\" data-permalink=\"http:\/\/aynakol.org\/?attachment_id=2013\" data-orig-file=\"https:\/\/i0.wp.com\/aynakol.org\/wp-content\/uploads\/2015\/09\/Vuelta2015_Stage21_Aru_sworks1.jpg?fit=1600%2C1067\" data-orig-size=\"1600,1067\" data-comments-opened=\"1\" data-image-meta=\"{&quot;aperture&quot;:&quot;14&quot;,&quot;credit&quot;:&quot;Yuzuru SUNADA&quot;,&quot;camera&quot;:&quot;Canon EOS-1D X&quot;,&quot;caption&quot;:&quot;13 September 2015\\n70th Vuelta a Espana\\nStage 20 : Alcala de Henares - Madrid\\nBike of ARU Fabio (ITA) Astana, Maillot Rojo\\nPhoto : Yuzuru SUNADA&quot;,&quot;created_timestamp&quot;:&quot;1442164768&quot;,&quot;copyright&quot;:&quot;Yuzuru SUNADA&quot;,&quot;focal_length&quot;:&quot;125&quot;,&quot;iso&quot;:&quot;320&quot;,&quot;shutter_speed&quot;:&quot;0.003125&quot;,&quot;title&quot;:&quot;&quot;,&quot;orientation&quot;:&quot;1&quot;}\" data-image-title=\"Vuelta2015_Stage21_Aru_sworks1\" data-image-description=\"\" data-image-caption=\"&lt;p&gt;13 September 2015&lt;br \/&gt;\n70th Vuelta a Espana&lt;br \/&gt;\nStage 20 : Alcala de Henares &amp;#8211; Madrid&lt;br \/&gt;\nBike of ARU Fabio (ITA) Astana, Maillot Rojo&lt;br \/&gt;\nPhoto : Yuzuru SUNADA&lt;\/p&gt;\n\" data-large-file=\"https:\/\/i0.wp.com\/aynakol.org\/wp-content\/uploads\/2015\/09\/Vuelta2015_Stage21_Aru_sworks1.jpg?fit=860%2C574\" class=\"size-large wp-image-2013\" src=\"https:\/\/i0.wp.com\/aynakol.org\/wp-content\/uploads\/2015\/09\/Vuelta2015_Stage21_Aru_sworks1.jpg?resize=705%2C470\" alt=\"13 September 2015 70th Vuelta a Espana Stage 20 : Alcala de Henares - Madrid Bike of ARU Fabio (ITA) Astana, Maillot Rojo Photo : Yuzuru SUNADA\" width=\"705\" height=\"470\" srcset=\"https:\/\/i0.wp.com\/aynakol.org\/wp-content\/uploads\/2015\/09\/Vuelta2015_Stage21_Aru_sworks1.jpg?resize=1024%2C683 1024w, https:\/\/i0.wp.com\/aynakol.org\/wp-content\/uploads\/2015\/09\/Vuelta2015_Stage21_Aru_sworks1.jpg?resize=300%2C200 300w, https:\/\/i0.wp.com\/aynakol.org\/wp-content\/uploads\/2015\/09\/Vuelta2015_Stage21_Aru_sworks1.jpg?resize=705%2C470 705w, https:\/\/i0.wp.com\/aynakol.org\/wp-content\/uploads\/2015\/09\/Vuelta2015_Stage21_Aru_sworks1.jpg?w=1600 1600w\" sizes=\"auto, (max-width: 705px) 100vw, 705px\" \/><\/a><p id=\"caption-attachment-2013\" class=\"wp-caption-text\">70. \u0130spanya Bisiklet Turunun \u015fampiyonu Fabio Aru i\u00e7in \u00f6zel haz\u0131rlanan\u00a0<span style=\"color: #ffffff; background-color: #ff0000;\"><strong>Maillot Rojo<\/strong><span style=\"color: #000000; background-color: #ffffff;\"> renklerine boyanm\u0131\u015f Specialized S-Works Tarmac bisikleti<\/span><\/span>. \/ Foto\u011fraf Yuzuru Sunada, kaynak: PelotonMagazine.com<\/p><\/div>\n<p>&nbsp;<\/p>\n<div id=\"attachment_2017\" style=\"width: 715px\" class=\"wp-caption aligncenter\"><a href=\"https:\/\/i0.wp.com\/aynakol.org\/wp-content\/uploads\/2015\/09\/Vuelta2015_Stage21_final_podium_1.jpg\"><img data-recalc-dims=\"1\" loading=\"lazy\" decoding=\"async\" aria-describedby=\"caption-attachment-2017\" data-attachment-id=\"2017\" data-permalink=\"http:\/\/aynakol.org\/?attachment_id=2017\" data-orig-file=\"https:\/\/i0.wp.com\/aynakol.org\/wp-content\/uploads\/2015\/09\/Vuelta2015_Stage21_final_podium_1.jpg?fit=1600%2C1067\" data-orig-size=\"1600,1067\" data-comments-opened=\"1\" data-image-meta=\"{&quot;aperture&quot;:&quot;5&quot;,&quot;credit&quot;:&quot;Yuzuru SUNADA&quot;,&quot;camera&quot;:&quot;Canon EOS-1D X&quot;,&quot;caption&quot;:&quot;13 September 2015\\n70th Vuelta a Espana\\nStage 20 : Alcala de Henares - Madrid\\nFinal Podium\\n1st : ARU Fabio (ITA) Astana, Maillot Rojo\\n2nd : RODRIGUEZ Joaquin (ESP) Katusha\\n3rd : MAJKA Rafal (POL) Tinkoff - Saxo\\nPhoto : Yuzuru SUNADA&quot;,&quot;created_timestamp&quot;:&quot;1442177988&quot;,&quot;copyright&quot;:&quot;Yuzuru SUNADA&quot;,&quot;focal_length&quot;:&quot;263&quot;,&quot;iso&quot;:&quot;2000&quot;,&quot;shutter_speed&quot;:&quot;0.003125&quot;,&quot;title&quot;:&quot;&quot;,&quot;orientation&quot;:&quot;1&quot;}\" data-image-title=\"Vuelta2015_Stage21_final_podium_1\" data-image-description=\"\" data-image-caption=\"&lt;p&gt;13 September 2015&lt;br \/&gt;\n70th Vuelta a Espana&lt;br \/&gt;\nStage 20 : Alcala de Henares &amp;#8211; Madrid&lt;br \/&gt;\nFinal Podium&lt;br \/&gt;\n1st : ARU Fabio (ITA) Astana, Maillot Rojo&lt;br \/&gt;\n2nd : RODRIGUEZ Joaquin (ESP) Katusha&lt;br \/&gt;\n3rd : MAJKA Rafal (POL) Tinkoff &amp;#8211; Saxo&lt;br \/&gt;\nPhoto : Yuzuru SUNADA&lt;\/p&gt;\n\" data-large-file=\"https:\/\/i0.wp.com\/aynakol.org\/wp-content\/uploads\/2015\/09\/Vuelta2015_Stage21_final_podium_1.jpg?fit=860%2C574\" class=\"size-large wp-image-2017\" src=\"https:\/\/i0.wp.com\/aynakol.org\/wp-content\/uploads\/2015\/09\/Vuelta2015_Stage21_final_podium_1.jpg?resize=705%2C470\" alt=\"13 September 2015 70th Vuelta a Espana Stage 20 : Alcala de Henares - Madrid Final Podium 1st : ARU Fabio (ITA) Astana, Maillot Rojo 2nd : RODRIGUEZ Joaquin (ESP) Katusha 3rd : MAJKA Rafal (POL) Tinkoff - Saxo Photo : Yuzuru SUNADA\" width=\"705\" height=\"470\" srcset=\"https:\/\/i0.wp.com\/aynakol.org\/wp-content\/uploads\/2015\/09\/Vuelta2015_Stage21_final_podium_1.jpg?resize=1024%2C683 1024w, https:\/\/i0.wp.com\/aynakol.org\/wp-content\/uploads\/2015\/09\/Vuelta2015_Stage21_final_podium_1.jpg?resize=300%2C200 300w, https:\/\/i0.wp.com\/aynakol.org\/wp-content\/uploads\/2015\/09\/Vuelta2015_Stage21_final_podium_1.jpg?resize=705%2C470 705w, https:\/\/i0.wp.com\/aynakol.org\/wp-content\/uploads\/2015\/09\/Vuelta2015_Stage21_final_podium_1.jpg?w=1600 1600w\" sizes=\"auto, (max-width: 705px) 100vw, 705px\" \/><\/a><p id=\"caption-attachment-2017\" class=\"wp-caption-text\">Porto Banus&#8217;da ba\u015flayan zorlu m\u00fccadeleyi Madrid&#8217;in \u0131\u015f\u0131klar\u0131 alt\u0131nda podyumda bitiren \u00fc\u00e7 isim birbirilerini tebrik ediyor:\u00a0<br \/>Birinci: Fabio ARU (\u0130talya Astana, Maillot Rojo<br \/>\u0130kinci:\u00a0Joaquin RODR\u0130GUEZ (\u0130spanya) Katusha<br \/>\u00dc\u00e7\u00fcnc\u00fc:\u00a0MAJKA Rafal MAJKA\u00a0(Polonya) Tinkoff &#8211; Saxo<br \/>Foto\u011fraf:\u00a0Yuzuru SUNADA, kaynak: PelotonMagazine.com<\/p><\/div>\n<div id=\"attachment_1991\" style=\"width: 715px\" class=\"wp-caption aligncenter\"><a href=\"https:\/\/i0.wp.com\/aynakol.org\/wp-content\/uploads\/2015\/09\/Vuelta2015_Stage20_Adam_Hansen.jpg\"><img data-recalc-dims=\"1\" loading=\"lazy\" decoding=\"async\" aria-describedby=\"caption-attachment-1991\" data-attachment-id=\"1991\" data-permalink=\"http:\/\/aynakol.org\/?attachment_id=1991\" data-orig-file=\"https:\/\/i0.wp.com\/aynakol.org\/wp-content\/uploads\/2015\/09\/Vuelta2015_Stage20_Adam_Hansen.jpg?fit=1600%2C1067\" data-orig-size=\"1600,1067\" data-comments-opened=\"1\" data-image-meta=\"{&quot;aperture&quot;:&quot;4&quot;,&quot;credit&quot;:&quot;Yuzuru SUNADA&quot;,&quot;camera&quot;:&quot;Canon EOS-1D X&quot;,&quot;caption&quot;:&quot;12 September 2015\\n70th Vuelta a Espana\\nStage 20 : San Lorenzo de El Escorial - Cercedilla\\nHANSEN Adam (AUS) Lotto - Soudal, at Puerto de Ncerrada\\nPhoto : Yuzuru SUNADA&quot;,&quot;created_timestamp&quot;:&quot;1442064961&quot;,&quot;copyright&quot;:&quot;Yuzuru SUNADA&quot;,&quot;focal_length&quot;:&quot;70&quot;,&quot;iso&quot;:&quot;400&quot;,&quot;shutter_speed&quot;:&quot;0.0008&quot;,&quot;title&quot;:&quot;&quot;,&quot;orientation&quot;:&quot;1&quot;}\" data-image-title=\"Vuelta2015_Stage20_Adam_Hansen\" data-image-description=\"\" data-image-caption=\"&lt;p&gt;\u00dcst \u00fcste 13 b\u00fcy\u00fck tur tamamlamak! Evden kilometrelerce uzak olman\u0131n bir bedeli de g\u00fczel bir hikaye yazm\u0131\u015f olman! Adam Hansen chapeu!&lt;\/p&gt;\n\" data-large-file=\"https:\/\/i0.wp.com\/aynakol.org\/wp-content\/uploads\/2015\/09\/Vuelta2015_Stage20_Adam_Hansen.jpg?fit=860%2C574\" class=\"size-large wp-image-1991\" src=\"https:\/\/i0.wp.com\/aynakol.org\/wp-content\/uploads\/2015\/09\/Vuelta2015_Stage20_Adam_Hansen.jpg?resize=705%2C470\" alt=\"\u00dcst \u00fcste 13 b\u00fcy\u00fck tur tamamlamak! Evden kilometrelerce uzak olman\u0131n bir bedeli de g\u00fczel bir hikaye yazm\u0131\u015f olman! Adam Hansen chapeu!\" width=\"705\" height=\"470\" srcset=\"https:\/\/i0.wp.com\/aynakol.org\/wp-content\/uploads\/2015\/09\/Vuelta2015_Stage20_Adam_Hansen.jpg?resize=1024%2C683 1024w, https:\/\/i0.wp.com\/aynakol.org\/wp-content\/uploads\/2015\/09\/Vuelta2015_Stage20_Adam_Hansen.jpg?resize=300%2C200 300w, https:\/\/i0.wp.com\/aynakol.org\/wp-content\/uploads\/2015\/09\/Vuelta2015_Stage20_Adam_Hansen.jpg?resize=705%2C470 705w, https:\/\/i0.wp.com\/aynakol.org\/wp-content\/uploads\/2015\/09\/Vuelta2015_Stage20_Adam_Hansen.jpg?w=1600 1600w\" sizes=\"auto, (max-width: 705px) 100vw, 705px\" \/><\/a><p id=\"caption-attachment-1991\" class=\"wp-caption-text\">\u00dcst \u00fcste 13 b\u00fcy\u00fck tur tamamlamak! Evden kilometrelerce uzak olman\u0131n bir bedeli de g\u00fczel bir hikaye yazm\u0131\u015f olman! Adam Hansen chapeu!<\/p><\/div>\n<p>&nbsp;<\/p>\n<p>Unutmadan! Alk\u0131\u015flar\u0131n bir k\u0131sm\u0131 da Lotto-Soudal tak\u0131m\u0131n\u0131n Avustralyal\u0131 pedal\u0131 Adam Hansen i\u00e7in&#8230; Zira Hansen tam 13 kez \u00fcst \u00fcste b\u00fcy\u00fck tur tamamlayarak bu alanda rekor k\u0131rd\u0131.\u00a0Pelotonun bu <a href=\"http:\/\/aynakol.org\/?p=801\">renkli simas\u0131\u00a0<\/a>rahat durmayacak, seneye Giro d&#8217;Italia&#8217;ya kat\u0131l\u0131p rekorunu geli\u015ftirecektir. Merakl\u0131s\u0131na bir \u00f6nceki rekor 1954-58 y\u0131llar\u0131 aras\u0131nda <a href=\"http:\/\/aynakol.org\/wp-content\/uploads\/2015\/09\/LV2015_stage21_adam_hansen.jpg\" target=\"_blank\">Bernardo Ruiz<\/a>&#8216;e ait idi.<\/p>\n<p>&nbsp;<\/p>\n<div id=\"attachment_2008\" style=\"width: 680px\" class=\"wp-caption aligncenter\"><a href=\"https:\/\/i0.wp.com\/aynakol.org\/wp-content\/uploads\/2015\/09\/Vuelta2015_Stage21_Peloton1.jpg\"><img data-recalc-dims=\"1\" loading=\"lazy\" decoding=\"async\" aria-describedby=\"caption-attachment-2008\" data-attachment-id=\"2008\" data-permalink=\"http:\/\/aynakol.org\/?attachment_id=2008\" data-orig-file=\"https:\/\/i0.wp.com\/aynakol.org\/wp-content\/uploads\/2015\/09\/Vuelta2015_Stage21_Peloton1.jpg?fit=670%2C446\" data-orig-size=\"670,446\" data-comments-opened=\"1\" data-image-meta=\"{&quot;aperture&quot;:&quot;0&quot;,&quot;credit&quot;:&quot;&quot;,&quot;camera&quot;:&quot;&quot;,&quot;caption&quot;:&quot;&quot;,&quot;created_timestamp&quot;:&quot;0&quot;,&quot;copyright&quot;:&quot;&quot;,&quot;focal_length&quot;:&quot;0&quot;,&quot;iso&quot;:&quot;0&quot;,&quot;shutter_speed&quot;:&quot;0&quot;,&quot;title&quot;:&quot;&quot;,&quot;orientation&quot;:&quot;0&quot;}\" data-image-title=\"Vuelta2015_Stage21_Peloton1\" data-image-description=\"\" data-image-caption=\"\" data-large-file=\"https:\/\/i0.wp.com\/aynakol.org\/wp-content\/uploads\/2015\/09\/Vuelta2015_Stage21_Peloton1.jpg?fit=670%2C446\" class=\"wp-image-2008 size-full\" src=\"https:\/\/i0.wp.com\/aynakol.org\/wp-content\/uploads\/2015\/09\/Vuelta2015_Stage21_Peloton1.jpg?resize=670%2C446\" alt=\"Vuelta2015_Stage21_Peloton1\" width=\"670\" height=\"446\" srcset=\"https:\/\/i0.wp.com\/aynakol.org\/wp-content\/uploads\/2015\/09\/Vuelta2015_Stage21_Peloton1.jpg?w=670 670w, https:\/\/i0.wp.com\/aynakol.org\/wp-content\/uploads\/2015\/09\/Vuelta2015_Stage21_Peloton1.jpg?resize=300%2C200 300w\" sizes=\"auto, (max-width: 670px) 100vw, 670px\" \/><\/a><p id=\"caption-attachment-2008\" class=\"wp-caption-text\">ve Peloton&#8230;<\/p><\/div>\n<p>21 g\u00fcn, 8 da\u011fl\u0131k etap, 3358.1 km, 90 saat 33 dakika 44 saniye sonra olu\u015fan s\u0131ralama<\/p>\n<ul>\n<li>Genel klasman lideri: Fabio Aru (italyan) Astana<\/li>\n<li>Genel klasman ikincisi: Joaquin Rodriguez (\u0130spanya) Team Katusha<\/li>\n<li>Genel klasman \u00fc\u00e7\u00fcnc\u00fcs\u00fc: Rafal Majka (Polonya) Tinkoff-Saxo<\/li>\n<li>En sava\u015f\u00e7\u0131 bisikletli: Tom Dumoulin (Hollanda) Team Giant-Alpecin<\/li>\n<li>Da\u011flar\u0131n kral\u0131: Omar Fraile (\u0130spanya)<\/li>\n<li>Combine mayo lideri:\u00a0Joaquin Rodriguez (\u0130spanya) Team Katusha<\/li>\n<li>La Vuelta 2015 sonuncusu: <a href=\"http:\/\/www.procyclingstats.com\/rider\/Boy_Van_Poppel\" target=\"_blank\">Boy van Poppel<\/a> (Hollanda) Trek Factory Racing<\/li>\n<li>Tak\u0131m klasman\u0131 lideri: Movistar Team (\u0130spanya)<\/li>\n<\/ul>\n<div id=\"fb-root\"><\/div>\n<div class=\"fb-post\" data-href=\"https:\/\/www.facebook.com\/tinkoffsport\/videos\/722708231164485\/\" data-width=\"500\">\n<div class=\"fb-xfbml-parse-ignore\">\n<blockquote cite=\"https:\/\/www.facebook.com\/tinkoffsport\/videos\/722708231164485\/\"><p>How it looks in slow-motion, when Rafal Majka celebrates on the podium of La Vuelta!!!<\/p>\n<p>Posted by <a href=\"https:\/\/www.facebook.com\/tinkoffsport\">Tinkoff Saxo<\/a> on\u00a0<a href=\"https:\/\/www.facebook.com\/tinkoffsport\/videos\/722708231164485\/\">13 Eyl\u00fcl 2015 Pazar<\/a><\/p><\/blockquote>\n<\/div>\n<\/div>\n<p><strong>Daha fazlas\u0131 i\u00e7in:<\/strong><\/p>\n<ul>\n<li>S\u0131ral\u0131 tam liste: <a href=\"http:\/\/www.procyclingstats.com\/race\/Vuelta_a_Espana_2015_Stage21\" target=\"_blank\">ProCyclingStats.com<\/a><\/li>\n<li>Vuelta a Espana 2015 hakk\u0131nda her \u015fey: <a href=\"http:\/\/www.steephill.tv\/vuelta-a-espana\/#21-preview-2015\" target=\"_blank\">SteepHill.TV<\/a><\/li>\n<li>Vuelta a Espana 2015 Twitter hesaplar\u0131:\n<ul>\n<li>Resmi hesap: <strong><a href=\"https:\/\/twitter.com\/lavuelta\" target=\"_blank\">@lavuelta<\/a><\/strong><\/li>\n<li>T\u00fcrk\u00e7e neler olmu\u015f? <strong><a href=\"https:\/\/twitter.com\/hashtag\/vueltatr?src=hash\" target=\"_blank\">#vueltaTR<\/a><\/strong><\/li>\n<li>\u0130ngilizce neler olmu\u015f? <a href=\"https:\/\/twitter.com\/hashtag\/LV2015?src=hash\" target=\"_blank\"><strong>#LV2015<\/strong><\/a><\/li>\n<\/ul>\n<\/li>\n<li>Ayr\u0131ca hep sanal olacak de\u011fil ya, biraz da nostalji, biraz da bas\u0131l\u0131 belge bilgi: Cyclist T\u00fcrkiye Dergisinin bu ayki say\u0131s\u0131nda Buyruk Alparslan\u2019\u0131n kaleme ald\u0131\u011f\u0131 Vuelta 2015 dosyas\u0131 da elinizin alt\u0131nda olsun.<\/li>\n<\/ul>\n","protected":false},"excerpt":{"rendered":"<p>20. etab\u0131 izlerken hop oturduk hop kalkt\u0131k, Ruben Plaza&#8217;n\u0131n solo ata\u011f\u0131 acaba De Marchi ve Gon\u00e7alves taraf\u0131ndan sona erdirilecek mi derken Plaza etab\u0131 kazan\u0131rken, Aru&#8217;nun [&#8230;]<\/p>\n","protected":false},"author":1,"featured_media":2012,"comment_status":"open","ping_status":"open","sticky":false,"template":"","format":"standard","meta":{"jetpack_post_was_ever_published":false,"_jetpack_newsletter_access":"","_jetpack_dont_email_post_to_subs":false,"_jetpack_newsletter_tier_id":0,"_jetpack_memberships_contains_paywalled_content":false,"_jetpack_memberships_contains_paid_content":false,"footnotes":"","jetpack_publicize_message":"#LV2015 #VueltaaEspana 21.Etap: Alcal\u00e1 de Henares\u2192Madrid D\u00fcz, d\u00fcmd\u00fcz, \u00e7\u0131k\u0131nt\u0131 bile yok. #MaillotRojo ve tur zaferi Sardunyal\u0131 y\u0131ld\u0131z #FabioAru'nun!","jetpack_publicize_feature_enabled":true,"jetpack_social_post_already_shared":true,"jetpack_social_options":{"image_generator_settings":{"template":"highway","default_image_id":0,"font":"","enabled":false},"version":2}},"categories":[92,91],"tags":[569,65,80,984,24,17,43,26,980,963,25,982,16,233,986,952,955,879,719,953,411,262,773,222,981,562,979,41,28,985,877,319,136,322,320,966,234,983],"class_list":["post-1987","post","type-post","status-publish","format-standard","has-post-thumbnail","hentry","category-grand","category-vuelta-2","tag-ag2r-la-mondiale","tag-alejandro-valverde","tag-alessandro-de-marchi","tag-alexis-gougeard","tag-astana","tag-bisiklet-turu","tag-bmc","tag-chris-froome","tag-danny-van-poppel","tag-esteban-chaves","tag-fabio-aru","tag-frank-schleck","tag-ispanya","tag-ispanya-bisiklet-turu","tag-john-dege","tag-la-vuelta","tag-la-vuelta-a-espana","tag-lampre","tag-lampre-merida","tag-lv2015","tag-madonna-del-ghisallo","tag-merida","tag-mikel-landa","tag-nairo-quintana","tag-nelson-oliviera","tag-nicolas-roche","tag-purito-rodriguez","tag-queen-stage","tag-rafal-majka","tag-ruben-molina-plaza","tag-ruben-plaza","tag-s-works","tag-specialized","tag-specialized-tarmac","tag-sworks","tag-tom-dumoulin","tag-vuelta-a-espana","tag-vueltatr-invidual-time-trial"],"jetpack_publicize_connections":[],"jetpack_featured_media_url":"https:\/\/i0.wp.com\/aynakol.org\/wp-content\/uploads\/2015\/09\/Vuelta2015_Stage21_Aru_in_podium_1.jpg?fit=1600%2C1067","jetpack_sharing_enabled":true,"jetpack_shortlink":"https:\/\/wp.me\/p51p4O-w3","jetpack_likes_enabled":true,"jetpack-related-posts":[{"id":1978,"url":"http:\/\/aynakol.org\/?p=1978","url_meta":{"origin":1987,"position":0},"title":"#LV2015 La Vuelta a Espana 20. Etap: San Lorenzo de El Escorial \u2192 Cercedilla","author":"Ayd\u0131n Bez","date":"11 Eyl\u00fcl 2015","format":false,"excerpt":"19. etap t\u0131pk\u0131 bas\u0131m gibiydi adeta: ka\u00e7anlar\u0131n zaferine sahne olurken ag2r La Mondiale tak\u0131m\u0131n\u0131n Frans\u0131z pedal\u0131 Alexis Gougeard etab\u0131 kazand\u0131! Tom Dumoulin k\u0131rm\u0131z\u0131 mayoyu yar\u0131nki etapta sa\u011flama alabilmek i\u00e7in son 2 km kala atak yapt\u0131 ve Fabio Aru'dan 3 saniye daha \u00e7alarak fark\u0131 6 saniyeye \u00e7\u0131kartt\u0131. K\u0131rm\u0131z\u0131 mayo h\u00e2l\u00e2 Tom\u2026","rel":"","context":"&quot;Grand Tour&quot; i\u00e7inde","block_context":{"text":"Grand Tour","link":"http:\/\/aynakol.org\/?cat=92"},"img":{"alt_text":"","src":"https:\/\/i0.wp.com\/aynakol.org\/wp-content\/uploads\/2015\/09\/Vuelta2015_Stage19_peloton.jpg?fit=670%2C446&resize=350%2C200","width":350,"height":200,"srcset":"https:\/\/i0.wp.com\/aynakol.org\/wp-content\/uploads\/2015\/09\/Vuelta2015_Stage19_peloton.jpg?fit=670%2C446&resize=350%2C200 1x, https:\/\/i0.wp.com\/aynakol.org\/wp-content\/uploads\/2015\/09\/Vuelta2015_Stage19_peloton.jpg?fit=670%2C446&resize=525%2C300 1.5x"},"classes":[]},{"id":1884,"url":"http:\/\/aynakol.org\/?p=1884","url_meta":{"origin":1987,"position":1},"title":"#LV2015 La Vuelta a Espana 13. Etap: Catalayud \u2192 Tarazona","author":"Ayd\u0131n Bez","date":"3 Eyl\u00fcl 2015","format":false,"excerpt":"S\u0131rad\u0131\u015f\u0131 hi\u00e7bir \u015feyin olmad\u0131\u011f\u0131 12. etap ka\u011f\u0131t \u00fczerinde neyse ger\u00e7ekte de \u00f6yle oldu: r\u00fczgar gibi geldi ge\u00e7ti. Chris Froome 11. etapta ge\u00e7irdi\u011fi kaza sonras\u0131 aya\u011f\u0131nda olu\u015fan k\u0131r\u0131k\/\u00e7atlak y\u00fcz\u00fcnden etaba ba\u015flamad\u0131 ve yar\u0131\u015f\u0131 b\u0131rakt\u0131. Etab\u0131 TREK Racing Factory tak\u0131m\u0131n\u0131n Hollandal\u0131 gen\u00e7 pedal\u0131 Danny van Poppel kazan\u0131rken bu sene Vuelta'da bir t\u00fcrl\u00fc\u2026","rel":"","context":"&quot;Grand Tour&quot; i\u00e7inde","block_context":{"text":"Grand Tour","link":"http:\/\/aynakol.org\/?cat=92"},"img":{"alt_text":"","src":"https:\/\/i0.wp.com\/aynakol.org\/wp-content\/uploads\/2015\/09\/Vuelta2015_Stage11_The_grupetto_on_the_final_climb.jpg?fit=1001%2C562&resize=350%2C200","width":350,"height":200,"srcset":"https:\/\/i0.wp.com\/aynakol.org\/wp-content\/uploads\/2015\/09\/Vuelta2015_Stage11_The_grupetto_on_the_final_climb.jpg?fit=1001%2C562&resize=350%2C200 1x, https:\/\/i0.wp.com\/aynakol.org\/wp-content\/uploads\/2015\/09\/Vuelta2015_Stage11_The_grupetto_on_the_final_climb.jpg?fit=1001%2C562&resize=525%2C300 1.5x, https:\/\/i0.wp.com\/aynakol.org\/wp-content\/uploads\/2015\/09\/Vuelta2015_Stage11_The_grupetto_on_the_final_climb.jpg?fit=1001%2C562&resize=700%2C400 2x"},"classes":[]},{"id":1748,"url":"http:\/\/aynakol.org\/?p=1748","url_meta":{"origin":1987,"position":2},"title":"#LV2015 Vuelta a Espa\u00f1a &#8211; 6. Etap: Cordoba \u2192 Cazorla","author":"Ayd\u0131n Bez","date":"26 A\u011fustos 2015","format":false,"excerpt":"5. Etap \u00f6zeti Toplu sprint biti\u015fine sahne olan 5. etab\u0131 kazanan Orica-GreenEdge tak\u0131m\u0131ndan Caleb Ewans olurken alt\u0131n mayoyu giyen tak\u0131m arkada\u015f\u0131 Esteban Chaves geride kal\u0131nda mayo Team Giant-Alpecin'den Tom Dumoulin'e ge\u00e7ti, Chris Froome di\u011fer GK iddial\u0131lar\u0131ndan saniye \u00e7alarak yukar\u0131 ta\u015f\u0131d\u0131 kendisini Sagan bu kez \u00fc\u00e7\u00fcnc\u00fc, be\u015finci etapla birlikte d\u00fczl\u00fck etaplar\u0131n\u2026","rel":"","context":"&quot;Grand Tour&quot; i\u00e7inde","block_context":{"text":"Grand Tour","link":"http:\/\/aynakol.org\/?cat=92"},"img":{"alt_text":"","src":"https:\/\/i0.wp.com\/aynakol.org\/wp-content\/uploads\/2015\/08\/Vuelta2015_Stage5_peloton.jpg?fit=1000%2C460&resize=350%2C200","width":350,"height":200,"srcset":"https:\/\/i0.wp.com\/aynakol.org\/wp-content\/uploads\/2015\/08\/Vuelta2015_Stage5_peloton.jpg?fit=1000%2C460&resize=350%2C200 1x, https:\/\/i0.wp.com\/aynakol.org\/wp-content\/uploads\/2015\/08\/Vuelta2015_Stage5_peloton.jpg?fit=1000%2C460&resize=525%2C300 1.5x, https:\/\/i0.wp.com\/aynakol.org\/wp-content\/uploads\/2015\/08\/Vuelta2015_Stage5_peloton.jpg?fit=1000%2C460&resize=700%2C400 2x"},"classes":[]},{"id":1839,"url":"http:\/\/aynakol.org\/?p=1839","url_meta":{"origin":1987,"position":3},"title":"#LV2015 La Vuelta a Espana 11. Etap: Andorra \u2192 Els Cortals de Encamp","author":"Ayd\u0131n Bez","date":"2 Eyl\u00fcl 2015","format":false,"excerpt":"Dinlenme g\u00fcn\u00fcnden sonra\u00a0genelde ya zamana kar\u015f\u0131 etab\u0131 olur ya da ge\u00e7i\u015f etab\u0131 pedallan\u0131r. Bunun g\u00fczel bir \u00f6rne\u011fini bu sene Tour de France'da g\u00f6rd\u00fck: peloton Pirenelere de Alplere de ge\u00e7erken aff\u0131 b\u00fcy\u00fck ge\u00e7i\u015f etaplar\u0131nda pedallad\u0131. Ancak buras\u0131 \u0130spanya, burada af yok: ac\u0131, ter, ve g\u00f6zya\u015f\u0131 ile yo\u011frulmu\u015f zaferler var! Andorra \u2192\u2026","rel":"","context":"&quot;Grand Tour&quot; i\u00e7inde","block_context":{"text":"Grand Tour","link":"http:\/\/aynakol.org\/?cat=92"},"img":{"alt_text":"","src":"https:\/\/i0.wp.com\/aynakol.org\/wp-content\/uploads\/2015\/09\/Vuelta2015_Stage10_peloton11.jpg?fit=1001%2C444&resize=350%2C200","width":350,"height":200,"srcset":"https:\/\/i0.wp.com\/aynakol.org\/wp-content\/uploads\/2015\/09\/Vuelta2015_Stage10_peloton11.jpg?fit=1001%2C444&resize=350%2C200 1x, https:\/\/i0.wp.com\/aynakol.org\/wp-content\/uploads\/2015\/09\/Vuelta2015_Stage10_peloton11.jpg?fit=1001%2C444&resize=525%2C300 1.5x, https:\/\/i0.wp.com\/aynakol.org\/wp-content\/uploads\/2015\/09\/Vuelta2015_Stage10_peloton11.jpg?fit=1001%2C444&resize=700%2C400 2x"},"classes":[]},{"id":1947,"url":"http:\/\/aynakol.org\/?p=1947","url_meta":{"origin":1987,"position":4},"title":"#LV2015 La Vuelta a Espana 17. Etap: Burgos","author":"Ayd\u0131n Bez","date":"9 Eyl\u00fcl 2015","format":false,"excerpt":"16. etapda mayo el de\u011fi\u015ftirdi! Etab\u0131n iki kazanan\u0131 var: Trek Factory Racing tak\u0131m\u0131n\u0131n L\u00fcksemburglu ismi Frank Schleck etab\u0131 kazan\u0131rken son 2 km kala bitime yapt\u0131\u011f\u0131 atakla, Purito Rodriguez 36 ya\u015f\u0131na ve Le Tour\u00a0yorgunlu\u011funa ald\u0131rmadan e\u011fimin iyice sertle\u015fti\u011fi son 700 metrede Fabio Aru'ya, Rafal Majka'ya kar\u015f\u0131 atak yap\u0131p k\u0131rm\u0131z\u0131 mayoya ula\u015ft\u0131.\u2026","rel":"","context":"&quot;Grand Tour&quot; i\u00e7inde","block_context":{"text":"Grand Tour","link":"http:\/\/aynakol.org\/?cat=92"},"img":{"alt_text":"","src":"https:\/\/i0.wp.com\/aynakol.org\/wp-content\/uploads\/2015\/09\/LV2015_stage12_peloton_in_front_of_the_valley_fullsize.jpg?fit=1200%2C532&resize=350%2C200","width":350,"height":200,"srcset":"https:\/\/i0.wp.com\/aynakol.org\/wp-content\/uploads\/2015\/09\/LV2015_stage12_peloton_in_front_of_the_valley_fullsize.jpg?fit=1200%2C532&resize=350%2C200 1x, https:\/\/i0.wp.com\/aynakol.org\/wp-content\/uploads\/2015\/09\/LV2015_stage12_peloton_in_front_of_the_valley_fullsize.jpg?fit=1200%2C532&resize=525%2C300 1.5x, https:\/\/i0.wp.com\/aynakol.org\/wp-content\/uploads\/2015\/09\/LV2015_stage12_peloton_in_front_of_the_valley_fullsize.jpg?fit=1200%2C532&resize=700%2C400 2x, https:\/\/i0.wp.com\/aynakol.org\/wp-content\/uploads\/2015\/09\/LV2015_stage12_peloton_in_front_of_the_valley_fullsize.jpg?fit=1200%2C532&resize=1050%2C600 3x"},"classes":[]},{"id":1911,"url":"http:\/\/aynakol.org\/?p=1911","url_meta":{"origin":1987,"position":5},"title":"#LV2015 La Vuelta a Espana 15. Etap: Comillas \u2192 Jitu de Escarandi","author":"Ayd\u0131n Bez","date":"6 Eyl\u00fcl 2015","format":false,"excerpt":"14. etapta, zafer ka\u00e7anlar\u0131n oldu! Sislerin aras\u0131ndan t\u0131rmanarak galibiyete ula\u015fan isim Alessandro De Marchi olurken, genel klasman iddial\u0131lar\u0131 da kozlar\u0131n\u0131 payla\u015ft\u0131. Quintana gayet formda, Aru'dan zaman \u00e7ald\u0131, Fabio Aru \u00e7ok az zaman kaybetmesine kar\u015f\u0131n Quintana'dan kendisini fazla h\u0131rpal\u0131yor. Ancak k\u0131rm\u0131z\u0131 mayo h\u00e2l\u00e2 onun s\u0131rt\u0131nda. \u00a0 Etap hakk\u0131nda Comillas \u2192 Jitu\u2026","rel":"","context":"&quot;Grand Tour&quot; i\u00e7inde","block_context":{"text":"Grand Tour","link":"http:\/\/aynakol.org\/?cat=92"},"img":{"alt_text":"","src":"https:\/\/i0.wp.com\/aynakol.org\/wp-content\/uploads\/2015\/09\/Vuelta2015_Stage14_peloton_1.jpg?fit=670%2C446&resize=350%2C200","width":350,"height":200,"srcset":"https:\/\/i0.wp.com\/aynakol.org\/wp-content\/uploads\/2015\/09\/Vuelta2015_Stage14_peloton_1.jpg?fit=670%2C446&resize=350%2C200 1x, https:\/\/i0.wp.com\/aynakol.org\/wp-content\/uploads\/2015\/09\/Vuelta2015_Stage14_peloton_1.jpg?fit=670%2C446&resize=525%2C300 1.5x"},"classes":[]}],"_links":{"self":[{"href":"http:\/\/aynakol.org\/index.php?rest_route=\/wp\/v2\/posts\/1987","targetHints":{"allow":["GET"]}}],"collection":[{"href":"http:\/\/aynakol.org\/index.php?rest_route=\/wp\/v2\/posts"}],"about":[{"href":"http:\/\/aynakol.org\/index.php?rest_route=\/wp\/v2\/types\/post"}],"author":[{"embeddable":true,"href":"http:\/\/aynakol.org\/index.php?rest_route=\/wp\/v2\/users\/1"}],"replies":[{"embeddable":true,"href":"http:\/\/aynakol.org\/index.php?rest_route=%2Fwp%2Fv2%2Fcomments&post=1987"}],"version-history":[{"count":8,"href":"http:\/\/aynakol.org\/index.php?rest_route=\/wp\/v2\/posts\/1987\/revisions"}],"predecessor-version":[{"id":2022,"href":"http:\/\/aynakol.org\/index.php?rest_route=\/wp\/v2\/posts\/1987\/revisions\/2022"}],"wp:featuredmedia":[{"embeddable":true,"href":"http:\/\/aynakol.org\/index.php?rest_route=\/wp\/v2\/media\/2012"}],"wp:attachment":[{"href":"http:\/\/aynakol.org\/index.php?rest_route=%2Fwp%2Fv2%2Fmedia&parent=1987"}],"wp:term":[{"taxonomy":"category","embeddable":true,"href":"http:\/\/aynakol.org\/index.php?rest_route=%2Fwp%2Fv2%2Fcategories&post=1987"},{"taxonomy":"post_tag","embeddable":true,"href":"http:\/\/aynakol.org\/index.php?rest_route=%2Fwp%2Fv2%2Ftags&post=1987"}],"curies":[{"name":"wp","href":"https:\/\/api.w.org\/{rel}","templated":true}]}}