{"id":23,"date":"2014-09-09T14:06:15","date_gmt":"2014-09-09T11:06:15","guid":{"rendered":"http:\/\/aynakol.org\/?p=23"},"modified":"2014-09-09T14:06:15","modified_gmt":"2014-09-09T11:06:15","slug":"bisiklet-yasadiginiz-yerleri-tanimanin-anahtari","status":"publish","type":"post","link":"http:\/\/aynakol.org\/?p=23","title":{"rendered":"Bisiklet: Ya\u015fad\u0131\u011f\u0131n\u0131z Yerleri Tan\u0131man\u0131n Anahtar\u0131"},"content":{"rendered":"<p>Otomobiller ve bisikletler; \u0130nsanlar\u0131n hem ula\u015f\u0131m hem e\u011flence hem de spor(Amat\u00f6r-Pro yar\u0131\u015flar) olarak kulland\u0131klar\u0131 ula\u015f\u0131m ara\u00e7lar\u0131d\u0131r. Ama d\u00fcnyan\u0131n n\u00fcfusu artt\u0131k\u00e7a ve \u015fehirler trafikten ge\u00e7ilmez hale gelince bisikletler ekonomik bir \u00e7\u00f6z\u00fcm olarak daha \u00f6n plana \u00e7\u0131k\u0131yor.<\/p>\n<p>B\u00fcy\u00fck \u015fehirler de ya\u015fay\u0131p arabalar\u0131n i\u00e7inde trafikle bo\u011fu\u015fan insanlar, bu trafi\u011fin verdi\u011fi b\u0131kk\u0131nl\u0131ktan dolay\u0131 daha ya\u015fad\u0131klar\u0131 \u015fehirleri bile ke\u015ffedemez hale geldi. Bisiklet ile hayat\u0131na devam eden insanlar ise trafik sorunu olmadan daha rahat bir \u015fekilde gezip ke\u015ffedebilme imkan\u0131 oluyor. \u0130\u015fin ironisi \u00a0bisikletler araba yollar\u0131 olmasa belli yerlere gitmek ger\u00e7ekten imkans\u0131z olabilirdi. Da\u011f, cycle-cross, downhill vs. gibi bisikletler i\u00e7in ise yol olmasa bile gidilecek yollar var.<\/p>\n<p>Otomobil s\u00fcr\u00fcc\u00fcleri; n\u00fcfus fazlal\u0131klar\u0131n\u0131n getirdi\u011fi trafik ve \u015fehirlerdeki yo\u011funluk sebebiyle hem stres sahibi oluyor hem de ya\u015fad\u0131klar\u0131 yerlere, kulland\u0131klar\u0131 ara\u00e7lara(araba, bisiklet vs.) yabanc\u0131la\u015fmaya ba\u015fl\u0131yorlar. Buna \u00f6rnek vermek gerekirse bir bisiklet s\u00fcr\u00fcc\u00fcs\u00fc yoldan giderken bir s\u00fcr\u00fc tehlike ya\u015f\u0131yor ve art\u0131k bisiklet s\u00fcrmek istemez noktaya geliyor. Araba s\u00fcr\u00fcc\u00fclerinde ise sakin bir yere gitmek isteseniz bile o yol s\u0131rf trafikten dolay\u0131 1 saatten 3 saate varana kadar trafikte durarak vakit ge\u00e7iriliyor. Bunun sonucunda ise insanlar ya\u015fad\u0131klar\u0131 \u015fehirleri hi\u00e7 tan\u0131ma f\u0131rsat\u0131 olmadan yanl\u0131\u015f politikalar ve altyap\u0131 yetersizli\u011fi(T\u00fcrkiye) y\u00fcz\u00fcnden sevdikleri ara\u00e7lara, ya\u015fad\u0131klar\u0131 \u015fehirlere ve do\u011faya yabanc\u0131la\u015f\u0131yor.<\/p>\n<p><a href=\"https:\/\/i0.wp.com\/aynakol.org\/wp-content\/uploads\/2014\/09\/bisiklet_turu.jpg\"><img data-recalc-dims=\"1\" loading=\"lazy\" decoding=\"async\" data-attachment-id=\"24\" data-permalink=\"http:\/\/aynakol.org\/?attachment_id=24\" data-orig-file=\"https:\/\/i0.wp.com\/aynakol.org\/wp-content\/uploads\/2014\/09\/bisiklet_turu.jpg?fit=400%2C313\" data-orig-size=\"400,313\" data-comments-opened=\"1\" data-image-meta=\"{&quot;aperture&quot;:&quot;11&quot;,&quot;credit&quot;:&quot;ian G C White&quot;,&quot;camera&quot;:&quot;Canon EOS 5D Mark II&quot;,&quot;caption&quot;:&quot;&quot;,&quot;created_timestamp&quot;:&quot;1293468409&quot;,&quot;copyright&quot;:&quot;Ian G. C. White \\u00a9 2011 COPYRIGHT&quot;,&quot;focal_length&quot;:&quot;27&quot;,&quot;iso&quot;:&quot;200&quot;,&quot;shutter_speed&quot;:&quot;0.0125&quot;,&quot;title&quot;:&quot;&quot;,&quot;orientation&quot;:&quot;1&quot;}\" data-image-title=\"bisiklet_turu\" data-image-description=\"\" data-image-caption=\"\" data-large-file=\"https:\/\/i0.wp.com\/aynakol.org\/wp-content\/uploads\/2014\/09\/bisiklet_turu.jpg?fit=400%2C313\" class=\"alignnone size-medium wp-image-24\" src=\"https:\/\/i0.wp.com\/aynakol.org\/wp-content\/uploads\/2014\/09\/bisiklet_turu.jpg?resize=300%2C234\" alt=\"bisiklet_turu\" width=\"300\" height=\"234\" srcset=\"https:\/\/i0.wp.com\/aynakol.org\/wp-content\/uploads\/2014\/09\/bisiklet_turu.jpg?resize=300%2C234 300w, https:\/\/i0.wp.com\/aynakol.org\/wp-content\/uploads\/2014\/09\/bisiklet_turu.jpg?resize=191%2C150 191w, https:\/\/i0.wp.com\/aynakol.org\/wp-content\/uploads\/2014\/09\/bisiklet_turu.jpg?resize=150%2C117 150w, https:\/\/i0.wp.com\/aynakol.org\/wp-content\/uploads\/2014\/09\/bisiklet_turu.jpg?w=400 400w\" sizes=\"auto, (max-width: 300px) 100vw, 300px\" \/><\/a><\/p>\n<p>Bu yabanc\u0131la\u015fmaya bisiklet bir anlamda \u00e7\u00f6z\u00fcm olsa da en az\u0131ndan \u00fclkemizde ya\u015fanan tehlikelerden dolay\u0131 ke\u015ffetme veya daha farkl\u0131 deneyimleri ya\u015famak zor bir zanaata d\u00f6n\u00fc\u015f\u00fcyor. Bisiklet; otomobillere g\u00f6re daha do\u011fa dostu ve do\u011fay\u0131 anlamak konusunda daha ba\u015far\u0131l\u0131 bir ara\u00e7. Mesela bisiklet ile hem efor harcay\u0131p hem de a\u00e7\u0131k hava da gidip etraf\u0131n\u0131z\u0131 fark edebilirsiniz. Bu y\u00fczden bisiklet e\u015fsiz bir makinedir. Spor veya keyif yolculu\u011fu yapsan\u0131z bile etraf\u0131n\u0131zda hi\u00e7 fark etmedi\u011finiz yeni yerler ve yeni \u015feyler g\u00f6rebiliyorsunuz.<\/p>\n<p>Betonlar\u0131n ve otomobillerin h\u00fckmetti\u011fi \u015fehirlerde insanlar elinde olandan fazlas\u0131n\u0131 ke\u015ffetmeye korkar hale geliyor \u00e7\u00fcnk\u00fc o ke\u015fife hi\u00e7bir zaman ula\u015famayaca\u011f\u0131n\u0131 d\u00fc\u015f\u00fcn\u00fcyor. Bisiklet ise bu d\u00fc\u015f\u00fcncenin tersine daha \u00f6zg\u00fcr bir d\u00fcnyaya a\u00e7\u0131lan kap\u0131 \u00e7\u00fcnk\u00fc bisiklet ile gidilecek yerler s\u0131n\u0131rs\u0131z. Bundan dolay\u0131 bisiklet daha hobiden ziyade bir ya\u015fam bi\u00e7imidir. E\u011fer b\u00fcy\u00fck \u015fehir hengamesinden ka\u00e7acak bir f\u0131rsat\u0131n\u0131z olursa bisiklet ile her yere gidebilirsiniz. U\u00e7aklar\u0131n bile sizi g\u00f6t\u00fcremeyece\u011fi yerlere. T\u00fcketim k\u00fclt\u00fcr\u00fc ki kendisinden hi\u00e7 ho\u015flanmam. Her \u015feyi metala\u015ft\u0131rd\u0131\u011f\u0131 ve sadece alma, satma seviyesine indirdi\u011fi bir d\u00fcnya da. Bisiklet; daha \u00f6zg\u00fcr bir d\u00fcnyaya a\u00e7\u0131lan bir kap\u0131 oluyor.<\/p>\n<p><a href=\"https:\/\/i0.wp.com\/aynakol.org\/wp-content\/uploads\/2014\/09\/itin_yanndaki_bisiklet.jpg\"><img data-recalc-dims=\"1\" loading=\"lazy\" decoding=\"async\" data-attachment-id=\"25\" data-permalink=\"http:\/\/aynakol.org\/?attachment_id=25\" data-orig-file=\"https:\/\/i0.wp.com\/aynakol.org\/wp-content\/uploads\/2014\/09\/itin_yanndaki_bisiklet.jpg?fit=1366%2C768\" data-orig-size=\"1366,768\" data-comments-opened=\"1\" data-image-meta=\"{&quot;aperture&quot;:&quot;0&quot;,&quot;credit&quot;:&quot;&quot;,&quot;camera&quot;:&quot;&quot;,&quot;caption&quot;:&quot;&quot;,&quot;created_timestamp&quot;:&quot;0&quot;,&quot;copyright&quot;:&quot;&quot;,&quot;focal_length&quot;:&quot;0&quot;,&quot;iso&quot;:&quot;0&quot;,&quot;shutter_speed&quot;:&quot;0&quot;,&quot;title&quot;:&quot;&quot;,&quot;orientation&quot;:&quot;0&quot;}\" data-image-title=\"itin_yanndaki_bisiklet\" data-image-description=\"\" data-image-caption=\"\" data-large-file=\"https:\/\/i0.wp.com\/aynakol.org\/wp-content\/uploads\/2014\/09\/itin_yanndaki_bisiklet.jpg?fit=860%2C483\" class=\"alignnone size-medium wp-image-25\" src=\"https:\/\/i0.wp.com\/aynakol.org\/wp-content\/uploads\/2014\/09\/itin_yanndaki_bisiklet.jpg?resize=300%2C168\" alt=\"itin_yanndaki_bisiklet\" width=\"300\" height=\"168\" srcset=\"https:\/\/i0.wp.com\/aynakol.org\/wp-content\/uploads\/2014\/09\/itin_yanndaki_bisiklet.jpg?resize=300%2C168 300w, https:\/\/i0.wp.com\/aynakol.org\/wp-content\/uploads\/2014\/09\/itin_yanndaki_bisiklet.jpg?resize=1024%2C575 1024w, https:\/\/i0.wp.com\/aynakol.org\/wp-content\/uploads\/2014\/09\/itin_yanndaki_bisiklet.jpg?resize=250%2C140 250w, https:\/\/i0.wp.com\/aynakol.org\/wp-content\/uploads\/2014\/09\/itin_yanndaki_bisiklet.jpg?resize=150%2C84 150w, https:\/\/i0.wp.com\/aynakol.org\/wp-content\/uploads\/2014\/09\/itin_yanndaki_bisiklet.jpg?w=1366 1366w\" sizes=\"auto, (max-width: 300px) 100vw, 300px\" \/><\/a><\/p>\n<p>Maalesef bisiklet bile bir yerde bu dijital hale d\u00f6nen t\u00fcketim k\u00fclt\u00fcr\u00fcnden ka\u00e7am\u0131yor \u00e7\u00fcnk\u00fc bisikletler de otomobiller gibi bir yerde bu zincirin bir halkas\u0131. En az\u0131ndan bisiklet kullan\u0131c\u0131lar\u0131; Betonlardan a\u011fa\u00e7lara yer kalmayan \u015fehirlerde nefes almaya \u00e7al\u0131\u015fmak yerine \u00a0hem ya\u015fad\u0131\u011f\u0131 yeri hem de ba\u015fka yerleri tan\u0131y\u0131p ke\u015ffetme imkan\u0131 oluyor.<\/p>\n<p>Bisiklet; do\u011fayla hatta \u015fehirlerle bile daha rahat ileti\u015fim kurmam\u0131z\u0131 sa\u011flar. Bu y\u00fczden bisiklet ekonomik ve a\u00e7\u0131k havada olmas\u0131n\u0131n d\u0131\u015f\u0131nda do\u011fayla daha entegre bir ya\u015fam bi\u00e7imi i\u00e7in g\u00fczel bir neden. H\u0131z\u0131n\u0131z ne olursa olsun. Bisiklet ile yeni yerleri ke\u015ffedebilme \u015fans\u0131 her zaman var.<\/p>\n","protected":false},"excerpt":{"rendered":"<p>Otomobiller ve bisikletler; \u0130nsanlar\u0131n hem ula\u015f\u0131m hem e\u011flence hem de spor(Amat\u00f6r-Pro yar\u0131\u015flar) olarak kulland\u0131klar\u0131 ula\u015f\u0131m ara\u00e7lar\u0131d\u0131r. Ama d\u00fcnyan\u0131n n\u00fcfusu artt\u0131k\u00e7a ve \u015fehirler trafikten ge\u00e7ilmez hale [&#8230;]<\/p>\n","protected":false},"author":2,"featured_media":0,"comment_status":"open","ping_status":"open","sticky":false,"template":"","format":"standard","meta":{"jetpack_post_was_ever_published":false,"_jetpack_newsletter_access":"","_jetpack_dont_email_post_to_subs":false,"_jetpack_newsletter_tier_id":0,"_jetpack_memberships_contains_paywalled_content":false,"_jetpack_memberships_contains_paid_content":false,"footnotes":"","jetpack_publicize_message":"","jetpack_publicize_feature_enabled":true,"jetpack_social_post_already_shared":true,"jetpack_social_options":{"image_generator_settings":{"template":"highway","default_image_id":0,"font":"","enabled":false},"version":2}},"categories":[7],"tags":[],"class_list":["post-23","post","type-post","status-publish","format-standard","hentry","category-bisiklet-kulturu"],"jetpack_publicize_connections":[],"jetpack_featured_media_url":"","jetpack_sharing_enabled":true,"jetpack_shortlink":"https:\/\/wp.me\/p51p4O-n","jetpack_likes_enabled":true,"jetpack-related-posts":[{"id":82,"url":"http:\/\/aynakol.org\/?p=82","url_meta":{"origin":23,"position":0},"title":"\u015eehiri\u00e7i ula\u015f\u0131mda bisiklet kullanmak","author":"Ayd\u0131n Bez","date":"17 Eyl\u00fcl 2014","format":false,"excerpt":"Yaz\u0131n\u0131n esin kayna\u011f\u0131 \u0130stanbulun g\u00fczellikleri (kald\u0131 m\u0131 acaba?) de\u011fil cehenneme d\u00f6nen trafi\u011fi. Bireysel ara\u00e7lanma bireysel silahlanmayla ayn\u0131 tehdidi olu\u015fturuyor: silahlanma can al\u0131rken, ara\u00e7lanma zaman ve \u00e7o\u011fu kez de can al\u0131yor, trafi\u011fi ya\u015fan\u0131l\u0131r olmaktan uzakla\u015ft\u0131r\u0131yor. Yerel y\u00f6netim(ler)in ya\u015fan\u0131l\u0131r, kazand\u0131ran bir trafik i\u00e7in devlet \u00f6rg\u00fctlenmeleriyle \u00e7al\u0131\u015ft\u0131klar\u0131 ortada. Toplu ta\u015f\u0131mac\u0131l\u0131k yat\u0131r\u0131mlar\u0131, yeni yollar\u2026","rel":"","context":"&quot;Bisiklet k\u00fclt\u00fcr\u00fc&quot; i\u00e7inde","block_context":{"text":"Bisiklet k\u00fclt\u00fcr\u00fc","link":"http:\/\/aynakol.org\/?cat=7"},"img":{"alt_text":"image","src":"https:\/\/i0.wp.com\/31.media.tumblr.com\/c34b024f6a9987022899609ad57aa7af\/tumblr_inline_mwu2mzMauM1spfevd.jpg?resize=350%2C200&ssl=1","width":350,"height":200},"classes":[]},{"id":164,"url":"http:\/\/aynakol.org\/?p=164","url_meta":{"origin":23,"position":1},"title":"Otomobilsiz \u015fehirlerde ya\u015famak m\u00fcmk\u00fcn m\u00fc?","author":"Ayd\u0131n Bez","date":"30 Eyl\u00fcl 2014","format":false,"excerpt":"\u201cD\u00fcnyan\u0131n en b\u00fcy\u00fck otomobil \u00fcreticilerine ev sahipli\u011fi yapan Almanya, 2034 y\u0131l\u0131na kadar trafikteki ara\u00e7 say\u0131s\u0131n\u0131 s\u0131f\u0131ra indirmenin yollar\u0131n\u0131 ar\u0131yor. Almanya\u2019n\u0131n en b\u00fcy\u00fck ikinci kenti Hamburg, Ye\u015fil A\u011f Plan\u0131 ad\u0131yla toplu ta\u015f\u0131may\u0131 art\u0131racak, yayalar ve bisikletlilere i\u00e7in daha fazla alan verecek yeni bir plan \u00fczerine \u00e7al\u0131\u015f\u0131yor. Plan\u0131n en \u00e7ok dikkat \u00e7eken\u2026","rel":"","context":"&quot;Bisiklet k\u00fclt\u00fcr\u00fc&quot; i\u00e7inde","block_context":{"text":"Bisiklet k\u00fclt\u00fcr\u00fc","link":"http:\/\/aynakol.org\/?cat=7"},"img":{"alt_text":"","src":"https:\/\/i0.wp.com\/aynakol.org\/wp-content\/uploads\/2014\/09\/Bikecultureincopenhagen-1024x800.jpg?resize=350%2C200","width":350,"height":200,"srcset":"https:\/\/i0.wp.com\/aynakol.org\/wp-content\/uploads\/2014\/09\/Bikecultureincopenhagen-1024x800.jpg?resize=350%2C200 1x, https:\/\/i0.wp.com\/aynakol.org\/wp-content\/uploads\/2014\/09\/Bikecultureincopenhagen-1024x800.jpg?resize=525%2C300 1.5x, https:\/\/i0.wp.com\/aynakol.org\/wp-content\/uploads\/2014\/09\/Bikecultureincopenhagen-1024x800.jpg?resize=700%2C400 2x"},"classes":[]},{"id":503,"url":"http:\/\/aynakol.org\/?p=503","url_meta":{"origin":23,"position":2},"title":"Ya\u011fmur sular\u0131ndan bisikletli ula\u015f\u0131ma","author":"Ayd\u0131n Bez","date":"15 Ocak 2015","format":false,"excerpt":"\u0130stanbulun g\u00f6l ve akarsular\u0131n\u0131n zamanla yok oldu\u011funa \u00fcz\u00fclmeyin, hem de hi\u00e7! B\u00fclb\u00fcl Deresi bok i\u00e7indeymi\u015f, Riva Deresi olmu\u015f sanayi \u00e7\u00f6pl\u00fc\u011f\u00fc, B\u00fclb\u00fcl Deresi \u00fczerinden asfalt ge\u00e7mi\u015f, Ayazmadere olmu\u015f mahalle, g\u00f6ller kurumu\u015f, ku\u015flar g\u00f6\u00e7m\u00fc\u015f kime ne? \u00dcz\u00fclmeyin, g\u00f6l\u00fcn\u00fcz, dereniz aya\u011f\u0131n\u0131za geldi! G\u00f6k g\u00fcrleyip de sa\u011fanak bo\u015fand\u0131\u011f\u0131nda belediyemizin hizmeti \u00fcst\u00fcn yol m\u00fchendisli\u011fi ve\u2026","rel":"","context":"&quot;Bisiklet k\u00fclt\u00fcr\u00fc&quot; i\u00e7inde","block_context":{"text":"Bisiklet k\u00fclt\u00fcr\u00fc","link":"http:\/\/aynakol.org\/?cat=7"},"img":{"alt_text":"","src":"https:\/\/i0.wp.com\/aynakol.org\/wp-content\/uploads\/2015\/01\/bike-commuting.gif?fit=1200%2C512&resize=350%2C200","width":350,"height":200,"srcset":"https:\/\/i0.wp.com\/aynakol.org\/wp-content\/uploads\/2015\/01\/bike-commuting.gif?fit=1200%2C512&resize=350%2C200 1x, https:\/\/i0.wp.com\/aynakol.org\/wp-content\/uploads\/2015\/01\/bike-commuting.gif?fit=1200%2C512&resize=525%2C300 1.5x, https:\/\/i0.wp.com\/aynakol.org\/wp-content\/uploads\/2015\/01\/bike-commuting.gif?fit=1200%2C512&resize=700%2C400 2x, https:\/\/i0.wp.com\/aynakol.org\/wp-content\/uploads\/2015\/01\/bike-commuting.gif?fit=1200%2C512&resize=1050%2C600 3x"},"classes":[]},{"id":1657,"url":"http:\/\/aynakol.org\/?p=1657","url_meta":{"origin":23,"position":3},"title":"Ne kadar do\u011fru: Trafik Hayatt\u0131r?","author":"Ayd\u0131n Bez","date":"6 A\u011fustos 2015","format":false,"excerpt":"Trafik hayatt\u0131r! B\u00f6yle bir s\u00f6ylem var birka\u00e7 y\u0131ld\u0131r, ama bu topraklarda eylemi ne yaz\u0131k ki tam tersi: sakatlan\u0131p hayattan geri kalma, \u00f6l\u00fcp toprak olma. Cahilinden okumu\u0219una dek trafik kurallar\u0131na uymamakta, dahas\u0131 kendi kurallar\u0131m\u0131z\u0131 belirleyip uymakta \u0131srarc\u0131y\u0131z, bu otomobil icat edileli, trafik polisi kavram\u0131 ortaya \u00e7\u0131kal\u0131, ilk trafik lambas\u0131 \u00e7al\u0131\u015fal\u0131 b\u00f6yle.\u2026","rel":"","context":"&quot;Bisiklet k\u00fclt\u00fcr\u00fc&quot; i\u00e7inde","block_context":{"text":"Bisiklet k\u00fclt\u00fcr\u00fc","link":"http:\/\/aynakol.org\/?cat=7"},"img":{"alt_text":"","src":"https:\/\/i0.wp.com\/aynakol.org\/wp-content\/uploads\/2015\/08\/sizce-istanbul-trafigi-dunyanin-en-sikisik-kacinci-sehri.jpg?fit=658%2C330&resize=350%2C200","width":350,"height":200,"srcset":"https:\/\/i0.wp.com\/aynakol.org\/wp-content\/uploads\/2015\/08\/sizce-istanbul-trafigi-dunyanin-en-sikisik-kacinci-sehri.jpg?fit=658%2C330&resize=350%2C200 1x, https:\/\/i0.wp.com\/aynakol.org\/wp-content\/uploads\/2015\/08\/sizce-istanbul-trafigi-dunyanin-en-sikisik-kacinci-sehri.jpg?fit=658%2C330&resize=525%2C300 1.5x"},"classes":[]},{"id":764,"url":"http:\/\/aynakol.org\/?p=764","url_meta":{"origin":23,"position":4},"title":"Sele \u00fcst\u00fc ya\u015fam\u0131n kazand\u0131rd\u0131klar\u0131","author":"Ayd\u0131n Bez","date":"10 Mart 2015","format":false,"excerpt":"Bisikletsiz bir g\u00fcn yine, ne kadar garip hissediyorum bir bilseniz. Yaya olmaya bir t\u00fcrl\u00fc al\u0131\u015famad\u0131m, i\u015fin garibi y\u00fcr\u00fcmeyi unutmu\u015fum sanki, sakar sakar y\u00fcr\u00fcyorum yolda. Sele \u00fcst\u00fc ya\u015fam b\u00f6yle bir deneyim sunuyor insana. Mesafeleri iki teker h\u0131z\u0131nda k\u0131salt\u0131nca bir zaman bollu\u011fu ya\u015f\u0131yorum. Trafiksizlik bu olsa gerek koca bir ke\u015fmeke\u015f \u0130stanbulda. Modern\u2026","rel":"","context":"&quot;Bisiklet k\u00fclt\u00fcr\u00fc&quot; i\u00e7inde","block_context":{"text":"Bisiklet k\u00fclt\u00fcr\u00fc","link":"http:\/\/aynakol.org\/?cat=7"},"img":{"alt_text":"","src":"https:\/\/i0.wp.com\/aynakol.org\/wp-content\/uploads\/2015\/03\/09-2901-bicycle-graffiti-budapest.jpg?fit=640%2C480&resize=350%2C200","width":350,"height":200,"srcset":"https:\/\/i0.wp.com\/aynakol.org\/wp-content\/uploads\/2015\/03\/09-2901-bicycle-graffiti-budapest.jpg?fit=640%2C480&resize=350%2C200 1x, https:\/\/i0.wp.com\/aynakol.org\/wp-content\/uploads\/2015\/03\/09-2901-bicycle-graffiti-budapest.jpg?fit=640%2C480&resize=525%2C300 1.5x"},"classes":[]},{"id":156,"url":"http:\/\/aynakol.org\/?p=156","url_meta":{"origin":23,"position":5},"title":"E\u011fitim sistemimizde bisikletin yeri ve \u00f6nemi","author":"Ayd\u0131n Bez","date":"14 Ekim 2014","format":false,"excerpt":"Akl\u0131ma geldi sabah sabah\u2026 Bisiklet k\u00fclt\u00fcr\u00fcn\u00fcn, trafikte yayalar\u0131n varl\u0131\u011f\u0131n\u0131n \u00e7ocuklara ilkokulda a\u015f\u0131lanmas\u0131 gerek. Tamam, trafik dersi var ama ad\u0131 ders sadece: \u00f6nem verilmeyen, sadece kaynat\u0131lan ve as\u0131lan bir ders. T\u00fcm \u00f6\u011frenciler tam not al\u0131r ve ge\u00e7er. Ayn\u0131 \u015fekilde s\u00fcr\u00fcc\u00fc kurslar\u0131 da bu \u015fekildedir: paray\u0131 veren ehliyeti kapar. \u00d6yle ki ne\u2026","rel":"","context":"&quot;Bisiklet k\u00fclt\u00fcr\u00fc&quot; i\u00e7inde","block_context":{"text":"Bisiklet k\u00fclt\u00fcr\u00fc","link":"http:\/\/aynakol.org\/?cat=7"},"img":{"alt_text":"","src":"","width":0,"height":0},"classes":[]}],"_links":{"self":[{"href":"http:\/\/aynakol.org\/index.php?rest_route=\/wp\/v2\/posts\/23","targetHints":{"allow":["GET"]}}],"collection":[{"href":"http:\/\/aynakol.org\/index.php?rest_route=\/wp\/v2\/posts"}],"about":[{"href":"http:\/\/aynakol.org\/index.php?rest_route=\/wp\/v2\/types\/post"}],"author":[{"embeddable":true,"href":"http:\/\/aynakol.org\/index.php?rest_route=\/wp\/v2\/users\/2"}],"replies":[{"embeddable":true,"href":"http:\/\/aynakol.org\/index.php?rest_route=%2Fwp%2Fv2%2Fcomments&post=23"}],"version-history":[{"count":1,"href":"http:\/\/aynakol.org\/index.php?rest_route=\/wp\/v2\/posts\/23\/revisions"}],"predecessor-version":[{"id":26,"href":"http:\/\/aynakol.org\/index.php?rest_route=\/wp\/v2\/posts\/23\/revisions\/26"}],"wp:attachment":[{"href":"http:\/\/aynakol.org\/index.php?rest_route=%2Fwp%2Fv2%2Fmedia&parent=23"}],"wp:term":[{"taxonomy":"category","embeddable":true,"href":"http:\/\/aynakol.org\/index.php?rest_route=%2Fwp%2Fv2%2Fcategories&post=23"},{"taxonomy":"post_tag","embeddable":true,"href":"http:\/\/aynakol.org\/index.php?rest_route=%2Fwp%2Fv2%2Ftags&post=23"}],"curies":[{"name":"wp","href":"https:\/\/api.w.org\/{rel}","templated":true}]}}