{"id":274,"date":"2014-10-30T23:13:30","date_gmt":"2014-10-30T20:13:30","guid":{"rendered":"http:\/\/aynakol.org\/?p=274"},"modified":"2014-10-31T01:05:01","modified_gmt":"2014-10-30T22:05:01","slug":"hour-record-attempt-matthias-brandle","status":"publish","type":"post","link":"http:\/\/aynakol.org\/?p=274","title":{"rendered":"Hour Record Attempt: Matthias Br\u00e4ndle"},"content":{"rendered":"<p><a href=\"https:\/\/i0.wp.com\/aynakol.org\/wp-content\/uploads\/2014\/10\/Hour-Record_Matthias-Br%C3%A4ndle_Bike_2014_11-630x420.jpg\"><img data-recalc-dims=\"1\" loading=\"lazy\" decoding=\"async\" data-attachment-id=\"276\" data-permalink=\"http:\/\/aynakol.org\/?attachment_id=276\" data-orig-file=\"https:\/\/i0.wp.com\/aynakol.org\/wp-content\/uploads\/2014\/10\/Hour-Record_Matthias-Br%C3%A4ndle_Bike_2014_11-630x420.jpg?fit=630%2C420\" data-orig-size=\"630,420\" data-comments-opened=\"1\" data-image-meta=\"{&quot;aperture&quot;:&quot;0&quot;,&quot;credit&quot;:&quot;&quot;,&quot;camera&quot;:&quot;&quot;,&quot;caption&quot;:&quot;&quot;,&quot;created_timestamp&quot;:&quot;0&quot;,&quot;copyright&quot;:&quot;&quot;,&quot;focal_length&quot;:&quot;0&quot;,&quot;iso&quot;:&quot;0&quot;,&quot;shutter_speed&quot;:&quot;0&quot;,&quot;title&quot;:&quot;&quot;,&quot;orientation&quot;:&quot;0&quot;}\" data-image-title=\"Hour-Record_Matthias-Br\u00e4ndle_Bike_2014_11-630&amp;#215;420\" data-image-description=\"\" data-image-caption=\"\" data-large-file=\"https:\/\/i0.wp.com\/aynakol.org\/wp-content\/uploads\/2014\/10\/Hour-Record_Matthias-Br%C3%A4ndle_Bike_2014_11-630x420.jpg?fit=630%2C420\" class=\"alignnone size-full wp-image-276\" src=\"https:\/\/i0.wp.com\/aynakol.org\/wp-content\/uploads\/2014\/10\/Hour-Record_Matthias-Br%C3%A4ndle_Bike_2014_11-630x420.jpg?resize=630%2C420\" alt=\"Hour-Record_Matthias-Br\u00e4ndle_Bike_2014_11-630x420\" width=\"630\" height=\"420\" srcset=\"https:\/\/i0.wp.com\/aynakol.org\/wp-content\/uploads\/2014\/10\/Hour-Record_Matthias-Br%C3%A4ndle_Bike_2014_11-630x420.jpg?resize=630%2C420 630w, https:\/\/i0.wp.com\/aynakol.org\/wp-content\/uploads\/2014\/10\/Hour-Record_Matthias-Br%C3%A4ndle_Bike_2014_11-630x420.jpg?resize=300%2C200 300w\" sizes=\"auto, (max-width: 630px) 100vw, 630px\" \/><\/a><\/p>\n<p>24 ya\u015f\u0131ndaki Avusturyal\u0131 gen\u00e7 pedal\u00a0<a href=\"http:\/\/en.wikipedia.org\/wiki\/Matthias_Br%C3%A4ndle\" target=\"_blank\">Matthias\u00a0Br\u00e4ndle<\/a>\u00a0bug\u00fcn 51.11 km\/s ile\u00a0<a href=\"http:\/\/velonews.competitor.com\/2014\/09\/news\/voigt-sets-new-hour-record-riding-51-115km_346464\" target=\"_blank\">Jens Voigt&#8217;e<\/a> ait olan saat rekorunu\u00a0<em>(hour record)\u00a0<\/em>700 metre daha geli\u015ftirerek 51.85 km\/s ile k\u0131rd\u0131.<\/p>\n<p>Jens Voigt, 18 Eyl\u00fcl 2014&#8217;de rekor denemesinde pedallarken<\/p>\n<p>Fransa Bisiklet Turu sonras\u0131 emeklili\u011fini a\u00e7\u0131klayan pelotonun en renkli simas\u0131 43 ya\u015f\u0131ndaki Alman pedal Jens Voigt 18 Eyl\u00fcl 2014&#8217;de <a title=\"Jens Voigt: Hour Record Attempt\" href=\"http:\/\/aynakol.org\/?p=86\" target=\"_blank\">e\u011flenceli bir \u015fekilde<\/a> <em>(rekor boyunca dinleyece\u011fi m\u00fcziklerden tutun bisikletinin \u00fczerindeki \u00e7\u0131kartmalara dek)\u00a0<\/em>rekoru k\u0131rm\u0131\u015ft\u0131. Kendisi rekorda bir y\u0131l dahi tutunmayaca\u011f\u0131n\u0131 biliyordu; zaten amac\u0131n\u0131n ya\u015flan\u0131p da torunlar\u0131m\u0131 sevdi\u011fim zaman be bu rekoru k\u0131rd\u0131m demek oldu\u011funu a\u00e7\u0131klam\u0131\u015ft\u0131.<\/p>\n<p><img data-recalc-dims=\"1\" loading=\"lazy\" decoding=\"async\" data-attachment-id=\"275\" data-permalink=\"http:\/\/aynakol.org\/?attachment_id=275\" data-orig-file=\"https:\/\/i0.wp.com\/aynakol.org\/wp-content\/uploads\/2014\/10\/000_Par7980071-660x440.jpg?fit=660%2C440\" data-orig-size=\"660,440\" data-comments-opened=\"1\" data-image-meta=\"{&quot;aperture&quot;:&quot;0&quot;,&quot;credit&quot;:&quot;&quot;,&quot;camera&quot;:&quot;&quot;,&quot;caption&quot;:&quot;&quot;,&quot;created_timestamp&quot;:&quot;0&quot;,&quot;copyright&quot;:&quot;&quot;,&quot;focal_length&quot;:&quot;0&quot;,&quot;iso&quot;:&quot;0&quot;,&quot;shutter_speed&quot;:&quot;0&quot;,&quot;title&quot;:&quot;&quot;,&quot;orientation&quot;:&quot;0&quot;}\" data-image-title=\"000_Par7980071-660&amp;#215;440\" data-image-description=\"\" data-image-caption=\"&lt;p&gt;Jens Voigt, 18 Eyl\u00fcl 2014&amp;#8217;de rekor denemesinde pedallarken&lt;\/p&gt;\n\" data-large-file=\"https:\/\/i0.wp.com\/aynakol.org\/wp-content\/uploads\/2014\/10\/000_Par7980071-660x440.jpg?fit=660%2C440\" class=\"size-full wp-image-275\" src=\"https:\/\/i0.wp.com\/aynakol.org\/wp-content\/uploads\/2014\/10\/000_Par7980071-660x440.jpg?resize=660%2C440\" alt=\"Jens Voigt, 18 Eyl\u00fcl 2014'de rekor denemesinde pedallarken\" width=\"660\" height=\"440\" srcset=\"https:\/\/i0.wp.com\/aynakol.org\/wp-content\/uploads\/2014\/10\/000_Par7980071-660x440.jpg?resize=660%2C440 660w, https:\/\/i0.wp.com\/aynakol.org\/wp-content\/uploads\/2014\/10\/000_Par7980071-660x440.jpg?resize=300%2C200 300w\" sizes=\"auto, (max-width: 660px) 100vw, 660px\" \/><\/p>\n<p>2009, 2013 ve\u00a02014 y\u0131llar\u0131nda Avusturyan\u0131n zamana kar\u015f\u0131 ulusal \u015fampiyonu olan 1989 do\u011fumlu\u00a0Br\u00e4ndle halihaz\u0131rda <a href=\"http:\/\/en.wikipedia.org\/wiki\/IAM_Cycling\" target=\"_blank\">IAM Cyling<\/a> tak\u0131m\u0131nda pedall\u0131yor. \u00a0Brandle, ilk birka\u00e7 turu kolayl\u0131kla ge\u00e7ip sonras\u0131nda h\u0131z\u0131n\u0131 artt\u0131rmak i\u00e7in can\u0131n\u0131n yand\u0131\u011f\u0131n\u0131 s\u00f6ylese de sonlara do\u011fru\u00a0ritmini yakalay\u0131p rekoru k\u0131raca\u011f\u0131na inanm\u0131\u015f.<\/p>\n<p>Ancak daha Jens Voigt rekoru k\u0131rd\u0131ktan sonra ba\u015fta\u00a0<a title=\"Sir Bradley Wiggins: Rider Profile\" href=\"http:\/\/www.cyclingweekly.co.uk\/news\/latest-news\/sir-bradley-wiggins-rider-profile-72520\">Bradley Wiggins<\/a>\u00a0olmak \u00fczere\u00a0<a title=\"Alex Dowsett: Rider profile\" href=\"https:\/\/www.cyclingweekly.co.uk\/news\/latest-news\/alex-dowsett-rider-profile-57649\">Alex Dowsett<\/a> and <a title=\"Fabian Cancellara: Rider Profile\" href=\"https:\/\/www.cyclingweekly.co.uk\/news\/latest-news\/fabian-cancellara-rider-profile-71207\">Fabian Cancellar<\/a>\u00a0da rekor denemesi i\u00e7in \u00e7al\u0131\u015facaklar\u0131n\u0131 belirtmi\u015fken, Matthias Brandle&#8217;nin rekorunun da uzun soluklu olaca\u011f\u0131 \u015f\u00fcpheli. Hele ki, <a href=\"http:\/\/velonews.competitor.com\/2014\/05\/bikes-and-tech\/uci-changes-hour-record-regulations-allows-modern-track-bikes_328018\" target=\"_blank\">UCI&#8217;nin saat rekorunun \u015fekil \u015fartlar\u0131n\u0131 yeniden d\u00fczenlemi\u015f<\/a> ve Sir Bradley Wiggins, UCI D\u00fcnya Yol Bisikleti \u015eampiyonas\u0131nda (Ponferrada) zamana kar\u015f\u0131 m\u00fccadelesinde<a href=\"http:\/\/velonews.competitor.com\/2014\/09\/news\/bradley-wiggins-claims-world-time-trial-championships_347071\" target=\"_blank\"> alt\u0131n madalyaya pedallam\u0131\u015fken<\/a> rekorun k\u0131r\u0131lmas\u0131 yak\u0131nd\u0131r.<\/p>\n<p>Dedik ve Jens Voigt&#8217;in tebrik mesaj\u0131 g gecikmedi: <em>&#8221; Congrats Matthias Br\u00e4ndle on a new hour record! Maybe one of my kids can try it again one day!\u00a0\u00a0I am still leading the oldie ranking! Ha!&#8221;<\/em><br \/>\n<a href=\"https:\/\/i0.wp.com\/aynakol.org\/wp-content\/uploads\/2014\/10\/wpid-wp-1414706685752.jpeg\"><img data-recalc-dims=\"1\" decoding=\"async\" title=\"wp-1414706685752\" class=\"alignnone size-full\"  alt=\"image\" src=\"https:\/\/i0.wp.com\/aynakol.org\/wp-content\/uploads\/2014\/10\/wpid-wp-1414706685752.jpeg?w=860\" \/><\/a> <\/p>\n<p>Saat Rekoru Denemesinde ba\u015far\u0131l\u0131 olan son d\u00f6rt isim<\/p>\n<ul>\n<li>Matthias Br\u00e4ndle (AUT) <strong>51.850km,<\/strong> \u0130svi\u00e7re &#8211;\u00a0Swizterland, 30\/10\/2014<\/li>\n<li>Jens Voigt (GER) <strong>51.115km<\/strong>\u00a0\u0130svi\u00e7re &#8211; Switzerland, 18\/09\/2014<\/li>\n<li>Ondrej Sosenka (CZE) <strong>49.700km<\/strong>\u00a0Rusya &#8211; Moskova, 19\/07\/2005<\/li>\n<li>Chris Boardman (GBR) <strong>49.441km<\/strong>\u00a0Biirle\u015fik Krall\u0131k &#8211; Manchester, 27\/10\/2000<\/li>\n<\/ul>\n<p>&nbsp;<\/p>\n<p><b>Daha fazlas\u0131n\u0131 okumak i\u00e7in:<\/b><\/p>\n<ul>\n<li>Velo News:\u00a0<a href=\"http:\/\/velonews.competitor.com\/2014\/10\/news\/matthias-brandle-beats-voigts-hour-record-riding-51-852km_351283\" target=\"_blank\">Matthias Brandle beats Voigt\u2019s hour record, riding 51.852km<\/a><\/li>\n<li>Cycling News:\u00a0<a href=\"http:\/\/www.cyclingnews.com\/news\/brandle-narrowly-breaks-voigts-hour-record\" target=\"_blank\">Br\u00e4ndle narrowly breaks Voigt&#8217;s hour record<\/a><\/li>\n<li>Peloton Magazine <a href=\"https:\/\/twitter.com\/pelotonmagazine\/status\/527898698567921665\" target=\"_blank\">twitter hesab\u0131<\/a><\/li>\n<li>Cyling Weekly:\u00a0<a href=\"http:\/\/www.cyclingweekly.co.uk\/news\/latest-news\/matthias-brandle-sets-new-hour-record-attempt-142225\" target=\"_blank\">Matthias Br\u00e4ndle sets new Hour Record<\/a><\/li>\n<\/ul>\n","protected":false},"excerpt":{"rendered":"<p>24 ya\u015f\u0131ndaki Avusturyal\u0131 gen\u00e7 pedal\u00a0Matthias\u00a0Br\u00e4ndle\u00a0bug\u00fcn 51.11 km\/s ile\u00a0Jens Voigt&#8217;e ait olan saat rekorunu\u00a0(hour record)\u00a0700 metre daha geli\u015ftirerek 51.85 km\/s ile k\u0131rd\u0131. Jens Voigt, 18 Eyl\u00fcl [&#8230;]<\/p>\n","protected":false},"author":1,"featured_media":0,"comment_status":"open","ping_status":"open","sticky":false,"template":"","format":"standard","meta":{"jetpack_post_was_ever_published":false,"_jetpack_newsletter_access":"","_jetpack_dont_email_post_to_subs":false,"_jetpack_newsletter_tier_id":0,"_jetpack_memberships_contains_paywalled_content":false,"_jetpack_memberships_contains_paid_content":false,"footnotes":"","jetpack_publicize_message":"","jetpack_publicize_feature_enabled":true,"jetpack_social_post_already_shared":true,"jetpack_social_options":{"image_generator_settings":{"template":"highway","default_image_id":0,"font":"","enabled":false},"version":2}},"categories":[251],"tags":[128,253,119,122,121,254,123,124,164],"class_list":["post-274","post","type-post","status-publish","format-standard","hentry","category-news","tag-hour-record","tag-iam-cycling","tag-jens","tag-jens-voigt","tag-jensie","tag-matthias-brandle","tag-trek","tag-trek-factory-racing","tag-uci"],"jetpack_publicize_connections":[],"jetpack_featured_media_url":"","jetpack_sharing_enabled":true,"jetpack_shortlink":"https:\/\/wp.me\/p51p4O-4q","jetpack_likes_enabled":true,"jetpack-related-posts":[{"id":86,"url":"http:\/\/aynakol.org\/?p=86","url_meta":{"origin":274,"position":0},"title":"Jens Voigt: Hour Record Attempt","author":"Ayd\u0131n Bez","date":"18 Eyl\u00fcl 2014","format":false,"excerpt":"Bilgilendirme: Jensie saatte 51 km\/s ortalama ile ac\u0131 \u00e7eke \u00e7eke 51.115 km pedallayarak rekoru k\u0131rd\u0131! Fazla konu\u015fmak yerine eski rekor sahibi Chris Boardman'\u0131n s\u00f6z\u00fcyle noktalayal\u0131m: \"The only man ever to enjoy the hour record. Welcome to our side of the fence\" T\u00fcrk\u00e7esiyle ac\u0131y\u0131 bal eyleyen bir ki\u015fi bilirim, o ki\u015fi\u2026","rel":"","context":"&quot;Haberler&quot; i\u00e7inde","block_context":{"text":"Haberler","link":"http:\/\/aynakol.org\/?cat=251"},"img":{"alt_text":"","src":"https:\/\/i0.wp.com\/aynakol.org\/wp-content\/uploads\/2014\/09\/Jensie_Hour_Record1.jpg?resize=350%2C200","width":350,"height":200,"srcset":"https:\/\/i0.wp.com\/aynakol.org\/wp-content\/uploads\/2014\/09\/Jensie_Hour_Record1.jpg?resize=350%2C200 1x, https:\/\/i0.wp.com\/aynakol.org\/wp-content\/uploads\/2014\/09\/Jensie_Hour_Record1.jpg?resize=525%2C300 1.5x, https:\/\/i0.wp.com\/aynakol.org\/wp-content\/uploads\/2014\/09\/Jensie_Hour_Record1.jpg?resize=700%2C400 2x"},"classes":[]},{"id":403,"url":"http:\/\/aynakol.org\/?p=403","url_meta":{"origin":274,"position":1},"title":"Jens Voigt, TREK Factory Racing tak\u0131m\u0131n\u0131n yeni ko\u00e7u","author":"Ayd\u0131n Bez","date":"11 Aral\u0131k 2014","format":false,"excerpt":"Bu sene Fransa Turu sonras\u0131 emeklili\u011fini a\u00e7\u0131klayan, ard\u0131ndan da y\u0131lmay\u0131p 43. ya\u015f g\u00fcn\u00fcnde Hour Record \/ Saat Rekorunu k\u0131ran pelotonun en renkli simas\u0131 Alman pedal Jens Voigt jubilesini yapt\u0131\u011f\u0131 tak\u0131m\u0131 TREK Factory Racing ile kendisine yeni bir sayfa a\u00e7\u0131yor. Kendisinin b\u00fcy\u00fck bir heyecan i\u00e7inde yapt\u0131\u011f\u0131 a\u00e7\u0131klama \u015fu \u015fekilde: \u201cI\u2019ll take\u2026","rel":"","context":"&quot;Haberler&quot; i\u00e7inde","block_context":{"text":"Haberler","link":"http:\/\/aynakol.org\/?cat=251"},"img":{"alt_text":"","src":"https:\/\/i0.wp.com\/aynakol.org\/wp-content\/uploads\/2014\/12\/jensie_.jpg?resize=350%2C200","width":350,"height":200,"srcset":"https:\/\/i0.wp.com\/aynakol.org\/wp-content\/uploads\/2014\/12\/jensie_.jpg?resize=350%2C200 1x, https:\/\/i0.wp.com\/aynakol.org\/wp-content\/uploads\/2014\/12\/jensie_.jpg?resize=525%2C300 1.5x"},"classes":[]},{"id":639,"url":"http:\/\/aynakol.org\/?p=639","url_meta":{"origin":274,"position":2},"title":"Dennis Rohan: UCI Hour Record Attempt","author":"Ayd\u0131n Bez","date":"8 \u015eubat 2015","format":false,"excerpt":"G\u00fcndem turlara o kadar dolu ki, arada kaynamas\u0131n: BMC Racing Team sporcusu Rohan Dennis Eyl\u00fcl 2014'de Jens Voigt 'in a\u00e7t\u0131\u011f\u0131 yoldan pedallayacak, Saat Rekorunu (UCI Hour Record) k\u0131rmak i\u00e7in \u00e7abalayacak. Ger\u00e7i rekor iki ay sonra k\u0131r\u0131lm\u0131\u015ft\u0131 ama yine de olsun. Yeni bir rekorun k\u0131r\u0131lmas\u0131na \u015fahit olmak i\u00e7in UCI' nin YouTube\u2026","rel":"","context":"&quot;Haberler&quot; i\u00e7inde","block_context":{"text":"Haberler","link":"http:\/\/aynakol.org\/?cat=251"},"img":{"alt_text":"","src":"","width":0,"height":0},"classes":[]},{"id":2530,"url":"http:\/\/aynakol.org\/?p=2530","url_meta":{"origin":274,"position":3},"title":"Evelyn Stevens Kad\u0131nlar 1 Saat Rekorunu K\u0131rd\u0131!","author":"Ayd\u0131n Bez","date":"28 \u015eubat 2016","format":false,"excerpt":"Jens Voigt\u200b'in denemesi ve Bradley Wiggins'in zirveye ta\u015f\u0131mas\u0131ndan beri Hour Record g\u00fcndemde. Velodromda 1 saatte al\u0131nabilecek en fazla mesafe rekorunu bu kez kad\u0131nlarda iki kez ABD bireysel zamana kar\u015f\u0131 \u015fampiyonu olan Evelyn Stevens\u200b (Boels Dolmans) denedi ve ba\u015fard\u0131! UCI'nin kurallar\u0131n\u0131 yeniden belirledi\u011fi Hour Record'un kad\u0131nlar rekoru art\u0131k Evelyn Stevens'in! Colorado\u2026","rel":"","context":"&quot;Haberler&quot; i\u00e7inde","block_context":{"text":"Haberler","link":"http:\/\/aynakol.org\/?cat=251"},"img":{"alt_text":"","src":"https:\/\/i0.wp.com\/aynakol.org\/wp-content\/uploads\/2016\/02\/175053_8-MD-SD.jpg?fit=617%2C347&resize=350%2C200","width":350,"height":200,"srcset":"https:\/\/i0.wp.com\/aynakol.org\/wp-content\/uploads\/2016\/02\/175053_8-MD-SD.jpg?fit=617%2C347&resize=350%2C200 1x, https:\/\/i0.wp.com\/aynakol.org\/wp-content\/uploads\/2016\/02\/175053_8-MD-SD.jpg?fit=617%2C347&resize=525%2C300 1.5x"},"classes":[]},{"id":1297,"url":"http:\/\/aynakol.org\/?p=1297","url_meta":{"origin":274,"position":4},"title":"#TdF2015 1. Etap: Utrecht \u2192 Utrecht","author":"Ayd\u0131n Bez","date":"3 Temmuz 2015","format":false,"excerpt":"Bisiklet d\u00fcnyas\u0131n\u0131n en heyecan verici organizasyonu le Tour de France (Tdf, @letour) 102. kez bizlere merhaba diyor! Ge\u00e7en seneye dair k\u0131sa bir hat\u0131rlatma: Sar\u0131 Mayo: \u0130talyan Vincenzo Nibali (Astana) Ye\u015fil Mayo: Slovak Peter Sagan (Cannondale) Da\u011flar\u0131n Kral\u0131: Polonyal\u0131 Rafal Majka (Tinkoff-Saxo) Beyaz Mayo: Frans\u0131z Thibaut Pinot (FDJ.fr) Etap hakk\u0131nda Le\u2026","rel":"","context":"&quot;Tour de France&quot; i\u00e7inde","block_context":{"text":"Tour de France","link":"http:\/\/aynakol.org\/?cat=89"},"img":{"alt_text":"","src":"https:\/\/i0.wp.com\/aynakol.org\/wp-content\/uploads\/2015\/07\/tdf2015_stage1_winner_rohan_dennis.jpg?resize=350%2C200","width":350,"height":200,"srcset":"https:\/\/i0.wp.com\/aynakol.org\/wp-content\/uploads\/2015\/07\/tdf2015_stage1_winner_rohan_dennis.jpg?resize=350%2C200 1x, https:\/\/i0.wp.com\/aynakol.org\/wp-content\/uploads\/2015\/07\/tdf2015_stage1_winner_rohan_dennis.jpg?resize=525%2C300 1.5x, https:\/\/i0.wp.com\/aynakol.org\/wp-content\/uploads\/2015\/07\/tdf2015_stage1_winner_rohan_dennis.jpg?resize=700%2C400 2x"},"classes":[]},{"id":2445,"url":"http:\/\/aynakol.org\/?p=2445","url_meta":{"origin":274,"position":5},"title":"Pelotonun ihtiyar delikanl\u0131s\u0131 Chris Horner pedallamaya devam ediyor!","author":"Ayd\u0131n Bez","date":"6 \u015eubat 2016","format":false,"excerpt":"Cyclist Dergisi ile yapt\u0131\u011f\u0131 son s\u00f6yle\u015fide \"bisiklet sporu benden b\u0131kana dek pedallamaya devam edece\u011fim\" diyen 44 ya\u015f\u0131ndaki Amerikal\u0131 pedal Chris Horner Lupus Racing Team ile s\u00f6zle\u015fme imzalad\u0131. 2013 y\u0131l\u0131nda RadioShack-Leopard (WorldTour - WT) tak\u0131m\u0131 formas\u0131n\u0131 terleterek Vuelta a Espana'da \u015fampiyonlu\u011fa uzanan Chris Horner bir sonraki sezon Lampre-Merida tak\u0131m\u0131na ge\u00e7mi\u015f ancak\u2026","rel":"","context":"&quot;Haberler&quot; i\u00e7inde","block_context":{"text":"Haberler","link":"http:\/\/aynakol.org\/?cat=251"},"img":{"alt_text":"","src":"https:\/\/i0.wp.com\/aynakol.org\/wp-content\/uploads\/2016\/02\/Chris-Horner-659x440.jpg?fit=659%2C440&resize=350%2C200","width":350,"height":200,"srcset":"https:\/\/i0.wp.com\/aynakol.org\/wp-content\/uploads\/2016\/02\/Chris-Horner-659x440.jpg?fit=659%2C440&resize=350%2C200 1x, https:\/\/i0.wp.com\/aynakol.org\/wp-content\/uploads\/2016\/02\/Chris-Horner-659x440.jpg?fit=659%2C440&resize=525%2C300 1.5x"},"classes":[]}],"_links":{"self":[{"href":"http:\/\/aynakol.org\/index.php?rest_route=\/wp\/v2\/posts\/274","targetHints":{"allow":["GET"]}}],"collection":[{"href":"http:\/\/aynakol.org\/index.php?rest_route=\/wp\/v2\/posts"}],"about":[{"href":"http:\/\/aynakol.org\/index.php?rest_route=\/wp\/v2\/types\/post"}],"author":[{"embeddable":true,"href":"http:\/\/aynakol.org\/index.php?rest_route=\/wp\/v2\/users\/1"}],"replies":[{"embeddable":true,"href":"http:\/\/aynakol.org\/index.php?rest_route=%2Fwp%2Fv2%2Fcomments&post=274"}],"version-history":[{"count":2,"href":"http:\/\/aynakol.org\/index.php?rest_route=\/wp\/v2\/posts\/274\/revisions"}],"predecessor-version":[{"id":293,"href":"http:\/\/aynakol.org\/index.php?rest_route=\/wp\/v2\/posts\/274\/revisions\/293"}],"wp:attachment":[{"href":"http:\/\/aynakol.org\/index.php?rest_route=%2Fwp%2Fv2%2Fmedia&parent=274"}],"wp:term":[{"taxonomy":"category","embeddable":true,"href":"http:\/\/aynakol.org\/index.php?rest_route=%2Fwp%2Fv2%2Fcategories&post=274"},{"taxonomy":"post_tag","embeddable":true,"href":"http:\/\/aynakol.org\/index.php?rest_route=%2Fwp%2Fv2%2Ftags&post=274"}],"curies":[{"name":"wp","href":"https:\/\/api.w.org\/{rel}","templated":true}]}}