{"id":2850,"date":"2016-04-09T10:00:00","date_gmt":"2016-04-09T07:00:00","guid":{"rendered":"http:\/\/aynakol.org\/?p=2850"},"modified":"2016-04-18T23:51:07","modified_gmt":"2016-04-18T20:51:07","slug":"hell-of-the-north-paris-roubaix-2016","status":"publish","type":"post","link":"http:\/\/aynakol.org\/?p=2850","title":{"rendered":"Hell of the North: Paris-Roubaix 2016"},"content":{"rendered":"<p><span style=\"font-family: georgia, palatino, serif; font-size: 12pt;\"><span style=\"font-weight: 400;\">Paris-Roubaix Kuzeyin Cehennemine ho\u015f geldiniz! Bu yar\u0131\u015fta kazanan yok, yar\u0131\u015f\u0131 bitirebilenler var! Fransan\u0131n kuzeyinde yok denecek kadar az e\u011fimde, toz toprak i\u00e7inde, parke ta\u015flarla d\u00f6\u015feli <\/span><i><span style=\"font-weight: 400;\">pav\u00e9<\/span><\/i><span style=\"font-weight: 400;\"> yollardan ge\u00e7ip, <em>ge\u00e7mek ne kelime ruhunu teslim edip<\/em>, Roubaix\u2019deki velodromda zafer turu at\u0131p sonra ilk g\u00fcnk\u00fc gibi duran du\u015flar\u0131n alt\u0131nda g\u00fcn\u00fcn yorgunlu\u011funu atmak ve g\u00fcn boyu t\u00fcm ac\u0131mas\u0131zl\u0131\u011f\u0131n\u0131 hissettiren o <\/span><i><span style=\"font-weight: 400;\">pav\u00e9\u2019lerden<\/span><\/i><span style=\"font-weight: 400;\"> birini \u00f6d\u00fcl olarak podyumun ortas\u0131nda havaya kald\u0131rmak\u2026 \u0130\u015fte Paris-Roubaix, yani Klasiklerin Krali\u00e7esi!<\/span><\/span><\/p>\n<p>&nbsp;<\/p>\n<div id=\"attachment_2864\" style=\"width: 1010px\" class=\"wp-caption aligncenter\"><a href=\"https:\/\/i0.wp.com\/aynakol.org\/wp-content\/uploads\/2016\/04\/Paris_Roubaix_2016_profile.jpg\" rel=\"attachment wp-att-2864\"><img data-recalc-dims=\"1\" loading=\"lazy\" decoding=\"async\" aria-describedby=\"caption-attachment-2864\" data-attachment-id=\"2864\" data-permalink=\"http:\/\/aynakol.org\/?attachment_id=2864\" data-orig-file=\"https:\/\/i0.wp.com\/aynakol.org\/wp-content\/uploads\/2016\/04\/Paris_Roubaix_2016_profile.jpg?fit=1000%2C551\" data-orig-size=\"1000,551\" data-comments-opened=\"1\" data-image-meta=\"{&quot;aperture&quot;:&quot;0&quot;,&quot;credit&quot;:&quot;&quot;,&quot;camera&quot;:&quot;&quot;,&quot;caption&quot;:&quot;&quot;,&quot;created_timestamp&quot;:&quot;0&quot;,&quot;copyright&quot;:&quot;&quot;,&quot;focal_length&quot;:&quot;0&quot;,&quot;iso&quot;:&quot;0&quot;,&quot;shutter_speed&quot;:&quot;0&quot;,&quot;title&quot;:&quot;&quot;,&quot;orientation&quot;:&quot;1&quot;}\" data-image-title=\"Paris_Roubaix_2016_profile\" data-image-description=\"\" data-image-caption=\"&lt;p&gt;114. Paris-Roubaix yar\u0131\u015f profili&lt;\/p&gt;\n\" data-large-file=\"https:\/\/i0.wp.com\/aynakol.org\/wp-content\/uploads\/2016\/04\/Paris_Roubaix_2016_profile.jpg?fit=860%2C474\" class=\"size-full wp-image-2864\" src=\"https:\/\/i0.wp.com\/aynakol.org\/wp-content\/uploads\/2016\/04\/Paris_Roubaix_2016_profile.jpg?resize=860%2C474\" alt=\"114. Paris-Roubaix yar\u0131\u015f profili\" width=\"860\" height=\"474\" srcset=\"https:\/\/i0.wp.com\/aynakol.org\/wp-content\/uploads\/2016\/04\/Paris_Roubaix_2016_profile.jpg?w=1000 1000w, https:\/\/i0.wp.com\/aynakol.org\/wp-content\/uploads\/2016\/04\/Paris_Roubaix_2016_profile.jpg?resize=300%2C165 300w, https:\/\/i0.wp.com\/aynakol.org\/wp-content\/uploads\/2016\/04\/Paris_Roubaix_2016_profile.jpg?resize=768%2C423 768w\" sizes=\"auto, (max-width: 860px) 100vw, 860px\" \/><\/a><p id=\"caption-attachment-2864\" class=\"wp-caption-text\">114. Paris-Roubaix yar\u0131\u015f profili<\/p><\/div>\n<p>&nbsp;<\/p>\n<p><span style=\"font-weight: 400; font-family: georgia, palatino, serif; font-size: 12pt;\">10 Nisan 2016 Pazar g\u00fcn\u00fc\u00a0<a href=\"http:\/\/aynakol.org\/wp-content\/uploads\/2016\/04\/Paris_Roubaix_2016_map.jpg\">Compi\u00e8gne kasabas\u0131ndan ba\u015flay\u0131p Roubaix\u2019deki<\/a> tarihi velodromda bitecek an\u0131tsal klasik 257.5 km uzunlu\u011funda. <a href=\"http:\/\/www.procyclingstats.com\/race\/Paris_-_Roubaix_2016_Startlist\" target=\"_blank\">25 tak\u0131mdan 200 pedal<\/a> velodromdaki zafer turu sonras\u0131 canlar\u0131na okuyan parke ta\u015flar\u0131ndan bir tanesini \u00f6d\u00fcl olarak evine g\u00f6t\u00fcrmek i\u00e7in \u00e7abalayacak!<\/span><\/p>\n<p>&nbsp;<\/p>\n<div id=\"attachment_2865\" style=\"width: 1011px\" class=\"wp-caption alignnone\"><a href=\"https:\/\/i0.wp.com\/aynakol.org\/wp-content\/uploads\/2016\/04\/Paris_Roubaix_2015_winner_John_Degenkolb.jpg\" rel=\"attachment wp-att-2865\"><img data-recalc-dims=\"1\" loading=\"lazy\" decoding=\"async\" aria-describedby=\"caption-attachment-2865\" data-attachment-id=\"2865\" data-permalink=\"http:\/\/aynakol.org\/?attachment_id=2865\" data-orig-file=\"https:\/\/i0.wp.com\/aynakol.org\/wp-content\/uploads\/2016\/04\/Paris_Roubaix_2015_winner_John_Degenkolb-e1460058916653.jpg?fit=1001%2C615\" data-orig-size=\"1001,615\" data-comments-opened=\"1\" data-image-meta=\"{&quot;aperture&quot;:&quot;11&quot;,&quot;credit&quot;:&quot;&quot;,&quot;camera&quot;:&quot;NIKON D4&quot;,&quot;caption&quot;:&quot;2015, Paris - Roubaix, Giant - Alpecin 2015, Degenkolb John, Roubaix&quot;,&quot;created_timestamp&quot;:&quot;1428857725&quot;,&quot;copyright&quot;:&quot;&quot;,&quot;focal_length&quot;:&quot;350&quot;,&quot;iso&quot;:&quot;500&quot;,&quot;shutter_speed&quot;:&quot;0.005&quot;,&quot;title&quot;:&quot;PIC530689259&quot;,&quot;orientation&quot;:&quot;1&quot;}\" data-image-title=\"PIC530689259\" data-image-description=\"\" data-image-caption=\"&lt;p&gt;2015, Paris &amp;#8211; Roubaix,  John Degenkolb )&lt;\/p&gt;\n&lt;p&gt;Giant &amp;#8211; Alpecin 2015)&lt;\/p&gt;\n\" data-large-file=\"https:\/\/i0.wp.com\/aynakol.org\/wp-content\/uploads\/2016\/04\/Paris_Roubaix_2015_winner_John_Degenkolb-e1460058916653.jpg?fit=860%2C528\" class=\"wp-image-2865 size-full\" src=\"https:\/\/i0.wp.com\/aynakol.org\/wp-content\/uploads\/2016\/04\/Paris_Roubaix_2015_winner_John_Degenkolb-e1460058916653.jpg?resize=860%2C528\" alt=\"2015, Paris - Roubaix, John Degenkolb ) Giant - Alpecin 2015)\" width=\"860\" height=\"528\" srcset=\"https:\/\/i0.wp.com\/aynakol.org\/wp-content\/uploads\/2016\/04\/Paris_Roubaix_2015_winner_John_Degenkolb-e1460058916653.jpg?w=1001 1001w, https:\/\/i0.wp.com\/aynakol.org\/wp-content\/uploads\/2016\/04\/Paris_Roubaix_2015_winner_John_Degenkolb-e1460058916653.jpg?resize=300%2C184 300w, https:\/\/i0.wp.com\/aynakol.org\/wp-content\/uploads\/2016\/04\/Paris_Roubaix_2015_winner_John_Degenkolb-e1460058916653.jpg?resize=768%2C472 768w\" sizes=\"auto, (max-width: 860px) 100vw, 860px\" \/><\/a><p id=\"caption-attachment-2865\" class=\"wp-caption-text\">Paris-Roubaix 2015: John Degenkolb (Giant Alpecin 2015) ve kendisine b\u00fcy\u00fck yard\u0131mlar\u0131 olan tak\u0131m arkada\u015flar\u0131 ile birlikte zaferini kutlarken. \u00d6d\u00fcl sadece bir pave: g\u00fcn boyunca can\u0131n\u0131z\u0131 yakan, b\u00f6breklerinizi hoplatan parke ta\u015flardan birisi.<\/p><\/div>\n<p>&nbsp;<\/p>\n<p><span style=\"font-family: georgia, palatino, serif; font-size: 12pt;\"><span style=\"font-weight: 400;\">Bir dakika! Paris-Roubaix diyoruz ama biraz bilgi araya s\u0131k\u0131\u015ft\u0131rman\u0131n zarar\u0131 yok: Yar\u0131\u015f 1968 y\u0131l\u0131ndan beri Paris\u2019in 60 km kuzeydo\u011fusunda yer alan Compi\u00e8gne kasabas\u0131ndan ba\u015flay\u0131p <\/span><i><span style=\"font-weight: 400;\">\u201ctozlu yollar\u0131na d\u00fc\u015ft\u00fcm de geldim\u201d <\/span><\/i><span style=\"font-weight: 400;\">t\u00fcrk\u00fcs\u00fcndeki gibi parke ta\u015flarla, \u00e7amurla, toz toprakla m\u00fccadele ederek ilk d\u00fczenlendi\u011fi 1896 y\u0131l\u0131ndan beri hep ayn\u0131 yerde, Bel\u00e7ika ile s\u0131rt s\u0131rta Roubaix kasabas\u0131nda sona eriyor. Tabii i\u015fin bir de velodrom k\u0131sm\u0131 var, ki en g\u00fczel yan\u0131 da bu zaten!<\/span><\/span><\/p>\n<p>&nbsp;<\/p>\n<div id=\"attachment_2857\" style=\"width: 1011px\" class=\"wp-caption aligncenter\"><a href=\"https:\/\/i0.wp.com\/aynakol.org\/wp-content\/uploads\/2016\/04\/Paris_Roubaix_2013winner_Fabian_cancellara.jpg\" rel=\"attachment wp-att-2857\"><img data-recalc-dims=\"1\" loading=\"lazy\" decoding=\"async\" aria-describedby=\"caption-attachment-2857\" data-attachment-id=\"2857\" data-permalink=\"http:\/\/aynakol.org\/?attachment_id=2857\" data-orig-file=\"https:\/\/i0.wp.com\/aynakol.org\/wp-content\/uploads\/2016\/04\/Paris_Roubaix_2013winner_Fabian_cancellara.jpg?fit=1001%2C663\" data-orig-size=\"1001,663\" data-comments-opened=\"1\" data-image-meta=\"{&quot;aperture&quot;:&quot;7.1&quot;,&quot;credit&quot;:&quot;&quot;,&quot;camera&quot;:&quot;NIKON D2Hs&quot;,&quot;caption&quot;:&quot;2013, Paris - Roubaix, Blanco 2013, Radioshack - Leopard 2013, Vanmarcke Sep, Cancellara Fabian, Roubaix&quot;,&quot;created_timestamp&quot;:&quot;1367893507&quot;,&quot;copyright&quot;:&quot;&quot;,&quot;focal_length&quot;:&quot;200&quot;,&quot;iso&quot;:&quot;400&quot;,&quot;shutter_speed&quot;:&quot;0.001&quot;,&quot;title&quot;:&quot;PIC357987689&quot;,&quot;orientation&quot;:&quot;1&quot;}\" data-image-title=\"PIC357987689\" data-image-description=\"\" data-image-caption=\"&lt;p&gt;2013 Paris-Roubaix\u2026 Velodromdaki ikili Fabian Cancellara ve Sep Vanmarcke. Kedi fare oyunu sonras\u0131 kazanan tabii ki daha deneyimli olan Cancellara. &lt;\/p&gt;\n\" data-large-file=\"https:\/\/i0.wp.com\/aynakol.org\/wp-content\/uploads\/2016\/04\/Paris_Roubaix_2013winner_Fabian_cancellara.jpg?fit=860%2C570\" class=\"size-full wp-image-2857\" src=\"https:\/\/i0.wp.com\/aynakol.org\/wp-content\/uploads\/2016\/04\/Paris_Roubaix_2013winner_Fabian_cancellara.jpg?resize=860%2C570\" alt=\"2013 Paris-Roubaix\u2026 Velodromdaki ikili Fabian Cancellara ve Sep Vanmarcke. Kedi fare oyunu sonras\u0131 kazanan tabii ki daha deneyimli olan Cancellara. \" width=\"860\" height=\"570\" srcset=\"https:\/\/i0.wp.com\/aynakol.org\/wp-content\/uploads\/2016\/04\/Paris_Roubaix_2013winner_Fabian_cancellara.jpg?w=1001 1001w, https:\/\/i0.wp.com\/aynakol.org\/wp-content\/uploads\/2016\/04\/Paris_Roubaix_2013winner_Fabian_cancellara.jpg?resize=300%2C199 300w, https:\/\/i0.wp.com\/aynakol.org\/wp-content\/uploads\/2016\/04\/Paris_Roubaix_2013winner_Fabian_cancellara.jpg?resize=768%2C509 768w\" sizes=\"auto, (max-width: 860px) 100vw, 860px\" \/><\/a><p id=\"caption-attachment-2857\" class=\"wp-caption-text\">Paris-Roubaix\u00a02013:\u00a0Velodromdaki ikili Fabian Cancellara ve Sep Vanmarcke. Kedi fare oyunu sonras\u0131 kazanan tabii ki daha deneyimli olan Cancellara.<\/p><\/div>\n<p>&nbsp;<\/p>\n<p><span style=\"font-family: georgia, palatino, serif; font-size: 12pt;\"><span style=\"font-weight: 400;\">Parke ta\u015fl\u0131 yollar i\u00e7eren tek yar\u0131\u015f de\u011fil Paris-Roubaix, hali haz\u0131rda Gent-Wevelgem, De Ronde van Vlaanderen de i\u00e7inde parke ta\u015fl\u0131 yollar bar\u0131nd\u0131r\u0131yor. Paris-Roubaix neden farkl\u0131 peki? Flaman topraklar\u0131nda parke ta\u015flarla d\u00f6\u015feli sa\u00e7ma sapan e\u011fimlere sahip amans\u0131z t\u0131rman\u0131\u015flar varken Paris-Roubaix&#8217;de b\u00f6yle bir \u015fey yok: parke ta\u015flarla d\u00f6\u015feli b\u0131kt\u0131r\u0131c\u0131 uzunlukta sekt\u00f6rler var. Asl\u0131nda aradaki fark\u0131 Chris Horner\u2019dan duymak daha iyi olacakt\u0131r: <\/span><i><span style=\"font-weight: 400;\">\u201cFlanders ile Paris-Roubaix aras\u0131nda u\u00e7urum var. Flanders\u2019da yollar her g\u00fcn otomobiller taraf\u0131ndan kullan\u0131l\u0131yor, korunuyor, vesaire. Di\u011feri\u2026 tamamen bamba\u015fka. Onu en iyi \u015f\u00f6yle tan\u0131mlayabilirim: toprak bir yol bulmu\u015flar, \u00fczerinden helikopterle u\u00e7up koca koca ta\u015flar\u0131 serpi\u015ftirmi\u015fler. Paris-Roubaix i\u015fte bu. O derece k\u00f6t\u00fc. Rezalet.\u201d<\/span><\/i><\/span><\/p>\n<p>&nbsp;<\/p>\n<div id=\"attachment_2870\" style=\"width: 870px\" class=\"wp-caption aligncenter\"><a href=\"https:\/\/i0.wp.com\/aynakol.org\/wp-content\/uploads\/2016\/04\/original-e1460060459401.jpg\" rel=\"attachment wp-att-2870\"><img data-recalc-dims=\"1\" loading=\"lazy\" decoding=\"async\" aria-describedby=\"caption-attachment-2870\" data-attachment-id=\"2870\" data-permalink=\"http:\/\/aynakol.org\/?attachment_id=2870\" data-orig-file=\"https:\/\/i0.wp.com\/aynakol.org\/wp-content\/uploads\/2016\/04\/original-e1460060459401.jpg?fit=1403%2C730\" data-orig-size=\"1403,730\" data-comments-opened=\"1\" data-image-meta=\"{&quot;aperture&quot;:&quot;0&quot;,&quot;credit&quot;:&quot;&quot;,&quot;camera&quot;:&quot;&quot;,&quot;caption&quot;:&quot;&quot;,&quot;created_timestamp&quot;:&quot;0&quot;,&quot;copyright&quot;:&quot;&quot;,&quot;focal_length&quot;:&quot;0&quot;,&quot;iso&quot;:&quot;0&quot;,&quot;shutter_speed&quot;:&quot;0&quot;,&quot;title&quot;:&quot;&quot;,&quot;orientation&quot;:&quot;0&quot;}\" data-image-title=\"original\" data-image-description=\"\" data-image-caption=\"\" data-large-file=\"https:\/\/i0.wp.com\/aynakol.org\/wp-content\/uploads\/2016\/04\/original-e1460060459401.jpg?fit=860%2C448\" class=\"wp-image-2870 size-large\" src=\"https:\/\/i0.wp.com\/aynakol.org\/wp-content\/uploads\/2016\/04\/original-e1460060459401-1024x533.jpg?resize=860%2C448\" alt=\"original\" width=\"860\" height=\"448\" srcset=\"https:\/\/i0.wp.com\/aynakol.org\/wp-content\/uploads\/2016\/04\/original-e1460060459401.jpg?resize=1024%2C533 1024w, https:\/\/i0.wp.com\/aynakol.org\/wp-content\/uploads\/2016\/04\/original-e1460060459401.jpg?resize=300%2C156 300w, https:\/\/i0.wp.com\/aynakol.org\/wp-content\/uploads\/2016\/04\/original-e1460060459401.jpg?resize=768%2C400 768w, https:\/\/i0.wp.com\/aynakol.org\/wp-content\/uploads\/2016\/04\/original-e1460060459401.jpg?w=1403 1403w\" sizes=\"auto, (max-width: 860px) 100vw, 860px\" \/><\/a><p id=\"caption-attachment-2870\" class=\"wp-caption-text\">Foto\u011frafta yar\u0131\u015f \u00f6ncesi tak\u0131mlar\u0131n bir arada literat\u00fcrde <em>recon ride<\/em> denilen idman s\u00fcr\u00fc\u015f\u00fc yapt\u0131klar\u0131na tan\u0131kl\u0131k ediyoruz. \u0130dman s\u00fcr\u00fc\u015flerinde tercih edilecek lastiklerin \u00e7ap\u0131ndan bas\u0131nc\u0131na, kullan\u0131lacak vites oranlar\u0131na, nerede kim atak yapacak sorusuna dek cevaplar aran\u0131yor.<\/p><\/div>\n<p>&nbsp;<\/p>\n<p><span style=\"font-family: georgia, palatino, serif; font-size: 12pt;\"><span style=\"font-weight: 400;\">Paris-Roubaix klasi\u011fini\u00a0anlatmak i\u00e7in s\u00f6zc\u00fckler yetersiz: Parke ta\u015fl\u0131 yollar ve bunlar\u0131n bulunmas\u0131, sava\u015f sonras\u0131 yeniden in\u015fa edilen Fransada \u00fczerlerinin asfaltla kaplanmas\u0131 ve yeniden ke\u015ffi, yenilerinin bulunmas\u0131; korunmas\u0131 i\u00e7in <\/span><span style=\"font-weight: 400;\"><em>Les Amis de Paris Roubaix<\/em> vakf\u0131n\u0131n kurulmas\u0131, yar\u0131\u015f\u0131 izleyenlerin hat\u0131ra diye evlerine birer parke ta\u015f\u0131 g\u00f6t\u00fcrmesi, durumdan her zaman \u015fikayet\u00e7i olan ama ne yardan ne serden deyip bu yar\u0131\u015f\u0131 kazanamasa dahi tamamlamak i\u00e7in canla ba\u015fla pedallayanlar\u2026<\/span><\/span><\/p>\n<p>&nbsp;<\/p>\n<div id=\"attachment_2860\" style=\"width: 1010px\" class=\"wp-caption aligncenter\"><a href=\"https:\/\/i0.wp.com\/aynakol.org\/wp-content\/uploads\/2016\/04\/Paris_Roubaix_2016_works_on_cobbles.jpg\" rel=\"attachment wp-att-2860\"><img data-recalc-dims=\"1\" loading=\"lazy\" decoding=\"async\" aria-describedby=\"caption-attachment-2860\" data-attachment-id=\"2860\" data-permalink=\"http:\/\/aynakol.org\/?attachment_id=2860\" data-orig-file=\"https:\/\/i0.wp.com\/aynakol.org\/wp-content\/uploads\/2016\/04\/Paris_Roubaix_2016_works_on_cobbles.jpg?fit=1000%2C666\" data-orig-size=\"1000,666\" data-comments-opened=\"1\" data-image-meta=\"{&quot;aperture&quot;:&quot;7.1&quot;,&quot;credit&quot;:&quot;ASO\/P.Perreve&quot;,&quot;camera&quot;:&quot;NIKON D4&quot;,&quot;caption&quot;:&quot;Paris-Roubaix 2016 - 04\/04\/2016 - Reconnaissance du parcours pave&quot;,&quot;created_timestamp&quot;:&quot;1459768666&quot;,&quot;copyright&quot;:&quot;ASO\/P.Perreve&quot;,&quot;focal_length&quot;:&quot;52&quot;,&quot;iso&quot;:&quot;320&quot;,&quot;shutter_speed&quot;:&quot;0.005&quot;,&quot;title&quot;:&quot;Paris-Roubaix 2016 - 04\/04\/2016 - Reconnaissance du parcours pave&quot;,&quot;orientation&quot;:&quot;0&quot;}\" data-image-title=\"Paris-Roubaix 2016 &amp;#8211; 04\/04\/2016 &amp;#8211; Reconnaissance du parcours pave\" data-image-description=\"\" data-image-caption=\"&lt;p&gt;Paris-Roubaix 2016 &amp;#8211; 04\/04\/2016 &amp;#8211; Reconnaissance du parcours pave&lt;\/p&gt;\n\" data-large-file=\"https:\/\/i0.wp.com\/aynakol.org\/wp-content\/uploads\/2016\/04\/Paris_Roubaix_2016_works_on_cobbles.jpg?fit=860%2C573\" class=\"wp-image-2860 size-full\" src=\"https:\/\/i0.wp.com\/aynakol.org\/wp-content\/uploads\/2016\/04\/Paris_Roubaix_2016_works_on_cobbles.jpg?resize=860%2C573\" alt=\"Paris-Roubaix 2016 - 04\/04\/2016 - Reconnaissance du parcours pave\" width=\"860\" height=\"573\" srcset=\"https:\/\/i0.wp.com\/aynakol.org\/wp-content\/uploads\/2016\/04\/Paris_Roubaix_2016_works_on_cobbles.jpg?w=1000 1000w, https:\/\/i0.wp.com\/aynakol.org\/wp-content\/uploads\/2016\/04\/Paris_Roubaix_2016_works_on_cobbles.jpg?resize=300%2C200 300w, https:\/\/i0.wp.com\/aynakol.org\/wp-content\/uploads\/2016\/04\/Paris_Roubaix_2016_works_on_cobbles.jpg?resize=768%2C511 768w\" sizes=\"auto, (max-width: 860px) 100vw, 860px\" \/><\/a><p id=\"caption-attachment-2860\" class=\"wp-caption-text\">Paris-Roubaix 2016 haz\u0131rl\u0131klar\u0131 s\u00fcr\u00fcyor: Les Amis de Paris Roubaix vakf\u0131 \u00e7al\u0131\u015fanlar\u0131 ASO i\u015fbirli\u011fi ile yollar\u0131n harap haldeki k\u0131s\u0131mlar\u0131n\u0131 onar\u0131rken. Bu bak\u0131m, koruma ve yenilerini ke\u015ffetme i\u015finde de her zaman oldu\u011fu gibi iki taraf var: birisi yollar\u0131n oldu\u011fu gibi kalmas\u0131n\u0131 savunurken Les Amis de Paris Roubaix vakf\u0131 ise eline mala, \u00e7eki\u00e7 al\u0131p yollar\u0131 onar\u0131p tarihin bozulmas\u0131n\u0131 engelleyip gelece\u011fe ula\u015ft\u0131r\u0131lmas\u0131ndan yana. Yap\u0131lan do\u011fru asl\u0131nda! Muhafazakarl\u0131k da bir yere kadar!<\/p><\/div>\n<p>&nbsp;<\/p>\n<p><span style=\"font-family: georgia, palatino, serif; font-size: 12pt;\"><span style=\"font-weight: 400;\">Hollandal\u0131 <\/span><i><span style=\"font-weight: 400;\">Theo de Rooij<\/span><\/i><span style=\"font-weight: 400;\">, 1985 y\u0131l\u0131nda iyi bir yar\u0131\u015f \u00e7\u0131kar\u0131rken k\u00f6t\u00fc bir \u015fekilde d\u00fc\u015f\u00fcp \u015fans\u0131n\u0131 kaybettikten sonra, her taraf\u0131 \u00e7amurla kapl\u0131 halde, uzat\u0131lan mikrofona \u015funlar\u0131 s\u00f6ylemi\u015fti: <\/span><i><span style=\"font-weight: 400;\">\u201cBu yar\u0131\u015f tam bir sa\u00e7mal\u0131k! Hayvanlar gibi \u00e7al\u0131\u015f\u0131yorsunuz, i\u015femeye bile zaman\u0131n\u0131z yok, \u00fczerinize i\u015fiyorsunuz. Bu \u00e7amurda s\u00fcr\u00fcyorsunuz, sonra kay\u0131p\u2026 kocaman bir bok y\u0131\u011f\u0131n\u0131.\u201d <\/span><\/i><span style=\"font-weight: 400;\">Hemen ard\u0131ndan, kendisine gelecek y\u0131l da yar\u0131\u015fmay\u0131 d\u00fc\u015f\u00fcn\u00fcp d\u00fc\u015f\u00fcnmedi\u011fi soruldu\u011funda ise \u015f\u00f6yle diyordu: <\/span><i><span style=\"font-weight: 400;\">\u201cTabii ki! Bu d\u00fcnyadaki en g\u00fczel yar\u0131\u015f!\u201d<\/span><\/i><\/span><\/p>\n<p>&nbsp;<\/p>\n<div id=\"attachment_2869\" style=\"width: 870px\" class=\"wp-caption aligncenter\"><a href=\"https:\/\/i0.wp.com\/aynakol.org\/wp-content\/uploads\/2016\/04\/Svein-Tuft-looks-back-into-the-nothing..jpg\" rel=\"attachment wp-att-2869\"><img data-recalc-dims=\"1\" loading=\"lazy\" decoding=\"async\" aria-describedby=\"caption-attachment-2869\" data-attachment-id=\"2869\" data-permalink=\"http:\/\/aynakol.org\/?attachment_id=2869\" data-orig-file=\"https:\/\/i0.wp.com\/aynakol.org\/wp-content\/uploads\/2016\/04\/Svein-Tuft-looks-back-into-the-nothing..jpg?fit=1411%2C939\" data-orig-size=\"1411,939\" data-comments-opened=\"1\" data-image-meta=\"{&quot;aperture&quot;:&quot;0&quot;,&quot;credit&quot;:&quot;&quot;,&quot;camera&quot;:&quot;&quot;,&quot;caption&quot;:&quot;&quot;,&quot;created_timestamp&quot;:&quot;0&quot;,&quot;copyright&quot;:&quot;&quot;,&quot;focal_length&quot;:&quot;0&quot;,&quot;iso&quot;:&quot;0&quot;,&quot;shutter_speed&quot;:&quot;0&quot;,&quot;title&quot;:&quot;&quot;,&quot;orientation&quot;:&quot;0&quot;}\" data-image-title=\"Svein Tuft looks back into the nothing.\" data-image-description=\"\" data-image-caption=\"\" data-large-file=\"https:\/\/i0.wp.com\/aynakol.org\/wp-content\/uploads\/2016\/04\/Svein-Tuft-looks-back-into-the-nothing..jpg?fit=860%2C572\" class=\"wp-image-2869 size-large\" src=\"https:\/\/i0.wp.com\/aynakol.org\/wp-content\/uploads\/2016\/04\/Svein-Tuft-looks-back-into-the-nothing..jpg?resize=860%2C572\" alt=\"Svein Tuft looks back into the nothing.\" width=\"860\" height=\"572\" srcset=\"https:\/\/i0.wp.com\/aynakol.org\/wp-content\/uploads\/2016\/04\/Svein-Tuft-looks-back-into-the-nothing..jpg?resize=1024%2C681 1024w, https:\/\/i0.wp.com\/aynakol.org\/wp-content\/uploads\/2016\/04\/Svein-Tuft-looks-back-into-the-nothing..jpg?resize=300%2C200 300w, https:\/\/i0.wp.com\/aynakol.org\/wp-content\/uploads\/2016\/04\/Svein-Tuft-looks-back-into-the-nothing..jpg?resize=768%2C511 768w, https:\/\/i0.wp.com\/aynakol.org\/wp-content\/uploads\/2016\/04\/Svein-Tuft-looks-back-into-the-nothing..jpg?w=1411 1411w\" sizes=\"auto, (max-width: 860px) 100vw, 860px\" \/><\/a><p id=\"caption-attachment-2869\" class=\"wp-caption-text\">Paris-Roubaix 2012: Ola\u011fan bir sahne; zira Paris-Roubaix demek a\u00e7\u0131k bir havada pedallan\u0131yorsa toz, toprak ve g\u00f6z\u00fcn g\u00f6z\u00fc g\u00f6rmemesi, ya\u011fmurlu bir g\u00fcnde ise \u00e7amur banyosu demek. Svein Tuft (Orica-GreenEDGE 2012) de\u011fil atak yapmak sadece pedallamak ve tak\u0131m arkada\u015flar\u0131na yard\u0131m etmek istiyor, ama arkas\u0131na bakt\u0131\u011f\u0131nda kendisi dahil her \u015fey bir toz bulutu alt\u0131nda. Parke ta\u015flar m\u0131 pelotonun pedallar\u0131 alt\u0131nda yoksa peloton mu parke ta\u015flar\u0131n\u0131n alt\u0131nda inliyor belli de\u011fil. Ger\u00e7ek olan tek \u015fey yar\u0131\u015f\u0131n devam etti\u011fi ve sonuncu dahi olsan\u0131z velodromda sizi alk\u0131\u015flar\u0131n bekledi\u011fi. \u00c7\u00fcnk\u00fc buras\u0131 Paris-Roubaix, zafere uzanan kadar bitirenin de alk\u0131\u015fland\u0131\u011f\u0131 tek yer!<\/p><\/div>\n<p>&nbsp;<\/p>\n<p><span style=\"font-weight: 400; font-size: 12pt; font-family: georgia, palatino, serif;\">257.5 km uzunlu\u011fundaki yar\u0131\u015f\u0131n 52 km\u2019si parke ta\u015flarla d\u00f6\u015feli farkl\u0131 uzunlukta 27 sekt\u00f6rden olu\u015fuyor. S\u0131ral\u0131 tam listesi ise<\/span><\/p>\n<p><span style=\"font-size: 12pt;\"><span style=\"font-family: georgia, palatino, serif;\">27. Troisvilles (km 98,5 &#8211; 2200 m)<br \/>\n26. Viesly (km 105 &#8211; 1800 m)<br \/>\n25. Quievy (km 107,5 &#8211; 3700 m)<br \/>\n24. Saint-Python (km 112,5 &#8211; 1500 m)<br \/>\n23. Vertain (km 120,5 &#8211; 2300 m)<br \/>\n22. Capelle-Ruesnes (km 127 \u2013 1700 m)<br \/>\n21. Qu\u00e9r\u00e9naing &#8211; Maing (km 137,5 &#8211; 2500 m)<br \/>\n20. Monchaux-sur-Ecaillon (km 141 &#8211; 1600 m)<br \/>\n19. Haveluy (km 154 &#8211; 2500 m) <\/span><\/span><\/p>\n<p>&nbsp;<\/p>\n<div id=\"attachment_2859\" style=\"width: 1010px\" class=\"wp-caption aligncenter\"><a href=\"https:\/\/i0.wp.com\/aynakol.org\/wp-content\/uploads\/2016\/04\/Paris_Roubaix_2016_Arrenberg_Forrest.jpg\" rel=\"attachment wp-att-2859\"><img data-recalc-dims=\"1\" loading=\"lazy\" decoding=\"async\" aria-describedby=\"caption-attachment-2859\" data-attachment-id=\"2859\" data-permalink=\"http:\/\/aynakol.org\/?attachment_id=2859\" data-orig-file=\"https:\/\/i0.wp.com\/aynakol.org\/wp-content\/uploads\/2016\/04\/Paris_Roubaix_2016_Arrenberg_Forrest-e1460062194278.jpg?fit=1000%2C627\" data-orig-size=\"1000,627\" data-comments-opened=\"1\" data-image-meta=\"{&quot;aperture&quot;:&quot;6.3&quot;,&quot;credit&quot;:&quot;ASO\/P.Perreve&quot;,&quot;camera&quot;:&quot;NIKON D4&quot;,&quot;caption&quot;:&quot;Paris-Roubaix 2016 - 04\/04\/2016 - Reconnaissance du parcours pave&quot;,&quot;created_timestamp&quot;:&quot;1459770683&quot;,&quot;copyright&quot;:&quot;ASO\/P.Perreve&quot;,&quot;focal_length&quot;:&quot;98&quot;,&quot;iso&quot;:&quot;160&quot;,&quot;shutter_speed&quot;:&quot;0.0025&quot;,&quot;title&quot;:&quot;Paris-Roubaix 2016 - 04\/04\/2016 - Reconnaissance du parcours pave&quot;,&quot;orientation&quot;:&quot;0&quot;}\" data-image-title=\"Paris-Roubaix 2016 &amp;#8211; 04\/04\/2016 &amp;#8211; Reconnaissance du parcours pave\" data-image-description=\"\" data-image-caption=\"&lt;p&gt;Paris-Roubaix 2016 &amp;#8211; 04\/04\/2016 &amp;#8211; Reconnaissance du parcours pave&lt;\/p&gt;\n\" data-large-file=\"https:\/\/i0.wp.com\/aynakol.org\/wp-content\/uploads\/2016\/04\/Paris_Roubaix_2016_Arrenberg_Forrest-e1460062194278.jpg?fit=860%2C539\" class=\"wp-image-2859 size-full\" src=\"https:\/\/i0.wp.com\/aynakol.org\/wp-content\/uploads\/2016\/04\/Paris_Roubaix_2016_Arrenberg_Forrest-e1460062194278.jpg?resize=860%2C539\" alt=\"Paris-Roubaix 2016 - 04\/04\/2016 - Reconnaissance du parcours pave\" width=\"860\" height=\"539\" srcset=\"https:\/\/i0.wp.com\/aynakol.org\/wp-content\/uploads\/2016\/04\/Paris_Roubaix_2016_Arrenberg_Forrest-e1460062194278.jpg?w=1000 1000w, https:\/\/i0.wp.com\/aynakol.org\/wp-content\/uploads\/2016\/04\/Paris_Roubaix_2016_Arrenberg_Forrest-e1460062194278.jpg?resize=300%2C188 300w, https:\/\/i0.wp.com\/aynakol.org\/wp-content\/uploads\/2016\/04\/Paris_Roubaix_2016_Arrenberg_Forrest-e1460062194278.jpg?resize=768%2C482 768w\" sizes=\"auto, (max-width: 860px) 100vw, 860px\" \/><\/a><p id=\"caption-attachment-2859\" class=\"wp-caption-text\">Paris-Roubaix&#8217;de can alan parke ta\u015fl\u0131 sekt\u00f6rler olsun, sekt\u00f6rleri birbirine ba\u011flayan u\u00e7suz bucaks\u0131z\u00a0g\u00f6r\u00fcnen tarlalar aras\u0131nda uzanan darac\u0131k yollar olsun, ki bu yollar h\u00e2l\u00e2 k\u00f6yleri, madenleri, kasabalar\u0131 birbirine ba\u011fl\u0131yor, hepsinin bir hikayesi var: Yar\u0131\u015f\u0131n 162. km&#8217;sinde pedallanacak olan 2400 metre uzunlu\u011fundaki Arenberg Orman\u0131n\u0131n yar\u0131\u015fa eklenmesi (Trou\u00e9e d&#8217;Arenberg) \u015fimdilerde \u00e7oktan kapanm\u0131\u015f olan bu yolun alt\u0131ndaki madende zaman\u0131nda bir k\u00f6m\u00fcr i\u015f\u00e7isi olarak \u00e7al\u0131\u015fan ve de profesyonel bir bisiklet\u00e7i olan Jean Stablewski taraf\u0131ndan \u00f6nerilmi\u015f ve kabul g\u00f6rm\u00fc\u015f. Yolun hem \u00fcst\u00fcnde hem de alt\u0131nda emek sarf edip ter d\u00f6ken Jean Stablewski ne yaz\u0131k ki yar\u0131\u015f\u0131 hi\u00e7 kazanamad\u0131.<\/p><\/div>\n<p><span style=\"font-size: 12pt;\"><span style=\"font-family: georgia, palatino, serif;\"><br \/>\n18. Trou\u00e9e d&#8217;Arenberg (km 162 &#8211; 2400 m)<br \/>\n17. Wallers &#8211; H\u00e9lesmes, dit \u00ab Pont Gibus \u00bb (km 168 &#8211; 1600 m)<br \/>\n16. Hornaing (km 175 &#8211; 3700 m)<br \/>\n15. Warlaing &#8211; Brillon (km 182,5 &#8211; 2400 m)<br \/>\n14. Tilloy &#8211; Sars-et-Rosi\u00e8res (km 186 &#8211; 2400 m)<br \/>\n13. Beuvry-la-For\u00eat &#8211; Orchies (km 192,5 &#8211; 1400m)<br \/>\n12. Orchies (km 197,5 &#8211; 1700 m)<br \/>\n11. Auchy-lez-Orchies &#8211; Bers\u00e9e (km 203,5- 2700 m)<\/span><\/span><\/p>\n<p>&nbsp;<\/p>\n<div id=\"attachment_2867\" style=\"width: 870px\" class=\"wp-caption aligncenter\"><a href=\"https:\/\/i0.wp.com\/aynakol.org\/wp-content\/uploads\/2016\/04\/original1.jpg\" rel=\"attachment wp-att-2867\"><img data-recalc-dims=\"1\" loading=\"lazy\" decoding=\"async\" aria-describedby=\"caption-attachment-2867\" data-attachment-id=\"2867\" data-permalink=\"http:\/\/aynakol.org\/?attachment_id=2867\" data-orig-file=\"https:\/\/i0.wp.com\/aynakol.org\/wp-content\/uploads\/2016\/04\/original1.jpg?fit=1411%2C939\" data-orig-size=\"1411,939\" data-comments-opened=\"1\" data-image-meta=\"{&quot;aperture&quot;:&quot;0&quot;,&quot;credit&quot;:&quot;&quot;,&quot;camera&quot;:&quot;&quot;,&quot;caption&quot;:&quot;&quot;,&quot;created_timestamp&quot;:&quot;0&quot;,&quot;copyright&quot;:&quot;&quot;,&quot;focal_length&quot;:&quot;0&quot;,&quot;iso&quot;:&quot;0&quot;,&quot;shutter_speed&quot;:&quot;0&quot;,&quot;title&quot;:&quot;&quot;,&quot;orientation&quot;:&quot;0&quot;}\" data-image-title=\"original1\" data-image-description=\"\" data-image-caption=\"\" data-large-file=\"https:\/\/i0.wp.com\/aynakol.org\/wp-content\/uploads\/2016\/04\/original1.jpg?fit=860%2C572\" class=\"wp-image-2867 size-large\" src=\"https:\/\/i0.wp.com\/aynakol.org\/wp-content\/uploads\/2016\/04\/original1.jpg?resize=860%2C572\" alt=\"original1\" width=\"860\" height=\"572\" srcset=\"https:\/\/i0.wp.com\/aynakol.org\/wp-content\/uploads\/2016\/04\/original1.jpg?resize=1024%2C681 1024w, https:\/\/i0.wp.com\/aynakol.org\/wp-content\/uploads\/2016\/04\/original1.jpg?resize=300%2C200 300w, https:\/\/i0.wp.com\/aynakol.org\/wp-content\/uploads\/2016\/04\/original1.jpg?resize=768%2C511 768w, https:\/\/i0.wp.com\/aynakol.org\/wp-content\/uploads\/2016\/04\/original1.jpg?w=1411 1411w\" sizes=\"auto, (max-width: 860px) 100vw, 860px\" \/><\/a><p id=\"caption-attachment-2867\" class=\"wp-caption-text\">Trou\u00e9e d&#8217;Arenberg &gt;\u00a0Mons-en-P\u00e9v\u00e8le&#8217;ye dek pe\u015fpe\u015fe s\u0131ralanan en k\u0131sas\u0131 1400 mt, en uzunu 3700 mt uzunlu\u011fundaki sekt\u00f6rler \u00e7ok canlar yakacak, d\u00fc\u015fenler, lastik patlatanlar, teknik sorun ya\u015fayanlar, atak yaparken kendini yar\u0131\u015fa fazlas\u0131yla kapt\u0131ran bir seyirciyle \u00e7ok de\u011fil ufak bir temas y\u00fcz\u00fcnden yere d\u00fc\u015fenler&#8230; Hepsi, ama hepsi bu zorlu m\u00fccadelede s\u0131radan \u015feyler.<\/p><\/div>\n<p><span style=\"font-size: 12pt;\"><span style=\"font-family: georgia, palatino, serif;\"><br \/>\n10. Mons-en-P\u00e9v\u00e8le (km 209 &#8211; 3000 m)<br \/>\n9. M\u00e9rignies &#8211; Avelin (km 215 &#8211; 700 m)<br \/>\n8. Pont-Thibaut (km 218 &#8211; 1400 m)<br \/>\n7. Templeuve &#8211; Moulin de Vertain (km 224,5 &#8211; 500 m)<br \/>\n6. Cysoing &#8211; Bourghelles (km 231 &#8211; 1300 m), Bourghelles &#8211; Wannehain (km 233,5 &#8211; 1100 m)<br \/>\n5. Camphin-en-P\u00e9v\u00e8le (km 238 &#8211; 1800 m) <\/span><\/span><\/p>\n<div id=\"attachment_2871\" style=\"width: 610px\" class=\"wp-caption aligncenter\"><a href=\"https:\/\/i0.wp.com\/aynakol.org\/wp-content\/uploads\/2016\/04\/MG_8616-600x400.jpg\" rel=\"attachment wp-att-2871\"><img data-recalc-dims=\"1\" loading=\"lazy\" decoding=\"async\" aria-describedby=\"caption-attachment-2871\" data-attachment-id=\"2871\" data-permalink=\"http:\/\/aynakol.org\/?attachment_id=2871\" data-orig-file=\"https:\/\/i0.wp.com\/aynakol.org\/wp-content\/uploads\/2016\/04\/MG_8616-600x400.jpg?fit=600%2C400\" data-orig-size=\"600,400\" data-comments-opened=\"1\" data-image-meta=\"{&quot;aperture&quot;:&quot;11&quot;,&quot;credit&quot;:&quot;&quot;,&quot;camera&quot;:&quot;Canon EOS 20D&quot;,&quot;caption&quot;:&quot;&quot;,&quot;created_timestamp&quot;:&quot;1397146580&quot;,&quot;copyright&quot;:&quot;&quot;,&quot;focal_length&quot;:&quot;27&quot;,&quot;iso&quot;:&quot;800&quot;,&quot;shutter_speed&quot;:&quot;0.0004&quot;,&quot;title&quot;:&quot;&quot;,&quot;orientation&quot;:&quot;1&quot;}\" data-image-title=\"MG_8616-600&amp;#215;400\" data-image-description=\"\" data-image-caption=\"\" data-large-file=\"https:\/\/i0.wp.com\/aynakol.org\/wp-content\/uploads\/2016\/04\/MG_8616-600x400.jpg?fit=600%2C400\" class=\"wp-image-2871 size-full\" src=\"https:\/\/i0.wp.com\/aynakol.org\/wp-content\/uploads\/2016\/04\/MG_8616-600x400.jpg?resize=600%2C400\" alt=\"MG_8616-600x400\" width=\"600\" height=\"400\" srcset=\"https:\/\/i0.wp.com\/aynakol.org\/wp-content\/uploads\/2016\/04\/MG_8616-600x400.jpg?resize=600%2C400 600w, https:\/\/i0.wp.com\/aynakol.org\/wp-content\/uploads\/2016\/04\/MG_8616-600x400.jpg?resize=300%2C200 300w\" sizes=\"auto, (max-width: 600px) 100vw, 600px\" \/><\/a><p id=\"caption-attachment-2871\" class=\"wp-caption-text\">Yar\u0131\u015f\u0131n 240.5. km&#8217;sinde ge\u00e7ilecek olan b\u00fckl\u00fcm b\u00fckl\u00fcm Le Carrefour de l&#8217;Arbre sekt\u00f6r\u00fc her haliyle korkutucu,\u00a0zira burada geride kalan\u0131n zafer i\u00e7in bir daha \u00f6n tarafa yeti\u015fme \u015fans\u0131 \u00e7ok az.<\/p><\/div>\n<p><span style=\"font-size: 12pt;\"><span style=\"font-family: georgia, palatino, serif;\"><br \/>\n4. Le Carrefour de l&#8217;Arbre (km 240,5 &#8211; 2100 m)<br \/>\n3. Gruson (km 243 &#8211; 1100 m)<br \/>\n2. Hem (km 249,5 &#8211; 1400 m)<br \/>\n1. Roubaix (km 256,5 &#8211; 300 m)<\/span> <\/span><\/p>\n<p>&nbsp;<\/p>\n<p><span style=\"font-weight: 400; font-family: georgia, palatino, serif; font-size: 12pt;\">Trou\u00e9e d&#8217;Arenberg, Mons-en-P\u00e9v\u00e8le ve Le Carrefour de l&#8217;Arbre yar\u0131\u015ftaki \u00fc\u00e7 kilit sekt\u00f6r; belki kazanan\u0131 belirlemeyecek ama geride kalanlar\u0131n kaybedece\u011fi kesin! \u00d6zellikle de Le Carrefour de l&#8217;Arbre sekt\u00f6r\u00fcne girilirken y\u00fckselecek tempoda \u00f6nde yer almak yar\u0131\u015f\u0131 kazanmak i\u00e7in \u00e7ok \u00f6nemli. Tempoya tutunamay\u0131p da pelotonun gerisinde kalmak ise zafere veda etmek demek.<\/span><\/p>\n<div id=\"attachment_2866\" style=\"width: 870px\" class=\"wp-caption aligncenter\"><a href=\"https:\/\/i0.wp.com\/aynakol.org\/wp-content\/uploads\/2016\/04\/original2.jpg\" rel=\"attachment wp-att-2866\"><img data-recalc-dims=\"1\" loading=\"lazy\" decoding=\"async\" aria-describedby=\"caption-attachment-2866\" data-attachment-id=\"2866\" data-permalink=\"http:\/\/aynakol.org\/?attachment_id=2866\" data-orig-file=\"https:\/\/i0.wp.com\/aynakol.org\/wp-content\/uploads\/2016\/04\/original2.jpg?fit=1411%2C471\" data-orig-size=\"1411,471\" data-comments-opened=\"1\" data-image-meta=\"{&quot;aperture&quot;:&quot;0&quot;,&quot;credit&quot;:&quot;&quot;,&quot;camera&quot;:&quot;&quot;,&quot;caption&quot;:&quot;&quot;,&quot;created_timestamp&quot;:&quot;0&quot;,&quot;copyright&quot;:&quot;&quot;,&quot;focal_length&quot;:&quot;0&quot;,&quot;iso&quot;:&quot;0&quot;,&quot;shutter_speed&quot;:&quot;0&quot;,&quot;title&quot;:&quot;&quot;,&quot;orientation&quot;:&quot;0&quot;}\" data-image-title=\"original2\" data-image-description=\"\" data-image-caption=\"\" data-large-file=\"https:\/\/i0.wp.com\/aynakol.org\/wp-content\/uploads\/2016\/04\/original2.jpg?fit=860%2C287\" class=\"wp-image-2866 size-large\" src=\"https:\/\/i0.wp.com\/aynakol.org\/wp-content\/uploads\/2016\/04\/original2.jpg?resize=860%2C287\" alt=\"original2\" width=\"860\" height=\"287\" srcset=\"https:\/\/i0.wp.com\/aynakol.org\/wp-content\/uploads\/2016\/04\/original2.jpg?resize=1024%2C342 1024w, https:\/\/i0.wp.com\/aynakol.org\/wp-content\/uploads\/2016\/04\/original2.jpg?resize=300%2C100 300w, https:\/\/i0.wp.com\/aynakol.org\/wp-content\/uploads\/2016\/04\/original2.jpg?resize=768%2C256 768w, https:\/\/i0.wp.com\/aynakol.org\/wp-content\/uploads\/2016\/04\/original2.jpg?resize=900%2C300 900w, https:\/\/i0.wp.com\/aynakol.org\/wp-content\/uploads\/2016\/04\/original2.jpg?resize=480%2C160 480w, https:\/\/i0.wp.com\/aynakol.org\/wp-content\/uploads\/2016\/04\/original2.jpg?w=1411 1411w\" sizes=\"auto, (max-width: 860px) 100vw, 860px\" \/><\/a><p id=\"caption-attachment-2866\" class=\"wp-caption-text\">Tour de France 2014, Ypres \u2192 Arenberg Porte du Hainaut aras\u0131nda pedallanan 5. Etap Kuzeyin Cehennemi Paris-Roubaix de ge\u00e7ilen parke ta\u015f\u0131 (cobbles secteurs) yollar\u0131 i\u00e7erecek \u015fekilde planlanm\u0131\u015ft\u0131. Hem parke ta\u015flar\u0131n zorlu\u011fu, hem k\u00f6t\u00fc hava ko\u015fullar\u0131 ve \u00fczerine cepheden esen sert r\u00fczgarlar bir araya gelince pelotonun ilk dert edece\u011fi \u00e7amura bulanmak olmu\u015ftu. Foto\u011frafta <span style=\"background-color: #ffff00;\">Maillot Jaune &#8211; sar\u0131 mayoyu<\/span> s\u0131rt\u0131nda ta\u015f\u0131yan Vincenzo Nibali ve domesti\u011fi Jakob Fuglsang g\u00f6r\u00fcl\u00fcyor. Nibali, sar\u0131 mayonun hakk\u0131n\u0131 vermi\u015f, de\u011fme klasik\u00e7ilere ta\u015f \u00e7\u0131kartacak bir performans sergilemi\u015fti. Bu ba\u015far\u0131s\u0131n\u0131 Tour de France 2015&#8217;de\u00a0Seriang \u2192 Cambrai aras\u0131nda pedallanan 224 km uzunlu\u011fundaki etapta da g\u00f6stermi\u015f, etab\u0131n en m\u00fccadeleci sporcusu se\u00e7ilmi\u015fti.<\/p><\/div>\n<p>&nbsp;<\/p>\n<p><span style=\"font-weight: 400; font-family: georgia, palatino, serif; font-size: 12pt;\">Yar\u0131\u015f\u0131 son 10 y\u0131ld\u0131r Fabian Cancellara ve Tom Boonen ikilisinin domine etti\u011fini ekleyelim; zira Cancellara bu sezon sonu itibariyle emekli olaca\u011f\u0131n\u0131 a\u00e7\u0131klam\u0131\u015f, Boonen i\u00e7in de tak\u0131m patronu Patrick Lefevere\u2019nin emekli ol bask\u0131s\u0131 s\u00fcrerken her iki klasik ustas\u0131n\u0131n da yar\u0131\u015f\u0131 kazanmak i\u00e7in varlar\u0131n\u0131 yoklar\u0131n\u0131 ortaya koyaca\u011f\u0131ndan emin olabilirsiniz. Her ikisinin motivasyonu baya\u011f\u0131 farkl\u0131: Boonen yar\u0131\u015f\u0131 be\u015finci kez kazanmak, Cancellara da unutulmaz bir sezon, haf\u0131zalara yer edecek bir emeklilik vedas\u0131 pe\u015finde. K\u0131sacas\u0131 \u00f6ncelikli iki favori Tom Boonen ve Fabian Cancellara.\u00a0Art\u0131k kazanmas\u0131n\u0131, dahas\u0131 kazanmak i\u00e7in yapmas\u0131 gerekenleri \u00f6\u011frenen Peter Sagan da g\u00f6kku\u015fa\u011f\u0131 mayosu ile favoriler aras\u0131nda.<\/span><\/p>\n<p>&nbsp;<\/p>\n<div id=\"attachment_2872\" style=\"width: 1008px\" class=\"wp-caption aligncenter\"><a href=\"https:\/\/i0.wp.com\/aynakol.org\/wp-content\/uploads\/2016\/04\/Paris_Roubaix_2008_winner_Tom_boonen_second_Fabian_Cancellara.jpg\" rel=\"attachment wp-att-2872\"><img data-recalc-dims=\"1\" loading=\"lazy\" decoding=\"async\" aria-describedby=\"caption-attachment-2872\" data-attachment-id=\"2872\" data-permalink=\"http:\/\/aynakol.org\/?attachment_id=2872\" data-orig-file=\"https:\/\/i0.wp.com\/aynakol.org\/wp-content\/uploads\/2016\/04\/Paris_Roubaix_2008_winner_Tom_boonen_second_Fabian_Cancellara.jpg?fit=998%2C663\" data-orig-size=\"998,663\" data-comments-opened=\"1\" data-image-meta=\"{&quot;aperture&quot;:&quot;0&quot;,&quot;credit&quot;:&quot;&quot;,&quot;camera&quot;:&quot;&quot;,&quot;caption&quot;:&quot;&quot;,&quot;created_timestamp&quot;:&quot;0&quot;,&quot;copyright&quot;:&quot;&quot;,&quot;focal_length&quot;:&quot;0&quot;,&quot;iso&quot;:&quot;0&quot;,&quot;shutter_speed&quot;:&quot;0&quot;,&quot;title&quot;:&quot;&quot;,&quot;orientation&quot;:&quot;0&quot;}\" data-image-title=\"Paris_Roubaix_2008_winner_Tom_boonen_second_Fabian_Cancellara\" data-image-description=\"\" data-image-caption=\"&lt;p&gt;Paris-Roubaix 2008: k\u00fcrs\u00fcn\u00fcn zirvesinde g\u00fcl\u00fcmseyen isim Bel\u00e7ikal\u0131lar\u0131n rock star\u0131 Toom Boonen! Sprintte  Boonenin r\u00fczgar\u0131na yenik d\u00fc\u015fen isim ise Spartacus Fabian Cancellara. \u00dc\u00e7\u00fcnc\u00fc gelen de Alessandro Ballan.&lt;\/p&gt;\n\" data-large-file=\"https:\/\/i0.wp.com\/aynakol.org\/wp-content\/uploads\/2016\/04\/Paris_Roubaix_2008_winner_Tom_boonen_second_Fabian_Cancellara.jpg?fit=860%2C571\" class=\"size-full wp-image-2872\" src=\"https:\/\/i0.wp.com\/aynakol.org\/wp-content\/uploads\/2016\/04\/Paris_Roubaix_2008_winner_Tom_boonen_second_Fabian_Cancellara.jpg?resize=860%2C571\" alt=\"Paris-Roubaix 2008: k\u00fcrs\u00fcn\u00fcn zirvesinde g\u00fcl\u00fcmseyen isim Bel\u00e7ikal\u0131lar\u0131n rock star\u0131 Toom Boonen! Sprintte Boonenin r\u00fczgar\u0131na yenik d\u00fc\u015fen isim ise Spartacus Fabian Cancellara. \u00dc\u00e7\u00fcnc\u00fc gelen de Alessandro Ballan.\" width=\"860\" height=\"571\" srcset=\"https:\/\/i0.wp.com\/aynakol.org\/wp-content\/uploads\/2016\/04\/Paris_Roubaix_2008_winner_Tom_boonen_second_Fabian_Cancellara.jpg?w=998 998w, https:\/\/i0.wp.com\/aynakol.org\/wp-content\/uploads\/2016\/04\/Paris_Roubaix_2008_winner_Tom_boonen_second_Fabian_Cancellara.jpg?resize=300%2C199 300w, https:\/\/i0.wp.com\/aynakol.org\/wp-content\/uploads\/2016\/04\/Paris_Roubaix_2008_winner_Tom_boonen_second_Fabian_Cancellara.jpg?resize=768%2C510 768w\" sizes=\"auto, (max-width: 860px) 100vw, 860px\" \/><\/a><p id=\"caption-attachment-2872\" class=\"wp-caption-text\">Paris-Roubaix 2008: K\u00fcrs\u00fcn\u00fcn zirvesinde g\u00fcl\u00fcmseyen isim Bel\u00e7ikal\u0131lar\u0131n rock star\u0131 Tom Boonen! Sprintte Boonenin r\u00fczgar\u0131na yenik d\u00fc\u015fen isim ise Spartacus Fabian Cancellara. \u00dc\u00e7\u00fcnc\u00fc gelen de Alessandro Ballan.<\/p><\/div>\n<p>&nbsp;<\/p>\n<p><span style=\"font-weight: 400; font-family: georgia, palatino, serif; font-size: 12pt;\">Asl\u0131nda Paris-Roubaix i\u00e7in favoriler s\u0131ralayarak kendimizi \u015fartland\u0131rmaya gerek yok, \u015fansl\u0131 olan de\u011fil dayan\u0131kl\u0131 olan ve ak\u0131ll\u0131 taktikler yapan\u0131n kazanaca\u011f\u0131 ge\u00e7mi\u015f m\u00fccadelelerle sabit. Tek g\u00fcnl\u00fck yar\u0131\u015f olmas\u0131na kar\u015f\u0131n \u00fc\u00e7 b\u00fcy\u00fck turdan birine e\u015fit zorluktaki Paris-Roubaix klasi\u011finde kazanmak i\u00e7in h\u0131rsl\u0131 bir\u00e7ok isim g\u00f6rece\u011fiz, bu h\u0131rs ayn\u0131 zamanda m\u00fccadeleyi de pe\u015finden getirecek. Hem pave yollar\u00a0hem de birbirileriyle m\u00fccadele edecek sporcular\u0131n h\u0131rs\u0131 b\u00fcy\u00fcyecek ve ortaya seyretmesi zevkli bir rekabet \u00e7\u0131kacak.\u00a0<\/span><\/p>\n<div id=\"attachment_2494\" style=\"width: 1010px\" class=\"wp-caption aligncenter\"><a href=\"https:\/\/i0.wp.com\/aynakol.org\/wp-content\/uploads\/2016\/02\/Kramon_ParisRoubaix2013_DSC4863-Version-2.jpg\" rel=\"attachment wp-att-2494\"><img data-recalc-dims=\"1\" loading=\"lazy\" decoding=\"async\" aria-describedby=\"caption-attachment-2494\" data-attachment-id=\"2494\" data-permalink=\"http:\/\/aynakol.org\/?attachment_id=2494\" data-orig-file=\"https:\/\/i0.wp.com\/aynakol.org\/wp-content\/uploads\/2016\/02\/Kramon_ParisRoubaix2013_DSC4863-Version-2.jpg?fit=1000%2C668\" data-orig-size=\"1000,668\" data-comments-opened=\"1\" data-image-meta=\"{&quot;aperture&quot;:&quot;1.8&quot;,&quot;credit&quot;:&quot;kramon&quot;,&quot;camera&quot;:&quot;NIKON D800&quot;,&quot;caption&quot;:&quot;111th Paris-Roubaix 2013..Laurens Ten Dam (NLD) \\u0026amp; John Degenkolb (DEU) hit the showers.&quot;,&quot;created_timestamp&quot;:&quot;1365349716&quot;,&quot;copyright&quot;:&quot;Kramon \/ Kristof Ramon.&quot;,&quot;focal_length&quot;:&quot;50&quot;,&quot;iso&quot;:&quot;400&quot;,&quot;shutter_speed&quot;:&quot;0.004&quot;,&quot;title&quot;:&quot;shower boys&quot;,&quot;orientation&quot;:&quot;1&quot;}\" data-image-title=\"shower boys\" data-image-description=\"\" data-image-caption=\"&lt;p&gt;Paris-Roubaix 2013: Paris-Roubaix\u2026 Yar\u0131\u015f sonras\u0131 sporcular du\u015f alt\u0131nda toz toprak ve \u00e7amurla birlikte g\u00fcn\u00fcn yorgunlu\u011funu at\u0131yorlar. Foto\u011frafta 2013 y\u0131l\u0131nda 111. kez pedallanan Paris-Roubaix sonunda Hollandal\u0131 Laurens Ten Dam ve Alman John Degenkolb du\u015f al\u0131rken g\u00f6r\u00fcl\u00fcyor. John Degenkolb 2015\u2019teki yar\u0131\u015f\u0131 velodromdaki toplu sprint sonunda kazanmas\u0131n\u0131 bilmi\u015fti.&lt;\/p&gt;\n\" data-large-file=\"https:\/\/i0.wp.com\/aynakol.org\/wp-content\/uploads\/2016\/02\/Kramon_ParisRoubaix2013_DSC4863-Version-2.jpg?fit=860%2C574\" class=\"size-full wp-image-2494\" src=\"https:\/\/i0.wp.com\/aynakol.org\/wp-content\/uploads\/2016\/02\/Kramon_ParisRoubaix2013_DSC4863-Version-2.jpg?resize=860%2C574\" alt=\"Paris-Roubaix 2013: Paris-Roubaix\u2026 Yar\u0131\u015f sonras\u0131 sporcular du\u015f alt\u0131nda toz toprak ve \u00e7amurla birlikte g\u00fcn\u00fcn yorgunlu\u011funu at\u0131yorlar. Foto\u011frafta 2013 y\u0131l\u0131nda 111. kez pedallanan Paris-Roubaix sonunda Hollandal\u0131 Laurens Ten Dam ve Alman John Degenkolb du\u015f al\u0131rken g\u00f6r\u00fcl\u00fcyor. John Degenkolb 2015\u2019teki yar\u0131\u015f\u0131 velodromdaki toplu sprint sonunda kazanmas\u0131n\u0131 bilmi\u015fti. \" width=\"860\" height=\"574\" srcset=\"https:\/\/i0.wp.com\/aynakol.org\/wp-content\/uploads\/2016\/02\/Kramon_ParisRoubaix2013_DSC4863-Version-2.jpg?w=1000 1000w, https:\/\/i0.wp.com\/aynakol.org\/wp-content\/uploads\/2016\/02\/Kramon_ParisRoubaix2013_DSC4863-Version-2.jpg?resize=300%2C200 300w, https:\/\/i0.wp.com\/aynakol.org\/wp-content\/uploads\/2016\/02\/Kramon_ParisRoubaix2013_DSC4863-Version-2.jpg?resize=768%2C513 768w\" sizes=\"auto, (max-width: 860px) 100vw, 860px\" \/><\/a><p id=\"caption-attachment-2494\" class=\"wp-caption-text\">Paris-Roubaix 2013: Yar\u0131\u015f sonras\u0131 sporcular tarihi velodromun alt\u0131nda yer alan ilk g\u00fcnk\u00fc gibi, el de\u011fmemi\u015f, <a href=\"http:\/\/www.yarak.cc\/remembering-roubaix\/photos\/1492984\" target=\"_blank\">her bir kabinin k\u00f6\u015fesinde ge\u00e7mi\u015f y\u0131llar\u0131n kazananlar\u0131n\u0131n isimleriyle onurland\u0131r\u0131lm\u0131\u015f<\/a>, du\u015flarda\u00a0toz toprak ve \u00e7amurla birlikte g\u00fcn\u00fcn yorgunlu\u011funu at\u0131yorlar. Foto\u011frafta 2013 y\u0131l\u0131nda 111. kez pedallanan Paris-Roubaix sonunda Hollandal\u0131 Laurens Ten Dam ve Alman John Degenkolb du\u015f al\u0131rken g\u00f6r\u00fcl\u00fcyor. John Degenkolb 2015\u2019teki yar\u0131\u015f\u0131 velodromdaki toplu sprint sonunda kazanarak ad\u0131n\u0131 du\u015f kabinlerinden birine de yazd\u0131rm\u0131\u015f oldu. Ancak kendisi bu sene isminin yaz\u0131l\u0131 oldu\u011fu du\u015fta g\u00fcn\u00fcn yorgunlu\u011funu atamayacak. Zira, <a href=\"http:\/\/aynakol.org\/?p=2385\" target=\"_blank\">idman kamp\u0131nda ge\u00e7irdi\u011fi kaza y\u00fcz\u00fcnden<\/a> h\u00e2l\u00e2 iyile\u015fme ve toparlanma d\u00f6neminde.<\/p><\/div>\n<p><span style=\"font-family: georgia, palatino, serif; font-size: 12pt;\"><strong style=\"font-size: 14pt; line-height: 1.6em;\">Daha fazlas\u0131 i\u00e7in<\/strong><\/span><\/p>\n<ul>\n<li><strong><span style=\"font-family: georgia, palatino, serif; font-size: 12pt;\">\u00d6zg\u00fcr Nevres&#8217;in kaleminden:\u00a0<a href=\"http:\/\/ozgurnevres.com\/2012\/04\/12\/paris-roubaix-kuzeyin-cehennemi\/#more-2819\" target=\"_blank\">Paris-Roubaix: Kuzeyin cehennemi<\/a><\/span><\/strong><\/li>\n<li><span style=\"font-family: georgia, palatino, serif; font-size: 12pt;\"><strong><a href=\"http:\/\/aynakol.org\/?p=2491\" target=\"_blank\">An\u0131tsal Klasikler nedir, ne de\u011fildir?<\/a><\/strong><\/span><\/li>\n<li><span style=\"font-family: georgia, palatino, serif; font-size: 12pt;\">Inner Ring bisiklet sporu ve k\u00fclt\u00fcr\u00fc sitesinde Nisan 2014&#8217;de yay\u0131nlanan\u00a0<strong><a href=\"http:\/\/inrng.com\/2014\/04\/paris-roubaix-last-act-of-madness\/\" target=\"_blank\">The Last Act of Madness<\/a><\/strong> yaz\u0131s\u0131n\u0131n BisikletSporu.com taraf\u0131ndan \u00e7evirisi: Paris-Roubaix: <strong><a href=\"http:\/\/www.bisikletsporu.com\/2015\/04\/09\/paris-roubaix-deliligin-son-kalesi\/\" target=\"_blank\">Delili\u011fin Son Kalesi<\/a><\/strong><\/span><\/li>\n<li><span style=\"font-family: georgia, palatino, serif; font-size: 12pt;\">Sporun her t\u00fcrl\u00fcs\u00fcne vurgun Ek\u015fi S\u00f6zl\u00fck yazar\u0131\u00a0<strong><a href=\"https:\/\/eksisozluk.com\/biri\/zeddicus-zu-l-zorander\" target=\"_blank\">zeddicus zu l zorander&#8217;in<\/a><\/strong> kaleminden: <strong><a href=\"https:\/\/eksisozluk.com\/entry\/50518586\" target=\"_blank\">Ge\u00e7en sene neler oldu?<\/a><\/strong><\/span><\/li>\n<li><span style=\"font-family: georgia, palatino, serif; font-size: 12pt;\">Cyclist Magazine:\u00a0<strong><a href=\"http:\/\/www.cyclist.co.uk\/in-depth\/1015\/paris-roubaix-preview-favourites-route-history-classic-editions-sportive\" target=\"_blank\">Paris Roubaix Preview: Favourites, Route, History, Classic Editions &amp; Sportive<\/a><\/strong><\/span><\/li>\n<li><span style=\"font-family: georgia, palatino, serif; font-size: 12pt;\">S\u0131ral\u0131 tam liste: <a href=\"http:\/\/www.procyclingstats.com\/race\/Paris_-_Roubaix_2016\" target=\"_blank\">ProCyclingStats.com<\/a><\/span><\/li>\n<li><span style=\"font-family: georgia, palatino, serif; font-size: 12pt;\">Yar\u0131\u015f hakk\u0131nda her \u015fey: <a href=\"http:\/\/www.steephill.tv\/classics\/paris-roubaix\/\" target=\"_blank\">SteepHill.TV<\/a><\/span><\/li>\n<\/ul>\n<p>&nbsp;<\/p>\n<p><!--nextpage--><\/p>\n<p><span style=\"font-family: georgia, palatino, serif; font-size: 18pt;\">Yar\u0131\u015f sonras\u0131<\/span><\/p>\n<p><span style=\"font-family: georgia, palatino, serif; font-size: 12pt;\">Kuzeyin Cehennemi Paris-Roubaix&#8217;de \u00f6ncelikle sa\u011f \u00e7\u0131kan t\u00fcm sporculara selam olsun!<\/span><\/p>\n<p><a href=\"https:\/\/i0.wp.com\/aynakol.org\/wp-content\/uploads\/2016\/04\/Paris_Roubaix_2016_winner_Matthew_Hayman.jpg\" rel=\"attachment wp-att-2889\"><img data-recalc-dims=\"1\" loading=\"lazy\" decoding=\"async\" data-attachment-id=\"2889\" data-permalink=\"http:\/\/aynakol.org\/?attachment_id=2889\" data-orig-file=\"https:\/\/i0.wp.com\/aynakol.org\/wp-content\/uploads\/2016\/04\/Paris_Roubaix_2016_winner_Matthew_Hayman.jpg?fit=1001%2C665\" data-orig-size=\"1001,665\" data-comments-opened=\"1\" data-image-meta=\"{&quot;aperture&quot;:&quot;6.3&quot;,&quot;credit&quot;:&quot;Fotoreporter Sirotti Stefano&quot;,&quot;camera&quot;:&quot;NIKON D4&quot;,&quot;caption&quot;:&quot;&quot;,&quot;created_timestamp&quot;:&quot;1460300289&quot;,&quot;copyright&quot;:&quot;sirotti.it&quot;,&quot;focal_length&quot;:&quot;320&quot;,&quot;iso&quot;:&quot;500&quot;,&quot;shutter_speed&quot;:&quot;0.001&quot;,&quot;title&quot;:&quot;&quot;,&quot;orientation&quot;:&quot;1&quot;}\" data-image-title=\"Paris_Roubaix_2016_winner_Matthew_Hayman\" data-image-description=\"\" data-image-caption=\"\" data-large-file=\"https:\/\/i0.wp.com\/aynakol.org\/wp-content\/uploads\/2016\/04\/Paris_Roubaix_2016_winner_Matthew_Hayman.jpg?fit=860%2C571\" class=\"aligncenter size-full wp-image-2889\" src=\"https:\/\/i0.wp.com\/aynakol.org\/wp-content\/uploads\/2016\/04\/Paris_Roubaix_2016_winner_Matthew_Hayman.jpg?resize=860%2C571\" alt=\"Paris_Roubaix_2016_winner_Matthew_Hayman\" width=\"860\" height=\"571\" srcset=\"https:\/\/i0.wp.com\/aynakol.org\/wp-content\/uploads\/2016\/04\/Paris_Roubaix_2016_winner_Matthew_Hayman.jpg?w=1001 1001w, https:\/\/i0.wp.com\/aynakol.org\/wp-content\/uploads\/2016\/04\/Paris_Roubaix_2016_winner_Matthew_Hayman.jpg?resize=300%2C199 300w, https:\/\/i0.wp.com\/aynakol.org\/wp-content\/uploads\/2016\/04\/Paris_Roubaix_2016_winner_Matthew_Hayman.jpg?resize=768%2C510 768w\" sizes=\"auto, (max-width: 860px) 100vw, 860px\" \/><\/a><\/p>\n<p><span style=\"font-family: georgia, palatino, serif; font-size: 12pt;\">257.5 km uzunlu\u011fundaki an\u0131tsal klasikte zafer t\u00fcm g\u00fcn ka\u00e7\u0131\u015f grubunda yer alan Orica-GreenEDGE tak\u0131m\u0131n\u0131n 37 ya\u015f\u0131ndaki ihtiyar kurdu Matthew Hayman oldu! 5. Paris-Roubaix zaferini metre fark\u0131yla ka\u00e7\u0131ran Bel\u00e7ikan\u0131n aslan\u0131 Tom Boonen ikinci olurken Team SKY&#8217;dan \u0130ngiliz Ian Stannard da sprint biti\u015finde \u00fc\u00e7\u00fcnc\u00fc oldu.<\/span><\/p>\n<div id=\"attachment_2890\" style=\"width: 1003px\" class=\"wp-caption aligncenter\"><a href=\"https:\/\/i0.wp.com\/aynakol.org\/wp-content\/uploads\/2016\/04\/Paris_Roubaix_2016_podium_runner_up_Boonen_first_Matthew_Hayman_and_third_Ian_Stannard-e1460320024516.jpg\" rel=\"attachment wp-att-2890\"><img data-recalc-dims=\"1\" loading=\"lazy\" decoding=\"async\" aria-describedby=\"caption-attachment-2890\" data-attachment-id=\"2890\" data-permalink=\"http:\/\/aynakol.org\/?attachment_id=2890\" data-orig-file=\"https:\/\/i0.wp.com\/aynakol.org\/wp-content\/uploads\/2016\/04\/Paris_Roubaix_2016_podium_runner_up_Boonen_first_Matthew_Hayman_and_third_Ian_Stannard-e1460320024516.jpg?fit=993%2C417\" data-orig-size=\"993,417\" data-comments-opened=\"1\" data-image-meta=\"{&quot;aperture&quot;:&quot;14&quot;,&quot;credit&quot;:&quot;Fotoreporter Sirotti Stefano&quot;,&quot;camera&quot;:&quot;NIKON D4&quot;,&quot;caption&quot;:&quot;10-04-2016 Paris - Roubaix; 2016, Orica Greenedge; 2016, Etixx - Quick Step; 2016, Team Sky; Hayman, Michael Mathew; Boonen, Tom; Stannard, Jan; Roubaix;&quot;,&quot;created_timestamp&quot;:&quot;1460301383&quot;,&quot;copyright&quot;:&quot;sirotti.it&quot;,&quot;focal_length&quot;:&quot;200&quot;,&quot;iso&quot;:&quot;500&quot;,&quot;shutter_speed&quot;:&quot;0.004&quot;,&quot;title&quot;:&quot;10-04-2016 Paris - Roubaix; 2016, Orica Greenedge; 2016, Etixx - Quick Step; 2016, Team Sky; Hayman, Michael Mathew; Boonen, Tom; Stannard, Jan; Roubaix;&quot;,&quot;orientation&quot;:&quot;1&quot;}\" data-image-title=\"10-04-2016 Paris &amp;#8211; Roubaix; 2016, Orica Greenedge; 2016, Etixx &amp;#8211; Quick Step; 2016, Team Sky; Hayman, Michael Mathew; Boonen, Tom; Stannard, Jan; Roubaix;\" data-image-description=\"\" data-image-caption=\"&lt;p&gt;10-04-2016 Paris &amp;#8211; Roubaix; 2016, Orica Greenedge; 2016, Etixx &amp;#8211; Quick Step; 2016, Team Sky; Hayman, Michael Mathew; Boonen, Tom; Stannard, Jan; Roubaix;&lt;\/p&gt;\n\" data-large-file=\"https:\/\/i0.wp.com\/aynakol.org\/wp-content\/uploads\/2016\/04\/Paris_Roubaix_2016_podium_runner_up_Boonen_first_Matthew_Hayman_and_third_Ian_Stannard-e1460320024516.jpg?fit=860%2C361\" class=\"wp-image-2890 size-full\" src=\"https:\/\/i0.wp.com\/aynakol.org\/wp-content\/uploads\/2016\/04\/Paris_Roubaix_2016_podium_runner_up_Boonen_first_Matthew_Hayman_and_third_Ian_Stannard-e1460320024516.jpg?resize=860%2C361\" alt=\"10-04-2016 Paris - Roubaix; 2016, Orica Greenedge; 2016, Etixx - Quick Step; 2016, Team Sky; Hayman, Michael Mathew; Boonen, Tom; Stannard, Jan; Roubaix;\" width=\"860\" height=\"361\" srcset=\"https:\/\/i0.wp.com\/aynakol.org\/wp-content\/uploads\/2016\/04\/Paris_Roubaix_2016_podium_runner_up_Boonen_first_Matthew_Hayman_and_third_Ian_Stannard-e1460320024516.jpg?w=993 993w, https:\/\/i0.wp.com\/aynakol.org\/wp-content\/uploads\/2016\/04\/Paris_Roubaix_2016_podium_runner_up_Boonen_first_Matthew_Hayman_and_third_Ian_Stannard-e1460320024516.jpg?resize=300%2C126 300w, https:\/\/i0.wp.com\/aynakol.org\/wp-content\/uploads\/2016\/04\/Paris_Roubaix_2016_podium_runner_up_Boonen_first_Matthew_Hayman_and_third_Ian_Stannard-e1460320024516.jpg?resize=768%2C323 768w\" sizes=\"auto, (max-width: 860px) 100vw, 860px\" \/><\/a><p id=\"caption-attachment-2890\" class=\"wp-caption-text\">Paris-Roubaix podyumunun zirvesindeki isim 37. ya\u015f\u0131nda bu yar\u0131\u015fa tam 15 kez kat\u0131lm\u0131\u015f olan ve sonuncusunda zafere ula\u015fan Matthew Hayman. Tom Boonen ikinci, Team SKY&#8217;dan Ian Stannard \u00fc\u00e7\u00fcnc\u00fc.<\/p><\/div>\n<p>&nbsp;<\/p>\n<p><span style=\"font-family: georgia, palatino, serif; font-size: 12pt;\">D\u00fcnya \u015eampiyonu Peter Sagan ise yar\u0131\u015f\u0131\u00a02:20 dakika ile 11. olarak bitirirken \u00a046.2. km&#8217;de kaza ge\u00e7iren Fabian Cancellara son Paris-Roubaix m\u00fccadelesini 7 dakika 35 saniye geriden 40. olarak tamamlad\u0131. <\/span><\/p>\n<p><strong><span style=\"font-family: georgia, palatino, serif; font-size: 12pt;\">Son 3 km<\/span><\/strong><\/p>\n<p><video controls=\"controls\" width=\"640\" height=\"480\"><source src=\"https:\/\/cdn.streamable.com\/video\/mp4-mobile\/tl02.mp4\" type=\"video\/mp4\" \/><\/video><\/p>\n<p><span style=\"font-family: georgia, palatino, serif; font-size: 12pt;\">Yar\u0131\u015fa damgas\u0131n\u0131 vuran anlar;<\/span><\/p>\n<ul style=\"list-style-type: circle;\">\n<li><span style=\"font-family: georgia, palatino, serif; font-size: 12pt;\">Elbette kazalar, kazalar ve kazalar idi; neredeyse her sekt\u00f6r\u00fcn giri\u015f \u00e7\u0131k\u0131\u015f\u0131nda bir kaza oldu.<\/span><\/li>\n<li><span style=\"font-family: georgia, palatino, serif; font-size: 12pt;\">EuroSport&#8217;un yar\u0131\u015f\u0131 ba\u015f\u0131ndan sonuna dek yay\u0131nlamas\u0131 ise ayr\u0131 bir g\u00fczellik idi; zira ka\u00e7\u0131\u015f grubunun olu\u015fmaya \u00e7al\u0131\u015fmas\u0131n\u0131 izlemek farkl\u0131 bir seyir deneyimi ya\u015fatt\u0131 ekran ba\u015f\u0131ndakilere.<\/span><\/li>\n<li><span style=\"font-family: georgia, palatino, serif; font-size: 12pt;\">Ka\u00e7\u0131\u015f grubundan devam: peloton bir t\u00fcrl\u00fc ka\u00e7\u0131\u015f\u0131n olu\u015fmas\u0131na izin vermedi. 214. km&#8217;de tam da olu\u015ftu dedi\u011fimiz ka\u00e7\u0131\u015f grubu olduk\u00e7a -25- kalabal\u0131k olmas\u0131na kar\u015f\u0131n fark\u0131 a\u00e7amad\u0131. U\u00e7suz bucaks\u0131z tarlalar aras\u0131nda ilk sekt\u00f6re do\u011fru pedallayan peloton \u00e7apraz r\u00fczgarlar y\u00fcz\u00fcnden kendi i\u00e7inde bile \u00fc\u00e7e d\u00f6rde b\u00f6l\u00fcnd\u00fc\u011f\u00fc halde ka\u00e7anlar\u0131n bir k\u0131sm\u0131n\u0131 yakalad\u0131.<\/span><\/li>\n<li><span style=\"font-family: georgia, palatino, serif; font-size: 12pt;\">Nihayet yar\u0131\u015f\u0131n yar\u0131s\u0131na gelindi\u011finde, ka\u00e7\u0131\u015f grubu 3 dakikan\u0131n alt\u0131nda veya \u00fcst\u00fcnde de\u011fi\u015fen s\u00fcrelerde fark yaratsa da yar\u0131\u015f\u0131n kontrol\u00fc h\u00e2l\u00e2 pelotonda.<\/span><\/li>\n<li><span style=\"font-family: georgia, palatino, serif; font-size: 12pt;\">114. km&#8217;de ya\u015fanan b\u00fcy\u00fck kaza sonras\u0131 Etixx-QuickStep Panzervagen Tony Martin&#8217;i pelotonun \u00f6n\u00fcne \u00e7ekerek tempoyu belirleyip kontrol\u00fc eline ald\u0131. Tony Martin&#8217;in tek bir amac\u0131 var t\u00fckenene dek tempoyu y\u00fckseltip di\u011fer favorileri silkeleyip Tom Boonen i\u00e7in f\u0131rsat yaratmak.<\/span><\/li>\n<li><span style=\"font-family: georgia, palatino, serif; font-size: 12pt;\">100. km&#8217;de Tony Martin tempoyu \u00f6yle bir y\u00fckseltti ki Cancellara ve Sagan&#8217;\u0131n i\u00e7inde bulundu\u011fu grup ile aralar\u0131nda 1 dakika fark oldu, ka\u00e7anlarla fark 2:52 dakika.<\/span><\/li>\n<li><span style=\"font-family: georgia, palatino, serif; font-size: 12pt;\">Ka\u00e7\u0131\u015f grubu da olmak \u00fczere ya\u015fanan pek \u00e7ok kaza ve de Tony Martin&#8217;in artan temposu fark\u0131n kapanmas\u0131n\u0131 sa\u011flad\u0131.<\/span><\/li>\n<li><span style=\"font-family: georgia, palatino, serif; font-size: 12pt;\">99.6. km&#8217;de \u0131\u015f\u0131\u011f\u0131 g\u00f6ren Tony Martin, lideri Tom Boonen&#8217;i pe\u015fine takarak i\u00e7lerinde bulunduklar\u0131 gruba atak yap\u0131p ka\u00e7aklar\u0131n pe\u015fine d\u00fc\u015ft\u00fc; ancak pe\u015flerini b\u0131rakmayan \u00fc\u00e7 di\u015fli rakip daha vard\u0131: Sep Vanmarcke, Edvald Boasson Hagen ve Ian Stannard.<\/span><\/li>\n<li><span style=\"font-family: georgia, palatino, serif; font-size: 12pt;\">95.3 km&#8217;de Arenberg ge\u00e7idine girildi\u011finde ka\u00e7aklar arkalar\u0131ndan gelen favorilerin haberini alm\u0131\u015f olsalar gerek baya\u011f\u0131 tempo y\u00fckselttiler. <\/span><\/li>\n<li><span style=\"font-family: georgia, palatino, serif; font-size: 12pt;\">Tony Martin sa\u011f olsun ka\u00e7anlar\u0131 birer iki\u015fer yakalad\u0131. 63. km&#8217;de Hagen atak yapsa da Tony Martin bu ata\u011f\u0131 kesti ve zaten 2 km sonra kendisi de kesildi, pili bitti, g\u00f6revini tamamlad\u0131.<\/span><\/li>\n<li><span style=\"font-family: georgia, palatino, serif; font-size: 12pt;\">52.6 ve 51.2 km&#8217;de Team SKY pe\u015f pe\u015fe kazaya kar\u0131\u015ft\u0131; \u00f6yle ki Luke Rowe resmen takla att\u0131 ve kalk\u0131p devam ederek tak\u0131m arkada\u015f\u0131 Ian Stannard&#8217;\u0131 yakalad\u0131.<\/span><\/li>\n<\/ul>\n<div id=\"attachment_2894\" style=\"width: 610px\" class=\"wp-caption aligncenter\"><a href=\"https:\/\/i0.wp.com\/aynakol.org\/wp-content\/uploads\/2016\/04\/Paris_Roubaix_2016_Cancellara_crash.jpg\" rel=\"attachment wp-att-2894\"><img data-recalc-dims=\"1\" loading=\"lazy\" decoding=\"async\" aria-describedby=\"caption-attachment-2894\" data-attachment-id=\"2894\" data-permalink=\"http:\/\/aynakol.org\/?attachment_id=2894\" data-orig-file=\"https:\/\/i0.wp.com\/aynakol.org\/wp-content\/uploads\/2016\/04\/Paris_Roubaix_2016_Cancellara_crash.jpg?fit=600%2C344\" data-orig-size=\"600,344\" data-comments-opened=\"1\" data-image-meta=\"{&quot;aperture&quot;:&quot;0&quot;,&quot;credit&quot;:&quot;&quot;,&quot;camera&quot;:&quot;&quot;,&quot;caption&quot;:&quot;&quot;,&quot;created_timestamp&quot;:&quot;0&quot;,&quot;copyright&quot;:&quot;&quot;,&quot;focal_length&quot;:&quot;0&quot;,&quot;iso&quot;:&quot;0&quot;,&quot;shutter_speed&quot;:&quot;0&quot;,&quot;title&quot;:&quot;&quot;,&quot;orientation&quot;:&quot;0&quot;}\" data-image-title=\"Paris_Roubaix_2016_Cancellara_crash\" data-image-description=\"\" data-image-caption=\"\" data-large-file=\"https:\/\/i0.wp.com\/aynakol.org\/wp-content\/uploads\/2016\/04\/Paris_Roubaix_2016_Cancellara_crash.jpg?fit=600%2C344\" class=\"wp-image-2894 size-full\" src=\"https:\/\/i0.wp.com\/aynakol.org\/wp-content\/uploads\/2016\/04\/Paris_Roubaix_2016_Cancellara_crash.jpg?resize=600%2C344\" alt=\"Paris_Roubaix_2016_Cancellara_crash\" width=\"600\" height=\"344\" srcset=\"https:\/\/i0.wp.com\/aynakol.org\/wp-content\/uploads\/2016\/04\/Paris_Roubaix_2016_Cancellara_crash.jpg?w=600 600w, https:\/\/i0.wp.com\/aynakol.org\/wp-content\/uploads\/2016\/04\/Paris_Roubaix_2016_Cancellara_crash.jpg?resize=300%2C172 300w\" sizes=\"auto, (max-width: 600px) 100vw, 600px\" \/><\/a><p id=\"caption-attachment-2894\" class=\"wp-caption-text\">Yere d\u00fc\u015fen isim kariyerinin son sezonunun ge\u00e7iren Fabian Cancellara&#8230; Sadece 47 saniye \u00f6n\u00fcndeki favorilerden olu\u015fan ka\u00e7aklar\u0131 kovalayan Cancellara, Peter Sagan ve Niki terpstra&#8217;n\u0131n bulundu\u011fu grup Mons-en-P\u00e9v\u00e8le sekt\u00f6r\u00fc ge\u00e7ilirken Cancellara&#8217;n\u0131n \u00f6n tekerinin \u00e7amura girip d\u00fc\u015fmesiyle bir anda karman \u00e7orman oldu ve yar\u0131\u015f\u0131 kazanma umutlar\u0131 da suya d\u00fc\u015ft\u00fc.<\/p><\/div>\n<ul style=\"list-style-type: circle;\">\n<li><span style=\"font-family: georgia, palatino, serif; font-size: 12pt;\">46.2 km&#8217;de Mons-en-P\u00e9v\u00e8le&#8217;de Cancellara \u00e7amurdan dolay\u0131 bisikletin hakimiyetini kaybetti ve d\u00fc\u015ft\u00fc, pe\u015finden de Niki Terpstra ve di\u011ferleri derken Peter Sagan inan\u0131lmaz bir \u015fekilde kazadan s\u0131yr\u0131lmay\u0131 ba\u015fard\u0131. Ancak bu kaza lider be\u015fli ile olan fark\u0131n iyice a\u00e7\u0131lmas\u0131na neden oldu.<\/span><\/li>\n<li><span style=\"font-family: georgia, palatino, serif; font-size: 12pt;\">Tom Boonen s\u00fcrekli \u00e7al\u0131\u015f\u0131yor, Sep Vanmarcke ve Edvald Boasson Hagen yat\u0131yor. <\/span><\/li>\n<li><span style=\"font-family: georgia, palatino, serif; font-size: 12pt;\">18. km geride kal\u0131rken Ian Stannard \u00f6yle bir atak yapt\u0131 ki g\u00fcn\u00fcn kalan son ka\u00e7aklar\u0131n\u0131, IAM Cycling Heinrich Haussler ve Aleksejs Saramotins; Lotto Soudal Marcel Sieberg, Direct Energia Petit Adrien, Movistar Imanol Erviti, da silkeledi, \u00f6yle ki bu tempoya tak\u0131m arkada\u015f\u0131 Luke Rowe bile dayanamay\u0131p geriye d\u00fc\u015ft\u00fc. <\/span><\/li>\n<li><span style=\"font-family: georgia, palatino, serif; font-size: 12pt;\">Yar\u0131\u015f\u0131n ba\u015f\u0131ndan beri ka\u00e7\u0131\u015f grubunda yer alan Matthew Hayman, Stannard&#8217;\u0131n temposuna kar\u015f\u0131 bir ara geride kal\u0131p tam da umudu yitirmi\u015fken tempoyu artt\u0131rd\u0131 ve favorilere tutundu.<\/span><\/li>\n<\/ul>\n<div id=\"attachment_2892\" style=\"width: 1011px\" class=\"wp-caption aligncenter\"><a href=\"https:\/\/i0.wp.com\/aynakol.org\/wp-content\/uploads\/2016\/04\/Paris_Roubaix_2016_tom_boonen.jpg\" rel=\"attachment wp-att-2892\"><img data-recalc-dims=\"1\" loading=\"lazy\" decoding=\"async\" aria-describedby=\"caption-attachment-2892\" data-attachment-id=\"2892\" data-permalink=\"http:\/\/aynakol.org\/?attachment_id=2892\" data-orig-file=\"https:\/\/i0.wp.com\/aynakol.org\/wp-content\/uploads\/2016\/04\/Paris_Roubaix_2016_tom_boonen.jpg?fit=1001%2C665\" data-orig-size=\"1001,665\" data-comments-opened=\"1\" data-image-meta=\"{&quot;aperture&quot;:&quot;4&quot;,&quot;credit&quot;:&quot;Fotoreporter Sirotti Stefano&quot;,&quot;camera&quot;:&quot;NIKON D4&quot;,&quot;caption&quot;:&quot;10-04-2016 Paris - Roubaix; 2016, Etixx - Quick Step; 2016, Team Sky; Boonen, Tom; Stannard, Jan; Carrefour De L&#039;arbre;&quot;,&quot;created_timestamp&quot;:&quot;1460306074&quot;,&quot;copyright&quot;:&quot;sirotti.it&quot;,&quot;focal_length&quot;:&quot;70&quot;,&quot;iso&quot;:&quot;400&quot;,&quot;shutter_speed&quot;:&quot;0.0005&quot;,&quot;title&quot;:&quot;10-04-2016 Paris - Roubaix; 2016, Etixx - Quick Step; 2016, Team Sky; Boonen, Tom; Stannard, Jan; Carrefour De L&#039;arbre;&quot;,&quot;orientation&quot;:&quot;1&quot;}\" data-image-title=\"10-04-2016 Paris &amp;#8211; Roubaix; 2016, Etixx &amp;#8211; Quick Step; 2016, Team Sky; Boonen, Tom; Stannard, Jan; Carrefour De L&amp;#8217;arbre;\" data-image-description=\"\" data-image-caption=\"&lt;p&gt;10-04-2016 Paris &amp;#8211; Roubaix; 2016, Etixx &amp;#8211; Quick Step; 2016, Team Sky; Boonen, Tom; Stannard, Jan; Carrefour De L&amp;#8217;arbre;&lt;\/p&gt;\n\" data-large-file=\"https:\/\/i0.wp.com\/aynakol.org\/wp-content\/uploads\/2016\/04\/Paris_Roubaix_2016_tom_boonen.jpg?fit=860%2C571\" class=\"wp-image-2892 size-full\" src=\"https:\/\/i0.wp.com\/aynakol.org\/wp-content\/uploads\/2016\/04\/Paris_Roubaix_2016_tom_boonen.jpg?resize=860%2C571\" alt=\"10-04-2016 Paris - Roubaix; 2016, Etixx - Quick Step; 2016, Team Sky; Boonen, Tom; Stannard, Jan; Carrefour De L'arbre;\" width=\"860\" height=\"571\" srcset=\"https:\/\/i0.wp.com\/aynakol.org\/wp-content\/uploads\/2016\/04\/Paris_Roubaix_2016_tom_boonen.jpg?w=1001 1001w, https:\/\/i0.wp.com\/aynakol.org\/wp-content\/uploads\/2016\/04\/Paris_Roubaix_2016_tom_boonen.jpg?resize=300%2C199 300w, https:\/\/i0.wp.com\/aynakol.org\/wp-content\/uploads\/2016\/04\/Paris_Roubaix_2016_tom_boonen.jpg?resize=768%2C510 768w\" sizes=\"auto, (max-width: 860px) 100vw, 860px\" \/><\/a><p id=\"caption-attachment-2892\" class=\"wp-caption-text\">G\u00fcn\u00fcn lider be\u015flisinden \u00fc\u00e7\u00fc Carrefour De L&#8217;arbre sekt\u00f6r\u00fcn\u00fc ge\u00e7erken tek karede: Tom Boonen, Ian Stannard ve Edval Boasson Hagen. \u00dc\u00e7l\u00fc i\u00e7inde en agresif olan \u015f\u00fcphesiz 5. zaferi i\u00e7in pedallayan Tom Boonen idi, Hagen ise g\u00fcn boyu s\u00fcrkli yatt\u0131! Stannard ise tam bir silkeleme arac\u0131 idi!<\/p><\/div>\n<ul style=\"list-style-type: circle;\">\n<li><span style=\"font-family: georgia, palatino, serif; font-size: 12pt;\">16. km&#8217;de girilen be\u015f y\u0131ld\u0131zl\u0131 sekt\u00f6r Carrefour De L&#8217;arbre &#8216;de Sep Vanmarcke atak yap\u0131p aray\u0131 baya\u011f\u0131 bir a\u00e7t\u0131. Bu tempo ile Sagan&#8217;\u0131n i\u00e7inde bulundu\u011fu &#8220;\u00e7al\u0131\u015fmayan&#8221; grup ile fark iyice a\u00e7\u0131ld\u0131. <\/span><\/li>\n<li><span style=\"font-family: georgia, palatino, serif; font-size: 12pt;\">Yakla\u015f\u0131k 6 km boyunca ata\u011f\u0131n\u0131 s\u00fcrd\u00fcren Sep Vanmarcke 10 saniye kadar fark yaratsa da Stannard ve Boonen&#8217;\u0131n s\u0131k\u0131 \u00e7al\u0131\u015fmas\u0131yla son 10 km kala tekrar gruba geri d\u00f6nd\u00fc. Ancak uslanmam\u0131\u015f olacak ki 7 km kala tekrar bir atak yapt\u0131, devam edemedi.<\/span><\/li>\n<\/ul>\n<div id=\"attachment_2893\" style=\"width: 1011px\" class=\"wp-caption aligncenter\"><a href=\"https:\/\/i0.wp.com\/aynakol.org\/wp-content\/uploads\/2016\/04\/Paris_Roubaix_2016_peter_sagan-e1460322260127.jpg\" rel=\"attachment wp-att-2893\"><img data-recalc-dims=\"1\" loading=\"lazy\" decoding=\"async\" aria-describedby=\"caption-attachment-2893\" data-attachment-id=\"2893\" data-permalink=\"http:\/\/aynakol.org\/?attachment_id=2893\" data-orig-file=\"https:\/\/i0.wp.com\/aynakol.org\/wp-content\/uploads\/2016\/04\/Paris_Roubaix_2016_peter_sagan-e1460322260127.jpg?fit=1001%2C457\" data-orig-size=\"1001,457\" data-comments-opened=\"1\" data-image-meta=\"{&quot;aperture&quot;:&quot;5&quot;,&quot;credit&quot;:&quot;Fotoreporter Sirotti Stefano&quot;,&quot;camera&quot;:&quot;NIKON D4&quot;,&quot;caption&quot;:&quot;&quot;,&quot;created_timestamp&quot;:&quot;1460306156&quot;,&quot;copyright&quot;:&quot;sirotti.it&quot;,&quot;focal_length&quot;:&quot;70&quot;,&quot;iso&quot;:&quot;400&quot;,&quot;shutter_speed&quot;:&quot;0.0005&quot;,&quot;title&quot;:&quot;&quot;,&quot;orientation&quot;:&quot;1&quot;}\" data-image-title=\"Paris_Roubaix_2016_peter_sagan\" data-image-description=\"\" data-image-caption=\"\" data-large-file=\"https:\/\/i0.wp.com\/aynakol.org\/wp-content\/uploads\/2016\/04\/Paris_Roubaix_2016_peter_sagan-e1460322260127.jpg?fit=860%2C393\" class=\"wp-image-2893 size-full\" src=\"https:\/\/i0.wp.com\/aynakol.org\/wp-content\/uploads\/2016\/04\/Paris_Roubaix_2016_peter_sagan-e1460322260127.jpg?resize=860%2C393\" alt=\"Paris_Roubaix_2016_peter_sagan\" width=\"860\" height=\"393\" srcset=\"https:\/\/i0.wp.com\/aynakol.org\/wp-content\/uploads\/2016\/04\/Paris_Roubaix_2016_peter_sagan-e1460322260127.jpg?w=1001 1001w, https:\/\/i0.wp.com\/aynakol.org\/wp-content\/uploads\/2016\/04\/Paris_Roubaix_2016_peter_sagan-e1460322260127.jpg?resize=300%2C137 300w, https:\/\/i0.wp.com\/aynakol.org\/wp-content\/uploads\/2016\/04\/Paris_Roubaix_2016_peter_sagan-e1460322260127.jpg?resize=768%2C351 768w\" sizes=\"auto, (max-width: 860px) 100vw, 860px\" \/><\/a><p id=\"caption-attachment-2893\" class=\"wp-caption-text\">G\u00fcn\u00fcn \u015fanss\u0131z ismi Peter Sagan Carrefour De L&#8217;arbre sekt\u00f6r\u00fcn\u00fc ge\u00e7erken. Fabian, Sagan&#8217;\u0131, Sagan da Fabian&#8217;\u0131 g\u00f6zalt\u0131nda tutarak pedallad\u0131 yar\u0131\u015f boyunca, ta ki 46.2 km&#8217;ye dek&#8230; Ne zaman ki Cancellara d\u00fc\u015ft\u00fc, Sagan&#8217;\u0131n da kazanma hayalleri suya d\u00fc\u015ft\u00fc.<\/p><\/div>\n<ul style=\"list-style-type: circle;\">\n<li><span style=\"font-family: georgia, palatino, serif; font-size: 12pt;\">6 km kala Stannard herkes uyurken atak yapt\u0131.<\/span><\/li>\n<li><span style=\"font-family: georgia, palatino, serif; font-size: 12pt;\">Son 3 km&#8217;ye girilene dek atak yapmayan kimse kalmad\u0131: bir Boonen, bir Hagen, bir Hayman derken 2 km kala Boonen f\u0131rlad\u0131 gitti, ama pe\u015finden Hayman pedallay\u0131nca \u00f6nde kald\u0131lar ve birlikte son sekt\u00f6r Roubaix&#8217;ye girdiler ve pe\u015finden de velodroma.<\/span><\/li>\n<\/ul>\n<p><span style=\"font-family: georgia, palatino, serif; font-size: 12pt;\">Sonras\u0131 m\u0131? Kazand\u0131\u011f\u0131n\u0131 bile idrak edemeyecek denli yorgun d\u00fc\u015fen Metthew Hayman 15. kez kat\u0131ld\u0131\u011f\u0131 Paris-Roubaix an\u0131tsal klasi\u011fini ilk kez kazand\u0131!<\/span><\/p>\n<div id=\"attachment_2891\" style=\"width: 978px\" class=\"wp-caption aligncenter\"><a href=\"https:\/\/i0.wp.com\/aynakol.org\/wp-content\/uploads\/2016\/04\/Paris_Roubaix_2016_winner_Matthew_Hayman_0-e1460321957791.jpg\" rel=\"attachment wp-att-2891\"><img data-recalc-dims=\"1\" loading=\"lazy\" decoding=\"async\" aria-describedby=\"caption-attachment-2891\" data-attachment-id=\"2891\" data-permalink=\"http:\/\/aynakol.org\/?attachment_id=2891\" data-orig-file=\"https:\/\/i0.wp.com\/aynakol.org\/wp-content\/uploads\/2016\/04\/Paris_Roubaix_2016_winner_Matthew_Hayman_0-e1460321957791.jpg?fit=968%2C540\" data-orig-size=\"968,540\" data-comments-opened=\"1\" data-image-meta=\"{&quot;aperture&quot;:&quot;11&quot;,&quot;credit&quot;:&quot;Fotoreporter Sirotti Stefano&quot;,&quot;camera&quot;:&quot;NIKON D4&quot;,&quot;caption&quot;:&quot;10-04-2016 Paris - Roubaix; 2016, Orica Greenedge; Hayman, Michael Mathew; Roubaix;&quot;,&quot;created_timestamp&quot;:&quot;1460301351&quot;,&quot;copyright&quot;:&quot;sirotti.it&quot;,&quot;focal_length&quot;:&quot;400&quot;,&quot;iso&quot;:&quot;500&quot;,&quot;shutter_speed&quot;:&quot;0.004&quot;,&quot;title&quot;:&quot;10-04-2016 Paris - Roubaix; 2016, Orica Greenedge; Hayman, Michael Mathew; Roubaix;&quot;,&quot;orientation&quot;:&quot;1&quot;}\" data-image-title=\"10-04-2016 Paris &amp;#8211; Roubaix; 2016, Orica Greenedge; Hayman, Michael Mathew; Roubaix;\" data-image-description=\"\" data-image-caption=\"&lt;p&gt;10-04-2016 Paris &amp;#8211; Roubaix; 2016, Orica Greenedge; Hayman, Michael Mathew; Roubaix;&lt;\/p&gt;\n\" data-large-file=\"https:\/\/i0.wp.com\/aynakol.org\/wp-content\/uploads\/2016\/04\/Paris_Roubaix_2016_winner_Matthew_Hayman_0-e1460321957791.jpg?fit=860%2C480\" class=\"size-full wp-image-2891\" src=\"https:\/\/i0.wp.com\/aynakol.org\/wp-content\/uploads\/2016\/04\/Paris_Roubaix_2016_winner_Matthew_Hayman_0-e1460321957791.jpg?resize=860%2C480\" alt=\"10-04-2016 Paris - Roubaix; 2016, Orica Greenedge; Hayman, Michael Mathew; Roubaix;\" width=\"860\" height=\"480\" srcset=\"https:\/\/i0.wp.com\/aynakol.org\/wp-content\/uploads\/2016\/04\/Paris_Roubaix_2016_winner_Matthew_Hayman_0-e1460321957791.jpg?w=968 968w, https:\/\/i0.wp.com\/aynakol.org\/wp-content\/uploads\/2016\/04\/Paris_Roubaix_2016_winner_Matthew_Hayman_0-e1460321957791.jpg?resize=300%2C167 300w, https:\/\/i0.wp.com\/aynakol.org\/wp-content\/uploads\/2016\/04\/Paris_Roubaix_2016_winner_Matthew_Hayman_0-e1460321957791.jpg?resize=768%2C428 768w\" sizes=\"auto, (max-width: 860px) 100vw, 860px\" \/><\/a><p id=\"caption-attachment-2891\" class=\"wp-caption-text\">114. Paris &#8211; Roubaix kazanan\u0131 Matthew Hayman ve \u00f6d\u00fcl\u00fc <em>cobblestone<\/em><\/p><\/div>\n<pre><b>2016 Paris-Roubaix Sonu\u00e7lar\u0131<\/b>\r\nAUS  1  HAYMAN, Mathew (ORICA GreenEDGE)                   5:51:53\r\nBEL  2  BOONEN, Tom (ETIXX - QUICK STEP)                   \r\nGBR  3  STANNARD, Ian (SKY)                                \r\nBEL  4  VANMARCKE, Sep (LOTTO NL - JUMBO)                  \r\nNOR  5  BOASSON HAGEN, Edvald (DIMENSION DATA)              +    3\r\nAUS  6  HAUSSLER, Heinrich (IAM CYCLING)                    + 1:00\r\nGER  7  SIEBERG, Marcel (LOTTO SOUDAL)                     \r\nLAT  8  SARAMOTINS, Aleksejs (IAM CYCLING)                 \r\nESP  9  ERVITI OLLO, Imanol (MOVISTAR)                      + 1:07\r\nFRA  10 PETIT, Adrien (DIRECT ENERGIE)                      + 2:20\r\nSVK  11 SAGAN, Peter (TINKOFF)<\/pre>\n<p>&nbsp;<\/p>\n<p>Daha fazlas\u0131 i\u00e7in:<\/p>\n<ul style=\"list-style-type: circle;\">\n<li>EuroSport T\u00fcrkiye:\u00a0<a href=\"http:\/\/tr.eurosport.com\/bisiklet\/paris-roubaix\/2016\/kuzeyin-cehennemi-nde-buyuk-surpriz_sto5429682\/story.shtml\" target=\"_blank\">Kuzeyin Cehennemi&#8217;nde b\u00fcy\u00fck s\u00fcrpriz!<\/a><\/li>\n<li>Cycling Weekly:\u00a0<a href=\"http:\/\/www.cyclingweekly.co.uk\/cycling-weekly\/talking-points-paris-roubaix-2-220453\" target=\"_blank\">Nine talking points from Paris-Roubaix<\/a><\/li>\n<li>\n<div class=\"row author-share-wrapper\">Peloton Magazine:\u00a0<a href=\"http:\/\/pelotonmagazine.com\/feedzone\/mathew-hayman-wins-unbelivable-paris-roubaix-2016\/\" target=\"_blank\">Hayman takes on Boonen in unbelievable Paris-Roubaix<\/a><\/div>\n<\/li>\n<li>Cycling News:\u00a0<a href=\"http:\/\/www.cyclingnews.com\/news\/hayman-in-disbelief-after-winning-paris-roubaix\/\" target=\"_blank\">Hayman in disbelief after winning Paris-Roubaix<\/a><\/li>\n<\/ul>\n","protected":false},"excerpt":{"rendered":"<p>Paris-Roubaix Kuzeyin Cehennemine ho\u015f geldiniz! Bu yar\u0131\u015fta kazanan yok, yar\u0131\u015f\u0131 bitirebilenler var! Fransan\u0131n kuzeyinde yok denecek kadar az e\u011fimde, toz toprak i\u00e7inde, parke ta\u015flarla d\u00f6\u015feli [&#8230;]<\/p>\n","protected":false},"author":1,"featured_media":2890,"comment_status":"open","ping_status":"open","sticky":false,"template":"","format":"standard","meta":{"jetpack_post_was_ever_published":false,"_jetpack_newsletter_access":"","_jetpack_dont_email_post_to_subs":false,"_jetpack_newsletter_tier_id":0,"_jetpack_memberships_contains_paywalled_content":false,"_jetpack_memberships_contains_paid_content":false,"footnotes":"","jetpack_publicize_message":"Paris-Roubaix: Kuzeyin Cehennemine ho\u015f geldiniz! Bu yar\u0131\u015fta kazanan yok, yar\u0131\u015f\u0131 bitirebilenler var!","jetpack_publicize_feature_enabled":true,"jetpack_social_post_already_shared":true,"jetpack_social_options":{"image_generator_settings":{"template":"highway","default_image_id":0,"font":"","enabled":false},"version":2}},"categories":[1219,1164,1139,639],"tags":[642,1206,641,1204,536,1193,649,514,1209,55,653,586,47,1210,459,1208,1203,224,692,152,647,581,648,593,580,1205,46,1207,223],"class_list":["post-2850","post","type-post","status-publish","format-standard","has-post-thumbnail","hentry","category-cobbled-classics","category-monument-classics","category-one-day-races","category-spring-classics","tag-anitsal-klasik","tag-arenberg-forrest","tag-bahar-klasikleri","tag-boonen","tag-cancellara","tag-cobble","tag-cobblestone","tag-degenkolb","tag-edvald-boasson-hagen","tag-fabian-cancellara","tag-hell-of-the-north","tag-ian-stannard","tag-john-degenkolb","tag-luke-rowe","tag-maillot-jaune","tag-matthew-hayman","tag-monument-classics","tag-nibali","tag-orica-greenedge","tag-paris","tag-paris-roubaix","tag-pave","tag-roubaix","tag-sep-vanmarcke","tag-spring-classics","tag-the-lion-of-flanders","tag-tom-boonen","tag-velodrom","tag-vincenzo-nibali"],"jetpack_publicize_connections":[],"jetpack_featured_media_url":"https:\/\/i0.wp.com\/aynakol.org\/wp-content\/uploads\/2016\/04\/Paris_Roubaix_2016_podium_runner_up_Boonen_first_Matthew_Hayman_and_third_Ian_Stannard-e1460320024516.jpg?fit=993%2C417","jetpack_sharing_enabled":true,"jetpack_shortlink":"https:\/\/wp.me\/p51p4O-JY","jetpack_likes_enabled":true,"jetpack-related-posts":[{"id":4718,"url":"http:\/\/aynakol.org\/?p=4718","url_meta":{"origin":2850,"position":0},"title":"Kuzeyin Cehennemi: Paris-Roubaix 2017","author":"Ayd\u0131n Bez","date":"9 Nisan 2017","format":false,"excerpt":"Y\u0131l\u0131n heyecanla beklenen, yar\u0131\u015f\u0131 kazanan kadar bitirebilenlerin de alk\u0131\u015fland\u0131\u011f\u0131, onurland\u0131r\u0131ld\u0131\u011f\u0131 tek yar\u0131\u015f, Kuzeyin Cehennemi, Paris-Roubaix an\u0131tsal klasi\u011fi bug\u00fcn pedallan\u0131yor!\u00a0 Takvimin \u00fc\u00e7\u00fcnc\u00fc an\u0131tsal klasi\u011fi 1896 y\u0131l\u0131ndan beri 115. kez bizlere merhaba derken biz, bir tarihe; yar\u0131\u015f sonras\u0131 emekli olacak\u00a0Tom Boonen\u2019\u0131n be\u015finci zaferine; tan\u0131kl\u0131k edip etmeyece\u011fimiz heyecan\u0131yla yar\u0131\u015f\u0131 izleyece\u011fiz.\u00a0 Parisin Compi\u00e8gne kasabas\u0131ndan\u2026","rel":"","context":"&quot;Cobbled Classics&quot; i\u00e7inde","block_context":{"text":"Cobbled Classics","link":"http:\/\/aynakol.org\/?cat=1219"},"img":{"alt_text":"","src":"https:\/\/i0.wp.com\/aynakol.org\/wp-content\/uploads\/2017\/04\/Tom_Boonen_2009_lead_to_the_peloton.jpg?fit=1001%2C663&resize=350%2C200","width":350,"height":200,"srcset":"https:\/\/i0.wp.com\/aynakol.org\/wp-content\/uploads\/2017\/04\/Tom_Boonen_2009_lead_to_the_peloton.jpg?fit=1001%2C663&resize=350%2C200 1x, https:\/\/i0.wp.com\/aynakol.org\/wp-content\/uploads\/2017\/04\/Tom_Boonen_2009_lead_to_the_peloton.jpg?fit=1001%2C663&resize=525%2C300 1.5x, https:\/\/i0.wp.com\/aynakol.org\/wp-content\/uploads\/2017\/04\/Tom_Boonen_2009_lead_to_the_peloton.jpg?fit=1001%2C663&resize=700%2C400 2x"},"classes":[]},{"id":2491,"url":"http:\/\/aynakol.org\/?p=2491","url_meta":{"origin":2850,"position":1},"title":"Monuments Classics Races","author":"Ayd\u0131n Bez","date":"26 \u015eubat 2016","format":false,"excerpt":"G\u00fcney Yar\u0131mk\u00fcrede iki yar\u0131\u015fla, Tour Down Under ve Tour de San Luis, ile ba\u015flayan sezonda peloton Arap ve \u0130ber Yar\u0131madalar\u0131na u\u011frad\u0131ktan sonra bu kez eski d\u00fcnyan\u0131n, Avrupan\u0131n, kuzeyine do\u011fru pedall\u0131yor. Huzurlar\u0131n\u0131zda spring classics! \u00a0 Bel\u00e7ika, Hollanda, Fransa ve \u0130talya topraklar\u0131nda tek g\u00fcnl\u00fck yar\u0131\u015flar halinde pedallanan Bahar Klasikleri (Spring Classics) son\u2026","rel":"","context":"&quot;Bisiklet k\u00fclt\u00fcr\u00fc&quot; i\u00e7inde","block_context":{"text":"Bisiklet k\u00fclt\u00fcr\u00fc","link":"http:\/\/aynakol.org\/?cat=7"},"img":{"alt_text":"","src":"https:\/\/i0.wp.com\/aynakol.org\/wp-content\/uploads\/2016\/02\/the-peloton-hits-the-koppenberg.jpg?fit=1200%2C555&resize=350%2C200","width":350,"height":200,"srcset":"https:\/\/i0.wp.com\/aynakol.org\/wp-content\/uploads\/2016\/02\/the-peloton-hits-the-koppenberg.jpg?fit=1200%2C555&resize=350%2C200 1x, https:\/\/i0.wp.com\/aynakol.org\/wp-content\/uploads\/2016\/02\/the-peloton-hits-the-koppenberg.jpg?fit=1200%2C555&resize=525%2C300 1.5x, https:\/\/i0.wp.com\/aynakol.org\/wp-content\/uploads\/2016\/02\/the-peloton-hits-the-koppenberg.jpg?fit=1200%2C555&resize=700%2C400 2x, https:\/\/i0.wp.com\/aynakol.org\/wp-content\/uploads\/2016\/02\/the-peloton-hits-the-koppenberg.jpg?fit=1200%2C555&resize=1050%2C600 3x"},"classes":[]},{"id":824,"url":"http:\/\/aynakol.org\/?p=824","url_meta":{"origin":2850,"position":2},"title":"Son 3 g\u00fcn: Paris &#8211; Roubaix!","author":"Ayd\u0131n Bez","date":"9 Nisan 2015","format":false,"excerpt":"1896'dan beri Kuzeyin cehennemi Bahar Klasiklerinin Krali\u00e7esi! toplam 260 km bunun 55 kilometresi cobblestone \/ parke ta\u015f\u0131 \u015fiddeti gittik\u00e7e artan 27 farkl\u0131 sekt\u00f6r Paristen Roubaix'e, kuzeye do\u011fru, zaferin ac\u0131 yollar\u0131 Paris - Roubaix Pazar g\u00fcn\u00fc kimseye s\u00f6z vermeyin ve zafere do\u011fru pedallanan ac\u0131 ama mutlu bu \u015f\u00f6leni izleyin!","rel":"","context":"&quot;Bisiklet k\u00fclt\u00fcr\u00fc&quot; i\u00e7inde","block_context":{"text":"Bisiklet k\u00fclt\u00fcr\u00fc","link":"http:\/\/aynakol.org\/?cat=7"},"img":{"alt_text":"","src":"https:\/\/i0.wp.com\/aynakol.org\/wp-content\/uploads\/2015\/04\/PR_2.jpg?fit=1200%2C881&resize=350%2C200","width":350,"height":200,"srcset":"https:\/\/i0.wp.com\/aynakol.org\/wp-content\/uploads\/2015\/04\/PR_2.jpg?fit=1200%2C881&resize=350%2C200 1x, https:\/\/i0.wp.com\/aynakol.org\/wp-content\/uploads\/2015\/04\/PR_2.jpg?fit=1200%2C881&resize=525%2C300 1.5x, https:\/\/i0.wp.com\/aynakol.org\/wp-content\/uploads\/2015\/04\/PR_2.jpg?fit=1200%2C881&resize=700%2C400 2x, https:\/\/i0.wp.com\/aynakol.org\/wp-content\/uploads\/2015\/04\/PR_2.jpg?fit=1200%2C881&resize=1050%2C600 3x"},"classes":[]},{"id":2805,"url":"http:\/\/aynakol.org\/?p=2805","url_meta":{"origin":2850,"position":3},"title":"Ronde van Vlaanderen (Tour Of Flanders) 2016","author":"Ayd\u0131n Bez","date":"2 Nisan 2016","format":false,"excerpt":"Delili\u011fin son kalesi Paris-Roubaix klasi\u011finden \u00f6nce son bir dura\u011f\u0131m\u0131z daha var, an\u0131tsal klasiklerin ikincisi, Flamanlar\u0131n en g\u00fczeli de Ronde van Vlaanderen ya da yeni \u0130ngiliz ismiyle Tour of Flanders! \u00a0 Biraz \u00f6n bilgi 1913 y\u0131l\u0131ndan beri pedallanan Flamanlar\u0131n En G\u00fczeli De Ronde van Vlaanderen ya da Tour of Flanders Bel\u00e7ikal\u0131lar\u0131n\u2026","rel":"","context":"&quot;Cobbled Classics&quot; i\u00e7inde","block_context":{"text":"Cobbled Classics","link":"http:\/\/aynakol.org\/?cat=1219"},"img":{"alt_text":"","src":"https:\/\/i0.wp.com\/aynakol.org\/wp-content\/uploads\/2016\/03\/Tour_of_Flanders_logo.svg_-2.png?fit=480%2C249&resize=350%2C200","width":350,"height":200},"classes":[]},{"id":2695,"url":"http:\/\/aynakol.org\/?p=2695","url_meta":{"origin":2850,"position":4},"title":"Milano &#8211; Sanremo 2016","author":"Ayd\u0131n Bez","date":"18 Mart 2016","format":false,"excerpt":"La Primavera! \u00a0 Delili\u011fin son kalesi Paris-Roubaix ve tozlu yollara ula\u015fmadan \u00f6nce ge\u00e7ece\u011fimiz De Ronde \u00f6ncesinde Peloton 107. kez ayn\u0131 tutkuyu; kan, ac\u0131, ter ve g\u00f6zya\u015f\u0131; yeniden ya\u015famak i\u00e7in yine, yeniden; ya\u011fmur e\u015fli\u011finde olmas\u0131 muhtemel; Milanodan Sanremoya pedall\u0131yor! Huzurlar\u0131n\u0131zda An\u0131tsal Klasiklerin ilki: Milano - Sanremo \u00a0 Tarih: 19 Mart 2016\u2026","rel":"","context":"&quot;Monument Classics&quot; i\u00e7inde","block_context":{"text":"Monument Classics","link":"http:\/\/aynakol.org\/?cat=1164"},"img":{"alt_text":"","src":"https:\/\/i0.wp.com\/aynakol.org\/wp-content\/uploads\/2016\/03\/565-181857_574248830.jpg?fit=1001%2C358&resize=350%2C200","width":350,"height":200,"srcset":"https:\/\/i0.wp.com\/aynakol.org\/wp-content\/uploads\/2016\/03\/565-181857_574248830.jpg?fit=1001%2C358&resize=350%2C200 1x, https:\/\/i0.wp.com\/aynakol.org\/wp-content\/uploads\/2016\/03\/565-181857_574248830.jpg?fit=1001%2C358&resize=525%2C300 1.5x, https:\/\/i0.wp.com\/aynakol.org\/wp-content\/uploads\/2016\/03\/565-181857_574248830.jpg?fit=1001%2C358&resize=700%2C400 2x"},"classes":[]},{"id":4704,"url":"http:\/\/aynakol.org\/?p=4704","url_meta":{"origin":2850,"position":5},"title":"Ronde van Vlaanderen (Tour Of Flanders) 2017","author":"Ayd\u0131n Bez","date":"2 Nisan 2017","format":false,"excerpt":"\u00a0 Flamanlar\u0131n en g\u00fczeli, y\u0131l\u0131n ikinci an\u0131tsal klasi\u011fi De Ronde Van Vlaanderen yine kar\u015f\u0131m\u0131zda! Ge\u00e7ti\u011fimiz yirmi g\u00fcn \u00f6nce Milano-Sanremo ile birlikte a\u00e7an g\u00fcne\u015f bu kez Flaman topraklar\u0131nda pelotonu selamlayacak, tabii ya\u011fmur ya\u011fmazsa!\u00a0 Dedik, ancak\u00a0Antwerpen \u203a Oudenaarde kentleri aras\u0131nda pedallanacak 260 km uzunlu\u011fundaki an\u0131tsal klasikte uzun y\u0131llard\u0131r kar\u015f\u0131la\u015fmad\u0131\u011f\u0131m\u0131z ya\u011fmur ya\u011f\u0131\u015f\u0131 olabilir;\u2026","rel":"","context":"&quot;Monument Classics&quot; i\u00e7inde","block_context":{"text":"Monument Classics","link":"http:\/\/aynakol.org\/?cat=1164"},"img":{"alt_text":"","src":"https:\/\/i0.wp.com\/aynakol.org\/wp-content\/uploads\/2017\/04\/162056_162056_577725815-e1491037913425.jpg?fit=1001%2C508&resize=350%2C200","width":350,"height":200,"srcset":"https:\/\/i0.wp.com\/aynakol.org\/wp-content\/uploads\/2017\/04\/162056_162056_577725815-e1491037913425.jpg?fit=1001%2C508&resize=350%2C200 1x, https:\/\/i0.wp.com\/aynakol.org\/wp-content\/uploads\/2017\/04\/162056_162056_577725815-e1491037913425.jpg?fit=1001%2C508&resize=525%2C300 1.5x, https:\/\/i0.wp.com\/aynakol.org\/wp-content\/uploads\/2017\/04\/162056_162056_577725815-e1491037913425.jpg?fit=1001%2C508&resize=700%2C400 2x"},"classes":[]}],"_links":{"self":[{"href":"http:\/\/aynakol.org\/index.php?rest_route=\/wp\/v2\/posts\/2850","targetHints":{"allow":["GET"]}}],"collection":[{"href":"http:\/\/aynakol.org\/index.php?rest_route=\/wp\/v2\/posts"}],"about":[{"href":"http:\/\/aynakol.org\/index.php?rest_route=\/wp\/v2\/types\/post"}],"author":[{"embeddable":true,"href":"http:\/\/aynakol.org\/index.php?rest_route=\/wp\/v2\/users\/1"}],"replies":[{"embeddable":true,"href":"http:\/\/aynakol.org\/index.php?rest_route=%2Fwp%2Fv2%2Fcomments&post=2850"}],"version-history":[{"count":12,"href":"http:\/\/aynakol.org\/index.php?rest_route=\/wp\/v2\/posts\/2850\/revisions"}],"predecessor-version":[{"id":2898,"href":"http:\/\/aynakol.org\/index.php?rest_route=\/wp\/v2\/posts\/2850\/revisions\/2898"}],"wp:featuredmedia":[{"embeddable":true,"href":"http:\/\/aynakol.org\/index.php?rest_route=\/wp\/v2\/media\/2890"}],"wp:attachment":[{"href":"http:\/\/aynakol.org\/index.php?rest_route=%2Fwp%2Fv2%2Fmedia&parent=2850"}],"wp:term":[{"taxonomy":"category","embeddable":true,"href":"http:\/\/aynakol.org\/index.php?rest_route=%2Fwp%2Fv2%2Fcategories&post=2850"},{"taxonomy":"post_tag","embeddable":true,"href":"http:\/\/aynakol.org\/index.php?rest_route=%2Fwp%2Fv2%2Ftags&post=2850"}],"curies":[{"name":"wp","href":"https:\/\/api.w.org\/{rel}","templated":true}]}}