{"id":316,"date":"2014-11-07T22:14:09","date_gmt":"2014-11-07T19:14:09","guid":{"rendered":"http:\/\/aynakol.org\/?p=316"},"modified":"2014-11-07T22:35:51","modified_gmt":"2014-11-07T19:35:51","slug":"urun-incelemesi-specialized-starter-kit","status":"publish","type":"post","link":"http:\/\/aynakol.org\/?p=316","title":{"rendered":"\u00dcr\u00fcn \u0130ncelemesi: SPECIALIZED Starter Kit"},"content":{"rendered":"<p>Bisikleti bisiklet yapan unsurlardan biri de destekleyici ve tamamlay\u0131c\u0131 yan \u00fcr\u00fcnler, aksesuarlard\u0131r.<\/p>\n<ul>\n<li>Tamir setleri<\/li>\n<li>Ta\u015f\u0131ma unsurlar\u0131<\/li>\n<li>Yedek malzemeler<\/li>\n<li>Koruma ve g\u00fcvenlik<\/li>\n<li>Keyif ve konfor donan\u0131mlar\u0131<\/li>\n<\/ul>\n<p>Ana gruplar halinde s\u0131ralad\u0131\u011f\u0131m\u0131z bu donan\u0131mlar\u0131 yeri geldi\u011fince ele anlataca\u011f\u0131z. Bu yaz\u0131n\u0131n konusu ise Specialized firmas\u0131n\u0131n tamir ve keyif s\u0131n\u0131f\u0131 i\u00e7inde yer alan donan\u0131mlar\u0131 toplad\u0131\u011f\u0131 <a href=\"http:\/\/www.specialized.com\/us\/en\/ftr\/bagstools\/seat-bags\/starter-kit\">Starter Kit paketi<\/a>.<\/p>\n<div id=\"attachment_310\" style=\"width: 448px\" class=\"wp-caption alignnone\"><a href=\"https:\/\/i0.wp.com\/aynakol.org\/wp-content\/uploads\/2014\/11\/IMG_20141107_151600.jpg\"><img data-recalc-dims=\"1\" loading=\"lazy\" decoding=\"async\" aria-describedby=\"caption-attachment-310\" data-attachment-id=\"310\" data-permalink=\"http:\/\/aynakol.org\/?attachment_id=310\" data-orig-file=\"https:\/\/i0.wp.com\/aynakol.org\/wp-content\/uploads\/2014\/11\/IMG_20141107_151600.jpg?fit=976%2C768\" data-orig-size=\"976,768\" data-comments-opened=\"1\" data-image-meta=\"{&quot;aperture&quot;:&quot;0&quot;,&quot;credit&quot;:&quot;&quot;,&quot;camera&quot;:&quot;&quot;,&quot;caption&quot;:&quot;&quot;,&quot;created_timestamp&quot;:&quot;0&quot;,&quot;copyright&quot;:&quot;&quot;,&quot;focal_length&quot;:&quot;0&quot;,&quot;iso&quot;:&quot;0&quot;,&quot;shutter_speed&quot;:&quot;0&quot;,&quot;title&quot;:&quot;&quot;,&quot;orientation&quot;:&quot;0&quot;}\" data-image-title=\"IMG_20141107_151600\" data-image-description=\"\" data-image-caption=\"\" data-large-file=\"https:\/\/i0.wp.com\/aynakol.org\/wp-content\/uploads\/2014\/11\/IMG_20141107_151600.jpg?fit=860%2C677\" class=\"wp-image-310\" src=\"https:\/\/i0.wp.com\/aynakol.org\/wp-content\/uploads\/2014\/11\/IMG_20141107_151600.jpg?resize=438%2C345\" alt=\"IMG_20141107_151600\" width=\"438\" height=\"345\" srcset=\"https:\/\/i0.wp.com\/aynakol.org\/wp-content\/uploads\/2014\/11\/IMG_20141107_151600.jpg?w=976 976w, https:\/\/i0.wp.com\/aynakol.org\/wp-content\/uploads\/2014\/11\/IMG_20141107_151600.jpg?resize=300%2C236 300w, https:\/\/i0.wp.com\/aynakol.org\/wp-content\/uploads\/2014\/11\/IMG_20141107_151600.jpg?resize=705%2C554 705w\" sizes=\"auto, (max-width: 438px) 100vw, 438px\" \/><\/a><p id=\"caption-attachment-310\" class=\"wp-caption-text\">Sele alt\u0131 \u00e7anta i\u00e7inde levyeler bulunmakta.<\/p><\/div>\n<p><b>Paket i\u00e7eri\u011finde:<\/b><\/p>\n<ul>\n<li>Sele alt\u0131 \u00e7anta (<a href=\"http:\/\/www.specialized.com\/us\/en\/ftr\/bagstools\/seat-bags\/miniwedgie\">Specialized Mini Wedgie Seat Bag<\/a>)<\/li>\n<li>Ufak pompa (<a href=\"http:\/\/www.specialized.com\/us\/en\/ftb\/pumps\/portable-road-pumps\/air-tool-road-mini-pump\">Specialized Airtool Road Mini Pump<\/a>)<\/li>\n<li>Levye (<a href=\"http:\/\/www.specialized.com\/us\/en\/ftr\/bagstools\/tools\/emt-pro-mtb-lever\">Specialized Tire Lever<\/a>)<\/li>\n<li>Matara kafesi (<a href=\"http:\/\/www.specialized.com\/us\/en\/ftb\/bottlescages\/cages\/zee-cage-ii-alloy\">Specialized Zee Cage<\/a>)<\/li>\n<\/ul>\n<div id=\"attachment_311\" style=\"width: 522px\" class=\"wp-caption alignnone\"><a href=\"https:\/\/i0.wp.com\/aynakol.org\/wp-content\/uploads\/2014\/11\/IMG_20141107_151656.jpg\"><img data-recalc-dims=\"1\" loading=\"lazy\" decoding=\"async\" aria-describedby=\"caption-attachment-311\" data-attachment-id=\"311\" data-permalink=\"http:\/\/aynakol.org\/?attachment_id=311\" data-orig-file=\"https:\/\/i0.wp.com\/aynakol.org\/wp-content\/uploads\/2014\/11\/IMG_20141107_151656.jpg?fit=1024%2C768\" data-orig-size=\"1024,768\" data-comments-opened=\"1\" data-image-meta=\"{&quot;aperture&quot;:&quot;2.4&quot;,&quot;credit&quot;:&quot;&quot;,&quot;camera&quot;:&quot;Nexus 5&quot;,&quot;caption&quot;:&quot;&quot;,&quot;created_timestamp&quot;:&quot;1415373416&quot;,&quot;copyright&quot;:&quot;&quot;,&quot;focal_length&quot;:&quot;3.97&quot;,&quot;iso&quot;:&quot;442&quot;,&quot;shutter_speed&quot;:&quot;0.02&quot;,&quot;title&quot;:&quot;&quot;,&quot;orientation&quot;:&quot;0&quot;}\" data-image-title=\"IMG_20141107_151656\" data-image-description=\"\" data-image-caption=\"\" data-large-file=\"https:\/\/i0.wp.com\/aynakol.org\/wp-content\/uploads\/2014\/11\/IMG_20141107_151656.jpg?fit=860%2C645\" class=\"wp-image-311\" src=\"https:\/\/i0.wp.com\/aynakol.org\/wp-content\/uploads\/2014\/11\/IMG_20141107_151656.jpg?resize=512%2C384\" alt=\"IMG_20141107_151656\" width=\"512\" height=\"384\" srcset=\"https:\/\/i0.wp.com\/aynakol.org\/wp-content\/uploads\/2014\/11\/IMG_20141107_151656.jpg?w=1024 1024w, https:\/\/i0.wp.com\/aynakol.org\/wp-content\/uploads\/2014\/11\/IMG_20141107_151656.jpg?resize=300%2C225 300w, https:\/\/i0.wp.com\/aynakol.org\/wp-content\/uploads\/2014\/11\/IMG_20141107_151656.jpg?resize=705%2C528 705w\" sizes=\"auto, (max-width: 512px) 100vw, 512px\" \/><\/a><p id=\"caption-attachment-311\" class=\"wp-caption-text\">Hepsi bir arada: ufak pompa, sele alt\u0131 \u00e7anta, levye ve matara kafesi!<\/p><\/div>\n<p><b>Sele alt\u0131 \u00e7anta<\/b> su ge\u00e7irmez olup i\u00e7 hacmi de 0.4 Lt. C\u0131rt c\u0131rtl\u0131 kuma\u015f sayesinde sele ve borusuna montaj\u0131 da gayet kolay, markan\u0131n yazd\u0131\u011f\u0131 k\u0131s\u0131m\u0131n \u0131\u015f\u0131k yans\u0131t\u0131c\u0131l\u0131 olmas\u0131 g\u00fcvenlik a\u00e7\u0131s\u0131ndan g\u00fczel d\u00fc\u015f\u00fcn\u00fclm\u00fc\u015f. \u015eu anda kulland\u0131\u011f\u0131m \u00e7anta i\u00e7inde iki adet 700x23c i\u00e7 lastik, yama ve anahtar tak\u0131m\u0131, paket i\u00e7inden \u00e7\u0131kan levyeler rahatl\u0131kla s\u0131\u011f\u0131yor. E\u011fer arazi bisikletimi kullanacaksam d\u00fczg\u00fcnce katlad\u0131\u011f\u0131m iki adet 29\u201d (50-622) i\u00e7 lastik ve levyeler de rahatl\u0131kla griyor i\u00e7ine. Tamam bunun i\u00e7in biraz u\u011fra\u015fman\u0131z gerekiyor ve de biraz sab\u0131r.<\/p>\n<div id=\"attachment_315\" style=\"width: 715px\" class=\"wp-caption alignnone\"><a href=\"https:\/\/i0.wp.com\/aynakol.org\/wp-content\/uploads\/2014\/11\/sele_alti_canta.jpg\"><img data-recalc-dims=\"1\" loading=\"lazy\" decoding=\"async\" aria-describedby=\"caption-attachment-315\" data-attachment-id=\"315\" data-permalink=\"http:\/\/aynakol.org\/?attachment_id=315\" data-orig-file=\"https:\/\/i0.wp.com\/aynakol.org\/wp-content\/uploads\/2014\/11\/sele_alti_canta.jpg?fit=1200%2C396\" data-orig-size=\"1200,396\" data-comments-opened=\"1\" data-image-meta=\"{&quot;aperture&quot;:&quot;0&quot;,&quot;credit&quot;:&quot;&quot;,&quot;camera&quot;:&quot;&quot;,&quot;caption&quot;:&quot;&quot;,&quot;created_timestamp&quot;:&quot;0&quot;,&quot;copyright&quot;:&quot;&quot;,&quot;focal_length&quot;:&quot;0&quot;,&quot;iso&quot;:&quot;0&quot;,&quot;shutter_speed&quot;:&quot;0&quot;,&quot;title&quot;:&quot;&quot;,&quot;orientation&quot;:&quot;0&quot;}\" data-image-title=\"sele_alti_canta\" data-image-description=\"\" data-image-caption=\"&lt;p&gt;sele alt\u0131 \u00e7antan\u0131n k\u00fc\u00e7\u00fck g\u00f6r\u00fcnd\u00fc\u011f\u00fcne bakmay\u0131n, i\u00e7 hacmi bisiklet i\u00e7in gerekli bak\u0131m ekipmanlar\u0131 i\u00e7in yeterli.&lt;\/p&gt;\n\" data-large-file=\"https:\/\/i0.wp.com\/aynakol.org\/wp-content\/uploads\/2014\/11\/sele_alti_canta.jpg?fit=860%2C283\" class=\"size-large wp-image-315\" src=\"https:\/\/i0.wp.com\/aynakol.org\/wp-content\/uploads\/2014\/11\/sele_alti_canta.jpg?resize=705%2C232\" alt=\"sele alt\u0131 \u00e7antan\u0131n k\u00fc\u00e7\u00fck g\u00f6r\u00fcnd\u00fc\u011f\u00fcne bakmay\u0131n, i\u00e7 hacmi bisiklet i\u00e7in gerekli bak\u0131m ekipmanlar\u0131 i\u00e7in yeterli.\" width=\"705\" height=\"232\" srcset=\"https:\/\/i0.wp.com\/aynakol.org\/wp-content\/uploads\/2014\/11\/sele_alti_canta.jpg?resize=1024%2C337 1024w, https:\/\/i0.wp.com\/aynakol.org\/wp-content\/uploads\/2014\/11\/sele_alti_canta.jpg?resize=300%2C99 300w, https:\/\/i0.wp.com\/aynakol.org\/wp-content\/uploads\/2014\/11\/sele_alti_canta.jpg?resize=705%2C232 705w, https:\/\/i0.wp.com\/aynakol.org\/wp-content\/uploads\/2014\/11\/sele_alti_canta.jpg?w=1200 1200w\" sizes=\"auto, (max-width: 705px) 100vw, 705px\" \/><\/a><p id=\"caption-attachment-315\" class=\"wp-caption-text\">sele alt\u0131 \u00e7antan\u0131n k\u00fc\u00e7\u00fck g\u00f6r\u00fcnd\u00fc\u011f\u00fcne bakmay\u0131n, i\u00e7 hacmi bisiklet i\u00e7in gerekli bak\u0131m ekipmanlar\u0131 i\u00e7in yeterli.<\/p><\/div>\n<p><b>Ufak pompa <\/b>gayet hafif ve ad\u0131 \u00fczerinde ufac\u0131k. 120 psi \/ 8 bar \u015fi\u015firme g\u00fcc\u00fcne sahip. \u00c7al\u0131\u015fma mesafesinin k\u0131sal\u0131\u011f\u0131 lasti\u011fin daha \u00e7abuk \u015fi\u015firilmesini sa\u011fl\u0131yor. Ayr\u0131ca kadroya sabitlenen tutucusundaki lastik de pompan\u0131n d\u00fc\u015fmesini engelliyor.<\/p>\n<div id=\"attachment_312\" style=\"width: 522px\" class=\"wp-caption alignnone\"><a href=\"https:\/\/i0.wp.com\/aynakol.org\/wp-content\/uploads\/2014\/11\/IMG_20141107_154431.jpg\"><img data-recalc-dims=\"1\" loading=\"lazy\" decoding=\"async\" aria-describedby=\"caption-attachment-312\" data-attachment-id=\"312\" data-permalink=\"http:\/\/aynakol.org\/?attachment_id=312\" data-orig-file=\"https:\/\/i0.wp.com\/aynakol.org\/wp-content\/uploads\/2014\/11\/IMG_20141107_154431.jpg?fit=1024%2C768\" data-orig-size=\"1024,768\" data-comments-opened=\"1\" data-image-meta=\"{&quot;aperture&quot;:&quot;2.4&quot;,&quot;credit&quot;:&quot;&quot;,&quot;camera&quot;:&quot;Nexus 5&quot;,&quot;caption&quot;:&quot;&quot;,&quot;created_timestamp&quot;:&quot;1415375071&quot;,&quot;copyright&quot;:&quot;&quot;,&quot;focal_length&quot;:&quot;3.97&quot;,&quot;iso&quot;:&quot;899&quot;,&quot;shutter_speed&quot;:&quot;0.02&quot;,&quot;title&quot;:&quot;&quot;,&quot;orientation&quot;:&quot;0&quot;}\" data-image-title=\"IMG_20141107_154431\" data-image-description=\"\" data-image-caption=\"\" data-large-file=\"https:\/\/i0.wp.com\/aynakol.org\/wp-content\/uploads\/2014\/11\/IMG_20141107_154431.jpg?fit=860%2C645\" class=\"wp-image-312\" src=\"https:\/\/i0.wp.com\/aynakol.org\/wp-content\/uploads\/2014\/11\/IMG_20141107_154431.jpg?resize=512%2C384\" alt=\"IMG_20141107_154431\" width=\"512\" height=\"384\" srcset=\"https:\/\/i0.wp.com\/aynakol.org\/wp-content\/uploads\/2014\/11\/IMG_20141107_154431.jpg?w=1024 1024w, https:\/\/i0.wp.com\/aynakol.org\/wp-content\/uploads\/2014\/11\/IMG_20141107_154431.jpg?resize=300%2C225 300w, https:\/\/i0.wp.com\/aynakol.org\/wp-content\/uploads\/2014\/11\/IMG_20141107_154431.jpg?resize=705%2C528 705w\" sizes=\"auto, (max-width: 512px) 100vw, 512px\" \/><\/a><p id=\"caption-attachment-312\" class=\"wp-caption-text\">ufak pompan\u0131n k\u0131sa \u00e7al\u0131\u015fma mesafesi daha verimli ve kolay hava basmaya imkan tan\u0131yor.<\/p><\/div>\n<p><b>Levye<\/b>, sadece i\u015fini yapmakla kalm\u0131yor, \u015fi\u015fe kapa\u011f\u0131 da a\u00e7abiliyor; bu g\u00fczel d\u00fc\u015f\u00fcn\u00fclm\u00fc\u015f bir ayr\u0131nt\u0131. Levye g\u00f6vdesindeki metal ve m\u0131knat\u0131slar bir arada ta\u015f\u0131nmas\u0131n\u0131 kolayla\u015ft\u0131r\u0131yor.<\/p>\n<div id=\"attachment_313\" style=\"width: 715px\" class=\"wp-caption alignnone\"><a href=\"https:\/\/i0.wp.com\/aynakol.org\/wp-content\/uploads\/2014\/11\/levye.jpg\"><img data-recalc-dims=\"1\" loading=\"lazy\" decoding=\"async\" aria-describedby=\"caption-attachment-313\" data-attachment-id=\"313\" data-permalink=\"http:\/\/aynakol.org\/?attachment_id=313\" data-orig-file=\"https:\/\/i0.wp.com\/aynakol.org\/wp-content\/uploads\/2014\/11\/levye.jpg?fit=1200%2C396\" data-orig-size=\"1200,396\" data-comments-opened=\"1\" data-image-meta=\"{&quot;aperture&quot;:&quot;0&quot;,&quot;credit&quot;:&quot;&quot;,&quot;camera&quot;:&quot;&quot;,&quot;caption&quot;:&quot;&quot;,&quot;created_timestamp&quot;:&quot;0&quot;,&quot;copyright&quot;:&quot;&quot;,&quot;focal_length&quot;:&quot;0&quot;,&quot;iso&quot;:&quot;0&quot;,&quot;shutter_speed&quot;:&quot;0&quot;,&quot;title&quot;:&quot;&quot;,&quot;orientation&quot;:&quot;0&quot;}\" data-image-title=\"levye\" data-image-description=\"\" data-image-caption=\"&lt;p&gt;levyelerle \u015fi\u015fe kapa\u011f\u0131 a\u00e7abilece\u011finizi biliyor musunuz?&lt;\/p&gt;\n\" data-large-file=\"https:\/\/i0.wp.com\/aynakol.org\/wp-content\/uploads\/2014\/11\/levye.jpg?fit=860%2C283\" class=\"size-large wp-image-313\" src=\"https:\/\/i0.wp.com\/aynakol.org\/wp-content\/uploads\/2014\/11\/levye.jpg?resize=705%2C232\" alt=\"levyelerle \u015fi\u015fe kapa\u011f\u0131 a\u00e7abilece\u011finizi biliyor musunuz?\" width=\"705\" height=\"232\" srcset=\"https:\/\/i0.wp.com\/aynakol.org\/wp-content\/uploads\/2014\/11\/levye.jpg?resize=1024%2C337 1024w, https:\/\/i0.wp.com\/aynakol.org\/wp-content\/uploads\/2014\/11\/levye.jpg?resize=300%2C99 300w, https:\/\/i0.wp.com\/aynakol.org\/wp-content\/uploads\/2014\/11\/levye.jpg?resize=705%2C232 705w, https:\/\/i0.wp.com\/aynakol.org\/wp-content\/uploads\/2014\/11\/levye.jpg?w=1200 1200w\" sizes=\"auto, (max-width: 705px) 100vw, 705px\" \/><\/a><p id=\"caption-attachment-313\" class=\"wp-caption-text\">levyelerle \u015fi\u015fe kapa\u011f\u0131 a\u00e7abilece\u011finizi biliyor musunuz?<\/p><\/div>\n<p><b>Matara kafesi<\/b> hafif ve sa\u011flam. Kadronun alt borusuna tak\u0131ld\u0131\u011f\u0131nda sa\u011fdan, sele borusu hizas\u0131na sabitlendi\u011finde ise soldan mataray\u0131 tak\u0131p \u00e7\u0131kartabiliyorsunuz.<\/p>\n<div id=\"attachment_314\" style=\"width: 715px\" class=\"wp-caption alignnone\"><a href=\"https:\/\/i0.wp.com\/aynakol.org\/wp-content\/uploads\/2014\/11\/matara.jpg\"><img data-recalc-dims=\"1\" loading=\"lazy\" decoding=\"async\" aria-describedby=\"caption-attachment-314\" data-attachment-id=\"314\" data-permalink=\"http:\/\/aynakol.org\/?attachment_id=314\" data-orig-file=\"https:\/\/i0.wp.com\/aynakol.org\/wp-content\/uploads\/2014\/11\/matara.jpg?fit=1200%2C600\" data-orig-size=\"1200,600\" data-comments-opened=\"1\" data-image-meta=\"{&quot;aperture&quot;:&quot;0&quot;,&quot;credit&quot;:&quot;&quot;,&quot;camera&quot;:&quot;&quot;,&quot;caption&quot;:&quot;&quot;,&quot;created_timestamp&quot;:&quot;0&quot;,&quot;copyright&quot;:&quot;&quot;,&quot;focal_length&quot;:&quot;0&quot;,&quot;iso&quot;:&quot;0&quot;,&quot;shutter_speed&quot;:&quot;0&quot;,&quot;title&quot;:&quot;&quot;,&quot;orientation&quot;:&quot;0&quot;}\" data-image-title=\"matara\" data-image-description=\"\" data-image-caption=\"&lt;p&gt;montaj y\u00f6n\u00fcne g\u00f6re matara kafeslerini sa\u011fdan ya da soldan kullanabilirsiniz.&lt;\/p&gt;\n\" data-large-file=\"https:\/\/i0.wp.com\/aynakol.org\/wp-content\/uploads\/2014\/11\/matara.jpg?fit=860%2C430\" class=\"size-large wp-image-314\" src=\"https:\/\/i0.wp.com\/aynakol.org\/wp-content\/uploads\/2014\/11\/matara.jpg?resize=705%2C352\" alt=\"montaj y\u00f6n\u00fcne g\u00f6re matara kafeslerini sa\u011fdan ya da soldan kullanabilirsiniz.\" width=\"705\" height=\"352\" srcset=\"https:\/\/i0.wp.com\/aynakol.org\/wp-content\/uploads\/2014\/11\/matara.jpg?resize=1024%2C512 1024w, https:\/\/i0.wp.com\/aynakol.org\/wp-content\/uploads\/2014\/11\/matara.jpg?resize=300%2C150 300w, https:\/\/i0.wp.com\/aynakol.org\/wp-content\/uploads\/2014\/11\/matara.jpg?resize=705%2C352 705w, https:\/\/i0.wp.com\/aynakol.org\/wp-content\/uploads\/2014\/11\/matara.jpg?w=1200 1200w\" sizes=\"auto, (max-width: 705px) 100vw, 705px\" \/><\/a><p id=\"caption-attachment-314\" class=\"wp-caption-text\">montaj y\u00f6n\u00fcne g\u00f6re matara kafeslerini sa\u011fdan ya da soldan kullanabilirsiniz.<\/p><\/div>\n<p><b>Art\u0131lar\u0131:<\/b><\/p>\n<p>Bisiklete yeni ba\u015flayanlar, leyvesini kaybeden ya da matara kafesini k\u0131ran, sele alt\u0131 \u00e7antas\u0131ndan memnun olmayanlar (su ge\u00e7irmesi ya da fazla b\u00fcy\u00fck olmas\u0131) i\u00e7in temel, ad\u0131 \u00fczerinde ba\u015flang\u0131\u00e7 paketi, ihtiya\u00e7lar\u0131n hepsi bir arada (all-in-one). Pakette yer alan \u00fcr\u00fcnleri ayr\u0131 ayr\u0131 almak istedi\u011finiz zaman neredeyse 80 euro \u00fczerine \u00e7\u0131k\u0131yor ki paket fiyat\u0131 bu kalitede gayet makul.<\/p>\n<p><b>Eksiklikler:<\/b><\/p>\n<p>Fazla profosyonel d\u00fc\u015f\u00fcn\u00fcnler i\u00e7in paket i\u00e7inde kendinden yap\u0131\u015fkanl\u0131 yama ve anahtar (Allen) seti ve CO2 hava kartu\u015flar\u0131 olabilirdi. Tabii bunlar\u0131n olmas\u0131 demek 50 USD \/ 50 EURO band\u0131nda olan fiyat\u0131n\u0131n da artmas\u0131 demek.<\/p>\n<p><b>Bilgi:<\/b><\/p>\n<p>\u00dcr\u00fcn\u00fc <a href=\"http:\/\/www.specialized.com\" target=\"_blank\">Specialized <\/a>bisiklet ve aksesuarlar\u0131n\u0131n T\u00fcrkiyedeki tek yetkili sat\u0131c\u0131s\u0131 <a href=\"http:\/\/www.aktifpedal.com\/index.php?route=product\/product&amp;keyword=starter&amp;model=1&amp;product_id=3652#.VF0bnPmsU_Y\" target=\"_blank\">Aktif Pedal ma\u011fazalar\u0131ndan 50 Euro<\/a> fiyata sat\u0131n alabilirsiniz. Ayr\u0131ca kad\u0131nlar i\u00e7in ayr\u0131ca pembe renkli (levyeler yine beyaz) bir modeli daha var.<\/p>\n<p>\u00dcr\u00fcn\u00fcn arazi, \u015fehir ve yol bisikletleri i\u00e7in farkl\u0131 renklerde ve farkl\u0131 t\u00fcr pompalar i\u00e7eren <a href=\"http:\/\/s7d5.scene7.com\/is\/image\/Specialized\/63490?$Hero$\" target=\"_blank\">modelleri <\/a>de var, ancak bunlar tabii ki \u00fclkemizde bulunmuyor. Specialized\u2019\u0131n \u00fcr\u00fcn sat\u0131\u015f politikas\u0131ndan \u00f6t\u00fcr\u00fc yurtd\u0131\u015f\u0131 merkezli internet \u00fczerinden sat\u0131\u015f yapan sitelerden de (<a href=\"http:\/\/www.bike24.de\/1.php?content=8;navigation=1;menu=1000,5,128,68;product=38287\" target=\"_blank\">Bike24.de<\/a>, ChainReactionCycles.com gibi) almak m\u00fcmk\u00fcn de\u011fil.<\/p>\n<p><b>\u00dcr\u00fcn de\u011ferlendirmesi: 4\/5<\/b><\/p>\n","protected":false},"excerpt":{"rendered":"<p>Bisikleti bisiklet yapan unsurlardan biri de destekleyici ve tamamlay\u0131c\u0131 yan \u00fcr\u00fcnler, aksesuarlard\u0131r. Tamir setleri Ta\u015f\u0131ma unsurlar\u0131 Yedek malzemeler Koruma ve g\u00fcvenlik Keyif ve konfor donan\u0131mlar\u0131 [&#8230;]<\/p>\n","protected":false},"author":1,"featured_media":0,"comment_status":"open","ping_status":"open","sticky":false,"template":"","format":"standard","meta":{"jetpack_post_was_ever_published":false,"_jetpack_newsletter_access":"","_jetpack_dont_email_post_to_subs":false,"_jetpack_newsletter_tier_id":0,"_jetpack_memberships_contains_paywalled_content":false,"_jetpack_memberships_contains_paid_content":false,"footnotes":"","jetpack_publicize_message":"","jetpack_publicize_feature_enabled":true,"jetpack_social_post_already_shared":true,"jetpack_social_options":{"image_generator_settings":{"template":"highway","default_image_id":0,"font":"","enabled":false},"version":2}},"categories":[252],"tags":[283,281,142,277,278,259,279,280,136,276,282],"class_list":["post-316","post","type-post","status-publish","format-standard","hentry","category-urun-incelemesi","tag-allen-key","tag-canta","tag-iamspecialized","tag-levye","tag-matara","tag-pompa","tag-sele","tag-sele-alti-canta","tag-specialized","tag-starter-kit","tag-tamir"],"jetpack_publicize_connections":[],"jetpack_featured_media_url":"","jetpack_sharing_enabled":true,"jetpack_shortlink":"https:\/\/wp.me\/p51p4O-56","jetpack_likes_enabled":true,"jetpack-related-posts":[{"id":279,"url":"http:\/\/aynakol.org\/?p=279","url_meta":{"origin":316,"position":0},"title":"\u00dcr\u00fcn \u0130ncelemesi: BONTRAGER Air Pack","author":"Ayd\u0131n Bez","date":"31 Ekim 2014","format":false,"excerpt":"Bisikletliler i\u00e7in lastik patlamas\u0131 can s\u0131k\u0131c\u0131 bir olayd\u0131r. Patla\u011f\u0131 bul, lasti\u011fi tamir et, yaman\u0131n tutmas\u0131n\u0131 bekle ya da de\u011fi\u015ftir... Hepsinin sonunda lasti\u011fi \u015fi\u015firmek gerekir ki, bazen elzemdir. \u00c7\u00fcnk\u00fc \u00e7o\u011fu kez el pompalar\u0131 lasti\u011fin \u015fi\u015firme de\u011ferine eri\u015femez ve fazla zorlama ya da \u0131s\u0131nmadan sibobun ucu k\u0131r\u0131labilir ya da lastik sibop k\u00f6k\u00fcnden\u2026","rel":"","context":"&quot;\u00dcr\u00fcn \u0130ncelemesi&quot; i\u00e7inde","block_context":{"text":"\u00dcr\u00fcn \u0130ncelemesi","link":"http:\/\/aynakol.org\/?cat=252"},"img":{"alt_text":"collage0","src":"https:\/\/i0.wp.com\/aynakol.org\/wp-content\/uploads\/2014\/10\/collage0-1024x512.jpg?resize=350%2C200","width":350,"height":200,"srcset":"https:\/\/i0.wp.com\/aynakol.org\/wp-content\/uploads\/2014\/10\/collage0-1024x512.jpg?resize=350%2C200 1x, https:\/\/i0.wp.com\/aynakol.org\/wp-content\/uploads\/2014\/10\/collage0-1024x512.jpg?resize=525%2C300 1.5x, https:\/\/i0.wp.com\/aynakol.org\/wp-content\/uploads\/2014\/10\/collage0-1024x512.jpg?resize=700%2C400 2x"},"classes":[]},{"id":1686,"url":"http:\/\/aynakol.org\/?p=1686","url_meta":{"origin":316,"position":1},"title":"G\u00fclsuyundan S\u00f6keye: Haz\u0131rl\u0131k G\u00fcn\u00fc","author":"Ayd\u0131n Bez","date":"18 A\u011fustos 2015","format":false,"excerpt":"Bug\u00fcn ilk g\u00fcn, dahas\u0131 haz\u0131rl\u0131k g\u00fcn\u00fc. G\u00fclsuyundan S\u00f6keye dek pedallayaca\u011f\u0131m. Bu Pardusun da ilk turu olacak. Sekiz g\u00fcn olarak planlad\u0131\u011f\u0131m turumun as\u0131l ba\u015flang\u0131c\u0131 Bal\u0131kesir Band\u0131rma liman\u0131. Yenikap\u0131dan feribota binip Band\u0131rmaya ge\u00e7ece\u011fim. Sonras\u0131 bildi\u011fimiz hikaye: pedal d\u00f6ner yol akar. \u00d6ncelikle yan\u0131ma neler ald\u0131m? \u00c7ad\u0131r, uyku tulumu, mat... K\u0131sacas\u0131 kamp y\u00fck\u00fc yok.\u2026","rel":"","context":"&quot;Surly G\u00fcnl\u00fc\u011f\u00fcm&quot; i\u00e7inde","block_context":{"text":"Surly G\u00fcnl\u00fc\u011f\u00fcm","link":"http:\/\/aynakol.org\/?cat=601"},"img":{"alt_text":"","src":"","width":0,"height":0},"classes":[]},{"id":1633,"url":"http:\/\/aynakol.org\/?p=1633","url_meta":{"origin":316,"position":2},"title":"Specialized Dealer Event G\u00fcncesi","author":"Ayd\u0131n Bez","date":"4 A\u011fustos 2015","format":false,"excerpt":"Specialized 2016 model bisiklet ve \u00fcr\u00fcnlerini (donan\u0131m, aksesuar, tekstil)\u00a0yenilikleri\u00a0\u00e7al\u0131\u015fanlar\u0131 ile payla\u015fmak i\u00e7in her y\u0131l oldu\u011fu gibi bu sene de bir Dealer Event \/ Bayiler Toplant\u0131s\u0131 (27-30 Temmuz 2015) yapt\u0131. Bu seneki adres ge\u00e7en sene oldu\u011fu gibi Avusturya Salzburg Leogang idi. Bir \u00e7al\u0131\u015fan olarak gittik g\u00f6rd\u00fck,\u00a0test the best\u00a0eylemimize uyarak kald\u0131\u011f\u0131m\u0131z 4\u2026","rel":"","context":"&quot;\u00dcr\u00fcn \u0130ncelemesi&quot; i\u00e7inde","block_context":{"text":"\u00dcr\u00fcn \u0130ncelemesi","link":"http:\/\/aynakol.org\/?cat=252"},"img":{"alt_text":"Dealer Event s\u00fcresince sadece bisiklet de\u011fil yeni tekstil \u00fcr\u00fcnleri, donan\u0131m ve aksesurlar da tan\u0131t\u0131l\u0131yordu.","src":"https:\/\/i0.wp.com\/aynakol.org\/wp-content\/uploads\/2015\/08\/20150727_SP_Dealer_Event_opening_gala-1024x513.jpg?resize=350%2C200","width":350,"height":200,"srcset":"https:\/\/i0.wp.com\/aynakol.org\/wp-content\/uploads\/2015\/08\/20150727_SP_Dealer_Event_opening_gala-1024x513.jpg?resize=350%2C200 1x, https:\/\/i0.wp.com\/aynakol.org\/wp-content\/uploads\/2015\/08\/20150727_SP_Dealer_Event_opening_gala-1024x513.jpg?resize=525%2C300 1.5x, https:\/\/i0.wp.com\/aynakol.org\/wp-content\/uploads\/2015\/08\/20150727_SP_Dealer_Event_opening_gala-1024x513.jpg?resize=700%2C400 2x"},"classes":[]},{"id":356,"url":"http:\/\/aynakol.org\/?p=356","url_meta":{"origin":316,"position":3},"title":"\u00dcr\u00fcn incelemesi: SKS-Germany Airkompressor 12.0","author":"Ayd\u0131n Bez","date":"18 Kas\u0131m 2014","format":false,"excerpt":"SKS-Germany\u00a0bisiklet par\u00e7a ve donan\u0131mlar\u0131, tamir ve bak\u0131m ara\u00e7-gere\u00e7leri \u00fcretimi yapan bir Alman firmas\u0131. T\u00fcrklerin s\u00fcregelen Alman hayranl\u0131\u011f\u0131ndan olsa gerek \u00fcr\u00fcnlerinin kalitesi su g\u00f6t\u00fcrmez bir ger\u00e7ek. Evdeki bisikletlerimin ve de arabam\u0131n lastiklerini \u015fi\u015firmek i\u00e7in\u00a0SKS-Germany Airkompressor 12.0 yer pompas\u0131n\u0131 kullan\u0131yorum. Bir di\u011fer kulland\u0131\u011f\u0131m pompa ise Specialized AirTool Steel, onun incelemesini de daha\u2026","rel":"","context":"&quot;\u00dcr\u00fcn \u0130ncelemesi&quot; i\u00e7inde","block_context":{"text":"\u00dcr\u00fcn \u0130ncelemesi","link":"http:\/\/aynakol.org\/?cat=252"},"img":{"alt_text":"","src":"https:\/\/i0.wp.com\/aynakol.org\/wp-content\/uploads\/2014\/11\/SKS_pompa_kadran.jpg?resize=350%2C200","width":350,"height":200,"srcset":"https:\/\/i0.wp.com\/aynakol.org\/wp-content\/uploads\/2014\/11\/SKS_pompa_kadran.jpg?resize=350%2C200 1x, https:\/\/i0.wp.com\/aynakol.org\/wp-content\/uploads\/2014\/11\/SKS_pompa_kadran.jpg?resize=525%2C300 1.5x, https:\/\/i0.wp.com\/aynakol.org\/wp-content\/uploads\/2014\/11\/SKS_pompa_kadran.jpg?resize=700%2C400 2x"},"classes":[]},{"id":556,"url":"http:\/\/aynakol.org\/?p=556","url_meta":{"origin":316,"position":4},"title":"Pro Bikes: Pro Team Tinkoff Saxo&#8217;nun tercihi Specialized S-Works Tarmac","author":"Ayd\u0131n Bez","date":"23 Ocak 2015","format":false,"excerpt":"2015 sezonunda pro pelotonda bir\u00e7ok tak\u0131m vites-fren-teker sistemleriyle tamamlay\u0131c\u0131 donan\u0131mlar\u0131nda ciddi de\u011fi\u015fikliklere gitti. Neredeyse donan\u0131mlar\u0131n\u0131 de\u011fi\u015ftirmeyen tak\u0131m kalmad\u0131 diyebiliriz. 2014 sezonunu say\u0131s\u0131z etap galibiyetleri ve \u0130spanya Bisiklet Turu \u015fampiyonlu\u011fu gibi ba\u015far\u0131larla kapat\u0131p \u00fczerine gelecek sezon ba\u015far\u0131lar\u0131n\u0131 per\u00e7inlemek i\u00e7in yerinde transferler yapan Uci World Tour\u2019un tek Rus tak\u0131m\u0131 Pro Team Tinkoff\u2026","rel":"","context":"&quot;Pro Bikes&quot; i\u00e7inde","block_context":{"text":"Pro Bikes","link":"http:\/\/aynakol.org\/?cat=443"},"img":{"alt_text":"","src":"https:\/\/i0.wp.com\/aynakol.org\/wp-content\/uploads\/2015\/01\/Tinkoff_Saxo_Specialized_Swork_Tarmac_2015.jpg?fit=1200%2C800&resize=350%2C200","width":350,"height":200,"srcset":"https:\/\/i0.wp.com\/aynakol.org\/wp-content\/uploads\/2015\/01\/Tinkoff_Saxo_Specialized_Swork_Tarmac_2015.jpg?fit=1200%2C800&resize=350%2C200 1x, https:\/\/i0.wp.com\/aynakol.org\/wp-content\/uploads\/2015\/01\/Tinkoff_Saxo_Specialized_Swork_Tarmac_2015.jpg?fit=1200%2C800&resize=525%2C300 1.5x, https:\/\/i0.wp.com\/aynakol.org\/wp-content\/uploads\/2015\/01\/Tinkoff_Saxo_Specialized_Swork_Tarmac_2015.jpg?fit=1200%2C800&resize=700%2C400 2x, https:\/\/i0.wp.com\/aynakol.org\/wp-content\/uploads\/2015\/01\/Tinkoff_Saxo_Specialized_Swork_Tarmac_2015.jpg?fit=1200%2C800&resize=1050%2C600 3x"},"classes":[]},{"id":4434,"url":"http:\/\/aynakol.org\/?p=4434","url_meta":{"origin":316,"position":5},"title":"Yol Bisikletleri i\u00e7in \u00c7amurluk Rehberi","author":"Ayd\u0131n Bez","date":"16 Aral\u0131k 2016","format":false,"excerpt":"K\u0131\u015f\u0131n bisiklete binmek tam bir \u00e7\u0131lg\u0131nl\u0131k diyenlere inat kuru kalmak i\u00e7in \u00fc\u00e7 yol var: Ba\u015ftan a\u015fa\u011f\u0131 GoreTex \u00f6zellikli k\u0131yafetlere sar\u0131n\u0131p bisikletin tepesine \u00e7\u0131kmak ya da uysun uymas\u0131n \u00e7amurluklar\u0131 tak\u0131p pedallamak. \u00dc\u00e7\u00fcnc\u00fcs\u00fc m\u00fc? D\u0131\u015far\u0131da binmek yerine trainer lobisine kulak vermek! \u00dcst\u00fcm ba\u015f\u0131m, k\u0131\u00e7\u0131m \u0131slan\u0131yor diyor, bunu engellemek istiyor, Ass Saver yetersiz\u2026","rel":"","context":"&quot;\u00dcr\u00fcn \u0130ncelemesi&quot; i\u00e7inde","block_context":{"text":"\u00dcr\u00fcn \u0130ncelemesi","link":"http:\/\/aynakol.org\/?cat=252"},"img":{"alt_text":"","src":"https:\/\/i0.wp.com\/aynakol.org\/wp-content\/uploads\/2016\/12\/IMG_20151231_100435.jpg?fit=1200%2C900&resize=350%2C200","width":350,"height":200,"srcset":"https:\/\/i0.wp.com\/aynakol.org\/wp-content\/uploads\/2016\/12\/IMG_20151231_100435.jpg?fit=1200%2C900&resize=350%2C200 1x, https:\/\/i0.wp.com\/aynakol.org\/wp-content\/uploads\/2016\/12\/IMG_20151231_100435.jpg?fit=1200%2C900&resize=525%2C300 1.5x, https:\/\/i0.wp.com\/aynakol.org\/wp-content\/uploads\/2016\/12\/IMG_20151231_100435.jpg?fit=1200%2C900&resize=700%2C400 2x, https:\/\/i0.wp.com\/aynakol.org\/wp-content\/uploads\/2016\/12\/IMG_20151231_100435.jpg?fit=1200%2C900&resize=1050%2C600 3x"},"classes":[]}],"_links":{"self":[{"href":"http:\/\/aynakol.org\/index.php?rest_route=\/wp\/v2\/posts\/316","targetHints":{"allow":["GET"]}}],"collection":[{"href":"http:\/\/aynakol.org\/index.php?rest_route=\/wp\/v2\/posts"}],"about":[{"href":"http:\/\/aynakol.org\/index.php?rest_route=\/wp\/v2\/types\/post"}],"author":[{"embeddable":true,"href":"http:\/\/aynakol.org\/index.php?rest_route=\/wp\/v2\/users\/1"}],"replies":[{"embeddable":true,"href":"http:\/\/aynakol.org\/index.php?rest_route=%2Fwp%2Fv2%2Fcomments&post=316"}],"version-history":[{"count":8,"href":"http:\/\/aynakol.org\/index.php?rest_route=\/wp\/v2\/posts\/316\/revisions"}],"predecessor-version":[{"id":324,"href":"http:\/\/aynakol.org\/index.php?rest_route=\/wp\/v2\/posts\/316\/revisions\/324"}],"wp:attachment":[{"href":"http:\/\/aynakol.org\/index.php?rest_route=%2Fwp%2Fv2%2Fmedia&parent=316"}],"wp:term":[{"taxonomy":"category","embeddable":true,"href":"http:\/\/aynakol.org\/index.php?rest_route=%2Fwp%2Fv2%2Fcategories&post=316"},{"taxonomy":"post_tag","embeddable":true,"href":"http:\/\/aynakol.org\/index.php?rest_route=%2Fwp%2Fv2%2Ftags&post=316"}],"curies":[{"name":"wp","href":"https:\/\/api.w.org\/{rel}","templated":true}]}}