{"id":3405,"date":"2016-05-19T10:00:18","date_gmt":"2016-05-19T07:00:18","guid":{"rendered":"http:\/\/aynakol.org\/?p=3405"},"modified":"2016-05-19T23:04:01","modified_gmt":"2016-05-19T20:04:01","slug":"giro2016-12-etap-noale-%e2%86%92-bibione-182-km","status":"publish","type":"post","link":"http:\/\/aynakol.org\/?p=3405","title":{"rendered":"Giro2016 12. Etap: Noale \u2192 Bibione, 182 km"},"content":{"rendered":"<p><span style=\"font-size: 12pt; font-family: georgia, palatino, serif;\"><strong>D\u00fcnk\u00fc etapta neler oldu?<\/strong><\/span><\/p>\n<p><span style=\"font-size: 12pt; font-family: georgia, palatino, serif;\">Ka\u011f\u0131t \u00fczerinde toplu sprint beklerken genel klasman favorilerinin \u00e7arp\u0131\u015fmas\u0131na sahne olan etapta kazanan isim Lampre-Merida tak\u0131m\u0131ndan Diego Ulissi olurken, Bob Jungels, Andrey Amador&#8217;un kendisini silkelemeye \u00e7al\u0131\u015fan ataklar\u0131na kar\u015f\u0131 koyarak g\u00fc\u00e7 ve kararl\u0131l\u0131\u011f\u0131n\u0131 g\u00f6stererek pembe mayoyu korudu.<\/span><\/p>\n<p><span style=\"font-size: 12pt; font-family: georgia, palatino, serif;\"><strong>Etap hakk\u0131nda<\/strong><\/span><\/p>\n<p><span style=\"font-size: 12pt; font-family: georgia, palatino, serif;\">Hollandadan \u0130talyan\u0131n g\u00fcneyine uzanan yolculu\u011fumuz geride kalan 11 etap boyunca kuzeye do\u011fru y\u00f6nelmi\u015fti. \u015eimdi ise Adriyatik k\u0131y\u0131lar\u0131na do\u011fru uzan\u0131yoruz. 182 km uzunlu\u011fundaki etap k\u0131y\u0131da yer alan Bibione kentinde sona erecek.<\/span><\/p>\n<p><span style=\"font-family: georgia, palatino, serif;\"><span style=\"font-size: 16px;\">\u00a0<\/span><\/span><\/p>\n<div id=\"attachment_3124\" style=\"width: 870px\" class=\"wp-caption aligncenter\"><a href=\"https:\/\/i0.wp.com\/aynakol.org\/wp-content\/uploads\/2016\/05\/Giro2016_stage12_map.jpg\"><img data-recalc-dims=\"1\" loading=\"lazy\" decoding=\"async\" aria-describedby=\"caption-attachment-3124\" data-attachment-id=\"3124\" data-permalink=\"http:\/\/aynakol.org\/?attachment_id=3124\" data-orig-file=\"https:\/\/i0.wp.com\/aynakol.org\/wp-content\/uploads\/2016\/05\/Giro2016_stage12_map.jpg?fit=2723%2C2723\" data-orig-size=\"2723,2723\" data-comments-opened=\"1\" data-image-meta=\"{&quot;aperture&quot;:&quot;0&quot;,&quot;credit&quot;:&quot;&quot;,&quot;camera&quot;:&quot;&quot;,&quot;caption&quot;:&quot;&quot;,&quot;created_timestamp&quot;:&quot;0&quot;,&quot;copyright&quot;:&quot;&quot;,&quot;focal_length&quot;:&quot;0&quot;,&quot;iso&quot;:&quot;0&quot;,&quot;shutter_speed&quot;:&quot;0&quot;,&quot;title&quot;:&quot;T13_Jesolo_plan&quot;,&quot;orientation&quot;:&quot;1&quot;}\" data-image-title=\"T13_Jesolo_plan\" data-image-description=\"\" data-image-caption=\"\" data-large-file=\"https:\/\/i0.wp.com\/aynakol.org\/wp-content\/uploads\/2016\/05\/Giro2016_stage12_map.jpg?fit=860%2C860\" class=\"wp-image-3124 size-large\" src=\"https:\/\/i0.wp.com\/aynakol.org\/wp-content\/uploads\/2016\/05\/Giro2016_stage12_map.jpg?resize=860%2C860\" alt=\"T13_Jesolo_plan\" width=\"860\" height=\"860\" srcset=\"https:\/\/i0.wp.com\/aynakol.org\/wp-content\/uploads\/2016\/05\/Giro2016_stage12_map.jpg?resize=1024%2C1024 1024w, https:\/\/i0.wp.com\/aynakol.org\/wp-content\/uploads\/2016\/05\/Giro2016_stage12_map.jpg?resize=150%2C150 150w, https:\/\/i0.wp.com\/aynakol.org\/wp-content\/uploads\/2016\/05\/Giro2016_stage12_map.jpg?resize=300%2C300 300w, https:\/\/i0.wp.com\/aynakol.org\/wp-content\/uploads\/2016\/05\/Giro2016_stage12_map.jpg?resize=768%2C768 768w, https:\/\/i0.wp.com\/aynakol.org\/wp-content\/uploads\/2016\/05\/Giro2016_stage12_map.jpg?w=1720 1720w, https:\/\/i0.wp.com\/aynakol.org\/wp-content\/uploads\/2016\/05\/Giro2016_stage12_map.jpg?w=2580 2580w\" sizes=\"auto, (max-width: 860px) 100vw, 860px\" \/><\/a><p id=\"caption-attachment-3124\" class=\"wp-caption-text\">12.Etap Venedi\u011fe \u015f\u00f6yle bir selam edip Adriyatik k\u0131y\u0131lar\u0131na do\u011fru uzan\u0131yor.<\/p><\/div>\n<p>&nbsp;<\/p>\n<p><span style=\"font-size: 12pt; font-family: georgia, palatino, serif;\">Kar\u015f\u0131m\u0131zda yine d\u00fcz bir etap var. D\u00fcn a\u015f\u0131r\u0131 efor sarf eden genel klasman favorilerinin gerilere ge\u00e7ip yataca\u011f\u0131 bir etap izleyecek gibiyiz, bir de toplu sprint m\u00fccadelesi. \u00a0\u015eimdi yine b\u00f6yle dedik, aksi \u00e7\u0131kmas\u0131n!\u00a0<\/span><\/p>\n<div id=\"attachment_3094\" style=\"width: 885px\" class=\"wp-caption aligncenter\"><a href=\"https:\/\/i0.wp.com\/aynakol.org\/wp-content\/uploads\/2016\/05\/Giro2016_stage12_profile.jpg\"><img data-recalc-dims=\"1\" loading=\"lazy\" decoding=\"async\" aria-describedby=\"caption-attachment-3094\" data-attachment-id=\"3094\" data-permalink=\"http:\/\/aynakol.org\/?attachment_id=3094\" data-orig-file=\"https:\/\/i0.wp.com\/aynakol.org\/wp-content\/uploads\/2016\/05\/Giro2016_stage12_profile.jpg?fit=875%2C539\" data-orig-size=\"875,539\" data-comments-opened=\"1\" data-image-meta=\"{&quot;aperture&quot;:&quot;0&quot;,&quot;credit&quot;:&quot;&quot;,&quot;camera&quot;:&quot;&quot;,&quot;caption&quot;:&quot;&quot;,&quot;created_timestamp&quot;:&quot;1459720069&quot;,&quot;copyright&quot;:&quot;&quot;,&quot;focal_length&quot;:&quot;0&quot;,&quot;iso&quot;:&quot;0&quot;,&quot;shutter_speed&quot;:&quot;0&quot;,&quot;title&quot;:&quot;T15_MadonnaDC_2_alt&quot;,&quot;orientation&quot;:&quot;1&quot;}\" data-image-title=\"T15_MadonnaDC_2_alt\" data-image-description=\"\" data-image-caption=\"\" data-large-file=\"https:\/\/i0.wp.com\/aynakol.org\/wp-content\/uploads\/2016\/05\/Giro2016_stage12_profile.jpg?fit=860%2C530\" class=\"wp-image-3094 size-full\" src=\"https:\/\/i0.wp.com\/aynakol.org\/wp-content\/uploads\/2016\/05\/Giro2016_stage12_profile.jpg?resize=860%2C530\" alt=\"T15_MadonnaDC_2_alt\" width=\"860\" height=\"530\" srcset=\"https:\/\/i0.wp.com\/aynakol.org\/wp-content\/uploads\/2016\/05\/Giro2016_stage12_profile.jpg?w=875 875w, https:\/\/i0.wp.com\/aynakol.org\/wp-content\/uploads\/2016\/05\/Giro2016_stage12_profile.jpg?resize=300%2C185 300w, https:\/\/i0.wp.com\/aynakol.org\/wp-content\/uploads\/2016\/05\/Giro2016_stage12_profile.jpg?resize=768%2C473 768w\" sizes=\"auto, (max-width: 860px) 100vw, 860px\" \/><\/a><p id=\"caption-attachment-3094\" class=\"wp-caption-text\">Da\u011fl\u0131k etaplardan \u00f6nce gezelim g\u00f6relim tad\u0131nda bir etap profili var kar\u015f\u0131m\u0131zda.<\/p><\/div>\n<p>&nbsp;<\/p>\n<p><span style=\"font-size: 12pt; font-family: georgia, palatino, serif;\">Noale \u2192 Bibione aras\u0131nda pedallanacak 12. etap 182 km uzunlu\u011funda ve \u00fczerinde hi\u00e7bir \u00e7\u0131k\u0131nt\u0131 yok. Tek zorluk Bibione kenti i\u00e7inde at\u0131lacak 8 km&#8217;lik iki tur, ki trafik d\u00fczenlemeleri toplu sprintin h\u0131z\u0131n\u0131 kesebilir o kadar.\u00a0<\/span><\/p>\n<p><span style=\"font-size: 12pt; font-family: georgia, palatino, serif;\"><strong>Daha fazlas\u0131 i\u00e7in:<\/strong><\/span><\/p>\n<ul>\n<li><span style=\"font-size: 12pt; font-family: georgia, palatino, serif;\">12. Etapta <a href=\"http:\/\/aynakol.org\/?p=3394\" target=\"_blank\">neler oldu?<\/a><\/span><\/li>\n<li><span style=\"font-size: 12pt; font-family: georgia, palatino, serif;\">Giro d\u2019Italia resmi sitesinden her y\u00f6n\u00fcyle <a href=\"http:\/\/www.giroditalia.it\/eng\/stage\/tappa-12\/\" target=\"_blank\">12. Etap bilgilendirmesi<\/a><\/span><\/li>\n<li><span style=\"font-size: 12pt; font-family: georgia, palatino, serif;\">Sarper G\u00fcnsal abimiz Spor Locas\u0131ndan bildiriyor:<\/span>\n<ul>\n<li><span style=\"font-size: 12pt; font-family: georgia, palatino, serif;\"><a href=\"http:\/\/sporlocasi.blogspot.com.tr\/2016\/05\/giro-2016-parkur-ozeti.html\" target=\"_blank\">Giro 2016 Parkur \u00d6zeti<\/a>\u00a0<\/span><\/li>\n<li><span style=\"font-size: 12pt; font-family: georgia, palatino, serif;\"><a href=\"http:\/\/sporlocasi.blogspot.com.tr\/2016\/05\/giro-ve-suphelileri.html\" target=\"_blank\">Giro ve \u015e\u00fcphelileri<\/a><\/span><\/li>\n<li><span style=\"font-size: 12pt; font-family: georgia, palatino, serif;\"><a href=\"http:\/\/sporlocasi.blogspot.com.tr\/2016\/05\/giro-2016-1dinlenme-gunu-raporu.html\" target=\"_blank\">1. Dinlenme g\u00fcn\u00fc raporu<\/a><\/span><\/li>\n<li><span style=\"font-size: 12pt; font-family: georgia, palatino, serif;\"><a href=\"http:\/\/sporlocasi.blogspot.com.tr\/2016\/05\/giro-2016-2dinlenme-gunu-raporu.html\" target=\"_blank\">2. Dinlenme g\u00fcn\u00fc raporu<\/a><\/span><\/li>\n<\/ul>\n<\/li>\n<li><span style=\"font-size: 12pt; font-family: georgia, palatino, serif;\">Bisikletta.com yazd\u0131: <\/span>\n<ul>\n<li><span style=\"font-size: 12pt; font-family: georgia, palatino, serif;\"><a href=\"https:\/\/bisikletta.com\/2016\/05\/05\/giro-ditalia-2016ya-on-bakis\/\" target=\"_blank\">Giro d\u2019Italia 2016\u2019ya \u00d6n Bak\u0131\u015f<\/a><\/span>\n<ul>\n<li><span style=\"font-size: 12pt; font-family: georgia, palatino, serif;\"><a href=\"https:\/\/bisikletta.com\/2016\/05\/09\/giro-ditalia-2016-dinlenme-gunu-notlari-i\/\" target=\"_blank\">1.Dinlenme g\u00fcn\u00fc raporu<\/a><\/span><\/li>\n<\/ul>\n<\/li>\n<li><span style=\"font-size: 12pt; font-family: georgia, palatino, serif;\"><a href=\"https:\/\/bisikletta.com\/2016\/05\/16\/giro-ditalia-2016-dinlenme-gunu-notlari-ii\/\" target=\"_blank\">2. Dinlenme g\u00fcn\u00fc raporu<\/a><\/span><\/li>\n<\/ul>\n<\/li>\n<li><span style=\"font-size: 12pt; font-family: georgia, palatino, serif;\">Giro2016 12. Etap hakk\u0131nda her \u015fey: <a href=\"http:\/\/www.steephill.tv\/giro-d-italia\/#12-preview-2016\" target=\"_blank\">SteepHill.TV<\/a>\u00a0<\/span><\/li>\n<li><span style=\"font-size: 12pt; font-family: georgia, palatino, serif;\">Giro2016 12. Etap s\u0131ral\u0131 tam liste: <a href=\"http:\/\/www.procyclingstats.com\/race.php?id=163682\" target=\"_blank\">ProCyclingStats.com<\/a>\u00a0<\/span><\/li>\n<li><span style=\"font-size: 12pt; font-family: georgia, palatino, serif;\">Cycling Weekly: <a href=\"http:\/\/www.cyclingweekly.co.uk\/news\/racing\/giro-ditalia\/giro-ditalia-2016-stage-12-preview-222539\" target=\"_blank\">Stage 12 preview<\/a><\/span><\/li>\n<\/ul>\n<p><!--nextpage--><\/p>\n<p><span style=\"font-size: 18pt;\"><strong><span style=\"font-family: georgia, palatino, serif;\">Etap sonras\u0131<\/span><\/strong><\/span><\/p>\n<div id=\"attachment_3410\" style=\"width: 1010px\" class=\"wp-caption aligncenter\"><a href=\"https:\/\/i0.wp.com\/aynakol.org\/wp-content\/uploads\/2016\/05\/Giro2016_stage12_winner_Andre_Greipel.jpg\"><img data-recalc-dims=\"1\" loading=\"lazy\" decoding=\"async\" aria-describedby=\"caption-attachment-3410\" data-attachment-id=\"3410\" data-permalink=\"http:\/\/aynakol.org\/?attachment_id=3410\" data-orig-file=\"https:\/\/i0.wp.com\/aynakol.org\/wp-content\/uploads\/2016\/05\/Giro2016_stage12_winner_Andre_Greipel.jpg?fit=1000%2C666\" data-orig-size=\"1000,666\" data-comments-opened=\"1\" data-image-meta=\"{&quot;aperture&quot;:&quot;4&quot;,&quot;credit&quot;:&quot;TDW&quot;,&quot;camera&quot;:&quot;NIKON D4S&quot;,&quot;caption&quot;:&quot;Greipel held off Caleb Ewan to claim his third win of the 2016 Giro and the 20th Grand tour win of his career. Photo: Tim De Waele | &lt;a href=\\&quot;http:\/\/www.tdwsport.com\\&quot; target=\\&quot;_blank\\&quot;&gt;TDWsport.com&lt;\/a&gt;&quot;,&quot;created_timestamp&quot;:&quot;1463678686&quot;,&quot;copyright&quot;:&quot;2016 Tim de Waele&quot;,&quot;focal_length&quot;:&quot;400&quot;,&quot;iso&quot;:&quot;320&quot;,&quot;shutter_speed&quot;:&quot;0.0004&quot;,&quot;title&quot;:&quot;2016 Giro d&#039;Italia, stage 12: Greipel wins&quot;,&quot;orientation&quot;:&quot;1&quot;}\" data-image-title=\"2016 Giro d&amp;#8217;Italia, stage 12: Greipel wins\" data-image-description=\"\" data-image-caption=\"&lt;p&gt;Greipel held off Caleb Ewan to claim his third win of the 2016 Giro and the 20th Grand tour win of his career. Photo: Tim De Waele | &lt;a href=&quot;http:\/\/www.tdwsport.com&quot; target=&quot;_blank&quot;&gt;TDWsport.com&lt;\/a&gt;&lt;\/p&gt;\n\" data-large-file=\"https:\/\/i0.wp.com\/aynakol.org\/wp-content\/uploads\/2016\/05\/Giro2016_stage12_winner_Andre_Greipel.jpg?fit=860%2C573\" class=\"wp-image-3410 size-full\" src=\"https:\/\/i0.wp.com\/aynakol.org\/wp-content\/uploads\/2016\/05\/Giro2016_stage12_winner_Andre_Greipel.jpg?resize=860%2C573\" alt=\"Greipel held off Caleb Ewan to claim his third win of the 2016 Giro and the 20th Grand tour win of his career. Photo: Tim De Waele | TDWsport.com\" width=\"860\" height=\"573\" srcset=\"https:\/\/i0.wp.com\/aynakol.org\/wp-content\/uploads\/2016\/05\/Giro2016_stage12_winner_Andre_Greipel.jpg?w=1000 1000w, https:\/\/i0.wp.com\/aynakol.org\/wp-content\/uploads\/2016\/05\/Giro2016_stage12_winner_Andre_Greipel.jpg?resize=300%2C200 300w, https:\/\/i0.wp.com\/aynakol.org\/wp-content\/uploads\/2016\/05\/Giro2016_stage12_winner_Andre_Greipel.jpg?resize=768%2C511 768w\" sizes=\"auto, (max-width: 860px) 100vw, 860px\" \/><\/a><p id=\"caption-attachment-3410\" class=\"wp-caption-text\">B\u00f6ylelikle Greipel, Giro 2016&#8217;daki \u00fc\u00e7\u00fcnc\u00fc zaferine ula\u015ft\u0131; toplamdaki Grand Tour zafer say\u0131s\u0131 ise 20!<\/p><\/div>\n<p><span style=\"font-size: 12pt; font-family: georgia, palatino, serif;\">Kazanan tabii ki Greipel! Lotto-Soudal tak\u0131m\u0131n\u0131n ultimo kilometro, yani son 1 km&#8217;de saz\u0131 eline al\u0131p kimseye aman vermedi\u011fi etab\u0131n sonunda Andre Greipel etap zaferine kolayca uzand\u0131! Tak\u0131m arkada\u015flar\u0131 ka\u00e7aklar\u0131 yakalamak olsun, son sprintte di\u011fer tak\u0131mlar\u0131n trenlerini bozmak olsun \u00e7ok iyi \u00e7al\u0131\u015ft\u0131, Greipel&#8217;e de etab\u0131 kazanmak kald\u0131!<\/span><\/p>\n<pre><b>12. Etap sonu\u00e7lar\u0131\r\n<\/b>GER  1  GREIPEL, Andr\u00e9 (LOTTO SOUDAL)         4:16:00\r\nAUS  2  EWAN, Caleb (ORICA GreenEDGE)         \r\nITA  3  NIZZOLO, Giacomo (TREK - SEGAFREDO)   \r\nITA  4  MODOLO, Sacha (LAMPRE - MERIDA)       \r\nRUS  5  PORSEV, Alexander (KATUSHA)           \r\nNED  6  HOFLAND, Moreno (LOTTO NL - JUMBO)    \r\nRUS  7  SAVITSKIY, Ivan (GAZPROM-RUSVELO)     \r\nAUS  8  HAUSSLER, Heinrich (IAM CYCLING)      \r\nGER  9  ZABEL, Rick (BMC RACING)              \r\nITA  10 COLBRELLI, Sonny (BARDIANI CSF)       \r\n<\/pre>\n<p>&nbsp;<\/p>\n<div id=\"attachment_3408\" style=\"width: 1010px\" class=\"wp-caption aligncenter\"><a href=\"https:\/\/i0.wp.com\/aynakol.org\/wp-content\/uploads\/2016\/05\/Giro2016_stage12peloton.jpg\"><img data-recalc-dims=\"1\" loading=\"lazy\" decoding=\"async\" aria-describedby=\"caption-attachment-3408\" data-attachment-id=\"3408\" data-permalink=\"http:\/\/aynakol.org\/?attachment_id=3408\" data-orig-file=\"https:\/\/i0.wp.com\/aynakol.org\/wp-content\/uploads\/2016\/05\/Giro2016_stage12peloton.jpg?fit=1000%2C667\" data-orig-size=\"1000,667\" data-comments-opened=\"1\" data-image-meta=\"{&quot;aperture&quot;:&quot;4.5&quot;,&quot;credit&quot;:&quot;TDW&quot;,&quot;camera&quot;:&quot;NIKON D4S&quot;,&quot;caption&quot;:&quot;The peloton dealt with some pretty nasty conditions on the wet raods. Photo: Tim De Waele | &lt;a href=\\&quot;http:\/\/www.tdwsport.com\\&quot; target=\\&quot;_blank\\&quot;&gt;TDWsport.com&lt;\/a&gt;&quot;,&quot;created_timestamp&quot;:&quot;1463619707&quot;,&quot;copyright&quot;:&quot;2016 Tim de Waele&quot;,&quot;focal_length&quot;:&quot;200&quot;,&quot;iso&quot;:&quot;640&quot;,&quot;shutter_speed&quot;:&quot;0.0008&quot;,&quot;title&quot;:&quot;2016 Giro d&#039;Italia, stage 12: Road spray&quot;,&quot;orientation&quot;:&quot;1&quot;}\" data-image-title=\"2016 Giro d&amp;#8217;Italia, stage 12: Road spray\" data-image-description=\"\" data-image-caption=\"&lt;p&gt;The peloton dealt with some pretty nasty conditions on the wet raods. Photo: Tim De Waele | &lt;a href=&quot;http:\/\/www.tdwsport.com&quot; target=&quot;_blank&quot;&gt;TDWsport.com&lt;\/a&gt;&lt;\/p&gt;\n\" data-large-file=\"https:\/\/i0.wp.com\/aynakol.org\/wp-content\/uploads\/2016\/05\/Giro2016_stage12peloton.jpg?fit=860%2C574\" class=\"wp-image-3408 size-full\" src=\"https:\/\/i0.wp.com\/aynakol.org\/wp-content\/uploads\/2016\/05\/Giro2016_stage12peloton.jpg?resize=860%2C574\" alt=\"The peloton dealt with some pretty nasty conditions on the wet raods. Photo: Tim De Waele | TDWsport.com\" width=\"860\" height=\"574\" srcset=\"https:\/\/i0.wp.com\/aynakol.org\/wp-content\/uploads\/2016\/05\/Giro2016_stage12peloton.jpg?w=1000 1000w, https:\/\/i0.wp.com\/aynakol.org\/wp-content\/uploads\/2016\/05\/Giro2016_stage12peloton.jpg?resize=300%2C200 300w, https:\/\/i0.wp.com\/aynakol.org\/wp-content\/uploads\/2016\/05\/Giro2016_stage12peloton.jpg?resize=768%2C512 768w\" sizes=\"auto, (max-width: 860px) 100vw, 860px\" \/><\/a><p id=\"caption-attachment-3408\" class=\"wp-caption-text\">Pembe mayoyu 12. etaba dek \u00fc\u00e7 farkl\u0131 isimle ta\u015f\u0131ma gururuna eri\u015fen Etixx-QuickStep tak\u0131m\u0131 Bob Jungels&#8217;i korurken&#8230;<\/p><\/div>\n<p><span style=\"font-size: 12pt; font-family: georgia, palatino, serif;\">Yo\u011fun ya\u011f\u0131\u015f alt\u0131nda pedallanan etapta Dainel Oss ve Micro Maestri&#8217;den olu\u015fan iki ki\u015filik ka\u00e7\u0131\u015f grubu etab\u0131n bitmesine 22 km kala pelotona yakaland\u0131. Genel klasman favorilerinin her hangi bir zaman kayb\u0131 ya\u015famad\u0131\u011f\u0131 etab\u0131n ba\u015fka bir numaras\u0131 olmad\u0131. K\u0131sacas\u0131 yar\u0131nki da\u011fl\u0131k etap sonras\u0131 peloton baya\u011f\u0131 bir dinlendi.<\/span><\/p>\n<div id=\"attachment_3411\" style=\"width: 1010px\" class=\"wp-caption aligncenter\"><a href=\"https:\/\/i0.wp.com\/aynakol.org\/wp-content\/uploads\/2016\/05\/Giro2016_stage12_Daniel_Oss_lead_the_brake.jpg\"><img data-recalc-dims=\"1\" loading=\"lazy\" decoding=\"async\" aria-describedby=\"caption-attachment-3411\" data-attachment-id=\"3411\" data-permalink=\"http:\/\/aynakol.org\/?attachment_id=3411\" data-orig-file=\"https:\/\/i0.wp.com\/aynakol.org\/wp-content\/uploads\/2016\/05\/Giro2016_stage12_Daniel_Oss_lead_the_brake.jpg?fit=1000%2C666\" data-orig-size=\"1000,666\" data-comments-opened=\"1\" data-image-meta=\"{&quot;aperture&quot;:&quot;6.3&quot;,&quot;credit&quot;:&quot;TDW&quot;,&quot;camera&quot;:&quot;NIKON D4S&quot;,&quot;caption&quot;:&quot;Daniel Oss and Micro Maestri were in the break on stage 12 which started out in rainy conditions. Photo: Tim De Waele | &lt;a href=\\&quot;http:\/\/www.tdwsport.com\\&quot; target=\\&quot;_blank\\&quot;&gt;TDWsport.com&lt;\/a&gt;&quot;,&quot;created_timestamp&quot;:&quot;1388538025&quot;,&quot;copyright&quot;:&quot;2016 Tim de Waele&quot;,&quot;focal_length&quot;:&quot;180&quot;,&quot;iso&quot;:&quot;640&quot;,&quot;shutter_speed&quot;:&quot;0.0015625&quot;,&quot;title&quot;:&quot;2016 Giro d&#039;Italia, stage 12: Oss leads break&quot;,&quot;orientation&quot;:&quot;1&quot;}\" data-image-title=\"2016 Giro d&amp;#8217;Italia, stage 12: Oss leads break\" data-image-description=\"\" data-image-caption=\"&lt;p&gt;Daniel Oss ve Micro Maestri 160 km boyunca ya\u011fan ya\u011fmura kar\u015f\u0131 ka\u00e7\u0131\u015f m\u00fccadelesini s\u00fcrd\u00fcrseler de yakalanmaktan kurtulamad\u0131lar.&lt;\/p&gt;\n\" data-large-file=\"https:\/\/i0.wp.com\/aynakol.org\/wp-content\/uploads\/2016\/05\/Giro2016_stage12_Daniel_Oss_lead_the_brake.jpg?fit=860%2C573\" class=\"size-full wp-image-3411\" src=\"https:\/\/i0.wp.com\/aynakol.org\/wp-content\/uploads\/2016\/05\/Giro2016_stage12_Daniel_Oss_lead_the_brake.jpg?resize=860%2C573\" alt=\"Daniel Oss ve Micro Maestri 160 km boyunca ya\u011fan ya\u011fmura kar\u015f\u0131 ka\u00e7\u0131\u015f m\u00fccadelesini s\u00fcrd\u00fcrseler de yakalanmaktan kurtulamad\u0131lar.\" width=\"860\" height=\"573\" srcset=\"https:\/\/i0.wp.com\/aynakol.org\/wp-content\/uploads\/2016\/05\/Giro2016_stage12_Daniel_Oss_lead_the_brake.jpg?w=1000 1000w, https:\/\/i0.wp.com\/aynakol.org\/wp-content\/uploads\/2016\/05\/Giro2016_stage12_Daniel_Oss_lead_the_brake.jpg?resize=300%2C200 300w, https:\/\/i0.wp.com\/aynakol.org\/wp-content\/uploads\/2016\/05\/Giro2016_stage12_Daniel_Oss_lead_the_brake.jpg?resize=768%2C511 768w\" sizes=\"auto, (max-width: 860px) 100vw, 860px\" \/><\/a><p id=\"caption-attachment-3411\" class=\"wp-caption-text\">Daniel Oss ve Micro Maestri 160 km boyunca ya\u011fan ya\u011fmura kar\u015f\u0131 ka\u00e7\u0131\u015f m\u00fccadelesini s\u00fcrd\u00fcrseler de yakalanmaktan kurtulamad\u0131lar.<\/p><\/div>\n<p><span style=\"font-size: 12pt; font-family: georgia, palatino, serif;\">Genel klasmanda her hangi bir de\u011fi\u015fiklik yok; Bob Jungels yar\u0131n ki da\u011fl\u0131k etapta mayosunu korumaya \u00e7al\u0131\u015facak. <\/span><\/p>\n<pre><b>12. Etap sonras\u0131 genel klasman<\/b>\r\nLUX  1  JUNGELS, Bob (ETIXX - QUICK STEP)               49:32:20\r\nCRC  2  AMADOR BIKKAZAKOVA, Andrey (MOVISTAR)             +   24\r\nESP  3  VALVERDE BELMONTE, Alejandro (MOVISTAR)           + 1:07\r\nNED  4  KRUIJSWIJK, Steven (LOTTO NL - JUMBO)           \r\nITA  5  NIBALI, Vincenzo (ASTANA)                         + 1:09\r\nPOL  6  MAJKA, Rafal (TINKOFF)                            + 2:01\r\nRUS  7  ZAKARIN, Ilnur (KATUSHA)                          + 2:25\r\nCOL  8  CHAVES RUBIO, Johan Esteban (ORICA GreenEDGE)     + 2:43\r\nITA  9  BRAMBILLA, Gianluca (ETIXX - QUICK STEP)          + 2:45\r\nITA  10 ULISSI, Diego (LAMPRE - MERIDA)                   + 2:47<\/pre>\n<p>&nbsp;<\/p>\n<p><span style=\"font-size: 12pt; font-family: georgia, palatino, serif;\"><strong>Daha fazlas\u0131 i\u00e7in<\/strong><\/span><\/p>\n<ul style=\"list-style-type: circle;\">\n<li><span style=\"font-size: 12pt; font-family: georgia, palatino, serif;\">Ek\u015fi S\u00f6zl\u00fck yazar\u0131 Zeddicus zu l Zorander yazd\u0131: <a href=\"https:\/\/eksisozluk.com\/entry\/60621654\" target=\"_blank\">12. Etapta ne oldu ne ya\u015fand\u0131?<\/a>\u00a0<\/span><\/li>\n<li><span style=\"font-size: 12pt; font-family: georgia, palatino, serif;\">S\u0131ral\u0131 tam liste: <a href=\"http:\/\/www.procyclingstats.com\/race\/Giro_Italia_2016_Stage_12_Bibione\" target=\"_blank\">ProCyclingStats.com<\/a><\/span><\/li>\n<li><span style=\"font-size: 12pt; font-family: georgia, palatino, serif;\">Etap sonras\u0131 her \u015fey: <a href=\"http:\/\/www.steephill.tv\/giro-d-italia\/#12-results-2016\" target=\"_blank\">SteepHill.TV<\/a><\/span><\/li>\n<li><span style=\"font-size: 12pt; font-family: georgia, palatino, serif;\">Foto\u011fraflar: <a href=\"http:\/\/velonews.competitor.com\/2016\/05\/gallery\/gallery-2016-giro-ditalia-stage-12_406542\" target=\"_blank\">VeloNews<\/a><\/span><\/li>\n<\/ul>\n","protected":false},"excerpt":{"rendered":"<p>D\u00fcnk\u00fc etapta neler oldu? Ka\u011f\u0131t \u00fczerinde toplu sprint beklerken genel klasman favorilerinin \u00e7arp\u0131\u015fmas\u0131na sahne olan etapta kazanan isim Lampre-Merida tak\u0131m\u0131ndan Diego Ulissi olurken, Bob Jungels, [&#8230;]<\/p>\n","protected":false},"author":1,"featured_media":3409,"comment_status":"open","ping_status":"open","sticky":false,"template":"","format":"standard","meta":{"jetpack_post_was_ever_published":false,"_jetpack_newsletter_access":"","_jetpack_dont_email_post_to_subs":false,"_jetpack_newsletter_tier_id":0,"_jetpack_memberships_contains_paywalled_content":false,"_jetpack_memberships_contains_paid_content":false,"footnotes":"","jetpack_publicize_message":"D\u00fcn hepimizi \u015fa\u015f\u0131rtan 11. etap sonras\u0131 d\u00fcz, d\u00fcmd\u00fcz bir etap bekliyor bizi Noale \u2192 Bibione kentleri aras\u0131nda. 182 km uzunlu\u011fundaki etapta da\u011flardan \u00f6nceki son sprint m\u00fccadelelerinden birini izleyece\u011fiz. Pembe mayo ve di\u011fer favoriler pelotonun arkas\u0131na ge\u00e7ip dinlenebilir,  sprinte pedallar \u00f6ne gelebilir!","jetpack_publicize_feature_enabled":true,"jetpack_social_post_already_shared":true,"jetpack_social_options":{"image_generator_settings":{"template":"highway","default_image_id":0,"font":"","enabled":false},"version":2}},"categories":[1239,92],"tags":[728,1254,1255,56,1253,1247,1243,1152,32,33,1248,173,625,770,331,1249,727,1244,538,966,1245],"class_list":["post-3405","post","type-post","status-publish","format-standard","has-post-thumbnail","hentry","category-giro-ditalia","category-grand","tag-andre-greipel","tag-andrey-amador","tag-asolo","tag-bob-jungels","tag-bub-jungels","tag-chianti","tag-diego-ulussi","tag-gianluca-brambilla","tag-giro","tag-giro-ditalia","tag-grappa","tag-italya-bisiklet-turu","tag-lotto-soudal","tag-maglia-rosa","tag-peloton","tag-primoz-roglic","tag-sprint","tag-tim-wallens","tag-time-trial","tag-tom-dumoulin","tag-toscana"],"jetpack_publicize_connections":[],"jetpack_featured_media_url":"https:\/\/i0.wp.com\/aynakol.org\/wp-content\/uploads\/2016\/05\/Giro2016_stage12_Andre_Greipel_was_too_big_and_powerful_as_hi_held_his_line_in_an_impressive_surge_for_the_finish_line-e1463687749850.jpg?fit=1000%2C395","jetpack_sharing_enabled":true,"jetpack_shortlink":"https:\/\/wp.me\/p51p4O-SV","jetpack_likes_enabled":true,"jetpack-related-posts":[{"id":3394,"url":"http:\/\/aynakol.org\/?p=3394","url_meta":{"origin":3405,"position":0},"title":"Giro2016 11. Etap: Modena \u2192 Asolo, 229 km","author":"Ayd\u0131n Bez","date":"18 May\u0131s 2016","format":false,"excerpt":"10. Etapta neler olmu\u015ftu? \u00a0 Ka\u00e7\u0131\u015f\u0131n kazand\u0131\u011f\u0131 her etap ayr\u0131 bir g\u00fczel! Bardiani CSF tak\u0131m\u0131n\u0131n 21 ya\u015f\u0131ndaki \u0130talyan pedal\u0131 Giulio Cicconi ka\u00e7\u0131\u015f i\u00e7inden atak yap\u0131p 15 km boyunca da ata\u011f\u0131n\u0131 s\u00fcrd\u00fcrerek etap zaferine uzan\u0131rken biti\u015f \u00e7izgisine kendisinden neredeyse 2 dakika sonra gelen favoriler ise genel klasmanda \u00fc\u00e7er be\u015fer saniye ile\u2026","rel":"","context":"&quot;Giro d'Italia&quot; i\u00e7inde","block_context":{"text":"Giro d'Italia","link":"http:\/\/aynakol.org\/?cat=1239"},"img":{"alt_text":"","src":"https:\/\/i0.wp.com\/aynakol.org\/wp-content\/uploads\/2016\/05\/Giro2016_stage11_winner_Diego_Ulussi1-e1463595127790.jpg?fit=975%2C442&resize=350%2C200","width":350,"height":200,"srcset":"https:\/\/i0.wp.com\/aynakol.org\/wp-content\/uploads\/2016\/05\/Giro2016_stage11_winner_Diego_Ulussi1-e1463595127790.jpg?fit=975%2C442&resize=350%2C200 1x, https:\/\/i0.wp.com\/aynakol.org\/wp-content\/uploads\/2016\/05\/Giro2016_stage11_winner_Diego_Ulussi1-e1463595127790.jpg?fit=975%2C442&resize=525%2C300 1.5x, https:\/\/i0.wp.com\/aynakol.org\/wp-content\/uploads\/2016\/05\/Giro2016_stage11_winner_Diego_Ulussi1-e1463595127790.jpg?fit=975%2C442&resize=700%2C400 2x"},"classes":[]},{"id":3413,"url":"http:\/\/aynakol.org\/?p=3413","url_meta":{"origin":3405,"position":1},"title":"Giro2016 13. Etap: Palmanova \u2192 Cividale del Friuli, 170 km","author":"Ayd\u0131n Bez","date":"20 May\u0131s 2016","format":false,"excerpt":"D\u00fcnk\u00fc etapta neler olmu\u015ftu? Bug\u00fcnk\u00fc da\u011fl\u0131k etap \u00f6ncesi aktif dinlenme \u015feklinde ge\u00e7en etapta kazanan etap 20. b\u00fcy\u00fck tur zaferine ula\u015fan Andrei Greipel\u00a0olurken genel klasmanda herhangi bir de\u011fi\u015fiklik olmam\u0131\u015ft\u0131.\u00a0 \u00a0 Etap \u00f6ncesi Art\u0131k da\u011flar\u0131n eteklerinden yukar\u0131lara \u00e7\u0131kman\u0131n zaman\u0131 geldi. As\u0131l\u00a0Giro \u015fimdi ba\u015fl\u0131yor. Zaman d\u00fcnyan\u0131n en g\u00fczel b\u00f6lgesinde en zorlu yar\u0131\u015f s\u00f6yleminin\u2026","rel":"","context":"&quot;Giro d'Italia&quot; i\u00e7inde","block_context":{"text":"Giro d'Italia","link":"http:\/\/aynakol.org\/?cat=1239"},"img":{"alt_text":"","src":"https:\/\/i0.wp.com\/aynakol.org\/wp-content\/uploads\/2016\/05\/Giro2016_stage13_winner_Mikel_Nieve-e1463775184588.jpg?resize=350%2C200","width":350,"height":200,"srcset":"https:\/\/i0.wp.com\/aynakol.org\/wp-content\/uploads\/2016\/05\/Giro2016_stage13_winner_Mikel_Nieve-e1463775184588.jpg?resize=350%2C200 1x, https:\/\/i0.wp.com\/aynakol.org\/wp-content\/uploads\/2016\/05\/Giro2016_stage13_winner_Mikel_Nieve-e1463775184588.jpg?resize=525%2C300 1.5x, https:\/\/i0.wp.com\/aynakol.org\/wp-content\/uploads\/2016\/05\/Giro2016_stage13_winner_Mikel_Nieve-e1463775184588.jpg?resize=700%2C400 2x"},"classes":[]},{"id":3429,"url":"http:\/\/aynakol.org\/?p=3429","url_meta":{"origin":3405,"position":2},"title":"Giro2016 14. Etap: Alpago \u2192 Corvara, 210 km","author":"Ayd\u0131n Bez","date":"21 May\u0131s 2016","format":false,"excerpt":"D\u00fcnk\u00fc etapta neler olmu\u015ftu? Etab\u0131 Giro'daki laneti s\u00fcren Team SKY'\u0131n \u0130spanyol pedal\u0131 Mikel Nieve kazan\u0131rken t\u0131rman\u0131\u015flarda Bob Jungels, Astana ve Nibali'nin bitmek bilmeyen ataklar\u0131 sonras\u0131 geriye d\u00fc\u015f\u00fcnce s\u0131ralamadaki en yak\u0131n isim Andrey Amador pembe mayoya uzanm\u0131\u015ft\u0131. G\u00fcn\u00fcn di\u011fer bir kazanan\u0131 da, \u015fimdilik, favorilerle birlikte girdi\u011fi biti\u015f \u00e7izgisinden ilk s\u0131rada ge\u00e7erek\u2026","rel":"","context":"&quot;Giro d'Italia&quot; i\u00e7inde","block_context":{"text":"Giro d'Italia","link":"http:\/\/aynakol.org\/?cat=1239"},"img":{"alt_text":"","src":"https:\/\/i0.wp.com\/aynakol.org\/wp-content\/uploads\/2016\/05\/Giro2016_banner.jpg?fit=510%2C288&resize=350%2C200","width":350,"height":200},"classes":[]},{"id":3492,"url":"http:\/\/aynakol.org\/?p=3492","url_meta":{"origin":3405,"position":3},"title":"Giro2016 19. Etap: Pinerolo \u2192 Risoul, 162 km","author":"Ayd\u0131n Bez","date":"27 May\u0131s 2016","format":false,"excerpt":"D\u00fcnk\u00fc etapta neler oldu? Son 22 km'ye dek ola\u011fan bir ka\u00e7\u0131\u015f\u0131n ya\u015fand\u0131\u011f\u0131 etapta Etixx-QuickStep ak\u0131l dolu bir taktikle zafere uzanmas\u0131n\u0131 bildi: Gianluca Brambilla ve Moreno Moser'in sprint d\u00fczl\u00fc\u011f\u00fcnde yava\u015flamas\u0131yla takip grubundan atak yap\u0131p lider ikiliyi yakalayan Matteo Trentin zafere pedallad\u0131. \u00a0 Etap hakk\u0131nda Torino kentinden Fransaya uzan\u0131yoruz; \u0130talyan Alpleri yetmemi\u015f\u2026","rel":"","context":"&quot;Giro d'Italia&quot; i\u00e7inde","block_context":{"text":"Giro d'Italia","link":"http:\/\/aynakol.org\/?cat=1239"},"img":{"alt_text":"","src":"https:\/\/i0.wp.com\/aynakol.org\/wp-content\/uploads\/2016\/05\/Giro2016_Stage19_Nibali.jpg?fit=960%2C640&resize=350%2C200","width":350,"height":200,"srcset":"https:\/\/i0.wp.com\/aynakol.org\/wp-content\/uploads\/2016\/05\/Giro2016_Stage19_Nibali.jpg?fit=960%2C640&resize=350%2C200 1x, https:\/\/i0.wp.com\/aynakol.org\/wp-content\/uploads\/2016\/05\/Giro2016_Stage19_Nibali.jpg?fit=960%2C640&resize=525%2C300 1.5x, https:\/\/i0.wp.com\/aynakol.org\/wp-content\/uploads\/2016\/05\/Giro2016_Stage19_Nibali.jpg?fit=960%2C640&resize=700%2C400 2x"},"classes":[]},{"id":3371,"url":"http:\/\/aynakol.org\/?p=3371","url_meta":{"origin":3405,"position":4},"title":"Giro2016 10. Etap: Campi Bisenzio \u2192 Sestola, 219 km","author":"Ayd\u0131n Bez","date":"17 May\u0131s 2016","format":false,"excerpt":"Dinlenme g\u00fcn\u00fcne dek neler oldu? 9 etap\u00a0iki de dinlenme g\u00fcn\u00fc geride b\u0131rakt\u0131\u011f\u0131m\u0131z Giro'da art\u0131k da\u011flar\u0131n eteklerinden zirvelerine do\u011fru m\u00fccadele dolu bir yolculuk ba\u015fl\u0131yor. Torino kentinde pembe mayo ile zafer turu atmak isteyenlerin m\u00fccadeleyi daha da sertle\u015ftirmesi gerek. Dokuz g\u00fcn boyunca Dumoulin'den Kittel'e, sonra yeniden Dumoulin'e ge\u00e7en mayo, en sonunda 8.\u2026","rel":"","context":"&quot;Giro d'Italia&quot; i\u00e7inde","block_context":{"text":"Giro d'Italia","link":"http:\/\/aynakol.org\/?cat=1239"},"img":{"alt_text":"","src":"https:\/\/i0.wp.com\/aynakol.org\/wp-content\/uploads\/2016\/05\/Giro2016_banner.jpg?fit=510%2C288&resize=350%2C200","width":350,"height":200},"classes":[]},{"id":4855,"url":"http:\/\/aynakol.org\/?p=4855","url_meta":{"origin":3405,"position":5},"title":"#Giro100 7. Etap: Castrovillari \u2192 Alberobello, 224 km","author":"Ayd\u0131n Bez","date":"12 May\u0131s 2017","format":false,"excerpt":"Bahar klasiklerini and\u0131ran 6. etap sonras\u0131 anakaran\u0131n do\u011fu k\u0131y\u0131lar\u0131na uzan\u0131yoruz: Castrovillari kasabas\u0131ndan \u00e7izmenin topu\u011fundaki g\u00fczellik, Unesco D\u00fcnya Miras\u0131 kapsam\u0131ndaki evleriyle me\u015fhur Alberobello kasabas\u0131 aras\u0131nda pedallanacak 7. etap 224 km uzunlu\u011funda.\u00a0 \u0130ni\u015fli \u00e7\u0131k\u0131\u015fl\u0131 bir profile sahip etap sadece uzun, Cat4 s\u0131n\u0131f\u0131 tek t\u0131rman\u0131\u015f\u0131 d\u0131\u015f\u0131nda herhangi bir s\u00fcrpriz sona sahne olmayacak gibi,\u2026","rel":"","context":"&quot;Giro d'Italia&quot; i\u00e7inde","block_context":{"text":"Giro d'Italia","link":"http:\/\/aynakol.org\/?cat=1239"},"img":{"alt_text":"","src":"https:\/\/i0.wp.com\/aynakol.org\/wp-content\/uploads\/2017\/05\/Giro2017_stafe7_winner_Caleb_Ewan.jpg?fit=1001%2C665&resize=350%2C200","width":350,"height":200,"srcset":"https:\/\/i0.wp.com\/aynakol.org\/wp-content\/uploads\/2017\/05\/Giro2017_stafe7_winner_Caleb_Ewan.jpg?fit=1001%2C665&resize=350%2C200 1x, https:\/\/i0.wp.com\/aynakol.org\/wp-content\/uploads\/2017\/05\/Giro2017_stafe7_winner_Caleb_Ewan.jpg?fit=1001%2C665&resize=525%2C300 1.5x, https:\/\/i0.wp.com\/aynakol.org\/wp-content\/uploads\/2017\/05\/Giro2017_stafe7_winner_Caleb_Ewan.jpg?fit=1001%2C665&resize=700%2C400 2x"},"classes":[]}],"_links":{"self":[{"href":"http:\/\/aynakol.org\/index.php?rest_route=\/wp\/v2\/posts\/3405","targetHints":{"allow":["GET"]}}],"collection":[{"href":"http:\/\/aynakol.org\/index.php?rest_route=\/wp\/v2\/posts"}],"about":[{"href":"http:\/\/aynakol.org\/index.php?rest_route=\/wp\/v2\/types\/post"}],"author":[{"embeddable":true,"href":"http:\/\/aynakol.org\/index.php?rest_route=\/wp\/v2\/users\/1"}],"replies":[{"embeddable":true,"href":"http:\/\/aynakol.org\/index.php?rest_route=%2Fwp%2Fv2%2Fcomments&post=3405"}],"version-history":[{"count":3,"href":"http:\/\/aynakol.org\/index.php?rest_route=\/wp\/v2\/posts\/3405\/revisions"}],"predecessor-version":[{"id":3412,"href":"http:\/\/aynakol.org\/index.php?rest_route=\/wp\/v2\/posts\/3405\/revisions\/3412"}],"wp:featuredmedia":[{"embeddable":true,"href":"http:\/\/aynakol.org\/index.php?rest_route=\/wp\/v2\/media\/3409"}],"wp:attachment":[{"href":"http:\/\/aynakol.org\/index.php?rest_route=%2Fwp%2Fv2%2Fmedia&parent=3405"}],"wp:term":[{"taxonomy":"category","embeddable":true,"href":"http:\/\/aynakol.org\/index.php?rest_route=%2Fwp%2Fv2%2Fcategories&post=3405"},{"taxonomy":"post_tag","embeddable":true,"href":"http:\/\/aynakol.org\/index.php?rest_route=%2Fwp%2Fv2%2Ftags&post=3405"}],"curies":[{"name":"wp","href":"https:\/\/api.w.org\/{rel}","templated":true}]}}