{"id":3413,"date":"2016-05-20T10:10:24","date_gmt":"2016-05-20T07:10:24","guid":{"rendered":"http:\/\/aynakol.org\/?p=3413"},"modified":"2016-05-20T23:23:29","modified_gmt":"2016-05-20T20:23:29","slug":"giro2016-13-etap-palmanova-%e2%86%92-cividale-del-friuli-170-km","status":"publish","type":"post","link":"http:\/\/aynakol.org\/?p=3413","title":{"rendered":"Giro2016 13. Etap: Palmanova \u2192 Cividale del Friuli, 170 km"},"content":{"rendered":"<p><span style=\"font-family: georgia, palatino, serif; font-size: 18pt;\">D\u00fcnk\u00fc etapta neler olmu\u015ftu?<\/span><\/p>\n<p><span style=\"font-family: georgia, palatino, serif; font-size: 12pt;\">Bug\u00fcnk\u00fc da\u011fl\u0131k etap \u00f6ncesi aktif dinlenme \u015feklinde ge\u00e7en etapta kazanan etap 20. b\u00fcy\u00fck tur zaferine ula\u015fan Andrei Greipel\u00a0olurken genel klasmanda herhangi bir de\u011fi\u015fiklik olmam\u0131\u015ft\u0131.\u00a0<\/span><\/p>\n<p>&nbsp;<\/p>\n<p><span style=\"font-family: georgia, palatino, serif; font-size: 18pt;\">Etap \u00f6ncesi<\/span><\/p>\n<p><span style=\"font-family: georgia, palatino, serif; font-size: 12pt;\">Art\u0131k da\u011flar\u0131n eteklerinden yukar\u0131lara \u00e7\u0131kman\u0131n zaman\u0131 geldi. As\u0131l\u00a0Giro \u015fimdi ba\u015fl\u0131yor. Zaman d\u00fcnyan\u0131n en g\u00fczel b\u00f6lgesinde en zorlu yar\u0131\u015f s\u00f6yleminin eyleme d\u00f6n\u00fc\u015fmesinin zaman\u0131!<\/span><\/p>\n<div id=\"attachment_3414\" style=\"width: 870px\" class=\"wp-caption aligncenter\"><a href=\"https:\/\/i0.wp.com\/aynakol.org\/wp-content\/uploads\/2016\/05\/Giro2016_stage13_departure_city_Palmanova.jpg\"><img data-recalc-dims=\"1\" loading=\"lazy\" decoding=\"async\" aria-describedby=\"caption-attachment-3414\" data-attachment-id=\"3414\" data-permalink=\"http:\/\/aynakol.org\/?attachment_id=3414\" data-orig-file=\"https:\/\/i0.wp.com\/aynakol.org\/wp-content\/uploads\/2016\/05\/Giro2016_stage13_departure_city_Palmanova.jpg?fit=1526%2C1200\" data-orig-size=\"1526,1200\" data-comments-opened=\"1\" data-image-meta=\"{&quot;aperture&quot;:&quot;0&quot;,&quot;credit&quot;:&quot;&quot;,&quot;camera&quot;:&quot;&quot;,&quot;caption&quot;:&quot;&quot;,&quot;created_timestamp&quot;:&quot;0&quot;,&quot;copyright&quot;:&quot;&quot;,&quot;focal_length&quot;:&quot;0&quot;,&quot;iso&quot;:&quot;0&quot;,&quot;shutter_speed&quot;:&quot;0&quot;,&quot;title&quot;:&quot;&quot;,&quot;orientation&quot;:&quot;0&quot;}\" data-image-title=\"Giro2016_stage13_departure_city_Palmanova\" data-image-description=\"\" data-image-caption=\"&lt;p&gt;\u015eehircilik demek k\u00f6\u015fe bucak beton d\u00f6kmek de\u011fil, do\u011faya sayg\u0131l\u0131 olmakt\u0131r.&lt;\/p&gt;\n\" data-large-file=\"https:\/\/i0.wp.com\/aynakol.org\/wp-content\/uploads\/2016\/05\/Giro2016_stage13_departure_city_Palmanova.jpg?fit=860%2C676\" class=\"size-large wp-image-3414\" src=\"https:\/\/i0.wp.com\/aynakol.org\/wp-content\/uploads\/2016\/05\/Giro2016_stage13_departure_city_Palmanova.jpg?resize=860%2C676\" alt=\"\u015eehircilik demek k\u00f6\u015fe bucak beton d\u00f6kmek de\u011fil, do\u011faya sayg\u0131l\u0131 olmakt\u0131r.\" width=\"860\" height=\"676\" srcset=\"https:\/\/i0.wp.com\/aynakol.org\/wp-content\/uploads\/2016\/05\/Giro2016_stage13_departure_city_Palmanova.jpg?resize=1024%2C805 1024w, https:\/\/i0.wp.com\/aynakol.org\/wp-content\/uploads\/2016\/05\/Giro2016_stage13_departure_city_Palmanova.jpg?resize=300%2C236 300w, https:\/\/i0.wp.com\/aynakol.org\/wp-content\/uploads\/2016\/05\/Giro2016_stage13_departure_city_Palmanova.jpg?resize=768%2C604 768w, https:\/\/i0.wp.com\/aynakol.org\/wp-content\/uploads\/2016\/05\/Giro2016_stage13_departure_city_Palmanova.jpg?w=1526 1526w\" sizes=\"auto, (max-width: 860px) 100vw, 860px\" \/><\/a><p id=\"caption-attachment-3414\" class=\"wp-caption-text\">\u015eehircilik demek k\u00f6\u015fe bucak beton d\u00f6kmek de\u011fil, do\u011faya sayg\u0131l\u0131 olmakt\u0131r.<\/p><\/div>\n<p>&nbsp;<\/p>\n<p><span style=\"font-family: georgia, palatino, serif; font-size: 12pt;\">\u0130talyan\u0131n kuzeydo\u011fusunday\u0131z: Bir \u015fehir planc\u0131l\u0131\u011f\u0131 harikas\u0131 dokuz k\u00f6\u015feli y\u0131ld\u0131z \u015feklinde imar edilen Palmanova \u015fehrinden yola \u00e7\u0131k\u0131p Cividale del Friuliye, yani \u00fclkenin ta en k\u00f6\u015fesine, Alp Da\u011flar\u0131n\u0131n do\u011fusuna, Slovenya s\u0131n\u0131r\u0131na do\u011fru ilerliyoruz. Men\u00fc genel klasman favorileri i\u00e7in zengin, sprinter pedallar i\u00e7in ise b\u0131kt\u0131r\u0131c\u0131: Maglia Rossa, yani k\u0131rm\u0131z\u0131 mayo sevdal\u0131lar\u0131n\u0131n di\u015flerini s\u0131kmalar\u0131 gerekecek<\/span><span style=\"font-family: georgia, palatino, serif; font-size: 12pt;\">.<\/span><\/p>\n<p><a href=\"https:\/\/i0.wp.com\/aynakol.org\/wp-content\/uploads\/2016\/05\/Giro2016_stage13_map.jpg\"><img data-recalc-dims=\"1\" loading=\"lazy\" decoding=\"async\" data-attachment-id=\"3123\" data-permalink=\"http:\/\/aynakol.org\/?attachment_id=3123\" data-orig-file=\"https:\/\/i0.wp.com\/aynakol.org\/wp-content\/uploads\/2016\/05\/Giro2016_stage13_map.jpg?fit=2722%2C2722\" data-orig-size=\"2722,2722\" data-comments-opened=\"1\" data-image-meta=\"{&quot;aperture&quot;:&quot;0&quot;,&quot;credit&quot;:&quot;&quot;,&quot;camera&quot;:&quot;&quot;,&quot;caption&quot;:&quot;&quot;,&quot;created_timestamp&quot;:&quot;0&quot;,&quot;copyright&quot;:&quot;&quot;,&quot;focal_length&quot;:&quot;0&quot;,&quot;iso&quot;:&quot;0&quot;,&quot;shutter_speed&quot;:&quot;0&quot;,&quot;title&quot;:&quot;T12_Vicenza_plan&quot;,&quot;orientation&quot;:&quot;1&quot;}\" data-image-title=\"T12_Vicenza_plan\" data-image-description=\"\" data-image-caption=\"&lt;p&gt;13. Etap rotas\u0131: birbirine dolanm\u0131\u015f yollar tabii ki zorlu t\u0131rman\u0131\u015flar!&lt;\/p&gt;\n\" data-large-file=\"https:\/\/i0.wp.com\/aynakol.org\/wp-content\/uploads\/2016\/05\/Giro2016_stage13_map.jpg?fit=860%2C860\" class=\"size-large wp-image-3123\" src=\"https:\/\/i0.wp.com\/aynakol.org\/wp-content\/uploads\/2016\/05\/Giro2016_stage13_map.jpg?resize=860%2C860\" alt=\"13. Etap rotas\u0131: birbirine dolanm\u0131\u015f yollar tabii ki zorlu t\u0131rman\u0131\u015flar!\" width=\"860\" height=\"860\" srcset=\"https:\/\/i0.wp.com\/aynakol.org\/wp-content\/uploads\/2016\/05\/Giro2016_stage13_map.jpg?resize=1024%2C1024 1024w, https:\/\/i0.wp.com\/aynakol.org\/wp-content\/uploads\/2016\/05\/Giro2016_stage13_map.jpg?resize=150%2C150 150w, https:\/\/i0.wp.com\/aynakol.org\/wp-content\/uploads\/2016\/05\/Giro2016_stage13_map.jpg?resize=300%2C300 300w, https:\/\/i0.wp.com\/aynakol.org\/wp-content\/uploads\/2016\/05\/Giro2016_stage13_map.jpg?resize=768%2C768 768w, https:\/\/i0.wp.com\/aynakol.org\/wp-content\/uploads\/2016\/05\/Giro2016_stage13_map.jpg?w=1720 1720w, https:\/\/i0.wp.com\/aynakol.org\/wp-content\/uploads\/2016\/05\/Giro2016_stage13_map.jpg?w=2580 2580w\" sizes=\"auto, (max-width: 860px) 100vw, 860px\" \/><\/a><\/p>\n<p>13. Etap rotas\u0131: birbirine dolanm\u0131\u015f yollar tabii ki zorlu t\u0131rman\u0131\u015flar!<\/p>\n<p>&nbsp;<\/p>\n<p><span style=\"font-size: 12pt; font-family: georgia, palatino, serif;\">Palmanova \u2192 Cividale del Friuli aras\u0131nda pedallanacak 13. etap toplam 4 s\u0131n\u0131fland\u0131r\u0131lm\u0131\u015f t\u0131rman\u0131\u015f bar\u0131nd\u0131r\u0131yor, ancak etap zirvede de\u011fil d\u00fczl\u00fckte bitiyor. Kar\u015f\u0131m\u0131zda iki senaryo var ya ka\u00e7anlar kazanacak ya da sprinter pedallar bir \u015fekilde tak\u0131mlar\u0131nca \u00f6ne do\u011fru ta\u015f\u0131narak elit bir sprint biti\u015fi izleyece\u011fiz. Ancak g\u00f6n\u00fcl solo ka\u00e7\u0131\u015f\u0131n zafere uzanmas\u0131 y\u00f6n\u00fcnde!<\/span><\/p>\n<div id=\"attachment_3096\" style=\"width: 835px\" class=\"wp-caption aligncenter\"><a href=\"https:\/\/i0.wp.com\/aynakol.org\/wp-content\/uploads\/2016\/05\/Giro2016_stage13_profile.jpg\"><img data-recalc-dims=\"1\" loading=\"lazy\" decoding=\"async\" aria-describedby=\"caption-attachment-3096\" data-attachment-id=\"3096\" data-permalink=\"http:\/\/aynakol.org\/?attachment_id=3096\" data-orig-file=\"https:\/\/i0.wp.com\/aynakol.org\/wp-content\/uploads\/2016\/05\/Giro2016_stage13_profile.jpg?fit=825%2C550\" data-orig-size=\"825,550\" data-comments-opened=\"1\" data-image-meta=\"{&quot;aperture&quot;:&quot;0&quot;,&quot;credit&quot;:&quot;&quot;,&quot;camera&quot;:&quot;&quot;,&quot;caption&quot;:&quot;&quot;,&quot;created_timestamp&quot;:&quot;1459720093&quot;,&quot;copyright&quot;:&quot;&quot;,&quot;focal_length&quot;:&quot;0&quot;,&quot;iso&quot;:&quot;0&quot;,&quot;shutter_speed&quot;:&quot;0&quot;,&quot;title&quot;:&quot;T15_MadonnaDC_2_alt&quot;,&quot;orientation&quot;:&quot;1&quot;}\" data-image-title=\"T15_MadonnaDC_2_alt\" data-image-description=\"\" data-image-caption=\"\" data-large-file=\"https:\/\/i0.wp.com\/aynakol.org\/wp-content\/uploads\/2016\/05\/Giro2016_stage13_profile.jpg?fit=825%2C550\" class=\"wp-image-3096 size-full\" src=\"https:\/\/i0.wp.com\/aynakol.org\/wp-content\/uploads\/2016\/05\/Giro2016_stage13_profile.jpg?resize=825%2C550\" alt=\"T15_MadonnaDC_2_alt\" width=\"825\" height=\"550\" srcset=\"https:\/\/i0.wp.com\/aynakol.org\/wp-content\/uploads\/2016\/05\/Giro2016_stage13_profile.jpg?w=825 825w, https:\/\/i0.wp.com\/aynakol.org\/wp-content\/uploads\/2016\/05\/Giro2016_stage13_profile.jpg?resize=300%2C200 300w, https:\/\/i0.wp.com\/aynakol.org\/wp-content\/uploads\/2016\/05\/Giro2016_stage13_profile.jpg?resize=768%2C512 768w\" sizes=\"auto, (max-width: 825px) 100vw, 825px\" \/><\/a><p id=\"caption-attachment-3096\" class=\"wp-caption-text\">13. Etap profili<\/p><\/div>\n<p>&nbsp;<\/p>\n<p><span style=\"font-size: 12pt; font-family: georgia, palatino, serif;\">Etapta ge\u00e7ilecek t\u0131rman\u0131\u015flar:<\/span><\/p>\n<div id=\"attachment_3418\" style=\"width: 999px\" class=\"wp-caption aligncenter\"><a href=\"https:\/\/i0.wp.com\/aynakol.org\/wp-content\/uploads\/2016\/05\/Giro2016_stage13_first_climb_CAT1Montemaggiore.jpg\"><img data-recalc-dims=\"1\" loading=\"lazy\" decoding=\"async\" aria-describedby=\"caption-attachment-3418\" data-attachment-id=\"3418\" data-permalink=\"http:\/\/aynakol.org\/?attachment_id=3418\" data-orig-file=\"https:\/\/i0.wp.com\/aynakol.org\/wp-content\/uploads\/2016\/05\/Giro2016_stage13_first_climb_CAT1Montemaggiore.jpg?fit=989%2C666\" data-orig-size=\"989,666\" data-comments-opened=\"1\" data-image-meta=\"{&quot;aperture&quot;:&quot;0&quot;,&quot;credit&quot;:&quot;&quot;,&quot;camera&quot;:&quot;&quot;,&quot;caption&quot;:&quot;&quot;,&quot;created_timestamp&quot;:&quot;0&quot;,&quot;copyright&quot;:&quot;&quot;,&quot;focal_length&quot;:&quot;0&quot;,&quot;iso&quot;:&quot;0&quot;,&quot;shutter_speed&quot;:&quot;0&quot;,&quot;title&quot;:&quot;S05_Valcava_3D&quot;,&quot;orientation&quot;:&quot;1&quot;}\" data-image-title=\"S05_Valcava_3D\" data-image-description=\"\" data-image-caption=\"&lt;p&gt;38. km&amp;#8217;de ge\u00e7ilecek ara sprint kap\u0131s\u0131n\u0131 geride b\u0131rak\u0131p t\u0131rmanmaya ba\u015fl\u0131yoruz. 49. km&amp;#8217;de ba\u015flay\u0131p zirvesinden 57,5. km&amp;#8217;de ge\u00e7ilecek Montemaggiore g\u00fcn\u00fcn ilk Cat1 s\u0131n\u0131f\u0131 t\u0131rman\u0131\u015f\u0131.&lt;\/p&gt;\n\" data-large-file=\"https:\/\/i0.wp.com\/aynakol.org\/wp-content\/uploads\/2016\/05\/Giro2016_stage13_first_climb_CAT1Montemaggiore.jpg?fit=860%2C579\" class=\"size-full wp-image-3418\" src=\"https:\/\/i0.wp.com\/aynakol.org\/wp-content\/uploads\/2016\/05\/Giro2016_stage13_first_climb_CAT1Montemaggiore.jpg?resize=860%2C579\" alt=\"38. km'de ge\u00e7ilecek ara sprint kap\u0131s\u0131n\u0131 geride b\u0131rak\u0131p t\u0131rmanmaya ba\u015fl\u0131yoruz. 49. km'de ba\u015flay\u0131p zirvesinden 57,5. km'de ge\u00e7ilecek Montemaggiore g\u00fcn\u00fcn ilk Cat1 s\u0131n\u0131f\u0131 t\u0131rman\u0131\u015f\u0131.\" width=\"860\" height=\"579\" srcset=\"https:\/\/i0.wp.com\/aynakol.org\/wp-content\/uploads\/2016\/05\/Giro2016_stage13_first_climb_CAT1Montemaggiore.jpg?w=989 989w, https:\/\/i0.wp.com\/aynakol.org\/wp-content\/uploads\/2016\/05\/Giro2016_stage13_first_climb_CAT1Montemaggiore.jpg?resize=300%2C202 300w, https:\/\/i0.wp.com\/aynakol.org\/wp-content\/uploads\/2016\/05\/Giro2016_stage13_first_climb_CAT1Montemaggiore.jpg?resize=768%2C517 768w\" sizes=\"auto, (max-width: 860px) 100vw, 860px\" \/><\/a><p id=\"caption-attachment-3418\" class=\"wp-caption-text\">38. km&#8217;de ge\u00e7ilecek ara sprint kap\u0131s\u0131n\u0131 geride b\u0131rak\u0131p t\u0131rmanmaya ba\u015fl\u0131yoruz. 49. km&#8217;de ba\u015flay\u0131p zirvesinden 57,5. km&#8217;de ge\u00e7ilecek Montemaggiore g\u00fcn\u00fcn ilk Cat1 s\u0131n\u0131f\u0131 t\u0131rman\u0131\u015f\u0131. 8300 metre uzunlu\u011funda ve %8.5 ortalama e\u011fime sahip.<\/p><\/div>\n<p>&nbsp;<\/p>\n<div id=\"attachment_3417\" style=\"width: 999px\" class=\"wp-caption aligncenter\"><a href=\"https:\/\/i0.wp.com\/aynakol.org\/wp-content\/uploads\/2016\/05\/Giro2016_stage13_seconclimb_CRai.jpg\"><img data-recalc-dims=\"1\" loading=\"lazy\" decoding=\"async\" aria-describedby=\"caption-attachment-3417\" data-attachment-id=\"3417\" data-permalink=\"http:\/\/aynakol.org\/?attachment_id=3417\" data-orig-file=\"https:\/\/i0.wp.com\/aynakol.org\/wp-content\/uploads\/2016\/05\/Giro2016_stage13_seconclimb_CRai.jpg?fit=989%2C666\" data-orig-size=\"989,666\" data-comments-opened=\"1\" data-image-meta=\"{&quot;aperture&quot;:&quot;0&quot;,&quot;credit&quot;:&quot;&quot;,&quot;camera&quot;:&quot;&quot;,&quot;caption&quot;:&quot;&quot;,&quot;created_timestamp&quot;:&quot;0&quot;,&quot;copyright&quot;:&quot;&quot;,&quot;focal_length&quot;:&quot;0&quot;,&quot;iso&quot;:&quot;0&quot;,&quot;shutter_speed&quot;:&quot;0&quot;,&quot;title&quot;:&quot;S05_Valcava_3D&quot;,&quot;orientation&quot;:&quot;1&quot;}\" data-image-title=\"S05_Valcava_3D\" data-image-description=\"\" data-image-caption=\"\" data-large-file=\"https:\/\/i0.wp.com\/aynakol.org\/wp-content\/uploads\/2016\/05\/Giro2016_stage13_seconclimb_CRai.jpg?fit=860%2C579\" class=\"wp-image-3417 size-full\" src=\"https:\/\/i0.wp.com\/aynakol.org\/wp-content\/uploads\/2016\/05\/Giro2016_stage13_seconclimb_CRai.jpg?resize=860%2C579\" alt=\"S05_Valcava_3D\" width=\"860\" height=\"579\" srcset=\"https:\/\/i0.wp.com\/aynakol.org\/wp-content\/uploads\/2016\/05\/Giro2016_stage13_seconclimb_CRai.jpg?w=989 989w, https:\/\/i0.wp.com\/aynakol.org\/wp-content\/uploads\/2016\/05\/Giro2016_stage13_seconclimb_CRai.jpg?resize=300%2C202 300w, https:\/\/i0.wp.com\/aynakol.org\/wp-content\/uploads\/2016\/05\/Giro2016_stage13_seconclimb_CRai.jpg?resize=768%2C517 768w\" sizes=\"auto, (max-width: 860px) 100vw, 860px\" \/><\/a><p id=\"caption-attachment-3417\" class=\"wp-caption-text\">G\u00fcn\u00fcn ikinci t\u0131rman\u0131\u015f\u0131 Crai ise Montemaggiore sonras\u0131ndaki ini\u015f tamamnad\u0131ktan sonra k\u0131sa bir \u00e7\u0131k\u0131\u015f; Passo San Martino; ve akabinde vadiden yeniden t\u0131rman\u0131\u015f \u015feklinde. K\u0131sacas\u0131 in, \u00e7\u0131k, in, \u00e7\u0131k derken peloton yakla\u015f\u0131k 17 km boyunca %7 ortalama e\u011fimle bo\u011fu\u015facak.<\/p><\/div>\n<p>&nbsp;<\/p>\n<div id=\"attachment_3416\" style=\"width: 999px\" class=\"wp-caption aligncenter\"><a href=\"https:\/\/i0.wp.com\/aynakol.org\/wp-content\/uploads\/2016\/05\/Giro2016_stage13_third_climb_Cima_Porzus.jpg\"><img data-recalc-dims=\"1\" loading=\"lazy\" decoding=\"async\" aria-describedby=\"caption-attachment-3416\" data-attachment-id=\"3416\" data-permalink=\"http:\/\/aynakol.org\/?attachment_id=3416\" data-orig-file=\"https:\/\/i0.wp.com\/aynakol.org\/wp-content\/uploads\/2016\/05\/Giro2016_stage13_third_climb_Cima_Porzus.jpg?fit=989%2C666\" data-orig-size=\"989,666\" data-comments-opened=\"1\" data-image-meta=\"{&quot;aperture&quot;:&quot;0&quot;,&quot;credit&quot;:&quot;&quot;,&quot;camera&quot;:&quot;&quot;,&quot;caption&quot;:&quot;&quot;,&quot;created_timestamp&quot;:&quot;0&quot;,&quot;copyright&quot;:&quot;&quot;,&quot;focal_length&quot;:&quot;0&quot;,&quot;iso&quot;:&quot;0&quot;,&quot;shutter_speed&quot;:&quot;0&quot;,&quot;title&quot;:&quot;S05_Valcava_3D&quot;,&quot;orientation&quot;:&quot;1&quot;}\" data-image-title=\"S05_Valcava_3D\" data-image-description=\"\" data-image-caption=\"\" data-large-file=\"https:\/\/i0.wp.com\/aynakol.org\/wp-content\/uploads\/2016\/05\/Giro2016_stage13_third_climb_Cima_Porzus.jpg?fit=860%2C579\" class=\"wp-image-3416 size-full\" src=\"https:\/\/i0.wp.com\/aynakol.org\/wp-content\/uploads\/2016\/05\/Giro2016_stage13_third_climb_Cima_Porzus.jpg?resize=860%2C579\" alt=\"S05_Valcava_3D\" width=\"860\" height=\"579\" srcset=\"https:\/\/i0.wp.com\/aynakol.org\/wp-content\/uploads\/2016\/05\/Giro2016_stage13_third_climb_Cima_Porzus.jpg?w=989 989w, https:\/\/i0.wp.com\/aynakol.org\/wp-content\/uploads\/2016\/05\/Giro2016_stage13_third_climb_Cima_Porzus.jpg?resize=300%2C202 300w, https:\/\/i0.wp.com\/aynakol.org\/wp-content\/uploads\/2016\/05\/Giro2016_stage13_third_climb_Cima_Porzus.jpg?resize=768%2C517 768w\" sizes=\"auto, (max-width: 860px) 100vw, 860px\" \/><\/a><p id=\"caption-attachment-3416\" class=\"wp-caption-text\">Crai geride kald\u0131ktan sonra ini\u015fe ge\u00e7en peloton yakla\u015f\u0131k bir 50 km boyunca yorgun bacaklar\u0131 dinlendirebilir, zira Cima Porzus t\u0131rman\u0131\u015f\u0131n\u0131n zirvesinden etab\u0131n bitmesine 31,5 km kala ge\u00e7ilecek. G\u00fcn\u00fcn ikinci Cat1 s\u0131n\u0131f\u0131 t\u0131rman\u0131\u015f\u0131 8750 km uzunlu\u011funda ve net %9 ortalama e\u011fime sahip.<\/p><\/div>\n<div id=\"attachment_3415\" style=\"width: 999px\" class=\"wp-caption aligncenter\"><a href=\"https:\/\/i0.wp.com\/aynakol.org\/wp-content\/uploads\/2016\/05\/Giro2016_stage13_third_climb_Valle.jpg\"><img data-recalc-dims=\"1\" loading=\"lazy\" decoding=\"async\" aria-describedby=\"caption-attachment-3415\" data-attachment-id=\"3415\" data-permalink=\"http:\/\/aynakol.org\/?attachment_id=3415\" data-orig-file=\"https:\/\/i0.wp.com\/aynakol.org\/wp-content\/uploads\/2016\/05\/Giro2016_stage13_third_climb_Valle.jpg?fit=989%2C666\" data-orig-size=\"989,666\" data-comments-opened=\"1\" data-image-meta=\"{&quot;aperture&quot;:&quot;0&quot;,&quot;credit&quot;:&quot;&quot;,&quot;camera&quot;:&quot;&quot;,&quot;caption&quot;:&quot;&quot;,&quot;created_timestamp&quot;:&quot;0&quot;,&quot;copyright&quot;:&quot;&quot;,&quot;focal_length&quot;:&quot;0&quot;,&quot;iso&quot;:&quot;0&quot;,&quot;shutter_speed&quot;:&quot;0&quot;,&quot;title&quot;:&quot;S05_Valcava_3D&quot;,&quot;orientation&quot;:&quot;1&quot;}\" data-image-title=\"S05_Valcava_3D\" data-image-description=\"\" data-image-caption=\"\" data-large-file=\"https:\/\/i0.wp.com\/aynakol.org\/wp-content\/uploads\/2016\/05\/Giro2016_stage13_third_climb_Valle.jpg?fit=860%2C579\" class=\"wp-image-3415 size-full\" src=\"https:\/\/i0.wp.com\/aynakol.org\/wp-content\/uploads\/2016\/05\/Giro2016_stage13_third_climb_Valle.jpg?resize=860%2C579\" alt=\"S05_Valcava_3D\" width=\"860\" height=\"579\" srcset=\"https:\/\/i0.wp.com\/aynakol.org\/wp-content\/uploads\/2016\/05\/Giro2016_stage13_third_climb_Valle.jpg?w=989 989w, https:\/\/i0.wp.com\/aynakol.org\/wp-content\/uploads\/2016\/05\/Giro2016_stage13_third_climb_Valle.jpg?resize=300%2C202 300w, https:\/\/i0.wp.com\/aynakol.org\/wp-content\/uploads\/2016\/05\/Giro2016_stage13_third_climb_Valle.jpg?resize=768%2C517 768w\" sizes=\"auto, (max-width: 860px) 100vw, 860px\" \/><\/a><p id=\"caption-attachment-3415\" class=\"wp-caption-text\">G\u00fcn\u00fcn on t\u0131rman\u0131\u015f\u0131 Valle ise 6200 metre uzunlu\u011funda ve ortalama %6 e\u011fime sahip. Valle t\u0131rman\u0131\u015f\u0131n\u0131 ilk s\u0131rada ge\u00e7en isim \u00f6yle bir ka\u00e7\u0131\u015f yapmal\u0131 ki etab\u0131n sonuna dek pe\u015fine tak\u0131lanlara yakalanmamal\u0131, t\u0131pk\u0131 4. etab\u0131 kazanan Diego Ulissi ya da 11. etab\u0131 kazanan Ciccone\u00a0gibi&#8230;<\/p><\/div>\n<p><span style=\"font-family: georgia, palatino, serif; font-size: 12pt;\">Etapta toplam 4 t\u0131rman\u0131\u015f var ama hi\u00e7biri zirve biti\u015fine ev sahipli\u011fi yapmad\u0131\u011f\u0131 i\u00e7in genel klasmanda fark yaratacak bir etkiye sahip olmayacaklar gibi; hem son t\u0131rman\u0131\u015f Valle zirvesi biti\u015fe 14 km uzakl\u0131kta. Favoriler yine birbirilerini silkelemeye \u00e7al\u0131\u015facakt\u0131r.<\/span><\/p>\n<p><span style=\"font-size: 12pt; font-family: georgia, palatino, serif;\"><strong>Daha fazlas\u0131 i\u00e7in:<\/strong><\/span><\/p>\n<ul>\n<li><span style=\"font-size: 12pt; font-family: georgia, palatino, serif;\">12. Etapta <a href=\"http:\/\/aynakol.org\/?p=3405\" target=\"_blank\">neler oldu?<\/a><\/span><\/li>\n<li><span style=\"font-size: 12pt; font-family: georgia, palatino, serif;\">Giro d\u2019Italia resmi sitesinden her y\u00f6n\u00fcyle <a href=\"http:\/\/www.giroditalia.it\/eng\/stage\/tappa-13\/\" target=\"_blank\">13. Etap bilgilendirmesi<\/a><\/span><\/li>\n<li><span style=\"font-size: 12pt; font-family: georgia, palatino, serif;\">Sarper G\u00fcnsal abimiz Spor Locas\u0131ndan bildiriyor:<\/span>\n<ul>\n<li><span style=\"font-size: 12pt; font-family: georgia, palatino, serif;\"><a href=\"http:\/\/sporlocasi.blogspot.com.tr\/2016\/05\/giro-2016-parkur-ozeti.html\" target=\"_blank\">Giro 2016 Parkur \u00d6zeti<\/a>\u00a0<\/span><\/li>\n<li><span style=\"font-size: 12pt; font-family: georgia, palatino, serif;\"><a href=\"http:\/\/sporlocasi.blogspot.com.tr\/2016\/05\/giro-ve-suphelileri.html\" target=\"_blank\">Giro ve \u015e\u00fcphelileri<\/a><\/span><\/li>\n<li><span style=\"font-size: 12pt; font-family: georgia, palatino, serif;\"><a href=\"http:\/\/sporlocasi.blogspot.com.tr\/2016\/05\/giro-2016-1dinlenme-gunu-raporu.html\" target=\"_blank\">1. Dinlenme g\u00fcn\u00fc raporu<\/a><\/span><\/li>\n<li><span style=\"font-size: 12pt; font-family: georgia, palatino, serif;\"><a href=\"http:\/\/sporlocasi.blogspot.com.tr\/2016\/05\/giro-2016-2dinlenme-gunu-raporu.html\" target=\"_blank\">2. Dinlenme g\u00fcn\u00fc raporu<\/a><\/span><\/li>\n<\/ul>\n<\/li>\n<li><span style=\"font-size: 12pt; font-family: georgia, palatino, serif;\">Bisikletta.com yazd\u0131:<\/span>\n<ul>\n<li><span style=\"font-size: 12pt; font-family: georgia, palatino, serif;\"><a href=\"https:\/\/bisikletta.com\/2016\/05\/05\/giro-ditalia-2016ya-on-bakis\/\" target=\"_blank\">Giro d\u2019Italia 2016\u2019ya \u00d6n Bak\u0131\u015f<\/a><\/span>\n<ul>\n<li><span style=\"font-size: 12pt; font-family: georgia, palatino, serif;\"><a href=\"https:\/\/bisikletta.com\/2016\/05\/09\/giro-ditalia-2016-dinlenme-gunu-notlari-i\/\" target=\"_blank\">1.Dinlenme g\u00fcn\u00fc raporu<\/a><\/span><\/li>\n<li><span style=\"font-size: 12pt; font-family: georgia, palatino, serif;\"><a href=\"https:\/\/bisikletta.com\/2016\/05\/16\/giro-ditalia-2016-dinlenme-gunu-notlari-ii\/\" target=\"_blank\">2. Dinlenme g\u00fcn\u00fc raporu<\/a><\/span><\/li>\n<\/ul>\n<\/li>\n<\/ul>\n<\/li>\n<li><span style=\"font-size: 12pt; font-family: georgia, palatino, serif;\">Giro2016 13. Etap hakk\u0131nda her \u015fey: <a href=\"http:\/\/www.steephill.tv\/giro-d-italia\/#13-preview-2016\" target=\"_blank\">SteepHill.TV<\/a>\u00a0<\/span><\/li>\n<li><span style=\"font-size: 12pt; font-family: georgia, palatino, serif;\">Giro2016 13. Etap s\u0131ral\u0131 tam liste: <a href=\"http:\/\/www.procyclingstats.com\/race\/Giro_Italia_2016_Stage_13_GC\" target=\"_blank\">ProCyclingStats.com<\/a>\u00a0<\/span><\/li>\n<li><span style=\"font-size: 12pt; font-family: georgia, palatino, serif;\">Cycling Weekly: <a href=\"http:\/\/www.cyclingweekly.co.uk\/news\/racing\/giro-ditalia\/giro-ditalia-2016-stage-12-preview-222539\" target=\"_blank\">Stage 13 preview<\/a><\/span><\/li>\n<\/ul>\n<p><!--nextpage--><\/p>\n<p><span style=\"font-size: 18pt;\"><strong><span style=\"font-family: georgia, palatino, serif;\">Etap sonras\u0131<\/span><\/strong><\/span><\/p>\n<div id=\"attachment_3427\" style=\"width: 1008px\" class=\"wp-caption aligncenter\"><a href=\"https:\/\/i0.wp.com\/aynakol.org\/wp-content\/uploads\/2016\/05\/Giro2016_stage13_winner_Mikel_Nieve-e1463775184588.jpg\"><img data-recalc-dims=\"1\" loading=\"lazy\" decoding=\"async\" aria-describedby=\"caption-attachment-3427\" data-attachment-id=\"3427\" data-permalink=\"http:\/\/aynakol.org\/?attachment_id=3427\" data-orig-file=\"https:\/\/i0.wp.com\/aynakol.org\/wp-content\/uploads\/2016\/05\/Giro2016_stage13_winner_Mikel_Nieve-e1463775184588.jpg?fit=998%2C508\" data-orig-size=\"998,508\" data-comments-opened=\"1\" data-image-meta=\"{&quot;aperture&quot;:&quot;6.3&quot;,&quot;credit&quot;:&quot;Fotoreporter Sirotti Stefano&quot;,&quot;camera&quot;:&quot;NIKON D4&quot;,&quot;caption&quot;:&quot;20-05-2016 Giro D&#039;italia; Tappa 13 Palmanova - Cividale Del Friuli; 2016, Team Sky; Nieve, Iturralde Mikel; Cividale Del Friuli;&quot;,&quot;created_timestamp&quot;:&quot;1463756616&quot;,&quot;copyright&quot;:&quot;sirotti.it&quot;,&quot;focal_length&quot;:&quot;300&quot;,&quot;iso&quot;:&quot;800&quot;,&quot;shutter_speed&quot;:&quot;0.0005&quot;,&quot;title&quot;:&quot;20-05-2016 Giro D&#039;italia; Tappa 13 Palmanova - Cividale Del Friuli; 2016, Team Sky; Nieve, Iturralde Mikel; Cividale Del Friuli;&quot;,&quot;orientation&quot;:&quot;1&quot;}\" data-image-title=\"20-05-2016 Giro D&amp;#8217;italia; Tappa 13 Palmanova &amp;#8211; Cividale Del Friuli; 2016, Team Sky; Nieve, Iturralde Mikel; Cividale Del Friuli;\" data-image-description=\"\" data-image-caption=\"&lt;p&gt;20-05-2016 Giro D&amp;#8217;italia; Tappa 13 Palmanova &amp;#8211; Cividale Del Friuli; 2016, Team Sky; Nieve, Iturralde Mikel; Cividale Del Friuli;&lt;\/p&gt;\n\" data-large-file=\"https:\/\/i0.wp.com\/aynakol.org\/wp-content\/uploads\/2016\/05\/Giro2016_stage13_winner_Mikel_Nieve-e1463775184588.jpg?fit=860%2C438\" class=\"wp-image-3427 size-full\" src=\"https:\/\/i0.wp.com\/aynakol.org\/wp-content\/uploads\/2016\/05\/Giro2016_stage13_winner_Mikel_Nieve-e1463775184588.jpg?resize=860%2C438\" alt=\"20-05-2016 Giro D'italia; Tappa 13 Palmanova - Cividale Del Friuli; 2016, Team Sky; Nieve, Iturralde Mikel; Cividale Del Friuli;\" width=\"860\" height=\"438\" srcset=\"https:\/\/i0.wp.com\/aynakol.org\/wp-content\/uploads\/2016\/05\/Giro2016_stage13_winner_Mikel_Nieve-e1463775184588.jpg?w=998 998w, https:\/\/i0.wp.com\/aynakol.org\/wp-content\/uploads\/2016\/05\/Giro2016_stage13_winner_Mikel_Nieve-e1463775184588.jpg?resize=300%2C153 300w, https:\/\/i0.wp.com\/aynakol.org\/wp-content\/uploads\/2016\/05\/Giro2016_stage13_winner_Mikel_Nieve-e1463775184588.jpg?resize=768%2C391 768w\" sizes=\"auto, (max-width: 860px) 100vw, 860px\" \/><\/a><p id=\"caption-attachment-3427\" class=\"wp-caption-text\">Bu zaferle birlikte Team SKY\u0131n Girodaki varl\u0131\u011f\u0131n\u0131 da g\u00f6rm\u00fc\u015f olduk.<\/p><\/div>\n<p><span style=\"font-family: georgia, palatino, serif; font-size: 12pt;\">S\u0131n\u0131fland\u0131r\u0131lm\u0131\u015f d\u00f6rt t\u0131rman\u0131\u015f\u0131n sonunda zafere ula\u015fan isim Team SKY tak\u0131m\u0131n\u0131n \u0130spanyol pedal\u0131 Mikel Nieve olurken pembe mayo g\u00fcn\u00fcn sonunda\u00a0el de\u011fi\u015ftirdi: Yar\u0131n ki etapta Movistar tak\u0131m\u0131ndan Andrey Amador pembeler i\u00e7inde olacak.<\/span><\/p>\n<pre><b>13. Etap sonu\u00e7lar\u0131\r\n<\/b>ESP  1  NIEVE ITURALDE, Mikel (SKY)                       4:31:49\r\nITA  2  VISCONTI, Giovanni (MOVISTAR)                     +    43\r\nITA  3  NIBALI, Vincenzo (ASTANA)                         +  1:17\r\nESP  4  VALVERDE BELMONTE, Alejandro (MOVISTAR)           \r\nPOL  5  MAJKA, Rafal (TINKOFF)                            \r\nAUT  6  DENIFL, Stefan (IAM CYCLING)                      \r\nNED  7  KRUIJSWIJK, Steven (LOTTO NL - JUMBO)             \r\nCOL  8  URAN URAN, Rigoberto (CANNONDALE)                 \r\nITA  9  MONTAGUTI, Matteo (AG2R LA MONDIALE)              \r\nITA  10 POZZOVIVO, Domenico (AG2R LA MONDIALE)<\/pre>\n<p>&nbsp;<\/p>\n<p><span id=\"fbPhotoSnowliftCaption\" class=\"fbPhotosPhotoCaption\" style=\"font-family: georgia, palatino, serif; font-size: 12pt;\" tabindex=\"0\" data-ft=\"{&quot;tn&quot;:&quot;K&quot;}\"><span class=\"hasCaption\">Etab\u0131n ba\u015f\u0131nda olu\u015fan ka\u00e7\u0131\u015flar, takipler birer birer yakalansa da sonda sa\u011f kalmay\u0131 ba\u015faranlardan birisi de Tim Wallens&#8217;in bulundu\u011fu ka\u00e7\u0131\u015f idi; ancak bu grup da zafere ula\u015famadan yakaland\u0131.<\/span><\/span><\/p>\n<div id=\"attachment_3423\" style=\"width: 1011px\" class=\"wp-caption aligncenter\"><a href=\"https:\/\/i0.wp.com\/aynakol.org\/wp-content\/uploads\/2016\/05\/Giro2016_stage13_Damiano_Cunego_and_Giovanni_Visconti_battling_in_out_during_a_mid_race_KOM_sprint_at_the_front_of_the_race.jpg\"><img data-recalc-dims=\"1\" loading=\"lazy\" decoding=\"async\" aria-describedby=\"caption-attachment-3423\" data-attachment-id=\"3423\" data-permalink=\"http:\/\/aynakol.org\/?attachment_id=3423\" data-orig-file=\"https:\/\/i0.wp.com\/aynakol.org\/wp-content\/uploads\/2016\/05\/Giro2016_stage13_Damiano_Cunego_and_Giovanni_Visconti_battling_in_out_during_a_mid_race_KOM_sprint_at_the_front_of_the_race.jpg?fit=1001%2C668\" data-orig-size=\"1001,668\" data-comments-opened=\"1\" data-image-meta=\"{&quot;aperture&quot;:&quot;0&quot;,&quot;credit&quot;:&quot;&quot;,&quot;camera&quot;:&quot;&quot;,&quot;caption&quot;:&quot;&quot;,&quot;created_timestamp&quot;:&quot;0&quot;,&quot;copyright&quot;:&quot;&quot;,&quot;focal_length&quot;:&quot;0&quot;,&quot;iso&quot;:&quot;0&quot;,&quot;shutter_speed&quot;:&quot;0&quot;,&quot;title&quot;:&quot;&quot;,&quot;orientation&quot;:&quot;0&quot;}\" data-image-title=\"Giro2016_stage13_Damiano_Cunego_and_Giovanni_Visconti_battling_in_out_during_a_mid_race_KOM_sprint_at_the_front_of_the_race\" data-image-description=\"\" data-image-caption=\"\" data-large-file=\"https:\/\/i0.wp.com\/aynakol.org\/wp-content\/uploads\/2016\/05\/Giro2016_stage13_Damiano_Cunego_and_Giovanni_Visconti_battling_in_out_during_a_mid_race_KOM_sprint_at_the_front_of_the_race.jpg?fit=860%2C574\" class=\"wp-image-3423 size-full\" src=\"https:\/\/i0.wp.com\/aynakol.org\/wp-content\/uploads\/2016\/05\/Giro2016_stage13_Damiano_Cunego_and_Giovanni_Visconti_battling_in_out_during_a_mid_race_KOM_sprint_at_the_front_of_the_race.jpg?resize=860%2C574\" alt=\"Giro2016_stage13_Damiano_Cunego_and_Giovanni_Visconti_battling_in_out_during_a_mid_race_KOM_sprint_at_the_front_of_the_race\" width=\"860\" height=\"574\" srcset=\"https:\/\/i0.wp.com\/aynakol.org\/wp-content\/uploads\/2016\/05\/Giro2016_stage13_Damiano_Cunego_and_Giovanni_Visconti_battling_in_out_during_a_mid_race_KOM_sprint_at_the_front_of_the_race.jpg?w=1001 1001w, https:\/\/i0.wp.com\/aynakol.org\/wp-content\/uploads\/2016\/05\/Giro2016_stage13_Damiano_Cunego_and_Giovanni_Visconti_battling_in_out_during_a_mid_race_KOM_sprint_at_the_front_of_the_race.jpg?resize=300%2C200 300w, https:\/\/i0.wp.com\/aynakol.org\/wp-content\/uploads\/2016\/05\/Giro2016_stage13_Damiano_Cunego_and_Giovanni_Visconti_battling_in_out_during_a_mid_race_KOM_sprint_at_the_front_of_the_race.jpg?resize=768%2C513 768w\" sizes=\"auto, (max-width: 860px) 100vw, 860px\" \/><\/a><p id=\"caption-attachment-3423\" class=\"wp-caption-text\">Crai zirvesinde ya\u015fanan da\u011flar\u0131n kral\u0131 puan m\u00fccadelesinde Visconti prim kap\u0131s\u0131na o kadar h\u0131zl\u0131 girdi ki d\u00f6n\u00fc\u015f\u00fc alamad\u0131 ve yere d\u00fc\u015ft\u00fc. Yaln\u0131z Cunegonun yere d\u00fc\u015fen Visconti&#8217;yi beklemesi ayr\u0131 bir g\u00fczellikti.<\/p><\/div>\n<p>Tamam, etab\u0131 ka\u00e7\u0131\u015f alacak, favoriler birbirilerini silkelemeye \u00e7al\u0131\u015facak, ancak biraz heyecan, biraz renk laz\u0131md\u0131 etaba ve bu iste\u011fimiz da\u011flar\u0131n kral\u0131 mayosunu elinde tutmak isteyen Damiano Cunego ve mayoyu ele ge\u00e7irmek isteyen Giovanni Visconti taraf\u0131ndan ger\u00e7ekle\u015fti.<\/p>\n<div id=\"attachment_3422\" style=\"width: 870px\" class=\"wp-caption aligncenter\"><a href=\"https:\/\/i0.wp.com\/aynakol.org\/wp-content\/uploads\/2016\/05\/Giro2016_stage13_Nibali_was_attacked_to_the_GC_contenders.jpg\"><img data-recalc-dims=\"1\" loading=\"lazy\" decoding=\"async\" aria-describedby=\"caption-attachment-3422\" data-attachment-id=\"3422\" data-permalink=\"http:\/\/aynakol.org\/?attachment_id=3422\" data-orig-file=\"https:\/\/i0.wp.com\/aynakol.org\/wp-content\/uploads\/2016\/05\/Giro2016_stage13_Nibali_was_attacked_to_the_GC_contenders.jpg?fit=3840%2C2560\" data-orig-size=\"3840,2560\" data-comments-opened=\"1\" data-image-meta=\"{&quot;aperture&quot;:&quot;6.3&quot;,&quot;credit&quot;:&quot;TDW&quot;,&quot;camera&quot;:&quot;NIKON D4S&quot;,&quot;caption&quot;:&quot;The GC leaders kept a close eye on each other lookng for signs of weekness and opportunites to attack. Photo: Tim De Waele | &lt;a href=\\&quot;http:\/\/www.tdwsport.com\\&quot; target=\\&quot;_blank\\&quot;&gt;TDWsport.com&lt;\/a&gt;&quot;,&quot;created_timestamp&quot;:&quot;1463708075&quot;,&quot;copyright&quot;:&quot;2016 Tim de Waele&quot;,&quot;focal_length&quot;:&quot;135&quot;,&quot;iso&quot;:&quot;640&quot;,&quot;shutter_speed&quot;:&quot;0.0015625&quot;,&quot;title&quot;:&quot;2016 Giro d&#039;italia, stage 13: GC leaders&quot;,&quot;orientation&quot;:&quot;1&quot;}\" data-image-title=\"2016 Giro d&amp;#8217;italia, stage 13: GC leaders\" data-image-description=\"\" data-image-caption=\"&lt;p&gt;The GC leaders kept a close eye on each other lookng for signs of weekness and opportunites to attack. Photo: Tim De Waele | &lt;a href=&quot;http:\/\/www.tdwsport.com&quot; target=&quot;_blank&quot;&gt;TDWsport.com&lt;\/a&gt;&lt;\/p&gt;\n\" data-large-file=\"https:\/\/i0.wp.com\/aynakol.org\/wp-content\/uploads\/2016\/05\/Giro2016_stage13_Nibali_was_attacked_to_the_GC_contenders.jpg?fit=860%2C574\" class=\"wp-image-3422 size-large\" src=\"https:\/\/i0.wp.com\/aynakol.org\/wp-content\/uploads\/2016\/05\/Giro2016_stage13_Nibali_was_attacked_to_the_GC_contenders.jpg?resize=860%2C574\" alt=\"The GC leaders kept a close eye on each other lookng for signs of weekness and opportunites to attack. Photo: Tim De Waele | TDWsport.com\" width=\"860\" height=\"574\" srcset=\"https:\/\/i0.wp.com\/aynakol.org\/wp-content\/uploads\/2016\/05\/Giro2016_stage13_Nibali_was_attacked_to_the_GC_contenders.jpg?resize=1024%2C683 1024w, https:\/\/i0.wp.com\/aynakol.org\/wp-content\/uploads\/2016\/05\/Giro2016_stage13_Nibali_was_attacked_to_the_GC_contenders.jpg?resize=300%2C200 300w, https:\/\/i0.wp.com\/aynakol.org\/wp-content\/uploads\/2016\/05\/Giro2016_stage13_Nibali_was_attacked_to_the_GC_contenders.jpg?resize=768%2C512 768w, https:\/\/i0.wp.com\/aynakol.org\/wp-content\/uploads\/2016\/05\/Giro2016_stage13_Nibali_was_attacked_to_the_GC_contenders.jpg?w=1720 1720w, https:\/\/i0.wp.com\/aynakol.org\/wp-content\/uploads\/2016\/05\/Giro2016_stage13_Nibali_was_attacked_to_the_GC_contenders.jpg?w=2580 2580w\" sizes=\"auto, (max-width: 860px) 100vw, 860px\" \/><\/a><p id=\"caption-attachment-3422\" class=\"wp-caption-text\">Genel klasman favorileri bir arada ve hepsi birbirini g\u00f6zl\u00fcyor&#8230;<\/p><\/div>\n<p><span style=\"font-family: georgia, palatino, serif; font-size: 12pt;\">Etab\u0131n bitmesine 37 km kala takip grubundan atak yap\u0131p ka\u00e7aklar\u0131 yakalayamaya giden Team SKY&#8217;dan Mikel Nieve zirvesinden 138. km&#8217;de ge\u00e7ilecek Cima Porzus t\u0131rman\u0131\u015f\u0131n\u0131 ilk s\u0131rada ge\u00e7ip ini\u015fte vites y\u00fckseltip, fark\u0131 a\u00e7t\u0131 ve \u00fczerine Cat2 s\u0131n\u0131f\u0131 Valle t\u0131rman\u0131\u015f\u0131n\u0131n da hakk\u0131n\u0131 verip ini\u015fte yakalanmadan etab\u0131 birincilikle bitirdi. Bu zafer Giro&#8217;dan umudu kesmi\u015f Team SKY i\u00e7in ila\u00e7 gibi geldi. Ayr\u0131ca, Nieve&#8217;nin de toplamda ikinci Giro zaferi.<\/span><\/p>\n<div id=\"attachment_3426\" style=\"width: 1011px\" class=\"wp-caption aligncenter\"><a href=\"https:\/\/i0.wp.com\/aynakol.org\/wp-content\/uploads\/2016\/05\/Giro2016_stage13_last_sprint.jpg\"><img data-recalc-dims=\"1\" loading=\"lazy\" decoding=\"async\" aria-describedby=\"caption-attachment-3426\" data-attachment-id=\"3426\" data-permalink=\"http:\/\/aynakol.org\/?attachment_id=3426\" data-orig-file=\"https:\/\/i0.wp.com\/aynakol.org\/wp-content\/uploads\/2016\/05\/Giro2016_stage13_last_sprint.jpg?fit=1001%2C665\" data-orig-size=\"1001,665\" data-comments-opened=\"1\" data-image-meta=\"{&quot;aperture&quot;:&quot;6.3&quot;,&quot;credit&quot;:&quot;Fotoreporter Sirotti Stefano&quot;,&quot;camera&quot;:&quot;NIKON D4&quot;,&quot;caption&quot;:&quot;&quot;,&quot;created_timestamp&quot;:&quot;1463756693&quot;,&quot;copyright&quot;:&quot;sirotti.it&quot;,&quot;focal_length&quot;:&quot;300&quot;,&quot;iso&quot;:&quot;800&quot;,&quot;shutter_speed&quot;:&quot;0.0005&quot;,&quot;title&quot;:&quot;&quot;,&quot;orientation&quot;:&quot;1&quot;}\" data-image-title=\"Giro2016_stage13_last_sprint\" data-image-description=\"\" data-image-caption=\"\" data-large-file=\"https:\/\/i0.wp.com\/aynakol.org\/wp-content\/uploads\/2016\/05\/Giro2016_stage13_last_sprint.jpg?fit=860%2C571\" class=\"wp-image-3426 size-full\" src=\"https:\/\/i0.wp.com\/aynakol.org\/wp-content\/uploads\/2016\/05\/Giro2016_stage13_last_sprint.jpg?resize=860%2C571\" alt=\"Giro2016_stage13_last_sprint\" width=\"860\" height=\"571\" srcset=\"https:\/\/i0.wp.com\/aynakol.org\/wp-content\/uploads\/2016\/05\/Giro2016_stage13_last_sprint.jpg?w=1001 1001w, https:\/\/i0.wp.com\/aynakol.org\/wp-content\/uploads\/2016\/05\/Giro2016_stage13_last_sprint.jpg?resize=300%2C199 300w, https:\/\/i0.wp.com\/aynakol.org\/wp-content\/uploads\/2016\/05\/Giro2016_stage13_last_sprint.jpg?resize=768%2C510 768w\" sizes=\"auto, (max-width: 860px) 100vw, 860px\" \/><\/a><p id=\"caption-attachment-3426\" class=\"wp-caption-text\">Favoriler aras\u0131nda g\u00fcn\u00fcn kazanan\u0131 s\u00fcrekli atak halinde olan Nibali oldu, zira geriye kalan bonus zamanlardan 4 saniyeyi kapan Nibali, Valverde ile olan fark\u0131 2 saniyeye \u00e7\u0131kartt\u0131.<\/p><\/div>\n<p><span id=\"fbPhotoSnowliftCaption\" class=\"fbPhotosPhotoCaption\" style=\"font-family: georgia, palatino, serif; font-size: 12pt;\" tabindex=\"0\" data-ft=\"{&quot;tn&quot;:&quot;K&quot;}\"><span class=\"hasCaption\">Nieve zafer pozunu verip \u00e7oktan tebrikleri kabul etmeye ba\u015flam\u0131\u015fken favorilerden olu\u015fan elit peloton da 1&#8217;17&#8221; dakika sonra biti\u015f \u00e7izgisinden ge\u00e7iyordu. Favorilerin m\u00fccadelesi ise Nieve ve Visconti&#8217;den geriye kalan 4 saniyelik bonus zaman idi ki, m\u00fccadeleden k\u00e2rl\u0131 \u00e7\u0131kan isim g\u00fcn boyu atak yapan Nibali oldu.<\/span><\/span><\/p>\n<div id=\"attachment_3425\" style=\"width: 1011px\" class=\"wp-caption aligncenter\"><a href=\"https:\/\/i0.wp.com\/aynakol.org\/wp-content\/uploads\/2016\/05\/Giro2016_stage13_Andrey_Amador_in_pink.jpg\"><img data-recalc-dims=\"1\" loading=\"lazy\" decoding=\"async\" aria-describedby=\"caption-attachment-3425\" data-attachment-id=\"3425\" data-permalink=\"http:\/\/aynakol.org\/?attachment_id=3425\" data-orig-file=\"https:\/\/i0.wp.com\/aynakol.org\/wp-content\/uploads\/2016\/05\/Giro2016_stage13_Andrey_Amador_in_pink.jpg?fit=1001%2C666\" data-orig-size=\"1001,666\" data-comments-opened=\"1\" data-image-meta=\"{&quot;aperture&quot;:&quot;5.3&quot;,&quot;credit&quot;:&quot;Fotoreporter Sirotti Stefano&quot;,&quot;camera&quot;:&quot;NIKON D3&quot;,&quot;caption&quot;:&quot;&quot;,&quot;created_timestamp&quot;:&quot;1463743230&quot;,&quot;copyright&quot;:&quot;sirotti.it&quot;,&quot;focal_length&quot;:&quot;92&quot;,&quot;iso&quot;:&quot;1000&quot;,&quot;shutter_speed&quot;:&quot;0.0015625&quot;,&quot;title&quot;:&quot;&quot;,&quot;orientation&quot;:&quot;1&quot;}\" data-image-title=\"Giro2016_stage13_Andrey_Amador_in_pink\" data-image-description=\"\" data-image-caption=\"\" data-large-file=\"https:\/\/i0.wp.com\/aynakol.org\/wp-content\/uploads\/2016\/05\/Giro2016_stage13_Andrey_Amador_in_pink.jpg?fit=860%2C572\" class=\"wp-image-3425 size-full\" src=\"https:\/\/i0.wp.com\/aynakol.org\/wp-content\/uploads\/2016\/05\/Giro2016_stage13_Andrey_Amador_in_pink.jpg?resize=860%2C572\" alt=\"Giro2016_stage13_Andrey_Amador_in_pink\" width=\"860\" height=\"572\" srcset=\"https:\/\/i0.wp.com\/aynakol.org\/wp-content\/uploads\/2016\/05\/Giro2016_stage13_Andrey_Amador_in_pink.jpg?w=1001 1001w, https:\/\/i0.wp.com\/aynakol.org\/wp-content\/uploads\/2016\/05\/Giro2016_stage13_Andrey_Amador_in_pink.jpg?resize=300%2C200 300w, https:\/\/i0.wp.com\/aynakol.org\/wp-content\/uploads\/2016\/05\/Giro2016_stage13_Andrey_Amador_in_pink.jpg?resize=768%2C511 768w\" sizes=\"auto, (max-width: 860px) 100vw, 860px\" \/><\/a><p id=\"caption-attachment-3425\" class=\"wp-caption-text\">Amador, ge\u00e7en seneki Giro&#8217;yu d\u00f6rd\u00fcnc\u00fc s\u0131rada bitirmi\u015fti.<\/p><\/div>\n<p><span id=\"fbPhotoSnowliftCaption\" class=\"fbPhotosPhotoCaption\" style=\"font-family: georgia, palatino, serif; font-size: 12pt;\" tabindex=\"0\" data-ft=\"{&quot;tn&quot;:&quot;K&quot;}\"><span class=\"hasCaption\">G\u00fcn\u00fcn sonunda pembe mayo el de\u011fi\u015ftirdi: Nibali&#8217;nin sonu bitmek bilmeyen ataklar\u0131 Bob Jungels&#8217;i silkeleyince mayo da en yak\u0131n isme, Andrey Amador&#8217;a gitti. Ancak uzun kalmayacak gibi mayo Amador&#8217;da, \u00e7\u00fcnk\u00fc tak\u0131m\u0131n kaptan\u0131 Valverde.<\/span><\/span><\/p>\n<pre><b>13. Etap sonras\u0131 genel klasman<\/b>\r\nCRC  1  AMADOR BIKKAZAKOVA, Andrey (MOVISTAR)           54:05:50\r\nLUX  2  JUNGELS, Bob (ETIXX - QUICK STEP)                 +   26\r\nITA  3  NIBALI, Vincenzo (ASTANA)                         +   41\r\nESP  4  VALVERDE BELMONTE, Alejandro (MOVISTAR)           +   43\r\nNED  5  KRUIJSWIJK, Steven (LOTTO NL - JUMBO)           \r\nPOL  6  MAJKA, Rafal (TINKOFF)                            + 1:37\r\nRUS  7  ZAKARIN, Ilnur (KATUSHA)                          + 2:01\r\nCOL  8  CHAVES RUBIO, Johan Esteban (ORICA GreenEDGE)     + 2:19\r\nCOL  9  URAN URAN, Rigoberto (CANNONDALE)                 + 2:48\r\nDEN  10 FUGLSANG, Jakob (ASTANA)                          + 3:15<\/pre>\n<p><span id=\"fbPhotoSnowliftCaption\" class=\"fbPhotosPhotoCaption\" style=\"font-family: georgia, palatino, serif; font-size: 12pt;\" tabindex=\"0\" data-ft=\"{&quot;tn&quot;:&quot;K&quot;}\"><span class=\"hasCaption\">Daha fazlas\u0131 i\u00e7in:\u00a0<\/span><\/span><\/p>\n<ul>\n<li><span style=\"font-family: georgia, palatino, serif; font-size: 12pt;\">Ek\u015fi S\u00f6zl\u00fck yazar\u0131 Zeddicus zu l Zorander yazd\u0131: <a href=\"https:\/\/eksisozluk.com\/entry\/60641747\" target=\"_blank\">12. Etapta ne oldu ne ya\u015fand\u0131?<\/a>\u00a0<\/span><\/li>\n<li><span style=\"font-family: georgia, palatino, serif; font-size: 12pt;\">S\u0131ral\u0131 tam liste: <a href=\"http:\/\/www.procyclingstats.com\/race\/Giro_Italia_2016_Stage_13_GC\" target=\"_blank\">ProCyclingStats.com<\/a><\/span><\/li>\n<li><span style=\"font-family: georgia, palatino, serif; font-size: 12pt;\">Etap sonras\u0131 her \u015fey: <a href=\"http:\/\/www.steephill.tv\/giro-d-italia\/#13-results-2016\" target=\"_blank\">SteepHill.TV<\/a><\/span><\/li>\n<li><span style=\"font-family: georgia, palatino, serif; font-size: 12pt;\">Foto\u011fraflar: <a href=\"http:\/\/velonews.competitor.com\/2016\/05\/gallery\/gallery-2016-giro-ditalia-stage-13_406680\" target=\"_blank\">VeloNews<\/a><\/span><\/li>\n<\/ul>\n<div class=\"sharedaddy sd-sharing-enabled\"><\/div>\n<p>&nbsp;<\/p>\n","protected":false},"excerpt":{"rendered":"<p>D\u00fcnk\u00fc etapta neler olmu\u015ftu? Bug\u00fcnk\u00fc da\u011fl\u0131k etap \u00f6ncesi aktif dinlenme \u015feklinde ge\u00e7en etapta kazanan etap 20. b\u00fcy\u00fck tur zaferine ula\u015fan Andrei Greipel\u00a0olurken genel klasmanda herhangi [&#8230;]<\/p>\n","protected":false},"author":1,"featured_media":0,"comment_status":"open","ping_status":"open","sticky":false,"template":"","format":"standard","meta":{"jetpack_post_was_ever_published":false,"_jetpack_newsletter_access":"","_jetpack_dont_email_post_to_subs":false,"_jetpack_newsletter_tier_id":0,"_jetpack_memberships_contains_paywalled_content":false,"_jetpack_memberships_contains_paid_content":false,"footnotes":"","jetpack_publicize_message":"13. Etap ve \u00fcstelik cuma! Madonna del Ghisallo pelotonu kutsay\u0131p korusun. Amen! Duam\u0131z\u0131 da ettikten sonra da\u011flara merhaba diyebiliriz! G\u00fcn\u00fcn men\u00fcs\u00fcnde iki\u015fer adet Cat1 ve Cat2, toplamda 4 t\u0131rman\u0131\u015f var. Ancak hi\u00e7birisi zirve biti\u015fine ev sahipli\u011fi yapm\u0131yor. Son t\u0131rman\u0131\u015f Valle'nin zirvesinden ilk ge\u00e7en ismin zafer i\u00e7in s\u0131k\u0131 \u00e7al\u0131\u015fmas\u0131 laz\u0131m!","jetpack_publicize_feature_enabled":true,"jetpack_social_post_already_shared":true,"jetpack_social_options":{"image_generator_settings":{"template":"highway","default_image_id":0,"font":"","enabled":false},"version":2}},"categories":[1239,588],"tags":[65,1254,1253,32,33,794,22,223],"class_list":["post-3413","post","type-post","status-publish","format-standard","hentry","category-giro-ditalia","category-gran-fondo","tag-alejandro-valverde","tag-andrey-amador","tag-bub-jungels","tag-giro","tag-giro-ditalia","tag-girotr","tag-movistar","tag-vincenzo-nibali"],"jetpack_publicize_connections":[],"jetpack_featured_media_url":"","jetpack_sharing_enabled":true,"jetpack_shortlink":"https:\/\/wp.me\/p51p4O-T3","jetpack_likes_enabled":true,"jetpack-related-posts":[{"id":7276,"url":"http:\/\/aynakol.org\/?p=7276","url_meta":{"origin":3413,"position":0},"title":"#giro106tr 8. Etap: Teri \u2192 Fossombrone, 207 km","author":"Ayd\u0131n Bez","date":"13 May\u0131s 2023","format":false,"excerpt":"D\u00fcnk\u00fc etapta neler oldu? Gran Sasso d'Italia zirvesinde sona eren 218 km uzunlu\u011fundaki 7. etapta zaferin ad\u0131 Davide Bais! EOLA - Kometa tak\u0131m\u0131n\u0131n 25 ya\u015f\u0131ndaki \u0130talyan pedal\u0131 g\u00fcn\u00fcn orjinal ka\u00e7\u0131\u015f\u0131ndan zafere uzanan isim; ilk Giro etap zaferi! Atanamam\u0131\u015f prenses etab\u0131n biti\u015f \u00e7izgisine ev sahipli\u011fi yapan karla kapl\u0131 zorlu Campo \u0130mperatore\u2026","rel":"","context":"&quot;Giro d'Italia&quot; i\u00e7inde","block_context":{"text":"Giro d'Italia","link":"http:\/\/aynakol.org\/?cat=1239"},"img":{"alt_text":"","src":"https:\/\/i0.wp.com\/aynakol.org\/wp-content\/uploads\/2023\/05\/giro106_stage8_peloton.jpg?fit=1024%2C768&resize=350%2C200","width":350,"height":200,"srcset":"https:\/\/i0.wp.com\/aynakol.org\/wp-content\/uploads\/2023\/05\/giro106_stage8_peloton.jpg?fit=1024%2C768&resize=350%2C200 1x, https:\/\/i0.wp.com\/aynakol.org\/wp-content\/uploads\/2023\/05\/giro106_stage8_peloton.jpg?fit=1024%2C768&resize=525%2C300 1.5x, https:\/\/i0.wp.com\/aynakol.org\/wp-content\/uploads\/2023\/05\/giro106_stage8_peloton.jpg?fit=1024%2C768&resize=700%2C400 2x"},"classes":[]},{"id":8841,"url":"http:\/\/aynakol.org\/?p=8841","url_meta":{"origin":3413,"position":1},"title":"Giro d&#8217;Italia 2024 A\u00e7\u0131l\u0131\u015f Etab\u0131: Venaria Reale > Torino, 140 km","author":"Ayd\u0131n Bez","date":"4 May\u0131s 2024","format":false,"excerpt":"R\u00fczgar gibi gelip ge\u00e7en Bahar Klasikleri sezonu sonras\u0131 11 ay\u0131n sultan\u0131 Giro d'Italia huzurlar\u0131n\u0131zda! 21 g\u00fcnl\u00fck macera yine, yeniden Torinodan ba\u015flarken 21 g\u00fcn\u00fcn sonunda 3408 km dolana dolana \u00e7izme boyunca Romada sona erececek; adettendir t\u00fcm yollar Romaya \u00e7\u0131kar! \u00a0 A\u00e7\u0131l\u0131\u015f etaplar\u0131n\u0131n al\u0131\u015f\u0131lagelen kal\u0131plar\u0131n\u0131 y\u0131kmaya devam eden Giro, yine \u015fa\u015f\u0131rtmad\u0131 bizi:\u2026","rel":"","context":"&quot;Giro d'Italia&quot; i\u00e7inde","block_context":{"text":"Giro d'Italia","link":"http:\/\/aynakol.org\/?cat=1239"},"img":{"alt_text":"","src":"https:\/\/i0.wp.com\/aynakol.org\/wp-content\/uploads\/2017\/05\/Giro2017_prize-e1494621642314.jpg?fit=1001%2C437&resize=350%2C200","width":350,"height":200,"srcset":"https:\/\/i0.wp.com\/aynakol.org\/wp-content\/uploads\/2017\/05\/Giro2017_prize-e1494621642314.jpg?fit=1001%2C437&resize=350%2C200 1x, https:\/\/i0.wp.com\/aynakol.org\/wp-content\/uploads\/2017\/05\/Giro2017_prize-e1494621642314.jpg?fit=1001%2C437&resize=525%2C300 1.5x, https:\/\/i0.wp.com\/aynakol.org\/wp-content\/uploads\/2017\/05\/Giro2017_prize-e1494621642314.jpg?fit=1001%2C437&resize=700%2C400 2x"},"classes":[]},{"id":1187,"url":"http:\/\/aynakol.org\/?p=1187","url_meta":{"origin":3413,"position":2},"title":"#Giro2015 14. Etap: Treviso \u2192 Valdobbiadene, 59.2 km","author":"Ayd\u0131n Bez","date":"23 May\u0131s 2015","format":false,"excerpt":"Zamana kar\u015f\u0131 etab\u0131ndan \u00f6nce 13. etab\u0131n k\u0131sa \u00f6zeti: d\u00fcmd\u00fcz, nehir boyunca uzanan bir 147 km, yine ya\u011f\u0131\u015fl\u0131, r\u00fczgarl\u0131 ve \u0131slak, kaygan yollar ve d\u00fc\u015fenler, etab\u0131n bitmesine 3300 metre kala kaza oldu ve \u00f6ndekiler etab\u0131 al\u0131rken kazaya kar\u0131\u015fanlar ve bekleyenler de etaptan oldu, g\u00fcn\u00fcn \u015fans\u0131z\u0131 ise kaza y\u00fcz\u00fcnden etab\u0131 40 saniye\u2026","rel":"","context":"&quot;Grand Tour&quot; i\u00e7inde","block_context":{"text":"Grand Tour","link":"http:\/\/aynakol.org\/?cat=92"},"img":{"alt_text":"","src":"https:\/\/i0.wp.com\/aynakol.org\/wp-content\/uploads\/2015\/05\/wpid-img_20150510_072533.jpg?fit=1200%2C400&resize=350%2C200","width":350,"height":200,"srcset":"https:\/\/i0.wp.com\/aynakol.org\/wp-content\/uploads\/2015\/05\/wpid-img_20150510_072533.jpg?fit=1200%2C400&resize=350%2C200 1x, https:\/\/i0.wp.com\/aynakol.org\/wp-content\/uploads\/2015\/05\/wpid-img_20150510_072533.jpg?fit=1200%2C400&resize=525%2C300 1.5x, https:\/\/i0.wp.com\/aynakol.org\/wp-content\/uploads\/2015\/05\/wpid-img_20150510_072533.jpg?fit=1200%2C400&resize=700%2C400 2x, https:\/\/i0.wp.com\/aynakol.org\/wp-content\/uploads\/2015\/05\/wpid-img_20150510_072533.jpg?fit=1200%2C400&resize=1050%2C600 3x"},"classes":[]},{"id":7287,"url":"http:\/\/aynakol.org\/?p=7287","url_meta":{"origin":3413,"position":3},"title":"#giro106tr 9. Etap: Savignano sul Rubicone \u2192 Cesena, 33.6km [ITT]","author":"Ayd\u0131n Bez","date":"13 May\u0131s 2023","format":false,"excerpt":"Bug\u00fcnk\u00fc etapta neler olmu\u015ftu? Nas\u0131l da ters k\u00f6\u015fe olduk ama? Fare do\u011furacak dedi\u011fimiz 8. etap da\u011f do\u011furdu resmen! Teri \u2192 Fossombrone kom\u00fcnleri aras\u0131nda pedallanan 207 km uzunlu\u011fundaki etap g\u00f6rece kolay ve bireysel zamana kar\u015f\u0131 etab\u0131 \u00f6ncesi dinlene dinle ge\u00e7ilir derken Ben Healy oyunu bozdu, ka\u00e7\u0131\u015f karde\u015fli\u011fi bir yere kadar dedi\u2026","rel":"","context":"&quot;Giro d'Italia&quot; i\u00e7inde","block_context":{"text":"Giro d'Italia","link":"http:\/\/aynakol.org\/?cat=1239"},"img":{"alt_text":"","src":"https:\/\/i0.wp.com\/aynakol.org\/wp-content\/uploads\/2023\/05\/giro106_stage8_peloton-1-scaled.jpg?fit=1200%2C800&resize=350%2C200","width":350,"height":200,"srcset":"https:\/\/i0.wp.com\/aynakol.org\/wp-content\/uploads\/2023\/05\/giro106_stage8_peloton-1-scaled.jpg?fit=1200%2C800&resize=350%2C200 1x, https:\/\/i0.wp.com\/aynakol.org\/wp-content\/uploads\/2023\/05\/giro106_stage8_peloton-1-scaled.jpg?fit=1200%2C800&resize=525%2C300 1.5x, https:\/\/i0.wp.com\/aynakol.org\/wp-content\/uploads\/2023\/05\/giro106_stage8_peloton-1-scaled.jpg?fit=1200%2C800&resize=700%2C400 2x, https:\/\/i0.wp.com\/aynakol.org\/wp-content\/uploads\/2023\/05\/giro106_stage8_peloton-1-scaled.jpg?fit=1200%2C800&resize=1050%2C600 3x"},"classes":[]},{"id":6604,"url":"http:\/\/aynakol.org\/?p=6604","url_meta":{"origin":3413,"position":4},"title":"Giro2021 9. Etap: Castel di Sangro \u2192 Campo Felice (Rocca di Cambio), 160 km","author":"Ayd\u0131n Bez","date":"16 May\u0131s 2021","format":false,"excerpt":"Giro d'Italia 2021 de ilk haftan\u0131n krali\u00e7e etab\u0131na (asl\u0131nda ara krali\u00e7e mi demeli?) ge\u00e7meden \u00f6nce ka\u00e7\u0131\u015f\u0131n h\u00fckmedip zaferle ta\u00e7land\u0131rd\u0131\u011f\u0131 8. etaba bakal\u0131m... D\u00fcnk\u00fc etapta neler olmu\u015ftu? Ba\u015ftan sona ka\u00e7\u0131\u015f i\u00e7in \u00e7izilmi\u015f demi\u015ftik Guardia Sanframondi tepeci\u011finde sona eren 173 km uzunul\u011fundaki 8. etap i\u00e7in; nitekim peloton ilk yar\u0131s\u0131nda izin vermese de\u2026","rel":"","context":"&quot;Giro d'Italia&quot; i\u00e7inde","block_context":{"text":"Giro d'Italia","link":"http:\/\/aynakol.org\/?cat=1239"},"img":{"alt_text":"","src":"https:\/\/i0.wp.com\/aynakol.org\/wp-content\/uploads\/2021\/05\/stage7_peloton.jpg?fit=1200%2C800&resize=350%2C200","width":350,"height":200,"srcset":"https:\/\/i0.wp.com\/aynakol.org\/wp-content\/uploads\/2021\/05\/stage7_peloton.jpg?fit=1200%2C800&resize=350%2C200 1x, https:\/\/i0.wp.com\/aynakol.org\/wp-content\/uploads\/2021\/05\/stage7_peloton.jpg?fit=1200%2C800&resize=525%2C300 1.5x, https:\/\/i0.wp.com\/aynakol.org\/wp-content\/uploads\/2021\/05\/stage7_peloton.jpg?fit=1200%2C800&resize=700%2C400 2x, https:\/\/i0.wp.com\/aynakol.org\/wp-content\/uploads\/2021\/05\/stage7_peloton.jpg?fit=1200%2C800&resize=1050%2C600 3x"},"classes":[]},{"id":9259,"url":"http:\/\/aynakol.org\/?p=9259","url_meta":{"origin":3413,"position":5},"title":"Giro d&#8217;Italia 2025 10. Etap: Lucca\u203aPisa, 28,6 km","author":"Ayd\u0131n Bez","date":"19 May\u0131s 2025","format":false,"excerpt":"D\u00fcnk\u00fc etapta neler olmu\u015ftu? Ve \u015feytan\u0131n pedal\u0131 k\u0131r\u0131ld\u0131! Uzun, upuzun bir zafersizlikten sonra Wout van Aert sonunda bir etap kazand\u0131! Isaac del Toro ile ya\u015fanan dahas\u0131 Carapazdan Bernale dek uzanan G\u00fcney Amerika liginde tek Avrupal\u0131 olarak verdi\u011fi m\u00fccadele sonras\u0131 zafere uzanan van Aert mental esaret zincirini de k\u0131rm\u0131\u015f oldu! Kolay\u2026","rel":"","context":"&quot;Giro d'Italia&quot; i\u00e7inde","block_context":{"text":"Giro d'Italia","link":"http:\/\/aynakol.org\/?cat=1239"},"img":{"alt_text":"","src":"","width":0,"height":0},"classes":[]}],"_links":{"self":[{"href":"http:\/\/aynakol.org\/index.php?rest_route=\/wp\/v2\/posts\/3413","targetHints":{"allow":["GET"]}}],"collection":[{"href":"http:\/\/aynakol.org\/index.php?rest_route=\/wp\/v2\/posts"}],"about":[{"href":"http:\/\/aynakol.org\/index.php?rest_route=\/wp\/v2\/types\/post"}],"author":[{"embeddable":true,"href":"http:\/\/aynakol.org\/index.php?rest_route=\/wp\/v2\/users\/1"}],"replies":[{"embeddable":true,"href":"http:\/\/aynakol.org\/index.php?rest_route=%2Fwp%2Fv2%2Fcomments&post=3413"}],"version-history":[{"count":3,"href":"http:\/\/aynakol.org\/index.php?rest_route=\/wp\/v2\/posts\/3413\/revisions"}],"predecessor-version":[{"id":3428,"href":"http:\/\/aynakol.org\/index.php?rest_route=\/wp\/v2\/posts\/3413\/revisions\/3428"}],"wp:attachment":[{"href":"http:\/\/aynakol.org\/index.php?rest_route=%2Fwp%2Fv2%2Fmedia&parent=3413"}],"wp:term":[{"taxonomy":"category","embeddable":true,"href":"http:\/\/aynakol.org\/index.php?rest_route=%2Fwp%2Fv2%2Fcategories&post=3413"},{"taxonomy":"post_tag","embeddable":true,"href":"http:\/\/aynakol.org\/index.php?rest_route=%2Fwp%2Fv2%2Ftags&post=3413"}],"curies":[{"name":"wp","href":"https:\/\/api.w.org\/{rel}","templated":true}]}}