{"id":3429,"date":"2016-05-21T10:10:34","date_gmt":"2016-05-21T07:10:34","guid":{"rendered":"http:\/\/aynakol.org\/?p=3429"},"modified":"2016-05-21T22:09:59","modified_gmt":"2016-05-21T19:09:59","slug":"giro2016-14-etap-alpago-%e2%86%92-corvara-210-km","status":"publish","type":"post","link":"http:\/\/aynakol.org\/?p=3429","title":{"rendered":"Giro2016 14. Etap: Alpago \u2192 Corvara, 210 km"},"content":{"rendered":"<p><span style=\"font-size: 14pt; font-family: georgia, palatino, serif;\"><strong>D\u00fcnk\u00fc etapta neler olmu\u015ftu?<\/strong><\/span><\/p>\n<p><span style=\"font-family: georgia, palatino, serif; font-size: 12pt;\">Etab\u0131 Giro&#8217;daki laneti s\u00fcren Team SKY&#8217;\u0131n \u0130spanyol pedal\u0131 Mikel Nieve kazan\u0131rken t\u0131rman\u0131\u015flarda Bob Jungels, Astana ve Nibali&#8217;nin bitmek bilmeyen ataklar\u0131 sonras\u0131 geriye d\u00fc\u015f\u00fcnce s\u0131ralamadaki en yak\u0131n isim Andrey Amador pembe mayoya uzanm\u0131\u015ft\u0131. G\u00fcn\u00fcn di\u011fer bir kazanan\u0131 da, \u015fimdilik, favorilerle birlikte girdi\u011fi biti\u015f \u00e7izgisinden ilk s\u0131rada ge\u00e7erek geriye kalan bonus zamanlar\u0131 toplayan Vincenzo Nibali oldu.<\/span><\/p>\n<p>&nbsp;<\/p>\n<p><span style=\"font-size: 14pt; font-family: georgia, palatino, serif;\"><strong>Etap hakk\u0131nda<\/strong><\/span><\/p>\n<p><span style=\"font-family: georgia, palatino, serif; font-size: 12pt;\">D\u00fcn itibariyle as\u0131l Giro ba\u015fl\u0131yor demi\u015ftik, zira art\u0131k d\u00fcz etap yok \u00f6n\u00fcm\u00fczde. Bug\u00fcnk\u00fc etapta t\u0131rman\u0131\u015flar daha fazla, daha zor. Ancak yine de bir zirve biti\u015fi kar\u015f\u0131m\u0131zda yok.<\/span><\/p>\n<p><span style=\"font-family: georgia, palatino, serif; font-size: 12pt;\"><a href=\"http:\/\/aynakol.org\/wp-content\/uploads\/2016\/05\/Giro2016_stage14_map.jpg\" target=\"_blank\">Alpago \u2192 Corvara aras\u0131nda pedallanacak<\/a> 14. etap\u00a0210 km uzunlu\u011funda ve s\u00fcrekli bir t\u0131rman\u0131\u015f halinde olacak peloton.<\/span><\/p>\n<div id=\"attachment_3098\" style=\"width: 810px\" class=\"wp-caption aligncenter\"><a href=\"https:\/\/i0.wp.com\/aynakol.org\/wp-content\/uploads\/2016\/05\/Giro2016_stage14_profile.jpg\"><img data-recalc-dims=\"1\" loading=\"lazy\" decoding=\"async\" aria-describedby=\"caption-attachment-3098\" data-attachment-id=\"3098\" data-permalink=\"http:\/\/aynakol.org\/?attachment_id=3098\" data-orig-file=\"https:\/\/i0.wp.com\/aynakol.org\/wp-content\/uploads\/2016\/05\/Giro2016_stage14_profile.jpg?fit=800%2C576\" data-orig-size=\"800,576\" data-comments-opened=\"1\" data-image-meta=\"{&quot;aperture&quot;:&quot;0&quot;,&quot;credit&quot;:&quot;&quot;,&quot;camera&quot;:&quot;&quot;,&quot;caption&quot;:&quot;&quot;,&quot;created_timestamp&quot;:&quot;1459720186&quot;,&quot;copyright&quot;:&quot;&quot;,&quot;focal_length&quot;:&quot;0&quot;,&quot;iso&quot;:&quot;0&quot;,&quot;shutter_speed&quot;:&quot;0&quot;,&quot;title&quot;:&quot;T15_MadonnaDC_2_alt&quot;,&quot;orientation&quot;:&quot;1&quot;}\" data-image-title=\"T15_MadonnaDC_2_alt\" data-image-description=\"\" data-image-caption=\"\" data-large-file=\"https:\/\/i0.wp.com\/aynakol.org\/wp-content\/uploads\/2016\/05\/Giro2016_stage14_profile.jpg?fit=800%2C576\" class=\"wp-image-3098 size-full\" src=\"https:\/\/i0.wp.com\/aynakol.org\/wp-content\/uploads\/2016\/05\/Giro2016_stage14_profile.jpg?resize=800%2C576\" alt=\"T15_MadonnaDC_2_alt\" width=\"800\" height=\"576\" srcset=\"https:\/\/i0.wp.com\/aynakol.org\/wp-content\/uploads\/2016\/05\/Giro2016_stage14_profile.jpg?w=800 800w, https:\/\/i0.wp.com\/aynakol.org\/wp-content\/uploads\/2016\/05\/Giro2016_stage14_profile.jpg?resize=300%2C216 300w, https:\/\/i0.wp.com\/aynakol.org\/wp-content\/uploads\/2016\/05\/Giro2016_stage14_profile.jpg?resize=768%2C553 768w\" sizes=\"auto, (max-width: 800px) 100vw, 800px\" \/><\/a><p id=\"caption-attachment-3098\" class=\"wp-caption-text\">14. Etap profili: Asl\u0131nda etab\u0131n \u00f6zeti son derece basit: \u00e7\u0131k, in, \u00e7\u0131k, in, \u00e7\u0131k ve in, \u00e7\u0131k, in, \u00e7\u0131k, in, \u00e7\u0131k ve sprint m\u00fccadelesi yap!<\/p><\/div>\n<p>&nbsp;<\/p>\n<p><span style=\"font-size: 12pt; font-family: georgia, palatino, serif;\">Profilden anla\u015f\u0131laca\u011f\u0131 gibi g\u00fcn\u00fcn as\u0131l derdi pelotona de\u011fil, favorilere; zira pembe mayoya ula\u015fmak istiyorlarsa bir an olsun zay\u0131f ve yorgun g\u00f6r\u00fcnmemeliler, yoksa an\u0131nda silkelemek i\u00e7in ataklar ba\u015flayacak demektir. Peloton mu,\u00a0\u00f6n\u00fcm\u00fczdeki etaplar boyunca kendilerinden grupetto olarak bahsedebiliriz. \u00c7\u00fcnk\u00fc as\u0131l m\u00fccadele pelotonun \u00f6n\u00fcnde genel klasman favorilerinden olu\u015fan elit t\u0131rman\u0131\u015f\u00e7\u0131lar ve domestikleri aras\u0131nda olacak, geri kalan herkes ara sprint kap\u0131lar\u0131nda puanlar i\u00e7in m\u00fccadele edip geriye ge\u00e7erek zaman s\u0131n\u0131r\u0131na tak\u0131lmamaya \u00e7al\u0131\u015farak etab\u0131 bitirmeye odaklanabilir.<\/span><\/p>\n<div id=\"attachment_3430\" style=\"width: 999px\" class=\"wp-caption aligncenter\"><a href=\"https:\/\/i0.wp.com\/aynakol.org\/wp-content\/uploads\/2016\/05\/Giro2016_stage14_first_climb_passo_pordio.jpg\"><img data-recalc-dims=\"1\" loading=\"lazy\" decoding=\"async\" aria-describedby=\"caption-attachment-3430\" data-attachment-id=\"3430\" data-permalink=\"http:\/\/aynakol.org\/?attachment_id=3430\" data-orig-file=\"https:\/\/i0.wp.com\/aynakol.org\/wp-content\/uploads\/2016\/05\/Giro2016_stage14_first_climb_passo_pordio.jpg?fit=989%2C666\" data-orig-size=\"989,666\" data-comments-opened=\"1\" data-image-meta=\"{&quot;aperture&quot;:&quot;0&quot;,&quot;credit&quot;:&quot;&quot;,&quot;camera&quot;:&quot;&quot;,&quot;caption&quot;:&quot;&quot;,&quot;created_timestamp&quot;:&quot;0&quot;,&quot;copyright&quot;:&quot;&quot;,&quot;focal_length&quot;:&quot;0&quot;,&quot;iso&quot;:&quot;0&quot;,&quot;shutter_speed&quot;:&quot;0&quot;,&quot;title&quot;:&quot;S05_Valcava_3D&quot;,&quot;orientation&quot;:&quot;1&quot;}\" data-image-title=\"S05_Valcava_3D\" data-image-description=\"\" data-image-caption=\"\" data-large-file=\"https:\/\/i0.wp.com\/aynakol.org\/wp-content\/uploads\/2016\/05\/Giro2016_stage14_first_climb_passo_pordio.jpg?fit=860%2C579\" class=\"wp-image-3430 size-full\" src=\"https:\/\/i0.wp.com\/aynakol.org\/wp-content\/uploads\/2016\/05\/Giro2016_stage14_first_climb_passo_pordio.jpg?resize=860%2C579\" alt=\"S05_Valcava_3D\" width=\"860\" height=\"579\" srcset=\"https:\/\/i0.wp.com\/aynakol.org\/wp-content\/uploads\/2016\/05\/Giro2016_stage14_first_climb_passo_pordio.jpg?w=989 989w, https:\/\/i0.wp.com\/aynakol.org\/wp-content\/uploads\/2016\/05\/Giro2016_stage14_first_climb_passo_pordio.jpg?resize=300%2C202 300w, https:\/\/i0.wp.com\/aynakol.org\/wp-content\/uploads\/2016\/05\/Giro2016_stage14_first_climb_passo_pordio.jpg?resize=768%2C517 768w\" sizes=\"auto, (max-width: 860px) 100vw, 860px\" \/><\/a><p id=\"caption-attachment-3430\" class=\"wp-caption-text\">G\u00fcn\u00fcn ilk t\u0131rman\u0131\u015f\u0131 Passo Pordio: 9250 metre uzunlu\u011funda ve ortalama %7 e\u011fime sahip.<\/p><\/div>\n<p>&nbsp;<\/p>\n<p><span style=\"font-family: georgia, palatino, serif; font-size: 12pt;\">Etapta iki adet Cat1, \u00fc\u00e7 adet Cat2 ve bir de Cat3 s\u0131n\u0131f\u0131 t\u0131rman\u0131\u015f bulunuyor. Cat1 s\u0131n\u0131f\u0131ndaki Passo Pordio ge\u00e7idi zirvesine dek peloton neredeyse 95 km t\u0131rmanacak; tamam saf bir t\u0131rman\u0131\u015f de\u011fil ama d\u00fcz g\u00f6r\u00fcnse de irtifa 400 metreden 2239 metreye dek \u00e7\u0131kacak. Sonras\u0131nda ise minimum irtifa 1300 metre dolaylar\u0131nda olacak, yani da\u011f ge\u00e7itlerinde dolanmaya devam. <\/span><\/p>\n<div id=\"attachment_3431\" style=\"width: 999px\" class=\"wp-caption aligncenter\"><a href=\"https:\/\/i0.wp.com\/aynakol.org\/wp-content\/uploads\/2016\/05\/Giro2016_stage14_first_climb_passo_giau.jpg\"><img data-recalc-dims=\"1\" loading=\"lazy\" decoding=\"async\" aria-describedby=\"caption-attachment-3431\" data-attachment-id=\"3431\" data-permalink=\"http:\/\/aynakol.org\/?attachment_id=3431\" data-orig-file=\"https:\/\/i0.wp.com\/aynakol.org\/wp-content\/uploads\/2016\/05\/Giro2016_stage14_first_climb_passo_giau.jpg?fit=989%2C666\" data-orig-size=\"989,666\" data-comments-opened=\"1\" data-image-meta=\"{&quot;aperture&quot;:&quot;0&quot;,&quot;credit&quot;:&quot;&quot;,&quot;camera&quot;:&quot;&quot;,&quot;caption&quot;:&quot;&quot;,&quot;created_timestamp&quot;:&quot;0&quot;,&quot;copyright&quot;:&quot;&quot;,&quot;focal_length&quot;:&quot;0&quot;,&quot;iso&quot;:&quot;0&quot;,&quot;shutter_speed&quot;:&quot;0&quot;,&quot;title&quot;:&quot;T14_S05_Giau_alt&quot;,&quot;orientation&quot;:&quot;1&quot;}\" data-image-title=\"T14_S05_Giau_alt\" data-image-description=\"\" data-image-caption=\"\" data-large-file=\"https:\/\/i0.wp.com\/aynakol.org\/wp-content\/uploads\/2016\/05\/Giro2016_stage14_first_climb_passo_giau.jpg?fit=860%2C579\" class=\"wp-image-3431 size-full\" src=\"https:\/\/i0.wp.com\/aynakol.org\/wp-content\/uploads\/2016\/05\/Giro2016_stage14_first_climb_passo_giau.jpg?resize=860%2C579\" alt=\"T14_S05_Giau_alt\" width=\"860\" height=\"579\" srcset=\"https:\/\/i0.wp.com\/aynakol.org\/wp-content\/uploads\/2016\/05\/Giro2016_stage14_first_climb_passo_giau.jpg?w=989 989w, https:\/\/i0.wp.com\/aynakol.org\/wp-content\/uploads\/2016\/05\/Giro2016_stage14_first_climb_passo_giau.jpg?resize=300%2C202 300w, https:\/\/i0.wp.com\/aynakol.org\/wp-content\/uploads\/2016\/05\/Giro2016_stage14_first_climb_passo_giau.jpg?resize=768%2C517 768w\" sizes=\"auto, (max-width: 860px) 100vw, 860px\" \/><\/a><p id=\"caption-attachment-3431\" class=\"wp-caption-text\">G\u00fcn\u00fcn ikinci Cat1 s\u0131n\u0131f\u0131 t\u0131rman\u0131\u015f\u0131 ise Passo Giau: 9850 km uzunlu\u011fundaki da\u011f ge\u00e7idinin ortalama e\u011fimi %9,4!<\/p><\/div>\n<p><span style=\"font-family: georgia, palatino, serif; font-size: 12pt;\">Etab\u0131n \u00f6nemli bir di\u011fer noktas\u0131 ise da\u011flar\u0131n kral\u0131 mayosunun ciddi anlamda \u015fekillenmeye ba\u015flayacak olmas\u0131 ki bu da Damiano Cunego&#8217;yu atak g\u00f6rece\u011fiz demektir. G\u00fcn\u00fcn s\u0131n\u0131fland\u0131r\u0131lm\u0131\u015f son t\u0131rman\u0131\u015f\u0131 Passo Valparola\u00a0ge\u00e7idi etekleri ve ini\u015finde d\u00fcnk\u00fc etab\u0131n bir kopyas\u0131n\u0131 g\u00f6rebiliriz: favorilerin izin verdi\u011fi bir ka\u00e7\u0131\u015f etaba uzan\u0131rken favoriler de birbirlerini silkemeye \u00e7al\u0131\u015facakt\u0131r. <\/span><\/p>\n<div id=\"attachment_3432\" style=\"width: 999px\" class=\"wp-caption aligncenter\"><a href=\"https:\/\/i0.wp.com\/aynakol.org\/wp-content\/uploads\/2016\/05\/Giro2016_stage14_sixth_climb_passo_Valparola.jpg\"><img data-recalc-dims=\"1\" loading=\"lazy\" decoding=\"async\" aria-describedby=\"caption-attachment-3432\" data-attachment-id=\"3432\" data-permalink=\"http:\/\/aynakol.org\/?attachment_id=3432\" data-orig-file=\"https:\/\/i0.wp.com\/aynakol.org\/wp-content\/uploads\/2016\/05\/Giro2016_stage14_sixth_climb_passo_Valparola.jpg?fit=989%2C666\" data-orig-size=\"989,666\" data-comments-opened=\"1\" data-image-meta=\"{&quot;aperture&quot;:&quot;0&quot;,&quot;credit&quot;:&quot;&quot;,&quot;camera&quot;:&quot;&quot;,&quot;caption&quot;:&quot;&quot;,&quot;created_timestamp&quot;:&quot;0&quot;,&quot;copyright&quot;:&quot;&quot;,&quot;focal_length&quot;:&quot;0&quot;,&quot;iso&quot;:&quot;0&quot;,&quot;shutter_speed&quot;:&quot;0&quot;,&quot;title&quot;:&quot;T14_S06_Valparola&quot;,&quot;orientation&quot;:&quot;1&quot;}\" data-image-title=\"T14_S06_Valparola\" data-image-description=\"\" data-image-caption=\"\" data-large-file=\"https:\/\/i0.wp.com\/aynakol.org\/wp-content\/uploads\/2016\/05\/Giro2016_stage14_sixth_climb_passo_Valparola.jpg?fit=860%2C579\" class=\"wp-image-3432 size-full\" src=\"https:\/\/i0.wp.com\/aynakol.org\/wp-content\/uploads\/2016\/05\/Giro2016_stage14_sixth_climb_passo_Valparola.jpg?resize=860%2C579\" alt=\"T14_S06_Valparola\" width=\"860\" height=\"579\" srcset=\"https:\/\/i0.wp.com\/aynakol.org\/wp-content\/uploads\/2016\/05\/Giro2016_stage14_sixth_climb_passo_Valparola.jpg?w=989 989w, https:\/\/i0.wp.com\/aynakol.org\/wp-content\/uploads\/2016\/05\/Giro2016_stage14_sixth_climb_passo_Valparola.jpg?resize=300%2C202 300w, https:\/\/i0.wp.com\/aynakol.org\/wp-content\/uploads\/2016\/05\/Giro2016_stage14_sixth_climb_passo_Valparola.jpg?resize=768%2C517 768w\" sizes=\"auto, (max-width: 860px) 100vw, 860px\" \/><\/a><p id=\"caption-attachment-3432\" class=\"wp-caption-text\">Da\u011f ge\u00e7itlerine devam&#8230; Valparola eteklerinde ataklar g\u00f6rmek bizi \u015fa\u015f\u0131rtmayacakt\u0131r.<\/p><\/div>\n<p><span style=\"font-family: georgia, palatino, serif; font-size: 12pt;\">Kritik nokta Valparola\u00a0ge\u00e7idi ge\u00e7ilir ge\u00e7ilmez ba\u015flayan ve San Cassiano kasabas\u0131na dek s\u00fcren ini\u015f ve etab\u0131n sonuna, Corvarada, uzanan hafif t\u0131rman\u0131\u015f ki, buras\u0131 da Muro del\u00a0Gatto&#8217;ya ev sahipli\u011fi yap\u0131yor: %19 ani ve sa\u00e7ma sapan bir e\u011fim!<\/span><\/p>\n<div id=\"attachment_3097\" style=\"width: 560px\" class=\"wp-caption aligncenter\"><a href=\"https:\/\/i0.wp.com\/aynakol.org\/wp-content\/uploads\/2016\/05\/Giro2016_stage14_finish_profile.jpg\"><img data-recalc-dims=\"1\" loading=\"lazy\" decoding=\"async\" aria-describedby=\"caption-attachment-3097\" data-attachment-id=\"3097\" data-permalink=\"http:\/\/aynakol.org\/?attachment_id=3097\" data-orig-file=\"https:\/\/i0.wp.com\/aynakol.org\/wp-content\/uploads\/2016\/05\/Giro2016_stage14_finish_profile.jpg?fit=550%2C539\" data-orig-size=\"550,539\" data-comments-opened=\"1\" data-image-meta=\"{&quot;aperture&quot;:&quot;0&quot;,&quot;credit&quot;:&quot;&quot;,&quot;camera&quot;:&quot;&quot;,&quot;caption&quot;:&quot;&quot;,&quot;created_timestamp&quot;:&quot;1459764745&quot;,&quot;copyright&quot;:&quot;&quot;,&quot;focal_length&quot;:&quot;0&quot;,&quot;iso&quot;:&quot;0&quot;,&quot;shutter_speed&quot;:&quot;0&quot;,&quot;title&quot;:&quot;T03_Arezzo_ukm&quot;,&quot;orientation&quot;:&quot;1&quot;}\" data-image-title=\"T03_Arezzo_ukm\" data-image-description=\"\" data-image-caption=\"\" data-large-file=\"https:\/\/i0.wp.com\/aynakol.org\/wp-content\/uploads\/2016\/05\/Giro2016_stage14_finish_profile.jpg?fit=550%2C539\" class=\"wp-image-3097 size-full\" src=\"https:\/\/i0.wp.com\/aynakol.org\/wp-content\/uploads\/2016\/05\/Giro2016_stage14_finish_profile.jpg?resize=550%2C539\" alt=\"T03_Arezzo_ukm\" width=\"550\" height=\"539\" srcset=\"https:\/\/i0.wp.com\/aynakol.org\/wp-content\/uploads\/2016\/05\/Giro2016_stage14_finish_profile.jpg?w=550 550w, https:\/\/i0.wp.com\/aynakol.org\/wp-content\/uploads\/2016\/05\/Giro2016_stage14_finish_profile.jpg?resize=300%2C294 300w\" sizes=\"auto, (max-width: 550px) 100vw, 550px\" \/><\/a><p id=\"caption-attachment-3097\" class=\"wp-caption-text\">%19&#8217;luk ani e\u011fimiyle Muro del Gatto Bahar Klasiklerinden f\u0131rlam\u0131\u015f gibi&#8230;<\/p><\/div>\n<p><span style=\"font-size: 12pt; font-family: georgia, palatino, serif;\"><strong>Nibali&#8217;ye dikkat diyoruz&#8230;<\/strong><\/span><\/p>\n<p><span style=\"font-family: georgia, palatino, serif;\"><strong>Daha fazlas\u0131 i\u00e7in:<\/strong><\/span><\/p>\n<ul>\n<li><span style=\"font-family: georgia, palatino, serif;\">13. Etapta <a href=\"http:\/\/aynakol.org\/?p=3413\" target=\"_blank\">neler oldu?<\/a><\/span><\/li>\n<li><span style=\"font-family: georgia, palatino, serif;\">Giro d\u2019Italia resmi sitesinden her y\u00f6n\u00fcyle <a href=\"http:\/\/www.giroditalia.it\/eng\/stage\/tappa-14\/\" target=\"_blank\">13. Etap bilgilendirmesi<\/a><\/span><\/li>\n<li><span style=\"font-family: georgia, palatino, serif;\">Sarper G\u00fcnsal abimiz Spor Locas\u0131ndan bildiriyor:<\/span>\n<ul>\n<li><span style=\"font-family: georgia, palatino, serif;\"><a href=\"http:\/\/sporlocasi.blogspot.com.tr\/2016\/05\/giro-2016-parkur-ozeti.html\" target=\"_blank\">Giro 2016 Parkur \u00d6zeti<\/a><\/span><\/li>\n<li><span style=\"font-family: georgia, palatino, serif;\"><a href=\"http:\/\/sporlocasi.blogspot.com.tr\/2016\/05\/giro-ve-suphelileri.html\" target=\"_blank\">Giro ve \u015e\u00fcphelileri<\/a><\/span><\/li>\n<li><span style=\"font-family: georgia, palatino, serif;\"><a href=\"http:\/\/sporlocasi.blogspot.com.tr\/2016\/05\/giro-2016-1dinlenme-gunu-raporu.html\" target=\"_blank\">1. Dinlenme g\u00fcn\u00fc raporu<\/a><\/span><\/li>\n<li><span style=\"font-family: georgia, palatino, serif;\"><a href=\"http:\/\/sporlocasi.blogspot.com.tr\/2016\/05\/giro-2016-2dinlenme-gunu-raporu.html\" target=\"_blank\">2. Dinlenme g\u00fcn\u00fc raporu<\/a><\/span><\/li>\n<\/ul>\n<\/li>\n<li><span style=\"font-family: georgia, palatino, serif;\">Bisikletta.com yazd\u0131:<\/span>\n<ul>\n<li><span style=\"font-family: georgia, palatino, serif;\"><a href=\"https:\/\/bisikletta.com\/2016\/05\/05\/giro-ditalia-2016ya-on-bakis\/\" target=\"_blank\">Giro d\u2019Italia 2016\u2019ya \u00d6n Bak\u0131\u015f<\/a><\/span>\n<ul>\n<li><span style=\"font-family: georgia, palatino, serif;\"><a href=\"https:\/\/bisikletta.com\/2016\/05\/09\/giro-ditalia-2016-dinlenme-gunu-notlari-i\/\" target=\"_blank\">1.Dinlenme g\u00fcn\u00fc raporu<\/a><\/span><\/li>\n<li><span style=\"font-family: georgia, palatino, serif;\"><a href=\"https:\/\/bisikletta.com\/2016\/05\/16\/giro-ditalia-2016-dinlenme-gunu-notlari-ii\/\" target=\"_blank\">2. Dinlenme g\u00fcn\u00fc raporu<\/a><\/span><\/li>\n<\/ul>\n<\/li>\n<\/ul>\n<\/li>\n<li><span style=\"font-family: georgia, palatino, serif;\">Giro2016 14. Etap hakk\u0131nda her \u015fey: <a href=\"http:\/\/www.steephill.tv\/giro-d-italia\/#14-preview-2016\" target=\"_blank\">SteepHill.TV<\/a><\/span><\/li>\n<li><span style=\"font-family: georgia, palatino, serif;\">Giro2016 14. Etap s\u0131ral\u0131 tam liste: <a href=\"http:\/\/www.procyclingstats.com\/race.php?id=163684\" target=\"_blank\">ProCyclingStats.com<\/a><\/span><\/li>\n<li><span style=\"font-family: georgia, palatino, serif;\">Cycling Weekly: <a href=\"http:\/\/www.cyclingweekly.co.uk\/news\/racing\/giro-ditalia\/giro-ditalia-2016-stage-14-preview-222649\" target=\"_blank\">Stage 13 preview<\/a><\/span><\/li>\n<\/ul>\n<p><!--nextpage--><\/p>\n<p><strong><span style=\"font-family: georgia, palatino, serif; font-size: 14pt;\">Etap sonras\u0131<\/span><\/strong><\/p>\n<div id=\"attachment_3448\" style=\"width: 670px\" class=\"wp-caption aligncenter\"><a href=\"https:\/\/i0.wp.com\/aynakol.org\/wp-content\/uploads\/2016\/05\/Giro2016_Stage14_esteban_chaves__.jpg\"><img data-recalc-dims=\"1\" loading=\"lazy\" decoding=\"async\" aria-describedby=\"caption-attachment-3448\" data-attachment-id=\"3448\" data-permalink=\"http:\/\/aynakol.org\/?attachment_id=3448\" data-orig-file=\"https:\/\/i0.wp.com\/aynakol.org\/wp-content\/uploads\/2016\/05\/Giro2016_Stage14_esteban_chaves__.jpg?fit=660%2C440\" data-orig-size=\"660,440\" data-comments-opened=\"1\" data-image-meta=\"{&quot;aperture&quot;:&quot;0&quot;,&quot;credit&quot;:&quot;&quot;,&quot;camera&quot;:&quot;&quot;,&quot;caption&quot;:&quot;&quot;,&quot;created_timestamp&quot;:&quot;0&quot;,&quot;copyright&quot;:&quot;&quot;,&quot;focal_length&quot;:&quot;0&quot;,&quot;iso&quot;:&quot;0&quot;,&quot;shutter_speed&quot;:&quot;0&quot;,&quot;title&quot;:&quot;&quot;,&quot;orientation&quot;:&quot;0&quot;}\" data-image-title=\"Giro2016_Stage14_esteban_chaves__\" data-image-description=\"\" data-image-caption=\"\" data-large-file=\"https:\/\/i0.wp.com\/aynakol.org\/wp-content\/uploads\/2016\/05\/Giro2016_Stage14_esteban_chaves__.jpg?fit=660%2C440\" class=\"wp-image-3448 size-full\" src=\"https:\/\/i0.wp.com\/aynakol.org\/wp-content\/uploads\/2016\/05\/Giro2016_Stage14_esteban_chaves__.jpg?resize=660%2C440\" alt=\"Giro2016_Stage14_esteban_chaves__\" width=\"660\" height=\"440\" srcset=\"https:\/\/i0.wp.com\/aynakol.org\/wp-content\/uploads\/2016\/05\/Giro2016_Stage14_esteban_chaves__.jpg?w=660 660w, https:\/\/i0.wp.com\/aynakol.org\/wp-content\/uploads\/2016\/05\/Giro2016_Stage14_esteban_chaves__.jpg?resize=300%2C200 300w\" sizes=\"auto, (max-width: 660px) 100vw, 660px\" \/><\/a><p id=\"caption-attachment-3448\" class=\"wp-caption-text\">Esteban Chaves etab\u0131 kazanarak pembe mayo i\u00e7in \u00e7ok \u00f6nemli olan 10 saniyelik zaman bonusunu da alm\u0131\u015f oldu.<\/p><\/div>\n<p><span style=\"font-family: georgia, palatino, serif; font-size: 12pt;\">Nibali&#8217;nin ataklar\u0131 ve Esteban Chavez ile Steven Kruijswijk&#8217;in kar\u015f\u0131 ataklar\u0131yla renklenen etapta kazanan Orica-GreenEdge tak\u0131m\u0131n\u0131n Kolombiyal\u0131 g\u00fclen y\u00fcz\u00fc Esteban Chavez olurken pembe mayo da el de\u011fi\u015ftirdi. <\/span><\/p>\n<p>&nbsp;<\/p>\n<pre><b>Stage 14 Results<\/b>\r\nCOL  1  CHAVES RUBIO, Johan Esteban (ORICA GreenEDGE)     6:06:16\r\nNED  2  KRUIJSWIJK, Steven (LOTTO NL - JUMBO)             \r\nAUT  3  PREIDLER, Georg (GIANT - ALPECIN)                 \r\nCOL  4  ATAPUMA HURTADO, Darwin (BMC RACING)               +    6\r\nITA  5  NIBALI, Vincenzo (ASTANA)                          +   37\r\nBLR  6  SIUTSOU, Kanstantsin (DIMENSION DATA)             \r\nRUS  7  ZAKARIN, Ilnur (KATUSHA)                           + 2:29\r\nPOL  8  MAJKA, Rafal (TINKOFF)                            \r\nCOL  9  URAN URAN, Rigoberto (CANNONDALE)                  + 2:50\r\nITA  10 POZZOVIVO, Domenico (AG2R LA MONDIALE)             + 3:00<\/pre>\n<p>&nbsp;<\/p>\n<p><strong><span style=\"font-family: georgia, palatino, serif; font-size: 12pt;\">Etab\u0131n son kilometreleri<\/span><\/strong><\/p>\n<p><video controls=\"controls\" width=\"640\" height=\"480\"><source src=\"http:\/\/vodp.eurosport.com\/ebu-no-fr\/2016\/05\/21\/Last-kilometer-giro_95_21052622-772910-2300-1024-576.mp4\" type=\"video\/mp4\" \/><\/video><\/p>\n<p><span style=\"font-family: georgia, palatino, serif; font-size: 12pt;\">Son 30 km&#8217;ye dek \u00e7\u0131k-in, in-\u00e7\u0131k, ka\u00e7-kovala-takip et, zaman\u0131 azalt rutininde ilerleyen etapta ne zaman Valverde ve tak\u0131m\u0131 Movistar&#8217;\u0131n zorland\u0131\u011f\u0131n\u0131 g\u00f6rd\u00fc Nibali, tak\u0131m\u0131 Astana&#8217;n\u0131n b\u00fct\u00fcn kas g\u00fcc\u00fcn\u00fc kullanarak\u00a0iki isim haricinde pembe mayo yolundaki t\u00fcm rakiplerini silkeledi. Kendisine boyun e\u011fmeyen iki isimden ilki Steven Kruijswijk etab\u0131n sonunda pembe mayoya uzan\u0131rken, Esteban Chavez de etap zaferine pedall\u0131yordu. <\/span><\/p>\n<p><span style=\"font-family: georgia, palatino, serif; font-size: 12pt;\"><strong>Etab\u0131n \u00f6ne \u00e7\u0131kan anlar\u0131<\/strong><\/span><\/p>\n<p><iframe loading=\"lazy\" src=\"\/\/www.youtube.com\/embed\/T_L2gyhrgEs\" width=\"720\" height=\"439\" frameborder=\"0\" allowfullscreen=\"allowfullscreen\"><\/iframe><\/p>\n<p>&nbsp;<\/p>\n<p><span style=\"font-family: georgia, palatino, serif; font-size: 12pt;\">Yar\u0131nki bireysel yoku\u015f zamana kar\u015f\u0131 etab\u0131nda pembe mayoyu LottoNL-Jumbo tak\u0131m\u0131n\u0131n geni\u015f omuzlu t\u0131rman\u0131\u015f\u00e7\u0131s\u0131 Steven Kruijswijk ta\u015f\u0131yacak.<\/span><\/p>\n<pre><b>14. Etap sonras\u0131 genel klasman\r\n<\/b><strong><span style=\"background-color: #ff99cc;\">NED  1  KRUIJSWIJK, Steven (LOTTO NL - JUMBO)           60:12:43\r\n<\/span><\/strong>ITA  2  NIBALI, Vincenzo (ASTANA)                        +    41\r\nCOL  3  CHAVES RUBIO, Johan Esteban (ORICA GreenEDGE)    +  1:32\r\nESP  4  VALVERDE BELMONTE, Alejandro (MOVISTAR)          +  3:06\r\nCRC  5  AMADOR BIKKAZAKOVA, Andrey (MOVISTAR)            +  3:15\r\nPOL  6  MAJKA, Rafal (TINKOFF)                           +  3:29\r\nRUS  7  ZAKARIN, Ilnur (KATUSHA)                         +  3:53\r\nCOL  8  URAN URAN, Rigoberto (CANNONDALE)                +  5:01\r\nBLR  9  SIUTSOU, Kanstantsin (DIMENSION DATA)            +  5:38\r\nDEN  10 FUGLSANG, Jakob (ASTANA)<\/pre>\n<p><span style=\"font-family: georgia, palatino, serif; font-size: 12pt;\"> G\u00fcn\u00fcn kaybedeni ise kesinlikle Valverde ve tak\u0131m olarak Movistar idi, zira Nibali, kendisini Passo Valparola da\u011f ge\u00e7idinin zirvesine 7 km kala yapt\u0131\u011f\u0131 atakla sadece etaptan de\u011fil kat\u0131ld\u0131\u011f\u0131 ilk Giro&#8217;da pembe mayo hayallerinden de silkelemi\u015f oldu.\u00a0<\/span><\/p>\n","protected":false},"excerpt":{"rendered":"<p>D\u00fcnk\u00fc etapta neler olmu\u015ftu? Etab\u0131 Giro&#8217;daki laneti s\u00fcren Team SKY&#8217;\u0131n \u0130spanyol pedal\u0131 Mikel Nieve kazan\u0131rken t\u0131rman\u0131\u015flarda Bob Jungels, Astana ve Nibali&#8217;nin bitmek bilmeyen ataklar\u0131 sonras\u0131 [&#8230;]<\/p>\n","protected":false},"author":1,"featured_media":3136,"comment_status":"open","ping_status":"open","sticky":false,"template":"","format":"standard","meta":{"jetpack_post_was_ever_published":false,"_jetpack_newsletter_access":"","_jetpack_dont_email_post_to_subs":false,"_jetpack_newsletter_tier_id":0,"_jetpack_memberships_contains_paywalled_content":false,"_jetpack_memberships_contains_paid_content":false,"footnotes":"","jetpack_publicize_message":"","jetpack_publicize_feature_enabled":true,"jetpack_social_post_already_shared":true,"jetpack_social_options":{"image_generator_settings":{"template":"highway","default_image_id":0,"font":"","enabled":false},"version":2}},"categories":[1239,92],"tags":[65,728,1254,1255,56,1253,1247,1243,963,1152,32,33,794,1248,173,625,803,770,22,331,1249,727,1010,1244,538,966,1245,223],"class_list":["post-3429","post","type-post","status-publish","format-standard","has-post-thumbnail","hentry","category-giro-ditalia","category-grand","tag-alejandro-valverde","tag-andre-greipel","tag-andrey-amador","tag-asolo","tag-bob-jungels","tag-bub-jungels","tag-chianti","tag-diego-ulussi","tag-esteban-chaves","tag-gianluca-brambilla","tag-giro","tag-giro-ditalia","tag-girotr","tag-grappa","tag-italya-bisiklet-turu","tag-lotto-soudal","tag-lottonl-jumbo","tag-maglia-rosa","tag-movistar","tag-peloton","tag-primoz-roglic","tag-sprint","tag-steven-kruijswijk","tag-tim-wallens","tag-time-trial","tag-tom-dumoulin","tag-toscana","tag-vincenzo-nibali"],"jetpack_publicize_connections":[],"jetpack_featured_media_url":"https:\/\/i0.wp.com\/aynakol.org\/wp-content\/uploads\/2016\/05\/Giro2016_banner.jpg?fit=510%2C288","jetpack_sharing_enabled":true,"jetpack_shortlink":"https:\/\/wp.me\/p51p4O-Tj","jetpack_likes_enabled":true,"jetpack-related-posts":[{"id":3394,"url":"http:\/\/aynakol.org\/?p=3394","url_meta":{"origin":3429,"position":0},"title":"Giro2016 11. Etap: Modena \u2192 Asolo, 229 km","author":"Ayd\u0131n Bez","date":"18 May\u0131s 2016","format":false,"excerpt":"10. Etapta neler olmu\u015ftu? \u00a0 Ka\u00e7\u0131\u015f\u0131n kazand\u0131\u011f\u0131 her etap ayr\u0131 bir g\u00fczel! Bardiani CSF tak\u0131m\u0131n\u0131n 21 ya\u015f\u0131ndaki \u0130talyan pedal\u0131 Giulio Cicconi ka\u00e7\u0131\u015f i\u00e7inden atak yap\u0131p 15 km boyunca da ata\u011f\u0131n\u0131 s\u00fcrd\u00fcrerek etap zaferine uzan\u0131rken biti\u015f \u00e7izgisine kendisinden neredeyse 2 dakika sonra gelen favoriler ise genel klasmanda \u00fc\u00e7er be\u015fer saniye ile\u2026","rel":"","context":"&quot;Giro d'Italia&quot; i\u00e7inde","block_context":{"text":"Giro d'Italia","link":"http:\/\/aynakol.org\/?cat=1239"},"img":{"alt_text":"","src":"https:\/\/i0.wp.com\/aynakol.org\/wp-content\/uploads\/2016\/05\/Giro2016_stage11_winner_Diego_Ulussi1-e1463595127790.jpg?fit=975%2C442&resize=350%2C200","width":350,"height":200,"srcset":"https:\/\/i0.wp.com\/aynakol.org\/wp-content\/uploads\/2016\/05\/Giro2016_stage11_winner_Diego_Ulussi1-e1463595127790.jpg?fit=975%2C442&resize=350%2C200 1x, https:\/\/i0.wp.com\/aynakol.org\/wp-content\/uploads\/2016\/05\/Giro2016_stage11_winner_Diego_Ulussi1-e1463595127790.jpg?fit=975%2C442&resize=525%2C300 1.5x, https:\/\/i0.wp.com\/aynakol.org\/wp-content\/uploads\/2016\/05\/Giro2016_stage11_winner_Diego_Ulussi1-e1463595127790.jpg?fit=975%2C442&resize=700%2C400 2x"},"classes":[]},{"id":3413,"url":"http:\/\/aynakol.org\/?p=3413","url_meta":{"origin":3429,"position":1},"title":"Giro2016 13. Etap: Palmanova \u2192 Cividale del Friuli, 170 km","author":"Ayd\u0131n Bez","date":"20 May\u0131s 2016","format":false,"excerpt":"D\u00fcnk\u00fc etapta neler olmu\u015ftu? Bug\u00fcnk\u00fc da\u011fl\u0131k etap \u00f6ncesi aktif dinlenme \u015feklinde ge\u00e7en etapta kazanan etap 20. b\u00fcy\u00fck tur zaferine ula\u015fan Andrei Greipel\u00a0olurken genel klasmanda herhangi bir de\u011fi\u015fiklik olmam\u0131\u015ft\u0131.\u00a0 \u00a0 Etap \u00f6ncesi Art\u0131k da\u011flar\u0131n eteklerinden yukar\u0131lara \u00e7\u0131kman\u0131n zaman\u0131 geldi. As\u0131l\u00a0Giro \u015fimdi ba\u015fl\u0131yor. Zaman d\u00fcnyan\u0131n en g\u00fczel b\u00f6lgesinde en zorlu yar\u0131\u015f s\u00f6yleminin\u2026","rel":"","context":"&quot;Giro d'Italia&quot; i\u00e7inde","block_context":{"text":"Giro d'Italia","link":"http:\/\/aynakol.org\/?cat=1239"},"img":{"alt_text":"","src":"https:\/\/i0.wp.com\/aynakol.org\/wp-content\/uploads\/2016\/05\/Giro2016_stage13_winner_Mikel_Nieve-e1463775184588.jpg?resize=350%2C200","width":350,"height":200,"srcset":"https:\/\/i0.wp.com\/aynakol.org\/wp-content\/uploads\/2016\/05\/Giro2016_stage13_winner_Mikel_Nieve-e1463775184588.jpg?resize=350%2C200 1x, https:\/\/i0.wp.com\/aynakol.org\/wp-content\/uploads\/2016\/05\/Giro2016_stage13_winner_Mikel_Nieve-e1463775184588.jpg?resize=525%2C300 1.5x, https:\/\/i0.wp.com\/aynakol.org\/wp-content\/uploads\/2016\/05\/Giro2016_stage13_winner_Mikel_Nieve-e1463775184588.jpg?resize=700%2C400 2x"},"classes":[]},{"id":4836,"url":"http:\/\/aynakol.org\/?p=4836","url_meta":{"origin":3429,"position":2},"title":"#Giro100 5. Etap: Pedara \u2192 Messina, 159 km","author":"Ayd\u0131n Bez","date":"10 May\u0131s 2017","format":false,"excerpt":"Giro'nun ilk da\u011fl\u0131k etab\u0131n\u0131 geride b\u0131rak\u0131rken Sicilya Adas\u0131na da bu etapla birlikte veda ediyoruz. Adan\u0131n do\u011fu k\u0131y\u0131s\u0131nda, Etna Da\u011f\u0131n\u0131n eteklerine konu\u015flu Pedara kentinden Messina Bo\u011faz\u0131na, \u00fc\u00e7 b\u00fcy\u00fck turu kazanan 6 isimden biri, h\u00e2l\u00e2 aktif bir \u015fekilde yar\u0131\u015fan Vincenzo Nibali'nin do\u011fdu\u011fu topraklara uzanan 5. etap 159 km uzunlu\u011fuyla Etna Yanarda\u011f\u0131 sonras\u0131\u2026","rel":"","context":"&quot;Giro d'Italia&quot; i\u00e7inde","block_context":{"text":"Giro d'Italia","link":"http:\/\/aynakol.org\/?cat=1239"},"img":{"alt_text":"","src":"https:\/\/i0.wp.com\/aynakol.org\/wp-content\/uploads\/2017\/05\/Giro2017_stage5_winner_Fernando_Gaviria-e1494446080796.jpg?fit=1001%2C442&resize=350%2C200","width":350,"height":200,"srcset":"https:\/\/i0.wp.com\/aynakol.org\/wp-content\/uploads\/2017\/05\/Giro2017_stage5_winner_Fernando_Gaviria-e1494446080796.jpg?fit=1001%2C442&resize=350%2C200 1x, https:\/\/i0.wp.com\/aynakol.org\/wp-content\/uploads\/2017\/05\/Giro2017_stage5_winner_Fernando_Gaviria-e1494446080796.jpg?fit=1001%2C442&resize=525%2C300 1.5x, https:\/\/i0.wp.com\/aynakol.org\/wp-content\/uploads\/2017\/05\/Giro2017_stage5_winner_Fernando_Gaviria-e1494446080796.jpg?fit=1001%2C442&resize=700%2C400 2x"},"classes":[]},{"id":3492,"url":"http:\/\/aynakol.org\/?p=3492","url_meta":{"origin":3429,"position":3},"title":"Giro2016 19. Etap: Pinerolo \u2192 Risoul, 162 km","author":"Ayd\u0131n Bez","date":"27 May\u0131s 2016","format":false,"excerpt":"D\u00fcnk\u00fc etapta neler oldu? Son 22 km'ye dek ola\u011fan bir ka\u00e7\u0131\u015f\u0131n ya\u015fand\u0131\u011f\u0131 etapta Etixx-QuickStep ak\u0131l dolu bir taktikle zafere uzanmas\u0131n\u0131 bildi: Gianluca Brambilla ve Moreno Moser'in sprint d\u00fczl\u00fc\u011f\u00fcnde yava\u015flamas\u0131yla takip grubundan atak yap\u0131p lider ikiliyi yakalayan Matteo Trentin zafere pedallad\u0131. \u00a0 Etap hakk\u0131nda Torino kentinden Fransaya uzan\u0131yoruz; \u0130talyan Alpleri yetmemi\u015f\u2026","rel":"","context":"&quot;Giro d'Italia&quot; i\u00e7inde","block_context":{"text":"Giro d'Italia","link":"http:\/\/aynakol.org\/?cat=1239"},"img":{"alt_text":"","src":"https:\/\/i0.wp.com\/aynakol.org\/wp-content\/uploads\/2016\/05\/Giro2016_Stage19_Nibali.jpg?fit=960%2C640&resize=350%2C200","width":350,"height":200,"srcset":"https:\/\/i0.wp.com\/aynakol.org\/wp-content\/uploads\/2016\/05\/Giro2016_Stage19_Nibali.jpg?fit=960%2C640&resize=350%2C200 1x, https:\/\/i0.wp.com\/aynakol.org\/wp-content\/uploads\/2016\/05\/Giro2016_Stage19_Nibali.jpg?fit=960%2C640&resize=525%2C300 1.5x, https:\/\/i0.wp.com\/aynakol.org\/wp-content\/uploads\/2016\/05\/Giro2016_Stage19_Nibali.jpg?fit=960%2C640&resize=700%2C400 2x"},"classes":[]},{"id":4848,"url":"http:\/\/aynakol.org\/?p=4848","url_meta":{"origin":3429,"position":4},"title":"#Giro100 6. Etap: Calabria \u2192 Terme Luigiane, 217 km","author":"Ayd\u0131n Bez","date":"11 May\u0131s 2017","format":false,"excerpt":"Y\u00fcz\u00fcnc\u00fc y\u0131l\u0131nda \u0130talyada pedallanmayacak bir b\u00f6lge dahi kalmayacak (asl\u0131nda var, 3 b\u00f6lge) s\u00f6ylemiyle devam eden Giro d'italia'da Sardinya ve Sicilya Adalar\u0131ndaki macera sona erdi ve sonunda art\u0131k ana karaday\u0131z. \u00c7izmenin ucundan kuzeyine dek zorlu bir m\u00fccadele bizi bekler! D\u00fcn sprintle sona eren aktif dinlenme etab\u0131 sonras\u0131 bug\u00fcn zorlu bir etap\u2026","rel":"","context":"&quot;Giro d'Italia&quot; i\u00e7inde","block_context":{"text":"Giro d'Italia","link":"http:\/\/aynakol.org\/?cat=1239"},"img":{"alt_text":"","src":"https:\/\/i0.wp.com\/aynakol.org\/wp-content\/uploads\/2017\/05\/Giro2017_stage6_winner_Silvan_Dillier_0.jpg?fit=1200%2C524&resize=350%2C200","width":350,"height":200,"srcset":"https:\/\/i0.wp.com\/aynakol.org\/wp-content\/uploads\/2017\/05\/Giro2017_stage6_winner_Silvan_Dillier_0.jpg?fit=1200%2C524&resize=350%2C200 1x, https:\/\/i0.wp.com\/aynakol.org\/wp-content\/uploads\/2017\/05\/Giro2017_stage6_winner_Silvan_Dillier_0.jpg?fit=1200%2C524&resize=525%2C300 1.5x, https:\/\/i0.wp.com\/aynakol.org\/wp-content\/uploads\/2017\/05\/Giro2017_stage6_winner_Silvan_Dillier_0.jpg?fit=1200%2C524&resize=700%2C400 2x, https:\/\/i0.wp.com\/aynakol.org\/wp-content\/uploads\/2017\/05\/Giro2017_stage6_winner_Silvan_Dillier_0.jpg?fit=1200%2C524&resize=1050%2C600 3x"},"classes":[]},{"id":3371,"url":"http:\/\/aynakol.org\/?p=3371","url_meta":{"origin":3429,"position":5},"title":"Giro2016 10. Etap: Campi Bisenzio \u2192 Sestola, 219 km","author":"Ayd\u0131n Bez","date":"17 May\u0131s 2016","format":false,"excerpt":"Dinlenme g\u00fcn\u00fcne dek neler oldu? 9 etap\u00a0iki de dinlenme g\u00fcn\u00fc geride b\u0131rakt\u0131\u011f\u0131m\u0131z Giro'da art\u0131k da\u011flar\u0131n eteklerinden zirvelerine do\u011fru m\u00fccadele dolu bir yolculuk ba\u015fl\u0131yor. Torino kentinde pembe mayo ile zafer turu atmak isteyenlerin m\u00fccadeleyi daha da sertle\u015ftirmesi gerek. Dokuz g\u00fcn boyunca Dumoulin'den Kittel'e, sonra yeniden Dumoulin'e ge\u00e7en mayo, en sonunda 8.\u2026","rel":"","context":"&quot;Giro d'Italia&quot; i\u00e7inde","block_context":{"text":"Giro d'Italia","link":"http:\/\/aynakol.org\/?cat=1239"},"img":{"alt_text":"","src":"https:\/\/i0.wp.com\/aynakol.org\/wp-content\/uploads\/2016\/05\/Giro2016_banner.jpg?fit=510%2C288&resize=350%2C200","width":350,"height":200},"classes":[]}],"_links":{"self":[{"href":"http:\/\/aynakol.org\/index.php?rest_route=\/wp\/v2\/posts\/3429","targetHints":{"allow":["GET"]}}],"collection":[{"href":"http:\/\/aynakol.org\/index.php?rest_route=\/wp\/v2\/posts"}],"about":[{"href":"http:\/\/aynakol.org\/index.php?rest_route=\/wp\/v2\/types\/post"}],"author":[{"embeddable":true,"href":"http:\/\/aynakol.org\/index.php?rest_route=\/wp\/v2\/users\/1"}],"replies":[{"embeddable":true,"href":"http:\/\/aynakol.org\/index.php?rest_route=%2Fwp%2Fv2%2Fcomments&post=3429"}],"version-history":[{"count":4,"href":"http:\/\/aynakol.org\/index.php?rest_route=\/wp\/v2\/posts\/3429\/revisions"}],"predecessor-version":[{"id":3450,"href":"http:\/\/aynakol.org\/index.php?rest_route=\/wp\/v2\/posts\/3429\/revisions\/3450"}],"wp:featuredmedia":[{"embeddable":true,"href":"http:\/\/aynakol.org\/index.php?rest_route=\/wp\/v2\/media\/3136"}],"wp:attachment":[{"href":"http:\/\/aynakol.org\/index.php?rest_route=%2Fwp%2Fv2%2Fmedia&parent=3429"}],"wp:term":[{"taxonomy":"category","embeddable":true,"href":"http:\/\/aynakol.org\/index.php?rest_route=%2Fwp%2Fv2%2Fcategories&post=3429"},{"taxonomy":"post_tag","embeddable":true,"href":"http:\/\/aynakol.org\/index.php?rest_route=%2Fwp%2Fv2%2Ftags&post=3429"}],"curies":[{"name":"wp","href":"https:\/\/api.w.org\/{rel}","templated":true}]}}