{"id":3451,"date":"2016-05-22T10:10:37","date_gmt":"2016-05-22T07:10:37","guid":{"rendered":"http:\/\/aynakol.org\/?p=3451"},"modified":"2016-05-22T21:10:00","modified_gmt":"2016-05-22T18:10:00","slug":"giro2016-15-etap-castelrotto-%e2%86%92-alpe-di-siusi-10-8-km-tt","status":"publish","type":"post","link":"http:\/\/aynakol.org\/?p=3451","title":{"rendered":"Giro2016 15. Etap: Castelrotto \u2192 Alpe di Siusi, 10.8 km (TT)"},"content":{"rendered":"<p><span style=\"font-family: georgia, palatino, serif; font-size: 12pt;\"><strong><span style=\"font-size: 14pt;\">D\u00fcnk\u00fc etapta neler olmu\u015ftu?<\/span> <\/strong><\/span><\/p>\n<p><span style=\"font-family: georgia, palatino, serif; font-size: 12pt;\">Dolomitlerin zirvelerindeki da\u011f ge\u00e7itlerinde ke\u00e7i gibi t\u0131rmanan favorilerin m\u00fccadelesinde Nibali birer iki\u015fer rakiplerini silkelerken iki isim ataklar\u0131na cevap verip ayakta durabildi: LottoNL-Jumbo tak\u0131m\u0131n\u0131n t\u0131rman\u0131\u015f\u00e7\u0131s\u0131 <span style=\"background-color: #ff99cc;\">Steven Kruijswijk g\u00fcn\u00fcn sonunda pembe mayoya<\/span> uzan\u0131rken, Esteban Chaves de etab\u0131 kazan\u0131yordu. Ve Nibali&#8230; Ataklar\u0131yla de\u011fil Alejandro Valverde, t\u00fcm Movistar tak\u0131m\u0131n\u0131 silkeleyen isim, yine kendi ata\u011f\u0131n\u0131n kurban\u0131 oldu&#8230; <\/span><\/p>\n<p><span style=\"font-family: georgia, palatino, serif; font-size: 12pt;\"><strong><span style=\"font-size: 14pt;\">Etap incelemesi<\/span> <\/strong><\/span><\/p>\n<p><span style=\"font-family: georgia, palatino, serif; font-size: 12pt;\">Gittik\u00e7e zorla\u015fan Giro d&#8217;Italia&#8217;da bu kez kar\u015f\u0131m\u0131zda k\u0131sa bir zamana kar\u015f\u0131 etab\u0131 var, ama di\u011ferlerinden farkl\u0131 olarak yoku\u015f yukar\u0131! Zamana kar\u015f\u0131 etaplar\u0131nda g\u00f6rmeye al\u0131\u015fk\u0131n oldu\u011fumuz r\u00fczgar t\u00fcnellerinde \u015fekillendirilen disk \u015feklinde arka jantlar, Ar-Ge harikas\u0131 aerodinamik kadro yap\u0131s\u0131na sahip bisikletler, marjinal kazan\u0131mlar pe\u015findeki kask ve deriyle b\u00fct\u00fcn, <em>ortak ya\u015far<\/em> formundaki formalar\u0131 g\u00f6rmeyi beklemeyin&#8230; G\u00fcn hafif jant seti ve tamamlay\u0131c\u0131larla donat\u0131lm\u0131\u015f t\u0131rman\u0131\u015f bisikletlerinin g\u00fcn\u00fc. \u00c7\u00fcnk\u00fc kar\u015f\u0131m\u0131zda genel klasmana son \u015feklini verecek bir etap var!\u00a0<\/span><\/p>\n<div id=\"attachment_3121\" style=\"width: 870px\" class=\"wp-caption aligncenter\"><a href=\"https:\/\/i0.wp.com\/aynakol.org\/wp-content\/uploads\/2016\/05\/Giro2016_stage15_map.jpg\"><img data-recalc-dims=\"1\" loading=\"lazy\" decoding=\"async\" aria-describedby=\"caption-attachment-3121\" data-attachment-id=\"3121\" data-permalink=\"http:\/\/aynakol.org\/?attachment_id=3121\" data-orig-file=\"https:\/\/i0.wp.com\/aynakol.org\/wp-content\/uploads\/2016\/05\/Giro2016_stage15_map.jpg?fit=2724%2C2723\" data-orig-size=\"2724,2723\" data-comments-opened=\"1\" data-image-meta=\"{&quot;aperture&quot;:&quot;0&quot;,&quot;credit&quot;:&quot;&quot;,&quot;camera&quot;:&quot;&quot;,&quot;caption&quot;:&quot;&quot;,&quot;created_timestamp&quot;:&quot;0&quot;,&quot;copyright&quot;:&quot;&quot;,&quot;focal_length&quot;:&quot;0&quot;,&quot;iso&quot;:&quot;0&quot;,&quot;shutter_speed&quot;:&quot;0&quot;,&quot;title&quot;:&quot;T13_Jesolo_plan&quot;,&quot;orientation&quot;:&quot;1&quot;}\" data-image-title=\"T13_Jesolo_plan\" data-image-description=\"\" data-image-caption=\"\" data-large-file=\"https:\/\/i0.wp.com\/aynakol.org\/wp-content\/uploads\/2016\/05\/Giro2016_stage15_map.jpg?fit=860%2C860\" class=\"wp-image-3121 size-large\" src=\"https:\/\/i0.wp.com\/aynakol.org\/wp-content\/uploads\/2016\/05\/Giro2016_stage15_map.jpg?resize=860%2C860\" alt=\"T13_Jesolo_plan\" width=\"860\" height=\"860\" srcset=\"https:\/\/i0.wp.com\/aynakol.org\/wp-content\/uploads\/2016\/05\/Giro2016_stage15_map.jpg?resize=1024%2C1024 1024w, https:\/\/i0.wp.com\/aynakol.org\/wp-content\/uploads\/2016\/05\/Giro2016_stage15_map.jpg?resize=150%2C150 150w, https:\/\/i0.wp.com\/aynakol.org\/wp-content\/uploads\/2016\/05\/Giro2016_stage15_map.jpg?resize=300%2C300 300w, https:\/\/i0.wp.com\/aynakol.org\/wp-content\/uploads\/2016\/05\/Giro2016_stage15_map.jpg?resize=768%2C768 768w, https:\/\/i0.wp.com\/aynakol.org\/wp-content\/uploads\/2016\/05\/Giro2016_stage15_map.jpg?w=1720 1720w, https:\/\/i0.wp.com\/aynakol.org\/wp-content\/uploads\/2016\/05\/Giro2016_stage15_map.jpg?w=2580 2580w\" sizes=\"auto, (max-width: 860px) 100vw, 860px\" \/><\/a><p id=\"caption-attachment-3121\" class=\"wp-caption-text\">15. Etap rotas\u0131: ilk \u00f6l\u00e7\u00fcm noktas\u0131ndan sonra i\u015fler daha da zorla\u015facak, hem artan e\u011fim hem de firketeler baya\u011f\u0131 zaman \u00e7alacak gibi.<\/p><\/div>\n<p><span style=\"font-family: georgia, palatino, serif; font-size: 12pt;\">Alplerin do\u011fusuna, Tirol b\u00f6lgesinin g\u00fcneydo\u011fusuna, zirvesi y\u0131l\u0131n her mevsimi neredeyse karlarla kapl\u0131 da\u011flar\u0131n, haliyle k\u0131\u015f sporlar\u0131n\u0131n\u00a0ve yemye\u015fil \u00e7ay\u0131rlar\u0131n merkezine uzan\u0131yoruz&#8230; Yine Dolomitlerdeyiz:\u00a0Castelrotto \u2192 Alpe di Siusi ya da n\u00fcfusun \u00e7o\u011funun Almanca konu\u015fmas\u0131n\u0131 dikkate alarak Kastelruth\u2192Seiseralm aras\u0131nda pedallanacak olan bireysel yoku\u015f zamana kar\u015f\u0131 etab\u0131 10.8 km uzunlu\u011funda.<\/span><\/p>\n<div id=\"attachment_3100\" style=\"width: 410px\" class=\"wp-caption aligncenter\"><a href=\"https:\/\/i0.wp.com\/aynakol.org\/wp-content\/uploads\/2016\/05\/Giro2016_stage15_profile.jpg\"><img data-recalc-dims=\"1\" loading=\"lazy\" decoding=\"async\" aria-describedby=\"caption-attachment-3100\" data-attachment-id=\"3100\" data-permalink=\"http:\/\/aynakol.org\/?attachment_id=3100\" data-orig-file=\"https:\/\/i0.wp.com\/aynakol.org\/wp-content\/uploads\/2016\/05\/Giro2016_stage15_profile.jpg?fit=400%2C556\" data-orig-size=\"400,556\" data-comments-opened=\"1\" data-image-meta=\"{&quot;aperture&quot;:&quot;0&quot;,&quot;credit&quot;:&quot;&quot;,&quot;camera&quot;:&quot;&quot;,&quot;caption&quot;:&quot;&quot;,&quot;created_timestamp&quot;:&quot;1459720208&quot;,&quot;copyright&quot;:&quot;&quot;,&quot;focal_length&quot;:&quot;0&quot;,&quot;iso&quot;:&quot;0&quot;,&quot;shutter_speed&quot;:&quot;0&quot;,&quot;title&quot;:&quot;T15_AlpeSiusi_alt&quot;,&quot;orientation&quot;:&quot;1&quot;}\" data-image-title=\"T15_AlpeSiusi_alt\" data-image-description=\"\" data-image-caption=\"\" data-large-file=\"https:\/\/i0.wp.com\/aynakol.org\/wp-content\/uploads\/2016\/05\/Giro2016_stage15_profile.jpg?fit=400%2C556\" class=\"wp-image-3100 size-full\" src=\"https:\/\/i0.wp.com\/aynakol.org\/wp-content\/uploads\/2016\/05\/Giro2016_stage15_profile.jpg?resize=400%2C556\" alt=\"T15_AlpeSiusi_alt\" width=\"400\" height=\"556\" srcset=\"https:\/\/i0.wp.com\/aynakol.org\/wp-content\/uploads\/2016\/05\/Giro2016_stage15_profile.jpg?w=400 400w, https:\/\/i0.wp.com\/aynakol.org\/wp-content\/uploads\/2016\/05\/Giro2016_stage15_profile.jpg?resize=216%2C300 216w\" sizes=\"auto, (max-width: 400px) 100vw, 400px\" \/><\/a><p id=\"caption-attachment-3100\" class=\"wp-caption-text\">15. Etap profili: e\u011fim ba\u015flarda katlan\u0131l\u0131r olsa da \u00f6l\u00e7\u00fcm noktas\u0131ndan sonra firketelerle birlikte artarak \u00e7ok canlar yakacak&#8230; Ekran ba\u015f\u0131nda tur yiyen, tur atanlara da tur atanlar g\u00f6r\u00fcrseniz \u015fa\u015f\u0131rmay\u0131n.<\/p><\/div>\n<p><span style=\"font-family: georgia, palatino, serif; font-size: 12pt;\">K\u0131sa ama sert demeyin, etap i\u00e7inde pedallansayd\u0131, <em>ki RCS bu t\u0131rman\u0131\u015f\u0131 d\u00fcnk\u00fc krali\u00e7e etaba eklemeyi istemi\u015f, ama yeter bu kadar da zalim olmayal\u0131m dedi\u011fi i\u00e7in zamana kar\u015f\u0131 olarak ayr\u0131ca pedallanmas\u0131na karar vermi\u015f olabilir,<\/em> e\u011fer do\u011frudan Cat1 s\u0131n\u0131f\u0131 bir t\u0131rman\u0131\u015f olurdu; zira ortalama e\u011fimi %8. Ayn\u0131 istikrar Ultimo kilometro yani son 1 kilometrede de s\u00fcr\u00fcyor ki favoriler burada t\u00fcm g\u00fc\u00e7lerini harcay\u0131p fark yaratmaya \u00e7al\u0131\u015facakt\u0131r. \u00d6zellikle Giro&#8217;nun son \u00fc\u00e7 etab\u0131nda daha bir sald\u0131rgan ve istekli g\u00f6r\u00fcnen Astana&#8217;n\u0131n \u0130talyan pedal\u0131 Vincenzo Nibali var\u0131n\u0131 yo\u011funu bu etaba yat\u0131rabilir. Ayn\u0131 \u015feyi etaba pembeler i\u00e7inde ba\u015flayacak LottoNL-Jumbo tak\u0131m\u0131n\u0131n gururu Steven Kruijswijk i\u00e7in de s\u00f6yleyebiliriz.<\/span><\/p>\n<div id=\"attachment_3099\" style=\"width: 410px\" class=\"wp-caption aligncenter\"><a href=\"https:\/\/i0.wp.com\/aynakol.org\/wp-content\/uploads\/2016\/05\/Giro2016_stage15_finish_profile.jpg\"><img data-recalc-dims=\"1\" loading=\"lazy\" decoding=\"async\" aria-describedby=\"caption-attachment-3099\" data-attachment-id=\"3099\" data-permalink=\"http:\/\/aynakol.org\/?attachment_id=3099\" data-orig-file=\"https:\/\/i0.wp.com\/aynakol.org\/wp-content\/uploads\/2016\/05\/Giro2016_stage15_finish_profile.jpg?fit=400%2C667\" data-orig-size=\"400,667\" data-comments-opened=\"1\" data-image-meta=\"{&quot;aperture&quot;:&quot;0&quot;,&quot;credit&quot;:&quot;&quot;,&quot;camera&quot;:&quot;&quot;,&quot;caption&quot;:&quot;&quot;,&quot;created_timestamp&quot;:&quot;1459764769&quot;,&quot;copyright&quot;:&quot;&quot;,&quot;focal_length&quot;:&quot;0&quot;,&quot;iso&quot;:&quot;0&quot;,&quot;shutter_speed&quot;:&quot;0&quot;,&quot;title&quot;:&quot;T15_AlpeSiusi_ukm&quot;,&quot;orientation&quot;:&quot;1&quot;}\" data-image-title=\"T15_AlpeSiusi_ukm\" data-image-description=\"\" data-image-caption=\"\" data-large-file=\"https:\/\/i0.wp.com\/aynakol.org\/wp-content\/uploads\/2016\/05\/Giro2016_stage15_finish_profile.jpg?fit=400%2C667\" class=\"wp-image-3099 size-full\" src=\"https:\/\/i0.wp.com\/aynakol.org\/wp-content\/uploads\/2016\/05\/Giro2016_stage15_finish_profile.jpg?resize=400%2C667\" alt=\"T15_AlpeSiusi_ukm\" width=\"400\" height=\"667\" srcset=\"https:\/\/i0.wp.com\/aynakol.org\/wp-content\/uploads\/2016\/05\/Giro2016_stage15_finish_profile.jpg?w=400 400w, https:\/\/i0.wp.com\/aynakol.org\/wp-content\/uploads\/2016\/05\/Giro2016_stage15_finish_profile.jpg?resize=180%2C300 180w\" sizes=\"auto, (max-width: 400px) 100vw, 400px\" \/><\/a><p id=\"caption-attachment-3099\" class=\"wp-caption-text\">15. Etab\u0131n son km&#8217;si yani Ultimo Kilometro&#8230; \u0130stikrar burada da devam ediyor: ortalama %8. Zaman \u00e7almak i\u00e7in bir atak g\u00f6receksek yeri ve zaman\u0131 buras\u0131 olmal\u0131&#8230;<\/p><\/div>\n<p><span style=\"font-family: georgia, palatino, serif; font-size: 12pt;\">Son olarak d\u00fcn genel klasman\u0131n ilk \u00fc\u00e7 s\u0131ras\u0131 belli olmu\u015ftu: Kruijswijk, Nibali ve Chaves&#8230; Tek belirgin olmayan \u015fey bu \u00fc\u00e7l\u00fcden hangisinin Torino kentine ba\u015ftan a\u015fa\u011f\u0131ya pembeler i\u00e7inde girece\u011fi. Bug\u00fcnk\u00fc yoku\u015f zamana kar\u015f\u0131 etab\u0131yla, pekala d\u00fcnk\u00fc etab\u0131n devam\u0131 sayabiliriz, genel klasman son \u015feklini alacakt\u0131r.\u00a0<\/span><\/p>\n<p><span style=\"font-family: georgia, palatino, serif; font-size: 12pt;\"><strong>\u00a0Daha fazlas\u0131 i\u00e7in:<\/strong><\/span><\/p>\n<ul>\n<li><span style=\"font-family: georgia, palatino, serif; font-size: 12pt;\">14. Etapta <a href=\"http:\/\/aynakol.org\/?p=3413\" target=\"_blank\">neler oldu?<\/a><\/span><\/li>\n<li><span style=\"font-family: georgia, palatino, serif; font-size: 12pt;\">Giro d\u2019Italia resmi sitesinden her y\u00f6n\u00fcyle <a href=\"http:\/\/www.giroditalia.it\/eng\/stage\/tappa-15\/technique\/\" target=\"_blank\">14. Etap bilgilendirmesi<\/a><\/span><\/li>\n<li><span style=\"font-family: georgia, palatino, serif; font-size: 12pt;\">Sarper G\u00fcnsal abimiz Spor Locas\u0131ndan bildiriyor:<\/span>\n<ul>\n<li><span style=\"font-family: georgia, palatino, serif; font-size: 12pt;\"><a href=\"http:\/\/sporlocasi.blogspot.com.tr\/2016\/05\/giro-2016-parkur-ozeti.html\" target=\"_blank\">Giro 2016 Parkur \u00d6zeti<\/a><\/span><\/li>\n<li><span style=\"font-family: georgia, palatino, serif; font-size: 12pt;\"><a href=\"http:\/\/sporlocasi.blogspot.com.tr\/2016\/05\/giro-ve-suphelileri.html\" target=\"_blank\">Giro ve \u015e\u00fcphelileri<\/a><\/span><\/li>\n<li><span style=\"font-family: georgia, palatino, serif; font-size: 12pt;\"><a href=\"http:\/\/sporlocasi.blogspot.com.tr\/2016\/05\/giro-2016-1dinlenme-gunu-raporu.html\" target=\"_blank\">1. Dinlenme g\u00fcn\u00fc raporu<\/a><\/span><\/li>\n<li><span style=\"font-family: georgia, palatino, serif; font-size: 12pt;\"><a href=\"http:\/\/sporlocasi.blogspot.com.tr\/2016\/05\/giro-2016-2dinlenme-gunu-raporu.html\" target=\"_blank\">2. Dinlenme g\u00fcn\u00fc raporu<\/a><\/span><\/li>\n<\/ul>\n<\/li>\n<li><span style=\"font-family: georgia, palatino, serif; font-size: 12pt;\">Bisikletta.com yazd\u0131:<\/span>\n<ul>\n<li><span style=\"font-family: georgia, palatino, serif; font-size: 12pt;\"><a href=\"https:\/\/bisikletta.com\/2016\/05\/05\/giro-ditalia-2016ya-on-bakis\/\" target=\"_blank\">Giro d\u2019Italia 2016\u2019ya \u00d6n Bak\u0131\u015f<\/a><\/span>\n<ul>\n<li><span style=\"font-family: georgia, palatino, serif; font-size: 12pt;\"><a href=\"https:\/\/bisikletta.com\/2016\/05\/09\/giro-ditalia-2016-dinlenme-gunu-notlari-i\/\" target=\"_blank\">1.Dinlenme g\u00fcn\u00fc raporu<\/a><\/span><\/li>\n<li><span style=\"font-family: georgia, palatino, serif; font-size: 12pt;\"><a href=\"https:\/\/bisikletta.com\/2016\/05\/16\/giro-ditalia-2016-dinlenme-gunu-notlari-ii\/\" target=\"_blank\">2. Dinlenme g\u00fcn\u00fc raporu<\/a><\/span><\/li>\n<\/ul>\n<\/li>\n<\/ul>\n<\/li>\n<li><span style=\"font-family: georgia, palatino, serif; font-size: 12pt;\">Giro2016 15. Etap hakk\u0131nda her \u015fey: <a href=\"http:\/\/www.steephill.tv\/giro-d-italia\/#15-preview-2016\" target=\"_blank\">SteepHill.TV<\/a><\/span><\/li>\n<li><span style=\"font-family: georgia, palatino, serif; font-size: 12pt;\">Giro2016 15. Etap s\u0131ral\u0131 tam liste: <a href=\"http:\/\/www.procyclingstats.com\/race.php?id=163685\" target=\"_blank\">ProCyclingStats.com<\/a><\/span><\/li>\n<li><span style=\"font-family: georgia, palatino, serif; font-size: 12pt;\">Cycling Weekly: <a href=\"http:\/\/www.cyclingweekly.co.uk\/news\/racing\/giro-ditalia\/giro-ditalia-2016-stage-15-preview-222653\" target=\"_blank\">Stage 14 preview<\/a><\/span><\/li>\n<\/ul>\n<p><!--nextpage--><\/p>\n<p>Etap sonras\u0131<\/p>\n<div id=\"attachment_3454\" style=\"width: 870px\" class=\"wp-caption aligncenter\"><a href=\"https:\/\/i0.wp.com\/aynakol.org\/wp-content\/uploads\/2016\/05\/Giro2016_Stage15_winner_Alexander_FOLIFOROV.jpg\"><img data-recalc-dims=\"1\" loading=\"lazy\" decoding=\"async\" aria-describedby=\"caption-attachment-3454\" data-attachment-id=\"3454\" data-permalink=\"http:\/\/aynakol.org\/?attachment_id=3454\" data-orig-file=\"https:\/\/i0.wp.com\/aynakol.org\/wp-content\/uploads\/2016\/05\/Giro2016_Stage15_winner_Alexander_FOLIFOROV-e1463939953258.jpg?fit=1024%2C593\" data-orig-size=\"1024,593\" data-comments-opened=\"1\" data-image-meta=\"{&quot;aperture&quot;:&quot;0&quot;,&quot;credit&quot;:&quot;&quot;,&quot;camera&quot;:&quot;&quot;,&quot;caption&quot;:&quot;&quot;,&quot;created_timestamp&quot;:&quot;0&quot;,&quot;copyright&quot;:&quot;&quot;,&quot;focal_length&quot;:&quot;0&quot;,&quot;iso&quot;:&quot;0&quot;,&quot;shutter_speed&quot;:&quot;0&quot;,&quot;title&quot;:&quot;&quot;,&quot;orientation&quot;:&quot;0&quot;}\" data-image-title=\"Giro2016_Stage15_winner_Alexander_FOLIFOROV\" data-image-description=\"\" data-image-caption=\"&lt;p&gt;15. Etab\u0131n galibi Alexander Foliforov&lt;\/p&gt;\n\" data-large-file=\"https:\/\/i0.wp.com\/aynakol.org\/wp-content\/uploads\/2016\/05\/Giro2016_Stage15_winner_Alexander_FOLIFOROV-e1463939953258.jpg?fit=860%2C498\" class=\"wp-image-3454 size-large\" src=\"https:\/\/i0.wp.com\/aynakol.org\/wp-content\/uploads\/2016\/05\/Giro2016_Stage15_winner_Alexander_FOLIFOROV-e1463939953258-1024x593.jpg?resize=860%2C498\" alt=\"15. Etab\u0131n galibi Alexander Foliforov\" width=\"860\" height=\"498\" srcset=\"https:\/\/i0.wp.com\/aynakol.org\/wp-content\/uploads\/2016\/05\/Giro2016_Stage15_winner_Alexander_FOLIFOROV-e1463939953258.jpg?w=1024 1024w, https:\/\/i0.wp.com\/aynakol.org\/wp-content\/uploads\/2016\/05\/Giro2016_Stage15_winner_Alexander_FOLIFOROV-e1463939953258.jpg?resize=300%2C174 300w, https:\/\/i0.wp.com\/aynakol.org\/wp-content\/uploads\/2016\/05\/Giro2016_Stage15_winner_Alexander_FOLIFOROV-e1463939953258.jpg?resize=768%2C445 768w\" sizes=\"auto, (max-width: 860px) 100vw, 860px\" \/><\/a><p id=\"caption-attachment-3454\" class=\"wp-caption-text\">15. Etab\u0131n galibi Alexander Foliforov<\/p><\/div>\n<p><span style=\"font-family: georgia, palatino, serif; font-size: 12pt;\">Giro2016 15. etap, yani 10.8 km&#8217;lik Castelrotto \u203a Alpe di Siusi bireysel &#8220;yoku\u015f&#8221; zamana kar\u015f\u0131 etab\u0131n\u0131 Gazprom-Rusvelo tak\u0131m\u0131ndan Alexander Foliforov kazand\u0131. Kariyerinin en b\u00fcy\u00fck zaferi. Pembe mayo Steven Kruijswijk&#8217;\u0131 saliselerle ge\u00e7meyi ba\u015fard\u0131. <\/span><\/p>\n<pre><b>15. Etap sonu\u00e7lar\u0131\r\n<\/b>RUS  1  FOLIFOROV, Alexander (GAZPROM-RUSVELO)             28:39\r\nNED  2  KRUIJSWIJK, Steven (LOTTO NL - JUMBO)              \r\nESP  3  VALVERDE BELMONTE, Alejandro (MOVISTAR)            +   23\r\nRUS  4  FIRSANOV, Sergey (GAZPROM-RUSVELO)                 +   30\r\nITA  5  SCARPONI, Michele (ASTANA)                         +   36\r\nCOL  6  CHAVES RUBIO, Johan Esteban (ORICA GreenEDGE)      +   40\r\nRUS  7  ZAKARIN, Ilnur (KATUSHA)                           +   47\r\nUSA  8  DOMBROWSKI, Joseph Lloyd (CANNONDALE)              +   52\r\nLUX  9  JUNGELS, Bob (ETIXX - QUICK STEP)                  + 1:04\r\nPOL  10 MAJKA, Rafal (TINKOFF)                             + 1:09<\/pre>\n<p>&nbsp;<\/p>\n<p><span style=\"font-family: georgia, palatino, serif; font-size: 12pt;\"><strong>Etab\u0131n \u00f6ne \u00e7\u0131kan anlar\u0131<\/strong><\/span><\/p>\n<p><iframe loading=\"lazy\" src=\"\/\/www.youtube.com\/embed\/P_Bpajqjx0M\" width=\"720\" height=\"439\" frameborder=\"0\" allowfullscreen=\"allowfullscreen\"><\/iframe><\/p>\n<p>Nibali&#8217;nin k\u00f6t\u00fc bir performans yapt\u0131\u011f\u0131 etapta \u00fczerine bir de mekanik sorun ya\u015famas\u0131 kendisine iyice zaman kaybettirdi. Pembe mayo sahibi Steven Kruijswijk ise adeta u\u00e7arcas\u0131na t\u0131rmand\u0131\u011f\u0131 etapta Alexander Foliforov ile neredeyse ayn\u0131 s\u00fcreyi yaparak pembe mayosunu sa\u011flama ald\u0131. Valverde&#8217;nin \u00fc\u00e7\u00fcnc\u00fc olarak bitirdi\u011fi etaptaki \u00e7abas\u0131 ise ne yaz\u0131k ki d\u00fcn yedi\u011fi 3 dakikal\u0131k fark\u0131 kapatmaya yetmedi.<\/p>\n<pre><b>15. Etap sonras\u0131 genel klasman\r\n<\/b>NED  1  KRUIJSWIJK, Steven (LOTTO NL - JUMBO)             60:41:22\r\nCOL  2  CHAVES RUBIO, Johan Esteban (ORICA GreenEDGE)      +  2:12\r\nITA  3  NIBALI, Vincenzo (ASTANA)                          +  2:51\r\nESP  4  VALVERDE BELMONTE, Alejandro (MOVISTAR)            +  3:29\r\nPOL  5  MAJKA, Rafal (TINKOFF)                             +  4:38\r\nRUS  6  ZAKARIN, Ilnur (KATUSHA)                           +  4:40\r\nCRC  7  AMADOR BIKKAZAKOVA, Andrey (MOVISTAR)              +  5:27\r\nLUX  8  JUNGELS, Bob (ETIXX - QUICK STEP)                  +  7:14\r\nBLR  9  SIUTSOU, Kanstantsin (DIMENSION DATA)              +  7:37\r\nDEN  10 FUGLSANG, Jakob (ASTANA)                           +  7:55<\/pre>\n<p><strong><span style=\"font-family: georgia, palatino, serif; font-size: 12pt;\">Daha fazlas\u0131 i\u00e7in<\/span><\/strong><\/p>\n<ul style=\"list-style-type: circle;\">\n<li><span style=\"font-family: georgia, palatino, serif; font-size: 12pt;\">Ek\u015fi S\u00f6zl\u00fck yazar\u0131 Zeddicus zu l Zorenden<a href=\"https:\/\/eksisozluk.com\/entry\/60676921\" target=\"_blank\"> 15. etab\u0131 yazd\u0131<\/a><\/span><\/li>\n<li><span style=\"font-family: georgia, palatino, serif; font-size: 12pt;\">S\u0131ral\u0131 tam liste: P<a href=\"http:\/\/www.procyclingstats.com\/race\/Giro_Italia_2016_Stage_15_ITT_Alpe_di_Siusi\">roCyclingStats.com<\/a><\/span><\/li>\n<li><span style=\"font-family: georgia, palatino, serif; font-size: 12pt;\">15. etap hakk\u0131nda her \u015fey: <a href=\"http:\/\/www.steephill.tv\/giro-d-italia\/#15-results-2016\">SteepHill.TV<\/a><\/span><\/li>\n<\/ul>\n<p>&nbsp;<\/p>\n<p>&nbsp;<\/p>\n<p>&nbsp;<\/p>\n","protected":false},"excerpt":{"rendered":"<p>D\u00fcnk\u00fc etapta neler olmu\u015ftu? Dolomitlerin zirvelerindeki da\u011f ge\u00e7itlerinde ke\u00e7i gibi t\u0131rmanan favorilerin m\u00fccadelesinde Nibali birer iki\u015fer rakiplerini silkelerken iki isim ataklar\u0131na cevap verip ayakta durabildi: [&#8230;]<\/p>\n","protected":false},"author":1,"featured_media":3136,"comment_status":"open","ping_status":"open","sticky":false,"template":"","format":"standard","meta":{"jetpack_post_was_ever_published":false,"_jetpack_newsletter_access":"","_jetpack_dont_email_post_to_subs":false,"_jetpack_newsletter_tier_id":0,"_jetpack_memberships_contains_paywalled_content":false,"_jetpack_memberships_contains_paid_content":false,"footnotes":"","jetpack_publicize_message":"Dolomitlerin zirvesinde ke\u00e7i gibi dola\u015fmaya devam! G\u00fcn t\u0131rman\u0131\u015f\u00e7\u0131lar\u0131n g\u00fcn\u00fc: 10.8 km uzunlu\u011fundaki bireysel yoku\u015f zamana kar\u015f\u0131 etab\u0131yla genel klasman son \u015feklini alacak; zira zamana kar\u015f\u0131 dedik ama \u00f6yle kar\u015f\u0131m\u0131zda m\u00fchendislik harikas\u0131 bisikletler yok, ince zarif ve ger\u00e7ekten hafif bisikletler \u00fczerinde ortalama e\u011fimi %8 olan 10.8 km uzunlu\u011fundaki etaba kar\u015f\u0131 m\u00fccadele eden Spartak\u00fcsler var!","jetpack_publicize_feature_enabled":true,"jetpack_social_post_already_shared":true,"jetpack_social_options":{"image_generator_settings":{"template":"highway","default_image_id":0,"font":"","enabled":false},"version":2}},"categories":[1239,92],"tags":[24,17,1257,963,32,794,87,173,1256,229,803,692,1010,537,223],"class_list":["post-3451","post","type-post","status-publish","format-standard","has-post-thumbnail","hentry","category-giro-ditalia","category-grand","tag-astana","tag-bisiklet-turu","tag-dolomites","tag-esteban-chaves","tag-giro","tag-girotr","tag-grand-tour","tag-italya-bisiklet-turu","tag-itaylya","tag-itt","tag-lottonl-jumbo","tag-orica-greenedge","tag-steven-kruijswijk","tag-tt","tag-vincenzo-nibali"],"jetpack_publicize_connections":[],"jetpack_featured_media_url":"https:\/\/i0.wp.com\/aynakol.org\/wp-content\/uploads\/2016\/05\/Giro2016_banner.jpg?fit=510%2C288","jetpack_sharing_enabled":true,"jetpack_shortlink":"https:\/\/wp.me\/p51p4O-TF","jetpack_likes_enabled":true,"jetpack-related-posts":[{"id":3457,"url":"http:\/\/aynakol.org\/?p=3457","url_meta":{"origin":3451,"position":0},"title":"Giro2016 16. Etap: Bressanone Brixen \u2192 Andalo, 132 km","author":"Ayd\u0131n Bez","date":"24 May\u0131s 2016","format":false,"excerpt":"D\u00fcnk\u00fc etapta neler olmu\u015ftu? 10.8 km uzunlu\u011fundaki yoku\u015f zaman kar\u015f\u0131 etab\u0131n\u0131 Gazprom-Rusvelo tak\u0131m\u0131ndan Alexander Foliforov kazanm\u0131\u015ft\u0131. Genel klasmanda ikinci s\u0131rada yer alan Nibali ya\u015fad\u0131\u011f\u0131 mekanik sorun y\u00fcz\u00fcnden kan kaybetmi\u015f, Steven Kruijswijk ise yerini sa\u011flamla\u015ft\u0131rm\u0131\u015ft\u0131. \u00a0 Etap incelemesi \u0130talyan Alplerinde m\u00fccadeleye devam. Alpe di Siusi'den G\u00fcney Tirol b\u00f6lgesine,\u00a0Bressanone Brixen kentine do\u011fru\u2026","rel":"","context":"&quot;Giro d'Italia&quot; i\u00e7inde","block_context":{"text":"Giro d'Italia","link":"http:\/\/aynakol.org\/?cat=1239"},"img":{"alt_text":"","src":"https:\/\/i0.wp.com\/aynakol.org\/wp-content\/uploads\/2016\/05\/Ekran-G%C3%B6r%C3%BCnt%C3%BCs%C3%BC-2016-05-24-17-48-26-e1464106127195.png?fit=814%2C324&resize=350%2C200","width":350,"height":200,"srcset":"https:\/\/i0.wp.com\/aynakol.org\/wp-content\/uploads\/2016\/05\/Ekran-G%C3%B6r%C3%BCnt%C3%BCs%C3%BC-2016-05-24-17-48-26-e1464106127195.png?fit=814%2C324&resize=350%2C200 1x, https:\/\/i0.wp.com\/aynakol.org\/wp-content\/uploads\/2016\/05\/Ekran-G%C3%B6r%C3%BCnt%C3%BCs%C3%BC-2016-05-24-17-48-26-e1464106127195.png?fit=814%2C324&resize=525%2C300 1.5x, https:\/\/i0.wp.com\/aynakol.org\/wp-content\/uploads\/2016\/05\/Ekran-G%C3%B6r%C3%BCnt%C3%BCs%C3%BC-2016-05-24-17-48-26-e1464106127195.png?fit=814%2C324&resize=700%2C400 2x"},"classes":[]},{"id":3429,"url":"http:\/\/aynakol.org\/?p=3429","url_meta":{"origin":3451,"position":1},"title":"Giro2016 14. Etap: Alpago \u2192 Corvara, 210 km","author":"Ayd\u0131n Bez","date":"21 May\u0131s 2016","format":false,"excerpt":"D\u00fcnk\u00fc etapta neler olmu\u015ftu? Etab\u0131 Giro'daki laneti s\u00fcren Team SKY'\u0131n \u0130spanyol pedal\u0131 Mikel Nieve kazan\u0131rken t\u0131rman\u0131\u015flarda Bob Jungels, Astana ve Nibali'nin bitmek bilmeyen ataklar\u0131 sonras\u0131 geriye d\u00fc\u015f\u00fcnce s\u0131ralamadaki en yak\u0131n isim Andrey Amador pembe mayoya uzanm\u0131\u015ft\u0131. G\u00fcn\u00fcn di\u011fer bir kazanan\u0131 da, \u015fimdilik, favorilerle birlikte girdi\u011fi biti\u015f \u00e7izgisinden ilk s\u0131rada ge\u00e7erek\u2026","rel":"","context":"&quot;Giro d'Italia&quot; i\u00e7inde","block_context":{"text":"Giro d'Italia","link":"http:\/\/aynakol.org\/?cat=1239"},"img":{"alt_text":"","src":"https:\/\/i0.wp.com\/aynakol.org\/wp-content\/uploads\/2016\/05\/Giro2016_banner.jpg?fit=510%2C288&resize=350%2C200","width":350,"height":200},"classes":[]},{"id":3571,"url":"http:\/\/aynakol.org\/?p=3571","url_meta":{"origin":3451,"position":2},"title":"Giro2016 21. Etap: Cuneo \u2192 Torino, 163 km","author":"Ayd\u0131n Bez","date":"29 May\u0131s 2016","format":false,"excerpt":"Art\u0131k zafer turu atma zaman\u0131! Hollandadan ba\u015flay\u0131p \u00f6nce \u0130talyan\u0131n g\u00fcneyine, sonra yava\u015f yava\u015f kuzeyine ve en sonunda bat\u0131s\u0131na do\u011fru pedallad\u0131\u011f\u0131m\u0131z 21 g\u00fcn boyunca neler olmad\u0131 ki? Sprinter pedallar\u0131n bo\u015f ge\u00e7medi\u011fi etaplar d\u0131\u015f\u0131nda genel klasman favorilerinden Chaves'in 14,\u00a0Valverde'nin 16\u00a0ve Nibali'nin de 19. etab\u0131 kazand\u0131\u011f\u0131 Giro'da\u00a0ka\u00e7\u0131\u015f da bo\u015f ge\u00e7medi ve birbirinden g\u00fczel\u2026","rel":"","context":"&quot;Grand Tour&quot; i\u00e7inde","block_context":{"text":"Grand Tour","link":"http:\/\/aynakol.org\/?cat=92"},"img":{"alt_text":"","src":"https:\/\/i0.wp.com\/aynakol.org\/wp-content\/uploads\/2016\/05\/Ekran-G%C3%B6r%C3%BCnt%C3%BCs%C3%BC-2016-05-28-18-58-04.png?fit=755%2C424&resize=350%2C200","width":350,"height":200,"srcset":"https:\/\/i0.wp.com\/aynakol.org\/wp-content\/uploads\/2016\/05\/Ekran-G%C3%B6r%C3%BCnt%C3%BCs%C3%BC-2016-05-28-18-58-04.png?fit=755%2C424&resize=350%2C200 1x, https:\/\/i0.wp.com\/aynakol.org\/wp-content\/uploads\/2016\/05\/Ekran-G%C3%B6r%C3%BCnt%C3%BCs%C3%BC-2016-05-28-18-58-04.png?fit=755%2C424&resize=525%2C300 1.5x, https:\/\/i0.wp.com\/aynakol.org\/wp-content\/uploads\/2016\/05\/Ekran-G%C3%B6r%C3%BCnt%C3%BCs%C3%BC-2016-05-28-18-58-04.png?fit=755%2C424&resize=700%2C400 2x"},"classes":[]},{"id":3528,"url":"http:\/\/aynakol.org\/?p=3528","url_meta":{"origin":3451,"position":3},"title":"Giro2016 20. Etap: Guillestre \u2192 Sant&#8217;Anna di Vinadio, 134 km","author":"Ayd\u0131n Bez","date":"28 May\u0131s 2016","format":false,"excerpt":"D\u00fcnk\u00fc etapta neler olmu\u015ftu? Neler olmad\u0131 ki? Sonu kesin dedi\u011fimiz Giro'da Kruijswijk'in Colle Dell'Agnello ini\u015finde ya\u015fad\u0131\u011f\u0131 kaza sonras\u0131 kartlar yeniden da\u011f\u0131t\u0131ld\u0131... Etap zaferine Nibali uzan\u0131rken Esteban Chaves ise pembe mayoyu g\u00fcn\u00fcn sonunda s\u0131rt\u0131na ge\u00e7iriyordu! Etap\u00a0hakk\u0131nda Fransa topraklar\u0131ndan anavanata d\u00f6nme zaman\u0131...\u00a0Guillestre \u2192 Sant'Anna di Vinadio aras\u0131nda pedallanacak 134 km uzunlu\u011fundaki 20.\u2026","rel":"","context":"&quot;Giro d'Italia&quot; i\u00e7inde","block_context":{"text":"Giro d'Italia","link":"http:\/\/aynakol.org\/?cat=1239"},"img":{"alt_text":"","src":"https:\/\/i0.wp.com\/aynakol.org\/wp-content\/uploads\/2016\/05\/Giro2016_posters_1_crop.jpg?fit=531%2C424&resize=350%2C200","width":350,"height":200,"srcset":"https:\/\/i0.wp.com\/aynakol.org\/wp-content\/uploads\/2016\/05\/Giro2016_posters_1_crop.jpg?fit=531%2C424&resize=350%2C200 1x, https:\/\/i0.wp.com\/aynakol.org\/wp-content\/uploads\/2016\/05\/Giro2016_posters_1_crop.jpg?fit=531%2C424&resize=525%2C300 1.5x"},"classes":[]},{"id":3492,"url":"http:\/\/aynakol.org\/?p=3492","url_meta":{"origin":3451,"position":4},"title":"Giro2016 19. Etap: Pinerolo \u2192 Risoul, 162 km","author":"Ayd\u0131n Bez","date":"27 May\u0131s 2016","format":false,"excerpt":"D\u00fcnk\u00fc etapta neler oldu? Son 22 km'ye dek ola\u011fan bir ka\u00e7\u0131\u015f\u0131n ya\u015fand\u0131\u011f\u0131 etapta Etixx-QuickStep ak\u0131l dolu bir taktikle zafere uzanmas\u0131n\u0131 bildi: Gianluca Brambilla ve Moreno Moser'in sprint d\u00fczl\u00fc\u011f\u00fcnde yava\u015flamas\u0131yla takip grubundan atak yap\u0131p lider ikiliyi yakalayan Matteo Trentin zafere pedallad\u0131. \u00a0 Etap hakk\u0131nda Torino kentinden Fransaya uzan\u0131yoruz; \u0130talyan Alpleri yetmemi\u015f\u2026","rel":"","context":"&quot;Giro d'Italia&quot; i\u00e7inde","block_context":{"text":"Giro d'Italia","link":"http:\/\/aynakol.org\/?cat=1239"},"img":{"alt_text":"","src":"https:\/\/i0.wp.com\/aynakol.org\/wp-content\/uploads\/2016\/05\/Giro2016_Stage19_Nibali.jpg?fit=960%2C640&resize=350%2C200","width":350,"height":200,"srcset":"https:\/\/i0.wp.com\/aynakol.org\/wp-content\/uploads\/2016\/05\/Giro2016_Stage19_Nibali.jpg?fit=960%2C640&resize=350%2C200 1x, https:\/\/i0.wp.com\/aynakol.org\/wp-content\/uploads\/2016\/05\/Giro2016_Stage19_Nibali.jpg?fit=960%2C640&resize=525%2C300 1.5x, https:\/\/i0.wp.com\/aynakol.org\/wp-content\/uploads\/2016\/05\/Giro2016_Stage19_Nibali.jpg?fit=960%2C640&resize=700%2C400 2x"},"classes":[]},{"id":3472,"url":"http:\/\/aynakol.org\/?p=3472","url_meta":{"origin":3451,"position":5},"title":"Giro2016 17. Etap: Molveno \u2192 Cassano d&#8217;Adda, 196 km","author":"Ayd\u0131n Bez","date":"25 May\u0131s 2016","format":false,"excerpt":"D\u00fcnk\u00fc etapta neler olmu\u015ftu? Nibali'nin silkelendi\u011fi Valverde'nin anka ku\u015fu misali k\u00fcllerinden yeniden do\u011fdu\u011fu etap sonunda Alejandro Valverde etap zaferiyle birlikte genel klasman m\u00fccadelesinde \u00fc\u00e7\u00fcnc\u00fc s\u0131raya y\u00fckselmi\u015fti. Pembe mayo Steven Kruijswijk ise favorilerden gelen her t\u00fcrl\u00fc ata\u011fa kar\u015f\u0131 tek ba\u015f\u0131na m\u00fccadele ederek aray\u0131 iyice a\u00e7\u0131p konumunu sa\u011flamla\u015ft\u0131rd\u0131.\u00a0 \u00a0 Etap incelemesi Brenta\u2026","rel":"","context":"&quot;Giro d'Italia&quot; i\u00e7inde","block_context":{"text":"Giro d'Italia","link":"http:\/\/aynakol.org\/?cat=1239"},"img":{"alt_text":"","src":"https:\/\/i0.wp.com\/aynakol.org\/wp-content\/uploads\/2016\/05\/13246441_822506677883962_4991749213029151587_o.jpg?fit=1200%2C642&resize=350%2C200","width":350,"height":200,"srcset":"https:\/\/i0.wp.com\/aynakol.org\/wp-content\/uploads\/2016\/05\/13246441_822506677883962_4991749213029151587_o.jpg?fit=1200%2C642&resize=350%2C200 1x, https:\/\/i0.wp.com\/aynakol.org\/wp-content\/uploads\/2016\/05\/13246441_822506677883962_4991749213029151587_o.jpg?fit=1200%2C642&resize=525%2C300 1.5x, https:\/\/i0.wp.com\/aynakol.org\/wp-content\/uploads\/2016\/05\/13246441_822506677883962_4991749213029151587_o.jpg?fit=1200%2C642&resize=700%2C400 2x, https:\/\/i0.wp.com\/aynakol.org\/wp-content\/uploads\/2016\/05\/13246441_822506677883962_4991749213029151587_o.jpg?fit=1200%2C642&resize=1050%2C600 3x"},"classes":[]}],"_links":{"self":[{"href":"http:\/\/aynakol.org\/index.php?rest_route=\/wp\/v2\/posts\/3451","targetHints":{"allow":["GET"]}}],"collection":[{"href":"http:\/\/aynakol.org\/index.php?rest_route=\/wp\/v2\/posts"}],"about":[{"href":"http:\/\/aynakol.org\/index.php?rest_route=\/wp\/v2\/types\/post"}],"author":[{"embeddable":true,"href":"http:\/\/aynakol.org\/index.php?rest_route=\/wp\/v2\/users\/1"}],"replies":[{"embeddable":true,"href":"http:\/\/aynakol.org\/index.php?rest_route=%2Fwp%2Fv2%2Fcomments&post=3451"}],"version-history":[{"count":4,"href":"http:\/\/aynakol.org\/index.php?rest_route=\/wp\/v2\/posts\/3451\/revisions"}],"predecessor-version":[{"id":3456,"href":"http:\/\/aynakol.org\/index.php?rest_route=\/wp\/v2\/posts\/3451\/revisions\/3456"}],"wp:featuredmedia":[{"embeddable":true,"href":"http:\/\/aynakol.org\/index.php?rest_route=\/wp\/v2\/media\/3136"}],"wp:attachment":[{"href":"http:\/\/aynakol.org\/index.php?rest_route=%2Fwp%2Fv2%2Fmedia&parent=3451"}],"wp:term":[{"taxonomy":"category","embeddable":true,"href":"http:\/\/aynakol.org\/index.php?rest_route=%2Fwp%2Fv2%2Fcategories&post=3451"},{"taxonomy":"post_tag","embeddable":true,"href":"http:\/\/aynakol.org\/index.php?rest_route=%2Fwp%2Fv2%2Ftags&post=3451"}],"curies":[{"name":"wp","href":"https:\/\/api.w.org\/{rel}","templated":true}]}}