{"id":3457,"date":"2016-05-24T10:00:49","date_gmt":"2016-05-24T07:00:49","guid":{"rendered":"http:\/\/aynakol.org\/?p=3457"},"modified":"2016-05-24T21:14:56","modified_gmt":"2016-05-24T18:14:56","slug":"giro2016-16-etap-bressanone-brixen-%e2%86%92-andalo-132-km","status":"publish","type":"post","link":"http:\/\/aynakol.org\/?p=3457","title":{"rendered":"Giro2016 16. Etap: Bressanone Brixen \u2192 Andalo, 132 km"},"content":{"rendered":"<p><span style=\"font-family: georgia, palatino, serif; font-size: 14pt;\"><strong>D\u00fcnk\u00fc etapta neler olmu\u015ftu?<\/strong><\/span><\/p>\n<p><span style=\"font-family: georgia, palatino, serif; font-size: 12pt;\">10.8 km uzunlu\u011fundaki yoku\u015f zaman kar\u015f\u0131 etab\u0131n\u0131 Gazprom-Rusvelo tak\u0131m\u0131ndan Alexander Foliforov kazanm\u0131\u015ft\u0131. Genel klasmanda ikinci s\u0131rada yer alan Nibali ya\u015fad\u0131\u011f\u0131 mekanik sorun y\u00fcz\u00fcnden kan kaybetmi\u015f, Steven Kruijswijk ise yerini sa\u011flamla\u015ft\u0131rm\u0131\u015ft\u0131.<\/span><\/p>\n<p>&nbsp;<\/p>\n<p><span style=\"font-family: georgia, palatino, serif; font-size: 14pt;\"><strong>Etap incelemesi<\/strong><\/span><\/p>\n<p><span style=\"font-family: georgia, palatino, serif; font-size: 12pt;\">\u0130talyan Alplerinde m\u00fccadeleye devam. Alpe di Siusi&#8217;den G\u00fcney Tirol b\u00f6lgesine,\u00a0Bressanone Brixen kentine do\u011fru ge\u00e7iyoruz. Brenta Dolomitlerinin ete\u011fine konu\u015flu kayak merkezi Andalo kasabas\u0131nda sona erecek 16. etap 132 km uzunlu\u011funda, ama k\u0131sal\u0131\u011f\u0131 sizi \u015fa\u015f\u0131rtmas\u0131n! Alp Da\u011flar\u0131n\u0131n olanca ac\u0131mas\u0131zl\u0131\u011f\u0131 etapta kar\u015f\u0131m\u0131za iki t\u0131rman\u0131\u015fla \u00e7\u0131kacak.<\/span><\/p>\n<div id=\"attachment_3102\" style=\"width: 760px\" class=\"wp-caption aligncenter\"><a href=\"https:\/\/i0.wp.com\/aynakol.org\/wp-content\/uploads\/2016\/05\/Giro2016_stage16_profile.jpg\"><img data-recalc-dims=\"1\" loading=\"lazy\" decoding=\"async\" aria-describedby=\"caption-attachment-3102\" data-attachment-id=\"3102\" data-permalink=\"http:\/\/aynakol.org\/?attachment_id=3102\" data-orig-file=\"https:\/\/i0.wp.com\/aynakol.org\/wp-content\/uploads\/2016\/05\/Giro2016_stage16_profile.jpg?fit=750%2C553\" data-orig-size=\"750,553\" data-comments-opened=\"1\" data-image-meta=\"{&quot;aperture&quot;:&quot;0&quot;,&quot;credit&quot;:&quot;&quot;,&quot;camera&quot;:&quot;&quot;,&quot;caption&quot;:&quot;&quot;,&quot;created_timestamp&quot;:&quot;1459720227&quot;,&quot;copyright&quot;:&quot;&quot;,&quot;focal_length&quot;:&quot;0&quot;,&quot;iso&quot;:&quot;0&quot;,&quot;shutter_speed&quot;:&quot;0&quot;,&quot;title&quot;:&quot;T15_MadonnaDC_2_alt&quot;,&quot;orientation&quot;:&quot;1&quot;}\" data-image-title=\"T15_MadonnaDC_2_alt\" data-image-description=\"\" data-image-caption=\"\" data-large-file=\"https:\/\/i0.wp.com\/aynakol.org\/wp-content\/uploads\/2016\/05\/Giro2016_stage16_profile.jpg?fit=750%2C553\" class=\"wp-image-3102 size-full\" src=\"https:\/\/i0.wp.com\/aynakol.org\/wp-content\/uploads\/2016\/05\/Giro2016_stage16_profile.jpg?resize=750%2C553\" alt=\"T15_MadonnaDC_2_alt\" width=\"750\" height=\"553\" srcset=\"https:\/\/i0.wp.com\/aynakol.org\/wp-content\/uploads\/2016\/05\/Giro2016_stage16_profile.jpg?w=750 750w, https:\/\/i0.wp.com\/aynakol.org\/wp-content\/uploads\/2016\/05\/Giro2016_stage16_profile.jpg?resize=300%2C221 300w\" sizes=\"auto, (max-width: 750px) 100vw, 750px\" \/><\/a><p id=\"caption-attachment-3102\" class=\"wp-caption-text\">16. Etap profili: Ad\u0131m ad\u0131m zirve biti\u015flerine ev sahipli\u011fi yapan etaplar kar\u015f\u0131m\u0131za \u00e7\u0131k\u0131yor.<\/p><\/div>\n<p>&nbsp;<\/p>\n<p><span style=\"font-family: georgia, palatino, serif; font-size: 12pt;\">Etab\u0131n ilk 43 km&#8217;si ini\u015f profiline sahip,\u00a0ara sprint kap\u0131s\u0131 da burada zaten. 43. km geride kald\u0131\u011f\u0131nda zirvesinden 64.3 km&#8217;de ge\u00e7ilecek Passo della Mendola da\u011f ge\u00e7idini usul usul t\u0131rmanmaya ba\u015flayacak peloton.<\/span><\/p>\n<p>&nbsp;<\/p>\n<div id=\"attachment_3458\" style=\"width: 996px\" class=\"wp-caption aligncenter\"><a href=\"https:\/\/i0.wp.com\/aynakol.org\/wp-content\/uploads\/2016\/05\/Giro2016_stage16_first_climb_Passo_della_Mendola.jpg\"><img data-recalc-dims=\"1\" loading=\"lazy\" decoding=\"async\" aria-describedby=\"caption-attachment-3458\" data-attachment-id=\"3458\" data-permalink=\"http:\/\/aynakol.org\/?attachment_id=3458\" data-orig-file=\"https:\/\/i0.wp.com\/aynakol.org\/wp-content\/uploads\/2016\/05\/Giro2016_stage16_first_climb_Passo_della_Mendola.jpg?fit=986%2C666\" data-orig-size=\"986,666\" data-comments-opened=\"1\" data-image-meta=\"{&quot;aperture&quot;:&quot;0&quot;,&quot;credit&quot;:&quot;&quot;,&quot;camera&quot;:&quot;&quot;,&quot;caption&quot;:&quot;&quot;,&quot;created_timestamp&quot;:&quot;0&quot;,&quot;copyright&quot;:&quot;&quot;,&quot;focal_length&quot;:&quot;0&quot;,&quot;iso&quot;:&quot;0&quot;,&quot;shutter_speed&quot;:&quot;0&quot;,&quot;title&quot;:&quot;S05_Valcava_3D&quot;,&quot;orientation&quot;:&quot;1&quot;}\" data-image-title=\"S05_Valcava_3D\" data-image-description=\"\" data-image-caption=\"\" data-large-file=\"https:\/\/i0.wp.com\/aynakol.org\/wp-content\/uploads\/2016\/05\/Giro2016_stage16_first_climb_Passo_della_Mendola.jpg?fit=860%2C581\" class=\"wp-image-3458 size-full\" src=\"https:\/\/i0.wp.com\/aynakol.org\/wp-content\/uploads\/2016\/05\/Giro2016_stage16_first_climb_Passo_della_Mendola.jpg?resize=860%2C581\" alt=\"S05_Valcava_3D\" width=\"860\" height=\"581\" srcset=\"https:\/\/i0.wp.com\/aynakol.org\/wp-content\/uploads\/2016\/05\/Giro2016_stage16_first_climb_Passo_della_Mendola.jpg?w=986 986w, https:\/\/i0.wp.com\/aynakol.org\/wp-content\/uploads\/2016\/05\/Giro2016_stage16_first_climb_Passo_della_Mendola.jpg?resize=300%2C203 300w, https:\/\/i0.wp.com\/aynakol.org\/wp-content\/uploads\/2016\/05\/Giro2016_stage16_first_climb_Passo_della_Mendola.jpg?resize=768%2C519 768w\" sizes=\"auto, (max-width: 860px) 100vw, 860px\" \/><\/a><p id=\"caption-attachment-3458\" class=\"wp-caption-text\">G\u00fcn\u00fcn ilk t\u0131rman\u0131\u015f\u0131 Passo della Mendola da\u011f ge\u00e7idi yakla\u015f\u0131k 15 km uzunlu\u011funda ve ortalama e\u011fimi %7<\/p><\/div>\n<p><span style=\"font-family: georgia, palatino, serif; font-size: 12pt;\">Da\u011f ge\u00e7idinden sonra ovaya do\u011fru bir ini\u015fimiz var: 55 km filan&#8230; Burada ka\u00e7anlar\u0131n iyice kalabal\u0131k olmas\u0131 laz\u0131m yoksa yakalanmalar\u0131 kesin! \u00d6rne\u011fini de 14. etapta g\u00f6rd\u00fck zaten. Bireysel ka\u00e7\u0131\u015fla olmuyor hele, etab\u0131n son 20 km&#8217;si yine s\u0131n\u0131fland\u0131r\u0131lm\u0131\u015f bir t\u0131rman\u0131\u015f ise kesinlikle kalabal\u0131k olmal\u0131lar.<\/span><\/p>\n<div id=\"attachment_3459\" style=\"width: 996px\" class=\"wp-caption aligncenter\"><a href=\"https:\/\/i0.wp.com\/aynakol.org\/wp-content\/uploads\/2016\/05\/Giro2016_stage16_second_climb_Paganella-1.jpg\"><img data-recalc-dims=\"1\" loading=\"lazy\" decoding=\"async\" aria-describedby=\"caption-attachment-3459\" data-attachment-id=\"3459\" data-permalink=\"http:\/\/aynakol.org\/?attachment_id=3459\" data-orig-file=\"https:\/\/i0.wp.com\/aynakol.org\/wp-content\/uploads\/2016\/05\/Giro2016_stage16_second_climb_Paganella-1.jpg?fit=986%2C666\" data-orig-size=\"986,666\" data-comments-opened=\"1\" data-image-meta=\"{&quot;aperture&quot;:&quot;0&quot;,&quot;credit&quot;:&quot;&quot;,&quot;camera&quot;:&quot;&quot;,&quot;caption&quot;:&quot;&quot;,&quot;created_timestamp&quot;:&quot;0&quot;,&quot;copyright&quot;:&quot;&quot;,&quot;focal_length&quot;:&quot;0&quot;,&quot;iso&quot;:&quot;0&quot;,&quot;shutter_speed&quot;:&quot;0&quot;,&quot;title&quot;:&quot;S05_Valcava_3D&quot;,&quot;orientation&quot;:&quot;1&quot;}\" data-image-title=\"S05_Valcava_3D\" data-image-description=\"\" data-image-caption=\"&lt;p&gt;G\u00fcn\u00fcn ikinci t\u0131rman\u0131\u015f\u0131 Cat2 s\u0131n\u0131f\u0131 Fai della Paganella, Alplerin eteklerinde yer al\u0131yor, biraz \u00f6tesi ise kayak merkezi zaten. 13 km kadar t\u0131rman\u0131\u015f\u0131n ortalama e\u011fimi ise %8&lt;\/p&gt;\n\" data-large-file=\"https:\/\/i0.wp.com\/aynakol.org\/wp-content\/uploads\/2016\/05\/Giro2016_stage16_second_climb_Paganella-1.jpg?fit=860%2C581\" class=\"size-full wp-image-3459\" src=\"https:\/\/i0.wp.com\/aynakol.org\/wp-content\/uploads\/2016\/05\/Giro2016_stage16_second_climb_Paganella-1.jpg?resize=860%2C581\" alt=\"G\u00fcn\u00fcn ikinci t\u0131rman\u0131\u015f\u0131 Cat2 s\u0131n\u0131f\u0131 Fai della Paganella, Alplerin eteklerinde yer al\u0131yor, biraz \u00f6tesi ise kayak merkezi zaten. 13 km kadar t\u0131rman\u0131\u015f\u0131n ortalama e\u011fimi ise %8\" width=\"860\" height=\"581\" srcset=\"https:\/\/i0.wp.com\/aynakol.org\/wp-content\/uploads\/2016\/05\/Giro2016_stage16_second_climb_Paganella-1.jpg?w=986 986w, https:\/\/i0.wp.com\/aynakol.org\/wp-content\/uploads\/2016\/05\/Giro2016_stage16_second_climb_Paganella-1.jpg?resize=300%2C203 300w, https:\/\/i0.wp.com\/aynakol.org\/wp-content\/uploads\/2016\/05\/Giro2016_stage16_second_climb_Paganella-1.jpg?resize=768%2C519 768w\" sizes=\"auto, (max-width: 860px) 100vw, 860px\" \/><\/a><p id=\"caption-attachment-3459\" class=\"wp-caption-text\">G\u00fcn\u00fcn ikinci t\u0131rman\u0131\u015f\u0131 Cat2 s\u0131n\u0131f\u0131 Fai della Paganella, Alplerin eteklerinde yer al\u0131yor, biraz \u00f6tesi ise kayak merkezi zaten. 13 km kadar t\u0131rman\u0131\u015f\u0131n ortalama e\u011fimi ise %8<\/p><\/div>\n<p><span style=\"font-family: georgia, palatino, serif; font-size: 12pt;\">Fai della Paganella zirvesine yak\u0131n genel klasmanda pembe mayonun 1, 2 dakika gerisine d\u00fc\u015fen Chaves ve Nibali&#8217;den ataklar gelecektir bu noktada; \u00f6zellikle de Nibali&#8217;den zira yenilgiyi bu kadar kolay kabullenecek bir karakterde de\u011fil kendisi.<\/span><\/p>\n<div id=\"attachment_3101\" style=\"width: 510px\" class=\"wp-caption aligncenter\"><a href=\"https:\/\/i0.wp.com\/aynakol.org\/wp-content\/uploads\/2016\/05\/Giro2016_stage16_finish_profile.jpg\"><img data-recalc-dims=\"1\" loading=\"lazy\" decoding=\"async\" aria-describedby=\"caption-attachment-3101\" data-attachment-id=\"3101\" data-permalink=\"http:\/\/aynakol.org\/?attachment_id=3101\" data-orig-file=\"https:\/\/i0.wp.com\/aynakol.org\/wp-content\/uploads\/2016\/05\/Giro2016_stage16_finish_profile.jpg?fit=500%2C564\" data-orig-size=\"500,564\" data-comments-opened=\"1\" data-image-meta=\"{&quot;aperture&quot;:&quot;0&quot;,&quot;credit&quot;:&quot;&quot;,&quot;camera&quot;:&quot;&quot;,&quot;caption&quot;:&quot;&quot;,&quot;created_timestamp&quot;:&quot;1459720630&quot;,&quot;copyright&quot;:&quot;&quot;,&quot;focal_length&quot;:&quot;0&quot;,&quot;iso&quot;:&quot;0&quot;,&quot;shutter_speed&quot;:&quot;0&quot;,&quot;title&quot;:&quot;T21_Trieste_ukm&quot;,&quot;orientation&quot;:&quot;1&quot;}\" data-image-title=\"T21_Trieste_ukm\" data-image-description=\"\" data-image-caption=\"\" data-large-file=\"https:\/\/i0.wp.com\/aynakol.org\/wp-content\/uploads\/2016\/05\/Giro2016_stage16_finish_profile.jpg?fit=500%2C564\" class=\"wp-image-3101 size-full\" src=\"https:\/\/i0.wp.com\/aynakol.org\/wp-content\/uploads\/2016\/05\/Giro2016_stage16_finish_profile.jpg?resize=500%2C564\" alt=\"T21_Trieste_ukm\" width=\"500\" height=\"564\" srcset=\"https:\/\/i0.wp.com\/aynakol.org\/wp-content\/uploads\/2016\/05\/Giro2016_stage16_finish_profile.jpg?w=500 500w, https:\/\/i0.wp.com\/aynakol.org\/wp-content\/uploads\/2016\/05\/Giro2016_stage16_finish_profile.jpg?resize=266%2C300 266w\" sizes=\"auto, (max-width: 500px) 100vw, 500px\" \/><\/a><p id=\"caption-attachment-3101\" class=\"wp-caption-text\">Ve 16. Etab\u0131n sonu&#8230; \u0130talyan\u0131n yalanc\u0131 d\u00fczl\u00fcklerinden biri yine kar\u015f\u0131m\u0131zda!<\/p><\/div>\n<p><span style=\"font-family: georgia, palatino, serif; font-size: 12pt;\">Andalo kasabas\u0131nda sona erecek etab\u0131n son 6 km&#8217;si zaman fark\u0131 yaratmaya \u00e7al\u0131\u015f\u0131lan bir m\u00fccadele i\u00e7inde ge\u00e7ecek. buras\u0131 kesin. \u0130ki senaryo var ya favoriler ele alacak saz\u0131 ya da geride kal\u0131p ka\u00e7anlar\u0131 serbest b\u0131rak\u0131p kendi hesaplar\u0131n\u0131 kapatmaya \u00e7al\u0131\u015facaklar ki, t\u00fcm senaryolar yine pembe mayoya ba\u011flan\u0131yor.<\/span><\/p>\n<p><span style=\"font-size: 14pt; font-family: georgia, palatino, serif;\"><strong>Daha fazlas\u0131 i\u00e7in:<\/strong><\/span><\/p>\n<ul>\n<li><span style=\"font-size: 12pt; font-family: georgia, palatino, serif;\">15. Etapta <a href=\"http:\/\/aynakol.org\/?p=3451\" target=\"_blank\">neler oldu?<\/a><\/span><\/li>\n<li><span style=\"font-size: 12pt; font-family: georgia, palatino, serif;\">Giro d\u2019Italia resmi sitesinden her y\u00f6n\u00fcyle <a href=\"http:\/\/www.giroditalia.it\/eng\/stage\/tappa-16\/\" target=\"_blank\">16. Etap bilgilendirmesi<\/a><\/span><\/li>\n<li><span style=\"font-size: 12pt; font-family: georgia, palatino, serif;\">Sarper G\u00fcnsal abimiz Spor Locas\u0131ndan bildiriyor:<\/span>\n<ul>\n<li><span style=\"font-size: 12pt; font-family: georgia, palatino, serif;\"><a href=\"http:\/\/sporlocasi.blogspot.com.tr\/2016\/05\/giro-2016-parkur-ozeti.html\" target=\"_blank\">Giro 2016 Parkur \u00d6zeti<\/a><\/span><\/li>\n<li><span style=\"font-size: 12pt; font-family: georgia, palatino, serif;\"><a href=\"http:\/\/sporlocasi.blogspot.com.tr\/2016\/05\/giro-ve-suphelileri.html\" target=\"_blank\">Giro ve \u015e\u00fcphelileri<\/a><\/span><\/li>\n<li><span style=\"font-size: 12pt; font-family: georgia, palatino, serif;\"><a href=\"http:\/\/sporlocasi.blogspot.com.tr\/2016\/05\/giro-2016-1dinlenme-gunu-raporu.html\" target=\"_blank\">1. Dinlenme g\u00fcn\u00fc raporu<\/a><\/span><\/li>\n<li><span style=\"font-size: 12pt; font-family: georgia, palatino, serif;\"><a href=\"http:\/\/sporlocasi.blogspot.com.tr\/2016\/05\/giro-2016-2dinlenme-gunu-raporu.html\" target=\"_blank\">2. Dinlenme g\u00fcn\u00fc raporu<\/a><\/span><\/li>\n<\/ul>\n<\/li>\n<li><span style=\"font-size: 12pt; font-family: georgia, palatino, serif;\">Bisikletta.com yazd\u0131:<\/span>\n<ul>\n<li><span style=\"font-size: 12pt; font-family: georgia, palatino, serif;\"><a href=\"https:\/\/bisikletta.com\/2016\/05\/05\/giro-ditalia-2016ya-on-bakis\/\" target=\"_blank\">Giro d\u2019Italia 2016\u2019ya \u00d6n Bak\u0131\u015f<\/a><\/span>\n<ul>\n<li><span style=\"font-size: 12pt; font-family: georgia, palatino, serif;\"><a href=\"https:\/\/bisikletta.com\/2016\/05\/09\/giro-ditalia-2016-dinlenme-gunu-notlari-i\/\" target=\"_blank\">1.Dinlenme g\u00fcn\u00fc raporu<\/a><\/span><\/li>\n<li><span style=\"font-size: 12pt; font-family: georgia, palatino, serif;\"><a href=\"https:\/\/bisikletta.com\/2016\/05\/16\/giro-ditalia-2016-dinlenme-gunu-notlari-ii\/\" target=\"_blank\">2. Dinlenme g\u00fcn\u00fc raporu<\/a><\/span><\/li>\n<\/ul>\n<\/li>\n<\/ul>\n<\/li>\n<li><span style=\"font-size: 12pt; font-family: georgia, palatino, serif;\">Giro2016 16. Etap hakk\u0131nda her \u015fey: <a href=\"http:\/\/www.steephill.tv\/giro-d-italia\/#16-preview-2016\" target=\"_blank\">SteepHill.TV<\/a><\/span><\/li>\n<li><span style=\"font-size: 12pt; font-family: georgia, palatino, serif;\">Giro2016 16. Etap s\u0131ral\u0131 tam liste: <a href=\"http:\/\/www.procyclingstats.com\/race.php?id=163687\" target=\"_blank\">ProCyclingStats.com<\/a><\/span><\/li>\n<li><span style=\"font-size: 12pt; font-family: georgia, palatino, serif;\">Cycling Weekly: <a href=\"http:\/\/www.cyclingweekly.co.uk\/news\/racing\/giro-ditalia\/giro-ditalia-2016-stage-16-preview-222707\" target=\"_blank\">Stage 14 preview<\/a><\/span><\/li>\n<\/ul>\n<p><!--nextpage--><\/p>\n<p><strong><span style=\"font-size: 14pt; font-family: georgia, palatino, serif;\">Etap sonras\u0131<\/span><\/strong><\/p>\n<div id=\"attachment_3466\" style=\"width: 1011px\" class=\"wp-caption aligncenter\"><a href=\"https:\/\/i0.wp.com\/aynakol.org\/wp-content\/uploads\/2016\/05\/Giro2016_stage16_winner_Alejandro_Valverde-e1464109228673.jpg\"><img data-recalc-dims=\"1\" loading=\"lazy\" decoding=\"async\" aria-describedby=\"caption-attachment-3466\" data-attachment-id=\"3466\" data-permalink=\"http:\/\/aynakol.org\/?attachment_id=3466\" data-orig-file=\"https:\/\/i0.wp.com\/aynakol.org\/wp-content\/uploads\/2016\/05\/Giro2016_stage16_winner_Alejandro_Valverde-e1464109228673.jpg?fit=1001%2C533\" data-orig-size=\"1001,533\" data-comments-opened=\"1\" data-image-meta=\"{&quot;aperture&quot;:&quot;7.1&quot;,&quot;credit&quot;:&quot;Fotoreporter Sirotti Stefano&quot;,&quot;camera&quot;:&quot;NIKON D4&quot;,&quot;caption&quot;:&quot;&quot;,&quot;created_timestamp&quot;:&quot;1464101201&quot;,&quot;copyright&quot;:&quot;sirotti.it&quot;,&quot;focal_length&quot;:&quot;300&quot;,&quot;iso&quot;:&quot;800&quot;,&quot;shutter_speed&quot;:&quot;0.0005&quot;,&quot;title&quot;:&quot;&quot;,&quot;orientation&quot;:&quot;1&quot;}\" data-image-title=\"Giro2016_stage16_winner_Alejandro_Valverde\" data-image-description=\"\" data-image-caption=\"&lt;p&gt;G\u00fcn\u00fcn hikayesi: \u0130lk kez kat\u0131ld\u0131\u011f\u0131 Giro&amp;#8217;da etap zaferine ula\u015fan Valverde 10 saniye zaman bonusunu da alarak Nibali&amp;#8217;ye 1 dakika fark att\u0131.&lt;\/p&gt;\n\" data-large-file=\"https:\/\/i0.wp.com\/aynakol.org\/wp-content\/uploads\/2016\/05\/Giro2016_stage16_winner_Alejandro_Valverde-e1464109228673.jpg?fit=860%2C458\" class=\"size-full wp-image-3466\" src=\"https:\/\/i0.wp.com\/aynakol.org\/wp-content\/uploads\/2016\/05\/Giro2016_stage16_winner_Alejandro_Valverde-e1464109228673.jpg?resize=860%2C458\" alt=\"G\u00fcn\u00fcn hikayesi: \u0130lk kez kat\u0131ld\u0131\u011f\u0131 Giro'da etap zaferine ula\u015fan Valverde 10 saniye zaman bonusunu da alarak Nibali'ye 1 dakika fark att\u0131. \" width=\"860\" height=\"458\" srcset=\"https:\/\/i0.wp.com\/aynakol.org\/wp-content\/uploads\/2016\/05\/Giro2016_stage16_winner_Alejandro_Valverde-e1464109228673.jpg?w=1001 1001w, https:\/\/i0.wp.com\/aynakol.org\/wp-content\/uploads\/2016\/05\/Giro2016_stage16_winner_Alejandro_Valverde-e1464109228673.jpg?resize=300%2C160 300w, https:\/\/i0.wp.com\/aynakol.org\/wp-content\/uploads\/2016\/05\/Giro2016_stage16_winner_Alejandro_Valverde-e1464109228673.jpg?resize=768%2C409 768w\" sizes=\"auto, (max-width: 860px) 100vw, 860px\" \/><\/a><p id=\"caption-attachment-3466\" class=\"wp-caption-text\">G\u00fcn\u00fcn hikayesi: \u0130lk kez kat\u0131ld\u0131\u011f\u0131 Giro&#8217;da etap zaferine ula\u015fan Valverde 10 saniye zaman bonusunu da alarak Nibali&#8217;ye 1 dakika fark att\u0131.<\/p><\/div>\n<div id=\"album_header_pagelet\" class=\"_5h60\" data-referrer=\"album_header_pagelet\">\n<div class=\"fbPhotoAlbumHeader fbPhotoAlbumOptionsPresent\">\n<div class=\"fbPhotoCaption fbPhotoAlbumHeaderText\"><span class=\"fbPhotoCaptionText\" style=\"font-size: 12pt; font-family: georgia, palatino, serif;\">132 km uzunlu\u011fundaki Bressanone Brixen \u203a Andalo aras\u0131nda pedallanan 16. etab\u0131 Movistar tak\u0131m\u0131n\u0131n \u0130spanyol pedal\u0131 Alejandro Valverde kazand\u0131. Giro&#8217;daki ilk etap zaferiyle birlikte Valverde, genel klasmanda da b\u00fcy\u00fck bir hamle yaparak \u00fc\u00e7\u00fcnc\u00fc s\u0131raya y\u00fckseldi. Pembe mayoyu ta\u015f\u0131yan Steven Kruijswijk ise son metrelerde ya\u015fanan sprint m\u00fccadelesinde ikinci oldu. <\/span><\/div>\n<div class=\"fbPhotoCaption fbPhotoAlbumHeaderText\"><\/div>\n<div class=\"fbPhotoCaption fbPhotoAlbumHeaderText\"><span class=\"fbPhotoCaptionText\" style=\"font-size: 12pt; font-family: georgia, palatino, serif;\"><strong>Etab\u0131n son 3 kilometresi<\/strong><\/span><\/div>\n<\/div>\n<\/div>\n<div class=\"fbPhotoCaption fbPhotoAlbumHeaderText\"><video controls=\"controls\" width=\"640\" height=\"480\"><source src=\"https:\/\/cdn.streamable.com\/video\/mp4-mobile\/mosy.mp4\" type=\"video\/mp4\" \/><\/video><\/div>\n<div class=\"fbPhotoCaption fbPhotoAlbumHeaderText\"><\/div>\n<div class=\"fbPhotoCaption fbPhotoAlbumHeaderText\"><\/div>\n<div id=\"album_header_pagelet\" class=\"_5h60\" data-referrer=\"album_header_pagelet\">\n<div class=\"fbPhotoAlbumHeader fbPhotoAlbumOptionsPresent\">\n<div class=\"fbPhotoCaption fbPhotoAlbumHeaderText\">\n<pre><b>16. Etap sonu\u00e7lar\u0131\r\n<\/b>ESP  1  VALVERDE BELMONTE, Alejandro (MOVISTAR)           2:58:54\r\nNED  2  KRUIJSWIJK, Steven (LOTTO NL - JUMBO)             \r\nRUS  3  ZAKARIN, Ilnur (KATUSHA)                          +     8\r\nITA  4  ULISSI, Diego (LAMPRE - MERIDA)                   +    37\r\nLUX  5  JUNGELS, Bob (ETIXX - QUICK STEP)                 \r\nGER  6  KNEES, Christian (SKY)                            +    38\r\nRUS  7  FIRSANOV, Sergey (GAZPROM-RUSVELO)                \r\nCOL  8  CHAVES RUBIO, Johan Esteban (ORICA GreenEDGE)     +    42\r\nPOL  9  MAJKA, Rafal (TINKOFF)                            +    50\r\nITA  10 POZZOVIVO, Domenico (AG2R LA MONDIALE)            +  1:47<\/pre>\n<\/div>\n<div class=\"fbPhotoCaption fbPhotoAlbumHeaderText\"><\/div>\n<div class=\"fbPhotoCaption fbPhotoAlbumHeaderText\">\n<div id=\"attachment_3470\" style=\"width: 1010px\" class=\"wp-caption aligncenter\"><a href=\"https:\/\/i0.wp.com\/aynakol.org\/wp-content\/uploads\/2016\/05\/Giro2016_stage16_Nibali_was_an_early_attack.jpg\"><img data-recalc-dims=\"1\" loading=\"lazy\" decoding=\"async\" aria-describedby=\"caption-attachment-3470\" data-attachment-id=\"3470\" data-permalink=\"http:\/\/aynakol.org\/?attachment_id=3470\" data-orig-file=\"https:\/\/i0.wp.com\/aynakol.org\/wp-content\/uploads\/2016\/05\/Giro2016_stage16_Nibali_was_an_early_attack.jpg?fit=1000%2C666\" data-orig-size=\"1000,666\" data-comments-opened=\"1\" data-image-meta=\"{&quot;aperture&quot;:&quot;8&quot;,&quot;credit&quot;:&quot;TDW&quot;,&quot;camera&quot;:&quot;NIKON D4S&quot;,&quot;caption&quot;:&quot;Vincenzo Nibali was definitely the agressor and got things going early. Photo: Tim De Waele | &lt;a href=\\&quot;http:\/\/www.tdwsport.com\\&quot; target=\\&quot;_blank\\&quot;&gt;TDWsport.com&lt;\/a&gt;&quot;,&quot;created_timestamp&quot;:&quot;1464102707&quot;,&quot;copyright&quot;:&quot;2016 Tim de Waele&quot;,&quot;focal_length&quot;:&quot;95&quot;,&quot;iso&quot;:&quot;400&quot;,&quot;shutter_speed&quot;:&quot;0.0015625&quot;,&quot;title&quot;:&quot;2016 Giro d&#039;Italia, stage 16: Nibali attack&quot;,&quot;orientation&quot;:&quot;1&quot;}\" data-image-title=\"2016 Giro d&amp;#8217;Italia, stage 16: Nibali attack\" data-image-description=\"\" data-image-caption=\"&lt;p&gt;Vincenzo Nibali was definitely the agressor and got things going early. Photo: Tim De Waele | &lt;a href=&quot;http:\/\/www.tdwsport.com&quot; target=&quot;_blank&quot;&gt;TDWsport.com&lt;\/a&gt;&lt;\/p&gt;\n\" data-large-file=\"https:\/\/i0.wp.com\/aynakol.org\/wp-content\/uploads\/2016\/05\/Giro2016_stage16_Nibali_was_an_early_attack.jpg?fit=860%2C573\" class=\"wp-image-3470 size-full\" src=\"https:\/\/i0.wp.com\/aynakol.org\/wp-content\/uploads\/2016\/05\/Giro2016_stage16_Nibali_was_an_early_attack.jpg?resize=860%2C573\" alt=\"Vincenzo Nibali was definitely the agressor and got things going early. Photo: Tim De Waele | TDWsport.com\" width=\"860\" height=\"573\" srcset=\"https:\/\/i0.wp.com\/aynakol.org\/wp-content\/uploads\/2016\/05\/Giro2016_stage16_Nibali_was_an_early_attack.jpg?w=1000 1000w, https:\/\/i0.wp.com\/aynakol.org\/wp-content\/uploads\/2016\/05\/Giro2016_stage16_Nibali_was_an_early_attack.jpg?resize=300%2C200 300w, https:\/\/i0.wp.com\/aynakol.org\/wp-content\/uploads\/2016\/05\/Giro2016_stage16_Nibali_was_an_early_attack.jpg?resize=768%2C511 768w\" sizes=\"auto, (max-width: 860px) 100vw, 860px\" \/><\/a><p id=\"caption-attachment-3470\" class=\"wp-caption-text\">Nibali etap boyunca s\u00fcrekli aktifti, ataklar\u0131 t\u0131rman\u0131\u015fta olsun ini\u015fte olsun bir an yava\u015flamad\u0131, ama tek sorun vard\u0131 hepsi erkendi. Foto\u011fraf:Tim De Waele<\/p><\/div>\n<\/div>\n<div class=\"fbPhotoCaption fbPhotoAlbumHeaderText\"><span style=\"font-family: georgia, palatino, serif; font-size: 12pt;\">Etab\u0131n ikinci yar\u0131s\u0131nda, ini\u015f olsun, ara sprint kap\u0131s\u0131nda olsun, 15. etapta yedi\u011fi zaman fark\u0131n\u0131 kapatmak i\u00e7in Vincenzo Nibali atak yapsa da pembe mayo Kruijswijk bir an olsun pe\u015fini b\u0131rakmad\u0131. <\/span><\/div>\n<div class=\"fbPhotoCaption fbPhotoAlbumHeaderText\"><\/div>\n<div class=\"fbPhotoCaption fbPhotoAlbumHeaderText\">\n<p><a href=\"https:\/\/i0.wp.com\/aynakol.org\/wp-content\/uploads\/2016\/05\/Ekran-G%C3%B6r%C3%BCnt%C3%BCs%C3%BC-2016-05-24-17-46-21.png\"><img data-recalc-dims=\"1\" loading=\"lazy\" decoding=\"async\" data-attachment-id=\"3465\" data-permalink=\"http:\/\/aynakol.org\/?attachment_id=3465\" data-orig-file=\"https:\/\/i0.wp.com\/aynakol.org\/wp-content\/uploads\/2016\/05\/Ekran-G%C3%B6r%C3%BCnt%C3%BCs%C3%BC-2016-05-24-17-46-21.png?fit=825%2C452\" data-orig-size=\"825,452\" data-comments-opened=\"1\" data-image-meta=\"{&quot;aperture&quot;:&quot;0&quot;,&quot;credit&quot;:&quot;&quot;,&quot;camera&quot;:&quot;&quot;,&quot;caption&quot;:&quot;&quot;,&quot;created_timestamp&quot;:&quot;0&quot;,&quot;copyright&quot;:&quot;&quot;,&quot;focal_length&quot;:&quot;0&quot;,&quot;iso&quot;:&quot;0&quot;,&quot;shutter_speed&quot;:&quot;0&quot;,&quot;title&quot;:&quot;&quot;,&quot;orientation&quot;:&quot;0&quot;}\" data-image-title=\"Ekran G\u00f6r\u00fcnt\u00fcs\u00fc &amp;#8211; 2016-05-24 17-46-21\" data-image-description=\"\" data-image-caption=\"&lt;p&gt;Valverdenin ata\u011f\u0131yla kopan \u00fc\u00e7l\u00fc yar\u0131\u015f\u0131n liderli\u011fini etap sonuna dek b\u0131rakmad\u0131.&lt;\/p&gt;\n\" data-large-file=\"https:\/\/i0.wp.com\/aynakol.org\/wp-content\/uploads\/2016\/05\/Ekran-G%C3%B6r%C3%BCnt%C3%BCs%C3%BC-2016-05-24-17-46-21.png?fit=825%2C452\" class=\"size-full wp-image-3465\" src=\"https:\/\/i0.wp.com\/aynakol.org\/wp-content\/uploads\/2016\/05\/Ekran-G%C3%B6r%C3%BCnt%C3%BCs%C3%BC-2016-05-24-17-46-21.png?resize=825%2C452\" alt=\"Valverdenin ata\u011f\u0131yla kopan \u00fc\u00e7l\u00fc yar\u0131\u015f\u0131n liderli\u011fini etap sonuna dek b\u0131rakmad\u0131.\" width=\"825\" height=\"452\" srcset=\"https:\/\/i0.wp.com\/aynakol.org\/wp-content\/uploads\/2016\/05\/Ekran-G%C3%B6r%C3%BCnt%C3%BCs%C3%BC-2016-05-24-17-46-21.png?w=825 825w, https:\/\/i0.wp.com\/aynakol.org\/wp-content\/uploads\/2016\/05\/Ekran-G%C3%B6r%C3%BCnt%C3%BCs%C3%BC-2016-05-24-17-46-21.png?resize=300%2C164 300w, https:\/\/i0.wp.com\/aynakol.org\/wp-content\/uploads\/2016\/05\/Ekran-G%C3%B6r%C3%BCnt%C3%BCs%C3%BC-2016-05-24-17-46-21.png?resize=768%2C421 768w\" sizes=\"auto, (max-width: 825px) 100vw, 825px\" \/><\/a><\/p>\n<p>Valverde&#8217;nin ata\u011f\u0131yla kopan \u00fc\u00e7l\u00fc yar\u0131\u015f\u0131n liderli\u011fini etap sonuna dek b\u0131rakmad\u0131.<\/p>\n<p><span class=\"fbPhotoCaptionText\" style=\"font-size: 12pt; font-family: georgia, palatino, serif;\">Estaban Chaves&#8217;in \u0131srarl\u0131 takip ve ataklar\u0131yla ka\u00e7anlar\u0131n yakaland\u0131\u011f\u0131 etab\u0131n bitmesine 15.5 km kala Paganella t\u0131rman\u0131\u015f\u0131nda Alejandro Valverde&#8217;nin yapt\u0131\u011f\u0131 ata\u011fa, pembe mayo Kruijswijk ve Ilnur Zakarin kar\u015f\u0131l\u0131k verip pe\u015fine tak\u0131ld\u0131lar, bu kar\u015f\u0131 atak Nibali silkelemeye yetti; \u00fczerine bir de Esteban Chaves&#8217;in lider grubu\u00a0takipiyle artan tempoyla birlikte Nibali iyice geriye d\u00fc\u015ft\u00fc.\u00a0<\/span><\/p>\n<\/div>\n<div class=\"fbPhotoCaption fbPhotoAlbumHeaderText\"><\/div>\n<div class=\"fbPhotoCaption fbPhotoAlbumHeaderText\">\n<pre><b>16. Etap sonras\u0131 genel klasman\r\n<\/b><strong><span style=\"background-color: #ff99cc;\">NED  1  KRUIJSWIJK, Steven (LOTTO NL - JUMBO)           63:40:10\r\n<\/span><\/strong>COL  2  CHAVES RUBIO, Johan Esteban (ORICA GreenEDGE)    +  3:00\r\nESP  3  VALVERDE BELMONTE, Alejandro (MOVISTAR)          +  3:23\r\nITA  4  NIBALI, Vincenzo (ASTANA)                        +  4:33\r\nRUS  5  ZAKARIN, Ilnur (KATUSHA)                         +  4:50\r\nPOL  6  MAJKA, Rafal (TINKOFF)                           +  5:34\r\nLUX  7  JUNGELS, Bob (ETIXX - QUICK STEP)                +  7:57\r\nCRC  8  AMADOR BIKKAZAKOVA, Andrey (MOVISTAR)            +  8:53\r\nITA  9  POZZOVIVO, Domenico (AG2R LA MONDIALE)           + 10:05\r\nBLR  10 SIUTSOU, Kanstantsin (DIMENSION DATA)            + 11:03<\/pre>\n<\/div>\n<div class=\"fbPhotoCaption fbPhotoAlbumHeaderText\"><\/div>\n<div class=\"fbPhotoCaption fbPhotoAlbumHeaderText\"><span style=\"font-family: georgia, palatino, serif; font-size: 12pt;\"><span id=\"fbPhotoSnowliftCaption\" class=\"fbPhotosPhotoCaption\" tabindex=\"0\" data-ft=\"{&quot;tn&quot;:&quot;K&quot;}\"><span class=\"hasCaption\">G\u00fcn\u00fcn kaybeden ismi Astana tak\u0131m\u0131n\u0131n \u0130talyan pedal\u0131 Vincenzo Nibali&#8230; Hem pembe mayodan hem de 14. Etapta silkeledi\u011fi Valverde&#8217;den 1&#8217;47 fark yiyerek podyum \u015fans\u0131n\u0131 zora soktu. Genel klasmanda 4&#8217;33 dakika ile 4 s\u0131rada ve pembe mayo hayalleri bitmi\u015f durumda.\u00a0<span id=\"fbPhotoSnowliftCaption\" class=\"fbPhotosPhotoCaption\" tabindex=\"0\" data-ft=\"{&quot;tn&quot;:&quot;K&quot;}\"><span class=\"hasCaption\">G\u00fcn\u00fcn kazanan ismi kesinlikle Valverde: Hem etap zaferi hem de Giro&#8217;yu en az\u0131ndan \u015fimdilik podyum g\u00f6rerek kazanmas\u0131 a\u00e7\u0131s\u0131ndan. Bug\u00fcn ara sprint kap\u0131s\u0131ndan 2 saniye, etap zaferinden de ald\u0131\u011f\u0131 10 saniye zaman bonuslar\u0131 ile kendini genel klasmanda \u00fcst s\u0131ralara ta\u015f\u0131d\u0131.\u00a0<\/span><\/span><\/span><\/span><\/span><\/div>\n<\/div>\n<\/div>\n<div class=\"fbPhotoCaption fbPhotoAlbumHeaderText\"><\/div>\n<div class=\"fbPhotoCaption fbPhotoAlbumHeaderText\">\n<div id=\"attachment_3467\" style=\"width: 1000px\" class=\"wp-caption aligncenter\"><a href=\"https:\/\/i0.wp.com\/aynakol.org\/wp-content\/uploads\/2016\/05\/Giro2016_stage16_Steven_Kruijswijk_is_in_pink-e1464109177427.jpg\"><img data-recalc-dims=\"1\" loading=\"lazy\" decoding=\"async\" aria-describedby=\"caption-attachment-3467\" data-attachment-id=\"3467\" data-permalink=\"http:\/\/aynakol.org\/?attachment_id=3467\" data-orig-file=\"https:\/\/i0.wp.com\/aynakol.org\/wp-content\/uploads\/2016\/05\/Giro2016_stage16_Steven_Kruijswijk_is_in_pink-e1464109177427.jpg?fit=990%2C442\" data-orig-size=\"990,442\" data-comments-opened=\"1\" data-image-meta=\"{&quot;aperture&quot;:&quot;4.5&quot;,&quot;credit&quot;:&quot;LUCA ZENNARO ANSA&quot;,&quot;camera&quot;:&quot;NIKON D4&quot;,&quot;caption&quot;:&quot;&quot;,&quot;created_timestamp&quot;:&quot;1464105830&quot;,&quot;copyright&quot;:&quot;LUCA ZENNARO ANSA&quot;,&quot;focal_length&quot;:&quot;24&quot;,&quot;iso&quot;:&quot;560&quot;,&quot;shutter_speed&quot;:&quot;0.002&quot;,&quot;title&quot;:&quot;&quot;,&quot;orientation&quot;:&quot;1&quot;}\" data-image-title=\"Giro2016_stage16_Steven_Kruijswijk_is_in_pink\" data-image-description=\"\" data-image-caption=\"\" data-large-file=\"https:\/\/i0.wp.com\/aynakol.org\/wp-content\/uploads\/2016\/05\/Giro2016_stage16_Steven_Kruijswijk_is_in_pink-e1464109177427.jpg?fit=860%2C384\" class=\"wp-image-3467 size-full\" src=\"https:\/\/i0.wp.com\/aynakol.org\/wp-content\/uploads\/2016\/05\/Giro2016_stage16_Steven_Kruijswijk_is_in_pink-e1464109177427.jpg?resize=860%2C384\" alt=\"Giro2016_stage16_Steven_Kruijswijk_is_in_pink\" width=\"860\" height=\"384\" srcset=\"https:\/\/i0.wp.com\/aynakol.org\/wp-content\/uploads\/2016\/05\/Giro2016_stage16_Steven_Kruijswijk_is_in_pink-e1464109177427.jpg?w=990 990w, https:\/\/i0.wp.com\/aynakol.org\/wp-content\/uploads\/2016\/05\/Giro2016_stage16_Steven_Kruijswijk_is_in_pink-e1464109177427.jpg?resize=300%2C134 300w, https:\/\/i0.wp.com\/aynakol.org\/wp-content\/uploads\/2016\/05\/Giro2016_stage16_Steven_Kruijswijk_is_in_pink-e1464109177427.jpg?resize=768%2C343 768w\" sizes=\"auto, (max-width: 860px) 100vw, 860px\" \/><\/a><p id=\"caption-attachment-3467\" class=\"wp-caption-text\">B\u00f6yle giderse Kruijswijk, Giro&#8217;yu kazanan ilk Hollandal\u0131 olacak!<\/p><\/div>\n<\/div>\n<div class=\"fbPhotoCaption fbPhotoAlbumHeaderText\"><\/div>\n<div id=\"album_header_pagelet\" class=\"_5h60\" data-referrer=\"album_header_pagelet\">\n<div class=\"fbPhotoAlbumHeader fbPhotoAlbumOptionsPresent\">\n<div class=\"fbPhotoCaption fbPhotoAlbumHeaderText\"><span style=\"font-family: georgia, palatino, serif; font-size: 12pt;\"><span id=\"fbPhotoSnowliftCaption\" class=\"fbPhotosPhotoCaption\" tabindex=\"0\" data-ft=\"{&quot;tn&quot;:&quot;K&quot;}\"><span class=\"hasCaption\"><span id=\"fbPhotoSnowliftCaption\" class=\"fbPhotosPhotoCaption\" tabindex=\"0\" data-ft=\"{&quot;tn&quot;:&quot;K&quot;}\"><span class=\"hasCaption\">Kaza bela ya\u015famad\u0131\u011f\u0131 s\u00fcrece LottoNL-Jumbo tak\u0131m\u0131n\u0131n Hollandal\u0131 pedal\u0131 Steven Kruijswijk i\u00e7in Giro 2016&#8217;n\u0131n kazanan\u0131 diyebiliriz. Kalan etaplarda ya\u015fanacak m\u00fccadele podyumun ikinci ve \u00fc\u00e7\u00fcnc\u00fc basama\u011f\u0131 i\u00e7in olacak. <\/span><\/span><\/span><\/span><\/span><\/div>\n<div class=\"fbPhotoCaption fbPhotoAlbumHeaderText\"><\/div>\n<div class=\"fbPhotoCaption fbPhotoAlbumHeaderText\"><span style=\"font-family: georgia, palatino, serif; font-size: 12pt;\"><span id=\"fbPhotoSnowliftCaption\" class=\"fbPhotosPhotoCaption\" tabindex=\"0\" data-ft=\"{&quot;tn&quot;:&quot;K&quot;}\"><span class=\"hasCaption\"><span id=\"fbPhotoSnowliftCaption\" class=\"fbPhotosPhotoCaption\" style=\"font-size: 14pt;\" tabindex=\"0\" data-ft=\"{&quot;tn&quot;:&quot;K&quot;}\"><span class=\"hasCaption\"><strong>16. Etap sonras\u0131 daha fazla bilgi i\u00e7in:<\/strong><\/span><\/span><\/span><\/span><\/span><\/div>\n<ul style=\"list-style-type: circle;\">\n<li class=\"fbPhotoCaption fbPhotoAlbumHeaderText\"><span style=\"font-family: georgia, palatino, serif; font-size: 12pt;\">Ek\u015fi S\u00f6zl\u00fck yazar\u0131 Zeddicus zu l Zorender&#8217;in kaleminden <a href=\"https:\/\/eksisozluk.com\/entry\/60716938\" target=\"_blank\">16. etap<\/a><\/span><\/li>\n<li class=\"fbPhotoCaption fbPhotoAlbumHeaderText\"><span style=\"font-family: georgia, palatino, serif; font-size: 12pt;\">S\u0131ral\u0131 tam liste: <a href=\"http:\/\/www.procyclingstats.com\/race\/Giro_Italia_2016_Stage_16_BrixenAndalo\" target=\"_blank\">ProCycligngStats.com<\/a><\/span><\/li>\n<li class=\"fbPhotoCaption fbPhotoAlbumHeaderText\"><span style=\"font-family: georgia, palatino, serif; font-size: 12pt;\">Resmi siteden de \u00f6nce detayl\u0131 bilgi: <a href=\"http:\/\/www.steephill.tv\/giro-d-italia\/#16-results-2016\" target=\"_blank\">SteepHill.TV<\/a><\/span><\/li>\n<li class=\"fbPhotoCaption fbPhotoAlbumHeaderText\"><span style=\"font-family: georgia, palatino, serif; font-size: 12pt;\">Etaptan <a href=\"http:\/\/www.steephill.tv\/2016\/giro-d-italia\/photos\/stage-16\/\" target=\"_blank\">foto\u011fraflar<\/a>: <a href=\"http:\/\/velonews.competitor.com\/2016\/05\/gallery\/gallery-2016-giro-ditalia-stage-16_407328\" target=\"_blank\">VeloNews<\/a><\/span><\/li>\n<\/ul>\n<\/div>\n<\/div>\n<div class=\"sharedaddy sd-sharing-enabled\"><span style=\"font-size: 12pt; font-family: georgia, palatino, serif;\">\u00a0<\/span><\/div>\n<p>&nbsp;<\/p>\n","protected":false},"excerpt":{"rendered":"<p>D\u00fcnk\u00fc etapta neler olmu\u015ftu? 10.8 km uzunlu\u011fundaki yoku\u015f zaman kar\u015f\u0131 etab\u0131n\u0131 Gazprom-Rusvelo tak\u0131m\u0131ndan Alexander Foliforov kazanm\u0131\u015ft\u0131. Genel klasmanda ikinci s\u0131rada yer alan Nibali ya\u015fad\u0131\u011f\u0131 mekanik [&#8230;]<\/p>\n","protected":false},"author":1,"featured_media":3463,"comment_status":"open","ping_status":"open","sticky":false,"template":"","format":"standard","meta":{"jetpack_post_was_ever_published":false,"_jetpack_newsletter_access":"","_jetpack_dont_email_post_to_subs":false,"_jetpack_newsletter_tier_id":0,"_jetpack_memberships_contains_paywalled_content":false,"_jetpack_memberships_contains_paid_content":false,"footnotes":"","jetpack_publicize_message":"16. etapla birlikte sonu zirvede biten etaplar bizlerle... Tamam bir HC kategori de\u011fil ama yine de  hi\u00e7 yoktan iyidir: Bressanone Brixen \u2192 Andalo aras\u0131nda pedallanacak 132 km uzunlu\u011fundaki etap Cat3 s\u0131n\u0131f\u0131 t\u0131rman\u0131\u015f\u0131n sonunda bitecek, bu bile  zaman \u00e7alma, silkeleme ataklar\u0131n\u0131 g\u00f6rmemiz i\u00e7in yeterli. Umudumuz Nibali, s\u00fcrpriz isim Chaves, gururunu kurtarmak isteyen Valverde ve pembe mayosunu korumak i\u00e7in m\u00fccadele edecek Kruijswijk... Giro, as\u0131l \u015fimdi ba\u015fl\u0131yor!","jetpack_publicize_feature_enabled":true,"jetpack_social_post_already_shared":true,"jetpack_social_options":{"image_generator_settings":{"template":"highway","default_image_id":0,"font":"","enabled":false},"version":2}},"categories":[1239,92],"tags":[65,24,17,1261,1260,963,32,33,794,87,37,785,38,173,221,803,1258,1259,770,812,22,224,692,28,1010,30,223],"class_list":["post-3457","post","type-post","status-publish","format-standard","has-post-thumbnail","hentry","category-giro-ditalia","category-grand","tag-alejandro-valverde","tag-astana","tag-bisiklet-turu","tag-diego-ulissi","tag-dominiano-cunego","tag-esteban-chaves","tag-giro","tag-giro-ditalia","tag-girotr","tag-grand-tour","tag-grand-tours","tag-ilnur-zakarin","tag-italya","tag-italya-bisiklet-turu","tag-katusha","tag-lottonl-jumbo","tag-maglia-azurra","tag-maglia-biancha","tag-maglia-rosa","tag-maglia-rossa","tag-movistar","tag-nibali","tag-orica-greenedge","tag-rafal-majka","tag-steven-kruijswijk","tag-tinkoff","tag-vincenzo-nibali"],"jetpack_publicize_connections":[],"jetpack_featured_media_url":"https:\/\/i0.wp.com\/aynakol.org\/wp-content\/uploads\/2016\/05\/Ekran-G%C3%B6r%C3%BCnt%C3%BCs%C3%BC-2016-05-24-17-48-26-e1464106127195.png?fit=814%2C324","jetpack_sharing_enabled":true,"jetpack_shortlink":"https:\/\/wp.me\/p51p4O-TL","jetpack_likes_enabled":true,"jetpack-related-posts":[{"id":3571,"url":"http:\/\/aynakol.org\/?p=3571","url_meta":{"origin":3457,"position":0},"title":"Giro2016 21. Etap: Cuneo \u2192 Torino, 163 km","author":"Ayd\u0131n Bez","date":"29 May\u0131s 2016","format":false,"excerpt":"Art\u0131k zafer turu atma zaman\u0131! Hollandadan ba\u015flay\u0131p \u00f6nce \u0130talyan\u0131n g\u00fcneyine, sonra yava\u015f yava\u015f kuzeyine ve en sonunda bat\u0131s\u0131na do\u011fru pedallad\u0131\u011f\u0131m\u0131z 21 g\u00fcn boyunca neler olmad\u0131 ki? Sprinter pedallar\u0131n bo\u015f ge\u00e7medi\u011fi etaplar d\u0131\u015f\u0131nda genel klasman favorilerinden Chaves'in 14,\u00a0Valverde'nin 16\u00a0ve Nibali'nin de 19. etab\u0131 kazand\u0131\u011f\u0131 Giro'da\u00a0ka\u00e7\u0131\u015f da bo\u015f ge\u00e7medi ve birbirinden g\u00fczel\u2026","rel":"","context":"&quot;Grand Tour&quot; i\u00e7inde","block_context":{"text":"Grand Tour","link":"http:\/\/aynakol.org\/?cat=92"},"img":{"alt_text":"","src":"https:\/\/i0.wp.com\/aynakol.org\/wp-content\/uploads\/2016\/05\/Ekran-G%C3%B6r%C3%BCnt%C3%BCs%C3%BC-2016-05-28-18-58-04.png?fit=755%2C424&resize=350%2C200","width":350,"height":200,"srcset":"https:\/\/i0.wp.com\/aynakol.org\/wp-content\/uploads\/2016\/05\/Ekran-G%C3%B6r%C3%BCnt%C3%BCs%C3%BC-2016-05-28-18-58-04.png?fit=755%2C424&resize=350%2C200 1x, https:\/\/i0.wp.com\/aynakol.org\/wp-content\/uploads\/2016\/05\/Ekran-G%C3%B6r%C3%BCnt%C3%BCs%C3%BC-2016-05-28-18-58-04.png?fit=755%2C424&resize=525%2C300 1.5x, https:\/\/i0.wp.com\/aynakol.org\/wp-content\/uploads\/2016\/05\/Ekran-G%C3%B6r%C3%BCnt%C3%BCs%C3%BC-2016-05-28-18-58-04.png?fit=755%2C424&resize=700%2C400 2x"},"classes":[]},{"id":3472,"url":"http:\/\/aynakol.org\/?p=3472","url_meta":{"origin":3457,"position":1},"title":"Giro2016 17. Etap: Molveno \u2192 Cassano d&#8217;Adda, 196 km","author":"Ayd\u0131n Bez","date":"25 May\u0131s 2016","format":false,"excerpt":"D\u00fcnk\u00fc etapta neler olmu\u015ftu? Nibali'nin silkelendi\u011fi Valverde'nin anka ku\u015fu misali k\u00fcllerinden yeniden do\u011fdu\u011fu etap sonunda Alejandro Valverde etap zaferiyle birlikte genel klasman m\u00fccadelesinde \u00fc\u00e7\u00fcnc\u00fc s\u0131raya y\u00fckselmi\u015fti. Pembe mayo Steven Kruijswijk ise favorilerden gelen her t\u00fcrl\u00fc ata\u011fa kar\u015f\u0131 tek ba\u015f\u0131na m\u00fccadele ederek aray\u0131 iyice a\u00e7\u0131p konumunu sa\u011flamla\u015ft\u0131rd\u0131.\u00a0 \u00a0 Etap incelemesi Brenta\u2026","rel":"","context":"&quot;Giro d'Italia&quot; i\u00e7inde","block_context":{"text":"Giro d'Italia","link":"http:\/\/aynakol.org\/?cat=1239"},"img":{"alt_text":"","src":"https:\/\/i0.wp.com\/aynakol.org\/wp-content\/uploads\/2016\/05\/13246441_822506677883962_4991749213029151587_o.jpg?fit=1200%2C642&resize=350%2C200","width":350,"height":200,"srcset":"https:\/\/i0.wp.com\/aynakol.org\/wp-content\/uploads\/2016\/05\/13246441_822506677883962_4991749213029151587_o.jpg?fit=1200%2C642&resize=350%2C200 1x, https:\/\/i0.wp.com\/aynakol.org\/wp-content\/uploads\/2016\/05\/13246441_822506677883962_4991749213029151587_o.jpg?fit=1200%2C642&resize=525%2C300 1.5x, https:\/\/i0.wp.com\/aynakol.org\/wp-content\/uploads\/2016\/05\/13246441_822506677883962_4991749213029151587_o.jpg?fit=1200%2C642&resize=700%2C400 2x, https:\/\/i0.wp.com\/aynakol.org\/wp-content\/uploads\/2016\/05\/13246441_822506677883962_4991749213029151587_o.jpg?fit=1200%2C642&resize=1050%2C600 3x"},"classes":[]},{"id":3492,"url":"http:\/\/aynakol.org\/?p=3492","url_meta":{"origin":3457,"position":2},"title":"Giro2016 19. Etap: Pinerolo \u2192 Risoul, 162 km","author":"Ayd\u0131n Bez","date":"27 May\u0131s 2016","format":false,"excerpt":"D\u00fcnk\u00fc etapta neler oldu? Son 22 km'ye dek ola\u011fan bir ka\u00e7\u0131\u015f\u0131n ya\u015fand\u0131\u011f\u0131 etapta Etixx-QuickStep ak\u0131l dolu bir taktikle zafere uzanmas\u0131n\u0131 bildi: Gianluca Brambilla ve Moreno Moser'in sprint d\u00fczl\u00fc\u011f\u00fcnde yava\u015flamas\u0131yla takip grubundan atak yap\u0131p lider ikiliyi yakalayan Matteo Trentin zafere pedallad\u0131. \u00a0 Etap hakk\u0131nda Torino kentinden Fransaya uzan\u0131yoruz; \u0130talyan Alpleri yetmemi\u015f\u2026","rel":"","context":"&quot;Giro d'Italia&quot; i\u00e7inde","block_context":{"text":"Giro d'Italia","link":"http:\/\/aynakol.org\/?cat=1239"},"img":{"alt_text":"","src":"https:\/\/i0.wp.com\/aynakol.org\/wp-content\/uploads\/2016\/05\/Giro2016_Stage19_Nibali.jpg?fit=960%2C640&resize=350%2C200","width":350,"height":200,"srcset":"https:\/\/i0.wp.com\/aynakol.org\/wp-content\/uploads\/2016\/05\/Giro2016_Stage19_Nibali.jpg?fit=960%2C640&resize=350%2C200 1x, https:\/\/i0.wp.com\/aynakol.org\/wp-content\/uploads\/2016\/05\/Giro2016_Stage19_Nibali.jpg?fit=960%2C640&resize=525%2C300 1.5x, https:\/\/i0.wp.com\/aynakol.org\/wp-content\/uploads\/2016\/05\/Giro2016_Stage19_Nibali.jpg?fit=960%2C640&resize=700%2C400 2x"},"classes":[]},{"id":3528,"url":"http:\/\/aynakol.org\/?p=3528","url_meta":{"origin":3457,"position":3},"title":"Giro2016 20. Etap: Guillestre \u2192 Sant&#8217;Anna di Vinadio, 134 km","author":"Ayd\u0131n Bez","date":"28 May\u0131s 2016","format":false,"excerpt":"D\u00fcnk\u00fc etapta neler olmu\u015ftu? Neler olmad\u0131 ki? Sonu kesin dedi\u011fimiz Giro'da Kruijswijk'in Colle Dell'Agnello ini\u015finde ya\u015fad\u0131\u011f\u0131 kaza sonras\u0131 kartlar yeniden da\u011f\u0131t\u0131ld\u0131... Etap zaferine Nibali uzan\u0131rken Esteban Chaves ise pembe mayoyu g\u00fcn\u00fcn sonunda s\u0131rt\u0131na ge\u00e7iriyordu! Etap\u00a0hakk\u0131nda Fransa topraklar\u0131ndan anavanata d\u00f6nme zaman\u0131...\u00a0Guillestre \u2192 Sant'Anna di Vinadio aras\u0131nda pedallanacak 134 km uzunlu\u011fundaki 20.\u2026","rel":"","context":"&quot;Giro d'Italia&quot; i\u00e7inde","block_context":{"text":"Giro d'Italia","link":"http:\/\/aynakol.org\/?cat=1239"},"img":{"alt_text":"","src":"https:\/\/i0.wp.com\/aynakol.org\/wp-content\/uploads\/2016\/05\/Giro2016_posters_1_crop.jpg?fit=531%2C424&resize=350%2C200","width":350,"height":200,"srcset":"https:\/\/i0.wp.com\/aynakol.org\/wp-content\/uploads\/2016\/05\/Giro2016_posters_1_crop.jpg?fit=531%2C424&resize=350%2C200 1x, https:\/\/i0.wp.com\/aynakol.org\/wp-content\/uploads\/2016\/05\/Giro2016_posters_1_crop.jpg?fit=531%2C424&resize=525%2C300 1.5x"},"classes":[]},{"id":3480,"url":"http:\/\/aynakol.org\/?p=3480","url_meta":{"origin":3457,"position":4},"title":"Giro2016 18. Etap: Muggi\u00f2 \u2192 Pinerolo, 244 km","author":"Ayd\u0131n Bez","date":"26 May\u0131s 2016","format":false,"excerpt":"D\u00fcnk\u00fc etapta neler olmu\u015ftu? Etab\u0131 kazanan Roger Kluge'nin bile kendisine inanamad\u0131\u011f\u0131 bir son izledik 17. etapta. Da\u011flardan sa\u011f \u00e7\u0131k\u0131p da sadece bu etap i\u00e7in kalan sprinter pedallar aras\u0131ndan ustaca s\u0131yr\u0131lan Roger Kluge sezon sonunda kapanacak tak\u0131m\u0131 IAM Cycling i\u00e7in de g\u00fczel bir zafer kazand\u0131.\u00a0 \u00a0 Etap incelemesi D\u00fcnk\u00fc d\u00fcmd\u00fcz etaptan\u2026","rel":"","context":"&quot;Giro d'Italia&quot; i\u00e7inde","block_context":{"text":"Giro d'Italia","link":"http:\/\/aynakol.org\/?cat=1239"},"img":{"alt_text":"","src":"https:\/\/i0.wp.com\/aynakol.org\/wp-content\/uploads\/2016\/05\/Giro2016_posters_1_crop.jpg?fit=531%2C424&resize=350%2C200","width":350,"height":200,"srcset":"https:\/\/i0.wp.com\/aynakol.org\/wp-content\/uploads\/2016\/05\/Giro2016_posters_1_crop.jpg?fit=531%2C424&resize=350%2C200 1x, https:\/\/i0.wp.com\/aynakol.org\/wp-content\/uploads\/2016\/05\/Giro2016_posters_1_crop.jpg?fit=531%2C424&resize=525%2C300 1.5x"},"classes":[]},{"id":4762,"url":"http:\/\/aynakol.org\/?p=4762","url_meta":{"origin":3457,"position":5},"title":"Sonsuz A\u015fk: Giro d&#8217;Italia 2017","author":"Ayd\u0131n Bez","date":"5 May\u0131s 2017","format":false,"excerpt":"Y\u0131l\u0131n ilk b\u00fcy\u00fck turu, Giro d\u2019Italia bug\u00fcn ba\u015fl\u0131yor! 100. ya\u015f\u0131n\u0131 kutlayan y\u0131l\u0131n ve g\u00f6n\u00fcllerin en g\u00fczel, en tutkulu, en pembe sevdas\u0131 Giro d\u2019Italia bu sene y\u00fcz\u00fcnc\u00fc y\u0131la yak\u0131\u015f\u0131r \u015fekilde \u0130talya s\u0131n\u0131rlar\u0131 i\u00e7inde. \u00a0 21 etap, 3 dinlenme g\u00fcn\u00fcyle 3605 km uzunlu\u011fundaki pembe destan Sardunya adas\u0131ndaki sprinter pedallar\u0131n Maglia Rosa sevdas\u0131n\u0131\u2026","rel":"","context":"&quot;Giro d'Italia&quot; i\u00e7inde","block_context":{"text":"Giro d'Italia","link":"http:\/\/aynakol.org\/?cat=1239"},"img":{"alt_text":"","src":"https:\/\/i0.wp.com\/aynakol.org\/wp-content\/uploads\/2017\/05\/Giro2017_header-e1493931400618.jpg?fit=719%2C325&resize=350%2C200","width":350,"height":200,"srcset":"https:\/\/i0.wp.com\/aynakol.org\/wp-content\/uploads\/2017\/05\/Giro2017_header-e1493931400618.jpg?fit=719%2C325&resize=350%2C200 1x, https:\/\/i0.wp.com\/aynakol.org\/wp-content\/uploads\/2017\/05\/Giro2017_header-e1493931400618.jpg?fit=719%2C325&resize=525%2C300 1.5x, https:\/\/i0.wp.com\/aynakol.org\/wp-content\/uploads\/2017\/05\/Giro2017_header-e1493931400618.jpg?fit=719%2C325&resize=700%2C400 2x"},"classes":[]}],"_links":{"self":[{"href":"http:\/\/aynakol.org\/index.php?rest_route=\/wp\/v2\/posts\/3457","targetHints":{"allow":["GET"]}}],"collection":[{"href":"http:\/\/aynakol.org\/index.php?rest_route=\/wp\/v2\/posts"}],"about":[{"href":"http:\/\/aynakol.org\/index.php?rest_route=\/wp\/v2\/types\/post"}],"author":[{"embeddable":true,"href":"http:\/\/aynakol.org\/index.php?rest_route=\/wp\/v2\/users\/1"}],"replies":[{"embeddable":true,"href":"http:\/\/aynakol.org\/index.php?rest_route=%2Fwp%2Fv2%2Fcomments&post=3457"}],"version-history":[{"count":6,"href":"http:\/\/aynakol.org\/index.php?rest_route=\/wp\/v2\/posts\/3457\/revisions"}],"predecessor-version":[{"id":3471,"href":"http:\/\/aynakol.org\/index.php?rest_route=\/wp\/v2\/posts\/3457\/revisions\/3471"}],"wp:featuredmedia":[{"embeddable":true,"href":"http:\/\/aynakol.org\/index.php?rest_route=\/wp\/v2\/media\/3463"}],"wp:attachment":[{"href":"http:\/\/aynakol.org\/index.php?rest_route=%2Fwp%2Fv2%2Fmedia&parent=3457"}],"wp:term":[{"taxonomy":"category","embeddable":true,"href":"http:\/\/aynakol.org\/index.php?rest_route=%2Fwp%2Fv2%2Fcategories&post=3457"},{"taxonomy":"post_tag","embeddable":true,"href":"http:\/\/aynakol.org\/index.php?rest_route=%2Fwp%2Fv2%2Ftags&post=3457"}],"curies":[{"name":"wp","href":"https:\/\/api.w.org\/{rel}","templated":true}]}}