{"id":3472,"date":"2016-05-25T10:10:11","date_gmt":"2016-05-25T07:10:11","guid":{"rendered":"http:\/\/aynakol.org\/?p=3472"},"modified":"2016-05-25T22:34:05","modified_gmt":"2016-05-25T19:34:05","slug":"giro2016-17-etap-molveno-%e2%86%92-cassano-dadda-196-km","status":"publish","type":"post","link":"http:\/\/aynakol.org\/?p=3472","title":{"rendered":"Giro2016 17. Etap: Molveno \u2192 Cassano d&#8217;Adda, 196 km"},"content":{"rendered":"<p><span style=\"font-size: 14pt;\"><strong><span style=\"font-family: georgia, palatino, serif;\">D\u00fcnk\u00fc etapta neler olmu\u015ftu?<\/span><\/strong><\/span><\/p>\n<p><span style=\"font-family: georgia, palatino, serif; font-size: 12pt;\">Nibali&#8217;nin silkelendi\u011fi Valverde&#8217;nin anka ku\u015fu misali k\u00fcllerinden yeniden do\u011fdu\u011fu etap sonunda Alejandro Valverde etap zaferiyle birlikte genel klasman m\u00fccadelesinde \u00fc\u00e7\u00fcnc\u00fc s\u0131raya y\u00fckselmi\u015fti. Pembe mayo Steven Kruijswijk ise favorilerden gelen her t\u00fcrl\u00fc ata\u011fa kar\u015f\u0131 tek ba\u015f\u0131na m\u00fccadele ederek aray\u0131 iyice a\u00e7\u0131p konumunu sa\u011flamla\u015ft\u0131rd\u0131.\u00a0<\/span><\/p>\n<p>&nbsp;<\/p>\n<p><span style=\"font-size: 14pt;\"><strong><span style=\"font-family: georgia, palatino, serif;\">Etap incelemesi<\/span><\/strong><\/span><\/p>\n<p><span style=\"font-family: georgia, palatino, serif; font-size: 12pt;\">Brenta Dolomitlerinden yava\u015f yava\u015f \u0130talyan\u0131n bat\u0131s\u0131na, Fransa s\u0131n\u0131r\u0131na yakla\u015f\u0131yoruz.\u00a0Molveno \u2192 Cassano d&#8217;Adda aras\u0131nda pedallanacak etap 196 km uzunlu\u011funda ve herhangi bir zorlu\u011fu yok; peloton aktif dinlenme g\u00fcn\u00fc olarak bu etab\u0131 ge\u00e7erken sprinter pedallar da etap zaferi kovalayacakt\u0131r.<\/span><\/p>\n<div id=\"attachment_3104\" style=\"width: 885px\" class=\"wp-caption aligncenter\"><a href=\"https:\/\/i0.wp.com\/aynakol.org\/wp-content\/uploads\/2016\/05\/Giro2016_stage17_profile.jpg\"><img data-recalc-dims=\"1\" loading=\"lazy\" decoding=\"async\" aria-describedby=\"caption-attachment-3104\" data-attachment-id=\"3104\" data-permalink=\"http:\/\/aynakol.org\/?attachment_id=3104\" data-orig-file=\"https:\/\/i0.wp.com\/aynakol.org\/wp-content\/uploads\/2016\/05\/Giro2016_stage17_profile.jpg?fit=875%2C540\" data-orig-size=\"875,540\" data-comments-opened=\"1\" data-image-meta=\"{&quot;aperture&quot;:&quot;0&quot;,&quot;credit&quot;:&quot;&quot;,&quot;camera&quot;:&quot;&quot;,&quot;caption&quot;:&quot;&quot;,&quot;created_timestamp&quot;:&quot;1459720249&quot;,&quot;copyright&quot;:&quot;&quot;,&quot;focal_length&quot;:&quot;0&quot;,&quot;iso&quot;:&quot;0&quot;,&quot;shutter_speed&quot;:&quot;0&quot;,&quot;title&quot;:&quot;T15_MadonnaDC_2_alt&quot;,&quot;orientation&quot;:&quot;1&quot;}\" data-image-title=\"T15_MadonnaDC_2_alt\" data-image-description=\"\" data-image-caption=\"\" data-large-file=\"https:\/\/i0.wp.com\/aynakol.org\/wp-content\/uploads\/2016\/05\/Giro2016_stage17_profile.jpg?fit=860%2C531\" class=\"wp-image-3104 size-full\" src=\"https:\/\/i0.wp.com\/aynakol.org\/wp-content\/uploads\/2016\/05\/Giro2016_stage17_profile.jpg?resize=860%2C531\" alt=\"T15_MadonnaDC_2_alt\" width=\"860\" height=\"531\" srcset=\"https:\/\/i0.wp.com\/aynakol.org\/wp-content\/uploads\/2016\/05\/Giro2016_stage17_profile.jpg?w=875 875w, https:\/\/i0.wp.com\/aynakol.org\/wp-content\/uploads\/2016\/05\/Giro2016_stage17_profile.jpg?resize=300%2C185 300w, https:\/\/i0.wp.com\/aynakol.org\/wp-content\/uploads\/2016\/05\/Giro2016_stage17_profile.jpg?resize=768%2C474 768w\" sizes=\"auto, (max-width: 860px) 100vw, 860px\" \/><\/a><p id=\"caption-attachment-3104\" class=\"wp-caption-text\">17. etapp profili: tek \u00e7\u0131k\u0131nt\u0131l\u0131 toplu sprintli&#8230;<\/p><\/div>\n<p><span style=\"font-family: georgia, palatino, serif; font-size: 12pt;\">Kayda de\u011fer t\u0131rman\u0131\u015f\u0131 olmayan etab\u0131 kabaca ikiye b\u00f6lebiliriz: 99,5 km&#8217;de zirvesinden ge\u00e7ilecek g\u00fcn\u00fcn tek s\u0131n\u0131fland\u0131r\u0131lm\u0131\u015f t\u0131rman\u0131\u015f\u0131 Passo San&#8217;Eusebio (Cat4) ge\u00e7idi \u00f6ncesi ini\u015fli \u00e7\u0131k\u0131\u015fl\u0131, sonras\u0131 ise d\u00fcz, d\u00fcmd\u00fcz&#8230; <\/span><\/p>\n<p><span style=\"font-family: georgia, palatino, serif; font-size: 12pt;\">196 km sonunda ula\u015f\u0131lacak Cassano D&#8217;Adda kenti i\u00e7inde at\u0131lacak sprint ile bu zamana dek Giro&#8217;da tutunabilen sprinter pedallar zafer i\u00e7in m\u00fccadele edecek.<\/span><\/p>\n<p><strong>Daha fazlas\u0131 i\u00e7in:<\/strong><\/p>\n<ul>\n<li><span style=\"font-family: georgia, palatino, serif; font-size: 12pt;\">16. Etapta <a href=\"http:\/\/aynakol.org\/?p=3457\" target=\"_blank\">neler oldu?<\/a><\/span><\/li>\n<li><span style=\"font-family: georgia, palatino, serif; font-size: 12pt;\">Giro d\u2019Italia resmi sitesinden her y\u00f6n\u00fcyle <a href=\"http:\/\/www.giroditalia.it\/eng\/stage\/tappa-17\/technique\/\" target=\"_blank\">17. Etap bilgilendirmesi<\/a><\/span><\/li>\n<li><span style=\"font-family: georgia, palatino, serif; font-size: 12pt;\">Sarper G\u00fcnsal abimiz Spor Locas\u0131ndan bildiriyor:<\/span>\n<ul>\n<li><span style=\"font-family: georgia, palatino, serif; font-size: 12pt;\"><a href=\"http:\/\/sporlocasi.blogspot.com.tr\/2016\/05\/giro-2016-parkur-ozeti.html\" target=\"_blank\">Giro 2016 Parkur \u00d6zeti<\/a><\/span><\/li>\n<li><span style=\"font-family: georgia, palatino, serif; font-size: 12pt;\"><a href=\"http:\/\/sporlocasi.blogspot.com.tr\/2016\/05\/giro-ve-suphelileri.html\" target=\"_blank\">Giro ve \u015e\u00fcphelileri<\/a><\/span><\/li>\n<li><span style=\"font-family: georgia, palatino, serif; font-size: 12pt;\"><a href=\"http:\/\/sporlocasi.blogspot.com.tr\/2016\/05\/giro-2016-1dinlenme-gunu-raporu.html\" target=\"_blank\">1. Dinlenme g\u00fcn\u00fc raporu<\/a><\/span><\/li>\n<li><span style=\"font-family: georgia, palatino, serif; font-size: 12pt;\"><a href=\"http:\/\/sporlocasi.blogspot.com.tr\/2016\/05\/giro-2016-2dinlenme-gunu-raporu.html\" target=\"_blank\">2. Dinlenme g\u00fcn\u00fc raporu<\/a><\/span><\/li>\n<li><span style=\"font-family: georgia, palatino, serif; font-size: 12pt;\"><a href=\"http:\/\/sporlocasi.blogspot.com.tr\/2016\/05\/giro-2016-3dinlenme-gunu-raporu.html\" target=\"_blank\">3. Dinlenme g\u00fcn\u00fc raporu<\/a><\/span><\/li>\n<\/ul>\n<\/li>\n<li><span style=\"font-family: georgia, palatino, serif; font-size: 12pt;\">Bisikletta.com yazd\u0131:<\/span>\n<ul>\n<li><span style=\"font-family: georgia, palatino, serif; font-size: 12pt;\"><a href=\"https:\/\/bisikletta.com\/2016\/05\/05\/giro-ditalia-2016ya-on-bakis\/\" target=\"_blank\">Giro d\u2019Italia 2016\u2019ya \u00d6n Bak\u0131\u015f<\/a><\/span>\n<ul>\n<li><span style=\"font-family: georgia, palatino, serif; font-size: 12pt;\"><a href=\"https:\/\/bisikletta.com\/2016\/05\/09\/giro-ditalia-2016-dinlenme-gunu-notlari-i\/\" target=\"_blank\">1.Dinlenme g\u00fcn\u00fc raporu<\/a><\/span><\/li>\n<li><span style=\"font-family: georgia, palatino, serif; font-size: 12pt;\"><a href=\"https:\/\/bisikletta.com\/2016\/05\/16\/giro-ditalia-2016-dinlenme-gunu-notlari-ii\/\" target=\"_blank\">2. Dinlenme g\u00fcn\u00fc raporu<\/a><\/span><\/li>\n<li><span style=\"font-family: georgia, palatino, serif; font-size: 12pt;\"><a href=\"https:\/\/bisikletta.com\/2016\/05\/24\/giro-ditalia-2016-dinlenme-gunu-notlari-iii\/\" target=\"_blank\">3. Dinlenme g\u00fcn\u00fc raporu<\/a><\/span><\/li>\n<\/ul>\n<\/li>\n<\/ul>\n<\/li>\n<li><span style=\"font-family: georgia, palatino, serif; font-size: 12pt;\">Giro2016 17. Etap hakk\u0131nda her \u015fey: <a href=\"http:\/\/www.steephill.tv\/giro-d-italia\/#17-preview-2016\" target=\"_blank\">SteepHill.TV<\/a><\/span><\/li>\n<li><span style=\"font-family: georgia, palatino, serif; font-size: 12pt;\">Giro2016 17. Etap s\u0131ral\u0131 tam liste: <a href=\"http:\/\/www.procyclingstats.com\/race.php?id=163688\" target=\"_blank\">ProCyclingStats.com<\/a><\/span><\/li>\n<li><span style=\"font-family: georgia, palatino, serif; font-size: 12pt;\">Cycling Weekly: <a href=\"http:\/\/www.cyclingweekly.co.uk\/news\/racing\/giro-ditalia\/giro-ditalia-2016-stage-17-preview-222771\" target=\"_blank\">Stage 17 preview<\/a><\/span><\/li>\n<\/ul>\n<p><!--nextpage--><\/p>\n<p><span style=\"font-family: georgia, palatino, serif; font-size: 14pt;\"><strong>Etap sonras\u0131<\/strong><\/span><\/p>\n<div id=\"attachment_3476\" style=\"width: 1011px\" class=\"wp-caption aligncenter\"><a href=\"https:\/\/i0.wp.com\/aynakol.org\/wp-content\/uploads\/2016\/05\/Giro2016_stage17_winner_Roger_Kluge.jpg\"><img data-recalc-dims=\"1\" loading=\"lazy\" decoding=\"async\" aria-describedby=\"caption-attachment-3476\" data-attachment-id=\"3476\" data-permalink=\"http:\/\/aynakol.org\/?attachment_id=3476\" data-orig-file=\"https:\/\/i0.wp.com\/aynakol.org\/wp-content\/uploads\/2016\/05\/Giro2016_stage17_winner_Roger_Kluge.jpg?fit=1001%2C665\" data-orig-size=\"1001,665\" data-comments-opened=\"1\" data-image-meta=\"{&quot;aperture&quot;:&quot;6.3&quot;,&quot;credit&quot;:&quot;Fotoreporter Sirotti Stefano&quot;,&quot;camera&quot;:&quot;NIKON D4&quot;,&quot;caption&quot;:&quot;&quot;,&quot;created_timestamp&quot;:&quot;1464188776&quot;,&quot;copyright&quot;:&quot;sirotti.it&quot;,&quot;focal_length&quot;:&quot;300&quot;,&quot;iso&quot;:&quot;800&quot;,&quot;shutter_speed&quot;:&quot;0.0005&quot;,&quot;title&quot;:&quot;&quot;,&quot;orientation&quot;:&quot;1&quot;}\" data-image-title=\"Giro2016_stage17_winner_Roger_Kluge\" data-image-description=\"\" data-image-caption=\"\" data-large-file=\"https:\/\/i0.wp.com\/aynakol.org\/wp-content\/uploads\/2016\/05\/Giro2016_stage17_winner_Roger_Kluge.jpg?fit=860%2C571\" class=\"wp-image-3476 size-full\" src=\"https:\/\/i0.wp.com\/aynakol.org\/wp-content\/uploads\/2016\/05\/Giro2016_stage17_winner_Roger_Kluge.jpg?resize=860%2C571\" alt=\"Giro2016_stage17_winner_Roger_Kluge\" width=\"860\" height=\"571\" srcset=\"https:\/\/i0.wp.com\/aynakol.org\/wp-content\/uploads\/2016\/05\/Giro2016_stage17_winner_Roger_Kluge.jpg?w=1001 1001w, https:\/\/i0.wp.com\/aynakol.org\/wp-content\/uploads\/2016\/05\/Giro2016_stage17_winner_Roger_Kluge.jpg?resize=300%2C199 300w, https:\/\/i0.wp.com\/aynakol.org\/wp-content\/uploads\/2016\/05\/Giro2016_stage17_winner_Roger_Kluge.jpg?resize=768%2C510 768w\" sizes=\"auto, (max-width: 860px) 100vw, 860px\" \/><\/a><p id=\"caption-attachment-3476\" class=\"wp-caption-text\">30 ya\u015f\u0131ndaki Alman\u0131n ilk WorldTour zaferi<\/p><\/div>\n<div id=\"album_header_pagelet\" class=\"_5h60\" data-referrer=\"album_header_pagelet\">\n<div class=\"fbPhotoAlbumHeader fbPhotoAlbumOptionsPresent\">\n<div class=\"fbPhotoCaption fbPhotoAlbumHeaderText\"><span class=\"fbPhotoCaptionText\" style=\"font-family: georgia, palatino, serif; font-size: 12pt;\">Toplu sprint m\u00fccadelesinin beklendi\u011fi 196 km uzunlu\u011fundaki Cassano d&#8217;Adda kentinde biten 17. etapta kazanan \u015fa\u015f\u0131rt\u0131c\u0131 bir \u015fekilde IAM Cycling tak\u0131m\u0131n\u0131n Alman pedal\u0131 <a href=\"http:\/\/www.procyclingstats.com\/rider\/Roger_Kluge\" target=\"_blank\"><strong>Roger Kluge<\/strong><\/a> oldu. Kendisi bile kazand\u0131\u011f\u0131na \u00e7ok \u015fa\u015f\u0131rd\u0131!\u00a0<\/span><\/div>\n<div class=\"fbPhotoCaption fbPhotoAlbumHeaderText\"><\/div>\n<div class=\"fbPhotoCaption fbPhotoAlbumHeaderText\">\n<pre><b>17. Etap sonu\u00e7lar\u0131 \r\n<\/b>1  KLUGE, Roger (IAM)                   4:31:29\r\n2  NIZZOLO, Giacomo (TFS)               \r\n3  ARNDT, Nikias (TGA)                  \r\n4  MODOLO, Sacha (LAM)                  \r\n5  TRENTIN, Matteo (EQS)                \r\n6  PORSEV, Alexander (KAT)              \r\n7  LIGTHART, Pim (LTS)                  \r\n8  NAVARDAUSKAS, Ramunas (CPT)          \r\n9  BELLETTI, Manuel (STH)               \r\n10 SIMION, Paolo (BAR)<\/pre>\n<\/div>\n<div class=\"fbPhotoCaption fbPhotoAlbumHeaderText\"><\/div>\n<div class=\"fbPhotoCaption fbPhotoAlbumHeaderText\"><\/div>\n<div class=\"fbPhotoCaption fbPhotoAlbumHeaderText\"><strong><span class=\"fbPhotoCaptionText\" style=\"font-family: georgia, palatino, serif; font-size: 12pt;\">Etab\u0131n \u00f6ne \u00e7\u0131kan anlar\u0131<\/span><\/strong><\/div>\n<div class=\"fbPhotoCaption fbPhotoAlbumHeaderText\"><iframe loading=\"lazy\" src=\"\/\/www.youtube.com\/embed\/ysE6iRYb7ag\" width=\"720\" height=\"439\" frameborder=\"0\" allowfullscreen=\"allowfullscreen\"><\/iframe><\/div>\n<div class=\"fbPhotoCaption fbPhotoAlbumHeaderText\"><\/div>\n<div class=\"fbPhotoCaption fbPhotoAlbumHeaderText\"><span class=\"fbPhotoCaptionText\" style=\"font-family: georgia, palatino, serif; font-size: 12pt;\">Uzun soluklu ka\u00e7\u0131\u015f\u0131n ya\u015fand\u0131\u011f\u0131, ka\u00e7anlar\u0131 takip edenlerin ka\u00e7anlar\u0131 yakalay\u0131p 20 km kadar birlikte pedallad\u0131\u011f\u0131 ama sonunda y\u00fcce ve affetmez pelotonun herkesi yakalad\u0131\u011f\u0131, bir ge\u00e7i\u015f etab\u0131n\u0131n t\u00fcm \u00f6zelliklerinin harfi harfine yerine getirildi\u011fi bir etap oldu.\u00a0<\/span><\/div>\n<div class=\"fbPhotoCaption fbPhotoAlbumHeaderText\">\n<div id=\"attachment_3477\" style=\"width: 1010px\" class=\"wp-caption aligncenter\"><a href=\"https:\/\/i0.wp.com\/aynakol.org\/wp-content\/uploads\/2016\/05\/Giro2016_stage17_break_and_chasing_group_ride_together.jpg\"><img data-recalc-dims=\"1\" loading=\"lazy\" decoding=\"async\" aria-describedby=\"caption-attachment-3477\" data-attachment-id=\"3477\" data-permalink=\"http:\/\/aynakol.org\/?attachment_id=3477\" data-orig-file=\"https:\/\/i0.wp.com\/aynakol.org\/wp-content\/uploads\/2016\/05\/Giro2016_stage17_break_and_chasing_group_ride_together.jpg?fit=1000%2C666\" data-orig-size=\"1000,666\" data-comments-opened=\"1\" data-image-meta=\"{&quot;aperture&quot;:&quot;7.1&quot;,&quot;credit&quot;:&quot;TDW&quot;,&quot;camera&quot;:&quot;Canon EOS-1D X&quot;,&quot;caption&quot;:&quot;After passing throug an intermediate sprint point, another three-man group rode aghead of the peloton and joined the breakawy. Photo: Tim De Waele | &lt;a href=\\&quot;http:\/\/www.tdwsport.com\\&quot; target=\\&quot;_blank\\&quot;&gt;TDWsport.com&lt;\/a&gt;&quot;,&quot;created_timestamp&quot;:&quot;1464190765&quot;,&quot;copyright&quot;:&quot;2016 Tim de Waele&quot;,&quot;focal_length&quot;:&quot;120&quot;,&quot;iso&quot;:&quot;400&quot;,&quot;shutter_speed&quot;:&quot;0.0008&quot;,&quot;title&quot;:&quot;2016 Giro d&#039;Italia, stage 17: Six-man break&quot;,&quot;orientation&quot;:&quot;1&quot;}\" data-image-title=\"2016 Giro d&amp;#8217;Italia, stage 17: Six-man break\" data-image-description=\"\" data-image-caption=\"&lt;p&gt;After passing throug an intermediate sprint point, another three-man group rode aghead of the peloton and joined the breakawy. Photo: Tim De Waele | &lt;a href=&quot;http:\/\/www.tdwsport.com&quot; target=&quot;_blank&quot;&gt;TDWsport.com&lt;\/a&gt;&lt;\/p&gt;\n\" data-large-file=\"https:\/\/i0.wp.com\/aynakol.org\/wp-content\/uploads\/2016\/05\/Giro2016_stage17_break_and_chasing_group_ride_together.jpg?fit=860%2C573\" class=\"wp-image-3477 size-full\" src=\"https:\/\/i0.wp.com\/aynakol.org\/wp-content\/uploads\/2016\/05\/Giro2016_stage17_break_and_chasing_group_ride_together.jpg?resize=860%2C573\" alt=\"After passing throug an intermediate sprint point, another three-man group rode aghead of the peloton and joined the breakawy. Photo: Tim De Waele | TDWsport.com\" width=\"860\" height=\"573\" srcset=\"https:\/\/i0.wp.com\/aynakol.org\/wp-content\/uploads\/2016\/05\/Giro2016_stage17_break_and_chasing_group_ride_together.jpg?w=1000 1000w, https:\/\/i0.wp.com\/aynakol.org\/wp-content\/uploads\/2016\/05\/Giro2016_stage17_break_and_chasing_group_ride_together.jpg?resize=300%2C200 300w, https:\/\/i0.wp.com\/aynakol.org\/wp-content\/uploads\/2016\/05\/Giro2016_stage17_break_and_chasing_group_ride_together.jpg?resize=768%2C511 768w\" sizes=\"auto, (max-width: 860px) 100vw, 860px\" \/><\/a><p id=\"caption-attachment-3477\" class=\"wp-caption-text\">Etab\u0131n daha 2. km&#8217;sinde olu\u015fan \u00fc\u00e7 ki\u015filik ka\u00e7\u0131\u015f grubu (Pavel Brutt, Daniel Oss ve Eugert Zhupa) son 22 km kala pelotondan ayr\u0131l\u0131p da atak yapan takip grubuna (Maxim Belkov, Lars Bak ve Ignatas Konovalovas) yakaland\u0131. Olu\u015fan 6 ki\u015filik bu grup Lars Bak&#8217;\u0131n y\u00f6nlendirmesi ve \u00f6zverili \u00e7al\u0131\u015fmas\u0131 sayesinde tutunsa da son 2 km&#8217;ye dek yakalanmaktan kurtulamad\u0131.<\/p><\/div>\n<\/div>\n<\/div>\n<div class=\"fbPhotoCaption fbPhotoAlbumHeaderText\"><\/div>\n<div class=\"fbPhotoAlbumHeader fbPhotoAlbumOptionsPresent\">\n<div class=\"fbPhotoCaption fbPhotoAlbumHeaderText\"><span class=\"fbPhotoCaptionText\" style=\"font-family: georgia, palatino, serif; font-size: 12pt;\">Genel klasmanda herhangi bir de\u011fi\u015fiklik yok; yar\u0131n da olmayacakt\u0131r. Pembe mayo h\u00e2l\u00e2 Steven Kruijswijk&#8217;\u0131n s\u0131rt\u0131nda, Valverde bile kabullenmi\u015fken podyumun ikinci ya da \u00fc\u00e7\u00fcnc\u00fc basama\u011f\u0131 tak\u0131m tabii ki savunmada kalacakt\u0131r.<\/span><\/div>\n<div class=\"fbPhotoCaption fbPhotoAlbumHeaderText\"><\/div>\n<div class=\"fbPhotoCaption fbPhotoAlbumHeaderText\">\n<pre><b>17. Etap sonras\u0131 genel klasman<\/b>\r\n<span style=\"background-color: #ff99cc;\"><strong>1  KRUIJSWIJK, Steven (TLJ)             68:11:39<\/strong><\/span>\r\n2  CHAVES RUBIO, Johan Esteban (OGE)     +  3:00\r\n3  VALVERDE BELMONTE, Alejandro (MOV)    +  3:23\r\n4  NIBALI, Vincenzo (AST)                +  4:43\r\n5  ZAKARIN, Ilnur (KAT)                  +  4:50\r\n6  MAJKA, Rafal (TNK)                    +  5:34\r\n7  JUNGELS, Bob (EQS)                    +  7:57\r\n8  AMADOR BIKKAZAKOVA, Andrey (MOV)      +  8:53\r\n9  POZZOVIVO, Domenico (ALM)             + 10:05\r\n10 SIUTSOU, Kanstantsin (DDD)            + 11:03\r\n<\/pre>\n<\/div>\n<div class=\"fbPhotoCaption fbPhotoAlbumHeaderText\"><\/div>\n<div class=\"fbPhotoCaption fbPhotoAlbumHeaderText\">\n<div class=\"fbPhotoCaption fbPhotoAlbumHeaderText\"><span id=\"fbPhotoSnowliftCaption\" class=\"fbPhotosPhotoCaption\" style=\"font-family: georgia, palatino, serif; font-size: 12pt;\" tabindex=\"0\" data-ft=\"{&quot;tn&quot;:&quot;K&quot;}\"><span class=\"hasCaption\"><span id=\"fbPhotoSnowliftCaption\" class=\"fbPhotosPhotoCaption\" tabindex=\"0\" data-ft=\"{&quot;tn&quot;:&quot;K&quot;}\"><span class=\"hasCaption\"><strong>17. Etap sonras\u0131 daha fazla bilgi i\u00e7in:<\/strong><\/span><\/span><\/span><\/span><\/div>\n<ul>\n<li class=\"fbPhotoCaption fbPhotoAlbumHeaderText\"><span style=\"font-family: georgia, palatino, serif; font-size: 12pt;\">Ek\u015fi S\u00f6zl\u00fck yazar\u0131 Zeddicus zu l Zorender\u2019in kaleminden <a href=\"https:\/\/eksisozluk.com\/entry\/60737463\" target=\"_blank\">16. etap<\/a><\/span><\/li>\n<li class=\"fbPhotoCaption fbPhotoAlbumHeaderText\"><span style=\"font-family: georgia, palatino, serif; font-size: 12pt;\">S\u0131ral\u0131 tam liste: <a href=\"http:\/\/www.procyclingstats.com\/race\/Giro_Italia_2016_Stage_17_Cassano_dAdda\" target=\"_blank\">ProCycligngStats.com<\/a><\/span><\/li>\n<li class=\"fbPhotoCaption fbPhotoAlbumHeaderText\"><span style=\"font-family: georgia, palatino, serif; font-size: 12pt;\">Resmi siteden de \u00f6nce detayl\u0131 bilgi: <a href=\"http:\/\/www.steephill.tv\/giro-d-italia\/#17-results-2016\" target=\"_blank\">SteepHill.TV<\/a><\/span><\/li>\n<li class=\"fbPhotoCaption fbPhotoAlbumHeaderText\"><span style=\"font-family: georgia, palatino, serif; font-size: 12pt;\">Etaptan <a href=\"http:\/\/www.steephill.tv\/2016\/giro-d-italia\/photos\/stage-17\/\" target=\"_blank\">foto\u011fraflar<\/a>: <a href=\"http:\/\/velonews.competitor.com\/2016\/05\/gallery\/gallery-2016-giro-ditalia-stage-16_407328\" target=\"_blank\">VeloNews<\/a><\/span><\/li>\n<\/ul>\n<\/div>\n<\/div>\n<\/div>\n<div id=\"album_pending_photos_pagelet\" class=\"_5h60\" data-referrer=\"album_pending_photos_pagelet\"><\/div>\n<div id=\"album_photos_pagelet\" class=\"_5h60\" data-referrer=\"album_photos_pagelet\"><\/div>\n<div class=\"sharedaddy sd-sharing-enabled\"><\/div>\n","protected":false},"excerpt":{"rendered":"<p>D\u00fcnk\u00fc etapta neler olmu\u015ftu? Nibali&#8217;nin silkelendi\u011fi Valverde&#8217;nin anka ku\u015fu misali k\u00fcllerinden yeniden do\u011fdu\u011fu etap sonunda Alejandro Valverde etap zaferiyle birlikte genel klasman m\u00fccadelesinde \u00fc\u00e7\u00fcnc\u00fc s\u0131raya [&#8230;]<\/p>\n","protected":false},"author":1,"featured_media":3481,"comment_status":"open","ping_status":"open","sticky":false,"template":"","format":"standard","meta":{"jetpack_post_was_ever_published":false,"_jetpack_newsletter_access":"","_jetpack_dont_email_post_to_subs":false,"_jetpack_newsletter_tier_id":0,"_jetpack_memberships_contains_paywalled_content":false,"_jetpack_memberships_contains_paid_content":false,"footnotes":"","jetpack_publicize_message":"D\u00fcnk\u00fc da\u011fl\u0131k etap sonras\u0131 kar\u015f\u0131m\u0131zda bir ge\u00e7i\u015f etab\u0131 var; Dolomitleri geride b\u0131rak\u0131p Fransa s\u0131n\u0131r\u0131na do\u011fru kay\u0131yoruz. 196 km uzunlu\u011fundaki 17. etap d\u00fcmd\u00fcz bir profile sahip, tek \u00e7\u0131k\u0131nt\u0131s\u0131 var o da da\u011flar\u0131n kral\u0131 mayosunu bo\u015f ge\u00e7memek i\u00e7in. Pembe mayo ve peloton iki g\u00fcn daha dinlenebilir.","jetpack_publicize_feature_enabled":true,"jetpack_social_post_already_shared":true,"jetpack_social_options":{"image_generator_settings":{"template":"highway","default_image_id":0,"font":"","enabled":false},"version":2}},"categories":[1239,92],"tags":[65,24,17,1261,1260,963,32,33,794,87,37,253,785,38,173,221,803,1258,1259,770,812,22,224,692,28,1262,1010,30,223],"class_list":["post-3472","post","type-post","status-publish","format-standard","has-post-thumbnail","hentry","category-giro-ditalia","category-grand","tag-alejandro-valverde","tag-astana","tag-bisiklet-turu","tag-diego-ulissi","tag-dominiano-cunego","tag-esteban-chaves","tag-giro","tag-giro-ditalia","tag-girotr","tag-grand-tour","tag-grand-tours","tag-iam-cycling","tag-ilnur-zakarin","tag-italya","tag-italya-bisiklet-turu","tag-katusha","tag-lottonl-jumbo","tag-maglia-azurra","tag-maglia-biancha","tag-maglia-rosa","tag-maglia-rossa","tag-movistar","tag-nibali","tag-orica-greenedge","tag-rafal-majka","tag-roger-kluge","tag-steven-kruijswijk","tag-tinkoff","tag-vincenzo-nibali"],"jetpack_publicize_connections":[],"jetpack_featured_media_url":"https:\/\/i0.wp.com\/aynakol.org\/wp-content\/uploads\/2016\/05\/13246441_822506677883962_4991749213029151587_o.jpg?fit=1325%2C709","jetpack_sharing_enabled":true,"jetpack_shortlink":"https:\/\/wp.me\/p51p4O-U0","jetpack_likes_enabled":true,"jetpack-related-posts":[{"id":3571,"url":"http:\/\/aynakol.org\/?p=3571","url_meta":{"origin":3472,"position":0},"title":"Giro2016 21. Etap: Cuneo \u2192 Torino, 163 km","author":"Ayd\u0131n Bez","date":"29 May\u0131s 2016","format":false,"excerpt":"Art\u0131k zafer turu atma zaman\u0131! Hollandadan ba\u015flay\u0131p \u00f6nce \u0130talyan\u0131n g\u00fcneyine, sonra yava\u015f yava\u015f kuzeyine ve en sonunda bat\u0131s\u0131na do\u011fru pedallad\u0131\u011f\u0131m\u0131z 21 g\u00fcn boyunca neler olmad\u0131 ki? Sprinter pedallar\u0131n bo\u015f ge\u00e7medi\u011fi etaplar d\u0131\u015f\u0131nda genel klasman favorilerinden Chaves'in 14,\u00a0Valverde'nin 16\u00a0ve Nibali'nin de 19. etab\u0131 kazand\u0131\u011f\u0131 Giro'da\u00a0ka\u00e7\u0131\u015f da bo\u015f ge\u00e7medi ve birbirinden g\u00fczel\u2026","rel":"","context":"&quot;Grand Tour&quot; i\u00e7inde","block_context":{"text":"Grand Tour","link":"http:\/\/aynakol.org\/?cat=92"},"img":{"alt_text":"","src":"https:\/\/i0.wp.com\/aynakol.org\/wp-content\/uploads\/2016\/05\/Ekran-G%C3%B6r%C3%BCnt%C3%BCs%C3%BC-2016-05-28-18-58-04.png?fit=755%2C424&resize=350%2C200","width":350,"height":200,"srcset":"https:\/\/i0.wp.com\/aynakol.org\/wp-content\/uploads\/2016\/05\/Ekran-G%C3%B6r%C3%BCnt%C3%BCs%C3%BC-2016-05-28-18-58-04.png?fit=755%2C424&resize=350%2C200 1x, https:\/\/i0.wp.com\/aynakol.org\/wp-content\/uploads\/2016\/05\/Ekran-G%C3%B6r%C3%BCnt%C3%BCs%C3%BC-2016-05-28-18-58-04.png?fit=755%2C424&resize=525%2C300 1.5x, https:\/\/i0.wp.com\/aynakol.org\/wp-content\/uploads\/2016\/05\/Ekran-G%C3%B6r%C3%BCnt%C3%BCs%C3%BC-2016-05-28-18-58-04.png?fit=755%2C424&resize=700%2C400 2x"},"classes":[]},{"id":3457,"url":"http:\/\/aynakol.org\/?p=3457","url_meta":{"origin":3472,"position":1},"title":"Giro2016 16. Etap: Bressanone Brixen \u2192 Andalo, 132 km","author":"Ayd\u0131n Bez","date":"24 May\u0131s 2016","format":false,"excerpt":"D\u00fcnk\u00fc etapta neler olmu\u015ftu? 10.8 km uzunlu\u011fundaki yoku\u015f zaman kar\u015f\u0131 etab\u0131n\u0131 Gazprom-Rusvelo tak\u0131m\u0131ndan Alexander Foliforov kazanm\u0131\u015ft\u0131. Genel klasmanda ikinci s\u0131rada yer alan Nibali ya\u015fad\u0131\u011f\u0131 mekanik sorun y\u00fcz\u00fcnden kan kaybetmi\u015f, Steven Kruijswijk ise yerini sa\u011flamla\u015ft\u0131rm\u0131\u015ft\u0131. \u00a0 Etap incelemesi \u0130talyan Alplerinde m\u00fccadeleye devam. Alpe di Siusi'den G\u00fcney Tirol b\u00f6lgesine,\u00a0Bressanone Brixen kentine do\u011fru\u2026","rel":"","context":"&quot;Giro d'Italia&quot; i\u00e7inde","block_context":{"text":"Giro d'Italia","link":"http:\/\/aynakol.org\/?cat=1239"},"img":{"alt_text":"","src":"https:\/\/i0.wp.com\/aynakol.org\/wp-content\/uploads\/2016\/05\/Ekran-G%C3%B6r%C3%BCnt%C3%BCs%C3%BC-2016-05-24-17-48-26-e1464106127195.png?fit=814%2C324&resize=350%2C200","width":350,"height":200,"srcset":"https:\/\/i0.wp.com\/aynakol.org\/wp-content\/uploads\/2016\/05\/Ekran-G%C3%B6r%C3%BCnt%C3%BCs%C3%BC-2016-05-24-17-48-26-e1464106127195.png?fit=814%2C324&resize=350%2C200 1x, https:\/\/i0.wp.com\/aynakol.org\/wp-content\/uploads\/2016\/05\/Ekran-G%C3%B6r%C3%BCnt%C3%BCs%C3%BC-2016-05-24-17-48-26-e1464106127195.png?fit=814%2C324&resize=525%2C300 1.5x, https:\/\/i0.wp.com\/aynakol.org\/wp-content\/uploads\/2016\/05\/Ekran-G%C3%B6r%C3%BCnt%C3%BCs%C3%BC-2016-05-24-17-48-26-e1464106127195.png?fit=814%2C324&resize=700%2C400 2x"},"classes":[]},{"id":3492,"url":"http:\/\/aynakol.org\/?p=3492","url_meta":{"origin":3472,"position":2},"title":"Giro2016 19. Etap: Pinerolo \u2192 Risoul, 162 km","author":"Ayd\u0131n Bez","date":"27 May\u0131s 2016","format":false,"excerpt":"D\u00fcnk\u00fc etapta neler oldu? Son 22 km'ye dek ola\u011fan bir ka\u00e7\u0131\u015f\u0131n ya\u015fand\u0131\u011f\u0131 etapta Etixx-QuickStep ak\u0131l dolu bir taktikle zafere uzanmas\u0131n\u0131 bildi: Gianluca Brambilla ve Moreno Moser'in sprint d\u00fczl\u00fc\u011f\u00fcnde yava\u015flamas\u0131yla takip grubundan atak yap\u0131p lider ikiliyi yakalayan Matteo Trentin zafere pedallad\u0131. \u00a0 Etap hakk\u0131nda Torino kentinden Fransaya uzan\u0131yoruz; \u0130talyan Alpleri yetmemi\u015f\u2026","rel":"","context":"&quot;Giro d'Italia&quot; i\u00e7inde","block_context":{"text":"Giro d'Italia","link":"http:\/\/aynakol.org\/?cat=1239"},"img":{"alt_text":"","src":"https:\/\/i0.wp.com\/aynakol.org\/wp-content\/uploads\/2016\/05\/Giro2016_Stage19_Nibali.jpg?fit=960%2C640&resize=350%2C200","width":350,"height":200,"srcset":"https:\/\/i0.wp.com\/aynakol.org\/wp-content\/uploads\/2016\/05\/Giro2016_Stage19_Nibali.jpg?fit=960%2C640&resize=350%2C200 1x, https:\/\/i0.wp.com\/aynakol.org\/wp-content\/uploads\/2016\/05\/Giro2016_Stage19_Nibali.jpg?fit=960%2C640&resize=525%2C300 1.5x, https:\/\/i0.wp.com\/aynakol.org\/wp-content\/uploads\/2016\/05\/Giro2016_Stage19_Nibali.jpg?fit=960%2C640&resize=700%2C400 2x"},"classes":[]},{"id":3528,"url":"http:\/\/aynakol.org\/?p=3528","url_meta":{"origin":3472,"position":3},"title":"Giro2016 20. Etap: Guillestre \u2192 Sant&#8217;Anna di Vinadio, 134 km","author":"Ayd\u0131n Bez","date":"28 May\u0131s 2016","format":false,"excerpt":"D\u00fcnk\u00fc etapta neler olmu\u015ftu? Neler olmad\u0131 ki? Sonu kesin dedi\u011fimiz Giro'da Kruijswijk'in Colle Dell'Agnello ini\u015finde ya\u015fad\u0131\u011f\u0131 kaza sonras\u0131 kartlar yeniden da\u011f\u0131t\u0131ld\u0131... Etap zaferine Nibali uzan\u0131rken Esteban Chaves ise pembe mayoyu g\u00fcn\u00fcn sonunda s\u0131rt\u0131na ge\u00e7iriyordu! Etap\u00a0hakk\u0131nda Fransa topraklar\u0131ndan anavanata d\u00f6nme zaman\u0131...\u00a0Guillestre \u2192 Sant'Anna di Vinadio aras\u0131nda pedallanacak 134 km uzunlu\u011fundaki 20.\u2026","rel":"","context":"&quot;Giro d'Italia&quot; i\u00e7inde","block_context":{"text":"Giro d'Italia","link":"http:\/\/aynakol.org\/?cat=1239"},"img":{"alt_text":"","src":"https:\/\/i0.wp.com\/aynakol.org\/wp-content\/uploads\/2016\/05\/Giro2016_posters_1_crop.jpg?fit=531%2C424&resize=350%2C200","width":350,"height":200,"srcset":"https:\/\/i0.wp.com\/aynakol.org\/wp-content\/uploads\/2016\/05\/Giro2016_posters_1_crop.jpg?fit=531%2C424&resize=350%2C200 1x, https:\/\/i0.wp.com\/aynakol.org\/wp-content\/uploads\/2016\/05\/Giro2016_posters_1_crop.jpg?fit=531%2C424&resize=525%2C300 1.5x"},"classes":[]},{"id":3480,"url":"http:\/\/aynakol.org\/?p=3480","url_meta":{"origin":3472,"position":4},"title":"Giro2016 18. Etap: Muggi\u00f2 \u2192 Pinerolo, 244 km","author":"Ayd\u0131n Bez","date":"26 May\u0131s 2016","format":false,"excerpt":"D\u00fcnk\u00fc etapta neler olmu\u015ftu? Etab\u0131 kazanan Roger Kluge'nin bile kendisine inanamad\u0131\u011f\u0131 bir son izledik 17. etapta. Da\u011flardan sa\u011f \u00e7\u0131k\u0131p da sadece bu etap i\u00e7in kalan sprinter pedallar aras\u0131ndan ustaca s\u0131yr\u0131lan Roger Kluge sezon sonunda kapanacak tak\u0131m\u0131 IAM Cycling i\u00e7in de g\u00fczel bir zafer kazand\u0131.\u00a0 \u00a0 Etap incelemesi D\u00fcnk\u00fc d\u00fcmd\u00fcz etaptan\u2026","rel":"","context":"&quot;Giro d'Italia&quot; i\u00e7inde","block_context":{"text":"Giro d'Italia","link":"http:\/\/aynakol.org\/?cat=1239"},"img":{"alt_text":"","src":"https:\/\/i0.wp.com\/aynakol.org\/wp-content\/uploads\/2016\/05\/Giro2016_posters_1_crop.jpg?fit=531%2C424&resize=350%2C200","width":350,"height":200,"srcset":"https:\/\/i0.wp.com\/aynakol.org\/wp-content\/uploads\/2016\/05\/Giro2016_posters_1_crop.jpg?fit=531%2C424&resize=350%2C200 1x, https:\/\/i0.wp.com\/aynakol.org\/wp-content\/uploads\/2016\/05\/Giro2016_posters_1_crop.jpg?fit=531%2C424&resize=525%2C300 1.5x"},"classes":[]},{"id":3451,"url":"http:\/\/aynakol.org\/?p=3451","url_meta":{"origin":3472,"position":5},"title":"Giro2016 15. Etap: Castelrotto \u2192 Alpe di Siusi, 10.8 km (TT)","author":"Ayd\u0131n Bez","date":"22 May\u0131s 2016","format":false,"excerpt":"D\u00fcnk\u00fc etapta neler olmu\u015ftu? Dolomitlerin zirvelerindeki da\u011f ge\u00e7itlerinde ke\u00e7i gibi t\u0131rmanan favorilerin m\u00fccadelesinde Nibali birer iki\u015fer rakiplerini silkelerken iki isim ataklar\u0131na cevap verip ayakta durabildi: LottoNL-Jumbo tak\u0131m\u0131n\u0131n t\u0131rman\u0131\u015f\u00e7\u0131s\u0131 Steven Kruijswijk g\u00fcn\u00fcn sonunda pembe mayoya uzan\u0131rken, Esteban Chaves de etab\u0131 kazan\u0131yordu. Ve Nibali... Ataklar\u0131yla de\u011fil Alejandro Valverde, t\u00fcm Movistar tak\u0131m\u0131n\u0131 silkeleyen\u2026","rel":"","context":"&quot;Giro d'Italia&quot; i\u00e7inde","block_context":{"text":"Giro d'Italia","link":"http:\/\/aynakol.org\/?cat=1239"},"img":{"alt_text":"","src":"https:\/\/i0.wp.com\/aynakol.org\/wp-content\/uploads\/2016\/05\/Giro2016_banner.jpg?fit=510%2C288&resize=350%2C200","width":350,"height":200},"classes":[]}],"_links":{"self":[{"href":"http:\/\/aynakol.org\/index.php?rest_route=\/wp\/v2\/posts\/3472","targetHints":{"allow":["GET"]}}],"collection":[{"href":"http:\/\/aynakol.org\/index.php?rest_route=\/wp\/v2\/posts"}],"about":[{"href":"http:\/\/aynakol.org\/index.php?rest_route=\/wp\/v2\/types\/post"}],"author":[{"embeddable":true,"href":"http:\/\/aynakol.org\/index.php?rest_route=\/wp\/v2\/users\/1"}],"replies":[{"embeddable":true,"href":"http:\/\/aynakol.org\/index.php?rest_route=%2Fwp%2Fv2%2Fcomments&post=3472"}],"version-history":[{"count":4,"href":"http:\/\/aynakol.org\/index.php?rest_route=\/wp\/v2\/posts\/3472\/revisions"}],"predecessor-version":[{"id":3474,"href":"http:\/\/aynakol.org\/index.php?rest_route=\/wp\/v2\/posts\/3472\/revisions\/3474"}],"wp:featuredmedia":[{"embeddable":true,"href":"http:\/\/aynakol.org\/index.php?rest_route=\/wp\/v2\/media\/3481"}],"wp:attachment":[{"href":"http:\/\/aynakol.org\/index.php?rest_route=%2Fwp%2Fv2%2Fmedia&parent=3472"}],"wp:term":[{"taxonomy":"category","embeddable":true,"href":"http:\/\/aynakol.org\/index.php?rest_route=%2Fwp%2Fv2%2Fcategories&post=3472"},{"taxonomy":"post_tag","embeddable":true,"href":"http:\/\/aynakol.org\/index.php?rest_route=%2Fwp%2Fv2%2Ftags&post=3472"}],"curies":[{"name":"wp","href":"https:\/\/api.w.org\/{rel}","templated":true}]}}