{"id":3480,"date":"2016-05-26T10:00:40","date_gmt":"2016-05-26T07:00:40","guid":{"rendered":"http:\/\/aynakol.org\/?p=3480"},"modified":"2016-05-26T20:30:28","modified_gmt":"2016-05-26T17:30:28","slug":"giro2016-18-etap-muggio-%e2%86%92-pinerolo-244-km","status":"publish","type":"post","link":"http:\/\/aynakol.org\/?p=3480","title":{"rendered":"Giro2016 18. Etap: Muggi\u00f2 \u2192 Pinerolo, 244 km"},"content":{"rendered":"<p><span style=\"font-family: georgia, palatino, serif; font-size: 14pt;\"><strong>D\u00fcnk\u00fc etapta neler olmu\u015ftu?<\/strong><\/span><\/p>\n<p><span style=\"font-family: georgia, palatino, serif; font-size: 12pt;\">Etab\u0131 kazanan Roger Kluge&#8217;nin bile kendisine inanamad\u0131\u011f\u0131 bir son izledik 17. etapta. Da\u011flardan sa\u011f \u00e7\u0131k\u0131p da sadece bu etap i\u00e7in kalan sprinter pedallar aras\u0131ndan ustaca s\u0131yr\u0131lan Roger Kluge sezon sonunda kapanacak tak\u0131m\u0131 IAM Cycling i\u00e7in de g\u00fczel bir zafer kazand\u0131.\u00a0<\/span><\/p>\n<p>&nbsp;<\/p>\n<p><span style=\"font-family: georgia, palatino, serif; font-size: 14pt;\"><strong>Etap incelemesi<\/strong><\/span><\/p>\n<p><span style=\"font-family: georgia, palatino, serif; font-size: 12pt;\">D\u00fcnk\u00fc d\u00fcmd\u00fcz etaptan sonra sonu d\u0131\u015f\u0131nda bir ba\u015fka d\u00fcz etapla devam ediyoruz. Ba\u015ftan s\u00f6yleyelim: ka\u00e7\u0131\u015f i\u00e7in tasarlanm\u0131\u015f bir etap var kar\u015f\u0131m\u0131zda.<\/span><\/p>\n<div id=\"attachment_3106\" style=\"width: 860px\" class=\"wp-caption aligncenter\"><a href=\"https:\/\/i0.wp.com\/aynakol.org\/wp-content\/uploads\/2016\/05\/Giro2016_stage18_profile.jpg\"><img data-recalc-dims=\"1\" loading=\"lazy\" decoding=\"async\" aria-describedby=\"caption-attachment-3106\" data-attachment-id=\"3106\" data-permalink=\"http:\/\/aynakol.org\/?attachment_id=3106\" data-orig-file=\"https:\/\/i0.wp.com\/aynakol.org\/wp-content\/uploads\/2016\/05\/Giro2016_stage18_profile.jpg?fit=850%2C549\" data-orig-size=\"850,549\" data-comments-opened=\"1\" data-image-meta=\"{&quot;aperture&quot;:&quot;0&quot;,&quot;credit&quot;:&quot;&quot;,&quot;camera&quot;:&quot;&quot;,&quot;caption&quot;:&quot;&quot;,&quot;created_timestamp&quot;:&quot;1460041015&quot;,&quot;copyright&quot;:&quot;&quot;,&quot;focal_length&quot;:&quot;0&quot;,&quot;iso&quot;:&quot;0&quot;,&quot;shutter_speed&quot;:&quot;0&quot;,&quot;title&quot;:&quot;T15_MadonnaDC_2_alt&quot;,&quot;orientation&quot;:&quot;1&quot;}\" data-image-title=\"T15_MadonnaDC_2_alt\" data-image-description=\"\" data-image-caption=\"\" data-large-file=\"https:\/\/i0.wp.com\/aynakol.org\/wp-content\/uploads\/2016\/05\/Giro2016_stage18_profile.jpg?fit=850%2C549\" class=\"wp-image-3106 size-full\" src=\"https:\/\/i0.wp.com\/aynakol.org\/wp-content\/uploads\/2016\/05\/Giro2016_stage18_profile.jpg?resize=850%2C549\" alt=\"T15_MadonnaDC_2_alt\" width=\"850\" height=\"549\" srcset=\"https:\/\/i0.wp.com\/aynakol.org\/wp-content\/uploads\/2016\/05\/Giro2016_stage18_profile.jpg?w=850 850w, https:\/\/i0.wp.com\/aynakol.org\/wp-content\/uploads\/2016\/05\/Giro2016_stage18_profile.jpg?resize=300%2C194 300w, https:\/\/i0.wp.com\/aynakol.org\/wp-content\/uploads\/2016\/05\/Giro2016_stage18_profile.jpg?resize=768%2C496 768w\" sizes=\"auto, (max-width: 850px) 100vw, 850px\" \/><\/a><p id=\"caption-attachment-3106\" class=\"wp-caption-text\">18. Etap profili Milanodan Torinoya d\u00fcmd\u00fcz bir hatta iniyor.<\/p><\/div>\n<p><span style=\"font-family: georgia, palatino, serif; font-size: 12pt;\">Milanodan Torinoya do\u011fru uzan\u0131yoruz:\u00a0<a href=\"http:\/\/aynakol.org\/wp-content\/uploads\/2016\/05\/Giro2016_stage18_map.jpg\" target=\"_blank\">Muggi\u00f2 \u2192 Pinerolo<\/a> aras\u0131nda pedallanacak 18. etap 244 km uzunlu\u011funda. Ancak ilk 170 km d\u00fcmd\u00fcz, g\u00fcn\u00fcn tek s\u0131n\u0131fland\u0131r\u0131lm\u0131\u015f t\u0131rman\u0131\u015f\u0131 Pramartino eteklerine dek\u00a0olan k\u0131s\u0131m da dalgal\u0131&#8230; Sonras\u0131 ise bildik senaryo t\u0131rman in, atak yap, fark yarat ve zafere pedalla!<\/span><\/p>\n<div id=\"attachment_3482\" style=\"width: 999px\" class=\"wp-caption aligncenter\"><a href=\"https:\/\/i0.wp.com\/aynakol.org\/wp-content\/uploads\/2016\/05\/Giro2016_stage18_first_climb_Pramartino.jpg\"><img data-recalc-dims=\"1\" loading=\"lazy\" decoding=\"async\" aria-describedby=\"caption-attachment-3482\" data-attachment-id=\"3482\" data-permalink=\"http:\/\/aynakol.org\/?attachment_id=3482\" data-orig-file=\"https:\/\/i0.wp.com\/aynakol.org\/wp-content\/uploads\/2016\/05\/Giro2016_stage18_first_climb_Pramartino.jpg?fit=989%2C666\" data-orig-size=\"989,666\" data-comments-opened=\"1\" data-image-meta=\"{&quot;aperture&quot;:&quot;0&quot;,&quot;credit&quot;:&quot;&quot;,&quot;camera&quot;:&quot;&quot;,&quot;caption&quot;:&quot;&quot;,&quot;created_timestamp&quot;:&quot;0&quot;,&quot;copyright&quot;:&quot;&quot;,&quot;focal_length&quot;:&quot;0&quot;,&quot;iso&quot;:&quot;0&quot;,&quot;shutter_speed&quot;:&quot;0&quot;,&quot;title&quot;:&quot;S05_Valcava_3D&quot;,&quot;orientation&quot;:&quot;1&quot;}\" data-image-title=\"S05_Valcava_3D\" data-image-description=\"\" data-image-caption=\"\" data-large-file=\"https:\/\/i0.wp.com\/aynakol.org\/wp-content\/uploads\/2016\/05\/Giro2016_stage18_first_climb_Pramartino.jpg?fit=860%2C579\" class=\"wp-image-3482 size-full\" src=\"https:\/\/i0.wp.com\/aynakol.org\/wp-content\/uploads\/2016\/05\/Giro2016_stage18_first_climb_Pramartino.jpg?resize=860%2C579\" alt=\"S05_Valcava_3D\" width=\"860\" height=\"579\" srcset=\"https:\/\/i0.wp.com\/aynakol.org\/wp-content\/uploads\/2016\/05\/Giro2016_stage18_first_climb_Pramartino.jpg?w=989 989w, https:\/\/i0.wp.com\/aynakol.org\/wp-content\/uploads\/2016\/05\/Giro2016_stage18_first_climb_Pramartino.jpg?resize=300%2C202 300w, https:\/\/i0.wp.com\/aynakol.org\/wp-content\/uploads\/2016\/05\/Giro2016_stage18_first_climb_Pramartino.jpg?resize=768%2C517 768w\" sizes=\"auto, (max-width: 860px) 100vw, 860px\" \/><\/a><p id=\"caption-attachment-3482\" class=\"wp-caption-text\">18. Etab\u0131n ilk s\u0131n\u0131fland\u0131r\u0131lm\u0131\u015f t\u0131rman\u0131\u015f\u0131 bir hayli zor: 4,5 km uzunluk ve ortalama %10 e\u011fim!<\/p><\/div>\n<p>&nbsp;<\/p>\n<p><span style=\"font-family: georgia, palatino, serif; font-size: 12pt;\">Yaz\u0131n\u0131n ba\u015f\u0131nda belirtmi\u015ftik: Profil ka\u00e7\u0131\u015f i\u00e7inden atak yap\u0131p solo ka\u00e7\u0131\u015fa \u00e7ok elveri\u015fli. Zira Pramartino zirvesine fark yarat\u0131p da ilk ula\u015fan son s\u00fcrat Pinerolo kasabas\u0131na inecek. Biti\u015f \u00e7izgisine ula\u015fmak ise o kadar kolay de\u011fil.\u00a0<\/span><\/p>\n<div id=\"attachment_3105\" style=\"width: 360px\" class=\"wp-caption aligncenter\"><a href=\"https:\/\/i0.wp.com\/aynakol.org\/wp-content\/uploads\/2016\/05\/Giro2016_stage18_finish_profile.jpg\"><img data-recalc-dims=\"1\" loading=\"lazy\" decoding=\"async\" aria-describedby=\"caption-attachment-3105\" data-attachment-id=\"3105\" data-permalink=\"http:\/\/aynakol.org\/?attachment_id=3105\" data-orig-file=\"https:\/\/i0.wp.com\/aynakol.org\/wp-content\/uploads\/2016\/05\/Giro2016_stage18_finish_profile.jpg?fit=350%2C519\" data-orig-size=\"350,519\" data-comments-opened=\"1\" data-image-meta=\"{&quot;aperture&quot;:&quot;0&quot;,&quot;credit&quot;:&quot;&quot;,&quot;camera&quot;:&quot;&quot;,&quot;caption&quot;:&quot;&quot;,&quot;created_timestamp&quot;:&quot;1460040975&quot;,&quot;copyright&quot;:&quot;&quot;,&quot;focal_length&quot;:&quot;0&quot;,&quot;iso&quot;:&quot;0&quot;,&quot;shutter_speed&quot;:&quot;0&quot;,&quot;title&quot;:&quot;T03_Arezzo_ukm&quot;,&quot;orientation&quot;:&quot;1&quot;}\" data-image-title=\"T03_Arezzo_ukm\" data-image-description=\"\" data-image-caption=\"\" data-large-file=\"https:\/\/i0.wp.com\/aynakol.org\/wp-content\/uploads\/2016\/05\/Giro2016_stage18_finish_profile.jpg?fit=350%2C519\" class=\"wp-image-3105 size-full\" src=\"https:\/\/i0.wp.com\/aynakol.org\/wp-content\/uploads\/2016\/05\/Giro2016_stage18_finish_profile.jpg?resize=350%2C519\" alt=\"T03_Arezzo_ukm\" width=\"350\" height=\"519\" srcset=\"https:\/\/i0.wp.com\/aynakol.org\/wp-content\/uploads\/2016\/05\/Giro2016_stage18_finish_profile.jpg?w=350 350w, https:\/\/i0.wp.com\/aynakol.org\/wp-content\/uploads\/2016\/05\/Giro2016_stage18_finish_profile.jpg?resize=202%2C300 202w\" sizes=\"auto, (max-width: 350px) 100vw, 350px\" \/><\/a><p id=\"caption-attachment-3105\" class=\"wp-caption-text\">18. Etab\u0131n son 3 kilometresinde yok yok: darac\u0131k yollar, sa\u011fa ve sola d\u00f6n\u00fc\u015fler, hafif pave yollar ve yetmiyormu\u015f gibi ortalama e\u011fimi %13 olan 500 metrelik bir t\u0131rman\u0131\u015f&#8230; Sonras\u0131 ise Ultimo Kilometro ve biti\u015f d\u00fczl\u00fc\u011f\u00fc! Ka\u00e7an kazan\u0131r!<\/p><\/div>\n<p><span style=\"font-family: georgia, palatino, serif; font-size: 12pt;\">Giro tarihinde alt\u0131 kez biti\u015f \u00e7izgisine ev sahipli\u011fi yapan Torino kentine 35 km uzakl\u0131ktaki Pinerolo kasabas\u0131ndaki ilk zafer efsanevi isim Fausto Coppi&#8217;ye ait; yedinci zafere ula\u015fmak i\u00e7in ka\u00e7an her kimse 241. km&#8217;de ba\u015flayan ve sadece 500 metre uzunlu\u011fundaki <\/span><span style=\"font-family: georgia, palatino, serif; font-size: 12pt;\"><strong><a href=\"http:\/\/static2.giroditalia.it\/wp-content\/uploads\/2016\/02\/PW_T18_S02_Acaja-2.jpg\" target=\"_blank\">San Maurizio t\u0131rman\u0131\u015f\u0131n\u0131<\/a><\/strong>\u00a0a\u015fmas\u0131 ve labirent \u015feklindeki <a href=\"http:\/\/static2.giroditalia.it\/wp-content\/uploads\/2016\/02\/PW_T18_Pinerolo_ARR-1.jpg\">Ultimo Kilometroyu<\/a> geride b\u0131rakmas\u0131 gerekiyor. 500 metre dedik ama ortalama e\u011fimi %13.2 olan San Maurizio t\u0131rman\u0131\u015f\u0131n\u0131n ba\u015flang\u0131c\u0131 parke ta\u015fl\u0131 ve e\u011fimin en sert oldu\u011fu bir de %20&#8217;lik bir k\u0131s\u0131m var ki, evlere \u015fenlik!<\/span><\/p>\n<p><span style=\"font-family: georgia, palatino, serif; font-size: 12pt;\">Pembe Mayoyu ta\u015f\u0131yan Steven Kruijswijk&#8217;tan 4&#8217;33&#8221; dakika fark yiyen Nibali&#8217;nin t\u00fcm gemileri yak\u0131p, t\u0131pk\u0131 <a href=\"http:\/\/aynakol.org\/?p=2084\" target=\"_blank\">Tour de France 2015, 19. Etap<\/a>ta yapt\u0131\u011f\u0131 gibi bir atak ve solo ka\u00e7\u0131\u015fla neden zafere pedallamas\u0131n? Kruijswijk <em>kolay kolay b\u0131rakmam onu<\/em> diyebilir ama tak\u0131m\u0131 LottoNL-Jumbo&#8217;nun da\u011flarda Astana kadar koruyucu olmad\u0131\u011f\u0131n\u0131 g\u00f6rd\u00fck. \u0130zleyip g\u00f6rece\u011fiz art\u0131k!<\/span><\/p>\n<p><span style=\"font-family: georgia, palatino, serif; font-size: 14pt;\"><strong>Daha fazlas\u0131 i\u00e7in:<\/strong><\/span><\/p>\n<ul>\n<li><span style=\"font-family: georgia, palatino, serif; font-size: 12pt;\">17. Etapta <a href=\"http:\/\/aynakol.org\/?p=3472\" target=\"_blank\">neler oldu?<\/a><\/span><\/li>\n<li><span style=\"font-family: georgia, palatino, serif; font-size: 12pt;\">Giro d\u2019Italia resmi sitesinden her y\u00f6n\u00fcyle <a href=\"http:\/\/www.giroditalia.it\/eng\/stage\/tappa-18\/technique\/\" target=\"_blank\">18. Etap bilgilendirmesi<\/a><\/span><\/li>\n<li><span style=\"font-family: georgia, palatino, serif; font-size: 12pt;\">Giro2016 18. Etap hakk\u0131nda her \u015fey: <a href=\"http:\/\/www.steephill.tv\/giro-d-italia\/#18-preview-2016\" target=\"_blank\">SteepHill.TV<\/a><\/span><\/li>\n<li><span style=\"font-family: georgia, palatino, serif; font-size: 12pt;\">Giro2016 18. Etap s\u0131ral\u0131 tam liste: <a href=\"http:\/\/www.procyclingstats.com\/race\/Giro_Italia_2016_Stage_18_Pinerolo_Preview\" target=\"_blank\">ProCyclingStats.com<\/a><\/span><\/li>\n<li><span style=\"font-family: georgia, palatino, serif; font-size: 12pt;\">Cycling Weekly: <a href=\"http:\/\/www.cyclingweekly.co.uk\/news\/racing\/giro-ditalia\/giro-ditalia-2016-stage-18-preview-222787\" target=\"_blank\">Stage 18 preview<\/a><\/span><\/li>\n<li><span style=\"font-family: georgia, palatino, serif; font-size: 12pt;\">Sarper G\u00fcnsal abimiz Spor Locas\u0131ndan bildiriyor:<\/span>\n<ul>\n<li><span style=\"font-family: georgia, palatino, serif; font-size: 12pt;\"><a href=\"http:\/\/sporlocasi.blogspot.com.tr\/2016\/05\/giro-2016-parkur-ozeti.html\" target=\"_blank\">Giro 2016 Parkur \u00d6zeti<\/a><\/span><\/li>\n<li><span style=\"font-family: georgia, palatino, serif; font-size: 12pt;\"><a href=\"http:\/\/sporlocasi.blogspot.com.tr\/2016\/05\/giro-ve-suphelileri.html\" target=\"_blank\">Giro ve \u015e\u00fcphelileri<\/a><\/span><\/li>\n<li><span style=\"font-family: georgia, palatino, serif; font-size: 12pt;\"><a href=\"http:\/\/sporlocasi.blogspot.com.tr\/2016\/05\/giro-2016-1dinlenme-gunu-raporu.html\" target=\"_blank\">1. Dinlenme g\u00fcn\u00fc raporu<\/a><\/span><\/li>\n<li><span style=\"font-family: georgia, palatino, serif; font-size: 12pt;\"><a href=\"http:\/\/sporlocasi.blogspot.com.tr\/2016\/05\/giro-2016-2dinlenme-gunu-raporu.html\" target=\"_blank\">2. Dinlenme g\u00fcn\u00fc raporu<\/a><\/span><\/li>\n<li><span style=\"font-family: georgia, palatino, serif; font-size: 12pt;\"><a href=\"http:\/\/sporlocasi.blogspot.com.tr\/2016\/05\/giro-2016-3dinlenme-gunu-raporu.html\" target=\"_blank\">3. Dinlenme g\u00fcn\u00fc raporu<\/a><\/span><\/li>\n<\/ul>\n<\/li>\n<li><span style=\"font-family: georgia, palatino, serif; font-size: 12pt;\">Bisikletta.com yazd\u0131:<\/span>\n<ul>\n<li><span style=\"font-family: georgia, palatino, serif; font-size: 12pt;\"><a href=\"https:\/\/bisikletta.com\/2016\/05\/05\/giro-ditalia-2016ya-on-bakis\/\" target=\"_blank\">Giro d\u2019Italia 2016\u2019ya \u00d6n Bak\u0131\u015f<\/a><\/span>\n<ul>\n<li><span style=\"font-family: georgia, palatino, serif; font-size: 12pt;\"><a href=\"https:\/\/bisikletta.com\/2016\/05\/09\/giro-ditalia-2016-dinlenme-gunu-notlari-i\/\" target=\"_blank\">1.Dinlenme g\u00fcn\u00fc raporu<\/a><\/span><\/li>\n<li><span style=\"font-family: georgia, palatino, serif; font-size: 12pt;\"><a href=\"https:\/\/bisikletta.com\/2016\/05\/16\/giro-ditalia-2016-dinlenme-gunu-notlari-ii\/\" target=\"_blank\">2. Dinlenme g\u00fcn\u00fc raporu<\/a><\/span><\/li>\n<li><span style=\"font-family: georgia, palatino, serif; font-size: 12pt;\"><a href=\"https:\/\/bisikletta.com\/2016\/05\/24\/giro-ditalia-2016-dinlenme-gunu-notlari-iii\/\" target=\"_blank\">3. Dinlenme g\u00fcn\u00fc raporu<\/a><\/span><\/li>\n<\/ul>\n<\/li>\n<\/ul>\n<\/li>\n<\/ul>\n<p><!--nextpage--><\/p>\n<p><span style=\"font-size: 14pt; font-family: georgia, palatino, serif;\"><strong>Etap sonras\u0131<\/strong><\/span><\/p>\n<p><span style=\"font-family: georgia, palatino, serif; font-size: 12pt;\">\u0130talyanlar i\u00e7in gurur g\u00fcn\u00fc! Zira podyumun ilk \u00fc\u00e7 s\u0131ras\u0131nda \u0130talyanlar var!<\/span><\/p>\n<div id=\"attachment_3490\" style=\"width: 1011px\" class=\"wp-caption aligncenter\"><a href=\"https:\/\/i0.wp.com\/aynakol.org\/wp-content\/uploads\/2016\/05\/Giro2016_stage18_winner_Matteo_Tosatto.jpg\"><img data-recalc-dims=\"1\" loading=\"lazy\" decoding=\"async\" aria-describedby=\"caption-attachment-3490\" data-attachment-id=\"3490\" data-permalink=\"http:\/\/aynakol.org\/?attachment_id=3490\" data-orig-file=\"https:\/\/i0.wp.com\/aynakol.org\/wp-content\/uploads\/2016\/05\/Giro2016_stage18_winner_Matteo_Tosatto.jpg?fit=1001%2C665\" data-orig-size=\"1001,665\" data-comments-opened=\"1\" data-image-meta=\"{&quot;aperture&quot;:&quot;6.3&quot;,&quot;credit&quot;:&quot;Fotoreporter Sirotti Stefano&quot;,&quot;camera&quot;:&quot;NIKON D4&quot;,&quot;caption&quot;:&quot;26-05-2016 Giro D&#039;italia; Tappa 18 Muggio - Pinerolo; 2016, Etixx - Quick Step; Trentin, Matteo;&quot;,&quot;created_timestamp&quot;:&quot;1464274101&quot;,&quot;copyright&quot;:&quot;sirotti.it&quot;,&quot;focal_length&quot;:&quot;300&quot;,&quot;iso&quot;:&quot;800&quot;,&quot;shutter_speed&quot;:&quot;0.0005&quot;,&quot;title&quot;:&quot;26-05-2016 Giro D&#039;italia; Tappa 18 Muggio - Pinerolo; 2016, Etixx - Quick Step; Trentin, Matteo;&quot;,&quot;orientation&quot;:&quot;1&quot;}\" data-image-title=\"26-05-2016 Giro D&amp;#8217;italia; Tappa 18 Muggio &amp;#8211; Pinerolo; 2016, Etixx &amp;#8211; Quick Step; Trentin, Matteo;\" data-image-description=\"\" data-image-caption=\"&lt;p&gt;26-05-2016 Giro D&amp;#8217;italia; Tappa 18 Muggio &amp;#8211; Pinerolo; 2016, Etixx &amp;#8211; Quick Step; Trentin, Matteo;&lt;\/p&gt;\n\" data-large-file=\"https:\/\/i0.wp.com\/aynakol.org\/wp-content\/uploads\/2016\/05\/Giro2016_stage18_winner_Matteo_Tosatto.jpg?fit=860%2C571\" class=\"wp-image-3490 size-full\" src=\"https:\/\/i0.wp.com\/aynakol.org\/wp-content\/uploads\/2016\/05\/Giro2016_stage18_winner_Matteo_Tosatto.jpg?resize=860%2C571\" alt=\"26-05-2016 Giro D'italia; Tappa 18 Muggio - Pinerolo; 2016, Etixx - Quick Step; Trentin, Matteo;\" width=\"860\" height=\"571\" srcset=\"https:\/\/i0.wp.com\/aynakol.org\/wp-content\/uploads\/2016\/05\/Giro2016_stage18_winner_Matteo_Tosatto.jpg?w=1001 1001w, https:\/\/i0.wp.com\/aynakol.org\/wp-content\/uploads\/2016\/05\/Giro2016_stage18_winner_Matteo_Tosatto.jpg?resize=300%2C199 300w, https:\/\/i0.wp.com\/aynakol.org\/wp-content\/uploads\/2016\/05\/Giro2016_stage18_winner_Matteo_Tosatto.jpg?resize=768%2C510 768w\" sizes=\"auto, (max-width: 860px) 100vw, 860px\" \/><\/a><p id=\"caption-attachment-3490\" class=\"wp-caption-text\">Matteo Trentin i\u00e7in \u00e7al\u0131\u015fan Gianluca Brambilla deyim yerindeyse Moreno Moser&#8217;i sprint d\u00fczl\u00fc\u011f\u00fcnde adeta uyuttu!<\/p><\/div>\n<p>&nbsp;<\/p>\n<p><span style=\"font-family: georgia, palatino, serif; font-size: 12pt;\">Muggi\u00f2 \u203a Pinerolo kentleri aras\u0131nda pedallanan 240 km uzunlu\u011fundaki 18. etapta Etixx-QuickStep tak\u0131m\u0131n\u0131n \u0130talyan pedal\u0131 Matteo Trentin inan\u0131lmaz bir \u015fekilde kazand\u0131. Tam bir tak\u0131m oyunu, tam bir kedi fare oyunu ya\u015fand\u0131 diyebiliriz!<\/span><\/p>\n<div id=\"attachment_3489\" style=\"width: 1011px\" class=\"wp-caption aligncenter\"><a href=\"https:\/\/i0.wp.com\/aynakol.org\/wp-content\/uploads\/2016\/05\/Giro2016_stage18_Gianluca_Brambilla_and_Moreno_Moser.jpg\"><img data-recalc-dims=\"1\" loading=\"lazy\" decoding=\"async\" aria-describedby=\"caption-attachment-3489\" data-attachment-id=\"3489\" data-permalink=\"http:\/\/aynakol.org\/?attachment_id=3489\" data-orig-file=\"https:\/\/i0.wp.com\/aynakol.org\/wp-content\/uploads\/2016\/05\/Giro2016_stage18_Gianluca_Brambilla_and_Moreno_Moser.jpg?fit=1001%2C665\" data-orig-size=\"1001,665\" data-comments-opened=\"1\" data-image-meta=\"{&quot;aperture&quot;:&quot;6.3&quot;,&quot;credit&quot;:&quot;Fotoreporter Sirotti Stefano&quot;,&quot;camera&quot;:&quot;NIKON D4S&quot;,&quot;caption&quot;:&quot;26-05-2016 Giro D&#039;italia; Tappa 18 Muggio - Pinerolo; 2016, Etixx - Quick Step; 2016, Cannondale; Brambilla, Gianluca; Moser, Moreno;&quot;,&quot;created_timestamp&quot;:&quot;1464274255&quot;,&quot;copyright&quot;:&quot;sirotti.it&quot;,&quot;focal_length&quot;:&quot;70&quot;,&quot;iso&quot;:&quot;1000&quot;,&quot;shutter_speed&quot;:&quot;0.002&quot;,&quot;title&quot;:&quot;26-05-2016 Giro D&#039;italia; Tappa 18 Muggio - Pinerolo; 2016, Etixx - Quick Step; 2016, Cannondale; Brambilla, Gianluca; Moser, Moreno;&quot;,&quot;orientation&quot;:&quot;1&quot;}\" data-image-title=\"26-05-2016 Giro D&amp;#8217;italia; Tappa 18 Muggio &amp;#8211; Pinerolo; 2016, Etixx &amp;#8211; Quick Step; 2016, Cannondale; Brambilla, Gianluca; Moser, Moreno;\" data-image-description=\"\" data-image-caption=\"&lt;p&gt;26-05-2016 Giro D&amp;#8217;italia; Tappa 18 Muggio &amp;#8211; Pinerolo; 2016, Etixx &amp;#8211; Quick Step; 2016, Cannondale; Brambilla, Gianluca; Moser, Moreno;&lt;\/p&gt;\n\" data-large-file=\"https:\/\/i0.wp.com\/aynakol.org\/wp-content\/uploads\/2016\/05\/Giro2016_stage18_Gianluca_Brambilla_and_Moreno_Moser.jpg?fit=860%2C571\" class=\"wp-image-3489 size-full\" src=\"https:\/\/i0.wp.com\/aynakol.org\/wp-content\/uploads\/2016\/05\/Giro2016_stage18_Gianluca_Brambilla_and_Moreno_Moser.jpg?resize=860%2C571\" alt=\"26-05-2016 Giro D'italia; Tappa 18 Muggio - Pinerolo; 2016, Etixx - Quick Step; 2016, Cannondale; Brambilla, Gianluca; Moser, Moreno;\" width=\"860\" height=\"571\" srcset=\"https:\/\/i0.wp.com\/aynakol.org\/wp-content\/uploads\/2016\/05\/Giro2016_stage18_Gianluca_Brambilla_and_Moreno_Moser.jpg?w=1001 1001w, https:\/\/i0.wp.com\/aynakol.org\/wp-content\/uploads\/2016\/05\/Giro2016_stage18_Gianluca_Brambilla_and_Moreno_Moser.jpg?resize=300%2C199 300w, https:\/\/i0.wp.com\/aynakol.org\/wp-content\/uploads\/2016\/05\/Giro2016_stage18_Gianluca_Brambilla_and_Moreno_Moser.jpg?resize=768%2C510 768w\" sizes=\"auto, (max-width: 860px) 100vw, 860px\" \/><\/a><p id=\"caption-attachment-3489\" class=\"wp-caption-text\">Etab\u0131n ba\u015f\u0131nda olu\u015fan kalabal\u0131k ka\u00e7\u0131\u015f grubu i\u00e7inden atak yaparak liderli\u011fi ele alan Gianluca Brambilla ve Moreno Moser etab\u0131n sonuna dek birlikte \u00e7al\u0131\u015ft\u0131lar, ta ki son 300 metreye dek.<\/p><\/div>\n<p>&nbsp;<\/p>\n<p><span style=\"font-family: georgia, palatino, serif; font-size: 12pt;\">8. Etab\u0131 kazan\u0131p pembe mayoyu s\u0131rt\u0131na ge\u00e7iren Gianluca Brambilla ve Cannondale tak\u0131m\u0131n\u0131n \u0130talyan\u0131 Moreno Moser, g\u00fcn\u00fcn ka\u00e7\u0131\u015f grubu i\u00e7inden atak yap\u0131p liderli\u011fi ele alarak etaba gidiyorlard\u0131 ki, son metrelerde takip grubundan Matteo Trentin lider ikiliyi yakalad\u0131 ve son 200 metre inan\u0131lmaz f\u0131rlayarak etab\u0131 ald\u0131. Tak\u0131m arkada\u015f\u0131 Gianluca Brambilla, Moser&#8217;i uyutup, tak\u0131m arkada\u015f\u0131n\u0131n etab\u0131 kazanmas\u0131n\u0131 sa\u011flad\u0131.<\/span><\/p>\n<pre><b>18. Etap sonu\u00e7lar\u0131<\/b>\r\nITA  1  TRENTIN, Matteo (ETIXX - QUICK STEP)                     5:25:34\r\nITA  2  MOSER, Moreno (CANNONDALE)                               \r\nITA  3  BRAMBILLA, Gianluca (ETIXX - QUICK STEP)                 \r\nITA  4  MODOLO, Sacha (LAMPRE - MERIDA)                           +   20\r\nGER  5  ARNDT, Nikias (GIANT - ALPECIN)                           +   30\r\nRUS  6  ROVNY, Ivan (TINKOFF)                                     +   34\r\nITA  7  BUSATO, Matteo (WILIER TRIESTINA - SOUTHEAST)             + 1:10\r\nGER  8  KNEES, Christian (SKY)                                    + 1:16\r\nFRA  9  DOMONT, Axel (AG2R LA MONDIALE)                           + 1:24\r\nITA  10 MALACARNE, Davide (ASTANA)                                + 4:28<\/pre>\n<p>&nbsp;<\/p>\n<p><span style=\"font-family: georgia, palatino, serif; font-size: 14pt;\"><strong>Etab\u0131n \u00f6ne \u00e7\u0131kan anlar\u0131<\/strong><\/span><\/p>\n<p><iframe loading=\"lazy\" src=\"\/\/www.youtube.com\/embed\/zuXfr2acE7Q\" width=\"720\" height=\"439\" frameborder=\"0\" allowfullscreen=\"allowfullscreen\"><\/iframe><\/p>\n<p><span id=\"fbPhotoSnowliftCaption\" class=\"fbPhotosPhotoCaption\" style=\"font-family: georgia, palatino, serif; font-size: 12pt;\" tabindex=\"0\" data-ft=\"{&quot;tn&quot;:&quot;K&quot;}\"><span class=\"hasCaption\">Ka\u00e7\u0131\u015f grubuyla pelotonun aras\u0131ndaki fark\u0131n 13 dakika dolay\u0131nda oldu\u011fu etapta favoriler bu sonuca raz\u0131 oldu\u011fundan etab\u0131 ka\u00e7aklara b\u0131rak\u0131rken s\u00fcrekli birbirilerini kollad\u0131lar. <\/span><\/span><\/p>\n<p><span id=\"fbPhotoSnowliftCaption\" class=\"fbPhotosPhotoCaption\" tabindex=\"0\" data-ft=\"{&quot;tn&quot;:&quot;K&quot;}\"><span class=\"hasCaption\"><span style=\"font-family: georgia, palatino, serif; font-size: 12pt;\">Ne zaman ki ka\u00e7\u0131\u015f grubu\u00a0<strong><a href=\"http:\/\/static2.giroditalia.it\/wp-content\/uploads\/2016\/02\/PW_T18_S02_Acaja-2.jpg\" target=\"_blank\">San Maurizio t\u0131rman\u0131\u015f\u0131na<\/a><\/strong>\u00a0ba\u015flad\u0131 o vakit ataklar geldi ve ka\u00e7\u0131\u015flar oldu, grup da\u011f\u0131ld\u0131, geride kalanlar bir anda kendilerini takip grubu i\u00e7inde buldu. Brambilla ve Moser birlikte \u00e7al\u0131\u015f\u0131p San Maurizio t\u0131rman\u0131\u015f\u0131na bir daha ba\u015flay\u0131p birbirilerini silkelemeye ba\u015flad\u0131\u011f\u0131nda arkadaki en yak\u0131n takip grubunda oyunu bozan Matteo Trentin oldu. Sprint d\u00fczl\u00fc\u011f\u00fcnde Moser&#8217;in arkas\u0131na ge\u00e7en Brambilla temposunu d\u00fc\u015f\u00fcrerek Moser&#8217;in uyumas\u0131n\u0131 sa\u011flad\u0131 ve b\u00f6ylece tak\u0131m arkada\u015f\u0131 Matteo Trentin ikiliyi yakalay\u0131p ge\u00e7ti ve zafere pedallad\u0131.<\/span>\u00a0<\/span><\/span><\/p>\n<pre><b>18. Etap sonras\u0131 genel klasman\r\n<\/b><span style=\"background-color: #ff99cc;\"><strong>NED  1  KRUIJSWIJK, Steven (LOTTO NL - JUMBO)           73:50:37\r\n<\/strong><\/span>COL  2  CHAVES RUBIO, Johan Esteban (ORICA GreenEDGE)    +  3:00\r\nESP  3  VALVERDE BELMONTE, Alejandro (MOVISTAR)          +  3:23\r\nITA  4  NIBALI, Vincenzo (ASTANA)                        +  4:43\r\nRUS  5  ZAKARIN, Ilnur (KATUSHA)                         +  4:50\r\nPOL  6  MAJKA, Rafal (TINKOFF)                           +  5:34\r\nLUX  7  JUNGELS, Bob (ETIXX - QUICK STEP)                +  7:57\r\nCRC  8  AMADOR BIKKAZAKOVA, Andrey (MOVISTAR)            +  8:53\r\nITA  9  POZZOVIVO, Domenico (AG2R LA MONDIALE)           + 10:05\r\nBLR  10 SIUTSOU, Kanstantsin (DIMENSION DATA)            + 11:15<\/pre>\n<p><span id=\"fbPhotoSnowliftCaption\" class=\"fbPhotosPhotoCaption\" tabindex=\"0\" data-ft=\"{&quot;tn&quot;:&quot;K&quot;}\"><span class=\"hasCaption\"><span style=\"font-size: 12pt; font-family: georgia, palatino, serif;\">Favoriler ise biti\u015f \u00e7izgisinden 13&#8217;24&#8221; dakika sonra ge\u00e7erken Valverde&#8217;nin sprint d\u00fczl\u00fc\u011f\u00fcnde atak yap\u0131p bir iki saniye \u00e7alma giri\u015fimlerini Kruijswijk her zamanki gibi engelledi. Pembe mayo g\u00fcn\u00fcn sonunda yine Kruijswijk&#8217;in s\u0131rt\u0131nda!<\/span><\/span><\/span><\/p>\n<p>&nbsp;<\/p>\n<div class=\"fbPhotoCaption fbPhotoAlbumHeaderText\"><span id=\"fbPhotoSnowliftCaption\" class=\"fbPhotosPhotoCaption\" style=\"font-family: georgia, palatino, serif; font-size: 14pt;\" tabindex=\"0\" data-ft=\"{&quot;tn&quot;:&quot;K&quot;}\"><span class=\"hasCaption\"><span id=\"fbPhotoSnowliftCaption\" class=\"fbPhotosPhotoCaption\" tabindex=\"0\" data-ft=\"{&quot;tn&quot;:&quot;K&quot;}\"><span class=\"hasCaption\"><strong>17. Etap sonras\u0131 daha fazla bilgi i\u00e7in:<\/strong><\/span><\/span><\/span><\/span><\/div>\n<ul>\n<li class=\"fbPhotoCaption fbPhotoAlbumHeaderText\"><span style=\"font-family: georgia, palatino, serif; font-size: 12pt;\">Ek\u015fi S\u00f6zl\u00fck yazar\u0131 Zeddicus zu l Zorender\u2019in kaleminden <a href=\"https:\/\/eksisozluk.com\/entry\/60758240\" target=\"_blank\">18. etap<\/a><\/span><\/li>\n<li class=\"fbPhotoCaption fbPhotoAlbumHeaderText\"><span style=\"font-family: georgia, palatino, serif; font-size: 12pt;\">S\u0131ral\u0131 tam liste: <a href=\"http:\/\/www.procyclingstats.com\/race\/Giro_Italia_2016_Stage_18_Pinerolo\" target=\"_blank\">ProCycligngStats.com<\/a><\/span><\/li>\n<li class=\"fbPhotoCaption fbPhotoAlbumHeaderText\"><span style=\"font-family: georgia, palatino, serif; font-size: 12pt;\">Resmi siteden de \u00f6nce detayl\u0131 bilgi: <a href=\"http:\/\/www.steephill.tv\/giro-d-italia\/#18-results-2016\" target=\"_blank\">SteepHill.TV<\/a><\/span><\/li>\n<li class=\"fbPhotoCaption fbPhotoAlbumHeaderText\"><span style=\"font-family: georgia, palatino, serif; font-size: 12pt;\">Etaptan <a href=\"http:\/\/www.steephill.tv\/2016\/giro-d-italia\/photos\/stage-18\/\" target=\"_blank\">foto\u011fraflar<\/a>: <a href=\"http:\/\/velonews.competitor.com\/2016\/05\/gallery\/gallery-2016-giro-ditalia-stage-18_407531\" target=\"_blank\">VeloNews<\/a><\/span><\/li>\n<\/ul>\n<p>&nbsp;<\/p>\n","protected":false},"excerpt":{"rendered":"<p>D\u00fcnk\u00fc etapta neler olmu\u015ftu? Etab\u0131 kazanan Roger Kluge&#8217;nin bile kendisine inanamad\u0131\u011f\u0131 bir son izledik 17. etapta. Da\u011flardan sa\u011f \u00e7\u0131k\u0131p da sadece bu etap i\u00e7in kalan [&#8230;]<\/p>\n","protected":false},"author":1,"featured_media":3483,"comment_status":"open","ping_status":"open","sticky":false,"template":"","format":"standard","meta":{"jetpack_post_was_ever_published":false,"_jetpack_newsletter_access":"","_jetpack_dont_email_post_to_subs":false,"_jetpack_newsletter_tier_id":0,"_jetpack_memberships_contains_paywalled_content":false,"_jetpack_memberships_contains_paid_content":false,"footnotes":"","jetpack_publicize_message":"G\u00f6r\u00fcn\u00fc\u015f itibariyle d\u00fcz ba\u015flayan 18. etab\u0131n (ilk 170 km d\u00fcmd\u00fcz) s\u00fcrprizi sonunda: Bitime 29 km kala ba\u015flayacak Pinerolo t\u0131rman\u0131\u015f\u0131nda genel klasmanda ilk 10 i\u00e7inde yer alan herhangi bir isim atak yapar da bunu etab\u0131n sonuna dek s\u00fcrd\u00fcr\u00fcr, \u00fczerine bir de yeterli zaman fark\u0131 yarat\u0131rsa her \u015fey tepetaklak olacak demektir! Pedallayarak okuyunuz!","jetpack_publicize_feature_enabled":true,"jetpack_social_post_already_shared":true,"jetpack_social_options":{"image_generator_settings":{"template":"highway","default_image_id":0,"font":"","enabled":false},"version":2}},"categories":[1239,92],"tags":[65,24,17,1261,1260,963,1263,1152,32,33,794,87,37,253,785,38,173,221,803,1258,1259,770,812,1265,1264,22,224,692,28,1262,1010,30,223],"class_list":["post-3480","post","type-post","status-publish","format-standard","has-post-thumbnail","hentry","category-giro-ditalia","category-grand","tag-alejandro-valverde","tag-astana","tag-bisiklet-turu","tag-diego-ulissi","tag-dominiano-cunego","tag-esteban-chaves","tag-fausto-coppi","tag-gianluca-brambilla","tag-giro","tag-giro-ditalia","tag-girotr","tag-grand-tour","tag-grand-tours","tag-iam-cycling","tag-ilnur-zakarin","tag-italya","tag-italya-bisiklet-turu","tag-katusha","tag-lottonl-jumbo","tag-maglia-azurra","tag-maglia-biancha","tag-maglia-rosa","tag-maglia-rossa","tag-matteo-trentin","tag-moreno-moser","tag-movistar","tag-nibali","tag-orica-greenedge","tag-rafal-majka","tag-roger-kluge","tag-steven-kruijswijk","tag-tinkoff","tag-vincenzo-nibali"],"jetpack_publicize_connections":[],"jetpack_featured_media_url":"https:\/\/i0.wp.com\/aynakol.org\/wp-content\/uploads\/2016\/05\/Giro2016_posters_1_crop.jpg?fit=531%2C424","jetpack_sharing_enabled":true,"jetpack_shortlink":"https:\/\/wp.me\/p51p4O-U8","jetpack_likes_enabled":true,"jetpack-related-posts":[{"id":3472,"url":"http:\/\/aynakol.org\/?p=3472","url_meta":{"origin":3480,"position":0},"title":"Giro2016 17. Etap: Molveno \u2192 Cassano d&#8217;Adda, 196 km","author":"Ayd\u0131n Bez","date":"25 May\u0131s 2016","format":false,"excerpt":"D\u00fcnk\u00fc etapta neler olmu\u015ftu? Nibali'nin silkelendi\u011fi Valverde'nin anka ku\u015fu misali k\u00fcllerinden yeniden do\u011fdu\u011fu etap sonunda Alejandro Valverde etap zaferiyle birlikte genel klasman m\u00fccadelesinde \u00fc\u00e7\u00fcnc\u00fc s\u0131raya y\u00fckselmi\u015fti. Pembe mayo Steven Kruijswijk ise favorilerden gelen her t\u00fcrl\u00fc ata\u011fa kar\u015f\u0131 tek ba\u015f\u0131na m\u00fccadele ederek aray\u0131 iyice a\u00e7\u0131p konumunu sa\u011flamla\u015ft\u0131rd\u0131.\u00a0 \u00a0 Etap incelemesi Brenta\u2026","rel":"","context":"&quot;Giro d'Italia&quot; i\u00e7inde","block_context":{"text":"Giro d'Italia","link":"http:\/\/aynakol.org\/?cat=1239"},"img":{"alt_text":"","src":"https:\/\/i0.wp.com\/aynakol.org\/wp-content\/uploads\/2016\/05\/13246441_822506677883962_4991749213029151587_o.jpg?fit=1200%2C642&resize=350%2C200","width":350,"height":200,"srcset":"https:\/\/i0.wp.com\/aynakol.org\/wp-content\/uploads\/2016\/05\/13246441_822506677883962_4991749213029151587_o.jpg?fit=1200%2C642&resize=350%2C200 1x, https:\/\/i0.wp.com\/aynakol.org\/wp-content\/uploads\/2016\/05\/13246441_822506677883962_4991749213029151587_o.jpg?fit=1200%2C642&resize=525%2C300 1.5x, https:\/\/i0.wp.com\/aynakol.org\/wp-content\/uploads\/2016\/05\/13246441_822506677883962_4991749213029151587_o.jpg?fit=1200%2C642&resize=700%2C400 2x, https:\/\/i0.wp.com\/aynakol.org\/wp-content\/uploads\/2016\/05\/13246441_822506677883962_4991749213029151587_o.jpg?fit=1200%2C642&resize=1050%2C600 3x"},"classes":[]},{"id":3571,"url":"http:\/\/aynakol.org\/?p=3571","url_meta":{"origin":3480,"position":1},"title":"Giro2016 21. Etap: Cuneo \u2192 Torino, 163 km","author":"Ayd\u0131n Bez","date":"29 May\u0131s 2016","format":false,"excerpt":"Art\u0131k zafer turu atma zaman\u0131! Hollandadan ba\u015flay\u0131p \u00f6nce \u0130talyan\u0131n g\u00fcneyine, sonra yava\u015f yava\u015f kuzeyine ve en sonunda bat\u0131s\u0131na do\u011fru pedallad\u0131\u011f\u0131m\u0131z 21 g\u00fcn boyunca neler olmad\u0131 ki? Sprinter pedallar\u0131n bo\u015f ge\u00e7medi\u011fi etaplar d\u0131\u015f\u0131nda genel klasman favorilerinden Chaves'in 14,\u00a0Valverde'nin 16\u00a0ve Nibali'nin de 19. etab\u0131 kazand\u0131\u011f\u0131 Giro'da\u00a0ka\u00e7\u0131\u015f da bo\u015f ge\u00e7medi ve birbirinden g\u00fczel\u2026","rel":"","context":"&quot;Grand Tour&quot; i\u00e7inde","block_context":{"text":"Grand Tour","link":"http:\/\/aynakol.org\/?cat=92"},"img":{"alt_text":"","src":"https:\/\/i0.wp.com\/aynakol.org\/wp-content\/uploads\/2016\/05\/Ekran-G%C3%B6r%C3%BCnt%C3%BCs%C3%BC-2016-05-28-18-58-04.png?fit=755%2C424&resize=350%2C200","width":350,"height":200,"srcset":"https:\/\/i0.wp.com\/aynakol.org\/wp-content\/uploads\/2016\/05\/Ekran-G%C3%B6r%C3%BCnt%C3%BCs%C3%BC-2016-05-28-18-58-04.png?fit=755%2C424&resize=350%2C200 1x, https:\/\/i0.wp.com\/aynakol.org\/wp-content\/uploads\/2016\/05\/Ekran-G%C3%B6r%C3%BCnt%C3%BCs%C3%BC-2016-05-28-18-58-04.png?fit=755%2C424&resize=525%2C300 1.5x, https:\/\/i0.wp.com\/aynakol.org\/wp-content\/uploads\/2016\/05\/Ekran-G%C3%B6r%C3%BCnt%C3%BCs%C3%BC-2016-05-28-18-58-04.png?fit=755%2C424&resize=700%2C400 2x"},"classes":[]},{"id":3492,"url":"http:\/\/aynakol.org\/?p=3492","url_meta":{"origin":3480,"position":2},"title":"Giro2016 19. Etap: Pinerolo \u2192 Risoul, 162 km","author":"Ayd\u0131n Bez","date":"27 May\u0131s 2016","format":false,"excerpt":"D\u00fcnk\u00fc etapta neler oldu? Son 22 km'ye dek ola\u011fan bir ka\u00e7\u0131\u015f\u0131n ya\u015fand\u0131\u011f\u0131 etapta Etixx-QuickStep ak\u0131l dolu bir taktikle zafere uzanmas\u0131n\u0131 bildi: Gianluca Brambilla ve Moreno Moser'in sprint d\u00fczl\u00fc\u011f\u00fcnde yava\u015flamas\u0131yla takip grubundan atak yap\u0131p lider ikiliyi yakalayan Matteo Trentin zafere pedallad\u0131. \u00a0 Etap hakk\u0131nda Torino kentinden Fransaya uzan\u0131yoruz; \u0130talyan Alpleri yetmemi\u015f\u2026","rel":"","context":"&quot;Giro d'Italia&quot; i\u00e7inde","block_context":{"text":"Giro d'Italia","link":"http:\/\/aynakol.org\/?cat=1239"},"img":{"alt_text":"","src":"https:\/\/i0.wp.com\/aynakol.org\/wp-content\/uploads\/2016\/05\/Giro2016_Stage19_Nibali.jpg?fit=960%2C640&resize=350%2C200","width":350,"height":200,"srcset":"https:\/\/i0.wp.com\/aynakol.org\/wp-content\/uploads\/2016\/05\/Giro2016_Stage19_Nibali.jpg?fit=960%2C640&resize=350%2C200 1x, https:\/\/i0.wp.com\/aynakol.org\/wp-content\/uploads\/2016\/05\/Giro2016_Stage19_Nibali.jpg?fit=960%2C640&resize=525%2C300 1.5x, https:\/\/i0.wp.com\/aynakol.org\/wp-content\/uploads\/2016\/05\/Giro2016_Stage19_Nibali.jpg?fit=960%2C640&resize=700%2C400 2x"},"classes":[]},{"id":3528,"url":"http:\/\/aynakol.org\/?p=3528","url_meta":{"origin":3480,"position":3},"title":"Giro2016 20. Etap: Guillestre \u2192 Sant&#8217;Anna di Vinadio, 134 km","author":"Ayd\u0131n Bez","date":"28 May\u0131s 2016","format":false,"excerpt":"D\u00fcnk\u00fc etapta neler olmu\u015ftu? Neler olmad\u0131 ki? Sonu kesin dedi\u011fimiz Giro'da Kruijswijk'in Colle Dell'Agnello ini\u015finde ya\u015fad\u0131\u011f\u0131 kaza sonras\u0131 kartlar yeniden da\u011f\u0131t\u0131ld\u0131... Etap zaferine Nibali uzan\u0131rken Esteban Chaves ise pembe mayoyu g\u00fcn\u00fcn sonunda s\u0131rt\u0131na ge\u00e7iriyordu! Etap\u00a0hakk\u0131nda Fransa topraklar\u0131ndan anavanata d\u00f6nme zaman\u0131...\u00a0Guillestre \u2192 Sant'Anna di Vinadio aras\u0131nda pedallanacak 134 km uzunlu\u011fundaki 20.\u2026","rel":"","context":"&quot;Giro d'Italia&quot; i\u00e7inde","block_context":{"text":"Giro d'Italia","link":"http:\/\/aynakol.org\/?cat=1239"},"img":{"alt_text":"","src":"https:\/\/i0.wp.com\/aynakol.org\/wp-content\/uploads\/2016\/05\/Giro2016_posters_1_crop.jpg?fit=531%2C424&resize=350%2C200","width":350,"height":200,"srcset":"https:\/\/i0.wp.com\/aynakol.org\/wp-content\/uploads\/2016\/05\/Giro2016_posters_1_crop.jpg?fit=531%2C424&resize=350%2C200 1x, https:\/\/i0.wp.com\/aynakol.org\/wp-content\/uploads\/2016\/05\/Giro2016_posters_1_crop.jpg?fit=531%2C424&resize=525%2C300 1.5x"},"classes":[]},{"id":3154,"url":"http:\/\/aynakol.org\/?p=3154","url_meta":{"origin":3480,"position":4},"title":"Giro2016 2. Etap: Arnhem \u2192 Nijmegen, 190 km","author":"Ayd\u0131n Bez","date":"6 May\u0131s 2016","format":false,"excerpt":"H\u00e2l\u00e2 Hollandaday\u0131z... Bireysel zamana kar\u015f\u0131 m\u00fccadelesi \u015feklinde pedallanan a\u00e7\u0131l\u0131\u015f\u00a0etab\u0131nda zafer Tom Dumoulin'in olmu\u015ftu, haliyle bug\u00fcnk\u00fc ikinci etapta Maglia Rosa - Pembe Mayo da Dumoulin'in s\u0131rt\u0131nda olacak. Bir Hollandal\u0131n\u0131n, Hollanda da ba\u015flayan \u0130talya Bisiklet Turunda uzun zaman sonra Pembe Mayoyu giyinmesi biti\u015f alan\u0131nda co\u015fkun bir seyirci kalabal\u0131\u011f\u0131na yol a\u00e7aca\u011f\u0131 kesin. Peloton\u2026","rel":"","context":"&quot;Giro d'Italia&quot; i\u00e7inde","block_context":{"text":"Giro d'Italia","link":"http:\/\/aynakol.org\/?cat=1239"},"img":{"alt_text":"","src":"https:\/\/i0.wp.com\/aynakol.org\/wp-content\/uploads\/2016\/05\/Giro2016_stage2_winner_Marcel_Kittel-1-e1462653143586.jpg?fit=970%2C510&resize=350%2C200","width":350,"height":200,"srcset":"https:\/\/i0.wp.com\/aynakol.org\/wp-content\/uploads\/2016\/05\/Giro2016_stage2_winner_Marcel_Kittel-1-e1462653143586.jpg?fit=970%2C510&resize=350%2C200 1x, https:\/\/i0.wp.com\/aynakol.org\/wp-content\/uploads\/2016\/05\/Giro2016_stage2_winner_Marcel_Kittel-1-e1462653143586.jpg?fit=970%2C510&resize=525%2C300 1.5x, https:\/\/i0.wp.com\/aynakol.org\/wp-content\/uploads\/2016\/05\/Giro2016_stage2_winner_Marcel_Kittel-1-e1462653143586.jpg?fit=970%2C510&resize=700%2C400 2x"},"classes":[]},{"id":6627,"url":"http:\/\/aynakol.org\/?p=6627","url_meta":{"origin":3480,"position":5},"title":"Giro2021 11. Etap: Perugia \u2192 Montalcino, 163 km","author":"Ayd\u0131n Bez","date":"19 May\u0131s 2021","format":false,"excerpt":"D\u00fcnk\u00fc etapta neler olmu\u015ftu? Peter Sagan\u0131n tertemiz bir sprint ile rakiplerini alt edip zafere uzand\u0131\u011f\u0131 10. etapta peki bir \u015fey olmad\u0131 desek yeridir... Egan Bernalin 9. etap zaferiyle s\u0131rt\u0131na ge\u00e7irdi\u011fi Maglia Rosa ile dinlenme g\u00fcn\u00fcne girmesiyle 10 g\u00fcnl\u00fck pedal maratonuna k\u0131sa bir ara verdik. Son 1 km \u00a0 Dinlenme g\u00fcn\u00fc\u2026","rel":"","context":"&quot;Giro d'Italia&quot; i\u00e7inde","block_context":{"text":"Giro d'Italia","link":"http:\/\/aynakol.org\/?cat=1239"},"img":{"alt_text":"","src":"https:\/\/i0.wp.com\/aynakol.org\/wp-content\/uploads\/2021\/05\/Stage_peloton2-e1621365293254.jpg?fit=1200%2C529&resize=350%2C200","width":350,"height":200,"srcset":"https:\/\/i0.wp.com\/aynakol.org\/wp-content\/uploads\/2021\/05\/Stage_peloton2-e1621365293254.jpg?fit=1200%2C529&resize=350%2C200 1x, https:\/\/i0.wp.com\/aynakol.org\/wp-content\/uploads\/2021\/05\/Stage_peloton2-e1621365293254.jpg?fit=1200%2C529&resize=525%2C300 1.5x, https:\/\/i0.wp.com\/aynakol.org\/wp-content\/uploads\/2021\/05\/Stage_peloton2-e1621365293254.jpg?fit=1200%2C529&resize=700%2C400 2x, https:\/\/i0.wp.com\/aynakol.org\/wp-content\/uploads\/2021\/05\/Stage_peloton2-e1621365293254.jpg?fit=1200%2C529&resize=1050%2C600 3x"},"classes":[]}],"_links":{"self":[{"href":"http:\/\/aynakol.org\/index.php?rest_route=\/wp\/v2\/posts\/3480","targetHints":{"allow":["GET"]}}],"collection":[{"href":"http:\/\/aynakol.org\/index.php?rest_route=\/wp\/v2\/posts"}],"about":[{"href":"http:\/\/aynakol.org\/index.php?rest_route=\/wp\/v2\/types\/post"}],"author":[{"embeddable":true,"href":"http:\/\/aynakol.org\/index.php?rest_route=\/wp\/v2\/users\/1"}],"replies":[{"embeddable":true,"href":"http:\/\/aynakol.org\/index.php?rest_route=%2Fwp%2Fv2%2Fcomments&post=3480"}],"version-history":[{"count":5,"href":"http:\/\/aynakol.org\/index.php?rest_route=\/wp\/v2\/posts\/3480\/revisions"}],"predecessor-version":[{"id":3491,"href":"http:\/\/aynakol.org\/index.php?rest_route=\/wp\/v2\/posts\/3480\/revisions\/3491"}],"wp:featuredmedia":[{"embeddable":true,"href":"http:\/\/aynakol.org\/index.php?rest_route=\/wp\/v2\/media\/3483"}],"wp:attachment":[{"href":"http:\/\/aynakol.org\/index.php?rest_route=%2Fwp%2Fv2%2Fmedia&parent=3480"}],"wp:term":[{"taxonomy":"category","embeddable":true,"href":"http:\/\/aynakol.org\/index.php?rest_route=%2Fwp%2Fv2%2Fcategories&post=3480"},{"taxonomy":"post_tag","embeddable":true,"href":"http:\/\/aynakol.org\/index.php?rest_route=%2Fwp%2Fv2%2Ftags&post=3480"}],"curies":[{"name":"wp","href":"https:\/\/api.w.org\/{rel}","templated":true}]}}