{"id":3528,"date":"2016-05-28T10:10:44","date_gmt":"2016-05-28T07:10:44","guid":{"rendered":"http:\/\/aynakol.org\/?p=3528"},"modified":"2016-05-28T22:07:23","modified_gmt":"2016-05-28T19:07:23","slug":"giro2016-20-etap-guillestre-%e2%86%92-santanna-di-vinadio-134-km","status":"publish","type":"post","link":"http:\/\/aynakol.org\/?p=3528","title":{"rendered":"Giro2016 20. Etap: Guillestre \u2192 Sant&#8217;Anna di Vinadio, 134 km"},"content":{"rendered":"<p><span style=\"font-family: georgia, palatino, serif; font-size: 12pt;\"><a href=\"http:\/\/aynakol.org\/?p=3492\" target=\"_blank\"><strong>D\u00fcnk\u00fc etapta neler olmu\u015ftu?<\/strong><\/a><\/span><\/p>\n<p><span style=\"font-family: georgia, palatino, serif; font-size: 12pt;\">Neler olmad\u0131 ki? Sonu kesin dedi\u011fimiz Giro&#8217;da Kruijswijk&#8217;in Colle Dell&#8217;Agnello ini\u015finde ya\u015fad\u0131\u011f\u0131 kaza sonras\u0131 kartlar yeniden da\u011f\u0131t\u0131ld\u0131&#8230; Etap zaferine Nibali uzan\u0131rken Esteban Chaves ise pembe mayoyu g\u00fcn\u00fcn sonunda s\u0131rt\u0131na ge\u00e7iriyordu!<\/span><\/p>\n<div id=\"attachment_3521\" style=\"width: 920px\" class=\"wp-caption aligncenter\"><a href=\"https:\/\/i0.wp.com\/aynakol.org\/wp-content\/uploads\/2016\/05\/Giro2016_stage19_Nibali_CHaves_Kruijswijk.jpg\"><img data-recalc-dims=\"1\" loading=\"lazy\" decoding=\"async\" aria-describedby=\"caption-attachment-3521\" data-attachment-id=\"3521\" data-permalink=\"http:\/\/aynakol.org\/?attachment_id=3521\" data-orig-file=\"https:\/\/i0.wp.com\/aynakol.org\/wp-content\/uploads\/2016\/05\/Giro2016_stage19_Nibali_CHaves_Kruijswijk-e1464461108868.jpg?fit=910%2C582\" data-orig-size=\"910,582\" data-comments-opened=\"1\" data-image-meta=\"{&quot;aperture&quot;:&quot;7.1&quot;,&quot;credit&quot;:&quot;TDW&quot;,&quot;camera&quot;:&quot;NIKON D4S&quot;,&quot;caption&quot;:&quot;Estaban Chavez attacked on the slopes of Collle dell&#039;Agnello drawing out Kruijswijk and Nibali. Photo: Tim De Waele | &lt;a href=\\&quot;http:\/\/www.tdwsport.com\\&quot; target=\\&quot;_blank\\&quot;&gt;TDWsport.com&lt;\/a&gt;&quot;,&quot;created_timestamp&quot;:&quot;1464363476&quot;,&quot;copyright&quot;:&quot;2016 Tim de Waele&quot;,&quot;focal_length&quot;:&quot;112&quot;,&quot;iso&quot;:&quot;320&quot;,&quot;shutter_speed&quot;:&quot;0.0015625&quot;,&quot;title&quot;:&quot;2016 Giro d&#039;Italia, stage 19: High mountain attacks&quot;,&quot;orientation&quot;:&quot;1&quot;}\" data-image-title=\"2016 Giro d&amp;#8217;Italia, stage 19: High mountain attacks\" data-image-description=\"\" data-image-caption=\"&lt;p&gt;Estaban Chavez attacked on the slopes of Collle dell&amp;#8217;Agnello drawing out Kruijswijk and Nibali. Photo: Tim De Waele | &lt;a href=&quot;http:\/\/www.tdwsport.com&quot; target=&quot;_blank&quot;&gt;TDWsport.com&lt;\/a&gt;&lt;\/p&gt;\n\" data-large-file=\"https:\/\/i0.wp.com\/aynakol.org\/wp-content\/uploads\/2016\/05\/Giro2016_stage19_Nibali_CHaves_Kruijswijk-e1464461108868.jpg?fit=860%2C550\" class=\"wp-image-3521 size-full\" src=\"https:\/\/i0.wp.com\/aynakol.org\/wp-content\/uploads\/2016\/05\/Giro2016_stage19_Nibali_CHaves_Kruijswijk-e1464461108868.jpg?resize=860%2C550\" alt=\"Estaban Chavez attacked on the slopes of Collle dell'Agnello drawing out Kruijswijk and Nibali. Photo: Tim De Waele | TDWsport.com\" width=\"860\" height=\"550\" srcset=\"https:\/\/i0.wp.com\/aynakol.org\/wp-content\/uploads\/2016\/05\/Giro2016_stage19_Nibali_CHaves_Kruijswijk-e1464461108868.jpg?w=910 910w, https:\/\/i0.wp.com\/aynakol.org\/wp-content\/uploads\/2016\/05\/Giro2016_stage19_Nibali_CHaves_Kruijswijk-e1464461108868.jpg?resize=300%2C192 300w, https:\/\/i0.wp.com\/aynakol.org\/wp-content\/uploads\/2016\/05\/Giro2016_stage19_Nibali_CHaves_Kruijswijk-e1464461108868.jpg?resize=768%2C491 768w\" sizes=\"auto, (max-width: 860px) 100vw, 860px\" \/><\/a><p id=\"caption-attachment-3521\" class=\"wp-caption-text\"><span style=\"font-family: georgia, palatino, serif; font-size: 12pt;\">Estaban Chavez attacked on the slopes of Collle dell&#8217;Agnello drawing out Kruijswijk and Nibali. Photo: Tim De Waele | <a href=\"http:\/\/www.tdwsport.com\" target=\"_blank\">TDWsport.com<\/a><\/span><\/p><\/div>\n<p><span style=\"font-family: georgia, palatino, serif; font-size: 12pt;\"><strong>Etap\u00a0hakk\u0131nda<\/strong><\/span><\/p>\n<p><span style=\"font-family: georgia, palatino, serif; font-size: 12pt;\">Fransa topraklar\u0131ndan anavanata d\u00f6nme zaman\u0131&#8230;\u00a0Guillestre \u2192 Sant&#8217;Anna di Vinadio aras\u0131nda pedallanacak 134 km uzunlu\u011fundaki 20. etap pembe mayonun da kaderini belirleyecek. Zira mayo h\u00e2l\u00e2 ilk \u00fc\u00e7 s\u0131rada yer alan isimden birine gidebilir. Ancak d\u00fcnk\u00fc etab\u0131n ini\u015finde ge\u00e7irdi\u011fi kaza sonras\u0131 Steven Kruijswijk&#8217;\u0131n kaburgas\u0131nda k\u00fc\u00e7\u00fck de olsa bir \u00e7atlak olu\u015fmu\u015f ve etab\u0131 ac\u0131 i\u00e7inde istenilenden de k\u00f6t\u00fc bitirmesinin nedeni de buymu\u015f.\u00a0<\/span><\/p>\n<div id=\"attachment_3110\" style=\"width: 760px\" class=\"wp-caption aligncenter\"><a href=\"https:\/\/i0.wp.com\/aynakol.org\/wp-content\/uploads\/2016\/05\/Giro2016_stage20_profile.jpg\"><img data-recalc-dims=\"1\" loading=\"lazy\" decoding=\"async\" aria-describedby=\"caption-attachment-3110\" data-attachment-id=\"3110\" data-permalink=\"http:\/\/aynakol.org\/?attachment_id=3110\" data-orig-file=\"https:\/\/i0.wp.com\/aynakol.org\/wp-content\/uploads\/2016\/05\/Giro2016_stage20_profile.jpg?fit=750%2C543\" data-orig-size=\"750,543\" data-comments-opened=\"1\" data-image-meta=\"{&quot;aperture&quot;:&quot;0&quot;,&quot;credit&quot;:&quot;&quot;,&quot;camera&quot;:&quot;&quot;,&quot;caption&quot;:&quot;&quot;,&quot;created_timestamp&quot;:&quot;1459769138&quot;,&quot;copyright&quot;:&quot;&quot;,&quot;focal_length&quot;:&quot;0&quot;,&quot;iso&quot;:&quot;0&quot;,&quot;shutter_speed&quot;:&quot;0&quot;,&quot;title&quot;:&quot;T15_MadonnaDC_2_alt&quot;,&quot;orientation&quot;:&quot;1&quot;}\" data-image-title=\"T15_MadonnaDC_2_alt\" data-image-description=\"\" data-image-caption=\"\" data-large-file=\"https:\/\/i0.wp.com\/aynakol.org\/wp-content\/uploads\/2016\/05\/Giro2016_stage20_profile.jpg?fit=750%2C543\" class=\"wp-image-3110 size-full\" src=\"https:\/\/i0.wp.com\/aynakol.org\/wp-content\/uploads\/2016\/05\/Giro2016_stage20_profile.jpg?resize=750%2C543\" alt=\"T15_MadonnaDC_2_alt\" width=\"750\" height=\"543\" srcset=\"https:\/\/i0.wp.com\/aynakol.org\/wp-content\/uploads\/2016\/05\/Giro2016_stage20_profile.jpg?w=750 750w, https:\/\/i0.wp.com\/aynakol.org\/wp-content\/uploads\/2016\/05\/Giro2016_stage20_profile.jpg?resize=300%2C217 300w\" sizes=\"auto, (max-width: 750px) 100vw, 750px\" \/><\/a><p id=\"caption-attachment-3110\" class=\"wp-caption-text\">14. etapla birlikte 20. etap da Giro2016&#8217;n\u0131n krali\u00e7e etab\u0131 olarak adland\u0131r\u0131l\u0131yor.<\/p><\/div>\n<p>&nbsp;<\/p>\n<p><span style=\"font-family: georgia, palatino, serif; font-size: 12pt;\">123 km boyunca Fransa topraklar\u0131nda iki tam t\u0131rman\u0131\u015f, iki tam ini\u015f ve bir de yar\u0131m t\u0131rman\u0131\u015f pelotonun g\u00fcnl\u00fck men\u00fcs\u00fcnde&#8230; Kalan\u0131 ise \u0130talya s\u0131n\u0131r\u0131n\u0131n \u00f6te taraf\u0131nda. Asl\u0131nda Peloton g\u00fcn boyunca Fransa ve \u0130talya aras\u0131nda uzanan Alp s\u0131ra da\u011flar\u0131n\u0131n zirvelerinde \u00e7\u0131k\u0131p inecek; d\u00fcnk\u00fc etapta kar\u015f\u0131la\u015ft\u0131\u011f\u0131m\u0131z karlarla kapl\u0131, sisler bulvar\u0131na d\u00f6nm\u00fc\u015f yollar g\u00f6rmeye haz\u0131r olun.<\/span><\/p>\n<div id=\"attachment_3531\" style=\"width: 996px\" class=\"wp-caption aligncenter\"><a href=\"https:\/\/i0.wp.com\/aynakol.org\/wp-content\/uploads\/2016\/05\/Giro2016_stage20_1st_climb_Col_de_Vars.jpg\"><img data-recalc-dims=\"1\" loading=\"lazy\" decoding=\"async\" aria-describedby=\"caption-attachment-3531\" data-attachment-id=\"3531\" data-permalink=\"http:\/\/aynakol.org\/?attachment_id=3531\" data-orig-file=\"https:\/\/i0.wp.com\/aynakol.org\/wp-content\/uploads\/2016\/05\/Giro2016_stage20_1st_climb_Col_de_Vars.jpg?fit=986%2C666\" data-orig-size=\"986,666\" data-comments-opened=\"1\" data-image-meta=\"{&quot;aperture&quot;:&quot;0&quot;,&quot;credit&quot;:&quot;&quot;,&quot;camera&quot;:&quot;&quot;,&quot;caption&quot;:&quot;&quot;,&quot;created_timestamp&quot;:&quot;0&quot;,&quot;copyright&quot;:&quot;&quot;,&quot;focal_length&quot;:&quot;0&quot;,&quot;iso&quot;:&quot;0&quot;,&quot;shutter_speed&quot;:&quot;0&quot;,&quot;title&quot;:&quot;S05_Valcava_3D&quot;,&quot;orientation&quot;:&quot;1&quot;}\" data-image-title=\"S05_Valcava_3D\" data-image-description=\"\" data-image-caption=\"\" data-large-file=\"https:\/\/i0.wp.com\/aynakol.org\/wp-content\/uploads\/2016\/05\/Giro2016_stage20_1st_climb_Col_de_Vars.jpg?fit=860%2C581\" class=\"wp-image-3531 size-full\" src=\"https:\/\/i0.wp.com\/aynakol.org\/wp-content\/uploads\/2016\/05\/Giro2016_stage20_1st_climb_Col_de_Vars.jpg?resize=860%2C581\" alt=\"S05_Valcava_3D\" width=\"860\" height=\"581\" srcset=\"https:\/\/i0.wp.com\/aynakol.org\/wp-content\/uploads\/2016\/05\/Giro2016_stage20_1st_climb_Col_de_Vars.jpg?w=986 986w, https:\/\/i0.wp.com\/aynakol.org\/wp-content\/uploads\/2016\/05\/Giro2016_stage20_1st_climb_Col_de_Vars.jpg?resize=300%2C203 300w, https:\/\/i0.wp.com\/aynakol.org\/wp-content\/uploads\/2016\/05\/Giro2016_stage20_1st_climb_Col_de_Vars.jpg?resize=768%2C519 768w\" sizes=\"auto, (max-width: 860px) 100vw, 860px\" \/><\/a><p id=\"caption-attachment-3531\" class=\"wp-caption-text\">Col de Vars, kendisinden sonra t\u0131rman\u0131lacak da\u011f ge\u00e7itleri kadar ac\u0131mas\u0131z de\u011fil, zira hi\u00e7 olmazsa aralarda soluklanmak i\u00e7in e\u011fimin azald\u0131\u011f\u0131 noktalar var.<\/p><\/div>\n<p>&nbsp;<\/p>\n<p><span style=\"font-family: georgia, palatino, serif; font-size: 12pt;\">Etap ba\u015flar ba\u015flamaz t\u0131rman\u0131\u015f da ba\u015fl\u0131yor. Cat1 s\u0131n\u0131f\u0131 Col de Vars 18.2 km uzunlu\u011funda ve ortalama e\u011fimi %7 \u00fczerinde; arada e\u011fimin hafifleyip %3 civar\u0131na d\u00fc\u015ft\u00fc\u011f\u00fc anlar ise can simidi olacakt\u0131r peloton i\u00e7in.<\/span><\/p>\n<div id=\"attachment_3530\" style=\"width: 996px\" class=\"wp-caption aligncenter\"><a href=\"https:\/\/i0.wp.com\/aynakol.org\/wp-content\/uploads\/2016\/05\/Giro2016_stage20_2nd_climb_Col_de_la_Bonette.jpg\"><img data-recalc-dims=\"1\" loading=\"lazy\" decoding=\"async\" aria-describedby=\"caption-attachment-3530\" data-attachment-id=\"3530\" data-permalink=\"http:\/\/aynakol.org\/?attachment_id=3530\" data-orig-file=\"https:\/\/i0.wp.com\/aynakol.org\/wp-content\/uploads\/2016\/05\/Giro2016_stage20_2nd_climb_Col_de_la_Bonette.jpg?fit=986%2C666\" data-orig-size=\"986,666\" data-comments-opened=\"1\" data-image-meta=\"{&quot;aperture&quot;:&quot;0&quot;,&quot;credit&quot;:&quot;&quot;,&quot;camera&quot;:&quot;&quot;,&quot;caption&quot;:&quot;&quot;,&quot;created_timestamp&quot;:&quot;0&quot;,&quot;copyright&quot;:&quot;&quot;,&quot;focal_length&quot;:&quot;0&quot;,&quot;iso&quot;:&quot;0&quot;,&quot;shutter_speed&quot;:&quot;0&quot;,&quot;title&quot;:&quot;S05_Valcava_3D&quot;,&quot;orientation&quot;:&quot;1&quot;}\" data-image-title=\"S05_Valcava_3D\" data-image-description=\"\" data-image-caption=\"\" data-large-file=\"https:\/\/i0.wp.com\/aynakol.org\/wp-content\/uploads\/2016\/05\/Giro2016_stage20_2nd_climb_Col_de_la_Bonette.jpg?fit=860%2C581\" class=\"wp-image-3530 size-full\" src=\"https:\/\/i0.wp.com\/aynakol.org\/wp-content\/uploads\/2016\/05\/Giro2016_stage20_2nd_climb_Col_de_la_Bonette.jpg?resize=860%2C581\" alt=\"S05_Valcava_3D\" width=\"860\" height=\"581\" srcset=\"https:\/\/i0.wp.com\/aynakol.org\/wp-content\/uploads\/2016\/05\/Giro2016_stage20_2nd_climb_Col_de_la_Bonette.jpg?w=986 986w, https:\/\/i0.wp.com\/aynakol.org\/wp-content\/uploads\/2016\/05\/Giro2016_stage20_2nd_climb_Col_de_la_Bonette.jpg?resize=300%2C203 300w, https:\/\/i0.wp.com\/aynakol.org\/wp-content\/uploads\/2016\/05\/Giro2016_stage20_2nd_climb_Col_de_la_Bonette.jpg?resize=768%2C519 768w\" sizes=\"auto, (max-width: 860px) 100vw, 860px\" \/><\/a><p id=\"caption-attachment-3530\" class=\"wp-caption-text\">G\u00fcn\u00fcn ikinci t\u0131rman\u0131\u015f\u0131 Col de la Bonette s\u00fcrekli bir \u00e7\u0131k\u0131\u015f ve ayn\u0131 \u015fekilde teknik bir ini\u015fe ev sahipli\u011fi yap\u0131yor.<\/p><\/div>\n<p><span style=\"font-family: georgia, palatino, serif; font-size: 12pt;\">G\u00fcn\u00fcn ikinci t\u0131rman\u0131\u015f\u0131 Col de la Bonette ise fazlas\u0131yla uzun: 22.2 km ve ortalama e\u011fimi istikrarl\u0131 bir \u015fekilde %7&#8230; Kimse buray\u0131 tek ba\u015f\u0131na \u00e7\u0131kmak\u00a0ve bir o kadar uzun ini\u015fini de tek ba\u015f\u0131na ge\u00e7mek istemeyecektir. Atak g\u00f6rebilir miyiz burada, erken, \u00e7ok erken. Zira daha Colle della Lombarda t\u0131rman\u0131\u015f\u0131 var!<\/span><\/p>\n<div id=\"attachment_3529\" style=\"width: 996px\" class=\"wp-caption aligncenter\"><a href=\"https:\/\/i0.wp.com\/aynakol.org\/wp-content\/uploads\/2016\/05\/Giro2016_stage20_3rd_climb_Col_de_la_Lombarda.jpg\"><img data-recalc-dims=\"1\" loading=\"lazy\" decoding=\"async\" aria-describedby=\"caption-attachment-3529\" data-attachment-id=\"3529\" data-permalink=\"http:\/\/aynakol.org\/?attachment_id=3529\" data-orig-file=\"https:\/\/i0.wp.com\/aynakol.org\/wp-content\/uploads\/2016\/05\/Giro2016_stage20_3rd_climb_Col_de_la_Lombarda.jpg?fit=986%2C666\" data-orig-size=\"986,666\" data-comments-opened=\"1\" data-image-meta=\"{&quot;aperture&quot;:&quot;0&quot;,&quot;credit&quot;:&quot;&quot;,&quot;camera&quot;:&quot;&quot;,&quot;caption&quot;:&quot;&quot;,&quot;created_timestamp&quot;:&quot;0&quot;,&quot;copyright&quot;:&quot;&quot;,&quot;focal_length&quot;:&quot;0&quot;,&quot;iso&quot;:&quot;0&quot;,&quot;shutter_speed&quot;:&quot;0&quot;,&quot;title&quot;:&quot;S05_Valcava_3D&quot;,&quot;orientation&quot;:&quot;1&quot;}\" data-image-title=\"S05_Valcava_3D\" data-image-description=\"\" data-image-caption=\"\" data-large-file=\"https:\/\/i0.wp.com\/aynakol.org\/wp-content\/uploads\/2016\/05\/Giro2016_stage20_3rd_climb_Col_de_la_Lombarda.jpg?fit=860%2C581\" class=\"wp-image-3529 size-full\" src=\"https:\/\/i0.wp.com\/aynakol.org\/wp-content\/uploads\/2016\/05\/Giro2016_stage20_3rd_climb_Col_de_la_Lombarda.jpg?resize=860%2C581\" alt=\"S05_Valcava_3D\" width=\"860\" height=\"581\" srcset=\"https:\/\/i0.wp.com\/aynakol.org\/wp-content\/uploads\/2016\/05\/Giro2016_stage20_3rd_climb_Col_de_la_Lombarda.jpg?w=986 986w, https:\/\/i0.wp.com\/aynakol.org\/wp-content\/uploads\/2016\/05\/Giro2016_stage20_3rd_climb_Col_de_la_Lombarda.jpg?resize=300%2C203 300w, https:\/\/i0.wp.com\/aynakol.org\/wp-content\/uploads\/2016\/05\/Giro2016_stage20_3rd_climb_Col_de_la_Lombarda.jpg?resize=768%2C519 768w\" sizes=\"auto, (max-width: 860px) 100vw, 860px\" \/><\/a><p id=\"caption-attachment-3529\" class=\"wp-caption-text\">Nihayet \u0130talya s\u0131n\u0131rlar\u0131 i\u00e7indeyiz&#8230; Colle Della Lombarda t\u0131rman\u0131\u015f\u0131, kendisinden \u00f6nceki Bonette da\u011f ge\u00e7idi ile neredeyse ayn\u0131: istikrarl\u0131 bir e\u011fim ve 2000 mt irtifa kazanc\u0131. Karla kapl\u0131 yol kenarlar\u0131 yine seyircilerle dolacakt\u0131r, bu kesin!<\/p><\/div>\n<p><span style=\"font-family: georgia, palatino, serif; font-size: 12pt;\">Yakla\u015f\u0131k 20 km uzunlu\u011fundaki Colle della Lombarda t\u0131rman\u0131\u015f\u0131 pek ala etab\u0131n sonuna ev sahipli\u011fi yapabilirdi bu haliyle ama RCS efendi uygun g\u00f6rmemi\u015f ki, biti\u015f \u00e7izgisini \u0130talya s\u0131n\u0131r\u0131n\u0131n biraz i\u00e7ine do\u011fru \u00e7ekmi\u015f&#8230; Ortalama e\u011fimi %8 ve \u00fczerinde seyreden Colle della Lombarda ger\u00e7ekten zor ve da\u011f ge\u00e7idinin zirvesi geride kal\u0131r kalmaz pembe mayo sava\u015f\u0131 ba\u015flayacak, hatta erken dahi ba\u015flayabilir, zira minik zaman farklar\u0131 i\u00e7in hesap kitap \u00f6nceden planl\u0131 yap\u0131lmal\u0131!<\/span><\/p>\n<div id=\"attachment_3109\" style=\"width: 535px\" class=\"wp-caption aligncenter\"><a href=\"https:\/\/i0.wp.com\/aynakol.org\/wp-content\/uploads\/2016\/05\/Giro2016_stage20_finish_profile.jpg\"><img data-recalc-dims=\"1\" loading=\"lazy\" decoding=\"async\" aria-describedby=\"caption-attachment-3109\" data-attachment-id=\"3109\" data-permalink=\"http:\/\/aynakol.org\/?attachment_id=3109\" data-orig-file=\"https:\/\/i0.wp.com\/aynakol.org\/wp-content\/uploads\/2016\/05\/Giro2016_stage20_finish_profile.jpg?fit=525%2C536\" data-orig-size=\"525,536\" data-comments-opened=\"1\" data-image-meta=\"{&quot;aperture&quot;:&quot;0&quot;,&quot;credit&quot;:&quot;&quot;,&quot;camera&quot;:&quot;&quot;,&quot;caption&quot;:&quot;&quot;,&quot;created_timestamp&quot;:&quot;1459720715&quot;,&quot;copyright&quot;:&quot;&quot;,&quot;focal_length&quot;:&quot;0&quot;,&quot;iso&quot;:&quot;0&quot;,&quot;shutter_speed&quot;:&quot;0&quot;,&quot;title&quot;:&quot;T21_Trieste_ukm&quot;,&quot;orientation&quot;:&quot;1&quot;}\" data-image-title=\"T21_Trieste_ukm\" data-image-description=\"\" data-image-caption=\"\" data-large-file=\"https:\/\/i0.wp.com\/aynakol.org\/wp-content\/uploads\/2016\/05\/Giro2016_stage20_finish_profile.jpg?fit=525%2C536\" class=\"wp-image-3109 size-full\" src=\"https:\/\/i0.wp.com\/aynakol.org\/wp-content\/uploads\/2016\/05\/Giro2016_stage20_finish_profile.jpg?resize=525%2C536\" alt=\"T21_Trieste_ukm\" width=\"525\" height=\"536\" srcset=\"https:\/\/i0.wp.com\/aynakol.org\/wp-content\/uploads\/2016\/05\/Giro2016_stage20_finish_profile.jpg?w=525 525w, https:\/\/i0.wp.com\/aynakol.org\/wp-content\/uploads\/2016\/05\/Giro2016_stage20_finish_profile.jpg?resize=294%2C300 294w\" sizes=\"auto, (max-width: 525px) 100vw, 525px\" \/><\/a><p id=\"caption-attachment-3109\" class=\"wp-caption-text\">Ve g\u00fcn\u00fcn sonunda peloton Azize Anna \u015eapel, Mabedinde kutsanacak, \u00e7ektikleri onca ac\u0131 \u00f6d\u00fcllendirilecek&#8230;<\/p><\/div>\n<p><span style=\"font-family: georgia, palatino, serif; font-size: 12pt;\">G\u00fcn\u00fcn son t\u0131rman\u0131\u015f\u0131 ise Sant&#8217;anna di Vinadio, ayn\u0131 zamanda biti\u015f \u00e7izgisi de burada; 10 km kadar, dar ve teknik, bir ini\u015f ve sonras\u0131nda soluk almadan yeniden t\u0131rman\u0131\u015f&#8230; Burada pembe mayonun Azize Anna Mabedine uzanan firketelerle s\u00fcsl\u00fc yolda zafere do\u011fru t\u0131rmanmas\u0131n\u0131 g\u00f6rmek izleyen herkes i\u00e7in farkl\u0131 bir deneyim olacakt\u0131r.\u00a0<\/span><\/p>\n<p><span style=\"font-family: georgia, palatino, serif; font-size: 12pt;\"><strong>Daha fazlas\u0131 i\u00e7in:<\/strong><\/span><\/p>\n<ul>\n<li><span style=\"font-family: georgia, palatino, serif; font-size: 12pt;\">19. Etapta <a href=\"http:\/\/aynakol.org\/?p=3492\" target=\"_blank\">neler oldu?<\/a><\/span><\/li>\n<li><span style=\"font-family: georgia, palatino, serif; font-size: 12pt;\">Giro d\u2019Italia resmi sitesinden her y\u00f6n\u00fcyle <a href=\"http:\/\/www.giroditalia.it\/eng\/stage\/tappa-20\/technique\/\" target=\"_blank\">19. Etap bilgilendirmesi<\/a><\/span><\/li>\n<li><span style=\"font-family: georgia, palatino, serif; font-size: 12pt;\">Giro2016 20. Etap hakk\u0131nda her \u015fey: <a href=\"http:\/\/www.steephill.tv\/giro-d-italia\/#20-preview-2016\" target=\"_blank\">SteepHill.TV<\/a><\/span><\/li>\n<li><span style=\"font-family: georgia, palatino, serif; font-size: 12pt;\">Giro2016 20. Etap s\u0131ral\u0131 tam liste: <a href=\"http:\/\/www.procyclingstats.com\/race.php?id=163691\" target=\"_blank\">ProCyclingStats.com<\/a><\/span><\/li>\n<li><span style=\"font-family: georgia, palatino, serif; font-size: 12pt;\">Cycling Weekly: <a href=\"http:\/\/www.cyclingweekly.co.uk\/news\/racing\/giro-ditalia\/giro-ditalia-2016-stage-20-preview-222829\" target=\"_blank\">Stage 20 preview<\/a><\/span><\/li>\n<li><span style=\"font-family: georgia, palatino, serif; font-size: 12pt;\">Sarper G\u00fcnsal abimiz Spor Locas\u0131ndan bildiriyor:<\/span>\n<ul>\n<li><span style=\"font-family: georgia, palatino, serif; font-size: 12pt;\"><a href=\"http:\/\/sporlocasi.blogspot.com.tr\/2016\/05\/giro-2016-parkur-ozeti.html\" target=\"_blank\">Giro 2016 Parkur \u00d6zeti<\/a><\/span><\/li>\n<li><span style=\"font-family: georgia, palatino, serif; font-size: 12pt;\"><a href=\"http:\/\/sporlocasi.blogspot.com.tr\/2016\/05\/giro-ve-suphelileri.html\" target=\"_blank\">Giro ve \u015e\u00fcphelileri<\/a><\/span><\/li>\n<li><span style=\"font-family: georgia, palatino, serif; font-size: 12pt;\"><a href=\"http:\/\/sporlocasi.blogspot.com.tr\/2016\/05\/giro-2016-1dinlenme-gunu-raporu.html\" target=\"_blank\">1. Dinlenme g\u00fcn\u00fc raporu<\/a><\/span><\/li>\n<li><span style=\"font-family: georgia, palatino, serif; font-size: 12pt;\"><a href=\"http:\/\/sporlocasi.blogspot.com.tr\/2016\/05\/giro-2016-2dinlenme-gunu-raporu.html\" target=\"_blank\">2. Dinlenme g\u00fcn\u00fc raporu<\/a><\/span><\/li>\n<li><span style=\"font-family: georgia, palatino, serif; font-size: 12pt;\"><a href=\"http:\/\/sporlocasi.blogspot.com.tr\/2016\/05\/giro-2016-3dinlenme-gunu-raporu.html\" target=\"_blank\">3. Dinlenme g\u00fcn\u00fc raporu<\/a><\/span><\/li>\n<\/ul>\n<\/li>\n<li><span style=\"font-family: georgia, palatino, serif; font-size: 12pt;\">Bisikletta.com yazd\u0131:<\/span>\n<ul>\n<li><span style=\"font-family: georgia, palatino, serif; font-size: 12pt;\"><a href=\"https:\/\/bisikletta.com\/2016\/05\/05\/giro-ditalia-2016ya-on-bakis\/\" target=\"_blank\">Giro d\u2019Italia 2016\u2019ya \u00d6n Bak\u0131\u015f<\/a><\/span>\n<ul>\n<li><span style=\"font-family: georgia, palatino, serif; font-size: 12pt;\"><a href=\"https:\/\/bisikletta.com\/2016\/05\/09\/giro-ditalia-2016-dinlenme-gunu-notlari-i\/\" target=\"_blank\">1.Dinlenme g\u00fcn\u00fc raporu<\/a><\/span><\/li>\n<li><span style=\"font-family: georgia, palatino, serif; font-size: 12pt;\"><a href=\"https:\/\/bisikletta.com\/2016\/05\/16\/giro-ditalia-2016-dinlenme-gunu-notlari-ii\/\" target=\"_blank\">2. Dinlenme g\u00fcn\u00fc raporu<\/a><\/span><\/li>\n<li><span style=\"font-family: georgia, palatino, serif; font-size: 12pt;\"><a href=\"https:\/\/bisikletta.com\/2016\/05\/24\/giro-ditalia-2016-dinlenme-gunu-notlari-iii\/\" target=\"_blank\">3. Dinlenme g\u00fcn\u00fc raporu<\/a><\/span><\/li>\n<\/ul>\n<\/li>\n<\/ul>\n<\/li>\n<\/ul>\n<div class=\"sharedaddy sd-sharing-enabled\"><span style=\"font-family: georgia, palatino, serif; font-size: 12pt;\">\u00a0<\/span><\/div>\n<div class=\"sharedaddy sd-sharing-enabled\"><!--nextpage--><\/div>\n<div class=\"sharedaddy sd-sharing-enabled\"><strong>Etap sonras\u0131<\/strong><\/div>\n<div class=\"sharedaddy sd-sharing-enabled\">\n<div id=\"attachment_3563\" style=\"width: 704px\" class=\"wp-caption aligncenter\"><a href=\"https:\/\/i0.wp.com\/aynakol.org\/wp-content\/uploads\/2016\/05\/Giro2016_stage20_winner_Rein_Taaramae-e1464456129244.jpg\"><img data-recalc-dims=\"1\" loading=\"lazy\" decoding=\"async\" aria-describedby=\"caption-attachment-3563\" data-attachment-id=\"3563\" data-permalink=\"http:\/\/aynakol.org\/?attachment_id=3563\" data-orig-file=\"https:\/\/i0.wp.com\/aynakol.org\/wp-content\/uploads\/2016\/05\/Giro2016_stage20_winner_Rein_Taaramae-e1464461161599.jpg?fit=694%2C414\" data-orig-size=\"694,414\" data-comments-opened=\"1\" data-image-meta=\"{&quot;aperture&quot;:&quot;0&quot;,&quot;credit&quot;:&quot;&quot;,&quot;camera&quot;:&quot;&quot;,&quot;caption&quot;:&quot;&quot;,&quot;created_timestamp&quot;:&quot;0&quot;,&quot;copyright&quot;:&quot;&quot;,&quot;focal_length&quot;:&quot;0&quot;,&quot;iso&quot;:&quot;0&quot;,&quot;shutter_speed&quot;:&quot;0&quot;,&quot;title&quot;:&quot;&quot;,&quot;orientation&quot;:&quot;0&quot;}\" data-image-title=\"Giro2016_stage20_winner_Rein_Taaramae\" data-image-description=\"\" data-image-caption=\"&lt;p&gt;Ve zafer&amp;#8230; Ka\u00e7\u0131\u015f grubunun bir anl\u0131k zaaf\u0131n\u0131 iyi sezerek do\u011fru yerde ata\u011f\u0131n\u0131 yapan Rein Taaramae tak\u0131m\u0131n\u0131 onurland\u0131rarak etap zaferine uzan\u0131rken g\u00f6zler pembe mayonun son haline \u00e7evrilmi\u015fti.&lt;\/p&gt;\n\" data-large-file=\"https:\/\/i0.wp.com\/aynakol.org\/wp-content\/uploads\/2016\/05\/Giro2016_stage20_winner_Rein_Taaramae-e1464461161599.jpg?fit=694%2C414\" class=\"wp-image-3563 size-full\" src=\"https:\/\/i0.wp.com\/aynakol.org\/wp-content\/uploads\/2016\/05\/Giro2016_stage20_winner_Rein_Taaramae-e1464461161599.jpg?resize=694%2C414\" alt=\"Liderleri Ilnur Zakarini kaybetmenin \u00fcz\u00fcnt\u00fcs\u00fcyle yar\u0131\u015fa ba\u015flayan Taaramae etab\u0131 kazanarak tak\u0131m\u0131 i\u00e7in tutunacak bir teselli yaratt\u0131 hi\u00e7 olmazsa.\" width=\"694\" height=\"414\" srcset=\"https:\/\/i0.wp.com\/aynakol.org\/wp-content\/uploads\/2016\/05\/Giro2016_stage20_winner_Rein_Taaramae-e1464461161599.jpg?w=694 694w, https:\/\/i0.wp.com\/aynakol.org\/wp-content\/uploads\/2016\/05\/Giro2016_stage20_winner_Rein_Taaramae-e1464461161599.jpg?resize=300%2C179 300w\" sizes=\"auto, (max-width: 694px) 100vw, 694px\" \/><\/a><p id=\"caption-attachment-3563\" class=\"wp-caption-text\">Liderleri Ilnur Zakarini kaybetmenin \u00fcz\u00fcnt\u00fcs\u00fcyle yar\u0131\u015fa ba\u015flayan Taaramae etab\u0131 kazanarak tak\u0131m\u0131 i\u00e7in tutunacak bir teselli yaratt\u0131 hi\u00e7 olmazsa.<\/p><\/div>\n<\/div>\n<div class=\"sharedaddy sd-sharing-enabled\"><span style=\"font-family: georgia, palatino, serif; font-size: 12pt;\">Giro2016 20. Etap: Guillestre \u2192 Sant&#8217;Anna di Vinadio aras\u0131nda pedallanan 134 km uzunlu\u011fundaki etab\u0131 Katusha tak\u0131m\u0131n\u0131n Estonyal\u0131 pedal\u0131 Rein Taaramae kazan\u0131rken pembe mayo da el de\u011fi\u015ftirdi! Yar\u0131n herhangi bir kaza, aksilik, istila, sava\u015f vs. olmazsa 2016 Giro&#8217;nun \u015fampiyonu Astana tak\u0131m\u0131n\u0131n \u0130talyan pedal\u0131 Vincenzo Nibali!<\/span><\/div>\n<div class=\"sharedaddy sd-sharing-enabled\"><\/div>\n<div class=\"sharedaddy sd-sharing-enabled\">\n<pre><b>20. Etap sonu\u00e7lar\u0131<\/b>\r\n1  TAARAMAE, Rein (KAT)                 4:22:43\r\n2  ATAPUMA HURTADO, Darwin (BMC)         +   52\r\n3  DOMBROWSKI, Joseph Lloyd (CPT)        + 1:17\r\n4  NIEVE ITURALDE, Mikel (SKY)           + 4:12\r\n5  FOLIFOROV, Alexander (GAZ)            + 4:36\r\n<strong><span style=\"background-color: #ff99cc;\">6  NIBALI, Vincenzo (AST)                + 6:44\r\n<\/span><\/strong>7  VALVERDE BELMONTE, Alejandro (MOV)    + 6:57\r\n8  URAN URAN, Rigoberto (CPT)           \r\n9  VISCONTI, Giovanni (MOV)              + 7:46\r\n10 MAJKA, Rafal (TNK)                    + 8:06\r\n11 JUNGELS, Bob (EQS)                   \r\n12 BRAMBILLA, Gianluca (EQS)             + 8:13\r\n13 KRUIJSWIJK, Steven (TLJ)             \r\n14 CHAVES RUBIO, Johan Esteban (OGE)     + 8:17\r\n15 SCARPONI, Michele (AST)<\/pre>\n<\/div>\n<div class=\"sharedaddy sd-sharing-enabled\"><\/div>\n<div class=\"sharedaddy sd-sharing-enabled\">\n<div id=\"attachment_3559\" style=\"width: 688px\" class=\"wp-caption aligncenter\"><a href=\"https:\/\/i0.wp.com\/aynakol.org\/wp-content\/uploads\/2016\/05\/Giro2016_stage20_Nibali_is_in_the_pink_jersey.jpg\"><img data-recalc-dims=\"1\" loading=\"lazy\" decoding=\"async\" aria-describedby=\"caption-attachment-3559\" data-attachment-id=\"3559\" data-permalink=\"http:\/\/aynakol.org\/?attachment_id=3559\" data-orig-file=\"https:\/\/i0.wp.com\/aynakol.org\/wp-content\/uploads\/2016\/05\/Giro2016_stage20_Nibali_is_in_the_pink_jersey-e1464461690463.jpg?fit=678%2C459\" data-orig-size=\"678,459\" data-comments-opened=\"1\" data-image-meta=\"{&quot;aperture&quot;:&quot;0&quot;,&quot;credit&quot;:&quot;&quot;,&quot;camera&quot;:&quot;&quot;,&quot;caption&quot;:&quot;&quot;,&quot;created_timestamp&quot;:&quot;0&quot;,&quot;copyright&quot;:&quot;&quot;,&quot;focal_length&quot;:&quot;0&quot;,&quot;iso&quot;:&quot;0&quot;,&quot;shutter_speed&quot;:&quot;0&quot;,&quot;title&quot;:&quot;&quot;,&quot;orientation&quot;:&quot;0&quot;}\" data-image-title=\"Giro2016_stage20_Nibali_is_in_the_pink_jersey\" data-image-description=\"\" data-image-caption=\"&lt;p&gt;Yar\u0131\u015f\u0131n ikinci haftas\u0131na \u00e7ok k\u00f6t\u00fc ba\u015flayan Nibali son iki etapta toparlayarak adeta k\u00fcllerinden yeniden do\u011fdu! D\u00fcnk\u00fc zorlu etab\u0131 kazanarak zaman fark\u0131n\u0131 4 dakikadan 1 dakikan\u0131n alt\u0131na \u00e7eken nibali, bug\u00fcn Chavesi son 12 kmde yapt\u0131\u011f\u0131 atakla silkeleyerek pembe mayoya uzand\u0131. &lt;\/p&gt;\n\" data-large-file=\"https:\/\/i0.wp.com\/aynakol.org\/wp-content\/uploads\/2016\/05\/Giro2016_stage20_Nibali_is_in_the_pink_jersey-e1464461690463.jpg?fit=678%2C459\" class=\"wp-image-3559 size-full\" src=\"https:\/\/i0.wp.com\/aynakol.org\/wp-content\/uploads\/2016\/05\/Giro2016_stage20_Nibali_is_in_the_pink_jersey-e1464461690463.jpg?resize=678%2C459\" alt=\"Yar\u0131\u015f\u0131n ikinci haftas\u0131na \u00e7ok k\u00f6t\u00fc ba\u015flayan Nibali son iki etapta toparlayarak adeta k\u00fcllerinden yeniden do\u011fdu! D\u00fcnk\u00fc zorlu etab\u0131 kazanarak zaman fark\u0131n\u0131 4 dakikadan 1 dakikan\u0131n alt\u0131na \u00e7eken nibali, bug\u00fcn Chavesi son 12 kmde yapt\u0131\u011f\u0131 atakla silkeleyerek pembe mayoya uzand\u0131. \" width=\"678\" height=\"459\" srcset=\"https:\/\/i0.wp.com\/aynakol.org\/wp-content\/uploads\/2016\/05\/Giro2016_stage20_Nibali_is_in_the_pink_jersey-e1464461690463.jpg?w=678 678w, https:\/\/i0.wp.com\/aynakol.org\/wp-content\/uploads\/2016\/05\/Giro2016_stage20_Nibali_is_in_the_pink_jersey-e1464461690463.jpg?resize=300%2C203 300w\" sizes=\"auto, (max-width: 678px) 100vw, 678px\" \/><\/a><p id=\"caption-attachment-3559\" class=\"wp-caption-text\">Yar\u0131\u015f\u0131n ikinci haftas\u0131na \u00e7ok k\u00f6t\u00fc ba\u015flayan Nibali son iki etapta toparlayarak adeta k\u00fcllerinden yeniden do\u011fdu! D\u00fcnk\u00fc zorlu etab\u0131 kazanarak zaman fark\u0131n\u0131 4 dakikadan 1 dakikan\u0131n alt\u0131na \u00e7eken nibali, bug\u00fcn Chavesi son 12 &#8216;\u00a0yapt\u0131\u011f\u0131 atakla silkeleyerek pembe mayoya uzand\u0131.<\/p><\/div>\n<p><span style=\"font-family: georgia, palatino, serif; font-size: 12pt;\">Genel klasman m\u00fccadelesinin Colle Della Lombarda zirvesinin eteklerinde ya\u015fanaca\u011f\u0131 \u00e7oktan belli olan etap t\u0131rman\u0131\u015f\u0131 hi\u00e7 de fena olmayan ka\u00e7aklara b\u0131rak\u0131lacakt\u0131, nitekim \u00f6yle de oldu. Team SKY&#8217;\u0131n \u0130spanyol pedal\u0131 Mikel Nieve&#8217;nin da\u011f ge\u00e7itlerinde birer iki\u015fer puanlar\u0131 toplayarak da\u011flar\u0131n kral\u0131 mayosuna uzand\u0131\u011f\u0131 etapta Astana m\u00fcthi\u015f bir tak\u0131m oyunu oynayarak ba\u015fta LottoNL-Jumbo olmak \u00fczere t\u00fcm pelotona adeta ders verdi!<\/span><\/p>\n<p>&nbsp;<\/p>\n<p><span style=\"font-family: georgia, palatino, serif; font-size: 12pt;\"><strong>Etab\u0131n \u00f6ne \u00e7\u0131kan <\/strong><\/span><span style=\"font-family: georgia, palatino, serif; font-size: 12pt;\"><strong>anlar\u0131<\/strong><\/span><\/p>\n<p><iframe loading=\"lazy\" src=\"\/\/www.youtube.com\/embed\/9_z_4u6OOvA\" width=\"720\" height=\"439\" frameborder=\"0\" allowfullscreen=\"allowfullscreen\"><\/iframe><\/p>\n<p><span style=\"font-family: georgia, palatino, serif; font-size: 12pt;\">Daha ilk kilometrelerden itibaren ka\u00e7\u0131\u015fta yer alan Astanal\u0131 Tanel Kangert ve Nibali&#8217;nin yan\u0131ndan bir an olsun ayr\u0131lmayan yol kaptan\u0131 Michele Scarponi, s\u00fcrekli \u00f6n\u00fcnde tempo yapan Jakob Fuglsang ba\u015fta olmak \u00fczere Astana etab\u0131n ba\u015f\u0131ndan beri pembe mayoyu ele ge\u00e7irmek i\u00e7in \u00e7al\u0131\u015ft\u0131 ve g\u00fcn\u00fcn sonunda ba\u015far\u0131l\u0131 da oldular.<\/span><\/p>\n<p>&nbsp;<\/p>\n<p><span style=\"font-family: georgia, palatino, serif; font-size: 12pt;\">Fransa ve \u0130talya aras\u0131nda yer alan g\u00fcn\u00fcn son t\u0131rman\u0131\u015f\u0131, Colle della Lombarda da\u011f ge\u00e7idi ba\u015flar ba\u015flamaz g\u00fcn boyu tempo yap\u0131p rakiplerin g\u00fcc\u00fcn\u00fc t\u00fcketen Michele Scarponi kenara \u00e7ekildi ve Nibali ata\u011f\u0131n\u0131 yap\u0131p Kruijswijk, Majka ve Uran Uran&#8217;\u0131 silkeleyip Chaves ve Valverde&#8217;yi pe\u015fine takarak kendisine istasyon olmak i\u00e7in 2 km ileride pedallayan tak\u0131m arkada\u015f\u0131 Tanel Kangert&#8217;e do\u011fru pedallamaya ba\u015flad\u0131. Bu esnada Chaves ve Valverde&#8217;nin durumunu anlamak i\u00e7in iyie pedallara y\u00fcklenen Nibali istedi\u011fini ald\u0131 ve ikiliyi silkeleyerek kendisine pembe mayoyu getirecek zaman fark\u0131n\u0131 yaratmak i\u00e7in ata\u011f\u0131na devam etti. Zirve yolunda Tanel Kangert ile bulu\u015fup zaman fark\u0131n\u0131 iyice a\u00e7an Nibali i\u00e7in art\u0131k yeniden do\u011fma zaman\u0131 gelmi\u015fti. Etab\u0131 Rein Taaramare&#8217;nin 6&#8217;44&#8221; dakika gerisinde bitirmesi de\u011fildi \u00f6nemli olan, Chaves&#8217;in ka\u00e7 dakika geriden gelece\u011fiydi ki, 1 dakika 20 saniye geriden gelmesiyle birlikte pembe mayo art\u0131k Nibali&#8217;nin oluyordu.\u00a0<\/span><\/p>\n<p>&nbsp;<\/p>\n<p><span style=\"font-family: georgia, palatino, serif; font-size: 12pt;\">G\u00fcn\u00fcn di\u011fer bir kazanan\u0131 da Alejandro Valverde oldu; ihtiyar kurt kat\u0131ld\u0131\u011f\u0131 ilk Giro&#8217;sunda podyumun \u00fc\u00e7\u00fcnc\u00fc basama\u011f\u0131nda kendisine yer buldu.<\/span><\/p>\n<\/div>\n<div class=\"sharedaddy sd-sharing-enabled\">\n<p>&nbsp;<\/p>\n<pre><b>20. Etap sonras\u0131 genel klasman\r\n<\/b><strong><span style=\"background-color: #ff99cc;\">1  NIBALI, Vincenzo (AST)               82:44:31<\/span><\/strong>\r\n2  CHAVES RUBIO, Johan Esteban (OGE)     +    52\r\n3  VALVERDE BELMONTE, Alejandro (MOV)    +  1:17\r\n4  KRUIJSWIJK, Steven (TLJ)              +  1:50\r\n5  MAJKA, Rafal (TNK)                    +  4:37\r\n6  JUNGELS, Bob (EQS)                    +  8:31\r\n7  URAN URAN, Rigoberto (CPT)            + 11:47\r\n8  AMADOR BIKKAZAKOVA, Andrey (MOV)      + 13:21\r\n9  ATAPUMA HURTADO, Darwin (BMC)         + 14:09\r\n10 SIUTSOU, Kanstantsin (DDD)            + 16:29\r\n\r\n<\/pre>\n<\/div>\n<p>&nbsp;<\/p>\n<p>&nbsp;<\/p>\n<div class=\"sharedaddy sd-sharing-enabled\">\n<div class=\"tiled-gallery type-rectangular tiled-gallery-unresized\" data-original-width=\"860\" data-carousel-extra='{&quot;blog_id&quot;:1,&quot;permalink&quot;:&quot;http:\\\/\\\/aynakol.org\\\/?p=3528&quot;,&quot;likes_blog_id&quot;:74216406}' itemscope itemtype=\"http:\/\/schema.org\/ImageGallery\" > <div class=\"gallery-row\" style=\"width: 860px; height: 1187px;\" data-original-width=\"860\" data-original-height=\"1187\" > <div class=\"gallery-group images-7\" style=\"width: 293px; height: 1187px;\" data-original-width=\"293\" data-original-height=\"1187\" > <div class=\"tiled-gallery-item tiled-gallery-item-large\" itemprop=\"associatedMedia\" itemscope itemtype=\"http:\/\/schema.org\/ImageObject\"> <a href=\"https:\/\/i0.wp.com\/aynakol.org\/wp-content\/uploads\/2016\/05\/Ekran-G%C3%B6r%C3%BCnt%C3%BCs%C3%BC-2016-05-28-18-30-53-e1464462355645.png\" border=\"0\" itemprop=\"url\"> <meta itemprop=\"width\" content=\"289\"> <meta itemprop=\"height\" content=\"173\"> <img decoding=\"async\" class=\"\" data-attachment-id=\"3544\" data-orig-file=\"http:\/\/aynakol.org\/wp-content\/uploads\/2016\/05\/Ekran-G\u00f6r\u00fcnt\u00fcs\u00fc-2016-05-28-18-30-53-e1464462355645.png\" data-orig-size=\"713,428\" data-comments-opened=\"1\" data-image-meta=\"{&quot;aperture&quot;:&quot;0&quot;,&quot;credit&quot;:&quot;&quot;,&quot;camera&quot;:&quot;&quot;,&quot;caption&quot;:&quot;&quot;,&quot;created_timestamp&quot;:&quot;0&quot;,&quot;copyright&quot;:&quot;&quot;,&quot;focal_length&quot;:&quot;0&quot;,&quot;iso&quot;:&quot;0&quot;,&quot;shutter_speed&quot;:&quot;0&quot;,&quot;title&quot;:&quot;&quot;,&quot;orientation&quot;:&quot;0&quot;}\" data-image-title=\"Ekran G\u00f6r\u00fcnt\u00fcs\u00fc &amp;#8211; 2016-05-28 18-30-53\" data-image-description=\"\" data-medium-file=\"https:\/\/i0.wp.com\/aynakol.org\/wp-content\/uploads\/2016\/05\/Ekran-G%C3%B6r%C3%BCnt%C3%BCs%C3%BC-2016-05-28-18-30-53-e1464462355645.png?fit=300%2C180\" data-large-file=\"https:\/\/i0.wp.com\/aynakol.org\/wp-content\/uploads\/2016\/05\/Ekran-G%C3%B6r%C3%BCnt%C3%BCs%C3%BC-2016-05-28-18-30-53-e1464462355645.png?fit=713%2C428\" src=\"https:\/\/i0.wp.com\/aynakol.org\/wp-content\/uploads\/2016\/05\/Ekran-G%C3%B6r%C3%BCnt%C3%BCs%C3%BC-2016-05-28-18-30-53-e1464462355645.png?w=289&#038;h=173\" width=\"289\" height=\"173\" loading=\"lazy\" data-original-width=\"289\" data-original-height=\"173\" itemprop=\"http:\/\/schema.org\/image\" title=\"Ekran G\u00f6r\u00fcnt\u00fcs\u00fc - 2016-05-28 18-30-53\" alt=\"Etap boyunca i\u00e7inde bulundu\u011fu ka\u00e7\u0131\u015f grubuna kar\u015f\u0131 s\u00fcrekli atak yapan BMC tak\u0131m\u0131n\u0131n Kolombiyal\u0131s\u0131 Darwin Atapuma bir t\u00fcrl\u00fc do\u011fru yer ve zaman\u0131 tutturamad\u0131. Bir defa atak yapan ve bunu ba\u015far\u0131ya ula\u015ft\u0131ran isim ise Katushal\u0131 Rein Taaramae oldu.\" style=\"width: 289px; height: 173px;\" \/> <\/a> <div class=\"tiled-gallery-caption\" itemprop=\"caption description\"> Etap boyunca i\u00e7inde bulundu\u011fu ka\u00e7\u0131\u015f grubuna kar\u015f\u0131 s\u00fcrekli atak yapan BMC tak\u0131m\u0131n\u0131n Kolombiyal\u0131s\u0131 Darwin Atapuma bir t\u00fcrl\u00fc do\u011fru yer ve zaman\u0131 tutturamad\u0131. Bir defa atak yapan ve bunu ba\u015far\u0131ya ula\u015ft\u0131ran isim ise Katushal\u0131 Rein Taaramae oldu. <\/div> <\/div> <div class=\"tiled-gallery-item tiled-gallery-item-large\" itemprop=\"associatedMedia\" itemscope itemtype=\"http:\/\/schema.org\/ImageObject\"> <a href=\"https:\/\/i0.wp.com\/aynakol.org\/wp-content\/uploads\/2016\/05\/Ekran-G%C3%B6r%C3%BCnt%C3%BCs%C3%BC-2016-05-28-18-37-26.png\" border=\"0\" itemprop=\"url\"> <meta itemprop=\"width\" content=\"289\"> <meta itemprop=\"height\" content=\"155\"> <img decoding=\"async\" class=\"\" data-attachment-id=\"3545\" data-orig-file=\"http:\/\/aynakol.org\/wp-content\/uploads\/2016\/05\/Ekran-G\u00f6r\u00fcnt\u00fcs\u00fc-2016-05-28-18-37-26.png\" data-orig-size=\"856,459\" data-comments-opened=\"1\" data-image-meta=\"{&quot;aperture&quot;:&quot;0&quot;,&quot;credit&quot;:&quot;&quot;,&quot;camera&quot;:&quot;&quot;,&quot;caption&quot;:&quot;&quot;,&quot;created_timestamp&quot;:&quot;0&quot;,&quot;copyright&quot;:&quot;&quot;,&quot;focal_length&quot;:&quot;0&quot;,&quot;iso&quot;:&quot;0&quot;,&quot;shutter_speed&quot;:&quot;0&quot;,&quot;title&quot;:&quot;&quot;,&quot;orientation&quot;:&quot;0&quot;}\" data-image-title=\"Ekran G\u00f6r\u00fcnt\u00fcs\u00fc &amp;#8211; 2016-05-28 18-37-26\" data-image-description=\"\" data-medium-file=\"https:\/\/i0.wp.com\/aynakol.org\/wp-content\/uploads\/2016\/05\/Ekran-G%C3%B6r%C3%BCnt%C3%BCs%C3%BC-2016-05-28-18-37-26.png?fit=300%2C161\" data-large-file=\"https:\/\/i0.wp.com\/aynakol.org\/wp-content\/uploads\/2016\/05\/Ekran-G%C3%B6r%C3%BCnt%C3%BCs%C3%BC-2016-05-28-18-37-26.png?fit=856%2C459\" src=\"https:\/\/i0.wp.com\/aynakol.org\/wp-content\/uploads\/2016\/05\/Ekran-G%C3%B6r%C3%BCnt%C3%BCs%C3%BC-2016-05-28-18-37-26.png?w=289&#038;h=155\" width=\"289\" height=\"155\" loading=\"lazy\" data-original-width=\"289\" data-original-height=\"155\" itemprop=\"http:\/\/schema.org\/image\" title=\"Ekran G\u00f6r\u00fcnt\u00fcs\u00fc - 2016-05-28 18-37-26\" alt=\"Atapuma&#039;n\u0131n kaderi etap sonunda yine ikinci olmakt\u0131; birinin bu adama do\u011fru yerde atak yapmay\u0131 \u00f6\u011fretmesi gerek!\" style=\"width: 289px; height: 155px;\" \/> <\/a> <div class=\"tiled-gallery-caption\" itemprop=\"caption description\"> Atapuma&#8217;n\u0131n kaderi etap sonunda yine ikinci olmakt\u0131; birinin bu adama do\u011fru yerde atak yapmay\u0131 \u00f6\u011fretmesi gerek! <\/div> <\/div> <div class=\"tiled-gallery-item tiled-gallery-item-large\" itemprop=\"associatedMedia\" itemscope itemtype=\"http:\/\/schema.org\/ImageObject\"> <a href=\"https:\/\/i0.wp.com\/aynakol.org\/wp-content\/uploads\/2016\/05\/Ekran-G%C3%B6r%C3%BCnt%C3%BCs%C3%BC-2016-05-28-18-05-25.png\" border=\"0\" itemprop=\"url\"> <meta itemprop=\"width\" content=\"289\"> <meta itemprop=\"height\" content=\"154\"> <img decoding=\"async\" class=\"\" data-attachment-id=\"3540\" data-orig-file=\"http:\/\/aynakol.org\/wp-content\/uploads\/2016\/05\/Ekran-G\u00f6r\u00fcnt\u00fcs\u00fc-2016-05-28-18-05-25.png\" data-orig-size=\"755,402\" data-comments-opened=\"1\" data-image-meta=\"{&quot;aperture&quot;:&quot;0&quot;,&quot;credit&quot;:&quot;&quot;,&quot;camera&quot;:&quot;&quot;,&quot;caption&quot;:&quot;&quot;,&quot;created_timestamp&quot;:&quot;0&quot;,&quot;copyright&quot;:&quot;&quot;,&quot;focal_length&quot;:&quot;0&quot;,&quot;iso&quot;:&quot;0&quot;,&quot;shutter_speed&quot;:&quot;0&quot;,&quot;title&quot;:&quot;&quot;,&quot;orientation&quot;:&quot;0&quot;}\" data-image-title=\"Ekran G\u00f6r\u00fcnt\u00fcs\u00fc &amp;#8211; 2016-05-28 18-05-25\" data-image-description=\"\" data-medium-file=\"https:\/\/i0.wp.com\/aynakol.org\/wp-content\/uploads\/2016\/05\/Ekran-G%C3%B6r%C3%BCnt%C3%BCs%C3%BC-2016-05-28-18-05-25.png?fit=300%2C160\" data-large-file=\"https:\/\/i0.wp.com\/aynakol.org\/wp-content\/uploads\/2016\/05\/Ekran-G%C3%B6r%C3%BCnt%C3%BCs%C3%BC-2016-05-28-18-05-25.png?fit=755%2C402\" src=\"https:\/\/i0.wp.com\/aynakol.org\/wp-content\/uploads\/2016\/05\/Ekran-G%C3%B6r%C3%BCnt%C3%BCs%C3%BC-2016-05-28-18-05-25.png?w=289&#038;h=154\" width=\"289\" height=\"154\" loading=\"lazy\" data-original-width=\"289\" data-original-height=\"154\" itemprop=\"http:\/\/schema.org\/image\" title=\"Ekran G\u00f6r\u00fcnt\u00fcs\u00fc - 2016-05-28 18-05-25\" alt=\"Reir Taaramae, Colle della Lombarda zirvesini ilk s\u0131rada ge\u00e7ip ini\u015fe ba\u015flarken arkada, favorilerin grubunda ise herkes birbirini kolluyordu.\" style=\"width: 289px; height: 154px;\" \/> <\/a> <div class=\"tiled-gallery-caption\" itemprop=\"caption description\"> Reir Taaramae, Colle della Lombarda zirvesini ilk s\u0131rada ge\u00e7ip ini\u015fe ba\u015flarken arkada, favorilerin grubunda ise herkes birbirini kolluyordu. <\/div> <\/div> <div class=\"tiled-gallery-item tiled-gallery-item-large\" itemprop=\"associatedMedia\" itemscope itemtype=\"http:\/\/schema.org\/ImageObject\"> <a href=\"https:\/\/i0.wp.com\/aynakol.org\/wp-content\/uploads\/2016\/05\/Ekran-G%C3%B6r%C3%BCnt%C3%BCs%C3%BC-2016-05-28-17-50-31.png\" border=\"0\" itemprop=\"url\"> <meta itemprop=\"width\" content=\"289\"> <meta itemprop=\"height\" content=\"162\"> <img decoding=\"async\" class=\"\" data-attachment-id=\"3558\" data-orig-file=\"http:\/\/aynakol.org\/wp-content\/uploads\/2016\/05\/Ekran-G\u00f6r\u00fcnt\u00fcs\u00fc-2016-05-28-17-50-31.png\" data-orig-size=\"751,421\" data-comments-opened=\"1\" data-image-meta=\"{&quot;aperture&quot;:&quot;0&quot;,&quot;credit&quot;:&quot;&quot;,&quot;camera&quot;:&quot;&quot;,&quot;caption&quot;:&quot;&quot;,&quot;created_timestamp&quot;:&quot;0&quot;,&quot;copyright&quot;:&quot;&quot;,&quot;focal_length&quot;:&quot;0&quot;,&quot;iso&quot;:&quot;0&quot;,&quot;shutter_speed&quot;:&quot;0&quot;,&quot;title&quot;:&quot;&quot;,&quot;orientation&quot;:&quot;0&quot;}\" data-image-title=\"Ekran G\u00f6r\u00fcnt\u00fcs\u00fc &amp;#8211; 2016-05-28 17-50-31\" data-image-description=\"\" data-medium-file=\"https:\/\/i0.wp.com\/aynakol.org\/wp-content\/uploads\/2016\/05\/Ekran-G%C3%B6r%C3%BCnt%C3%BCs%C3%BC-2016-05-28-17-50-31.png?fit=300%2C168\" data-large-file=\"https:\/\/i0.wp.com\/aynakol.org\/wp-content\/uploads\/2016\/05\/Ekran-G%C3%B6r%C3%BCnt%C3%BCs%C3%BC-2016-05-28-17-50-31.png?fit=751%2C421\" src=\"https:\/\/i0.wp.com\/aynakol.org\/wp-content\/uploads\/2016\/05\/Ekran-G%C3%B6r%C3%BCnt%C3%BCs%C3%BC-2016-05-28-17-50-31.png?w=289&#038;h=162\" width=\"289\" height=\"162\" loading=\"lazy\" data-original-width=\"289\" data-original-height=\"162\" itemprop=\"http:\/\/schema.org\/image\" title=\"Ekran G\u00f6r\u00fcnt\u00fcs\u00fc - 2016-05-28 17-50-31\" alt=\"500 metre sonra ba\u015flayacak Colle delle Lambarda t\u0131rman\u0131\u015f\u0131 \u00f6nce Michele Scarponi tempoyu iyice y\u00fckselterek Nibali i\u00e7in zafere giden yolu haz\u0131rlamaya ba\u015flad\u0131. \u0130ki g\u00fcn boyunca Scarponi g\u00f6rev adam\u0131n\u0131n da \u00f6tesinde \u00e7al\u0131\u015ft\u0131; Astana d\u0131\u015f\u0131nda bir ba\u015fka tak\u0131mda lider olarak Giro&#039;ya kat\u0131labilirdi!\" style=\"width: 289px; height: 162px;\" \/> <\/a> <div class=\"tiled-gallery-caption\" itemprop=\"caption description\"> 500 metre sonra ba\u015flayacak Colle delle Lambarda t\u0131rman\u0131\u015f\u0131 \u00f6nce Michele Scarponi tempoyu iyice y\u00fckselterek Nibali i\u00e7in zafere giden yolu haz\u0131rlamaya ba\u015flad\u0131. \u0130ki g\u00fcn boyunca Scarponi g\u00f6rev adam\u0131n\u0131n da \u00f6tesinde \u00e7al\u0131\u015ft\u0131; Astana d\u0131\u015f\u0131nda bir ba\u015fka tak\u0131mda lider olarak Giro&#8217;ya kat\u0131labilirdi! <\/div> <\/div> <div class=\"tiled-gallery-item tiled-gallery-item-large\" itemprop=\"associatedMedia\" itemscope itemtype=\"http:\/\/schema.org\/ImageObject\"> <a href=\"https:\/\/i0.wp.com\/aynakol.org\/wp-content\/uploads\/2016\/05\/Ekran-G%C3%B6r%C3%BCnt%C3%BCs%C3%BC-2016-05-28-18-00-44.png\" border=\"0\" itemprop=\"url\"> <meta itemprop=\"width\" content=\"289\"> <meta itemprop=\"height\" content=\"162\"> <img decoding=\"async\" class=\"\" data-attachment-id=\"3553\" data-orig-file=\"http:\/\/aynakol.org\/wp-content\/uploads\/2016\/05\/Ekran-G\u00f6r\u00fcnt\u00fcs\u00fc-2016-05-28-18-00-44.png\" data-orig-size=\"753,422\" data-comments-opened=\"1\" data-image-meta=\"{&quot;aperture&quot;:&quot;0&quot;,&quot;credit&quot;:&quot;&quot;,&quot;camera&quot;:&quot;&quot;,&quot;caption&quot;:&quot;&quot;,&quot;created_timestamp&quot;:&quot;0&quot;,&quot;copyright&quot;:&quot;&quot;,&quot;focal_length&quot;:&quot;0&quot;,&quot;iso&quot;:&quot;0&quot;,&quot;shutter_speed&quot;:&quot;0&quot;,&quot;title&quot;:&quot;&quot;,&quot;orientation&quot;:&quot;0&quot;}\" data-image-title=\"Ekran G\u00f6r\u00fcnt\u00fcs\u00fc &amp;#8211; 2016-05-28 18-00-44\" data-image-description=\"\" data-medium-file=\"https:\/\/i0.wp.com\/aynakol.org\/wp-content\/uploads\/2016\/05\/Ekran-G%C3%B6r%C3%BCnt%C3%BCs%C3%BC-2016-05-28-18-00-44.png?fit=300%2C168\" data-large-file=\"https:\/\/i0.wp.com\/aynakol.org\/wp-content\/uploads\/2016\/05\/Ekran-G%C3%B6r%C3%BCnt%C3%BCs%C3%BC-2016-05-28-18-00-44.png?fit=753%2C422\" src=\"https:\/\/i0.wp.com\/aynakol.org\/wp-content\/uploads\/2016\/05\/Ekran-G%C3%B6r%C3%BCnt%C3%BCs%C3%BC-2016-05-28-18-00-44.png?w=289&#038;h=162\" width=\"289\" height=\"162\" loading=\"lazy\" data-original-width=\"289\" data-original-height=\"162\" itemprop=\"http:\/\/schema.org\/image\" title=\"Ekran G\u00f6r\u00fcnt\u00fcs\u00fc - 2016-05-28 18-00-44\" alt=\"Scarponi&#039;nin ayr\u0131lmas\u0131yla birlikte pedallara y\u00fcklenen Nibali pe\u015fine Valverde ve Chaves&#039;i takarken, Scarponi&#039;de tak\u0131m telsizinden \u00f6nde yer alan tak\u0131m arkada\u015f\u0131 Tanel Kangert&#039;e bilgi veriyordu... Nibali&#039;nin ata\u011f\u0131n\u0131 bekleyen ama yerini kestiremeyen Chaves ve Valverde teker tekere gidiyordu ki, Nibali yeniden pedallara y\u00fcklendi...\" style=\"width: 289px; height: 162px;\" \/> <\/a> <div class=\"tiled-gallery-caption\" itemprop=\"caption description\"> Scarponi&#8217;nin ayr\u0131lmas\u0131yla birlikte pedallara y\u00fcklenen Nibali pe\u015fine Valverde ve Chaves&#8217;i takarken, Scarponi&#8217;de tak\u0131m telsizinden \u00f6nde yer alan tak\u0131m arkada\u015f\u0131 Tanel Kangert&#8217;e bilgi veriyordu&#8230; Nibali&#8217;nin ata\u011f\u0131n\u0131 bekleyen ama yerini kestiremeyen Chaves ve Valverde teker tekere gidiyordu ki, Nibali yeniden pedallara y\u00fcklendi&#8230; <\/div> <\/div> <div class=\"tiled-gallery-item tiled-gallery-item-large\" itemprop=\"associatedMedia\" itemscope itemtype=\"http:\/\/schema.org\/ImageObject\"> <a href=\"https:\/\/i0.wp.com\/aynakol.org\/wp-content\/uploads\/2016\/05\/Giro2016_stage20_Nibali_attacked.jpg\" border=\"0\" itemprop=\"url\"> <meta itemprop=\"width\" content=\"289\"> <meta itemprop=\"height\" content=\"192\"> <img decoding=\"async\" class=\"\" data-attachment-id=\"3564\" data-orig-file=\"http:\/\/aynakol.org\/wp-content\/uploads\/2016\/05\/Giro2016_stage20_Nibali_attacked.jpg\" data-orig-size=\"660,440\" data-comments-opened=\"1\" data-image-meta=\"{&quot;aperture&quot;:&quot;0&quot;,&quot;credit&quot;:&quot;&quot;,&quot;camera&quot;:&quot;&quot;,&quot;caption&quot;:&quot;&quot;,&quot;created_timestamp&quot;:&quot;0&quot;,&quot;copyright&quot;:&quot;&quot;,&quot;focal_length&quot;:&quot;0&quot;,&quot;iso&quot;:&quot;0&quot;,&quot;shutter_speed&quot;:&quot;0&quot;,&quot;title&quot;:&quot;&quot;,&quot;orientation&quot;:&quot;0&quot;}\" data-image-title=\"Giro2016_stage20_Nibali_attacked\" data-image-description=\"\" data-medium-file=\"https:\/\/i0.wp.com\/aynakol.org\/wp-content\/uploads\/2016\/05\/Giro2016_stage20_Nibali_attacked.jpg?fit=300%2C200\" data-large-file=\"https:\/\/i0.wp.com\/aynakol.org\/wp-content\/uploads\/2016\/05\/Giro2016_stage20_Nibali_attacked.jpg?fit=660%2C440\" src=\"https:\/\/i0.wp.com\/aynakol.org\/wp-content\/uploads\/2016\/05\/Giro2016_stage20_Nibali_attacked.jpg?w=289&#038;h=192\" srcset=\"https:\/\/i0.wp.com\/aynakol.org\/wp-content\/uploads\/2016\/05\/Giro2016_stage20_Nibali_attacked.jpg?w=660 660w, https:\/\/i0.wp.com\/aynakol.org\/wp-content\/uploads\/2016\/05\/Giro2016_stage20_Nibali_attacked.jpg?resize=300%2C200 300w\" width=\"289\" height=\"192\" loading=\"lazy\" data-original-width=\"289\" data-original-height=\"192\" itemprop=\"http:\/\/schema.org\/image\" title=\"Giro2016_stage20_Nibali_attacked\" alt=\"Bitime 15 km kala Colle delle Lombarda t\u0131rman\u0131\u015f\u0131 ba\u015flar ba\u015flamaz Michele Scarponi geriye \u00e7ekildi ve Vincenzo Nibali ata\u011f\u0131n\u0131 yaparak Chaves ve Valverde&#039;yi pe\u015fine takarak Kruijswijk, Uran ve Majka&#039;y\u0131 silkeledi.\" style=\"width: 289px; height: 192px;\" \/> <\/a> <div class=\"tiled-gallery-caption\" itemprop=\"caption description\"> Bitime 15 km kala Colle delle Lombarda t\u0131rman\u0131\u015f\u0131 ba\u015flar ba\u015flamaz Michele Scarponi geriye \u00e7ekildi ve Vincenzo Nibali ata\u011f\u0131n\u0131 yaparak Chaves ve Valverde&#8217;yi pe\u015fine takarak Kruijswijk, Uran ve Majka&#8217;y\u0131 silkeledi. <\/div> <\/div> <div class=\"tiled-gallery-item tiled-gallery-item-large\" itemprop=\"associatedMedia\" itemscope itemtype=\"http:\/\/schema.org\/ImageObject\"> <a href=\"https:\/\/i0.wp.com\/aynakol.org\/wp-content\/uploads\/2016\/05\/Ekran-G%C3%B6r%C3%BCnt%C3%BCs%C3%BC-2016-05-28-18-02-02.png\" border=\"0\" itemprop=\"url\"> <meta itemprop=\"width\" content=\"289\"> <meta itemprop=\"height\" content=\"161\"> <img decoding=\"async\" class=\"\" data-attachment-id=\"3548\" data-orig-file=\"http:\/\/aynakol.org\/wp-content\/uploads\/2016\/05\/Ekran-G\u00f6r\u00fcnt\u00fcs\u00fc-2016-05-28-18-02-02.png\" data-orig-size=\"756,421\" data-comments-opened=\"1\" data-image-meta=\"{&quot;aperture&quot;:&quot;0&quot;,&quot;credit&quot;:&quot;&quot;,&quot;camera&quot;:&quot;&quot;,&quot;caption&quot;:&quot;&quot;,&quot;created_timestamp&quot;:&quot;0&quot;,&quot;copyright&quot;:&quot;&quot;,&quot;focal_length&quot;:&quot;0&quot;,&quot;iso&quot;:&quot;0&quot;,&quot;shutter_speed&quot;:&quot;0&quot;,&quot;title&quot;:&quot;&quot;,&quot;orientation&quot;:&quot;0&quot;}\" data-image-title=\"Ekran G\u00f6r\u00fcnt\u00fcs\u00fc &amp;#8211; 2016-05-28 18-02-02\" data-image-description=\"\" data-medium-file=\"https:\/\/i0.wp.com\/aynakol.org\/wp-content\/uploads\/2016\/05\/Ekran-G%C3%B6r%C3%BCnt%C3%BCs%C3%BC-2016-05-28-18-02-02.png?fit=300%2C167\" data-large-file=\"https:\/\/i0.wp.com\/aynakol.org\/wp-content\/uploads\/2016\/05\/Ekran-G%C3%B6r%C3%BCnt%C3%BCs%C3%BC-2016-05-28-18-02-02.png?fit=756%2C421\" src=\"https:\/\/i0.wp.com\/aynakol.org\/wp-content\/uploads\/2016\/05\/Ekran-G%C3%B6r%C3%BCnt%C3%BCs%C3%BC-2016-05-28-18-02-02.png?w=289&#038;h=161\" width=\"289\" height=\"161\" loading=\"lazy\" data-original-width=\"289\" data-original-height=\"161\" itemprop=\"http:\/\/schema.org\/image\" title=\"Ekran G\u00f6r\u00fcnt\u00fcs\u00fc - 2016-05-28 18-02-02\" alt=\"Chaves&#039;in bitti\u011fini ve Kruijswijk&#039;\u0131n de g\u00f6zden kayboldu\u011funu g\u00f6ren eski t\u00fcfek Valverde kendisi i\u00e7in yeniden podyum \u015fans\u0131 do\u011fdu\u011funu g\u00f6r\u00fcnce Chaves&#039;i geride b\u0131rak\u0131p yoluna devam etti; ama Chaves&#039;in o kadar erken pes etmeye niyeti yoktu. Nitekim arad\u0131\u011f\u0131 kan bir ba\u015fka Kolombiyal\u0131dan, Rigoberto Uran Uran&#039;dan geldi.\" style=\"width: 289px; height: 161px;\" \/> <\/a> <div class=\"tiled-gallery-caption\" itemprop=\"caption description\"> Chaves&#8217;in bitti\u011fini ve Kruijswijk&#8217;\u0131n de g\u00f6zden kayboldu\u011funu g\u00f6ren eski t\u00fcfek Valverde kendisi i\u00e7in yeniden podyum \u015fans\u0131 do\u011fdu\u011funu g\u00f6r\u00fcnce Chaves&#8217;i geride b\u0131rak\u0131p yoluna devam etti; ama Chaves&#8217;in o kadar erken pes etmeye niyeti yoktu. Nitekim arad\u0131\u011f\u0131 kan bir ba\u015fka Kolombiyal\u0131dan, Rigoberto Uran Uran&#8217;dan geldi. <\/div> <\/div> <\/div> <!-- close group --> <div class=\"gallery-group images-7\" style=\"width: 281px; height: 1187px;\" data-original-width=\"281\" data-original-height=\"1187\" > <div class=\"tiled-gallery-item tiled-gallery-item-large\" itemprop=\"associatedMedia\" itemscope itemtype=\"http:\/\/schema.org\/ImageObject\"> <a href=\"https:\/\/i0.wp.com\/aynakol.org\/wp-content\/uploads\/2016\/05\/Ekran-G%C3%B6r%C3%BCnt%C3%BCs%C3%BC-2016-05-28-18-08-25.png\" border=\"0\" itemprop=\"url\"> <meta itemprop=\"width\" content=\"277\"> <meta itemprop=\"height\" content=\"155\"> <img decoding=\"async\" class=\"\" data-attachment-id=\"3538\" data-orig-file=\"http:\/\/aynakol.org\/wp-content\/uploads\/2016\/05\/Ekran-G\u00f6r\u00fcnt\u00fcs\u00fc-2016-05-28-18-08-25.png\" data-orig-size=\"741,415\" data-comments-opened=\"1\" data-image-meta=\"{&quot;aperture&quot;:&quot;0&quot;,&quot;credit&quot;:&quot;&quot;,&quot;camera&quot;:&quot;&quot;,&quot;caption&quot;:&quot;&quot;,&quot;created_timestamp&quot;:&quot;0&quot;,&quot;copyright&quot;:&quot;&quot;,&quot;focal_length&quot;:&quot;0&quot;,&quot;iso&quot;:&quot;0&quot;,&quot;shutter_speed&quot;:&quot;0&quot;,&quot;title&quot;:&quot;&quot;,&quot;orientation&quot;:&quot;0&quot;}\" data-image-title=\"Ekran G\u00f6r\u00fcnt\u00fcs\u00fc &amp;#8211; 2016-05-28 18-08-25\" data-image-description=\"\" data-medium-file=\"https:\/\/i0.wp.com\/aynakol.org\/wp-content\/uploads\/2016\/05\/Ekran-G%C3%B6r%C3%BCnt%C3%BCs%C3%BC-2016-05-28-18-08-25.png?fit=300%2C168\" data-large-file=\"https:\/\/i0.wp.com\/aynakol.org\/wp-content\/uploads\/2016\/05\/Ekran-G%C3%B6r%C3%BCnt%C3%BCs%C3%BC-2016-05-28-18-08-25.png?fit=741%2C415\" src=\"https:\/\/i0.wp.com\/aynakol.org\/wp-content\/uploads\/2016\/05\/Ekran-G%C3%B6r%C3%BCnt%C3%BCs%C3%BC-2016-05-28-18-08-25.png?w=277&#038;h=155\" width=\"277\" height=\"155\" loading=\"lazy\" data-original-width=\"277\" data-original-height=\"155\" itemprop=\"http:\/\/schema.org\/image\" title=\"Ekran G\u00f6r\u00fcnt\u00fcs\u00fc - 2016-05-28 18-08-25\" alt=\"Chaves ve Valverde&#039;nin ata\u011f\u0131na herhangi bir cevap veremedi\u011fini g\u00f6r\u00fcnce Nibali t\u00fcm g\u00fcc\u00fcn\u00fc kullanarak t\u0131rmanmaya ba\u015flarken geride kalan ikiliye bir isim daha, Rigoberto Uran Uran kat\u0131ld\u0131. \u0130ki Kolombiyal\u0131 birlikte \u00e7al\u0131\u015farak Nibali ile olan fark\u0131 kapatmaya \u00e7al\u0131\u015fsalar da ba\u015far\u0131l\u0131 olamad\u0131lar.\" style=\"width: 277px; height: 155px;\" \/> <\/a> <div class=\"tiled-gallery-caption\" itemprop=\"caption description\"> Chaves ve Valverde&#8217;nin ata\u011f\u0131na herhangi bir cevap veremedi\u011fini g\u00f6r\u00fcnce Nibali t\u00fcm g\u00fcc\u00fcn\u00fc kullanarak t\u0131rmanmaya ba\u015flarken geride kalan ikiliye bir isim daha, Rigoberto Uran Uran kat\u0131ld\u0131. \u0130ki Kolombiyal\u0131 birlikte \u00e7al\u0131\u015farak Nibali ile olan fark\u0131 kapatmaya \u00e7al\u0131\u015fsalar da ba\u015far\u0131l\u0131 olamad\u0131lar. <\/div> <\/div> <div class=\"tiled-gallery-item tiled-gallery-item-large\" itemprop=\"associatedMedia\" itemscope itemtype=\"http:\/\/schema.org\/ImageObject\"> <a href=\"https:\/\/i0.wp.com\/aynakol.org\/wp-content\/uploads\/2016\/05\/Ekran-G%C3%B6r%C3%BCnt%C3%BCs%C3%BC-2016-05-28-18-09-54.png\" border=\"0\" itemprop=\"url\"> <meta itemprop=\"width\" content=\"277\"> <meta itemprop=\"height\" content=\"151\"> <img decoding=\"async\" class=\"\" data-attachment-id=\"3537\" data-orig-file=\"http:\/\/aynakol.org\/wp-content\/uploads\/2016\/05\/Ekran-G\u00f6r\u00fcnt\u00fcs\u00fc-2016-05-28-18-09-54.png\" data-orig-size=\"755,411\" data-comments-opened=\"1\" data-image-meta=\"{&quot;aperture&quot;:&quot;0&quot;,&quot;credit&quot;:&quot;&quot;,&quot;camera&quot;:&quot;&quot;,&quot;caption&quot;:&quot;&quot;,&quot;created_timestamp&quot;:&quot;0&quot;,&quot;copyright&quot;:&quot;&quot;,&quot;focal_length&quot;:&quot;0&quot;,&quot;iso&quot;:&quot;0&quot;,&quot;shutter_speed&quot;:&quot;0&quot;,&quot;title&quot;:&quot;&quot;,&quot;orientation&quot;:&quot;0&quot;}\" data-image-title=\"Ekran G\u00f6r\u00fcnt\u00fcs\u00fc &amp;#8211; 2016-05-28 18-09-54\" data-image-description=\"\" data-medium-file=\"https:\/\/i0.wp.com\/aynakol.org\/wp-content\/uploads\/2016\/05\/Ekran-G%C3%B6r%C3%BCnt%C3%BCs%C3%BC-2016-05-28-18-09-54.png?fit=300%2C163\" data-large-file=\"https:\/\/i0.wp.com\/aynakol.org\/wp-content\/uploads\/2016\/05\/Ekran-G%C3%B6r%C3%BCnt%C3%BCs%C3%BC-2016-05-28-18-09-54.png?fit=755%2C411\" src=\"https:\/\/i0.wp.com\/aynakol.org\/wp-content\/uploads\/2016\/05\/Ekran-G%C3%B6r%C3%BCnt%C3%BCs%C3%BC-2016-05-28-18-09-54.png?w=277&#038;h=151\" width=\"277\" height=\"151\" loading=\"lazy\" data-original-width=\"277\" data-original-height=\"151\" itemprop=\"http:\/\/schema.org\/image\" title=\"Ekran G\u00f6r\u00fcnt\u00fcs\u00fc - 2016-05-28 18-09-54\" alt=\"Ve Nibali... Ata\u011f\u0131n\u0131 yap\u0131p Valverde, Uran ve pembe mayo Chaves&#039;i silkeledikten sonra tak\u0131m arkada\u015f\u0131 Tanel Kangert ile bulu\u015ftu; zira tak\u0131m\u0131n takti\u011fi de g\u00fcn\u00fcn ka\u00e7\u0131\u015f grubuna adam sokup Nibali i\u00e7in istasyon g\u00f6revi g\u00f6rmeleriydi, ba\u015far\u0131l\u0131 da oldular. \u00d6nce Scarponi, sonra Kangert Nibali i\u00e7in t\u00fcm enerjilerini t\u00fckettiler. \u00d6zellikle Kangert&#039;in Lombarda ge\u00e7idinin zirvesinin ortas\u0131nda Nibali i\u00e7in \u00e7al\u0131\u015fmas\u0131 takip \u00fc\u00e7l\u00fcs\u00fcn\u00fcn silkelenmesinde b\u00fcy\u00fck rol oynad\u0131.\" style=\"width: 277px; height: 151px;\" \/> <\/a> <div class=\"tiled-gallery-caption\" itemprop=\"caption description\"> Ve Nibali&#8230; Ata\u011f\u0131n\u0131 yap\u0131p Valverde, Uran ve pembe mayo Chaves&#8217;i silkeledikten sonra tak\u0131m arkada\u015f\u0131 Tanel Kangert ile bulu\u015ftu; zira tak\u0131m\u0131n takti\u011fi de g\u00fcn\u00fcn ka\u00e7\u0131\u015f grubuna adam sokup Nibali i\u00e7in istasyon g\u00f6revi g\u00f6rmeleriydi, ba\u015far\u0131l\u0131 da oldular. \u00d6nce Scarponi, sonra Kangert Nibali i\u00e7in t\u00fcm enerjilerini t\u00fckettiler. \u00d6zellikle Kangert&#8217;in Lombarda ge\u00e7idinin zirvesinin ortas\u0131nda Nibali i\u00e7in \u00e7al\u0131\u015fmas\u0131 takip \u00fc\u00e7l\u00fcs\u00fcn\u00fcn silkelenmesinde b\u00fcy\u00fck rol oynad\u0131. <\/div> <\/div> <div class=\"tiled-gallery-item tiled-gallery-item-large\" itemprop=\"associatedMedia\" itemscope itemtype=\"http:\/\/schema.org\/ImageObject\"> <a href=\"https:\/\/i0.wp.com\/aynakol.org\/wp-content\/uploads\/2016\/05\/Giro2016_stage20_Nibali_attacked_1.jpg\" border=\"0\" itemprop=\"url\"> <meta itemprop=\"width\" content=\"277\"> <meta itemprop=\"height\" content=\"196\"> <img decoding=\"async\" class=\"\" data-attachment-id=\"3560\" data-orig-file=\"http:\/\/aynakol.org\/wp-content\/uploads\/2016\/05\/Giro2016_stage20_Nibali_attacked_1.jpg\" data-orig-size=\"1024,722\" data-comments-opened=\"1\" data-image-meta=\"{&quot;aperture&quot;:&quot;0&quot;,&quot;credit&quot;:&quot;&quot;,&quot;camera&quot;:&quot;&quot;,&quot;caption&quot;:&quot;&quot;,&quot;created_timestamp&quot;:&quot;0&quot;,&quot;copyright&quot;:&quot;&quot;,&quot;focal_length&quot;:&quot;0&quot;,&quot;iso&quot;:&quot;0&quot;,&quot;shutter_speed&quot;:&quot;0&quot;,&quot;title&quot;:&quot;&quot;,&quot;orientation&quot;:&quot;0&quot;}\" data-image-title=\"Giro2016_stage20_Nibali_attacked_1\" data-image-description=\"\" data-medium-file=\"https:\/\/i0.wp.com\/aynakol.org\/wp-content\/uploads\/2016\/05\/Giro2016_stage20_Nibali_attacked_1.jpg?fit=300%2C212\" data-large-file=\"https:\/\/i0.wp.com\/aynakol.org\/wp-content\/uploads\/2016\/05\/Giro2016_stage20_Nibali_attacked_1.jpg?fit=860%2C606\" src=\"https:\/\/i0.wp.com\/aynakol.org\/wp-content\/uploads\/2016\/05\/Giro2016_stage20_Nibali_attacked_1.jpg?w=277&#038;h=196\" srcset=\"https:\/\/i0.wp.com\/aynakol.org\/wp-content\/uploads\/2016\/05\/Giro2016_stage20_Nibali_attacked_1.jpg?w=1024 1024w, https:\/\/i0.wp.com\/aynakol.org\/wp-content\/uploads\/2016\/05\/Giro2016_stage20_Nibali_attacked_1.jpg?resize=300%2C212 300w, https:\/\/i0.wp.com\/aynakol.org\/wp-content\/uploads\/2016\/05\/Giro2016_stage20_Nibali_attacked_1.jpg?resize=768%2C542 768w, https:\/\/i0.wp.com\/aynakol.org\/wp-content\/uploads\/2016\/05\/Giro2016_stage20_Nibali_attacked_1.jpg?resize=100%2C70 100w\" width=\"277\" height=\"196\" loading=\"lazy\" data-original-width=\"277\" data-original-height=\"196\" itemprop=\"http:\/\/schema.org\/image\" title=\"Giro2016_stage20_Nibali_attacked_1\" alt=\"Art\u0131k son 2 km! Rein Taaramae \u00e7oktan biti\u015f \u00e7izgisini ge\u00e7ip so\u011fumaya ba\u015flam\u0131\u015fken Nibali&#039;de varg\u00fcc\u00fcyle ata\u011f\u0131n\u0131 s\u00fcrd\u00fcr\u00fck pembe mayo ile olan zaman fark\u0131n\u0131 eritmeye \u00e7al\u0131\u015f\u0131yor. Yol kenar\u0131nda \u0130talyanlar\u0131n \u00e7o\u011funlukta oldu\u011fu seyircilerin deste\u011fi b\u00fcy\u00fck, \u00e7\u0131lg\u0131nlar gibi Nibali&#039;nin yan\u0131nda ko\u015fanlar, \u00e7\u0131\u011fl\u0131k atanlar...\" style=\"width: 277px; height: 196px;\" \/> <\/a> <div class=\"tiled-gallery-caption\" itemprop=\"caption description\"> Art\u0131k son 2 km! Rein Taaramae \u00e7oktan biti\u015f \u00e7izgisini ge\u00e7ip so\u011fumaya ba\u015flam\u0131\u015fken Nibali&#8217;de varg\u00fcc\u00fcyle ata\u011f\u0131n\u0131 s\u00fcrd\u00fcr\u00fck pembe mayo ile olan zaman fark\u0131n\u0131 eritmeye \u00e7al\u0131\u015f\u0131yor. Yol kenar\u0131nda \u0130talyanlar\u0131n \u00e7o\u011funlukta oldu\u011fu seyircilerin deste\u011fi b\u00fcy\u00fck, \u00e7\u0131lg\u0131nlar gibi Nibali&#8217;nin yan\u0131nda ko\u015fanlar, \u00e7\u0131\u011fl\u0131k atanlar&#8230; <\/div> <\/div> <div class=\"tiled-gallery-item tiled-gallery-item-large\" itemprop=\"associatedMedia\" itemscope itemtype=\"http:\/\/schema.org\/ImageObject\"> <a href=\"https:\/\/i0.wp.com\/aynakol.org\/wp-content\/uploads\/2016\/05\/Ekran-G%C3%B6r%C3%BCnt%C3%BCs%C3%BC-2016-05-28-18-27-24.png\" border=\"0\" itemprop=\"url\"> <meta itemprop=\"width\" content=\"277\"> <meta itemprop=\"height\" content=\"149\"> <img decoding=\"async\" class=\"\" data-attachment-id=\"3552\" data-orig-file=\"http:\/\/aynakol.org\/wp-content\/uploads\/2016\/05\/Ekran-G\u00f6r\u00fcnt\u00fcs\u00fc-2016-05-28-18-27-24.png\" data-orig-size=\"851,458\" data-comments-opened=\"1\" data-image-meta=\"{&quot;aperture&quot;:&quot;0&quot;,&quot;credit&quot;:&quot;&quot;,&quot;camera&quot;:&quot;&quot;,&quot;caption&quot;:&quot;&quot;,&quot;created_timestamp&quot;:&quot;0&quot;,&quot;copyright&quot;:&quot;&quot;,&quot;focal_length&quot;:&quot;0&quot;,&quot;iso&quot;:&quot;0&quot;,&quot;shutter_speed&quot;:&quot;0&quot;,&quot;title&quot;:&quot;&quot;,&quot;orientation&quot;:&quot;0&quot;}\" data-image-title=\"Ekran G\u00f6r\u00fcnt\u00fcs\u00fc &amp;#8211; 2016-05-28 18-27-24\" data-image-description=\"\" data-medium-file=\"https:\/\/i0.wp.com\/aynakol.org\/wp-content\/uploads\/2016\/05\/Ekran-G%C3%B6r%C3%BCnt%C3%BCs%C3%BC-2016-05-28-18-27-24.png?fit=300%2C161\" data-large-file=\"https:\/\/i0.wp.com\/aynakol.org\/wp-content\/uploads\/2016\/05\/Ekran-G%C3%B6r%C3%BCnt%C3%BCs%C3%BC-2016-05-28-18-27-24.png?fit=851%2C458\" src=\"https:\/\/i0.wp.com\/aynakol.org\/wp-content\/uploads\/2016\/05\/Ekran-G%C3%B6r%C3%BCnt%C3%BCs%C3%BC-2016-05-28-18-27-24.png?w=277&#038;h=149\" width=\"277\" height=\"149\" loading=\"lazy\" data-original-width=\"277\" data-original-height=\"149\" itemprop=\"http:\/\/schema.org\/image\" title=\"Ekran G\u00f6r\u00fcnt\u00fcs\u00fc - 2016-05-28 18-27-24\" alt=\"Fark a\u00e7mak i\u00e7in son \u00e7abalar...\" style=\"width: 277px; height: 149px;\" \/> <\/a> <div class=\"tiled-gallery-caption\" itemprop=\"caption description\"> Fark a\u00e7mak i\u00e7in son \u00e7abalar&#8230; <\/div> <\/div> <div class=\"tiled-gallery-item tiled-gallery-item-large\" itemprop=\"associatedMedia\" itemscope itemtype=\"http:\/\/schema.org\/ImageObject\"> <a href=\"https:\/\/i0.wp.com\/aynakol.org\/wp-content\/uploads\/2016\/05\/Giro2016_stage20_winner_Rein_Taaramae-e1464461161599.jpg\" border=\"0\" itemprop=\"url\"> <meta itemprop=\"width\" content=\"277\"> <meta itemprop=\"height\" content=\"165\"> <img decoding=\"async\" class=\"\" data-attachment-id=\"3563\" data-orig-file=\"http:\/\/aynakol.org\/wp-content\/uploads\/2016\/05\/Giro2016_stage20_winner_Rein_Taaramae-e1464461161599.jpg\" data-orig-size=\"694,414\" data-comments-opened=\"1\" data-image-meta=\"{&quot;aperture&quot;:&quot;0&quot;,&quot;credit&quot;:&quot;&quot;,&quot;camera&quot;:&quot;&quot;,&quot;caption&quot;:&quot;&quot;,&quot;created_timestamp&quot;:&quot;0&quot;,&quot;copyright&quot;:&quot;&quot;,&quot;focal_length&quot;:&quot;0&quot;,&quot;iso&quot;:&quot;0&quot;,&quot;shutter_speed&quot;:&quot;0&quot;,&quot;title&quot;:&quot;&quot;,&quot;orientation&quot;:&quot;0&quot;}\" data-image-title=\"Giro2016_stage20_winner_Rein_Taaramae\" data-image-description=\"\" data-medium-file=\"https:\/\/i0.wp.com\/aynakol.org\/wp-content\/uploads\/2016\/05\/Giro2016_stage20_winner_Rein_Taaramae-e1464461161599.jpg?fit=300%2C179\" data-large-file=\"https:\/\/i0.wp.com\/aynakol.org\/wp-content\/uploads\/2016\/05\/Giro2016_stage20_winner_Rein_Taaramae-e1464461161599.jpg?fit=694%2C414\" src=\"https:\/\/i0.wp.com\/aynakol.org\/wp-content\/uploads\/2016\/05\/Giro2016_stage20_winner_Rein_Taaramae-e1464461161599.jpg?w=277&#038;h=165\" srcset=\"https:\/\/i0.wp.com\/aynakol.org\/wp-content\/uploads\/2016\/05\/Giro2016_stage20_winner_Rein_Taaramae-e1464461161599.jpg?w=694 694w, https:\/\/i0.wp.com\/aynakol.org\/wp-content\/uploads\/2016\/05\/Giro2016_stage20_winner_Rein_Taaramae-e1464461161599.jpg?resize=300%2C179 300w\" width=\"277\" height=\"165\" loading=\"lazy\" data-original-width=\"277\" data-original-height=\"165\" itemprop=\"http:\/\/schema.org\/image\" title=\"Giro2016_stage20_winner_Rein_Taaramae\" alt=\"Ve zafer... Ka\u00e7\u0131\u015f grubunun bir anl\u0131k zaaf\u0131n\u0131 iyi sezerek do\u011fru yerde ata\u011f\u0131n\u0131 yapan Rein Taaramae tak\u0131m\u0131n\u0131 onurland\u0131rarak etap zaferine uzan\u0131rken g\u00f6zler pembe mayonun son haline \u00e7evrilmi\u015fti.\" style=\"width: 277px; height: 165px;\" \/> <\/a> <div class=\"tiled-gallery-caption\" itemprop=\"caption description\"> Ve zafer&#8230; Ka\u00e7\u0131\u015f grubunun bir anl\u0131k zaaf\u0131n\u0131 iyi sezerek do\u011fru yerde ata\u011f\u0131n\u0131 yapan Rein Taaramae tak\u0131m\u0131n\u0131 onurland\u0131rarak etap zaferine uzan\u0131rken g\u00f6zler pembe mayonun son haline \u00e7evrilmi\u015fti. <\/div> <\/div> <div class=\"tiled-gallery-item tiled-gallery-item-large\" itemprop=\"associatedMedia\" itemscope itemtype=\"http:\/\/schema.org\/ImageObject\"> <a href=\"https:\/\/i0.wp.com\/aynakol.org\/wp-content\/uploads\/2016\/05\/Ekran-G%C3%B6r%C3%BCnt%C3%BCs%C3%BC-2016-05-28-18-27-50.png\" border=\"0\" itemprop=\"url\"> <meta itemprop=\"width\" content=\"277\"> <meta itemprop=\"height\" content=\"158\"> <img decoding=\"async\" class=\"\" data-attachment-id=\"3539\" data-orig-file=\"http:\/\/aynakol.org\/wp-content\/uploads\/2016\/05\/Ekran-G\u00f6r\u00fcnt\u00fcs\u00fc-2016-05-28-18-27-50.png\" data-orig-size=\"848,484\" data-comments-opened=\"1\" data-image-meta=\"{&quot;aperture&quot;:&quot;0&quot;,&quot;credit&quot;:&quot;&quot;,&quot;camera&quot;:&quot;&quot;,&quot;caption&quot;:&quot;&quot;,&quot;created_timestamp&quot;:&quot;0&quot;,&quot;copyright&quot;:&quot;&quot;,&quot;focal_length&quot;:&quot;0&quot;,&quot;iso&quot;:&quot;0&quot;,&quot;shutter_speed&quot;:&quot;0&quot;,&quot;title&quot;:&quot;&quot;,&quot;orientation&quot;:&quot;0&quot;}\" data-image-title=\"Ekran G\u00f6r\u00fcnt\u00fcs\u00fc &amp;#8211; 2016-05-28 18-27-50\" data-image-description=\"\" data-medium-file=\"https:\/\/i0.wp.com\/aynakol.org\/wp-content\/uploads\/2016\/05\/Ekran-G%C3%B6r%C3%BCnt%C3%BCs%C3%BC-2016-05-28-18-27-50.png?fit=300%2C171\" data-large-file=\"https:\/\/i0.wp.com\/aynakol.org\/wp-content\/uploads\/2016\/05\/Ekran-G%C3%B6r%C3%BCnt%C3%BCs%C3%BC-2016-05-28-18-27-50.png?fit=848%2C484\" src=\"https:\/\/i0.wp.com\/aynakol.org\/wp-content\/uploads\/2016\/05\/Ekran-G%C3%B6r%C3%BCnt%C3%BCs%C3%BC-2016-05-28-18-27-50.png?w=277&#038;h=158\" width=\"277\" height=\"158\" loading=\"lazy\" data-original-width=\"277\" data-original-height=\"158\" itemprop=\"http:\/\/schema.org\/image\" title=\"Ekran G\u00f6r\u00fcnt\u00fcs\u00fc - 2016-05-28 18-27-50\" alt=\"Son metrelerde nefesler tutulmu\u015fken biti\u015f \u00e7izgisinden ge\u00e7en Nibali&#039;nin sevinmesi i\u00e7in hen\u00fcz erken; zafer kesin ama pembe mayo beklenmeli. \u015eimdi son s\u00f6z kronometrede!\" style=\"width: 277px; height: 158px;\" \/> <\/a> <div class=\"tiled-gallery-caption\" itemprop=\"caption description\"> Son metrelerde nefesler tutulmu\u015fken biti\u015f \u00e7izgisinden ge\u00e7en Nibali&#8217;nin sevinmesi i\u00e7in hen\u00fcz erken; zafer kesin ama pembe mayo beklenmeli. \u015eimdi son s\u00f6z kronometrede! <\/div> <\/div> <div class=\"tiled-gallery-item tiled-gallery-item-large\" itemprop=\"associatedMedia\" itemscope itemtype=\"http:\/\/schema.org\/ImageObject\"> <a href=\"https:\/\/i0.wp.com\/aynakol.org\/wp-content\/uploads\/2016\/05\/Giro2016_stage20_Nibali_crossed_to_the_finish_line.jpg\" border=\"0\" itemprop=\"url\"> <meta itemprop=\"width\" content=\"277\"> <meta itemprop=\"height\" content=\"185\"> <img decoding=\"async\" class=\"\" data-attachment-id=\"3562\" data-orig-file=\"http:\/\/aynakol.org\/wp-content\/uploads\/2016\/05\/Giro2016_stage20_Nibali_crossed_to_the_finish_line.jpg\" data-orig-size=\"960,640\" data-comments-opened=\"1\" data-image-meta=\"{&quot;aperture&quot;:&quot;0&quot;,&quot;credit&quot;:&quot;&quot;,&quot;camera&quot;:&quot;&quot;,&quot;caption&quot;:&quot;&quot;,&quot;created_timestamp&quot;:&quot;0&quot;,&quot;copyright&quot;:&quot;&quot;,&quot;focal_length&quot;:&quot;0&quot;,&quot;iso&quot;:&quot;0&quot;,&quot;shutter_speed&quot;:&quot;0&quot;,&quot;title&quot;:&quot;&quot;,&quot;orientation&quot;:&quot;0&quot;}\" data-image-title=\"Giro2016_stage20_Nibali_crossed_to_the_finish_line\" data-image-description=\"\" data-medium-file=\"https:\/\/i0.wp.com\/aynakol.org\/wp-content\/uploads\/2016\/05\/Giro2016_stage20_Nibali_crossed_to_the_finish_line.jpg?fit=300%2C200\" data-large-file=\"https:\/\/i0.wp.com\/aynakol.org\/wp-content\/uploads\/2016\/05\/Giro2016_stage20_Nibali_crossed_to_the_finish_line.jpg?fit=860%2C573\" src=\"https:\/\/i0.wp.com\/aynakol.org\/wp-content\/uploads\/2016\/05\/Giro2016_stage20_Nibali_crossed_to_the_finish_line.jpg?w=277&#038;h=185\" srcset=\"https:\/\/i0.wp.com\/aynakol.org\/wp-content\/uploads\/2016\/05\/Giro2016_stage20_Nibali_crossed_to_the_finish_line.jpg?w=960 960w, https:\/\/i0.wp.com\/aynakol.org\/wp-content\/uploads\/2016\/05\/Giro2016_stage20_Nibali_crossed_to_the_finish_line.jpg?resize=300%2C200 300w, https:\/\/i0.wp.com\/aynakol.org\/wp-content\/uploads\/2016\/05\/Giro2016_stage20_Nibali_crossed_to_the_finish_line.jpg?resize=768%2C512 768w\" width=\"277\" height=\"185\" loading=\"lazy\" data-original-width=\"277\" data-original-height=\"185\" itemprop=\"http:\/\/schema.org\/image\" title=\"Giro2016_stage20_Nibali_crossed_to_the_finish_line\" alt=\"Mutlu son! Nibali biti\u015f \u00e7izgisini ge\u00e7erken g\u00f6zler Chavesi bekliyor, ya Cahaves son metrelerde a\u015fka gelip mayonun onuru i\u00e7in atak yap\u0131p zaman fark\u0131n\u0131n a\u00e7\u0131lmas\u0131na izin vermezse?\" style=\"width: 277px; height: 185px;\" \/> <\/a> <div class=\"tiled-gallery-caption\" itemprop=\"caption description\"> Mutlu son! Nibali biti\u015f \u00e7izgisini ge\u00e7erken g\u00f6zler Chavesi bekliyor, ya Cahaves son metrelerde a\u015fka gelip mayonun onuru i\u00e7in atak yap\u0131p zaman fark\u0131n\u0131n a\u00e7\u0131lmas\u0131na izin vermezse? <\/div> <\/div> <\/div> <!-- close group --> <div class=\"gallery-group images-7\" style=\"width: 286px; height: 1187px;\" data-original-width=\"286\" data-original-height=\"1187\" > <div class=\"tiled-gallery-item tiled-gallery-item-large\" itemprop=\"associatedMedia\" itemscope itemtype=\"http:\/\/schema.org\/ImageObject\"> <a href=\"https:\/\/i0.wp.com\/aynakol.org\/wp-content\/uploads\/2016\/05\/Giro2016_stage20_Chaves_crossed_to_the_finish_line.jpg\" border=\"0\" itemprop=\"url\"> <meta itemprop=\"width\" content=\"282\"> <meta itemprop=\"height\" content=\"188\"> <img decoding=\"async\" class=\"\" data-attachment-id=\"3561\" data-orig-file=\"http:\/\/aynakol.org\/wp-content\/uploads\/2016\/05\/Giro2016_stage20_Chaves_crossed_to_the_finish_line.jpg\" data-orig-size=\"960,640\" data-comments-opened=\"1\" data-image-meta=\"{&quot;aperture&quot;:&quot;0&quot;,&quot;credit&quot;:&quot;&quot;,&quot;camera&quot;:&quot;&quot;,&quot;caption&quot;:&quot;&quot;,&quot;created_timestamp&quot;:&quot;0&quot;,&quot;copyright&quot;:&quot;&quot;,&quot;focal_length&quot;:&quot;0&quot;,&quot;iso&quot;:&quot;0&quot;,&quot;shutter_speed&quot;:&quot;0&quot;,&quot;title&quot;:&quot;&quot;,&quot;orientation&quot;:&quot;0&quot;}\" data-image-title=\"Giro2016_stage20_Chaves_crossed_to_the_finish_line\" data-image-description=\"\" data-medium-file=\"https:\/\/i0.wp.com\/aynakol.org\/wp-content\/uploads\/2016\/05\/Giro2016_stage20_Chaves_crossed_to_the_finish_line.jpg?fit=300%2C200\" data-large-file=\"https:\/\/i0.wp.com\/aynakol.org\/wp-content\/uploads\/2016\/05\/Giro2016_stage20_Chaves_crossed_to_the_finish_line.jpg?fit=860%2C573\" src=\"https:\/\/i0.wp.com\/aynakol.org\/wp-content\/uploads\/2016\/05\/Giro2016_stage20_Chaves_crossed_to_the_finish_line.jpg?w=282&#038;h=188\" srcset=\"https:\/\/i0.wp.com\/aynakol.org\/wp-content\/uploads\/2016\/05\/Giro2016_stage20_Chaves_crossed_to_the_finish_line.jpg?w=960 960w, https:\/\/i0.wp.com\/aynakol.org\/wp-content\/uploads\/2016\/05\/Giro2016_stage20_Chaves_crossed_to_the_finish_line.jpg?resize=300%2C200 300w, https:\/\/i0.wp.com\/aynakol.org\/wp-content\/uploads\/2016\/05\/Giro2016_stage20_Chaves_crossed_to_the_finish_line.jpg?resize=768%2C512 768w\" width=\"282\" height=\"188\" loading=\"lazy\" data-original-width=\"282\" data-original-height=\"188\" itemprop=\"http:\/\/schema.org\/image\" title=\"Giro2016_stage20_Chaves_crossed_to_the_finish_line\" alt=\"Pembe mayoya elveda zaman\u0131... Chaves biti\u015f \u00e7izgisinden Nibali&#039;nin 1 dakika 20 saniye gerisinden gelirken ayn\u0131 anda \u00e7izgiden ge\u00e7en Michele Scarponi de &quot;kral \u00f6ld\u00fc, ya\u015fas\u0131n yeni kral&quot; diyerek zaferin tad\u0131n\u0131 \u00e7\u0131kart\u0131yordu.\" style=\"width: 282px; height: 188px;\" \/> <\/a> <div class=\"tiled-gallery-caption\" itemprop=\"caption description\"> Pembe mayoya elveda zaman\u0131&#8230; Chaves biti\u015f \u00e7izgisinden Nibali&#8217;nin 1 dakika 20 saniye gerisinden gelirken ayn\u0131 anda \u00e7izgiden ge\u00e7en Michele Scarponi de &#8220;kral \u00f6ld\u00fc, ya\u015fas\u0131n yeni kral&#8221; diyerek zaferin tad\u0131n\u0131 \u00e7\u0131kart\u0131yordu. <\/div> <\/div> <div class=\"tiled-gallery-item tiled-gallery-item-large\" itemprop=\"associatedMedia\" itemscope itemtype=\"http:\/\/schema.org\/ImageObject\"> <a href=\"https:\/\/i0.wp.com\/aynakol.org\/wp-content\/uploads\/2016\/05\/Ekran-G%C3%B6r%C3%BCnt%C3%BCs%C3%BC-2016-05-28-18-29-45.png\" border=\"0\" itemprop=\"url\"> <meta itemprop=\"width\" content=\"282\"> <meta itemprop=\"height\" content=\"156\"> <img decoding=\"async\" class=\"\" data-attachment-id=\"3542\" data-orig-file=\"http:\/\/aynakol.org\/wp-content\/uploads\/2016\/05\/Ekran-G\u00f6r\u00fcnt\u00fcs\u00fc-2016-05-28-18-29-45.png\" data-orig-size=\"852,471\" data-comments-opened=\"1\" data-image-meta=\"{&quot;aperture&quot;:&quot;0&quot;,&quot;credit&quot;:&quot;&quot;,&quot;camera&quot;:&quot;&quot;,&quot;caption&quot;:&quot;&quot;,&quot;created_timestamp&quot;:&quot;0&quot;,&quot;copyright&quot;:&quot;&quot;,&quot;focal_length&quot;:&quot;0&quot;,&quot;iso&quot;:&quot;0&quot;,&quot;shutter_speed&quot;:&quot;0&quot;,&quot;title&quot;:&quot;&quot;,&quot;orientation&quot;:&quot;0&quot;}\" data-image-title=\"Ekran G\u00f6r\u00fcnt\u00fcs\u00fc &amp;#8211; 2016-05-28 18-29-45\" data-image-description=\"\" data-medium-file=\"https:\/\/i0.wp.com\/aynakol.org\/wp-content\/uploads\/2016\/05\/Ekran-G%C3%B6r%C3%BCnt%C3%BCs%C3%BC-2016-05-28-18-29-45.png?fit=300%2C166\" data-large-file=\"https:\/\/i0.wp.com\/aynakol.org\/wp-content\/uploads\/2016\/05\/Ekran-G%C3%B6r%C3%BCnt%C3%BCs%C3%BC-2016-05-28-18-29-45.png?fit=852%2C471\" src=\"https:\/\/i0.wp.com\/aynakol.org\/wp-content\/uploads\/2016\/05\/Ekran-G%C3%B6r%C3%BCnt%C3%BCs%C3%BC-2016-05-28-18-29-45.png?w=282&#038;h=156\" width=\"282\" height=\"156\" loading=\"lazy\" data-original-width=\"282\" data-original-height=\"156\" itemprop=\"http:\/\/schema.org\/image\" title=\"Ekran G\u00f6r\u00fcnt\u00fcs\u00fc - 2016-05-28 18-29-45\" alt=\"Kan, ter, g\u00f6zya\u015f\u0131, ac\u0131 ve zafer... G\u00fcne pembe mayoyu giyerek ba\u015flayan Esteban Chaves&#039;in anne ve babas\u0131 da yar\u0131\u015f\u0131 zirvede izleyenler aras\u0131ndayd\u0131. Nibali ata\u011f\u0131n\u0131 yap\u0131p da Chaves&#039;i silkeledi\u011finde annesi g\u00f6zya\u015flar\u0131 i\u00e7indeydi. Biti\u015f \u00e7izgisinden ge\u00e7er ge\u00e7mez Nibali, ilk i\u015f Chaves&#039;in annesine sar\u0131l\u0131p \u00f6pt\u00fc. Spor, centilmenlik demektir!\" style=\"width: 282px; height: 156px;\" \/> <\/a> <div class=\"tiled-gallery-caption\" itemprop=\"caption description\"> Kan, ter, g\u00f6zya\u015f\u0131, ac\u0131 ve zafer&#8230; G\u00fcne pembe mayoyu giyerek ba\u015flayan Esteban Chaves&#8217;in anne ve babas\u0131 da yar\u0131\u015f\u0131 zirvede izleyenler aras\u0131ndayd\u0131. Nibali ata\u011f\u0131n\u0131 yap\u0131p da Chaves&#8217;i silkeledi\u011finde annesi g\u00f6zya\u015flar\u0131 i\u00e7indeydi. Biti\u015f \u00e7izgisinden ge\u00e7er ge\u00e7mez Nibali, ilk i\u015f Chaves&#8217;in annesine sar\u0131l\u0131p \u00f6pt\u00fc. Spor, centilmenlik demektir! <\/div> <\/div> <div class=\"tiled-gallery-item tiled-gallery-item-large\" itemprop=\"associatedMedia\" itemscope itemtype=\"http:\/\/schema.org\/ImageObject\"> <a href=\"https:\/\/i0.wp.com\/aynakol.org\/wp-content\/uploads\/2016\/05\/Ekran-G%C3%B6r%C3%BCnt%C3%BCs%C3%BC-2016-05-28-18-42-09.png\" border=\"0\" itemprop=\"url\"> <meta itemprop=\"width\" content=\"282\"> <meta itemprop=\"height\" content=\"151\"> <img decoding=\"async\" class=\"\" data-attachment-id=\"3550\" data-orig-file=\"http:\/\/aynakol.org\/wp-content\/uploads\/2016\/05\/Ekran-G\u00f6r\u00fcnt\u00fcs\u00fc-2016-05-28-18-42-09.png\" data-orig-size=\"848,453\" data-comments-opened=\"1\" data-image-meta=\"{&quot;aperture&quot;:&quot;0&quot;,&quot;credit&quot;:&quot;&quot;,&quot;camera&quot;:&quot;&quot;,&quot;caption&quot;:&quot;&quot;,&quot;created_timestamp&quot;:&quot;0&quot;,&quot;copyright&quot;:&quot;&quot;,&quot;focal_length&quot;:&quot;0&quot;,&quot;iso&quot;:&quot;0&quot;,&quot;shutter_speed&quot;:&quot;0&quot;,&quot;title&quot;:&quot;&quot;,&quot;orientation&quot;:&quot;0&quot;}\" data-image-title=\"Ekran G\u00f6r\u00fcnt\u00fcs\u00fc &amp;#8211; 2016-05-28 18-42-09\" data-image-description=\"\" data-medium-file=\"https:\/\/i0.wp.com\/aynakol.org\/wp-content\/uploads\/2016\/05\/Ekran-G%C3%B6r%C3%BCnt%C3%BCs%C3%BC-2016-05-28-18-42-09.png?fit=300%2C160\" data-large-file=\"https:\/\/i0.wp.com\/aynakol.org\/wp-content\/uploads\/2016\/05\/Ekran-G%C3%B6r%C3%BCnt%C3%BCs%C3%BC-2016-05-28-18-42-09.png?fit=848%2C453\" src=\"https:\/\/i0.wp.com\/aynakol.org\/wp-content\/uploads\/2016\/05\/Ekran-G%C3%B6r%C3%BCnt%C3%BCs%C3%BC-2016-05-28-18-42-09.png?w=282&#038;h=151\" width=\"282\" height=\"151\" loading=\"lazy\" data-original-width=\"282\" data-original-height=\"151\" itemprop=\"http:\/\/schema.org\/image\" title=\"Ekran G\u00f6r\u00fcnt\u00fcs\u00fc - 2016-05-28 18-42-09\" alt=\"Rein Taaramae podyumda. Bir g\u00fcn \u00f6nce liderlerini kaybetmenin ac\u0131s\u0131n\u0131 hi\u00e7 olmazsa etap zaferiyle hafifletmi\u015f oldu.\" style=\"width: 282px; height: 151px;\" \/> <\/a> <div class=\"tiled-gallery-caption\" itemprop=\"caption description\"> Rein Taaramae podyumda. Bir g\u00fcn \u00f6nce liderlerini kaybetmenin ac\u0131s\u0131n\u0131 hi\u00e7 olmazsa etap zaferiyle hafifletmi\u015f oldu. <\/div> <\/div> <div class=\"tiled-gallery-item tiled-gallery-item-large\" itemprop=\"associatedMedia\" itemscope itemtype=\"http:\/\/schema.org\/ImageObject\"> <a href=\"https:\/\/i0.wp.com\/aynakol.org\/wp-content\/uploads\/2016\/05\/Ekran-G%C3%B6nt%C3%BCs%C3%BC-2016-05-28-18-45-23-1.png\" border=\"0\" itemprop=\"url\"> <meta itemprop=\"width\" content=\"282\"> <meta itemprop=\"height\" content=\"157\"> <img decoding=\"async\" class=\"\" data-attachment-id=\"3554\" data-orig-file=\"http:\/\/aynakol.org\/wp-content\/uploads\/2016\/05\/Ekran-G\u00f6nt\u00fcs\u00fc-2016-05-28-18-45-23-1.png\" data-orig-size=\"854,477\" data-comments-opened=\"1\" data-image-meta=\"{&quot;aperture&quot;:&quot;0&quot;,&quot;credit&quot;:&quot;&quot;,&quot;camera&quot;:&quot;&quot;,&quot;caption&quot;:&quot;&quot;,&quot;created_timestamp&quot;:&quot;0&quot;,&quot;copyright&quot;:&quot;&quot;,&quot;focal_length&quot;:&quot;0&quot;,&quot;iso&quot;:&quot;0&quot;,&quot;shutter_speed&quot;:&quot;0&quot;,&quot;title&quot;:&quot;&quot;,&quot;orientation&quot;:&quot;0&quot;}\" data-image-title=\"Ekran G\u00f6nt\u00fcs\u00fc &amp;#8211; 2016-05-28 18-45-23 &amp;#8211; 1\" data-image-description=\"\" data-medium-file=\"https:\/\/i0.wp.com\/aynakol.org\/wp-content\/uploads\/2016\/05\/Ekran-G%C3%B6nt%C3%BCs%C3%BC-2016-05-28-18-45-23-1.png?fit=300%2C168\" data-large-file=\"https:\/\/i0.wp.com\/aynakol.org\/wp-content\/uploads\/2016\/05\/Ekran-G%C3%B6nt%C3%BCs%C3%BC-2016-05-28-18-45-23-1.png?fit=854%2C477\" src=\"https:\/\/i0.wp.com\/aynakol.org\/wp-content\/uploads\/2016\/05\/Ekran-G%C3%B6nt%C3%BCs%C3%BC-2016-05-28-18-45-23-1.png?w=282&#038;h=157\" width=\"282\" height=\"157\" loading=\"lazy\" data-original-width=\"282\" data-original-height=\"157\" itemprop=\"http:\/\/schema.org\/image\" title=\"Ekran G\u00f6nt\u00fcs\u00fc - 2016-05-28 18-45-23 - 1\" alt=\"Ve yeni lider podyumda!\" style=\"width: 282px; height: 157px;\" \/> <\/a> <div class=\"tiled-gallery-caption\" itemprop=\"caption description\"> Ve yeni lider podyumda! <\/div> <\/div> <div class=\"tiled-gallery-item tiled-gallery-item-large\" itemprop=\"associatedMedia\" itemscope itemtype=\"http:\/\/schema.org\/ImageObject\"> <a href=\"https:\/\/i0.wp.com\/aynakol.org\/wp-content\/uploads\/2016\/05\/Giro2016_stage20_Nibali_is_in_the_pink_jersey-e1464461690463.jpg\" border=\"0\" itemprop=\"url\"> <meta itemprop=\"width\" content=\"282\"> <meta itemprop=\"height\" content=\"191\"> <img decoding=\"async\" class=\"\" data-attachment-id=\"3559\" data-orig-file=\"http:\/\/aynakol.org\/wp-content\/uploads\/2016\/05\/Giro2016_stage20_Nibali_is_in_the_pink_jersey-e1464461690463.jpg\" data-orig-size=\"678,459\" data-comments-opened=\"1\" data-image-meta=\"{&quot;aperture&quot;:&quot;0&quot;,&quot;credit&quot;:&quot;&quot;,&quot;camera&quot;:&quot;&quot;,&quot;caption&quot;:&quot;&quot;,&quot;created_timestamp&quot;:&quot;0&quot;,&quot;copyright&quot;:&quot;&quot;,&quot;focal_length&quot;:&quot;0&quot;,&quot;iso&quot;:&quot;0&quot;,&quot;shutter_speed&quot;:&quot;0&quot;,&quot;title&quot;:&quot;&quot;,&quot;orientation&quot;:&quot;0&quot;}\" data-image-title=\"Giro2016_stage20_Nibali_is_in_the_pink_jersey\" data-image-description=\"\" data-medium-file=\"https:\/\/i0.wp.com\/aynakol.org\/wp-content\/uploads\/2016\/05\/Giro2016_stage20_Nibali_is_in_the_pink_jersey-e1464461690463.jpg?fit=300%2C203\" data-large-file=\"https:\/\/i0.wp.com\/aynakol.org\/wp-content\/uploads\/2016\/05\/Giro2016_stage20_Nibali_is_in_the_pink_jersey-e1464461690463.jpg?fit=678%2C459\" src=\"https:\/\/i0.wp.com\/aynakol.org\/wp-content\/uploads\/2016\/05\/Giro2016_stage20_Nibali_is_in_the_pink_jersey-e1464461690463.jpg?w=282&#038;h=191\" srcset=\"https:\/\/i0.wp.com\/aynakol.org\/wp-content\/uploads\/2016\/05\/Giro2016_stage20_Nibali_is_in_the_pink_jersey-e1464461690463.jpg?w=678 678w, https:\/\/i0.wp.com\/aynakol.org\/wp-content\/uploads\/2016\/05\/Giro2016_stage20_Nibali_is_in_the_pink_jersey-e1464461690463.jpg?resize=300%2C203 300w\" width=\"282\" height=\"191\" loading=\"lazy\" data-original-width=\"282\" data-original-height=\"191\" itemprop=\"http:\/\/schema.org\/image\" title=\"Giro2016_stage20_Nibali_is_in_the_pink_jersey\" alt=\"Yar\u0131\u015f\u0131n ikinci haftas\u0131na \u00e7ok k\u00f6t\u00fc ba\u015flayan Nibali son iki etapta toparlayarak adeta k\u00fcllerinden yeniden do\u011fdu! D\u00fcnk\u00fc zorlu etab\u0131 kazanarak zaman fark\u0131n\u0131 4 dakikadan 1 dakikan\u0131n alt\u0131na \u00e7eken nibali, bug\u00fcn Chavesi son 12 kmde yapt\u0131\u011f\u0131 atakla silkeleyerek pembe mayoya uzand\u0131.\" style=\"width: 282px; height: 191px;\" \/> <\/a> <div class=\"tiled-gallery-caption\" itemprop=\"caption description\"> Yar\u0131\u015f\u0131n ikinci haftas\u0131na \u00e7ok k\u00f6t\u00fc ba\u015flayan Nibali son iki etapta toparlayarak adeta k\u00fcllerinden yeniden do\u011fdu! D\u00fcnk\u00fc zorlu etab\u0131 kazanarak zaman fark\u0131n\u0131 4 dakikadan 1 dakikan\u0131n alt\u0131na \u00e7eken nibali, bug\u00fcn Chavesi son 12 kmde yapt\u0131\u011f\u0131 atakla silkeleyerek pembe mayoya uzand\u0131. <\/div> <\/div> <div class=\"tiled-gallery-item tiled-gallery-item-large\" itemprop=\"associatedMedia\" itemscope itemtype=\"http:\/\/schema.org\/ImageObject\"> <a href=\"https:\/\/i0.wp.com\/aynakol.org\/wp-content\/uploads\/2016\/05\/Ekran-G%C3%B6r%C3%BCnt%C3%BCs%C3%BC-2016-05-28-18-58-04.png\" border=\"0\" itemprop=\"url\"> <meta itemprop=\"width\" content=\"282\"> <meta itemprop=\"height\" content=\"158\"> <img decoding=\"async\" class=\"\" data-attachment-id=\"3557\" data-orig-file=\"http:\/\/aynakol.org\/wp-content\/uploads\/2016\/05\/Ekran-G\u00f6r\u00fcnt\u00fcs\u00fc-2016-05-28-18-58-04.png\" data-orig-size=\"755,424\" data-comments-opened=\"1\" data-image-meta=\"{&quot;aperture&quot;:&quot;0&quot;,&quot;credit&quot;:&quot;&quot;,&quot;camera&quot;:&quot;&quot;,&quot;caption&quot;:&quot;&quot;,&quot;created_timestamp&quot;:&quot;0&quot;,&quot;copyright&quot;:&quot;&quot;,&quot;focal_length&quot;:&quot;0&quot;,&quot;iso&quot;:&quot;0&quot;,&quot;shutter_speed&quot;:&quot;0&quot;,&quot;title&quot;:&quot;&quot;,&quot;orientation&quot;:&quot;0&quot;}\" data-image-title=\"Ekran G\u00f6r\u00fcnt\u00fcs\u00fc &amp;#8211; 2016-05-28 18-58-04\" data-image-description=\"\" data-medium-file=\"https:\/\/i0.wp.com\/aynakol.org\/wp-content\/uploads\/2016\/05\/Ekran-G%C3%B6r%C3%BCnt%C3%BCs%C3%BC-2016-05-28-18-58-04.png?fit=300%2C168\" data-large-file=\"https:\/\/i0.wp.com\/aynakol.org\/wp-content\/uploads\/2016\/05\/Ekran-G%C3%B6r%C3%BCnt%C3%BCs%C3%BC-2016-05-28-18-58-04.png?fit=755%2C424\" src=\"https:\/\/i0.wp.com\/aynakol.org\/wp-content\/uploads\/2016\/05\/Ekran-G%C3%B6r%C3%BCnt%C3%BCs%C3%BC-2016-05-28-18-58-04.png?w=282&#038;h=158\" width=\"282\" height=\"158\" loading=\"lazy\" data-original-width=\"282\" data-original-height=\"158\" itemprop=\"http:\/\/schema.org\/image\" title=\"Ekran G\u00f6r\u00fcnt\u00fcs\u00fc - 2016-05-28 18-58-04\" alt=\"ve Nibali ikinci kez Giro \u015fampiyonlu\u011funa uzanm\u0131\u015f oldu.\" style=\"width: 282px; height: 158px;\" \/> <\/a> <div class=\"tiled-gallery-caption\" itemprop=\"caption description\"> ve Nibali ikinci kez Giro \u015fampiyonlu\u011funa uzanm\u0131\u015f oldu. <\/div> <\/div> <div class=\"tiled-gallery-item tiled-gallery-item-large\" itemprop=\"associatedMedia\" itemscope itemtype=\"http:\/\/schema.org\/ImageObject\"> <a href=\"https:\/\/i0.wp.com\/aynakol.org\/wp-content\/uploads\/2016\/05\/Ekran-G%C3%B6r%C3%BCnt%C3%BCs%C3%BC-2016-05-28-18-55-59.png\" border=\"0\" itemprop=\"url\"> <meta itemprop=\"width\" content=\"282\"> <meta itemprop=\"height\" content=\"158\"> <img decoding=\"async\" class=\"\" data-attachment-id=\"3556\" data-orig-file=\"http:\/\/aynakol.org\/wp-content\/uploads\/2016\/05\/Ekran-G\u00f6r\u00fcnt\u00fcs\u00fc-2016-05-28-18-55-59.png\" data-orig-size=\"748,418\" data-comments-opened=\"1\" data-image-meta=\"{&quot;aperture&quot;:&quot;0&quot;,&quot;credit&quot;:&quot;&quot;,&quot;camera&quot;:&quot;&quot;,&quot;caption&quot;:&quot;&quot;,&quot;created_timestamp&quot;:&quot;0&quot;,&quot;copyright&quot;:&quot;&quot;,&quot;focal_length&quot;:&quot;0&quot;,&quot;iso&quot;:&quot;0&quot;,&quot;shutter_speed&quot;:&quot;0&quot;,&quot;title&quot;:&quot;&quot;,&quot;orientation&quot;:&quot;0&quot;}\" data-image-title=\"Ekran G\u00f6r\u00fcnt\u00fcs\u00fc &amp;#8211; 2016-05-28 18-55-59\" data-image-description=\"\" data-medium-file=\"https:\/\/i0.wp.com\/aynakol.org\/wp-content\/uploads\/2016\/05\/Ekran-G%C3%B6r%C3%BCnt%C3%BCs%C3%BC-2016-05-28-18-55-59.png?fit=300%2C168\" data-large-file=\"https:\/\/i0.wp.com\/aynakol.org\/wp-content\/uploads\/2016\/05\/Ekran-G%C3%B6r%C3%BCnt%C3%BCs%C3%BC-2016-05-28-18-55-59.png?fit=748%2C418\" src=\"https:\/\/i0.wp.com\/aynakol.org\/wp-content\/uploads\/2016\/05\/Ekran-G%C3%B6r%C3%BCnt%C3%BCs%C3%BC-2016-05-28-18-55-59.png?w=282&#038;h=158\" width=\"282\" height=\"158\" loading=\"lazy\" data-original-width=\"282\" data-original-height=\"158\" itemprop=\"http:\/\/schema.org\/image\" title=\"Ekran G\u00f6r\u00fcnt\u00fcs\u00fc - 2016-05-28 18-55-59\" alt=\"Mikel Nieve de g\u00fcn i\u00e7inde yapt\u0131\u011f\u0131 t\u0131rman\u0131\u015f ataklar\u0131yla da\u011f ge\u00e7itlerinde toplad\u0131\u011f\u0131 puanlar sonras\u0131 da\u011flar\u0131n kral\u0131 mayosunu kazand\u0131.\" style=\"width: 282px; height: 158px;\" \/> <\/a> <div class=\"tiled-gallery-caption\" itemprop=\"caption description\"> Mikel Nieve de g\u00fcn i\u00e7inde yapt\u0131\u011f\u0131 t\u0131rman\u0131\u015f ataklar\u0131yla da\u011f ge\u00e7itlerinde toplad\u0131\u011f\u0131 puanlar sonras\u0131 da\u011flar\u0131n kral\u0131 mayosunu kazand\u0131. <\/div> <\/div> <\/div> <!-- close group --> <\/div> <!-- close row --> <\/div>\n<\/div>\n<p>&nbsp;<\/p>\n<div class=\"fbPhotoCaption fbPhotoAlbumHeaderText\"><span id=\"fbPhotoSnowliftCaption\" class=\"fbPhotosPhotoCaption\" style=\"font-family: georgia, palatino, serif; font-size: 12pt;\" tabindex=\"0\" data-ft=\"{&quot;tn&quot;:&quot;K&quot;}\"><span class=\"hasCaption\"><span id=\"fbPhotoSnowliftCaption\" class=\"fbPhotosPhotoCaption\" tabindex=\"0\" data-ft=\"{&quot;tn&quot;:&quot;K&quot;}\"><span class=\"hasCaption\"><strong>20. Etap sonras\u0131 daha fazla bilgi i\u00e7in:<\/strong><\/span><\/span><\/span><\/span><\/div>\n<ul style=\"list-style-type: circle;\">\n<li class=\"fbPhotoCaption fbPhotoAlbumHeaderText\"><span style=\"font-size: 12pt; font-family: georgia, palatino, serif;\">Ek\u015fi S\u00f6zl\u00fck yazar\u0131 Zeddicus zu l Zorender\u2019in kaleminden <a href=\"https:\/\/eksisozluk.com\/entry\/60798460\" target=\"_blank\">20. etap<\/a><\/span><\/li>\n<li class=\"fbPhotoCaption fbPhotoAlbumHeaderText\"><span style=\"font-family: georgia, palatino, serif; font-size: 12pt;\">S\u0131ral\u0131 tam liste: <a href=\"http:\/\/www.procyclingstats.com\/race\/Giro_Italia_2016_Stage_20_SantAnna_di_Vinadio\" target=\"_blank\">ProCycligngStats.com<\/a><\/span><\/li>\n<li class=\"fbPhotoCaption fbPhotoAlbumHeaderText\"><span style=\"font-family: georgia, palatino, serif; font-size: 12pt;\">Resmi siteden de \u00f6nce detayl\u0131 bilgi: <a href=\"http:\/\/www.steephill.tv\/giro-d-italia\/#20-results-2016\" target=\"_blank\">SteepHill.TV<\/a><\/span><\/li>\n<li class=\"fbPhotoCaption fbPhotoAlbumHeaderText\"><span style=\"font-family: georgia, palatino, serif; font-size: 12pt;\">Etaptan <a href=\"http:\/\/www.steephill.tv\/2016\/giro-d-italia\/photos\/stage-20\/\" target=\"_blank\">foto\u011fraflar<\/a>: <a href=\"http:\/\/velonews.competitor.com\/2016\/05\/gallery\/gallery-2016-giro-ditalia-stage-19_407664\" target=\"_blank\">VeloNews<\/a><\/span><\/li>\n<\/ul>\n","protected":false},"excerpt":{"rendered":"<p>D\u00fcnk\u00fc etapta neler olmu\u015ftu? Neler olmad\u0131 ki? Sonu kesin dedi\u011fimiz Giro&#8217;da Kruijswijk&#8217;in Colle Dell&#8217;Agnello ini\u015finde ya\u015fad\u0131\u011f\u0131 kaza sonras\u0131 kartlar yeniden da\u011f\u0131t\u0131ld\u0131&#8230; Etap zaferine Nibali uzan\u0131rken [&#8230;]<\/p>\n","protected":false},"author":1,"featured_media":3483,"comment_status":"open","ping_status":"open","sticky":false,"template":"","format":"standard","meta":{"jetpack_post_was_ever_published":false,"_jetpack_newsletter_access":"","_jetpack_dont_email_post_to_subs":false,"_jetpack_newsletter_tier_id":0,"_jetpack_memberships_contains_paywalled_content":false,"_jetpack_memberships_contains_paid_content":false,"footnotes":"","jetpack_publicize_message":"Maglla Rosa kimin olacak, bu h\u00e2l\u00e2 ortada bir soru. Chaves ve Nibali bu noktadan sonra sald\u0131r\u0131p mayoya ula\u015fmak isteyecektir, \u00f6zellikle de Nibali. Peki ya Kruijswijk? Daha d\u00fcne, kaza yapana dek Giro 2016'y\u0131 kesin kazanacak g\u00f6z\u00fcyle bak\u0131lan Steven Kruijswijk? Kaburga k\u0131r\u0131\u011f\u0131yla, daha taze yara ve ezikleriyle nas\u0131l m\u00fccadele edecek bu iki a\u00e7 kurda ve de k\u00fcrs\u00fcn\u00fcn \u00fc\u00e7\u00fcnc\u00fc basama\u011f\u0131na ula\u015fmak isteyen Valverde'ye kar\u015f\u0131? Giro, bu y\u00fczden g\u00fczel! Yenilerek m\u00fccadele etmeyi \u00f6\u011fretiyor.","jetpack_publicize_feature_enabled":true,"jetpack_social_post_already_shared":true,"jetpack_social_options":{"image_generator_settings":{"template":"highway","default_image_id":0,"font":"","enabled":false},"version":2}},"categories":[1239,92],"tags":[65,24,17,1261,1260,963,1263,1152,32,33,794,87,37,253,785,38,173,221,803,1258,1259,770,812,1265,1264,22,224,692,28,702,1262,1010,30,223],"class_list":["post-3528","post","type-post","status-publish","format-standard","has-post-thumbnail","hentry","category-giro-ditalia","category-grand","tag-alejandro-valverde","tag-astana","tag-bisiklet-turu","tag-diego-ulissi","tag-dominiano-cunego","tag-esteban-chaves","tag-fausto-coppi","tag-gianluca-brambilla","tag-giro","tag-giro-ditalia","tag-girotr","tag-grand-tour","tag-grand-tours","tag-iam-cycling","tag-ilnur-zakarin","tag-italya","tag-italya-bisiklet-turu","tag-katusha","tag-lottonl-jumbo","tag-maglia-azurra","tag-maglia-biancha","tag-maglia-rosa","tag-maglia-rossa","tag-matteo-trentin","tag-moreno-moser","tag-movistar","tag-nibali","tag-orica-greenedge","tag-rafal-majka","tag-rein-taaramae","tag-roger-kluge","tag-steven-kruijswijk","tag-tinkoff","tag-vincenzo-nibali"],"jetpack_publicize_connections":[],"jetpack_featured_media_url":"https:\/\/i0.wp.com\/aynakol.org\/wp-content\/uploads\/2016\/05\/Giro2016_posters_1_crop.jpg?fit=531%2C424","jetpack_sharing_enabled":true,"jetpack_shortlink":"https:\/\/wp.me\/p51p4O-UU","jetpack_likes_enabled":true,"jetpack-related-posts":[{"id":3571,"url":"http:\/\/aynakol.org\/?p=3571","url_meta":{"origin":3528,"position":0},"title":"Giro2016 21. Etap: Cuneo \u2192 Torino, 163 km","author":"Ayd\u0131n Bez","date":"29 May\u0131s 2016","format":false,"excerpt":"Art\u0131k zafer turu atma zaman\u0131! Hollandadan ba\u015flay\u0131p \u00f6nce \u0130talyan\u0131n g\u00fcneyine, sonra yava\u015f yava\u015f kuzeyine ve en sonunda bat\u0131s\u0131na do\u011fru pedallad\u0131\u011f\u0131m\u0131z 21 g\u00fcn boyunca neler olmad\u0131 ki? Sprinter pedallar\u0131n bo\u015f ge\u00e7medi\u011fi etaplar d\u0131\u015f\u0131nda genel klasman favorilerinden Chaves'in 14,\u00a0Valverde'nin 16\u00a0ve Nibali'nin de 19. etab\u0131 kazand\u0131\u011f\u0131 Giro'da\u00a0ka\u00e7\u0131\u015f da bo\u015f ge\u00e7medi ve birbirinden g\u00fczel\u2026","rel":"","context":"&quot;Grand Tour&quot; i\u00e7inde","block_context":{"text":"Grand Tour","link":"http:\/\/aynakol.org\/?cat=92"},"img":{"alt_text":"","src":"https:\/\/i0.wp.com\/aynakol.org\/wp-content\/uploads\/2016\/05\/Ekran-G%C3%B6r%C3%BCnt%C3%BCs%C3%BC-2016-05-28-18-58-04.png?fit=755%2C424&resize=350%2C200","width":350,"height":200,"srcset":"https:\/\/i0.wp.com\/aynakol.org\/wp-content\/uploads\/2016\/05\/Ekran-G%C3%B6r%C3%BCnt%C3%BCs%C3%BC-2016-05-28-18-58-04.png?fit=755%2C424&resize=350%2C200 1x, https:\/\/i0.wp.com\/aynakol.org\/wp-content\/uploads\/2016\/05\/Ekran-G%C3%B6r%C3%BCnt%C3%BCs%C3%BC-2016-05-28-18-58-04.png?fit=755%2C424&resize=525%2C300 1.5x, https:\/\/i0.wp.com\/aynakol.org\/wp-content\/uploads\/2016\/05\/Ekran-G%C3%B6r%C3%BCnt%C3%BCs%C3%BC-2016-05-28-18-58-04.png?fit=755%2C424&resize=700%2C400 2x"},"classes":[]},{"id":3472,"url":"http:\/\/aynakol.org\/?p=3472","url_meta":{"origin":3528,"position":1},"title":"Giro2016 17. Etap: Molveno \u2192 Cassano d&#8217;Adda, 196 km","author":"Ayd\u0131n Bez","date":"25 May\u0131s 2016","format":false,"excerpt":"D\u00fcnk\u00fc etapta neler olmu\u015ftu? Nibali'nin silkelendi\u011fi Valverde'nin anka ku\u015fu misali k\u00fcllerinden yeniden do\u011fdu\u011fu etap sonunda Alejandro Valverde etap zaferiyle birlikte genel klasman m\u00fccadelesinde \u00fc\u00e7\u00fcnc\u00fc s\u0131raya y\u00fckselmi\u015fti. Pembe mayo Steven Kruijswijk ise favorilerden gelen her t\u00fcrl\u00fc ata\u011fa kar\u015f\u0131 tek ba\u015f\u0131na m\u00fccadele ederek aray\u0131 iyice a\u00e7\u0131p konumunu sa\u011flamla\u015ft\u0131rd\u0131.\u00a0 \u00a0 Etap incelemesi Brenta\u2026","rel":"","context":"&quot;Giro d'Italia&quot; i\u00e7inde","block_context":{"text":"Giro d'Italia","link":"http:\/\/aynakol.org\/?cat=1239"},"img":{"alt_text":"","src":"https:\/\/i0.wp.com\/aynakol.org\/wp-content\/uploads\/2016\/05\/13246441_822506677883962_4991749213029151587_o.jpg?fit=1200%2C642&resize=350%2C200","width":350,"height":200,"srcset":"https:\/\/i0.wp.com\/aynakol.org\/wp-content\/uploads\/2016\/05\/13246441_822506677883962_4991749213029151587_o.jpg?fit=1200%2C642&resize=350%2C200 1x, https:\/\/i0.wp.com\/aynakol.org\/wp-content\/uploads\/2016\/05\/13246441_822506677883962_4991749213029151587_o.jpg?fit=1200%2C642&resize=525%2C300 1.5x, https:\/\/i0.wp.com\/aynakol.org\/wp-content\/uploads\/2016\/05\/13246441_822506677883962_4991749213029151587_o.jpg?fit=1200%2C642&resize=700%2C400 2x, https:\/\/i0.wp.com\/aynakol.org\/wp-content\/uploads\/2016\/05\/13246441_822506677883962_4991749213029151587_o.jpg?fit=1200%2C642&resize=1050%2C600 3x"},"classes":[]},{"id":3457,"url":"http:\/\/aynakol.org\/?p=3457","url_meta":{"origin":3528,"position":2},"title":"Giro2016 16. Etap: Bressanone Brixen \u2192 Andalo, 132 km","author":"Ayd\u0131n Bez","date":"24 May\u0131s 2016","format":false,"excerpt":"D\u00fcnk\u00fc etapta neler olmu\u015ftu? 10.8 km uzunlu\u011fundaki yoku\u015f zaman kar\u015f\u0131 etab\u0131n\u0131 Gazprom-Rusvelo tak\u0131m\u0131ndan Alexander Foliforov kazanm\u0131\u015ft\u0131. Genel klasmanda ikinci s\u0131rada yer alan Nibali ya\u015fad\u0131\u011f\u0131 mekanik sorun y\u00fcz\u00fcnden kan kaybetmi\u015f, Steven Kruijswijk ise yerini sa\u011flamla\u015ft\u0131rm\u0131\u015ft\u0131. \u00a0 Etap incelemesi \u0130talyan Alplerinde m\u00fccadeleye devam. Alpe di Siusi'den G\u00fcney Tirol b\u00f6lgesine,\u00a0Bressanone Brixen kentine do\u011fru\u2026","rel":"","context":"&quot;Giro d'Italia&quot; i\u00e7inde","block_context":{"text":"Giro d'Italia","link":"http:\/\/aynakol.org\/?cat=1239"},"img":{"alt_text":"","src":"https:\/\/i0.wp.com\/aynakol.org\/wp-content\/uploads\/2016\/05\/Ekran-G%C3%B6r%C3%BCnt%C3%BCs%C3%BC-2016-05-24-17-48-26-e1464106127195.png?fit=814%2C324&resize=350%2C200","width":350,"height":200,"srcset":"https:\/\/i0.wp.com\/aynakol.org\/wp-content\/uploads\/2016\/05\/Ekran-G%C3%B6r%C3%BCnt%C3%BCs%C3%BC-2016-05-24-17-48-26-e1464106127195.png?fit=814%2C324&resize=350%2C200 1x, https:\/\/i0.wp.com\/aynakol.org\/wp-content\/uploads\/2016\/05\/Ekran-G%C3%B6r%C3%BCnt%C3%BCs%C3%BC-2016-05-24-17-48-26-e1464106127195.png?fit=814%2C324&resize=525%2C300 1.5x, https:\/\/i0.wp.com\/aynakol.org\/wp-content\/uploads\/2016\/05\/Ekran-G%C3%B6r%C3%BCnt%C3%BCs%C3%BC-2016-05-24-17-48-26-e1464106127195.png?fit=814%2C324&resize=700%2C400 2x"},"classes":[]},{"id":3492,"url":"http:\/\/aynakol.org\/?p=3492","url_meta":{"origin":3528,"position":3},"title":"Giro2016 19. Etap: Pinerolo \u2192 Risoul, 162 km","author":"Ayd\u0131n Bez","date":"27 May\u0131s 2016","format":false,"excerpt":"D\u00fcnk\u00fc etapta neler oldu? Son 22 km'ye dek ola\u011fan bir ka\u00e7\u0131\u015f\u0131n ya\u015fand\u0131\u011f\u0131 etapta Etixx-QuickStep ak\u0131l dolu bir taktikle zafere uzanmas\u0131n\u0131 bildi: Gianluca Brambilla ve Moreno Moser'in sprint d\u00fczl\u00fc\u011f\u00fcnde yava\u015flamas\u0131yla takip grubundan atak yap\u0131p lider ikiliyi yakalayan Matteo Trentin zafere pedallad\u0131. \u00a0 Etap hakk\u0131nda Torino kentinden Fransaya uzan\u0131yoruz; \u0130talyan Alpleri yetmemi\u015f\u2026","rel":"","context":"&quot;Giro d'Italia&quot; i\u00e7inde","block_context":{"text":"Giro d'Italia","link":"http:\/\/aynakol.org\/?cat=1239"},"img":{"alt_text":"","src":"https:\/\/i0.wp.com\/aynakol.org\/wp-content\/uploads\/2016\/05\/Giro2016_Stage19_Nibali.jpg?fit=960%2C640&resize=350%2C200","width":350,"height":200,"srcset":"https:\/\/i0.wp.com\/aynakol.org\/wp-content\/uploads\/2016\/05\/Giro2016_Stage19_Nibali.jpg?fit=960%2C640&resize=350%2C200 1x, https:\/\/i0.wp.com\/aynakol.org\/wp-content\/uploads\/2016\/05\/Giro2016_Stage19_Nibali.jpg?fit=960%2C640&resize=525%2C300 1.5x, https:\/\/i0.wp.com\/aynakol.org\/wp-content\/uploads\/2016\/05\/Giro2016_Stage19_Nibali.jpg?fit=960%2C640&resize=700%2C400 2x"},"classes":[]},{"id":3480,"url":"http:\/\/aynakol.org\/?p=3480","url_meta":{"origin":3528,"position":4},"title":"Giro2016 18. Etap: Muggi\u00f2 \u2192 Pinerolo, 244 km","author":"Ayd\u0131n Bez","date":"26 May\u0131s 2016","format":false,"excerpt":"D\u00fcnk\u00fc etapta neler olmu\u015ftu? Etab\u0131 kazanan Roger Kluge'nin bile kendisine inanamad\u0131\u011f\u0131 bir son izledik 17. etapta. Da\u011flardan sa\u011f \u00e7\u0131k\u0131p da sadece bu etap i\u00e7in kalan sprinter pedallar aras\u0131ndan ustaca s\u0131yr\u0131lan Roger Kluge sezon sonunda kapanacak tak\u0131m\u0131 IAM Cycling i\u00e7in de g\u00fczel bir zafer kazand\u0131.\u00a0 \u00a0 Etap incelemesi D\u00fcnk\u00fc d\u00fcmd\u00fcz etaptan\u2026","rel":"","context":"&quot;Giro d'Italia&quot; i\u00e7inde","block_context":{"text":"Giro d'Italia","link":"http:\/\/aynakol.org\/?cat=1239"},"img":{"alt_text":"","src":"https:\/\/i0.wp.com\/aynakol.org\/wp-content\/uploads\/2016\/05\/Giro2016_posters_1_crop.jpg?fit=531%2C424&resize=350%2C200","width":350,"height":200,"srcset":"https:\/\/i0.wp.com\/aynakol.org\/wp-content\/uploads\/2016\/05\/Giro2016_posters_1_crop.jpg?fit=531%2C424&resize=350%2C200 1x, https:\/\/i0.wp.com\/aynakol.org\/wp-content\/uploads\/2016\/05\/Giro2016_posters_1_crop.jpg?fit=531%2C424&resize=525%2C300 1.5x"},"classes":[]},{"id":3429,"url":"http:\/\/aynakol.org\/?p=3429","url_meta":{"origin":3528,"position":5},"title":"Giro2016 14. Etap: Alpago \u2192 Corvara, 210 km","author":"Ayd\u0131n Bez","date":"21 May\u0131s 2016","format":false,"excerpt":"D\u00fcnk\u00fc etapta neler olmu\u015ftu? Etab\u0131 Giro'daki laneti s\u00fcren Team SKY'\u0131n \u0130spanyol pedal\u0131 Mikel Nieve kazan\u0131rken t\u0131rman\u0131\u015flarda Bob Jungels, Astana ve Nibali'nin bitmek bilmeyen ataklar\u0131 sonras\u0131 geriye d\u00fc\u015f\u00fcnce s\u0131ralamadaki en yak\u0131n isim Andrey Amador pembe mayoya uzanm\u0131\u015ft\u0131. G\u00fcn\u00fcn di\u011fer bir kazanan\u0131 da, \u015fimdilik, favorilerle birlikte girdi\u011fi biti\u015f \u00e7izgisinden ilk s\u0131rada ge\u00e7erek\u2026","rel":"","context":"&quot;Giro d'Italia&quot; i\u00e7inde","block_context":{"text":"Giro d'Italia","link":"http:\/\/aynakol.org\/?cat=1239"},"img":{"alt_text":"","src":"https:\/\/i0.wp.com\/aynakol.org\/wp-content\/uploads\/2016\/05\/Giro2016_banner.jpg?fit=510%2C288&resize=350%2C200","width":350,"height":200},"classes":[]}],"_links":{"self":[{"href":"http:\/\/aynakol.org\/index.php?rest_route=\/wp\/v2\/posts\/3528","targetHints":{"allow":["GET"]}}],"collection":[{"href":"http:\/\/aynakol.org\/index.php?rest_route=\/wp\/v2\/posts"}],"about":[{"href":"http:\/\/aynakol.org\/index.php?rest_route=\/wp\/v2\/types\/post"}],"author":[{"embeddable":true,"href":"http:\/\/aynakol.org\/index.php?rest_route=\/wp\/v2\/users\/1"}],"replies":[{"embeddable":true,"href":"http:\/\/aynakol.org\/index.php?rest_route=%2Fwp%2Fv2%2Fcomments&post=3528"}],"version-history":[{"count":17,"href":"http:\/\/aynakol.org\/index.php?rest_route=\/wp\/v2\/posts\/3528\/revisions"}],"predecessor-version":[{"id":3583,"href":"http:\/\/aynakol.org\/index.php?rest_route=\/wp\/v2\/posts\/3528\/revisions\/3583"}],"wp:featuredmedia":[{"embeddable":true,"href":"http:\/\/aynakol.org\/index.php?rest_route=\/wp\/v2\/media\/3483"}],"wp:attachment":[{"href":"http:\/\/aynakol.org\/index.php?rest_route=%2Fwp%2Fv2%2Fmedia&parent=3528"}],"wp:term":[{"taxonomy":"category","embeddable":true,"href":"http:\/\/aynakol.org\/index.php?rest_route=%2Fwp%2Fv2%2Fcategories&post=3528"},{"taxonomy":"post_tag","embeddable":true,"href":"http:\/\/aynakol.org\/index.php?rest_route=%2Fwp%2Fv2%2Ftags&post=3528"}],"curies":[{"name":"wp","href":"https:\/\/api.w.org\/{rel}","templated":true}]}}