{"id":3571,"date":"2016-05-29T10:00:45","date_gmt":"2016-05-29T07:00:45","guid":{"rendered":"http:\/\/aynakol.org\/?p=3571"},"modified":"2016-05-28T21:44:29","modified_gmt":"2016-05-28T18:44:29","slug":"giro2016-21-etap-cuneo-%e2%86%92-torino-163-km","status":"publish","type":"post","link":"http:\/\/aynakol.org\/?p=3571","title":{"rendered":"Giro2016 21. Etap: Cuneo \u2192 Torino, 163 km"},"content":{"rendered":"<p><span style=\"font-family: georgia, palatino, serif; font-size: 12pt;\">Art\u0131k zafer turu atma zaman\u0131!<\/span><\/p>\n<p><span style=\"font-family: georgia, palatino, serif; font-size: 12pt;\">Hollandadan ba\u015flay\u0131p \u00f6nce \u0130talyan\u0131n g\u00fcneyine, sonra yava\u015f yava\u015f kuzeyine ve en sonunda bat\u0131s\u0131na do\u011fru pedallad\u0131\u011f\u0131m\u0131z 21 g\u00fcn boyunca neler olmad\u0131 ki? Sprinter pedallar\u0131n bo\u015f ge\u00e7medi\u011fi etaplar d\u0131\u015f\u0131nda genel klasman favorilerinden <a href=\"http:\/\/aynakol.org\/?p=3429\">Chaves&#8217;in 14<\/a>,\u00a0<a href=\"http:\/\/aynakol.org\/?p=3457\">Valverde&#8217;nin 16<\/a>\u00a0ve <a href=\"http:\/\/aynakol.org\/?p=3492\">Nibali&#8217;nin de 19. etab\u0131<\/a> kazand\u0131\u011f\u0131 Giro&#8217;da\u00a0ka\u00e7\u0131\u015f da bo\u015f ge\u00e7medi ve birbirinden g\u00fczel yeni etaplar\u0131n biti\u015f \u00e7izgilerinden tak\u0131mlar\u0131n\u0131 onurland\u0131rarak ge\u00e7tiler.<\/span><\/p>\n<div id=\"attachment_3112\" style=\"width: 885px\" class=\"wp-caption aligncenter\"><a href=\"https:\/\/i0.wp.com\/aynakol.org\/wp-content\/uploads\/2016\/05\/Giro2016_stage21_profile.jpg\"><img data-recalc-dims=\"1\" loading=\"lazy\" decoding=\"async\" aria-describedby=\"caption-attachment-3112\" data-attachment-id=\"3112\" data-permalink=\"http:\/\/aynakol.org\/?attachment_id=3112\" data-orig-file=\"https:\/\/i0.wp.com\/aynakol.org\/wp-content\/uploads\/2016\/05\/Giro2016_stage21_profile.jpg?fit=875%2C540\" data-orig-size=\"875,540\" data-comments-opened=\"1\" data-image-meta=\"{&quot;aperture&quot;:&quot;0&quot;,&quot;credit&quot;:&quot;&quot;,&quot;camera&quot;:&quot;&quot;,&quot;caption&quot;:&quot;&quot;,&quot;created_timestamp&quot;:&quot;1459720340&quot;,&quot;copyright&quot;:&quot;&quot;,&quot;focal_length&quot;:&quot;0&quot;,&quot;iso&quot;:&quot;0&quot;,&quot;shutter_speed&quot;:&quot;0&quot;,&quot;title&quot;:&quot;T15_MadonnaDC_2_alt&quot;,&quot;orientation&quot;:&quot;1&quot;}\" data-image-title=\"T15_MadonnaDC_2_alt\" data-image-description=\"\" data-image-caption=\"\" data-large-file=\"https:\/\/i0.wp.com\/aynakol.org\/wp-content\/uploads\/2016\/05\/Giro2016_stage21_profile.jpg?fit=860%2C531\" class=\"wp-image-3112 size-full\" src=\"https:\/\/i0.wp.com\/aynakol.org\/wp-content\/uploads\/2016\/05\/Giro2016_stage21_profile.jpg?resize=860%2C531\" alt=\"T15_MadonnaDC_2_alt\" width=\"860\" height=\"531\" srcset=\"https:\/\/i0.wp.com\/aynakol.org\/wp-content\/uploads\/2016\/05\/Giro2016_stage21_profile.jpg?w=875 875w, https:\/\/i0.wp.com\/aynakol.org\/wp-content\/uploads\/2016\/05\/Giro2016_stage21_profile.jpg?resize=300%2C185 300w, https:\/\/i0.wp.com\/aynakol.org\/wp-content\/uploads\/2016\/05\/Giro2016_stage21_profile.jpg?resize=768%2C474 768w\" sizes=\"auto, (max-width: 860px) 100vw, 860px\" \/><\/a><p id=\"caption-attachment-3112\" class=\"wp-caption-text\">21. ve Giro&#8217;nun son etab\u0131 d\u00fcz, d\u00fcmd\u00fcz&#8230; G\u00fcn da\u011flardan sa\u011f kal\u0131p d\u00fczze gelebilen sprinter pedallar\u0131n g\u00fcn\u00fc.<\/p><\/div>\n<p>&nbsp;<\/p>\n<p><span style=\"font-family: georgia, palatino, serif; font-size: 12pt;\"><a href=\"http:\/\/aynakol.org\/wp-content\/uploads\/2016\/05\/Giro2016_stage21_map.jpg\" target=\"_blank\">Cuneo&#8217;dan ba\u015flay\u0131p Torino kentinde<\/a> at\u0131lacak 8 tur sonras\u0131 sona erecek 21. etap 163 km uzunlu\u011funda ve herhangi bir t\u0131rman\u0131\u015f bar\u0131nd\u0131rm\u0131yor. Zaten bir zahmet bar\u0131nd\u0131rmas\u0131n, zira Dolomitlerden\u00a0\u0130talyan Alplerine, oradan Frans\u0131z Alpleri derken yeniden \u0130talyaya uzanan son 10 g\u00fcnde pelotonun can\u0131 deyim yerindeyse \u00e7\u0131kt\u0131 u\u00e7tu gitti!<\/span><\/p>\n<p>&nbsp;<\/p>\n<p><span style=\"font-family: georgia, palatino, serif; font-size: 12pt;\">Yaz\u0131l\u0131 olmayan kurallar gere\u011fi \u00a0pembe mayoya herhangi bir atak yap\u0131lmayacak ve Torino kentinde Astana zafer turu att\u0131ktan, emeklili\u011fini a\u00e7\u0131klayan ve son Giro&#8217;sunu pedallayan isimlerin ka\u00e7\u0131\u015flar\u0131na izin verilip onurland\u0131r\u0131ld\u0131ktan sonra yeniden bir sprint m\u00fccadelesi izleyece\u011fiz ki kartlar son derece a\u00e7\u0131k: Ge\u00e7ti\u011fimiz sene Ultimo Kilometroda yapt\u0131\u011f\u0131 ka\u00e7\u0131\u015fla Etixx-QuickStep tak\u0131m\u0131ndan \u0130ljo Keisse etab\u0131 kazanm\u0131\u015ft\u0131, bu sene de geriye pek bir sprinter kalmad\u0131, kalanlar da zafer i\u00e7in di\u015fe i\u015f m\u00fccadele edecektir.<\/span><\/p>\n<p>&nbsp;<\/p>\n<p><span style=\"font-family: georgia, palatino, serif; font-size: 12pt;\"><strong>Daha fazlas\u0131 i\u00e7in:<\/strong><\/span><\/p>\n<ul>\n<li><span style=\"font-family: georgia, palatino, serif; font-size: 12pt;\">20. Etapta <a href=\"http:\/\/aynakol.org\/?p=3528\" target=\"_blank\">neler oldu?<\/a><\/span><\/li>\n<li><span style=\"font-family: georgia, palatino, serif; font-size: 12pt;\">Giro d\u2019Italia resmi sitesinden her y\u00f6n\u00fcyle <a href=\"http:\/\/www.giroditalia.it\/eng\/stage\/tappa-21\/\" target=\"_blank\">21. Etap bilgilendirmesi<\/a><\/span><\/li>\n<li><span style=\"font-family: georgia, palatino, serif; font-size: 12pt;\">Giro2016 20. Etap hakk\u0131nda her \u015fey: <a href=\"http:\/\/www.steephill.tv\/giro-d-italia\/#21-preview-2016\" target=\"_blank\">SteepHill.TV<\/a><\/span><\/li>\n<li><span style=\"font-family: georgia, palatino, serif; font-size: 12pt;\">Giro2016 20. Etap s\u0131ral\u0131 tam liste: <a href=\"http:\/\/www.procyclingstats.com\/race.php?id=163692\" target=\"_blank\">ProCyclingStats.com<\/a><\/span><\/li>\n<li><span style=\"font-family: georgia, palatino, serif; font-size: 12pt;\">Cycling Weekly: <a href=\"http:\/\/www.cyclingweekly.co.uk\/news\/racing\/giro-ditalia\/giro-ditalia-2016-stage-21-preview-222835\" target=\"_blank\">Stage 21 preview<\/a><\/span><\/li>\n<li><span style=\"font-family: georgia, palatino, serif; font-size: 12pt;\">Sarper G\u00fcnsal abimiz Spor Locas\u0131ndan bildiriyor:<\/span>\n<ul>\n<li><span style=\"font-family: georgia, palatino, serif; font-size: 12pt;\"><a href=\"http:\/\/sporlocasi.blogspot.com.tr\/2016\/05\/giro-2016-parkur-ozeti.html\" target=\"_blank\">Giro 2016 Parkur \u00d6zeti<\/a><\/span><\/li>\n<li><span style=\"font-family: georgia, palatino, serif; font-size: 12pt;\"><a href=\"http:\/\/sporlocasi.blogspot.com.tr\/2016\/05\/giro-ve-suphelileri.html\" target=\"_blank\">Giro ve \u015e\u00fcphelileri<\/a><\/span><\/li>\n<li><span style=\"font-family: georgia, palatino, serif; font-size: 12pt;\"><a href=\"http:\/\/sporlocasi.blogspot.com.tr\/2016\/05\/giro-2016-1dinlenme-gunu-raporu.html\" target=\"_blank\">1. Dinlenme g\u00fcn\u00fc raporu<\/a><\/span><\/li>\n<li><span style=\"font-family: georgia, palatino, serif; font-size: 12pt;\"><a href=\"http:\/\/sporlocasi.blogspot.com.tr\/2016\/05\/giro-2016-2dinlenme-gunu-raporu.html\" target=\"_blank\">2. Dinlenme g\u00fcn\u00fc raporu<\/a><\/span><\/li>\n<li><span style=\"font-family: georgia, palatino, serif; font-size: 12pt;\"><a href=\"http:\/\/sporlocasi.blogspot.com.tr\/2016\/05\/giro-2016-3dinlenme-gunu-raporu.html\" target=\"_blank\">3. Dinlenme g\u00fcn\u00fc raporu<\/a><\/span><\/li>\n<\/ul>\n<\/li>\n<li><span style=\"font-family: georgia, palatino, serif; font-size: 12pt;\">Bisikletta.com yazd\u0131:<\/span>\n<ul>\n<li><span style=\"font-family: georgia, palatino, serif; font-size: 12pt;\"><a href=\"https:\/\/bisikletta.com\/2016\/05\/05\/giro-ditalia-2016ya-on-bakis\/\" target=\"_blank\">Giro d\u2019Italia 2016\u2019ya \u00d6n Bak\u0131\u015f<\/a><\/span>\n<ul>\n<li><span style=\"font-family: georgia, palatino, serif; font-size: 12pt;\"><a href=\"https:\/\/bisikletta.com\/2016\/05\/09\/giro-ditalia-2016-dinlenme-gunu-notlari-i\/\" target=\"_blank\">1.Dinlenme g\u00fcn\u00fc raporu<\/a><\/span><\/li>\n<li><span style=\"font-family: georgia, palatino, serif; font-size: 12pt;\"><a href=\"https:\/\/bisikletta.com\/2016\/05\/16\/giro-ditalia-2016-dinlenme-gunu-notlari-ii\/\" target=\"_blank\">2. Dinlenme g\u00fcn\u00fc raporu<\/a><\/span><\/li>\n<li><span style=\"font-family: georgia, palatino, serif; font-size: 12pt;\"><a href=\"https:\/\/bisikletta.com\/2016\/05\/24\/giro-ditalia-2016-dinlenme-gunu-notlari-iii\/\" target=\"_blank\">3. Dinlenme g\u00fcn\u00fc raporu<\/a><\/span><\/li>\n<\/ul>\n<\/li>\n<\/ul>\n<\/li>\n<\/ul>\n","protected":false},"excerpt":{"rendered":"<p>Art\u0131k zafer turu atma zaman\u0131! Hollandadan ba\u015flay\u0131p \u00f6nce \u0130talyan\u0131n g\u00fcneyine, sonra yava\u015f yava\u015f kuzeyine ve en sonunda bat\u0131s\u0131na do\u011fru pedallad\u0131\u011f\u0131m\u0131z 21 g\u00fcn boyunca neler olmad\u0131 [&#8230;]<\/p>\n","protected":false},"author":1,"featured_media":3557,"comment_status":"open","ping_status":"open","sticky":false,"template":"","format":"standard","meta":{"jetpack_post_was_ever_published":false,"_jetpack_newsletter_access":"","_jetpack_dont_email_post_to_subs":false,"_jetpack_newsletter_tier_id":0,"_jetpack_memberships_contains_paywalled_content":false,"_jetpack_memberships_contains_paid_content":false,"footnotes":"","jetpack_publicize_message":"Art\u0131k mutlu son: Cuneo'dan ba\u015flay\u0131p Torino kentinde at\u0131lacak 8 tur sonras\u0131 Giro sona erecek. Vincenzo Nibali ve tak\u0131m\u0131 Astana pembeler i\u00e7inde Torino kentinin sokaklar\u0131nda zafer turu atarken Dolomitler ve Alplerden sa\u011f \u00e7\u0131kan sprinter pedallar da son zafer i\u00e7in m\u00fccadele edecek.","jetpack_publicize_feature_enabled":true,"jetpack_social_post_already_shared":true,"jetpack_social_options":{"image_generator_settings":{"template":"highway","default_image_id":0,"font":"","enabled":false},"version":2}},"categories":[92],"tags":[65,24,17,1261,1260,963,1263,1152,32,33,794,87,37,253,785,38,173,221,803,1258,1259,770,812,1265,1267,1264,22,224,692,28,702,1262,1010,30,223],"class_list":["post-3571","post","type-post","status-publish","format-standard","has-post-thumbnail","hentry","category-grand","tag-alejandro-valverde","tag-astana","tag-bisiklet-turu","tag-diego-ulissi","tag-dominiano-cunego","tag-esteban-chaves","tag-fausto-coppi","tag-gianluca-brambilla","tag-giro","tag-giro-ditalia","tag-girotr","tag-grand-tour","tag-grand-tours","tag-iam-cycling","tag-ilnur-zakarin","tag-italya","tag-italya-bisiklet-turu","tag-katusha","tag-lottonl-jumbo","tag-maglia-azurra","tag-maglia-biancha","tag-maglia-rosa","tag-maglia-rossa","tag-matteo-trentin","tag-mikel-nieve","tag-moreno-moser","tag-movistar","tag-nibali","tag-orica-greenedge","tag-rafal-majka","tag-rein-taaramae","tag-roger-kluge","tag-steven-kruijswijk","tag-tinkoff","tag-vincenzo-nibali"],"jetpack_publicize_connections":[],"jetpack_featured_media_url":"https:\/\/i0.wp.com\/aynakol.org\/wp-content\/uploads\/2016\/05\/Ekran-G%C3%B6r%C3%BCnt%C3%BCs%C3%BC-2016-05-28-18-58-04.png?fit=755%2C424","jetpack_sharing_enabled":true,"jetpack_shortlink":"https:\/\/wp.me\/p51p4O-VB","jetpack_likes_enabled":true,"jetpack-related-posts":[{"id":3472,"url":"http:\/\/aynakol.org\/?p=3472","url_meta":{"origin":3571,"position":0},"title":"Giro2016 17. Etap: Molveno \u2192 Cassano d&#8217;Adda, 196 km","author":"Ayd\u0131n Bez","date":"25 May\u0131s 2016","format":false,"excerpt":"D\u00fcnk\u00fc etapta neler olmu\u015ftu? Nibali'nin silkelendi\u011fi Valverde'nin anka ku\u015fu misali k\u00fcllerinden yeniden do\u011fdu\u011fu etap sonunda Alejandro Valverde etap zaferiyle birlikte genel klasman m\u00fccadelesinde \u00fc\u00e7\u00fcnc\u00fc s\u0131raya y\u00fckselmi\u015fti. Pembe mayo Steven Kruijswijk ise favorilerden gelen her t\u00fcrl\u00fc ata\u011fa kar\u015f\u0131 tek ba\u015f\u0131na m\u00fccadele ederek aray\u0131 iyice a\u00e7\u0131p konumunu sa\u011flamla\u015ft\u0131rd\u0131.\u00a0 \u00a0 Etap incelemesi Brenta\u2026","rel":"","context":"&quot;Giro d'Italia&quot; i\u00e7inde","block_context":{"text":"Giro d'Italia","link":"http:\/\/aynakol.org\/?cat=1239"},"img":{"alt_text":"","src":"https:\/\/i0.wp.com\/aynakol.org\/wp-content\/uploads\/2016\/05\/13246441_822506677883962_4991749213029151587_o.jpg?fit=1200%2C642&resize=350%2C200","width":350,"height":200,"srcset":"https:\/\/i0.wp.com\/aynakol.org\/wp-content\/uploads\/2016\/05\/13246441_822506677883962_4991749213029151587_o.jpg?fit=1200%2C642&resize=350%2C200 1x, https:\/\/i0.wp.com\/aynakol.org\/wp-content\/uploads\/2016\/05\/13246441_822506677883962_4991749213029151587_o.jpg?fit=1200%2C642&resize=525%2C300 1.5x, https:\/\/i0.wp.com\/aynakol.org\/wp-content\/uploads\/2016\/05\/13246441_822506677883962_4991749213029151587_o.jpg?fit=1200%2C642&resize=700%2C400 2x, https:\/\/i0.wp.com\/aynakol.org\/wp-content\/uploads\/2016\/05\/13246441_822506677883962_4991749213029151587_o.jpg?fit=1200%2C642&resize=1050%2C600 3x"},"classes":[]},{"id":3492,"url":"http:\/\/aynakol.org\/?p=3492","url_meta":{"origin":3571,"position":1},"title":"Giro2016 19. Etap: Pinerolo \u2192 Risoul, 162 km","author":"Ayd\u0131n Bez","date":"27 May\u0131s 2016","format":false,"excerpt":"D\u00fcnk\u00fc etapta neler oldu? Son 22 km'ye dek ola\u011fan bir ka\u00e7\u0131\u015f\u0131n ya\u015fand\u0131\u011f\u0131 etapta Etixx-QuickStep ak\u0131l dolu bir taktikle zafere uzanmas\u0131n\u0131 bildi: Gianluca Brambilla ve Moreno Moser'in sprint d\u00fczl\u00fc\u011f\u00fcnde yava\u015flamas\u0131yla takip grubundan atak yap\u0131p lider ikiliyi yakalayan Matteo Trentin zafere pedallad\u0131. \u00a0 Etap hakk\u0131nda Torino kentinden Fransaya uzan\u0131yoruz; \u0130talyan Alpleri yetmemi\u015f\u2026","rel":"","context":"&quot;Giro d'Italia&quot; i\u00e7inde","block_context":{"text":"Giro d'Italia","link":"http:\/\/aynakol.org\/?cat=1239"},"img":{"alt_text":"","src":"https:\/\/i0.wp.com\/aynakol.org\/wp-content\/uploads\/2016\/05\/Giro2016_Stage19_Nibali.jpg?fit=960%2C640&resize=350%2C200","width":350,"height":200,"srcset":"https:\/\/i0.wp.com\/aynakol.org\/wp-content\/uploads\/2016\/05\/Giro2016_Stage19_Nibali.jpg?fit=960%2C640&resize=350%2C200 1x, https:\/\/i0.wp.com\/aynakol.org\/wp-content\/uploads\/2016\/05\/Giro2016_Stage19_Nibali.jpg?fit=960%2C640&resize=525%2C300 1.5x, https:\/\/i0.wp.com\/aynakol.org\/wp-content\/uploads\/2016\/05\/Giro2016_Stage19_Nibali.jpg?fit=960%2C640&resize=700%2C400 2x"},"classes":[]},{"id":3457,"url":"http:\/\/aynakol.org\/?p=3457","url_meta":{"origin":3571,"position":2},"title":"Giro2016 16. Etap: Bressanone Brixen \u2192 Andalo, 132 km","author":"Ayd\u0131n Bez","date":"24 May\u0131s 2016","format":false,"excerpt":"D\u00fcnk\u00fc etapta neler olmu\u015ftu? 10.8 km uzunlu\u011fundaki yoku\u015f zaman kar\u015f\u0131 etab\u0131n\u0131 Gazprom-Rusvelo tak\u0131m\u0131ndan Alexander Foliforov kazanm\u0131\u015ft\u0131. Genel klasmanda ikinci s\u0131rada yer alan Nibali ya\u015fad\u0131\u011f\u0131 mekanik sorun y\u00fcz\u00fcnden kan kaybetmi\u015f, Steven Kruijswijk ise yerini sa\u011flamla\u015ft\u0131rm\u0131\u015ft\u0131. \u00a0 Etap incelemesi \u0130talyan Alplerinde m\u00fccadeleye devam. Alpe di Siusi'den G\u00fcney Tirol b\u00f6lgesine,\u00a0Bressanone Brixen kentine do\u011fru\u2026","rel":"","context":"&quot;Giro d'Italia&quot; i\u00e7inde","block_context":{"text":"Giro d'Italia","link":"http:\/\/aynakol.org\/?cat=1239"},"img":{"alt_text":"","src":"https:\/\/i0.wp.com\/aynakol.org\/wp-content\/uploads\/2016\/05\/Ekran-G%C3%B6r%C3%BCnt%C3%BCs%C3%BC-2016-05-24-17-48-26-e1464106127195.png?fit=814%2C324&resize=350%2C200","width":350,"height":200,"srcset":"https:\/\/i0.wp.com\/aynakol.org\/wp-content\/uploads\/2016\/05\/Ekran-G%C3%B6r%C3%BCnt%C3%BCs%C3%BC-2016-05-24-17-48-26-e1464106127195.png?fit=814%2C324&resize=350%2C200 1x, https:\/\/i0.wp.com\/aynakol.org\/wp-content\/uploads\/2016\/05\/Ekran-G%C3%B6r%C3%BCnt%C3%BCs%C3%BC-2016-05-24-17-48-26-e1464106127195.png?fit=814%2C324&resize=525%2C300 1.5x, https:\/\/i0.wp.com\/aynakol.org\/wp-content\/uploads\/2016\/05\/Ekran-G%C3%B6r%C3%BCnt%C3%BCs%C3%BC-2016-05-24-17-48-26-e1464106127195.png?fit=814%2C324&resize=700%2C400 2x"},"classes":[]},{"id":3528,"url":"http:\/\/aynakol.org\/?p=3528","url_meta":{"origin":3571,"position":3},"title":"Giro2016 20. Etap: Guillestre \u2192 Sant&#8217;Anna di Vinadio, 134 km","author":"Ayd\u0131n Bez","date":"28 May\u0131s 2016","format":false,"excerpt":"D\u00fcnk\u00fc etapta neler olmu\u015ftu? Neler olmad\u0131 ki? Sonu kesin dedi\u011fimiz Giro'da Kruijswijk'in Colle Dell'Agnello ini\u015finde ya\u015fad\u0131\u011f\u0131 kaza sonras\u0131 kartlar yeniden da\u011f\u0131t\u0131ld\u0131... Etap zaferine Nibali uzan\u0131rken Esteban Chaves ise pembe mayoyu g\u00fcn\u00fcn sonunda s\u0131rt\u0131na ge\u00e7iriyordu! Etap\u00a0hakk\u0131nda Fransa topraklar\u0131ndan anavanata d\u00f6nme zaman\u0131...\u00a0Guillestre \u2192 Sant'Anna di Vinadio aras\u0131nda pedallanacak 134 km uzunlu\u011fundaki 20.\u2026","rel":"","context":"&quot;Giro d'Italia&quot; i\u00e7inde","block_context":{"text":"Giro d'Italia","link":"http:\/\/aynakol.org\/?cat=1239"},"img":{"alt_text":"","src":"https:\/\/i0.wp.com\/aynakol.org\/wp-content\/uploads\/2016\/05\/Giro2016_posters_1_crop.jpg?fit=531%2C424&resize=350%2C200","width":350,"height":200,"srcset":"https:\/\/i0.wp.com\/aynakol.org\/wp-content\/uploads\/2016\/05\/Giro2016_posters_1_crop.jpg?fit=531%2C424&resize=350%2C200 1x, https:\/\/i0.wp.com\/aynakol.org\/wp-content\/uploads\/2016\/05\/Giro2016_posters_1_crop.jpg?fit=531%2C424&resize=525%2C300 1.5x"},"classes":[]},{"id":3480,"url":"http:\/\/aynakol.org\/?p=3480","url_meta":{"origin":3571,"position":4},"title":"Giro2016 18. Etap: Muggi\u00f2 \u2192 Pinerolo, 244 km","author":"Ayd\u0131n Bez","date":"26 May\u0131s 2016","format":false,"excerpt":"D\u00fcnk\u00fc etapta neler olmu\u015ftu? Etab\u0131 kazanan Roger Kluge'nin bile kendisine inanamad\u0131\u011f\u0131 bir son izledik 17. etapta. Da\u011flardan sa\u011f \u00e7\u0131k\u0131p da sadece bu etap i\u00e7in kalan sprinter pedallar aras\u0131ndan ustaca s\u0131yr\u0131lan Roger Kluge sezon sonunda kapanacak tak\u0131m\u0131 IAM Cycling i\u00e7in de g\u00fczel bir zafer kazand\u0131.\u00a0 \u00a0 Etap incelemesi D\u00fcnk\u00fc d\u00fcmd\u00fcz etaptan\u2026","rel":"","context":"&quot;Giro d'Italia&quot; i\u00e7inde","block_context":{"text":"Giro d'Italia","link":"http:\/\/aynakol.org\/?cat=1239"},"img":{"alt_text":"","src":"https:\/\/i0.wp.com\/aynakol.org\/wp-content\/uploads\/2016\/05\/Giro2016_posters_1_crop.jpg?fit=531%2C424&resize=350%2C200","width":350,"height":200,"srcset":"https:\/\/i0.wp.com\/aynakol.org\/wp-content\/uploads\/2016\/05\/Giro2016_posters_1_crop.jpg?fit=531%2C424&resize=350%2C200 1x, https:\/\/i0.wp.com\/aynakol.org\/wp-content\/uploads\/2016\/05\/Giro2016_posters_1_crop.jpg?fit=531%2C424&resize=525%2C300 1.5x"},"classes":[]},{"id":4762,"url":"http:\/\/aynakol.org\/?p=4762","url_meta":{"origin":3571,"position":5},"title":"Sonsuz A\u015fk: Giro d&#8217;Italia 2017","author":"Ayd\u0131n Bez","date":"5 May\u0131s 2017","format":false,"excerpt":"Y\u0131l\u0131n ilk b\u00fcy\u00fck turu, Giro d\u2019Italia bug\u00fcn ba\u015fl\u0131yor! 100. ya\u015f\u0131n\u0131 kutlayan y\u0131l\u0131n ve g\u00f6n\u00fcllerin en g\u00fczel, en tutkulu, en pembe sevdas\u0131 Giro d\u2019Italia bu sene y\u00fcz\u00fcnc\u00fc y\u0131la yak\u0131\u015f\u0131r \u015fekilde \u0130talya s\u0131n\u0131rlar\u0131 i\u00e7inde. \u00a0 21 etap, 3 dinlenme g\u00fcn\u00fcyle 3605 km uzunlu\u011fundaki pembe destan Sardunya adas\u0131ndaki sprinter pedallar\u0131n Maglia Rosa sevdas\u0131n\u0131\u2026","rel":"","context":"&quot;Giro d'Italia&quot; i\u00e7inde","block_context":{"text":"Giro d'Italia","link":"http:\/\/aynakol.org\/?cat=1239"},"img":{"alt_text":"","src":"https:\/\/i0.wp.com\/aynakol.org\/wp-content\/uploads\/2017\/05\/Giro2017_header-e1493931400618.jpg?fit=719%2C325&resize=350%2C200","width":350,"height":200,"srcset":"https:\/\/i0.wp.com\/aynakol.org\/wp-content\/uploads\/2017\/05\/Giro2017_header-e1493931400618.jpg?fit=719%2C325&resize=350%2C200 1x, https:\/\/i0.wp.com\/aynakol.org\/wp-content\/uploads\/2017\/05\/Giro2017_header-e1493931400618.jpg?fit=719%2C325&resize=525%2C300 1.5x, https:\/\/i0.wp.com\/aynakol.org\/wp-content\/uploads\/2017\/05\/Giro2017_header-e1493931400618.jpg?fit=719%2C325&resize=700%2C400 2x"},"classes":[]}],"_links":{"self":[{"href":"http:\/\/aynakol.org\/index.php?rest_route=\/wp\/v2\/posts\/3571","targetHints":{"allow":["GET"]}}],"collection":[{"href":"http:\/\/aynakol.org\/index.php?rest_route=\/wp\/v2\/posts"}],"about":[{"href":"http:\/\/aynakol.org\/index.php?rest_route=\/wp\/v2\/types\/post"}],"author":[{"embeddable":true,"href":"http:\/\/aynakol.org\/index.php?rest_route=\/wp\/v2\/users\/1"}],"replies":[{"embeddable":true,"href":"http:\/\/aynakol.org\/index.php?rest_route=%2Fwp%2Fv2%2Fcomments&post=3571"}],"version-history":[{"count":4,"href":"http:\/\/aynakol.org\/index.php?rest_route=\/wp\/v2\/posts\/3571\/revisions"}],"predecessor-version":[{"id":3575,"href":"http:\/\/aynakol.org\/index.php?rest_route=\/wp\/v2\/posts\/3571\/revisions\/3575"}],"wp:featuredmedia":[{"embeddable":true,"href":"http:\/\/aynakol.org\/index.php?rest_route=\/wp\/v2\/media\/3557"}],"wp:attachment":[{"href":"http:\/\/aynakol.org\/index.php?rest_route=%2Fwp%2Fv2%2Fmedia&parent=3571"}],"wp:term":[{"taxonomy":"category","embeddable":true,"href":"http:\/\/aynakol.org\/index.php?rest_route=%2Fwp%2Fv2%2Fcategories&post=3571"},{"taxonomy":"post_tag","embeddable":true,"href":"http:\/\/aynakol.org\/index.php?rest_route=%2Fwp%2Fv2%2Ftags&post=3571"}],"curies":[{"name":"wp","href":"https:\/\/api.w.org\/{rel}","templated":true}]}}