{"id":370,"date":"2014-12-03T22:09:35","date_gmt":"2014-12-03T19:09:35","guid":{"rendered":"http:\/\/aynakol.org\/?p=370"},"modified":"2014-12-03T23:06:06","modified_gmt":"2014-12-03T20:06:06","slug":"gunun-fotografi-tinkoff-saxo-yeni-formasiyla-idmanda","status":"publish","type":"post","link":"http:\/\/aynakol.org\/?p=370","title":{"rendered":"G\u00fcn\u00fcn foto\u011fraf\u0131: Tinkoff-Saxo yeni formas\u0131yla idmanda"},"content":{"rendered":"<div id=\"attachment_371\" style=\"width: 970px\" class=\"wp-caption alignnone\"><a href=\"https:\/\/i0.wp.com\/aynakol.org\/wp-content\/uploads\/2014\/12\/10846263_564046540396645_7579171270213907951_n.jpg\"><img data-recalc-dims=\"1\" loading=\"lazy\" decoding=\"async\" aria-describedby=\"caption-attachment-371\" data-attachment-id=\"371\" data-permalink=\"http:\/\/aynakol.org\/?attachment_id=371\" data-orig-file=\"https:\/\/i0.wp.com\/aynakol.org\/wp-content\/uploads\/2014\/12\/10846263_564046540396645_7579171270213907951_n.jpg?fit=960%2C603\" data-orig-size=\"960,603\" data-comments-opened=\"1\" data-image-meta=\"{&quot;aperture&quot;:&quot;0&quot;,&quot;credit&quot;:&quot;&quot;,&quot;camera&quot;:&quot;&quot;,&quot;caption&quot;:&quot;&quot;,&quot;created_timestamp&quot;:&quot;0&quot;,&quot;copyright&quot;:&quot;&quot;,&quot;focal_length&quot;:&quot;0&quot;,&quot;iso&quot;:&quot;0&quot;,&quot;shutter_speed&quot;:&quot;0&quot;,&quot;title&quot;:&quot;&quot;,&quot;orientation&quot;:&quot;0&quot;}\" data-image-title=\"10846263_564046540396645_7579171270213907951_n\" data-image-description=\"\" data-image-caption=\"&lt;p&gt;Tinfoff-Saxo tak\u0131m\u0131 Gran Canaria&amp;#8217;da yeni formalar\u0131yla idman yaparken.&lt;\/p&gt;\n\" data-large-file=\"https:\/\/i0.wp.com\/aynakol.org\/wp-content\/uploads\/2014\/12\/10846263_564046540396645_7579171270213907951_n.jpg?fit=860%2C540\" class=\"size-full wp-image-371\" src=\"https:\/\/i0.wp.com\/aynakol.org\/wp-content\/uploads\/2014\/12\/10846263_564046540396645_7579171270213907951_n.jpg?resize=860%2C540\" alt=\"Tinfoff-Saxo tak\u0131m\u0131 Gran Canaria'da yeni formalar\u0131yla idman yaparken.\" width=\"860\" height=\"540\" srcset=\"https:\/\/i0.wp.com\/aynakol.org\/wp-content\/uploads\/2014\/12\/10846263_564046540396645_7579171270213907951_n.jpg?w=960 960w, https:\/\/i0.wp.com\/aynakol.org\/wp-content\/uploads\/2014\/12\/10846263_564046540396645_7579171270213907951_n.jpg?resize=300%2C188 300w, https:\/\/i0.wp.com\/aynakol.org\/wp-content\/uploads\/2014\/12\/10846263_564046540396645_7579171270213907951_n.jpg?resize=705%2C442 705w\" sizes=\"auto, (max-width: 860px) 100vw, 860px\" \/><\/a><p id=\"caption-attachment-371\" class=\"wp-caption-text\">Tinfoff-Saxo tak\u0131m\u0131 Gran Canaria&#8217;da yeni formalar\u0131yla idman yaparken.<\/p><\/div>\n<p class=\"_wk aboveUnitContent\">Foto\u011frafta <a href=\"http:\/\/www.tinkoffsaxo.com\/\" target=\"_blank\">Tinkoff-Saxo<\/a> Pro Cycling Team Gran Canaria&#8217;da yeni transferleri Peter Sagan ve Ivan Basso ile birlikte tam kadro idman yaparken g\u00f6r\u00fcl\u00fcyor. <a href=\"http:\/\/www.tinkoffsaxo.com\/news\/tinkoff-saxo-unveils-innovative-training-kit\/\" target=\"_blank\">Yeni formalar\u0131n<\/a> sadece idmanlarda kullan\u0131lmas\u0131 dile\u011fiyle. Bu haliyle \u00e7ok askeri ve Alberto Contador her an nizamiye n\u00f6betine gidecekmi\u015f gibi g\u00f6r\u00fcn\u00fcyor!<\/p>\n<p class=\"_wk aboveUnitContent\">Merak edenler olacakt\u0131r: herkes yeni formayla ama Peter Sagan h\u00e2l\u00e2 Cannondale formas\u0131yla? Yeni transferler 2015 y\u0131l\u0131nda resmen tak\u0131ma girecekleri i\u00e7in hen\u00fcz Tinkoff-Saxo formas\u0131 giyemiyor, bu y\u00fczden eski tak\u0131m formalar\u0131n\u0131 giyinmekteler.<\/p>\n<div class=\"_wk aboveUnitContent\">Daha fazlas\u0131 i\u00e7in: <a href=\"https:\/\/www.facebook.com\/tinkoffsport\/posts\/602814563153853\" target=\"_blank\">Tinkoff-Saxo resmi Facebook sayfas\u0131<\/a><\/div>\n","protected":false},"excerpt":{"rendered":"<p>Foto\u011frafta Tinkoff-Saxo Pro Cycling Team Gran Canaria&#8217;da yeni transferleri Peter Sagan ve Ivan Basso ile birlikte tam kadro idman yaparken g\u00f6r\u00fcl\u00fcyor. Yeni formalar\u0131n sadece idmanlarda [&#8230;]<\/p>\n","protected":false},"author":1,"featured_media":0,"comment_status":"open","ping_status":"open","sticky":false,"template":"","format":"standard","meta":{"jetpack_post_was_ever_published":false,"_jetpack_newsletter_access":"","_jetpack_dont_email_post_to_subs":false,"_jetpack_newsletter_tier_id":0,"_jetpack_memberships_contains_paywalled_content":false,"_jetpack_memberships_contains_paid_content":false,"footnotes":"","jetpack_publicize_message":"","jetpack_publicize_feature_enabled":true,"jetpack_social_post_already_shared":true,"jetpack_social_options":{"image_generator_settings":{"template":"highway","default_image_id":0,"font":"","enabled":false},"version":2}},"categories":[92],"tags":[19,317,316,151,315,318,319,136,323,324,322,320,321,30,18,34],"class_list":["post-370","post","type-post","status-publish","format-standard","hentry","category-grand","tag-alberto-contador","tag-canondale","tag-ivan-basso","tag-le-tour","tag-peter-sagan","tag-pro-cycling","tag-s-works","tag-specialized","tag-specialized-s-works-tarmac","tag-specialized-sworks-tarmac","tag-specialized-tarmac","tag-sworks","tag-tarmac","tag-tinkoff","tag-tinkoff-saxo","tag-tour-de-france"],"jetpack_publicize_connections":[],"jetpack_featured_media_url":"","jetpack_sharing_enabled":true,"jetpack_shortlink":"https:\/\/wp.me\/p51p4O-5Y","jetpack_likes_enabled":true,"jetpack-related-posts":[{"id":556,"url":"http:\/\/aynakol.org\/?p=556","url_meta":{"origin":370,"position":0},"title":"Pro Bikes: Pro Team Tinkoff Saxo&#8217;nun tercihi Specialized S-Works Tarmac","author":"Ayd\u0131n Bez","date":"23 Ocak 2015","format":false,"excerpt":"2015 sezonunda pro pelotonda bir\u00e7ok tak\u0131m vites-fren-teker sistemleriyle tamamlay\u0131c\u0131 donan\u0131mlar\u0131nda ciddi de\u011fi\u015fikliklere gitti. Neredeyse donan\u0131mlar\u0131n\u0131 de\u011fi\u015ftirmeyen tak\u0131m kalmad\u0131 diyebiliriz. 2014 sezonunu say\u0131s\u0131z etap galibiyetleri ve \u0130spanya Bisiklet Turu \u015fampiyonlu\u011fu gibi ba\u015far\u0131larla kapat\u0131p \u00fczerine gelecek sezon ba\u015far\u0131lar\u0131n\u0131 per\u00e7inlemek i\u00e7in yerinde transferler yapan Uci World Tour\u2019un tek Rus tak\u0131m\u0131 Pro Team Tinkoff\u2026","rel":"","context":"&quot;Pro Bikes&quot; i\u00e7inde","block_context":{"text":"Pro Bikes","link":"http:\/\/aynakol.org\/?cat=443"},"img":{"alt_text":"","src":"https:\/\/i0.wp.com\/aynakol.org\/wp-content\/uploads\/2015\/01\/Tinkoff_Saxo_Specialized_Swork_Tarmac_2015.jpg?fit=1200%2C800&resize=350%2C200","width":350,"height":200,"srcset":"https:\/\/i0.wp.com\/aynakol.org\/wp-content\/uploads\/2015\/01\/Tinkoff_Saxo_Specialized_Swork_Tarmac_2015.jpg?fit=1200%2C800&resize=350%2C200 1x, https:\/\/i0.wp.com\/aynakol.org\/wp-content\/uploads\/2015\/01\/Tinkoff_Saxo_Specialized_Swork_Tarmac_2015.jpg?fit=1200%2C800&resize=525%2C300 1.5x, https:\/\/i0.wp.com\/aynakol.org\/wp-content\/uploads\/2015\/01\/Tinkoff_Saxo_Specialized_Swork_Tarmac_2015.jpg?fit=1200%2C800&resize=700%2C400 2x, https:\/\/i0.wp.com\/aynakol.org\/wp-content\/uploads\/2015\/01\/Tinkoff_Saxo_Specialized_Swork_Tarmac_2015.jpg?fit=1200%2C800&resize=1050%2C600 3x"},"classes":[]},{"id":30,"url":"http:\/\/aynakol.org\/?p=30","url_meta":{"origin":370,"position":1},"title":"Tinkoff-Saxo ve krali\u00e7e etap zaferleri","author":"Ayd\u0131n Bez","date":"10 Eyl\u00fcl 2014","format":false,"excerpt":"Krali\u00e7e etaplar\u0131 izlemek b\u00fcy\u00fck turlarda bisiklet severler i\u00e7in b\u00fcy\u00fck zevk! Her ne kadar genel klasman (GC General Classification) lider adaylar\u0131 birbirinlerini kollamak ve zaman fark\u0131n\u0131 a\u00e7mak, kapatmak i\u00e7in \u00e7abalasa da as\u0131l heyecan veren t\u0131rman\u0131\u0219 domestiklerinin s\u00fcrpriz zaferleri oluyor. Krali\u00e7e etap nedir sorusunun cevab\u0131 da uzun, upuzun, hatta turun en uzun\u2026","rel":"","context":"&quot;Grand Tour&quot; i\u00e7inde","block_context":{"text":"Grand Tour","link":"http:\/\/aynakol.org\/?cat=92"},"img":{"alt_text":"","src":"","width":0,"height":0},"classes":[]},{"id":2152,"url":"http:\/\/aynakol.org\/?p=2152","url_meta":{"origin":370,"position":2},"title":"2016 Sezonunda Pelotondaki Teknik Yenilikler","author":"Ayd\u0131n Bez","date":"21 Aral\u0131k 2015","format":false,"excerpt":"De\u011fi\u015fiklik her zaman iyidir, her ne kadar tutucu olmaya meyilli olsak da. Ge\u00e7en seneye g\u00f6re\u00a02016 sezonunda 18 WorldTour tak\u0131m\u0131ndan hi\u00e7birinin bisiklet sponsorlar\u0131 de\u011fi\u015fmemesine ra\u011fmen, tak\u0131mlar\u0131ndan baz\u0131lar\u0131n\u0131n donan\u0131m tercihlerinde\u00a0baz\u0131 de\u011fi\u015fiklikler oldu. \u00a0 \u015e\u00fcphesiz en dikkat \u00e7ekici de\u011fi\u015fiklik Rus Katusha tak\u0131m\u0131ndan geldi: Shimano'dan SRAM kablosuz ve elektronik vites, fren, jant ve tamamlay\u0131c\u0131\u2026","rel":"","context":"&quot;Haberler&quot; i\u00e7inde","block_context":{"text":"Haberler","link":"http:\/\/aynakol.org\/?cat=251"},"img":{"alt_text":"","src":"https:\/\/i0.wp.com\/aynakol.org\/wp-content\/uploads\/2015\/12\/Katusha_Sram.jpg?fit=599%2C419&resize=350%2C200","width":350,"height":200,"srcset":"https:\/\/i0.wp.com\/aynakol.org\/wp-content\/uploads\/2015\/12\/Katusha_Sram.jpg?fit=599%2C419&resize=350%2C200 1x, https:\/\/i0.wp.com\/aynakol.org\/wp-content\/uploads\/2015\/12\/Katusha_Sram.jpg?fit=599%2C419&resize=525%2C300 1.5x"},"classes":[]},{"id":2122,"url":"http:\/\/aynakol.org\/?p=2122","url_meta":{"origin":370,"position":3},"title":"2016 Yol Bisikleti Sezonu Transferleri ve Sezon Haz\u0131rl\u0131klar\u0131","author":"Ayd\u0131n Bez","date":"9 Aral\u0131k 2015","format":false,"excerpt":"2015 sezonu bitmi\u015f, transferler de tamamlanm\u0131\u015fken tatil de sona erdi. \u015eimdi idman kamp\u0131 zaman\u0131! Yeni transferler idman kamplar\u0131nda h\u00e2l\u00e2 eski tak\u0131m formalar\u0131yla yeni y\u0131l\u0131n ba\u015f\u0131na dek pedallarken tak\u0131mlar da bo\u015f durmay\u0131p kendi tan\u0131t\u0131mlar\u0131n\u0131 yap\u0131yor: tak\u0131m\u0131n yeni y\u00fczlerinin yer ald\u0131\u011f\u0131 de\u011fi\u015fen tasar\u0131ml\u0131 formalar sosyal medyada payla\u015f\u0131l\u0131rken bisiklet ya da isim de\u011fi\u015fiklikleri\u2026","rel":"","context":"&quot;Haberler&quot; i\u00e7inde","block_context":{"text":"Haberler","link":"http:\/\/aynakol.org\/?cat=251"},"img":{"alt_text":"","src":"https:\/\/i0.wp.com\/aynakol.org\/wp-content\/uploads\/2015\/09\/Vuelta2015_Stage11_Peloton-p.jpg?fit=1001%2C444&resize=350%2C200","width":350,"height":200,"srcset":"https:\/\/i0.wp.com\/aynakol.org\/wp-content\/uploads\/2015\/09\/Vuelta2015_Stage11_Peloton-p.jpg?fit=1001%2C444&resize=350%2C200 1x, https:\/\/i0.wp.com\/aynakol.org\/wp-content\/uploads\/2015\/09\/Vuelta2015_Stage11_Peloton-p.jpg?fit=1001%2C444&resize=525%2C300 1.5x, https:\/\/i0.wp.com\/aynakol.org\/wp-content\/uploads\/2015\/09\/Vuelta2015_Stage11_Peloton-p.jpg?fit=1001%2C444&resize=700%2C400 2x"},"classes":[]},{"id":2395,"url":"http:\/\/aynakol.org\/?p=2395","url_meta":{"origin":370,"position":4},"title":"#TSL2016 Tour de San Luis 7. Etap: San Luis, 120 km","author":"Ayd\u0131n Bez","date":"24 Ocak 2016","format":false,"excerpt":"10. San Luis Bisiklet Turunun 7. ve son etab\u0131 \u015fehir i\u00e7inde pedallanacak 5 tur sonras\u0131 120. km'de sona erecek. Etab\u0131n 15. km'sinde yer alan Cat3 t\u0131rman\u0131\u015f\u0131 ve takip eden 5 km i\u00e7inde yer alan iki k\u00fc\u00e7\u00fck tepe d\u0131\u015f\u0131nda ini\u015fli \u00e7\u0131k\u0131\u015f bir etap profili var. Toplu sprint ile bitmesi muhtemel etapta\u2026","rel":"","context":"&quot;Stage Races&quot; i\u00e7inde","block_context":{"text":"Stage Races","link":"http:\/\/aynakol.org\/?cat=1143"},"img":{"alt_text":"","src":"https:\/\/i0.wp.com\/aynakol.org\/wp-content\/uploads\/2016\/01\/TDS2016_stage7_GC_winner_Dayer_Quintana1.jpg?fit=445%2C464&resize=350%2C200","width":350,"height":200},"classes":[]},{"id":1621,"url":"http:\/\/aynakol.org\/?p=1621","url_meta":{"origin":370,"position":5},"title":"#TDF2015 21. Etap: S\u00e8vres \u2192 Champs-Elys\u00e9es, 110 km","author":"Ayd\u0131n Bez","date":"25 Temmuz 2015","format":false,"excerpt":"Art\u0131k zafer turu. 21 g\u00fcn boyunca Bel\u00e7ikadan ya\u011fmurlu Hollanda topraklar\u0131na, oradan yetmezmi\u015f gibi kuzeyin ta\u015fl\u0131 yollar\u0131ndan Arenberg ormanlar\u0131na, deniz k\u0131y\u0131s\u0131na, Bretania - Breton krall\u0131\u011f\u0131 topraklar\u0131na inip durmaks\u0131z\u0131n g\u00fcneye, Pirenelere uzand\u0131k ve sadece iki g\u00fcn dinlenip kendimizi Alplerde bulduk ve \u015fimdi Paristeyiz! 22 tak\u0131m, 198 pedal ve bir o kadar da\u2026","rel":"","context":"&quot;Grand Tour&quot; i\u00e7inde","block_context":{"text":"Grand Tour","link":"http:\/\/aynakol.org\/?cat=92"},"img":{"alt_text":"","src":"https:\/\/i0.wp.com\/aynakol.org\/wp-content\/uploads\/2015\/07\/le-tour-sunflowers_crop.jpg?fit=500%2C247&resize=350%2C200","width":350,"height":200},"classes":[]}],"_links":{"self":[{"href":"http:\/\/aynakol.org\/index.php?rest_route=\/wp\/v2\/posts\/370","targetHints":{"allow":["GET"]}}],"collection":[{"href":"http:\/\/aynakol.org\/index.php?rest_route=\/wp\/v2\/posts"}],"about":[{"href":"http:\/\/aynakol.org\/index.php?rest_route=\/wp\/v2\/types\/post"}],"author":[{"embeddable":true,"href":"http:\/\/aynakol.org\/index.php?rest_route=\/wp\/v2\/users\/1"}],"replies":[{"embeddable":true,"href":"http:\/\/aynakol.org\/index.php?rest_route=%2Fwp%2Fv2%2Fcomments&post=370"}],"version-history":[{"count":6,"href":"http:\/\/aynakol.org\/index.php?rest_route=\/wp\/v2\/posts\/370\/revisions"}],"predecessor-version":[{"id":377,"href":"http:\/\/aynakol.org\/index.php?rest_route=\/wp\/v2\/posts\/370\/revisions\/377"}],"wp:attachment":[{"href":"http:\/\/aynakol.org\/index.php?rest_route=%2Fwp%2Fv2%2Fmedia&parent=370"}],"wp:term":[{"taxonomy":"category","embeddable":true,"href":"http:\/\/aynakol.org\/index.php?rest_route=%2Fwp%2Fv2%2Fcategories&post=370"},{"taxonomy":"post_tag","embeddable":true,"href":"http:\/\/aynakol.org\/index.php?rest_route=%2Fwp%2Fv2%2Ftags&post=370"}],"curies":[{"name":"wp","href":"https:\/\/api.w.org\/{rel}","templated":true}]}}