{"id":4199,"date":"2016-08-18T23:21:42","date_gmt":"2016-08-18T20:21:42","guid":{"rendered":"http:\/\/aynakol.org\/?p=4199"},"modified":"2016-08-19T22:26:49","modified_gmt":"2016-08-19T19:26:49","slug":"la-vuelta-a-espana-2016-on-incelemesi","status":"publish","type":"post","link":"http:\/\/aynakol.org\/?p=4199","title":{"rendered":"La Vuelta a Espana 2016 \u00f6n incelemesi"},"content":{"rendered":"<p><span style=\"font-family: georgia,palatino,serif; font-size: 12pt;\">Ve y\u0131l\u0131n son b\u00fcy\u00fck turu i\u00e7in zaman geldi \u00e7att\u0131! Huzurlar\u0131n\u0131zda da\u011flar\u0131n be\u015fi\u011fi La Vuelta a Espana!<\/span><\/p>\n<p><span style=\"font-family: georgia,palatino,serif; font-size: 12pt;\">Balneario Laias \u2192 Castrelo de Mi\u00f1o aras\u0131nda tak\u0131m zamana kar\u015f\u0131 (TTT: Team Time Trial) ile ba\u015flayacak La Vuelta a Espana 3279 km boyunca \u0130spanyan\u0131n \u00e7o\u011funlukla kuzeyinde dola\u015farak 21 yar\u0131\u015f, 2 de dinlenme g\u00fcn\u00fc sonras\u0131 Madridde sona erecek. <\/span><\/p>\n<p><a href=\"https:\/\/i0.wp.com\/aynakol.org\/wp-content\/uploads\/2016\/08\/LaVuelta2016_route.png\"><img data-recalc-dims=\"1\" loading=\"lazy\" decoding=\"async\" data-attachment-id=\"4201\" data-permalink=\"http:\/\/aynakol.org\/?attachment_id=4201\" data-orig-file=\"https:\/\/i0.wp.com\/aynakol.org\/wp-content\/uploads\/2016\/08\/LaVuelta2016_route.png?fit=620%2C540\" data-orig-size=\"620,540\" data-comments-opened=\"1\" data-image-meta=\"{&quot;aperture&quot;:&quot;0&quot;,&quot;credit&quot;:&quot;&quot;,&quot;camera&quot;:&quot;&quot;,&quot;caption&quot;:&quot;&quot;,&quot;created_timestamp&quot;:&quot;0&quot;,&quot;copyright&quot;:&quot;&quot;,&quot;focal_length&quot;:&quot;0&quot;,&quot;iso&quot;:&quot;0&quot;,&quot;shutter_speed&quot;:&quot;0&quot;,&quot;title&quot;:&quot;&quot;,&quot;orientation&quot;:&quot;0&quot;}\" data-image-title=\"LaVuelta2016_route\" data-image-description=\"\" data-image-caption=\"\" data-large-file=\"https:\/\/i0.wp.com\/aynakol.org\/wp-content\/uploads\/2016\/08\/LaVuelta2016_route.png?fit=620%2C540\" class=\"aligncenter size-full wp-image-4201\" src=\"https:\/\/i0.wp.com\/aynakol.org\/wp-content\/uploads\/2016\/08\/LaVuelta2016_route.png?resize=620%2C540\" alt=\"LaVuelta2016_route\" width=\"620\" height=\"540\" srcset=\"https:\/\/i0.wp.com\/aynakol.org\/wp-content\/uploads\/2016\/08\/LaVuelta2016_route.png?w=620 620w, https:\/\/i0.wp.com\/aynakol.org\/wp-content\/uploads\/2016\/08\/LaVuelta2016_route.png?resize=300%2C261 300w\" sizes=\"auto, (max-width: 620px) 100vw, 620px\" \/><\/a><\/p>\n<p><span style=\"font-family: georgia,palatino,serif; font-size: 12pt;\">21 tak\u0131mdan 198 sporcunun alt\u0131n ya da yeni ismiyle k\u0131rm\u0131z\u0131 mayo &#8211; Maglia Rojo i\u00e7in sava\u015faca\u011f\u0131 La Vuelta a Espana bu sene 71. kez pedallanacak. Ge\u00e7ti\u011fimiz senenin kazanan\u0131 Fabio Aru&#8217;nun \u00fcnvan\u0131n\u0131 koruyamayaca\u011f\u0131 La Vuelta&#8217;da favorilerin ba\u015f\u0131nda ise tabii ki Fransa Bisiklet Turu \u015fampiyonu olarak La Vueltaya gelen Team SKY tak\u0131m\u0131n\u0131n B\u00fcy\u00fck Britanyal\u0131s\u0131 <strong>Chris Froome<\/strong> geliyor; yorgun olmas\u0131na kar\u015f\u0131n Froome tabii ki Le Tour &#8211; La Vuelta doublesi i\u00e7in m\u00fccadele edecek. Bir di\u011fer favori ise tabii ki sezon ba\u015f\u0131nda emekli olaca\u011f\u0131n\u0131 a\u00e7\u0131klamas\u0131na kar\u015f\u0131n zaferin tad\u0131n\u0131 b\u0131rakmak istemeyen \u0130spanyol <strong>Alberto Contador<\/strong> ki, \u00fc\u00e7 kez kazand\u0131\u011f\u0131 La Vuelta&#8217;da d\u00f6rd\u00fcnc\u00fc zaferinin pe\u015finde pedallayacak. Movistar tak\u0131m\u0131 ise Nairo Quintana ve Alejandro Valverde ikilisi ile kendi topraklar\u0131nda zafer pe\u015finde ko\u015facak. Giro d&#8217;Italia&#8217;da y\u0131ld\u0131z\u0131n\u0131 iyice parlatan ancak 19. Etapta Fransa ve \u0130talya aras\u0131ndaki do\u011fal s\u0131n\u0131r <span lang=\"it\" xml:lang=\"it\">Colle dell&#8217;Agnello<\/span> da\u011f ge\u00e7idi ini\u015finde takla at\u0131p mayoyu kaybeden Hollandal\u0131 <strong>Steven Kruijswijk<\/strong> de iddial\u0131lar aras\u0131nda. <\/span><\/p>\n<p><span style=\"font-family: georgia,palatino,serif; font-size: 12pt;\">K\u0131rm\u0131z\u0131 mayonun son derece ortada oldu\u011fu La Vuelta&#8217;da bu senede olduk\u00e7a da\u011fl\u0131k bir profil var kar\u015f\u0131m\u0131zda. Genel klasman favorilerinin m\u00fccadelesi kendi aralar\u0131nda olmaktan \u00e7ok \u0130spanyan\u0131n zorlu da\u011f ve ge\u00e7itleriyle olacak!<\/span><\/p>\n<p><span style=\"font-family: georgia,palatino,serif; font-size: 12pt;\"><strong>Daha fazlas\u0131 i\u00e7in<\/strong><\/span><\/p>\n<ul>\n<li><span style=\"font-family: georgia,palatino,serif; font-size: 12pt;\">La Vuelta 2016 hakk\u0131nda her \u015fey: <a href=\"http:\/\/www.steephill.tv\/vuelta-a-espana\/\" target=\"_blank\"><strong>SteepHill.TV<\/strong><\/a><\/span><\/li>\n<li><span style=\"font-family: georgia,palatino,serif; font-size: 12pt;\">La Vuelta 2016 s\u0131ral\u0131 tam liste: <a href=\"http:\/\/www.procyclingstats.com\/race\/Vuelta_a_Espana_2016_Startlist\" target=\"_blank\"><strong>ProCyclingStats.com<\/strong><\/a><\/span><\/li>\n<\/ul>\n","protected":false},"excerpt":{"rendered":"<p>Ve y\u0131l\u0131n son b\u00fcy\u00fck turu i\u00e7in zaman geldi \u00e7att\u0131! Huzurlar\u0131n\u0131zda da\u011flar\u0131n be\u015fi\u011fi La Vuelta a Espana! Balneario Laias \u2192 Castrelo de Mi\u00f1o aras\u0131nda tak\u0131m zamana [&#8230;]<\/p>\n","protected":false},"author":1,"featured_media":4202,"comment_status":"open","ping_status":"open","sticky":false,"template":"","format":"standard","meta":{"jetpack_post_was_ever_published":false,"_jetpack_newsletter_access":"","_jetpack_dont_email_post_to_subs":false,"_jetpack_newsletter_tier_id":0,"_jetpack_memberships_contains_paywalled_content":false,"_jetpack_memberships_contains_paid_content":false,"footnotes":"","jetpack_publicize_message":"Giro, Le Tour, Olimpiyatlar derken takvimler La Vuelta a Espana'y\u0131 g\u00f6steriyor. son le Tour \u015fampiyonu Froome, ben emekli olamam ki diyen Contador, ismini yazmas\u0131 da okumas\u0131 da zor Kruijswijk, kara mars\u0131k Quintana, eski kurt Valverde... hepsi sezonu Maglia Rojo ile ta\u00e7land\u0131rmak i\u00e7in 2379 km boyunca m\u00fccadele edecek!","jetpack_publicize_feature_enabled":true,"jetpack_social_post_already_shared":true,"jetpack_social_options":{"image_generator_settings":{"template":"highway","default_image_id":0,"font":"","enabled":false},"version":2}},"categories":[91],"tags":[19,65,24,17,1320,26,83,15,963,434,1003,16,233,1319,952,955,803,22,222,1092,831,1010,20,30,23,14,234,1318],"class_list":["post-4199","post","type-post","status-publish","format-standard","has-post-thumbnail","hentry","category-vuelta-2","tag-alberto-contador","tag-alejandro-valverde","tag-astana","tag-bisiklet-turu","tag-chaves","tag-chris-froome","tag-contador","tag-espana","tag-esteban-chaves","tag-froome","tag-froomey","tag-ispanya","tag-ispanya-bisiklet-turu","tag-kruijswijk","tag-la-vuelta","tag-la-vuelta-a-espana","tag-lottonl-jumbo","tag-movistar","tag-nairo-quintana","tag-orica-greeenedge","tag-quintana","tag-steven-kruijswijk","tag-team-sky","tag-tinkoff","tag-valverde","tag-vuelta","tag-vuelta-a-espana","tag-vuelta-espana"],"jetpack_publicize_connections":[],"jetpack_featured_media_url":"https:\/\/i0.wp.com\/aynakol.org\/wp-content\/uploads\/2016\/08\/LaVuelta2016_banner.jpg?fit=686%2C350","jetpack_sharing_enabled":true,"jetpack_shortlink":"https:\/\/wp.me\/p51p4O-15J","jetpack_likes_enabled":true,"jetpack-related-posts":[{"id":4229,"url":"http:\/\/aynakol.org\/?p=4229","url_meta":{"origin":4199,"position":0},"title":"#LaVuelta2016 1. Etap: Balneario Laias \u2192 Castrelo de Mi\u00f1o, 29.4 km","author":"Ayd\u0131n Bez","date":"20 A\u011fustos 2016","format":false,"excerpt":"A\u00e7\u0131l\u0131\u015f etab\u0131 i\u00e7in La Vuelta'n\u0131n ilk ve son d\u00fczl\u00fck etab\u0131 diyebiliriz. Zira yakla\u015f\u0131k 30 km uzunlu\u011fundaki tak\u0131m zamana kar\u015f\u0131 purkuru sonras\u0131, hemen ikinci etapta t\u0131rman\u0131\u015flar ba\u015fl\u0131yor, ta ki Madride kadar! Biri La Vuelta'n\u0131n tan\u0131m\u0131n\u0131 m\u0131 merak etti? \u0130\u015fte La Vuelta: da\u011flar\u0131n kalbine yolculuk! Balneario Laias \u2192 Castrelo de Mi\u00f1o aras\u0131nda\u2026","rel":"","context":"&quot;Vuelta a Espana&quot; i\u00e7inde","block_context":{"text":"Vuelta a Espana","link":"http:\/\/aynakol.org\/?cat=91"},"img":{"alt_text":"","src":"https:\/\/i0.wp.com\/aynakol.org\/wp-content\/uploads\/2016\/08\/LaVuelta2016_banner.jpg?fit=686%2C350&resize=350%2C200","width":350,"height":200,"srcset":"https:\/\/i0.wp.com\/aynakol.org\/wp-content\/uploads\/2016\/08\/LaVuelta2016_banner.jpg?fit=686%2C350&resize=350%2C200 1x, https:\/\/i0.wp.com\/aynakol.org\/wp-content\/uploads\/2016\/08\/LaVuelta2016_banner.jpg?fit=686%2C350&resize=525%2C300 1.5x"},"classes":[]},{"id":4279,"url":"http:\/\/aynakol.org\/?p=4279","url_meta":{"origin":4199,"position":1},"title":"#LaVuelta2016 7. Etap: \tMaceda \u2192 Puebla de Sanabria, 159 km","author":"Ayd\u0131n Bez","date":"26 A\u011fustos 2016","format":false,"excerpt":"D\u00fcnk\u00fc etaba pek benzemese de yine bir ge\u00e7i etab\u0131 ile La Vuelta devam ediyor.\u00a0Maceda \u2192 Puebla de Sanabria kentleri aras\u0131nda pedallanacak 7. Etap 159 km uzunlu\u011funda ve hakiki ka\u00e7\u0131\u015f ustalar\u0131 i\u00e7in tasarlanm\u0131\u015f gibi.\u00a0 \u015eayet, Chris Froome Le Tour de France 2016'n\u0131n\u00a0Bagn\u00e8res-de-Luchon kasabas\u0131nda sona eren 8.\u00a0etab\u0131ndaki gibi bir \u00e7\u0131lg\u0131nl\u0131k yapmazsa genel\u2026","rel":"","context":"&quot;Vuelta a Espana&quot; i\u00e7inde","block_context":{"text":"Vuelta a Espana","link":"http:\/\/aynakol.org\/?cat=91"},"img":{"alt_text":"","src":"https:\/\/i0.wp.com\/aynakol.org\/wp-content\/uploads\/2016\/08\/LaVuelta2016_profile_stage7.jpg?resize=350%2C200","width":350,"height":200,"srcset":"https:\/\/i0.wp.com\/aynakol.org\/wp-content\/uploads\/2016\/08\/LaVuelta2016_profile_stage7.jpg?resize=350%2C200 1x, https:\/\/i0.wp.com\/aynakol.org\/wp-content\/uploads\/2016\/08\/LaVuelta2016_profile_stage7.jpg?resize=525%2C300 1.5x"},"classes":[]},{"id":4271,"url":"http:\/\/aynakol.org\/?p=4271","url_meta":{"origin":4199,"position":2},"title":"#LaVuelta2016 6. Etap: Monforte de Lemos \u2192 Luintra, 163 km","author":"Ayd\u0131n Bez","date":"25 A\u011fustos 2016","format":false,"excerpt":"D\u00fcn araya yanl\u0131\u015fl\u0131kla kar\u0131\u015fan d\u00fczl\u00fck etap sonras\u0131 y\u00f6n\u00fcm\u00fcz, y\u00fcz\u00fcm\u00fcz yine da\u011flara d\u00f6n\u00fcyor: ter ve ac\u0131yla yo\u011frulacak 163 km uzunlu\u011fundaki 6. Etap Monforte de Lemos \u2192 Luintra aras\u0131nda dolamba\u00e7l\u0131 yollarda pedallanacak. 163 km uzunlu\u011fundaki etab\u0131n ilk yar\u0131s\u0131 nispeten d\u00fcz say\u0131lacak bir profilde; g\u00fcn\u00fcn as\u0131l men\u00fcs\u00fc etab\u0131n ikinci yar\u0131s\u0131nda pelotonun kar\u015f\u0131s\u0131na \u015fef\u2026","rel":"","context":"&quot;Vuelta a Espana&quot; i\u00e7inde","block_context":{"text":"Vuelta a Espana","link":"http:\/\/aynakol.org\/?cat=91"},"img":{"alt_text":"","src":"https:\/\/i0.wp.com\/aynakol.org\/wp-content\/uploads\/2016\/08\/LaVuelta2016_profile_stage5_weather_condition.jpg?fit=1200%2C800&resize=350%2C200","width":350,"height":200,"srcset":"https:\/\/i0.wp.com\/aynakol.org\/wp-content\/uploads\/2016\/08\/LaVuelta2016_profile_stage5_weather_condition.jpg?fit=1200%2C800&resize=350%2C200 1x, https:\/\/i0.wp.com\/aynakol.org\/wp-content\/uploads\/2016\/08\/LaVuelta2016_profile_stage5_weather_condition.jpg?fit=1200%2C800&resize=525%2C300 1.5x, https:\/\/i0.wp.com\/aynakol.org\/wp-content\/uploads\/2016\/08\/LaVuelta2016_profile_stage5_weather_condition.jpg?fit=1200%2C800&resize=700%2C400 2x, https:\/\/i0.wp.com\/aynakol.org\/wp-content\/uploads\/2016\/08\/LaVuelta2016_profile_stage5_weather_condition.jpg?fit=1200%2C800&resize=1050%2C600 3x"},"classes":[]},{"id":4243,"url":"http:\/\/aynakol.org\/?p=4243","url_meta":{"origin":4199,"position":3},"title":"#LaVuelta2016 3. Etap: Mar\u00edn \u2192 Mirador \u00c9zaro, 176 km","author":"Ayd\u0131n Bez","date":"22 A\u011fustos 2016","format":false,"excerpt":"Daha Bismillah demeden La Vuelta kar\u015f\u0131m\u0131za zirve biti\u015fli bir etap sonu koyuyor! Mar\u00edn kentinden ba\u015flayan 176 km uzunlu\u011fundaki etap ilk t\u0131rman\u0131\u015f\u0131n ete\u011fine dek Atlas Okyanusunun k\u0131y\u0131lar\u0131ndan kuzeye Mirador \u00c9zaro kentine do\u011fru uzan\u0131yor. Etab\u0131n ilk 100 km'si deniz k\u0131y\u0131s\u0131n\u0131 takip etti\u011fi i\u00e7in d\u00fcz, d\u00fcmd\u00fcz. Sonras\u0131nda men\u00fcde Cat2 s\u0131n\u0131f\u0131ndan iki t\u0131rman\u0131\u015f var:\u2026","rel":"","context":"&quot;Vuelta a Espana&quot; i\u00e7inde","block_context":{"text":"Vuelta a Espana","link":"http:\/\/aynakol.org\/?cat=91"},"img":{"alt_text":"","src":"https:\/\/i0.wp.com\/aynakol.org\/wp-content\/uploads\/2016\/08\/14053822_873183102816319_6939602575878970307_o.jpg?fit=1200%2C657&resize=350%2C200","width":350,"height":200,"srcset":"https:\/\/i0.wp.com\/aynakol.org\/wp-content\/uploads\/2016\/08\/14053822_873183102816319_6939602575878970307_o.jpg?fit=1200%2C657&resize=350%2C200 1x, https:\/\/i0.wp.com\/aynakol.org\/wp-content\/uploads\/2016\/08\/14053822_873183102816319_6939602575878970307_o.jpg?fit=1200%2C657&resize=525%2C300 1.5x, https:\/\/i0.wp.com\/aynakol.org\/wp-content\/uploads\/2016\/08\/14053822_873183102816319_6939602575878970307_o.jpg?fit=1200%2C657&resize=700%2C400 2x, https:\/\/i0.wp.com\/aynakol.org\/wp-content\/uploads\/2016\/08\/14053822_873183102816319_6939602575878970307_o.jpg?fit=1200%2C657&resize=1050%2C600 3x"},"classes":[]},{"id":4261,"url":"http:\/\/aynakol.org\/?p=4261","url_meta":{"origin":4199,"position":4},"title":"#LaVuelta2016 5. Etap: Viveiro \u2192 Lugo, 172 km","author":"Ayd\u0131n Bez","date":"24 A\u011fustos 2016","format":false,"excerpt":"Etap hakk\u0131nda Daha ilk haftada pe\u015fpe\u015fe ge\u00e7ilen iki zorlu zirve biti\u015fi sonras\u0131nda kar\u015f\u0131m\u0131zda yorgun bacaklar\u0131n dinlenmeye f\u0131rsat bulaca\u011f\u0131 bir etap var. BMC tak\u0131m\u0131n\u0131n Kolombiyal\u0131 pedal\u0131 Darvin Atapuma'n\u0131n Maglia Rojo ile ba\u015flayaca\u011f\u0131 etap peloton i\u00e7in adeta aktif dinlenme g\u00fcn\u00fc. Deniz k\u0131y\u0131s\u0131ndaki Viveiro kentinden, tepeleri, ge\u00e7itleri a\u015f\u0131p i\u00e7eriye Lugo kentine do\u011fru uzand\u0131\u011f\u0131m\u0131z\u2026","rel":"","context":"&quot;Vuelta a Espana&quot; i\u00e7inde","block_context":{"text":"Vuelta a Espana","link":"http:\/\/aynakol.org\/?cat=91"},"img":{"alt_text":"","src":"https:\/\/i0.wp.com\/aynakol.org\/wp-content\/uploads\/2016\/08\/LaVuelta2016_profile_stage5_winner_Gianni_Meersman1.jpg?fit=1000%2C666&resize=350%2C200","width":350,"height":200,"srcset":"https:\/\/i0.wp.com\/aynakol.org\/wp-content\/uploads\/2016\/08\/LaVuelta2016_profile_stage5_winner_Gianni_Meersman1.jpg?fit=1000%2C666&resize=350%2C200 1x, https:\/\/i0.wp.com\/aynakol.org\/wp-content\/uploads\/2016\/08\/LaVuelta2016_profile_stage5_winner_Gianni_Meersman1.jpg?fit=1000%2C666&resize=525%2C300 1.5x, https:\/\/i0.wp.com\/aynakol.org\/wp-content\/uploads\/2016\/08\/LaVuelta2016_profile_stage5_winner_Gianni_Meersman1.jpg?fit=1000%2C666&resize=700%2C400 2x"},"classes":[]},{"id":4251,"url":"http:\/\/aynakol.org\/?p=4251","url_meta":{"origin":4199,"position":5},"title":"#LaVuelta2016 4. Etap: Betanzos \u2192 San Andr\u00e9 de Teixid\u00f3, 161 km","author":"Ayd\u0131n Bez","date":"23 A\u011fustos 2016","format":false,"excerpt":"Etap \u00f6ncesi D\u00fcnk\u00fc zirvede biten 3. Etap sonras\u0131 h\u0131z kesmeden bug\u00fcn bir tane daha zirve biti\u015fiyle devam ediyor La Vuelta! A\u00e7\u0131k\u00e7as\u0131 bu t\u0131rman\u0131\u015flar ilk dinlenme g\u00fcn\u00fcne dek s\u00fcrecek!\u00a0 Kar\u015f\u0131m\u0131zda d\u00fcnk\u00fc etab\u0131n birebir kopyas\u0131 var. K\u0131y\u0131dan k\u0131y\u0131ya pedallamaya devam: Betanzos \u2192 San Andr\u00e9 de Teixid\u00f3 aras\u0131nda pedallanacak 4. Etap 161 km\u2026","rel":"","context":"&quot;Vuelta a Espana&quot; i\u00e7inde","block_context":{"text":"Vuelta a Espana","link":"http:\/\/aynakol.org\/?cat=91"},"img":{"alt_text":"","src":"https:\/\/i0.wp.com\/aynakol.org\/wp-content\/uploads\/2016\/08\/LaVuelta2016_profile_stage4_peloton.jpg?fit=1000%2C666&resize=350%2C200","width":350,"height":200,"srcset":"https:\/\/i0.wp.com\/aynakol.org\/wp-content\/uploads\/2016\/08\/LaVuelta2016_profile_stage4_peloton.jpg?fit=1000%2C666&resize=350%2C200 1x, https:\/\/i0.wp.com\/aynakol.org\/wp-content\/uploads\/2016\/08\/LaVuelta2016_profile_stage4_peloton.jpg?fit=1000%2C666&resize=525%2C300 1.5x, https:\/\/i0.wp.com\/aynakol.org\/wp-content\/uploads\/2016\/08\/LaVuelta2016_profile_stage4_peloton.jpg?fit=1000%2C666&resize=700%2C400 2x"},"classes":[]}],"_links":{"self":[{"href":"http:\/\/aynakol.org\/index.php?rest_route=\/wp\/v2\/posts\/4199","targetHints":{"allow":["GET"]}}],"collection":[{"href":"http:\/\/aynakol.org\/index.php?rest_route=\/wp\/v2\/posts"}],"about":[{"href":"http:\/\/aynakol.org\/index.php?rest_route=\/wp\/v2\/types\/post"}],"author":[{"embeddable":true,"href":"http:\/\/aynakol.org\/index.php?rest_route=\/wp\/v2\/users\/1"}],"replies":[{"embeddable":true,"href":"http:\/\/aynakol.org\/index.php?rest_route=%2Fwp%2Fv2%2Fcomments&post=4199"}],"version-history":[{"count":1,"href":"http:\/\/aynakol.org\/index.php?rest_route=\/wp\/v2\/posts\/4199\/revisions"}],"predecessor-version":[{"id":4204,"href":"http:\/\/aynakol.org\/index.php?rest_route=\/wp\/v2\/posts\/4199\/revisions\/4204"}],"wp:featuredmedia":[{"embeddable":true,"href":"http:\/\/aynakol.org\/index.php?rest_route=\/wp\/v2\/media\/4202"}],"wp:attachment":[{"href":"http:\/\/aynakol.org\/index.php?rest_route=%2Fwp%2Fv2%2Fmedia&parent=4199"}],"wp:term":[{"taxonomy":"category","embeddable":true,"href":"http:\/\/aynakol.org\/index.php?rest_route=%2Fwp%2Fv2%2Fcategories&post=4199"},{"taxonomy":"post_tag","embeddable":true,"href":"http:\/\/aynakol.org\/index.php?rest_route=%2Fwp%2Fv2%2Ftags&post=4199"}],"curies":[{"name":"wp","href":"https:\/\/api.w.org\/{rel}","templated":true}]}}