{"id":4232,"date":"2016-08-21T10:00:49","date_gmt":"2016-08-21T07:00:49","guid":{"rendered":"http:\/\/aynakol.org\/?p=4232"},"modified":"2016-08-21T22:31:40","modified_gmt":"2016-08-21T19:31:40","slug":"lavuelta2016-2-etap-ourense-%e2%86%92-baiona-159-km","status":"publish","type":"post","link":"http:\/\/aynakol.org\/?p=4232","title":{"rendered":"#LaVuelta2016 2. Etap: Ourense \u2192 Baiona, 159 km"},"content":{"rendered":"<p><span style=\"font-family: georgia,palatino,serif; font-size: 12pt;\">Team SKY tak\u0131m\u0131n\u0131n galibiyetiyle sona eren d\u00fcnk\u00fc zamana kar\u015f\u0131 etab\u0131n\u0131 geride b\u0131rak\u0131p Gali\u00e7ya b\u00f6lgesinin k\u0131y\u0131s\u0131na do\u011fru pedall\u0131yoruz. 159 km uzunlu\u011fundaki 2. Etapta termal ve kapl\u0131calar diyar\u0131\u00a0Ourense kentinden yola \u00e7\u0131kacak olan peloton Atlas okyanusu k\u0131y\u0131s\u0131ndaki\u00a0<a href=\"http:\/\/www.letour.fr\/PHOTOS\/VUE\/2016\/200\/CARTE.jpg\" target=\"_blank\">Baiona kentine uzanacak.\u00a0<\/a><\/span><\/p>\n<div id=\"attachment_4226\" style=\"width: 610px\" class=\"wp-caption aligncenter\"><a href=\"https:\/\/i0.wp.com\/aynakol.org\/wp-content\/uploads\/2016\/08\/LaVuelta2016_profile_stage2.jpg\"><img data-recalc-dims=\"1\" loading=\"lazy\" decoding=\"async\" aria-describedby=\"caption-attachment-4226\" data-attachment-id=\"4226\" data-permalink=\"http:\/\/aynakol.org\/?attachment_id=4226\" data-orig-file=\"https:\/\/i0.wp.com\/aynakol.org\/wp-content\/uploads\/2016\/08\/LaVuelta2016_profile_stage2.jpg?fit=600%2C241\" data-orig-size=\"600,241\" data-comments-opened=\"1\" data-image-meta=\"{&quot;aperture&quot;:&quot;0&quot;,&quot;credit&quot;:&quot;&quot;,&quot;camera&quot;:&quot;&quot;,&quot;caption&quot;:&quot;&quot;,&quot;created_timestamp&quot;:&quot;0&quot;,&quot;copyright&quot;:&quot;&quot;,&quot;focal_length&quot;:&quot;0&quot;,&quot;iso&quot;:&quot;0&quot;,&quot;shutter_speed&quot;:&quot;0&quot;,&quot;title&quot;:&quot;&quot;,&quot;orientation&quot;:&quot;0&quot;}\" data-image-title=\"LaVuelta2016_profile_stage2\" data-image-description=\"\" data-image-caption=\"\" data-large-file=\"https:\/\/i0.wp.com\/aynakol.org\/wp-content\/uploads\/2016\/08\/LaVuelta2016_profile_stage2.jpg?fit=600%2C241\" class=\"wp-image-4226 size-full\" src=\"https:\/\/i0.wp.com\/aynakol.org\/wp-content\/uploads\/2016\/08\/LaVuelta2016_profile_stage2.jpg?resize=600%2C241\" alt=\"LaVuelta2016_profile_stage2\" width=\"600\" height=\"241\" srcset=\"https:\/\/i0.wp.com\/aynakol.org\/wp-content\/uploads\/2016\/08\/LaVuelta2016_profile_stage2.jpg?w=600 600w, https:\/\/i0.wp.com\/aynakol.org\/wp-content\/uploads\/2016\/08\/LaVuelta2016_profile_stage2.jpg?resize=300%2C121 300w\" sizes=\"auto, (max-width: 600px) 100vw, 600px\" \/><\/a><p id=\"caption-attachment-4226\" class=\"wp-caption-text\">La Vuelta 2016 2. Etab\u0131 ikiye b\u00f6l\u00fcn: \u0130lki t\u0131rman\u0131\u015f, kalan\u0131 ini\u015f. Daha \u00e7ok K\u00fc\u00e7\u00fck Prensin \u00e7izdi\u011fi fil yutmu\u015f y\u0131lana benziyor!<\/p><\/div>\n<p><span style=\"font-family: georgia,palatino,serif; font-size: 12pt;\">159 km uzunlu\u011fundaki etab\u0131n ilk 60 km&#8217;si d\u00fcz say\u0131labilecek bir profilde. Sonras\u0131nda ise \u0131s\u0131nm\u0131\u015f kaslar\u0131 zorlayacak bir Cat2 s\u0131n\u0131f\u0131 t\u0131rman\u0131\u015f\u0131m\u0131z var: Zirvesinden 79,7. km&#8217;de ge\u00e7ilecek Alto de Fontefria 8,2 km uzunlu\u011funda, aralardaki e\u011fim de\u011fi\u015fikli\u011fi ise t\u0131rman\u0131\u015f\u0131n \u015fiddetini azalt\u0131yor: %4. Ancak bacaklar yine de yanacakt\u0131r.<\/span><\/p>\n<p><span style=\"font-family: georgia,palatino,serif; font-size: 12pt;\">T\u0131rman\u0131\u015f sonras\u0131nda ise etab\u0131n sonuna dek ini\u015f var, sprinter pedallar\u0131n\u00a0y\u00fcz\u00fcn\u00fcn ilk etaplarda g\u00fclmesi adettendir; etap ka\u00e7\u0131\u015fa\u00a0kalmayacak kadar uzun bir d\u00fczl\u00fck i\u00e7eriyor \u00e7\u00fcnk\u00fc.<\/span><\/p>\n<p><span style=\"font-family: georgia,palatino,serif; font-size: 12pt;\"><strong>Daha fazlas\u0131 i\u00e7in<\/strong><\/span><\/p>\n<ul>\n<li><span style=\"font-family: georgia,palatino,serif; font-size: 12pt;\">2. Etap hakk\u0131nda her \u015fey: <a href=\"http:\/\/www.steephill.tv\/vuelta-a-espana\/#02-preview-2016\" target=\"_blank\">Steephill.TV<\/a><\/span><\/li>\n<li><span style=\"font-family: georgia,palatino,serif; font-size: 12pt;\">2. Etap s\u0131ral\u0131 liste: <a href=\"http:\/\/www.procyclingstats.com\/race.php?id=163746\" target=\"_blank\">ProCyclingStats.com<\/a><\/span><\/li>\n<li><span style=\"font-family: georgia,palatino,serif; font-size: 12pt;\"><a href=\"http:\/\/www.lavuelta.com\/\">La Vuelta<\/a> sosyal medya hesaplar\u0131: <a href=\"https:\/\/www.facebook.com\/lavuelta\" target=\"_blank\">Facebook<\/a> , <a href=\"https:\/\/twitter.com\/lavuelta\" target=\"_blank\">Twitter<\/a><\/span><\/li>\n<li><span style=\"font-family: georgia,palatino,serif; font-size: 12pt;\">Bisikletta \u2013 Edit\u00f6ryal \u0130\u015fler pek bir g\u00fczel yazm\u0131\u015f: <a href=\"https:\/\/twitter.com\/IAM_Cycling\/status\/766568281251672064\" target=\"_blank\">Vuelta a Espana 2016\u2019ya \u00f6n bak\u0131\u015f<\/a><\/span><\/li>\n<\/ul>\n<p><!--nextpage--><\/p>\n<p><span style=\"font-size: 14pt; font-family: georgia,palatino,serif;\"><strong>Etap sonras\u0131<\/strong><\/span><\/p>\n<p><span style=\"font-size: 12pt; font-family: georgia,palatino,serif;\">Gali\u00e7yan\u0131n, Atlas Okyanusuna a\u00e7\u0131lan noktas\u0131 Baiona kentinde sona eren 159 km uzunlu\u011fundaki 2. Etapta kazanan isim son sprintte trenini \u00e7ok iyi olu\u015fturan Etixx &#8211;\u00a0 Quick Step tak\u0131m\u0131n\u0131n Bel\u00e7ikal\u0131 pedal\u0131 Gianni Meersman oldu.<\/span><\/p>\n<pre><b>2. Etap sonu\u00e7lar\u0131<\/b>\r\nBEL  1  MEERSMAN, Gianni (ETIXX - QUICK STEP)       4:16:39\r\nGER  2  SCHWARZMANN, Michael (BORA-ARGON 18)        \r\nDEN  3  NIELSEN, Magnus Cort (ORICA-BikeExchange)   \r\nPOL  4  KWIATKOWSKI, Michal (SKY)                   \r\nBEL  5  VANGENECHTEN, Jonas (IAM CYCLING)           \r\nITA  6  SBARAGLI, Kristian (DIMENSION DATA)         \r\nITA  7  BONIFAZIO, Niccolo (TREK - SEGAFREDO)       \r\nCOL  8  RESTREPO, Jhonatan (KATUSHA)                \r\nLUX  9  DRUCKER, Jean-Pierre (BMC RACING)           \r\nFRA  10 MANZIN, Lorenzo (FDJ)                       \r\nBEL  11 KEUKELEIRE, Jens (ORICA-BikeExchange)       \r\nESP  12 ROJAS GIL, Jose Joaquin (MOVISTAR)<\/pre>\n<p>&nbsp;<\/p>\n<p><span style=\"font-size: 14pt; font-family: georgia,palatino,serif;\"><strong>Etab\u0131n \u00f6ne \u00e7\u0131kan anlar\u0131<\/strong><\/span><\/p>\n<p><iframe loading=\"lazy\" src=\"\/\/www.youtube.com\/embed\/_lR5Z7MaKQA\" width=\"720\" height=\"439\" frameborder=\"0\" allowfullscreen=\"allowfullscreen\"><\/iframe><\/p>\n<p>&nbsp;<\/p>\n<p><span style=\"font-family: georgia,palatino,serif; font-size: 12pt;\">Etab\u0131n ba\u015f\u0131nda olu\u015fan 3 ki\u015filik ka\u00e7\u0131\u015f grubuna daha sonra Philippe Gilbert kat\u0131lsa da ne yaz\u0131k ki hepsi bitime 15 km kala yakalanmaktan kurtulamad\u0131. Toplu sprintte Etixx &#8211; Quick Step bu i\u015fin uzman\u0131 oldu\u011funu g\u00f6sterdi ve Gianni Meersman&#8217;a etab\u0131 kazand\u0131rd\u0131. G\u00fcn\u00fcn bir di\u011fer kazanan\u0131 ise etab\u0131 kazanamasa da ilk s\u0131ralarda yer alan Team SKY&#8217;\u0131n Polonyal\u0131s\u0131 Michal Kwiatkowski idi. Etab\u0131 4. s\u0131rada bitiren Kwiatkowski b\u00f6ylece Maglia Rojo, yani k\u0131rm\u0131z\u0131 mayonun yeni sahibi oldu.<\/span><\/p>\n<pre><b>General Classification after Stage 2<\/b>\r\n<span style=\"background-color: #ff0000;\"><strong>POL  1  KWIATKOWSKI, Michal (SKY)                    4:47:16<\/strong><\/span>\r\nESP  2  ROJAS GIL, Jose Joaquin (MOVISTAR)           \r\nESP  3  VALVERDE BELMONTE, Alejandro (MOVISTAR)      \r\nGBR  4  FROOME, Christopher (SKY)                    \r\nITA  5  PUCCIO, Salvatore (SKY)                      \r\nGBR  6  KENNAUGH, Peter (SKY)                        \r\nCOL  7  QUINTANA ROJAS, Nairo Alexander (MOVISTAR)   \r\nCZE  8  KONIG, Leopold (SKY)                         \r\nESP  9  FERNANDEZ, Ruben (MOVISTAR)                  \r\nESP  10 CASTROVIEJO NICOLAS, Jonathan (MOVISTAR)\r\n\r\n<\/pre>\n<p><span style=\"font-family: georgia,palatino,serif; font-size: 12pt;\"><strong>Daha fazlas\u0131 i\u00e7in:<\/strong><\/span><\/p>\n<ul>\n<li><span style=\"font-family: georgia,palatino,serif; font-size: 12pt;\">2. Etap sonu\u00e7lar\u0131 s\u0131ral\u0131 tam liste: <a href=\"http:\/\/www.procyclingstats.com\/race\/Vuelta_a_Espana_2016_Stage_2\" target=\"_blank\">ProCyclingStats.com<\/a><\/span><\/li>\n<li><span style=\"font-family: georgia,palatino,serif; font-size: 12pt;\">2. Etap sonras\u0131 her \u015fey: <a href=\"http:\/\/www.steephill.tv\/vuelta-a-espana\/#02-results-2016\" target=\"_blank\">SteepHill.TV<\/a><\/span><\/li>\n<\/ul>\n<p>&nbsp;<\/p>\n","protected":false},"excerpt":{"rendered":"<p>Team SKY tak\u0131m\u0131n\u0131n galibiyetiyle sona eren d\u00fcnk\u00fc zamana kar\u015f\u0131 etab\u0131n\u0131 geride b\u0131rak\u0131p Gali\u00e7ya b\u00f6lgesinin k\u0131y\u0131s\u0131na do\u011fru pedall\u0131yoruz. 159 km uzunlu\u011fundaki 2. Etapta termal ve kapl\u0131calar [&#8230;]<\/p>\n","protected":false},"author":1,"featured_media":4242,"comment_status":"open","ping_status":"open","sticky":false,"template":"","format":"standard","meta":{"jetpack_post_was_ever_published":false,"_jetpack_newsletter_access":"","_jetpack_dont_email_post_to_subs":false,"_jetpack_newsletter_tier_id":0,"_jetpack_memberships_contains_paywalled_content":false,"_jetpack_memberships_contains_paid_content":false,"footnotes":"","jetpack_publicize_message":"#LaVuelta2016 2. Etap: Ourense \u2192 Baiona, 159 km \/ Team SKY'\u0131n galibiyetle ba\u015flad\u0131\u011f\u0131 \u0130spanyada bug\u00fcn ikinci etap Gali\u00e7ya b\u00f6lgesinin Atlantik k\u0131y\u0131lar\u0131na do\u011fru uzan\u0131yor. etab\u0131n ortas\u0131nda CAT2 s\u0131n\u0131f\u0131 bir t\u0131rman\u0131\u015f var, sonras\u0131 ise sprinter pedallar\u0131 mutlu edecek bir ini\u015f ve d\u00fczl\u00fck.","jetpack_publicize_feature_enabled":true,"jetpack_social_post_already_shared":true,"jetpack_social_options":{"image_generator_settings":{"template":"highway","default_image_id":0,"font":"","enabled":false},"version":2}},"categories":[91],"tags":[19,65,24,17,1320,26,83,15,963,434,1003,1321,16,233,1319,952,955,803,22,222,1092,831,1010,20,30,23,14,234,1318],"class_list":["post-4232","post","type-post","status-publish","format-standard","has-post-thumbnail","hentry","category-vuelta-2","tag-alberto-contador","tag-alejandro-valverde","tag-astana","tag-bisiklet-turu","tag-chaves","tag-chris-froome","tag-contador","tag-espana","tag-esteban-chaves","tag-froome","tag-froomey","tag-gianni-meersman","tag-ispanya","tag-ispanya-bisiklet-turu","tag-kruijswijk","tag-la-vuelta","tag-la-vuelta-a-espana","tag-lottonl-jumbo","tag-movistar","tag-nairo-quintana","tag-orica-greeenedge","tag-quintana","tag-steven-kruijswijk","tag-team-sky","tag-tinkoff","tag-valverde","tag-vuelta","tag-vuelta-a-espana","tag-vuelta-espana"],"jetpack_publicize_connections":[],"jetpack_featured_media_url":"https:\/\/i0.wp.com\/aynakol.org\/wp-content\/uploads\/2016\/08\/LaVuelta2016_profile_stage2_winner_Gianni_Meersman1.jpg?fit=630%2C421","jetpack_sharing_enabled":true,"jetpack_shortlink":"https:\/\/wp.me\/p51p4O-16g","jetpack_likes_enabled":true,"jetpack-related-posts":[{"id":4279,"url":"http:\/\/aynakol.org\/?p=4279","url_meta":{"origin":4232,"position":0},"title":"#LaVuelta2016 7. Etap: \tMaceda \u2192 Puebla de Sanabria, 159 km","author":"Ayd\u0131n Bez","date":"26 A\u011fustos 2016","format":false,"excerpt":"D\u00fcnk\u00fc etaba pek benzemese de yine bir ge\u00e7i etab\u0131 ile La Vuelta devam ediyor.\u00a0Maceda \u2192 Puebla de Sanabria kentleri aras\u0131nda pedallanacak 7. Etap 159 km uzunlu\u011funda ve hakiki ka\u00e7\u0131\u015f ustalar\u0131 i\u00e7in tasarlanm\u0131\u015f gibi.\u00a0 \u015eayet, Chris Froome Le Tour de France 2016'n\u0131n\u00a0Bagn\u00e8res-de-Luchon kasabas\u0131nda sona eren 8.\u00a0etab\u0131ndaki gibi bir \u00e7\u0131lg\u0131nl\u0131k yapmazsa genel\u2026","rel":"","context":"&quot;Vuelta a Espana&quot; i\u00e7inde","block_context":{"text":"Vuelta a Espana","link":"http:\/\/aynakol.org\/?cat=91"},"img":{"alt_text":"","src":"https:\/\/i0.wp.com\/aynakol.org\/wp-content\/uploads\/2016\/08\/LaVuelta2016_profile_stage7.jpg?resize=350%2C200","width":350,"height":200,"srcset":"https:\/\/i0.wp.com\/aynakol.org\/wp-content\/uploads\/2016\/08\/LaVuelta2016_profile_stage7.jpg?resize=350%2C200 1x, https:\/\/i0.wp.com\/aynakol.org\/wp-content\/uploads\/2016\/08\/LaVuelta2016_profile_stage7.jpg?resize=525%2C300 1.5x"},"classes":[]},{"id":4199,"url":"http:\/\/aynakol.org\/?p=4199","url_meta":{"origin":4232,"position":1},"title":"La Vuelta a Espana 2016 \u00f6n incelemesi","author":"Ayd\u0131n Bez","date":"18 A\u011fustos 2016","format":false,"excerpt":"Ve y\u0131l\u0131n son b\u00fcy\u00fck turu i\u00e7in zaman geldi \u00e7att\u0131! Huzurlar\u0131n\u0131zda da\u011flar\u0131n be\u015fi\u011fi La Vuelta a Espana! Balneario Laias \u2192 Castrelo de Mi\u00f1o aras\u0131nda tak\u0131m zamana kar\u015f\u0131 (TTT: Team Time Trial) ile ba\u015flayacak La Vuelta a Espana 3279 km boyunca \u0130spanyan\u0131n \u00e7o\u011funlukla kuzeyinde dola\u015farak 21 yar\u0131\u015f, 2 de dinlenme g\u00fcn\u00fc sonras\u0131\u2026","rel":"","context":"&quot;Vuelta a Espana&quot; i\u00e7inde","block_context":{"text":"Vuelta a Espana","link":"http:\/\/aynakol.org\/?cat=91"},"img":{"alt_text":"","src":"https:\/\/i0.wp.com\/aynakol.org\/wp-content\/uploads\/2016\/08\/LaVuelta2016_banner.jpg?fit=686%2C350&resize=350%2C200","width":350,"height":200,"srcset":"https:\/\/i0.wp.com\/aynakol.org\/wp-content\/uploads\/2016\/08\/LaVuelta2016_banner.jpg?fit=686%2C350&resize=350%2C200 1x, https:\/\/i0.wp.com\/aynakol.org\/wp-content\/uploads\/2016\/08\/LaVuelta2016_banner.jpg?fit=686%2C350&resize=525%2C300 1.5x"},"classes":[]},{"id":4229,"url":"http:\/\/aynakol.org\/?p=4229","url_meta":{"origin":4232,"position":2},"title":"#LaVuelta2016 1. Etap: Balneario Laias \u2192 Castrelo de Mi\u00f1o, 29.4 km","author":"Ayd\u0131n Bez","date":"20 A\u011fustos 2016","format":false,"excerpt":"A\u00e7\u0131l\u0131\u015f etab\u0131 i\u00e7in La Vuelta'n\u0131n ilk ve son d\u00fczl\u00fck etab\u0131 diyebiliriz. Zira yakla\u015f\u0131k 30 km uzunlu\u011fundaki tak\u0131m zamana kar\u015f\u0131 purkuru sonras\u0131, hemen ikinci etapta t\u0131rman\u0131\u015flar ba\u015fl\u0131yor, ta ki Madride kadar! Biri La Vuelta'n\u0131n tan\u0131m\u0131n\u0131 m\u0131 merak etti? \u0130\u015fte La Vuelta: da\u011flar\u0131n kalbine yolculuk! Balneario Laias \u2192 Castrelo de Mi\u00f1o aras\u0131nda\u2026","rel":"","context":"&quot;Vuelta a Espana&quot; i\u00e7inde","block_context":{"text":"Vuelta a Espana","link":"http:\/\/aynakol.org\/?cat=91"},"img":{"alt_text":"","src":"https:\/\/i0.wp.com\/aynakol.org\/wp-content\/uploads\/2016\/08\/LaVuelta2016_banner.jpg?fit=686%2C350&resize=350%2C200","width":350,"height":200,"srcset":"https:\/\/i0.wp.com\/aynakol.org\/wp-content\/uploads\/2016\/08\/LaVuelta2016_banner.jpg?fit=686%2C350&resize=350%2C200 1x, https:\/\/i0.wp.com\/aynakol.org\/wp-content\/uploads\/2016\/08\/LaVuelta2016_banner.jpg?fit=686%2C350&resize=525%2C300 1.5x"},"classes":[]},{"id":4243,"url":"http:\/\/aynakol.org\/?p=4243","url_meta":{"origin":4232,"position":3},"title":"#LaVuelta2016 3. Etap: Mar\u00edn \u2192 Mirador \u00c9zaro, 176 km","author":"Ayd\u0131n Bez","date":"22 A\u011fustos 2016","format":false,"excerpt":"Daha Bismillah demeden La Vuelta kar\u015f\u0131m\u0131za zirve biti\u015fli bir etap sonu koyuyor! Mar\u00edn kentinden ba\u015flayan 176 km uzunlu\u011fundaki etap ilk t\u0131rman\u0131\u015f\u0131n ete\u011fine dek Atlas Okyanusunun k\u0131y\u0131lar\u0131ndan kuzeye Mirador \u00c9zaro kentine do\u011fru uzan\u0131yor. Etab\u0131n ilk 100 km'si deniz k\u0131y\u0131s\u0131n\u0131 takip etti\u011fi i\u00e7in d\u00fcz, d\u00fcmd\u00fcz. Sonras\u0131nda men\u00fcde Cat2 s\u0131n\u0131f\u0131ndan iki t\u0131rman\u0131\u015f var:\u2026","rel":"","context":"&quot;Vuelta a Espana&quot; i\u00e7inde","block_context":{"text":"Vuelta a Espana","link":"http:\/\/aynakol.org\/?cat=91"},"img":{"alt_text":"","src":"https:\/\/i0.wp.com\/aynakol.org\/wp-content\/uploads\/2016\/08\/14053822_873183102816319_6939602575878970307_o.jpg?fit=1200%2C657&resize=350%2C200","width":350,"height":200,"srcset":"https:\/\/i0.wp.com\/aynakol.org\/wp-content\/uploads\/2016\/08\/14053822_873183102816319_6939602575878970307_o.jpg?fit=1200%2C657&resize=350%2C200 1x, https:\/\/i0.wp.com\/aynakol.org\/wp-content\/uploads\/2016\/08\/14053822_873183102816319_6939602575878970307_o.jpg?fit=1200%2C657&resize=525%2C300 1.5x, https:\/\/i0.wp.com\/aynakol.org\/wp-content\/uploads\/2016\/08\/14053822_873183102816319_6939602575878970307_o.jpg?fit=1200%2C657&resize=700%2C400 2x, https:\/\/i0.wp.com\/aynakol.org\/wp-content\/uploads\/2016\/08\/14053822_873183102816319_6939602575878970307_o.jpg?fit=1200%2C657&resize=1050%2C600 3x"},"classes":[]},{"id":4261,"url":"http:\/\/aynakol.org\/?p=4261","url_meta":{"origin":4232,"position":4},"title":"#LaVuelta2016 5. Etap: Viveiro \u2192 Lugo, 172 km","author":"Ayd\u0131n Bez","date":"24 A\u011fustos 2016","format":false,"excerpt":"Etap hakk\u0131nda Daha ilk haftada pe\u015fpe\u015fe ge\u00e7ilen iki zorlu zirve biti\u015fi sonras\u0131nda kar\u015f\u0131m\u0131zda yorgun bacaklar\u0131n dinlenmeye f\u0131rsat bulaca\u011f\u0131 bir etap var. BMC tak\u0131m\u0131n\u0131n Kolombiyal\u0131 pedal\u0131 Darvin Atapuma'n\u0131n Maglia Rojo ile ba\u015flayaca\u011f\u0131 etap peloton i\u00e7in adeta aktif dinlenme g\u00fcn\u00fc. Deniz k\u0131y\u0131s\u0131ndaki Viveiro kentinden, tepeleri, ge\u00e7itleri a\u015f\u0131p i\u00e7eriye Lugo kentine do\u011fru uzand\u0131\u011f\u0131m\u0131z\u2026","rel":"","context":"&quot;Vuelta a Espana&quot; i\u00e7inde","block_context":{"text":"Vuelta a Espana","link":"http:\/\/aynakol.org\/?cat=91"},"img":{"alt_text":"","src":"https:\/\/i0.wp.com\/aynakol.org\/wp-content\/uploads\/2016\/08\/LaVuelta2016_profile_stage5_winner_Gianni_Meersman1.jpg?fit=1000%2C666&resize=350%2C200","width":350,"height":200,"srcset":"https:\/\/i0.wp.com\/aynakol.org\/wp-content\/uploads\/2016\/08\/LaVuelta2016_profile_stage5_winner_Gianni_Meersman1.jpg?fit=1000%2C666&resize=350%2C200 1x, https:\/\/i0.wp.com\/aynakol.org\/wp-content\/uploads\/2016\/08\/LaVuelta2016_profile_stage5_winner_Gianni_Meersman1.jpg?fit=1000%2C666&resize=525%2C300 1.5x, https:\/\/i0.wp.com\/aynakol.org\/wp-content\/uploads\/2016\/08\/LaVuelta2016_profile_stage5_winner_Gianni_Meersman1.jpg?fit=1000%2C666&resize=700%2C400 2x"},"classes":[]},{"id":4271,"url":"http:\/\/aynakol.org\/?p=4271","url_meta":{"origin":4232,"position":5},"title":"#LaVuelta2016 6. Etap: Monforte de Lemos \u2192 Luintra, 163 km","author":"Ayd\u0131n Bez","date":"25 A\u011fustos 2016","format":false,"excerpt":"D\u00fcn araya yanl\u0131\u015fl\u0131kla kar\u0131\u015fan d\u00fczl\u00fck etap sonras\u0131 y\u00f6n\u00fcm\u00fcz, y\u00fcz\u00fcm\u00fcz yine da\u011flara d\u00f6n\u00fcyor: ter ve ac\u0131yla yo\u011frulacak 163 km uzunlu\u011fundaki 6. Etap Monforte de Lemos \u2192 Luintra aras\u0131nda dolamba\u00e7l\u0131 yollarda pedallanacak. 163 km uzunlu\u011fundaki etab\u0131n ilk yar\u0131s\u0131 nispeten d\u00fcz say\u0131lacak bir profilde; g\u00fcn\u00fcn as\u0131l men\u00fcs\u00fc etab\u0131n ikinci yar\u0131s\u0131nda pelotonun kar\u015f\u0131s\u0131na \u015fef\u2026","rel":"","context":"&quot;Vuelta a Espana&quot; i\u00e7inde","block_context":{"text":"Vuelta a Espana","link":"http:\/\/aynakol.org\/?cat=91"},"img":{"alt_text":"","src":"https:\/\/i0.wp.com\/aynakol.org\/wp-content\/uploads\/2016\/08\/LaVuelta2016_profile_stage5_weather_condition.jpg?fit=1200%2C800&resize=350%2C200","width":350,"height":200,"srcset":"https:\/\/i0.wp.com\/aynakol.org\/wp-content\/uploads\/2016\/08\/LaVuelta2016_profile_stage5_weather_condition.jpg?fit=1200%2C800&resize=350%2C200 1x, https:\/\/i0.wp.com\/aynakol.org\/wp-content\/uploads\/2016\/08\/LaVuelta2016_profile_stage5_weather_condition.jpg?fit=1200%2C800&resize=525%2C300 1.5x, https:\/\/i0.wp.com\/aynakol.org\/wp-content\/uploads\/2016\/08\/LaVuelta2016_profile_stage5_weather_condition.jpg?fit=1200%2C800&resize=700%2C400 2x, https:\/\/i0.wp.com\/aynakol.org\/wp-content\/uploads\/2016\/08\/LaVuelta2016_profile_stage5_weather_condition.jpg?fit=1200%2C800&resize=1050%2C600 3x"},"classes":[]}],"_links":{"self":[{"href":"http:\/\/aynakol.org\/index.php?rest_route=\/wp\/v2\/posts\/4232","targetHints":{"allow":["GET"]}}],"collection":[{"href":"http:\/\/aynakol.org\/index.php?rest_route=\/wp\/v2\/posts"}],"about":[{"href":"http:\/\/aynakol.org\/index.php?rest_route=\/wp\/v2\/types\/post"}],"author":[{"embeddable":true,"href":"http:\/\/aynakol.org\/index.php?rest_route=\/wp\/v2\/users\/1"}],"replies":[{"embeddable":true,"href":"http:\/\/aynakol.org\/index.php?rest_route=%2Fwp%2Fv2%2Fcomments&post=4232"}],"version-history":[{"count":4,"href":"http:\/\/aynakol.org\/index.php?rest_route=\/wp\/v2\/posts\/4232\/revisions"}],"predecessor-version":[{"id":4241,"href":"http:\/\/aynakol.org\/index.php?rest_route=\/wp\/v2\/posts\/4232\/revisions\/4241"}],"wp:featuredmedia":[{"embeddable":true,"href":"http:\/\/aynakol.org\/index.php?rest_route=\/wp\/v2\/media\/4242"}],"wp:attachment":[{"href":"http:\/\/aynakol.org\/index.php?rest_route=%2Fwp%2Fv2%2Fmedia&parent=4232"}],"wp:term":[{"taxonomy":"category","embeddable":true,"href":"http:\/\/aynakol.org\/index.php?rest_route=%2Fwp%2Fv2%2Fcategories&post=4232"},{"taxonomy":"post_tag","embeddable":true,"href":"http:\/\/aynakol.org\/index.php?rest_route=%2Fwp%2Fv2%2Ftags&post=4232"}],"curies":[{"name":"wp","href":"https:\/\/api.w.org\/{rel}","templated":true}]}}