{"id":4243,"date":"2016-08-22T10:00:26","date_gmt":"2016-08-22T07:00:26","guid":{"rendered":"http:\/\/aynakol.org\/?p=4243"},"modified":"2016-08-22T23:39:56","modified_gmt":"2016-08-22T20:39:56","slug":"lavuelta2016-3-etap-marin-%e2%86%92-mirador-ezaro-176-km","status":"publish","type":"post","link":"http:\/\/aynakol.org\/?p=4243","title":{"rendered":"#LaVuelta2016 3. Etap: Mar\u00edn \u2192 Mirador \u00c9zaro, 176 km"},"content":{"rendered":"<p><span style=\"font-family: georgia,palatino,serif; font-size: 12pt;\">Daha Bismillah demeden La Vuelta kar\u015f\u0131m\u0131za zirve biti\u015fli bir etap sonu koyuyor! Mar\u00edn kentinden ba\u015flayan <a href=\"http:\/\/www.letour.fr\/PHOTOS\/VUE\/2016\/300\/CARTE.jpg\" target=\"_blank\">176 km uzunlu\u011fundaki<\/a> etap ilk t\u0131rman\u0131\u015f\u0131n ete\u011fine dek Atlas Okyanusunun k\u0131y\u0131lar\u0131ndan kuzeye Mirador \u00c9zaro kentine do\u011fru uzan\u0131yor.<\/span><\/p>\n<div id=\"attachment_4225\" style=\"width: 610px\" class=\"wp-caption aligncenter\"><a href=\"https:\/\/i0.wp.com\/aynakol.org\/wp-content\/uploads\/2016\/08\/LaVuelta2016_profile_stage3.jpg\"><img data-recalc-dims=\"1\" loading=\"lazy\" decoding=\"async\" aria-describedby=\"caption-attachment-4225\" data-attachment-id=\"4225\" data-permalink=\"http:\/\/aynakol.org\/?attachment_id=4225\" data-orig-file=\"https:\/\/i0.wp.com\/aynakol.org\/wp-content\/uploads\/2016\/08\/LaVuelta2016_profile_stage3.jpg?fit=600%2C235\" data-orig-size=\"600,235\" data-comments-opened=\"1\" data-image-meta=\"{&quot;aperture&quot;:&quot;0&quot;,&quot;credit&quot;:&quot;&quot;,&quot;camera&quot;:&quot;&quot;,&quot;caption&quot;:&quot;&quot;,&quot;created_timestamp&quot;:&quot;0&quot;,&quot;copyright&quot;:&quot;&quot;,&quot;focal_length&quot;:&quot;0&quot;,&quot;iso&quot;:&quot;0&quot;,&quot;shutter_speed&quot;:&quot;0&quot;,&quot;title&quot;:&quot;&quot;,&quot;orientation&quot;:&quot;0&quot;}\" data-image-title=\"LaVuelta2016_profile_stage3\" data-image-description=\"\" data-image-caption=\"\" data-large-file=\"https:\/\/i0.wp.com\/aynakol.org\/wp-content\/uploads\/2016\/08\/LaVuelta2016_profile_stage3.jpg?fit=600%2C235\" class=\"wp-image-4225 size-full\" src=\"https:\/\/i0.wp.com\/aynakol.org\/wp-content\/uploads\/2016\/08\/LaVuelta2016_profile_stage3.jpg?resize=600%2C235\" alt=\"LaVuelta2016_profile_stage3\" width=\"600\" height=\"235\" srcset=\"https:\/\/i0.wp.com\/aynakol.org\/wp-content\/uploads\/2016\/08\/LaVuelta2016_profile_stage3.jpg?w=600 600w, https:\/\/i0.wp.com\/aynakol.org\/wp-content\/uploads\/2016\/08\/LaVuelta2016_profile_stage3.jpg?resize=300%2C118 300w\" sizes=\"auto, (max-width: 600px) 100vw, 600px\" \/><\/a><p id=\"caption-attachment-4225\" class=\"wp-caption-text\">La Vuelta 2016 3. Etap profili: Da\u011flarla olan m\u00fccadele biraz erken ba\u015flad\u0131!<\/p><\/div>\n<p><span style=\"font-family: georgia,palatino,serif; font-size: 12pt;\">Etab\u0131n ilk 100 km&#8217;si deniz k\u0131y\u0131s\u0131n\u0131 takip etti\u011fi i\u00e7in d\u00fcz, d\u00fcmd\u00fcz. Sonras\u0131nda men\u00fcde Cat2 s\u0131n\u0131f\u0131ndan iki t\u0131rman\u0131\u015f var:<\/span><\/p>\n<ul>\n<li><span class=\"details\" style=\"font-family: georgia,palatino,serif; font-size: 12pt;\">Zirvesinden 125. km&#8217;de ge\u00e7ilecek Alto Lestaio her ne kadar 8.3 km uzunlu\u011funda belirtilse de yar\u0131\u015f kitap\u00e7\u0131\u011f\u0131nda 110. km&#8217;den itibaren ba\u015fl\u0131yor. Ortalama e\u011fimi %5 dolaylar\u0131nda olan t\u0131rman\u0131\u015f biter bitmez ini\u015f var ve pe\u015finden de Alto Das Paxareiras t\u0131rman\u0131\u015f\u0131.<\/span><\/li>\n<li><span style=\"font-family: georgia,palatino,serif; font-size: 12pt;\"><span class=\"place\">Alto Das Paxareiras da 9<\/span><span class=\"details\">.3 km uzunlu\u011funda ortalama e\u011fimi %5.4 olan Cat2 s\u0131n\u0131f\u0131 bir t\u0131rman\u0131\u015f. Pe\u015f pe\u015fe ge\u00e7ilecek iki t\u0131rman\u0131\u015f da genel klasmana etki etmeyecek uzakl\u0131kta.<strong><br \/>\n<\/strong><\/span><\/span><\/li>\n<li><span class=\"place\" style=\"font-family: georgia,palatino,serif; font-size: 12pt;\">B\u00f6l\u00fcm sonu canavar\u0131 ise etab\u0131n sonunda: \u015eelaleleriyle \u00fcnl\u00fc Dumbr\u00eda. Mirador de \u00c9zaro tam 1.8 km uzunlu\u011funda ve ortalama e\u011fimi adeta tokat gibi: %13!<\/span><\/li>\n<\/ul>\n<p><span style=\"font-size: 12pt; font-family: georgia,palatino,serif;\">Bu haliyle bile etab\u0131n sonu <a href=\"http:\/\/aynakol.org\/?p=2491\" target=\"_blank\">Bahar Klasiklerini<\/a> and\u0131r\u0131yor. Etap sonunda Maglia Rojo i\u00e7in fark bu kadar yak\u0131nken en iyi olan t\u0131rman\u0131\u015f\u00e7\u0131 ve tak\u0131m var g\u00fcc\u00fcyle mayoyu ele ge\u00e7irmek i\u00e7in \u00e7abalayacakt\u0131r. <\/span><\/p>\n<p><span style=\"font-family: georgia,palatino,serif; font-size: 12pt;\"><strong>Daha fazlas\u0131 i\u00e7in<\/strong><\/span><\/p>\n<ul>\n<li><span style=\"font-family: georgia,palatino,serif; font-size: 12pt;\">2. Etap hakk\u0131nda her \u015fey: <a href=\"http:\/\/www.steephill.tv\/vuelta-a-espana\/#02-preview-2016\" target=\"_blank\">Steephill.TV<\/a><\/span><\/li>\n<li><span style=\"font-family: georgia,palatino,serif; font-size: 12pt;\">2. Etap s\u0131ral\u0131 liste: <a href=\"http:\/\/www.procyclingstats.com\/race.php?id=163746\" target=\"_blank\">ProCyclingStats.com<\/a><\/span><\/li>\n<li><span style=\"font-family: georgia,palatino,serif; font-size: 12pt;\"><a href=\"http:\/\/www.lavuelta.com\/\">La Vuelta<\/a> sosyal medya hesaplar\u0131: <a href=\"https:\/\/www.facebook.com\/lavuelta\" target=\"_blank\">Facebook<\/a> , <a href=\"https:\/\/twitter.com\/lavuelta\" target=\"_blank\">Twitter<\/a><\/span><\/li>\n<li><span style=\"font-family: georgia,palatino,serif; font-size: 12pt;\">Bisikletta \u2013 Edit\u00f6ryal \u0130\u015fler pek bir g\u00fczel yazm\u0131\u015f: <a href=\"https:\/\/twitter.com\/IAM_Cycling\/status\/766568281251672064\" target=\"_blank\">Vuelta a Espana 2016\u2019ya \u00f6n bak\u0131\u015f<\/a><\/span><\/li>\n<\/ul>\n<p><!--nextpage--><\/p>\n<p><span style=\"font-size: 14pt; font-family: georgia, palatino, serif;\"><strong>Etap sonras\u0131<\/strong><\/span><\/p>\n<div id=\"attachment_4248\" style=\"width: 870px\" class=\"wp-caption aligncenter\"><a href=\"https:\/\/i0.wp.com\/aynakol.org\/wp-content\/uploads\/2016\/08\/14053822_873183102816319_6939602575878970307_o.jpg\"><img data-recalc-dims=\"1\" loading=\"lazy\" decoding=\"async\" aria-describedby=\"caption-attachment-4248\" data-attachment-id=\"4248\" data-permalink=\"http:\/\/aynakol.org\/?attachment_id=4248\" data-orig-file=\"https:\/\/i0.wp.com\/aynakol.org\/wp-content\/uploads\/2016\/08\/14053822_873183102816319_6939602575878970307_o.jpg?fit=1327%2C727\" data-orig-size=\"1327,727\" data-comments-opened=\"1\" data-image-meta=\"{&quot;aperture&quot;:&quot;0&quot;,&quot;credit&quot;:&quot;&quot;,&quot;camera&quot;:&quot;&quot;,&quot;caption&quot;:&quot;&quot;,&quot;created_timestamp&quot;:&quot;0&quot;,&quot;copyright&quot;:&quot;&quot;,&quot;focal_length&quot;:&quot;0&quot;,&quot;iso&quot;:&quot;0&quot;,&quot;shutter_speed&quot;:&quot;0&quot;,&quot;title&quot;:&quot;&quot;,&quot;orientation&quot;:&quot;0&quot;}\" data-image-title=\"14053822_873183102816319_6939602575878970307_o\" data-image-description=\"\" data-image-caption=\"\" data-large-file=\"https:\/\/i0.wp.com\/aynakol.org\/wp-content\/uploads\/2016\/08\/14053822_873183102816319_6939602575878970307_o.jpg?fit=860%2C471\" class=\"wp-image-4248 size-large\" src=\"https:\/\/i0.wp.com\/aynakol.org\/wp-content\/uploads\/2016\/08\/14053822_873183102816319_6939602575878970307_o.jpg?resize=860%2C471\" alt=\"14053822_873183102816319_6939602575878970307_o\" width=\"860\" height=\"471\" srcset=\"https:\/\/i0.wp.com\/aynakol.org\/wp-content\/uploads\/2016\/08\/14053822_873183102816319_6939602575878970307_o.jpg?resize=1024%2C561 1024w, https:\/\/i0.wp.com\/aynakol.org\/wp-content\/uploads\/2016\/08\/14053822_873183102816319_6939602575878970307_o.jpg?resize=300%2C164 300w, https:\/\/i0.wp.com\/aynakol.org\/wp-content\/uploads\/2016\/08\/14053822_873183102816319_6939602575878970307_o.jpg?resize=768%2C421 768w, https:\/\/i0.wp.com\/aynakol.org\/wp-content\/uploads\/2016\/08\/14053822_873183102816319_6939602575878970307_o.jpg?w=1327 1327w\" sizes=\"auto, (max-width: 860px) 100vw, 860px\" \/><\/a><p id=\"caption-attachment-4248\" class=\"wp-caption-text\">Alexandre Geniz&#8217;in bu zaferi hi\u00e7 olmazsa tak\u0131ma bir moral oldu, zira Thibaut pinot etraf\u0131nda olu\u015fturulan tak\u0131m Le Tour&#8217;da s\u0131f\u0131r \u00e7ekmi\u015fti!<\/p><\/div>\n<p><span style=\"font-size: 12pt; font-family: georgia, palatino, serif;\">\u00d6l\u00fcmc\u00fcl\u00a0Mirador \u00c9zaro t\u0131rman\u0131\u015f\u0131nda sona eren\u00a0176 km uzunlu\u011fundaki etapta zafere uzanan isim FDJ tak\u0131m\u0131n\u0131n yetenekli Frans\u0131z ismi Alexandre Geniez oldu! Bu kariyerindeki ikinci La Vuelta etap zaferi! <\/span><\/p>\n<p><span style=\"font-size: 12pt; font-family: georgia, palatino, serif;\"><strong>Etab\u0131n son 2 kilometresi<\/strong><\/span><\/p>\n<p><video controls=\"controls\" width=\"640\" height=\"480\"><source src=\"http:\/\/www.steephill.tv\/players\/720\/eurosportbrightcove\/?title=Last+Km+of+Stage+3&amp;dashboard=vuelta-a-espana&amp;id=5094016639001&amp;yr=2016\" \/><\/video><\/p>\n<pre><b>3. Etap sonu\u00e7lar\u0131\r\n<\/b>FRA  1  GENIEZ, Alexandre (FDJ)                                    4:28:36\r\nESP  2  FERNANDEZ, Ruben (MOVISTAR)                                 +   21\r\nESP  3  VALVERDE BELMONTE, Alejandro (MOVISTAR)                     +   26\r\nGBR  4  FROOME, Christopher (SKY)                                  \r\nCOL  5  CHAVES RUBIO, Jhoan Esteban (ORICA-BikeExchange)           \r\nCOL  6  QUINTANA ROJAS, Nairo Alexander (MOVISTAR)                  +   32\r\nESP  7  ANTON HERNANDEZ, Igor (DIMENSION DATA)                     \r\nESP  8  SANCHEZ GONZALEZ, Samuel (BMC RACING)                       +   54\r\nESP  9  CONTADOR VELASCO, Alberto (TINKOFF)                        \r\nITA  10 BRAMBILLA, Gianluca (ETIXX - QUICK STEP)<\/pre>\n<p>&nbsp;<\/p>\n<p><span style=\"font-family: georgia, palatino, serif; font-size: 12pt;\">Etab\u0131n ba\u015f\u0131nda olu\u015fan 7 ki\u015filik ka\u00e7\u0131\u015f grubundan IAM Cycling tak\u0131m\u0131n\u0131n \u0130svi\u00e7reli ismi Simon Pellaud g\u00fcn\u00fcn ikinci t\u0131rman\u0131\u015f\u0131nda kar\u015f\u0131 atak yap\u0131p yar\u0131\u015f liderli\u011fini ele alsa da di\u011fer ka\u00e7aklarla zaman fark\u0131n\u0131 artt\u0131ramay\u0131nca zirve yolunda yakaland\u0131. \u0130ni\u015fte pelotonun \u00f6n\u00fcnde LottoNL-Jumbo, Movistar ve Team SKY&#8217;\u0131n tempoyu artt\u0131rmas\u0131yla birlikte zaman fark\u0131 iyice azald\u0131 ve elit peloton\u00a0genel klasman\u0131n yeni liderini belirleyecek \u00f6l\u00fcmc\u00fcl\u00a0Mirador \u00c9zaro t\u0131rman\u0131\u015f\u0131na ba\u015flad\u0131.<\/span><\/p>\n<p>&nbsp;<\/p>\n<p><a href=\"https:\/\/i0.wp.com\/aynakol.org\/wp-content\/uploads\/2016\/08\/14047363_873180346149928_2876213493062378916_o.jpg\"><img data-recalc-dims=\"1\" loading=\"lazy\" decoding=\"async\" data-attachment-id=\"4247\" data-permalink=\"http:\/\/aynakol.org\/?attachment_id=4247\" data-orig-file=\"https:\/\/i0.wp.com\/aynakol.org\/wp-content\/uploads\/2016\/08\/14047363_873180346149928_2876213493062378916_o.jpg?fit=1333%2C735\" data-orig-size=\"1333,735\" data-comments-opened=\"1\" data-image-meta=\"{&quot;aperture&quot;:&quot;0&quot;,&quot;credit&quot;:&quot;&quot;,&quot;camera&quot;:&quot;&quot;,&quot;caption&quot;:&quot;&quot;,&quot;created_timestamp&quot;:&quot;0&quot;,&quot;copyright&quot;:&quot;&quot;,&quot;focal_length&quot;:&quot;0&quot;,&quot;iso&quot;:&quot;0&quot;,&quot;shutter_speed&quot;:&quot;0&quot;,&quot;title&quot;:&quot;&quot;,&quot;orientation&quot;:&quot;0&quot;}\" data-image-title=\"14047363_873180346149928_2876213493062378916_o\" data-image-description=\"\" data-image-caption=\"\" data-large-file=\"https:\/\/i0.wp.com\/aynakol.org\/wp-content\/uploads\/2016\/08\/14047363_873180346149928_2876213493062378916_o.jpg?fit=860%2C475\" class=\"aligncenter size-large wp-image-4247\" src=\"https:\/\/i0.wp.com\/aynakol.org\/wp-content\/uploads\/2016\/08\/14047363_873180346149928_2876213493062378916_o.jpg?resize=860%2C475\" alt=\"14047363_873180346149928_2876213493062378916_o\" width=\"860\" height=\"475\" srcset=\"https:\/\/i0.wp.com\/aynakol.org\/wp-content\/uploads\/2016\/08\/14047363_873180346149928_2876213493062378916_o.jpg?resize=1024%2C565 1024w, https:\/\/i0.wp.com\/aynakol.org\/wp-content\/uploads\/2016\/08\/14047363_873180346149928_2876213493062378916_o.jpg?resize=300%2C165 300w, https:\/\/i0.wp.com\/aynakol.org\/wp-content\/uploads\/2016\/08\/14047363_873180346149928_2876213493062378916_o.jpg?resize=768%2C423 768w, https:\/\/i0.wp.com\/aynakol.org\/wp-content\/uploads\/2016\/08\/14047363_873180346149928_2876213493062378916_o.jpg?w=1333 1333w\" sizes=\"auto, (max-width: 860px) 100vw, 860px\" \/><\/a><\/p>\n<p>&nbsp;<\/p>\n<p><span style=\"font-size: 12pt; font-family: georgia, palatino, serif;\">Alexandre Geniez&#8217;in var g\u00fcc\u00fcyle son 500 metreyi pedallamaya ba\u015flad\u0131\u011f\u0131 an son 1 km i\u00e7inde Movistar Alejandro Valverde, Nairo Quintana, Daniel Moreno ve Ruben Fernandez d\u00f6rtl\u00fcs\u00fc ile birlikte atak yap\u0131p Alberto Contador, Samuel Sanchez ve Team SKY&#8217;\u0131 silkeleyip zirveye do\u011fru pedallarken sadece Estaban Chaves bu d\u00f6rtl\u00fcye tutunabildi.\u00a0Zirveye do\u011fru gittik\u00e7e artan kalabal\u0131k kameralar\u0131n d\u00fczg\u00fcn g\u00f6r\u00fcnt\u00fc almas\u0131na engel olurken nereden geldi\u011fini bir anda anlayamad\u0131\u011f\u0131m\u0131z Chris Froome \u00f6nce Contador, sonra da Quintana&#8217;y\u0131 geride b\u0131rak\u0131p etab\u0131\u00a0Chaves ile birlikte bitirdi!<\/span><\/p>\n<pre><b>3. Etap sonras\u0131 genel klasman\r\n<\/b><strong><span style=\"background-color: #ff0000;\">ESP  1  FERNANDEZ, Ruben (MOVISTAR)                        9:16:07\r\n<\/span><\/strong>ESP  2  VALVERDE BELMONTE, Alejandro (MOVISTAR)             +    7\r\nGBR  3  FROOME, Christopher (SKY)                           +   11\r\nCOL  4  CHAVES RUBIO, Jhoan Esteban (ORICA-BikeExchange)    +   17\r\nCOL  5  QUINTANA ROJAS, Nairo Alexander (MOVISTAR)         \r\nESP  6  SANCHEZ GONZALEZ, Samuel (BMC RACING)               +   46\r\nGBR  7  KENNAUGH, Peter (SKY)                               +   47\r\nCZE  8  KONIG, Leopold (SKY)                                +   51\r\nESP  9  MORENO FERNANDEZ, Daniel (MOVISTAR)                 +   58\r\nITA  10 BRAMBILLA, Gianluca (ETIXX - QUICK STEP)            + 1:01<\/pre>\n<p><span style=\"font-family: georgia, palatino, serif; font-size: 12pt;\">B\u00f6ylelikle genel klasmanda liderlik etab\u0131 Geniez&#8217;in ard\u0131ndan ikinci s\u0131rada bitiren Ruben Fernandez&#8217;in olurken g\u00fcn\u00fcn kaybedeni a\u00e7\u0131l\u0131\u015f etab\u0131nda oldu\u011fu gibi Alberto Contador oldu; tamam daha La Vuelta bitmi\u015f de\u011fil ama ilk \u00fc\u00e7 g\u00fcnde Maglia Rojo m\u00fccadelesinde ilk 10 d\u0131\u015f\u0131na d\u00fc\u015fmek moral bozucu. Bunun yan\u0131na bir de tak\u0131m\u0131n kapanacak olmas\u0131n\u0131 da eklersek sorun daha da b\u00fcy\u00fcyecektir. <\/span><\/p>\n<p>&nbsp;<\/p>\n<p><span style=\"font-size: 12pt; font-family: georgia, palatino, serif;\"><strong>Daha fazlas\u0131 i\u00e7in:<\/strong><\/span><\/p>\n<ul>\n<li><span style=\"font-size: 12pt; font-family: georgia, palatino, serif;\">3. Etap sonu\u00e7lar\u0131 s\u0131ral\u0131 tam liste: <a href=\"http:\/\/www.procyclingstats.com\/race\/Vuelta_a_Espana_2016_Stage_3\" target=\"_blank\">ProCyclingStats.com<\/a><\/span><\/li>\n<li><span style=\"font-size: 12pt; font-family: georgia, palatino, serif;\">3. Etap sonras\u0131 her \u015fey: <a href=\"http:\/\/www.steephill.tv\/vuelta-a-espana\/#03-results-2016\" target=\"_blank\">SteepHill.TV<\/a><\/span><\/li>\n<li><span style=\"font-size: 12pt; font-family: georgia, palatino, serif;\">Ek\u015fi s\u00f6zl\u00fck yazar\u0131 Zeddicus Zu l Zorander&#8217;in kaleminden 3<a href=\"https:\/\/eksisozluk.com\/entry\/62496593\" target=\"_blank\">. Etapta an be an ya\u015fananlar<\/a><\/span><\/li>\n<\/ul>\n","protected":false},"excerpt":{"rendered":"<p>Daha Bismillah demeden La Vuelta kar\u015f\u0131m\u0131za zirve biti\u015fli bir etap sonu koyuyor! Mar\u00edn kentinden ba\u015flayan 176 km uzunlu\u011fundaki etap ilk t\u0131rman\u0131\u015f\u0131n ete\u011fine dek Atlas Okyanusunun [&#8230;]<\/p>\n","protected":false},"author":1,"featured_media":4248,"comment_status":"open","ping_status":"open","sticky":false,"template":"","format":"standard","meta":{"jetpack_post_was_ever_published":false,"_jetpack_newsletter_access":"","_jetpack_dont_email_post_to_subs":false,"_jetpack_newsletter_tier_id":0,"_jetpack_memberships_contains_paywalled_content":false,"_jetpack_memberships_contains_paid_content":false,"footnotes":"","jetpack_publicize_message":"#LaVuelta2016 Mar\u00edn \u2192 Mirador \u00c9zaro aras\u0131nda pedallanacak 176 km uzunlu\u011fundaki 3. Etab\u0131n sonu Ardennes Klasiklerinden f\u0131rlam\u0131\u015f gibi! Zirve biti\u015fine konu\u015flu biti\u015f \u00e7izgisinden ilk ge\u00e7en ismin #MagliaRojo'yu ele ge\u00e7irece\u011fi etab\u0131 ka\u00e7\u0131rmay\u0131n. Da\u011flar #LaVuelta'ya erken u\u011frad\u0131!","jetpack_publicize_feature_enabled":true,"jetpack_social_post_already_shared":true,"jetpack_social_options":{"image_generator_settings":{"template":"highway","default_image_id":0,"font":"","enabled":false},"version":2}},"categories":[91],"tags":[19,65,1322,24,17,1320,26,83,15,963,434,1003,1321,16,233,1319,952,955,803,22,222,1092,831,1010,20,30,23,14,234,1318],"class_list":["post-4243","post","type-post","status-publish","format-standard","has-post-thumbnail","hentry","category-vuelta-2","tag-alberto-contador","tag-alejandro-valverde","tag-alexandre-genizes","tag-astana","tag-bisiklet-turu","tag-chaves","tag-chris-froome","tag-contador","tag-espana","tag-esteban-chaves","tag-froome","tag-froomey","tag-gianni-meersman","tag-ispanya","tag-ispanya-bisiklet-turu","tag-kruijswijk","tag-la-vuelta","tag-la-vuelta-a-espana","tag-lottonl-jumbo","tag-movistar","tag-nairo-quintana","tag-orica-greeenedge","tag-quintana","tag-steven-kruijswijk","tag-team-sky","tag-tinkoff","tag-valverde","tag-vuelta","tag-vuelta-a-espana","tag-vuelta-espana"],"jetpack_publicize_connections":[],"jetpack_featured_media_url":"https:\/\/i0.wp.com\/aynakol.org\/wp-content\/uploads\/2016\/08\/14053822_873183102816319_6939602575878970307_o.jpg?fit=1327%2C727","jetpack_sharing_enabled":true,"jetpack_shortlink":"https:\/\/wp.me\/p51p4O-16r","jetpack_likes_enabled":true,"jetpack-related-posts":[{"id":4279,"url":"http:\/\/aynakol.org\/?p=4279","url_meta":{"origin":4243,"position":0},"title":"#LaVuelta2016 7. Etap: \tMaceda \u2192 Puebla de Sanabria, 159 km","author":"Ayd\u0131n Bez","date":"26 A\u011fustos 2016","format":false,"excerpt":"D\u00fcnk\u00fc etaba pek benzemese de yine bir ge\u00e7i etab\u0131 ile La Vuelta devam ediyor.\u00a0Maceda \u2192 Puebla de Sanabria kentleri aras\u0131nda pedallanacak 7. Etap 159 km uzunlu\u011funda ve hakiki ka\u00e7\u0131\u015f ustalar\u0131 i\u00e7in tasarlanm\u0131\u015f gibi.\u00a0 \u015eayet, Chris Froome Le Tour de France 2016'n\u0131n\u00a0Bagn\u00e8res-de-Luchon kasabas\u0131nda sona eren 8.\u00a0etab\u0131ndaki gibi bir \u00e7\u0131lg\u0131nl\u0131k yapmazsa genel\u2026","rel":"","context":"&quot;Vuelta a Espana&quot; i\u00e7inde","block_context":{"text":"Vuelta a Espana","link":"http:\/\/aynakol.org\/?cat=91"},"img":{"alt_text":"","src":"https:\/\/i0.wp.com\/aynakol.org\/wp-content\/uploads\/2016\/08\/LaVuelta2016_profile_stage7.jpg?resize=350%2C200","width":350,"height":200,"srcset":"https:\/\/i0.wp.com\/aynakol.org\/wp-content\/uploads\/2016\/08\/LaVuelta2016_profile_stage7.jpg?resize=350%2C200 1x, https:\/\/i0.wp.com\/aynakol.org\/wp-content\/uploads\/2016\/08\/LaVuelta2016_profile_stage7.jpg?resize=525%2C300 1.5x"},"classes":[]},{"id":4229,"url":"http:\/\/aynakol.org\/?p=4229","url_meta":{"origin":4243,"position":1},"title":"#LaVuelta2016 1. Etap: Balneario Laias \u2192 Castrelo de Mi\u00f1o, 29.4 km","author":"Ayd\u0131n Bez","date":"20 A\u011fustos 2016","format":false,"excerpt":"A\u00e7\u0131l\u0131\u015f etab\u0131 i\u00e7in La Vuelta'n\u0131n ilk ve son d\u00fczl\u00fck etab\u0131 diyebiliriz. Zira yakla\u015f\u0131k 30 km uzunlu\u011fundaki tak\u0131m zamana kar\u015f\u0131 purkuru sonras\u0131, hemen ikinci etapta t\u0131rman\u0131\u015flar ba\u015fl\u0131yor, ta ki Madride kadar! Biri La Vuelta'n\u0131n tan\u0131m\u0131n\u0131 m\u0131 merak etti? \u0130\u015fte La Vuelta: da\u011flar\u0131n kalbine yolculuk! Balneario Laias \u2192 Castrelo de Mi\u00f1o aras\u0131nda\u2026","rel":"","context":"&quot;Vuelta a Espana&quot; i\u00e7inde","block_context":{"text":"Vuelta a Espana","link":"http:\/\/aynakol.org\/?cat=91"},"img":{"alt_text":"","src":"https:\/\/i0.wp.com\/aynakol.org\/wp-content\/uploads\/2016\/08\/LaVuelta2016_banner.jpg?fit=686%2C350&resize=350%2C200","width":350,"height":200,"srcset":"https:\/\/i0.wp.com\/aynakol.org\/wp-content\/uploads\/2016\/08\/LaVuelta2016_banner.jpg?fit=686%2C350&resize=350%2C200 1x, https:\/\/i0.wp.com\/aynakol.org\/wp-content\/uploads\/2016\/08\/LaVuelta2016_banner.jpg?fit=686%2C350&resize=525%2C300 1.5x"},"classes":[]},{"id":4251,"url":"http:\/\/aynakol.org\/?p=4251","url_meta":{"origin":4243,"position":2},"title":"#LaVuelta2016 4. Etap: Betanzos \u2192 San Andr\u00e9 de Teixid\u00f3, 161 km","author":"Ayd\u0131n Bez","date":"23 A\u011fustos 2016","format":false,"excerpt":"Etap \u00f6ncesi D\u00fcnk\u00fc zirvede biten 3. Etap sonras\u0131 h\u0131z kesmeden bug\u00fcn bir tane daha zirve biti\u015fiyle devam ediyor La Vuelta! A\u00e7\u0131k\u00e7as\u0131 bu t\u0131rman\u0131\u015flar ilk dinlenme g\u00fcn\u00fcne dek s\u00fcrecek!\u00a0 Kar\u015f\u0131m\u0131zda d\u00fcnk\u00fc etab\u0131n birebir kopyas\u0131 var. K\u0131y\u0131dan k\u0131y\u0131ya pedallamaya devam: Betanzos \u2192 San Andr\u00e9 de Teixid\u00f3 aras\u0131nda pedallanacak 4. Etap 161 km\u2026","rel":"","context":"&quot;Vuelta a Espana&quot; i\u00e7inde","block_context":{"text":"Vuelta a Espana","link":"http:\/\/aynakol.org\/?cat=91"},"img":{"alt_text":"","src":"https:\/\/i0.wp.com\/aynakol.org\/wp-content\/uploads\/2016\/08\/LaVuelta2016_profile_stage4_peloton.jpg?fit=1000%2C666&resize=350%2C200","width":350,"height":200,"srcset":"https:\/\/i0.wp.com\/aynakol.org\/wp-content\/uploads\/2016\/08\/LaVuelta2016_profile_stage4_peloton.jpg?fit=1000%2C666&resize=350%2C200 1x, https:\/\/i0.wp.com\/aynakol.org\/wp-content\/uploads\/2016\/08\/LaVuelta2016_profile_stage4_peloton.jpg?fit=1000%2C666&resize=525%2C300 1.5x, https:\/\/i0.wp.com\/aynakol.org\/wp-content\/uploads\/2016\/08\/LaVuelta2016_profile_stage4_peloton.jpg?fit=1000%2C666&resize=700%2C400 2x"},"classes":[]},{"id":4232,"url":"http:\/\/aynakol.org\/?p=4232","url_meta":{"origin":4243,"position":3},"title":"#LaVuelta2016 2. Etap: Ourense \u2192 Baiona, 159 km","author":"Ayd\u0131n Bez","date":"21 A\u011fustos 2016","format":false,"excerpt":"Team SKY tak\u0131m\u0131n\u0131n galibiyetiyle sona eren d\u00fcnk\u00fc zamana kar\u015f\u0131 etab\u0131n\u0131 geride b\u0131rak\u0131p Gali\u00e7ya b\u00f6lgesinin k\u0131y\u0131s\u0131na do\u011fru pedall\u0131yoruz. 159 km uzunlu\u011fundaki 2. Etapta termal ve kapl\u0131calar diyar\u0131\u00a0Ourense kentinden yola \u00e7\u0131kacak olan peloton Atlas okyanusu k\u0131y\u0131s\u0131ndaki\u00a0Baiona kentine uzanacak.\u00a0 159 km uzunlu\u011fundaki etab\u0131n ilk 60 km'si d\u00fcz say\u0131labilecek bir profilde. Sonras\u0131nda ise \u0131s\u0131nm\u0131\u015f\u2026","rel":"","context":"&quot;Vuelta a Espana&quot; i\u00e7inde","block_context":{"text":"Vuelta a Espana","link":"http:\/\/aynakol.org\/?cat=91"},"img":{"alt_text":"","src":"https:\/\/i0.wp.com\/aynakol.org\/wp-content\/uploads\/2016\/08\/LaVuelta2016_profile_stage2_winner_Gianni_Meersman1.jpg?fit=630%2C421&resize=350%2C200","width":350,"height":200,"srcset":"https:\/\/i0.wp.com\/aynakol.org\/wp-content\/uploads\/2016\/08\/LaVuelta2016_profile_stage2_winner_Gianni_Meersman1.jpg?fit=630%2C421&resize=350%2C200 1x, https:\/\/i0.wp.com\/aynakol.org\/wp-content\/uploads\/2016\/08\/LaVuelta2016_profile_stage2_winner_Gianni_Meersman1.jpg?fit=630%2C421&resize=525%2C300 1.5x"},"classes":[]},{"id":4261,"url":"http:\/\/aynakol.org\/?p=4261","url_meta":{"origin":4243,"position":4},"title":"#LaVuelta2016 5. Etap: Viveiro \u2192 Lugo, 172 km","author":"Ayd\u0131n Bez","date":"24 A\u011fustos 2016","format":false,"excerpt":"Etap hakk\u0131nda Daha ilk haftada pe\u015fpe\u015fe ge\u00e7ilen iki zorlu zirve biti\u015fi sonras\u0131nda kar\u015f\u0131m\u0131zda yorgun bacaklar\u0131n dinlenmeye f\u0131rsat bulaca\u011f\u0131 bir etap var. BMC tak\u0131m\u0131n\u0131n Kolombiyal\u0131 pedal\u0131 Darvin Atapuma'n\u0131n Maglia Rojo ile ba\u015flayaca\u011f\u0131 etap peloton i\u00e7in adeta aktif dinlenme g\u00fcn\u00fc. Deniz k\u0131y\u0131s\u0131ndaki Viveiro kentinden, tepeleri, ge\u00e7itleri a\u015f\u0131p i\u00e7eriye Lugo kentine do\u011fru uzand\u0131\u011f\u0131m\u0131z\u2026","rel":"","context":"&quot;Vuelta a Espana&quot; i\u00e7inde","block_context":{"text":"Vuelta a Espana","link":"http:\/\/aynakol.org\/?cat=91"},"img":{"alt_text":"","src":"https:\/\/i0.wp.com\/aynakol.org\/wp-content\/uploads\/2016\/08\/LaVuelta2016_profile_stage5_winner_Gianni_Meersman1.jpg?fit=1000%2C666&resize=350%2C200","width":350,"height":200,"srcset":"https:\/\/i0.wp.com\/aynakol.org\/wp-content\/uploads\/2016\/08\/LaVuelta2016_profile_stage5_winner_Gianni_Meersman1.jpg?fit=1000%2C666&resize=350%2C200 1x, https:\/\/i0.wp.com\/aynakol.org\/wp-content\/uploads\/2016\/08\/LaVuelta2016_profile_stage5_winner_Gianni_Meersman1.jpg?fit=1000%2C666&resize=525%2C300 1.5x, https:\/\/i0.wp.com\/aynakol.org\/wp-content\/uploads\/2016\/08\/LaVuelta2016_profile_stage5_winner_Gianni_Meersman1.jpg?fit=1000%2C666&resize=700%2C400 2x"},"classes":[]},{"id":4271,"url":"http:\/\/aynakol.org\/?p=4271","url_meta":{"origin":4243,"position":5},"title":"#LaVuelta2016 6. Etap: Monforte de Lemos \u2192 Luintra, 163 km","author":"Ayd\u0131n Bez","date":"25 A\u011fustos 2016","format":false,"excerpt":"D\u00fcn araya yanl\u0131\u015fl\u0131kla kar\u0131\u015fan d\u00fczl\u00fck etap sonras\u0131 y\u00f6n\u00fcm\u00fcz, y\u00fcz\u00fcm\u00fcz yine da\u011flara d\u00f6n\u00fcyor: ter ve ac\u0131yla yo\u011frulacak 163 km uzunlu\u011fundaki 6. Etap Monforte de Lemos \u2192 Luintra aras\u0131nda dolamba\u00e7l\u0131 yollarda pedallanacak. 163 km uzunlu\u011fundaki etab\u0131n ilk yar\u0131s\u0131 nispeten d\u00fcz say\u0131lacak bir profilde; g\u00fcn\u00fcn as\u0131l men\u00fcs\u00fc etab\u0131n ikinci yar\u0131s\u0131nda pelotonun kar\u015f\u0131s\u0131na \u015fef\u2026","rel":"","context":"&quot;Vuelta a Espana&quot; i\u00e7inde","block_context":{"text":"Vuelta a Espana","link":"http:\/\/aynakol.org\/?cat=91"},"img":{"alt_text":"","src":"https:\/\/i0.wp.com\/aynakol.org\/wp-content\/uploads\/2016\/08\/LaVuelta2016_profile_stage5_weather_condition.jpg?fit=1200%2C800&resize=350%2C200","width":350,"height":200,"srcset":"https:\/\/i0.wp.com\/aynakol.org\/wp-content\/uploads\/2016\/08\/LaVuelta2016_profile_stage5_weather_condition.jpg?fit=1200%2C800&resize=350%2C200 1x, https:\/\/i0.wp.com\/aynakol.org\/wp-content\/uploads\/2016\/08\/LaVuelta2016_profile_stage5_weather_condition.jpg?fit=1200%2C800&resize=525%2C300 1.5x, https:\/\/i0.wp.com\/aynakol.org\/wp-content\/uploads\/2016\/08\/LaVuelta2016_profile_stage5_weather_condition.jpg?fit=1200%2C800&resize=700%2C400 2x, https:\/\/i0.wp.com\/aynakol.org\/wp-content\/uploads\/2016\/08\/LaVuelta2016_profile_stage5_weather_condition.jpg?fit=1200%2C800&resize=1050%2C600 3x"},"classes":[]}],"_links":{"self":[{"href":"http:\/\/aynakol.org\/index.php?rest_route=\/wp\/v2\/posts\/4243","targetHints":{"allow":["GET"]}}],"collection":[{"href":"http:\/\/aynakol.org\/index.php?rest_route=\/wp\/v2\/posts"}],"about":[{"href":"http:\/\/aynakol.org\/index.php?rest_route=\/wp\/v2\/types\/post"}],"author":[{"embeddable":true,"href":"http:\/\/aynakol.org\/index.php?rest_route=\/wp\/v2\/users\/1"}],"replies":[{"embeddable":true,"href":"http:\/\/aynakol.org\/index.php?rest_route=%2Fwp%2Fv2%2Fcomments&post=4243"}],"version-history":[{"count":5,"href":"http:\/\/aynakol.org\/index.php?rest_route=\/wp\/v2\/posts\/4243\/revisions"}],"predecessor-version":[{"id":4250,"href":"http:\/\/aynakol.org\/index.php?rest_route=\/wp\/v2\/posts\/4243\/revisions\/4250"}],"wp:featuredmedia":[{"embeddable":true,"href":"http:\/\/aynakol.org\/index.php?rest_route=\/wp\/v2\/media\/4248"}],"wp:attachment":[{"href":"http:\/\/aynakol.org\/index.php?rest_route=%2Fwp%2Fv2%2Fmedia&parent=4243"}],"wp:term":[{"taxonomy":"category","embeddable":true,"href":"http:\/\/aynakol.org\/index.php?rest_route=%2Fwp%2Fv2%2Fcategories&post=4243"},{"taxonomy":"post_tag","embeddable":true,"href":"http:\/\/aynakol.org\/index.php?rest_route=%2Fwp%2Fv2%2Ftags&post=4243"}],"curies":[{"name":"wp","href":"https:\/\/api.w.org\/{rel}","templated":true}]}}