{"id":4251,"date":"2016-08-23T10:00:08","date_gmt":"2016-08-23T07:00:08","guid":{"rendered":"http:\/\/aynakol.org\/?p=4251"},"modified":"2016-08-23T22:24:10","modified_gmt":"2016-08-23T19:24:10","slug":"lavuelta2016-4-etap-betanzos-%e2%86%92-san-andre-de-teixido-161-km","status":"publish","type":"post","link":"http:\/\/aynakol.org\/?p=4251","title":{"rendered":"#LaVuelta2016 4. Etap: Betanzos \u2192 San Andr\u00e9 de Teixid\u00f3, 161 km"},"content":{"rendered":"<p><span style=\"font-family: georgia, palatino, serif; font-size: 14pt;\"><strong>Etap \u00f6ncesi<\/strong><\/span><\/p>\n<p><span style=\"font-family: georgia, palatino, serif; font-size: 12pt;\">D\u00fcnk\u00fc zirvede biten 3. Etap sonras\u0131 h\u0131z kesmeden bug\u00fcn bir tane daha zirve biti\u015fiyle devam ediyor La Vuelta! A\u00e7\u0131k\u00e7as\u0131 bu t\u0131rman\u0131\u015flar ilk dinlenme g\u00fcn\u00fcne dek s\u00fcrecek!\u00a0<\/span><\/p>\n<p><span style=\"font-family: georgia, palatino, serif; font-size: 12pt;\">Kar\u015f\u0131m\u0131zda d\u00fcnk\u00fc etab\u0131n birebir kopyas\u0131 var. K\u0131y\u0131dan k\u0131y\u0131ya pedallamaya devam: <a href=\"http:\/\/www.letour.fr\/PHOTOS\/VUE\/2016\/400\/CARTE.jpg\" target=\"_blank\">Betanzos \u2192 San Andr\u00e9 de Teixid\u00f3 aras\u0131nda<\/a> pedallanacak 4. Etap 161 km uzunlu\u011funda. Etab\u0131n hen\u00fcz ilk 55 km&#8217;si i\u00e7inde iki adet Cat3 sn\u0131f\u0131 t\u0131rman\u0131\u015f bulunuyor; olu\u015facak bir ka\u00e7\u0131\u015f grubu t\u0131rman\u0131\u015f sonras\u0131 ini\u015f ve irtifas\u0131 pek y\u00fcksek olmayan yalanc\u0131 t\u0131rman\u0131\u015flarda yakalanacakt\u0131r. Sonras\u0131nda yeni ka\u00e7\u0131\u015flara gebe bir etap profili var kar\u015f\u0131m\u0131zda.\u00a0<\/span><\/p>\n<p>&nbsp;<\/p>\n<div id=\"attachment_4224\" style=\"width: 610px\" class=\"wp-caption aligncenter\"><a href=\"https:\/\/i0.wp.com\/aynakol.org\/wp-content\/uploads\/2016\/08\/LaVuelta2016_profile_stage4.jpg\"><img data-recalc-dims=\"1\" loading=\"lazy\" decoding=\"async\" aria-describedby=\"caption-attachment-4224\" data-attachment-id=\"4224\" data-permalink=\"http:\/\/aynakol.org\/?attachment_id=4224\" data-orig-file=\"https:\/\/i0.wp.com\/aynakol.org\/wp-content\/uploads\/2016\/08\/LaVuelta2016_profile_stage4.jpg?fit=600%2C246\" data-orig-size=\"600,246\" data-comments-opened=\"1\" data-image-meta=\"{&quot;aperture&quot;:&quot;0&quot;,&quot;credit&quot;:&quot;&quot;,&quot;camera&quot;:&quot;&quot;,&quot;caption&quot;:&quot;&quot;,&quot;created_timestamp&quot;:&quot;0&quot;,&quot;copyright&quot;:&quot;&quot;,&quot;focal_length&quot;:&quot;0&quot;,&quot;iso&quot;:&quot;0&quot;,&quot;shutter_speed&quot;:&quot;0&quot;,&quot;title&quot;:&quot;&quot;,&quot;orientation&quot;:&quot;0&quot;}\" data-image-title=\"LaVuelta2016_profile_stage4\" data-image-description=\"\" data-image-caption=\"\" data-large-file=\"https:\/\/i0.wp.com\/aynakol.org\/wp-content\/uploads\/2016\/08\/LaVuelta2016_profile_stage4.jpg?fit=600%2C246\" class=\"wp-image-4224 size-full\" src=\"https:\/\/i0.wp.com\/aynakol.org\/wp-content\/uploads\/2016\/08\/LaVuelta2016_profile_stage4.jpg?resize=600%2C246\" alt=\"LaVuelta2016_profile_stage4\" width=\"600\" height=\"246\" srcset=\"https:\/\/i0.wp.com\/aynakol.org\/wp-content\/uploads\/2016\/08\/LaVuelta2016_profile_stage4.jpg?w=600 600w, https:\/\/i0.wp.com\/aynakol.org\/wp-content\/uploads\/2016\/08\/LaVuelta2016_profile_stage4.jpg?resize=300%2C123 300w\" sizes=\"auto, (max-width: 600px) 100vw, 600px\" \/><\/a><p id=\"caption-attachment-4224\" class=\"wp-caption-text\">La Vuelta 2016 4. Etap: \u015ea\u015f\u0131rd\u0131k m\u0131? Hay\u0131r! Yine zirve biti\u015fi!<\/p><\/div>\n<p><span style=\"font-family: georgia, palatino, serif; font-size: 12pt;\">Etab\u0131n b\u00f6l\u00fcm sonu canavar\u0131, yani biti\u015f \u00e7izgisine ev sahipli\u011fi yapan\u00a0Alto Mirador de Veixia tam 11.2 km uzunul\u011funda ve ortalama %5 e\u011fime sahip Cat3 s\u0131n\u0131f\u0131 bir t\u0131rman\u0131\u015f, \u00f6yle ki maglia rojo&#8217;nun yine el de\u011fi\u015ftirece\u011fi bir t\u0131rman\u0131\u015f olacak gibi!<\/span><\/p>\n<p>&nbsp;<\/p>\n<p><span style=\"font-family: georgia,palatino,serif; font-size: 12pt;\"><strong>Daha fazlas\u0131 i\u00e7in<\/strong><\/span><\/p>\n<ul>\n<li><span style=\"font-family: georgia,palatino,serif; font-size: 12pt;\">4. Etap hakk\u0131nda her \u015fey: <a href=\"http:\/\/www.steephill.tv\/vuelta-a-espana\/#04-preview-2016\" target=\"_blank\">Steephill.TV<\/a><\/span><\/li>\n<li><span style=\"font-family: georgia,palatino,serif; font-size: 12pt;\">4. Etap s\u0131ral\u0131 liste: <a href=\"http:\/\/www.procyclingstats.com\/race\/Vuelta_a_Espana_2016_Stage_4\" target=\"_blank\">ProCyclingStats.com<\/a><\/span><\/li>\n<li><span style=\"font-family: georgia,palatino,serif; font-size: 12pt;\"><a href=\"http:\/\/www.lavuelta.com\/\">La Vuelta<\/a> sosyal medya hesaplar\u0131: <a href=\"https:\/\/www.facebook.com\/lavuelta\" target=\"_blank\">Facebook<\/a> , <a href=\"https:\/\/twitter.com\/lavuelta\" target=\"_blank\">Twitter<\/a><\/span><\/li>\n<li><span style=\"font-family: georgia,palatino,serif; font-size: 12pt;\">Bisikletta \u2013 Edit\u00f6ryal \u0130\u015fler pek bir g\u00fczel yazm\u0131\u015f: <a href=\"https:\/\/twitter.com\/IAM_Cycling\/status\/766568281251672064\" target=\"_blank\">Vuelta a Espana 2016\u2019ya \u00f6n bak\u0131\u015f<\/a><\/span><\/li>\n<\/ul>\n<p><!--nextpage--><\/p>\n<p><span style=\"font-family: georgia,palatino,serif; font-size: 14pt;\"><strong>Etap sonras\u0131<\/strong><\/span><\/p>\n<div id=\"attachment_4256\" style=\"width: 870px\" class=\"wp-caption aligncenter\"><a href=\"https:\/\/i0.wp.com\/aynakol.org\/wp-content\/uploads\/2016\/08\/LaVuelta2016_profile_stage4_winner.jpg\"><img data-recalc-dims=\"1\" loading=\"lazy\" decoding=\"async\" aria-describedby=\"caption-attachment-4256\" data-attachment-id=\"4256\" data-permalink=\"http:\/\/aynakol.org\/?attachment_id=4256\" data-orig-file=\"https:\/\/i0.wp.com\/aynakol.org\/wp-content\/uploads\/2016\/08\/LaVuelta2016_profile_stage4_winner.jpg?fit=2048%2C1362\" data-orig-size=\"2048,1362\" data-comments-opened=\"1\" data-image-meta=\"{&quot;aperture&quot;:&quot;0&quot;,&quot;credit&quot;:&quot;&quot;,&quot;camera&quot;:&quot;&quot;,&quot;caption&quot;:&quot;&quot;,&quot;created_timestamp&quot;:&quot;0&quot;,&quot;copyright&quot;:&quot;&quot;,&quot;focal_length&quot;:&quot;0&quot;,&quot;iso&quot;:&quot;0&quot;,&quot;shutter_speed&quot;:&quot;0&quot;,&quot;title&quot;:&quot;&quot;,&quot;orientation&quot;:&quot;0&quot;}\" data-image-title=\"LaVuelta2016_profile_stage4_winner\" data-image-description=\"\" data-image-caption=\"\" data-large-file=\"https:\/\/i0.wp.com\/aynakol.org\/wp-content\/uploads\/2016\/08\/LaVuelta2016_profile_stage4_winner.jpg?fit=860%2C572\" class=\"wp-image-4256 size-large\" src=\"https:\/\/i0.wp.com\/aynakol.org\/wp-content\/uploads\/2016\/08\/LaVuelta2016_profile_stage4_winner.jpg?resize=860%2C572\" alt=\"LaVuelta2016_profile_stage4_winner\" width=\"860\" height=\"572\" srcset=\"https:\/\/i0.wp.com\/aynakol.org\/wp-content\/uploads\/2016\/08\/LaVuelta2016_profile_stage4_winner.jpg?resize=1024%2C681 1024w, https:\/\/i0.wp.com\/aynakol.org\/wp-content\/uploads\/2016\/08\/LaVuelta2016_profile_stage4_winner.jpg?resize=300%2C200 300w, https:\/\/i0.wp.com\/aynakol.org\/wp-content\/uploads\/2016\/08\/LaVuelta2016_profile_stage4_winner.jpg?resize=768%2C511 768w, https:\/\/i0.wp.com\/aynakol.org\/wp-content\/uploads\/2016\/08\/LaVuelta2016_profile_stage4_winner.jpg?w=2048 2048w, https:\/\/i0.wp.com\/aynakol.org\/wp-content\/uploads\/2016\/08\/LaVuelta2016_profile_stage4_winner.jpg?w=1720 1720w\" sizes=\"auto, (max-width: 860px) 100vw, 860px\" \/><\/a><p id=\"caption-attachment-4256\" class=\"wp-caption-text\">Lilian Calmejane, kendi ilk WorldTour zaferine uzan\u0131rken tak\u0131m\u0131n\u0131n 1400 g\u00fcn\u00fc a\u015fk\u0131n s\u00fcredir etap zaferi kazanamama orucunu da bozmu\u015f oldu!<\/p><\/div>\n<p><span style=\"font-family: georgia,palatino,serif; font-size: 12pt;\">Zirve biti\u015fine ev sahipli\u011fi yapan 164 km uzunlu\u011fundaki 4. Etab\u0131n sonunda zafere pedallayan isim Direct Energie tak\u0131m\u0131n\u0131n gen\u00e7 Frans\u0131z pedal\u0131 Lilian Calmejane oldu.<\/span><\/p>\n<pre><strong>4. Etap sonu\u00e7lar\u0131<\/strong>\r\nFRA  1  CALMEJANE, Lilian (DIRECT ENERGIE)                 4:05:19\r\nCOL  2  ATAPUMA HURTADO, Darwin (BMC RACING)                +   15\r\nUSA  3  KING, Benjamin (CANNONDALE)                        \r\nKAZ  4  ZEITS, Andrey (ASTANA)                              +   19\r\nAUS  5  HAAS, Nathan (DIMENSION DATA)                       +   23\r\nITA  6  BATTAGLIN, Enrico (LOTTO NL - JUMBO)                +   24\r\nFRA  7  ROLLAND, Pierre (CANNONDALE)                        +   33\r\nUSA  8  HAGA, Chad (GIANT - ALPECIN)                        +   37\r\nESP  9  ROSON GARCIA, Jaime (CAJA RURAL-SEGUROS RGA)        +   40\r\nITA  10 BENEDETTI, Cesare (BORA-ARGON 18)                   +   42<\/pre>\n<p><span style=\"font-family: georgia,palatino,serif; font-size: 12pt;\"><strong>Etab\u0131n son 4 km&#8217;si<\/strong><\/span><\/p>\n<p><iframe loading=\"lazy\" src=\"\/\/www.youtube.com\/embed\/B97IGl7NIR8\" width=\"720\" height=\"439\" frameborder=\"0\" allowfullscreen=\"allowfullscreen\"><\/iframe><\/p>\n<p>&nbsp;<\/p>\n<p><span style=\"font-family: georgia,palatino,serif; font-size: 12pt;\">G\u00fcn\u00fcn ka\u00e7\u0131\u015f grubunda yer alan Lilian Calmejane son t\u0131rman\u0131\u015f Mirador Vixia de Herbeira (11.2 km uzunlu\u011funda ve ortalama 4.8% e\u011fim) ba\u015flar\u0131nda, etab\u0131n bitmesine 9.1 km kala atak yapt\u0131, bitine dek kavalansa da zafere uzanmay\u0131 ba\u015fard\u0131. Pe\u015finden gelen ise y\u0131l\u0131n ba\u015f\u0131ndan beri \u00fc\u00e7 b\u00fcy\u00fck turda y\u0131ld\u0131z\u0131 parlayan ama bir t\u00fcrl\u00fc y\u00fcz\u00fc g\u00fclmeyen BMC tak\u0131m\u0131n\u0131n Kolombiyal\u0131s\u0131 Darvin Atapuma&#8217;dan ba\u015fkas\u0131 de\u011fildi; zira Maglia Rojo&#8217;yu ta\u015f\u0131yan Movistar tak\u0131m\u0131ndan Ruben Fernandez&#8217;in geriye d\u00fc\u015fmesiyle birlikte etab\u0131 ikinci bitiren Atapuma g\u00fcn\u00fcn sonunda genel klasman liderli\u011fine uzand\u0131. <\/span><\/p>\n<pre><strong>4. Etap sonras\u0131 genel klasman<\/strong> \r\nCOL  1  ATAPUMA HURTADO, Darwin (BMC RACING)               13:23:10\r\nESP  2  VALVERDE BELMONTE, Alejandro (MOVISTAR)              +   29\r\nGBR  3  FROOME, Christopher (SKY)                            +   33\r\nCOL  4  CHAVES RUBIO, Jhoan Esteban (ORICA-BikeExchange)     +   39\r\nCOL  5  QUINTANA ROJAS, Nairo Alexander (MOVISTAR)         \r\nESP  6  SANCHEZ GONZALEZ, Samuel (BMC RACING)                + 1:08\r\nESP  7  FERNANDEZ, Ruben (MOVISTAR)                          + 1:11\r\nCZE  8  KONIG, Leopold (SKY)                                 + 1:13\r\nGBR  9  KENNAUGH, Peter (SKY)                                + 1:15\r\nITA  10 BRAMBILLA, Gianluca (ETIXX - QUICK STEP)             + 1:23\r\nFRA  11 CALMEJANE, Lilian (DIRECT ENERGIE)                   + 1:24\r\nESP  12 MORENO FERNANDEZ, Daniel (MOVISTAR)                  + 1:36\r\nESP  13 CONTADOR VELASCO, Alberto (TINKOFF)                  + 1:53<\/pre>\n<p><span style=\"font-family: georgia,palatino,serif; font-size: 12pt;\">Froome, Contador, Quintana, Kruijswijk, Valverde, Chaves, Valverde gibi favoriler de biti\u015f \u00e7izgisinden birlikte ge\u00e7erek g\u00fcn\u00fc kay\u0131p vermeden tamamlad\u0131lar. <\/span><\/p>\n<p>&nbsp;<\/p>\n<p><span style=\"font-family: georgia,palatino,serif; font-size: 12pt;\"><strong>Daha fazlas\u0131 i\u00e7in:<\/strong><br \/>\n<\/span><\/p>\n<ul style=\"list-style-type: circle;\">\n<li><span style=\"font-family: georgia,palatino,serif; font-size: 12pt;\">Ek\u015fi S\u00f6zl\u00fck yazar\u0131 Zeddicus zu l Zorender etapta ya\u015fananlar\u0131 <a href=\"https:\/\/eksisozluk.com\/entry\/62518796\" target=\"_blank\">an be an yazm\u0131\u015f.<\/a><\/span><\/li>\n<li><span style=\"font-family: georgia,palatino,serif; font-size: 12pt;\">4. Etap sonras\u0131, foto\u011fraf ve videolar i\u00e7in: <a href=\"http:\/\/www.steephill.tv\/vuelta-a-espana\/#04-results-2016\" target=\"_blank\">SteepHill.TV<\/a><\/span><\/li>\n<li><span style=\"font-family: georgia,palatino,serif; font-size: 12pt;\">4. Etap sonras\u0131 s\u0131ral\u0131 tam liste: <a href=\"http:\/\/www.procyclingstats.com\/race\/Vuelta_a_Espana_2016_Stage_4_GC\" target=\"_blank\">ProCyclingStats.com<\/a><\/span><\/li>\n<\/ul>\n<p>&nbsp;<\/p>\n","protected":false},"excerpt":{"rendered":"<p>Etap \u00f6ncesi D\u00fcnk\u00fc zirvede biten 3. Etap sonras\u0131 h\u0131z kesmeden bug\u00fcn bir tane daha zirve biti\u015fiyle devam ediyor La Vuelta! A\u00e7\u0131k\u00e7as\u0131 bu t\u0131rman\u0131\u015flar ilk dinlenme [&#8230;]<\/p>\n","protected":false},"author":1,"featured_media":4253,"comment_status":"open","ping_status":"open","sticky":false,"template":"","format":"standard","meta":{"jetpack_post_was_ever_published":false,"_jetpack_newsletter_access":"","_jetpack_dont_email_post_to_subs":false,"_jetpack_newsletter_tier_id":0,"_jetpack_memberships_contains_paywalled_content":false,"_jetpack_memberships_contains_paid_content":false,"footnotes":"","jetpack_publicize_message":"#LaVuelta2016 Kar\u015f\u0131m\u0131zda d\u00fcnk\u00fc etab\u0131n birebir kopyas\u0131 var. K\u0131y\u0131dan k\u0131y\u0131ya pedallamaya devam: Betanzos \u2192 San Andr\u00e9 de Teixid\u00f3 aras\u0131nda pedallanacak 4. Etap 161 km uzunlu\u011funda. Etap d\u00fcnk\u00fc gibi yine zirve biti\u015fi ile sona eriyor! Nefes kesen ataklara haz\u0131r olun!","jetpack_publicize_feature_enabled":true,"jetpack_social_post_already_shared":true,"jetpack_social_options":{"image_generator_settings":{"template":"highway","default_image_id":0,"font":"","enabled":false},"version":2}},"categories":[91],"tags":[19,65,24,17,1320,26,83,15,963,434,1003,1321,16,233,1319,952,955,803,22,222,1092,831,1010,20,30,23,14,234,1318],"class_list":["post-4251","post","type-post","status-publish","format-standard","has-post-thumbnail","hentry","category-vuelta-2","tag-alberto-contador","tag-alejandro-valverde","tag-astana","tag-bisiklet-turu","tag-chaves","tag-chris-froome","tag-contador","tag-espana","tag-esteban-chaves","tag-froome","tag-froomey","tag-gianni-meersman","tag-ispanya","tag-ispanya-bisiklet-turu","tag-kruijswijk","tag-la-vuelta","tag-la-vuelta-a-espana","tag-lottonl-jumbo","tag-movistar","tag-nairo-quintana","tag-orica-greeenedge","tag-quintana","tag-steven-kruijswijk","tag-team-sky","tag-tinkoff","tag-valverde","tag-vuelta","tag-vuelta-a-espana","tag-vuelta-espana"],"jetpack_publicize_connections":[],"jetpack_featured_media_url":"https:\/\/i0.wp.com\/aynakol.org\/wp-content\/uploads\/2016\/08\/LaVuelta2016_profile_stage4_peloton.jpg?fit=1000%2C666","jetpack_sharing_enabled":true,"jetpack_shortlink":"https:\/\/wp.me\/p51p4O-16z","jetpack_likes_enabled":true,"jetpack-related-posts":[{"id":4243,"url":"http:\/\/aynakol.org\/?p=4243","url_meta":{"origin":4251,"position":0},"title":"#LaVuelta2016 3. Etap: Mar\u00edn \u2192 Mirador \u00c9zaro, 176 km","author":"Ayd\u0131n Bez","date":"22 A\u011fustos 2016","format":false,"excerpt":"Daha Bismillah demeden La Vuelta kar\u015f\u0131m\u0131za zirve biti\u015fli bir etap sonu koyuyor! Mar\u00edn kentinden ba\u015flayan 176 km uzunlu\u011fundaki etap ilk t\u0131rman\u0131\u015f\u0131n ete\u011fine dek Atlas Okyanusunun k\u0131y\u0131lar\u0131ndan kuzeye Mirador \u00c9zaro kentine do\u011fru uzan\u0131yor. Etab\u0131n ilk 100 km'si deniz k\u0131y\u0131s\u0131n\u0131 takip etti\u011fi i\u00e7in d\u00fcz, d\u00fcmd\u00fcz. Sonras\u0131nda men\u00fcde Cat2 s\u0131n\u0131f\u0131ndan iki t\u0131rman\u0131\u015f var:\u2026","rel":"","context":"&quot;Vuelta a Espana&quot; i\u00e7inde","block_context":{"text":"Vuelta a Espana","link":"http:\/\/aynakol.org\/?cat=91"},"img":{"alt_text":"","src":"https:\/\/i0.wp.com\/aynakol.org\/wp-content\/uploads\/2016\/08\/14053822_873183102816319_6939602575878970307_o.jpg?fit=1200%2C657&resize=350%2C200","width":350,"height":200,"srcset":"https:\/\/i0.wp.com\/aynakol.org\/wp-content\/uploads\/2016\/08\/14053822_873183102816319_6939602575878970307_o.jpg?fit=1200%2C657&resize=350%2C200 1x, https:\/\/i0.wp.com\/aynakol.org\/wp-content\/uploads\/2016\/08\/14053822_873183102816319_6939602575878970307_o.jpg?fit=1200%2C657&resize=525%2C300 1.5x, https:\/\/i0.wp.com\/aynakol.org\/wp-content\/uploads\/2016\/08\/14053822_873183102816319_6939602575878970307_o.jpg?fit=1200%2C657&resize=700%2C400 2x, https:\/\/i0.wp.com\/aynakol.org\/wp-content\/uploads\/2016\/08\/14053822_873183102816319_6939602575878970307_o.jpg?fit=1200%2C657&resize=1050%2C600 3x"},"classes":[]},{"id":4279,"url":"http:\/\/aynakol.org\/?p=4279","url_meta":{"origin":4251,"position":1},"title":"#LaVuelta2016 7. Etap: \tMaceda \u2192 Puebla de Sanabria, 159 km","author":"Ayd\u0131n Bez","date":"26 A\u011fustos 2016","format":false,"excerpt":"D\u00fcnk\u00fc etaba pek benzemese de yine bir ge\u00e7i etab\u0131 ile La Vuelta devam ediyor.\u00a0Maceda \u2192 Puebla de Sanabria kentleri aras\u0131nda pedallanacak 7. Etap 159 km uzunlu\u011funda ve hakiki ka\u00e7\u0131\u015f ustalar\u0131 i\u00e7in tasarlanm\u0131\u015f gibi.\u00a0 \u015eayet, Chris Froome Le Tour de France 2016'n\u0131n\u00a0Bagn\u00e8res-de-Luchon kasabas\u0131nda sona eren 8.\u00a0etab\u0131ndaki gibi bir \u00e7\u0131lg\u0131nl\u0131k yapmazsa genel\u2026","rel":"","context":"&quot;Vuelta a Espana&quot; i\u00e7inde","block_context":{"text":"Vuelta a Espana","link":"http:\/\/aynakol.org\/?cat=91"},"img":{"alt_text":"","src":"https:\/\/i0.wp.com\/aynakol.org\/wp-content\/uploads\/2016\/08\/LaVuelta2016_profile_stage7.jpg?resize=350%2C200","width":350,"height":200,"srcset":"https:\/\/i0.wp.com\/aynakol.org\/wp-content\/uploads\/2016\/08\/LaVuelta2016_profile_stage7.jpg?resize=350%2C200 1x, https:\/\/i0.wp.com\/aynakol.org\/wp-content\/uploads\/2016\/08\/LaVuelta2016_profile_stage7.jpg?resize=525%2C300 1.5x"},"classes":[]},{"id":4229,"url":"http:\/\/aynakol.org\/?p=4229","url_meta":{"origin":4251,"position":2},"title":"#LaVuelta2016 1. Etap: Balneario Laias \u2192 Castrelo de Mi\u00f1o, 29.4 km","author":"Ayd\u0131n Bez","date":"20 A\u011fustos 2016","format":false,"excerpt":"A\u00e7\u0131l\u0131\u015f etab\u0131 i\u00e7in La Vuelta'n\u0131n ilk ve son d\u00fczl\u00fck etab\u0131 diyebiliriz. Zira yakla\u015f\u0131k 30 km uzunlu\u011fundaki tak\u0131m zamana kar\u015f\u0131 purkuru sonras\u0131, hemen ikinci etapta t\u0131rman\u0131\u015flar ba\u015fl\u0131yor, ta ki Madride kadar! Biri La Vuelta'n\u0131n tan\u0131m\u0131n\u0131 m\u0131 merak etti? \u0130\u015fte La Vuelta: da\u011flar\u0131n kalbine yolculuk! Balneario Laias \u2192 Castrelo de Mi\u00f1o aras\u0131nda\u2026","rel":"","context":"&quot;Vuelta a Espana&quot; i\u00e7inde","block_context":{"text":"Vuelta a Espana","link":"http:\/\/aynakol.org\/?cat=91"},"img":{"alt_text":"","src":"https:\/\/i0.wp.com\/aynakol.org\/wp-content\/uploads\/2016\/08\/LaVuelta2016_banner.jpg?fit=686%2C350&resize=350%2C200","width":350,"height":200,"srcset":"https:\/\/i0.wp.com\/aynakol.org\/wp-content\/uploads\/2016\/08\/LaVuelta2016_banner.jpg?fit=686%2C350&resize=350%2C200 1x, https:\/\/i0.wp.com\/aynakol.org\/wp-content\/uploads\/2016\/08\/LaVuelta2016_banner.jpg?fit=686%2C350&resize=525%2C300 1.5x"},"classes":[]},{"id":4232,"url":"http:\/\/aynakol.org\/?p=4232","url_meta":{"origin":4251,"position":3},"title":"#LaVuelta2016 2. Etap: Ourense \u2192 Baiona, 159 km","author":"Ayd\u0131n Bez","date":"21 A\u011fustos 2016","format":false,"excerpt":"Team SKY tak\u0131m\u0131n\u0131n galibiyetiyle sona eren d\u00fcnk\u00fc zamana kar\u015f\u0131 etab\u0131n\u0131 geride b\u0131rak\u0131p Gali\u00e7ya b\u00f6lgesinin k\u0131y\u0131s\u0131na do\u011fru pedall\u0131yoruz. 159 km uzunlu\u011fundaki 2. Etapta termal ve kapl\u0131calar diyar\u0131\u00a0Ourense kentinden yola \u00e7\u0131kacak olan peloton Atlas okyanusu k\u0131y\u0131s\u0131ndaki\u00a0Baiona kentine uzanacak.\u00a0 159 km uzunlu\u011fundaki etab\u0131n ilk 60 km'si d\u00fcz say\u0131labilecek bir profilde. Sonras\u0131nda ise \u0131s\u0131nm\u0131\u015f\u2026","rel":"","context":"&quot;Vuelta a Espana&quot; i\u00e7inde","block_context":{"text":"Vuelta a Espana","link":"http:\/\/aynakol.org\/?cat=91"},"img":{"alt_text":"","src":"https:\/\/i0.wp.com\/aynakol.org\/wp-content\/uploads\/2016\/08\/LaVuelta2016_profile_stage2_winner_Gianni_Meersman1.jpg?fit=630%2C421&resize=350%2C200","width":350,"height":200,"srcset":"https:\/\/i0.wp.com\/aynakol.org\/wp-content\/uploads\/2016\/08\/LaVuelta2016_profile_stage2_winner_Gianni_Meersman1.jpg?fit=630%2C421&resize=350%2C200 1x, https:\/\/i0.wp.com\/aynakol.org\/wp-content\/uploads\/2016\/08\/LaVuelta2016_profile_stage2_winner_Gianni_Meersman1.jpg?fit=630%2C421&resize=525%2C300 1.5x"},"classes":[]},{"id":4271,"url":"http:\/\/aynakol.org\/?p=4271","url_meta":{"origin":4251,"position":4},"title":"#LaVuelta2016 6. Etap: Monforte de Lemos \u2192 Luintra, 163 km","author":"Ayd\u0131n Bez","date":"25 A\u011fustos 2016","format":false,"excerpt":"D\u00fcn araya yanl\u0131\u015fl\u0131kla kar\u0131\u015fan d\u00fczl\u00fck etap sonras\u0131 y\u00f6n\u00fcm\u00fcz, y\u00fcz\u00fcm\u00fcz yine da\u011flara d\u00f6n\u00fcyor: ter ve ac\u0131yla yo\u011frulacak 163 km uzunlu\u011fundaki 6. Etap Monforte de Lemos \u2192 Luintra aras\u0131nda dolamba\u00e7l\u0131 yollarda pedallanacak. 163 km uzunlu\u011fundaki etab\u0131n ilk yar\u0131s\u0131 nispeten d\u00fcz say\u0131lacak bir profilde; g\u00fcn\u00fcn as\u0131l men\u00fcs\u00fc etab\u0131n ikinci yar\u0131s\u0131nda pelotonun kar\u015f\u0131s\u0131na \u015fef\u2026","rel":"","context":"&quot;Vuelta a Espana&quot; i\u00e7inde","block_context":{"text":"Vuelta a Espana","link":"http:\/\/aynakol.org\/?cat=91"},"img":{"alt_text":"","src":"https:\/\/i0.wp.com\/aynakol.org\/wp-content\/uploads\/2016\/08\/LaVuelta2016_profile_stage5_weather_condition.jpg?fit=1200%2C800&resize=350%2C200","width":350,"height":200,"srcset":"https:\/\/i0.wp.com\/aynakol.org\/wp-content\/uploads\/2016\/08\/LaVuelta2016_profile_stage5_weather_condition.jpg?fit=1200%2C800&resize=350%2C200 1x, https:\/\/i0.wp.com\/aynakol.org\/wp-content\/uploads\/2016\/08\/LaVuelta2016_profile_stage5_weather_condition.jpg?fit=1200%2C800&resize=525%2C300 1.5x, https:\/\/i0.wp.com\/aynakol.org\/wp-content\/uploads\/2016\/08\/LaVuelta2016_profile_stage5_weather_condition.jpg?fit=1200%2C800&resize=700%2C400 2x, https:\/\/i0.wp.com\/aynakol.org\/wp-content\/uploads\/2016\/08\/LaVuelta2016_profile_stage5_weather_condition.jpg?fit=1200%2C800&resize=1050%2C600 3x"},"classes":[]},{"id":4261,"url":"http:\/\/aynakol.org\/?p=4261","url_meta":{"origin":4251,"position":5},"title":"#LaVuelta2016 5. Etap: Viveiro \u2192 Lugo, 172 km","author":"Ayd\u0131n Bez","date":"24 A\u011fustos 2016","format":false,"excerpt":"Etap hakk\u0131nda Daha ilk haftada pe\u015fpe\u015fe ge\u00e7ilen iki zorlu zirve biti\u015fi sonras\u0131nda kar\u015f\u0131m\u0131zda yorgun bacaklar\u0131n dinlenmeye f\u0131rsat bulaca\u011f\u0131 bir etap var. BMC tak\u0131m\u0131n\u0131n Kolombiyal\u0131 pedal\u0131 Darvin Atapuma'n\u0131n Maglia Rojo ile ba\u015flayaca\u011f\u0131 etap peloton i\u00e7in adeta aktif dinlenme g\u00fcn\u00fc. Deniz k\u0131y\u0131s\u0131ndaki Viveiro kentinden, tepeleri, ge\u00e7itleri a\u015f\u0131p i\u00e7eriye Lugo kentine do\u011fru uzand\u0131\u011f\u0131m\u0131z\u2026","rel":"","context":"&quot;Vuelta a Espana&quot; i\u00e7inde","block_context":{"text":"Vuelta a Espana","link":"http:\/\/aynakol.org\/?cat=91"},"img":{"alt_text":"","src":"https:\/\/i0.wp.com\/aynakol.org\/wp-content\/uploads\/2016\/08\/LaVuelta2016_profile_stage5_winner_Gianni_Meersman1.jpg?fit=1000%2C666&resize=350%2C200","width":350,"height":200,"srcset":"https:\/\/i0.wp.com\/aynakol.org\/wp-content\/uploads\/2016\/08\/LaVuelta2016_profile_stage5_winner_Gianni_Meersman1.jpg?fit=1000%2C666&resize=350%2C200 1x, https:\/\/i0.wp.com\/aynakol.org\/wp-content\/uploads\/2016\/08\/LaVuelta2016_profile_stage5_winner_Gianni_Meersman1.jpg?fit=1000%2C666&resize=525%2C300 1.5x, https:\/\/i0.wp.com\/aynakol.org\/wp-content\/uploads\/2016\/08\/LaVuelta2016_profile_stage5_winner_Gianni_Meersman1.jpg?fit=1000%2C666&resize=700%2C400 2x"},"classes":[]}],"_links":{"self":[{"href":"http:\/\/aynakol.org\/index.php?rest_route=\/wp\/v2\/posts\/4251","targetHints":{"allow":["GET"]}}],"collection":[{"href":"http:\/\/aynakol.org\/index.php?rest_route=\/wp\/v2\/posts"}],"about":[{"href":"http:\/\/aynakol.org\/index.php?rest_route=\/wp\/v2\/types\/post"}],"author":[{"embeddable":true,"href":"http:\/\/aynakol.org\/index.php?rest_route=\/wp\/v2\/users\/1"}],"replies":[{"embeddable":true,"href":"http:\/\/aynakol.org\/index.php?rest_route=%2Fwp%2Fv2%2Fcomments&post=4251"}],"version-history":[{"count":4,"href":"http:\/\/aynakol.org\/index.php?rest_route=\/wp\/v2\/posts\/4251\/revisions"}],"predecessor-version":[{"id":4259,"href":"http:\/\/aynakol.org\/index.php?rest_route=\/wp\/v2\/posts\/4251\/revisions\/4259"}],"wp:featuredmedia":[{"embeddable":true,"href":"http:\/\/aynakol.org\/index.php?rest_route=\/wp\/v2\/media\/4253"}],"wp:attachment":[{"href":"http:\/\/aynakol.org\/index.php?rest_route=%2Fwp%2Fv2%2Fmedia&parent=4251"}],"wp:term":[{"taxonomy":"category","embeddable":true,"href":"http:\/\/aynakol.org\/index.php?rest_route=%2Fwp%2Fv2%2Fcategories&post=4251"},{"taxonomy":"post_tag","embeddable":true,"href":"http:\/\/aynakol.org\/index.php?rest_route=%2Fwp%2Fv2%2Ftags&post=4251"}],"curies":[{"name":"wp","href":"https:\/\/api.w.org\/{rel}","templated":true}]}}