{"id":4271,"date":"2016-08-25T10:00:24","date_gmt":"2016-08-25T07:00:24","guid":{"rendered":"http:\/\/aynakol.org\/?p=4271"},"modified":"2016-08-25T19:02:57","modified_gmt":"2016-08-25T16:02:57","slug":"lavuelta2016-6-etap-monforte-de-lemos-%e2%86%92-luintra-163-km","status":"publish","type":"post","link":"http:\/\/aynakol.org\/?p=4271","title":{"rendered":"#LaVuelta2016 6. Etap: Monforte de Lemos \u2192 Luintra, 163 km"},"content":{"rendered":"<p><span style=\"font-size: 12pt; font-family: georgia,palatino,serif;\">D\u00fcn araya yanl\u0131\u015fl\u0131kla kar\u0131\u015fan d\u00fczl\u00fck etap sonras\u0131 y\u00f6n\u00fcm\u00fcz, y\u00fcz\u00fcm\u00fcz yine da\u011flara d\u00f6n\u00fcyor: ter ve ac\u0131yla yo\u011frulacak 163 km uzunlu\u011fundaki 6. Etap Monforte de Lemos \u2192 Luintra aras\u0131nda dolamba\u00e7l\u0131 yollarda pedallanacak.<\/span><\/p>\n<div id=\"attachment_4222\" style=\"width: 610px\" class=\"wp-caption aligncenter\"><a href=\"https:\/\/i0.wp.com\/aynakol.org\/wp-content\/uploads\/2016\/08\/LaVuelta2016_profile_stage6.jpg\"><img data-recalc-dims=\"1\" loading=\"lazy\" decoding=\"async\" aria-describedby=\"caption-attachment-4222\" data-attachment-id=\"4222\" data-permalink=\"http:\/\/aynakol.org\/?attachment_id=4222\" data-orig-file=\"https:\/\/i0.wp.com\/aynakol.org\/wp-content\/uploads\/2016\/08\/LaVuelta2016_profile_stage6.jpg?fit=600%2C283\" data-orig-size=\"600,283\" data-comments-opened=\"1\" data-image-meta=\"{&quot;aperture&quot;:&quot;0&quot;,&quot;credit&quot;:&quot;&quot;,&quot;camera&quot;:&quot;&quot;,&quot;caption&quot;:&quot;&quot;,&quot;created_timestamp&quot;:&quot;0&quot;,&quot;copyright&quot;:&quot;&quot;,&quot;focal_length&quot;:&quot;0&quot;,&quot;iso&quot;:&quot;0&quot;,&quot;shutter_speed&quot;:&quot;0&quot;,&quot;title&quot;:&quot;&quot;,&quot;orientation&quot;:&quot;0&quot;}\" data-image-title=\"LaVuelta2016_profile_stage6\" data-image-description=\"\" data-image-caption=\"\" data-large-file=\"https:\/\/i0.wp.com\/aynakol.org\/wp-content\/uploads\/2016\/08\/LaVuelta2016_profile_stage6.jpg?fit=600%2C283\" class=\"wp-image-4222 size-full\" src=\"https:\/\/i0.wp.com\/aynakol.org\/wp-content\/uploads\/2016\/08\/LaVuelta2016_profile_stage6.jpg?resize=600%2C283\" alt=\"LaVuelta2016_profile_stage6\" width=\"600\" height=\"283\" srcset=\"https:\/\/i0.wp.com\/aynakol.org\/wp-content\/uploads\/2016\/08\/LaVuelta2016_profile_stage6.jpg?w=600 600w, https:\/\/i0.wp.com\/aynakol.org\/wp-content\/uploads\/2016\/08\/LaVuelta2016_profile_stage6.jpg?resize=300%2C142 300w\" sizes=\"auto, (max-width: 600px) 100vw, 600px\" \/><\/a><p id=\"caption-attachment-4222\" class=\"wp-caption-text\"><span style=\"font-size: 12pt; font-family: georgia,palatino,serif;\">La Vuelta 2016 6. Etap, tamam t\u0131rman\u0131\u015f var ama sonda de\u011fil.<\/span><\/p><\/div>\n<p><span style=\"font-size: 12pt; font-family: georgia,palatino,serif;\">163 km uzunlu\u011fundaki etab\u0131n ilk yar\u0131s\u0131 nispeten d\u00fcz say\u0131lacak bir profilde; g\u00fcn\u00fcn as\u0131l men\u00fcs\u00fc etab\u0131n ikinci yar\u0131s\u0131nda pelotonun kar\u015f\u0131s\u0131na \u015fef taraf\u0131ndan sunulacak: 2 adet Cat2 s\u0131n\u0131f\u0131 t\u0131rman\u0131\u015f ve hafif ini\u015f sonras\u0131 biti\u015f \u00e7izgisi. Tam da ka\u00e7\u0131\u015fa uygun bir senaryo de\u011fil mi? Sprint etaplar\u0131n\u0131n ezberi d\u0131\u015f\u0131nda b\u00f6ylesi etaplar ka\u00e7\u0131\u015fa \u015fans verdi\u011fi i\u00e7indir ki Vuelta bizleri e\u011flendirmeyi biliyor!<\/span><\/p>\n<p><span style=\"font-size: 12pt; font-family: georgia,palatino,serif;\"><strong>Daha fazlas\u0131 i\u00e7in<\/strong><\/span><\/p>\n<ul>\n<li><span style=\"font-size: 12pt; font-family: georgia,palatino,serif;\">6. Etap hakk\u0131nda her \u015fey: <a href=\"http:\/\/www.steephill.tv\/vuelta-a-espana\/#06-preview-2016\" target=\"_blank\">Steephill.TV<\/a><\/span><\/li>\n<li><span style=\"font-size: 12pt; font-family: georgia,palatino,serif;\">6. Etap s\u0131ral\u0131 liste: <a href=\"http:\/\/www.procyclingstats.com\/race\/Vuelta_a_Espana_2016_Stage_6\" target=\"_blank\">ProCyclingStats.com<\/a><\/span><\/li>\n<li><span style=\"font-size: 12pt; font-family: georgia,palatino,serif;\"><a href=\"http:\/\/www.lavuelta.com\/\">La Vuelta<\/a> sosyal medya hesaplar\u0131: <a href=\"https:\/\/www.facebook.com\/lavuelta\" target=\"_blank\">Facebook<\/a> , <a href=\"https:\/\/twitter.com\/lavuelta\" target=\"_blank\">Twitter<\/a><\/span><\/li>\n<li><span style=\"font-size: 12pt; font-family: georgia,palatino,serif;\">Bisikletta \u2013 Edit\u00f6ryal \u0130\u015fler pek bir g\u00fczel yazm\u0131\u015f: <a href=\"https:\/\/twitter.com\/IAM_Cycling\/status\/766568281251672064\" target=\"_blank\">Vuelta a Espana 2016\u2019ya \u00f6n bak\u0131\u015f<\/a><\/span><\/li>\n<\/ul>\n<p><!--nextpage--><\/p>\n<p>Etap sonras\u0131<\/p>\n<p><a href=\"https:\/\/i0.wp.com\/aynakol.org\/wp-content\/uploads\/2016\/08\/LaVuelta2016_stage6_winner_Simon_Yates.jpg\"><img data-recalc-dims=\"1\" loading=\"lazy\" decoding=\"async\" data-attachment-id=\"4276\" data-permalink=\"http:\/\/aynakol.org\/?attachment_id=4276\" data-orig-file=\"https:\/\/i0.wp.com\/aynakol.org\/wp-content\/uploads\/2016\/08\/LaVuelta2016_stage6_winner_Simon_Yates.jpg?fit=1367%2C751\" data-orig-size=\"1367,751\" data-comments-opened=\"1\" data-image-meta=\"{&quot;aperture&quot;:&quot;0&quot;,&quot;credit&quot;:&quot;&quot;,&quot;camera&quot;:&quot;&quot;,&quot;caption&quot;:&quot;&quot;,&quot;created_timestamp&quot;:&quot;0&quot;,&quot;copyright&quot;:&quot;&quot;,&quot;focal_length&quot;:&quot;0&quot;,&quot;iso&quot;:&quot;0&quot;,&quot;shutter_speed&quot;:&quot;0&quot;,&quot;title&quot;:&quot;&quot;,&quot;orientation&quot;:&quot;0&quot;}\" data-image-title=\"LaVuelta2016_stage6_winner_Simon_Yates\" data-image-description=\"\" data-image-caption=\"\" data-large-file=\"https:\/\/i0.wp.com\/aynakol.org\/wp-content\/uploads\/2016\/08\/LaVuelta2016_stage6_winner_Simon_Yates.jpg?fit=860%2C473\" class=\"aligncenter size-large wp-image-4276\" src=\"https:\/\/i0.wp.com\/aynakol.org\/wp-content\/uploads\/2016\/08\/LaVuelta2016_stage6_winner_Simon_Yates.jpg?resize=860%2C473\" alt=\"LaVuelta2016_stage6_winner_Simon_Yates\" width=\"860\" height=\"473\" srcset=\"https:\/\/i0.wp.com\/aynakol.org\/wp-content\/uploads\/2016\/08\/LaVuelta2016_stage6_winner_Simon_Yates.jpg?resize=1024%2C563 1024w, https:\/\/i0.wp.com\/aynakol.org\/wp-content\/uploads\/2016\/08\/LaVuelta2016_stage6_winner_Simon_Yates.jpg?resize=300%2C165 300w, https:\/\/i0.wp.com\/aynakol.org\/wp-content\/uploads\/2016\/08\/LaVuelta2016_stage6_winner_Simon_Yates.jpg?resize=768%2C422 768w, https:\/\/i0.wp.com\/aynakol.org\/wp-content\/uploads\/2016\/08\/LaVuelta2016_stage6_winner_Simon_Yates.jpg?w=1367 1367w\" sizes=\"auto, (max-width: 860px) 100vw, 860px\" \/><\/a><\/p>\n<p>163 km uzunlu\u011fundaki hafif bir t\u0131rman\u0131\u015fla biten 6. Etab\u0131n sonunda, do\u011fru yerde ka\u00e7\u0131\u015f grubundan atap\u0131n\u0131 yaparak liderli\u011fi ele alan Simon Yates (Orica-BikeExchange) zafere uzanan isim oldu.<\/p>\n<p><a href=\"https:\/\/i0.wp.com\/aynakol.org\/wp-content\/uploads\/2016\/08\/LaVuelta2016_stage6_GC_contenders.jpg\"><img data-recalc-dims=\"1\" loading=\"lazy\" decoding=\"async\" data-attachment-id=\"4274\" data-permalink=\"http:\/\/aynakol.org\/?attachment_id=4274\" data-orig-file=\"https:\/\/i0.wp.com\/aynakol.org\/wp-content\/uploads\/2016\/08\/LaVuelta2016_stage6_GC_contenders.jpg?fit=1353%2C719\" data-orig-size=\"1353,719\" data-comments-opened=\"1\" data-image-meta=\"{&quot;aperture&quot;:&quot;0&quot;,&quot;credit&quot;:&quot;&quot;,&quot;camera&quot;:&quot;&quot;,&quot;caption&quot;:&quot;&quot;,&quot;created_timestamp&quot;:&quot;0&quot;,&quot;copyright&quot;:&quot;&quot;,&quot;focal_length&quot;:&quot;0&quot;,&quot;iso&quot;:&quot;0&quot;,&quot;shutter_speed&quot;:&quot;0&quot;,&quot;title&quot;:&quot;&quot;,&quot;orientation&quot;:&quot;0&quot;}\" data-image-title=\"LaVuelta2016_stage6_GC_contenders\" data-image-description=\"\" data-image-caption=\"\" data-large-file=\"https:\/\/i0.wp.com\/aynakol.org\/wp-content\/uploads\/2016\/08\/LaVuelta2016_stage6_GC_contenders.jpg?fit=860%2C457\" class=\"aligncenter size-large wp-image-4274\" src=\"https:\/\/i0.wp.com\/aynakol.org\/wp-content\/uploads\/2016\/08\/LaVuelta2016_stage6_GC_contenders.jpg?resize=860%2C457\" alt=\"LaVuelta2016_stage6_GC_contenders\" width=\"860\" height=\"457\" srcset=\"https:\/\/i0.wp.com\/aynakol.org\/wp-content\/uploads\/2016\/08\/LaVuelta2016_stage6_GC_contenders.jpg?resize=1024%2C544 1024w, https:\/\/i0.wp.com\/aynakol.org\/wp-content\/uploads\/2016\/08\/LaVuelta2016_stage6_GC_contenders.jpg?resize=300%2C159 300w, https:\/\/i0.wp.com\/aynakol.org\/wp-content\/uploads\/2016\/08\/LaVuelta2016_stage6_GC_contenders.jpg?resize=768%2C408 768w, https:\/\/i0.wp.com\/aynakol.org\/wp-content\/uploads\/2016\/08\/LaVuelta2016_stage6_GC_contenders.jpg?w=1353 1353w\" sizes=\"auto, (max-width: 860px) 100vw, 860px\" \/><\/a><\/p>\n<p><span id=\"fbPhotoSnowliftCaption\" class=\"fbPhotosPhotoCaption\" tabindex=\"0\" data-ft=\"{&quot;tn&quot;:&quot;K&quot;}\"><span class=\"hasCaption\">D\u00fcne g\u00f6re olduk\u00e7a s\u0131cak ge\u00e7en etapta ana grubu \u00e7eken BMC tak\u0131m\u0131 birazda dinlenebilmek i\u00e7in ka\u00e7\u0131\u015f\u0131n olu\u015fmas\u0131na izin verdi. Bunun yan\u0131 s\u0131ra etab\u0131n tam ortas\u0131nda yer alan iki t\u0131rman\u0131\u015f\u0131n genel klasman i\u00e7in herhangi bir etkisinin olmamas\u0131 da favorilerin de atak olmas\u0131n\u0131 engelledi. Genel klasmanda ise de\u011fi\u015fen bir \u015fey yok; t\u00fcm favoriler birlikte biti\u015f \u00e7izgisinden ge\u00e7erken Darwin Atapuma da Maglia Rojo&#8217;sunu korumas\u0131n\u0131 bildi.<\/span><\/span><\/p>\n","protected":false},"excerpt":{"rendered":"<p>D\u00fcn araya yanl\u0131\u015fl\u0131kla kar\u0131\u015fan d\u00fczl\u00fck etap sonras\u0131 y\u00f6n\u00fcm\u00fcz, y\u00fcz\u00fcm\u00fcz yine da\u011flara d\u00f6n\u00fcyor: ter ve ac\u0131yla yo\u011frulacak 163 km uzunlu\u011fundaki 6. Etap Monforte de Lemos \u2192 [&#8230;]<\/p>\n","protected":false},"author":1,"featured_media":4268,"comment_status":"open","ping_status":"open","sticky":false,"template":"","format":"standard","meta":{"jetpack_post_was_ever_published":false,"_jetpack_newsletter_access":"","_jetpack_dont_email_post_to_subs":false,"_jetpack_newsletter_tier_id":0,"_jetpack_memberships_contains_paywalled_content":false,"_jetpack_memberships_contains_paid_content":false,"footnotes":"","jetpack_publicize_message":"#LaVuelta2016 6. Etapla birlikte Vuelta usul\u00fc bir ge\u00e7\u015f etab\u0131 var kar\u015f\u0131m\u0131zda: ilk ba\u015fta d\u00fczl\u00fck, ortalarda bol t\u0131rman\u0131\u015f ve sonda ka\u00e7\u0131\u015f i\u00e7in al ve git dercesine ini\u015f ve hafif t\u0131rman\u0131\u015f. E\u011flendir bizi Vuelta!","jetpack_publicize_feature_enabled":true,"jetpack_social_post_already_shared":true,"jetpack_social_options":{"image_generator_settings":{"template":"highway","default_image_id":0,"font":"","enabled":false},"version":2}},"categories":[91],"tags":[19,65,24,17,1320,26,83,15,963,434,1003,1321,16,233,1319,952,955,803,22,222,1092,831,1010,20,30,23,14,234,1318],"class_list":["post-4271","post","type-post","status-publish","format-standard","has-post-thumbnail","hentry","category-vuelta-2","tag-alberto-contador","tag-alejandro-valverde","tag-astana","tag-bisiklet-turu","tag-chaves","tag-chris-froome","tag-contador","tag-espana","tag-esteban-chaves","tag-froome","tag-froomey","tag-gianni-meersman","tag-ispanya","tag-ispanya-bisiklet-turu","tag-kruijswijk","tag-la-vuelta","tag-la-vuelta-a-espana","tag-lottonl-jumbo","tag-movistar","tag-nairo-quintana","tag-orica-greeenedge","tag-quintana","tag-steven-kruijswijk","tag-team-sky","tag-tinkoff","tag-valverde","tag-vuelta","tag-vuelta-a-espana","tag-vuelta-espana"],"jetpack_publicize_connections":[],"jetpack_featured_media_url":"https:\/\/i0.wp.com\/aynakol.org\/wp-content\/uploads\/2016\/08\/LaVuelta2016_profile_stage5_weather_condition.jpg?fit=2048%2C1365","jetpack_sharing_enabled":true,"jetpack_shortlink":"https:\/\/wp.me\/p51p4O-16T","jetpack_likes_enabled":true,"jetpack-related-posts":[{"id":4279,"url":"http:\/\/aynakol.org\/?p=4279","url_meta":{"origin":4271,"position":0},"title":"#LaVuelta2016 7. Etap: \tMaceda \u2192 Puebla de Sanabria, 159 km","author":"Ayd\u0131n Bez","date":"26 A\u011fustos 2016","format":false,"excerpt":"D\u00fcnk\u00fc etaba pek benzemese de yine bir ge\u00e7i etab\u0131 ile La Vuelta devam ediyor.\u00a0Maceda \u2192 Puebla de Sanabria kentleri aras\u0131nda pedallanacak 7. Etap 159 km uzunlu\u011funda ve hakiki ka\u00e7\u0131\u015f ustalar\u0131 i\u00e7in tasarlanm\u0131\u015f gibi.\u00a0 \u015eayet, Chris Froome Le Tour de France 2016'n\u0131n\u00a0Bagn\u00e8res-de-Luchon kasabas\u0131nda sona eren 8.\u00a0etab\u0131ndaki gibi bir \u00e7\u0131lg\u0131nl\u0131k yapmazsa genel\u2026","rel":"","context":"&quot;Vuelta a Espana&quot; i\u00e7inde","block_context":{"text":"Vuelta a Espana","link":"http:\/\/aynakol.org\/?cat=91"},"img":{"alt_text":"","src":"https:\/\/i0.wp.com\/aynakol.org\/wp-content\/uploads\/2016\/08\/LaVuelta2016_profile_stage7.jpg?resize=350%2C200","width":350,"height":200,"srcset":"https:\/\/i0.wp.com\/aynakol.org\/wp-content\/uploads\/2016\/08\/LaVuelta2016_profile_stage7.jpg?resize=350%2C200 1x, https:\/\/i0.wp.com\/aynakol.org\/wp-content\/uploads\/2016\/08\/LaVuelta2016_profile_stage7.jpg?resize=525%2C300 1.5x"},"classes":[]},{"id":4229,"url":"http:\/\/aynakol.org\/?p=4229","url_meta":{"origin":4271,"position":1},"title":"#LaVuelta2016 1. Etap: Balneario Laias \u2192 Castrelo de Mi\u00f1o, 29.4 km","author":"Ayd\u0131n Bez","date":"20 A\u011fustos 2016","format":false,"excerpt":"A\u00e7\u0131l\u0131\u015f etab\u0131 i\u00e7in La Vuelta'n\u0131n ilk ve son d\u00fczl\u00fck etab\u0131 diyebiliriz. Zira yakla\u015f\u0131k 30 km uzunlu\u011fundaki tak\u0131m zamana kar\u015f\u0131 purkuru sonras\u0131, hemen ikinci etapta t\u0131rman\u0131\u015flar ba\u015fl\u0131yor, ta ki Madride kadar! Biri La Vuelta'n\u0131n tan\u0131m\u0131n\u0131 m\u0131 merak etti? \u0130\u015fte La Vuelta: da\u011flar\u0131n kalbine yolculuk! Balneario Laias \u2192 Castrelo de Mi\u00f1o aras\u0131nda\u2026","rel":"","context":"&quot;Vuelta a Espana&quot; i\u00e7inde","block_context":{"text":"Vuelta a Espana","link":"http:\/\/aynakol.org\/?cat=91"},"img":{"alt_text":"","src":"https:\/\/i0.wp.com\/aynakol.org\/wp-content\/uploads\/2016\/08\/LaVuelta2016_banner.jpg?fit=686%2C350&resize=350%2C200","width":350,"height":200,"srcset":"https:\/\/i0.wp.com\/aynakol.org\/wp-content\/uploads\/2016\/08\/LaVuelta2016_banner.jpg?fit=686%2C350&resize=350%2C200 1x, https:\/\/i0.wp.com\/aynakol.org\/wp-content\/uploads\/2016\/08\/LaVuelta2016_banner.jpg?fit=686%2C350&resize=525%2C300 1.5x"},"classes":[]},{"id":4251,"url":"http:\/\/aynakol.org\/?p=4251","url_meta":{"origin":4271,"position":2},"title":"#LaVuelta2016 4. Etap: Betanzos \u2192 San Andr\u00e9 de Teixid\u00f3, 161 km","author":"Ayd\u0131n Bez","date":"23 A\u011fustos 2016","format":false,"excerpt":"Etap \u00f6ncesi D\u00fcnk\u00fc zirvede biten 3. Etap sonras\u0131 h\u0131z kesmeden bug\u00fcn bir tane daha zirve biti\u015fiyle devam ediyor La Vuelta! A\u00e7\u0131k\u00e7as\u0131 bu t\u0131rman\u0131\u015flar ilk dinlenme g\u00fcn\u00fcne dek s\u00fcrecek!\u00a0 Kar\u015f\u0131m\u0131zda d\u00fcnk\u00fc etab\u0131n birebir kopyas\u0131 var. K\u0131y\u0131dan k\u0131y\u0131ya pedallamaya devam: Betanzos \u2192 San Andr\u00e9 de Teixid\u00f3 aras\u0131nda pedallanacak 4. Etap 161 km\u2026","rel":"","context":"&quot;Vuelta a Espana&quot; i\u00e7inde","block_context":{"text":"Vuelta a Espana","link":"http:\/\/aynakol.org\/?cat=91"},"img":{"alt_text":"","src":"https:\/\/i0.wp.com\/aynakol.org\/wp-content\/uploads\/2016\/08\/LaVuelta2016_profile_stage4_peloton.jpg?fit=1000%2C666&resize=350%2C200","width":350,"height":200,"srcset":"https:\/\/i0.wp.com\/aynakol.org\/wp-content\/uploads\/2016\/08\/LaVuelta2016_profile_stage4_peloton.jpg?fit=1000%2C666&resize=350%2C200 1x, https:\/\/i0.wp.com\/aynakol.org\/wp-content\/uploads\/2016\/08\/LaVuelta2016_profile_stage4_peloton.jpg?fit=1000%2C666&resize=525%2C300 1.5x, https:\/\/i0.wp.com\/aynakol.org\/wp-content\/uploads\/2016\/08\/LaVuelta2016_profile_stage4_peloton.jpg?fit=1000%2C666&resize=700%2C400 2x"},"classes":[]},{"id":4243,"url":"http:\/\/aynakol.org\/?p=4243","url_meta":{"origin":4271,"position":3},"title":"#LaVuelta2016 3. Etap: Mar\u00edn \u2192 Mirador \u00c9zaro, 176 km","author":"Ayd\u0131n Bez","date":"22 A\u011fustos 2016","format":false,"excerpt":"Daha Bismillah demeden La Vuelta kar\u015f\u0131m\u0131za zirve biti\u015fli bir etap sonu koyuyor! Mar\u00edn kentinden ba\u015flayan 176 km uzunlu\u011fundaki etap ilk t\u0131rman\u0131\u015f\u0131n ete\u011fine dek Atlas Okyanusunun k\u0131y\u0131lar\u0131ndan kuzeye Mirador \u00c9zaro kentine do\u011fru uzan\u0131yor. Etab\u0131n ilk 100 km'si deniz k\u0131y\u0131s\u0131n\u0131 takip etti\u011fi i\u00e7in d\u00fcz, d\u00fcmd\u00fcz. Sonras\u0131nda men\u00fcde Cat2 s\u0131n\u0131f\u0131ndan iki t\u0131rman\u0131\u015f var:\u2026","rel":"","context":"&quot;Vuelta a Espana&quot; i\u00e7inde","block_context":{"text":"Vuelta a Espana","link":"http:\/\/aynakol.org\/?cat=91"},"img":{"alt_text":"","src":"https:\/\/i0.wp.com\/aynakol.org\/wp-content\/uploads\/2016\/08\/14053822_873183102816319_6939602575878970307_o.jpg?fit=1200%2C657&resize=350%2C200","width":350,"height":200,"srcset":"https:\/\/i0.wp.com\/aynakol.org\/wp-content\/uploads\/2016\/08\/14053822_873183102816319_6939602575878970307_o.jpg?fit=1200%2C657&resize=350%2C200 1x, https:\/\/i0.wp.com\/aynakol.org\/wp-content\/uploads\/2016\/08\/14053822_873183102816319_6939602575878970307_o.jpg?fit=1200%2C657&resize=525%2C300 1.5x, https:\/\/i0.wp.com\/aynakol.org\/wp-content\/uploads\/2016\/08\/14053822_873183102816319_6939602575878970307_o.jpg?fit=1200%2C657&resize=700%2C400 2x, https:\/\/i0.wp.com\/aynakol.org\/wp-content\/uploads\/2016\/08\/14053822_873183102816319_6939602575878970307_o.jpg?fit=1200%2C657&resize=1050%2C600 3x"},"classes":[]},{"id":4261,"url":"http:\/\/aynakol.org\/?p=4261","url_meta":{"origin":4271,"position":4},"title":"#LaVuelta2016 5. Etap: Viveiro \u2192 Lugo, 172 km","author":"Ayd\u0131n Bez","date":"24 A\u011fustos 2016","format":false,"excerpt":"Etap hakk\u0131nda Daha ilk haftada pe\u015fpe\u015fe ge\u00e7ilen iki zorlu zirve biti\u015fi sonras\u0131nda kar\u015f\u0131m\u0131zda yorgun bacaklar\u0131n dinlenmeye f\u0131rsat bulaca\u011f\u0131 bir etap var. BMC tak\u0131m\u0131n\u0131n Kolombiyal\u0131 pedal\u0131 Darvin Atapuma'n\u0131n Maglia Rojo ile ba\u015flayaca\u011f\u0131 etap peloton i\u00e7in adeta aktif dinlenme g\u00fcn\u00fc. Deniz k\u0131y\u0131s\u0131ndaki Viveiro kentinden, tepeleri, ge\u00e7itleri a\u015f\u0131p i\u00e7eriye Lugo kentine do\u011fru uzand\u0131\u011f\u0131m\u0131z\u2026","rel":"","context":"&quot;Vuelta a Espana&quot; i\u00e7inde","block_context":{"text":"Vuelta a Espana","link":"http:\/\/aynakol.org\/?cat=91"},"img":{"alt_text":"","src":"https:\/\/i0.wp.com\/aynakol.org\/wp-content\/uploads\/2016\/08\/LaVuelta2016_profile_stage5_winner_Gianni_Meersman1.jpg?fit=1000%2C666&resize=350%2C200","width":350,"height":200,"srcset":"https:\/\/i0.wp.com\/aynakol.org\/wp-content\/uploads\/2016\/08\/LaVuelta2016_profile_stage5_winner_Gianni_Meersman1.jpg?fit=1000%2C666&resize=350%2C200 1x, https:\/\/i0.wp.com\/aynakol.org\/wp-content\/uploads\/2016\/08\/LaVuelta2016_profile_stage5_winner_Gianni_Meersman1.jpg?fit=1000%2C666&resize=525%2C300 1.5x, https:\/\/i0.wp.com\/aynakol.org\/wp-content\/uploads\/2016\/08\/LaVuelta2016_profile_stage5_winner_Gianni_Meersman1.jpg?fit=1000%2C666&resize=700%2C400 2x"},"classes":[]},{"id":4199,"url":"http:\/\/aynakol.org\/?p=4199","url_meta":{"origin":4271,"position":5},"title":"La Vuelta a Espana 2016 \u00f6n incelemesi","author":"Ayd\u0131n Bez","date":"18 A\u011fustos 2016","format":false,"excerpt":"Ve y\u0131l\u0131n son b\u00fcy\u00fck turu i\u00e7in zaman geldi \u00e7att\u0131! Huzurlar\u0131n\u0131zda da\u011flar\u0131n be\u015fi\u011fi La Vuelta a Espana! Balneario Laias \u2192 Castrelo de Mi\u00f1o aras\u0131nda tak\u0131m zamana kar\u015f\u0131 (TTT: Team Time Trial) ile ba\u015flayacak La Vuelta a Espana 3279 km boyunca \u0130spanyan\u0131n \u00e7o\u011funlukla kuzeyinde dola\u015farak 21 yar\u0131\u015f, 2 de dinlenme g\u00fcn\u00fc sonras\u0131\u2026","rel":"","context":"&quot;Vuelta a Espana&quot; i\u00e7inde","block_context":{"text":"Vuelta a Espana","link":"http:\/\/aynakol.org\/?cat=91"},"img":{"alt_text":"","src":"https:\/\/i0.wp.com\/aynakol.org\/wp-content\/uploads\/2016\/08\/LaVuelta2016_banner.jpg?fit=686%2C350&resize=350%2C200","width":350,"height":200,"srcset":"https:\/\/i0.wp.com\/aynakol.org\/wp-content\/uploads\/2016\/08\/LaVuelta2016_banner.jpg?fit=686%2C350&resize=350%2C200 1x, https:\/\/i0.wp.com\/aynakol.org\/wp-content\/uploads\/2016\/08\/LaVuelta2016_banner.jpg?fit=686%2C350&resize=525%2C300 1.5x"},"classes":[]}],"_links":{"self":[{"href":"http:\/\/aynakol.org\/index.php?rest_route=\/wp\/v2\/posts\/4271","targetHints":{"allow":["GET"]}}],"collection":[{"href":"http:\/\/aynakol.org\/index.php?rest_route=\/wp\/v2\/posts"}],"about":[{"href":"http:\/\/aynakol.org\/index.php?rest_route=\/wp\/v2\/types\/post"}],"author":[{"embeddable":true,"href":"http:\/\/aynakol.org\/index.php?rest_route=\/wp\/v2\/users\/1"}],"replies":[{"embeddable":true,"href":"http:\/\/aynakol.org\/index.php?rest_route=%2Fwp%2Fv2%2Fcomments&post=4271"}],"version-history":[{"count":3,"href":"http:\/\/aynakol.org\/index.php?rest_route=\/wp\/v2\/posts\/4271\/revisions"}],"predecessor-version":[{"id":4278,"href":"http:\/\/aynakol.org\/index.php?rest_route=\/wp\/v2\/posts\/4271\/revisions\/4278"}],"wp:featuredmedia":[{"embeddable":true,"href":"http:\/\/aynakol.org\/index.php?rest_route=\/wp\/v2\/media\/4268"}],"wp:attachment":[{"href":"http:\/\/aynakol.org\/index.php?rest_route=%2Fwp%2Fv2%2Fmedia&parent=4271"}],"wp:term":[{"taxonomy":"category","embeddable":true,"href":"http:\/\/aynakol.org\/index.php?rest_route=%2Fwp%2Fv2%2Fcategories&post=4271"},{"taxonomy":"post_tag","embeddable":true,"href":"http:\/\/aynakol.org\/index.php?rest_route=%2Fwp%2Fv2%2Ftags&post=4271"}],"curies":[{"name":"wp","href":"https:\/\/api.w.org\/{rel}","templated":true}]}}