{"id":4279,"date":"2016-08-26T10:00:12","date_gmt":"2016-08-26T07:00:12","guid":{"rendered":"http:\/\/aynakol.org\/?p=4279"},"modified":"2016-08-25T23:23:58","modified_gmt":"2016-08-25T20:23:58","slug":"lavuelta2016-7-etap-maceda-%e2%86%92-puebla-de-sanabria-159-km","status":"publish","type":"post","link":"http:\/\/aynakol.org\/?p=4279","title":{"rendered":"#LaVuelta2016 7. Etap: \tMaceda \u2192 Puebla de Sanabria, 159 km"},"content":{"rendered":"<p><span style=\"font-family: georgia, palatino, serif; font-size: 12pt;\">D\u00fcnk\u00fc etaba pek benzemese de yine bir ge\u00e7i etab\u0131 ile La Vuelta devam ediyor.\u00a0Maceda \u2192 Puebla de Sanabria kentleri aras\u0131nda pedallanacak 7. Etap 159 km uzunlu\u011funda ve hakiki ka\u00e7\u0131\u015f ustalar\u0131 i\u00e7in tasarlanm\u0131\u015f gibi.\u00a0<\/span><\/p>\n<p><span style=\"font-family: georgia, palatino, serif; font-size: 12pt;\"><a href=\"https:\/\/i0.wp.com\/aynakol.org\/wp-content\/uploads\/2016\/08\/LaVuelta2016_profile_stage7.jpg\"><img data-recalc-dims=\"1\" loading=\"lazy\" decoding=\"async\" data-attachment-id=\"4221\" data-permalink=\"http:\/\/aynakol.org\/?attachment_id=4221\" data-orig-file=\"https:\/\/i0.wp.com\/aynakol.org\/wp-content\/uploads\/2016\/08\/LaVuelta2016_profile_stage7.jpg?fit=600%2C303\" data-orig-size=\"600,303\" data-comments-opened=\"1\" data-image-meta=\"{&quot;aperture&quot;:&quot;0&quot;,&quot;credit&quot;:&quot;&quot;,&quot;camera&quot;:&quot;&quot;,&quot;caption&quot;:&quot;&quot;,&quot;created_timestamp&quot;:&quot;0&quot;,&quot;copyright&quot;:&quot;&quot;,&quot;focal_length&quot;:&quot;0&quot;,&quot;iso&quot;:&quot;0&quot;,&quot;shutter_speed&quot;:&quot;0&quot;,&quot;title&quot;:&quot;&quot;,&quot;orientation&quot;:&quot;0&quot;}\" data-image-title=\"LaVuelta2016_profile_stage7\" data-image-description=\"\" data-image-caption=\"\" data-large-file=\"https:\/\/i0.wp.com\/aynakol.org\/wp-content\/uploads\/2016\/08\/LaVuelta2016_profile_stage7.jpg?fit=600%2C303\" class=\"aligncenter size-full wp-image-4221\" src=\"https:\/\/i0.wp.com\/aynakol.org\/wp-content\/uploads\/2016\/08\/LaVuelta2016_profile_stage7.jpg?resize=600%2C303\" alt=\"LaVuelta2016_profile_stage7\" width=\"600\" height=\"303\" srcset=\"https:\/\/i0.wp.com\/aynakol.org\/wp-content\/uploads\/2016\/08\/LaVuelta2016_profile_stage7.jpg?w=600 600w, https:\/\/i0.wp.com\/aynakol.org\/wp-content\/uploads\/2016\/08\/LaVuelta2016_profile_stage7.jpg?resize=300%2C152 300w\" sizes=\"auto, (max-width: 600px) 100vw, 600px\" \/><\/a><\/span><\/p>\n<p><span style=\"font-family: georgia, palatino, serif; font-size: 12pt;\">\u015eayet, Chris Froome Le Tour de France 2016&#8217;n\u0131n\u00a0Bagn\u00e8res-de-Luchon kasabas\u0131nda sona eren 8.\u00a0etab\u0131ndaki gibi bir \u00e7\u0131lg\u0131nl\u0131k yapmazsa genel klasman favorilerinin yine aktif dinlenece\u011fi etap var kar\u015f\u0131m\u0131zda. 159 km uzunul\u011fundaki s\u0131n\u0131fland\u0131r\u0131lm\u0131\u015f \u00fc\u00e7 t\u0131rman\u0131\u015ftan sonuncusu, 1335 metre irtifaya konu\u015flu da\u011f ge\u00e7idi Alto de Padornelo geride kal\u0131rken \u00f6nde kalan bir genel klasman favorisi atak yap\u0131p ka\u00e7arsa fark yarat\u0131l\u0131r ki, bu senaryoyu peloton bir daha yemez gibi!<\/span><\/p>\n<p><span style=\"font-size: 12pt; font-family: georgia,palatino,serif;\"><strong>Daha fazlas\u0131 i\u00e7in<\/strong><\/span><\/p>\n<ul>\n<li><span style=\"font-size: 12pt; font-family: georgia,palatino,serif;\">7. Etap hakk\u0131nda her \u015fey: <a href=\"http:\/\/www.steephill.tv\/vuelta-a-espana\/#07-preview-2016\" target=\"_blank\">Steephill.TV<\/a><\/span><\/li>\n<li><span style=\"font-size: 12pt; font-family: georgia,palatino,serif;\">7. Etap s\u0131ral\u0131 liste: <a href=\"http:\/\/www.procyclingstats.com\/race\/Vuelta_a_Espana_2016_Stage_7\" target=\"_blank\">ProCyclingStats.com<\/a><\/span><\/li>\n<li><span style=\"font-size: 12pt; font-family: georgia,palatino,serif;\"><a href=\"http:\/\/www.lavuelta.com\/\">La Vuelta<\/a> sosyal medya hesaplar\u0131: <a href=\"https:\/\/www.facebook.com\/lavuelta\" target=\"_blank\">Facebook<\/a> , <a href=\"https:\/\/twitter.com\/lavuelta\" target=\"_blank\">Twitter<\/a><\/span><\/li>\n<li><span style=\"font-size: 12pt; font-family: georgia,palatino,serif;\">Bisikletta \u2013 Edit\u00f6ryal \u0130\u015fler pek bir g\u00fczel yazm\u0131\u015f: <a href=\"https:\/\/twitter.com\/IAM_Cycling\/status\/766568281251672064\" target=\"_blank\">Vuelta a Espana 2016\u2019ya \u00f6n bak\u0131\u015f<\/a><\/span><\/li>\n<\/ul>\n","protected":false},"excerpt":{"rendered":"<p>D\u00fcnk\u00fc etaba pek benzemese de yine bir ge\u00e7i etab\u0131 ile La Vuelta devam ediyor.\u00a0Maceda \u2192 Puebla de Sanabria kentleri aras\u0131nda pedallanacak 7. Etap 159 km [&#8230;]<\/p>\n","protected":false},"author":1,"featured_media":0,"comment_status":"open","ping_status":"open","sticky":false,"template":"","format":"standard","meta":{"jetpack_post_was_ever_published":false,"_jetpack_newsletter_access":"","_jetpack_dont_email_post_to_subs":false,"_jetpack_newsletter_tier_id":0,"_jetpack_memberships_contains_paywalled_content":false,"_jetpack_memberships_contains_paid_content":false,"footnotes":"","jetpack_publicize_message":"#LaVuelta2016: 159 km uzunlu\u011fundaki 7. Etap tam anlam\u0131yla yine ka\u00e7\u0131\u015f i\u00e7in tasarlanm\u0131\u015f! Kalabal\u0131k bir ka\u00e7\u0131\u015f grubunun i\u00e7inden son t\u0131rman\u0131\u015f Alto de Pudornelo da\u011f ge\u00e7idi ini\u015finde etap zaferi i\u00e7in mutlaka bir atak gelecektir. Eglendir bizi La Vuelta!","jetpack_publicize_feature_enabled":true,"jetpack_social_post_already_shared":true,"jetpack_social_options":{"image_generator_settings":{"template":"highway","default_image_id":0,"font":"","enabled":false},"version":2}},"categories":[91],"tags":[19,65,24,17,1320,26,83,15,963,434,1003,1321,16,233,1319,952,955,803,22,222,1092,831,1010,20,30,23,14,234,1318],"class_list":["post-4279","post","type-post","status-publish","format-standard","hentry","category-vuelta-2","tag-alberto-contador","tag-alejandro-valverde","tag-astana","tag-bisiklet-turu","tag-chaves","tag-chris-froome","tag-contador","tag-espana","tag-esteban-chaves","tag-froome","tag-froomey","tag-gianni-meersman","tag-ispanya","tag-ispanya-bisiklet-turu","tag-kruijswijk","tag-la-vuelta","tag-la-vuelta-a-espana","tag-lottonl-jumbo","tag-movistar","tag-nairo-quintana","tag-orica-greeenedge","tag-quintana","tag-steven-kruijswijk","tag-team-sky","tag-tinkoff","tag-valverde","tag-vuelta","tag-vuelta-a-espana","tag-vuelta-espana"],"jetpack_publicize_connections":[],"jetpack_featured_media_url":"","jetpack_sharing_enabled":true,"jetpack_shortlink":"https:\/\/wp.me\/p51p4O-171","jetpack_likes_enabled":true,"jetpack-related-posts":[{"id":4232,"url":"http:\/\/aynakol.org\/?p=4232","url_meta":{"origin":4279,"position":0},"title":"#LaVuelta2016 2. Etap: Ourense \u2192 Baiona, 159 km","author":"Ayd\u0131n Bez","date":"21 A\u011fustos 2016","format":false,"excerpt":"Team SKY tak\u0131m\u0131n\u0131n galibiyetiyle sona eren d\u00fcnk\u00fc zamana kar\u015f\u0131 etab\u0131n\u0131 geride b\u0131rak\u0131p Gali\u00e7ya b\u00f6lgesinin k\u0131y\u0131s\u0131na do\u011fru pedall\u0131yoruz. 159 km uzunlu\u011fundaki 2. Etapta termal ve kapl\u0131calar diyar\u0131\u00a0Ourense kentinden yola \u00e7\u0131kacak olan peloton Atlas okyanusu k\u0131y\u0131s\u0131ndaki\u00a0Baiona kentine uzanacak.\u00a0 159 km uzunlu\u011fundaki etab\u0131n ilk 60 km'si d\u00fcz say\u0131labilecek bir profilde. Sonras\u0131nda ise \u0131s\u0131nm\u0131\u015f\u2026","rel":"","context":"&quot;Vuelta a Espana&quot; i\u00e7inde","block_context":{"text":"Vuelta a Espana","link":"http:\/\/aynakol.org\/?cat=91"},"img":{"alt_text":"","src":"https:\/\/i0.wp.com\/aynakol.org\/wp-content\/uploads\/2016\/08\/LaVuelta2016_profile_stage2_winner_Gianni_Meersman1.jpg?fit=630%2C421&resize=350%2C200","width":350,"height":200,"srcset":"https:\/\/i0.wp.com\/aynakol.org\/wp-content\/uploads\/2016\/08\/LaVuelta2016_profile_stage2_winner_Gianni_Meersman1.jpg?fit=630%2C421&resize=350%2C200 1x, https:\/\/i0.wp.com\/aynakol.org\/wp-content\/uploads\/2016\/08\/LaVuelta2016_profile_stage2_winner_Gianni_Meersman1.jpg?fit=630%2C421&resize=525%2C300 1.5x"},"classes":[]},{"id":4229,"url":"http:\/\/aynakol.org\/?p=4229","url_meta":{"origin":4279,"position":1},"title":"#LaVuelta2016 1. Etap: Balneario Laias \u2192 Castrelo de Mi\u00f1o, 29.4 km","author":"Ayd\u0131n Bez","date":"20 A\u011fustos 2016","format":false,"excerpt":"A\u00e7\u0131l\u0131\u015f etab\u0131 i\u00e7in La Vuelta'n\u0131n ilk ve son d\u00fczl\u00fck etab\u0131 diyebiliriz. Zira yakla\u015f\u0131k 30 km uzunlu\u011fundaki tak\u0131m zamana kar\u015f\u0131 purkuru sonras\u0131, hemen ikinci etapta t\u0131rman\u0131\u015flar ba\u015fl\u0131yor, ta ki Madride kadar! Biri La Vuelta'n\u0131n tan\u0131m\u0131n\u0131 m\u0131 merak etti? \u0130\u015fte La Vuelta: da\u011flar\u0131n kalbine yolculuk! Balneario Laias \u2192 Castrelo de Mi\u00f1o aras\u0131nda\u2026","rel":"","context":"&quot;Vuelta a Espana&quot; i\u00e7inde","block_context":{"text":"Vuelta a Espana","link":"http:\/\/aynakol.org\/?cat=91"},"img":{"alt_text":"","src":"https:\/\/i0.wp.com\/aynakol.org\/wp-content\/uploads\/2016\/08\/LaVuelta2016_banner.jpg?fit=686%2C350&resize=350%2C200","width":350,"height":200,"srcset":"https:\/\/i0.wp.com\/aynakol.org\/wp-content\/uploads\/2016\/08\/LaVuelta2016_banner.jpg?fit=686%2C350&resize=350%2C200 1x, https:\/\/i0.wp.com\/aynakol.org\/wp-content\/uploads\/2016\/08\/LaVuelta2016_banner.jpg?fit=686%2C350&resize=525%2C300 1.5x"},"classes":[]},{"id":4199,"url":"http:\/\/aynakol.org\/?p=4199","url_meta":{"origin":4279,"position":2},"title":"La Vuelta a Espana 2016 \u00f6n incelemesi","author":"Ayd\u0131n Bez","date":"18 A\u011fustos 2016","format":false,"excerpt":"Ve y\u0131l\u0131n son b\u00fcy\u00fck turu i\u00e7in zaman geldi \u00e7att\u0131! Huzurlar\u0131n\u0131zda da\u011flar\u0131n be\u015fi\u011fi La Vuelta a Espana! Balneario Laias \u2192 Castrelo de Mi\u00f1o aras\u0131nda tak\u0131m zamana kar\u015f\u0131 (TTT: Team Time Trial) ile ba\u015flayacak La Vuelta a Espana 3279 km boyunca \u0130spanyan\u0131n \u00e7o\u011funlukla kuzeyinde dola\u015farak 21 yar\u0131\u015f, 2 de dinlenme g\u00fcn\u00fc sonras\u0131\u2026","rel":"","context":"&quot;Vuelta a Espana&quot; i\u00e7inde","block_context":{"text":"Vuelta a Espana","link":"http:\/\/aynakol.org\/?cat=91"},"img":{"alt_text":"","src":"https:\/\/i0.wp.com\/aynakol.org\/wp-content\/uploads\/2016\/08\/LaVuelta2016_banner.jpg?fit=686%2C350&resize=350%2C200","width":350,"height":200,"srcset":"https:\/\/i0.wp.com\/aynakol.org\/wp-content\/uploads\/2016\/08\/LaVuelta2016_banner.jpg?fit=686%2C350&resize=350%2C200 1x, https:\/\/i0.wp.com\/aynakol.org\/wp-content\/uploads\/2016\/08\/LaVuelta2016_banner.jpg?fit=686%2C350&resize=525%2C300 1.5x"},"classes":[]},{"id":4271,"url":"http:\/\/aynakol.org\/?p=4271","url_meta":{"origin":4279,"position":3},"title":"#LaVuelta2016 6. Etap: Monforte de Lemos \u2192 Luintra, 163 km","author":"Ayd\u0131n Bez","date":"25 A\u011fustos 2016","format":false,"excerpt":"D\u00fcn araya yanl\u0131\u015fl\u0131kla kar\u0131\u015fan d\u00fczl\u00fck etap sonras\u0131 y\u00f6n\u00fcm\u00fcz, y\u00fcz\u00fcm\u00fcz yine da\u011flara d\u00f6n\u00fcyor: ter ve ac\u0131yla yo\u011frulacak 163 km uzunlu\u011fundaki 6. Etap Monforte de Lemos \u2192 Luintra aras\u0131nda dolamba\u00e7l\u0131 yollarda pedallanacak. 163 km uzunlu\u011fundaki etab\u0131n ilk yar\u0131s\u0131 nispeten d\u00fcz say\u0131lacak bir profilde; g\u00fcn\u00fcn as\u0131l men\u00fcs\u00fc etab\u0131n ikinci yar\u0131s\u0131nda pelotonun kar\u015f\u0131s\u0131na \u015fef\u2026","rel":"","context":"&quot;Vuelta a Espana&quot; i\u00e7inde","block_context":{"text":"Vuelta a Espana","link":"http:\/\/aynakol.org\/?cat=91"},"img":{"alt_text":"","src":"https:\/\/i0.wp.com\/aynakol.org\/wp-content\/uploads\/2016\/08\/LaVuelta2016_profile_stage5_weather_condition.jpg?fit=1200%2C800&resize=350%2C200","width":350,"height":200,"srcset":"https:\/\/i0.wp.com\/aynakol.org\/wp-content\/uploads\/2016\/08\/LaVuelta2016_profile_stage5_weather_condition.jpg?fit=1200%2C800&resize=350%2C200 1x, https:\/\/i0.wp.com\/aynakol.org\/wp-content\/uploads\/2016\/08\/LaVuelta2016_profile_stage5_weather_condition.jpg?fit=1200%2C800&resize=525%2C300 1.5x, https:\/\/i0.wp.com\/aynakol.org\/wp-content\/uploads\/2016\/08\/LaVuelta2016_profile_stage5_weather_condition.jpg?fit=1200%2C800&resize=700%2C400 2x, https:\/\/i0.wp.com\/aynakol.org\/wp-content\/uploads\/2016\/08\/LaVuelta2016_profile_stage5_weather_condition.jpg?fit=1200%2C800&resize=1050%2C600 3x"},"classes":[]},{"id":4243,"url":"http:\/\/aynakol.org\/?p=4243","url_meta":{"origin":4279,"position":4},"title":"#LaVuelta2016 3. Etap: Mar\u00edn \u2192 Mirador \u00c9zaro, 176 km","author":"Ayd\u0131n Bez","date":"22 A\u011fustos 2016","format":false,"excerpt":"Daha Bismillah demeden La Vuelta kar\u015f\u0131m\u0131za zirve biti\u015fli bir etap sonu koyuyor! Mar\u00edn kentinden ba\u015flayan 176 km uzunlu\u011fundaki etap ilk t\u0131rman\u0131\u015f\u0131n ete\u011fine dek Atlas Okyanusunun k\u0131y\u0131lar\u0131ndan kuzeye Mirador \u00c9zaro kentine do\u011fru uzan\u0131yor. Etab\u0131n ilk 100 km'si deniz k\u0131y\u0131s\u0131n\u0131 takip etti\u011fi i\u00e7in d\u00fcz, d\u00fcmd\u00fcz. Sonras\u0131nda men\u00fcde Cat2 s\u0131n\u0131f\u0131ndan iki t\u0131rman\u0131\u015f var:\u2026","rel":"","context":"&quot;Vuelta a Espana&quot; i\u00e7inde","block_context":{"text":"Vuelta a Espana","link":"http:\/\/aynakol.org\/?cat=91"},"img":{"alt_text":"","src":"https:\/\/i0.wp.com\/aynakol.org\/wp-content\/uploads\/2016\/08\/14053822_873183102816319_6939602575878970307_o.jpg?fit=1200%2C657&resize=350%2C200","width":350,"height":200,"srcset":"https:\/\/i0.wp.com\/aynakol.org\/wp-content\/uploads\/2016\/08\/14053822_873183102816319_6939602575878970307_o.jpg?fit=1200%2C657&resize=350%2C200 1x, https:\/\/i0.wp.com\/aynakol.org\/wp-content\/uploads\/2016\/08\/14053822_873183102816319_6939602575878970307_o.jpg?fit=1200%2C657&resize=525%2C300 1.5x, https:\/\/i0.wp.com\/aynakol.org\/wp-content\/uploads\/2016\/08\/14053822_873183102816319_6939602575878970307_o.jpg?fit=1200%2C657&resize=700%2C400 2x, https:\/\/i0.wp.com\/aynakol.org\/wp-content\/uploads\/2016\/08\/14053822_873183102816319_6939602575878970307_o.jpg?fit=1200%2C657&resize=1050%2C600 3x"},"classes":[]},{"id":4261,"url":"http:\/\/aynakol.org\/?p=4261","url_meta":{"origin":4279,"position":5},"title":"#LaVuelta2016 5. Etap: Viveiro \u2192 Lugo, 172 km","author":"Ayd\u0131n Bez","date":"24 A\u011fustos 2016","format":false,"excerpt":"Etap hakk\u0131nda Daha ilk haftada pe\u015fpe\u015fe ge\u00e7ilen iki zorlu zirve biti\u015fi sonras\u0131nda kar\u015f\u0131m\u0131zda yorgun bacaklar\u0131n dinlenmeye f\u0131rsat bulaca\u011f\u0131 bir etap var. BMC tak\u0131m\u0131n\u0131n Kolombiyal\u0131 pedal\u0131 Darvin Atapuma'n\u0131n Maglia Rojo ile ba\u015flayaca\u011f\u0131 etap peloton i\u00e7in adeta aktif dinlenme g\u00fcn\u00fc. Deniz k\u0131y\u0131s\u0131ndaki Viveiro kentinden, tepeleri, ge\u00e7itleri a\u015f\u0131p i\u00e7eriye Lugo kentine do\u011fru uzand\u0131\u011f\u0131m\u0131z\u2026","rel":"","context":"&quot;Vuelta a Espana&quot; i\u00e7inde","block_context":{"text":"Vuelta a Espana","link":"http:\/\/aynakol.org\/?cat=91"},"img":{"alt_text":"","src":"https:\/\/i0.wp.com\/aynakol.org\/wp-content\/uploads\/2016\/08\/LaVuelta2016_profile_stage5_winner_Gianni_Meersman1.jpg?fit=1000%2C666&resize=350%2C200","width":350,"height":200,"srcset":"https:\/\/i0.wp.com\/aynakol.org\/wp-content\/uploads\/2016\/08\/LaVuelta2016_profile_stage5_winner_Gianni_Meersman1.jpg?fit=1000%2C666&resize=350%2C200 1x, https:\/\/i0.wp.com\/aynakol.org\/wp-content\/uploads\/2016\/08\/LaVuelta2016_profile_stage5_winner_Gianni_Meersman1.jpg?fit=1000%2C666&resize=525%2C300 1.5x, https:\/\/i0.wp.com\/aynakol.org\/wp-content\/uploads\/2016\/08\/LaVuelta2016_profile_stage5_winner_Gianni_Meersman1.jpg?fit=1000%2C666&resize=700%2C400 2x"},"classes":[]}],"_links":{"self":[{"href":"http:\/\/aynakol.org\/index.php?rest_route=\/wp\/v2\/posts\/4279","targetHints":{"allow":["GET"]}}],"collection":[{"href":"http:\/\/aynakol.org\/index.php?rest_route=\/wp\/v2\/posts"}],"about":[{"href":"http:\/\/aynakol.org\/index.php?rest_route=\/wp\/v2\/types\/post"}],"author":[{"embeddable":true,"href":"http:\/\/aynakol.org\/index.php?rest_route=\/wp\/v2\/users\/1"}],"replies":[{"embeddable":true,"href":"http:\/\/aynakol.org\/index.php?rest_route=%2Fwp%2Fv2%2Fcomments&post=4279"}],"version-history":[{"count":1,"href":"http:\/\/aynakol.org\/index.php?rest_route=\/wp\/v2\/posts\/4279\/revisions"}],"predecessor-version":[{"id":4280,"href":"http:\/\/aynakol.org\/index.php?rest_route=\/wp\/v2\/posts\/4279\/revisions\/4280"}],"wp:attachment":[{"href":"http:\/\/aynakol.org\/index.php?rest_route=%2Fwp%2Fv2%2Fmedia&parent=4279"}],"wp:term":[{"taxonomy":"category","embeddable":true,"href":"http:\/\/aynakol.org\/index.php?rest_route=%2Fwp%2Fv2%2Fcategories&post=4279"},{"taxonomy":"post_tag","embeddable":true,"href":"http:\/\/aynakol.org\/index.php?rest_route=%2Fwp%2Fv2%2Ftags&post=4279"}],"curies":[{"name":"wp","href":"https:\/\/api.w.org\/{rel}","templated":true}]}}