{"id":4936,"date":"2017-05-20T10:57:37","date_gmt":"2017-05-20T07:57:37","guid":{"rendered":"http:\/\/aynakol.org\/?p=4936"},"modified":"2024-05-05T13:08:55","modified_gmt":"2024-05-05T10:08:55","slug":"giro100-14-etap-castellania-oropa-131-km","status":"publish","type":"post","link":"http:\/\/aynakol.org\/?p=4936","title":{"rendered":"#Giro100 14. Etap: Castellania > Oropa, 131 km"},"content":{"rendered":"<p><span style=\"font-family: georgia, palatino, serif; font-size: 12pt;\">Oropa&#8230; Marco Pantani&#8217;\u0131n 1999 senesinde efsanele\u0219ti\u011fi zirve \u0130talyanlar i\u00e7in bir mabet gibi, \u015fimdiden zirveye uzanan 12 km uzunlu\u011fundaki yolda Pantani yaz\u0131lar\u0131, foto\u011fraflar\u0131 g\u00f6rmeye haz\u0131rlan\u0131n!\u00a0<\/span><\/p>\n<p><img data-recalc-dims=\"1\" loading=\"lazy\" decoding=\"async\" data-attachment-id=\"4746\" data-permalink=\"http:\/\/aynakol.org\/?attachment_id=4746\" data-orig-file=\"https:\/\/i0.wp.com\/aynakol.org\/wp-content\/uploads\/2017\/05\/Giro2017_profile_stage14.jpg?fit=900%2C458\" data-orig-size=\"900,458\" data-comments-opened=\"1\" data-image-meta=\"{&quot;aperture&quot;:&quot;0&quot;,&quot;credit&quot;:&quot;&quot;,&quot;camera&quot;:&quot;&quot;,&quot;caption&quot;:&quot;&quot;,&quot;created_timestamp&quot;:&quot;1474567447&quot;,&quot;copyright&quot;:&quot;&quot;,&quot;focal_length&quot;:&quot;0&quot;,&quot;iso&quot;:&quot;0&quot;,&quot;shutter_speed&quot;:&quot;0&quot;,&quot;title&quot;:&quot;T14_Oropa_alt&quot;,&quot;orientation&quot;:&quot;1&quot;}\" data-image-title=\"T14_Oropa_alt\" data-image-description=\"\" data-image-caption=\"\" data-large-file=\"https:\/\/i0.wp.com\/aynakol.org\/wp-content\/uploads\/2017\/05\/Giro2017_profile_stage14.jpg?fit=860%2C438\" class=\"aligncenter size-full wp-image-4746\" src=\"https:\/\/i0.wp.com\/aynakol.org\/wp-content\/uploads\/2017\/05\/Giro2017_profile_stage14.jpg?resize=860%2C438\" alt=\"\" width=\"860\" height=\"438\" srcset=\"https:\/\/i0.wp.com\/aynakol.org\/wp-content\/uploads\/2017\/05\/Giro2017_profile_stage14.jpg?w=900 900w, https:\/\/i0.wp.com\/aynakol.org\/wp-content\/uploads\/2017\/05\/Giro2017_profile_stage14.jpg?resize=300%2C153 300w, https:\/\/i0.wp.com\/aynakol.org\/wp-content\/uploads\/2017\/05\/Giro2017_profile_stage14.jpg?resize=768%2C391 768w\" sizes=\"auto, (max-width: 860px) 100vw, 860px\" \/><\/p>\n<p><span style=\"font-family: georgia, palatino, serif; font-size: 12pt;\">Etaba gelecek olursak Castellania kentinden ba\u015flay\u0131p Oropa zirvesine uzanan 14. Etap 131 km uzunlu\u011funda k\u0131sa bir etap ama sonu hi\u00e7 bitmeyecekmi\u0219 gibi! Bu seneki Giro&#8217;nun \u00fc\u00e7\u00fcnc\u00fc zirvesine ev sahipli\u011fi yapan etap d\u00fcz ba\u015flay\u0131p d\u00fcmd\u00fcz devam etse de son 119 km boyunca, Castellania kentinden, son 12 km&#8217;de i\u015fler kar\u0131\u015facak!\u00a0<\/span><\/p>\n<p>&nbsp;<\/p>\n<p><img data-recalc-dims=\"1\" loading=\"lazy\" decoding=\"async\" data-attachment-id=\"4937\" data-permalink=\"http:\/\/aynakol.org\/?attachment_id=4937\" data-orig-file=\"https:\/\/i0.wp.com\/aynakol.org\/wp-content\/uploads\/2017\/05\/rdpwsekumdyeeygmheyq.jpg?fit=1568%2C1861\" data-orig-size=\"1568,1861\" data-comments-opened=\"1\" data-image-meta=\"{&quot;aperture&quot;:&quot;0&quot;,&quot;credit&quot;:&quot;&quot;,&quot;camera&quot;:&quot;&quot;,&quot;caption&quot;:&quot;&quot;,&quot;created_timestamp&quot;:&quot;0&quot;,&quot;copyright&quot;:&quot;&quot;,&quot;focal_length&quot;:&quot;0&quot;,&quot;iso&quot;:&quot;0&quot;,&quot;shutter_speed&quot;:&quot;0&quot;,&quot;title&quot;:&quot;&quot;,&quot;orientation&quot;:&quot;0&quot;}\" data-image-title=\"rdpwsekumdyeeygmheyq\" data-image-description=\"\" data-image-caption=\"\" data-large-file=\"https:\/\/i0.wp.com\/aynakol.org\/wp-content\/uploads\/2017\/05\/rdpwsekumdyeeygmheyq.jpg?fit=860%2C1020\" class=\"aligncenter size-large wp-image-4937\" src=\"https:\/\/i0.wp.com\/aynakol.org\/wp-content\/uploads\/2017\/05\/rdpwsekumdyeeygmheyq.jpg?resize=584%2C693\" alt=\"\" width=\"584\" height=\"693\" srcset=\"https:\/\/i0.wp.com\/aynakol.org\/wp-content\/uploads\/2017\/05\/rdpwsekumdyeeygmheyq.jpg?resize=863%2C1024 863w, https:\/\/i0.wp.com\/aynakol.org\/wp-content\/uploads\/2017\/05\/rdpwsekumdyeeygmheyq.jpg?resize=253%2C300 253w, https:\/\/i0.wp.com\/aynakol.org\/wp-content\/uploads\/2017\/05\/rdpwsekumdyeeygmheyq.jpg?resize=768%2C912 768w, https:\/\/i0.wp.com\/aynakol.org\/wp-content\/uploads\/2017\/05\/rdpwsekumdyeeygmheyq.jpg?w=1568 1568w\" sizes=\"auto, (max-width: 584px) 100vw, 584px\" \/><\/p>\n<p><span style=\"font-family: georgia, palatino, serif; font-size: 12pt;\">12 km uzunluk ve ortalama %5,7 e\u011fimiyle Oropa zirvesinde Maglia Rosa i\u00e7in sert m\u00fccadeleler izleyece\u011fiz, \u00f6zellikle de e\u011fimin istikrarl\u0131 bir \u015fekilde %11 \u00fczerinde seyredece\u011fi son 2 km&#8217;de elit t\u0131rman\u0131\u0219\u00e7\u0131lar geriye kalacakt\u0131r. Bu grup i\u00e7inde genel kalkmanda ilk 10 i\u00e7inden birileri varsa zaferi kendilerine en az tehlike yaratacak birisine verip birbirilerini kollayarak etap bitecektir ancak Oropa biliyoruz ki Nairo Quintana i\u00e7in ayr\u0131 bir yere sahip. 110 km boyunca g\u00fc\u00e7 toplayan genel klasman iddial\u0131s\u0131 tak\u0131mlar, Bahrain-Merida, Movistar, Fdj, Team Sunweb, \u00a0 zirvenin eteklerinde tempoyu artt\u0131r\u0131p lider ve domestiklerini silkelemek isteyecektir. Mayo ta\u015f\u0131maya al\u0131\u015fk\u0131n olmayan Team Sunweb&#8217;in, mayo ta\u015f\u0131man\u0131n gediklisi ve s\u00fcrekli ataklar\u0131n\u0131 tak\u0131m\u0131 Movistar kar\u015f\u0131s\u0131nda ne \u00a0yapacaklar\u0131 ise merak konusu!\u00a0<\/span><\/p>\n<p><!--nextpage--><\/p>\n<p><span style=\"font-size: 12pt; font-family: georgia,palatino,serif;\"><strong>Etap sonras\u0131<\/strong><\/span><\/p>\n<div id=\"js_2oa\" class=\"_5pbx userContent\" data-ft=\"{&quot;tn&quot;:&quot;K&quot;}\">\n<p><span style=\"font-size: 12pt; font-family: georgia,palatino,serif;\"><a class=\"profileLink\" href=\"https:\/\/www.facebook.com\/pages\/Fausto-Coppi\/107983522557915?fref=mentions\" data-hovercard=\"\/ajax\/hovercard\/page.php?id=107983522557915&amp;extragetparams=%7B%22fref%22%3A%22mentions%22%7D\" data-hovercard-prefer-more-content-show=\"1\" data-hovercard-obj-id=\"107983522557915\">Fausto Coppi<\/a> &#8216;yi and\u0131\u011f\u0131m\u0131z Castellania kentinde ba\u015flay\u0131p Marco Pantani&#8217; nin 1999 y\u0131l\u0131nda harikalar yaratt\u0131\u011f\u0131 Oropa zirvesinde sona eren 131 km uzunlu\u011fundaki 14. etapta zafere uzanan isim, s\u0131rt\u0131nda Maglia Rosa olmas\u0131na kar\u015f\u0131n, atak yap\u0131p rakiplerini silkeleyen Tom Dumoulin!<\/span><\/p>\n<p><span style=\"font-size: 12pt; font-family: georgia,palatino,serif;\"><strong>Etab\u0131n son metreleri<\/strong><br \/>\n<\/span><\/p>\n<p><iframe loading=\"lazy\" title=\"YouTube video player\" src=\"\/\/www.youtube.com\/embed\/bvJiP0fbPxM?si=mHKa7eWSrf8hpuGo\" width=\"560\" height=\"315\" frameborder=\"0\" allowfullscreen=\"allowfullscreen\"><\/iframe><\/p>\n<pre><strong>14. Etap Soru\u00e7lar\u0131<\/strong>\r\n<span style=\"background-color: #ff99cc;\" data-darkreader-inline-bgcolor=\"\"><strong>NED  1  DUMOULIN, Tom (SUNWEB)                                         3:02:34<\/strong><\/span>\r\nRUS  2  ZAKARIN, Ilnur (KATUSHA ALPECIN)                                +    3\r\nESP  3  LANDA MEANA, Mikel (SKY)                                        +    9\r\nCOL  4  QUINTANA, Nairo (MOVISTAR)                                      +   14\r\nFRA  5  PINOT, Thibaut (FDJ)                                            +   35\r\nGBR  6  YATES, Adam (ORICA - SCOTT)                                     +   41\r\nITA  7  NIBALI, Vincenzo (BAHRAIN - MERIDA)                             +   43\r\nITA  8  PELLIZOTTI, Franco (BAHRAIN - MERIDA)                          \r\nNED  9  KRUIJSWIJK, Steven (LOTTO NL - JUMBO)                           +   46\r\nEST  10 KANGERT, Tanel (ASTANA)<\/pre>\n<p><span style=\"font-size: 12pt; font-family: georgia,palatino,serif;\">Oropa zirvesine muazzam tak\u0131m deste\u011fi ve zaman fark\u0131n\u0131 kapatma bask\u0131s\u0131 ile giren Nairo Quintana, t\u00fcm ataklar\u0131na kar\u015f\u0131n silkeleyemeyince Mikel Landa, Ilnur Zakarin, Tom Dumoulin \u00fc\u00e7l\u00fcs\u00fcn\u00fc atak yiyen kendisi oldu e\u011fimin sertle\u015fti\u011fi son 1500 metrede. Tom Dumoulin&#8217;in \u00e7ekti\u011fi grup i\u00e7inden son 250 metrede Ilnur Zakarin one f\u0131rlasa da kar\u015f\u0131 atakla biti\u015f \u00e7izgisinden ilk ge\u00e7en isim Tom Dumoulin oldu. Quintana ise etab\u0131 4. s\u0131rada bitirdi\u011fi gibi zaman fark\u0131 da Dumoulin ile 2:47 dakika oldu.<\/span><\/p>\n<pre><strong>14. Etap sonras\u0131 genel klasmanda son durum<\/strong>\r\n<span style=\"background-color: #ff99cc;\" data-darkreader-inline-bgcolor=\"\"><strong>NED  1  DUMOULIN, Tom (SUNWEB)                            59:31:17<\/strong><\/span>\r\nCOL  2  QUINTANA, Nairo (MOVISTAR)                         +  2:47\r\nFRA  3  PINOT, Thibaut (FDJ)                               +  3:25\r\nITA  4  NIBALI, Vincenzo (BAHRAIN - MERIDA)                +  3:40\r\nRUS  5  ZAKARIN, Ilnur (KATUSHA ALPECIN)                   +  4:24\r\nNED  6  MOLLEMA, Bauke (TREK - SEGAFREDO)                  +  4:32\r\nEST  7  KANGERT, Tanel (ASTANA)                            +  4:55\r\nITA  8  POZZOVIVO, Domenico (AG2R LA MONDIALE)             +  4:59\r\nLUX  9  JUNGELS, Bob (QUICK - STEP FLOORS)                 +  5:28\r\nCRC  10 AMADOR BIKKAZAKOVA, Andrey (MOVISTAR)              +  5:36<\/pre>\n<\/div>\n<p>&nbsp;<\/p>\n","protected":false},"excerpt":{"rendered":"<p>Oropa&#8230; Marco Pantani&#8217;\u0131n 1999 senesinde efsanele\u0219ti\u011fi zirve \u0130talyanlar i\u00e7in bir mabet gibi, \u015fimdiden zirveye uzanan 12 km uzunlu\u011fundaki yolda Pantani yaz\u0131lar\u0131, foto\u011fraflar\u0131 g\u00f6rmeye haz\u0131rlan\u0131n!\u00a0 Etaba [&#8230;]<\/p>\n","protected":false},"author":1,"featured_media":4945,"comment_status":"open","ping_status":"open","sticky":false,"template":"","format":"standard","meta":{"jetpack_post_was_ever_published":false,"_jetpack_newsletter_access":"","_jetpack_dont_email_post_to_subs":false,"_jetpack_newsletter_tier_id":0,"_jetpack_memberships_contains_paywalled_content":false,"_jetpack_memberships_contains_paid_content":false,"footnotes":"","jetpack_publicize_message":"","jetpack_publicize_feature_enabled":true,"jetpack_social_post_already_shared":true,"jetpack_social_options":{"image_generator_settings":{"template":"highway","default_image_id":0,"font":"","enabled":false},"version":2}},"categories":[1239],"tags":[],"class_list":["post-4936","post","type-post","status-publish","format-standard","has-post-thumbnail","hentry","category-giro-ditalia"],"jetpack_publicize_connections":[],"jetpack_featured_media_url":"https:\/\/i0.wp.com\/aynakol.org\/wp-content\/uploads\/2017\/05\/Giro2017_profile_stage14_winner_Tom_Dumoulin-e1495315217260.jpg?fit=2048%2C1003","jetpack_sharing_enabled":true,"jetpack_shortlink":"https:\/\/wp.me\/p51p4O-1hC","jetpack_likes_enabled":true,"jetpack-related-posts":[{"id":4961,"url":"http:\/\/aynakol.org\/?p=4961","url_meta":{"origin":4936,"position":0},"title":"#Giro100 16. Etap: Rovetta \u2192 Bormio, 222 km","author":"Ayd\u0131n Bez","date":"23 May\u0131s 2017","format":false,"excerpt":"\u00dc\u00e7\u00fcnc\u00fc ve son dinlenme g\u00fcn\u00fc sonras\u0131 bacaklar\u0131n yeterince dinlendi\u011fine karar vermi\u015f olmal\u0131 ki yar\u0131\u015f direkt\u00f6rleri pelotonu \u00e7izmenin kuzeyinde, \u0130talyan Alplerinde ac\u0131 dolu bir be\u015f etap bekliyor! Tiren Denizi, Sardinyadan Sicilyaya, adalardan \u00e7izmenin g\u00fcneyine, Adriyatik denizi k\u0131y\u0131lar\u0131ndan \u00fclkeyi adeta ikiye ay\u0131ran Apenin S\u0131rada\u011flar\u0131na dek uzand\u0131\u011f\u0131m\u0131z 15 g\u00fcn boyunca sonunda kuzeye, Alp\u2026","rel":"","context":"&quot;Giro d'Italia&quot; i\u00e7inde","block_context":{"text":"Giro d'Italia","link":"http:\/\/aynakol.org\/?cat=1239"},"img":{"alt_text":"","src":"https:\/\/i0.wp.com\/aynakol.org\/wp-content\/uploads\/2017\/05\/IMG_20170523_182720.jpg?fit=1200%2C675&resize=350%2C200","width":350,"height":200,"srcset":"https:\/\/i0.wp.com\/aynakol.org\/wp-content\/uploads\/2017\/05\/IMG_20170523_182720.jpg?fit=1200%2C675&resize=350%2C200 1x, https:\/\/i0.wp.com\/aynakol.org\/wp-content\/uploads\/2017\/05\/IMG_20170523_182720.jpg?fit=1200%2C675&resize=525%2C300 1.5x, https:\/\/i0.wp.com\/aynakol.org\/wp-content\/uploads\/2017\/05\/IMG_20170523_182720.jpg?fit=1200%2C675&resize=700%2C400 2x, https:\/\/i0.wp.com\/aynakol.org\/wp-content\/uploads\/2017\/05\/IMG_20170523_182720.jpg?fit=1200%2C675&resize=1050%2C600 3x"},"classes":[]},{"id":4947,"url":"http:\/\/aynakol.org\/?p=4947","url_meta":{"origin":4936,"position":1},"title":"#Giro100 15. Etap: Valdengo \u2192 Bergamo, 199 km","author":"Ayd\u0131n Bez","date":"21 May\u0131s 2017","format":false,"excerpt":"Tom Dumoulin'in s\u0131rt\u0131nda Maglia Rosa olmas\u0131na kar\u015f\u0131n atak yap\u0131p rakiplerini silkeleyerek Oropa zirvesinde zafere uzand\u0131\u011f\u0131 14. etap sonras\u0131 Bergamo kentine do\u011fru ge\u00e7iyoruz. Apenin s\u0131ra da\u011flar\u0131 geride kal\u0131rken 21 g\u00fcnl\u00fck destan\u0131n sona erece\u011fi Milanoya, \u0130talyan bisikletinin kalbine, asl\u0131nda \u00e7ok yak\u0131n\u0131z: Valdengo \u2192 Bergamo kentleri aras\u0131nda pedallanacak 15. etap 199 km uzunlu\u011funda.\u2026","rel":"","context":"&quot;Giro d'Italia&quot; i\u00e7inde","block_context":{"text":"Giro d'Italia","link":"http:\/\/aynakol.org\/?cat=1239"},"img":{"alt_text":"","src":"https:\/\/i0.wp.com\/aynakol.org\/wp-content\/uploads\/2017\/05\/Giro2017_profile_stage14_winner_Tom_Dumoulin_lead_others_clembers-e1495316566470.jpg?fit=1200%2C446&resize=350%2C200","width":350,"height":200,"srcset":"https:\/\/i0.wp.com\/aynakol.org\/wp-content\/uploads\/2017\/05\/Giro2017_profile_stage14_winner_Tom_Dumoulin_lead_others_clembers-e1495316566470.jpg?fit=1200%2C446&resize=350%2C200 1x, https:\/\/i0.wp.com\/aynakol.org\/wp-content\/uploads\/2017\/05\/Giro2017_profile_stage14_winner_Tom_Dumoulin_lead_others_clembers-e1495316566470.jpg?fit=1200%2C446&resize=525%2C300 1.5x, https:\/\/i0.wp.com\/aynakol.org\/wp-content\/uploads\/2017\/05\/Giro2017_profile_stage14_winner_Tom_Dumoulin_lead_others_clembers-e1495316566470.jpg?fit=1200%2C446&resize=700%2C400 2x, https:\/\/i0.wp.com\/aynakol.org\/wp-content\/uploads\/2017\/05\/Giro2017_profile_stage14_winner_Tom_Dumoulin_lead_others_clembers-e1495316566470.jpg?fit=1200%2C446&resize=1050%2C600 3x"},"classes":[]},{"id":5013,"url":"http:\/\/aynakol.org\/?p=5013","url_meta":{"origin":4936,"position":2},"title":"#Giro100 19. Etap: San Candido \u2192 Piancavallo, 191 km","author":"Ayd\u0131n Bez","date":"26 May\u0131s 2017","format":false,"excerpt":"Ortisei kentinde sona eren Dolomit s\u0131ra da\u011flar\u0131n\u0131n krali\u00e7e etab\u0131nda zafere pedallayan isim Tejay van Garderen olurken genel klasman ilk 10'da ise g\u00fcn\u00fcn kazanan\u0131 podyuma bir ad\u0131m daha yakla\u015farak\u00a0Nibali'nin ensesine konan Frans\u0131z Thibaut Pinot idi.\u00a0 Dolomitlerin eteklerinden zirvelerine do\u011fru pedallamaya devam: Giro tarihinde ilk kez etap ba\u015flang\u0131c\u0131na ev sahipli\u011fi yapan San\u2026","rel":"","context":"&quot;Giro d'Italia&quot; i\u00e7inde","block_context":{"text":"Giro d'Italia","link":"http:\/\/aynakol.org\/?cat=1239"},"img":{"alt_text":"","src":"https:\/\/i0.wp.com\/aynakol.org\/wp-content\/uploads\/2017\/05\/Giro2017_profile_stage19_winner_Mikel_Landa-e1495825984379.jpg?fit=995%2C422&resize=350%2C200","width":350,"height":200,"srcset":"https:\/\/i0.wp.com\/aynakol.org\/wp-content\/uploads\/2017\/05\/Giro2017_profile_stage19_winner_Mikel_Landa-e1495825984379.jpg?fit=995%2C422&resize=350%2C200 1x, https:\/\/i0.wp.com\/aynakol.org\/wp-content\/uploads\/2017\/05\/Giro2017_profile_stage19_winner_Mikel_Landa-e1495825984379.jpg?fit=995%2C422&resize=525%2C300 1.5x, https:\/\/i0.wp.com\/aynakol.org\/wp-content\/uploads\/2017\/05\/Giro2017_profile_stage19_winner_Mikel_Landa-e1495825984379.jpg?fit=995%2C422&resize=700%2C400 2x"},"classes":[]},{"id":6554,"url":"http:\/\/aynakol.org\/?p=6554","url_meta":{"origin":4936,"position":3},"title":"Giro2021 3. Etap: Biella \u2192 Canale, 187km","author":"Ayd\u0131n Bez","date":"10 May\u0131s 2021","format":false,"excerpt":"D\u00fcnk\u00fc etapta neler olmu\u015ftu? Novaro kentinde sona eren 173km uzunlu\u011fundaki ikinci etab\u0131n sonunda ya\u015fanan sprint m\u00fccadelesinde zafere uzanan isim Alpecin-Fenix tak\u0131m\u0131ndan Tim Merlier. Bu gen\u00e7 Bel\u00e7ikal\u0131 pedal\u0131n ilk Giro etap zaferi! Son 1 km \u00a0 A\u00e7\u0131l\u0131\u015f sonras\u0131 heyecan\u0131 artt\u0131rmak i\u00e7in konulan d\u00fcz profildeki etab\u0131n sonunda beklendi\u011fi gibi favorilerin \u00f6ne \u00e7\u0131kt\u0131\u011f\u0131\u2026","rel":"","context":"&quot;Giro d'Italia&quot; i\u00e7inde","block_context":{"text":"Giro d'Italia","link":"http:\/\/aynakol.org\/?cat=1239"},"img":{"alt_text":"","src":"https:\/\/i0.wp.com\/aynakol.org\/wp-content\/uploads\/2021\/05\/profile-03.jpg?resize=350%2C200","width":350,"height":200,"srcset":"https:\/\/i0.wp.com\/aynakol.org\/wp-content\/uploads\/2021\/05\/profile-03.jpg?resize=350%2C200 1x, https:\/\/i0.wp.com\/aynakol.org\/wp-content\/uploads\/2021\/05\/profile-03.jpg?resize=525%2C300 1.5x, https:\/\/i0.wp.com\/aynakol.org\/wp-content\/uploads\/2021\/05\/profile-03.jpg?resize=700%2C400 2x"},"classes":[]},{"id":4917,"url":"http:\/\/aynakol.org\/?p=4917","url_meta":{"origin":4936,"position":4},"title":"#Giro100 13. Etap: Reggio Emilia \u2192 Tortona, 167 km","author":"Ayd\u0131n Bez","date":"19 May\u0131s 2017","format":false,"excerpt":"Giro'nun 234 km ile en uzun etab\u0131 Fernando Gaviria'n\u0131n zaferiyle geride kal\u0131rken genel klasmanda Maglia Rosa h\u00e2l\u00e2 Tom Dumoulin'in s\u0131rt\u0131nda. Bug\u00fcn de pek bir de\u011fi\u015fiklik olmayacak gibi. \u00a0 Apenin S\u0131rada\u011flar\u0131 eteklerinde pedallamaya devam ediyoruz, y\u00fcz\u00fcm\u00fcz kuzeye do\u011fru ama \u00f6nce Ligurya b\u00f6lgesine: D\u00fcnk\u00fc etab\u0131n bitti\u011fi yerden, Reggio Emilia kentinden ba\u015flay\u0131p Tortona\u2026","rel":"","context":"&quot;Giro d'Italia&quot; i\u00e7inde","block_context":{"text":"Giro d'Italia","link":"http:\/\/aynakol.org\/?cat=1239"},"img":{"alt_text":"","src":"https:\/\/i0.wp.com\/aynakol.org\/wp-content\/uploads\/2017\/05\/Giro2017_profile_stage13_winner_Fernando_Gaviria.jpg?fit=1200%2C799&resize=350%2C200","width":350,"height":200,"srcset":"https:\/\/i0.wp.com\/aynakol.org\/wp-content\/uploads\/2017\/05\/Giro2017_profile_stage13_winner_Fernando_Gaviria.jpg?fit=1200%2C799&resize=350%2C200 1x, https:\/\/i0.wp.com\/aynakol.org\/wp-content\/uploads\/2017\/05\/Giro2017_profile_stage13_winner_Fernando_Gaviria.jpg?fit=1200%2C799&resize=525%2C300 1.5x, https:\/\/i0.wp.com\/aynakol.org\/wp-content\/uploads\/2017\/05\/Giro2017_profile_stage13_winner_Fernando_Gaviria.jpg?fit=1200%2C799&resize=700%2C400 2x, https:\/\/i0.wp.com\/aynakol.org\/wp-content\/uploads\/2017\/05\/Giro2017_profile_stage13_winner_Fernando_Gaviria.jpg?fit=1200%2C799&resize=1050%2C600 3x"},"classes":[]},{"id":4999,"url":"http:\/\/aynakol.org\/?p=4999","url_meta":{"origin":4936,"position":5},"title":"#Giro100 18. Etap: Moena \u2192 Ortisei, 137 km","author":"Ayd\u0131n Bez","date":"25 May\u0131s 2017","format":false,"excerpt":"Bug\u00fcnk\u00fc zorlu etap \u00f6ncesi haz\u0131rl\u0131k ve dinlenme tad\u0131nda pedallanan 17. etapta Pierre Roland'\u0131n zaferi sonras\u0131 konsantre bir etap var kar\u015f\u0131m\u0131zda! Kendilerini yar\u0131 T\u00fcrk sayan, dahas\u0131 gelenekleri tutucu bir \u015fekilde bu zamana dek getirmeyi ba\u015flarak Il Turco Moena k\u00f6y\u00fcnden ba\u015flacak etap 137 km sonunda Ortisei kentinde deyim yerindeyse da\u011flar\u0131 a\u015farak sona\u2026","rel":"","context":"&quot;Giro d'Italia&quot; i\u00e7inde","block_context":{"text":"Giro d'Italia","link":"http:\/\/aynakol.org\/?cat=1239"},"img":{"alt_text":"","src":"https:\/\/i0.wp.com\/aynakol.org\/wp-content\/uploads\/2017\/05\/Giro2017_stage18_winner_tejay_van_garderen.jpg?fit=917%2C613&resize=350%2C200","width":350,"height":200,"srcset":"https:\/\/i0.wp.com\/aynakol.org\/wp-content\/uploads\/2017\/05\/Giro2017_stage18_winner_tejay_van_garderen.jpg?fit=917%2C613&resize=350%2C200 1x, https:\/\/i0.wp.com\/aynakol.org\/wp-content\/uploads\/2017\/05\/Giro2017_stage18_winner_tejay_van_garderen.jpg?fit=917%2C613&resize=525%2C300 1.5x, https:\/\/i0.wp.com\/aynakol.org\/wp-content\/uploads\/2017\/05\/Giro2017_stage18_winner_tejay_van_garderen.jpg?fit=917%2C613&resize=700%2C400 2x"},"classes":[]}],"_links":{"self":[{"href":"http:\/\/aynakol.org\/index.php?rest_route=\/wp\/v2\/posts\/4936","targetHints":{"allow":["GET"]}}],"collection":[{"href":"http:\/\/aynakol.org\/index.php?rest_route=\/wp\/v2\/posts"}],"about":[{"href":"http:\/\/aynakol.org\/index.php?rest_route=\/wp\/v2\/types\/post"}],"author":[{"embeddable":true,"href":"http:\/\/aynakol.org\/index.php?rest_route=\/wp\/v2\/users\/1"}],"replies":[{"embeddable":true,"href":"http:\/\/aynakol.org\/index.php?rest_route=%2Fwp%2Fv2%2Fcomments&post=4936"}],"version-history":[{"count":4,"href":"http:\/\/aynakol.org\/index.php?rest_route=\/wp\/v2\/posts\/4936\/revisions"}],"predecessor-version":[{"id":8860,"href":"http:\/\/aynakol.org\/index.php?rest_route=\/wp\/v2\/posts\/4936\/revisions\/8860"}],"wp:featuredmedia":[{"embeddable":true,"href":"http:\/\/aynakol.org\/index.php?rest_route=\/wp\/v2\/media\/4945"}],"wp:attachment":[{"href":"http:\/\/aynakol.org\/index.php?rest_route=%2Fwp%2Fv2%2Fmedia&parent=4936"}],"wp:term":[{"taxonomy":"category","embeddable":true,"href":"http:\/\/aynakol.org\/index.php?rest_route=%2Fwp%2Fv2%2Fcategories&post=4936"},{"taxonomy":"post_tag","embeddable":true,"href":"http:\/\/aynakol.org\/index.php?rest_route=%2Fwp%2Fv2%2Ftags&post=4936"}],"curies":[{"name":"wp","href":"https:\/\/api.w.org\/{rel}","templated":true}]}}