{"id":496,"date":"2014-12-31T20:14:52","date_gmt":"2014-12-31T17:14:52","guid":{"rendered":"http:\/\/aynakol.org\/?p=496"},"modified":"2014-12-31T20:14:52","modified_gmt":"2014-12-31T17:14:52","slug":"bol-pedalli-yillar","status":"publish","type":"post","link":"http:\/\/aynakol.org\/?p=496","title":{"rendered":"Bol Pedall\u0131 Y\u0131llar"},"content":{"rendered":"<p><a href=\"https:\/\/i0.wp.com\/aynakol.org\/wp-content\/uploads\/2014\/12\/Reasons__to_Ride_On_Xmas_Day1.jpg\"><img data-recalc-dims=\"1\" loading=\"lazy\" decoding=\"async\" data-attachment-id=\"498\" data-permalink=\"http:\/\/aynakol.org\/?attachment_id=498\" data-orig-file=\"https:\/\/i0.wp.com\/aynakol.org\/wp-content\/uploads\/2014\/12\/Reasons__to_Ride_On_Xmas_Day1.jpg?fit=1000%2C466\" data-orig-size=\"1000,466\" data-comments-opened=\"1\" data-image-meta=\"{&quot;aperture&quot;:&quot;0&quot;,&quot;credit&quot;:&quot;&quot;,&quot;camera&quot;:&quot;&quot;,&quot;caption&quot;:&quot;&quot;,&quot;created_timestamp&quot;:&quot;0&quot;,&quot;copyright&quot;:&quot;&quot;,&quot;focal_length&quot;:&quot;0&quot;,&quot;iso&quot;:&quot;0&quot;,&quot;shutter_speed&quot;:&quot;0&quot;,&quot;title&quot;:&quot;&quot;,&quot;orientation&quot;:&quot;1&quot;}\" data-image-title=\"Reasons__to_Ride_On_Xmas_Day\" data-image-description=\"\" data-image-caption=\"\" data-large-file=\"https:\/\/i0.wp.com\/aynakol.org\/wp-content\/uploads\/2014\/12\/Reasons__to_Ride_On_Xmas_Day1.jpg?fit=860%2C401\" class=\" size-full wp-image-498 aligncenter\" src=\"https:\/\/i0.wp.com\/aynakol.org\/wp-content\/uploads\/2014\/12\/Reasons__to_Ride_On_Xmas_Day1.jpg?resize=860%2C401\" alt=\"Reasons__to_Ride_On_Xmas_Day\" width=\"860\" height=\"401\" srcset=\"https:\/\/i0.wp.com\/aynakol.org\/wp-content\/uploads\/2014\/12\/Reasons__to_Ride_On_Xmas_Day1.jpg?w=1000 1000w, https:\/\/i0.wp.com\/aynakol.org\/wp-content\/uploads\/2014\/12\/Reasons__to_Ride_On_Xmas_Day1.jpg?resize=300%2C140 300w, https:\/\/i0.wp.com\/aynakol.org\/wp-content\/uploads\/2014\/12\/Reasons__to_Ride_On_Xmas_Day1.jpg?resize=705%2C329 705w\" sizes=\"auto, (max-width: 860px) 100vw, 860px\" \/><\/a><\/p>\n<p>Bir y\u0131l daha geride kald\u0131, yenisi ise be\u015f saatlik uzakl\u0131kta. Yeni y\u0131la pedallayarak girecek bir\u00e7ok bisikletsever \u015fimdiden ba\u015flam\u0131\u015f olmal\u0131 son kontrol ve haz\u0131rl\u0131klara. Karda pedallamak baya\u011f\u0131 keyifli, aman dikkat yerler donarsa g\u00f6z\u00fcn\u00fcz\u00fc hastanede a\u00e7abilirsiniz.<\/p>\n<p>2015 y\u0131l\u0131nda<\/p>\n<ul>\n<li>hedefledi\u011finiz mesafelere eri\u015fmek,<\/li>\n<li>i\u015fe, okula, \u00e7ar\u015f\u0131 pazara bisikletle gidip gelmek,<\/li>\n<li>bisikletle Anadolunun herhangi bir yerine pedallamak,<\/li>\n<li>yal\u00e7\u0131n bir zirvenin tepesine t\u0131rman\u0131p ba\u015farman\u0131n keyfini \u00e7\u0131kartmak,<\/li>\n<li>kent \u0131\u015f\u0131klar\u0131ndan uzatla\u015f\u0131p do\u011fay\u0131 &#8220;yeniden&#8221; ke\u015ffedip kendi belgeselinizi \u00e7ekmek,<\/li>\n<\/ul>\n<p>ve daha fazlas\u0131 sizin elinizde. Bisiklete binmek i\u00e7in bahaneniz olsun, binmemek i\u00e7in de\u011fil!<\/p>\n<p>Pedallayarak okudu\u011funuz i\u00e7in te\u015fekk\u00fcrler.<\/p>\n<p>Pedall\u0131 Y\u0131llar.<\/p>\n","protected":false},"excerpt":{"rendered":"<p>Bir y\u0131l daha geride kald\u0131, yenisi ise be\u015f saatlik uzakl\u0131kta. Yeni y\u0131la pedallayarak girecek bir\u00e7ok bisikletsever \u015fimdiden ba\u015flam\u0131\u015f olmal\u0131 son kontrol ve haz\u0131rl\u0131klara. Karda pedallamak [&#8230;]<\/p>\n","protected":false},"author":1,"featured_media":0,"comment_status":"open","ping_status":"open","sticky":false,"template":"","format":"standard","meta":{"jetpack_post_was_ever_published":false,"_jetpack_newsletter_access":"","_jetpack_dont_email_post_to_subs":false,"_jetpack_newsletter_tier_id":0,"_jetpack_memberships_contains_paywalled_content":false,"_jetpack_memberships_contains_paid_content":false,"footnotes":"","jetpack_publicize_message":"","jetpack_publicize_feature_enabled":true,"jetpack_social_post_already_shared":true,"jetpack_social_options":{"image_generator_settings":{"template":"highway","default_image_id":0,"font":"","enabled":false},"version":2}},"categories":[7],"tags":[422,8,418,421,420,417,423,289,419,416],"class_list":["post-496","post","type-post","status-publish","format-standard","hentry","category-bisiklet-kulturu","tag-bike","tag-bisiklet","tag-happy-new-year","tag-merry-christmas","tag-merry-xmas","tag-mutlu-yillar","tag-ride","tag-strava","tag-xmas","tag-yeni-yil"],"jetpack_publicize_connections":[],"jetpack_featured_media_url":"","jetpack_sharing_enabled":true,"jetpack_shortlink":"https:\/\/wp.me\/p51p4O-80","jetpack_likes_enabled":true,"jetpack-related-posts":[{"id":2149,"url":"http:\/\/aynakol.org\/?p=2149","url_meta":{"origin":496,"position":0},"title":"H\u0131zl\u0131 ve Pedall\u0131 \u015eilenin K\u00f6ylerinde","author":"Ayd\u0131n Bez","date":"22 Aral\u0131k 2015","format":false,"excerpt":"Kas\u0131m ay\u0131 boyunca s\u0131kl\u0131kla\u00a0\u00fc\u00e7er be\u015fer ki\u015filik gruplar halinde ziyaret etti\u011fimiz \u0130stanbulun Kuzeyi, \u015eile ve k\u00f6ylerini bu sefer kalabal\u0131k say\u0131lacak, 10 ki\u015filik, bir grupla pedallad\u0131k. Ayhan - Specialized Roubaix Sport MY2014 Kerem - Bianchi Infinito CV MY2015 Kaan - Specialized Secteur MY2011 Armin -\u00a0Merida Ride 90 MY2014 Cihan - Specialized Roubaix\u2026","rel":"","context":"&quot;Etkinlikler&quot; i\u00e7inde","block_context":{"text":"Etkinlikler","link":"http:\/\/aynakol.org\/?cat=336"},"img":{"alt_text":"","src":"https:\/\/i0.wp.com\/aynakol.org\/wp-content\/uploads\/2015\/12\/IMG-20151217-WA0008.jpg?fit=1200%2C900&resize=350%2C200","width":350,"height":200,"srcset":"https:\/\/i0.wp.com\/aynakol.org\/wp-content\/uploads\/2015\/12\/IMG-20151217-WA0008.jpg?fit=1200%2C900&resize=350%2C200 1x, https:\/\/i0.wp.com\/aynakol.org\/wp-content\/uploads\/2015\/12\/IMG-20151217-WA0008.jpg?fit=1200%2C900&resize=525%2C300 1.5x, https:\/\/i0.wp.com\/aynakol.org\/wp-content\/uploads\/2015\/12\/IMG-20151217-WA0008.jpg?fit=1200%2C900&resize=700%2C400 2x, https:\/\/i0.wp.com\/aynakol.org\/wp-content\/uploads\/2015\/12\/IMG-20151217-WA0008.jpg?fit=1200%2C900&resize=1050%2C600 3x"},"classes":[]},{"id":4049,"url":"http:\/\/aynakol.org\/?p=4049","url_meta":{"origin":496,"position":1},"title":"Transcontinental Race 2016","author":"Ayd\u0131n Bez","date":"29 Temmuz 2016","format":false,"excerpt":"Yakla\u015f\u0131k 3800\u00a0km uzunlu\u011funda tek bir etap, Birbirinden zorlu onlarca da\u011f ge\u00e7idi ve 50000 metre irtifa kazanc\u0131, Rota yok, Destek yok, Fiziksel ac\u0131 ve psikolojik m\u00fccadele... 182 tek, 33 \u00e7ift kat\u0131l\u0131mc\u0131 \u00a0 Huzurlar\u0131n\u0131zda Transcontinental Race 2016! \u0130lki 2013 y\u0131l\u0131nda d\u00fczenlenen TCR \u0130ngiltere Londradan ba\u015flay\u0131p \u0130stanbulda sona ermi\u015fti. \u0130kinci sene de ayn\u0131\u2026","rel":"","context":"&quot;TCR2016&quot; i\u00e7inde","block_context":{"text":"TCR2016","link":"http:\/\/aynakol.org\/?cat=1307"},"img":{"alt_text":"","src":"https:\/\/i0.wp.com\/aynakol.org\/wp-content\/uploads\/2016\/07\/TCR2016_main_logo-e1469791665477.png?fit=802%2C277&resize=350%2C200","width":350,"height":200,"srcset":"https:\/\/i0.wp.com\/aynakol.org\/wp-content\/uploads\/2016\/07\/TCR2016_main_logo-e1469791665477.png?fit=802%2C277&resize=350%2C200 1x, https:\/\/i0.wp.com\/aynakol.org\/wp-content\/uploads\/2016\/07\/TCR2016_main_logo-e1469791665477.png?fit=802%2C277&resize=525%2C300 1.5x, https:\/\/i0.wp.com\/aynakol.org\/wp-content\/uploads\/2016\/07\/TCR2016_main_logo-e1469791665477.png?fit=802%2C277&resize=700%2C400 2x"},"classes":[]},{"id":82,"url":"http:\/\/aynakol.org\/?p=82","url_meta":{"origin":496,"position":2},"title":"\u015eehiri\u00e7i ula\u015f\u0131mda bisiklet kullanmak","author":"Ayd\u0131n Bez","date":"17 Eyl\u00fcl 2014","format":false,"excerpt":"Yaz\u0131n\u0131n esin kayna\u011f\u0131 \u0130stanbulun g\u00fczellikleri (kald\u0131 m\u0131 acaba?) de\u011fil cehenneme d\u00f6nen trafi\u011fi. Bireysel ara\u00e7lanma bireysel silahlanmayla ayn\u0131 tehdidi olu\u015fturuyor: silahlanma can al\u0131rken, ara\u00e7lanma zaman ve \u00e7o\u011fu kez de can al\u0131yor, trafi\u011fi ya\u015fan\u0131l\u0131r olmaktan uzakla\u015ft\u0131r\u0131yor. Yerel y\u00f6netim(ler)in ya\u015fan\u0131l\u0131r, kazand\u0131ran bir trafik i\u00e7in devlet \u00f6rg\u00fctlenmeleriyle \u00e7al\u0131\u015ft\u0131klar\u0131 ortada. Toplu ta\u015f\u0131mac\u0131l\u0131k yat\u0131r\u0131mlar\u0131, yeni yollar\u2026","rel":"","context":"&quot;Bisiklet k\u00fclt\u00fcr\u00fc&quot; i\u00e7inde","block_context":{"text":"Bisiklet k\u00fclt\u00fcr\u00fc","link":"http:\/\/aynakol.org\/?cat=7"},"img":{"alt_text":"image","src":"https:\/\/i0.wp.com\/31.media.tumblr.com\/c34b024f6a9987022899609ad57aa7af\/tumblr_inline_mwu2mzMauM1spfevd.jpg?resize=350%2C200&ssl=1","width":350,"height":200},"classes":[]},{"id":4460,"url":"http:\/\/aynakol.org\/?p=4460","url_meta":{"origin":496,"position":3},"title":"Crud Road Racer MK3 \u00e7amurluk incelemesi","author":"Vegan Cyclist","date":"17 Aral\u0131k 2016","format":false,"excerpt":"Hali haz\u0131rda bu sene de Transcontinental Race yar\u0131\u015f\u0131na kat\u0131laca\u011f\u0131m ve ge\u00e7en seneki gibi idman eksikli\u011fiyle yar\u0131\u015fmak istemedi\u011fimden say\u0131l\u0131 g\u00fcnleri bo\u015f ge\u00e7memek ad\u0131na elimden geldi\u011fince pedallamak amac\u0131nday\u0131m. Haliyle mevsimlerden k\u0131\u015f ve haftan\u0131n her g\u00fcn\u00fc kapal\u0131, ya\u011f\u0131\u015fl\u0131; hele \u0130stanbul gibi altyap\u0131s\u0131 felaket bir \u015fehirde kuru kalmak imkans\u0131z! Hem kuru kalmak\u00a0hem de idmanlar\u0131\u2026","rel":"","context":"&quot;\u00dcr\u00fcn \u0130ncelemesi&quot; i\u00e7inde","block_context":{"text":"\u00dcr\u00fcn \u0130ncelemesi","link":"http:\/\/aynakol.org\/?cat=252"},"img":{"alt_text":"","src":"https:\/\/i0.wp.com\/aynakol.org\/wp-content\/uploads\/2016\/12\/DSC_01181.jpg?fit=1000%2C563&resize=350%2C200","width":350,"height":200,"srcset":"https:\/\/i0.wp.com\/aynakol.org\/wp-content\/uploads\/2016\/12\/DSC_01181.jpg?fit=1000%2C563&resize=350%2C200 1x, https:\/\/i0.wp.com\/aynakol.org\/wp-content\/uploads\/2016\/12\/DSC_01181.jpg?fit=1000%2C563&resize=525%2C300 1.5x, https:\/\/i0.wp.com\/aynakol.org\/wp-content\/uploads\/2016\/12\/DSC_01181.jpg?fit=1000%2C563&resize=700%2C400 2x"},"classes":[]},{"id":5634,"url":"http:\/\/aynakol.org\/?p=5634","url_meta":{"origin":496,"position":4},"title":"Tur G\u00fcnl\u00fckleri: TCRno6 i\u00e7in 3. idman","author":"Ayd\u0131n Bez","date":"11 Ocak 2018","format":false,"excerpt":"In Yollular We Trust! \u00a0 Planlad\u0131\u011f\u0131m\u0131z rota sabah\u0131n k\u00f6r karanl\u0131\u011f\u0131nda yola \u00e7\u0131k\u0131p \u015f\u00f6yle bir \u0130stanbulun kuzeyine u\u011fray\u0131p geri gelmekti; tabii Bora the Sakalsonun ne sabaha ne \u00f6\u011flene dahil edilebilecek ziyafetinden kurtarabilirsek kendimizi. Sabah 6 gibi kalk\u0131p buz tutacak k\u0131\u00e7\u0131m\u0131z yine yollarda diye d\u00fc\u015f\u00fcnerek kat kat giyindim, asl\u0131nda hepimiz giyindik diyebiliriz:\u2026","rel":"","context":"&quot;Rotalar&quot; i\u00e7inde","block_context":{"text":"Rotalar","link":"http:\/\/aynakol.org\/?cat=1329"},"img":{"alt_text":"","src":"https:\/\/i0.wp.com\/aynakol.org\/wp-content\/uploads\/2018\/01\/IMG_20170917_102011.jpg?fit=1200%2C900&resize=350%2C200","width":350,"height":200,"srcset":"https:\/\/i0.wp.com\/aynakol.org\/wp-content\/uploads\/2018\/01\/IMG_20170917_102011.jpg?fit=1200%2C900&resize=350%2C200 1x, https:\/\/i0.wp.com\/aynakol.org\/wp-content\/uploads\/2018\/01\/IMG_20170917_102011.jpg?fit=1200%2C900&resize=525%2C300 1.5x, https:\/\/i0.wp.com\/aynakol.org\/wp-content\/uploads\/2018\/01\/IMG_20170917_102011.jpg?fit=1200%2C900&resize=700%2C400 2x, https:\/\/i0.wp.com\/aynakol.org\/wp-content\/uploads\/2018\/01\/IMG_20170917_102011.jpg?fit=1200%2C900&resize=1050%2C600 3x"},"classes":[]},{"id":222,"url":"http:\/\/aynakol.org\/?p=222","url_meta":{"origin":496,"position":5},"title":"Bisiklet ve hangi \u00f6zg\u00fcrl\u00fck?","author":"Ayd\u0131n Bez","date":"15 Ekim 2014","format":false,"excerpt":"Bisiklet, benim i\u00e7in hayat\u0131m\u0131n merkezi. \u0130\u015fim, ula\u015f\u0131m ve spor arac\u0131m, sosyal ili\u015fkim... Herkesin birle\u015fti\u011fi bir ortak nokta: bisiklet e\u015fittir \u00f6zg\u00fcrl\u00fck. Evet, hafiften esen bir r\u00fczgar e\u015fli\u011finde pedallamak g\u00fczel bir duygudur, \u00f6zg\u00fcrl\u00fck sa\u00e7lar\u0131nda dola\u015f\u0131r insan\u0131n. Deniz k\u0131y\u0131s\u0131, orman i\u00e7i, y\u00fcce da\u011flar... Hepsi bir ka\u00e7\u0131\u015f \u00f6zlemine y\u00f6neltir insan\u0131. Ama, gel g\u00f6r ki\u2026","rel":"","context":"&quot;Bence Bisiklet&quot; i\u00e7inde","block_context":{"text":"Bence Bisiklet","link":"http:\/\/aynakol.org\/?cat=129"},"img":{"alt_text":"","src":"","width":0,"height":0},"classes":[]}],"_links":{"self":[{"href":"http:\/\/aynakol.org\/index.php?rest_route=\/wp\/v2\/posts\/496","targetHints":{"allow":["GET"]}}],"collection":[{"href":"http:\/\/aynakol.org\/index.php?rest_route=\/wp\/v2\/posts"}],"about":[{"href":"http:\/\/aynakol.org\/index.php?rest_route=\/wp\/v2\/types\/post"}],"author":[{"embeddable":true,"href":"http:\/\/aynakol.org\/index.php?rest_route=\/wp\/v2\/users\/1"}],"replies":[{"embeddable":true,"href":"http:\/\/aynakol.org\/index.php?rest_route=%2Fwp%2Fv2%2Fcomments&post=496"}],"version-history":[{"count":1,"href":"http:\/\/aynakol.org\/index.php?rest_route=\/wp\/v2\/posts\/496\/revisions"}],"predecessor-version":[{"id":499,"href":"http:\/\/aynakol.org\/index.php?rest_route=\/wp\/v2\/posts\/496\/revisions\/499"}],"wp:attachment":[{"href":"http:\/\/aynakol.org\/index.php?rest_route=%2Fwp%2Fv2%2Fmedia&parent=496"}],"wp:term":[{"taxonomy":"category","embeddable":true,"href":"http:\/\/aynakol.org\/index.php?rest_route=%2Fwp%2Fv2%2Fcategories&post=496"},{"taxonomy":"post_tag","embeddable":true,"href":"http:\/\/aynakol.org\/index.php?rest_route=%2Fwp%2Fv2%2Ftags&post=496"}],"curies":[{"name":"wp","href":"https:\/\/api.w.org\/{rel}","templated":true}]}}