{"id":500,"date":"2015-01-12T01:39:19","date_gmt":"2015-01-11T22:39:19","guid":{"rendered":"http:\/\/aynakol.org\/?p=500"},"modified":"2015-01-12T01:39:19","modified_gmt":"2015-01-11T22:39:19","slug":"kis-gobegi","status":"publish","type":"post","link":"http:\/\/aynakol.org\/?p=500","title":{"rendered":"K\u0131\u015f G\u00f6be\u011fi"},"content":{"rendered":"<p>\u0130stanbula kar ya\u011fmadan memlekete k\u0131\u015f gelmezmi\u015f s\u00f6z\u00fcne istinaden el ayak \u015fi\u015firen, buz tutan, kar tipi basan \u0130stanbul k\u0131\u015f\u0131nda eve t\u0131k\u0131l\u0131 kal\u0131p idmans\u0131zl\u0131ktan <strong>k\u0131\u015f g\u00f6be\u011fi <\/strong>koyveren t\u00fcm bisikletliler i\u00e7in gelsin:<\/p>\n<p>K\u0131\u015f g\u00f6be\u011fi,<br \/>\nS\u0131k\u0131ld\u0131m evde oturmaktan<br \/>\nB\u00fcy\u00fctt\u00fcm ben seni<br \/>\nBahara kadar unuttum bisiklete binmeyi<br \/>\nAaaahhhhh aaaaa aaahaaa <\/p>\n<p>Azar co\u015far deli g\u00f6n\u00fcl<br \/>\nNerede bisikletli g\u00f6rsem akl\u0131m durur<br \/>\nEvde oturmak bana g\u00f6re de\u011fil<br \/>\nAbur cubur g\u00f6be\u011fi b\u00fcy\u00fct\u00fcr <\/p>\n<p>Sezonu bir an \u00f6nce a\u00e7mak dile\u011fiyle!<\/p>\n","protected":false},"excerpt":{"rendered":"<p>\u0130stanbula kar ya\u011fmadan memlekete k\u0131\u015f gelmezmi\u015f s\u00f6z\u00fcne istinaden el ayak \u015fi\u015firen, buz tutan, kar tipi basan \u0130stanbul k\u0131\u015f\u0131nda eve t\u0131k\u0131l\u0131 kal\u0131p idmans\u0131zl\u0131ktan k\u0131\u015f g\u00f6be\u011fi koyveren [&#8230;]<\/p>\n","protected":false},"author":1,"featured_media":0,"comment_status":"open","ping_status":"open","sticky":false,"template":"","format":"standard","meta":{"jetpack_post_was_ever_published":false,"_jetpack_newsletter_access":"","_jetpack_dont_email_post_to_subs":false,"_jetpack_newsletter_tier_id":0,"_jetpack_memberships_contains_paywalled_content":false,"_jetpack_memberships_contains_paid_content":false,"footnotes":"","jetpack_publicize_message":"","jetpack_publicize_feature_enabled":true,"jetpack_social_post_already_shared":true,"jetpack_social_options":{"image_generator_settings":{"template":"highway","default_image_id":0,"font":"","enabled":false},"version":2}},"categories":[7],"tags":[8,425,10,362,424],"class_list":["post-500","post","type-post","status-publish","format-standard","hentry","category-bisiklet-kulturu","tag-bisiklet","tag-idman","tag-istanbul","tag-kis","tag-winter"],"jetpack_publicize_connections":[],"jetpack_featured_media_url":"","jetpack_sharing_enabled":true,"jetpack_shortlink":"https:\/\/wp.me\/p51p4O-84","jetpack_likes_enabled":true,"jetpack-related-posts":[{"id":503,"url":"http:\/\/aynakol.org\/?p=503","url_meta":{"origin":500,"position":0},"title":"Ya\u011fmur sular\u0131ndan bisikletli ula\u015f\u0131ma","author":"Ayd\u0131n Bez","date":"15 Ocak 2015","format":false,"excerpt":"\u0130stanbulun g\u00f6l ve akarsular\u0131n\u0131n zamanla yok oldu\u011funa \u00fcz\u00fclmeyin, hem de hi\u00e7! B\u00fclb\u00fcl Deresi bok i\u00e7indeymi\u015f, Riva Deresi olmu\u015f sanayi \u00e7\u00f6pl\u00fc\u011f\u00fc, B\u00fclb\u00fcl Deresi \u00fczerinden asfalt ge\u00e7mi\u015f, Ayazmadere olmu\u015f mahalle, g\u00f6ller kurumu\u015f, ku\u015flar g\u00f6\u00e7m\u00fc\u015f kime ne? \u00dcz\u00fclmeyin, g\u00f6l\u00fcn\u00fcz, dereniz aya\u011f\u0131n\u0131za geldi! G\u00f6k g\u00fcrleyip de sa\u011fanak bo\u015fand\u0131\u011f\u0131nda belediyemizin hizmeti \u00fcst\u00fcn yol m\u00fchendisli\u011fi ve\u2026","rel":"","context":"&quot;Bisiklet k\u00fclt\u00fcr\u00fc&quot; i\u00e7inde","block_context":{"text":"Bisiklet k\u00fclt\u00fcr\u00fc","link":"http:\/\/aynakol.org\/?cat=7"},"img":{"alt_text":"","src":"https:\/\/i0.wp.com\/aynakol.org\/wp-content\/uploads\/2015\/01\/bike-commuting.gif?fit=1200%2C512&resize=350%2C200","width":350,"height":200,"srcset":"https:\/\/i0.wp.com\/aynakol.org\/wp-content\/uploads\/2015\/01\/bike-commuting.gif?fit=1200%2C512&resize=350%2C200 1x, https:\/\/i0.wp.com\/aynakol.org\/wp-content\/uploads\/2015\/01\/bike-commuting.gif?fit=1200%2C512&resize=525%2C300 1.5x, https:\/\/i0.wp.com\/aynakol.org\/wp-content\/uploads\/2015\/01\/bike-commuting.gif?fit=1200%2C512&resize=700%2C400 2x, https:\/\/i0.wp.com\/aynakol.org\/wp-content\/uploads\/2015\/01\/bike-commuting.gif?fit=1200%2C512&resize=1050%2C600 3x"},"classes":[]},{"id":733,"url":"http:\/\/aynakol.org\/?p=733","url_meta":{"origin":500,"position":1},"title":"Sezon a\u00e7\u0131l\u0131\u015f\u0131: \u0130stanbul Bahar Klasikleri","author":"Ayd\u0131n Bez","date":"2 Mart 2015","format":false,"excerpt":"Kim ne derse desin: bu sene yaman bir k\u0131\u015f h\u00fck\u00fcm s\u00fcrd\u00fc \u0130stanbulda. Tamam, memleket sadece \u0130stanbuldan ibaret de\u011fil ama ya\u015fad\u0131\u011f\u0131m\u0131z yere g\u00f6re konu\u015fup genelleme yapmak hepimizin hastal\u0131\u011f\u0131. Hem ne demi\u015f Bab\u0131ali: \u0130stanbula kar ya\u011fmadan memlekette k\u0131\u015f ya\u015fanmaz! Aral\u0131k - \u015eubat aylar\u0131 aras\u0131nda ard\u0131 arkas\u0131\u00a0kesilmeyen sa\u011fanak ya\u011fmurlar ve \u015eubat ba\u015f\u0131 f\u0131rt\u0131na,\u2026","rel":"","context":"&quot;Gran Fondo&quot; i\u00e7inde","block_context":{"text":"Gran Fondo","link":"http:\/\/aynakol.org\/?cat=588"},"img":{"alt_text":"","src":"https:\/\/i0.wp.com\/aynakol.org\/wp-content\/uploads\/2015\/03\/wpid-%C4%B1mg_20150301_121033.jpg.jpeg?fit=1200%2C1200&resize=350%2C200","width":350,"height":200,"srcset":"https:\/\/i0.wp.com\/aynakol.org\/wp-content\/uploads\/2015\/03\/wpid-%C4%B1mg_20150301_121033.jpg.jpeg?fit=1200%2C1200&resize=350%2C200 1x, https:\/\/i0.wp.com\/aynakol.org\/wp-content\/uploads\/2015\/03\/wpid-%C4%B1mg_20150301_121033.jpg.jpeg?fit=1200%2C1200&resize=525%2C300 1.5x, https:\/\/i0.wp.com\/aynakol.org\/wp-content\/uploads\/2015\/03\/wpid-%C4%B1mg_20150301_121033.jpg.jpeg?fit=1200%2C1200&resize=700%2C400 2x, https:\/\/i0.wp.com\/aynakol.org\/wp-content\/uploads\/2015\/03\/wpid-%C4%B1mg_20150301_121033.jpg.jpeg?fit=1200%2C1200&resize=1050%2C600 3x"},"classes":[]},{"id":82,"url":"http:\/\/aynakol.org\/?p=82","url_meta":{"origin":500,"position":2},"title":"\u015eehiri\u00e7i ula\u015f\u0131mda bisiklet kullanmak","author":"Ayd\u0131n Bez","date":"17 Eyl\u00fcl 2014","format":false,"excerpt":"Yaz\u0131n\u0131n esin kayna\u011f\u0131 \u0130stanbulun g\u00fczellikleri (kald\u0131 m\u0131 acaba?) de\u011fil cehenneme d\u00f6nen trafi\u011fi. Bireysel ara\u00e7lanma bireysel silahlanmayla ayn\u0131 tehdidi olu\u015fturuyor: silahlanma can al\u0131rken, ara\u00e7lanma zaman ve \u00e7o\u011fu kez de can al\u0131yor, trafi\u011fi ya\u015fan\u0131l\u0131r olmaktan uzakla\u015ft\u0131r\u0131yor. Yerel y\u00f6netim(ler)in ya\u015fan\u0131l\u0131r, kazand\u0131ran bir trafik i\u00e7in devlet \u00f6rg\u00fctlenmeleriyle \u00e7al\u0131\u015ft\u0131klar\u0131 ortada. Toplu ta\u015f\u0131mac\u0131l\u0131k yat\u0131r\u0131mlar\u0131, yeni yollar\u2026","rel":"","context":"&quot;Bisiklet k\u00fclt\u00fcr\u00fc&quot; i\u00e7inde","block_context":{"text":"Bisiklet k\u00fclt\u00fcr\u00fc","link":"http:\/\/aynakol.org\/?cat=7"},"img":{"alt_text":"image","src":"https:\/\/i0.wp.com\/31.media.tumblr.com\/c34b024f6a9987022899609ad57aa7af\/tumblr_inline_mwu2mzMauM1spfevd.jpg?resize=350%2C200&ssl=1","width":350,"height":200},"classes":[]},{"id":164,"url":"http:\/\/aynakol.org\/?p=164","url_meta":{"origin":500,"position":3},"title":"Otomobilsiz \u015fehirlerde ya\u015famak m\u00fcmk\u00fcn m\u00fc?","author":"Ayd\u0131n Bez","date":"30 Eyl\u00fcl 2014","format":false,"excerpt":"\u201cD\u00fcnyan\u0131n en b\u00fcy\u00fck otomobil \u00fcreticilerine ev sahipli\u011fi yapan Almanya, 2034 y\u0131l\u0131na kadar trafikteki ara\u00e7 say\u0131s\u0131n\u0131 s\u0131f\u0131ra indirmenin yollar\u0131n\u0131 ar\u0131yor. Almanya\u2019n\u0131n en b\u00fcy\u00fck ikinci kenti Hamburg, Ye\u015fil A\u011f Plan\u0131 ad\u0131yla toplu ta\u015f\u0131may\u0131 art\u0131racak, yayalar ve bisikletlilere i\u00e7in daha fazla alan verecek yeni bir plan \u00fczerine \u00e7al\u0131\u015f\u0131yor. Plan\u0131n en \u00e7ok dikkat \u00e7eken\u2026","rel":"","context":"&quot;Bisiklet k\u00fclt\u00fcr\u00fc&quot; i\u00e7inde","block_context":{"text":"Bisiklet k\u00fclt\u00fcr\u00fc","link":"http:\/\/aynakol.org\/?cat=7"},"img":{"alt_text":"","src":"https:\/\/i0.wp.com\/aynakol.org\/wp-content\/uploads\/2014\/09\/Bikecultureincopenhagen-1024x800.jpg?resize=350%2C200","width":350,"height":200,"srcset":"https:\/\/i0.wp.com\/aynakol.org\/wp-content\/uploads\/2014\/09\/Bikecultureincopenhagen-1024x800.jpg?resize=350%2C200 1x, https:\/\/i0.wp.com\/aynakol.org\/wp-content\/uploads\/2014\/09\/Bikecultureincopenhagen-1024x800.jpg?resize=525%2C300 1.5x, https:\/\/i0.wp.com\/aynakol.org\/wp-content\/uploads\/2014\/09\/Bikecultureincopenhagen-1024x800.jpg?resize=700%2C400 2x"},"classes":[]},{"id":420,"url":"http:\/\/aynakol.org\/?p=420","url_meta":{"origin":500,"position":4},"title":"Olumsuz hava ko\u015fullar\u0131 ve bisiklet\u00e7i","author":"Ayd\u0131n Bez","date":"12 Aral\u0131k 2014","format":false,"excerpt":"Tam bir ikilem! Bisiklet\u00e7i havan\u0131n g\u00fczel olmas\u0131n\u0131 ister ve ya\u011fmurdan nefret eder. ula\u015f\u0131m\u0131n\u0131 bisikletle yapt\u0131\u011f\u0131 i\u00e7in trafi\u011fi azalt\u0131r fosil yak\u0131t t\u00fcketimini azaltt\u0131\u011f\u0131 i\u00e7in sevinir, ba\u015farma, yararl\u0131 olma duygusu ve ger\u00e7e\u011fiyle ya\u015far. Ama ya\u011fmur, kar, f\u0131rt\u0131na gibi olumsuz hava ko\u015fullar\u0131n\u0131 da sevmez, bir de \u00e7ok s\u0131cak havay\u0131. Asl\u0131nda bunlar mevsim normalleridir\u2026","rel":"","context":"&quot;Bisiklet k\u00fclt\u00fcr\u00fc&quot; i\u00e7inde","block_context":{"text":"Bisiklet k\u00fclt\u00fcr\u00fc","link":"http:\/\/aynakol.org\/?cat=7"},"img":{"alt_text":"","src":"","width":0,"height":0},"classes":[]},{"id":6611,"url":"http:\/\/aynakol.org\/?p=6611","url_meta":{"origin":500,"position":5},"title":"Giro2021 10. Etap: L&#8217;Aquila \u2192 Foligno, 140 km","author":"Ayd\u0131n Bez","date":"17 May\u0131s 2021","format":false,"excerpt":"D\u00fcnk\u00fc etapta neler olmu\u015ftu? Danan\u0131n kuyru\u011fu biraz erken mi koptu ne? L'Aquila kentinin kayak ve k\u0131\u015f turizmi merkezi Campo Felice zirvesinde sona eren 160 km uzunlu\u011fundaki 9. etab\u0131n sonunda zafere de Maglia rosaya da uzanan isim INEOS Grenadiers tak\u0131m\u0131n\u0131n Kolombiyal\u0131 lideri Egan Bernal! Bu \u015fa\u015f\u0131rt\u0131c\u0131 olacak ama Tour de France\u2026","rel":"","context":"&quot;Giro d'Italia&quot; i\u00e7inde","block_context":{"text":"Giro d'Italia","link":"http:\/\/aynakol.org\/?cat=1239"},"img":{"alt_text":"","src":"https:\/\/i0.wp.com\/aynakol.org\/wp-content\/uploads\/2021\/05\/stage7_breakeway-e1621187966516.jpg?fit=1200%2C314&resize=350%2C200","width":350,"height":200,"srcset":"https:\/\/i0.wp.com\/aynakol.org\/wp-content\/uploads\/2021\/05\/stage7_breakeway-e1621187966516.jpg?fit=1200%2C314&resize=350%2C200 1x, https:\/\/i0.wp.com\/aynakol.org\/wp-content\/uploads\/2021\/05\/stage7_breakeway-e1621187966516.jpg?fit=1200%2C314&resize=525%2C300 1.5x, https:\/\/i0.wp.com\/aynakol.org\/wp-content\/uploads\/2021\/05\/stage7_breakeway-e1621187966516.jpg?fit=1200%2C314&resize=700%2C400 2x, https:\/\/i0.wp.com\/aynakol.org\/wp-content\/uploads\/2021\/05\/stage7_breakeway-e1621187966516.jpg?fit=1200%2C314&resize=1050%2C600 3x"},"classes":[]}],"_links":{"self":[{"href":"http:\/\/aynakol.org\/index.php?rest_route=\/wp\/v2\/posts\/500","targetHints":{"allow":["GET"]}}],"collection":[{"href":"http:\/\/aynakol.org\/index.php?rest_route=\/wp\/v2\/posts"}],"about":[{"href":"http:\/\/aynakol.org\/index.php?rest_route=\/wp\/v2\/types\/post"}],"author":[{"embeddable":true,"href":"http:\/\/aynakol.org\/index.php?rest_route=\/wp\/v2\/users\/1"}],"replies":[{"embeddable":true,"href":"http:\/\/aynakol.org\/index.php?rest_route=%2Fwp%2Fv2%2Fcomments&post=500"}],"version-history":[{"count":1,"href":"http:\/\/aynakol.org\/index.php?rest_route=\/wp\/v2\/posts\/500\/revisions"}],"predecessor-version":[{"id":501,"href":"http:\/\/aynakol.org\/index.php?rest_route=\/wp\/v2\/posts\/500\/revisions\/501"}],"wp:attachment":[{"href":"http:\/\/aynakol.org\/index.php?rest_route=%2Fwp%2Fv2%2Fmedia&parent=500"}],"wp:term":[{"taxonomy":"category","embeddable":true,"href":"http:\/\/aynakol.org\/index.php?rest_route=%2Fwp%2Fv2%2Fcategories&post=500"},{"taxonomy":"post_tag","embeddable":true,"href":"http:\/\/aynakol.org\/index.php?rest_route=%2Fwp%2Fv2%2Ftags&post=500"}],"curies":[{"name":"wp","href":"https:\/\/api.w.org\/{rel}","templated":true}]}}