{"id":503,"date":"2015-01-15T17:34:51","date_gmt":"2015-01-15T14:34:51","guid":{"rendered":"http:\/\/aynakol.org\/?p=503"},"modified":"2015-01-15T23:40:58","modified_gmt":"2015-01-15T20:40:58","slug":"yagmur-sularindan-bisikletli-ulasima","status":"publish","type":"post","link":"http:\/\/aynakol.org\/?p=503","title":{"rendered":"Ya\u011fmur sular\u0131ndan bisikletli ula\u015f\u0131ma"},"content":{"rendered":"<div>\u0130stanbulun g\u00f6l ve akarsular\u0131n\u0131n zamanla yok oldu\u011funa \u00fcz\u00fclmeyin, hem de hi\u00e7! B\u00fclb\u00fcl Deresi bok i\u00e7indeymi\u015f, Riva Deresi olmu\u015f sanayi \u00e7\u00f6pl\u00fc\u011f\u00fc, B\u00fclb\u00fcl Deresi \u00fczerinden asfalt ge\u00e7mi\u015f, Ayazmadere olmu\u015f mahalle, g\u00f6ller kurumu\u015f, ku\u015flar g\u00f6\u00e7m\u00fc\u015f kime ne? \u00dcz\u00fclmeyin, g\u00f6l\u00fcn\u00fcz, dereniz aya\u011f\u0131n\u0131za geldi!<\/p>\n<div><\/div>\n<p>G\u00f6k g\u00fcrleyip de sa\u011fanak bo\u015fand\u0131\u011f\u0131nda belediyemizin hizmeti \u00fcst\u00fcn yol m\u00fchendisli\u011fi ve fen i\u015fleri i\u015fbirli\u011fiyle yollar\u0131m\u0131z bir Van G\u00f6l\u00fc, bir K\u0131z\u0131l\u0131rmak, bir Keban Baraj\u0131, bir Mavera\u00fcnnehir oluyor. Ne mutlu bize! Gidip de g\u00f6remedi\u011fimiz do\u011fal g\u00fczellikler aya\u011f\u0131m\u0131za geliyor.<\/p>\n<div><\/div>\n<p><a href=\"https:\/\/eksisozluk.com\/entry\/39859004\" target=\"_blank\">Ya\u011fmur suyuna hasret mazgallar<\/a> ya da mazgala hasret ya\u011fmur sular\u0131 devasa reklam panolar\u0131nda bo\u015f bo\u015f s\u0131r\u0131t\u0131p dini, resmi hi\u00e7bir bayram\u0131, kandili, mevl\u00fct ka\u00e7\u0131rmadan kutlayan, tebrik eden <a href=\"https:\/\/eksisozluk.com\/entry\/47922855\" target=\"_blank\">belediye ba\u015fkanlar\u0131n\u0131n<\/a> s\u00fcrekli ve devasa bir hizmeti. \u00d6yle ki her ya\u011fmurda \u00e7\u00f6ken, su basan, her kar f\u0131rt\u0131nas\u0131 sonras\u0131 a\u015f\u0131nan, un ufak olan yollar\u0131m\u0131z sa\u011fl\u0131k ve v\u00fccut b\u00fct\u00fcnl\u00fc\u011f\u00fcm\u00fcze b\u00fcy\u00fck zararlar veriyor. \u015e\u00f6yle ki akan suyun pisli\u011fi tarih olmu\u015f hastal\u0131klara davetiye \u00e7\u0131kart\u0131rken a\u015f\u0131nan, \u00e7ukurlarla dolu olan yollar\u0131n engebesi de bir yerlerimizin burkulup k\u0131r\u0131lmas\u0131na yol a\u00e7\u0131yor. \u0130ster y\u00fcr\u00fcyerek, ister bisiklet s\u00fcrerek, ister tekerlekli sandalyede, koltuk de\u011fne\u011finde veya beyaz bastonla&#8230;<\/p>\n<\/div>\n<div><\/div>\n<div>Bu \u015fehrin sokaklar\u0131nda dola\u015fmak, bir yerden bir yere gitmek, i\u015f pe\u015finde ko\u015fturmak ya\u011fmurda g\u00fcne\u015fte, baharda k\u0131\u015fta y\u00fcr\u00fcmek sapasa\u011flam olsan\u0131z bile zorken biz kalkm\u0131\u015f bir de <a href=\"http:\/\/bisikletliulasim.com\/\" target=\"_blank\">bisikletli ula\u015f\u0131m <\/a>i\u00e7in \u00e7abal\u0131yoruz! Ya\u015faman\u0131n bile \u015fansa oldu\u011fu bir yerde istedi\u011fimiz fazlas\u0131yla l\u00fcks de\u011fil mi?<\/div>\n<div><\/div>\n<div><\/div>\n<div>Danimarkal\u0131lar <a href=\"http:\/\/www.bbc.co.uk\/turkce\/haberler\/2014\/10\/141014_kopenhag_bisiklet\" target=\"_blank\">bisiklet yollar\u0131yla<\/a> \u00fclkelerini el diyarlar\u0131na ba\u011flarken Almanya gelecek yirmi be\u015f y\u0131l i\u00e7inde merkezden ta\u015fraya dek kademeli olarak <a href=\"http:\/\/www.dunya.com\/20-yil-sonra-hamburga-otomobil-giremeyecek-219990h.htm\" target=\"_blank\">\u015fehirleri otomobilden ar\u0131nd\u0131rmak<\/a> i\u00e7in planlar haz\u0131rlar, <a href=\"http:\/\/enerjienstitusu.com\/2014\/11\/15\/dunyanin-ilk-gunes-enerjisi-ureten-bisiklet-yolu-hollandada-acildi\/\" target=\"_blank\">Hollandal\u0131lar <\/a>kara k\u0131\u015f k\u0131yamet demeden \u00e7oluk \u00e7ocuk bisiklete biner, Venezuella \u00e7evreci politikalar\u0131 uygulamak i\u00e7in ilkokuldan \u00fcniversiteye \u00f6\u011frencileri bisikletli ula\u015f\u0131ma te\u015fvik ederken biz h\u00e2l\u00e2 bilmem ka\u00e7 kav\u015fakl\u0131, kelebekli, \u015feritli, double-triple yollarla, k\u00f6pr\u00fclerle, kav\u015faklarla <strong>yeni<\/strong>le\u015felim!<\/div>\n<div><\/div>\n<div><\/div>\n<div>\u0130nsana de\u011fer veren, \u00e7evreyi koruyup kollayan, s\u00fcrd\u00fcr\u00fclebilirli\u011fine inanan bir y\u00f6netime sahip olup olmad\u0131\u011f\u0131m\u0131z\u0131n aynas\u0131d\u0131r bisiklet ve yaya trafi\u011fi. Ama ne gam! Milli ula\u015f\u0131m\u0131n merkezine otomobil sanayisini alan bir \u00fclkede bunlar &#8220;\u015fimdilik&#8221; hayal.<\/div>\n<div><\/div>\n<div><\/div>\n<div>Hayal kurmaya devam edelim <a href=\"http:\/\/birtur.blogspot.com.tr\/\">blogger Duygu Can<\/a>&#8216;\u0131n s\u00f6zleriyle:<\/div>\n<blockquote>\n<div><span style=\"background-color: white;\"><em>&#8220;Yollar geni\u015f ama trafiksiz olsun. Bisikletler \u00e7o\u011funlukta, arabalar az\u0131nl\u0131kta olsun. Kald\u0131r\u0131mlar geni\u015f olsun. Bu \u015fehir g\u00fcne\u015fli olsun. \u0130nsanlar genelde sar\u0131\u015f\u0131n ve din\u00e7 olsun. Hep g\u00fcl\u00fcmsesinler. Her g\u00f6rd\u00fcklerini kucaklas\u0131nlar. Bu \u015fehir zengin olsun. Bu \u015fehrin insanlar\u0131 k\u00f6yl\u00fc olsun. Hayvanlarla ve do\u011fayla b\u00fct\u00fcn olsun. Sokaklar\u0131nda hep kahkaha olsun.&#8221;<\/em><br \/>\n<\/span><\/div>\n<\/blockquote>\n<div><\/div>\n<div><span style=\"background-color: white;\">Tamam insanlar\u0131m\u0131z sar\u0131\u015f\u0131n de\u011fil ama istenen her \u015feye sahipler, ama \u015fehirlerimiz ne yaz\u0131 ki! Yeni <a title=\"Yedi Tepesi de \u0130n\u015faat \u0130stanbul\" href=\"http:\/\/aynakol.org\/?p=378\" target=\"_blank\">T\u00fcrkiyenin \u015fehirleri birer beton y\u0131\u011f\u0131nlar\u0131<\/a>, parklar ise \u015fehir i\u00e7inde hapsolmu\u015f birer mahkum, yegane ye\u015fillikler ise mezarl\u0131klar olup \u00e7\u0131km\u0131\u015f.\u00a0<\/span><\/div>\n<div><\/div>\n<div><\/div>\n<div><span style=\"background-color: white;\">Son s\u00f6z\u00fc \u015fair Nevzat \u00c7elik s\u00f6ylesin Saklamba\u00e7 \u015fiiriyle:<\/span><\/div>\n<blockquote>\n<div><span style=\"background-color: white;\">&#8220;\u00f6n\u00fcm arkam<br \/>\nsa\u011f\u0131m solum<br \/>\nbeton<br \/>\nhey toprak<br \/>\nneredeysen \u00e7\u0131k&#8221;<\/span><\/div>\n<\/blockquote>\n<div><\/div>\n<div><strong><span style=\"text-decoration: underline;\">Daha fazlas\u0131n\u0131 okumak i\u00e7in:<\/span><\/strong><\/div>\n<ul>\n<li>Kopenang&#8217;\u0131n bisikelet y\u0131\u011f\u0131nlar\u0131: <a href=\"http:\/\/www.bbc.co.uk\/turkce\/haberler\/2014\/10\/141014_kopenhag_bisiklet\">http:\/\/www.bbc.co.uk\/turkce\/haberler\/2014\/10\/141014_kopenhag_bisiklet<\/a><\/li>\n<li>Kopenang&#8217;da bisiklet kullan\u0131m\u0131: <a href=\"http:\/\/www.dengetekeri.org\/2014\/09\/kopenhagvebisiklet.html\">http:\/\/www.dengetekeri.org\/2014\/09\/kopenhagvebisiklet.html<\/a><\/li>\n<li>Londra&#8217;n\u0131n yeni bisiklet otoban\u0131: <a href=\"http:\/\/www.mtbtr.com\/haber\/haber.asp?kayitno=3052\">http:\/\/www.mtbtr.com\/haber\/haber.asp?kayitno=3052<\/a><\/li>\n<li>G\u00fcne\u015f enerjisi \u00fcreten bisiklet yolu: <a href=\"http:\/\/enerjienstitusu.com\/2014\/11\/15\/dunyanin-ilk-gunes-enerjisi-ureten-bisiklet-yolu-hollandada-acildi\/\">http:\/\/enerjienstitusu.com\/2014\/11\/15\/dunyanin-ilk-gunes-enerjisi-ureten-bisiklet-yolu-hollandada-acildi\/<\/a><\/li>\n<li>Avrupa \u00fclkelerinde bisiklet kullan\u0131m\u0131: <a href=\"http:\/\/2wheel1saddle.wordpress.com\/category\/bisiklet-ve-medeniyet\/\">http:\/\/2wheel1saddle.wordpress.com\/category\/bisiklet-ve-medeniyet\/<\/a><\/li>\n<li>20 y\u0131l sonra Hamburg&#8217;a otomobil giremeyecek: <a href=\"http:\/\/www.dunya.com\/20-yil-sonra-hamburga-otomobil-giremeyecek-219990h.htm\">http:\/\/www.dunya.com\/20-yil-sonra-hamburga-otomobil-giremeyecek-219990h.htm<\/a><\/li>\n<li>Marecal Candido &#8211; Kahkahalar \u015eehri: <a href=\"http:\/\/birtur.blogspot.com.tr\/2012\/06\/marechal-candido-kahkahalar-sehri.html\">http:\/\/birtur.blogspot.com.tr\/2012\/06\/marechal-candido-kahkahalar-sehri.html<\/a><\/li>\n<\/ul>\n","protected":false},"excerpt":{"rendered":"<p>\u0130stanbulun g\u00f6l ve akarsular\u0131n\u0131n zamanla yok oldu\u011funa \u00fcz\u00fclmeyin, hem de hi\u00e7! B\u00fclb\u00fcl Deresi bok i\u00e7indeymi\u015f, Riva Deresi olmu\u015f sanayi \u00e7\u00f6pl\u00fc\u011f\u00fc, B\u00fclb\u00fcl Deresi \u00fczerinden asfalt ge\u00e7mi\u015f, [&#8230;]<\/p>\n","protected":false},"author":1,"featured_media":504,"comment_status":"open","ping_status":"open","sticky":false,"template":"","format":"standard","meta":{"jetpack_post_was_ever_published":false,"_jetpack_newsletter_access":"","_jetpack_dont_email_post_to_subs":false,"_jetpack_newsletter_tier_id":0,"_jetpack_memberships_contains_paywalled_content":false,"_jetpack_memberships_contains_paid_content":false,"footnotes":"","jetpack_publicize_message":"","jetpack_publicize_feature_enabled":true,"jetpack_social_post_already_shared":true,"jetpack_social_options":{"image_generator_settings":{"template":"highway","default_image_id":0,"font":"","enabled":false},"version":2}},"categories":[7],"tags":[96,432,431,428,8,17,433,112,427,430,170,118,10,429,426,13,360],"class_list":["post-503","post","type-post","status-publish","format-standard","has-post-thumbnail","hentry","category-bisiklet-kulturu","tag-arazi-bisikleti","tag-avrupa-ulkelerinde-bisiklet-kullanimi","tag-ayazmadere","tag-belediye","tag-bisiklet","tag-bisiklet-turu","tag-bisikletli-sehir","tag-bisikletli-ulasim","tag-dengetekeri","tag-firat-nehri","tag-hamburg","tag-hollanda","tag-istanbul","tag-keban-baraji","tag-merecal-candido","tag-sehir","tag-yagmur"],"jetpack_publicize_connections":[],"jetpack_featured_media_url":"https:\/\/i0.wp.com\/aynakol.org\/wp-content\/uploads\/2015\/01\/bike-commuting.gif?fit=1900%2C810","jetpack_sharing_enabled":true,"jetpack_shortlink":"https:\/\/wp.me\/p51p4O-87","jetpack_likes_enabled":true,"jetpack-related-posts":[{"id":764,"url":"http:\/\/aynakol.org\/?p=764","url_meta":{"origin":503,"position":0},"title":"Sele \u00fcst\u00fc ya\u015fam\u0131n kazand\u0131rd\u0131klar\u0131","author":"Ayd\u0131n Bez","date":"10 Mart 2015","format":false,"excerpt":"Bisikletsiz bir g\u00fcn yine, ne kadar garip hissediyorum bir bilseniz. Yaya olmaya bir t\u00fcrl\u00fc al\u0131\u015famad\u0131m, i\u015fin garibi y\u00fcr\u00fcmeyi unutmu\u015fum sanki, sakar sakar y\u00fcr\u00fcyorum yolda. Sele \u00fcst\u00fc ya\u015fam b\u00f6yle bir deneyim sunuyor insana. Mesafeleri iki teker h\u0131z\u0131nda k\u0131salt\u0131nca bir zaman bollu\u011fu ya\u015f\u0131yorum. Trafiksizlik bu olsa gerek koca bir ke\u015fmeke\u015f \u0130stanbulda. Modern\u2026","rel":"","context":"&quot;Bisiklet k\u00fclt\u00fcr\u00fc&quot; i\u00e7inde","block_context":{"text":"Bisiklet k\u00fclt\u00fcr\u00fc","link":"http:\/\/aynakol.org\/?cat=7"},"img":{"alt_text":"","src":"https:\/\/i0.wp.com\/aynakol.org\/wp-content\/uploads\/2015\/03\/09-2901-bicycle-graffiti-budapest.jpg?fit=640%2C480&resize=350%2C200","width":350,"height":200,"srcset":"https:\/\/i0.wp.com\/aynakol.org\/wp-content\/uploads\/2015\/03\/09-2901-bicycle-graffiti-budapest.jpg?fit=640%2C480&resize=350%2C200 1x, https:\/\/i0.wp.com\/aynakol.org\/wp-content\/uploads\/2015\/03\/09-2901-bicycle-graffiti-budapest.jpg?fit=640%2C480&resize=525%2C300 1.5x"},"classes":[]},{"id":771,"url":"http:\/\/aynakol.org\/?p=771","url_meta":{"origin":503,"position":1},"title":"Surly G\u00fcnl\u00fc\u011f\u00fcm #1 neden surly?","author":"Ayd\u0131n Bez","date":"1 Mart 2015","format":false,"excerpt":"Evden i\u015fe, i\u015ften eve, i\u015ften eve, evden i\u015fe... Sa\u011fa sola, bay\u0131ra \u00e7ay\u0131ra, \u00e7ar\u015f\u0131 pazarlarda deli gibi bisiklete biniyor dedikleri deli benim. Bir y\u0131la yak\u0131n s\u00fcredir yol bisikletimi kullan\u0131yorum, hem ula\u015f\u0131m he idman hem de keyif turlar\u0131 i\u00e7in. Specialized Allez Elite kadro \u00fczerine itinayla toplanan Campagnolo Veloce vites ve fren, Khamsin\u2026","rel":"","context":"&quot;Surly G\u00fcnl\u00fc\u011f\u00fcm&quot; i\u00e7inde","block_context":{"text":"Surly G\u00fcnl\u00fc\u011f\u00fcm","link":"http:\/\/aynakol.org\/?cat=601"},"img":{"alt_text":"wpid-wp-1426008175026.jpeg","src":"https:\/\/i0.wp.com\/aynakol.org\/wp-content\/uploads\/2015\/03\/wpid-wp-1426008175026-1024x768.jpeg?resize=350%2C200","width":350,"height":200,"srcset":"https:\/\/i0.wp.com\/aynakol.org\/wp-content\/uploads\/2015\/03\/wpid-wp-1426008175026-1024x768.jpeg?resize=350%2C200 1x, https:\/\/i0.wp.com\/aynakol.org\/wp-content\/uploads\/2015\/03\/wpid-wp-1426008175026-1024x768.jpeg?resize=525%2C300 1.5x, https:\/\/i0.wp.com\/aynakol.org\/wp-content\/uploads\/2015\/03\/wpid-wp-1426008175026-1024x768.jpeg?resize=700%2C400 2x"},"classes":[]},{"id":2052,"url":"http:\/\/aynakol.org\/?p=2052","url_meta":{"origin":503,"position":2},"title":"H\u0131zl\u0131 ve Pedall\u0131: Kurtdo\u011fmu\u015f K\u00f6y\u00fc","author":"Ayd\u0131n Bez","date":"10 Kas\u0131m 2015","format":false,"excerpt":"Yol bisikletlilerinin sevdi\u011fi bir \u015fey varsa o da orman i\u00e7inden ge\u00e7en tertemiz bir yoldur, bir de trafiksizlik. Malum \u0130stanbul gibi kurals\u0131zl\u0131\u011f\u0131n egemen oldu\u011fu bir trafik ke\u015fmeke\u015finde trafi\u011fin az ya da hi\u00e7 olmad\u0131\u011f\u0131 yerlere, daha \u00e7ok \u015fehrin kuzeyine do\u011fru ka\u00e7mak i\u00e7in yine bir nebze olsun trafi\u011fin i\u00e7inden s\u00fcrmek gerekiyor. Kurtdo\u011fmu\u015f K\u00f6y\u00fc\u2026","rel":"","context":"&quot;Bisiklet k\u00fclt\u00fcr\u00fc&quot; i\u00e7inde","block_context":{"text":"Bisiklet k\u00fclt\u00fcr\u00fc","link":"http:\/\/aynakol.org\/?cat=7"},"img":{"alt_text":"","src":"","width":0,"height":0},"classes":[]},{"id":4460,"url":"http:\/\/aynakol.org\/?p=4460","url_meta":{"origin":503,"position":3},"title":"Crud Road Racer MK3 \u00e7amurluk incelemesi","author":"Vegan Cyclist","date":"17 Aral\u0131k 2016","format":false,"excerpt":"Hali haz\u0131rda bu sene de Transcontinental Race yar\u0131\u015f\u0131na kat\u0131laca\u011f\u0131m ve ge\u00e7en seneki gibi idman eksikli\u011fiyle yar\u0131\u015fmak istemedi\u011fimden say\u0131l\u0131 g\u00fcnleri bo\u015f ge\u00e7memek ad\u0131na elimden geldi\u011fince pedallamak amac\u0131nday\u0131m. Haliyle mevsimlerden k\u0131\u015f ve haftan\u0131n her g\u00fcn\u00fc kapal\u0131, ya\u011f\u0131\u015fl\u0131; hele \u0130stanbul gibi altyap\u0131s\u0131 felaket bir \u015fehirde kuru kalmak imkans\u0131z! Hem kuru kalmak\u00a0hem de idmanlar\u0131\u2026","rel":"","context":"&quot;\u00dcr\u00fcn \u0130ncelemesi&quot; i\u00e7inde","block_context":{"text":"\u00dcr\u00fcn \u0130ncelemesi","link":"http:\/\/aynakol.org\/?cat=252"},"img":{"alt_text":"","src":"https:\/\/i0.wp.com\/aynakol.org\/wp-content\/uploads\/2016\/12\/DSC_01181.jpg?fit=1000%2C563&resize=350%2C200","width":350,"height":200,"srcset":"https:\/\/i0.wp.com\/aynakol.org\/wp-content\/uploads\/2016\/12\/DSC_01181.jpg?fit=1000%2C563&resize=350%2C200 1x, https:\/\/i0.wp.com\/aynakol.org\/wp-content\/uploads\/2016\/12\/DSC_01181.jpg?fit=1000%2C563&resize=525%2C300 1.5x, https:\/\/i0.wp.com\/aynakol.org\/wp-content\/uploads\/2016\/12\/DSC_01181.jpg?fit=1000%2C563&resize=700%2C400 2x"},"classes":[]},{"id":733,"url":"http:\/\/aynakol.org\/?p=733","url_meta":{"origin":503,"position":4},"title":"Sezon a\u00e7\u0131l\u0131\u015f\u0131: \u0130stanbul Bahar Klasikleri","author":"Ayd\u0131n Bez","date":"2 Mart 2015","format":false,"excerpt":"Kim ne derse desin: bu sene yaman bir k\u0131\u015f h\u00fck\u00fcm s\u00fcrd\u00fc \u0130stanbulda. Tamam, memleket sadece \u0130stanbuldan ibaret de\u011fil ama ya\u015fad\u0131\u011f\u0131m\u0131z yere g\u00f6re konu\u015fup genelleme yapmak hepimizin hastal\u0131\u011f\u0131. Hem ne demi\u015f Bab\u0131ali: \u0130stanbula kar ya\u011fmadan memlekette k\u0131\u015f ya\u015fanmaz! Aral\u0131k - \u015eubat aylar\u0131 aras\u0131nda ard\u0131 arkas\u0131\u00a0kesilmeyen sa\u011fanak ya\u011fmurlar ve \u015eubat ba\u015f\u0131 f\u0131rt\u0131na,\u2026","rel":"","context":"&quot;Gran Fondo&quot; i\u00e7inde","block_context":{"text":"Gran Fondo","link":"http:\/\/aynakol.org\/?cat=588"},"img":{"alt_text":"","src":"https:\/\/i0.wp.com\/aynakol.org\/wp-content\/uploads\/2015\/03\/wpid-%C4%B1mg_20150301_121033.jpg.jpeg?fit=1200%2C1200&resize=350%2C200","width":350,"height":200,"srcset":"https:\/\/i0.wp.com\/aynakol.org\/wp-content\/uploads\/2015\/03\/wpid-%C4%B1mg_20150301_121033.jpg.jpeg?fit=1200%2C1200&resize=350%2C200 1x, https:\/\/i0.wp.com\/aynakol.org\/wp-content\/uploads\/2015\/03\/wpid-%C4%B1mg_20150301_121033.jpg.jpeg?fit=1200%2C1200&resize=525%2C300 1.5x, https:\/\/i0.wp.com\/aynakol.org\/wp-content\/uploads\/2015\/03\/wpid-%C4%B1mg_20150301_121033.jpg.jpeg?fit=1200%2C1200&resize=700%2C400 2x, https:\/\/i0.wp.com\/aynakol.org\/wp-content\/uploads\/2015\/03\/wpid-%C4%B1mg_20150301_121033.jpg.jpeg?fit=1200%2C1200&resize=1050%2C600 3x"},"classes":[]},{"id":5873,"url":"http:\/\/aynakol.org\/?p=5873","url_meta":{"origin":503,"position":5},"title":"Giro102 6. Etap: Cassino \u2192 San Giovanni Rotondo, 238 km","author":"Ayd\u0131n Bez","date":"16 May\u0131s 2019","format":false,"excerpt":"D\u00fcnk\u00fc etapta neler olmu\u015ftu? \u00a0 140km uzunlu\u011fu ve d\u00fcze yak\u0131n profiliyle ka\u011f\u0131t \u00fczerinde kolay lokma g\u00f6r\u00fcnen Terracine kentinde sona erecek 5. Etap tanr\u0131lar\u0131 k\u0131zd\u0131rm\u0131\u015f olacak ki pelotonu ya\u011fmurla cezaland\u0131rd\u0131lar. Pelotonun g\u00fcn g\u00f6rmedik yerlerine bile suyun y\u00fcr\u00fcd\u00fc\u011f\u00fc, su ge\u00e7irmez denilen her \u015feyin Keban Baraj g\u00f6l\u00fcne d\u00f6nd\u00fc\u011f\u00fc 5. Etab\u0131n sonunda at\u0131lacak sprint\u2026","rel":"","context":"&quot;Giro d'Italia&quot; i\u00e7inde","block_context":{"text":"Giro d'Italia","link":"http:\/\/aynakol.org\/?cat=1239"},"img":{"alt_text":"","src":"https:\/\/i0.wp.com\/aynakol.org\/wp-content\/uploads\/2019\/05\/200-_FF51938-e1557994421336.jpg?fit=1001%2C425&resize=350%2C200","width":350,"height":200,"srcset":"https:\/\/i0.wp.com\/aynakol.org\/wp-content\/uploads\/2019\/05\/200-_FF51938-e1557994421336.jpg?fit=1001%2C425&resize=350%2C200 1x, https:\/\/i0.wp.com\/aynakol.org\/wp-content\/uploads\/2019\/05\/200-_FF51938-e1557994421336.jpg?fit=1001%2C425&resize=525%2C300 1.5x, https:\/\/i0.wp.com\/aynakol.org\/wp-content\/uploads\/2019\/05\/200-_FF51938-e1557994421336.jpg?fit=1001%2C425&resize=700%2C400 2x"},"classes":[]}],"_links":{"self":[{"href":"http:\/\/aynakol.org\/index.php?rest_route=\/wp\/v2\/posts\/503","targetHints":{"allow":["GET"]}}],"collection":[{"href":"http:\/\/aynakol.org\/index.php?rest_route=\/wp\/v2\/posts"}],"about":[{"href":"http:\/\/aynakol.org\/index.php?rest_route=\/wp\/v2\/types\/post"}],"author":[{"embeddable":true,"href":"http:\/\/aynakol.org\/index.php?rest_route=\/wp\/v2\/users\/1"}],"replies":[{"embeddable":true,"href":"http:\/\/aynakol.org\/index.php?rest_route=%2Fwp%2Fv2%2Fcomments&post=503"}],"version-history":[{"count":3,"href":"http:\/\/aynakol.org\/index.php?rest_route=\/wp\/v2\/posts\/503\/revisions"}],"predecessor-version":[{"id":507,"href":"http:\/\/aynakol.org\/index.php?rest_route=\/wp\/v2\/posts\/503\/revisions\/507"}],"wp:featuredmedia":[{"embeddable":true,"href":"http:\/\/aynakol.org\/index.php?rest_route=\/wp\/v2\/media\/504"}],"wp:attachment":[{"href":"http:\/\/aynakol.org\/index.php?rest_route=%2Fwp%2Fv2%2Fmedia&parent=503"}],"wp:term":[{"taxonomy":"category","embeddable":true,"href":"http:\/\/aynakol.org\/index.php?rest_route=%2Fwp%2Fv2%2Fcategories&post=503"},{"taxonomy":"post_tag","embeddable":true,"href":"http:\/\/aynakol.org\/index.php?rest_route=%2Fwp%2Fv2%2Ftags&post=503"}],"curies":[{"name":"wp","href":"https:\/\/api.w.org\/{rel}","templated":true}]}}