{"id":508,"date":"2015-01-17T00:18:53","date_gmt":"2015-01-16T21:18:53","guid":{"rendered":"http:\/\/aynakol.org\/?p=508"},"modified":"2015-01-17T00:47:58","modified_gmt":"2015-01-16T21:47:58","slug":"zirveden-cokuse-chris-froomeun-kabus-yili","status":"publish","type":"post","link":"http:\/\/aynakol.org\/?p=508","title":{"rendered":"2014 Zirveden \u00c7\u00f6k\u00fc\u015fe: Chris Froome&#8217;un kabus y\u0131l\u0131"},"content":{"rendered":"<p><a href=\"https:\/\/eksisozluk.com\/chris-froome--3030716\">Chris Froome<\/a> (ve Team SKY) i\u00e7in 2014 y\u0131l\u0131 resmen bir kabus gibiydi.<\/p>\n<p><iframe loading=\"lazy\" src=\"\/\/www.youtube.com\/embed\/CCbQGwf-Oo0\" width=\"420\" height=\"315\" frameborder=\"0\" allowfullscreen=\"allowfullscreen\"><\/iframe><\/p>\n<p>\u00d6ncesini hat\u0131rlayal\u0131m: <a href=\"http:\/\/www.steephill.tv\/2014\/tour-de-france\/previews-results\/stage-04\/\">Le Touquet-Paris-Plage \u2192 Lille<\/a> aras\u0131 pedallanan 164 km\u2019lik 4. etapta Chris Froome d\u00fc\u015fm\u00fc\u015f ve sol dizi le bile\u011finden yaralanm\u0131\u015ft\u0131. Ertesi g\u00fcn <a href=\"http:\/\/www.steephill.tv\/2014\/tour-de-france\/previews-results\/stage-05\/\">Ypres \u2192 Arenberg Porte du Hainaut<\/a> aras\u0131 pedallanan 156 km\u2019lik 5. etap ba\u015flang\u0131c\u0131nda baya\u011f\u0131 kal\u0131n bir bandaj ile yola koyulan Froome kuzeyin cehennemi arnavut kald\u0131r\u0131m\u0131 d\u00f6\u015feli yollara hen\u00fcz girilmemi\u015fken iki kere d\u00fc\u015ft\u00fc ve yar\u0131\u015f d\u0131\u015f\u0131 kald\u0131. Tak\u0131m arabas\u0131na bindi\u011finde \u00e7ekti\u011fi ac\u0131 <a href=\"http:\/\/www.dailymotion.com\/video\/x215w9p_en-hot-news-of-the-day-stage-5-ypres-arenberg-porte-du-hainaut_sport?start=2\">y\u00fcz\u00fcnden okunuyordu.<\/a><\/p>\n<p><a href=\"https:\/\/i0.wp.com\/aynakol.org\/wp-content\/uploads\/2015\/01\/chris_froome_get_in_the_car.jpg\"><img data-recalc-dims=\"1\" loading=\"lazy\" decoding=\"async\" data-attachment-id=\"520\" data-permalink=\"http:\/\/aynakol.org\/?attachment_id=520\" data-orig-file=\"https:\/\/i0.wp.com\/aynakol.org\/wp-content\/uploads\/2015\/01\/chris_froome_get_in_the_car.jpg?fit=590%2C350\" data-orig-size=\"590,350\" data-comments-opened=\"1\" data-image-meta=\"{&quot;aperture&quot;:&quot;0&quot;,&quot;credit&quot;:&quot;&quot;,&quot;camera&quot;:&quot;&quot;,&quot;caption&quot;:&quot;&quot;,&quot;created_timestamp&quot;:&quot;0&quot;,&quot;copyright&quot;:&quot;&quot;,&quot;focal_length&quot;:&quot;0&quot;,&quot;iso&quot;:&quot;0&quot;,&quot;shutter_speed&quot;:&quot;0&quot;,&quot;title&quot;:&quot;&quot;,&quot;orientation&quot;:&quot;0&quot;}\" data-image-title=\"chris_froome_get_in_the_car\" data-image-description=\"\" data-image-caption=\"\" data-large-file=\"https:\/\/i0.wp.com\/aynakol.org\/wp-content\/uploads\/2015\/01\/chris_froome_get_in_the_car.jpg?fit=590%2C350\" class=\"alignnone size-full wp-image-520\" src=\"https:\/\/i0.wp.com\/aynakol.org\/wp-content\/uploads\/2015\/01\/chris_froome_get_in_the_car.jpg?resize=590%2C350\" alt=\"chris_froome_get_in_the_car\" width=\"590\" height=\"350\" srcset=\"https:\/\/i0.wp.com\/aynakol.org\/wp-content\/uploads\/2015\/01\/chris_froome_get_in_the_car.jpg?w=590 590w, https:\/\/i0.wp.com\/aynakol.org\/wp-content\/uploads\/2015\/01\/chris_froome_get_in_the_car.jpg?resize=300%2C178 300w\" sizes=\"auto, (max-width: 590px) 100vw, 590px\" \/><\/a><\/p>\n<p><a href=\"http:\/\/www.steephill.tv\/2014\/tour-de-france\/previews-results\/stage-10\/\">Mulhouse \u2192 La Planche des Belles Filles<\/a> aras\u0131 pedallanan 161 km\u2019lik 10. etapda kaza ge\u00e7iren <a href=\"http:\/\/www.steephill.tv\/2014\/tour-de-france\/#10-results-2014\">Alberto Contador<\/a>\u2019da kanlar i\u00e7inde tak\u0131m arabas\u0131na binerken turu b\u0131rak\u0131yordu.<\/p>\n<p><video controls=\"controls\" width=\"560\" height=\"315\"><source src=\"http:\/\/www.dailymotion.com\/video\/x21gq2x_en-hot-news-of-the-day-stage-10-mulhouse-la-planche-des-belles-filles_sport?fbc=399\" \/><\/video><\/p>\n<p>Yar\u0131\u015ftan \u00e7ekilir \u00e7ekilmez tedavilerine ba\u015flanan iki genel klasman liderinden gelen en ufak haberi bile ka\u00e7\u0131rmamak i\u00e7n biz bisikletseverler Team Sky ve Froome, Tinkoff-Saxo ve Contador\u2019un sosyal medya hesaplar\u0131n\u0131, profosyonel yol bisikleti haberi sitelerini s\u00fcrekli takip eder haldeydik: Tedavileri nas\u0131l s\u00fcr\u00fcyor ve hangi a\u015famada? Kariyerleri tehlikede mi? Ne zaman bisiklete binebilirler? Hedefleri ne? \u0130spanya Bisiklet Turuna (Vuelta a Espana) kat\u0131lacaklar m\u0131?<\/p>\n<p>Chris Froome\u2019un s\u00fcratle iyile\u015fti\u011fi ve bsikletin tepesine \u00e7\u0131kt\u0131\u011f\u0131 haberi gelirken Ablerto Contador cephesinde haberler hi\u00e7 de i\u00e7 a\u00e7\u0131c\u0131 de\u011fildi. Zira, Contador diz kapa\u011f\u0131n\u0131 par\u00e7alam\u0131\u015ft\u0131 ve iyile\u015fme s\u00fcrece sanc\u0131l\u0131yd\u0131. Derken Froome Vuelta\u2019ya kat\u0131laca\u011f\u0131n\u0131 a\u00e7\u0131klad\u0131 ve olan oldu! \u0130lk a\u00e7\u0131klamas\u0131nda Vuelta\u2019ya kat\u0131lamayaca\u011f\u0131n\u0131 belirten Contador, kambersiz d\u00fc\u011f\u00fcn olmaz dercesine Vuelta\u2019ya kat\u0131laca\u011f\u0131n\u0131 a\u00e7\u0131klad\u0131.<\/p>\n<p>Tour de France 2014\u2019de lidersiz kalan Team Sky kelimenin tam anlam\u0131yla darmada\u011f\u0131n oldu, Richie Porte ile bir t\u00fcrl\u00fc istenen sonu\u00e7lar al\u0131namad\u0131\u011f\u0131 gibi etap dahi kazanamadan Team Sky evine geri d\u00f6nd\u00fc.<\/p>\n<p>Vuelta a Espana 2014 de ise Froome her zamanki gibiydi: ba\u015f\u0131 \u00f6n\u00fcnde ve s\u00fcrekli y\u00fcksek devirde pedal \u00e7eviren ve ataklar\u0131yla rakiplerini bunaltan, yar\u0131\u015f\u0131 s\u00fcr\u00fckleyip giden. Zafere olan a\u00e7l\u0131\u011f\u0131 daha bir sald\u0131rgan yapsa da kendisini rakiplerinin de silkelenmeye niyeti yoktu. Joaquin Rodriguez, Alejandro Valverde, Fabio Aru ve Vuelta \u015fampiyonu Alberto Contador\u2026<\/p>\n<p>Valverde ve Rodriguez\u2019in Fransadan kalma yorgunluklar\u0131 belli olurken Alberto, \u0130spanya Bisiklet Turu \u00f6ncesi tam olarak iyele\u015fip iyile\u015fmedi\u011fini turda g\u00f6rece\u011fini, \u0130spanyaya sadece bir iki etap almak i\u00e7in geldi\u011fini ve favorilerinin Quintana ve Froome oldu\u011funa dair a\u00e7\u0131klamalarda bulunuyordu s\u00f6yle\u015filerinde.<\/p>\n<p>Quintana\u2019n\u0131n zamana kar\u015f\u0131 etab\u0131 ve sonraki etapta ge\u00e7irdi\u011fi kazalar nedeniyle saf d\u0131\u015f\u0131 kald\u0131\u011f\u0131 <a href=\"http:\/\/en.wikipedia.org\/wiki\/2014_Vuelta_a_Espa%C3%B1a\">Vuelta\u2019da<\/a> meydan Contador ve Froome ikilisine kal\u0131rken bizlere de ekran ba\u015f\u0131nda heyecanlanmak d\u00fc\u015f\u00fcyordu. Valverde ve Rodriguez Fransa yorgunu olarak ikisini kam\u00e7\u0131l\u0131yordu. Her ne kadar Froome, Contador\u2019u zorlasa da Astana\u2019n\u0131n yeni y\u0131ld\u0131z\u0131 Fabio Aru da kendisini zorluyordu.<\/p>\n<p><iframe loading=\"lazy\" src=\"\/\/www.youtube.com\/embed\/YopkBv-z3r8\" width=\"560\" height=\"315\" frameborder=\"0\" allowfullscreen=\"allowfullscreen\"><\/iframe><\/p>\n<p>16 (<a href=\"http:\/\/www.steephill.tv\/2014\/vuelta-a-espana\/#16-results-2014\">San Mart\u00edn del Rey Aurelio \u2192 La Farrapona. Lago de Somiedo, 161 km<\/a>) ve 20. (<a href=\"http:\/\/www.steephill.tv\/2014\/vuelta-a-espana\/#20-results-2014\">Santo Estevo de Ribas de Sil \u2192 Puerto de Ancares, 186 km<\/a>) etaplar\u0131n son t\u0131rman\u0131\u015flar\u0131nda biti\u015fe 1 km kala Alberto Contador\u2019a ge\u00e7ilirken sezonu zaferle kapatamaman\u0131n ac\u0131s\u0131 y\u00fcz\u00fcne oturuyordu.<\/p>\n<p><iframe loading=\"lazy\" src=\"\/\/www.youtube.com\/embed\/wGCS_7zBaWk\" width=\"560\" height=\"315\" frameborder=\"0\" allowfullscreen=\"allowfullscreen\"><\/iframe><\/p>\n<p>Froome, 2014 y\u0131l\u0131n\u0131n son b\u00fcy\u00fck turunda Fabio Aru ve Alberto Contador\u2019u zirveye ta\u015f\u0131maya hizmet etti, adeta bir zamanlar Sir Bradley \u201cWiggo\u201d Wiggins i\u00e7in <i>domestique <\/i>yapmas\u0131 gibi. Aru\u2019yu zirveye <a href=\"http:\/\/www.steephill.tv\/2014\/vuelta-a-espana\/#18-results-2014\">ta\u015f\u0131d\u0131<\/a>, \u00e7\u00fcnk\u00fc Aru bir genel klasman aday\u0131n\u0131n pe\u015finden bir an bile ayr\u0131lmay\u0131p zafere ula\u015ft\u0131.<\/p>\n<p><iframe loading=\"lazy\" src=\"\/\/www.youtube.com\/embed\/ET1mKy8bjhU\" width=\"560\" height=\"315\" frameborder=\"0\" allowfullscreen=\"allowfullscreen\"><\/iframe><\/p>\n<p>Contador\u2019a sundu adeta Vuelta\u2019y\u0131, \u00e7\u00fcnk\u00fc Froome ve Team SKY, Tour de France da ya\u015fanan kaza sonras\u0131 toparlanamay\u0131p, sadece zafere odaklan\u0131p, dibe do\u011fru \u00e7ekildiler. Zirve biti\u015fiyle sona eren da\u011fl\u0131k etaplarda Froome s\u00fcrekli yaln\u0131zd\u0131 ve iki kez yaln\u0131z kald\u0131\u011f\u0131 Contador\u2019un \u00f6l\u00fcmc\u00fcl ataklar\u0131na kar\u015f\u0131 s\u00fcrekli \u00e7aresiz kald\u0131, kendisini fazlas\u0131yla h\u0131rpalad\u0131. Asl\u0131nda yaln\u0131z kalan ikisi de\u011fil Team Sky ve kendisiydi. Alberto Contador\u2019a bak\u0131nca bu denli d\u00fc\u015f\u00fc\u015ften sonra ikinci toparlanmas\u0131yd\u0131: birincisi doping ve zaferlerinin elinden al\u0131nmas\u0131, ikincisi de y\u0131l i\u00e7inde ge\u00e7irdi\u011fi kaza.<\/p>\n<p><a href=\"https:\/\/i0.wp.com\/aynakol.org\/wp-content\/uploads\/2015\/01\/chris_froome_wedding.jpg\"><img data-recalc-dims=\"1\" loading=\"lazy\" decoding=\"async\" data-attachment-id=\"519\" data-permalink=\"http:\/\/aynakol.org\/?attachment_id=519\" data-orig-file=\"https:\/\/i0.wp.com\/aynakol.org\/wp-content\/uploads\/2015\/01\/chris_froome_wedding.jpg?fit=600%2C400\" data-orig-size=\"600,400\" data-comments-opened=\"1\" data-image-meta=\"{&quot;aperture&quot;:&quot;0&quot;,&quot;credit&quot;:&quot;&quot;,&quot;camera&quot;:&quot;&quot;,&quot;caption&quot;:&quot;&quot;,&quot;created_timestamp&quot;:&quot;0&quot;,&quot;copyright&quot;:&quot;&quot;,&quot;focal_length&quot;:&quot;0&quot;,&quot;iso&quot;:&quot;0&quot;,&quot;shutter_speed&quot;:&quot;0&quot;,&quot;title&quot;:&quot;&quot;,&quot;orientation&quot;:&quot;0&quot;}\" data-image-title=\"chris_froome_wedding\" data-image-description=\"\" data-image-caption=\"\" data-large-file=\"https:\/\/i0.wp.com\/aynakol.org\/wp-content\/uploads\/2015\/01\/chris_froome_wedding.jpg?fit=600%2C400\" class=\"alignnone size-full wp-image-519\" src=\"https:\/\/i0.wp.com\/aynakol.org\/wp-content\/uploads\/2015\/01\/chris_froome_wedding.jpg?resize=600%2C400\" alt=\"chris_froome_wedding\" width=\"600\" height=\"400\" srcset=\"https:\/\/i0.wp.com\/aynakol.org\/wp-content\/uploads\/2015\/01\/chris_froome_wedding.jpg?w=600 600w, https:\/\/i0.wp.com\/aynakol.org\/wp-content\/uploads\/2015\/01\/chris_froome_wedding.jpg?resize=300%2C200 300w\" sizes=\"auto, (max-width: 600px) 100vw, 600px\" \/><\/a><\/p>\n<p>Ancak bu demek de\u011fildir ki bu sene kendisi i\u00e7in berbat ge\u00e7ti! Hayat sadece bisiklet de\u011fil, i\u015fimiz de de\u011fil. Sessiz sedas\u0131z <a href=\"https:\/\/twitter.com\/chrisfroome\/status\/531485725867646976\/photo\/1\">d\u00fcnya evine girdi <\/a>Chris Froome. En b\u00fcy\u00fck zaferi bir kad\u0131n\u0131n kalbini fethetmesiydi \u015f\u00fcphesiz 2014 y\u0131l\u0131nda!<\/p>\n<p>Merakl\u0131s\u0131na bir ba\u015fka Chris Froome yaz\u0131s\u0131: <a title=\"Ayak\u00fcst\u00fc Chris Froome Sohbeti\" href=\"http:\/\/aynakol.org\/?p=429\">Ayak\u00fcst\u00fc Chris Froome sohbeti<\/a><\/p>\n","protected":false},"excerpt":{"rendered":"<p>Chris Froome (ve Team SKY) i\u00e7in 2014 y\u0131l\u0131 resmen bir kabus gibiydi. \u00d6ncesini hat\u0131rlayal\u0131m: Le Touquet-Paris-Plage \u2192 Lille aras\u0131 pedallanan 164 km\u2019lik 4. etapta Chris [&#8230;]<\/p>\n","protected":false},"author":1,"featured_media":521,"comment_status":"open","ping_status":"open","sticky":false,"template":"","format":"standard","meta":{"jetpack_post_was_ever_published":false,"_jetpack_newsletter_access":"","_jetpack_dont_email_post_to_subs":false,"_jetpack_newsletter_tier_id":0,"_jetpack_memberships_contains_paywalled_content":false,"_jetpack_memberships_contains_paid_content":false,"footnotes":"","jetpack_publicize_message":"","jetpack_publicize_feature_enabled":true,"jetpack_social_post_already_shared":true,"jetpack_social_options":{"image_generator_settings":{"template":"highway","default_image_id":0,"font":"","enabled":false},"version":2}},"categories":[92],"tags":[19,65,24,17,214,26,25,150,434,233,64,436,151,217,22,222,435,31,136,35,21,20,30,18,34,14,234,215],"class_list":["post-508","post","type-post","status-publish","format-standard","has-post-thumbnail","hentry","category-grand","tag-alberto-contador","tag-alejandro-valverde","tag-astana","tag-bisiklet-turu","tag-bradley-wiggins","tag-chris-froome","tag-fabio-aru","tag-fransa-bisiklet-turu","tag-froome","tag-ispanya-bisiklet-turu","tag-joaquin-rodriguez","tag-kathusa","tag-le-tour","tag-le-tour-de-france-2","tag-movistar","tag-nairo-quintana","tag-pinarello","tag-saxo","tag-specialized","tag-tdf","tag-team-kathusa","tag-team-sky","tag-tinkoff","tag-tinkoff-saxo","tag-tour-de-france","tag-vuelta","tag-vuelta-a-espana","tag-wiggo"],"jetpack_publicize_connections":[],"jetpack_featured_media_url":"https:\/\/i0.wp.com\/aynakol.org\/wp-content\/uploads\/2015\/01\/new-chris-froome-injured-tour-de-france.jpg?fit=1200%2C900","jetpack_sharing_enabled":true,"jetpack_shortlink":"https:\/\/wp.me\/p51p4O-8c","jetpack_likes_enabled":true,"jetpack-related-posts":[{"id":534,"url":"http:\/\/aynakol.org\/?p=534","url_meta":{"origin":508,"position":0},"title":"Yeni Bir Y\u0131ld\u0131z Do\u011fuyor: Fabio Aru","author":"Ayd\u0131n Bez","date":"20 Ocak 2015","format":false,"excerpt":"2014 y\u0131l\u0131 erkek profosyonel yol bisikletinin kimi g\u00f6zde sporcular\u0131 i\u00e7in k\u00f6t\u00fc bir y\u0131ld\u0131. Neticede g\u00f6zler sadece kazananlar\u0131 g\u00f6r\u00fcyor, kaybedenleri e\u011fer ilgi \u00e7ekici bir hikayesi yoksa hepten unutuyor. Senenin kaybedenini bir \u00f6nceki yaz\u0131m\u0131zda ele alm\u0131\u015ft\u0131k: Chris Froome ve Team Sky. Kazanan\u0131 ise Kazakistan tak\u0131m\u0131 Astana\u2019da yer alan 1990 do\u011fumlu \u0130talyan pedal\u2026","rel":"","context":"&quot;Grand Tour&quot; i\u00e7inde","block_context":{"text":"Grand Tour","link":"http:\/\/aynakol.org\/?cat=92"},"img":{"alt_text":"","src":"https:\/\/i0.wp.com\/aynakol.org\/wp-content\/uploads\/2015\/01\/giro_italia_stage_15_aru_victory1.jpeg?fit=1001%2C756&resize=350%2C200","width":350,"height":200,"srcset":"https:\/\/i0.wp.com\/aynakol.org\/wp-content\/uploads\/2015\/01\/giro_italia_stage_15_aru_victory1.jpeg?fit=1001%2C756&resize=350%2C200 1x, https:\/\/i0.wp.com\/aynakol.org\/wp-content\/uploads\/2015\/01\/giro_italia_stage_15_aru_victory1.jpeg?fit=1001%2C756&resize=525%2C300 1.5x, https:\/\/i0.wp.com\/aynakol.org\/wp-content\/uploads\/2015\/01\/giro_italia_stage_15_aru_victory1.jpeg?fit=1001%2C756&resize=700%2C400 2x"},"classes":[]},{"id":249,"url":"http:\/\/aynakol.org\/?p=249","url_meta":{"origin":508,"position":1},"title":"Ve huzurlar\u0131n\u0131zda 102. le Tour de France!","author":"Ayd\u0131n Bez","date":"23 Ekim 2014","format":false,"excerpt":"102. kez d\u00fczenlenecek d\u00fcnyan\u0131n olimpiyatlardan sonra en \u00e7ok ilgi \u00e7eken spor olay\u0131 le Tour de France 2015 sunumu bug\u00fcn yap\u0131ld\u0131. 4-26 Temmuz tarihleri aras\u0131nda yap\u0131lacak olan tur Hollanda'n\u0131n Utrect \u015fehrinden ba\u015flay\u0131p Bel\u00e7ika'dan ge\u00e7erek yine her zamanki gibi Paris'te bitecek. Heyecanl\u0131 bir tur olaca\u011f\u0131 kesin. \u00c7\u00fcnk\u00fc Roubaix'nin kald\u0131r\u0131m ta\u015flar\u0131 da var\u2026","rel":"","context":"&quot;Grand Tour&quot; i\u00e7inde","block_context":{"text":"Grand Tour","link":"http:\/\/aynakol.org\/?cat=92"},"img":{"alt_text":"","src":"https:\/\/i0.wp.com\/aynakol.org\/wp-content\/uploads\/2014\/10\/tdf_2015_poster.png?fit=745%2C575&resize=350%2C200","width":350,"height":200,"srcset":"https:\/\/i0.wp.com\/aynakol.org\/wp-content\/uploads\/2014\/10\/tdf_2015_poster.png?fit=745%2C575&resize=350%2C200 1x, https:\/\/i0.wp.com\/aynakol.org\/wp-content\/uploads\/2014\/10\/tdf_2015_poster.png?fit=745%2C575&resize=525%2C300 1.5x, https:\/\/i0.wp.com\/aynakol.org\/wp-content\/uploads\/2014\/10\/tdf_2015_poster.png?fit=745%2C575&resize=700%2C400 2x"},"classes":[]},{"id":2071,"url":"http:\/\/aynakol.org\/?p=2071","url_meta":{"origin":508,"position":2},"title":"2015 sezonunun unutulmazlar\u0131: La Pierre Saint-Martin zirvesinden sar\u0131 mayoya","author":"Ayd\u0131n Bez","date":"25 Kas\u0131m 2015","format":false,"excerpt":"\u015e\u00fcphesiz bu seneki Le tour de France'da en \u00e7ok konu\u015fulan Team SKY'\u0131n g\u00fc\u00e7l\u00fc treni ve lideri Chris Froome idi. Zira Team SKY ve Froome o kadar g\u00fc\u00e7l\u00fcyd\u00fc ki ilk da\u011fl\u0131k etap sonras\u0131 peloton hakimiyeti kabullendi, genel klasman favorileri, Nibali hari\u00e7, boyun e\u011fdi. Hakk\u0131n\u0131 yemeyelim Quintana'n\u0131n ama o da yetersiz kald\u0131.\u2026","rel":"","context":"&quot;Bisiklet k\u00fclt\u00fcr\u00fc&quot; i\u00e7inde","block_context":{"text":"Bisiklet k\u00fclt\u00fcr\u00fc","link":"http:\/\/aynakol.org\/?cat=7"},"img":{"alt_text":"","src":"https:\/\/i0.wp.com\/aynakol.org\/wp-content\/uploads\/2015\/11\/tdf2015_stage10_winner_chris_froome_victory.jpg?fit=1001%2C526&resize=350%2C200","width":350,"height":200,"srcset":"https:\/\/i0.wp.com\/aynakol.org\/wp-content\/uploads\/2015\/11\/tdf2015_stage10_winner_chris_froome_victory.jpg?fit=1001%2C526&resize=350%2C200 1x, https:\/\/i0.wp.com\/aynakol.org\/wp-content\/uploads\/2015\/11\/tdf2015_stage10_winner_chris_froome_victory.jpg?fit=1001%2C526&resize=525%2C300 1.5x, https:\/\/i0.wp.com\/aynakol.org\/wp-content\/uploads\/2015\/11\/tdf2015_stage10_winner_chris_froome_victory.jpg?fit=1001%2C526&resize=700%2C400 2x"},"classes":[]},{"id":37,"url":"http:\/\/aynakol.org\/?p=37","url_meta":{"origin":508,"position":3},"title":"Vuelta (a Espa\u00f1a) 2014, 18. etap","author":"Ayd\u0131n Bez","date":"11 Eyl\u00fcl 2014","format":false,"excerpt":"Vuelta (a Espa\u00f1a) 2014, 18. etap Dinlenme g\u00fcn\u00fc sonras\u0131 en h\u0131zl\u0131 pedallar\u0131n (sprinter) m\u00fccadelesi bir bak\u0131ma t\u0131rman\u0131\u015f\u00e7\u0131lar\u0131n da dinlenmesi demekti. Nitekim \u00f6yle de oldu. 17. etab\u0131 alan Giant - Shimano tak\u0131m\u0131ndan Degenkolb ile birlikte biti\u015f \u00e7izgisine girenlerin hepsi genel klasman iddias\u0131 olmayan sprinter pedallardan olu\u015fuyordu. Bug\u00fcn A Estrada ile Monte\u2026","rel":"","context":"&quot;Vuelta a Espana&quot; i\u00e7inde","block_context":{"text":"Vuelta a Espana","link":"http:\/\/aynakol.org\/?cat=91"},"img":{"alt_text":"","src":"https:\/\/i0.wp.com\/aynakol.org\/wp-content\/uploads\/2014\/09\/vuelta_2014_stage_18_profile.jpg?resize=350%2C200","width":350,"height":200,"srcset":"https:\/\/i0.wp.com\/aynakol.org\/wp-content\/uploads\/2014\/09\/vuelta_2014_stage_18_profile.jpg?resize=350%2C200 1x, https:\/\/i0.wp.com\/aynakol.org\/wp-content\/uploads\/2014\/09\/vuelta_2014_stage_18_profile.jpg?resize=525%2C300 1.5x, https:\/\/i0.wp.com\/aynakol.org\/wp-content\/uploads\/2014\/09\/vuelta_2014_stage_18_profile.jpg?resize=700%2C400 2x"},"classes":[]},{"id":2084,"url":"http:\/\/aynakol.org\/?p=2084","url_meta":{"origin":508,"position":4},"title":"2015 sezonunun unutulmazlar\u0131: Nibali is alive!","author":"Ayd\u0131n Bez","date":"26 Kas\u0131m 2015","format":false,"excerpt":"Ge\u00e7en senenin TdF \u015fampiyonu Nibali'yi unutmak m\u00fcmk\u00fcn m\u00fc? \u00dc\u00e7 b\u00fcy\u00fck turu kazanan 6 isimden sonuncusu Nibali ge\u00e7en sene hem d\u00f6rt\u00a0etap kazanm\u0131\u015f hem de sar\u0131 mayoyu ele ge\u00e7irdi\u011fi andan itibaren b\u0131rakmam\u0131\u015ft\u0131. Pek de iyi bir sezon ge\u00e7irmeyen Nibali'ye a\u00e7\u0131k\u00e7as\u0131 TdF2015'de di\u015fe di\u015f kana kan bir m\u00fccadele i\u00e7inde ge\u00e7en 19. etab\u0131 kazanmak\u2026","rel":"","context":"&quot;Bisiklet k\u00fclt\u00fcr\u00fc&quot; i\u00e7inde","block_context":{"text":"Bisiklet k\u00fclt\u00fcr\u00fc","link":"http:\/\/aynakol.org\/?cat=7"},"img":{"alt_text":"","src":"https:\/\/i0.wp.com\/aynakol.org\/wp-content\/uploads\/2015\/11\/tdf2015_stage19_winner_nibali.jpg?fit=1001%2C666&resize=350%2C200","width":350,"height":200,"srcset":"https:\/\/i0.wp.com\/aynakol.org\/wp-content\/uploads\/2015\/11\/tdf2015_stage19_winner_nibali.jpg?fit=1001%2C666&resize=350%2C200 1x, https:\/\/i0.wp.com\/aynakol.org\/wp-content\/uploads\/2015\/11\/tdf2015_stage19_winner_nibali.jpg?fit=1001%2C666&resize=525%2C300 1.5x, https:\/\/i0.wp.com\/aynakol.org\/wp-content\/uploads\/2015\/11\/tdf2015_stage19_winner_nibali.jpg?fit=1001%2C666&resize=700%2C400 2x"},"classes":[]},{"id":4035,"url":"http:\/\/aynakol.org\/?p=4035","url_meta":{"origin":508,"position":5},"title":"TdF2016: Bir g\u00fcn sonra","author":"Ayd\u0131n Bez","date":"26 Temmuz 2016","format":false,"excerpt":"Bundan tam 24 g\u00fcn \u00f6nce \u015fu sat\u0131rlar\u0131 yazm\u0131\u015ft\u0131k: \"Toplam 23 g\u00fcn (21 yar\u0131\u015f, 2 de dinlenme g\u00fcn\u00fc dahil) s\u00fcrecek 3535 km uzunlu\u011fundaki m\u00fccadelenin sonunda 198 pedal Maillot Jaune, yani Sar\u0131 Mayo i\u00e7in sava\u015facak, ancak sadece birisi kazanacak.\" Evet, 3535 km yol kan, ter, ac\u0131, g\u00f6zya\u015f\u0131 ve hepsinin sonunda ba\u015farman\u0131n mutlulu\u011fuyla\u2026","rel":"","context":"&quot;Tour de France&quot; i\u00e7inde","block_context":{"text":"Tour de France","link":"http:\/\/aynakol.org\/?cat=89"},"img":{"alt_text":"","src":"https:\/\/i0.wp.com\/aynakol.org\/wp-content\/uploads\/2016\/07\/TDF2016_stafe21_zafer_-e1469484279309.jpg?fit=1200%2C615&resize=350%2C200","width":350,"height":200,"srcset":"https:\/\/i0.wp.com\/aynakol.org\/wp-content\/uploads\/2016\/07\/TDF2016_stafe21_zafer_-e1469484279309.jpg?fit=1200%2C615&resize=350%2C200 1x, https:\/\/i0.wp.com\/aynakol.org\/wp-content\/uploads\/2016\/07\/TDF2016_stafe21_zafer_-e1469484279309.jpg?fit=1200%2C615&resize=525%2C300 1.5x, https:\/\/i0.wp.com\/aynakol.org\/wp-content\/uploads\/2016\/07\/TDF2016_stafe21_zafer_-e1469484279309.jpg?fit=1200%2C615&resize=700%2C400 2x, https:\/\/i0.wp.com\/aynakol.org\/wp-content\/uploads\/2016\/07\/TDF2016_stafe21_zafer_-e1469484279309.jpg?fit=1200%2C615&resize=1050%2C600 3x"},"classes":[]}],"_links":{"self":[{"href":"http:\/\/aynakol.org\/index.php?rest_route=\/wp\/v2\/posts\/508","targetHints":{"allow":["GET"]}}],"collection":[{"href":"http:\/\/aynakol.org\/index.php?rest_route=\/wp\/v2\/posts"}],"about":[{"href":"http:\/\/aynakol.org\/index.php?rest_route=\/wp\/v2\/types\/post"}],"author":[{"embeddable":true,"href":"http:\/\/aynakol.org\/index.php?rest_route=\/wp\/v2\/users\/1"}],"replies":[{"embeddable":true,"href":"http:\/\/aynakol.org\/index.php?rest_route=%2Fwp%2Fv2%2Fcomments&post=508"}],"version-history":[{"count":9,"href":"http:\/\/aynakol.org\/index.php?rest_route=\/wp\/v2\/posts\/508\/revisions"}],"predecessor-version":[{"id":524,"href":"http:\/\/aynakol.org\/index.php?rest_route=\/wp\/v2\/posts\/508\/revisions\/524"}],"wp:featuredmedia":[{"embeddable":true,"href":"http:\/\/aynakol.org\/index.php?rest_route=\/wp\/v2\/media\/521"}],"wp:attachment":[{"href":"http:\/\/aynakol.org\/index.php?rest_route=%2Fwp%2Fv2%2Fmedia&parent=508"}],"wp:term":[{"taxonomy":"category","embeddable":true,"href":"http:\/\/aynakol.org\/index.php?rest_route=%2Fwp%2Fv2%2Fcategories&post=508"},{"taxonomy":"post_tag","embeddable":true,"href":"http:\/\/aynakol.org\/index.php?rest_route=%2Fwp%2Fv2%2Ftags&post=508"}],"curies":[{"name":"wp","href":"https:\/\/api.w.org\/{rel}","templated":true}]}}