{"id":5173,"date":"2017-07-13T10:10:36","date_gmt":"2017-07-13T07:10:36","guid":{"rendered":"http:\/\/aynakol.org\/?p=5173"},"modified":"2017-07-13T18:28:20","modified_gmt":"2017-07-13T15:28:20","slug":"tdf2017-12-etap-pau-%e2%86%92-peyragudes-214-km","status":"publish","type":"post","link":"http:\/\/aynakol.org\/?p=5173","title":{"rendered":"#TdF2017 12. Etap: \tPau \u2192 Peyragudes, 214 km"},"content":{"rendered":"<p><span style=\"font-family: georgia, palatino, serif; font-size: 12pt;\">Dinlenme g\u00fcn\u00fc sonras\u0131 Marcel Kittel&#8217;in kazand\u0131\u011f\u0131 pe\u015f pe\u015fe iki sprint etab\u0131 geride kal\u0131rken y\u00fcz\u00fcm\u00fcz\u00fc da\u011flara \u00e7evirmenin zaman\u0131 geldi. Art\u0131k genel klasman hesab\u0131 da\u011flarda g\u00f6r\u00fclecek! Sprint etaplar\u0131 diyerek k\u00fc\u00e7\u00fcmsedi\u011fimiz san\u0131lmas\u0131n: Pelotonun \u00f6n taraf\u0131nda sprint m\u00fccadelesi ya\u015fan\u0131rken arka taraf\u0131nda ise genel klasman favorileri ve domestikleri de g\u00fcn\u00fc dinlenerek ge\u00e7iriyorlar. Dinlenme g\u00fcn\u00fc sonras\u0131 pedallanan 10 ve 11. etaplar bir bak\u0131ma peloton i\u00e7in aktif dinlenme g\u00fcnleriydi.\u00a0<\/span><\/p>\n<div id=\"attachment_5163\" style=\"width: 870px\" class=\"wp-caption aligncenter\"><img data-recalc-dims=\"1\" loading=\"lazy\" decoding=\"async\" aria-describedby=\"caption-attachment-5163\" data-attachment-id=\"5163\" data-permalink=\"http:\/\/aynakol.org\/?attachment_id=5163\" data-orig-file=\"https:\/\/i0.wp.com\/aynakol.org\/wp-content\/uploads\/2017\/07\/TdF2017_stage10_breakaway.jpg?fit=1200%2C900\" data-orig-size=\"1200,900\" data-comments-opened=\"1\" data-image-meta=\"{&quot;aperture&quot;:&quot;0&quot;,&quot;credit&quot;:&quot;&quot;,&quot;camera&quot;:&quot;&quot;,&quot;caption&quot;:&quot;&quot;,&quot;created_timestamp&quot;:&quot;0&quot;,&quot;copyright&quot;:&quot;&quot;,&quot;focal_length&quot;:&quot;0&quot;,&quot;iso&quot;:&quot;0&quot;,&quot;shutter_speed&quot;:&quot;0&quot;,&quot;title&quot;:&quot;&quot;,&quot;orientation&quot;:&quot;0&quot;}\" data-image-title=\"TdF2017_stage10_breakaway\" data-image-description=\"\" data-image-caption=\"&lt;p&gt;9. etab\u0131n talihsiz ka\u00e7aklar\u0131 son 7 kMde pelotona yakalanmaktan kurtulamad\u0131!&lt;\/p&gt;\n\" data-large-file=\"https:\/\/i0.wp.com\/aynakol.org\/wp-content\/uploads\/2017\/07\/TdF2017_stage10_breakaway.jpg?fit=860%2C645\" class=\"size-large wp-image-5163\" src=\"https:\/\/i0.wp.com\/aynakol.org\/wp-content\/uploads\/2017\/07\/TdF2017_stage10_breakaway.jpg?resize=860%2C645\" alt=\"\" width=\"860\" height=\"645\" srcset=\"https:\/\/i0.wp.com\/aynakol.org\/wp-content\/uploads\/2017\/07\/TdF2017_stage10_breakaway.jpg?resize=1024%2C768 1024w, https:\/\/i0.wp.com\/aynakol.org\/wp-content\/uploads\/2017\/07\/TdF2017_stage10_breakaway.jpg?resize=300%2C225 300w, https:\/\/i0.wp.com\/aynakol.org\/wp-content\/uploads\/2017\/07\/TdF2017_stage10_breakaway.jpg?resize=768%2C576 768w, https:\/\/i0.wp.com\/aynakol.org\/wp-content\/uploads\/2017\/07\/TdF2017_stage10_breakaway.jpg?w=1200 1200w\" sizes=\"auto, (max-width: 860px) 100vw, 860px\" \/><p id=\"caption-attachment-5163\" class=\"wp-caption-text\">9. etab\u0131n talihsiz ka\u00e7aklar\u0131 son 7 kMde pelotona yakalanmaktan kurtulamad\u0131!<\/p><\/div>\n<p><span style=\"font-family: georgia, palatino, serif; font-size: 12pt;\">Genel klasman farklar\u0131n\u0131n bu kadar yak\u0131n oldu\u011fu 12 g\u00fcn geride kal\u0131rken \u00f6n\u00fcm\u00fczdeki dinlenme g\u00fcn\u00fcne dek sadece iki sprint etab\u0131 var. Farklar\u0131n az, umutlar \u0131n \u00e7ok oldu\u011fu bu hafta hesab\u0131n da\u011flarda g\u00f6r\u00fclece\u011fini s\u00f6yledik. Pirenelerden Massif Central s\u0131ra da\u011flar\u0131na uzanaca\u011f\u0131m\u0131z bu hafta i\u00e7inde ilk dura\u011f\u0131m\u0131z\u00a0Peyragudes zirvesi!<\/span><\/p>\n<div id=\"attachment_5175\" style=\"width: 995px\" class=\"wp-caption aligncenter\"><img data-recalc-dims=\"1\" loading=\"lazy\" decoding=\"async\" aria-describedby=\"caption-attachment-5175\" data-attachment-id=\"5175\" data-permalink=\"http:\/\/aynakol.org\/?attachment_id=5175\" data-orig-file=\"https:\/\/i0.wp.com\/aynakol.org\/wp-content\/uploads\/2017\/07\/TdF2017_stage12_profile.jpg?fit=985%2C528\" data-orig-size=\"985,528\" data-comments-opened=\"1\" data-image-meta=\"{&quot;aperture&quot;:&quot;0&quot;,&quot;credit&quot;:&quot;&quot;,&quot;camera&quot;:&quot;&quot;,&quot;caption&quot;:&quot;&quot;,&quot;created_timestamp&quot;:&quot;0&quot;,&quot;copyright&quot;:&quot;&quot;,&quot;focal_length&quot;:&quot;0&quot;,&quot;iso&quot;:&quot;0&quot;,&quot;shutter_speed&quot;:&quot;0&quot;,&quot;title&quot;:&quot;&quot;,&quot;orientation&quot;:&quot;1&quot;}\" data-image-title=\"TdF2017_stage12_profile\" data-image-description=\"\" data-image-caption=\"&lt;p&gt;12. etapla birlikte genel klasman sava\u015flar\u0131 k\u0131z\u0131\u015facak!&lt;\/p&gt;\n\" data-large-file=\"https:\/\/i0.wp.com\/aynakol.org\/wp-content\/uploads\/2017\/07\/TdF2017_stage12_profile.jpg?fit=860%2C461\" class=\"size-full wp-image-5175\" src=\"https:\/\/i0.wp.com\/aynakol.org\/wp-content\/uploads\/2017\/07\/TdF2017_stage12_profile.jpg?resize=860%2C461\" alt=\"\" width=\"860\" height=\"461\" srcset=\"https:\/\/i0.wp.com\/aynakol.org\/wp-content\/uploads\/2017\/07\/TdF2017_stage12_profile.jpg?w=985 985w, https:\/\/i0.wp.com\/aynakol.org\/wp-content\/uploads\/2017\/07\/TdF2017_stage12_profile.jpg?resize=300%2C161 300w, https:\/\/i0.wp.com\/aynakol.org\/wp-content\/uploads\/2017\/07\/TdF2017_stage12_profile.jpg?resize=768%2C412 768w\" sizes=\"auto, (max-width: 860px) 100vw, 860px\" \/><p id=\"caption-attachment-5175\" class=\"wp-caption-text\">12. etapla birlikte genel klasman sava\u015flar\u0131 k\u0131z\u0131\u015facak!<\/p><\/div>\n<p><span style=\"font-family: georgia, palatino, serif; font-size: 12pt;\"><a href=\"http:\/\/www.steephill.tv\/2017\/tour-de-france\/TDF17_ET12_carte.jpg\" target=\"_blank\" rel=\"noopener\">Pau \u2192 Peyragudes aras\u0131nda<\/a> pedallanacak 12. etap 214 km uzunlu\u011funda. Fransa ve \u0130spanya aras\u0131ndaki do\u011fal s\u0131n\u0131r Pireneler s\u0131ra da\u011flar\u0131na hakim Peyragudes zirvesinde sona erecek etapta peloton toplam alt\u0131 t\u0131rman\u0131\u015fla m\u00fccadele edecek.\u00a0<\/span><\/p>\n<p><span style=\"font-family: georgia, palatino, serif; font-size: 12pt;\">Elit t\u0131rman\u0131\u015f\u00e7\u0131lardan olu\u015facak pelotonda kontrol yine Team SKY&#8217;a b\u0131rak\u0131l\u0131rsa bekledi\u011fimizle kal\u0131r\u0131z. Elit t\u0131rman\u0131\u015f\u00e7\u0131lar\u0131n m\u00fccadelesine pek dahil olayan sprinter pedallar\u0131n kalabal\u0131k bir grupetto olu\u015fturaca\u011f\u0131 etapta bacaklar\u0131 a\u00e7acak g\u00fcn\u00fcn ilk t\u0131rman\u0131\u015f\u0131, zirvesinden 64 km&#8217;de ge\u00e7ilecek\u00a0<span class=\"place\">C\u00f4te de Capvern (Cat4 s\u0131n\u0131f\u0131,\u00a0<span class=\"details\">7.7 km uzunlu\u011funda, ortalama e\u011fimi 3.1%) d\u0131\u015f\u0131nda pedallanacak t\u0131rman\u0131\u015flar ise:<\/span><\/span><\/span><\/p>\n<ul style=\"list-style-type: circle;\">\n<li><span class=\"place\" style=\"font-size: 0.95em;\">111.5 km &#8211; Col des Ares: Cat2, 797 m rak\u0131m,\u00a0<\/span><span class=\"details\" style=\"font-size: 0.95em;\">7.4 km uzunluk, ort. e\u011fim 4.6%\u00a0<\/span><\/li>\n<li>139.5 km &#8211; Col de Ment\u00e9: Cat1, 1349 m rak\u0131m, 7 km uzunluk, ort. e\u011fim\u00a0<span class=\"details\" style=\"font-size: 0.95em;\">8%\u00a0<\/span><\/li>\n<li><span class=\"place\">184 km &#8211; Port de Bal\u00e8s: Cat HC, 1755 m rak\u0131m,\u00a0<\/span><span class=\"details\">11.7 uzunluk, ort. e\u011fim 7.7%<\/span><\/li>\n<li><span class=\"place\">209.5\u00a0km &#8211; Col de Peyresourde: Cat1, 1569 m rak\u0131m, uzunluk\u00a0<\/span><span class=\"details\">9.7, ort. e\u011fim \u00a07.8%<\/span><\/li>\n<li><span class=\"place\">214.5\u00a0km &#8211; Peyragudes: Cat2, 1580 m rak\u0131m,\u00a0<\/span><span class=\"details\">2.4 km uzunluk, ort. e\u011fim 8.4%\u00a0<\/span><\/li>\n<\/ul>\n<div id=\"attachment_5174\" style=\"width: 1010px\" class=\"wp-caption aligncenter\"><img data-recalc-dims=\"1\" loading=\"lazy\" decoding=\"async\" aria-describedby=\"caption-attachment-5174\" data-attachment-id=\"5174\" data-permalink=\"http:\/\/aynakol.org\/?attachment_id=5174\" data-orig-file=\"https:\/\/i0.wp.com\/aynakol.org\/wp-content\/uploads\/2017\/07\/TdF2017_stage12_finish_profile.jpg?fit=1000%2C527\" data-orig-size=\"1000,527\" data-comments-opened=\"1\" data-image-meta=\"{&quot;aperture&quot;:&quot;0&quot;,&quot;credit&quot;:&quot;&quot;,&quot;camera&quot;:&quot;&quot;,&quot;caption&quot;:&quot;&quot;,&quot;created_timestamp&quot;:&quot;0&quot;,&quot;copyright&quot;:&quot;&quot;,&quot;focal_length&quot;:&quot;0&quot;,&quot;iso&quot;:&quot;0&quot;,&quot;shutter_speed&quot;:&quot;0&quot;,&quot;title&quot;:&quot;&quot;,&quot;orientation&quot;:&quot;0&quot;}\" data-image-title=\"TdF2017_stage12_finish_profile\" data-image-description=\"\" data-image-caption=\"\" data-large-file=\"https:\/\/i0.wp.com\/aynakol.org\/wp-content\/uploads\/2017\/07\/TdF2017_stage12_finish_profile.jpg?fit=860%2C453\" class=\"wp-image-5174 size-full\" src=\"https:\/\/i0.wp.com\/aynakol.org\/wp-content\/uploads\/2017\/07\/TdF2017_stage12_finish_profile.jpg?resize=860%2C453\" alt=\"\" width=\"860\" height=\"453\" srcset=\"https:\/\/i0.wp.com\/aynakol.org\/wp-content\/uploads\/2017\/07\/TdF2017_stage12_finish_profile.jpg?w=1000 1000w, https:\/\/i0.wp.com\/aynakol.org\/wp-content\/uploads\/2017\/07\/TdF2017_stage12_finish_profile.jpg?resize=300%2C158 300w, https:\/\/i0.wp.com\/aynakol.org\/wp-content\/uploads\/2017\/07\/TdF2017_stage12_finish_profile.jpg?resize=768%2C405 768w\" sizes=\"auto, (max-width: 860px) 100vw, 860px\" \/><p id=\"caption-attachment-5174\" class=\"wp-caption-text\">Etab\u0131n son 41 km&#8217;si ciddi anlamda zorlay\u0131c\u0131: Sadece t\u0131rman\u0131\u015f de\u011fil ini\u015flerde \u00f6yle!<\/p><\/div>\n<p><span style=\"font-family: georgia, palatino, serif; font-size: 12pt;\">K\u0131sacas\u0131 kalabal\u0131k bir <em>grupetto<\/em> bizi bekliyor!<\/span><!--nextpage--><\/p>\n<p><span style=\"font-size: 12pt;\"><strong><span style=\"font-family: georgia, palatino, serif;\">Etap sonras\u0131 <\/span><\/strong><\/span><\/p>\n<p><span style=\"font-family: georgia, palatino, serif; font-size: 12pt;\">Col de Peyragudes zirvesinde sona eren 214 km uzunlu\u011fundaki 12. etapta zafere uzanan isim Ag2R La Mondiale tak\u0131m\u0131n\u0131n \u015farap sever Frans\u0131z pedal\u0131 Romain Bardet!\u00a0<\/span><\/p>\n<p><iframe loading=\"lazy\" src=\"https:\/\/www.youtube.com\/embed\/1pr7lwjgSXA\" width=\"560\" height=\"315\" frameborder=\"0\" allowfullscreen=\"allowfullscreen\"><\/iframe><\/p>\n<pre><b>12. Etap Sonu\u00e7lar\u0131\r\n<\/b><strong>1  BARDET, Romain (ALM)              5:49:38<\/strong>\r\n2  URAN URAN, Rigoberto (CDT)         +    2\r\n3  ARU, Fabio (AST)                  \r\n4  LANDA MEANA, Mikel (SKY)           +    5\r\n5  MEINTJES, Louis (UAD)              +    7\r\n6  MARTIN, Daniel (QST)               +   13\r\n7  FROOME, Christopher (SKY)          +   22\r\n8  BENNETT, George (TLJ)              +   27\r\n9  YATES, Simon (ORS)                \r\n10 NIEVE ITURRALDE, Mikel (SKY)       + 1:28\r\n11 QUINTANA, Nairo (MOV)              + 2:04\r\n12 BARGUIL, Warren (SUN)              + 2:08\r\n13 CARUSO, Damiano (BMC)              + 2:11\r\n14 CONTADOR VELASCO, Alberto (TFS)    + 2:15\r\n15 LATOUR, Pierre Roger (ALM)         + 2:59<\/pre>\n<p><span style=\"font-family: georgia, palatino, serif; font-size: 12pt;\">Bu zafer sonras\u0131 genel klasmandaki ilk 10 ismin hi\u00e7birinin Chris Froome ve Team SKY&#8217;\u0131 ge\u00e7emeyece\u011fini konu\u015furken son 500 metrede&#8230; \u00d6nce LottoNL-Jumbo tak\u0131m\u0131ndan Yeni Zellandal\u0131 George Bennett atak yap\u0131p \u00f6ne \u00e7\u0131karken Mikel Landa ata\u011f\u0131 ufak\u00a0<span class=\"text_exposed_show\">bir tempoyla n\u00f6tralize etti. Bitmek bilmeyen son 300 metrede Fabio Aru %20&#8217;lere uzanan \u00f6l\u00fcmc\u00fcl e\u011fime kar\u015f\u0131 atak yap\u0131p Team SKY zincirini par\u00e7alarken di\u011ferleri de bo\u015f durmayp Chris Froome&#8217;u tamam\u0131 ile izole edince ortal\u0131k kar\u0131\u015ft\u0131: E\u011fime bo\u011fun e\u011fdirip zafere t\u0131rmanan Bardet olurken, Maillot Jaune bug\u00fcn gen\u00e7 \u0130talyan Fabio Aru&#8217;nun s\u0131rt\u0131nda!<\/span><\/span><\/p>\n<pre><span><strong><span style=\"background-color: #eeeeee;\">12. Etap Sonras\u0131 Genel Klasmanda Son Durum\r\n<\/span><span style=\"background-color: #ffff00;\">1  ARU, Fabio (AST)             52:51:49\r\n<\/span><\/strong><\/span>2  FROOME, Christopher (SKY)      +    6\r\n3  BARDET, Romain (ALM)           +   25\r\n4  URAN URAN, Rigoberto (CDT)     +   35\r\n5  MARTIN, Daniel (QST)           + 1:41\r\n6  YATES, Simon (ORS)             + 2:13\r\n7  LANDA MEANA, Mikel (SKY)       + 2:55\r\n8  QUINTANA, Nairo (MOV)          + 4:01\r\n9  BENNETT, George (TLJ)          + 4:04\r\n10 MEINTJES, Louis (UAD)          + 4:51<\/pre>\n<p>&nbsp;<\/p>\n","protected":false},"excerpt":{"rendered":"<p>Dinlenme g\u00fcn\u00fc sonras\u0131 Marcel Kittel&#8217;in kazand\u0131\u011f\u0131 pe\u015f pe\u015fe iki sprint etab\u0131 geride kal\u0131rken y\u00fcz\u00fcm\u00fcz\u00fc da\u011flara \u00e7evirmenin zaman\u0131 geldi. Art\u0131k genel klasman hesab\u0131 da\u011flarda g\u00f6r\u00fclecek! Sprint [&#8230;]<\/p>\n","protected":false},"author":1,"featured_media":5190,"comment_status":"open","ping_status":"open","sticky":false,"template":"","format":"standard","meta":{"jetpack_post_was_ever_published":false,"_jetpack_newsletter_access":"","_jetpack_dont_email_post_to_subs":false,"_jetpack_newsletter_tier_id":0,"_jetpack_memberships_contains_paywalled_content":false,"_jetpack_memberships_contains_paid_content":false,"footnotes":"","jetpack_publicize_message":"","jetpack_publicize_feature_enabled":true,"jetpack_social_post_already_shared":false,"jetpack_social_options":{"image_generator_settings":{"template":"highway","default_image_id":0,"font":"","enabled":false},"version":2}},"categories":[89],"tags":[569,24,17,1423,1421,1270,25,150,87,1424,151,217,1425,459,453,315,72,1422,565,836,35,1420,20,34],"class_list":["post-5173","post","type-post","status-publish","format-standard","has-post-thumbnail","hentry","category-tour","tag-ag2r-la-mondiale","tag-astana","tag-bisiklet-turu","tag-bora-hansgrohe","tag-daglarin-krali","tag-direct-energie","tag-fabio-aru","tag-fransa-bisiklet-turu","tag-grand-tour","tag-greaint-thomas","tag-le-tour","tag-le-tour-de-france-2","tag-lilian-calmejane","tag-maillot-jaune","tag-marcel-kittel","tag-peter-sagan","tag-polka-dot","tag-quick-step-floors","tag-romain-bardet","tag-sari-mayo","tag-tdf","tag-tdf2017","tag-team-sky","tag-tour-de-france"],"jetpack_publicize_connections":[],"jetpack_featured_media_url":"https:\/\/i0.wp.com\/aynakol.org\/wp-content\/uploads\/2017\/07\/TdF2017_stage13_winner_Romain_Bardet1.jpg?fit=1500%2C500","jetpack_sharing_enabled":true,"jetpack_shortlink":"https:\/\/wp.me\/p51p4O-1lr","jetpack_likes_enabled":true,"jetpack-related-posts":[{"id":5155,"url":"http:\/\/aynakol.org\/?p=5155","url_meta":{"origin":5173,"position":0},"title":"#TdF2017 11. Etap: Eymet \u2192 Pau, 204 km","author":"Ayd\u0131n Bez","date":"12 Temmuz 2017","format":false,"excerpt":"Marcel Kittel'in zaferi ile sona eren 10. etap sonras\u0131 Le Tour bir sprint & ge\u00e7i\u015f etab\u0131yla daha devam ediyor. Tamam ge\u00e7i\u015f etaplar\u0131 peloton i\u00e7in \u00e7antada keklik ve dinlenmek i\u00e7in birebir, sprint etaplar\u0131 \u00e7ok denklemli m\u00fccadele i\u00e7erdi\u011fi i\u00e7in heyecan verici olabilir ancak birbirine benzer ve s\u0131k\u0131c\u0131... Genellikle Le Tour'un dinlenme g\u00fcnlerine\u2026","rel":"","context":"&quot;Tour de France&quot; i\u00e7inde","block_context":{"text":"Tour de France","link":"http:\/\/aynakol.org\/?cat=89"},"img":{"alt_text":"","src":"https:\/\/i0.wp.com\/aynakol.org\/wp-content\/uploads\/2017\/07\/TdF2017_stage11_winner_Marcel_Kittel.jpg?fit=1200%2C800&resize=350%2C200","width":350,"height":200,"srcset":"https:\/\/i0.wp.com\/aynakol.org\/wp-content\/uploads\/2017\/07\/TdF2017_stage11_winner_Marcel_Kittel.jpg?fit=1200%2C800&resize=350%2C200 1x, https:\/\/i0.wp.com\/aynakol.org\/wp-content\/uploads\/2017\/07\/TdF2017_stage11_winner_Marcel_Kittel.jpg?fit=1200%2C800&resize=525%2C300 1.5x, https:\/\/i0.wp.com\/aynakol.org\/wp-content\/uploads\/2017\/07\/TdF2017_stage11_winner_Marcel_Kittel.jpg?fit=1200%2C800&resize=700%2C400 2x, https:\/\/i0.wp.com\/aynakol.org\/wp-content\/uploads\/2017\/07\/TdF2017_stage11_winner_Marcel_Kittel.jpg?fit=1200%2C800&resize=1050%2C600 3x"},"classes":[]},{"id":5151,"url":"http:\/\/aynakol.org\/?p=5151","url_meta":{"origin":5173,"position":1},"title":"TdF2017 10. Etap: Periguex \u2192 Bergerac, 178 km","author":"Ayd\u0131n Bez","date":"11 Temmuz 2017","format":false,"excerpt":"Sava\u015f alan\u0131na d\u00f6nen kanl\u0131 9. tap sonras\u0131 dinlenen peloton bir ge\u00e7i\u015f etab\u0131yla da\u011flara olan hesapla\u015fmas\u0131na pedal pedal yakla\u015f\u0131yor. \u00c7ok de\u011fil pe\u015f pe\u015fe iki sprint etab\u0131 sonras\u0131 Pirenelerdeyiz! Periguex \u2192 Bergerac kasabalar\u0131 aras\u0131nda pedallanacak 10. etap 178 km uzunlu\u011funda. Arnaud Demare'\u0131n kendisiyle birlikte tak\u0131m\u0131n yar\u0131s\u0131n\u0131n ba\u015f\u0131n\u0131 yedi\u011fi, diskalifiye oldu\u011fu 9. etap\u2026","rel":"","context":"&quot;Tour de France&quot; i\u00e7inde","block_context":{"text":"Tour de France","link":"http:\/\/aynakol.org\/?cat=89"},"img":{"alt_text":"","src":"https:\/\/i0.wp.com\/aynakol.org\/wp-content\/uploads\/2017\/07\/TdF2017_stage10_winner_Marcel_Kittel.jpg?fit=1200%2C400&resize=350%2C200","width":350,"height":200,"srcset":"https:\/\/i0.wp.com\/aynakol.org\/wp-content\/uploads\/2017\/07\/TdF2017_stage10_winner_Marcel_Kittel.jpg?fit=1200%2C400&resize=350%2C200 1x, https:\/\/i0.wp.com\/aynakol.org\/wp-content\/uploads\/2017\/07\/TdF2017_stage10_winner_Marcel_Kittel.jpg?fit=1200%2C400&resize=525%2C300 1.5x, https:\/\/i0.wp.com\/aynakol.org\/wp-content\/uploads\/2017\/07\/TdF2017_stage10_winner_Marcel_Kittel.jpg?fit=1200%2C400&resize=700%2C400 2x, https:\/\/i0.wp.com\/aynakol.org\/wp-content\/uploads\/2017\/07\/TdF2017_stage10_winner_Marcel_Kittel.jpg?fit=1200%2C400&resize=1050%2C600 3x"},"classes":[]},{"id":5057,"url":"http:\/\/aynakol.org\/?p=5057","url_meta":{"origin":5173,"position":2},"title":"#TdF2017 2. Etap: D\u00fcsseldorf \u2192 Li\u00e8ge, 202 km","author":"Ayd\u0131n Bez","date":"2 Temmuz 2017","format":false,"excerpt":"Team SKY'\u0131n domine etti\u011fi k\u00f6t\u00fc hava ko\u015fullar\u0131n\u0131n egemen oldu\u011fu a\u00e7\u0131l\u0131\u015f etab\u0131 sonras\u0131 D\u00fcsseldorf kentini geride b\u0131rak\u0131p An\u0131tsal Klasiklerin d\u00f6rd\u00fcnc\u00fcs\u00fc\u00a0Li\u00e8ge-Bastogne-Li\u00e8ge klasi\u011finin U d\u00f6n\u00fc\u015f\u00fcne,\u00a0Li\u00e8ge kentine uzan\u0131yoruz. D\u00fcsseldorf \u2192 Li\u00e8ge aras\u0131nda pedallanacak 202 km uzunlu\u011fundaki 2. etap sprint biti\u015fine ev sahipli\u011fi yapacak bir profile sahip; ho\u015f uzunlu\u011fuyla birlikte adeta bir mini bahar klasi\u011fi!\u2026","rel":"","context":"&quot;Tour de France&quot; i\u00e7inde","block_context":{"text":"Tour de France","link":"http:\/\/aynakol.org\/?cat=89"},"img":{"alt_text":"","src":"https:\/\/i0.wp.com\/aynakol.org\/wp-content\/uploads\/2017\/07\/TDF2017_stage2_winner_Marcel_Kittel.jpg?fit=1200%2C400&resize=350%2C200","width":350,"height":200,"srcset":"https:\/\/i0.wp.com\/aynakol.org\/wp-content\/uploads\/2017\/07\/TDF2017_stage2_winner_Marcel_Kittel.jpg?fit=1200%2C400&resize=350%2C200 1x, https:\/\/i0.wp.com\/aynakol.org\/wp-content\/uploads\/2017\/07\/TDF2017_stage2_winner_Marcel_Kittel.jpg?fit=1200%2C400&resize=525%2C300 1.5x, https:\/\/i0.wp.com\/aynakol.org\/wp-content\/uploads\/2017\/07\/TDF2017_stage2_winner_Marcel_Kittel.jpg?fit=1200%2C400&resize=700%2C400 2x, https:\/\/i0.wp.com\/aynakol.org\/wp-content\/uploads\/2017\/07\/TDF2017_stage2_winner_Marcel_Kittel.jpg?fit=1200%2C400&resize=1050%2C600 3x"},"classes":[]},{"id":5217,"url":"http:\/\/aynakol.org\/?p=5217","url_meta":{"origin":5173,"position":3},"title":"#TdF2017 16. Etap: Le Puy-En-Velay \u2192 Romans-sur-Isere, 165 km","author":"Ayd\u0131n Bez","date":"18 Temmuz 2017","format":false,"excerpt":"Dinlenme g\u00fcn\u00fc geride kal\u0131rken Massif Central b\u00f6lgesini terk ediyoruz 16. etapla birlikte. Art\u0131k y\u00fcz\u00fcm\u00fcz Frans\u0131z Alplerine do\u011fru... Le Puy-En-Velay \u2192 Romans-sur-Isere aras\u0131nda pedallanacak 16. etap 165 km uzunlu\u011funda. Etap ilk 20 km'de 600 mt rak\u0131mdan ba\u015flay\u0131p 1200 mt rak\u0131ma dek irtifa kazansa da g\u00f6zler korkmas\u0131n: Sadece Cat3 s\u0131n\u0131f\u0131 bir t\u0131rman\u0131\u015f\u2026","rel":"","context":"&quot;Tour de France&quot; i\u00e7inde","block_context":{"text":"Tour de France","link":"http:\/\/aynakol.org\/?cat=89"},"img":{"alt_text":"","src":"https:\/\/i0.wp.com\/aynakol.org\/wp-content\/uploads\/2017\/07\/TdF2017_stage16_winner_Michael_Matthews.jpg?fit=1200%2C400&resize=350%2C200","width":350,"height":200,"srcset":"https:\/\/i0.wp.com\/aynakol.org\/wp-content\/uploads\/2017\/07\/TdF2017_stage16_winner_Michael_Matthews.jpg?fit=1200%2C400&resize=350%2C200 1x, https:\/\/i0.wp.com\/aynakol.org\/wp-content\/uploads\/2017\/07\/TdF2017_stage16_winner_Michael_Matthews.jpg?fit=1200%2C400&resize=525%2C300 1.5x, https:\/\/i0.wp.com\/aynakol.org\/wp-content\/uploads\/2017\/07\/TdF2017_stage16_winner_Michael_Matthews.jpg?fit=1200%2C400&resize=700%2C400 2x, https:\/\/i0.wp.com\/aynakol.org\/wp-content\/uploads\/2017\/07\/TdF2017_stage16_winner_Michael_Matthews.jpg?fit=1200%2C400&resize=1050%2C600 3x"},"classes":[]},{"id":5113,"url":"http:\/\/aynakol.org\/?p=5113","url_meta":{"origin":5173,"position":4},"title":"#TdF2017 6. Etap: Vesoul \u2192 Troyes, 216 km","author":"Ayd\u0131n Bez","date":"6 Temmuz 2017","format":false,"excerpt":"Astana tak\u0131m\u0131n\u0131n \u0130talyan pedal\u0131, y\u0131ld\u0131z\u0131 2014 Giro'dan beri parlayan Fabio Aru'nun kazand\u0131\u011f\u0131 5. etap geride kal\u0131rken yola sprint etab\u0131 ile devam ediyor peloton. Vesoul \u2192 Troyes kentleri aras\u0131nda pedallanacak 216 km uzunlu\u011fundaki etaparadaki Cat4 s\u0131n\u0131f\u0131 c\u0131l\u0131z t\u0131rman\u0131\u015flar\u0131 saymazsak d\u00fcmd\u00fcz bir profile sahip. Asl\u0131nda ge\u00e7i\u015f etab\u0131 diyebiliriz de... Etab\u0131n son 10\u2026","rel":"","context":"&quot;Tour de France&quot; i\u00e7inde","block_context":{"text":"Tour de France","link":"http:\/\/aynakol.org\/?cat=89"},"img":{"alt_text":"","src":"https:\/\/i0.wp.com\/aynakol.org\/wp-content\/uploads\/2017\/07\/TdF2017_stage6_winner_Marcel_Kittel.jpg?fit=1200%2C400&resize=350%2C200","width":350,"height":200,"srcset":"https:\/\/i0.wp.com\/aynakol.org\/wp-content\/uploads\/2017\/07\/TdF2017_stage6_winner_Marcel_Kittel.jpg?fit=1200%2C400&resize=350%2C200 1x, https:\/\/i0.wp.com\/aynakol.org\/wp-content\/uploads\/2017\/07\/TdF2017_stage6_winner_Marcel_Kittel.jpg?fit=1200%2C400&resize=525%2C300 1.5x, https:\/\/i0.wp.com\/aynakol.org\/wp-content\/uploads\/2017\/07\/TdF2017_stage6_winner_Marcel_Kittel.jpg?fit=1200%2C400&resize=700%2C400 2x, https:\/\/i0.wp.com\/aynakol.org\/wp-content\/uploads\/2017\/07\/TdF2017_stage6_winner_Marcel_Kittel.jpg?fit=1200%2C400&resize=1050%2C600 3x"},"classes":[]},{"id":5281,"url":"http:\/\/aynakol.org\/?p=5281","url_meta":{"origin":5173,"position":5},"title":"#TdF2017 21. Etup: Montgeron \u2192 Champs-Elys\u00e9es, 103 km","author":"Ayd\u0131n Bez","date":"23 Temmuz 2017","format":false,"excerpt":"Ve geldik 23 g\u00fcn, 3540 km sonra Parise... Almanyan\u0131n D\u00fcsseldorf kentinde ba\u015flayan maceran\u0131n son dura\u011f\u0131 103 km uzunlu\u011fundaki\u00a0Champs-Elys\u00e9es etab\u0131. Tabii ki son yirmi y\u0131ld\u0131r oldu\u011fu gibi Le Tour'un son g\u00fcn\u00fc\u00a0Champs-Elys\u00e9es Bulvar\u0131nda Maillot Jaune ve bisiklet sporunu onurland\u0131rmak i\u00e7in at\u0131lacak sekiz tur sonras\u0131 zafere a\u00e7 sprinter pedallar\u0131n m\u00fccadelesi ile sona erecek.\u2026","rel":"","context":"&quot;Tour de France&quot; i\u00e7inde","block_context":{"text":"Tour de France","link":"http:\/\/aynakol.org\/?cat=89"},"img":{"alt_text":"","src":"https:\/\/i0.wp.com\/aynakol.org\/wp-content\/uploads\/2017\/07\/DFW5MDBWAAA8yHC-e1500750808445.jpg?fit=1194%2C492&resize=350%2C200","width":350,"height":200,"srcset":"https:\/\/i0.wp.com\/aynakol.org\/wp-content\/uploads\/2017\/07\/DFW5MDBWAAA8yHC-e1500750808445.jpg?fit=1194%2C492&resize=350%2C200 1x, https:\/\/i0.wp.com\/aynakol.org\/wp-content\/uploads\/2017\/07\/DFW5MDBWAAA8yHC-e1500750808445.jpg?fit=1194%2C492&resize=525%2C300 1.5x, https:\/\/i0.wp.com\/aynakol.org\/wp-content\/uploads\/2017\/07\/DFW5MDBWAAA8yHC-e1500750808445.jpg?fit=1194%2C492&resize=700%2C400 2x, https:\/\/i0.wp.com\/aynakol.org\/wp-content\/uploads\/2017\/07\/DFW5MDBWAAA8yHC-e1500750808445.jpg?fit=1194%2C492&resize=1050%2C600 3x"},"classes":[]}],"_links":{"self":[{"href":"http:\/\/aynakol.org\/index.php?rest_route=\/wp\/v2\/posts\/5173","targetHints":{"allow":["GET"]}}],"collection":[{"href":"http:\/\/aynakol.org\/index.php?rest_route=\/wp\/v2\/posts"}],"about":[{"href":"http:\/\/aynakol.org\/index.php?rest_route=\/wp\/v2\/types\/post"}],"author":[{"embeddable":true,"href":"http:\/\/aynakol.org\/index.php?rest_route=\/wp\/v2\/users\/1"}],"replies":[{"embeddable":true,"href":"http:\/\/aynakol.org\/index.php?rest_route=%2Fwp%2Fv2%2Fcomments&post=5173"}],"version-history":[{"count":5,"href":"http:\/\/aynakol.org\/index.php?rest_route=\/wp\/v2\/posts\/5173\/revisions"}],"predecessor-version":[{"id":5191,"href":"http:\/\/aynakol.org\/index.php?rest_route=\/wp\/v2\/posts\/5173\/revisions\/5191"}],"wp:featuredmedia":[{"embeddable":true,"href":"http:\/\/aynakol.org\/index.php?rest_route=\/wp\/v2\/media\/5190"}],"wp:attachment":[{"href":"http:\/\/aynakol.org\/index.php?rest_route=%2Fwp%2Fv2%2Fmedia&parent=5173"}],"wp:term":[{"taxonomy":"category","embeddable":true,"href":"http:\/\/aynakol.org\/index.php?rest_route=%2Fwp%2Fv2%2Fcategories&post=5173"},{"taxonomy":"post_tag","embeddable":true,"href":"http:\/\/aynakol.org\/index.php?rest_route=%2Fwp%2Fv2%2Ftags&post=5173"}],"curies":[{"name":"wp","href":"https:\/\/api.w.org\/{rel}","templated":true}]}}