{"id":534,"date":"2015-01-20T00:41:28","date_gmt":"2015-01-19T21:41:28","guid":{"rendered":"http:\/\/aynakol.org\/?p=534"},"modified":"2015-01-20T14:01:44","modified_gmt":"2015-01-20T11:01:44","slug":"yeni-bir-yildiz-doguyor-fabio-aru","status":"publish","type":"post","link":"http:\/\/aynakol.org\/?p=534","title":{"rendered":"Yeni Bir Y\u0131ld\u0131z Do\u011fuyor: Fabio Aru"},"content":{"rendered":"<p>2014 y\u0131l\u0131 erkek profosyonel yol bisikletinin kimi g\u00f6zde sporcular\u0131 i\u00e7in k\u00f6t\u00fc bir y\u0131ld\u0131. Neticede g\u00f6zler sadece kazananlar\u0131 g\u00f6r\u00fcyor, kaybedenleri e\u011fer ilgi \u00e7ekici bir hikayesi yoksa hepten unutuyor. Senenin kaybedenini bir \u00f6nceki yaz\u0131m\u0131zda ele alm\u0131\u015ft\u0131k: <a title=\"2014 Zirveden \u00c7\u00f6k\u00fc\u015fe: Chris Froome\u2019un kabus y\u0131l\u0131\" href=\"http:\/\/aynakol.org\/?p=508\" target=\"_blank\">Chris Froome ve Team Sky<\/a>. Kazanan\u0131 ise Kazakistan tak\u0131m\u0131 <a href=\"http:\/\/en.wikipedia.org\/wiki\/Astana_Pro_Team\">Astana<\/a>\u2019da yer alan 1990 do\u011fumlu \u0130talyan pedal <a href=\"http:\/\/tr.eurosport.com\/bisiklet\/fabio-aru_prs259027\/person.shtml\">Fabio Aru<\/a>.<\/p>\n<p><a href=\"https:\/\/i0.wp.com\/aynakol.org\/wp-content\/uploads\/2015\/01\/aru_happy.jpg\"><img data-recalc-dims=\"1\" loading=\"lazy\" decoding=\"async\" data-attachment-id=\"532\" data-permalink=\"http:\/\/aynakol.org\/?attachment_id=532\" data-orig-file=\"https:\/\/i0.wp.com\/aynakol.org\/wp-content\/uploads\/2015\/01\/aru_happy.jpg?fit=1001%2C666\" data-orig-size=\"1001,666\" data-comments-opened=\"1\" data-image-meta=\"{&quot;aperture&quot;:&quot;5.6&quot;,&quot;credit&quot;:&quot;&quot;,&quot;camera&quot;:&quot;NIKON D3S&quot;,&quot;caption&quot;:&quot;2014, Giro d&#039;Italia, tappa 15 Valdengo - Montecampione, Astana 2014, Aru Fabio, Montecampione&quot;,&quot;created_timestamp&quot;:&quot;1401037558&quot;,&quot;copyright&quot;:&quot;&quot;,&quot;focal_length&quot;:&quot;122&quot;,&quot;iso&quot;:&quot;1250&quot;,&quot;shutter_speed&quot;:&quot;0.0025&quot;,&quot;title&quot;:&quot;PIC464142256&quot;,&quot;orientation&quot;:&quot;1&quot;}\" data-image-title=\"PIC464142256\" data-image-description=\"&lt;p&gt;2014, Giro d&amp;#8217;Italia, tappa 15 Valdengo &amp;#8211; Montecampione, Astana 2014, Aru Fabio, Montecampione&lt;\/p&gt;\n\" data-image-caption=\"\" data-large-file=\"https:\/\/i0.wp.com\/aynakol.org\/wp-content\/uploads\/2015\/01\/aru_happy.jpg?fit=860%2C572\" class=\"alignnone size-full wp-image-532\" src=\"https:\/\/i0.wp.com\/aynakol.org\/wp-content\/uploads\/2015\/01\/aru_happy.jpg?resize=860%2C572\" alt=\"PIC464142256\" width=\"860\" height=\"572\" srcset=\"https:\/\/i0.wp.com\/aynakol.org\/wp-content\/uploads\/2015\/01\/aru_happy.jpg?w=1001 1001w, https:\/\/i0.wp.com\/aynakol.org\/wp-content\/uploads\/2015\/01\/aru_happy.jpg?resize=300%2C200 300w, https:\/\/i0.wp.com\/aynakol.org\/wp-content\/uploads\/2015\/01\/aru_happy.jpg?resize=705%2C469 705w\" sizes=\"auto, (max-width: 860px) 100vw, 860px\" \/><\/a><\/p>\n<p>Burada sizleri <a href=\"http:\/\/en.wikipedia.org\/wiki\/Fabio_Aru\">Wikidepia<\/a> bilgilerine bo\u011fmak yerine k\u0131saca Fabio Aru\u2019nun 2014 y\u0131l\u0131nda elde etti\u011fi ba\u015far\u0131lardan bahsedelim. 2014 \u00f6ncesi herhangi bir B\u00fcy\u00fck Tur tecr\u00fcbesi olmayan Fabio Aru tak\u0131m\u0131n sportif direkt\u00f6r\u00fcn\u00fcn de iyi y\u00f6nlendirmesi ve motivasyonuyla bu sene \u0130talya (Giro d\u2019Italia) ve \u0130spanya (Vuelta a Espa\u00f1a) Bisiklet Turlar\u0131na kat\u0131ld\u0131; \u00fcstelik eli bo\u015f da d\u00f6nmedi:<\/p>\n<ul>\n<li>\u0130talyada <a href=\"http:\/\/www.steephill.tv\/2014\/giro-d-italia\/#15-results-2014\">15. etab\u0131<\/a> kazand\u0131\u011f\u0131 gibi genel s\u0131ralamada 3. s\u0131ray\u0131 elde etti.<\/li>\n<li>\u0130spanyada ise 11 ve 18. etaplar\u0131 kazan\u0131p genel s\u0131ralamada 5. oldu.<\/li>\n<li>4 g\u00fcnl\u00fck <a href=\"http:\/\/en.wikipedia.org\/wiki\/2014_Giro_del_Trentino\">Giro del Trentino yar\u0131\u015f\u0131nda genel s\u0131ralamada 7. oldu.<\/a><\/li>\n<li>Tek g\u00fcnl\u00fck <a href=\"http:\/\/en.wikipedia.org\/wiki\/2014_Giro_di_Lombardia\">Giro di Lombardia yar\u0131\u015f\u0131nda 9. oldu.<\/a><\/li>\n<\/ul>\n<p>&nbsp;<\/p>\n<p>Her ne kadar daha \u00f6nce \u0130talya\u2019da zafere ula\u015fm\u0131\u015f y\u0131ld\u0131z sporcular 2014 yar\u0131\u015f\u0131na kat\u0131lmasalar da bu Giro d\u2019Italia\u2019n\u0131n zorlu oldu\u011fu ger\u00e7e\u011fini de\u011fi\u015ftirmiyor. Kald\u0131 ki 2014\u2019de Giro\u2019da pembe mayo da\u011fl\u0131k etaplara gelene dek tam 5 kez el de\u011fi\u015ftirdi.<\/p>\n<p>\u0130lk b\u00fcy\u00fck tur zaferini kazand\u0131\u011f\u0131 217 km uzunlu\u011fundaki <a href=\"http:\/\/www.steephill.tv\/players\/profile\/?race=giro-d-italia&amp;stage=15&amp;year=2014&amp;src=http:\/\/www.steephill.tv\/2014\/giro-d-italia\/resources\/profile-15.jpg\">Valdengo &#8211; Montecampione<\/a> etab\u0131 her ne kadar d\u00fcz devam etse de 205. km\u2019de ba\u015flayan 20 km uzunlu\u011fundaki <a href=\"https:\/\/pbs.twimg.com\/media\/BofEgHjCIAAvZrx.jpg:large\">Montecampione<\/a> t\u0131rman\u0131\u015f\u0131 ba\u015flad\u0131\u011f\u0131nda pozisyonunu alan Fabio Aru biti\u015fe son 3 km kala ata\u011fa kalk\u0131p kendisinin de genel klasman adaylar\u0131 aras\u0131nda oldu\u011funu ilan ediyordu.<\/p>\n<p><a href=\"https:\/\/i0.wp.com\/aynakol.org\/wp-content\/uploads\/2015\/01\/giro_italia_stage_15_climb.jpeg\"><img data-recalc-dims=\"1\" loading=\"lazy\" decoding=\"async\" data-attachment-id=\"529\" data-permalink=\"http:\/\/aynakol.org\/?attachment_id=529\" data-orig-file=\"https:\/\/i0.wp.com\/aynakol.org\/wp-content\/uploads\/2015\/01\/giro_italia_stage_15_climb.jpeg?fit=1001%2C675\" data-orig-size=\"1001,675\" data-comments-opened=\"1\" data-image-meta=\"{&quot;aperture&quot;:&quot;8&quot;,&quot;credit&quot;:&quot;&quot;,&quot;camera&quot;:&quot;NIKON D4&quot;,&quot;caption&quot;:&quot;2014, Giro d&#039;Italia, tappa 15 Valdengo - Montecampione, Tinkoff - Saxo 2014, Movistar 2014, Astana 2014, Omega Pharma - Quick Step 2014, Bmc 2014, Majka Rafal, Quintana Rojas Nairo Alexander, Aru Fabio, Uran Rigoberto, Evans Cadel, Montecampione&quot;,&quot;created_timestamp&quot;:&quot;1401035858&quot;,&quot;copyright&quot;:&quot;&quot;,&quot;focal_length&quot;:&quot;112&quot;,&quot;iso&quot;:&quot;1000&quot;,&quot;shutter_speed&quot;:&quot;0.001&quot;,&quot;title&quot;:&quot;PIC464130642&quot;,&quot;orientation&quot;:&quot;1&quot;}\" data-image-title=\"PIC464130642\" data-image-description=\"&lt;p&gt;2014, Giro d&amp;#8217;Italia, tappa 15 Valdengo &amp;#8211; Montecampione, Tinkoff &amp;#8211; Saxo 2014, Movistar 2014, Astana 2014, Omega Pharma &amp;#8211; Quick Step 2014, Bmc 2014, Majka Rafal, Quintana Rojas Nairo Alexander, Aru Fabio, Uran Rigoberto, Evans Cadel, Montecampione&lt;\/p&gt;\n\" data-image-caption=\"\" data-large-file=\"https:\/\/i0.wp.com\/aynakol.org\/wp-content\/uploads\/2015\/01\/giro_italia_stage_15_climb.jpeg?fit=860%2C580\" class=\"alignnone size-full wp-image-529\" src=\"https:\/\/i0.wp.com\/aynakol.org\/wp-content\/uploads\/2015\/01\/giro_italia_stage_15_climb.jpeg?resize=860%2C580\" alt=\"PIC464130642\" width=\"860\" height=\"580\" srcset=\"https:\/\/i0.wp.com\/aynakol.org\/wp-content\/uploads\/2015\/01\/giro_italia_stage_15_climb.jpeg?w=1001 1001w, https:\/\/i0.wp.com\/aynakol.org\/wp-content\/uploads\/2015\/01\/giro_italia_stage_15_climb.jpeg?resize=300%2C202 300w, https:\/\/i0.wp.com\/aynakol.org\/wp-content\/uploads\/2015\/01\/giro_italia_stage_15_climb.jpeg?resize=705%2C475 705w\" sizes=\"auto, (max-width: 860px) 100vw, 860px\" \/><\/a><\/p>\n<p>Zira Rigoberto Uran (O.P.Q.S) ile birlikte yapt\u0131\u011f\u0131 ka\u00e7\u0131\u015fa daha sonra Nairo Quintana (Movistar), Michael Rogers , Rafal Majta (Tinkoff-Saxo) ve Cadel Evans (BMC) kat\u0131lsa da yapt\u0131\u011f\u0131 ata\u011fa cevap veremeyen formsuz Uran ilk \u00f6nce geride kalm\u0131\u015f, ard\u0131ndan da Nairo Quintana\u2019n\u0131n \u00f6l\u00fcmc\u00fcl ataklar\u0131na kar\u015f\u0131 koyup son 2 km kala biti\u015fe atak yapan\u0131 silkeleyerek zafere ula\u015ft\u0131. Pempe mayoyu ta\u015f\u0131yan Rigoberto Uran\u2019a 42 sn, pembe mayoyu kaybetmi\u015f ama kazanmaki i\u00e7in sava\u015fan Cadel Evans\u2019a 1:13 dk, sonraki etaplarda pempe mayoyu ele ge\u00e7irecek Nairo Quintana\u2019ya 22 sn fark att\u0131. Bu kendisinin ilk Grand Tour zaferi olup art\u0131k kendisi deyim yerindeyse bir <b>super-star <\/b>oluyordu!<\/p>\n<p><iframe loading=\"lazy\" src=\"\/\/www.youtube.com\/embed\/VMHfjVgYGuo\" width=\"560\" height=\"315\" frameborder=\"0\" allowfullscreen=\"allowfullscreen\"><\/iframe><\/p>\n<p>101. kez d\u00fczenlenen Fransa Bisiklet Turunu (Tour de France) es ge\u00e7ip \u0130spanyaya (Vuelta a Espana) kat\u0131lan Aru, burada da Fransada kaza, taktiksel hatalar vs. y\u00fcz\u00fcnden umdu\u011funu bulamayan g\u00fcn\u00fcm\u00fcz\u00fcn en \u00f6nemli ve zorlu sporcular\u0131yla m\u00fccadele edecekti: Froome ve Contador sakatl\u0131ktan yeni \u00e7\u0131km\u0131\u015f ve bunlara ek Valverde ve Rodriguez gibi zafere susam\u0131\u015f pedallar aras\u0131nda i\u015fi hi\u00e7 de kolay de\u011fildi!<\/p>\n<div id=\"attachment_537\" style=\"width: 670px\" class=\"wp-caption alignnone\"><a href=\"https:\/\/i0.wp.com\/aynakol.org\/wp-content\/uploads\/2015\/01\/aru_breakaway.jpg\"><img data-recalc-dims=\"1\" loading=\"lazy\" decoding=\"async\" aria-describedby=\"caption-attachment-537\" data-attachment-id=\"537\" data-permalink=\"http:\/\/aynakol.org\/?attachment_id=537\" data-orig-file=\"https:\/\/i0.wp.com\/aynakol.org\/wp-content\/uploads\/2015\/01\/aru_breakaway.jpg?fit=660%2C440\" data-orig-size=\"660,440\" data-comments-opened=\"1\" data-image-meta=\"{&quot;aperture&quot;:&quot;0&quot;,&quot;credit&quot;:&quot;&quot;,&quot;camera&quot;:&quot;&quot;,&quot;caption&quot;:&quot;&quot;,&quot;created_timestamp&quot;:&quot;0&quot;,&quot;copyright&quot;:&quot;&quot;,&quot;focal_length&quot;:&quot;0&quot;,&quot;iso&quot;:&quot;0&quot;,&quot;shutter_speed&quot;:&quot;0&quot;,&quot;title&quot;:&quot;&quot;,&quot;orientation&quot;:&quot;0&quot;}\" data-image-title=\"aru_breakaway\" data-image-description=\"\" data-image-caption=\"&lt;p&gt;Vuelta a Espana 2014, 11. Etap &amp;#8211; Aru, zirve biti\u015fine son 1 km kala deyim yerindeyse k\u00f6pekbal\u0131klar\u0131n\u0131n aras\u0131ndan s\u0131yr\u0131l\u0131yor, arkas\u0131na bak\u0131p zafere do\u011fru emin ve g\u00fc\u00e7l\u00fc pedallarla ilerliyor.&lt;\/p&gt;\n\" data-large-file=\"https:\/\/i0.wp.com\/aynakol.org\/wp-content\/uploads\/2015\/01\/aru_breakaway.jpg?fit=660%2C440\" class=\"size-full wp-image-537\" src=\"https:\/\/i0.wp.com\/aynakol.org\/wp-content\/uploads\/2015\/01\/aru_breakaway.jpg?resize=660%2C440\" alt=\"Vuelta a Espana 2014, 11. Etap - Aru, zirve biti\u015fine son 1 km kala deyim yerindeyse k\u00f6pekbal\u0131klar\u0131n\u0131n aras\u0131ndan s\u0131yr\u0131l\u0131yor, arkas\u0131na bak\u0131p zafere do\u011fru emin ve g\u00fc\u00e7l\u00fc pedallarla ilerliyor.\" width=\"660\" height=\"440\" srcset=\"https:\/\/i0.wp.com\/aynakol.org\/wp-content\/uploads\/2015\/01\/aru_breakaway.jpg?w=660 660w, https:\/\/i0.wp.com\/aynakol.org\/wp-content\/uploads\/2015\/01\/aru_breakaway.jpg?resize=300%2C200 300w\" sizes=\"auto, (max-width: 660px) 100vw, 660px\" \/><\/a><p id=\"caption-attachment-537\" class=\"wp-caption-text\">Vuelta a Espana 2014, 11. Etap &#8211; Aru, zirve biti\u015fine son 1 km kala deyim yerindeyse k\u00f6pekbal\u0131klar\u0131n\u0131n aras\u0131ndan s\u0131yr\u0131l\u0131yor, arkas\u0131na bak\u0131p zafere do\u011fru emin ve g\u00fc\u00e7l\u00fc pedallarla ilerliyor.<\/p><\/div>\n<p>Vuelta\u2019n\u0131n ba\u015f\u0131ndan beri t\u0131rman\u0131\u015f etaplar\u0131nda ilk be\u015fe kalmak i\u00e7in \u00e7abalarken d\u00fcz etaplarda ise mutlaka k\u0131rm\u0131z\u0131 mayo grubundan kopmamaya \u00e7al\u0131\u015farak zaman fark\u0131 yemeden genel s\u0131ralamada yerini sa\u011flamla\u015ft\u0131rd\u0131.<\/p>\n<p><a href=\"http:\/\/www.steephill.tv\/2014\/vuelta-a-espana\/#14-preview-2014\">Santander \u2192 La Camperona. Valle de S\u00e1bero<\/a> aras\u0131 pedallanan 201 km uzunlu\u011fundaki 11. <a href=\"http:\/\/www.steephill.tv\/players\/profile\/?race=vuelta-a-espana&amp;stage=11&amp;year=2014&amp;src=http:\/\/www.steephill.tv\/2014\/vuelta-a-espana\/resources\/profile-11.jpg\">etapta<\/a> ise biti\u015fe son 1 km kala devlerin aras\u0131ndan fi\u015fek misali usta i\u015fi s\u0131yr\u0131l\u0131p zafere ula\u015fmas\u0131 tam anlam\u0131yla dersine \u00e7al\u0131\u015ft\u0131\u011f\u0131n\u0131n g\u00f6stergesiydi: zafer ac\u0131 \u00e7ekmeden gelmiyor!<\/p>\n<p><iframe loading=\"lazy\" src=\"\/\/www.youtube.com\/embed\/RHQRQw7eRZ0\" width=\"560\" height=\"315\" frameborder=\"0\" allowfullscreen=\"allowfullscreen\"><\/iframe><\/p>\n<p><a href=\"http:\/\/www.steephill.tv\/2014\/vuelta-a-espana\/#18-results-2014\">A Estrada \u2192 Mont Castrove. Meis<\/a> aras\u0131 pedallanan 156 km uzunlu\u011fundaki 18. etapta zirve biti\u015fine 4 km kala devlerin yan\u0131ndan s\u0131yr\u0131l\u0131p \u00f6ne ge\u00e7erek liderli\u011fi almas\u0131, ard\u0131ndan Chris Froome birlikte son 500 metreye dek birlikte \u00e7al\u0131\u015farak girmeleri ve akabinde zirve d\u00fczl\u00fc\u011f\u00fcne yakla\u015f\u0131rken atak yap\u0131p zafere ula\u015fmas\u0131 muazzamd\u0131.<\/p>\n<p><iframe loading=\"lazy\" src=\"\/\/www.youtube.com\/embed\/fyjkTMZkpu4\" width=\"560\" height=\"315\" frameborder=\"0\" allowfullscreen=\"allowfullscreen\"><\/iframe><\/p>\n<p>18. etap sonras\u0131 kendisine <a href=\"http:\/\/allezandy.blogspot.com.tr\/2014\/09\/la-vuelta-18-yeah-chris-froome-yeah.html\">kulak verelim:<\/a> <i>\u201c\u0130lk kez bir y\u0131l i\u00e7inde iki b\u00fcy\u00fck tura kat\u0131l\u0131yorum, dolay\u0131s\u0131yla her g\u00fcn benim i\u00e7in \u00f6nemli, odakland\u0131\u011f\u0131m tek bir etap yok. Bu zafer beni \u00f6zel hissettirdi. Sportif direkt\u00f6r\u00fcm\u00fcn uyar\u0131lar\u0131na kulak verip t\u0131rman\u0131\u015f\u0131n en zor yerinde atak yapt\u0131m. Sonra Froome geldi. Son ana kadar birlikte \u00e7al\u0131\u015f\u0131p birbirimizi \u00e7ektik. Her \u015fey son metrelerde de\u011fi\u015fti, atak yap\u0131p zafere uzand\u0131m ve kazand\u0131m. Art\u0131k ilk be\u015f i\u00e7inde kalmaya \u00e7al\u0131\u015faca\u011f\u0131m. Bug\u00fcn ve pazar g\u00fcn\u00fc aras\u0131nda ne olaca\u011f\u0131na bakaca\u011f\u0131m. B\u00fcy\u00fck isimlerle birlikte yar\u0131\u015fmak \u015fimdiden benim i\u00e7in bir onur.\u201d<\/i><\/p>\n<p><a href=\"https:\/\/i0.wp.com\/aynakol.org\/wp-content\/uploads\/2015\/01\/aru_rodriguez.jpg\"><img data-recalc-dims=\"1\" loading=\"lazy\" decoding=\"async\" data-attachment-id=\"541\" data-permalink=\"http:\/\/aynakol.org\/?attachment_id=541\" data-orig-file=\"https:\/\/i0.wp.com\/aynakol.org\/wp-content\/uploads\/2015\/01\/aru_rodriguez.jpg?fit=1001%2C665\" data-orig-size=\"1001,665\" data-comments-opened=\"1\" data-image-meta=\"{&quot;aperture&quot;:&quot;5.6&quot;,&quot;credit&quot;:&quot;&quot;,&quot;camera&quot;:&quot;NIKON D4&quot;,&quot;caption&quot;:&quot;2014, Vuelta a Espana, tappa 20 Santo Estevo de Riba de Sil - Puerto de Ancares, Astana 2014, Katusha 2014, Aru Fabio, Rodriguez Oliver Joaquin, Puerto de Ancares&quot;,&quot;created_timestamp&quot;:&quot;1410623027&quot;,&quot;copyright&quot;:&quot;&quot;,&quot;focal_length&quot;:&quot;24&quot;,&quot;iso&quot;:&quot;1000&quot;,&quot;shutter_speed&quot;:&quot;0.001&quot;,&quot;title&quot;:&quot;PIC493908344&quot;,&quot;orientation&quot;:&quot;1&quot;}\" data-image-title=\"PIC493908344\" data-image-description=\"&lt;p&gt;2014, Vuelta a Espana, tappa 20 Santo Estevo de Riba de Sil &amp;#8211; Puerto de Ancares, Astana 2014, Katusha 2014, Aru Fabio, Rodriguez Oliver Joaquin, Puerto de Ancares&lt;\/p&gt;\n\" data-image-caption=\"\" data-large-file=\"https:\/\/i0.wp.com\/aynakol.org\/wp-content\/uploads\/2015\/01\/aru_rodriguez.jpg?fit=860%2C571\" class=\"alignnone size-full wp-image-541\" src=\"https:\/\/i0.wp.com\/aynakol.org\/wp-content\/uploads\/2015\/01\/aru_rodriguez.jpg?resize=860%2C571\" alt=\"PIC493908344\" width=\"860\" height=\"571\" srcset=\"https:\/\/i0.wp.com\/aynakol.org\/wp-content\/uploads\/2015\/01\/aru_rodriguez.jpg?w=1001 1001w, https:\/\/i0.wp.com\/aynakol.org\/wp-content\/uploads\/2015\/01\/aru_rodriguez.jpg?resize=300%2C199 300w, https:\/\/i0.wp.com\/aynakol.org\/wp-content\/uploads\/2015\/01\/aru_rodriguez.jpg?resize=705%2C468 705w\" sizes=\"auto, (max-width: 860px) 100vw, 860px\" \/><\/a><\/p>\n<p>Aru, 2015 Giro d\u2019Italia\u2019ya bir aksilik olmazsa e\u011fer Astana tak\u0131m\u0131n\u0131n ba\u015f\u0131nda lider olarak kat\u0131lacak ve 2014 sezonundaki ba\u015far\u0131s\u0131n\u0131 s\u00fcrd\u00fcr\u00fcrse <i>maglia rosa <\/i>yani pembe mayonun en b\u00fcy\u00fck aday\u0131 ve \u00fcstelik Fransa Bisiklet Turu \u015fampiyonu Nibali\u2019de bunu destekliyor. Bu destek Aru i\u00e7in son derce \u00f6nemli. Kendisi de zaten bireysel zamana kar\u015f\u0131 <i>(Invidual Time Trial &#8211; ITT)<\/i> ve \u00e7o\u011funlukla d\u00fcz ge\u00e7en ve bu \u015fekilde biten <i>(mostly flat and sprint finish)<\/i> etaplardaki eksikliklerinin fark\u0131ndaki kapatmak i\u00e7in \u00e7al\u0131\u015fmalara ba\u015flam\u0131\u015f. \u00d6zellikle de d\u00fcz etaplarda aerodinamik bisikletle yar\u0131\u015farak enerjisini koruyup zaman fark\u0131n\u0131 azaltmak ve aleyhine \u00e7evirmek amac\u0131nda. Sadece bisiklet de\u011fi\u015fimi, aerodinamik duru\u015f ve s\u00fcr\u00fc\u015f pozisyonlar\u0131 de\u011fil veledromda da <a href=\"http:\/\/www.cyclingnews.com\/news\/gallery-fabio-aru-hits-the-specialized-wind-tunnel\">\u00e7al\u0131\u015fmalara ba\u015flam\u0131\u015f.<\/a><\/p>\n<div id=\"attachment_538\" style=\"width: 715px\" class=\"wp-caption alignnone\"><a href=\"https:\/\/i0.wp.com\/aynakol.org\/wp-content\/uploads\/2015\/01\/aru_in_win_tunnel.jpg\"><img data-recalc-dims=\"1\" loading=\"lazy\" decoding=\"async\" aria-describedby=\"caption-attachment-538\" data-attachment-id=\"538\" data-permalink=\"http:\/\/aynakol.org\/?attachment_id=538\" data-orig-file=\"https:\/\/i0.wp.com\/aynakol.org\/wp-content\/uploads\/2015\/01\/aru_in_win_tunnel.jpg?fit=1200%2C396\" data-orig-size=\"1200,396\" data-comments-opened=\"1\" data-image-meta=\"{&quot;aperture&quot;:&quot;0&quot;,&quot;credit&quot;:&quot;&quot;,&quot;camera&quot;:&quot;&quot;,&quot;caption&quot;:&quot;&quot;,&quot;created_timestamp&quot;:&quot;0&quot;,&quot;copyright&quot;:&quot;&quot;,&quot;focal_length&quot;:&quot;0&quot;,&quot;iso&quot;:&quot;0&quot;,&quot;shutter_speed&quot;:&quot;0&quot;,&quot;title&quot;:&quot;&quot;,&quot;orientation&quot;:&quot;0&quot;}\" data-image-title=\"aru_in_win_tunnel\" data-image-description=\"\" data-image-caption=\"&lt;p&gt;Aru, tak\u0131m\u0131 Astana&amp;#8217;n\u0131n bisiklet sponsoru Specialized&amp;#8217;\u0131n Morgan Hill, California&amp;#8217;da konu\u015flu genel merkezindeki Wind Tunnel&amp;#8217;de gelecek sene i\u00e7in \u00e7al\u0131\u015fmalar yaparken.&lt;\/p&gt;\n\" data-large-file=\"https:\/\/i0.wp.com\/aynakol.org\/wp-content\/uploads\/2015\/01\/aru_in_win_tunnel.jpg?fit=860%2C284\" class=\"size-large wp-image-538\" src=\"https:\/\/i0.wp.com\/aynakol.org\/wp-content\/uploads\/2015\/01\/aru_in_win_tunnel.jpg?resize=705%2C233\" alt=\"Aru, tak\u0131m\u0131 Astana'n\u0131n bisiklet sponsoru Specialized'\u0131n Morgan Hill, California'da konu\u015flu genel merkezindeki Wind Tunnel'de gelecek sene i\u00e7in \u00e7al\u0131\u015fmalar yaparken.\" width=\"705\" height=\"233\" srcset=\"https:\/\/i0.wp.com\/aynakol.org\/wp-content\/uploads\/2015\/01\/aru_in_win_tunnel.jpg?resize=1024%2C338 1024w, https:\/\/i0.wp.com\/aynakol.org\/wp-content\/uploads\/2015\/01\/aru_in_win_tunnel.jpg?resize=300%2C99 300w, https:\/\/i0.wp.com\/aynakol.org\/wp-content\/uploads\/2015\/01\/aru_in_win_tunnel.jpg?resize=705%2C233 705w, https:\/\/i0.wp.com\/aynakol.org\/wp-content\/uploads\/2015\/01\/aru_in_win_tunnel.jpg?w=1200 1200w\" sizes=\"auto, (max-width: 705px) 100vw, 705px\" \/><\/a><p id=\"caption-attachment-538\" class=\"wp-caption-text\">Aru, tak\u0131m\u0131 Astana&#8217;n\u0131n bisiklet sponsoru Specialized&#8217;\u0131n Morgan Hill, California&#8217;da konu\u015flu genel merkezindeki Wind Tunnel&#8217;de gelecek sene i\u00e7in \u00e7al\u0131\u015fmalar yaparken.<\/p><\/div>\n<p>Son s\u00f6z: Giro d\u2019Italia\u2019y\u0131 s\u00fcrpriz bir \u015fekilde s\u00fcr\u00fcklemi\u015f, tan\u0131d\u0131k y\u00fczlerin m\u00fccadelesinden s\u0131k\u0131lan bizler i\u00e7in seyir zevkini katlam\u0131\u015f, Montecampione zirvesini tek ba\u015f\u0131na ge\u00e7ti\u011finde ister istemez \u0130talyan efsanesi <a href=\"http:\/\/aynakol.org\/wp-content\/uploads\/2015\/01\/marca_pantani_montecampione.jpg\" target=\"_blank\">Marco Pantani<\/a>&#8216;yi hat\u0131rlatm\u0131\u015f; sezonun son yar\u0131\u015f\u0131 oldu\u011fu i\u00e7in iddial\u0131 isimlerin gelmeyece\u011fi san\u0131lan Vuelta a Espana\u2019y\u0131 (ki, \u00f6yledir) kat\u0131lan b\u00fcy\u00fck a\u011falar\u0131n yan\u0131nda hi\u00e7 de toy g\u00f6r\u00fcnmeden zorlanmadan zorlayarak ve kurtlara yem olmadan ilk be\u015fli i\u00e7inde tamamlayarak gelecek i\u00e7in <a href=\"http:\/\/velonews.competitor.com\/2014\/12\/news\/road\/international-breakthrough-rider-year-fabio-aru_354288\" target=\"_blank\">umut verdi.<\/a> Umar\u0131z temizdir ve 2004 Giro d\u2019Italia \u015fampiyonu bir ba\u015fka \u0130talyan <a href=\"http:\/\/en.wikipedia.org\/wiki\/Damiano_Cunego\">Damiano Cunego<\/a> gibi <a href=\"http:\/\/tr.eurosport.com\/bisiklet\/damiano-cunego-ya-doping-suclamasi_sto3850164\/story.shtml\">su\u00e7lamalara<\/a> ba\u015far\u0131 ve zaferleri g\u00f6lgelenmez.<\/p>\n<p><a title=\"Madonna Del Ghisallo Kilisesini bilir misiniz?\" href=\"http:\/\/aynakol.org\/?p=481\" target=\"_blank\">Madonna del Ghisallo<\/a> sen kutsas\u0131n Fabio! Amen!<\/p>\n<p><a href=\"https:\/\/i0.wp.com\/aynakol.org\/wp-content\/uploads\/2015\/01\/aru_victory.jpg\"><img data-recalc-dims=\"1\" loading=\"lazy\" decoding=\"async\" data-attachment-id=\"533\" data-permalink=\"http:\/\/aynakol.org\/?attachment_id=533\" data-orig-file=\"https:\/\/i0.wp.com\/aynakol.org\/wp-content\/uploads\/2015\/01\/aru_victory.jpg?fit=1001%2C628\" data-orig-size=\"1001,628\" data-comments-opened=\"1\" data-image-meta=\"{&quot;aperture&quot;:&quot;8&quot;,&quot;credit&quot;:&quot;&quot;,&quot;camera&quot;:&quot;NIKON D3&quot;,&quot;caption&quot;:&quot;2014, Giro d&#039;Italia, tappa 15 Valdengo - Montecampione, Astana 2014, Aru Fabio, Montecampione&quot;,&quot;created_timestamp&quot;:&quot;1401036738&quot;,&quot;copyright&quot;:&quot;&quot;,&quot;focal_length&quot;:&quot;300&quot;,&quot;iso&quot;:&quot;500&quot;,&quot;shutter_speed&quot;:&quot;0.0008&quot;,&quot;title&quot;:&quot;PIC464124758&quot;,&quot;orientation&quot;:&quot;1&quot;}\" data-image-title=\"PIC464124758\" data-image-description=\"&lt;p&gt;2014, Giro d&amp;#8217;Italia, tappa 15 Valdengo &amp;#8211; Montecampione, Astana 2014, Aru Fabio, Montecampione&lt;\/p&gt;\n\" data-image-caption=\"\" data-large-file=\"https:\/\/i0.wp.com\/aynakol.org\/wp-content\/uploads\/2015\/01\/aru_victory.jpg?fit=860%2C540\" class=\"alignnone size-full wp-image-533\" src=\"https:\/\/i0.wp.com\/aynakol.org\/wp-content\/uploads\/2015\/01\/aru_victory.jpg?resize=860%2C540\" alt=\"PIC464124758\" width=\"860\" height=\"540\" srcset=\"https:\/\/i0.wp.com\/aynakol.org\/wp-content\/uploads\/2015\/01\/aru_victory.jpg?w=1001 1001w, https:\/\/i0.wp.com\/aynakol.org\/wp-content\/uploads\/2015\/01\/aru_victory.jpg?resize=300%2C188 300w, https:\/\/i0.wp.com\/aynakol.org\/wp-content\/uploads\/2015\/01\/aru_victory.jpg?resize=705%2C442 705w\" sizes=\"auto, (max-width: 860px) 100vw, 860px\" \/><\/a><\/p>\n","protected":false},"excerpt":{"rendered":"<p>2014 y\u0131l\u0131 erkek profosyonel yol bisikletinin kimi g\u00f6zde sporcular\u0131 i\u00e7in k\u00f6t\u00fc bir y\u0131ld\u0131. Neticede g\u00f6zler sadece kazananlar\u0131 g\u00f6r\u00fcyor, kaybedenleri e\u011fer ilgi \u00e7ekici bir hikayesi yoksa [&#8230;]<\/p>\n","protected":false},"author":1,"featured_media":540,"comment_status":"open","ping_status":"open","sticky":false,"template":"","format":"standard","meta":{"jetpack_post_was_ever_published":false,"_jetpack_newsletter_access":"","_jetpack_dont_email_post_to_subs":false,"_jetpack_newsletter_tier_id":0,"_jetpack_memberships_contains_paywalled_content":false,"_jetpack_memberships_contains_paid_content":false,"footnotes":"","jetpack_publicize_message":"","jetpack_publicize_feature_enabled":true,"jetpack_social_post_already_shared":true,"jetpack_social_options":{"image_generator_settings":{"template":"highway","default_image_id":0,"font":"","enabled":false},"version":2}},"categories":[92],"tags":[19,65,24,303,8,17,438,26,442,25,39,150,32,33,414,230,233,38,173,229,64,436,441,440,151,437,411,22,41,85,35,21,439,30,18,34,227,14,234],"class_list":["post-534","post","type-post","status-publish","format-standard","has-post-thumbnail","hentry","category-grand","tag-alberto-contador","tag-alejandro-valverde","tag-astana","tag-astana-pro-cyclnig-team","tag-bisiklet","tag-bisiklet-turu","tag-cadev-evans","tag-chris-froome","tag-damiano-cunego","tag-fabio-aru","tag-fransa","tag-fransa-bisiklet-turu","tag-giro","tag-giro-ditalia","tag-giro-dlombardia","tag-invidual-time-trial","tag-ispanya-bisiklet-turu","tag-italya","tag-italya-bisiklet-turu","tag-itt","tag-joaquin-rodriguez","tag-kathusa","tag-killer-climb","tag-killer-hills","tag-le-tour","tag-lombardia","tag-madonna-del-ghisallo","tag-movistar","tag-queen-stage","tag-sky-team","tag-tdf","tag-team-kathusa","tag-team-ti","tag-tinkoff","tag-tinkoff-saxo","tag-tour-de-france","tag-ttt","tag-vuelta","tag-vuelta-a-espana"],"jetpack_publicize_connections":[],"jetpack_featured_media_url":"https:\/\/i0.wp.com\/aynakol.org\/wp-content\/uploads\/2015\/01\/giro_italia_stage_15_aru_victory1.jpeg?fit=1001%2C756","jetpack_sharing_enabled":true,"jetpack_shortlink":"https:\/\/wp.me\/p51p4O-8C","jetpack_likes_enabled":true,"jetpack-related-posts":[{"id":508,"url":"http:\/\/aynakol.org\/?p=508","url_meta":{"origin":534,"position":0},"title":"2014 Zirveden \u00c7\u00f6k\u00fc\u015fe: Chris Froome&#8217;un kabus y\u0131l\u0131","author":"Ayd\u0131n Bez","date":"17 Ocak 2015","format":false,"excerpt":"Chris Froome (ve Team SKY) i\u00e7in 2014 y\u0131l\u0131 resmen bir kabus gibiydi. \u00d6ncesini hat\u0131rlayal\u0131m: Le Touquet-Paris-Plage \u2192 Lille aras\u0131 pedallanan 164 km\u2019lik 4. etapta Chris Froome d\u00fc\u015fm\u00fc\u015f ve sol dizi le bile\u011finden yaralanm\u0131\u015ft\u0131. Ertesi g\u00fcn Ypres \u2192 Arenberg Porte du Hainaut aras\u0131 pedallanan 156 km\u2019lik 5. etap ba\u015flang\u0131c\u0131nda baya\u011f\u0131 kal\u0131n\u2026","rel":"","context":"&quot;Grand Tour&quot; i\u00e7inde","block_context":{"text":"Grand Tour","link":"http:\/\/aynakol.org\/?cat=92"},"img":{"alt_text":"","src":"https:\/\/i0.wp.com\/aynakol.org\/wp-content\/uploads\/2015\/01\/new-chris-froome-injured-tour-de-france.jpg?fit=1200%2C900&resize=350%2C200","width":350,"height":200,"srcset":"https:\/\/i0.wp.com\/aynakol.org\/wp-content\/uploads\/2015\/01\/new-chris-froome-injured-tour-de-france.jpg?fit=1200%2C900&resize=350%2C200 1x, https:\/\/i0.wp.com\/aynakol.org\/wp-content\/uploads\/2015\/01\/new-chris-froome-injured-tour-de-france.jpg?fit=1200%2C900&resize=525%2C300 1.5x, https:\/\/i0.wp.com\/aynakol.org\/wp-content\/uploads\/2015\/01\/new-chris-froome-injured-tour-de-france.jpg?fit=1200%2C900&resize=700%2C400 2x, https:\/\/i0.wp.com\/aynakol.org\/wp-content\/uploads\/2015\/01\/new-chris-froome-injured-tour-de-france.jpg?fit=1200%2C900&resize=1050%2C600 3x"},"classes":[]},{"id":249,"url":"http:\/\/aynakol.org\/?p=249","url_meta":{"origin":534,"position":1},"title":"Ve huzurlar\u0131n\u0131zda 102. le Tour de France!","author":"Ayd\u0131n Bez","date":"23 Ekim 2014","format":false,"excerpt":"102. kez d\u00fczenlenecek d\u00fcnyan\u0131n olimpiyatlardan sonra en \u00e7ok ilgi \u00e7eken spor olay\u0131 le Tour de France 2015 sunumu bug\u00fcn yap\u0131ld\u0131. 4-26 Temmuz tarihleri aras\u0131nda yap\u0131lacak olan tur Hollanda'n\u0131n Utrect \u015fehrinden ba\u015flay\u0131p Bel\u00e7ika'dan ge\u00e7erek yine her zamanki gibi Paris'te bitecek. Heyecanl\u0131 bir tur olaca\u011f\u0131 kesin. \u00c7\u00fcnk\u00fc Roubaix'nin kald\u0131r\u0131m ta\u015flar\u0131 da var\u2026","rel":"","context":"&quot;Grand Tour&quot; i\u00e7inde","block_context":{"text":"Grand Tour","link":"http:\/\/aynakol.org\/?cat=92"},"img":{"alt_text":"","src":"https:\/\/i0.wp.com\/aynakol.org\/wp-content\/uploads\/2014\/10\/tdf_2015_poster.png?fit=745%2C575&resize=350%2C200","width":350,"height":200,"srcset":"https:\/\/i0.wp.com\/aynakol.org\/wp-content\/uploads\/2014\/10\/tdf_2015_poster.png?fit=745%2C575&resize=350%2C200 1x, https:\/\/i0.wp.com\/aynakol.org\/wp-content\/uploads\/2014\/10\/tdf_2015_poster.png?fit=745%2C575&resize=525%2C300 1.5x, https:\/\/i0.wp.com\/aynakol.org\/wp-content\/uploads\/2014\/10\/tdf_2015_poster.png?fit=745%2C575&resize=700%2C400 2x"},"classes":[]},{"id":37,"url":"http:\/\/aynakol.org\/?p=37","url_meta":{"origin":534,"position":2},"title":"Vuelta (a Espa\u00f1a) 2014, 18. etap","author":"Ayd\u0131n Bez","date":"11 Eyl\u00fcl 2014","format":false,"excerpt":"Vuelta (a Espa\u00f1a) 2014, 18. etap Dinlenme g\u00fcn\u00fc sonras\u0131 en h\u0131zl\u0131 pedallar\u0131n (sprinter) m\u00fccadelesi bir bak\u0131ma t\u0131rman\u0131\u015f\u00e7\u0131lar\u0131n da dinlenmesi demekti. Nitekim \u00f6yle de oldu. 17. etab\u0131 alan Giant - Shimano tak\u0131m\u0131ndan Degenkolb ile birlikte biti\u015f \u00e7izgisine girenlerin hepsi genel klasman iddias\u0131 olmayan sprinter pedallardan olu\u015fuyordu. Bug\u00fcn A Estrada ile Monte\u2026","rel":"","context":"&quot;Vuelta a Espana&quot; i\u00e7inde","block_context":{"text":"Vuelta a Espana","link":"http:\/\/aynakol.org\/?cat=91"},"img":{"alt_text":"","src":"https:\/\/i0.wp.com\/aynakol.org\/wp-content\/uploads\/2014\/09\/vuelta_2014_stage_18_profile.jpg?resize=350%2C200","width":350,"height":200,"srcset":"https:\/\/i0.wp.com\/aynakol.org\/wp-content\/uploads\/2014\/09\/vuelta_2014_stage_18_profile.jpg?resize=350%2C200 1x, https:\/\/i0.wp.com\/aynakol.org\/wp-content\/uploads\/2014\/09\/vuelta_2014_stage_18_profile.jpg?resize=525%2C300 1.5x, https:\/\/i0.wp.com\/aynakol.org\/wp-content\/uploads\/2014\/09\/vuelta_2014_stage_18_profile.jpg?resize=700%2C400 2x"},"classes":[]},{"id":4199,"url":"http:\/\/aynakol.org\/?p=4199","url_meta":{"origin":534,"position":3},"title":"La Vuelta a Espana 2016 \u00f6n incelemesi","author":"Ayd\u0131n Bez","date":"18 A\u011fustos 2016","format":false,"excerpt":"Ve y\u0131l\u0131n son b\u00fcy\u00fck turu i\u00e7in zaman geldi \u00e7att\u0131! Huzurlar\u0131n\u0131zda da\u011flar\u0131n be\u015fi\u011fi La Vuelta a Espana! Balneario Laias \u2192 Castrelo de Mi\u00f1o aras\u0131nda tak\u0131m zamana kar\u015f\u0131 (TTT: Team Time Trial) ile ba\u015flayacak La Vuelta a Espana 3279 km boyunca \u0130spanyan\u0131n \u00e7o\u011funlukla kuzeyinde dola\u015farak 21 yar\u0131\u015f, 2 de dinlenme g\u00fcn\u00fc sonras\u0131\u2026","rel":"","context":"&quot;Vuelta a Espana&quot; i\u00e7inde","block_context":{"text":"Vuelta a Espana","link":"http:\/\/aynakol.org\/?cat=91"},"img":{"alt_text":"","src":"https:\/\/i0.wp.com\/aynakol.org\/wp-content\/uploads\/2016\/08\/LaVuelta2016_banner.jpg?fit=686%2C350&resize=350%2C200","width":350,"height":200,"srcset":"https:\/\/i0.wp.com\/aynakol.org\/wp-content\/uploads\/2016\/08\/LaVuelta2016_banner.jpg?fit=686%2C350&resize=350%2C200 1x, https:\/\/i0.wp.com\/aynakol.org\/wp-content\/uploads\/2016\/08\/LaVuelta2016_banner.jpg?fit=686%2C350&resize=525%2C300 1.5x"},"classes":[]},{"id":1987,"url":"http:\/\/aynakol.org\/?p=1987","url_meta":{"origin":534,"position":4},"title":"#LV2015 La Vuelta a Espana 21. Etap: Alcal\u00e1 de Henares \u2192 Madrid","author":"Ayd\u0131n Bez","date":"12 Eyl\u00fcl 2015","format":false,"excerpt":"20. etab\u0131 izlerken hop oturduk hop kalkt\u0131k, Ruben Plaza'n\u0131n solo ata\u011f\u0131 acaba De Marchi ve Gon\u00e7alves taraf\u0131ndan sona erdirilecek mi derken Plaza etab\u0131 kazan\u0131rken, Aru'nun \u00f6l\u00fcmc\u00fcl ata\u011f\u0131 Dumoulin'i silkelerken k\u0131rm\u0131z\u0131 mayodan ve podyumdan da etti. Etap Plaza'n\u0131n, maglia rojo Fabio Aru'nun. Etap hakk\u0131nda Alcal\u00e1 de Henares \u2192 Madrid\u00a0aras\u0131nda pedallanacak 21.\u2026","rel":"","context":"&quot;Grand Tour&quot; i\u00e7inde","block_context":{"text":"Grand Tour","link":"http:\/\/aynakol.org\/?cat=92"},"img":{"alt_text":"","src":"https:\/\/i0.wp.com\/aynakol.org\/wp-content\/uploads\/2015\/09\/Vuelta2015_Stage21_Aru_in_podium_1.jpg?fit=1200%2C800&resize=350%2C200","width":350,"height":200,"srcset":"https:\/\/i0.wp.com\/aynakol.org\/wp-content\/uploads\/2015\/09\/Vuelta2015_Stage21_Aru_in_podium_1.jpg?fit=1200%2C800&resize=350%2C200 1x, https:\/\/i0.wp.com\/aynakol.org\/wp-content\/uploads\/2015\/09\/Vuelta2015_Stage21_Aru_in_podium_1.jpg?fit=1200%2C800&resize=525%2C300 1.5x, https:\/\/i0.wp.com\/aynakol.org\/wp-content\/uploads\/2015\/09\/Vuelta2015_Stage21_Aru_in_podium_1.jpg?fit=1200%2C800&resize=700%2C400 2x, https:\/\/i0.wp.com\/aynakol.org\/wp-content\/uploads\/2015\/09\/Vuelta2015_Stage21_Aru_in_podium_1.jpg?fit=1200%2C800&resize=1050%2C600 3x"},"classes":[]},{"id":17,"url":"http:\/\/aynakol.org\/?p=17","url_meta":{"origin":534,"position":5},"title":"Vuelta a Espa\u00f1a\ufeff 2014, 16. Etap","author":"Ayd\u0131n Bez","date":"8 Eyl\u00fcl 2014","format":false,"excerpt":"Vuelta a Espa\u00f1a 2014 16. Etap San Martin del Rey Aurelio - La Farrapona aras\u0131nda 161 km pedallanarak zirvede biti\u015fi ile tamamlanacak. Etap \u00fc\u00e7 adet 1. kategori, bir adet 2. kategori ve son olarak da zirve biti\u015fine ev sahipli\u011fi yapan HC, yani kategori d\u0131\u015f\u0131, t\u0131rman\u0131\u015fla bitecek. Genel klasman (GC) adaylar\u0131\u2026","rel":"","context":"&quot;Vuelta a Espana&quot; i\u00e7inde","block_context":{"text":"Vuelta a Espana","link":"http:\/\/aynakol.org\/?cat=91"},"img":{"alt_text":"Vuelta a Espana 2014, 16. etap ","src":"https:\/\/i0.wp.com\/aynakol.org\/wp-content\/uploads\/2014\/09\/vuelta_2014_stage_16_2-300x150.jpg?resize=350%2C200","width":350,"height":200,"srcset":"https:\/\/i0.wp.com\/aynakol.org\/wp-content\/uploads\/2014\/09\/vuelta_2014_stage_16_2-300x150.jpg?resize=350%2C200 1x, https:\/\/i0.wp.com\/aynakol.org\/wp-content\/uploads\/2014\/09\/vuelta_2014_stage_16_2-300x150.jpg?resize=525%2C300 1.5x"},"classes":[]}],"_links":{"self":[{"href":"http:\/\/aynakol.org\/index.php?rest_route=\/wp\/v2\/posts\/534","targetHints":{"allow":["GET"]}}],"collection":[{"href":"http:\/\/aynakol.org\/index.php?rest_route=\/wp\/v2\/posts"}],"about":[{"href":"http:\/\/aynakol.org\/index.php?rest_route=\/wp\/v2\/types\/post"}],"author":[{"embeddable":true,"href":"http:\/\/aynakol.org\/index.php?rest_route=\/wp\/v2\/users\/1"}],"replies":[{"embeddable":true,"href":"http:\/\/aynakol.org\/index.php?rest_route=%2Fwp%2Fv2%2Fcomments&post=534"}],"version-history":[{"count":6,"href":"http:\/\/aynakol.org\/index.php?rest_route=\/wp\/v2\/posts\/534\/revisions"}],"predecessor-version":[{"id":545,"href":"http:\/\/aynakol.org\/index.php?rest_route=\/wp\/v2\/posts\/534\/revisions\/545"}],"wp:featuredmedia":[{"embeddable":true,"href":"http:\/\/aynakol.org\/index.php?rest_route=\/wp\/v2\/media\/540"}],"wp:attachment":[{"href":"http:\/\/aynakol.org\/index.php?rest_route=%2Fwp%2Fv2%2Fmedia&parent=534"}],"wp:term":[{"taxonomy":"category","embeddable":true,"href":"http:\/\/aynakol.org\/index.php?rest_route=%2Fwp%2Fv2%2Fcategories&post=534"},{"taxonomy":"post_tag","embeddable":true,"href":"http:\/\/aynakol.org\/index.php?rest_route=%2Fwp%2Fv2%2Ftags&post=534"}],"curies":[{"name":"wp","href":"https:\/\/api.w.org\/{rel}","templated":true}]}}