{"id":546,"date":"2015-01-22T12:42:54","date_gmt":"2015-01-22T09:42:54","guid":{"rendered":"http:\/\/aynakol.org\/?p=546"},"modified":"2015-01-22T12:42:54","modified_gmt":"2015-01-22T09:42:54","slug":"pro-bikes-2015-giant-propel-advanced-sl","status":"publish","type":"post","link":"http:\/\/aynakol.org\/?p=546","title":{"rendered":"Pro Bikes: 2015 Giant Propel Advanced SL"},"content":{"rendered":"<p><span id=\"fbPhotoSnowliftCaption\" class=\"fbPhotosPhotoCaption\" tabindex=\"0\" data-ft=\"{&quot;tn&quot;:&quot;K&quot;}\"><span class=\"hasCaption\"><a href=\"https:\/\/eksisozluk.com\/entry\/48221210\" target=\"_blank\">Team Giant &#8211; Alpecin<\/a> <a href=\"http:\/\/tr.wikipedia.org\/wiki\/UCI_D%C3%BCnya_Turu\" target=\"_blank\">UCI World Tour<\/a> tak\u0131m\u0131n\u0131n sporcusu sprinter <a href=\"http:\/\/tr.eurosport.com\/bisiklet\/marcel-kittel_prs255441\/person.shtml\" target=\"_blank\">Marcel Kittel<\/a>&#8216;in yeni bisikleti: <a href=\"http:\/\/www.cyclingnews.com\/features\/pro-bike-marcel-kittels-giant-propel-advanced-sl-1#glance\" target=\"_blank\">GIANT Propel Advanced SL 2015<\/a>.<\/span><\/span><\/p>\n<p><span id=\"fbPhotoSnowliftCaption\" class=\"fbPhotosPhotoCaption\" tabindex=\"0\" data-ft=\"{&quot;tn&quot;:&quot;K&quot;}\"><span class=\"hasCaption\"><a href=\"https:\/\/i0.wp.com\/aynakol.org\/wp-content\/uploads\/2015\/01\/Marcel_Kittel_giant_propel_advanced_sl_2015.jpg\"><img data-recalc-dims=\"1\" loading=\"lazy\" decoding=\"async\" data-attachment-id=\"547\" data-permalink=\"http:\/\/aynakol.org\/?attachment_id=547\" data-orig-file=\"https:\/\/i0.wp.com\/aynakol.org\/wp-content\/uploads\/2015\/01\/Marcel_Kittel_giant_propel_advanced_sl_2015.jpg?fit=960%2C614\" data-orig-size=\"960,614\" data-comments-opened=\"1\" data-image-meta=\"{&quot;aperture&quot;:&quot;0&quot;,&quot;credit&quot;:&quot;&quot;,&quot;camera&quot;:&quot;&quot;,&quot;caption&quot;:&quot;&quot;,&quot;created_timestamp&quot;:&quot;0&quot;,&quot;copyright&quot;:&quot;Photo: Graham Watson 2015&quot;,&quot;focal_length&quot;:&quot;0&quot;,&quot;iso&quot;:&quot;0&quot;,&quot;shutter_speed&quot;:&quot;0&quot;,&quot;title&quot;:&quot;&quot;,&quot;orientation&quot;:&quot;0&quot;}\" data-image-title=\"Marcel_Kittel_giant_propel_advanced_sl_2015\" data-image-description=\"\" data-image-caption=\"\" data-large-file=\"https:\/\/i0.wp.com\/aynakol.org\/wp-content\/uploads\/2015\/01\/Marcel_Kittel_giant_propel_advanced_sl_2015.jpg?fit=860%2C550\" class=\"alignnone size-full wp-image-547\" src=\"https:\/\/i0.wp.com\/aynakol.org\/wp-content\/uploads\/2015\/01\/Marcel_Kittel_giant_propel_advanced_sl_2015.jpg?resize=860%2C550\" alt=\"Marcel_Kittel_giant_propel_advanced_sl_2015\" width=\"860\" height=\"550\" srcset=\"https:\/\/i0.wp.com\/aynakol.org\/wp-content\/uploads\/2015\/01\/Marcel_Kittel_giant_propel_advanced_sl_2015.jpg?w=960 960w, https:\/\/i0.wp.com\/aynakol.org\/wp-content\/uploads\/2015\/01\/Marcel_Kittel_giant_propel_advanced_sl_2015.jpg?resize=300%2C192 300w, https:\/\/i0.wp.com\/aynakol.org\/wp-content\/uploads\/2015\/01\/Marcel_Kittel_giant_propel_advanced_sl_2015.jpg?resize=705%2C451 705w\" sizes=\"auto, (max-width: 860px) 100vw, 860px\" \/><\/a><\/p>\n<p>Tak\u0131m\u0131n bisiklet sponsoru <a href=\"http:\/\/www.giant-bicycles.com\/tr-TR\/\" target=\"_blank\">Giant Bicycles<\/a>&#8216;\u0131n <a href=\"http:\/\/www.giant-bicycles.com\/tr-tr\/bikes\/model\/propel.advanced.sl.ltd.frameset\/21328\/81805\/\" target=\"_blank\">New Propel Advanced SL <\/a>modeli sahip oldu\u011fu<a href=\"http:\/\/cycle.shimano-eu.com\/content\/seh-bike\/en\/home\/components1\/road\/dura-ace-di2.html\" target=\"_blank\"> Shimano Dura-Ace Di2<\/a> vites &#8211; fren &#8211; jant &#8211; pedal setiyle g\u00f6z al\u0131c\u0131. Gidon ve bo\u011faz\u0131, sele ve borusu gibi di\u011fer donan\u0131mlar da yine Shimano&#8217;nun <a href=\"http:\/\/www.pro-bikegear.com\/en-gb\/\" target=\"_blank\">Pro <\/a>markas\u0131 alt\u0131nda \u00fcretti\u011fi \u00fcr\u00fcnler. Alman tak\u0131m\u0131n\u0131n po<span class=\"text_exposed_show\">wermeter tercihi <a href=\"http:\/\/www.pioneerelectronics.com\/PUSA\/Cycle+Sports\/Pedaling+Monitor\" target=\"_blank\">Pioneer<\/a>, d\u0131\u015f lastik tercihi ise <a href=\"http:\/\/www.vittoria.com\/tire\/corsa-cx\/\" target=\"_blank\">Vittoria Corsa Evo CX 25mm. <\/a><\/span><\/span><\/span><\/p>\n<p><span id=\"fbPhotoSnowliftCaption\" class=\"fbPhotosPhotoCaption\" tabindex=\"0\" data-ft=\"{&quot;tn&quot;:&quot;K&quot;}\"><span class=\"hasCaption\"><span class=\"text_exposed_show\">Giant &#8220;new&#8221; Propel geometrisi itibariyle bir aero bike&#8230; Kadronun i\u00e7 \u00fc\u00e7geninden sele borusuna, ma\u015fadan arka \u00e7eki borusuna dek her bir detay r\u00fczgar\u0131 b\u0131\u00e7ak gibi kesmek \u00fczerine tasarlanm\u0131\u015f. Y\u00fcksek ve konik al\u0131n borusu ile sele borusundan e\u011fimli gelen \u00fcst boru da sporcunun daha iyi bir aero pozisyon almas\u0131na imkan tan\u0131yor. <\/span><\/span><\/span><\/p>\n<p><iframe loading=\"lazy\" src=\"\/\/www.youtube.com\/embed\/z-DmnjNYVck\" width=\"560\" height=\"315\" frameborder=\"0\" allowfullscreen=\"allowfullscreen\"><\/iframe><\/p>\n<p>Bisikletin ilk zaferini \u015fu an devam eden <a href=\"http:\/\/www.steephill.tv\/tour-down-under\/\" target=\"_blank\">Santos Tour Down Under 2015<\/a> \u00f6ncesi yap\u0131lan <a href=\"http:\/\/velonews.competitor.com\/2015\/01\/news\/marcel-kittel-opens-2015-account-victory-peoples-choice-classic_358468\" target=\"_blank\"><strong>People&#8217;s Choice Classic Criterium <\/strong><\/a>yar\u0131\u015f\u0131ndaald\u0131\u011f\u0131n\u0131 dabelirtelim.Ger\u00e7i Marcel Kittel elarabas\u0131kullansa daetab\u0131birincige\u00e7ecekg\u00fc\u00e7tebir sprinter,2013 ve 14bunuFransaBisikletTuru ve\u00f6ncesindekan\u0131tlam\u0131\u015ft\u0131.<\/p>\n<p><iframe loading=\"lazy\" src=\"\/\/www.youtube.com\/embed\/tOjKfqeiQvo\" width=\"560\" height=\"315\" frameborder=\"0\" allowfullscreen=\"allowfullscreen\"><\/iframe><\/p>\n<p><span class=\"fbPhotosPhotoCaption\" tabindex=\"0\" data-ft=\"{&quot;tn&quot;:&quot;K&quot;}\"><span class=\"hasCaption\"><span class=\"text_exposed_show\">Kittel umar\u0131z, daha \u00f6nce yapt\u0131\u011f\u0131 gibi (<a href=\"http:\/\/www.steephill.tv\/tirreno-adriatico\/#02-preview-2014\" target=\"_blank\">T<\/a><\/span><\/span><\/span><a href=\"http:\/\/www.steephill.tv\/tirreno-adriatico\/#02-preview-2014\" target=\"_blank\">irreno-Adriatico 2014, 2. Etap: San Vincenzo \u2192 Cascina, 173 km<\/a>) <span id=\"fbPhotoSnowliftCaption\" class=\"fbPhotosPhotoCaption\" tabindex=\"0\" data-ft=\"{&quot;tn&quot;:&quot;K&quot;}\"><span class=\"hasCaption\"><span class=\"text_exposed_show\">bu bisikleti de yere \u00e7almaz!<\/span><\/span><\/span><\/p>\n<div id=\"attachment_550\" style=\"width: 715px\" class=\"wp-caption alignnone\"><a href=\"https:\/\/i0.wp.com\/aynakol.org\/wp-content\/uploads\/2015\/01\/Marcel_Kittel_giant_propel_advanced_sl_2014.jpg\"><img data-recalc-dims=\"1\" loading=\"lazy\" decoding=\"async\" aria-describedby=\"caption-attachment-550\" data-attachment-id=\"550\" data-permalink=\"http:\/\/aynakol.org\/?attachment_id=550\" data-orig-file=\"https:\/\/i0.wp.com\/aynakol.org\/wp-content\/uploads\/2015\/01\/Marcel_Kittel_giant_propel_advanced_sl_2014.jpg?fit=1300%2C830\" data-orig-size=\"1300,830\" data-comments-opened=\"1\" data-image-meta=\"{&quot;aperture&quot;:&quot;5&quot;,&quot;credit&quot;:&quot;Picasa&quot;,&quot;camera&quot;:&quot;Canon EOS 600D&quot;,&quot;caption&quot;:&quot;Tour de France 2014, stage two, Marcel Kittel&#039;s yellow Giant Propel Advanced SL (Pic: George Scott\/Factory Media)&quot;,&quot;created_timestamp&quot;:&quot;1404640299&quot;,&quot;copyright&quot;:&quot;&quot;,&quot;focal_length&quot;:&quot;33&quot;,&quot;iso&quot;:&quot;100&quot;,&quot;shutter_speed&quot;:&quot;0.016666666666667&quot;,&quot;title&quot;:&quot;&quot;,&quot;orientation&quot;:&quot;0&quot;}\" data-image-title=\"Marcel_Kittel_giant_propel_advanced_sl_2014\" data-image-description=\"&lt;p&gt;Tour de France 2014, stage two, Marcel Kittel&amp;#8217;s yellow Giant Propel Advanced SL (Pic: George Scott\/Factory Media)&lt;\/p&gt;\n\" data-image-caption=\"&lt;p&gt;Fransa Bisiklet Turu (2014) a\u00e7\u0131l\u0131\u015f etab\u0131nda birinci gelen Kittel&amp;#8217;in mailot jaune renkleriyle donat\u0131lm\u0131\u015f bisikleti.&lt;\/p&gt;\n\" data-large-file=\"https:\/\/i0.wp.com\/aynakol.org\/wp-content\/uploads\/2015\/01\/Marcel_Kittel_giant_propel_advanced_sl_2014.jpg?fit=860%2C549\" class=\"size-large wp-image-550\" src=\"https:\/\/i0.wp.com\/aynakol.org\/wp-content\/uploads\/2015\/01\/Marcel_Kittel_giant_propel_advanced_sl_2014.jpg?resize=705%2C450\" alt=\"Fransa Bisiklet Turu (2014) a\u00e7\u0131l\u0131\u015f etab\u0131nda birinci gelen Kittel'in mailot jaune renkleriyle donat\u0131lm\u0131\u015f bisikleti.\" width=\"705\" height=\"450\" srcset=\"https:\/\/i0.wp.com\/aynakol.org\/wp-content\/uploads\/2015\/01\/Marcel_Kittel_giant_propel_advanced_sl_2014.jpg?resize=1024%2C654 1024w, https:\/\/i0.wp.com\/aynakol.org\/wp-content\/uploads\/2015\/01\/Marcel_Kittel_giant_propel_advanced_sl_2014.jpg?resize=300%2C192 300w, https:\/\/i0.wp.com\/aynakol.org\/wp-content\/uploads\/2015\/01\/Marcel_Kittel_giant_propel_advanced_sl_2014.jpg?resize=705%2C450 705w, https:\/\/i0.wp.com\/aynakol.org\/wp-content\/uploads\/2015\/01\/Marcel_Kittel_giant_propel_advanced_sl_2014.jpg?w=1300 1300w\" sizes=\"auto, (max-width: 705px) 100vw, 705px\" \/><\/a><p id=\"caption-attachment-550\" class=\"wp-caption-text\">Fransa Bisiklet Turu (2014) a\u00e7\u0131l\u0131\u015f etab\u0131nda <a href=\"http:\/\/www.steephill.tv\/2014\/tour-de-france\/#01-results-2014\" target=\"_blank\">birinci gelen Kittel<\/a>&#8216;in maillot jaune renkleriyle donat\u0131lm\u0131\u015f bisikleti.<\/p><\/div>\n<p>2014 Fransa Bisiklet Turunda d\u00f6rt etap galibiyeti (1, 2, 4\u00a0 ve 21) bulunan Marcel Kittel&#8217;in <a href=\"http:\/\/www.bikeradar.com\/road\/gear\/article\/pro-bike-marcel-kittels-giant-propel-advanced-sl-video-39792\/\" target=\"_blank\">ge\u00e7en sene kulland\u0131\u011f\u0131<\/a> bisikleti merak ettiyseniz ba\u011flant\u0131ya t\u0131klaman\u0131z veya videoyu izlemeniz yeterli.<\/p>\n<p><iframe loading=\"lazy\" src=\"\/\/www.youtube.com\/embed\/9oKqcy-dnoE\" width=\"560\" height=\"315\" frameborder=\"0\" allowfullscreen=\"allowfullscreen\"><\/iframe><\/p>\n<ul>\n<li><strong>Bisikletin ne a\u011f\u0131rl\u0131\u011f\u0131:<\/strong> 7.23 kg (Kittel&#8217;in bisikleti)<\/li>\n<li><strong>Teknik \u00f6zellikleri:<\/strong> <a href=\"http:\/\/www.bikeradar.com\/road\/gear\/article\/pro-bike-marcel-kittels-2015-giant-propel-advanced-sl-43446\/\" target=\"_blank\">BikeRadar.com<\/a><\/li>\n<\/ul>\n","protected":false},"excerpt":{"rendered":"<p>Team Giant &#8211; Alpecin UCI World Tour tak\u0131m\u0131n\u0131n sporcusu sprinter Marcel Kittel&#8216;in yeni bisikleti: GIANT Propel Advanced SL 2015. Tak\u0131m\u0131n bisiklet sponsoru Giant Bicycles&#8216;\u0131n New [&#8230;]<\/p>\n","protected":false},"author":1,"featured_media":0,"comment_status":"open","ping_status":"open","sticky":false,"template":"","format":"standard","meta":{"jetpack_post_was_ever_published":false,"_jetpack_newsletter_access":"","_jetpack_dont_email_post_to_subs":false,"_jetpack_newsletter_tier_id":0,"_jetpack_memberships_contains_paywalled_content":false,"_jetpack_memberships_contains_paid_content":false,"footnotes":"","jetpack_publicize_message":"","jetpack_publicize_feature_enabled":true,"jetpack_social_post_already_shared":true,"jetpack_social_options":{"image_generator_settings":{"template":"highway","default_image_id":0,"font":"","enabled":false},"version":2}},"categories":[443],"tags":[458,448,445,178,444,455,456,457,452,151,217,459,451,453,454,449,199,447,450,35,34,164,446],"class_list":["post-546","post","type-post","status-publish","format-standard","hentry","category-pro-bikes","tag-aeor-bike","tag-dura-ace","tag-gianr-alpecin","tag-giant","tag-giant-bicycles","tag-giant-propel","tag-giant-propel-advanced","tag-giant-propel-advanced-sl","tag-kittel","tag-le-tour","tag-le-tour-de-france-2","tag-maillot-jaune","tag-marcel","tag-marcel-kittel","tag-porpel","tag-pro","tag-shimano","tag-shimano-dura-ace","tag-shimano-pro","tag-tdf","tag-tour-de-france","tag-uci","tag-uci-world-tour"],"jetpack_publicize_connections":[],"jetpack_featured_media_url":"","jetpack_sharing_enabled":true,"jetpack_shortlink":"https:\/\/wp.me\/p51p4O-8O","jetpack_likes_enabled":true,"jetpack-related-posts":[{"id":1621,"url":"http:\/\/aynakol.org\/?p=1621","url_meta":{"origin":546,"position":0},"title":"#TDF2015 21. Etap: S\u00e8vres \u2192 Champs-Elys\u00e9es, 110 km","author":"Ayd\u0131n Bez","date":"25 Temmuz 2015","format":false,"excerpt":"Art\u0131k zafer turu. 21 g\u00fcn boyunca Bel\u00e7ikadan ya\u011fmurlu Hollanda topraklar\u0131na, oradan yetmezmi\u015f gibi kuzeyin ta\u015fl\u0131 yollar\u0131ndan Arenberg ormanlar\u0131na, deniz k\u0131y\u0131s\u0131na, Bretania - Breton krall\u0131\u011f\u0131 topraklar\u0131na inip durmaks\u0131z\u0131n g\u00fcneye, Pirenelere uzand\u0131k ve sadece iki g\u00fcn dinlenip kendimizi Alplerde bulduk ve \u015fimdi Paristeyiz! 22 tak\u0131m, 198 pedal ve bir o kadar da\u2026","rel":"","context":"&quot;Grand Tour&quot; i\u00e7inde","block_context":{"text":"Grand Tour","link":"http:\/\/aynakol.org\/?cat=92"},"img":{"alt_text":"","src":"https:\/\/i0.wp.com\/aynakol.org\/wp-content\/uploads\/2015\/07\/le-tour-sunflowers_crop.jpg?fit=500%2C247&resize=350%2C200","width":350,"height":200},"classes":[]},{"id":2152,"url":"http:\/\/aynakol.org\/?p=2152","url_meta":{"origin":546,"position":1},"title":"2016 Sezonunda Pelotondaki Teknik Yenilikler","author":"Ayd\u0131n Bez","date":"21 Aral\u0131k 2015","format":false,"excerpt":"De\u011fi\u015fiklik her zaman iyidir, her ne kadar tutucu olmaya meyilli olsak da. Ge\u00e7en seneye g\u00f6re\u00a02016 sezonunda 18 WorldTour tak\u0131m\u0131ndan hi\u00e7birinin bisiklet sponsorlar\u0131 de\u011fi\u015fmemesine ra\u011fmen, tak\u0131mlar\u0131ndan baz\u0131lar\u0131n\u0131n donan\u0131m tercihlerinde\u00a0baz\u0131 de\u011fi\u015fiklikler oldu. \u00a0 \u015e\u00fcphesiz en dikkat \u00e7ekici de\u011fi\u015fiklik Rus Katusha tak\u0131m\u0131ndan geldi: Shimano'dan SRAM kablosuz ve elektronik vites, fren, jant ve tamamlay\u0131c\u0131\u2026","rel":"","context":"&quot;Haberler&quot; i\u00e7inde","block_context":{"text":"Haberler","link":"http:\/\/aynakol.org\/?cat=251"},"img":{"alt_text":"","src":"https:\/\/i0.wp.com\/aynakol.org\/wp-content\/uploads\/2015\/12\/Katusha_Sram.jpg?fit=599%2C419&resize=350%2C200","width":350,"height":200,"srcset":"https:\/\/i0.wp.com\/aynakol.org\/wp-content\/uploads\/2015\/12\/Katusha_Sram.jpg?fit=599%2C419&resize=350%2C200 1x, https:\/\/i0.wp.com\/aynakol.org\/wp-content\/uploads\/2015\/12\/Katusha_Sram.jpg?fit=599%2C419&resize=525%2C300 1.5x"},"classes":[]},{"id":3696,"url":"http:\/\/aynakol.org\/?p=3696","url_meta":{"origin":546,"position":2},"title":"Tdf2016 4. Etap: Saumur \u2192 Limoges, 232 km","author":"Ayd\u0131n Bez","date":"5 Temmuz 2016","format":false,"excerpt":"D\u00fcnk\u00fc etapta neler oldu? Kazanan\u0131n milimetrelerle belirlendi\u011fi d\u00fcz profilli 3.Etapta zaferin ad\u0131 yine, yeniden Mark Cavendish olurken sar\u0131 mayo ise h\u00e2l\u00e2 Peter Sagan'\u0131n s\u0131rt\u0131nda. Etap incelemesi 3. Etapla birlikte Normandiyaya veda edip G\u00fcneye do\u011fru yolculu\u011fumuz ba\u015fl\u0131yor. Saumur \u2192 Limoges kentleri aras\u0131nda pedallanacak 4. etap 232 km uzunlu\u011fuyla Le Tour'un en\u2026","rel":"","context":"&quot;Tour de France&quot; i\u00e7inde","block_context":{"text":"Tour de France","link":"http:\/\/aynakol.org\/?cat=89"},"img":{"alt_text":"","src":"https:\/\/i0.wp.com\/aynakol.org\/wp-content\/uploads\/2016\/07\/Ekran-G%C3%B6r%C3%BCnt%C3%BCs%C3%BC-2016-07-05-18-06-30.png?fit=1200%2C635&resize=350%2C200","width":350,"height":200,"srcset":"https:\/\/i0.wp.com\/aynakol.org\/wp-content\/uploads\/2016\/07\/Ekran-G%C3%B6r%C3%BCnt%C3%BCs%C3%BC-2016-07-05-18-06-30.png?fit=1200%2C635&resize=350%2C200 1x, https:\/\/i0.wp.com\/aynakol.org\/wp-content\/uploads\/2016\/07\/Ekran-G%C3%B6r%C3%BCnt%C3%BCs%C3%BC-2016-07-05-18-06-30.png?fit=1200%2C635&resize=525%2C300 1.5x, https:\/\/i0.wp.com\/aynakol.org\/wp-content\/uploads\/2016\/07\/Ekran-G%C3%B6r%C3%BCnt%C3%BCs%C3%BC-2016-07-05-18-06-30.png?fit=1200%2C635&resize=700%2C400 2x, https:\/\/i0.wp.com\/aynakol.org\/wp-content\/uploads\/2016\/07\/Ekran-G%C3%B6r%C3%BCnt%C3%BCs%C3%BC-2016-07-05-18-06-30.png?fit=1200%2C635&resize=1050%2C600 3x"},"classes":[]},{"id":3925,"url":"http:\/\/aynakol.org\/?p=3925","url_meta":{"origin":546,"position":3},"title":"TdF2016 14. Etap: Mont\u00e9limar \u2192 Villars-les-Dombes, 208 km","author":"Ayd\u0131n Bez","date":"16 Temmuz 2016","format":false,"excerpt":"D\u00fcnk\u00fc etapta neler olmu\u015ftu?\u00a0 Bireysel zamana kar\u015f\u0131 olarak pedallanan 37 km uzunul\u011fundaki etapta zafere uzanan isim hollandal\u0131 pedal Tom Dumoulin olurken Chris Froome'da rakipleriyle aras\u0131ndaki zaman fark\u0131n\u0131 iyice a\u00e7arak sar\u0131 mayodaki yerini peki\u015ftirdi. Etap hakk\u0131nda Art\u0131k g\u00fcneyden kuzeye do\u011fru ilerlemenin vakti geldi; bir sonraki durak Alpler ve Jura da\u011flar\u0131. Mont\u00e9limar\u2026","rel":"","context":"&quot;Tour de France&quot; i\u00e7inde","block_context":{"text":"Tour de France","link":"http:\/\/aynakol.org\/?cat=89"},"img":{"alt_text":"","src":"https:\/\/i0.wp.com\/aynakol.org\/wp-content\/uploads\/2016\/07\/TDF2016_stage14_todays_break.jpg?fit=1200%2C663&resize=350%2C200","width":350,"height":200,"srcset":"https:\/\/i0.wp.com\/aynakol.org\/wp-content\/uploads\/2016\/07\/TDF2016_stage14_todays_break.jpg?fit=1200%2C663&resize=350%2C200 1x, https:\/\/i0.wp.com\/aynakol.org\/wp-content\/uploads\/2016\/07\/TDF2016_stage14_todays_break.jpg?fit=1200%2C663&resize=525%2C300 1.5x, https:\/\/i0.wp.com\/aynakol.org\/wp-content\/uploads\/2016\/07\/TDF2016_stage14_todays_break.jpg?fit=1200%2C663&resize=700%2C400 2x, https:\/\/i0.wp.com\/aynakol.org\/wp-content\/uploads\/2016\/07\/TDF2016_stage14_todays_break.jpg?fit=1200%2C663&resize=1050%2C600 3x"},"classes":[]},{"id":556,"url":"http:\/\/aynakol.org\/?p=556","url_meta":{"origin":546,"position":4},"title":"Pro Bikes: Pro Team Tinkoff Saxo&#8217;nun tercihi Specialized S-Works Tarmac","author":"Ayd\u0131n Bez","date":"23 Ocak 2015","format":false,"excerpt":"2015 sezonunda pro pelotonda bir\u00e7ok tak\u0131m vites-fren-teker sistemleriyle tamamlay\u0131c\u0131 donan\u0131mlar\u0131nda ciddi de\u011fi\u015fikliklere gitti. Neredeyse donan\u0131mlar\u0131n\u0131 de\u011fi\u015ftirmeyen tak\u0131m kalmad\u0131 diyebiliriz. 2014 sezonunu say\u0131s\u0131z etap galibiyetleri ve \u0130spanya Bisiklet Turu \u015fampiyonlu\u011fu gibi ba\u015far\u0131larla kapat\u0131p \u00fczerine gelecek sezon ba\u015far\u0131lar\u0131n\u0131 per\u00e7inlemek i\u00e7in yerinde transferler yapan Uci World Tour\u2019un tek Rus tak\u0131m\u0131 Pro Team Tinkoff\u2026","rel":"","context":"&quot;Pro Bikes&quot; i\u00e7inde","block_context":{"text":"Pro Bikes","link":"http:\/\/aynakol.org\/?cat=443"},"img":{"alt_text":"","src":"https:\/\/i0.wp.com\/aynakol.org\/wp-content\/uploads\/2015\/01\/Tinkoff_Saxo_Specialized_Swork_Tarmac_2015.jpg?fit=1200%2C800&resize=350%2C200","width":350,"height":200,"srcset":"https:\/\/i0.wp.com\/aynakol.org\/wp-content\/uploads\/2015\/01\/Tinkoff_Saxo_Specialized_Swork_Tarmac_2015.jpg?fit=1200%2C800&resize=350%2C200 1x, https:\/\/i0.wp.com\/aynakol.org\/wp-content\/uploads\/2015\/01\/Tinkoff_Saxo_Specialized_Swork_Tarmac_2015.jpg?fit=1200%2C800&resize=525%2C300 1.5x, https:\/\/i0.wp.com\/aynakol.org\/wp-content\/uploads\/2015\/01\/Tinkoff_Saxo_Specialized_Swork_Tarmac_2015.jpg?fit=1200%2C800&resize=700%2C400 2x, https:\/\/i0.wp.com\/aynakol.org\/wp-content\/uploads\/2015\/01\/Tinkoff_Saxo_Specialized_Swork_Tarmac_2015.jpg?fit=1200%2C800&resize=1050%2C600 3x"},"classes":[]},{"id":5197,"url":"http:\/\/aynakol.org\/?p=5197","url_meta":{"origin":546,"position":5},"title":"#TdF2017 14. Etap: Blagnac \u2192 Rodez, 181 km","author":"Ayd\u0131n Bez","date":"15 Temmuz 2017","format":false,"excerpt":"Genel klasmanda hesab\u0131n da\u011flarda g\u00f6r\u00fclece\u011fini s\u00f6ylemi\u015ftik; nitekim 12 ve 12. etaplar\u0131n sonunda ya\u015fananlar bunun kan\u0131t\u0131 oldu: Ge\u00e7ilemez denilen Chris Froome 12. etab\u0131n sonunda duvara toslam\u0131\u015f Fabio Aru da sar\u0131 mayoya uzanm\u0131\u015ft\u0131 Romain Bardet'in zaferi ard\u0131ndan. Blagnac \u2192 Rodez aras\u0131nda pedallanacak 181 km uzunlu\u011fundaki 14. etap orta \u015fiddetli da\u011fl\u0131k bir ge\u00e7i\u015f\u2026","rel":"","context":"&quot;Tour de France&quot; i\u00e7inde","block_context":{"text":"Tour de France","link":"http:\/\/aynakol.org\/?cat=89"},"img":{"alt_text":"","src":"https:\/\/i0.wp.com\/aynakol.org\/wp-content\/uploads\/2017\/07\/TdF2017_stage13_peloton_3-e1500047230391.jpg?fit=1200%2C750&resize=350%2C200","width":350,"height":200,"srcset":"https:\/\/i0.wp.com\/aynakol.org\/wp-content\/uploads\/2017\/07\/TdF2017_stage13_peloton_3-e1500047230391.jpg?fit=1200%2C750&resize=350%2C200 1x, https:\/\/i0.wp.com\/aynakol.org\/wp-content\/uploads\/2017\/07\/TdF2017_stage13_peloton_3-e1500047230391.jpg?fit=1200%2C750&resize=525%2C300 1.5x, https:\/\/i0.wp.com\/aynakol.org\/wp-content\/uploads\/2017\/07\/TdF2017_stage13_peloton_3-e1500047230391.jpg?fit=1200%2C750&resize=700%2C400 2x, https:\/\/i0.wp.com\/aynakol.org\/wp-content\/uploads\/2017\/07\/TdF2017_stage13_peloton_3-e1500047230391.jpg?fit=1200%2C750&resize=1050%2C600 3x"},"classes":[]}],"_links":{"self":[{"href":"http:\/\/aynakol.org\/index.php?rest_route=\/wp\/v2\/posts\/546","targetHints":{"allow":["GET"]}}],"collection":[{"href":"http:\/\/aynakol.org\/index.php?rest_route=\/wp\/v2\/posts"}],"about":[{"href":"http:\/\/aynakol.org\/index.php?rest_route=\/wp\/v2\/types\/post"}],"author":[{"embeddable":true,"href":"http:\/\/aynakol.org\/index.php?rest_route=\/wp\/v2\/users\/1"}],"replies":[{"embeddable":true,"href":"http:\/\/aynakol.org\/index.php?rest_route=%2Fwp%2Fv2%2Fcomments&post=546"}],"version-history":[{"count":6,"href":"http:\/\/aynakol.org\/index.php?rest_route=\/wp\/v2\/posts\/546\/revisions"}],"predecessor-version":[{"id":554,"href":"http:\/\/aynakol.org\/index.php?rest_route=\/wp\/v2\/posts\/546\/revisions\/554"}],"wp:attachment":[{"href":"http:\/\/aynakol.org\/index.php?rest_route=%2Fwp%2Fv2%2Fmedia&parent=546"}],"wp:term":[{"taxonomy":"category","embeddable":true,"href":"http:\/\/aynakol.org\/index.php?rest_route=%2Fwp%2Fv2%2Fcategories&post=546"},{"taxonomy":"post_tag","embeddable":true,"href":"http:\/\/aynakol.org\/index.php?rest_route=%2Fwp%2Fv2%2Ftags&post=546"}],"curies":[{"name":"wp","href":"https:\/\/api.w.org\/{rel}","templated":true}]}}