{"id":568,"date":"2015-02-04T13:27:54","date_gmt":"2015-02-04T10:27:54","guid":{"rendered":"http:\/\/aynakol.org\/?p=568"},"modified":"2015-02-05T01:58:24","modified_gmt":"2015-02-04T22:58:24","slug":"dubai-tour-2015-1-etap-dubai-%e2%86%92-dubai-145-km-duz","status":"publish","type":"post","link":"http:\/\/aynakol.org\/?p=568","title":{"rendered":"Dubai Tour 2015: 1. Etap Dubai \u2192 Dubai, 145 km (d\u00fcz)"},"content":{"rendered":"<ul>\n<li>4 g\u00fcn,<\/li>\n<li>toplam 660 km,<\/li>\n<li>\u00e7o\u011funlukla d\u00fcz,<\/li>\n<li>ortalamas\u0131 45 km\/s olan bir tur,<\/li>\n<li>kavurucu \u00e7\u00f6l s\u0131caklar\u0131<\/li>\n<\/ul>\n<p>Tamam 21 g\u00fcnl\u00fck b\u00fcy\u00fck turlar kadar epik bir giri\u015f olmad\u0131 ama elimizdeki \u015fimdilik bu ve biz yine de Dubai Turunu selamlayal\u0131m!<\/p>\n<p>Dubai, T\u00fcrkiye, Katar, \u0130sve\u00e7, Polonya&#8230; Bu \u00fclke turlar\u0131n\u0131n ortak bir \u00f6zelli\u011fi \u00fclke ekonomisini ve turizmini desteklemek, sportif \u00e7al\u0131\u015fma ve organizasyon becerilerini \u00fclkeler \u00fcst\u00fc kurumlara g\u00f6sterip arenada daha \u00e7ok yer alabilmek. \u015e\u00fcphesiz turizme katk\u0131s\u0131n\u0131n \u00f6nemi yads\u0131nmaz! Turlar\u0131n rotalar\u0131nda mutlaka o \u00fclkenin simgele\u015fmi\u015f eser ve yerlerini g\u00f6r\u00fcrs\u00fcn\u00fcz. T\u00fcrkiyede Akdeniz ve Ege k\u0131y\u0131lar\u0131, Dubaide yapay <a href=\"http:\/\/tr.wikipedia.org\/wiki\/Palmiye_Adalar%C4%B1\" target=\"_blank\">Palmiye Adalar\u0131<\/a>&#8230;<\/p>\n<p>Dubai Turu, UCI <a href=\"http:\/\/www.uci.ch\/road\/calendar\/detail#date=20150201&amp;view=list&amp;categ=89&amp;country=0&amp;classc=0\" target=\"_blank\">yar\u0131\u015f takviminde <\/a>bir Asya k\u0131tas\u0131 yar\u0131\u015f\u0131 olarak i\u015faretli. Avrupada ise Mart ay\u0131nda pedallar d\u00f6nmeye ba\u015flayacak.<\/p>\n<div id=\"attachment_572\" style=\"width: 934px\" class=\"wp-caption alignnone\"><a href=\"https:\/\/i0.wp.com\/aynakol.org\/wp-content\/uploads\/2015\/02\/Dubai_Tour_2015_stage_1_stage_profile.jpg\"><img data-recalc-dims=\"1\" loading=\"lazy\" decoding=\"async\" aria-describedby=\"caption-attachment-572\" data-attachment-id=\"572\" data-permalink=\"http:\/\/aynakol.org\/?attachment_id=572\" data-orig-file=\"https:\/\/i0.wp.com\/aynakol.org\/wp-content\/uploads\/2015\/02\/Dubai_Tour_2015_stage_1_stage_profile.jpg?fit=924%2C525\" data-orig-size=\"924,525\" data-comments-opened=\"1\" data-image-meta=\"{&quot;aperture&quot;:&quot;0&quot;,&quot;credit&quot;:&quot;&quot;,&quot;camera&quot;:&quot;&quot;,&quot;caption&quot;:&quot;&quot;,&quot;created_timestamp&quot;:&quot;0&quot;,&quot;copyright&quot;:&quot;&quot;,&quot;focal_length&quot;:&quot;0&quot;,&quot;iso&quot;:&quot;0&quot;,&quot;shutter_speed&quot;:&quot;0&quot;,&quot;title&quot;:&quot;&quot;,&quot;orientation&quot;:&quot;0&quot;}\" data-image-title=\"Dubai_Tour_2015_stage_1_stage_profile\" data-image-description=\"\" data-image-caption=\"&lt;p&gt;DUbai co\u011frafi olarak da\u011fl\u0131k bir \u00fclke de\u011fil, t\u0131rman\u0131\u015flar yok; dileyen \u00fclkenin sembollerinden g\u00f6kdelenlere t\u0131rmanabilir.&lt;\/p&gt;\n\" data-large-file=\"https:\/\/i0.wp.com\/aynakol.org\/wp-content\/uploads\/2015\/02\/Dubai_Tour_2015_stage_1_stage_profile.jpg?fit=860%2C489\" class=\"size-full wp-image-572\" src=\"https:\/\/i0.wp.com\/aynakol.org\/wp-content\/uploads\/2015\/02\/Dubai_Tour_2015_stage_1_stage_profile.jpg?resize=860%2C489\" alt=\"DUbai co\u011frafi olarak da\u011fl\u0131k bir \u00fclke de\u011fil, t\u0131rman\u0131\u015flar yok; dileyen \u00fclkenin sembollerinden g\u00f6kdelenlere t\u0131rmanabilir.\" width=\"860\" height=\"489\" srcset=\"https:\/\/i0.wp.com\/aynakol.org\/wp-content\/uploads\/2015\/02\/Dubai_Tour_2015_stage_1_stage_profile.jpg?w=924 924w, https:\/\/i0.wp.com\/aynakol.org\/wp-content\/uploads\/2015\/02\/Dubai_Tour_2015_stage_1_stage_profile.jpg?resize=300%2C170 300w, https:\/\/i0.wp.com\/aynakol.org\/wp-content\/uploads\/2015\/02\/Dubai_Tour_2015_stage_1_stage_profile.jpg?resize=705%2C401 705w\" sizes=\"auto, (max-width: 860px) 100vw, 860px\" \/><\/a><p id=\"caption-attachment-572\" class=\"wp-caption-text\">DUbai co\u011frafi olarak da\u011fl\u0131k bir \u00fclke de\u011fil, t\u0131rman\u0131\u015flar yok; dileyen \u00fclkenin sembollerinden g\u00f6kdelenlere t\u0131rmanabilir.<\/p><\/div>\n<p>16 tak\u0131m\u0131n kat\u0131ld\u0131\u011f\u0131 Dubai Turu \u00e7o\u011funlukla d\u00fcz d\u00f6rt etaptan olu\u015fuyor. Tur, \u00fclkenin co\u011frafi yap\u0131s\u0131 gere\u011fi fazla e\u011fime sahip de\u011fil; olmad\u0131\u011f\u0131 gibi ge\u00e7en sene turun ortalamas\u0131 45 km\/s civar\u0131ndayd\u0131; ancak sporcular\u0131 \u00e7\u00f6l s\u0131caklar\u0131 baya\u011f\u0131 zorlayacak. Zira, T\u00fcrkiye Turunun Akdeniz k\u0131y\u0131lar\u0131nda ge\u00e7en ilk etaplar\u0131 sonras\u0131 olu\u015fmaya ba\u015flayan amele yan\u0131klar\u0131 burada ilk saatlerden itibaren olu\u015fup b\u00fct\u00fcn y\u0131l boyunca gururla ta\u015f\u0131nacak.<\/p>\n<div id=\"attachment_571\" style=\"width: 715px\" class=\"wp-caption alignnone\"><a href=\"https:\/\/i0.wp.com\/aynakol.org\/wp-content\/uploads\/2015\/02\/Dubai_Tour_2015_stage_1_stage_map.png\"><img data-recalc-dims=\"1\" loading=\"lazy\" decoding=\"async\" aria-describedby=\"caption-attachment-571\" data-attachment-id=\"571\" data-permalink=\"http:\/\/aynakol.org\/?attachment_id=571\" data-orig-file=\"https:\/\/i0.wp.com\/aynakol.org\/wp-content\/uploads\/2015\/02\/Dubai_Tour_2015_stage_1_stage_map.png?fit=1325%2C561\" data-orig-size=\"1325,561\" data-comments-opened=\"1\" data-image-meta=\"{&quot;aperture&quot;:&quot;0&quot;,&quot;credit&quot;:&quot;&quot;,&quot;camera&quot;:&quot;&quot;,&quot;caption&quot;:&quot;&quot;,&quot;created_timestamp&quot;:&quot;0&quot;,&quot;copyright&quot;:&quot;&quot;,&quot;focal_length&quot;:&quot;0&quot;,&quot;iso&quot;:&quot;0&quot;,&quot;shutter_speed&quot;:&quot;0&quot;,&quot;title&quot;:&quot;&quot;,&quot;orientation&quot;:&quot;0&quot;}\" data-image-title=\"Dubai_Tour_2015_stage_1_stage_map\" data-image-description=\"\" data-image-caption=\"&lt;p&gt;Dubai &amp;#8211; Dubai aras\u0131 pedallanacak etap 145 km uzunlu\u011funda.&lt;\/p&gt;\n\" data-large-file=\"https:\/\/i0.wp.com\/aynakol.org\/wp-content\/uploads\/2015\/02\/Dubai_Tour_2015_stage_1_stage_map.png?fit=860%2C364\" class=\"size-large wp-image-571\" src=\"https:\/\/i0.wp.com\/aynakol.org\/wp-content\/uploads\/2015\/02\/Dubai_Tour_2015_stage_1_stage_map.png?resize=705%2C299\" alt=\"Dubai - Dubai aras\u0131 pedallanacak etap 145 km uzunlu\u011funda.\" width=\"705\" height=\"299\" srcset=\"https:\/\/i0.wp.com\/aynakol.org\/wp-content\/uploads\/2015\/02\/Dubai_Tour_2015_stage_1_stage_map.png?resize=1024%2C434 1024w, https:\/\/i0.wp.com\/aynakol.org\/wp-content\/uploads\/2015\/02\/Dubai_Tour_2015_stage_1_stage_map.png?resize=300%2C127 300w, https:\/\/i0.wp.com\/aynakol.org\/wp-content\/uploads\/2015\/02\/Dubai_Tour_2015_stage_1_stage_map.png?resize=705%2C298 705w, https:\/\/i0.wp.com\/aynakol.org\/wp-content\/uploads\/2015\/02\/Dubai_Tour_2015_stage_1_stage_map.png?w=1325 1325w\" sizes=\"auto, (max-width: 705px) 100vw, 705px\" \/><\/a><p id=\"caption-attachment-571\" class=\"wp-caption-text\">Dubai &#8211; Dubai aras\u0131 pedallanacak etap 145 km uzunlu\u011funda.<\/p><\/div>\n<p>Dubai \u2192 Dubai aras\u0131nda pedallanacak 145 km uzunlu\u011fundaki etap Palmiye Adalar\u0131 boyunca s\u00fcrecek ve sprint biti\u015fi ile sona erecek. Etab\u0131n en g\u00fc\u00e7l\u00fc iki favorisi var: her ne kadar Tour of San Lois de umdu\u011funu bulamasa da, ku\u015fkusuz Etixx-Quick Step (BEL) tak\u0131m\u0131n\u0131n kaptan\u0131 Mark Cavendish ve Vuelta a Espana&#8217;da d\u00f6rt etap zaferi kazanm\u0131\u015f <a href=\"https:\/\/eksisozluk.com\/entry\/48221210\" target=\"_blank\">Team Giant &#8211; Alpecin (GER)<\/a> tak\u0131m\u0131ndan John Degenkolb.<\/p>\n<p><a href=\"https:\/\/i0.wp.com\/aynakol.org\/wp-content\/uploads\/2015\/02\/Dubai_Tour_2015_stage_1_start.jpg\"><img data-recalc-dims=\"1\" loading=\"lazy\" decoding=\"async\" data-attachment-id=\"576\" data-permalink=\"http:\/\/aynakol.org\/?attachment_id=576\" data-orig-file=\"https:\/\/i0.wp.com\/aynakol.org\/wp-content\/uploads\/2015\/02\/Dubai_Tour_2015_stage_1_start.jpg?fit=599%2C337\" data-orig-size=\"599,337\" data-comments-opened=\"1\" data-image-meta=\"{&quot;aperture&quot;:&quot;0&quot;,&quot;credit&quot;:&quot;&quot;,&quot;camera&quot;:&quot;&quot;,&quot;caption&quot;:&quot;&quot;,&quot;created_timestamp&quot;:&quot;0&quot;,&quot;copyright&quot;:&quot;&quot;,&quot;focal_length&quot;:&quot;0&quot;,&quot;iso&quot;:&quot;0&quot;,&quot;shutter_speed&quot;:&quot;0&quot;,&quot;title&quot;:&quot;&quot;,&quot;orientation&quot;:&quot;0&quot;}\" data-image-title=\"Dubai_Tour_2015_stage_1_start\" data-image-description=\"\" data-image-caption=\"\" data-large-file=\"https:\/\/i0.wp.com\/aynakol.org\/wp-content\/uploads\/2015\/02\/Dubai_Tour_2015_stage_1_start.jpg?fit=599%2C337\" class=\"alignnone size-full wp-image-576\" src=\"https:\/\/i0.wp.com\/aynakol.org\/wp-content\/uploads\/2015\/02\/Dubai_Tour_2015_stage_1_start.jpg?resize=599%2C337\" alt=\"Dubai_Tour_2015_stage_1_start\" width=\"599\" height=\"337\" srcset=\"https:\/\/i0.wp.com\/aynakol.org\/wp-content\/uploads\/2015\/02\/Dubai_Tour_2015_stage_1_start.jpg?w=599 599w, https:\/\/i0.wp.com\/aynakol.org\/wp-content\/uploads\/2015\/02\/Dubai_Tour_2015_stage_1_start.jpg?resize=300%2C169 300w\" sizes=\"auto, (max-width: 599px) 100vw, 599px\" \/><\/a><\/p>\n<p>Fransa Bisiklet Turunun son \u015fampiyonu Vincenzo N\u0130bali&#8217;nin Astana (KAZ), \u0130spanya Bisiklet Turunda Alberto Contadoru kam\u00e7\u0131layan iki \u0130spanyolun, Alezandro Valverde (Movistar, \u0130SP) ve Joaquim Rodriguez&#8217;in (Kathusha, RUS) de tak\u0131mlar\u0131n\u0131n ba\u015f\u0131nda yar\u0131\u015ft\u0131\u011f\u0131n\u0131 belirtelim.<\/p>\n<ul>\n<li>Merakl\u0131s\u0131na: Dubai Turu 2015&#8217;e kat\u0131lan 16 tak\u0131m\u0131n s\u0131ral\u0131 <a href=\"http:\/\/aynakol.org\/wp-content\/uploads\/2015\/02\/Elenco_partenti_DT2015.pdf\" target=\"_blank\">tam listesi<\/a>.<\/li>\n<li>Yar\u0131\u015f i\u00e7inden foto\u011fraf ve videolar i\u00e7in: <a href=\"https:\/\/twitter.com\/Jayeim7\/\" target=\"_blank\">https:\/\/twitter.com\/Jayeim7\/<\/a><\/li>\n<li>Turun resmi Twitter hesab\u0131: <a href=\"https:\/\/twitter.com\/dubaitour\" target=\"_blank\">https:\/\/twitter.com\/dubaitour<\/a><\/li>\n<\/ul>\n<p>&nbsp;<\/p>\n<p><strong>Yar\u0131\u015f sonras\u0131<\/strong><\/p>\n<p><a href=\"https:\/\/i0.wp.com\/aynakol.org\/wp-content\/uploads\/2015\/02\/Dubai_Tour_2015_stage_1_winner.jpg\"><img data-recalc-dims=\"1\" loading=\"lazy\" decoding=\"async\" data-attachment-id=\"579\" data-permalink=\"http:\/\/aynakol.org\/?attachment_id=579\" data-orig-file=\"https:\/\/i0.wp.com\/aynakol.org\/wp-content\/uploads\/2015\/02\/Dubai_Tour_2015_stage_1_winner.jpg?fit=851%2C314\" data-orig-size=\"851,314\" data-comments-opened=\"1\" data-image-meta=\"{&quot;aperture&quot;:&quot;0&quot;,&quot;credit&quot;:&quot;&quot;,&quot;camera&quot;:&quot;&quot;,&quot;caption&quot;:&quot;&quot;,&quot;created_timestamp&quot;:&quot;0&quot;,&quot;copyright&quot;:&quot;&quot;,&quot;focal_length&quot;:&quot;0&quot;,&quot;iso&quot;:&quot;0&quot;,&quot;shutter_speed&quot;:&quot;0&quot;,&quot;title&quot;:&quot;&quot;,&quot;orientation&quot;:&quot;0&quot;}\" data-image-title=\"Dubai_Tour_2015_stage_1_winner\" data-image-description=\"\" data-image-caption=\"\" data-large-file=\"https:\/\/i0.wp.com\/aynakol.org\/wp-content\/uploads\/2015\/02\/Dubai_Tour_2015_stage_1_winner.jpg?fit=851%2C314\" class=\"alignnone size-full wp-image-579\" src=\"https:\/\/i0.wp.com\/aynakol.org\/wp-content\/uploads\/2015\/02\/Dubai_Tour_2015_stage_1_winner.jpg?resize=851%2C314\" alt=\"Dubai_Tour_2015_stage_1_winner\" width=\"851\" height=\"314\" srcset=\"https:\/\/i0.wp.com\/aynakol.org\/wp-content\/uploads\/2015\/02\/Dubai_Tour_2015_stage_1_winner.jpg?w=851 851w, https:\/\/i0.wp.com\/aynakol.org\/wp-content\/uploads\/2015\/02\/Dubai_Tour_2015_stage_1_winner.jpg?resize=300%2C111 300w, https:\/\/i0.wp.com\/aynakol.org\/wp-content\/uploads\/2015\/02\/Dubai_Tour_2015_stage_1_winner.jpg?resize=705%2C260 705w\" sizes=\"auto, (max-width: 851px) 100vw, 851px\" \/><\/a><\/p>\n<p>Etab\u0131 beklenildi\u011fi \u00fczere Etixx-Quick Step (BEL) tak\u0131m\u0131ndan Mark Cavendish kazand\u0131. Etixx-Quick Step biti\u015fe 25 km kala kontrol\u00fc ele alarak Cavendish&#8217;i r\u00fczgardan korurken dinlenmesini sa\u011flad\u0131; \u00f6zellikle de Mark Renshaw ve Tony Martin grubu ger\u00e7ekten iyi y\u00f6netti. Etixx-Quick Step treni i\u00e7ine arada Team SKY&#8217;dan ka\u00e7aklar kaynamad\u0131 de\u011fil etap galibiyeti i\u00e7in. Elia Viviani ve Ben Swift istediklerini birinci olamasalar da elde ettiler gibi. Rusya ulusal \u015fampiyonu Kathusya tak\u0131m\u0131ndan Alexandre Porsev de Cavendish&#8217;i zorlad\u0131 ancak yaln\u0131z kal\u0131nca g\u00fcc\u00fc yetmedi.<\/p>\n<p><iframe loading=\"lazy\" src=\"https:\/\/www.youtube.com\/embed\/pkL9B0jl6Jw\" width=\"560\" height=\"315\" frameborder=\"0\" allowfullscreen=\"allowfullscreen\"><\/iframe><\/p>\n<p>Team Giant-Alpecin&#8217;den Degenkolb ilk 10 s\u0131ralamas\u0131na dahi giremezken sprinter pedallar d\u0131\u015f\u0131nda Tinkoff-Saxo tak\u0131m\u0131n\u0131n genel klasman aday\u0131 <a href=\"http:\/\/www.tinkoffsaxo.com\/news\/tinkoff-saxo-manuele-boaro-sit-6th-overall-first-stage-dubai-tour\/\" target=\"_blank\">Manuele Boaro alt\u0131nc\u0131 s\u0131rada bitirdi<\/a> etab\u0131. Astana tak\u0131m\u0131n\u0131n y\u0131ld\u0131z\u0131 son Le Tour \u015fampiyonu Vincenzo Nibali etab\u0131 ikinci bitiren tak\u0131m arkada\u015f\u0131 Andrea Guardini i\u00e7in son 2 km kala domestiklik yaparken, adeta ben de buraday\u0131m der gibiydi biz televizyon ba\u015f\u0131ndakilere. Valverde 55, Nibali 72, Rodriguez ise 102. s\u0131rada bitirdi etab\u0131. Tabii son koz orta zorlukta t\u0131rman\u0131\u015f i\u00e7eren 3. etapta oynanacak.<\/p>\n<p><strong>1. etap sonras\u0131 Genel S\u0131ralama (GC) ise \u015fu \u015fekilde oldu (ilk 10)<\/strong><\/p>\n<table>\n<tbody>\n<tr>\n<td class=\"count\" headers=\"position\">1<\/td>\n<td>Mark Cavendish (GBr) Etixx &#8211; Quick-Step<\/td>\n<td class=\"result_column\" headers=\"result\">3:24:50<\/td>\n<td><\/td>\n<\/tr>\n<tr class=\"alt\">\n<td class=\"count\" headers=\"position\">2<\/td>\n<td>Andrea Guardini (Ita) Astana Pro Team<\/td>\n<td class=\"result_column\" headers=\"result\">0:00:04<\/td>\n<td><\/td>\n<\/tr>\n<tr>\n<td class=\"count\" headers=\"position\">3<\/td>\n<td>Elia Viviani (Ita) Team Sky<\/td>\n<td class=\"result_column\" headers=\"result\">0:00:06<\/td>\n<td><\/td>\n<\/tr>\n<tr class=\"alt\">\n<td class=\"count\" headers=\"position\">4<\/td>\n<td>Ben Swift (GBr) Team Sky<\/td>\n<td class=\"result_column\" headers=\"result\">0:00:07<\/td>\n<td><\/td>\n<\/tr>\n<tr>\n<td class=\"count\" headers=\"position\">5<\/td>\n<td>Alessandro Bazzana (Ita) UnitedHealthcare Pro Cycling<\/td>\n<td class=\"result_column\" headers=\"result\"><\/td>\n<td><\/td>\n<\/tr>\n<tr class=\"alt\">\n<td class=\"count\" headers=\"position\">6<\/td>\n<td>Manuele Boaro (Ita) Tinkoff-Saxo<\/td>\n<td class=\"result_column\" headers=\"result\">0:00:08<\/td>\n<td><\/td>\n<\/tr>\n<tr>\n<td class=\"count\" headers=\"position\">7<\/td>\n<td>Enrico Battaglin (Ita) Bardiani CSF<\/td>\n<td class=\"result_column\" headers=\"result\"><\/td>\n<td><\/td>\n<\/tr>\n<tr class=\"alt\">\n<td class=\"count\" headers=\"position\">8<\/td>\n<td>Rafael Valls Ferri (Spa) Lampre-Merida<\/td>\n<td class=\"result_column\" headers=\"result\">0:00:09<\/td>\n<td><\/td>\n<\/tr>\n<tr>\n<td class=\"count\" headers=\"position\">9<\/td>\n<td>Alexander Porsev (Rus) Team Katusha<\/td>\n<td class=\"result_column\" headers=\"result\">0:00:10<\/td>\n<td><\/td>\n<\/tr>\n<tr class=\"alt\">\n<td class=\"count\" headers=\"position\">10<\/td>\n<td>Juan Jose Lobato (Spa) Movistar Team<\/td>\n<td class=\"result_column\" headers=\"result\"><\/td>\n<\/tr>\n<\/tbody>\n<\/table>\n<p><a href=\"https:\/\/i0.wp.com\/aynakol.org\/wp-content\/uploads\/2015\/02\/Dubai_Tour_2015_stage_1_peloton.jpg\"><img data-recalc-dims=\"1\" loading=\"lazy\" decoding=\"async\" data-attachment-id=\"581\" data-permalink=\"http:\/\/aynakol.org\/?attachment_id=581\" data-orig-file=\"https:\/\/i0.wp.com\/aynakol.org\/wp-content\/uploads\/2015\/02\/Dubai_Tour_2015_stage_1_peloton.jpg?fit=960%2C960\" data-orig-size=\"960,960\" data-comments-opened=\"1\" data-image-meta=\"{&quot;aperture&quot;:&quot;0&quot;,&quot;credit&quot;:&quot;&quot;,&quot;camera&quot;:&quot;&quot;,&quot;caption&quot;:&quot;&quot;,&quot;created_timestamp&quot;:&quot;0&quot;,&quot;copyright&quot;:&quot;&quot;,&quot;focal_length&quot;:&quot;0&quot;,&quot;iso&quot;:&quot;0&quot;,&quot;shutter_speed&quot;:&quot;0&quot;,&quot;title&quot;:&quot;&quot;,&quot;orientation&quot;:&quot;0&quot;}\" data-image-title=\"Dubai_Tour_2015_stage_1_peloton\" data-image-description=\"\" data-image-caption=\"\" data-large-file=\"https:\/\/i0.wp.com\/aynakol.org\/wp-content\/uploads\/2015\/02\/Dubai_Tour_2015_stage_1_peloton.jpg?fit=860%2C860\" class=\"alignnone size-full wp-image-581\" src=\"https:\/\/i0.wp.com\/aynakol.org\/wp-content\/uploads\/2015\/02\/Dubai_Tour_2015_stage_1_peloton.jpg?resize=860%2C860\" alt=\"Dubai_Tour_2015_stage_1_peloton\" width=\"860\" height=\"860\" srcset=\"https:\/\/i0.wp.com\/aynakol.org\/wp-content\/uploads\/2015\/02\/Dubai_Tour_2015_stage_1_peloton.jpg?w=960 960w, https:\/\/i0.wp.com\/aynakol.org\/wp-content\/uploads\/2015\/02\/Dubai_Tour_2015_stage_1_peloton.jpg?resize=150%2C150 150w, https:\/\/i0.wp.com\/aynakol.org\/wp-content\/uploads\/2015\/02\/Dubai_Tour_2015_stage_1_peloton.jpg?resize=300%2C300 300w, https:\/\/i0.wp.com\/aynakol.org\/wp-content\/uploads\/2015\/02\/Dubai_Tour_2015_stage_1_peloton.jpg?resize=705%2C705 705w\" sizes=\"auto, (max-width: 860px) 100vw, 860px\" \/><\/a><\/p>\n<p><strong>Daha fazlas\u0131 i\u00e7in:<\/strong><\/p>\n<ul>\n<li><a href=\"http:\/\/www.cyclingnews.com\/races\/dubai-tour-2015\/stage-1\/results\" target=\"_blank\">Cavendish wins opening stage of Dubai Tour<\/a><\/li>\n<li><a href=\"https:\/\/www.youtube.com\/watch?v=wV9UdMvA2gg\" target=\"_blank\">1. etab\u0131n son 10 kilometresi<\/a><\/li>\n<li><a href=\"https:\/\/www.facebook.com\/dubaitourofficial\" target=\"_blank\">Dubai Turunun resmi Facebook sayfas\u0131<\/a><\/li>\n<li><\/li>\n<\/ul>\n","protected":false},"excerpt":{"rendered":"<p>4 g\u00fcn, toplam 660 km, \u00e7o\u011funlukla d\u00fcz, ortalamas\u0131 45 km\/s olan bir tur, kavurucu \u00e7\u00f6l s\u0131caklar\u0131 Tamam 21 g\u00fcnl\u00fck b\u00fcy\u00fck turlar kadar epik bir giri\u015f [&#8230;]<\/p>\n","protected":false},"author":1,"featured_media":574,"comment_status":"open","ping_status":"open","sticky":false,"template":"","format":"standard","meta":{"jetpack_post_was_ever_published":false,"_jetpack_newsletter_access":"","_jetpack_dont_email_post_to_subs":false,"_jetpack_newsletter_tier_id":0,"_jetpack_memberships_contains_paywalled_content":false,"_jetpack_memberships_contains_paid_content":false,"footnotes":"","jetpack_publicize_message":"","jetpack_publicize_feature_enabled":true,"jetpack_social_post_already_shared":true,"jetpack_social_options":{"image_generator_settings":{"template":"highway","default_image_id":0,"font":"","enabled":false},"version":2}},"categories":[7],"tags":[489,495,24,479,481,486,473,64,492,491,484,485,496,22,488,480,45,493,494,490,487,497,482,498,483,14],"class_list":["post-568","post","type-post","status-publish","format-standard","has-post-thumbnail","hentry","category-bisiklet-kulturu","tag-alejandro-valderde","tag-alpecin","tag-astana","tag-dubai","tag-dubai-tour","tag-etixx","tag-etixx-quick-step","tag-joaquin-rodriguez","tag-jonh-degenkolb","tag-kathusha","tag-lars-boom","tag-mark-cavendish","tag-mark-renshaw","tag-movistar","tag-movistar-team","tag-palm-island","tag-quick-step","tag-team-giant","tag-team-giant-alpecin","tag-team-kathusha","tag-team-movistar","tag-tony-martin","tag-tour-of-dubai","tag-tour-of-san-luis","tag-vincenze-nibali","tag-vuelta"],"jetpack_publicize_connections":[],"jetpack_featured_media_url":"https:\/\/i0.wp.com\/aynakol.org\/wp-content\/uploads\/2015\/02\/Dubai_Tour_2015_offical_banner.jpg?fit=2560%2C1336","jetpack_sharing_enabled":true,"jetpack_shortlink":"https:\/\/wp.me\/p51p4O-9a","jetpack_likes_enabled":true,"jetpack-related-posts":[{"id":625,"url":"http:\/\/aynakol.org\/?p=625","url_meta":{"origin":568,"position":0},"title":"Dubai Tour 2015: 4. Etap Dubai \u2192 Dubai, 123 km (d\u00fcz)","author":"Ayd\u0131n Bez","date":"6 \u015eubat 2015","format":false,"excerpt":"4 g\u00fcn, toplam 660 km, \u00e7o\u011funlukla d\u00fcz, ortalamas\u0131 45 km\/s olan bir tur, kavurucu \u00e7\u00f6l s\u0131caklar\u0131 diyerek ba\u015flad\u0131\u011f\u0131m\u0131z Dubai Turu bug\u00fcn Dubai \u2192 Dubai aras\u0131nda, daha do\u011frusu Dubai i\u00e7inde pedallanacak 123 km uzunlu\u011fundaki 4. etapla sona erecek. Genel Klasman lideri d\u00fcn pedallanan Dubai - Hatta Dam aras\u0131nda 205 km uzunlu\u011fundaki\u2026","rel":"","context":"&quot;Bisiklet k\u00fclt\u00fcr\u00fc&quot; i\u00e7inde","block_context":{"text":"Bisiklet k\u00fclt\u00fcr\u00fc","link":"http:\/\/aynakol.org\/?cat=7"},"img":{"alt_text":"","src":"https:\/\/i0.wp.com\/aynakol.org\/wp-content\/uploads\/2015\/02\/Dubai_Tour_2015_stage_4_winner_Mark_cavendish.jpg?fit=960%2C960&resize=350%2C200","width":350,"height":200,"srcset":"https:\/\/i0.wp.com\/aynakol.org\/wp-content\/uploads\/2015\/02\/Dubai_Tour_2015_stage_4_winner_Mark_cavendish.jpg?fit=960%2C960&resize=350%2C200 1x, https:\/\/i0.wp.com\/aynakol.org\/wp-content\/uploads\/2015\/02\/Dubai_Tour_2015_stage_4_winner_Mark_cavendish.jpg?fit=960%2C960&resize=525%2C300 1.5x, https:\/\/i0.wp.com\/aynakol.org\/wp-content\/uploads\/2015\/02\/Dubai_Tour_2015_stage_4_winner_Mark_cavendish.jpg?fit=960%2C960&resize=700%2C400 2x"},"classes":[]},{"id":603,"url":"http:\/\/aynakol.org\/?p=603","url_meta":{"origin":568,"position":1},"title":"Dubai Tour 2015: 3. Etap Dubai \u2192 Hatta Dam, 205 km (t\u0131rman\u0131\u015f)","author":"Ayd\u0131n Bez","date":"6 \u015eubat 2015","format":false,"excerpt":"Dubai Turunun 3. etab\u0131nda nihayet seyir zevkini y\u00fckseltecek bir t\u0131rman\u0131\u015f kar\u015f\u0131l\u0131yor bizi: Hatta Dam 2. etap yine k\u0131yas\u0131ya bir \u00e7eki\u015fmeye sahne olmu\u015f, galibiyet Etixx-Quick Step trenini da\u011f\u0131tan Team Sky'\u0131n olmu\u015ftu, ipi de EliaVivani g\u00f6\u011f\u00fcslemi\u015f, mavi forma sahibi Mark Cavendish ikincilikle yetinmi\u015fti. 3.etap sonunda ise mavi mayoyu s\u0131k\u0131 birt\u0131rman\u0131\u015f\u00e7\u0131ya devredece\u011fi kesin.\u2026","rel":"","context":"&quot;Bisiklet k\u00fclt\u00fcr\u00fc&quot; i\u00e7inde","block_context":{"text":"Bisiklet k\u00fclt\u00fcr\u00fc","link":"http:\/\/aynakol.org\/?cat=7"},"img":{"alt_text":"","src":"https:\/\/i0.wp.com\/aynakol.org\/wp-content\/uploads\/2015\/02\/Dubai_Tour_2015_offical_banner.jpg?fit=1200%2C626&resize=350%2C200","width":350,"height":200,"srcset":"https:\/\/i0.wp.com\/aynakol.org\/wp-content\/uploads\/2015\/02\/Dubai_Tour_2015_offical_banner.jpg?fit=1200%2C626&resize=350%2C200 1x, https:\/\/i0.wp.com\/aynakol.org\/wp-content\/uploads\/2015\/02\/Dubai_Tour_2015_offical_banner.jpg?fit=1200%2C626&resize=525%2C300 1.5x, https:\/\/i0.wp.com\/aynakol.org\/wp-content\/uploads\/2015\/02\/Dubai_Tour_2015_offical_banner.jpg?fit=1200%2C626&resize=700%2C400 2x, https:\/\/i0.wp.com\/aynakol.org\/wp-content\/uploads\/2015\/02\/Dubai_Tour_2015_offical_banner.jpg?fit=1200%2C626&resize=1050%2C600 3x"},"classes":[]},{"id":585,"url":"http:\/\/aynakol.org\/?p=585","url_meta":{"origin":568,"position":2},"title":"Dubai Tour 2015: 2. Etap Dubai International Marine Club \u2192 Palm Jumeirah, 187 km (d\u00fcz)","author":"Ayd\u0131n Bez","date":"5 \u015eubat 2015","format":false,"excerpt":"D\u00fcn ge\u00e7ilen 1. etab\u0131n galibi Cavendish, tak\u0131m\u0131 ise tart\u0131\u015fmas\u0131z Etixx-Quick Step idi. Ger\u00e7i tek t\u0131rman\u0131\u015f\u0131 viyad\u00fckler olan b\u00f6ylesine d\u00fcz bir etapta Mark Cavendish el arabas\u0131yla bile birinci gelirdi... Etixx-Quick Step yar\u0131\u015f\u0131n ba\u015f\u0131ndan itibaren Cavendish'i birincili\u011fe ta\u015f\u0131mak i\u00e7in ne gerekiyorsa yapt\u0131. Mark Renshaw ve Tony Martin'e baya\u011f\u0131 i\u015f d\u00fc\u015ft\u00fc ve \u00f6d\u00fcllerini\u2026","rel":"","context":"&quot;Bisiklet k\u00fclt\u00fcr\u00fc&quot; i\u00e7inde","block_context":{"text":"Bisiklet k\u00fclt\u00fcr\u00fc","link":"http:\/\/aynakol.org\/?cat=7"},"img":{"alt_text":"","src":"https:\/\/i0.wp.com\/aynakol.org\/wp-content\/uploads\/2015\/02\/Dubai_Tour_2015_offical_banner.jpg?fit=1200%2C626&resize=350%2C200","width":350,"height":200,"srcset":"https:\/\/i0.wp.com\/aynakol.org\/wp-content\/uploads\/2015\/02\/Dubai_Tour_2015_offical_banner.jpg?fit=1200%2C626&resize=350%2C200 1x, https:\/\/i0.wp.com\/aynakol.org\/wp-content\/uploads\/2015\/02\/Dubai_Tour_2015_offical_banner.jpg?fit=1200%2C626&resize=525%2C300 1.5x, https:\/\/i0.wp.com\/aynakol.org\/wp-content\/uploads\/2015\/02\/Dubai_Tour_2015_offical_banner.jpg?fit=1200%2C626&resize=700%2C400 2x, https:\/\/i0.wp.com\/aynakol.org\/wp-content\/uploads\/2015\/02\/Dubai_Tour_2015_offical_banner.jpg?fit=1200%2C626&resize=1050%2C600 3x"},"classes":[]},{"id":2433,"url":"http:\/\/aynakol.org\/?p=2433","url_meta":{"origin":568,"position":3},"title":"Dubai Tour 2016 2. Etap: Dubai Marine Club \u2192 Palm Jumeirah, 188 km","author":"Ayd\u0131n Bez","date":"4 \u015eubat 2016","format":false,"excerpt":"Dubai Bisiklet Turunda bug\u00fcn 2. etapta zafer Team SKY'dan Elia Viviani'nin! Dubai Marine Club \u2192 Palm Jumeirah aras\u0131nda pedallanan 188 km uzunlu\u011fundaki etap d\u00fcz, d\u00fcmd\u00fcz bir profile sahipti. Dubai Marina Kul\u00fcb\u00fcnden ba\u015flayan etap \u00e7\u00f6l i\u00e7ine do\u011fru devam edip tekrar \u015fehrin i\u00e7inde, Atlantis otel \u00f6n\u00fcnde sona erdi. Geni\u015f yollarda y\u0131\u011f\u0131\u015fmalar olunca\u2026","rel":"","context":"&quot;Bisiklet k\u00fclt\u00fcr\u00fc&quot; i\u00e7inde","block_context":{"text":"Bisiklet k\u00fclt\u00fcr\u00fc","link":"http:\/\/aynakol.org\/?cat=7"},"img":{"alt_text":"","src":"https:\/\/i0.wp.com\/aynakol.org\/wp-content\/uploads\/2016\/02\/Dubai_Tour_2016_stage2_sprint_finish.jpg?fit=670%2C385&resize=350%2C200","width":350,"height":200,"srcset":"https:\/\/i0.wp.com\/aynakol.org\/wp-content\/uploads\/2016\/02\/Dubai_Tour_2016_stage2_sprint_finish.jpg?fit=670%2C385&resize=350%2C200 1x, https:\/\/i0.wp.com\/aynakol.org\/wp-content\/uploads\/2016\/02\/Dubai_Tour_2016_stage2_sprint_finish.jpg?fit=670%2C385&resize=525%2C300 1.5x"},"classes":[]},{"id":2417,"url":"http:\/\/aynakol.org\/?p=2417","url_meta":{"origin":568,"position":4},"title":"Dubai Tour 2016 1. Etap: Dubai Marine Club \u2192 Fujairah, 179km","author":"Ayd\u0131n Bez","date":"3 \u015eubat 2016","format":false,"excerpt":"\u00c7\u00f6l s\u0131caklar\u0131n\u0131n kavurdu\u011fu, yapayl\u0131\u011f\u0131n zirve yapt\u0131\u011f\u0131, en fazla viyad\u00fck ya da baraj setinin t\u0131rman\u0131ld\u0131\u011f\u0131 Dubai Bisiklet Turu bug\u00fcn ba\u015flad\u0131. Tour Down Under ya da Tour de San Luis'de sezona ba\u015flamayan sprinter pedallar ve onlar\u0131n domestiklerinin fazlas\u0131yla d\u00fcz olan bu topraklarda zorlanmadan sezona merhaba demesi kadar do\u011fal bir \u015fey olmazd\u0131 da.\u2026","rel":"","context":"&quot;Bisiklet k\u00fclt\u00fcr\u00fc&quot; i\u00e7inde","block_context":{"text":"Bisiklet k\u00fclt\u00fcr\u00fc","link":"http:\/\/aynakol.org\/?cat=7"},"img":{"alt_text":"","src":"https:\/\/i0.wp.com\/aynakol.org\/wp-content\/uploads\/2016\/02\/12633609_946576272062234_2734161364457070746_o.jpg?fit=1200%2C1200&resize=350%2C200","width":350,"height":200,"srcset":"https:\/\/i0.wp.com\/aynakol.org\/wp-content\/uploads\/2016\/02\/12633609_946576272062234_2734161364457070746_o.jpg?fit=1200%2C1200&resize=350%2C200 1x, https:\/\/i0.wp.com\/aynakol.org\/wp-content\/uploads\/2016\/02\/12633609_946576272062234_2734161364457070746_o.jpg?fit=1200%2C1200&resize=525%2C300 1.5x, https:\/\/i0.wp.com\/aynakol.org\/wp-content\/uploads\/2016\/02\/12633609_946576272062234_2734161364457070746_o.jpg?fit=1200%2C1200&resize=700%2C400 2x, https:\/\/i0.wp.com\/aynakol.org\/wp-content\/uploads\/2016\/02\/12633609_946576272062234_2734161364457070746_o.jpg?fit=1200%2C1200&resize=1050%2C600 3x"},"classes":[]},{"id":2439,"url":"http:\/\/aynakol.org\/?p=2439","url_meta":{"origin":568,"position":5},"title":"Dubai Tour 3. Etap: Dubai Marine Club \u2192 Hatta Dam, 172 km","author":"Ayd\u0131n Bez","date":"5 \u015eubat 2016","format":false,"excerpt":"Dubai Marine Club \u2192 Hatta Dam aras\u0131nda pedallanan 172 km uzunlu\u011fundaki Hatta Baraj\u0131 seti \u00fczerinde biten 3. etapta kazanan Movistar tak\u0131m\u0131n\u0131n \u0130spanyol pedal\u0131 Juan Lobato oldu. \u00a0 Hatta Baraj\u0131na kadar olan 115 km'si d\u00fcz bir profilde ge\u00e7ilen etapta s\u0131n\u0131fland\u0131r\u0131lmam\u0131\u015f t\u0131rman\u0131\u015flar s\u0131cak ve de \u00e7\u00f6l r\u00fczgarlar\u0131yla birle\u015fince\u00a0pelotonun can\u0131n\u0131 yakt\u0131 diyebiliriz. Etab\u0131n\u2026","rel":"","context":"&quot;Bisiklet k\u00fclt\u00fcr\u00fc&quot; i\u00e7inde","block_context":{"text":"Bisiklet k\u00fclt\u00fcr\u00fc","link":"http:\/\/aynakol.org\/?cat=7"},"img":{"alt_text":"","src":"https:\/\/i0.wp.com\/aynakol.org\/wp-content\/uploads\/2016\/02\/Dubai_Tour_2016_stage3_winner_Juan_Jose_Lobato.jpg?fit=670%2C498&resize=350%2C200","width":350,"height":200,"srcset":"https:\/\/i0.wp.com\/aynakol.org\/wp-content\/uploads\/2016\/02\/Dubai_Tour_2016_stage3_winner_Juan_Jose_Lobato.jpg?fit=670%2C498&resize=350%2C200 1x, https:\/\/i0.wp.com\/aynakol.org\/wp-content\/uploads\/2016\/02\/Dubai_Tour_2016_stage3_winner_Juan_Jose_Lobato.jpg?fit=670%2C498&resize=525%2C300 1.5x"},"classes":[]}],"_links":{"self":[{"href":"http:\/\/aynakol.org\/index.php?rest_route=\/wp\/v2\/posts\/568","targetHints":{"allow":["GET"]}}],"collection":[{"href":"http:\/\/aynakol.org\/index.php?rest_route=\/wp\/v2\/posts"}],"about":[{"href":"http:\/\/aynakol.org\/index.php?rest_route=\/wp\/v2\/types\/post"}],"author":[{"embeddable":true,"href":"http:\/\/aynakol.org\/index.php?rest_route=\/wp\/v2\/users\/1"}],"replies":[{"embeddable":true,"href":"http:\/\/aynakol.org\/index.php?rest_route=%2Fwp%2Fv2%2Fcomments&post=568"}],"version-history":[{"count":9,"href":"http:\/\/aynakol.org\/index.php?rest_route=\/wp\/v2\/posts\/568\/revisions"}],"predecessor-version":[{"id":598,"href":"http:\/\/aynakol.org\/index.php?rest_route=\/wp\/v2\/posts\/568\/revisions\/598"}],"wp:featuredmedia":[{"embeddable":true,"href":"http:\/\/aynakol.org\/index.php?rest_route=\/wp\/v2\/media\/574"}],"wp:attachment":[{"href":"http:\/\/aynakol.org\/index.php?rest_route=%2Fwp%2Fv2%2Fmedia&parent=568"}],"wp:term":[{"taxonomy":"category","embeddable":true,"href":"http:\/\/aynakol.org\/index.php?rest_route=%2Fwp%2Fv2%2Fcategories&post=568"},{"taxonomy":"post_tag","embeddable":true,"href":"http:\/\/aynakol.org\/index.php?rest_route=%2Fwp%2Fv2%2Ftags&post=568"}],"curies":[{"name":"wp","href":"https:\/\/api.w.org\/{rel}","templated":true}]}}