{"id":5704,"date":"2018-04-21T11:35:19","date_gmt":"2018-04-21T08:35:19","guid":{"rendered":"http:\/\/aynakol.org\/?p=5704"},"modified":"2018-04-21T11:35:19","modified_gmt":"2018-04-21T08:35:19","slug":"liege-bastogne-liege-2018","status":"publish","type":"post","link":"http:\/\/aynakol.org\/?p=5704","title":{"rendered":"Li\u00e8ge\u2013Bastogne\u2013Li\u00e8ge 2018"},"content":{"rendered":"<p><span style=\"font-size: 12pt; font-family: georgia, palatino, serif;\">Bu sene as\u0131l merak edilen Alejandro Valverdenin yeni bir zaferle Eddy Merckxin be\u015f zaferine ortak olup olmayaca\u011f\u0131; zira gen\u00e7 Frans\u0131z pedal Julian Alaphilippe ge\u00e7en haftaki\u00a0La Fl\u00e8che Wallonne zaferiyle ihtiyar kurdu geride b\u0131rak\u0131rken bir \u00e7a\u011f\u0131n da kapan\u0131\u015f\u0131n\u0131 i\u015faret ediyordu.\u00a0<\/span><\/p>\n<p><span style=\"font-size: 12pt; font-family: georgia, palatino, serif;\">\u00dc\u00e7 b\u00fcy\u00fck turun en g\u00fczeli Giro d&#8217;Italia yakla\u015f\u0131rken art\u0131k an\u0131tsal klasiklerin sonuna geliyoruz: D\u00f6k\u00fclen yapraklar\u0131n h\u00fczn\u00fc Il Lombardia \u00f6ncesi pelotonun son \u00e7ileli dura\u011f\u0131 Arden B\u00f6lgesinin bitmeyen yoku\u015flar\u0131na, dengesiz hava muhalefetine, darac\u0131k yollar\u0131yla ev sahipli\u011fi yapan nam-\u0131 di\u011fer ihtiyar han\u0131m,\u00a0Li\u00e8ge\u2013Bastogne\u2013Li\u00e8ge!<\/span><\/p>\n<div id=\"attachment_2963\" style=\"width: 650px\" class=\"wp-caption aligncenter\"><img data-recalc-dims=\"1\" loading=\"lazy\" decoding=\"async\" aria-describedby=\"caption-attachment-2963\" data-attachment-id=\"2963\" data-permalink=\"http:\/\/aynakol.org\/?attachment_id=2963\" data-orig-file=\"https:\/\/i0.wp.com\/aynakol.org\/wp-content\/uploads\/2016\/04\/Liege_Bastogne_Liege_2016_map.jpg?fit=640%2C836\" data-orig-size=\"640,836\" data-comments-opened=\"1\" data-image-meta=\"{&quot;aperture&quot;:&quot;0&quot;,&quot;credit&quot;:&quot;&quot;,&quot;camera&quot;:&quot;&quot;,&quot;caption&quot;:&quot;&quot;,&quot;created_timestamp&quot;:&quot;0&quot;,&quot;copyright&quot;:&quot;&quot;,&quot;focal_length&quot;:&quot;0&quot;,&quot;iso&quot;:&quot;0&quot;,&quot;shutter_speed&quot;:&quot;0&quot;,&quot;title&quot;:&quot;&quot;,&quot;orientation&quot;:&quot;1&quot;}\" data-image-title=\"Liege_Bastogne_Liege_2016_map\" data-image-description=\"\" data-image-caption=\"\" data-large-file=\"https:\/\/i0.wp.com\/aynakol.org\/wp-content\/uploads\/2016\/04\/Liege_Bastogne_Liege_2016_map.jpg?fit=640%2C836\" class=\"wp-image-2963 size-full\" src=\"https:\/\/i0.wp.com\/aynakol.org\/wp-content\/uploads\/2016\/04\/Liege_Bastogne_Liege_2016_map.jpg?resize=640%2C836\" alt=\"\" width=\"640\" height=\"836\" srcset=\"https:\/\/i0.wp.com\/aynakol.org\/wp-content\/uploads\/2016\/04\/Liege_Bastogne_Liege_2016_map.jpg?w=640 640w, https:\/\/i0.wp.com\/aynakol.org\/wp-content\/uploads\/2016\/04\/Liege_Bastogne_Liege_2016_map.jpg?resize=230%2C300 230w\" sizes=\"auto, (max-width: 640px) 100vw, 640px\" \/><p id=\"caption-attachment-2963\" class=\"wp-caption-text\">Li\u00e8ge kentinden ba\u015flay\u0131p L\u00fcksemburga \u015f\u00f6yle bir merhaba dedikten sonra \u0130kinci D\u00fcnya Sava\u015f\u0131n\u0131n en \u015fiddetli \u00e7ar\u011f\u0131\u015fmalar\u0131n\u0131n ya\u015fad\u0131\u011f\u0131 Bel\u00e7ikan\u0131n Almanya s\u0131n\u0131r\u0131na yak\u0131n Bastogne kentinde sayg\u0131 duru\u015fundan bulunduktan sonra, kar f\u0131rt\u0131nas\u0131na tutula tutula Li\u00e8ge kentine geri d\u00f6nece\u011fiz. 254km boyunca k\u0131sa ama sert tepecikler pelotonun can\u0131n\u0131 bir hayli yakacak.<\/p><\/div>\n<p>&nbsp;<\/p>\n<p><span style=\"font-size: 12pt; font-family: georgia, palatino, serif;\">Bu sene 104. kez pedalanacak olan Arden klasiklerinin sonuncusu\u00a0Li\u00e8ge\u2013Bastogne\u2013Li\u00e8ge 254km i\u00e7inde birbirinden sert 11 farkl\u0131 t\u0131rman\u0131\u015fla pelotonun can\u0131n\u0131 yakacak.\u00a01892 y\u0131l\u0131ndan beri pedallanan Li\u00e8ge\u2013Bastogne\u2013Li\u00e8ge ne Paris-Roubaix ne de De Ronde van Vlaanderen klasiklerine benziyor: Her iki klasi\u011fin sahip oldu\u011fu parke ta\u015flardan eser yok kendisinde ama e\u011fim profili cay\u0131r cay\u0131r yanan, k\u0131pk\u0131rm\u0131z\u0131, hem de bitmeyecekmi\u015f\u00e7esine pe\u015fpe\u015fe t\u0131rman\u0131\u015flar\u0131yla sanki bir Grand Tour etab\u0131 gibi Li\u00e8ge\u2013Bastogne\u2013Li\u00e8ge. Zira Cobbled Classics, d\u00fcz profilde parke ta\u015fl\u0131 yollarda pedallan\u0131rken, Ardennes Classics ise uzun mesafelerde bitmek bilmeyen t\u0131rman\u0131\u015flar i\u00e7eriyor.<\/span><\/p>\n<p>&nbsp;<\/p>\n<div id=\"attachment_2964\" style=\"width: 1010px\" class=\"wp-caption aligncenter\"><img data-recalc-dims=\"1\" loading=\"lazy\" decoding=\"async\" aria-describedby=\"caption-attachment-2964\" data-attachment-id=\"2964\" data-permalink=\"http:\/\/aynakol.org\/?attachment_id=2964\" data-orig-file=\"https:\/\/i0.wp.com\/aynakol.org\/wp-content\/uploads\/2016\/04\/Liege_Bastogne_Liege_2016_profile.jpg?fit=1000%2C352\" data-orig-size=\"1000,352\" data-comments-opened=\"1\" data-image-meta=\"{&quot;aperture&quot;:&quot;0&quot;,&quot;credit&quot;:&quot;&quot;,&quot;camera&quot;:&quot;&quot;,&quot;caption&quot;:&quot;&quot;,&quot;created_timestamp&quot;:&quot;0&quot;,&quot;copyright&quot;:&quot;&quot;,&quot;focal_length&quot;:&quot;0&quot;,&quot;iso&quot;:&quot;0&quot;,&quot;shutter_speed&quot;:&quot;0&quot;,&quot;title&quot;:&quot;&quot;,&quot;orientation&quot;:&quot;1&quot;}\" data-image-title=\"Liege_Bastogne_Liege_2016_profile\" data-image-description=\"\" data-image-caption=\"&lt;p&gt;Fikret K\u0131z\u0131lok\u2019a selam olsun: \u0130ni\u015flerim \u00c7\u0131k\u0131\u015flar\u0131m \u015fark\u0131s\u0131n\u0131 aratmayacak denli bir profile sahip Li\u00e8ge\u2013Bastogne\u2013Li\u00e8ge klasi\u011fi!&lt;\/p&gt;\n\" data-large-file=\"https:\/\/i0.wp.com\/aynakol.org\/wp-content\/uploads\/2016\/04\/Liege_Bastogne_Liege_2016_profile.jpg?fit=860%2C303\" class=\"size-full wp-image-2964\" src=\"https:\/\/i0.wp.com\/aynakol.org\/wp-content\/uploads\/2016\/04\/Liege_Bastogne_Liege_2016_profile.jpg?resize=860%2C303\" alt=\"\" width=\"860\" height=\"303\" srcset=\"https:\/\/i0.wp.com\/aynakol.org\/wp-content\/uploads\/2016\/04\/Liege_Bastogne_Liege_2016_profile.jpg?w=1000 1000w, https:\/\/i0.wp.com\/aynakol.org\/wp-content\/uploads\/2016\/04\/Liege_Bastogne_Liege_2016_profile.jpg?resize=300%2C106 300w, https:\/\/i0.wp.com\/aynakol.org\/wp-content\/uploads\/2016\/04\/Liege_Bastogne_Liege_2016_profile.jpg?resize=768%2C270 768w\" sizes=\"auto, (max-width: 860px) 100vw, 860px\" \/><p id=\"caption-attachment-2964\" class=\"wp-caption-text\">Fikret K\u0131z\u0131lok\u2019a selam olsun: \u0130ni\u015flerim \u00c7\u0131k\u0131\u015flar\u0131m \u015fark\u0131s\u0131n\u0131 aratmayacak denli bir profile sahip Li\u00e8ge\u2013Bastogne\u2013Li\u00e8ge klasi\u011fi!<\/p><\/div>\n<p>asd<\/p>\n","protected":false},"excerpt":{"rendered":"<p>Bu sene as\u0131l merak edilen Alejandro Valverdenin yeni bir zaferle Eddy Merckxin be\u015f zaferine ortak olup olmayaca\u011f\u0131; zira gen\u00e7 Frans\u0131z pedal Julian Alaphilippe ge\u00e7en haftaki\u00a0La [&#8230;]<\/p>\n","protected":false},"author":1,"featured_media":5705,"comment_status":"open","ping_status":"open","sticky":false,"template":"","format":"standard","meta":{"jetpack_post_was_ever_published":false,"_jetpack_newsletter_access":"","_jetpack_dont_email_post_to_subs":false,"_jetpack_newsletter_tier_id":0,"_jetpack_memberships_contains_paywalled_content":false,"_jetpack_memberships_contains_paid_content":false,"footnotes":"","jetpack_publicize_message":"Ardennes Classics sonuna geldik; Li\u00e8ge\u2013Bastogne\u2013Li\u00e8ge ile birlikte Bahar Klasikleri de sona ererken Giro d'Italia heyecan\u0131 ba\u015fl\u0131yor. Pedallayarak Okuyunuz!","jetpack_publicize_feature_enabled":true,"jetpack_social_post_already_shared":true,"jetpack_social_options":{"image_generator_settings":{"template":"highway","default_image_id":0,"font":"","enabled":false},"version":2}},"categories":[1220,639],"tags":[666,641,668,580],"class_list":["post-5704","post","type-post","status-publish","format-standard","has-post-thumbnail","hentry","category-ardennes-classics","category-spring-classics","tag-ardennes-classics","tag-bahar-klasikleri","tag-liege-bastogne-liege","tag-spring-classics"],"jetpack_publicize_connections":[],"jetpack_featured_media_url":"https:\/\/i0.wp.com\/aynakol.org\/wp-content\/uploads\/2018\/04\/race-poster-640-e1461330895926.jpg?fit=640%2C300","jetpack_sharing_enabled":true,"jetpack_shortlink":"https:\/\/wp.me\/p51p4O-1u0","jetpack_likes_enabled":true,"jetpack-related-posts":[{"id":4380,"url":"http:\/\/aynakol.org\/?p=4380","url_meta":{"origin":5704,"position":0},"title":"2016 Sezonunun  Unutulmazlar\u0131: Karlar Alt\u0131ndaki Li\u00e8ge\u2013Bastogne\u2013Li\u00e8ge","author":"Ayd\u0131n Bez","date":"6 Aral\u0131k 2016","format":false,"excerpt":"Ba\u015ftan s\u00f6yleyelim: 102. kez pedallanan\u00a0La Doyenne ya da Arden Klasiklerinin sonuncusu\u00a0Li\u00e8ge\u2013Bastogne\u2013Li\u00e8ge an\u0131tsal klasi\u011fini kazanan isim Team SKY'\u0131n gen\u00e7 yetene\u011fi Wouter Poels. Ancak bu zaferden \u00e7ok ak\u0131llarda kalan pelotonun g\u00fcn i\u00e7inde s\u00fcrekli yo\u011fun kar ya\u011f\u0131\u015f\u0131yla saklamba\u00e7 oynamas\u0131yd\u0131 ki, arada bir kar\u015f\u0131m\u0131za \u00e7\u0131kan g\u00fcne\u015f ne yaz\u0131k ki karla kapl\u0131\u00a0yollar\u0131 a\u00e7maya yetmedi. Ya\u011fmur\u2026","rel":"","context":"&quot;Vuelta a Espana&quot; i\u00e7inde","block_context":{"text":"Vuelta a Espana","link":"http:\/\/aynakol.org\/?cat=91"},"img":{"alt_text":"","src":"https:\/\/i0.wp.com\/aynakol.org\/wp-content\/uploads\/2016\/04\/Liege_Bastogne_Liege_2016_snow_0.jpg?fit=642%2C307&resize=350%2C200","width":350,"height":200,"srcset":"https:\/\/i0.wp.com\/aynakol.org\/wp-content\/uploads\/2016\/04\/Liege_Bastogne_Liege_2016_snow_0.jpg?fit=642%2C307&resize=350%2C200 1x, https:\/\/i0.wp.com\/aynakol.org\/wp-content\/uploads\/2016\/04\/Liege_Bastogne_Liege_2016_snow_0.jpg?fit=642%2C307&resize=525%2C300 1.5x"},"classes":[]},{"id":4418,"url":"http:\/\/aynakol.org\/?p=4418","url_meta":{"origin":5704,"position":1},"title":"2016 Sezonunun Unutulmazlar\u0131: Hit the Handlebar Again Alaphilippe!","author":"Ayd\u0131n Bez","date":"10 Aral\u0131k 2016","format":false,"excerpt":"Quick Step okulundan yeti\u015fme gen\u00e7 yetenek Julian Alaphilippe hen\u00fcz 24 ya\u015f\u0131nda olmas\u0131na kar\u015f\u0131n gelece\u011fi baya\u011f\u0131 parlak; \u00f6zellikle de bahar ve Ardennes Klasiklerinde. Ancak 2019 y\u0131l\u0131na, yani ihtiyar kurt Alejandro Valverde emekli olana dek pek m\u00fcmk\u00fcn g\u00f6r\u00fcnm\u00fcyor! Evet, Valverde'nin b\u00f6yle bir g\u00fcc\u00fc var: Dolu dolu bir sezon ge\u00e7iren tecr\u00fcbeli \u0130spanyol gelece\u011fi\u2026","rel":"","context":"&quot;O an&quot; i\u00e7inde","block_context":{"text":"O an","link":"http:\/\/aynakol.org\/?cat=1240"},"img":{"alt_text":"","src":"https:\/\/i0.wp.com\/aynakol.org\/wp-content\/uploads\/2016\/04\/12994343_1003626209686758_243426721674647941_n.jpg?fit=960%2C440&resize=350%2C200","width":350,"height":200,"srcset":"https:\/\/i0.wp.com\/aynakol.org\/wp-content\/uploads\/2016\/04\/12994343_1003626209686758_243426721674647941_n.jpg?fit=960%2C440&resize=350%2C200 1x, https:\/\/i0.wp.com\/aynakol.org\/wp-content\/uploads\/2016\/04\/12994343_1003626209686758_243426721674647941_n.jpg?fit=960%2C440&resize=525%2C300 1.5x, https:\/\/i0.wp.com\/aynakol.org\/wp-content\/uploads\/2016\/04\/12994343_1003626209686758_243426721674647941_n.jpg?fit=960%2C440&resize=700%2C400 2x"},"classes":[]},{"id":2958,"url":"http:\/\/aynakol.org\/?p=2958","url_meta":{"origin":5704,"position":2},"title":"Li\u00e8ge\u2013Bastogne\u2013Li\u00e8ge 2016","author":"Ayd\u0131n Bez","date":"23 Nisan 2016","format":false,"excerpt":"Yine Bel\u00e7ikaday\u0131z! La Fleche Wallonne klasi\u011finde Alejandro Valverde\u2019nin \u00fcst \u00fcste 3, toplamda d\u00f6rd\u00fcnc\u00fc zaferi sonras\u0131 Li\u00e8ge\u2013Bastogne\u2013Li\u00e8ge ile birlikte Arden Klasikleri de sona eriyor. Huzurlar\u0131n\u0131zda 102. kez pedallanacak La Doyenne ya da Arden Klasiklerinin sonuncusu\u00a0Li\u00e8ge\u2013Bastogne\u2013Li\u00e8ge! \u00a0 \u00a0 Cobbled Classisc vs. Ardennes Classisc k\u0131yaslamas\u0131 yapsayd\u0131k hi\u00e7 \u015f\u00fcphesiz bu k\u0131sa bir liste olurdu.\u2026","rel":"","context":"&quot;Ardennes Classics&quot; i\u00e7inde","block_context":{"text":"Ardennes Classics","link":"http:\/\/aynakol.org\/?cat=1220"},"img":{"alt_text":"","src":"https:\/\/i0.wp.com\/aynakol.org\/wp-content\/uploads\/2016\/04\/race-poster-640-e1461330895926.jpg?fit=640%2C337&resize=350%2C200","width":350,"height":200,"srcset":"https:\/\/i0.wp.com\/aynakol.org\/wp-content\/uploads\/2016\/04\/race-poster-640-e1461330895926.jpg?fit=640%2C337&resize=350%2C200 1x, https:\/\/i0.wp.com\/aynakol.org\/wp-content\/uploads\/2016\/04\/race-poster-640-e1461330895926.jpg?fit=640%2C337&resize=525%2C300 1.5x"},"classes":[]},{"id":865,"url":"http:\/\/aynakol.org\/?p=865","url_meta":{"origin":5704,"position":3},"title":"La Fl\u00e8che Wallonne 2015 yar\u0131\u015f \u00f6ncesi","author":"Ayd\u0131n Bez","date":"22 Nisan 2015","format":false,"excerpt":"Hafta i\u00e7i yar\u0131\u015flara al\u0131\u015fk\u0131n m\u0131y\u0131z? B\u00fcy\u00fck Turlar d\u0131\u015f\u0131nda sanmam, hele ki tekg \u00fcnl\u00fck bir klasi\u011fin hafta i\u00e7inde pedallanmas\u0131na? Bug\u00fcn 79. kez pedallanacak La Fl\u00e8che Wallonne, erkekler edisyonu, Ardennes Klasiklerinin ikincisi. Yeni \u00f6\u011frenenler i\u00e7in an\u0131msatal\u0131m, ilk ayak ge\u00e7ti\u011fimiz pazar pedallanan Amstel Gold Race, sonuncusu ise Li\u00e8ge\u2013Bastogne\u2013Li\u00e8ge olacak. La Fl\u00e8che Wallonne \u00f6nce\u2026","rel":"","context":"&quot;Bisiklet k\u00fclt\u00fcr\u00fc&quot; i\u00e7inde","block_context":{"text":"Bisiklet k\u00fclt\u00fcr\u00fc","link":"http:\/\/aynakol.org\/?cat=7"},"img":{"alt_text":"","src":"https:\/\/i0.wp.com\/aynakol.org\/wp-content\/uploads\/2015\/04\/fw-banner-640.jpg?fit=640%2C745&resize=350%2C200","width":350,"height":200,"srcset":"https:\/\/i0.wp.com\/aynakol.org\/wp-content\/uploads\/2015\/04\/fw-banner-640.jpg?fit=640%2C745&resize=350%2C200 1x, https:\/\/i0.wp.com\/aynakol.org\/wp-content\/uploads\/2015\/04\/fw-banner-640.jpg?fit=640%2C745&resize=525%2C300 1.5x"},"classes":[]},{"id":2491,"url":"http:\/\/aynakol.org\/?p=2491","url_meta":{"origin":5704,"position":4},"title":"Monuments Classics Races","author":"Ayd\u0131n Bez","date":"26 \u015eubat 2016","format":false,"excerpt":"G\u00fcney Yar\u0131mk\u00fcrede iki yar\u0131\u015fla, Tour Down Under ve Tour de San Luis, ile ba\u015flayan sezonda peloton Arap ve \u0130ber Yar\u0131madalar\u0131na u\u011frad\u0131ktan sonra bu kez eski d\u00fcnyan\u0131n, Avrupan\u0131n, kuzeyine do\u011fru pedall\u0131yor. Huzurlar\u0131n\u0131zda spring classics! \u00a0 Bel\u00e7ika, Hollanda, Fransa ve \u0130talya topraklar\u0131nda tek g\u00fcnl\u00fck yar\u0131\u015flar halinde pedallanan Bahar Klasikleri (Spring Classics) son\u2026","rel":"","context":"&quot;Bisiklet k\u00fclt\u00fcr\u00fc&quot; i\u00e7inde","block_context":{"text":"Bisiklet k\u00fclt\u00fcr\u00fc","link":"http:\/\/aynakol.org\/?cat=7"},"img":{"alt_text":"","src":"https:\/\/i0.wp.com\/aynakol.org\/wp-content\/uploads\/2016\/02\/the-peloton-hits-the-koppenberg.jpg?fit=1200%2C555&resize=350%2C200","width":350,"height":200,"srcset":"https:\/\/i0.wp.com\/aynakol.org\/wp-content\/uploads\/2016\/02\/the-peloton-hits-the-koppenberg.jpg?fit=1200%2C555&resize=350%2C200 1x, https:\/\/i0.wp.com\/aynakol.org\/wp-content\/uploads\/2016\/02\/the-peloton-hits-the-koppenberg.jpg?fit=1200%2C555&resize=525%2C300 1.5x, https:\/\/i0.wp.com\/aynakol.org\/wp-content\/uploads\/2016\/02\/the-peloton-hits-the-koppenberg.jpg?fit=1200%2C555&resize=700%2C400 2x, https:\/\/i0.wp.com\/aynakol.org\/wp-content\/uploads\/2016\/02\/the-peloton-hits-the-koppenberg.jpg?fit=1200%2C555&resize=1050%2C600 3x"},"classes":[]},{"id":842,"url":"http:\/\/aynakol.org\/?p=842","url_meta":{"origin":5704,"position":5},"title":"Amstel Gold Race 2015","author":"Ayd\u0131n Bez","date":"19 Nisan 2015","format":false,"excerpt":"Parke ta\u015flara veda dar yollara merhaba! Hen\u00fcz 50 y\u0131ll\u0131k bir ge\u00e7mi\u015fi olmas\u0131na kar\u015f\u0131n (ilk pedal 1966 y\u0131l\u0131nda d\u00f6nd\u00fc) s\u0131k\u0131 ve zorlu bir tek g\u00fcnl\u00fck yar\u0131\u015f Amstel Gold. Bel\u00e7ika, Fransa ekseninden Ardennes, Hollandaya uzand\u0131\u011f\u0131m\u0131z bu g\u00fcnlerde 258 km uzunlu\u011fundaki Amstel Gold Race yar\u0131\u015f\u0131na konu\u011fuz. Yerinizi al\u0131n ve bu ini\u015fli \u00e7\u0131k\u0131\u015fl\u0131 darac\u0131k\u2026","rel":"","context":"&quot;Bisiklet k\u00fclt\u00fcr\u00fc&quot; i\u00e7inde","block_context":{"text":"Bisiklet k\u00fclt\u00fcr\u00fc","link":"http:\/\/aynakol.org\/?cat=7"},"img":{"alt_text":"","src":"https:\/\/i0.wp.com\/aynakol.org\/wp-content\/uploads\/2015\/04\/Amstel_Gold_Race_logo.svg_.png?fit=1200%2C554&resize=350%2C200","width":350,"height":200,"srcset":"https:\/\/i0.wp.com\/aynakol.org\/wp-content\/uploads\/2015\/04\/Amstel_Gold_Race_logo.svg_.png?fit=1200%2C554&resize=350%2C200 1x, https:\/\/i0.wp.com\/aynakol.org\/wp-content\/uploads\/2015\/04\/Amstel_Gold_Race_logo.svg_.png?fit=1200%2C554&resize=525%2C300 1.5x, https:\/\/i0.wp.com\/aynakol.org\/wp-content\/uploads\/2015\/04\/Amstel_Gold_Race_logo.svg_.png?fit=1200%2C554&resize=700%2C400 2x, https:\/\/i0.wp.com\/aynakol.org\/wp-content\/uploads\/2015\/04\/Amstel_Gold_Race_logo.svg_.png?fit=1200%2C554&resize=1050%2C600 3x"},"classes":[]}],"_links":{"self":[{"href":"http:\/\/aynakol.org\/index.php?rest_route=\/wp\/v2\/posts\/5704","targetHints":{"allow":["GET"]}}],"collection":[{"href":"http:\/\/aynakol.org\/index.php?rest_route=\/wp\/v2\/posts"}],"about":[{"href":"http:\/\/aynakol.org\/index.php?rest_route=\/wp\/v2\/types\/post"}],"author":[{"embeddable":true,"href":"http:\/\/aynakol.org\/index.php?rest_route=\/wp\/v2\/users\/1"}],"replies":[{"embeddable":true,"href":"http:\/\/aynakol.org\/index.php?rest_route=%2Fwp%2Fv2%2Fcomments&post=5704"}],"version-history":[{"count":1,"href":"http:\/\/aynakol.org\/index.php?rest_route=\/wp\/v2\/posts\/5704\/revisions"}],"predecessor-version":[{"id":5706,"href":"http:\/\/aynakol.org\/index.php?rest_route=\/wp\/v2\/posts\/5704\/revisions\/5706"}],"wp:featuredmedia":[{"embeddable":true,"href":"http:\/\/aynakol.org\/index.php?rest_route=\/wp\/v2\/media\/5705"}],"wp:attachment":[{"href":"http:\/\/aynakol.org\/index.php?rest_route=%2Fwp%2Fv2%2Fmedia&parent=5704"}],"wp:term":[{"taxonomy":"category","embeddable":true,"href":"http:\/\/aynakol.org\/index.php?rest_route=%2Fwp%2Fv2%2Fcategories&post=5704"},{"taxonomy":"post_tag","embeddable":true,"href":"http:\/\/aynakol.org\/index.php?rest_route=%2Fwp%2Fv2%2Ftags&post=5704"}],"curies":[{"name":"wp","href":"https:\/\/api.w.org\/{rel}","templated":true}]}}