{"id":585,"date":"2015-02-05T00:49:33","date_gmt":"2015-02-04T21:49:33","guid":{"rendered":"http:\/\/aynakol.org\/?p=585"},"modified":"2015-02-05T23:07:47","modified_gmt":"2015-02-05T20:07:47","slug":"dubai-tour-2015-2-etap-dubai-%e2%86%92-dubai-187-km-duz","status":"publish","type":"post","link":"http:\/\/aynakol.org\/?p=585","title":{"rendered":"Dubai Tour 2015: 2. Etap Dubai International Marine Club \u2192 Palm Jumeirah, 187 km (d\u00fcz)"},"content":{"rendered":"<p>D\u00fcn ge\u00e7ilen 1. etab\u0131n galibi Cavendish, tak\u0131m\u0131 ise tart\u0131\u015fmas\u0131z Etixx-Quick Step idi. Ger\u00e7i tek t\u0131rman\u0131\u015f\u0131 viyad\u00fckler olan b\u00f6ylesine d\u00fcz bir etapta Mark Cavendish el arabas\u0131yla bile birinci gelirdi&#8230; Etixx-Quick Step yar\u0131\u015f\u0131n ba\u015f\u0131ndan itibaren Cavendish&#8217;i birincili\u011fe ta\u015f\u0131mak i\u00e7in ne gerekiyorsa yapt\u0131. Mark Renshaw ve Tony Martin&#8217;e baya\u011f\u0131 i\u015f d\u00fc\u015ft\u00fc ve \u00f6d\u00fcllerini de ald\u0131lar: Cavendish mavi formay\u0131 giyindi.<\/p>\n<p>D\u00fcn\u00fcn y\u0131ld\u0131z\u0131 parlayan bir ismi ise Astana tak\u0131m\u0131n\u0131n \u0130talyan pedal\u0131 <a href=\"http:\/\/en.wikipedia.org\/wiki\/Andrea_Guardini\" target=\"_blank\">Andrea Guardini<\/a> idi. Kald\u0131 ki kendisi son 200 metre kala biti\u015fe h\u00e2l\u00e2 pozisyon almaya \u00e7al\u0131\u015f\u0131yordu ve metreler kalsa da zorlamay\u0131 ba\u015fard\u0131 Cavendish&#8217;i, ipi ikinci olarak g\u00f6\u011f\u00fcsledi.<\/p>\n<p><a href=\"https:\/\/i0.wp.com\/aynakol.org\/wp-content\/uploads\/2015\/02\/Dubai_Tour_2015_stage_2_profile.jpg\"><img data-recalc-dims=\"1\" loading=\"lazy\" decoding=\"async\" data-attachment-id=\"590\" data-permalink=\"http:\/\/aynakol.org\/?attachment_id=590\" data-orig-file=\"https:\/\/i0.wp.com\/aynakol.org\/wp-content\/uploads\/2015\/02\/Dubai_Tour_2015_stage_2_profile.jpg?fit=895%2C551\" data-orig-size=\"895,551\" data-comments-opened=\"1\" data-image-meta=\"{&quot;aperture&quot;:&quot;0&quot;,&quot;credit&quot;:&quot;&quot;,&quot;camera&quot;:&quot;&quot;,&quot;caption&quot;:&quot;&quot;,&quot;created_timestamp&quot;:&quot;0&quot;,&quot;copyright&quot;:&quot;&quot;,&quot;focal_length&quot;:&quot;0&quot;,&quot;iso&quot;:&quot;0&quot;,&quot;shutter_speed&quot;:&quot;0&quot;,&quot;title&quot;:&quot;&quot;,&quot;orientation&quot;:&quot;0&quot;}\" data-image-title=\"Dubai_Tour_2015_stage_2_profile\" data-image-description=\"\" data-image-caption=\"\" data-large-file=\"https:\/\/i0.wp.com\/aynakol.org\/wp-content\/uploads\/2015\/02\/Dubai_Tour_2015_stage_2_profile.jpg?fit=860%2C529\" class=\"alignnone size-full wp-image-590\" src=\"https:\/\/i0.wp.com\/aynakol.org\/wp-content\/uploads\/2015\/02\/Dubai_Tour_2015_stage_2_profile.jpg?resize=860%2C529\" alt=\"Dubai_Tour_2015_stage_2_profile\" width=\"860\" height=\"529\" srcset=\"https:\/\/i0.wp.com\/aynakol.org\/wp-content\/uploads\/2015\/02\/Dubai_Tour_2015_stage_2_profile.jpg?w=895 895w, https:\/\/i0.wp.com\/aynakol.org\/wp-content\/uploads\/2015\/02\/Dubai_Tour_2015_stage_2_profile.jpg?resize=300%2C185 300w, https:\/\/i0.wp.com\/aynakol.org\/wp-content\/uploads\/2015\/02\/Dubai_Tour_2015_stage_2_profile.jpg?resize=705%2C434 705w\" sizes=\"auto, (max-width: 860px) 100vw, 860px\" \/><\/a><\/p>\n<p><a href=\"http:\/\/www.procyclingstats.com\/race\/Dubai_Tour_2015\" target=\"_blank\">Dubai <\/a><a href=\"http:\/\/www.procyclingstats.com\/race\/Dubai_Tour_2015\" target=\"_blank\">Turu<\/a>nun 2. etab\u0131 187 km uzunlu\u011funda, d\u00fcmd\u00fcz, yine Dubai i\u00e7inde turlanacak. <a href=\"https:\/\/eksisozluk.com\/jumeirah--1268446\" target=\"_blank\">Jumeirah<\/a> Adas\u0131 giri\u015finden ba\u015flayacak etap \u00e7\u00f6le do\u011fru uzand\u0131ktan sonra yeniden \u015fehir merkezine d\u00f6n\u00fcp Jumeirah Adas\u0131na girip muhtemelen turistik de\u011ferlere g\u00f6re <a href=\"http:\/\/atlasshrugs2000.typepad.com\/atlas_shrugs\/images\/dubai.jpg\" target=\"_blank\">Burj al Arab<\/a> oteli \u00f6n\u00fcnde bitecek.<\/p>\n<p><a href=\"https:\/\/i0.wp.com\/aynakol.org\/wp-content\/uploads\/2015\/02\/Dubai_Tour_2015_stage_2_map.png\"><img data-recalc-dims=\"1\" loading=\"lazy\" decoding=\"async\" data-attachment-id=\"591\" data-permalink=\"http:\/\/aynakol.org\/?attachment_id=591\" data-orig-file=\"https:\/\/i0.wp.com\/aynakol.org\/wp-content\/uploads\/2015\/02\/Dubai_Tour_2015_stage_2_map.png?fit=1325%2C561\" data-orig-size=\"1325,561\" data-comments-opened=\"1\" data-image-meta=\"{&quot;aperture&quot;:&quot;0&quot;,&quot;credit&quot;:&quot;&quot;,&quot;camera&quot;:&quot;&quot;,&quot;caption&quot;:&quot;&quot;,&quot;created_timestamp&quot;:&quot;0&quot;,&quot;copyright&quot;:&quot;&quot;,&quot;focal_length&quot;:&quot;0&quot;,&quot;iso&quot;:&quot;0&quot;,&quot;shutter_speed&quot;:&quot;0&quot;,&quot;title&quot;:&quot;&quot;,&quot;orientation&quot;:&quot;0&quot;}\" data-image-title=\"Dubai_Tour_2015_stage_2_map\" data-image-description=\"\" data-image-caption=\"\" data-large-file=\"https:\/\/i0.wp.com\/aynakol.org\/wp-content\/uploads\/2015\/02\/Dubai_Tour_2015_stage_2_map.png?fit=860%2C364\" class=\"alignnone size-large wp-image-591\" src=\"https:\/\/i0.wp.com\/aynakol.org\/wp-content\/uploads\/2015\/02\/Dubai_Tour_2015_stage_2_map.png?resize=705%2C299\" alt=\"Dubai_Tour_2015_stage_2_map\" width=\"705\" height=\"299\" srcset=\"https:\/\/i0.wp.com\/aynakol.org\/wp-content\/uploads\/2015\/02\/Dubai_Tour_2015_stage_2_map.png?resize=1024%2C434 1024w, https:\/\/i0.wp.com\/aynakol.org\/wp-content\/uploads\/2015\/02\/Dubai_Tour_2015_stage_2_map.png?resize=300%2C127 300w, https:\/\/i0.wp.com\/aynakol.org\/wp-content\/uploads\/2015\/02\/Dubai_Tour_2015_stage_2_map.png?resize=705%2C298 705w, https:\/\/i0.wp.com\/aynakol.org\/wp-content\/uploads\/2015\/02\/Dubai_Tour_2015_stage_2_map.png?w=1325 1325w\" sizes=\"auto, (max-width: 705px) 100vw, 705px\" \/><\/a><\/p>\n<p><a href=\"http:\/\/www.wunderground.com\/cgi-bin\/findweather\/getForecast?query=25.271139,55.307484&amp;MR=1\" target=\"_blank\">\u00c7\u00f6l s\u0131caklar\u0131n\u0131 <\/a>a\u015f\u0131r\u0131 hissettiren r\u00fczgarlarla birlikte sporcular\u0131n tenleri iyice kavrulacak, oras\u0131 kesin! Hi\u00e7 mi dikkat etmediniz Cavendish&#8217;in yar\u0131\u015f \u00f6ncesi ve podyum sonras\u0131 y\u00fcz\u00fcndeki g\u00fcne\u015f yan\u0131klar\u0131na?<\/p>\n<p>Daha fazlas\u0131 i\u00e7in: <a title=\"Pro Cycling Stats - Dubai Tour 2015\" href=\"http:\/\/www.procyclingstats.com\/race.php?id=151109&amp;c=2\" target=\"_blank\">http:\/\/www.procyclingstats.com\/race.php?id=151109&amp;c=2<\/a><\/p>\n<p>&nbsp;<\/p>\n<p><strong>Yar\u0131\u015f sonras\u0131<\/strong><\/p>\n<div id=\"attachment_600\" style=\"width: 861px\" class=\"wp-caption alignnone\"><a href=\"https:\/\/i0.wp.com\/aynakol.org\/wp-content\/uploads\/2015\/02\/Dubai_Tour_2015_stage_2_winner_Elia_Vivani.jpg\"><img data-recalc-dims=\"1\" loading=\"lazy\" decoding=\"async\" aria-describedby=\"caption-attachment-600\" data-attachment-id=\"600\" data-permalink=\"http:\/\/aynakol.org\/?attachment_id=600\" data-orig-file=\"https:\/\/i0.wp.com\/aynakol.org\/wp-content\/uploads\/2015\/02\/Dubai_Tour_2015_stage_2_winner_Elia_Vivani.jpg?fit=851%2C314\" data-orig-size=\"851,314\" data-comments-opened=\"1\" data-image-meta=\"{&quot;aperture&quot;:&quot;0&quot;,&quot;credit&quot;:&quot;&quot;,&quot;camera&quot;:&quot;&quot;,&quot;caption&quot;:&quot;&quot;,&quot;created_timestamp&quot;:&quot;0&quot;,&quot;copyright&quot;:&quot;&quot;,&quot;focal_length&quot;:&quot;0&quot;,&quot;iso&quot;:&quot;0&quot;,&quot;shutter_speed&quot;:&quot;0&quot;,&quot;title&quot;:&quot;&quot;,&quot;orientation&quot;:&quot;0&quot;}\" data-image-title=\"Dubai_Tour_2015_stage_2_winner_Elia_Vivani\" data-image-description=\"\" data-image-caption=\"&lt;p&gt;Elia Vivani&amp;#8217;nin Team Sky formas\u0131yla ilk zaferi!&lt;\/p&gt;\n\" data-large-file=\"https:\/\/i0.wp.com\/aynakol.org\/wp-content\/uploads\/2015\/02\/Dubai_Tour_2015_stage_2_winner_Elia_Vivani.jpg?fit=851%2C314\" class=\"size-full wp-image-600\" src=\"https:\/\/i0.wp.com\/aynakol.org\/wp-content\/uploads\/2015\/02\/Dubai_Tour_2015_stage_2_winner_Elia_Vivani.jpg?resize=851%2C314\" alt=\"Elia Vivani'nin Team Sky formas\u0131yla ilk zaferi!\" width=\"851\" height=\"314\" srcset=\"https:\/\/i0.wp.com\/aynakol.org\/wp-content\/uploads\/2015\/02\/Dubai_Tour_2015_stage_2_winner_Elia_Vivani.jpg?w=851 851w, https:\/\/i0.wp.com\/aynakol.org\/wp-content\/uploads\/2015\/02\/Dubai_Tour_2015_stage_2_winner_Elia_Vivani.jpg?resize=300%2C111 300w, https:\/\/i0.wp.com\/aynakol.org\/wp-content\/uploads\/2015\/02\/Dubai_Tour_2015_stage_2_winner_Elia_Vivani.jpg?resize=705%2C260 705w\" sizes=\"auto, (max-width: 851px) 100vw, 851px\" \/><\/a><p id=\"caption-attachment-600\" class=\"wp-caption-text\">Elia Vivani&#8217;nin Team Sky formas\u0131yla ilk zaferi!<\/p><\/div>\n<p>Dubai International Marine Club \u2192 Palm Jumeirah aras\u0131 pedallanan 187 km uzunlu\u011fundaki etapta ipi g\u00f6\u011f\u00fcsleyen Team Sky&#8217;\u0131n \u0130talyan pedal\u0131 <strong>Elia Vivani<\/strong> oldu. Bu Vivani&#8217;nin Team Sky renkleriyle ilk zaferi. 4:29:59 ile ge\u00e7ilen etapta Mark Cavendish (EQS) ikinci, Andrea Guardini (AST) \u00fc\u00e7\u00fcnc\u00fc, Alexadre Porsev (KAT) d\u00f6rd\u00fcnc\u00fc aldu.<\/p>\n<p>Team SKY Elia Vivani i\u00e7in biti\u015fe yak\u0131n ger\u00e7ekten de iyi tren olu\u015fturdu, olu\u015fturmakla kalmad\u0131 \u00f6ne ta\u015f\u0131d\u0131. Geride kalanlar ise ge\u00e7i\u015f koridoru bulamad\u0131\u011f\u0131 i\u00e7in &#8220;geride kald\u0131.&#8221; Astana&#8217;dan Guardini&#8217;nin etap almas\u0131n\u0131 isterdik, ancak bu son etaba kalm\u0131\u015f gibi g\u00f6r\u00fcn\u00fcyor. Son metrelerde Cavendish yine yapt\u0131 yapaca\u011f\u0131n\u0131 ve Team Giant-Alpecin&#8217;den degenkolb ile omuz omuza (yoksa atma m\u0131 demeli) m\u00fccadeleye girse de \u00f6n\u00fcn\u00fc bo\u015faltamad\u0131\u011f\u0131 i\u00e7in geride kald\u0131.<\/p>\n<p><iframe loading=\"lazy\" src=\"https:\/\/www.youtube.com\/embed\/rbMp8m_Fues\" width=\"560\" height=\"315\" frameborder=\"0\" allowfullscreen=\"allowfullscreen\"><\/iframe><\/p>\n<ul>\n<li>Yar\u0131\u015f\u0131n 40 km dolaylar\u0131nda Tinkoff-Saxo&#8217;dan \u00fc\u00e7 sporcu kazaya kar\u0131\u015ft\u0131, ancak ufak yara-yan\u0131k ve jant de\u011fi\u015fimi sonras\u0131 \u00e7abuk toparlan\u0131p pelotona kar\u0131\u015ft\u0131lar.<\/li>\n<li>Son kilometrelerde, U d\u00f6n\u00fc\u015f\u00fc yap\u0131ld\u0131\u011f\u0131nda ufak bir yanl\u0131\u015f y\u00f6n kazas\u0131 oldu, yine toparlanmay\u0131 bildiler.<\/li>\n<li>Son 3 km kala Astana Andrea Guardini&#8217;yi kopart\u0131p g\u00f6t\u00fcrmesi i\u00e7in Nibali&#8217;nin de i\u00e7inde bulundu\u011fu bir grubu pelotonun \u00f6n\u00fcne ta\u015f\u0131d\u0131, son ana dek ba\u015far\u0131l\u0131 olsalar da Team Sky gayet iyi \u00e7al\u0131\u015ft\u0131.<\/li>\n<li>Ancak son 2 km kala biti\u015fe yol \u00fczerindeki \u00e7al\u0131\u015fma (ki, o g\u00fcn de yapmay\u0131n \u015funu!) pelotonun h\u0131z\u0131n\u0131 kesti, ama bu de\u011fildi trenleri bozan, yolun daralmas\u0131 bir\u00e7ok tak\u0131m\u0131n plan\u0131n\u0131 bozdu, geride b\u0131rakt\u0131.<\/li>\n<\/ul>\n<div id=\"attachment_601\" style=\"width: 970px\" class=\"wp-caption alignnone\"><a href=\"https:\/\/i0.wp.com\/aynakol.org\/wp-content\/uploads\/2015\/02\/10985258_782550501798146_2921472358729540983_n.jpg\"><img data-recalc-dims=\"1\" loading=\"lazy\" decoding=\"async\" aria-describedby=\"caption-attachment-601\" data-attachment-id=\"601\" data-permalink=\"http:\/\/aynakol.org\/?attachment_id=601\" data-orig-file=\"https:\/\/i0.wp.com\/aynakol.org\/wp-content\/uploads\/2015\/02\/10985258_782550501798146_2921472358729540983_n.jpg?fit=960%2C960\" data-orig-size=\"960,960\" data-comments-opened=\"1\" data-image-meta=\"{&quot;aperture&quot;:&quot;0&quot;,&quot;credit&quot;:&quot;&quot;,&quot;camera&quot;:&quot;&quot;,&quot;caption&quot;:&quot;&quot;,&quot;created_timestamp&quot;:&quot;0&quot;,&quot;copyright&quot;:&quot;&quot;,&quot;focal_length&quot;:&quot;0&quot;,&quot;iso&quot;:&quot;0&quot;,&quot;shutter_speed&quot;:&quot;0&quot;,&quot;title&quot;:&quot;&quot;,&quot;orientation&quot;:&quot;0&quot;}\" data-image-title=\"10985258_782550501798146_2921472358729540983_n\" data-image-description=\"\" data-image-caption=\"&lt;p&gt;\u00c7\u00f6l kaplanlar\u0131&lt;\/p&gt;\n\" data-large-file=\"https:\/\/i0.wp.com\/aynakol.org\/wp-content\/uploads\/2015\/02\/10985258_782550501798146_2921472358729540983_n.jpg?fit=860%2C860\" class=\"size-full wp-image-601\" src=\"https:\/\/i0.wp.com\/aynakol.org\/wp-content\/uploads\/2015\/02\/10985258_782550501798146_2921472358729540983_n.jpg?resize=860%2C860\" alt=\"\u00c7\u00f6l kaplanlar\u0131\" width=\"860\" height=\"860\" srcset=\"https:\/\/i0.wp.com\/aynakol.org\/wp-content\/uploads\/2015\/02\/10985258_782550501798146_2921472358729540983_n.jpg?w=960 960w, https:\/\/i0.wp.com\/aynakol.org\/wp-content\/uploads\/2015\/02\/10985258_782550501798146_2921472358729540983_n.jpg?resize=150%2C150 150w, https:\/\/i0.wp.com\/aynakol.org\/wp-content\/uploads\/2015\/02\/10985258_782550501798146_2921472358729540983_n.jpg?resize=300%2C300 300w, https:\/\/i0.wp.com\/aynakol.org\/wp-content\/uploads\/2015\/02\/10985258_782550501798146_2921472358729540983_n.jpg?resize=705%2C705 705w\" sizes=\"auto, (max-width: 860px) 100vw, 860px\" \/><\/a><p id=\"caption-attachment-601\" class=\"wp-caption-text\">\u00c7\u00f6l kaplanlar\u0131<\/p><\/div>\n<p><strong>2. etap sonras\u0131 Genel S\u0131ralama (GC) ise \u015fu \u015fekilde oldu (ilk 10)<\/strong><\/p>\n<table>\n<tbody>\n<tr>\n<td class=\"count\" headers=\"position\">1<\/td>\n<td>Mark Cavendish (GBr) Etixx &#8211; Quick-Step<\/td>\n<td class=\"result_column\" headers=\"result\">7:54:43<\/td>\n<td><\/td>\n<\/tr>\n<tr class=\"alt\">\n<td class=\"count\" headers=\"position\">2<\/td>\n<td>Elia Viviani (Ita) Team Sky<\/td>\n<td class=\"result_column\" headers=\"result\">0:00:02<\/td>\n<td><\/td>\n<\/tr>\n<tr>\n<td class=\"count\" headers=\"position\">3<\/td>\n<td>Andrea Guardini (Ita) Astana Pro Team<\/td>\n<td class=\"result_column\" headers=\"result\">0:00:06<\/td>\n<td><\/td>\n<\/tr>\n<tr class=\"alt\">\n<td class=\"count\" headers=\"position\">4<\/td>\n<td>Davide Frattini (Ita) UnitedHealthcare Pro Cycling<\/td>\n<td class=\"result_column\" headers=\"result\">0:00:11<\/td>\n<td><\/td>\n<\/tr>\n<tr>\n<td class=\"count\" headers=\"position\">5<\/td>\n<td>Ben Swift (GBr) Team Sky<\/td>\n<td class=\"result_column\" headers=\"result\">0:00:13<\/td>\n<td><\/td>\n<\/tr>\n<tr class=\"alt\">\n<td class=\"count\" headers=\"position\">6<\/td>\n<td>Enrico Battaglin (Ita) Bardiani CSF<\/td>\n<td class=\"result_column\" headers=\"result\"><\/td>\n<td><\/td>\n<\/tr>\n<tr>\n<td class=\"count\" headers=\"position\">7<\/td>\n<td>Alessandro Bazzana (Ita) UnitedHealthcare Pro Cycling<\/td>\n<td class=\"result_column\" headers=\"result\"><\/td>\n<td><\/td>\n<\/tr>\n<tr class=\"alt\">\n<td class=\"count\" headers=\"position\">8<\/td>\n<td>Manuele Boaro (Ita) Tinkoff-Saxo<\/td>\n<td class=\"result_column\" headers=\"result\">0:00:14<\/td>\n<td><\/td>\n<\/tr>\n<tr>\n<td class=\"count\" headers=\"position\">9<\/td>\n<td>Rafael Valls Ferri (Spa) Lampre-Merida<\/td>\n<td class=\"result_column\" headers=\"result\">0:00:15<\/td>\n<td><\/td>\n<\/tr>\n<tr class=\"alt\">\n<td class=\"count\" headers=\"position\">10<\/td>\n<td>Alexander Porsev (Rus) Team Katusha<\/td>\n<td class=\"result_column\" headers=\"result\">0:00:16<\/td>\n<td><\/td>\n<\/tr>\n<\/tbody>\n<\/table>\n<p><strong>Daha fazlas\u0131 i\u00e7in:<\/strong><\/p>\n<ul>\n<li>CyclingNews.com: <a href=\"http:\/\/www.cyclingnews.com\/races\/dubai-tour-2015\/stage-2\/results\" target=\"_blank\">Viviani wins in Palm Jumeirah<\/a><\/li>\n<li>ProCyclingStats.com: <a href=\"http:\/\/www.procyclingstats.com\/race\/Dubai_Tour_2015_Stage_2_Dubai\" target=\"_blank\">2. etap s\u0131ral\u0131 tam liste<\/a><\/li>\n<li>SteepHill.tv: <a href=\"http:\/\/www.steephill.tv\/dubai-tour\/#spoiler\" target=\"_blank\">Dubai Tour 2015 hakk\u0131nda her \u015fey<\/a><\/li>\n<li>EuroSports: <a href=\"https:\/\/www.youtube.com\/watch?feature=player_embedded&amp;v=b1gUucjfs4c\" target=\"_blank\">2. Etab\u0131n son 10 km&#8217;si<\/a><\/li>\n<\/ul>\n","protected":false},"excerpt":{"rendered":"<p>D\u00fcn ge\u00e7ilen 1. etab\u0131n galibi Cavendish, tak\u0131m\u0131 ise tart\u0131\u015fmas\u0131z Etixx-Quick Step idi. Ger\u00e7i tek t\u0131rman\u0131\u015f\u0131 viyad\u00fckler olan b\u00f6ylesine d\u00fcz bir etapta Mark Cavendish el arabas\u0131yla [&#8230;]<\/p>\n","protected":false},"author":1,"featured_media":574,"comment_status":"open","ping_status":"open","sticky":false,"template":"","format":"standard","meta":{"jetpack_post_was_ever_published":false,"_jetpack_newsletter_access":"","_jetpack_dont_email_post_to_subs":false,"_jetpack_newsletter_tier_id":0,"_jetpack_memberships_contains_paywalled_content":false,"_jetpack_memberships_contains_paid_content":false,"footnotes":"","jetpack_publicize_message":"","jetpack_publicize_feature_enabled":true,"jetpack_social_post_already_shared":true,"jetpack_social_options":{"image_generator_settings":{"template":"highway","default_image_id":0,"font":"","enabled":false},"version":2}},"categories":[7],"tags":[504,24,501,479,481,500,502,506,508,486,503,485,496,505,85,20,497,507],"class_list":["post-585","post","type-post","status-publish","format-standard","has-post-thumbnail","hentry","category-bisiklet-kulturu","tag-andrea-guardini","tag-astana","tag-cvndsh","tag-dubai","tag-dubai-tour","tag-dubai-tour-2015","tag-dubj-al-arab","tag-elia","tag-elia-vivani","tag-etixx","tag-jumeirah","tag-mark-cavendish","tag-mark-renshaw","tag-sky","tag-sky-team","tag-team-sky","tag-tony-martin","tag-vivani"],"jetpack_publicize_connections":[],"jetpack_featured_media_url":"https:\/\/i0.wp.com\/aynakol.org\/wp-content\/uploads\/2015\/02\/Dubai_Tour_2015_offical_banner.jpg?fit=2560%2C1336","jetpack_sharing_enabled":true,"jetpack_shortlink":"https:\/\/wp.me\/p51p4O-9r","jetpack_likes_enabled":true,"jetpack-related-posts":[{"id":625,"url":"http:\/\/aynakol.org\/?p=625","url_meta":{"origin":585,"position":0},"title":"Dubai Tour 2015: 4. Etap Dubai \u2192 Dubai, 123 km (d\u00fcz)","author":"Ayd\u0131n Bez","date":"6 \u015eubat 2015","format":false,"excerpt":"4 g\u00fcn, toplam 660 km, \u00e7o\u011funlukla d\u00fcz, ortalamas\u0131 45 km\/s olan bir tur, kavurucu \u00e7\u00f6l s\u0131caklar\u0131 diyerek ba\u015flad\u0131\u011f\u0131m\u0131z Dubai Turu bug\u00fcn Dubai \u2192 Dubai aras\u0131nda, daha do\u011frusu Dubai i\u00e7inde pedallanacak 123 km uzunlu\u011fundaki 4. etapla sona erecek. Genel Klasman lideri d\u00fcn pedallanan Dubai - Hatta Dam aras\u0131nda 205 km uzunlu\u011fundaki\u2026","rel":"","context":"&quot;Bisiklet k\u00fclt\u00fcr\u00fc&quot; i\u00e7inde","block_context":{"text":"Bisiklet k\u00fclt\u00fcr\u00fc","link":"http:\/\/aynakol.org\/?cat=7"},"img":{"alt_text":"","src":"https:\/\/i0.wp.com\/aynakol.org\/wp-content\/uploads\/2015\/02\/Dubai_Tour_2015_stage_4_winner_Mark_cavendish.jpg?fit=960%2C960&resize=350%2C200","width":350,"height":200,"srcset":"https:\/\/i0.wp.com\/aynakol.org\/wp-content\/uploads\/2015\/02\/Dubai_Tour_2015_stage_4_winner_Mark_cavendish.jpg?fit=960%2C960&resize=350%2C200 1x, https:\/\/i0.wp.com\/aynakol.org\/wp-content\/uploads\/2015\/02\/Dubai_Tour_2015_stage_4_winner_Mark_cavendish.jpg?fit=960%2C960&resize=525%2C300 1.5x, https:\/\/i0.wp.com\/aynakol.org\/wp-content\/uploads\/2015\/02\/Dubai_Tour_2015_stage_4_winner_Mark_cavendish.jpg?fit=960%2C960&resize=700%2C400 2x"},"classes":[]},{"id":568,"url":"http:\/\/aynakol.org\/?p=568","url_meta":{"origin":585,"position":1},"title":"Dubai Tour 2015: 1. Etap Dubai \u2192 Dubai, 145 km (d\u00fcz)","author":"Ayd\u0131n Bez","date":"4 \u015eubat 2015","format":false,"excerpt":"4 g\u00fcn, toplam 660 km, \u00e7o\u011funlukla d\u00fcz, ortalamas\u0131 45 km\/s olan bir tur, kavurucu \u00e7\u00f6l s\u0131caklar\u0131 Tamam 21 g\u00fcnl\u00fck b\u00fcy\u00fck turlar kadar epik bir giri\u015f olmad\u0131 ama elimizdeki \u015fimdilik bu ve biz yine de Dubai Turunu selamlayal\u0131m! Dubai, T\u00fcrkiye, Katar, \u0130sve\u00e7, Polonya... Bu \u00fclke turlar\u0131n\u0131n ortak bir \u00f6zelli\u011fi \u00fclke ekonomisini\u2026","rel":"","context":"&quot;Bisiklet k\u00fclt\u00fcr\u00fc&quot; i\u00e7inde","block_context":{"text":"Bisiklet k\u00fclt\u00fcr\u00fc","link":"http:\/\/aynakol.org\/?cat=7"},"img":{"alt_text":"","src":"https:\/\/i0.wp.com\/aynakol.org\/wp-content\/uploads\/2015\/02\/Dubai_Tour_2015_offical_banner.jpg?fit=1200%2C626&resize=350%2C200","width":350,"height":200,"srcset":"https:\/\/i0.wp.com\/aynakol.org\/wp-content\/uploads\/2015\/02\/Dubai_Tour_2015_offical_banner.jpg?fit=1200%2C626&resize=350%2C200 1x, https:\/\/i0.wp.com\/aynakol.org\/wp-content\/uploads\/2015\/02\/Dubai_Tour_2015_offical_banner.jpg?fit=1200%2C626&resize=525%2C300 1.5x, https:\/\/i0.wp.com\/aynakol.org\/wp-content\/uploads\/2015\/02\/Dubai_Tour_2015_offical_banner.jpg?fit=1200%2C626&resize=700%2C400 2x, https:\/\/i0.wp.com\/aynakol.org\/wp-content\/uploads\/2015\/02\/Dubai_Tour_2015_offical_banner.jpg?fit=1200%2C626&resize=1050%2C600 3x"},"classes":[]},{"id":2433,"url":"http:\/\/aynakol.org\/?p=2433","url_meta":{"origin":585,"position":2},"title":"Dubai Tour 2016 2. Etap: Dubai Marine Club \u2192 Palm Jumeirah, 188 km","author":"Ayd\u0131n Bez","date":"4 \u015eubat 2016","format":false,"excerpt":"Dubai Bisiklet Turunda bug\u00fcn 2. etapta zafer Team SKY'dan Elia Viviani'nin! Dubai Marine Club \u2192 Palm Jumeirah aras\u0131nda pedallanan 188 km uzunlu\u011fundaki etap d\u00fcz, d\u00fcmd\u00fcz bir profile sahipti. Dubai Marina Kul\u00fcb\u00fcnden ba\u015flayan etap \u00e7\u00f6l i\u00e7ine do\u011fru devam edip tekrar \u015fehrin i\u00e7inde, Atlantis otel \u00f6n\u00fcnde sona erdi. Geni\u015f yollarda y\u0131\u011f\u0131\u015fmalar olunca\u2026","rel":"","context":"&quot;Bisiklet k\u00fclt\u00fcr\u00fc&quot; i\u00e7inde","block_context":{"text":"Bisiklet k\u00fclt\u00fcr\u00fc","link":"http:\/\/aynakol.org\/?cat=7"},"img":{"alt_text":"","src":"https:\/\/i0.wp.com\/aynakol.org\/wp-content\/uploads\/2016\/02\/Dubai_Tour_2016_stage2_sprint_finish.jpg?fit=670%2C385&resize=350%2C200","width":350,"height":200,"srcset":"https:\/\/i0.wp.com\/aynakol.org\/wp-content\/uploads\/2016\/02\/Dubai_Tour_2016_stage2_sprint_finish.jpg?fit=670%2C385&resize=350%2C200 1x, https:\/\/i0.wp.com\/aynakol.org\/wp-content\/uploads\/2016\/02\/Dubai_Tour_2016_stage2_sprint_finish.jpg?fit=670%2C385&resize=525%2C300 1.5x"},"classes":[]},{"id":2417,"url":"http:\/\/aynakol.org\/?p=2417","url_meta":{"origin":585,"position":3},"title":"Dubai Tour 2016 1. Etap: Dubai Marine Club \u2192 Fujairah, 179km","author":"Ayd\u0131n Bez","date":"3 \u015eubat 2016","format":false,"excerpt":"\u00c7\u00f6l s\u0131caklar\u0131n\u0131n kavurdu\u011fu, yapayl\u0131\u011f\u0131n zirve yapt\u0131\u011f\u0131, en fazla viyad\u00fck ya da baraj setinin t\u0131rman\u0131ld\u0131\u011f\u0131 Dubai Bisiklet Turu bug\u00fcn ba\u015flad\u0131. Tour Down Under ya da Tour de San Luis'de sezona ba\u015flamayan sprinter pedallar ve onlar\u0131n domestiklerinin fazlas\u0131yla d\u00fcz olan bu topraklarda zorlanmadan sezona merhaba demesi kadar do\u011fal bir \u015fey olmazd\u0131 da.\u2026","rel":"","context":"&quot;Bisiklet k\u00fclt\u00fcr\u00fc&quot; i\u00e7inde","block_context":{"text":"Bisiklet k\u00fclt\u00fcr\u00fc","link":"http:\/\/aynakol.org\/?cat=7"},"img":{"alt_text":"","src":"https:\/\/i0.wp.com\/aynakol.org\/wp-content\/uploads\/2016\/02\/12633609_946576272062234_2734161364457070746_o.jpg?fit=1200%2C1200&resize=350%2C200","width":350,"height":200,"srcset":"https:\/\/i0.wp.com\/aynakol.org\/wp-content\/uploads\/2016\/02\/12633609_946576272062234_2734161364457070746_o.jpg?fit=1200%2C1200&resize=350%2C200 1x, https:\/\/i0.wp.com\/aynakol.org\/wp-content\/uploads\/2016\/02\/12633609_946576272062234_2734161364457070746_o.jpg?fit=1200%2C1200&resize=525%2C300 1.5x, https:\/\/i0.wp.com\/aynakol.org\/wp-content\/uploads\/2016\/02\/12633609_946576272062234_2734161364457070746_o.jpg?fit=1200%2C1200&resize=700%2C400 2x, https:\/\/i0.wp.com\/aynakol.org\/wp-content\/uploads\/2016\/02\/12633609_946576272062234_2734161364457070746_o.jpg?fit=1200%2C1200&resize=1050%2C600 3x"},"classes":[]},{"id":603,"url":"http:\/\/aynakol.org\/?p=603","url_meta":{"origin":585,"position":4},"title":"Dubai Tour 2015: 3. Etap Dubai \u2192 Hatta Dam, 205 km (t\u0131rman\u0131\u015f)","author":"Ayd\u0131n Bez","date":"6 \u015eubat 2015","format":false,"excerpt":"Dubai Turunun 3. etab\u0131nda nihayet seyir zevkini y\u00fckseltecek bir t\u0131rman\u0131\u015f kar\u015f\u0131l\u0131yor bizi: Hatta Dam 2. etap yine k\u0131yas\u0131ya bir \u00e7eki\u015fmeye sahne olmu\u015f, galibiyet Etixx-Quick Step trenini da\u011f\u0131tan Team Sky'\u0131n olmu\u015ftu, ipi de EliaVivani g\u00f6\u011f\u00fcslemi\u015f, mavi forma sahibi Mark Cavendish ikincilikle yetinmi\u015fti. 3.etap sonunda ise mavi mayoyu s\u0131k\u0131 birt\u0131rman\u0131\u015f\u00e7\u0131ya devredece\u011fi kesin.\u2026","rel":"","context":"&quot;Bisiklet k\u00fclt\u00fcr\u00fc&quot; i\u00e7inde","block_context":{"text":"Bisiklet k\u00fclt\u00fcr\u00fc","link":"http:\/\/aynakol.org\/?cat=7"},"img":{"alt_text":"","src":"https:\/\/i0.wp.com\/aynakol.org\/wp-content\/uploads\/2015\/02\/Dubai_Tour_2015_offical_banner.jpg?fit=1200%2C626&resize=350%2C200","width":350,"height":200,"srcset":"https:\/\/i0.wp.com\/aynakol.org\/wp-content\/uploads\/2015\/02\/Dubai_Tour_2015_offical_banner.jpg?fit=1200%2C626&resize=350%2C200 1x, https:\/\/i0.wp.com\/aynakol.org\/wp-content\/uploads\/2015\/02\/Dubai_Tour_2015_offical_banner.jpg?fit=1200%2C626&resize=525%2C300 1.5x, https:\/\/i0.wp.com\/aynakol.org\/wp-content\/uploads\/2015\/02\/Dubai_Tour_2015_offical_banner.jpg?fit=1200%2C626&resize=700%2C400 2x, https:\/\/i0.wp.com\/aynakol.org\/wp-content\/uploads\/2015\/02\/Dubai_Tour_2015_offical_banner.jpg?fit=1200%2C626&resize=1050%2C600 3x"},"classes":[]},{"id":1388,"url":"http:\/\/aynakol.org\/?p=1388","url_meta":{"origin":585,"position":5},"title":"#TDF2015 7. Etap: Livarot \u2192 Foug\u00e8res, 191 km","author":"Ayd\u0131n Bez","date":"10 Temmuz 2015","format":false,"excerpt":"7. etap incelemesine ge\u00e7meden \u00f6nce k\u0131sa bir \u00f6zet: Etixx-QuickStep ayn\u0131 g\u00fcnde hem sevindi hem \u00fcz\u00fcld\u00fc. Sevindi, \u00e7\u00fcnk\u00fc etab\u0131 Zdenek Stybar son 500 metre kala yapt\u0131\u011f\u0131 atakla kazan\u0131rken, \u00fcz\u00fcld\u00fcler, \u00e7\u00fcnk\u00fc Sar\u0131 Mayoyu ta\u015f\u0131yan Tony Martin'in bitime son 900 metre kala ge\u00e7irdi\u011fi kaza sonras\u0131 k\u0131r\u0131lan k\u00f6p\u00fcrc\u00fck kemi\u011fi y\u00fcz\u00fcnden Turu b\u0131rakt\u0131. D\u00fcnk\u00fc etapta\u2026","rel":"","context":"&quot;Grand Tour&quot; i\u00e7inde","block_context":{"text":"Grand Tour","link":"http:\/\/aynakol.org\/?cat=92"},"img":{"alt_text":"","src":"https:\/\/i0.wp.com\/aynakol.org\/wp-content\/uploads\/2015\/07\/Banner2_Tour.jpg?fit=1200%2C390&resize=350%2C200","width":350,"height":200,"srcset":"https:\/\/i0.wp.com\/aynakol.org\/wp-content\/uploads\/2015\/07\/Banner2_Tour.jpg?fit=1200%2C390&resize=350%2C200 1x, https:\/\/i0.wp.com\/aynakol.org\/wp-content\/uploads\/2015\/07\/Banner2_Tour.jpg?fit=1200%2C390&resize=525%2C300 1.5x, https:\/\/i0.wp.com\/aynakol.org\/wp-content\/uploads\/2015\/07\/Banner2_Tour.jpg?fit=1200%2C390&resize=700%2C400 2x, https:\/\/i0.wp.com\/aynakol.org\/wp-content\/uploads\/2015\/07\/Banner2_Tour.jpg?fit=1200%2C390&resize=1050%2C600 3x"},"classes":[]}],"_links":{"self":[{"href":"http:\/\/aynakol.org\/index.php?rest_route=\/wp\/v2\/posts\/585","targetHints":{"allow":["GET"]}}],"collection":[{"href":"http:\/\/aynakol.org\/index.php?rest_route=\/wp\/v2\/posts"}],"about":[{"href":"http:\/\/aynakol.org\/index.php?rest_route=\/wp\/v2\/types\/post"}],"author":[{"embeddable":true,"href":"http:\/\/aynakol.org\/index.php?rest_route=\/wp\/v2\/users\/1"}],"replies":[{"embeddable":true,"href":"http:\/\/aynakol.org\/index.php?rest_route=%2Fwp%2Fv2%2Fcomments&post=585"}],"version-history":[{"count":4,"href":"http:\/\/aynakol.org\/index.php?rest_route=\/wp\/v2\/posts\/585\/revisions"}],"predecessor-version":[{"id":602,"href":"http:\/\/aynakol.org\/index.php?rest_route=\/wp\/v2\/posts\/585\/revisions\/602"}],"wp:featuredmedia":[{"embeddable":true,"href":"http:\/\/aynakol.org\/index.php?rest_route=\/wp\/v2\/media\/574"}],"wp:attachment":[{"href":"http:\/\/aynakol.org\/index.php?rest_route=%2Fwp%2Fv2%2Fmedia&parent=585"}],"wp:term":[{"taxonomy":"category","embeddable":true,"href":"http:\/\/aynakol.org\/index.php?rest_route=%2Fwp%2Fv2%2Fcategories&post=585"},{"taxonomy":"post_tag","embeddable":true,"href":"http:\/\/aynakol.org\/index.php?rest_route=%2Fwp%2Fv2%2Ftags&post=585"}],"curies":[{"name":"wp","href":"https:\/\/api.w.org\/{rel}","templated":true}]}}