{"id":603,"date":"2015-02-06T00:26:03","date_gmt":"2015-02-05T21:26:03","guid":{"rendered":"http:\/\/aynakol.org\/?p=603"},"modified":"2015-02-06T21:22:54","modified_gmt":"2015-02-06T18:22:54","slug":"dubai-tour-2015-3-etap-dubai-%e2%86%92-hatta-205-km-tirmanis","status":"publish","type":"post","link":"http:\/\/aynakol.org\/?p=603","title":{"rendered":"Dubai Tour 2015: 3. Etap Dubai \u2192 Hatta Dam, 205 km (t\u0131rman\u0131\u015f)"},"content":{"rendered":"<p>Dubai Turunun 3. etab\u0131nda nihayet seyir zevkini y\u00fckseltecek bir t\u0131rman\u0131\u015f kar\u015f\u0131l\u0131yor bizi: <a href=\"http:\/\/en.wikipedia.org\/wiki\/Hatta,_United_Arab_Emirates\">Hatta Dam<\/a><\/p>\n<p>2. etap yine k\u0131yas\u0131ya bir \u00e7eki\u015fmeye sahne olmu\u015f, galibiyet Etixx-Quick Step trenini da\u011f\u0131tan Team Sky&#8217;\u0131n olmu\u015ftu, ipi de EliaVivani g\u00f6\u011f\u00fcslemi\u015f, mavi forma sahibi Mark Cavendish ikincilikle yetinmi\u015fti. 3.etap sonunda ise mavi mayoyu s\u0131k\u0131 birt\u0131rman\u0131\u015f\u00e7\u0131ya devredece\u011fi kesin.<\/p>\n<p><a href=\"https:\/\/i0.wp.com\/aynakol.org\/wp-content\/uploads\/2015\/02\/Dubai_Tour_2015_stage_3_map.png\"><img data-recalc-dims=\"1\" loading=\"lazy\" decoding=\"async\" data-attachment-id=\"589\" data-permalink=\"http:\/\/aynakol.org\/?attachment_id=589\" data-orig-file=\"https:\/\/i0.wp.com\/aynakol.org\/wp-content\/uploads\/2015\/02\/Dubai_Tour_2015_stage_3_map.png?fit=1325%2C561\" data-orig-size=\"1325,561\" data-comments-opened=\"1\" data-image-meta=\"{&quot;aperture&quot;:&quot;0&quot;,&quot;credit&quot;:&quot;&quot;,&quot;camera&quot;:&quot;&quot;,&quot;caption&quot;:&quot;&quot;,&quot;created_timestamp&quot;:&quot;0&quot;,&quot;copyright&quot;:&quot;&quot;,&quot;focal_length&quot;:&quot;0&quot;,&quot;iso&quot;:&quot;0&quot;,&quot;shutter_speed&quot;:&quot;0&quot;,&quot;title&quot;:&quot;&quot;,&quot;orientation&quot;:&quot;0&quot;}\" data-image-title=\"Dubai_Tour_2015_stage_3_map\" data-image-description=\"\" data-image-caption=\"\" data-large-file=\"https:\/\/i0.wp.com\/aynakol.org\/wp-content\/uploads\/2015\/02\/Dubai_Tour_2015_stage_3_map.png?fit=860%2C364\" class=\"alignnone size-large wp-image-589\" src=\"https:\/\/i0.wp.com\/aynakol.org\/wp-content\/uploads\/2015\/02\/Dubai_Tour_2015_stage_3_map.png?resize=705%2C299\" alt=\"Dubai_Tour_2015_stage_3_map\" width=\"705\" height=\"299\" srcset=\"https:\/\/i0.wp.com\/aynakol.org\/wp-content\/uploads\/2015\/02\/Dubai_Tour_2015_stage_3_map.png?resize=1024%2C434 1024w, https:\/\/i0.wp.com\/aynakol.org\/wp-content\/uploads\/2015\/02\/Dubai_Tour_2015_stage_3_map.png?resize=300%2C127 300w, https:\/\/i0.wp.com\/aynakol.org\/wp-content\/uploads\/2015\/02\/Dubai_Tour_2015_stage_3_map.png?resize=705%2C298 705w, https:\/\/i0.wp.com\/aynakol.org\/wp-content\/uploads\/2015\/02\/Dubai_Tour_2015_stage_3_map.png?w=1325 1325w\" sizes=\"auto, (max-width: 705px) 100vw, 705px\" \/><\/a><\/p>\n<p>Turun 3. etab\u0131 205 km uzunlu\u011funda, Dubaiden \u00e7\u0131k\u0131p g\u00f6l a\u015f\u0131larak, \u00f6nce Umman, sonra Birle\u015fik Arap Emirli\u011fi s\u0131n\u0131rlar\u0131 i\u00e7indeki Hatta Dam da\u011f\u0131na t\u0131rman\u0131lacak. Burada sprinter pedallara yer yok, t\u0131rman\u0131\u015f\u00e7\u0131lar\u0131n g\u00fcn\u00fc olacak ve \u0130spanyol, \u0130talyan pedallar yar\u0131n genel klasman i\u00e7in m\u00fccadele edecekler. Valverde, Rdriguez, Nibali g\u00fcn\u00fcn favori isimleri ki, s\u00fcrekli viyad\u00fck \u00e7\u0131k\u0131lan bir turda tek g\u00fcn de olsa hakiki t\u0131rman\u0131\u015f kendileri i\u00e7in idman olacak.<\/p>\n<div id=\"attachment_588\" style=\"width: 862px\" class=\"wp-caption alignnone\"><a href=\"https:\/\/i0.wp.com\/aynakol.org\/wp-content\/uploads\/2015\/02\/Dubai_Tour_2015_stage_3_profile.jpg\"><img data-recalc-dims=\"1\" loading=\"lazy\" decoding=\"async\" aria-describedby=\"caption-attachment-588\" data-attachment-id=\"588\" data-permalink=\"http:\/\/aynakol.org\/?attachment_id=588\" data-orig-file=\"https:\/\/i0.wp.com\/aynakol.org\/wp-content\/uploads\/2015\/02\/Dubai_Tour_2015_stage_3_profile.jpg?fit=852%2C556\" data-orig-size=\"852,556\" data-comments-opened=\"1\" data-image-meta=\"{&quot;aperture&quot;:&quot;0&quot;,&quot;credit&quot;:&quot;&quot;,&quot;camera&quot;:&quot;&quot;,&quot;caption&quot;:&quot;&quot;,&quot;created_timestamp&quot;:&quot;0&quot;,&quot;copyright&quot;:&quot;&quot;,&quot;focal_length&quot;:&quot;0&quot;,&quot;iso&quot;:&quot;0&quot;,&quot;shutter_speed&quot;:&quot;0&quot;,&quot;title&quot;:&quot;&quot;,&quot;orientation&quot;:&quot;0&quot;}\" data-image-title=\"Dubai_Tour_2015_stage_3_profile\" data-image-description=\"\" data-image-caption=\"&lt;p&gt;Dubai \u00e7\u00f6llerinden Hatta Dam da\u011f\u0131na&lt;\/p&gt;\n\" data-large-file=\"https:\/\/i0.wp.com\/aynakol.org\/wp-content\/uploads\/2015\/02\/Dubai_Tour_2015_stage_3_profile.jpg?fit=852%2C556\" class=\"size-full wp-image-588\" src=\"https:\/\/i0.wp.com\/aynakol.org\/wp-content\/uploads\/2015\/02\/Dubai_Tour_2015_stage_3_profile.jpg?resize=852%2C556\" alt=\"Dubai \u00e7\u00f6llerinden Hatta Dam da\u011f\u0131na\" width=\"852\" height=\"556\" srcset=\"https:\/\/i0.wp.com\/aynakol.org\/wp-content\/uploads\/2015\/02\/Dubai_Tour_2015_stage_3_profile.jpg?w=852 852w, https:\/\/i0.wp.com\/aynakol.org\/wp-content\/uploads\/2015\/02\/Dubai_Tour_2015_stage_3_profile.jpg?resize=300%2C196 300w, https:\/\/i0.wp.com\/aynakol.org\/wp-content\/uploads\/2015\/02\/Dubai_Tour_2015_stage_3_profile.jpg?resize=705%2C460 705w\" sizes=\"auto, (max-width: 852px) 100vw, 852px\" \/><\/a><p id=\"caption-attachment-588\" class=\"wp-caption-text\">Dubai \u00e7\u00f6llerinden Hatta Dam da\u011f\u0131na<\/p><\/div>\n<p>&nbsp;<\/p>\n<p>Etab\u0131n ilk 120 kilometresi d\u00fcz say\u0131labilecek, ufak tefek t\u0131rman\u0131\u015flar olacak. \u0130lk sert t\u0131rman\u0131\u015f 120. km&#8217;de kar\u015f\u0131m\u0131za \u00e7\u0131kacak (288 mt, Shawka ge\u00e7idi), sonras\u0131nda ini\u015fli \u00e7\u0131k\u0131\u015fl\u0131 tepeler a\u015f\u0131lacak.<\/p>\n<p>&nbsp;<\/p>\n<div id=\"attachment_605\" style=\"width: 710px\" class=\"wp-caption alignnone\"><a href=\"https:\/\/i0.wp.com\/aynakol.org\/wp-content\/uploads\/2015\/02\/Dubai_Tour_2015_stage_3_profile_climb_1.jpg\"><img data-recalc-dims=\"1\" loading=\"lazy\" decoding=\"async\" aria-describedby=\"caption-attachment-605\" data-attachment-id=\"605\" data-permalink=\"http:\/\/aynakol.org\/?attachment_id=605\" data-orig-file=\"https:\/\/i0.wp.com\/aynakol.org\/wp-content\/uploads\/2015\/02\/Dubai_Tour_2015_stage_3_profile_climb_1.jpg?fit=700%2C470\" data-orig-size=\"700,470\" data-comments-opened=\"1\" data-image-meta=\"{&quot;aperture&quot;:&quot;0&quot;,&quot;credit&quot;:&quot;&quot;,&quot;camera&quot;:&quot;&quot;,&quot;caption&quot;:&quot;&quot;,&quot;created_timestamp&quot;:&quot;0&quot;,&quot;copyright&quot;:&quot;&quot;,&quot;focal_length&quot;:&quot;0&quot;,&quot;iso&quot;:&quot;0&quot;,&quot;shutter_speed&quot;:&quot;0&quot;,&quot;title&quot;:&quot;&quot;,&quot;orientation&quot;:&quot;0&quot;}\" data-image-title=\"Dubai_Tour_2015_stage_3_profile_climb_1\" data-image-description=\"\" data-image-caption=\"&lt;p&gt;111&lt;\/p&gt;\n\" data-large-file=\"https:\/\/i0.wp.com\/aynakol.org\/wp-content\/uploads\/2015\/02\/Dubai_Tour_2015_stage_3_profile_climb_1.jpg?fit=700%2C470\" class=\"size-full wp-image-605\" src=\"https:\/\/i0.wp.com\/aynakol.org\/wp-content\/uploads\/2015\/02\/Dubai_Tour_2015_stage_3_profile_climb_1.jpg?resize=700%2C470\" alt=\"111\" width=\"700\" height=\"470\" srcset=\"https:\/\/i0.wp.com\/aynakol.org\/wp-content\/uploads\/2015\/02\/Dubai_Tour_2015_stage_3_profile_climb_1.jpg?w=700 700w, https:\/\/i0.wp.com\/aynakol.org\/wp-content\/uploads\/2015\/02\/Dubai_Tour_2015_stage_3_profile_climb_1.jpg?resize=300%2C201 300w\" sizes=\"auto, (max-width: 700px) 100vw, 700px\" \/><\/a><p id=\"caption-attachment-605\" class=\"wp-caption-text\">%10 &#8211; 11 e\u011fimli Khalba T\u00fcneli Yolu e\u011fim profili<\/p><\/div>\n<p>148. km&#8217;de ise sert t\u0131rman\u0131\u015flar ba\u015fl\u0131yor diyebiliriz: 5,5 km boyunca 270 mt rak\u0131mdan 440 metre rak\u0131ma ortalama %6 e\u011fimle t\u0131rman\u0131lacak. Bu t\u0131rman\u0131\u015fta en d\u00fc\u015f\u00fcn e\u011fim %1,7 iken, en serti ise %10. Bu t\u0131rman\u0131\u015f sonras\u0131nda k\u0131sa bir ini\u015f ve sonras\u0131nda 2,5 km boyunca ortalama %9 kadar b\u0131kt\u0131r\u0131c\u0131 bir e\u011fimle birlikte \u00e7\u00f6l s\u0131cakl\u0131\u011f\u0131 e\u015fli\u011finde 432 mt rak\u0131ma t\u0131rman\u0131lacak. Hatta Dam milli park\u0131 giri\u015fine uzanan Khalba T\u00fcneli giri\u015finin e\u011fimi %11.<\/p>\n<p><a href=\"https:\/\/i0.wp.com\/aynakol.org\/wp-content\/uploads\/2015\/02\/Dubai_Tour_2015_stage_3_profile_climb_2.jpg\"><img data-recalc-dims=\"1\" loading=\"lazy\" decoding=\"async\" data-attachment-id=\"604\" data-permalink=\"http:\/\/aynakol.org\/?attachment_id=604\" data-orig-file=\"https:\/\/i0.wp.com\/aynakol.org\/wp-content\/uploads\/2015\/02\/Dubai_Tour_2015_stage_3_profile_climb_2.jpg?fit=700%2C549\" data-orig-size=\"700,549\" data-comments-opened=\"1\" data-image-meta=\"{&quot;aperture&quot;:&quot;0&quot;,&quot;credit&quot;:&quot;&quot;,&quot;camera&quot;:&quot;&quot;,&quot;caption&quot;:&quot;&quot;,&quot;created_timestamp&quot;:&quot;0&quot;,&quot;copyright&quot;:&quot;&quot;,&quot;focal_length&quot;:&quot;0&quot;,&quot;iso&quot;:&quot;0&quot;,&quot;shutter_speed&quot;:&quot;0&quot;,&quot;title&quot;:&quot;&quot;,&quot;orientation&quot;:&quot;0&quot;}\" data-image-title=\"Dubai_Tour_2015_stage_3_profile_climb_2\" data-image-description=\"\" data-image-caption=\"\" data-large-file=\"https:\/\/i0.wp.com\/aynakol.org\/wp-content\/uploads\/2015\/02\/Dubai_Tour_2015_stage_3_profile_climb_2.jpg?fit=700%2C549\" class=\"alignnone size-full wp-image-604\" src=\"https:\/\/i0.wp.com\/aynakol.org\/wp-content\/uploads\/2015\/02\/Dubai_Tour_2015_stage_3_profile_climb_2.jpg?resize=700%2C549\" alt=\"Dubai_Tour_2015_stage_3_profile_climb_2\" width=\"700\" height=\"549\" srcset=\"https:\/\/i0.wp.com\/aynakol.org\/wp-content\/uploads\/2015\/02\/Dubai_Tour_2015_stage_3_profile_climb_2.jpg?w=700 700w, https:\/\/i0.wp.com\/aynakol.org\/wp-content\/uploads\/2015\/02\/Dubai_Tour_2015_stage_3_profile_climb_2.jpg?resize=300%2C235 300w\" sizes=\"auto, (max-width: 700px) 100vw, 700px\" \/><\/a><\/p>\n<p>185. km sonras\u0131nda usul usul %10 &#8211; 11 e\u011fime sahip tepeler t\u0131rman\u0131l\u0131p biti\u015fe, cehennem s\u0131ca\u011f\u0131yla birle\u015fince nas\u0131l bir \u0131zd\u0131rap olaca\u011f\u0131n\u0131 d\u00fc\u015f\u00fcnemedi\u011fimiz %17 e\u011fime sahip Hatta Dam t\u0131rman\u0131\u015f\u0131na do\u011fru pedallanacak.<\/p>\n<p>Zirve biti\u015finde g\u00f6r\u00fc\u015fmek \u00fczere!<\/p>\n<p><strong>Yar\u0131\u015f Sonras\u0131&#8230;<\/strong><\/p>\n<div id=\"attachment_620\" style=\"width: 861px\" class=\"wp-caption alignnone\"><a href=\"https:\/\/i0.wp.com\/aynakol.org\/wp-content\/uploads\/2015\/02\/Dubai_Tour_2015_stage_3_winner_John_Degenkolb.jpg\"><img data-recalc-dims=\"1\" loading=\"lazy\" decoding=\"async\" aria-describedby=\"caption-attachment-620\" data-attachment-id=\"620\" data-permalink=\"http:\/\/aynakol.org\/?attachment_id=620\" data-orig-file=\"https:\/\/i0.wp.com\/aynakol.org\/wp-content\/uploads\/2015\/02\/Dubai_Tour_2015_stage_3_winner_John_Degenkolb.jpg?fit=851%2C314\" data-orig-size=\"851,314\" data-comments-opened=\"1\" data-image-meta=\"{&quot;aperture&quot;:&quot;0&quot;,&quot;credit&quot;:&quot;&quot;,&quot;camera&quot;:&quot;&quot;,&quot;caption&quot;:&quot;&quot;,&quot;created_timestamp&quot;:&quot;0&quot;,&quot;copyright&quot;:&quot;&quot;,&quot;focal_length&quot;:&quot;0&quot;,&quot;iso&quot;:&quot;0&quot;,&quot;shutter_speed&quot;:&quot;0&quot;,&quot;title&quot;:&quot;&quot;,&quot;orientation&quot;:&quot;0&quot;}\" data-image-title=\"Dubai_Tour_2015_stage_3_winner_John_Degenkolb\" data-image-description=\"\" data-image-caption=\"&lt;p&gt;Zirve biti\u015finde bir sprinter: John Degenkolb!&lt;\/p&gt;\n\" data-large-file=\"https:\/\/i0.wp.com\/aynakol.org\/wp-content\/uploads\/2015\/02\/Dubai_Tour_2015_stage_3_winner_John_Degenkolb.jpg?fit=851%2C314\" class=\"size-full wp-image-620\" src=\"https:\/\/i0.wp.com\/aynakol.org\/wp-content\/uploads\/2015\/02\/Dubai_Tour_2015_stage_3_winner_John_Degenkolb.jpg?resize=851%2C314\" alt=\"Zirve biti\u015finde bir sprinter: John Degenkolb!\" width=\"851\" height=\"314\" srcset=\"https:\/\/i0.wp.com\/aynakol.org\/wp-content\/uploads\/2015\/02\/Dubai_Tour_2015_stage_3_winner_John_Degenkolb.jpg?w=851 851w, https:\/\/i0.wp.com\/aynakol.org\/wp-content\/uploads\/2015\/02\/Dubai_Tour_2015_stage_3_winner_John_Degenkolb.jpg?resize=300%2C111 300w, https:\/\/i0.wp.com\/aynakol.org\/wp-content\/uploads\/2015\/02\/Dubai_Tour_2015_stage_3_winner_John_Degenkolb.jpg?resize=705%2C260 705w\" sizes=\"auto, (max-width: 851px) 100vw, 851px\" \/><\/a><p id=\"caption-attachment-620\" class=\"wp-caption-text\">Zirve biti\u015finde bir sprinter: John Degenkolb!<\/p><\/div>\n<p>Sprinterlere yer yok dedik, halt ettik! <a href=\"https:\/\/eksisozluk.com\/entry\/48221210\" target=\"_blank\">Team Giant-Alpecin<\/a> tak\u0131m\u0131n\u0131n Alman pedal\u0131 <a href=\"http:\/\/www.procyclingstats.com\/rider\/John_Degenkolb\" target=\"_blank\">John Degenkolb <\/a>herkesi \u015fa\u015f\u0131rtarak cengaver t\u0131rman\u0131\u015f\u00e7\u0131lar\u0131n \u00f6n\u00fcnde ipi g\u00f6\u011f\u00fcsledi! Etab\u0131 bitirir bitirmez t\u0131rman\u0131\u015fla birlikte birle\u015fince bunalt\u0131c\u0131 olan \u00e7\u00f6l s\u0131caklar\u0131na daha fazla dayanamay\u0131p kendini yere atmas\u0131, ba\u015f\u0131na gelip de yard\u0131m etmek isteyenleri ba\u015f\u0131ndan savmas\u0131 unutulacak gibi de\u011fildi. Zira, hem 205 km pedalla, %10, %11 ortalamal\u0131 t\u0131rman\u0131\u015flar\u0131 bitir, son 300 metre %17&#8217;lik baraj yolunu canla ba\u015fla ge\u00e7&#8230; Hak ettin bunu Degenkolb!<\/p>\n<p><iframe loading=\"lazy\" src=\"https:\/\/www.youtube.com\/embed\/kZJdXUGqSRw\" width=\"560\" height=\"315\" frameborder=\"0\" allowfullscreen=\"allowfullscreen\"><\/iframe><\/p>\n<ul>\n<li>Ortalama %3 e\u011fimli Khalab t\u00fcneli ge\u00e7ilirken ka\u00e7anlarla peloton aras\u0131nda yakla\u015f\u0131k 3 dakika fark vard\u0131.<\/li>\n<li>Ka\u00e7anlarda bir s\u00fcre sonra e\u011fime ve s\u0131cakl\u0131\u011fa dayanamay\u0131p, onca s\u0131v\u0131 deste\u011fine ra\u011fmen, biti\u015fe 40 km kala anca dayanabildiler, yaprak d\u00f6k\u00fcm\u00fc misali azald\u0131lar, pelotona kar\u0131\u015ft\u0131lar.<\/li>\n<li>El Hajar Da\u011flar\u0131n\u0131 yar\u0131p ge\u00e7en Khalab T\u00fcneli \u00e7\u0131k\u0131\u015f\u0131nda, biti\u015fe 45 km kala, kasis \u00fczerinden h\u0131zla ge\u00e7en bisikletliler birbirine girince kaza da geliyorum dedi. En son Katuhsa (?) ve Etixx-Quick Step tak\u0131m\u0131ndan Julien Vermote yere d\u00fc\u015f\u00fcyordu!<\/li>\n<li>\u00a013 km kala biti\u015fe Skydive Dubai tak\u0131m\u0131ndan \u0130spanyol pedal Francisco Perez \u00f6nde \u0131srarla pelotondan ka\u00e7arak forma ta\u015f\u0131maya ba\u015flad\u0131.<\/li>\n<li>Joaquim Rodriguez son 10 km kala tek ba\u015f\u0131na ka\u00e7maya \u00e7al\u0131\u015fsa da tutunamad\u0131, yakaland\u0131. Son 5 km kala ataklar gelse de k\u0131sa s\u00fcre i\u00e7inde peloton taraf\u0131ndan yakaland\u0131lar. Lars Boom, bir ara ka\u00e7anlarla birlikte Astana&#8217;y\u0131 ate\u015flemek i\u00e7in davransa da yakaland\u0131. K\u0131saca ka\u00e7an\u0131 yakalay\u0131p durdu peloton!<\/li>\n<li>Etixx-Quick Step mavi mayoyu b\u0131rakmaya niyetli de\u011fildi, bunu da Cavendish&#8217;i t\u0131rman\u0131\u015f biti\u015fini 17. s\u0131rada ge\u00e7irterek kan\u0131tlad\u0131lar da.<\/li>\n<\/ul>\n<p><iframe loading=\"lazy\" src=\"https:\/\/www.youtube.com\/embed\/kZJdXUGqSRw\" width=\"560\" height=\"315\" frameborder=\"0\" allowfullscreen=\"allowfullscreen\"><\/iframe><\/p>\n<ul>\n<li>BMC, Lampre-Merida ve Movistar etab\u0131 almak i\u00e7in baya\u011f\u0131 \u00e7aba g\u00f6sterse de team Giant-Alpecin kadar ba\u015far\u0131l\u0131 olamad\u0131lar. \u00d6zellikle de baraj yoluna d\u00f6n\u00fcld\u00fc\u011f\u00fcnde yolun bir anda daralmas\u0131 tak\u0131mlar\u0131n plan\u0131n\u0131 bozarken tek ba\u015flar\u0131na kalanlar\u0131n m\u00fccadelesini izledik.<\/li>\n<li>Movistar&#8217;dan \u0130spanyol Valverde son 150 metre kala biti\u015fe Degenkolb&#8217;\u00fc kovalasa da bu yeterli olmad\u0131, +2 sn fark yedi.<\/li>\n<li>Astana ise yaz\u0131k etti Nibali&#8217;ye diyoruz sadece&#8230;<\/li>\n<\/ul>\n<p>&nbsp;<\/p>\n<p><a href=\"https:\/\/i0.wp.com\/aynakol.org\/wp-content\/uploads\/2015\/02\/10983424_783030191750177_391953812238282525_n.jpg\"><img data-recalc-dims=\"1\" loading=\"lazy\" decoding=\"async\" data-attachment-id=\"622\" data-permalink=\"http:\/\/aynakol.org\/?attachment_id=622\" data-orig-file=\"https:\/\/i0.wp.com\/aynakol.org\/wp-content\/uploads\/2015\/02\/10983424_783030191750177_391953812238282525_n.jpg?fit=960%2C960\" data-orig-size=\"960,960\" data-comments-opened=\"1\" data-image-meta=\"{&quot;aperture&quot;:&quot;0&quot;,&quot;credit&quot;:&quot;&quot;,&quot;camera&quot;:&quot;&quot;,&quot;caption&quot;:&quot;&quot;,&quot;created_timestamp&quot;:&quot;0&quot;,&quot;copyright&quot;:&quot;&quot;,&quot;focal_length&quot;:&quot;0&quot;,&quot;iso&quot;:&quot;0&quot;,&quot;shutter_speed&quot;:&quot;0&quot;,&quot;title&quot;:&quot;&quot;,&quot;orientation&quot;:&quot;0&quot;}\" data-image-title=\"10983424_783030191750177_391953812238282525_n\" data-image-description=\"\" data-image-caption=\"\" data-large-file=\"https:\/\/i0.wp.com\/aynakol.org\/wp-content\/uploads\/2015\/02\/10983424_783030191750177_391953812238282525_n.jpg?fit=860%2C860\" class=\"alignnone size-full wp-image-622\" src=\"https:\/\/i0.wp.com\/aynakol.org\/wp-content\/uploads\/2015\/02\/10983424_783030191750177_391953812238282525_n.jpg?resize=860%2C860\" alt=\"10983424_783030191750177_391953812238282525_n\" width=\"860\" height=\"860\" srcset=\"https:\/\/i0.wp.com\/aynakol.org\/wp-content\/uploads\/2015\/02\/10983424_783030191750177_391953812238282525_n.jpg?w=960 960w, https:\/\/i0.wp.com\/aynakol.org\/wp-content\/uploads\/2015\/02\/10983424_783030191750177_391953812238282525_n.jpg?resize=150%2C150 150w, https:\/\/i0.wp.com\/aynakol.org\/wp-content\/uploads\/2015\/02\/10983424_783030191750177_391953812238282525_n.jpg?resize=300%2C300 300w, https:\/\/i0.wp.com\/aynakol.org\/wp-content\/uploads\/2015\/02\/10983424_783030191750177_391953812238282525_n.jpg?resize=705%2C705 705w\" sizes=\"auto, (max-width: 860px) 100vw, 860px\" \/><\/a><\/p>\n<p><strong>Etap s\u0131ralamas\u0131:<\/strong><\/p>\n<table>\n<tbody>\n<tr class=\"alt\">\n<td class=\"count\" headers=\"position\">1<\/td>\n<td>John Degenkolb (Ger) Team Giant-Alpecin<\/td>\n<td class=\"result_column\" headers=\"result\">4:50:40<\/td>\n<td><\/td>\n<\/tr>\n<tr>\n<td class=\"count\" headers=\"position\">2<\/td>\n<td>Alejandro Valverde (Spa) Movistar Team<\/td>\n<td class=\"result_column\" headers=\"result\">0:00:02<\/td>\n<td><\/td>\n<\/tr>\n<tr class=\"alt\">\n<td class=\"count\" headers=\"position\">3<\/td>\n<td>Juan Jose Lobato (Spa) Movistar Team<\/td>\n<td class=\"result_column\" headers=\"result\"><\/td>\n<td><\/td>\n<\/tr>\n<tr>\n<td class=\"count\" headers=\"position\">4<\/td>\n<td>Filippo Pozzato (Ita) Lampre-Merida<\/td>\n<td class=\"result_column\" headers=\"result\"><\/td>\n<td><\/td>\n<\/tr>\n<tr class=\"alt\">\n<td class=\"count\" headers=\"position\">5<\/td>\n<td>Marco Canola (Ita) UnitedHealthcare Pro Cycling<\/td>\n<td class=\"result_column\" headers=\"result\"><\/td>\n<td><\/td>\n<\/tr>\n<tr>\n<td class=\"count\" headers=\"position\">6<\/td>\n<td>Philippe Gilbert (Bel) BMC Racing Team<\/td>\n<td class=\"result_column\" headers=\"result\"><\/td>\n<td><\/td>\n<\/tr>\n<tr class=\"alt\">\n<td class=\"count\" headers=\"position\">7<\/td>\n<td>Grega Bole (Slo) CCC Sprandi Polkowice<\/td>\n<td class=\"result_column\" headers=\"result\"><\/td>\n<td><\/td>\n<\/tr>\n<tr>\n<td class=\"count\" headers=\"position\">8<\/td>\n<td>Brent Bookwalter (USA) BMC Racing Team<\/td>\n<td class=\"result_column\" headers=\"result\">0:00:07<\/td>\n<td><\/td>\n<\/tr>\n<tr class=\"alt\">\n<td class=\"count\" headers=\"position\">9<\/td>\n<td>Geraint Thomas (GBr) Team Sky<\/td>\n<td class=\"result_column\" headers=\"result\"><\/td>\n<td><\/td>\n<\/tr>\n<tr>\n<td class=\"count\" headers=\"position\">10<\/td>\n<td>Edgar Miguel Lemos Pinto (Por) Skydive Dubai Pro Cycling Team<\/td>\n<td class=\"result_column\" headers=\"result\"><\/td>\n<td><\/td>\n<\/tr>\n<\/tbody>\n<\/table>\n<p><a href=\"https:\/\/i0.wp.com\/aynakol.org\/wp-content\/uploads\/2015\/02\/10360682_783030085083521_1397000177839942316_n.jpg\"><img data-recalc-dims=\"1\" loading=\"lazy\" decoding=\"async\" data-attachment-id=\"621\" data-permalink=\"http:\/\/aynakol.org\/?attachment_id=621\" data-orig-file=\"https:\/\/i0.wp.com\/aynakol.org\/wp-content\/uploads\/2015\/02\/10360682_783030085083521_1397000177839942316_n.jpg?fit=960%2C960\" data-orig-size=\"960,960\" data-comments-opened=\"1\" data-image-meta=\"{&quot;aperture&quot;:&quot;0&quot;,&quot;credit&quot;:&quot;&quot;,&quot;camera&quot;:&quot;&quot;,&quot;caption&quot;:&quot;&quot;,&quot;created_timestamp&quot;:&quot;0&quot;,&quot;copyright&quot;:&quot;&quot;,&quot;focal_length&quot;:&quot;0&quot;,&quot;iso&quot;:&quot;0&quot;,&quot;shutter_speed&quot;:&quot;0&quot;,&quot;title&quot;:&quot;&quot;,&quot;orientation&quot;:&quot;0&quot;}\" data-image-title=\"10360682_783030085083521_1397000177839942316_n\" data-image-description=\"\" data-image-caption=\"\" data-large-file=\"https:\/\/i0.wp.com\/aynakol.org\/wp-content\/uploads\/2015\/02\/10360682_783030085083521_1397000177839942316_n.jpg?fit=860%2C860\" class=\"alignnone size-full wp-image-621\" src=\"https:\/\/i0.wp.com\/aynakol.org\/wp-content\/uploads\/2015\/02\/10360682_783030085083521_1397000177839942316_n.jpg?resize=860%2C860\" alt=\"10360682_783030085083521_1397000177839942316_n\" width=\"860\" height=\"860\" srcset=\"https:\/\/i0.wp.com\/aynakol.org\/wp-content\/uploads\/2015\/02\/10360682_783030085083521_1397000177839942316_n.jpg?w=960 960w, https:\/\/i0.wp.com\/aynakol.org\/wp-content\/uploads\/2015\/02\/10360682_783030085083521_1397000177839942316_n.jpg?resize=150%2C150 150w, https:\/\/i0.wp.com\/aynakol.org\/wp-content\/uploads\/2015\/02\/10360682_783030085083521_1397000177839942316_n.jpg?resize=300%2C300 300w, https:\/\/i0.wp.com\/aynakol.org\/wp-content\/uploads\/2015\/02\/10360682_783030085083521_1397000177839942316_n.jpg?resize=705%2C705 705w\" sizes=\"auto, (max-width: 860px) 100vw, 860px\" \/><\/a><\/p>\n<p><strong>2. etap sonras\u0131 Genel S\u0131ralama (GC) ise \u015fu \u015fekilde oldu (ilk 10)<\/strong><\/p>\n<table>\n<tbody>\n<tr class=\"alt\">\n<td class=\"count\" headers=\"position\">1<\/td>\n<td>John Degenkolb (Ger) Team Giant-Alpecin<\/td>\n<td class=\"result_column\" headers=\"result\">12:45:29<\/td>\n<td><\/td>\n<\/tr>\n<tr>\n<td class=\"count\" headers=\"position\">2<\/td>\n<td>Mark Cavendish (GBr) Etixx &#8211; Quick-Step<\/td>\n<td class=\"result_column\" headers=\"result\">0:00:04<\/td>\n<td><\/td>\n<\/tr>\n<tr class=\"alt\">\n<td class=\"count\" headers=\"position\">3<\/td>\n<td>Alejandro Valverde (Spa) Movistar Team<\/td>\n<td class=\"result_column\" headers=\"result\">0:00:06<\/td>\n<td><\/td>\n<\/tr>\n<tr>\n<td class=\"count\" headers=\"position\">4<\/td>\n<td>Juan Jose Lobato (Spa) Movistar Team<\/td>\n<td class=\"result_column\" headers=\"result\">0:00:08<\/td>\n<td><\/td>\n<\/tr>\n<tr class=\"alt\">\n<td class=\"count\" headers=\"position\">5<\/td>\n<td>Alessandro Bazzana (Ita) UnitedHealthcare Pro Cycling<\/td>\n<td class=\"result_column\" headers=\"result\">0:00:11<\/td>\n<td><\/td>\n<\/tr>\n<tr>\n<td class=\"count\" headers=\"position\">6<\/td>\n<td>Grega Bole (Slo) CCC Sprandi Polkowice<\/td>\n<td class=\"result_column\" headers=\"result\">0:00:12<\/td>\n<td><\/td>\n<\/tr>\n<tr class=\"alt\">\n<td class=\"count\" headers=\"position\">7<\/td>\n<td>Marco Canola (Ita) UnitedHealthcare Pro Cycling<\/td>\n<td class=\"result_column\" headers=\"result\"><\/td>\n<td><\/td>\n<\/tr>\n<tr>\n<td class=\"count\" headers=\"position\">8<\/td>\n<td>Philippe Gilbert (Bel) BMC Racing Team<\/td>\n<td class=\"result_column\" headers=\"result\"><\/td>\n<td><\/td>\n<\/tr>\n<tr class=\"alt\">\n<td class=\"count\" headers=\"position\">9<\/td>\n<td>Filippo Pozzato (Ita) Lampre-Merida<\/td>\n<td class=\"result_column\" headers=\"result\"><\/td>\n<td><\/td>\n<\/tr>\n<tr>\n<td class=\"count\" headers=\"position\">10<\/td>\n<td>Edgar Miguel Lemos Pinto (Por) Skydive Dubai Pro Cycling Team<\/td>\n<td class=\"result_column\" headers=\"result\">0:00:17<\/td>\n<td><\/td>\n<\/tr>\n<\/tbody>\n<\/table>\n<p><strong>Daha fazlas\u0131 i\u00e7in:<\/strong><\/p>\n<ul>\n<li>CyclingNews.com: <a href=\"http:\/\/www.cyclingnews.com\/races\/dubai-tour-2015\/stage-3\/results\" target=\"_blank\">Degenkolb wins at Hatta Dam<\/a><\/li>\n<li>ProCyclingStats.com: <a href=\"http:\/\/www.procyclingstats.com\/race\/Dubai_Tour_2015_Stage_3_Hatta\" target=\"_blank\">3. etap s\u0131ral\u0131 tam liste<\/a><\/li>\n<li>SteepHill.tv: <a href=\"http:\/\/www.steephill.tv\/dubai-tour\/#03-preview-2015\" target=\"_blank\">Dubai Tour 2015 hakk\u0131nda her \u015fey<\/a><\/li>\n<li>EuroSports: <a href=\"https:\/\/www.youtube.com\/watch?v=kZJdXUGqSRw\" target=\"_blank\">3. Etab\u0131n son 7 km\u2019si<\/a><\/li>\n<\/ul>\n","protected":false},"excerpt":{"rendered":"<p>Dubai Turunun 3. etab\u0131nda nihayet seyir zevkini y\u00fckseltecek bir t\u0131rman\u0131\u015f kar\u015f\u0131l\u0131yor bizi: Hatta Dam 2. etap yine k\u0131yas\u0131ya bir \u00e7eki\u015fmeye sahne olmu\u015f, galibiyet Etixx-Quick Step [&#8230;]<\/p>\n","protected":false},"author":1,"featured_media":574,"comment_status":"open","ping_status":"open","sticky":false,"template":"","format":"standard","meta":{"jetpack_post_was_ever_published":false,"_jetpack_newsletter_access":"","_jetpack_dont_email_post_to_subs":false,"_jetpack_newsletter_tier_id":0,"_jetpack_memberships_contains_paywalled_content":false,"_jetpack_memberships_contains_paid_content":false,"footnotes":"","jetpack_publicize_message":"","jetpack_publicize_feature_enabled":true,"jetpack_social_post_already_shared":true,"jetpack_social_options":{"image_generator_settings":{"template":"highway","default_image_id":0,"font":"","enabled":false},"version":2}},"categories":[7],"tags":[489,495,24,514,479,481,500,511,508,444,509,510,513,512,47,436,441,22,199,493,494,483],"class_list":["post-603","post","type-post","status-publish","format-standard","has-post-thumbnail","hentry","category-bisiklet-kulturu","tag-alejandro-valderde","tag-alpecin","tag-astana","tag-degenkolb","tag-dubai","tag-dubai-tour","tag-dubai-tour-2015","tag-dubai-turu","tag-elia-vivani","tag-giant-bicycles","tag-hatta-dam-hill","tag-hatta-dam-national-park","tag-hilly","tag-joaquim-rodriguez","tag-john-degenkolb","tag-kathusa","tag-killer-climb","tag-movistar","tag-shimano","tag-team-giant","tag-team-giant-alpecin","tag-vincenze-nibali"],"jetpack_publicize_connections":[],"jetpack_featured_media_url":"https:\/\/i0.wp.com\/aynakol.org\/wp-content\/uploads\/2015\/02\/Dubai_Tour_2015_offical_banner.jpg?fit=2560%2C1336","jetpack_sharing_enabled":true,"jetpack_shortlink":"https:\/\/wp.me\/p51p4O-9J","jetpack_likes_enabled":true,"jetpack-related-posts":[{"id":625,"url":"http:\/\/aynakol.org\/?p=625","url_meta":{"origin":603,"position":0},"title":"Dubai Tour 2015: 4. Etap Dubai \u2192 Dubai, 123 km (d\u00fcz)","author":"Ayd\u0131n Bez","date":"6 \u015eubat 2015","format":false,"excerpt":"4 g\u00fcn, toplam 660 km, \u00e7o\u011funlukla d\u00fcz, ortalamas\u0131 45 km\/s olan bir tur, kavurucu \u00e7\u00f6l s\u0131caklar\u0131 diyerek ba\u015flad\u0131\u011f\u0131m\u0131z Dubai Turu bug\u00fcn Dubai \u2192 Dubai aras\u0131nda, daha do\u011frusu Dubai i\u00e7inde pedallanacak 123 km uzunlu\u011fundaki 4. etapla sona erecek. Genel Klasman lideri d\u00fcn pedallanan Dubai - Hatta Dam aras\u0131nda 205 km uzunlu\u011fundaki\u2026","rel":"","context":"&quot;Bisiklet k\u00fclt\u00fcr\u00fc&quot; i\u00e7inde","block_context":{"text":"Bisiklet k\u00fclt\u00fcr\u00fc","link":"http:\/\/aynakol.org\/?cat=7"},"img":{"alt_text":"","src":"https:\/\/i0.wp.com\/aynakol.org\/wp-content\/uploads\/2015\/02\/Dubai_Tour_2015_stage_4_winner_Mark_cavendish.jpg?fit=960%2C960&resize=350%2C200","width":350,"height":200,"srcset":"https:\/\/i0.wp.com\/aynakol.org\/wp-content\/uploads\/2015\/02\/Dubai_Tour_2015_stage_4_winner_Mark_cavendish.jpg?fit=960%2C960&resize=350%2C200 1x, https:\/\/i0.wp.com\/aynakol.org\/wp-content\/uploads\/2015\/02\/Dubai_Tour_2015_stage_4_winner_Mark_cavendish.jpg?fit=960%2C960&resize=525%2C300 1.5x, https:\/\/i0.wp.com\/aynakol.org\/wp-content\/uploads\/2015\/02\/Dubai_Tour_2015_stage_4_winner_Mark_cavendish.jpg?fit=960%2C960&resize=700%2C400 2x"},"classes":[]},{"id":568,"url":"http:\/\/aynakol.org\/?p=568","url_meta":{"origin":603,"position":1},"title":"Dubai Tour 2015: 1. Etap Dubai \u2192 Dubai, 145 km (d\u00fcz)","author":"Ayd\u0131n Bez","date":"4 \u015eubat 2015","format":false,"excerpt":"4 g\u00fcn, toplam 660 km, \u00e7o\u011funlukla d\u00fcz, ortalamas\u0131 45 km\/s olan bir tur, kavurucu \u00e7\u00f6l s\u0131caklar\u0131 Tamam 21 g\u00fcnl\u00fck b\u00fcy\u00fck turlar kadar epik bir giri\u015f olmad\u0131 ama elimizdeki \u015fimdilik bu ve biz yine de Dubai Turunu selamlayal\u0131m! Dubai, T\u00fcrkiye, Katar, \u0130sve\u00e7, Polonya... Bu \u00fclke turlar\u0131n\u0131n ortak bir \u00f6zelli\u011fi \u00fclke ekonomisini\u2026","rel":"","context":"&quot;Bisiklet k\u00fclt\u00fcr\u00fc&quot; i\u00e7inde","block_context":{"text":"Bisiklet k\u00fclt\u00fcr\u00fc","link":"http:\/\/aynakol.org\/?cat=7"},"img":{"alt_text":"","src":"https:\/\/i0.wp.com\/aynakol.org\/wp-content\/uploads\/2015\/02\/Dubai_Tour_2015_offical_banner.jpg?fit=1200%2C626&resize=350%2C200","width":350,"height":200,"srcset":"https:\/\/i0.wp.com\/aynakol.org\/wp-content\/uploads\/2015\/02\/Dubai_Tour_2015_offical_banner.jpg?fit=1200%2C626&resize=350%2C200 1x, https:\/\/i0.wp.com\/aynakol.org\/wp-content\/uploads\/2015\/02\/Dubai_Tour_2015_offical_banner.jpg?fit=1200%2C626&resize=525%2C300 1.5x, https:\/\/i0.wp.com\/aynakol.org\/wp-content\/uploads\/2015\/02\/Dubai_Tour_2015_offical_banner.jpg?fit=1200%2C626&resize=700%2C400 2x, https:\/\/i0.wp.com\/aynakol.org\/wp-content\/uploads\/2015\/02\/Dubai_Tour_2015_offical_banner.jpg?fit=1200%2C626&resize=1050%2C600 3x"},"classes":[]},{"id":2439,"url":"http:\/\/aynakol.org\/?p=2439","url_meta":{"origin":603,"position":2},"title":"Dubai Tour 3. Etap: Dubai Marine Club \u2192 Hatta Dam, 172 km","author":"Ayd\u0131n Bez","date":"5 \u015eubat 2016","format":false,"excerpt":"Dubai Marine Club \u2192 Hatta Dam aras\u0131nda pedallanan 172 km uzunlu\u011fundaki Hatta Baraj\u0131 seti \u00fczerinde biten 3. etapta kazanan Movistar tak\u0131m\u0131n\u0131n \u0130spanyol pedal\u0131 Juan Lobato oldu. \u00a0 Hatta Baraj\u0131na kadar olan 115 km'si d\u00fcz bir profilde ge\u00e7ilen etapta s\u0131n\u0131fland\u0131r\u0131lmam\u0131\u015f t\u0131rman\u0131\u015flar s\u0131cak ve de \u00e7\u00f6l r\u00fczgarlar\u0131yla birle\u015fince\u00a0pelotonun can\u0131n\u0131 yakt\u0131 diyebiliriz. Etab\u0131n\u2026","rel":"","context":"&quot;Bisiklet k\u00fclt\u00fcr\u00fc&quot; i\u00e7inde","block_context":{"text":"Bisiklet k\u00fclt\u00fcr\u00fc","link":"http:\/\/aynakol.org\/?cat=7"},"img":{"alt_text":"","src":"https:\/\/i0.wp.com\/aynakol.org\/wp-content\/uploads\/2016\/02\/Dubai_Tour_2016_stage3_winner_Juan_Jose_Lobato.jpg?fit=670%2C498&resize=350%2C200","width":350,"height":200,"srcset":"https:\/\/i0.wp.com\/aynakol.org\/wp-content\/uploads\/2016\/02\/Dubai_Tour_2016_stage3_winner_Juan_Jose_Lobato.jpg?fit=670%2C498&resize=350%2C200 1x, https:\/\/i0.wp.com\/aynakol.org\/wp-content\/uploads\/2016\/02\/Dubai_Tour_2016_stage3_winner_Juan_Jose_Lobato.jpg?fit=670%2C498&resize=525%2C300 1.5x"},"classes":[]},{"id":585,"url":"http:\/\/aynakol.org\/?p=585","url_meta":{"origin":603,"position":3},"title":"Dubai Tour 2015: 2. Etap Dubai International Marine Club \u2192 Palm Jumeirah, 187 km (d\u00fcz)","author":"Ayd\u0131n Bez","date":"5 \u015eubat 2015","format":false,"excerpt":"D\u00fcn ge\u00e7ilen 1. etab\u0131n galibi Cavendish, tak\u0131m\u0131 ise tart\u0131\u015fmas\u0131z Etixx-Quick Step idi. Ger\u00e7i tek t\u0131rman\u0131\u015f\u0131 viyad\u00fckler olan b\u00f6ylesine d\u00fcz bir etapta Mark Cavendish el arabas\u0131yla bile birinci gelirdi... Etixx-Quick Step yar\u0131\u015f\u0131n ba\u015f\u0131ndan itibaren Cavendish'i birincili\u011fe ta\u015f\u0131mak i\u00e7in ne gerekiyorsa yapt\u0131. Mark Renshaw ve Tony Martin'e baya\u011f\u0131 i\u015f d\u00fc\u015ft\u00fc ve \u00f6d\u00fcllerini\u2026","rel":"","context":"&quot;Bisiklet k\u00fclt\u00fcr\u00fc&quot; i\u00e7inde","block_context":{"text":"Bisiklet k\u00fclt\u00fcr\u00fc","link":"http:\/\/aynakol.org\/?cat=7"},"img":{"alt_text":"","src":"https:\/\/i0.wp.com\/aynakol.org\/wp-content\/uploads\/2015\/02\/Dubai_Tour_2015_offical_banner.jpg?fit=1200%2C626&resize=350%2C200","width":350,"height":200,"srcset":"https:\/\/i0.wp.com\/aynakol.org\/wp-content\/uploads\/2015\/02\/Dubai_Tour_2015_offical_banner.jpg?fit=1200%2C626&resize=350%2C200 1x, https:\/\/i0.wp.com\/aynakol.org\/wp-content\/uploads\/2015\/02\/Dubai_Tour_2015_offical_banner.jpg?fit=1200%2C626&resize=525%2C300 1.5x, https:\/\/i0.wp.com\/aynakol.org\/wp-content\/uploads\/2015\/02\/Dubai_Tour_2015_offical_banner.jpg?fit=1200%2C626&resize=700%2C400 2x, https:\/\/i0.wp.com\/aynakol.org\/wp-content\/uploads\/2015\/02\/Dubai_Tour_2015_offical_banner.jpg?fit=1200%2C626&resize=1050%2C600 3x"},"classes":[]},{"id":4595,"url":"http:\/\/aynakol.org\/?p=4595","url_meta":{"origin":603,"position":4},"title":"G\u00fcndem De\u011ferlendirmesi: Ocak 2017","author":"Ayd\u0131n Bez","date":"4 \u015eubat 2017","format":false,"excerpt":"\u00a0 Pro Peloton k\u0131ta Avrupas\u0131n\u0131n so\u011fuklar\u0131ndan uzakta pedallamaya devam ediyor: Ge\u00e7ti\u011fimiz 10 g\u00fcn i\u00e7inde G\u00fcney Yar\u0131mk\u00fcrenin her iki ucunda iki yar\u0131\u015f pedalland\u0131: \u00a0 Tour Down Under \u00a0 Avustralyan\u0131n G\u00fcney Avustralya eyaletinin ba\u015fkenti Adelaide kentini mesken tutan, tek t\u0131rman\u0131\u015f\u0131 d\u0131\u015f\u0131nda \u00e7o\u011funlukla d\u00fcz bir profile sahip Tour Down Under Avustralyal\u0131 pedallar\u0131n hakimiyetinde\u2026","rel":"","context":"&quot;Haberler&quot; i\u00e7inde","block_context":{"text":"Haberler","link":"http:\/\/aynakol.org\/?cat=251"},"img":{"alt_text":"","src":"https:\/\/i0.wp.com\/aynakol.org\/wp-content\/uploads\/2017\/02\/074736_20170202c_25-e1486154050284.jpg?fit=1001%2C405&resize=350%2C200","width":350,"height":200,"srcset":"https:\/\/i0.wp.com\/aynakol.org\/wp-content\/uploads\/2017\/02\/074736_20170202c_25-e1486154050284.jpg?fit=1001%2C405&resize=350%2C200 1x, https:\/\/i0.wp.com\/aynakol.org\/wp-content\/uploads\/2017\/02\/074736_20170202c_25-e1486154050284.jpg?fit=1001%2C405&resize=525%2C300 1.5x, https:\/\/i0.wp.com\/aynakol.org\/wp-content\/uploads\/2017\/02\/074736_20170202c_25-e1486154050284.jpg?fit=1001%2C405&resize=700%2C400 2x"},"classes":[]},{"id":2433,"url":"http:\/\/aynakol.org\/?p=2433","url_meta":{"origin":603,"position":5},"title":"Dubai Tour 2016 2. Etap: Dubai Marine Club \u2192 Palm Jumeirah, 188 km","author":"Ayd\u0131n Bez","date":"4 \u015eubat 2016","format":false,"excerpt":"Dubai Bisiklet Turunda bug\u00fcn 2. etapta zafer Team SKY'dan Elia Viviani'nin! Dubai Marine Club \u2192 Palm Jumeirah aras\u0131nda pedallanan 188 km uzunlu\u011fundaki etap d\u00fcz, d\u00fcmd\u00fcz bir profile sahipti. Dubai Marina Kul\u00fcb\u00fcnden ba\u015flayan etap \u00e7\u00f6l i\u00e7ine do\u011fru devam edip tekrar \u015fehrin i\u00e7inde, Atlantis otel \u00f6n\u00fcnde sona erdi. Geni\u015f yollarda y\u0131\u011f\u0131\u015fmalar olunca\u2026","rel":"","context":"&quot;Bisiklet k\u00fclt\u00fcr\u00fc&quot; i\u00e7inde","block_context":{"text":"Bisiklet k\u00fclt\u00fcr\u00fc","link":"http:\/\/aynakol.org\/?cat=7"},"img":{"alt_text":"","src":"https:\/\/i0.wp.com\/aynakol.org\/wp-content\/uploads\/2016\/02\/Dubai_Tour_2016_stage2_sprint_finish.jpg?fit=670%2C385&resize=350%2C200","width":350,"height":200,"srcset":"https:\/\/i0.wp.com\/aynakol.org\/wp-content\/uploads\/2016\/02\/Dubai_Tour_2016_stage2_sprint_finish.jpg?fit=670%2C385&resize=350%2C200 1x, https:\/\/i0.wp.com\/aynakol.org\/wp-content\/uploads\/2016\/02\/Dubai_Tour_2016_stage2_sprint_finish.jpg?fit=670%2C385&resize=525%2C300 1.5x"},"classes":[]}],"_links":{"self":[{"href":"http:\/\/aynakol.org\/index.php?rest_route=\/wp\/v2\/posts\/603","targetHints":{"allow":["GET"]}}],"collection":[{"href":"http:\/\/aynakol.org\/index.php?rest_route=\/wp\/v2\/posts"}],"about":[{"href":"http:\/\/aynakol.org\/index.php?rest_route=\/wp\/v2\/types\/post"}],"author":[{"embeddable":true,"href":"http:\/\/aynakol.org\/index.php?rest_route=\/wp\/v2\/users\/1"}],"replies":[{"embeddable":true,"href":"http:\/\/aynakol.org\/index.php?rest_route=%2Fwp%2Fv2%2Fcomments&post=603"}],"version-history":[{"count":6,"href":"http:\/\/aynakol.org\/index.php?rest_route=\/wp\/v2\/posts\/603\/revisions"}],"predecessor-version":[{"id":624,"href":"http:\/\/aynakol.org\/index.php?rest_route=\/wp\/v2\/posts\/603\/revisions\/624"}],"wp:featuredmedia":[{"embeddable":true,"href":"http:\/\/aynakol.org\/index.php?rest_route=\/wp\/v2\/media\/574"}],"wp:attachment":[{"href":"http:\/\/aynakol.org\/index.php?rest_route=%2Fwp%2Fv2%2Fmedia&parent=603"}],"wp:term":[{"taxonomy":"category","embeddable":true,"href":"http:\/\/aynakol.org\/index.php?rest_route=%2Fwp%2Fv2%2Fcategories&post=603"},{"taxonomy":"post_tag","embeddable":true,"href":"http:\/\/aynakol.org\/index.php?rest_route=%2Fwp%2Fv2%2Ftags&post=603"}],"curies":[{"name":"wp","href":"https:\/\/api.w.org\/{rel}","templated":true}]}}