{"id":7992,"date":"2023-07-23T14:03:21","date_gmt":"2023-07-23T11:03:21","guid":{"rendered":"http:\/\/aynakol.org\/?p=7992"},"modified":"2023-07-25T11:45:55","modified_gmt":"2023-07-25T08:45:55","slug":"tdff2023-1-etap","status":"publish","type":"post","link":"http:\/\/aynakol.org\/?p=7992","title":{"rendered":"Tour de France Femmes 2023 1. Etap: Clermont-Ferrand \u203a Clermont-Ferrand, 124 km"},"content":{"rendered":"<p><span style=\"font-size:12pt; font-family:georgia,palatino,serif;\">Erkekler i\u00e7in Le Tour de France bug\u00fcn sona ererken kad\u0131nlar i\u00e7in Tour de France Femmes bug\u00fcn ba\u015fl\u0131yor.<\/span><\/p>\n<div id=\"attachment_8004\" style=\"width: 870px\" class=\"wp-caption aligncenter\"><img data-recalc-dims=\"1\" loading=\"lazy\" decoding=\"async\" aria-describedby=\"caption-attachment-8004\" data-attachment-id=\"8004\" data-permalink=\"http:\/\/aynakol.org\/?attachment_id=8004\" data-orig-file=\"https:\/\/i0.wp.com\/aynakol.org\/wp-content\/uploads\/2023\/07\/femmes2023_main_poster.jpeg?fit=1200%2C800\" data-orig-size=\"1200,800\" data-comments-opened=\"1\" data-image-meta=\"{&quot;aperture&quot;:&quot;0&quot;,&quot;credit&quot;:&quot;&quot;,&quot;camera&quot;:&quot;&quot;,&quot;caption&quot;:&quot;&quot;,&quot;created_timestamp&quot;:&quot;0&quot;,&quot;copyright&quot;:&quot;&quot;,&quot;focal_length&quot;:&quot;0&quot;,&quot;iso&quot;:&quot;0&quot;,&quot;shutter_speed&quot;:&quot;0&quot;,&quot;title&quot;:&quot;&quot;,&quot;orientation&quot;:&quot;0&quot;}\" data-image-title=\"femmes2023_main_poster\" data-image-description=\"\" data-image-caption=\"\" data-large-file=\"https:\/\/i0.wp.com\/aynakol.org\/wp-content\/uploads\/2023\/07\/femmes2023_main_poster.jpeg?fit=860%2C574\" class=\"wp-image-8004 size-large\" src=\"https:\/\/i0.wp.com\/aynakol.org\/wp-content\/uploads\/2023\/07\/femmes2023_main_poster.jpeg?resize=860%2C574\" alt=\"\" width=\"860\" height=\"574\" srcset=\"https:\/\/i0.wp.com\/aynakol.org\/wp-content\/uploads\/2023\/07\/femmes2023_main_poster.jpeg?resize=1024%2C683 1024w, https:\/\/i0.wp.com\/aynakol.org\/wp-content\/uploads\/2023\/07\/femmes2023_main_poster.jpeg?resize=300%2C200 300w, https:\/\/i0.wp.com\/aynakol.org\/wp-content\/uploads\/2023\/07\/femmes2023_main_poster.jpeg?resize=768%2C512 768w, https:\/\/i0.wp.com\/aynakol.org\/wp-content\/uploads\/2023\/07\/femmes2023_main_poster.jpeg?w=1200 1200w\" sizes=\"auto, (max-width: 860px) 100vw, 860px\" \/><p id=\"caption-attachment-8004\" class=\"wp-caption-text\">Daimi ve son \u015fampiyon Annemiek van Vleuten, ge\u00e7en senenin ikincisi ve da\u011flar\u0131n kral\u0131 lideri Demi Vollering, hi\u00e7bir zaman pes etmeyen efsnevi \u015fampiyon Marianne Vos<\/p><\/div>\n<p><span style=\"font-size:12pt; font-family:georgia,palatino,serif;\">Bisiklet spor ve k\u00fclt\u00fcr\u00fcn\u00fcn her alan\u0131nda kad\u0131nlar\u0131n da oldu\u011fu ger\u00e7e\u011finin bayra\u011f\u0131n\u0131 \u00f6nce La Vuelta Femenina, devrisi Giro Donne ve \u015fimdide Le Tour de France Femmes devral\u0131yor<\/span>!<\/p>\n<p><span style=\"font-size:12pt; font-family:georgia,palatino,serif;\">22 tak\u0131m, 154 pedal, 8 etap, 960 km ve Maillot Jaune Femme! <\/span><span style=\"font-size:12pt; font-family:georgia,palatino,serif;\">4 d\u00fcz, 2 dalgal\u0131, biri zirve biti\u015fi, bir de zamana kar\u015f\u0131 toplam 960 km, 8 etaptan olu\u015fan Tour de France Femmes, Massif Central b\u00f6lgesinden pedallamaya ba\u015flay\u0131p G\u00fcneye Giderken \u015fark\u0131s\u0131 e\u015fli\u011finde Pirenelerde son bulacak.<\/span><\/p>\n<div id=\"attachment_8005\" style=\"width: 870px\" class=\"wp-caption aligncenter\"><img data-recalc-dims=\"1\" loading=\"lazy\" decoding=\"async\" aria-describedby=\"caption-attachment-8005\" data-attachment-id=\"8005\" data-permalink=\"http:\/\/aynakol.org\/?attachment_id=8005\" data-orig-file=\"https:\/\/i0.wp.com\/aynakol.org\/wp-content\/uploads\/2023\/07\/femmes2023_main_route.jpeg?fit=1140%2C855\" data-orig-size=\"1140,855\" data-comments-opened=\"1\" data-image-meta=\"{&quot;aperture&quot;:&quot;0&quot;,&quot;credit&quot;:&quot;&quot;,&quot;camera&quot;:&quot;&quot;,&quot;caption&quot;:&quot;&quot;,&quot;created_timestamp&quot;:&quot;0&quot;,&quot;copyright&quot;:&quot;&quot;,&quot;focal_length&quot;:&quot;0&quot;,&quot;iso&quot;:&quot;0&quot;,&quot;shutter_speed&quot;:&quot;0&quot;,&quot;title&quot;:&quot;&quot;,&quot;orientation&quot;:&quot;0&quot;}\" data-image-title=\"femmes2023_main_route\" data-image-description=\"\" data-image-caption=\"\" data-large-file=\"https:\/\/i0.wp.com\/aynakol.org\/wp-content\/uploads\/2023\/07\/femmes2023_main_route.jpeg?fit=860%2C645\" class=\"wp-image-8005 size-large\" src=\"https:\/\/i0.wp.com\/aynakol.org\/wp-content\/uploads\/2023\/07\/femmes2023_main_route.jpeg?resize=860%2C645\" alt=\"\" width=\"860\" height=\"645\" srcset=\"https:\/\/i0.wp.com\/aynakol.org\/wp-content\/uploads\/2023\/07\/femmes2023_main_route.jpeg?resize=1024%2C768 1024w, https:\/\/i0.wp.com\/aynakol.org\/wp-content\/uploads\/2023\/07\/femmes2023_main_route.jpeg?resize=300%2C225 300w, https:\/\/i0.wp.com\/aynakol.org\/wp-content\/uploads\/2023\/07\/femmes2023_main_route.jpeg?resize=768%2C576 768w, https:\/\/i0.wp.com\/aynakol.org\/wp-content\/uploads\/2023\/07\/femmes2023_main_route.jpeg?w=1140 1140w\" sizes=\"auto, (max-width: 860px) 100vw, 860px\" \/><p id=\"caption-attachment-8005\" class=\"wp-caption-text\">Le Tour de France 2023 bu seneG\u00fcneyden gelip \u00fclkenin ortas\u0131n\u0131 boylu boyunca ge\u00e7ip Parise ula\u015f\u0131rken, Femmes tam tersini yap\u0131yor: Yolculuk Massif Central b\u00f6lgesinden Pirenelere do\u011fru!<\/p><\/div>\n<p><span style=\"font-size:14pt; font-family:georgia,palatino,serif;\"><strong>Bug\u00fcnk\u00fc etaba gelirsek<\/strong> <\/span><br \/>\n<span style=\"font-size:12pt; font-family:georgia,palatino,serif;\">Puy-de-D\u00f4me departman\u0131n\u0131n ba\u015fkenti Clermont-Ferranddan yola \u00e7\u0131kan Grand Depart, kad\u0131nlar\u0131n da bu sporun ana \u00f6\u011fesi oldu\u011funu vurgulayarak \u015fehir etraf\u0131nda dalgal\u0131 bir profili takip ederek adeta zafer turu atacak.<\/span><\/p>\n<div id=\"attachment_7993\" style=\"width: 970px\" class=\"wp-caption aligncenter\"><img data-recalc-dims=\"1\" loading=\"lazy\" decoding=\"async\" aria-describedby=\"caption-attachment-7993\" data-attachment-id=\"7993\" data-permalink=\"http:\/\/aynakol.org\/?attachment_id=7993\" data-orig-file=\"https:\/\/i0.wp.com\/aynakol.org\/wp-content\/uploads\/2023\/07\/femmes2023_stage1.jpeg?fit=960%2C576\" data-orig-size=\"960,576\" data-comments-opened=\"1\" data-image-meta=\"{&quot;aperture&quot;:&quot;0&quot;,&quot;credit&quot;:&quot;&quot;,&quot;camera&quot;:&quot;&quot;,&quot;caption&quot;:&quot;&quot;,&quot;created_timestamp&quot;:&quot;0&quot;,&quot;copyright&quot;:&quot;&quot;,&quot;focal_length&quot;:&quot;0&quot;,&quot;iso&quot;:&quot;0&quot;,&quot;shutter_speed&quot;:&quot;0&quot;,&quot;title&quot;:&quot;&quot;,&quot;orientation&quot;:&quot;0&quot;}\" data-image-title=\"femmes2023_stage1\" data-image-description=\"\" data-image-caption=\"\" data-large-file=\"https:\/\/i0.wp.com\/aynakol.org\/wp-content\/uploads\/2023\/07\/femmes2023_stage1.jpeg?fit=860%2C516\" class=\"wp-image-7993 size-full\" src=\"https:\/\/i0.wp.com\/aynakol.org\/wp-content\/uploads\/2023\/07\/femmes2023_stage1.jpeg?resize=860%2C516\" alt=\"\" width=\"860\" height=\"516\" srcset=\"https:\/\/i0.wp.com\/aynakol.org\/wp-content\/uploads\/2023\/07\/femmes2023_stage1.jpeg?w=960 960w, https:\/\/i0.wp.com\/aynakol.org\/wp-content\/uploads\/2023\/07\/femmes2023_stage1.jpeg?resize=300%2C180 300w, https:\/\/i0.wp.com\/aynakol.org\/wp-content\/uploads\/2023\/07\/femmes2023_stage1.jpeg?resize=768%2C461 768w\" sizes=\"auto, (max-width: 860px) 100vw, 860px\" \/><p id=\"caption-attachment-7993\" class=\"wp-caption-text\">Tour de France Femmes 2023, 1. Etap profili a\u00e7\u0131l\u0131\u015f etaplar\u0131na yak\u0131\u015f\u0131r d\u00fczl\u00fckte.<\/p><\/div>\n<p><span style=\"font-size:12pt; font-family:georgia,palatino,serif;\">123,8 km uzunlu\u011fundaki etab\u0131n tamam\u0131 d\u00fcz diyebiliriz; son 10 km i\u00e7inde Cote de Durtol t\u0131rman\u0131\u015f\u0131 var ki, geride b\u0131rak\u0131lan 110 km&#8217;nin temposuyla peloton buray\u0131 tam gaz ge\u00e7ip biti\u015f d\u00fczl\u00fc\u011f\u00fcnde Grand Departa yak\u0131\u015f\u0131r bir sprint m\u00fccadelesi izletecektir. <\/span><\/p>\n<p><img data-recalc-dims=\"1\" loading=\"lazy\" decoding=\"async\" data-attachment-id=\"8002\" data-permalink=\"http:\/\/aynakol.org\/?attachment_id=8002\" data-orig-file=\"https:\/\/i0.wp.com\/aynakol.org\/wp-content\/uploads\/2023\/07\/femmes2023_annemik_van_vluten.jpeg?fit=1000%2C667\" data-orig-size=\"1000,667\" data-comments-opened=\"1\" data-image-meta=\"{&quot;aperture&quot;:&quot;0&quot;,&quot;credit&quot;:&quot;&quot;,&quot;camera&quot;:&quot;&quot;,&quot;caption&quot;:&quot;&quot;,&quot;created_timestamp&quot;:&quot;0&quot;,&quot;copyright&quot;:&quot;&quot;,&quot;focal_length&quot;:&quot;0&quot;,&quot;iso&quot;:&quot;0&quot;,&quot;shutter_speed&quot;:&quot;0&quot;,&quot;title&quot;:&quot;&quot;,&quot;orientation&quot;:&quot;0&quot;}\" data-image-title=\"femmes2023_annemik_van_vluten\" data-image-description=\"\" data-image-caption=\"\" data-large-file=\"https:\/\/i0.wp.com\/aynakol.org\/wp-content\/uploads\/2023\/07\/femmes2023_annemik_van_vluten.jpeg?fit=860%2C574\" class=\"aligncenter size-full wp-image-8002\" src=\"https:\/\/i0.wp.com\/aynakol.org\/wp-content\/uploads\/2023\/07\/femmes2023_annemik_van_vluten.jpeg?resize=860%2C574\" alt=\"\" width=\"860\" height=\"574\" srcset=\"https:\/\/i0.wp.com\/aynakol.org\/wp-content\/uploads\/2023\/07\/femmes2023_annemik_van_vluten.jpeg?w=1000 1000w, https:\/\/i0.wp.com\/aynakol.org\/wp-content\/uploads\/2023\/07\/femmes2023_annemik_van_vluten.jpeg?resize=300%2C200 300w, https:\/\/i0.wp.com\/aynakol.org\/wp-content\/uploads\/2023\/07\/femmes2023_annemik_van_vluten.jpeg?resize=768%2C512 768w\" sizes=\"auto, (max-width: 860px) 100vw, 860px\" \/><br \/>\n<span style=\"font-size:12pt; font-family:georgia,palatino,serif;\">Ge\u00e7ti\u011fimiz sene ne kadar podyum varsa parselleyen Annemiek van Vleuten herkesi \u015fa\u015fk\u0131nl\u0131k i\u00e7inde b\u0131rakarak \u00f6nce Giro Donne, pe\u015finden Femmes du Tour ve yetmez ama ger\u00e7ek diyerek La Vuelta Feminina kazanarak \u00fc\u00e7te \u00fc\u00e7 yapm\u0131\u015f, \u00fczerine de d\u00fcnya \u015fampiyonlu\u011funu kazanm\u0131\u015ft\u0131. Bu sene de de\u011fi\u015fen pek bir \u015fey yok gibi: Takvimdeki yeri de\u011fi\u015fen La Vuelta Feminina ve Giro Donneyi kazan\u0131p Femmes du Tour da pedallayacak Annemiek van Vleuten, di\u011fer herkesin \u00f6n\u00fcnde favori.<\/span><\/p>\n","protected":false},"excerpt":{"rendered":"<p>Erkekler i\u00e7in Le Tour de France bug\u00fcn sona ererken kad\u0131nlar i\u00e7in Tour de France Femmes bug\u00fcn ba\u015fl\u0131yor. Bisiklet spor ve k\u00fclt\u00fcr\u00fcn\u00fcn her alan\u0131nda kad\u0131nlar\u0131n da [&#8230;]<\/p>\n","protected":false},"author":1,"featured_media":8001,"comment_status":"open","ping_status":"open","sticky":false,"template":"","format":"standard","meta":{"jetpack_post_was_ever_published":false,"_jetpack_newsletter_access":"","_jetpack_dont_email_post_to_subs":false,"_jetpack_newsletter_tier_id":0,"_jetpack_memberships_contains_paywalled_content":false,"_jetpack_memberships_contains_paid_content":false,"footnotes":"","jetpack_publicize_message":"","jetpack_publicize_feature_enabled":true,"jetpack_social_post_already_shared":true,"jetpack_social_options":{"image_generator_settings":{"template":"highway","default_image_id":0,"font":"","enabled":false},"version":2}},"categories":[1548],"tags":[1552,1551,1553,1550,1549],"class_list":["post-7992","post","type-post","status-publish","format-standard","has-post-thumbnail","hentry","category-tour-de-france-femmes","tag-femmes","tag-femmes-du-tour","tag-tdff2023","tag-tour-de-france-femmes","tag-tour-de-france-femmes-2023"],"jetpack_publicize_connections":[],"jetpack_featured_media_url":"https:\/\/i0.wp.com\/aynakol.org\/wp-content\/uploads\/2023\/07\/femmes2023_stage1_star_photo-e1690109065812.jpeg?fit=1024%2C453","jetpack_sharing_enabled":true,"jetpack_shortlink":"https:\/\/wp.me\/p51p4O-24U","jetpack_likes_enabled":true,"jetpack-related-posts":[{"id":8083,"url":"http:\/\/aynakol.org\/?p=8083","url_meta":{"origin":7992,"position":0},"title":"Tour de France Femmes 2023 2. Etap: Clermont-Ferrand > Mauriac, 151,7 km","author":"Ayd\u0131n Bez","date":"24 Temmuz 2023","format":false,"excerpt":"D\u00fcnk\u00fc etapta neler olmu\u015ftu? \u00a0 Toplu sprint m\u00fccadelesine beklerken herkesi \u015fa\u015f\u0131rtan Lotte Kopecky, solo atak ile zafere pedallay\u0131p ilk g\u00fcnden Sar\u0131 Mayoyu s\u0131rt\u0131na ge\u00e7irdi. \u00a0 La Flamme Rouge \u00a0 T\u00fcm peloton g\u00fcn\u00fcn son t\u0131rman\u0131\u015f\u0131 Cote du Durtol neredeyse geride kal\u0131rken son 200 metrede kar\u015f\u0131 atak yap\u0131p liderli\u011fi ele ge\u00e7irdi. \u0130ni\u015fte\u2026","rel":"","context":"&quot;Tour de France Femmes&quot; i\u00e7inde","block_context":{"text":"Tour de France Femmes","link":"http:\/\/aynakol.org\/?cat=1548"},"img":{"alt_text":"","src":"https:\/\/i0.wp.com\/aynakol.org\/wp-content\/uploads\/2023\/07\/femmes2023_stage1_peloton.jpeg?fit=1000%2C667&resize=350%2C200","width":350,"height":200,"srcset":"https:\/\/i0.wp.com\/aynakol.org\/wp-content\/uploads\/2023\/07\/femmes2023_stage1_peloton.jpeg?fit=1000%2C667&resize=350%2C200 1x, https:\/\/i0.wp.com\/aynakol.org\/wp-content\/uploads\/2023\/07\/femmes2023_stage1_peloton.jpeg?fit=1000%2C667&resize=525%2C300 1.5x, https:\/\/i0.wp.com\/aynakol.org\/wp-content\/uploads\/2023\/07\/femmes2023_stage1_peloton.jpeg?fit=1000%2C667&resize=700%2C400 2x"},"classes":[]},{"id":8129,"url":"http:\/\/aynakol.org\/?p=8129","url_meta":{"origin":7992,"position":1},"title":"Tour de France Femmes 2023 5. Etap: Onet-le-Ch\u00e2teau > Albi, 126,1 km","author":"Ayd\u0131n Bez","date":"27 Temmuz 2023","format":false,"excerpt":"D\u00fcnk\u00fc Etapta Neler Olmu\u015ftu? 177,5 km ile turun en uzun etab\u0131nda tek ki\u015filik ka\u00e7\u0131\u015f\u0131n\u0131 zaferle ta\u00e7land\u0131ran isim Yara Kastelijn! Biti\u015f \u00e7izgisine 19 km kala genel klasman favorilerinin etab\u0131 toplu sprinte ta\u015f\u0131ma iste\u011fini iyi okuyan Yara Kastelijn bulundu\u011fu grup i\u00e7inden kendisine etab\u0131 kazand\u0131racak ata\u011f\u0131 yapt\u0131.\u00a0 \u00a0 La Flamme Rouge \u00a0 Peloton\u2026","rel":"","context":"&quot;Tour de France Femmes&quot; i\u00e7inde","block_context":{"text":"Tour de France Femmes","link":"http:\/\/aynakol.org\/?cat=1548"},"img":{"alt_text":"","src":"https:\/\/i0.wp.com\/aynakol.org\/wp-content\/uploads\/2023\/07\/femmes2023_stage4_peloton_3-e1690405127376.jpeg?fit=1000%2C312&resize=350%2C200","width":350,"height":200,"srcset":"https:\/\/i0.wp.com\/aynakol.org\/wp-content\/uploads\/2023\/07\/femmes2023_stage4_peloton_3-e1690405127376.jpeg?fit=1000%2C312&resize=350%2C200 1x, https:\/\/i0.wp.com\/aynakol.org\/wp-content\/uploads\/2023\/07\/femmes2023_stage4_peloton_3-e1690405127376.jpeg?fit=1000%2C312&resize=525%2C300 1.5x, https:\/\/i0.wp.com\/aynakol.org\/wp-content\/uploads\/2023\/07\/femmes2023_stage4_peloton_3-e1690405127376.jpeg?fit=1000%2C312&resize=700%2C400 2x"},"classes":[]},{"id":8101,"url":"http:\/\/aynakol.org\/?p=8101","url_meta":{"origin":7992,"position":2},"title":"Tour de France Femmes 2023 3. Etap: Collonges-la-Rouge > Montignac-Lascaux, 147,2 km","author":"Ayd\u0131n Bez","date":"25 Temmuz 2023","format":false,"excerpt":"D\u00fcnk\u00fc Etapta Neler Olmu\u015ftu? S\u00fcrek av\u0131 misali ka\u00e7\u0131\u015f grubunun engebeli profilde kovalan\u0131p yakaland\u0131\u011f\u0131 151,7 km uzunlu\u011fundaki 2. etapta kazanan isim Liane Lippert! \u00a0 \u00a0 La Flamme Rouge \u00a0 Movistar tak\u0131m\u0131n\u0131n 25 ya\u015f\u0131ndaki Alman pedal\u0131, tak\u0131m lideri Annemiek van Vleuteni aratmayacak \u015fekilde SD Worx Protime tak\u0131m\u0131n\u0131n iki g\u00fc\u00e7l\u00fc pedal\u0131 \u00f6n\u00fcnde, Lotte\u2026","rel":"","context":"&quot;Tour de France Femmes&quot; i\u00e7inde","block_context":{"text":"Tour de France Femmes","link":"http:\/\/aynakol.org\/?cat=1548"},"img":{"alt_text":"","src":"https:\/\/i0.wp.com\/aynakol.org\/wp-content\/uploads\/2023\/07\/femmes2023_stage2_peloton_1.jpeg?fit=1000%2C666&resize=350%2C200","width":350,"height":200,"srcset":"https:\/\/i0.wp.com\/aynakol.org\/wp-content\/uploads\/2023\/07\/femmes2023_stage2_peloton_1.jpeg?fit=1000%2C666&resize=350%2C200 1x, https:\/\/i0.wp.com\/aynakol.org\/wp-content\/uploads\/2023\/07\/femmes2023_stage2_peloton_1.jpeg?fit=1000%2C666&resize=525%2C300 1.5x, https:\/\/i0.wp.com\/aynakol.org\/wp-content\/uploads\/2023\/07\/femmes2023_stage2_peloton_1.jpeg?fit=1000%2C666&resize=700%2C400 2x"},"classes":[]},{"id":8117,"url":"http:\/\/aynakol.org\/?p=8117","url_meta":{"origin":7992,"position":3},"title":"Tour de France Femmes 2023, 4. Etap: Cahors > Rodez, 177,5 km","author":"Ayd\u0131n Bez","date":"26 Temmuz 2023","format":false,"excerpt":"D\u00fcnk\u00fc Etapta Neler Olmu\u015ftu? 147.2 km uzunlu\u011fundaki 3. Etab\u0131n sonunda ka\u00e7\u0131\u015f destan\u0131 yerine dram\u0131 izledik: Etab\u0131n sonundaki 200 metrelik fazlal\u0131k Julie van de Veldeyi zaferden etti! \u00a0 \u00a0 3. Etap, toplu sprinte a\u00e7\u0131k olsa da ka\u011f\u0131t \u00fczerinde ka\u00e7\u0131\u015f\u0131n zaferi i\u00e7in uygun \u015fartlar\u0131 da ta\u015f\u0131yordu. 58 km kala pelotondan ka\u00e7an Julie\u2026","rel":"","context":"&quot;Tour de France Femmes&quot; i\u00e7inde","block_context":{"text":"Tour de France Femmes","link":"http:\/\/aynakol.org\/?cat=1548"},"img":{"alt_text":"","src":"https:\/\/i0.wp.com\/aynakol.org\/wp-content\/uploads\/2023\/07\/femmes2023_stage3_peloton_1-e1690353051905.jpeg?fit=1000%2C555&resize=350%2C200","width":350,"height":200,"srcset":"https:\/\/i0.wp.com\/aynakol.org\/wp-content\/uploads\/2023\/07\/femmes2023_stage3_peloton_1-e1690353051905.jpeg?fit=1000%2C555&resize=350%2C200 1x, https:\/\/i0.wp.com\/aynakol.org\/wp-content\/uploads\/2023\/07\/femmes2023_stage3_peloton_1-e1690353051905.jpeg?fit=1000%2C555&resize=525%2C300 1.5x, https:\/\/i0.wp.com\/aynakol.org\/wp-content\/uploads\/2023\/07\/femmes2023_stage3_peloton_1-e1690353051905.jpeg?fit=1000%2C555&resize=700%2C400 2x"},"classes":[]},{"id":8191,"url":"http:\/\/aynakol.org\/?p=8191","url_meta":{"origin":7992,"position":4},"title":"Tour de France Femmes 2023 8. Etap: Pau > Pau, 22,6 km (ITT)","author":"Ayd\u0131n Bez","date":"30 Temmuz 2023","format":false,"excerpt":"D\u00fcnk\u00fc Etapta Neler Olmu\u015ftu? Krali\u00e7e etapta, zorlu Tourmalet zirvesinde sisler bulvar\u0131n\u0131 parampar\u00e7a ederek zafere pedallayan isim Demi Vollering! \u00a0 La Flamme Rouge \u00a0 Kariyerindeki tek eksik Tour de France Femmes etap zaferi olan SD Worx - Protime tak\u0131m\u0131n\u0131n 26 ya\u015f\u0131ndaki Hollandal\u0131 pedal\u0131 bu eksikli\u011fi Sar\u0131 Mayoyu s\u0131rt\u0131na ge\u00e7irerek tamamlad\u0131. \u00a0\u2026","rel":"","context":"&quot;Tour de France Femmes&quot; i\u00e7inde","block_context":{"text":"Tour de France Femmes","link":"http:\/\/aynakol.org\/?cat=1548"},"img":{"alt_text":"","src":"https:\/\/i0.wp.com\/aynakol.org\/wp-content\/uploads\/2023\/07\/femmes2023_stage7_peloton_1.jpeg?fit=1000%2C667&resize=350%2C200","width":350,"height":200,"srcset":"https:\/\/i0.wp.com\/aynakol.org\/wp-content\/uploads\/2023\/07\/femmes2023_stage7_peloton_1.jpeg?fit=1000%2C667&resize=350%2C200 1x, https:\/\/i0.wp.com\/aynakol.org\/wp-content\/uploads\/2023\/07\/femmes2023_stage7_peloton_1.jpeg?fit=1000%2C667&resize=525%2C300 1.5x, https:\/\/i0.wp.com\/aynakol.org\/wp-content\/uploads\/2023\/07\/femmes2023_stage7_peloton_1.jpeg?fit=1000%2C667&resize=700%2C400 2x"},"classes":[]},{"id":8142,"url":"http:\/\/aynakol.org\/?p=8142","url_meta":{"origin":7992,"position":5},"title":"Tour de France Femmes 2023 6. Etap: Albi > Blagnac, 122,1 km","author":"Ayd\u0131n Bez","date":"28 Temmuz 2023","format":false,"excerpt":"D\u00fcnk\u00fc Etapta Neler Olmu\u015ftu? Toplu Sprint duvar\u0131n\u0131 \u0131\u015f\u0131k h\u0131z\u0131yla delip tek ki\u015filik ka\u00e7\u0131\u015f\u0131n\u0131 zaferle ta\u00e7land\u0131ran isim Ricarda Bauernfeind! \u00a0 \u00a0 La Flamme Rouge https:\/\/dai.ly\/x8mtsi1 Canyon \/\/ SRAM Racing tak\u0131m\u0131n\u0131n 23 ya\u015f\u0131ndaki Alman pedal\u0131n\u0131n Ricarda Bauernfeind, kariyerindeki ilk zafer! \u00dcstelik, Le Tour da! Pelotonun uyuyakald\u0131\u011f\u0131 zirvesinde bonus sanyelerin yer ald\u0131\u011f\u0131 Castelfadeze\u2026","rel":"","context":"&quot;Tour de France Femmes&quot; i\u00e7inde","block_context":{"text":"Tour de France Femmes","link":"http:\/\/aynakol.org\/?cat=1548"},"img":{"alt_text":"","src":"https:\/\/i0.wp.com\/aynakol.org\/wp-content\/uploads\/2023\/07\/femmes2023_stage5_peloton_1-e1690544068339.jpeg?fit=1000%2C475&resize=350%2C200","width":350,"height":200,"srcset":"https:\/\/i0.wp.com\/aynakol.org\/wp-content\/uploads\/2023\/07\/femmes2023_stage5_peloton_1-e1690544068339.jpeg?fit=1000%2C475&resize=350%2C200 1x, https:\/\/i0.wp.com\/aynakol.org\/wp-content\/uploads\/2023\/07\/femmes2023_stage5_peloton_1-e1690544068339.jpeg?fit=1000%2C475&resize=525%2C300 1.5x, https:\/\/i0.wp.com\/aynakol.org\/wp-content\/uploads\/2023\/07\/femmes2023_stage5_peloton_1-e1690544068339.jpeg?fit=1000%2C475&resize=700%2C400 2x"},"classes":[]}],"_links":{"self":[{"href":"http:\/\/aynakol.org\/index.php?rest_route=\/wp\/v2\/posts\/7992","targetHints":{"allow":["GET"]}}],"collection":[{"href":"http:\/\/aynakol.org\/index.php?rest_route=\/wp\/v2\/posts"}],"about":[{"href":"http:\/\/aynakol.org\/index.php?rest_route=\/wp\/v2\/types\/post"}],"author":[{"embeddable":true,"href":"http:\/\/aynakol.org\/index.php?rest_route=\/wp\/v2\/users\/1"}],"replies":[{"embeddable":true,"href":"http:\/\/aynakol.org\/index.php?rest_route=%2Fwp%2Fv2%2Fcomments&post=7992"}],"version-history":[{"count":6,"href":"http:\/\/aynakol.org\/index.php?rest_route=\/wp\/v2\/posts\/7992\/revisions"}],"predecessor-version":[{"id":8109,"href":"http:\/\/aynakol.org\/index.php?rest_route=\/wp\/v2\/posts\/7992\/revisions\/8109"}],"wp:featuredmedia":[{"embeddable":true,"href":"http:\/\/aynakol.org\/index.php?rest_route=\/wp\/v2\/media\/8001"}],"wp:attachment":[{"href":"http:\/\/aynakol.org\/index.php?rest_route=%2Fwp%2Fv2%2Fmedia&parent=7992"}],"wp:term":[{"taxonomy":"category","embeddable":true,"href":"http:\/\/aynakol.org\/index.php?rest_route=%2Fwp%2Fv2%2Fcategories&post=7992"},{"taxonomy":"post_tag","embeddable":true,"href":"http:\/\/aynakol.org\/index.php?rest_route=%2Fwp%2Fv2%2Ftags&post=7992"}],"curies":[{"name":"wp","href":"https:\/\/api.w.org\/{rel}","templated":true}]}}