{"id":8225,"date":"2023-08-25T16:18:36","date_gmt":"2023-08-25T13:18:36","guid":{"rendered":"http:\/\/aynakol.org\/?p=8225"},"modified":"2023-08-25T16:57:02","modified_gmt":"2023-08-25T13:57:02","slug":"la-vuelta-ciclista-a-espana-2023-on-incelemesi","status":"publish","type":"post","link":"http:\/\/aynakol.org\/?p=8225","title":{"rendered":"La Vuelta Ciclista a Espa\u00f1a 2023 \u00f6n incelemesi"},"content":{"rendered":"<p><span style=\"font-size: 12pt; font-family: georgia, palatino, serif;\">Ge\u00e7en ay Bask B\u00f6lgesinden ba\u015flayan Tour de France inat, Katalan topraklar\u0131nday\u0131z! \u0130ber Yar\u0131madas\u0131 bu sene b\u00fcy\u00fck turlar\u0131n g\u00f6zdesi oldu desek yeridir. <\/span><\/p>\n<p><span style=\"font-size: 12pt; font-family: georgia, palatino, serif;\">Katalonyan\u0131n ba\u015fkenti Barselonadan ba\u015flay\u0131p 3157 km sonunda \u0130ber Yar\u0131madas\u0131n\u0131 bir s\u00fcnnet ku\u015fa\u011f\u0131 misali boydan boya dolan\u0131p Madrid de sona erecek tam ad\u0131 ile La Vuelta Ciclista a Espa\u00f1a, bu sene 78. kez pedallanacak. <\/span><\/p>\n<p>&nbsp;<\/p>\n<p><img data-recalc-dims=\"1\" loading=\"lazy\" decoding=\"async\" data-attachment-id=\"8227\" data-permalink=\"http:\/\/aynakol.org\/?attachment_id=8227\" data-orig-file=\"https:\/\/i0.wp.com\/aynakol.org\/wp-content\/uploads\/2023\/08\/vuelta2023_route_0.jpg?fit=1200%2C1500\" data-orig-size=\"1200,1500\" data-comments-opened=\"1\" data-image-meta=\"{&quot;aperture&quot;:&quot;0&quot;,&quot;credit&quot;:&quot;&quot;,&quot;camera&quot;:&quot;&quot;,&quot;caption&quot;:&quot;&quot;,&quot;created_timestamp&quot;:&quot;0&quot;,&quot;copyright&quot;:&quot;&quot;,&quot;focal_length&quot;:&quot;0&quot;,&quot;iso&quot;:&quot;0&quot;,&quot;shutter_speed&quot;:&quot;0&quot;,&quot;title&quot;:&quot;&quot;,&quot;orientation&quot;:&quot;0&quot;}\" data-image-title=\"vuelta2023_route_0\" data-image-description=\"&lt;p&gt;La Vuelta Ciclista a Espana 2023 rotas\u0131: G\u00fcney bat\u0131y\u0131 pas ge\u00e7, kuzeye yo\u011funla\u015f.&lt;\/p&gt;\n\" data-image-caption=\"\" data-large-file=\"https:\/\/i0.wp.com\/aynakol.org\/wp-content\/uploads\/2023\/08\/vuelta2023_route_0.jpg?fit=819%2C1024\" class=\"aligncenter size-large wp-image-8227\" src=\"https:\/\/i0.wp.com\/aynakol.org\/wp-content\/uploads\/2023\/08\/vuelta2023_route_0.jpg?resize=819%2C1024\" alt=\"\" width=\"819\" height=\"1024\" srcset=\"https:\/\/i0.wp.com\/aynakol.org\/wp-content\/uploads\/2023\/08\/vuelta2023_route_0.jpg?resize=819%2C1024 819w, https:\/\/i0.wp.com\/aynakol.org\/wp-content\/uploads\/2023\/08\/vuelta2023_route_0.jpg?resize=240%2C300 240w, https:\/\/i0.wp.com\/aynakol.org\/wp-content\/uploads\/2023\/08\/vuelta2023_route_0.jpg?resize=768%2C960 768w, https:\/\/i0.wp.com\/aynakol.org\/wp-content\/uploads\/2023\/08\/vuelta2023_route_0.jpg?w=1200 1200w\" sizes=\"auto, (max-width: 819px) 100vw, 819px\" \/><\/p>\n<p><span style=\"font-size: 12pt; font-family: georgia, palatino, serif;\">\u00dc\u00e7te ikisi neredeyse da\u011fl\u0131k bir \u00fclke olan \u0130spanyada bir kasabaya neredeyse 600 mt rak\u0131mda bir da\u011f e\u015flik ederken rotan\u0131n da pek az d\u00fczl\u00fck etap bar\u0131nd\u0131rd\u0131\u011f\u0131n\u0131 s\u00f6ylemek yalan olmayacakt\u0131r. Vuelta denince akla gelen ilk \u015fey da\u011flar, da\u011flar ve da\u011flar oluyor; sprinter pedallar\u0131n pek sevmedi\u011fi ama \u00fc\u00e7 B\u00fcy\u00fck Turda etap zaferi kazanmak i\u00e7in kerhen gelip yar\u0131\u015ft\u0131\u011f\u0131 Vuelta, \u00fclkenin d\u00fczl\u00fckleriyle me\u015fhur g\u00fcney ve g\u00fcney bat\u0131 k\u0131s\u0131mlar\u0131n\u0131 es ge\u00e7ererek Maglia Roja hesab\u0131n\u0131 kuzeye ta\u015f\u0131yor. <\/span><\/p>\n<p><span style=\"font-size: 12pt; font-family: georgia, palatino, serif;\">\u0130lk hafta Baler Denizi k\u0131y\u0131lar\u0131 ve bu k\u0131y\u0131lara g\u00f6lgelik eden y\u00fcceler pelotonun men\u00fcs\u00fcnde yer al\u0131rken daha ilk hafta Andorra ve Pirenelerle y\u00fczle\u015filecek! <\/span><\/p>\n<p>&nbsp;<\/p>\n<p><img data-recalc-dims=\"1\" loading=\"lazy\" decoding=\"async\" data-attachment-id=\"8234\" data-permalink=\"http:\/\/aynakol.org\/?attachment_id=8234\" data-orig-file=\"https:\/\/i0.wp.com\/aynakol.org\/wp-content\/uploads\/2023\/08\/vuelta2023_route_1.jpg?fit=1322%2C883\" data-orig-size=\"1322,883\" data-comments-opened=\"1\" data-image-meta=\"{&quot;aperture&quot;:&quot;0&quot;,&quot;credit&quot;:&quot;&quot;,&quot;camera&quot;:&quot;&quot;,&quot;caption&quot;:&quot;&quot;,&quot;created_timestamp&quot;:&quot;0&quot;,&quot;copyright&quot;:&quot;&quot;,&quot;focal_length&quot;:&quot;0&quot;,&quot;iso&quot;:&quot;0&quot;,&quot;shutter_speed&quot;:&quot;0&quot;,&quot;title&quot;:&quot;&quot;,&quot;orientation&quot;:&quot;0&quot;}\" data-image-title=\"vuelta2023_route_1\" data-image-description=\"\" data-image-caption=\"\" data-large-file=\"https:\/\/i0.wp.com\/aynakol.org\/wp-content\/uploads\/2023\/08\/vuelta2023_route_1.jpg?fit=860%2C574\" class=\"aligncenter size-large wp-image-8234\" src=\"https:\/\/i0.wp.com\/aynakol.org\/wp-content\/uploads\/2023\/08\/vuelta2023_route_1.jpg?resize=860%2C574\" alt=\"\" width=\"860\" height=\"574\" srcset=\"https:\/\/i0.wp.com\/aynakol.org\/wp-content\/uploads\/2023\/08\/vuelta2023_route_1.jpg?resize=1024%2C684 1024w, https:\/\/i0.wp.com\/aynakol.org\/wp-content\/uploads\/2023\/08\/vuelta2023_route_1.jpg?resize=300%2C200 300w, https:\/\/i0.wp.com\/aynakol.org\/wp-content\/uploads\/2023\/08\/vuelta2023_route_1.jpg?resize=768%2C513 768w, https:\/\/i0.wp.com\/aynakol.org\/wp-content\/uploads\/2023\/08\/vuelta2023_route_1.jpg?w=1322 1322w\" sizes=\"auto, (max-width: 860px) 100vw, 860px\" \/><\/p>\n<p>&nbsp;<\/p>\n<p><span style=\"font-size: 12pt; font-family: georgia, palatino, serif;\">A\u00e7\u0131l\u0131\u015f etab\u0131 \u015fenlikleri geride kal\u0131r kalmaz ac\u0131mas\u0131z y\u00fcz\u00fcn\u00fc g\u00f6steriyor Vuelta: 2, 3, 6, 8 ve 9. Etaplar ilk haftan\u0131n zorlu g\u00fcnleri ki, genel klasman ilk 10 s\u0131ralamas\u0131 daha ilk haftadan \u015fekillenecektir. \u0130kinci hafta a\u00e7\u0131l\u0131\u015f\u0131 kolay lokma olmayan bir bireysel zamana kar\u015f\u0131 m\u00fccadelesi ile a\u00e7\u0131l\u0131rken kalan etaplar ate\u015fin biraz k\u0131s\u0131laca\u011f\u0131, ana yeme\u011fin k\u0131s\u0131k ate\u015fe al\u0131naca\u011f\u0131 g\u00fcnler var, ama kaynamas\u0131n, 13. etab\u0131n biti\u015f \u00e7izgisi Dumanl\u0131 Dumanl\u0131 Oy Bizim eller t\u00fcrk\u00fcs\u00fcne konu olan Col du Tourmalet, 14. Etap ise soluksuz bir \u015fekilde bir ba\u015fka zirve biti\u015fine ev sahipli\u011fi yap\u0131yor: Fransa ve \u0130spanya aras\u0131ndaki do\u011fal s\u0131n\u0131r \u00e7izgisini \u00e7eken Larra-Belagua da\u011f\u0131n\u0131n her iki y\u00fcz\u00fcn\u00fc de g\u00f6rece\u011fiz: Ac\u0131mas\u0131zl\u0131k teker boyu! <\/span><\/p>\n<p>&nbsp;<\/p>\n<div id=\"attachment_5630\" style=\"width: 1011px\" class=\"wp-caption aligncenter\"><img data-recalc-dims=\"1\" loading=\"lazy\" decoding=\"async\" aria-describedby=\"caption-attachment-5630\" data-attachment-id=\"5630\" data-permalink=\"http:\/\/aynakol.org\/?attachment_id=5630\" data-orig-file=\"https:\/\/i0.wp.com\/aynakol.org\/wp-content\/uploads\/2017\/09\/LV2017_stage20_Contador_solo1.jpg?fit=1001%2C665\" data-orig-size=\"1001,665\" data-comments-opened=\"1\" data-image-meta=\"{&quot;aperture&quot;:&quot;6.3&quot;,&quot;credit&quot;:&quot;&quot;,&quot;camera&quot;:&quot;NIKON D4S&quot;,&quot;caption&quot;:&quot;&quot;,&quot;created_timestamp&quot;:&quot;1504979585&quot;,&quot;copyright&quot;:&quot;&quot;,&quot;focal_length&quot;:&quot;125&quot;,&quot;iso&quot;:&quot;2000&quot;,&quot;shutter_speed&quot;:&quot;0.001&quot;,&quot;title&quot;:&quot;&quot;,&quot;orientation&quot;:&quot;0&quot;}\" data-image-title=\"LV2017_stage20_Contador_solo1\" data-image-description=\"\" data-image-caption=\"\" data-large-file=\"https:\/\/i0.wp.com\/aynakol.org\/wp-content\/uploads\/2017\/09\/LV2017_stage20_Contador_solo1.jpg?fit=860%2C571\" class=\"wp-image-5630 size-full\" src=\"https:\/\/i0.wp.com\/aynakol.org\/wp-content\/uploads\/2017\/09\/LV2017_stage20_Contador_solo1.jpg?resize=860%2C571\" alt=\"\" width=\"860\" height=\"571\" srcset=\"https:\/\/i0.wp.com\/aynakol.org\/wp-content\/uploads\/2017\/09\/LV2017_stage20_Contador_solo1.jpg?w=1001 1001w, https:\/\/i0.wp.com\/aynakol.org\/wp-content\/uploads\/2017\/09\/LV2017_stage20_Contador_solo1.jpg?resize=300%2C199 300w, https:\/\/i0.wp.com\/aynakol.org\/wp-content\/uploads\/2017\/09\/LV2017_stage20_Contador_solo1.jpg?resize=768%2C510 768w\" sizes=\"auto, (max-width: 860px) 100vw, 860px\" \/><p id=\"caption-attachment-5630\" class=\"wp-caption-text\">La Vuelta Espana 2017, 20. Etap&#8230; \u015e\u00f6ylesine asfaltlanm\u0131\u015f darac\u0131k yol k\u0131vr\u0131la k\u0131vr\u0131la, e\u011fimiyle can \u00e7\u0131kartarak bulutlara yaslanm\u0131\u015f Alto de l&#8217;Angliru zirvesine do\u011fru uzan\u0131yor. Foto\u011fraf karesinin d\u0131\u015f\u0131na pedallayacakm\u0131\u015f gibi duran isim son \u0130spanyol \u015fampiyon (2014) Albeto Contador. Son yar\u0131\u015f\u0131n\u0131 zaferle ta\u00e7land\u0131rmas\u0131na sadece 2 km kala Contador pedallara y\u00fckleniyor iyice, takip\u00e7ilere Chris Froome ve Wout Poels ikilisine yakalanmamak i\u00e7in. Sonras\u0131 emeklilik ama asla bir veda de\u011fil bu pelotona!<\/p><\/div>\n<p>&nbsp;<\/p>\n<p><span style=\"font-size: 12pt; font-family: georgia, palatino, serif;\">\u00dc\u00e7\u00fcnc\u00fc hafta, Vueltan\u0131n neden Vuelta oldu\u011funun \u00f6zeti asl\u0131nda&#8230; 15, 16, 17, 18 ve 20. etaplar zorlu, k\u0131r\u0131c\u0131 ve vazge\u00e7irici. \u00d6zellikle <a href=\"http:\/\/aynakol.org\/2017\/09\/09\/lv2017-20-etap-corvera-%e2%86%92-angliru-118-km\/\" target=\"_blank\" rel=\"noopener\">Altu de L&#8217;Angliru<\/a> zirvesinde sona erecek 17. etap orada oldu\u011fu bilinen ama bir t\u00fcrl\u00fc y\u00fczle\u015filemeyen cocukluk travmas\u0131 gibi&#8230; Burada kazan\u0131lan bir genel klasman sava\u015f\u0131 ertesi etapda La Cruz de Linares zirvesinde pekala kaybedilebilir. Nedeni yok, sebebi Vuelta.<\/span><\/p>\n<p><span style=\"font-size: 12pt; font-family: georgia, palatino, serif;\">Madrid \u00f6ncesi son \u00e7\u0131k\u0131\u015f 20. etap Japon Ryoba testeresi misali, hala yak\u0131n bir fark varsa p\u00fcr\u00fczs\u00fcz bir kesimle ay\u0131racak Maglia Roja sahibini di\u011ferlerinden, \u00f6yle bir \u00e7etin profil var kar\u015f\u0131m\u0131zda, b\u0131kt\u0131r\u0131c\u0131, 208 km i\u00e7inde toplam 10 adet Cat 3 s\u0131n\u0131f\u0131 t\u0131rman\u0131\u015f, aralarda ise bir o kadar s\u0131n\u0131fland\u0131r\u0131lmam\u0131\u015f\u0131 ki, yorgunluktan kusmak garanti. <\/span><\/p>\n<p><img data-recalc-dims=\"1\" loading=\"lazy\" decoding=\"async\" data-attachment-id=\"8235\" data-permalink=\"http:\/\/aynakol.org\/?attachment_id=8235\" data-orig-file=\"https:\/\/i0.wp.com\/aynakol.org\/wp-content\/uploads\/2023\/08\/vuelta2023_route_2.jpg?fit=2048%2C1448\" data-orig-size=\"2048,1448\" data-comments-opened=\"1\" data-image-meta=\"{&quot;aperture&quot;:&quot;0&quot;,&quot;credit&quot;:&quot;&quot;,&quot;camera&quot;:&quot;&quot;,&quot;caption&quot;:&quot;&quot;,&quot;created_timestamp&quot;:&quot;0&quot;,&quot;copyright&quot;:&quot;&quot;,&quot;focal_length&quot;:&quot;0&quot;,&quot;iso&quot;:&quot;0&quot;,&quot;shutter_speed&quot;:&quot;0&quot;,&quot;title&quot;:&quot;&quot;,&quot;orientation&quot;:&quot;0&quot;}\" data-image-title=\"vuelta2023_route_2\" data-image-description=\"\" data-image-caption=\"\" data-large-file=\"https:\/\/i0.wp.com\/aynakol.org\/wp-content\/uploads\/2023\/08\/vuelta2023_route_2.jpg?fit=860%2C608\" class=\"aligncenter size-large wp-image-8235\" src=\"https:\/\/i0.wp.com\/aynakol.org\/wp-content\/uploads\/2023\/08\/vuelta2023_route_2.jpg?resize=860%2C608\" alt=\"\" width=\"860\" height=\"608\" srcset=\"https:\/\/i0.wp.com\/aynakol.org\/wp-content\/uploads\/2023\/08\/vuelta2023_route_2.jpg?resize=1024%2C724 1024w, https:\/\/i0.wp.com\/aynakol.org\/wp-content\/uploads\/2023\/08\/vuelta2023_route_2.jpg?resize=300%2C212 300w, https:\/\/i0.wp.com\/aynakol.org\/wp-content\/uploads\/2023\/08\/vuelta2023_route_2.jpg?resize=768%2C543 768w, https:\/\/i0.wp.com\/aynakol.org\/wp-content\/uploads\/2023\/08\/vuelta2023_route_2.jpg?resize=1536%2C1086 1536w, https:\/\/i0.wp.com\/aynakol.org\/wp-content\/uploads\/2023\/08\/vuelta2023_route_2.jpg?resize=100%2C70 100w, https:\/\/i0.wp.com\/aynakol.org\/wp-content\/uploads\/2023\/08\/vuelta2023_route_2.jpg?w=2048 2048w, https:\/\/i0.wp.com\/aynakol.org\/wp-content\/uploads\/2023\/08\/vuelta2023_route_2.jpg?w=1720 1720w\" sizes=\"auto, (max-width: 860px) 100vw, 860px\" \/><\/p>\n<p><span style=\"font-size: 12pt; font-family: georgia, palatino, serif;\">Ve Madrid! Madrid sokaklar\u0131nda sona erecek son etapla birlikte 23 g\u00fcnl\u00fck \u00e7ile araya kaynam\u0131\u015f bir d\u00fcz etapla sona ererken podyumun ilk \u00fc\u00e7\u00fc i\u00e7inde (ge\u00e7en sene ikinci ve \u00fc\u00e7\u00fcnc\u00fc), hi\u00e7 olmazsa ilk 10 i\u00e7inde mutlaka bir \u0130spanyol pedal kendisine yer buluyor. Zira, La vuelta \u0130spanyollar i\u00e7in memleket meselesi olsa da podyumun zirvesine \u00e7\u0131kan son \u0130spanyol \u015fampiyon 2014 y\u0131l\u0131nda Alberto Contador olmu\u015ftu. 2012 ise \u00fc\u00e7 \u0130spanyol pedal\u0131n Alberto Contador, Alejandro Valverde ve Joaquim Rodriguez kimseye g\u00f6z a\u00e7t\u0131rmad\u0131\u011f\u0131 son podyum olmu\u015ftu. <\/span><\/p>\n<div id=\"attachment_8233\" style=\"width: 870px\" class=\"wp-caption aligncenter\"><img data-recalc-dims=\"1\" loading=\"lazy\" decoding=\"async\" aria-describedby=\"caption-attachment-8233\" data-attachment-id=\"8233\" data-permalink=\"http:\/\/aynakol.org\/?attachment_id=8233\" data-orig-file=\"https:\/\/i0.wp.com\/aynakol.org\/wp-content\/uploads\/2023\/08\/vuelta2012_Contadror_Valverde_Rodriguez.jpg?fit=1280%2C920\" data-orig-size=\"1280,920\" data-comments-opened=\"1\" data-image-meta=\"{&quot;aperture&quot;:&quot;0&quot;,&quot;credit&quot;:&quot;&quot;,&quot;camera&quot;:&quot;&quot;,&quot;caption&quot;:&quot;&quot;,&quot;created_timestamp&quot;:&quot;0&quot;,&quot;copyright&quot;:&quot;&quot;,&quot;focal_length&quot;:&quot;0&quot;,&quot;iso&quot;:&quot;0&quot;,&quot;shutter_speed&quot;:&quot;0&quot;,&quot;title&quot;:&quot;&quot;,&quot;orientation&quot;:&quot;0&quot;}\" data-image-title=\"vuelta2012_Contadror_Valverde_Rodriguez\" data-image-description=\"\" data-image-caption=\"\" data-large-file=\"https:\/\/i0.wp.com\/aynakol.org\/wp-content\/uploads\/2023\/08\/vuelta2012_Contadror_Valverde_Rodriguez.jpg?fit=860%2C618\" class=\"wp-image-8233 size-large\" src=\"https:\/\/i0.wp.com\/aynakol.org\/wp-content\/uploads\/2023\/08\/vuelta2012_Contadror_Valverde_Rodriguez.jpg?resize=860%2C618\" alt=\"\" width=\"860\" height=\"618\" srcset=\"https:\/\/i0.wp.com\/aynakol.org\/wp-content\/uploads\/2023\/08\/vuelta2012_Contadror_Valverde_Rodriguez.jpg?resize=1024%2C736 1024w, https:\/\/i0.wp.com\/aynakol.org\/wp-content\/uploads\/2023\/08\/vuelta2012_Contadror_Valverde_Rodriguez.jpg?resize=300%2C216 300w, https:\/\/i0.wp.com\/aynakol.org\/wp-content\/uploads\/2023\/08\/vuelta2012_Contadror_Valverde_Rodriguez.jpg?resize=768%2C552 768w, https:\/\/i0.wp.com\/aynakol.org\/wp-content\/uploads\/2023\/08\/vuelta2012_Contadror_Valverde_Rodriguez.jpg?w=1280 1280w\" sizes=\"auto, (max-width: 860px) 100vw, 860px\" \/><p id=\"caption-attachment-8233\" class=\"wp-caption-text\">Tek podyuma \u00fc\u00e7 \u0130spanyol s\u0131\u011far m\u0131? 2012 y\u0131l\u0131nda s\u0131\u011fd\u0131! Doping cezas\u0131 sonras\u0131 geri d\u00f6n\u00fc\u015f\u00fcn\u00fc la Vuelta zaferi ile ta\u00e7land\u0131ran Alberto Contadora podyumun di\u011fer basamaklar\u0131nda Alejandro Valverde ve Joaquim Rodriguez e\u015flik etse de \u00fc\u00e7 \u0130spanyol pedal bu gururu podyumun tepesine \u00e7\u0131karak karde\u015f\u00e7esine kutlamay\u0131 tercih ediyordu.<\/p><\/div>\n<p>&nbsp;<\/p>\n<p><span style=\"font-size: 12pt; font-family: georgia, palatino, serif;\">\u00c7o\u011funlukla her sene <em>&#8220;E\u011flendir bizi ya Vuelta!&#8221; <\/em>s\u00f6ylemi ile selamlad\u0131\u011f\u0131m\u0131z, Giro ve Le Tour da istedi\u011fini bulamayan, sezonu k\u00f6t\u00fc ge\u00e7en, sakatl\u0131k sonras\u0131 \u00e7\u0131k\u0131\u015f arayan, transfer sezonunda istedi\u011fi teklifi alamayan, s\u00f6zle\u015fmesi uzat\u0131lmayan, sene sonunda a\u00e7\u0131kta kalacak ne kadar kaybeden varsa \u015fans\u0131n\u0131 bir umuttur pedallamak dercesine<em>,<\/em> \u00fc\u00e7 B\u00fcy\u00fck Turun sonuncusu <em>kabul ve toplanma merkez<\/em>i bu sene herkesi \u015fa\u015f\u0131rtm\u0131\u015f durumda! Zira, tak\u0131mlar h\u0131zlar\u0131n\u0131 alamay\u0131p sepete t\u00fcm y\u0131ld\u0131zlar\u0131n\u0131 koyup da geldiler: <\/span><\/p>\n<p><span style=\"font-size: 12pt; font-family: georgia, palatino, serif;\">Bu sene \u00fc\u00e7 B\u00fcy\u00fck Turu da kazanmaya yemin eden Hollandan\u0131n gururu <strong>Jumbo-Visma <\/strong>Giro 2023 \u015fampiyonu Primoz Roglic ki, kendisi 2019, 02 ve 21 zaferleri ile tam bir La Vuelta gediklisi, son Le Tour de France \u015fampiyonu Jonas Vingegaard ikili liderli\u011fiyle geliyor. Yanlar\u0131nda bonus niyetine <em>&#8220;domestiksin sen, domestik kal&#8221; <\/em>B\u00fcy\u00fck Tur kazand\u0131ran Sepp Kuss, Wilco Kalderman da cabas\u0131.<\/span><\/p>\n<div id=\"attachment_7485\" style=\"width: 870px\" class=\"wp-caption aligncenter\"><img data-recalc-dims=\"1\" loading=\"lazy\" decoding=\"async\" aria-describedby=\"caption-attachment-7485\" data-attachment-id=\"7485\" data-permalink=\"http:\/\/aynakol.org\/?attachment_id=7485\" data-orig-file=\"https:\/\/i0.wp.com\/aynakol.org\/wp-content\/uploads\/2023\/05\/giro106_overall_winner_primoz_roglic-scaled.jpg?fit=2560%2C1708\" data-orig-size=\"2560,1708\" data-comments-opened=\"1\" data-image-meta=\"{&quot;aperture&quot;:&quot;0&quot;,&quot;credit&quot;:&quot;&quot;,&quot;camera&quot;:&quot;&quot;,&quot;caption&quot;:&quot;&quot;,&quot;created_timestamp&quot;:&quot;0&quot;,&quot;copyright&quot;:&quot;&quot;,&quot;focal_length&quot;:&quot;0&quot;,&quot;iso&quot;:&quot;0&quot;,&quot;shutter_speed&quot;:&quot;0&quot;,&quot;title&quot;:&quot;&quot;,&quot;orientation&quot;:&quot;0&quot;}\" data-image-title=\"giro106_overall_winner_primoz_roglic\" data-image-description=\"\" data-image-caption=\"\" data-large-file=\"https:\/\/i0.wp.com\/aynakol.org\/wp-content\/uploads\/2023\/05\/giro106_overall_winner_primoz_roglic-scaled.jpg?fit=860%2C574\" class=\"wp-image-7485 size-large\" src=\"https:\/\/i0.wp.com\/aynakol.org\/wp-content\/uploads\/2023\/05\/giro106_overall_winner_primoz_roglic.jpg?resize=860%2C574\" alt=\"\" width=\"860\" height=\"574\" srcset=\"https:\/\/i0.wp.com\/aynakol.org\/wp-content\/uploads\/2023\/05\/giro106_overall_winner_primoz_roglic-scaled.jpg?resize=1024%2C683 1024w, https:\/\/i0.wp.com\/aynakol.org\/wp-content\/uploads\/2023\/05\/giro106_overall_winner_primoz_roglic-scaled.jpg?resize=300%2C200 300w, https:\/\/i0.wp.com\/aynakol.org\/wp-content\/uploads\/2023\/05\/giro106_overall_winner_primoz_roglic-scaled.jpg?resize=768%2C513 768w, https:\/\/i0.wp.com\/aynakol.org\/wp-content\/uploads\/2023\/05\/giro106_overall_winner_primoz_roglic-scaled.jpg?resize=1536%2C1025 1536w, https:\/\/i0.wp.com\/aynakol.org\/wp-content\/uploads\/2023\/05\/giro106_overall_winner_primoz_roglic-scaled.jpg?resize=2048%2C1367 2048w, https:\/\/i0.wp.com\/aynakol.org\/wp-content\/uploads\/2023\/05\/giro106_overall_winner_primoz_roglic-scaled.jpg?w=1720 1720w\" sizes=\"auto, (max-width: 860px) 100vw, 860px\" \/><p id=\"caption-attachment-7485\" class=\"wp-caption-text\">3 La Vue\u015fta \u015fampiyonlu\u011funun yan\u0131nda Giro 2023 \u015fampiyonu \u00fcnvan\u0131 ile \u0130spanyaya gelen Roglicin hesaplar\u0131, Giro-Vuelta dublesi yapmaktan \u00e7ok, burada elde edece\u011fi bir yeni \u015fampiyonlukla seneye Le Tour da tak\u0131m lideri olarak yar\u0131\u015fmak.<\/p><\/div>\n<p>&nbsp;<\/p>\n<p><span style=\"font-size: 12pt; font-family: georgia, palatino, serif;\">Jumbo-Visman\u0131n tak\u0131m, Roglic ve Vingegaard\u0131n da kendi hesaplar\u0131 farkl\u0131. E\u011fer Roglic ve Vingegaard ikilisinden biri 21 g\u00fcnl\u00fck \u00e7ilenin sonunda Madridde Maglia Roja, yani Alt\u0131n Mayoyu kazan\u0131rsa bir sezonda \u00fc\u00e7 b\u00fcy\u00fck turu da kazanan ilk tak\u0131m olacak. Roglic, hem 4. kez La Vuelta kazan\u0131rken, tek sezonda Giro-Vuelta dublesi yapan 4. pedal olacak; Vingegaard da Tour-Vuelta dublesi yapan 4. pedal. Yani herkesin kazanaca\u011f\u0131 bir senaryoda tak\u0131m tek y\u00fcrek \u00e7ok pedal olacak!<br \/>\n<\/span><\/p>\n<p>&nbsp;<\/p>\n<div id=\"attachment_8050\" style=\"width: 1010px\" class=\"wp-caption aligncenter\"><img data-recalc-dims=\"1\" loading=\"lazy\" decoding=\"async\" aria-describedby=\"caption-attachment-8050\" data-attachment-id=\"8050\" data-permalink=\"http:\/\/aynakol.org\/?attachment_id=8050\" data-orig-file=\"https:\/\/i0.wp.com\/aynakol.org\/wp-content\/uploads\/2023\/07\/tdf2023_stage21_jonas_vingegaard.jpeg?fit=1000%2C666\" data-orig-size=\"1000,666\" data-comments-opened=\"1\" data-image-meta=\"{&quot;aperture&quot;:&quot;0&quot;,&quot;credit&quot;:&quot;&quot;,&quot;camera&quot;:&quot;&quot;,&quot;caption&quot;:&quot;&quot;,&quot;created_timestamp&quot;:&quot;0&quot;,&quot;copyright&quot;:&quot;&quot;,&quot;focal_length&quot;:&quot;0&quot;,&quot;iso&quot;:&quot;0&quot;,&quot;shutter_speed&quot;:&quot;0&quot;,&quot;title&quot;:&quot;&quot;,&quot;orientation&quot;:&quot;0&quot;}\" data-image-title=\"tdf2023_stage21_jonas_vingegaard\" data-image-description=\"\" data-image-caption=\"\" data-large-file=\"https:\/\/i0.wp.com\/aynakol.org\/wp-content\/uploads\/2023\/07\/tdf2023_stage21_jonas_vingegaard.jpeg?fit=860%2C573\" class=\"wp-image-8050 size-full\" src=\"https:\/\/i0.wp.com\/aynakol.org\/wp-content\/uploads\/2023\/07\/tdf2023_stage21_jonas_vingegaard.jpeg?resize=860%2C573\" alt=\"\" width=\"860\" height=\"573\" srcset=\"https:\/\/i0.wp.com\/aynakol.org\/wp-content\/uploads\/2023\/07\/tdf2023_stage21_jonas_vingegaard.jpeg?w=1000 1000w, https:\/\/i0.wp.com\/aynakol.org\/wp-content\/uploads\/2023\/07\/tdf2023_stage21_jonas_vingegaard.jpeg?resize=300%2C200 300w, https:\/\/i0.wp.com\/aynakol.org\/wp-content\/uploads\/2023\/07\/tdf2023_stage21_jonas_vingegaard.jpeg?resize=768%2C511 768w\" sizes=\"auto, (max-width: 860px) 100vw, 860px\" \/><p id=\"caption-attachment-8050\" class=\"wp-caption-text\">\u00dcst \u00fcste iki kez kazand\u0131\u011f\u0131 Le Tour yan\u0131na bir ba\u015fka B\u00fcy\u00fck Tur zaferi eklemek isteyen Jonas Vingegaard da Le Tour-Vuelta dublesi pe\u015finde pedallayacak. As\u0131l soru tak\u0131m\u0131n iki \u015fampiyondan nas\u0131l bir tek lider \u00e7\u0131karaca\u011f\u0131? Ego mu yoksa tak\u0131m karar\u0131 m\u0131 kazanacak ii\u015fk hafta birinin kazaya kar\u015f\u0131mas\u0131 ya da topu taca atmas\u0131yla belli olur.<\/p><\/div>\n<p>&nbsp;<\/p>\n<p><span style=\"font-size: 12pt; font-family: georgia, palatino, serif;\">Bel\u00e7ikal\u0131 <strong>Soudal &#8211; Quick Step<\/strong> ekibi son \u015fampiyon <a href=\"https:\/\/www.procyclingstats.com\/photos\/cw\/fc\/image-681298.jpg\" target=\"_blank\" rel=\"noopener\">Remco Evenepoel<\/a> liderli\u011finde; evet sadece liderli\u011finde! Zira, Giro d&#8217;Italia 2023&#8217;de g\u00f6rd\u00fck ki, Remco tek ba\u015f\u0131na m\u00fccadele ediyor, zamana kar\u015f\u0131 m\u00fccadelesi ve tek ki\u015filik uzun soluklu ka\u00e7\u0131\u015flar\u0131 ile ta\u00e7lanan zaferleri hep, tak\u0131m\u0131n\u0131n kendisinden esirgedi\u011fi deste\u011fi kapatmak i\u00e7in. Girodaki zay\u0131fl\u0131k Vueltada da devam edecek gibi. <\/span><\/p>\n<div id=\"attachment_8231\" style=\"width: 970px\" class=\"wp-caption aligncenter\"><img data-recalc-dims=\"1\" loading=\"lazy\" decoding=\"async\" aria-describedby=\"caption-attachment-8231\" data-attachment-id=\"8231\" data-permalink=\"http:\/\/aynakol.org\/?attachment_id=8231\" data-orig-file=\"https:\/\/i0.wp.com\/aynakol.org\/wp-content\/uploads\/2023\/08\/evenepoel-wins-stage-18-of-the-2022-vuelta.jpg?fit=960%2C640\" data-orig-size=\"960,640\" data-comments-opened=\"1\" data-image-meta=\"{&quot;aperture&quot;:&quot;0&quot;,&quot;credit&quot;:&quot;&quot;,&quot;camera&quot;:&quot;&quot;,&quot;caption&quot;:&quot;&quot;,&quot;created_timestamp&quot;:&quot;0&quot;,&quot;copyright&quot;:&quot;&quot;,&quot;focal_length&quot;:&quot;0&quot;,&quot;iso&quot;:&quot;0&quot;,&quot;shutter_speed&quot;:&quot;0&quot;,&quot;title&quot;:&quot;&quot;,&quot;orientation&quot;:&quot;0&quot;}\" data-image-title=\"evenepoel-wins-stage-18-of-the-2022-vuelta\" data-image-description=\"\" data-image-caption=\"\" data-large-file=\"https:\/\/i0.wp.com\/aynakol.org\/wp-content\/uploads\/2023\/08\/evenepoel-wins-stage-18-of-the-2022-vuelta.jpg?fit=860%2C573\" class=\"wp-image-8231 size-full\" src=\"https:\/\/i0.wp.com\/aynakol.org\/wp-content\/uploads\/2023\/08\/evenepoel-wins-stage-18-of-the-2022-vuelta.jpg?resize=860%2C573\" alt=\"\" width=\"860\" height=\"573\" srcset=\"https:\/\/i0.wp.com\/aynakol.org\/wp-content\/uploads\/2023\/08\/evenepoel-wins-stage-18-of-the-2022-vuelta.jpg?w=960 960w, https:\/\/i0.wp.com\/aynakol.org\/wp-content\/uploads\/2023\/08\/evenepoel-wins-stage-18-of-the-2022-vuelta.jpg?resize=300%2C200 300w, https:\/\/i0.wp.com\/aynakol.org\/wp-content\/uploads\/2023\/08\/evenepoel-wins-stage-18-of-the-2022-vuelta.jpg?resize=768%2C512 768w\" sizes=\"auto, (max-width: 860px) 100vw, 860px\" \/><p id=\"caption-attachment-8231\" class=\"wp-caption-text\">D\u00fcnya \u015fampiyonlu\u011fundan Liege-Bastogne-Liege zaferine dek ya zaman fark\u0131 yaratan ka\u00e7\u0131\u015flar ya da bireysel zamana kar\u015f\u0131 m\u00fccadelesindeki rakipsizli\u011fiyle Remco Evenepeol s\u00fcrekli olarak bir ba\u015f\u0131na. Bir tak\u0131m i\u00e7inde olup da tak\u0131mdan \u00e7ok az destek alarak tek ki\u015filik tak\u0131m misali \u00e7al\u0131\u015fmas\u0131 bu kadar di\u015fli rakipler aras\u0131nda yorucu olaca\u011f\u0131 kesin.<\/p><\/div>\n<p>&nbsp;<\/p>\n<p><span style=\"font-size: 12pt; font-family: georgia, palatino, serif;\">Arap yar\u0131madas\u0131ndan Ke\u015fi\u015fleme R\u00fczgarlar\u0131 ile esip gelen <strong>UAE Team Emirates <\/strong>tak\u0131m\u0131 bir \u00e7\u0131lg\u0131nl\u0131k yap\u0131p da Pogacar ile gelir mi acaba Vueltaya derken tercihi ge\u00e7en sene podyum g\u00f6ren iki gen\u00e7 yetenekle \u0130ber Yar\u0131madas\u0131na ayak bast\u0131: 2023 Giro da podyumun \u00fc\u00e7\u00fcnc\u00fc basama\u011f\u0131na pedallayan Portekizli Jo\u00e3o Almeida ve 2022 La Vuelta da \u00fc\u00e7\u00fcnc\u00fc olan bu memleketin evlad\u0131 \u0130spanyol Juan Ayuso ki, \u0130ber Yar\u0131madas\u0131n\u0131n bu iki gen\u00e7 pedal\u0131 da beyaz mayo i\u00e7in de m\u00fccadele edecek. Podyum g\u00f6r\u00fcp zirveye g\u00f6z k\u0131rpan bu iki pedal\u0131n da tak\u0131mca Pogacar arkas\u0131nda b\u0131rka\u0131lmay\u0131p liderlik payesiyle desteklenmesi ayr\u0131ca takdir edilesi. \u0130kiliden \u0130spanyol Ayuso ayr\u0131ca bir yak\u0131n takibi hak ediyor! <\/span><\/p>\n<p>&nbsp;<\/p>\n<div id=\"attachment_8232\" style=\"width: 870px\" class=\"wp-caption aligncenter\"><img data-recalc-dims=\"1\" loading=\"lazy\" decoding=\"async\" aria-describedby=\"caption-attachment-8232\" data-attachment-id=\"8232\" data-permalink=\"http:\/\/aynakol.org\/?attachment_id=8232\" data-orig-file=\"https:\/\/i0.wp.com\/aynakol.org\/wp-content\/uploads\/2023\/08\/016-Enric-podio-2048x1365-1.jpg?fit=2048%2C1365\" data-orig-size=\"2048,1365\" data-comments-opened=\"1\" data-image-meta=\"{&quot;aperture&quot;:&quot;6.3&quot;,&quot;credit&quot;:&quot;SprintCyclingAgency\\u00a92022&quot;,&quot;camera&quot;:&quot;Canon EOS-1D X Mark III&quot;,&quot;caption&quot;:&quot;Vuelta Espana 2022 - 77th edition - 21th stage - Las Rozas - Madrid 96,7 km - 11\/09\/2022 - Enric Mas (ESP - Movistar Team) - Remco Evenepoel (BEL - Quick-Step Alpha Vinyl Team) - Juan Ayuso (ESP - UAE Team Emirates) - photo Luis Angel Gomez\/SprintCyclingAgency\\u00a92022&quot;,&quot;created_timestamp&quot;:&quot;1662917052&quot;,&quot;copyright&quot;:&quot;SprintCyclingAgency\\u00a92022&quot;,&quot;focal_length&quot;:&quot;100&quot;,&quot;iso&quot;:&quot;100&quot;,&quot;shutter_speed&quot;:&quot;0.008&quot;,&quot;title&quot;:&quot;Vuelta Espana 2022&quot;,&quot;orientation&quot;:&quot;1&quot;}\" data-image-title=\"Vuelta Espana 2022\" data-image-description=\"\" data-image-caption=\"&lt;p&gt;Vuelta Espana 2022 &amp;#8211; 77th edition &amp;#8211; 21th stage &amp;#8211; Las Rozas &amp;#8211; Madrid 96,7 km &amp;#8211; 11\/09\/2022 &amp;#8211; Enric Mas (ESP &amp;#8211; Movistar Team) &amp;#8211; Remco Evenepoel (BEL &amp;#8211; Quick-Step Alpha Vinyl Team) &amp;#8211; Juan Ayuso (ESP &amp;#8211; UAE Team Emirates) &amp;#8211; photo Luis Angel Gomez\/SprintCyclingAgency\u00a92022&lt;\/p&gt;\n\" data-large-file=\"https:\/\/i0.wp.com\/aynakol.org\/wp-content\/uploads\/2023\/08\/016-Enric-podio-2048x1365-1.jpg?fit=860%2C574\" class=\"wp-image-8232 size-large\" src=\"https:\/\/i0.wp.com\/aynakol.org\/wp-content\/uploads\/2023\/08\/016-Enric-podio-2048x1365-1.jpg?resize=860%2C574\" alt=\"\" width=\"860\" height=\"574\" srcset=\"https:\/\/i0.wp.com\/aynakol.org\/wp-content\/uploads\/2023\/08\/016-Enric-podio-2048x1365-1.jpg?resize=1024%2C683 1024w, https:\/\/i0.wp.com\/aynakol.org\/wp-content\/uploads\/2023\/08\/016-Enric-podio-2048x1365-1.jpg?resize=300%2C200 300w, https:\/\/i0.wp.com\/aynakol.org\/wp-content\/uploads\/2023\/08\/016-Enric-podio-2048x1365-1.jpg?resize=768%2C512 768w, https:\/\/i0.wp.com\/aynakol.org\/wp-content\/uploads\/2023\/08\/016-Enric-podio-2048x1365-1.jpg?resize=1536%2C1024 1536w, https:\/\/i0.wp.com\/aynakol.org\/wp-content\/uploads\/2023\/08\/016-Enric-podio-2048x1365-1.jpg?w=2048 2048w, https:\/\/i0.wp.com\/aynakol.org\/wp-content\/uploads\/2023\/08\/016-Enric-podio-2048x1365-1.jpg?w=1720 1720w\" sizes=\"auto, (max-width: 860px) 100vw, 860px\" \/><p id=\"caption-attachment-8232\" class=\"wp-caption-text\">Vuelta 2022 son g\u00fcn\u00fcnde podyumun sahipleri bir arada kutlama yap\u0131yor: Enric Mas, Maglia Roja Remco Evenepoel ve Juan Ayuso&#8230; Bu sene \u00fc\u00e7l\u00fc yine ayn\u0131 tak\u0131mlarda m\u00fccadele ederken, Ayuso bir ad\u0131m \u00f6nde biyebiliriz: Hem 2027 y\u0131l\u0131na dek uzatl\u0131lan s\u00f6zle\u015fmesi hem de yan\u0131nda Giro 2023 de 3. olan Jaoa Almedia deste\u011fi ile yar\u0131\u015facak.<\/p><\/div>\n<p>&nbsp;<\/p>\n<p><span style=\"font-size: 12pt; font-family: georgia, palatino, serif;\">B\u00fcy\u00fck Biritanya ekibi <strong>INEOS Grenadiers <\/strong>de bir di\u011fer g\u00fc\u00e7l\u00fc ekip: Giro 2023 de ikinci, 2018 Le Tour \u015fampiyonu emeklili\u011fin k\u0131y\u0131s\u0131ndaki Geraint Thomas ve 2019 Le Tour ve 2021 Giro \u015fampiyonu Egan Bernal ikilisinin liderli\u011finde Vueltaya kat\u0131lan tak\u0131m\u0131n domestikleri kara formalar\u0131n\u0131n egemenli\u011finde ge\u00e7en 2014-2018 y\u0131llar\u0131ndaki kadar bask\u0131n olmasa da bo\u015f de\u011filler: Filippo Ganna, Thymen Arensman, Laurens de Plus ve Omar Fraile gibi kuvvetli roul\u00f6r ve yol kaptanlar\u0131 var. Thomas sa\u011flam bir g\u00fcr\u00fclt\u00fc kopart\u0131p partiden ayr\u0131lmak isteyecektir; ancak bu f\u0131rsat\u0131 varken Giro 2023 de kendisini susturan Roglic olmu\u015ftu. Vueltada da yine Roglic var \u00fczerine Evenepoel ve Vingegaard da cabas\u0131. Bernal ise ka\u00e7ak binmeye \u00e7al\u0131\u015ft\u0131\u011f\u0131 belediye otob\u00fcs\u00fcne \u00e7arpt\u0131\u011f\u0131 g\u00fcnden beri cezal\u0131 adeta&#8230; F\u0131rt\u0131na gibi esti\u011fi 2019-21 sezonlar\u0131 ba\u015far\u0131alr\u0131 bir kenara lodos ald\u0131 g\u00f6t\u00fcrd\u00fc her \u015feyini adeta. Bu sene Le Tour peri\u015fan oldu; iyi bir dinlenme sezonu ge\u00e7irdi\u011fini umuyor ki hem kendisi hem sportif direkt\u00f6rleri solu\u011fu La Vueltada ald\u0131. <\/span><\/p>\n<p>&nbsp;<\/p>\n<p><span style=\"font-size: 12pt; font-family: georgia, palatino, serif;\">Ve mahallenin \u00e7ocuklar\u0131 <strong>Movistar! <\/strong>Mekan bizim hesap da \u00f6demeyiz diye diye y\u0131llar y\u0131l\u0131 cepten yiyen hakiki \u0130spanyol ekibi Movistar, en son 2016 y\u0131l\u0131nda Kolombiyal\u0131 Nairo Quintana ile kazanm\u0131\u015f, tak\u0131m\u0131n abisi Alejandro Valverde ile 2019 y\u0131l\u0131nda ikinci olmu\u015ftu. Bu sene Velominatinin baca\u011f\u0131n\u0131 Enric Mas ile k\u0131rmaya \u00e7al\u0131\u015facaklar. Enric Mas, bu sene a\u00e7\u0131l\u0131\u015f etab\u0131nda talihsiz bir kaza sonras\u0131 b\u0131rakmak zorunda kald\u0131\u011f\u0131 Le Tour sonras\u0131 iyice bilenmi\u015f durumda. Zira, kariyerini La Vuelta daimi ikincilik temsilcili\u011fi ile sona erdirmek istemeyen Enric Mas ne yapacaksa yine kendi ba\u015f\u0131na yapacak.<\/span><\/p>\n<p><span style=\"font-size: 12pt; font-family: georgia, palatino, serif;\">Son olarak <em><strong>e\u011flendir bizi ya Vuelta! <\/strong><\/em><\/span><\/p>\n<p>&nbsp;<\/p>\n<p><span style=\"font-size: 12pt; font-family: georgia, palatino, serif;\"><strong><span style=\"font-size: 14pt;\">Daha fazlas\u0131 i\u00e7in<\/span><\/strong><em><strong><br \/>\n<\/strong><\/em><\/span><\/p>\n<p><span style=\"font-size: 12pt; font-family: georgia, palatino, serif;\">La Vuelta a Espana 2023 hakk\u0131nda rotadan tak\u0131mlara, favorilerden liderlere dek <a href=\"http:\/\/aynakol.org\/2023\/07\/30\/tour-de-france-femmes-2023-8-etap\/\" target=\"_blank\" rel=\"noopener\"><strong>Ceyda Akbulut g\u00fczel bir inceleme yaz\u0131s\u0131 kaleme al\u0131rken\u00a0<\/strong><\/a><\/span><span style=\"font-size: 12pt; font-family: georgia, palatino, serif;\">Berkem Ceylan ve Sarper G\u00fcnsal, Medyascope Spor kanal\u0131nda g\u00fczel bir sohbet e\u015fli\u011finde La Vuelta 2023 etap etap incelemi\u015f. <\/span><\/p>\n<p><span style=\"font-size: 12pt; font-family: georgia, palatino, serif;\">Keyifli okumalar ve izlemeler! <\/span><\/p>\n<p><iframe loading=\"lazy\" title=\"YouTube video player\" src=\"\/\/www.youtube.com\/embed\/71aNlfIzrsU?si=Dy88NsxG3T25IIDV\" width=\"560\" height=\"315\" frameborder=\"0\" allowfullscreen=\"allowfullscreen\"><\/iframe><\/p>\n<p>&nbsp;<\/p>\n","protected":false},"excerpt":{"rendered":"<p>Ge\u00e7en ay Bask B\u00f6lgesinden ba\u015flayan Tour de France inat, Katalan topraklar\u0131nday\u0131z! \u0130ber Yar\u0131madas\u0131 bu sene b\u00fcy\u00fck turlar\u0131n g\u00f6zdesi oldu desek yeridir. Katalonyan\u0131n ba\u015fkenti Barselonadan ba\u015flay\u0131p [&#8230;]<\/p>\n","protected":false},"author":1,"featured_media":8229,"comment_status":"open","ping_status":"open","sticky":false,"template":"","format":"standard","meta":{"jetpack_post_was_ever_published":false,"_jetpack_newsletter_access":"","_jetpack_dont_email_post_to_subs":false,"_jetpack_newsletter_tier_id":0,"_jetpack_memberships_contains_paywalled_content":false,"_jetpack_memberships_contains_paid_content":false,"footnotes":"","jetpack_publicize_message":"","jetpack_publicize_feature_enabled":true,"jetpack_social_post_already_shared":true,"jetpack_social_options":{"image_generator_settings":{"template":"highway","default_image_id":0,"font":"","enabled":false},"version":2}},"categories":[92,91],"tags":[233,14,1601,234,1603,1602],"class_list":["post-8225","post","type-post","status-publish","format-standard","has-post-thumbnail","hentry","category-grand","category-vuelta-2","tag-ispanya-bisiklet-turu","tag-vuelta","tag-vuelta-2023","tag-vuelta-a-espana","tag-vuelta-a-espana-2023","tag-vuelta-ciclista-a-espana"],"jetpack_publicize_connections":[],"jetpack_featured_media_url":"https:\/\/i0.wp.com\/aynakol.org\/wp-content\/uploads\/2023\/08\/vuelta2023_stage1_crowd.jpg?fit=2000%2C690","jetpack_sharing_enabled":true,"jetpack_shortlink":"https:\/\/wp.me\/p51p4O-28F","jetpack_likes_enabled":true,"jetpack-related-posts":[{"id":8348,"url":"http:\/\/aynakol.org\/?p=8348","url_meta":{"origin":8225,"position":0},"title":"La Vuelta a Espana 2023, 9. Etap: Cartagena > Collado de la Cruz de Caravaca, 184,5 km","author":"Ayd\u0131n Bez","date":"3 Eyl\u00fcl 2023","format":false,"excerpt":"D\u00fcnk\u00fc etapta neler olmu\u015ftu? Xorret de Cati zirvesinde sona eren 165 km uzunlu\u011fundaki 8. Etab\u0131n sonunda kazanan... Tek bir isim yazmaya elvermiyor g\u00f6n\u00fcl! Primoz Roglic biti\u015f \u00e7izgisinden ilk ge\u00e7se de tak\u0131m olarak Jumbo-Visma kazand\u0131! Hem de nas\u0131l! Jumbo-Visma tak\u0131m\u0131n\u0131n 33 ya\u015f\u0131ndaki Slovenyal\u0131 pedal\u0131 Roglic kariyerinin 15. Grand Tour, 11. La\u2026","rel":"","context":"&quot;Vuelta a Espana&quot; i\u00e7inde","block_context":{"text":"Vuelta a Espana","link":"http:\/\/aynakol.org\/?cat=91"},"img":{"alt_text":"","src":"https:\/\/i0.wp.com\/aynakol.org\/wp-content\/uploads\/2023\/09\/screenshot_20230902_182541_blutv4608786383647616594.jpg?fit=1200%2C568&resize=350%2C200","width":350,"height":200,"srcset":"https:\/\/i0.wp.com\/aynakol.org\/wp-content\/uploads\/2023\/09\/screenshot_20230902_182541_blutv4608786383647616594.jpg?fit=1200%2C568&resize=350%2C200 1x, https:\/\/i0.wp.com\/aynakol.org\/wp-content\/uploads\/2023\/09\/screenshot_20230902_182541_blutv4608786383647616594.jpg?fit=1200%2C568&resize=525%2C300 1.5x, https:\/\/i0.wp.com\/aynakol.org\/wp-content\/uploads\/2023\/09\/screenshot_20230902_182541_blutv4608786383647616594.jpg?fit=1200%2C568&resize=700%2C400 2x, https:\/\/i0.wp.com\/aynakol.org\/wp-content\/uploads\/2023\/09\/screenshot_20230902_182541_blutv4608786383647616594.jpg?fit=1200%2C568&resize=1050%2C600 3x"},"classes":[]},{"id":8533,"url":"http:\/\/aynakol.org\/?p=8533","url_meta":{"origin":8225,"position":1},"title":"La Vuelta a Espana 2023 16. Etap: Liencres Playa > Bejes, 120,1 km","author":"Ayd\u0131n Bez","date":"12 Eyl\u00fcl 2023","format":false,"excerpt":"D\u00fcnk\u00fc Etapta Neler Olmu\u015ftu? Bask B\u00f6lgesinin Lekunberri kentinde sona eren 158,3 km uzunlu\u011fundaki 15. Etab\u0131n sonunda kedi fare oyunundan zafere pedallayan isim Rui Costa! Intermarch\u00e9 - Circus - Wanty tak\u0131m\u0131n\u0131n 36 ya\u015f\u0131ndaki Portekizlisinin kariyerindeki ilk La Vuelta etap zaferi! En son 2013 y\u0131l\u0131nda Tour de France 19. Etapta kazan\u0131p, devrisi\u2026","rel":"","context":"&quot;Vuelta a Espana&quot; i\u00e7inde","block_context":{"text":"Vuelta a Espana","link":"http:\/\/aynakol.org\/?cat=91"},"img":{"alt_text":"","src":"https:\/\/i0.wp.com\/aynakol.org\/wp-content\/uploads\/2023\/09\/lavuelta2023_stage_15_peloton_3-scaled.jpeg?fit=1200%2C800&resize=350%2C200","width":350,"height":200,"srcset":"https:\/\/i0.wp.com\/aynakol.org\/wp-content\/uploads\/2023\/09\/lavuelta2023_stage_15_peloton_3-scaled.jpeg?fit=1200%2C800&resize=350%2C200 1x, https:\/\/i0.wp.com\/aynakol.org\/wp-content\/uploads\/2023\/09\/lavuelta2023_stage_15_peloton_3-scaled.jpeg?fit=1200%2C800&resize=525%2C300 1.5x, https:\/\/i0.wp.com\/aynakol.org\/wp-content\/uploads\/2023\/09\/lavuelta2023_stage_15_peloton_3-scaled.jpeg?fit=1200%2C800&resize=700%2C400 2x, https:\/\/i0.wp.com\/aynakol.org\/wp-content\/uploads\/2023\/09\/lavuelta2023_stage_15_peloton_3-scaled.jpeg?fit=1200%2C800&resize=1050%2C600 3x"},"classes":[]},{"id":8559,"url":"http:\/\/aynakol.org\/?p=8559","url_meta":{"origin":8225,"position":2},"title":"La Vuelta a Espana 2023 17. Etap: Ribadesella \/ Ribeseya > Altu de L&#8217;Angliru, 124,5 km","author":"Ayd\u0131n Bez","date":"13 Eyl\u00fcl 2023","format":false,"excerpt":"D\u00fcnk\u00fc Etapta Neler Olmu\u015ftu? La Vuelta tarihinde ilk kez \u00e7\u0131k\u0131lan k\u0131sa ama silkeleyici Bejes da\u011f ge\u00e7idinde zafere pedallayan isim Jonas Vingegaard! Bu kendisinin kariyerindeki ikinci La Vuelta etap zaferi, ilki 13. Etapta Tourmalet zirvesinde Fransa topraklar\u0131ndayd\u0131, bu kez \u0130spanyada tutturdu! El Ultimo Kilometro \ud83d\udeb4\u200d\u2642\ufe0f\u0130spanya Bisiklet Turu 16. etab\u0131n\u0131 Jonas Vingegaard\u2026","rel":"","context":"&quot;Vuelta a Espana&quot; i\u00e7inde","block_context":{"text":"Vuelta a Espana","link":"http:\/\/aynakol.org\/?cat=91"},"img":{"alt_text":"","src":"https:\/\/i0.wp.com\/aynakol.org\/wp-content\/uploads\/2023\/09\/lavuelta2023_stage_15_peloton-1.jpeg?fit=1000%2C666&resize=350%2C200","width":350,"height":200,"srcset":"https:\/\/i0.wp.com\/aynakol.org\/wp-content\/uploads\/2023\/09\/lavuelta2023_stage_15_peloton-1.jpeg?fit=1000%2C666&resize=350%2C200 1x, https:\/\/i0.wp.com\/aynakol.org\/wp-content\/uploads\/2023\/09\/lavuelta2023_stage_15_peloton-1.jpeg?fit=1000%2C666&resize=525%2C300 1.5x, https:\/\/i0.wp.com\/aynakol.org\/wp-content\/uploads\/2023\/09\/lavuelta2023_stage_15_peloton-1.jpeg?fit=1000%2C666&resize=700%2C400 2x"},"classes":[]},{"id":8261,"url":"http:\/\/aynakol.org\/?p=8261","url_meta":{"origin":8225,"position":3},"title":"La Vuelta a Espana 2023 3. Etap: S\u00faria > Arinsal, 158,5 km","author":"Ayd\u0131n Bez","date":"28 A\u011fustos 2023","format":false,"excerpt":"D\u00fcnk\u00fc etapta neler olmu\u015ftu? Barcelonada sona eren 181,8 km uzunlu\u011fundaki 2. Etab\u0131n sonunda zafere uzanan isim Andreas Kron! Lotto Dstyn tak\u0131m\u0131n\u0131n 25 ya\u015f\u0131ndak\u0131 Danimarkal\u0131 pedal\u0131, ilk Gran Tour zaferini hafta i\u00e7i antraman esnas\u0131nda kar\u0131\u015ft\u0131\u011f\u0131 trafik kazas\u0131nda hayat\u0131n\u0131 kaybeden tak\u0131m\u0131n U23 kadrosunda yer alan Tijl De Deckere adad\u0131. D\u00fcn\u00fc aratmayan kabus\u2026","rel":"","context":"&quot;Vuelta a Espana&quot; i\u00e7inde","block_context":{"text":"Vuelta a Espana","link":"http:\/\/aynakol.org\/?cat=91"},"img":{"alt_text":"","src":"https:\/\/i0.wp.com\/aynakol.org\/wp-content\/uploads\/2015\/08\/Vuelta2015_Stage5_peloton.jpg?fit=1000%2C460&resize=350%2C200","width":350,"height":200,"srcset":"https:\/\/i0.wp.com\/aynakol.org\/wp-content\/uploads\/2015\/08\/Vuelta2015_Stage5_peloton.jpg?fit=1000%2C460&resize=350%2C200 1x, https:\/\/i0.wp.com\/aynakol.org\/wp-content\/uploads\/2015\/08\/Vuelta2015_Stage5_peloton.jpg?fit=1000%2C460&resize=525%2C300 1.5x, https:\/\/i0.wp.com\/aynakol.org\/wp-content\/uploads\/2015\/08\/Vuelta2015_Stage5_peloton.jpg?fit=1000%2C460&resize=700%2C400 2x"},"classes":[]},{"id":4199,"url":"http:\/\/aynakol.org\/?p=4199","url_meta":{"origin":8225,"position":4},"title":"La Vuelta a Espana 2016 \u00f6n incelemesi","author":"Ayd\u0131n Bez","date":"18 A\u011fustos 2016","format":false,"excerpt":"Ve y\u0131l\u0131n son b\u00fcy\u00fck turu i\u00e7in zaman geldi \u00e7att\u0131! Huzurlar\u0131n\u0131zda da\u011flar\u0131n be\u015fi\u011fi La Vuelta a Espana! Balneario Laias \u2192 Castrelo de Mi\u00f1o aras\u0131nda tak\u0131m zamana kar\u015f\u0131 (TTT: Team Time Trial) ile ba\u015flayacak La Vuelta a Espana 3279 km boyunca \u0130spanyan\u0131n \u00e7o\u011funlukla kuzeyinde dola\u015farak 21 yar\u0131\u015f, 2 de dinlenme g\u00fcn\u00fc sonras\u0131\u2026","rel":"","context":"&quot;Vuelta a Espana&quot; i\u00e7inde","block_context":{"text":"Vuelta a Espana","link":"http:\/\/aynakol.org\/?cat=91"},"img":{"alt_text":"","src":"https:\/\/i0.wp.com\/aynakol.org\/wp-content\/uploads\/2016\/08\/LaVuelta2016_banner.jpg?fit=686%2C350&resize=350%2C200","width":350,"height":200,"srcset":"https:\/\/i0.wp.com\/aynakol.org\/wp-content\/uploads\/2016\/08\/LaVuelta2016_banner.jpg?fit=686%2C350&resize=350%2C200 1x, https:\/\/i0.wp.com\/aynakol.org\/wp-content\/uploads\/2016\/08\/LaVuelta2016_banner.jpg?fit=686%2C350&resize=525%2C300 1.5x"},"classes":[]},{"id":8334,"url":"http:\/\/aynakol.org\/?p=8334","url_meta":{"origin":8225,"position":5},"title":"La Vuelta a Espana 2023, 8. Etap: D\u00e9nia > Xorret de Cat\u00ed. Costa Blanca Interior, 165 km","author":"Ayd\u0131n Bez","date":"2 Eyl\u00fcl 2023","format":false,"excerpt":"D\u00fcnk\u00fc etapta neler olmu\u015ftu? Ge\u00e7 kalm\u0131\u015f bir etap zaferi daha: Geoffrey Soupe! TotalEnergies tak\u0131m\u0131n\u0131n 35 ya\u015f\u0131ndaki Frans\u0131z pedal\u0131 Geoffrey Soupe, emeklili\u011fe iki kala t\u00fcm pelotonu \u015fa\u015f\u0131rt\u0131p rakiplerine de gidon d\u00f6vd\u00fcrerek Olivie k\u0131y\u0131lar\u0131nda sona eren 200,8 km uzunlu\u011fundaki 7. Etab\u0131 kazand\u0131! \u00a0 \u00a0 El Ultimo Kilometro Sakin ge\u00e7mesi beklenen etapta zafere\u2026","rel":"","context":"&quot;Vuelta a Espana&quot; i\u00e7inde","block_context":{"text":"Vuelta a Espana","link":"http:\/\/aynakol.org\/?cat=91"},"img":{"alt_text":"","src":"https:\/\/i0.wp.com\/aynakol.org\/wp-content\/uploads\/2023\/09\/vuelta2023_stage7_bunch_sprint-e1693591909205.jpg?fit=1200%2C494&resize=350%2C200","width":350,"height":200,"srcset":"https:\/\/i0.wp.com\/aynakol.org\/wp-content\/uploads\/2023\/09\/vuelta2023_stage7_bunch_sprint-e1693591909205.jpg?fit=1200%2C494&resize=350%2C200 1x, https:\/\/i0.wp.com\/aynakol.org\/wp-content\/uploads\/2023\/09\/vuelta2023_stage7_bunch_sprint-e1693591909205.jpg?fit=1200%2C494&resize=525%2C300 1.5x, https:\/\/i0.wp.com\/aynakol.org\/wp-content\/uploads\/2023\/09\/vuelta2023_stage7_bunch_sprint-e1693591909205.jpg?fit=1200%2C494&resize=700%2C400 2x, https:\/\/i0.wp.com\/aynakol.org\/wp-content\/uploads\/2023\/09\/vuelta2023_stage7_bunch_sprint-e1693591909205.jpg?fit=1200%2C494&resize=1050%2C600 3x"},"classes":[]}],"_links":{"self":[{"href":"http:\/\/aynakol.org\/index.php?rest_route=\/wp\/v2\/posts\/8225","targetHints":{"allow":["GET"]}}],"collection":[{"href":"http:\/\/aynakol.org\/index.php?rest_route=\/wp\/v2\/posts"}],"about":[{"href":"http:\/\/aynakol.org\/index.php?rest_route=\/wp\/v2\/types\/post"}],"author":[{"embeddable":true,"href":"http:\/\/aynakol.org\/index.php?rest_route=\/wp\/v2\/users\/1"}],"replies":[{"embeddable":true,"href":"http:\/\/aynakol.org\/index.php?rest_route=%2Fwp%2Fv2%2Fcomments&post=8225"}],"version-history":[{"count":5,"href":"http:\/\/aynakol.org\/index.php?rest_route=\/wp\/v2\/posts\/8225\/revisions"}],"predecessor-version":[{"id":8242,"href":"http:\/\/aynakol.org\/index.php?rest_route=\/wp\/v2\/posts\/8225\/revisions\/8242"}],"wp:featuredmedia":[{"embeddable":true,"href":"http:\/\/aynakol.org\/index.php?rest_route=\/wp\/v2\/media\/8229"}],"wp:attachment":[{"href":"http:\/\/aynakol.org\/index.php?rest_route=%2Fwp%2Fv2%2Fmedia&parent=8225"}],"wp:term":[{"taxonomy":"category","embeddable":true,"href":"http:\/\/aynakol.org\/index.php?rest_route=%2Fwp%2Fv2%2Fcategories&post=8225"},{"taxonomy":"post_tag","embeddable":true,"href":"http:\/\/aynakol.org\/index.php?rest_route=%2Fwp%2Fv2%2Ftags&post=8225"}],"curies":[{"name":"wp","href":"https:\/\/api.w.org\/{rel}","templated":true}]}}