{"id":8247,"date":"2023-08-26T22:09:28","date_gmt":"2023-08-26T19:09:28","guid":{"rendered":"http:\/\/aynakol.org\/?p=8247"},"modified":"2023-08-27T10:22:41","modified_gmt":"2023-08-27T07:22:41","slug":"la-vuelta-a-espana-2023-2-etap","status":"publish","type":"post","link":"http:\/\/aynakol.org\/?p=8247","title":{"rendered":"La Vuelta a Espana 2023 2. Etap: Matar\u00f3 \u203a Barcelona, 181,8 km"},"content":{"rendered":"<p><span style=\"font-size: 14pt; font-family: georgia, palatino, serif;\"><strong>D\u00fcnk\u00fc etapta neler olmu\u015ftu?<\/strong> <\/span><\/p>\n<p><span style=\"font-size: 12pt; font-family: georgia, palatino, serif;\">A\u00e7\u0131l\u0131\u015f etab\u0131na tak\u0131m zamana kar\u015f\u0131 m\u00fccadelesinden \u00e7ok sa\u011fanak ya\u011fmur ve havan\u0131n kararmas\u0131 damga vurdu! Hava durmunun isabetli bir \u015fekilde aylar \u00f6ncesinden tahmin edildi\u011fi bir zamanda ya\u011fmur kabul edilmi\u015fken etap ba\u015flang\u0131c\u0131n\u0131n \u00f6ne \u00e7ekilmemesi kararan havayla birle\u015fince pedallamak sporcular i\u00e7in adeta i\u015fkence haline geldi. <a href=\"https:\/\/www.instagram.com\/reel\/CwauDD5sU_k\/?utm_source=ig_web_button_share_sheet\" target=\"_blank\" rel=\"noopener\">Kaza yap\u0131p d\u00fc\u015fenler,<\/a> lastik patlatanlar, karanl\u0131k y\u00fcz\u00fcnden tedbirli pedallayanlar\u0131n g\u00f6lgesinde ge\u00e7en yar\u0131\u015fta Team dsm &#8211; firmench ve Movistar tak\u0131mlar\u0131 aras\u0131nda g\u00f6z\u00fc karartan bir m\u00fccadele ya\u015fand\u0131.<br \/>\n<\/span><\/p>\n<p><img data-recalc-dims=\"1\" loading=\"lazy\" decoding=\"async\" data-attachment-id=\"8251\" data-permalink=\"http:\/\/aynakol.org\/?attachment_id=8251\" data-orig-file=\"https:\/\/i0.wp.com\/aynakol.org\/wp-content\/uploads\/2023\/08\/vuelta2023_stage1_winner_team_dsm_firmenich.jpg?fit=2000%2C690\" data-orig-size=\"2000,690\" data-comments-opened=\"1\" data-image-meta=\"{&quot;aperture&quot;:&quot;0&quot;,&quot;credit&quot;:&quot;&quot;,&quot;camera&quot;:&quot;&quot;,&quot;caption&quot;:&quot;&quot;,&quot;created_timestamp&quot;:&quot;0&quot;,&quot;copyright&quot;:&quot;&quot;,&quot;focal_length&quot;:&quot;0&quot;,&quot;iso&quot;:&quot;0&quot;,&quot;shutter_speed&quot;:&quot;0&quot;,&quot;title&quot;:&quot;&quot;,&quot;orientation&quot;:&quot;0&quot;}\" data-image-title=\"vuelta2023_stage1_winner_team_dsm_firmenich\" data-image-description=\"\" data-image-caption=\"\" data-large-file=\"https:\/\/i0.wp.com\/aynakol.org\/wp-content\/uploads\/2023\/08\/vuelta2023_stage1_winner_team_dsm_firmenich.jpg?fit=860%2C296\" class=\"aligncenter size-large wp-image-8251\" src=\"https:\/\/i0.wp.com\/aynakol.org\/wp-content\/uploads\/2023\/08\/vuelta2023_stage1_winner_team_dsm_firmenich.jpg?resize=860%2C296\" alt=\"\" width=\"860\" height=\"296\" srcset=\"https:\/\/i0.wp.com\/aynakol.org\/wp-content\/uploads\/2023\/08\/vuelta2023_stage1_winner_team_dsm_firmenich.jpg?resize=1024%2C353 1024w, https:\/\/i0.wp.com\/aynakol.org\/wp-content\/uploads\/2023\/08\/vuelta2023_stage1_winner_team_dsm_firmenich.jpg?resize=300%2C104 300w, https:\/\/i0.wp.com\/aynakol.org\/wp-content\/uploads\/2023\/08\/vuelta2023_stage1_winner_team_dsm_firmenich.jpg?resize=768%2C265 768w, https:\/\/i0.wp.com\/aynakol.org\/wp-content\/uploads\/2023\/08\/vuelta2023_stage1_winner_team_dsm_firmenich.jpg?resize=1536%2C530 1536w, https:\/\/i0.wp.com\/aynakol.org\/wp-content\/uploads\/2023\/08\/vuelta2023_stage1_winner_team_dsm_firmenich.jpg?w=2000 2000w, https:\/\/i0.wp.com\/aynakol.org\/wp-content\/uploads\/2023\/08\/vuelta2023_stage1_winner_team_dsm_firmenich.jpg?w=1720 1720w\" sizes=\"auto, (max-width: 860px) 100vw, 860px\" \/><\/p>\n<p>&nbsp;<\/p>\n<p><span style=\"font-size: 12pt; font-family: georgia, palatino, serif;\">Ortam bisiklet s\u00fcrmeye elveri\u015fli olmay\u0131nca kimse mutlu olmad\u0131. Kazanan tak\u0131m erken saatte hava ayd\u0131nl\u0131k, ya\u011fmur az, g\u00f6r\u00fc\u015f a\u00e7\u0131s\u0131 net \u015fekilde yola \u00e7\u0131kanlar i\u00e7inden kazanan Frans\u0131z ekibi Team dsm &#8211; firmenic tak\u0131m\u0131 oldu. Movistar \u00e7ok zorlasa da ayn\u0131 dereceyi elde ederken son \u015fampiyon Remco Evenepoel ve tak\u0131m\u0131 Soudal &#8211; Quick Step 6 sn. farkla etab\u0131 tamamlad\u0131. Di\u011fer favorilerden INEOS Grenadiers 20 sn, BORA &#8211; hansgrohe 28 sn ve Jumbo-Visma ise 32 sn ile etab\u0131 bitirebildi. <\/span><\/p>\n<p><span style=\"font-size: 12pt; font-family: georgia, palatino, serif;\"><span style=\"font-size: 14pt;\"><strong>Etab\u0131n \u00f6ne \u00e7\u0131kan anlar\u0131<\/strong><\/span><br \/>\n<\/span><\/p>\n<p><iframe loading=\"lazy\" title=\"YouTube video player\" src=\"\/\/www.youtube.com\/embed\/t_cFgJuREVE?si=3IDqQlzbOXqLTgFd\" width=\"560\" height=\"315\" frameborder=\"0\" allowfullscreen=\"allowfullscreen\"><\/iframe><\/p>\n<p><span style=\"font-size: 12pt; font-family: georgia, palatino, serif;\"><span style=\"font-size: 14pt;\"><strong>Flamme Rouge<\/strong><\/span><br \/>\n<\/span><\/p>\n<div style=\"position: relative; padding-bottom: 56.25%; height: 0; overflow: hidden;\"><iframe loading=\"lazy\" style=\"width: 100%; height: 100%; position: absolute; left: 0px; top: 0px; overflow: hidden;\" title=\"Dailymotion Video Player\" src=\"https:\/\/www.dailymotion.com\/embed\/video\/x8ni4v8\" width=\"100%\" height=\"100%\" frameborder=\"0\" allowfullscreen=\"allowfullscreen\" data-mce-fragment=\"1\"> <\/iframe><\/div>\n<p>&nbsp;<\/p>\n<p><span style=\"font-size: 12pt; font-family: georgia, palatino, serif;\">Yol bisikleti ile kabul edilebilecek bir ya\u011fmur, zamana kar\u015f\u0131 bisikletleri ile y\u00f6netilebilir olmaktan uzak korku dolu bir s\u00fcr\u00fc\u015fe davetiye \u00e7\u0131kartt\u0131. Bir\u00e7ok tak\u0131m tren kurmaktan uzak korku i\u00e7inde da\u011f\u0131n\u0131k bir \u015fekilde pedallarken acaba etap iptal edilir dereceler n\u00f6tralize edilir mi diye sorarken havan\u0131n kararmas\u0131yla birlikte ge\u00e7 \u00e7\u0131kan Jumbo-Visma, Movistar, Soudal &#8211; Quick Step, INEOS Grenadier tak\u0131mlar\u0131 favori olmalar\u0131na kar\u015f\u0131n tedbirli bir yar\u0131\u015f pedallad\u0131klar\u0131 i\u00e7in istedikleri dereceleri yapamad\u0131lar.<\/span><\/p>\n<p>&nbsp;<\/p>\n<p><img data-recalc-dims=\"1\" loading=\"lazy\" decoding=\"async\" data-attachment-id=\"8257\" data-permalink=\"http:\/\/aynakol.org\/?attachment_id=8257\" data-orig-file=\"https:\/\/i0.wp.com\/aynakol.org\/wp-content\/uploads\/2023\/08\/vuelta2023_stage1_pedalling_in_the_dark_jumbovisma.jpg?fit=1920%2C1080\" data-orig-size=\"1920,1080\" data-comments-opened=\"1\" data-image-meta=\"{&quot;aperture&quot;:&quot;0&quot;,&quot;credit&quot;:&quot;&quot;,&quot;camera&quot;:&quot;&quot;,&quot;caption&quot;:&quot;&quot;,&quot;created_timestamp&quot;:&quot;0&quot;,&quot;copyright&quot;:&quot;&quot;,&quot;focal_length&quot;:&quot;0&quot;,&quot;iso&quot;:&quot;0&quot;,&quot;shutter_speed&quot;:&quot;0&quot;,&quot;title&quot;:&quot;&quot;,&quot;orientation&quot;:&quot;0&quot;}\" data-image-title=\"vuelta2023_stage1_pedalling_in_the_dark_jumbovisma\" data-image-description=\"\" data-image-caption=\"\" data-large-file=\"https:\/\/i0.wp.com\/aynakol.org\/wp-content\/uploads\/2023\/08\/vuelta2023_stage1_pedalling_in_the_dark_jumbovisma.jpg?fit=860%2C484\" class=\"aligncenter size-large wp-image-8257\" src=\"https:\/\/i0.wp.com\/aynakol.org\/wp-content\/uploads\/2023\/08\/vuelta2023_stage1_pedalling_in_the_dark_jumbovisma.jpg?resize=860%2C484\" alt=\"\" width=\"860\" height=\"484\" srcset=\"https:\/\/i0.wp.com\/aynakol.org\/wp-content\/uploads\/2023\/08\/vuelta2023_stage1_pedalling_in_the_dark_jumbovisma.jpg?resize=1024%2C576 1024w, https:\/\/i0.wp.com\/aynakol.org\/wp-content\/uploads\/2023\/08\/vuelta2023_stage1_pedalling_in_the_dark_jumbovisma.jpg?resize=300%2C169 300w, https:\/\/i0.wp.com\/aynakol.org\/wp-content\/uploads\/2023\/08\/vuelta2023_stage1_pedalling_in_the_dark_jumbovisma.jpg?resize=768%2C432 768w, https:\/\/i0.wp.com\/aynakol.org\/wp-content\/uploads\/2023\/08\/vuelta2023_stage1_pedalling_in_the_dark_jumbovisma.jpg?resize=1536%2C864 1536w, https:\/\/i0.wp.com\/aynakol.org\/wp-content\/uploads\/2023\/08\/vuelta2023_stage1_pedalling_in_the_dark_jumbovisma.jpg?w=1920 1920w, https:\/\/i0.wp.com\/aynakol.org\/wp-content\/uploads\/2023\/08\/vuelta2023_stage1_pedalling_in_the_dark_jumbovisma.jpg?w=1720 1720w\" sizes=\"auto, (max-width: 860px) 100vw, 860px\" \/><\/p>\n<p>&nbsp;<\/p>\n<p><span style=\"font-size: 12pt; font-family: georgia, palatino, serif;\"><strong><span style=\"font-size: 14pt;\">S\u0131ral\u0131 tam liste<\/span><br \/>\n<\/strong><\/span><\/p>\n<p><iframe loading=\"lazy\" src=\"https:\/\/www.procyclingstats.com\/widgets\/result.php?h=93605b40b1ab85122e755c5be607b9027596f344\" width=\"520\" height=\"320\"><\/iframe><\/p>\n<p>&nbsp;<\/p>\n<p><span style=\"font-size: 12pt; font-family: georgia, palatino, serif;\">Tak\u0131m zamana kar\u015f\u0131 m\u00fccadelesinde biti\u015f \u00e7izgisini 5. s\u0131rada ge\u00e7en sporcunun derecesi baz al\u0131nd\u0131\u011f\u0131ndan dsm &#8211; firmenich tak\u0131m\u0131ndan bu isim Lorenzo Milesi olunca g\u00fcn\u00fcn sonunda Maglia Roja, alt\u0131n mayoyu da s\u0131rt\u0131na ge\u00e7irdi. <\/span><\/p>\n<p><img data-recalc-dims=\"1\" loading=\"lazy\" decoding=\"async\" data-attachment-id=\"8258\" data-permalink=\"http:\/\/aynakol.org\/?attachment_id=8258\" data-orig-file=\"https:\/\/i0.wp.com\/aynakol.org\/wp-content\/uploads\/2023\/08\/vuelta2023_stage1_maglia_roja_lorenzo_ilesi.jpg?fit=1024%2C683\" data-orig-size=\"1024,683\" data-comments-opened=\"1\" data-image-meta=\"{&quot;aperture&quot;:&quot;0&quot;,&quot;credit&quot;:&quot;&quot;,&quot;camera&quot;:&quot;&quot;,&quot;caption&quot;:&quot;&quot;,&quot;created_timestamp&quot;:&quot;0&quot;,&quot;copyright&quot;:&quot;&quot;,&quot;focal_length&quot;:&quot;0&quot;,&quot;iso&quot;:&quot;0&quot;,&quot;shutter_speed&quot;:&quot;0&quot;,&quot;title&quot;:&quot;&quot;,&quot;orientation&quot;:&quot;0&quot;}\" data-image-title=\"vuelta2023_stage1_maglia_roja_lorenzo_ilesi\" data-image-description=\"&lt;p&gt;Korku dolu a\u00e7\u0131l\u0131\u015f etab\u0131n\u0131n sonunda maglia Roja i\u00e7in aranan emanet\u00e7i bulundu: Team dsm &amp;#8211; firmenich tak\u0131m\u0131n\u0131n \u0130talyan pedal\u0131 Lorenzo Milesi yar\u0131n etaba Alt\u0131n Mayo ile ba\u015flayacak.&lt;\/p&gt;\n\" data-image-caption=\"\" data-large-file=\"https:\/\/i0.wp.com\/aynakol.org\/wp-content\/uploads\/2023\/08\/vuelta2023_stage1_maglia_roja_lorenzo_ilesi.jpg?fit=860%2C574\" class=\"aligncenter size-full wp-image-8258\" src=\"https:\/\/i0.wp.com\/aynakol.org\/wp-content\/uploads\/2023\/08\/vuelta2023_stage1_maglia_roja_lorenzo_ilesi.jpg?resize=860%2C574\" alt=\"\" width=\"860\" height=\"574\" srcset=\"https:\/\/i0.wp.com\/aynakol.org\/wp-content\/uploads\/2023\/08\/vuelta2023_stage1_maglia_roja_lorenzo_ilesi.jpg?w=1024 1024w, https:\/\/i0.wp.com\/aynakol.org\/wp-content\/uploads\/2023\/08\/vuelta2023_stage1_maglia_roja_lorenzo_ilesi.jpg?resize=300%2C200 300w, https:\/\/i0.wp.com\/aynakol.org\/wp-content\/uploads\/2023\/08\/vuelta2023_stage1_maglia_roja_lorenzo_ilesi.jpg?resize=768%2C512 768w\" sizes=\"auto, (max-width: 860px) 100vw, 860px\" \/><\/p>\n<p>&nbsp;<\/p>\n<p><span style=\"font-size: 12pt; font-family: georgia, palatino, serif;\">Etap sonras\u0131 Remco Evenepoelin r\u00f6p\u00f6rtaj\u0131 da bu sorunlara, ya\u011fmuru kabul ettiklerin\u015f, bu sporun bir \u011far\u00e7as\u0131 olsa da karanl\u0131kta s\u00fcrmelerinin tamam\u0131 ile korku dolu ve anlams\u0131z oldu\u011fu, parkura daima kazanmak i\u00e7in \u00e7\u0131kt\u0131klar\u0131 halde bu \u015fartlar alt\u0131nda bunun m\u00fcmk\u00fcn olamayaca\u011f\u0131n\u0131 belirtti. Organizat\u00f6rler de sinirlenen Evenepoel, g\u00fcvenli\u011fin hi\u00e7e say\u0131ld\u0131\u011f\u0131 bir yerde yar\u0131\u015fman\u0131n mant\u0131ks\u0131l\u0131\u011f\u0131na da de\u011findi: Risk al\u0131yoruz ve her yar\u0131\u015fa kazanmak i\u00e7in \u00e7\u0131k\u0131yoruz, etab\u0131 ba\u015flatmak i\u00e7in b\u00fct\u00fcn bir g\u00fcn vard\u0131 ve \u00f6ne \u00e7ekmek ak\u0131llar\u0131na bile gelmedi.<br \/>\n<\/span><\/p>\n<p>&nbsp;<\/p>\n<div id=\"attachment_8255\" style=\"width: 870px\" class=\"wp-caption aligncenter\"><img data-recalc-dims=\"1\" loading=\"lazy\" decoding=\"async\" aria-describedby=\"caption-attachment-8255\" data-attachment-id=\"8255\" data-permalink=\"http:\/\/aynakol.org\/?attachment_id=8255\" data-orig-file=\"https:\/\/i0.wp.com\/aynakol.org\/wp-content\/uploads\/2023\/08\/vuelta2023_stage1_pedalling_in_the_dark.jpg?fit=2000%2C1333\" data-orig-size=\"2000,1333\" data-comments-opened=\"1\" data-image-meta=\"{&quot;aperture&quot;:&quot;0&quot;,&quot;credit&quot;:&quot;&quot;,&quot;camera&quot;:&quot;&quot;,&quot;caption&quot;:&quot;&quot;,&quot;created_timestamp&quot;:&quot;0&quot;,&quot;copyright&quot;:&quot;&quot;,&quot;focal_length&quot;:&quot;0&quot;,&quot;iso&quot;:&quot;0&quot;,&quot;shutter_speed&quot;:&quot;0&quot;,&quot;title&quot;:&quot;&quot;,&quot;orientation&quot;:&quot;0&quot;}\" data-image-title=\"vuelta2023_stage1_pedalling_in_the_dark\" data-image-description=\"\" data-image-caption=\"\" data-large-file=\"https:\/\/i0.wp.com\/aynakol.org\/wp-content\/uploads\/2023\/08\/vuelta2023_stage1_pedalling_in_the_dark.jpg?fit=860%2C573\" class=\"wp-image-8255 size-large\" src=\"https:\/\/i0.wp.com\/aynakol.org\/wp-content\/uploads\/2023\/08\/vuelta2023_stage1_pedalling_in_the_dark.jpg?resize=860%2C573\" alt=\"\" width=\"860\" height=\"573\" srcset=\"https:\/\/i0.wp.com\/aynakol.org\/wp-content\/uploads\/2023\/08\/vuelta2023_stage1_pedalling_in_the_dark.jpg?resize=1024%2C682 1024w, https:\/\/i0.wp.com\/aynakol.org\/wp-content\/uploads\/2023\/08\/vuelta2023_stage1_pedalling_in_the_dark.jpg?resize=300%2C200 300w, https:\/\/i0.wp.com\/aynakol.org\/wp-content\/uploads\/2023\/08\/vuelta2023_stage1_pedalling_in_the_dark.jpg?resize=768%2C512 768w, https:\/\/i0.wp.com\/aynakol.org\/wp-content\/uploads\/2023\/08\/vuelta2023_stage1_pedalling_in_the_dark.jpg?resize=1536%2C1024 1536w, https:\/\/i0.wp.com\/aynakol.org\/wp-content\/uploads\/2023\/08\/vuelta2023_stage1_pedalling_in_the_dark.jpg?w=2000 2000w, https:\/\/i0.wp.com\/aynakol.org\/wp-content\/uploads\/2023\/08\/vuelta2023_stage1_pedalling_in_the_dark.jpg?w=1720 1720w\" sizes=\"auto, (max-width: 860px) 100vw, 860px\" \/><p id=\"caption-attachment-8255\" class=\"wp-caption-text\">Karanl\u0131kta Pedal&#8230; hangi tak\u0131m oldu\u011funu tahmin bile edemiyoruz, o kadar karanl\u0131k. Bug\u00fcnk\u00fc ya\u011fmur, adeta gelecek s\u0131cak g\u00fcnlerin alegorisi!<\/p><\/div>\n<p>&nbsp;<\/p>\n<p><span style=\"font-size: 14pt;\"><span style=\"font-family: georgia, palatino, serif; font-size: 12pt;\">Kaza ve lastik patla\u011f\u0131yla talihsiz bir etap pedallayan INEOS Grenadiers tak\u0131m\u0131ndan kaza yapan Laurens De Plus ne yaz\u0131k ki yar\u0131\u015f\u0131 b\u0131rakt\u0131. D\u00fc\u015ft\u00fckten sonra \u00e7ok iyi g\u00f6r\u00fcnmeyen, dizi kan i\u00e7inde aya\u011fa kalksa da baca\u011f\u0131n\u0131 adeta s\u00fcr\u00fcye s\u00fcr\u00fcye bisikletine yeniden binen De Plus ne yaz\u0131k ki ilk g\u00fcnden abandone oldu. <\/span><strong><span style=\"font-family: georgia, palatino, serif;\"><br \/>\n<\/span><\/strong><\/span><\/p>\n<p>&nbsp;<\/p>\n<p><span style=\"font-size: 14pt;\"><strong><span style=\"font-family: georgia, palatino, serif;\">Bug\u00fcnk\u00fc etapa gelirsek: <\/span><\/strong><\/span><\/p>\n<p><span style=\"font-size: 12pt; font-family: georgia, palatino, serif;\">S\u0131rt\u0131n\u0131 da\u011flara veren Matar\u00f3 k\u0131y\u0131lar\u0131ndan ba\u015flayacak ikinci etap, 181,8 km uzunlu\u011funda. Daha ilk metrelerde pelotonu Coll de Sant Bartmoeu (5,5 km, % 4,6 e\u011fim) t\u0131rman\u0131l\u0131rken pe\u015finden bir 45 km uzunlu\u011funda bir ovasal d\u00fczl\u00fck var. G\u00fcn\u00fcn ana yeme\u011fi Cat 2 s\u0131n\u0131f\u0131 Col d&#8217;Estenalles (11,5 km uzunluk, ortalama e\u011fim %4) etab\u0131n tam ortas\u0131na kuruluken zirveden sonra bir 100 km daha kal\u0131yor ki, daha ilk g\u00fcnden bu kadar y\u00fcklenmek bacaklara&#8230; Neden Vuelta?<\/span><\/p>\n<div id=\"attachment_8249\" style=\"width: 734px\" class=\"wp-caption aligncenter\"><img data-recalc-dims=\"1\" loading=\"lazy\" decoding=\"async\" aria-describedby=\"caption-attachment-8249\" data-attachment-id=\"8249\" data-permalink=\"http:\/\/aynakol.org\/?attachment_id=8249\" data-orig-file=\"https:\/\/i0.wp.com\/aynakol.org\/wp-content\/uploads\/2023\/08\/vuelta2023_stage2_map.jpg?fit=960%2C1358\" data-orig-size=\"960,1358\" data-comments-opened=\"1\" data-image-meta=\"{&quot;aperture&quot;:&quot;0&quot;,&quot;credit&quot;:&quot;&quot;,&quot;camera&quot;:&quot;&quot;,&quot;caption&quot;:&quot;&quot;,&quot;created_timestamp&quot;:&quot;0&quot;,&quot;copyright&quot;:&quot;&quot;,&quot;focal_length&quot;:&quot;0&quot;,&quot;iso&quot;:&quot;0&quot;,&quot;shutter_speed&quot;:&quot;0&quot;,&quot;title&quot;:&quot;&quot;,&quot;orientation&quot;:&quot;0&quot;}\" data-image-title=\"vuelta2023_stage2_map\" data-image-description=\"\" data-image-caption=\"\" data-large-file=\"https:\/\/i0.wp.com\/aynakol.org\/wp-content\/uploads\/2023\/08\/vuelta2023_stage2_map.jpg?fit=724%2C1024\" class=\"wp-image-8249 size-large\" src=\"https:\/\/i0.wp.com\/aynakol.org\/wp-content\/uploads\/2023\/08\/vuelta2023_stage2_map.jpg?resize=724%2C1024\" alt=\"\" width=\"724\" height=\"1024\" srcset=\"https:\/\/i0.wp.com\/aynakol.org\/wp-content\/uploads\/2023\/08\/vuelta2023_stage2_map.jpg?resize=724%2C1024 724w, https:\/\/i0.wp.com\/aynakol.org\/wp-content\/uploads\/2023\/08\/vuelta2023_stage2_map.jpg?resize=212%2C300 212w, https:\/\/i0.wp.com\/aynakol.org\/wp-content\/uploads\/2023\/08\/vuelta2023_stage2_map.jpg?resize=768%2C1086 768w, https:\/\/i0.wp.com\/aynakol.org\/wp-content\/uploads\/2023\/08\/vuelta2023_stage2_map.jpg?w=960 960w\" sizes=\"auto, (max-width: 724px) 100vw, 724px\" \/><p id=\"caption-attachment-8249\" class=\"wp-caption-text\">2. Etap Rotas\u0131: K\u0131y\u0131dan k\u0131y\u0131ya \u015fahin u\u00e7urmak i\u00e7in \u015f\u00f6yle bir da\u011flar\u0131 dolanmak laz\u0131m.<\/p><\/div>\n<p>&nbsp;<\/p>\n<p><span style=\"font-size: 12pt; font-family: georgia, palatino, serif;\">Etab\u0131n kalan 100 km&#8217;si i\u00e7inde iki tepecik var, peloton ka\u00e7anlara izin verip son t\u0131rman\u0131\u015fa do\u011fru Barcelona i\u00e7indeki \u015fehir i\u00e7i kovalamacayla yakalama \u00e7abas\u0131nda olacakt\u0131r. E\u011fer ki ka\u00e7anlardan biri Castell de Montjuic t\u0131rman\u0131\u015f\u0131na tek ba\u015f\u0131na girer de bacaklar\u0131na s\u00f6z dinletebilirse etab\u0131 kazan\u0131r, yoksa puncheur pedallar\u0131n k\u0131ran k\u0131rana m\u00fccadelesine tan\u0131k olaca\u011f\u0131z.<br \/>\n<\/span><\/p>\n<div id=\"attachment_8250\" style=\"width: 970px\" class=\"wp-caption aligncenter\"><img data-recalc-dims=\"1\" loading=\"lazy\" decoding=\"async\" aria-describedby=\"caption-attachment-8250\" data-attachment-id=\"8250\" data-permalink=\"http:\/\/aynakol.org\/?attachment_id=8250\" data-orig-file=\"https:\/\/i0.wp.com\/aynakol.org\/wp-content\/uploads\/2023\/08\/vuelta2023_stage2_profile.png?fit=960%2C447\" data-orig-size=\"960,447\" data-comments-opened=\"1\" data-image-meta=\"{&quot;aperture&quot;:&quot;0&quot;,&quot;credit&quot;:&quot;&quot;,&quot;camera&quot;:&quot;&quot;,&quot;caption&quot;:&quot;&quot;,&quot;created_timestamp&quot;:&quot;0&quot;,&quot;copyright&quot;:&quot;&quot;,&quot;focal_length&quot;:&quot;0&quot;,&quot;iso&quot;:&quot;0&quot;,&quot;shutter_speed&quot;:&quot;0&quot;,&quot;title&quot;:&quot;&quot;,&quot;orientation&quot;:&quot;0&quot;}\" data-image-title=\"vuelta2023_stage2_profile\" data-image-description=\"\" data-image-caption=\"\" data-large-file=\"https:\/\/i0.wp.com\/aynakol.org\/wp-content\/uploads\/2023\/08\/vuelta2023_stage2_profile.png?fit=860%2C400\" class=\"wp-image-8250 size-full\" src=\"https:\/\/i0.wp.com\/aynakol.org\/wp-content\/uploads\/2023\/08\/vuelta2023_stage2_profile.png?resize=860%2C400\" alt=\"\" width=\"860\" height=\"400\" srcset=\"https:\/\/i0.wp.com\/aynakol.org\/wp-content\/uploads\/2023\/08\/vuelta2023_stage2_profile.png?w=960 960w, https:\/\/i0.wp.com\/aynakol.org\/wp-content\/uploads\/2023\/08\/vuelta2023_stage2_profile.png?resize=300%2C140 300w, https:\/\/i0.wp.com\/aynakol.org\/wp-content\/uploads\/2023\/08\/vuelta2023_stage2_profile.png?resize=768%2C358 768w\" sizes=\"auto, (max-width: 860px) 100vw, 860px\" \/><p id=\"caption-attachment-8250\" class=\"wp-caption-text\">La Vuelta a Espana 2023, 2. Etap Profili: Ba\u015flar ba\u015flamaz t\u0131rman\u0131\u015f buras\u0131 Vuelta, dikkatli olun mesaj\u0131 adeta!<\/p><\/div>\n<p>&nbsp;<\/p>\n","protected":false},"excerpt":{"rendered":"<p>D\u00fcnk\u00fc etapta neler olmu\u015ftu? A\u00e7\u0131l\u0131\u015f etab\u0131na tak\u0131m zamana kar\u015f\u0131 m\u00fccadelesinden \u00e7ok sa\u011fanak ya\u011fmur ve havan\u0131n kararmas\u0131 damga vurdu! Hava durmunun isabetli bir \u015fekilde aylar \u00f6ncesinden [&#8230;]<\/p>\n","protected":false},"author":1,"featured_media":0,"comment_status":"open","ping_status":"open","sticky":false,"template":"","format":"standard","meta":{"jetpack_post_was_ever_published":false,"_jetpack_newsletter_access":"","_jetpack_dont_email_post_to_subs":false,"_jetpack_newsletter_tier_id":0,"_jetpack_memberships_contains_paywalled_content":false,"_jetpack_memberships_contains_paid_content":false,"footnotes":"","jetpack_publicize_message":"","jetpack_publicize_feature_enabled":true,"jetpack_social_post_already_shared":true,"jetpack_social_options":{"image_generator_settings":{"template":"highway","default_image_id":0,"font":"","enabled":false},"version":2}},"categories":[92,91],"tags":[233,1605,1604,14,1601,234,1603,1602],"class_list":["post-8247","post","type-post","status-publish","format-standard","hentry","category-grand","category-vuelta-2","tag-ispanya-bisiklet-turu","tag-lorenzo-milesi","tag-team-dsm-firmenich","tag-vuelta","tag-vuelta-2023","tag-vuelta-a-espana","tag-vuelta-a-espana-2023","tag-vuelta-ciclista-a-espana"],"jetpack_publicize_connections":[],"jetpack_featured_media_url":"","jetpack_sharing_enabled":true,"jetpack_shortlink":"https:\/\/wp.me\/p51p4O-291","jetpack_likes_enabled":true,"jetpack-related-posts":[{"id":8411,"url":"http:\/\/aynakol.org\/?p=8411","url_meta":{"origin":8247,"position":0},"title":"La Vuelta a Espana 2023 10. Etap: Valladolid > Valladolid, 25,8 km (ITT)","author":"Ayd\u0131n Bez","date":"5 Eyl\u00fcl 2023","format":false,"excerpt":"9. Etapta neler olmu\u015ftu? \u0130lk kez konuk oldu\u011fumuz Alta Caravaca de la Cruz zirvesinde sona eren 9. Etab\u0131n sonunda her t\u00fcrl\u00fc zorlu\u011fa kar\u015f\u0131 y\u0131lmadan pedal \u00e7evirip, bu eforu zaferle ta\u00e7land\u0131ran isim Lennard Kamna!\u00a0 \u00a0 Etap ba\u015flar ba\u015flamaz etkisini g\u00f6steren, \u00fclkenin g\u00fcney do\u011fusuna egemen f\u0131rt\u0131nadan sebep \u00e7apraz r\u00fczgarlara kafa tutan BORA\u2026","rel":"","context":"&quot;Vuelta a Espana&quot; i\u00e7inde","block_context":{"text":"Vuelta a Espana","link":"http:\/\/aynakol.org\/?cat=91"},"img":{"alt_text":"","src":"https:\/\/i0.wp.com\/aynakol.org\/wp-content\/uploads\/2023\/09\/vuelta2023_stage10_cover_photo.jpg?fit=1200%2C414&resize=350%2C200","width":350,"height":200,"srcset":"https:\/\/i0.wp.com\/aynakol.org\/wp-content\/uploads\/2023\/09\/vuelta2023_stage10_cover_photo.jpg?fit=1200%2C414&resize=350%2C200 1x, https:\/\/i0.wp.com\/aynakol.org\/wp-content\/uploads\/2023\/09\/vuelta2023_stage10_cover_photo.jpg?fit=1200%2C414&resize=525%2C300 1.5x, https:\/\/i0.wp.com\/aynakol.org\/wp-content\/uploads\/2023\/09\/vuelta2023_stage10_cover_photo.jpg?fit=1200%2C414&resize=700%2C400 2x, https:\/\/i0.wp.com\/aynakol.org\/wp-content\/uploads\/2023\/09\/vuelta2023_stage10_cover_photo.jpg?fit=1200%2C414&resize=1050%2C600 3x"},"classes":[]},{"id":8433,"url":"http:\/\/aynakol.org\/?p=8433","url_meta":{"origin":8247,"position":1},"title":"La Vuelta a Espana 2023 12. Etap: \u00d3lvega > Zaragoza, 151 km","author":"Ayd\u0131n Bez","date":"7 Eyl\u00fcl 2023","format":false,"excerpt":"D\u00fcnk\u00fc Etapta Neler Olmu\u015ftu? Ka\u00e7\u0131\u015f destan\u0131na \u015fahit oldu\u011fumuz, \u00e7ok \u00e7al\u0131\u015fan\u0131n de\u011fil do\u011fru zamanda atak yap\u0131p kopup gidenin kazand\u0131\u011f\u0131n\u0131 g\u00f6rd\u00fc\u011f\u00fcm\u00fcz 11. Etab\u0131n sonunda zafere uzanan isim Jesus Herrada!\u00a0 \u00a0 El Ultimo Kilometro \u00a0 \u00d6ncesi zamana kar\u015f\u0131 m\u00fccadelesi olan 11. Etapta beklendi\u011fi gibi favoriler yar\u0131\u015f\u0131n t\u00fcm kontrol\u00fcn\u00fc ka\u00e7\u0131\u015fa verince sakin bir g\u00fcn\u2026","rel":"","context":"&quot;Vuelta a Espana&quot; i\u00e7inde","block_context":{"text":"Vuelta a Espana","link":"http:\/\/aynakol.org\/?cat=91"},"img":{"alt_text":"","src":"https:\/\/i0.wp.com\/aynakol.org\/wp-content\/uploads\/2023\/09\/vuelta2023_stage12_cover_photo.jpg?fit=1200%2C414&resize=350%2C200","width":350,"height":200,"srcset":"https:\/\/i0.wp.com\/aynakol.org\/wp-content\/uploads\/2023\/09\/vuelta2023_stage12_cover_photo.jpg?fit=1200%2C414&resize=350%2C200 1x, https:\/\/i0.wp.com\/aynakol.org\/wp-content\/uploads\/2023\/09\/vuelta2023_stage12_cover_photo.jpg?fit=1200%2C414&resize=525%2C300 1.5x, https:\/\/i0.wp.com\/aynakol.org\/wp-content\/uploads\/2023\/09\/vuelta2023_stage12_cover_photo.jpg?fit=1200%2C414&resize=700%2C400 2x, https:\/\/i0.wp.com\/aynakol.org\/wp-content\/uploads\/2023\/09\/vuelta2023_stage12_cover_photo.jpg?fit=1200%2C414&resize=1050%2C600 3x"},"classes":[]},{"id":8421,"url":"http:\/\/aynakol.org\/?p=8421","url_meta":{"origin":8247,"position":2},"title":"La Vuelta a Espana 2023 11. Etap: Lerma > La Laguna Negra.Vinuesa, 163,5 km","author":"Ayd\u0131n Bez","date":"6 Eyl\u00fcl 2023","format":false,"excerpt":"D\u00fcnk\u00fc etapta neler olmu\u015ftu? Valladolid kentinde pedallanan bireysel zamana kar\u015f\u0131 etab\u0131nda kazanan isim Filippo Ganna! S\u0131rt\u0131nda \u0130talyan \u015fampiyonluk mayosu ile yan\u0131na iki isim d\u0131\u015f\u0131nda kimseyi yakla\u015ft\u0131rmayan Top Ganna, bu zaferle k\u00f6t\u00fc bir La Vuelta ge\u00e7iren umutsuz tak\u0131m\u0131 INEOS Grenadierse biraz umut vermi\u015f oldu. \u00a0 Filippo Ganna, 25,8km uzunlu\u011fundaki zamana kar\u015f\u0131\u2026","rel":"","context":"&quot;Vuelta a Espana&quot; i\u00e7inde","block_context":{"text":"Vuelta a Espana","link":"http:\/\/aynakol.org\/?cat=91"},"img":{"alt_text":"","src":"https:\/\/i0.wp.com\/aynakol.org\/wp-content\/uploads\/2023\/09\/vuelta2023_stage10_itt_Jasha_Sutterlin-scaled.jpg?fit=1200%2C800&resize=350%2C200","width":350,"height":200,"srcset":"https:\/\/i0.wp.com\/aynakol.org\/wp-content\/uploads\/2023\/09\/vuelta2023_stage10_itt_Jasha_Sutterlin-scaled.jpg?fit=1200%2C800&resize=350%2C200 1x, https:\/\/i0.wp.com\/aynakol.org\/wp-content\/uploads\/2023\/09\/vuelta2023_stage10_itt_Jasha_Sutterlin-scaled.jpg?fit=1200%2C800&resize=525%2C300 1.5x, https:\/\/i0.wp.com\/aynakol.org\/wp-content\/uploads\/2023\/09\/vuelta2023_stage10_itt_Jasha_Sutterlin-scaled.jpg?fit=1200%2C800&resize=700%2C400 2x, https:\/\/i0.wp.com\/aynakol.org\/wp-content\/uploads\/2023\/09\/vuelta2023_stage10_itt_Jasha_Sutterlin-scaled.jpg?fit=1200%2C800&resize=1050%2C600 3x"},"classes":[]},{"id":8285,"url":"http:\/\/aynakol.org\/?p=8285","url_meta":{"origin":8247,"position":3},"title":"La Vuelta a Espana 2023, 5. Etap: Morella > Burriana, 186,2 km","author":"Ayd\u0131n Bez","date":"30 A\u011fustos 2023","format":false,"excerpt":"D\u00fcnk\u00fc etapta neler olmu\u015ftu? Tarragona k\u0131y\u0131lar\u0131nda sona eren 184,6 km uzunlu\u011fundaki 4. etab\u0131n sonunda zafere sa\u00e7lar\u0131n\u0131 savura savura pedallayan isim Kaden Groves! Giro d'Italia 2023 sonras\u0131 La Vueltada da etap kazanan Alpecin - Deceuninck tak\u0131m\u0131n\u0131n 24 ya\u015f\u0131ndaki Avustralyal\u0131 pedal\u0131 Groves ge\u00e7en seneki zaferinin yan\u0131na bir tane daha eklerken, tak\u0131m\u0131 da\u2026","rel":"","context":"&quot;Vuelta a Espana&quot; i\u00e7inde","block_context":{"text":"Vuelta a Espana","link":"http:\/\/aynakol.org\/?cat=91"},"img":{"alt_text":"","src":"https:\/\/i0.wp.com\/aynakol.org\/wp-content\/uploads\/2023\/08\/vuelta2023_stage1_peloton.jpg?fit=1024%2C683&resize=350%2C200","width":350,"height":200,"srcset":"https:\/\/i0.wp.com\/aynakol.org\/wp-content\/uploads\/2023\/08\/vuelta2023_stage1_peloton.jpg?fit=1024%2C683&resize=350%2C200 1x, https:\/\/i0.wp.com\/aynakol.org\/wp-content\/uploads\/2023\/08\/vuelta2023_stage1_peloton.jpg?fit=1024%2C683&resize=525%2C300 1.5x, https:\/\/i0.wp.com\/aynakol.org\/wp-content\/uploads\/2023\/08\/vuelta2023_stage1_peloton.jpg?fit=1024%2C683&resize=700%2C400 2x"},"classes":[]},{"id":8579,"url":"http:\/\/aynakol.org\/?p=8579","url_meta":{"origin":8247,"position":4},"title":"La Vuelta a Espana 2023 20. Etap: Manzanares El Real > Guadarrama, 208 km","author":"Ayd\u0131n Bez","date":"16 Eyl\u00fcl 2023","format":false,"excerpt":"D\u00fcnk\u00fc Etapta Neler Olmu\u015ftu? \u00cdscar kentinde sona eren 177 km uzunlu\u011fundaki 19. Etab\u0131n sonunda ya\u015fanan toplu sprint m\u00fccadelesinde gelip gelen isim Alberto Dainese! \u00a0 \u00a0 Sene sonunda ba\u015fka tak\u0131ma ge\u00e7ecek olan 25 ya\u015f\u0131ndaki \u0130talyan sprinter kariyerinin ilk La Veulta, toplamda da Giro dahil \u00fc\u00e7\u00fcnc\u00fc b\u00fcy\u00fck tur zaferine imza att\u0131. Kendisini\u2026","rel":"","context":"&quot;Vuelta a Espana&quot; i\u00e7inde","block_context":{"text":"Vuelta a Espana","link":"http:\/\/aynakol.org\/?cat=91"},"img":{"alt_text":"","src":"https:\/\/i0.wp.com\/aynakol.org\/wp-content\/uploads\/2023\/09\/20230915_1900174511734942764105848-e1694800930236.jpg?fit=1200%2C562&resize=350%2C200","width":350,"height":200,"srcset":"https:\/\/i0.wp.com\/aynakol.org\/wp-content\/uploads\/2023\/09\/20230915_1900174511734942764105848-e1694800930236.jpg?fit=1200%2C562&resize=350%2C200 1x, https:\/\/i0.wp.com\/aynakol.org\/wp-content\/uploads\/2023\/09\/20230915_1900174511734942764105848-e1694800930236.jpg?fit=1200%2C562&resize=525%2C300 1.5x, https:\/\/i0.wp.com\/aynakol.org\/wp-content\/uploads\/2023\/09\/20230915_1900174511734942764105848-e1694800930236.jpg?fit=1200%2C562&resize=700%2C400 2x, https:\/\/i0.wp.com\/aynakol.org\/wp-content\/uploads\/2023\/09\/20230915_1900174511734942764105848-e1694800930236.jpg?fit=1200%2C562&resize=1050%2C600 3x"},"classes":[]},{"id":8298,"url":"http:\/\/aynakol.org\/?p=8298","url_meta":{"origin":8247,"position":5},"title":"La Vuelta a Espana 2023, 6. Etap: La Vall d&#8217;Uix\u00f3 > Observatorio Astrof\u00edsico de Javalambre, 183,1 km","author":"Ayd\u0131n Bez","date":"31 A\u011fustos 2023","format":false,"excerpt":"D\u00fcnk\u00fc etapta neler olmu\u015ftu? Kaden Groves! D\u00fcnk\u00fc etap nas\u0131l bittiyse bug\u00fcn de ayn\u0131s\u0131n\u0131 izledik: Burriana k\u0131y\u0131lar\u0131nda sona eren 5. Etab\u0131n sonunda en h\u0131zl\u0131 sprinti at\u0131p zafere pedallayan isim Kaden Groves! Alpecin-Deceuninck tak\u0131m\u0131n\u0131n Avustralyal\u0131 pedal\u0131 \u00fcst \u00fcste kazand\u0131\u011f\u0131 iki etapla s\u0131rt\u0131ndaki ye\u015fil mayoyu da peki\u015ftirdi. \u00a0 D\u00fcn Sebastian Molano, bug\u00fcn de\u2026","rel":"","context":"&quot;Vuelta a Espana&quot; i\u00e7inde","block_context":{"text":"Vuelta a Espana","link":"http:\/\/aynakol.org\/?cat=91"},"img":{"alt_text":"","src":"https:\/\/i0.wp.com\/aynakol.org\/wp-content\/uploads\/2023\/08\/vuelta2023_stage4_peloton0.jpg?fit=1000%2C666&resize=350%2C200","width":350,"height":200,"srcset":"https:\/\/i0.wp.com\/aynakol.org\/wp-content\/uploads\/2023\/08\/vuelta2023_stage4_peloton0.jpg?fit=1000%2C666&resize=350%2C200 1x, https:\/\/i0.wp.com\/aynakol.org\/wp-content\/uploads\/2023\/08\/vuelta2023_stage4_peloton0.jpg?fit=1000%2C666&resize=525%2C300 1.5x, https:\/\/i0.wp.com\/aynakol.org\/wp-content\/uploads\/2023\/08\/vuelta2023_stage4_peloton0.jpg?fit=1000%2C666&resize=700%2C400 2x"},"classes":[]}],"_links":{"self":[{"href":"http:\/\/aynakol.org\/index.php?rest_route=\/wp\/v2\/posts\/8247","targetHints":{"allow":["GET"]}}],"collection":[{"href":"http:\/\/aynakol.org\/index.php?rest_route=\/wp\/v2\/posts"}],"about":[{"href":"http:\/\/aynakol.org\/index.php?rest_route=\/wp\/v2\/types\/post"}],"author":[{"embeddable":true,"href":"http:\/\/aynakol.org\/index.php?rest_route=\/wp\/v2\/users\/1"}],"replies":[{"embeddable":true,"href":"http:\/\/aynakol.org\/index.php?rest_route=%2Fwp%2Fv2%2Fcomments&post=8247"}],"version-history":[{"count":5,"href":"http:\/\/aynakol.org\/index.php?rest_route=\/wp\/v2\/posts\/8247\/revisions"}],"predecessor-version":[{"id":8260,"href":"http:\/\/aynakol.org\/index.php?rest_route=\/wp\/v2\/posts\/8247\/revisions\/8260"}],"wp:attachment":[{"href":"http:\/\/aynakol.org\/index.php?rest_route=%2Fwp%2Fv2%2Fmedia&parent=8247"}],"wp:term":[{"taxonomy":"category","embeddable":true,"href":"http:\/\/aynakol.org\/index.php?rest_route=%2Fwp%2Fv2%2Fcategories&post=8247"},{"taxonomy":"post_tag","embeddable":true,"href":"http:\/\/aynakol.org\/index.php?rest_route=%2Fwp%2Fv2%2Ftags&post=8247"}],"curies":[{"name":"wp","href":"https:\/\/api.w.org\/{rel}","templated":true}]}}