{"id":8261,"date":"2023-08-28T10:00:26","date_gmt":"2023-08-28T07:00:26","guid":{"rendered":"http:\/\/aynakol.org\/?p=8261"},"modified":"2023-08-28T12:34:34","modified_gmt":"2023-08-28T09:34:34","slug":"la-vuelta-a-espana-2023-3-etap","status":"publish","type":"post","link":"http:\/\/aynakol.org\/?p=8261","title":{"rendered":"La Vuelta a Espana 2023 3. Etap: S\u00faria > Arinsal, 158,5 km"},"content":{"rendered":"<p><span style=\"font-size: 12pt; font-family: georgia, palatino, serif;\"><strong><span style=\"font-size: 14pt;\">D\u00fcnk\u00fc etapta neler olmu\u015ftu?<\/span><\/strong><\/span><\/p>\n<p><span style=\"font-size: 12pt; font-family: georgia, palatino, serif;\">Barcelonada sona eren 181,8 km uzunlu\u011fundaki 2. Etab\u0131n sonunda zafere uzanan isim Andreas Kron! Lotto Dstyn tak\u0131m\u0131n\u0131n 25 ya\u015f\u0131ndak\u0131 Danimarkal\u0131 pedal\u0131, ilk Gran Tour zaferini hafta i\u00e7i antraman esnas\u0131nda kar\u0131\u015ft\u0131\u011f\u0131 trafik kazas\u0131nda hayat\u0131n\u0131 kaybeden tak\u0131m\u0131n U23 kadrosunda yer alan Tijl De Deckere adad\u0131. <\/span><\/p>\n<p><img data-recalc-dims=\"1\" loading=\"lazy\" decoding=\"async\" data-attachment-id=\"8265\" data-permalink=\"http:\/\/aynakol.org\/?attachment_id=8265\" data-orig-file=\"https:\/\/i0.wp.com\/aynakol.org\/wp-content\/uploads\/2023\/08\/vuelta2023_stage2_andreas_kron.jpg?fit=2000%2C1333\" data-orig-size=\"2000,1333\" data-comments-opened=\"1\" data-image-meta=\"{&quot;aperture&quot;:&quot;0&quot;,&quot;credit&quot;:&quot;&quot;,&quot;camera&quot;:&quot;&quot;,&quot;caption&quot;:&quot;&quot;,&quot;created_timestamp&quot;:&quot;0&quot;,&quot;copyright&quot;:&quot;&quot;,&quot;focal_length&quot;:&quot;0&quot;,&quot;iso&quot;:&quot;0&quot;,&quot;shutter_speed&quot;:&quot;0&quot;,&quot;title&quot;:&quot;&quot;,&quot;orientation&quot;:&quot;0&quot;}\" data-image-title=\"vuelta2023_stage2_andreas_kron\" data-image-description=\"\" data-image-caption=\"\" data-large-file=\"https:\/\/i0.wp.com\/aynakol.org\/wp-content\/uploads\/2023\/08\/vuelta2023_stage2_andreas_kron.jpg?fit=860%2C573\" class=\"aligncenter size-large wp-image-8265\" src=\"https:\/\/i0.wp.com\/aynakol.org\/wp-content\/uploads\/2023\/08\/vuelta2023_stage2_andreas_kron.jpg?resize=860%2C573\" alt=\"\" width=\"860\" height=\"573\" srcset=\"https:\/\/i0.wp.com\/aynakol.org\/wp-content\/uploads\/2023\/08\/vuelta2023_stage2_andreas_kron.jpg?resize=1024%2C682 1024w, https:\/\/i0.wp.com\/aynakol.org\/wp-content\/uploads\/2023\/08\/vuelta2023_stage2_andreas_kron.jpg?resize=300%2C200 300w, https:\/\/i0.wp.com\/aynakol.org\/wp-content\/uploads\/2023\/08\/vuelta2023_stage2_andreas_kron.jpg?resize=768%2C512 768w, https:\/\/i0.wp.com\/aynakol.org\/wp-content\/uploads\/2023\/08\/vuelta2023_stage2_andreas_kron.jpg?resize=1536%2C1024 1536w, https:\/\/i0.wp.com\/aynakol.org\/wp-content\/uploads\/2023\/08\/vuelta2023_stage2_andreas_kron.jpg?w=2000 2000w, https:\/\/i0.wp.com\/aynakol.org\/wp-content\/uploads\/2023\/08\/vuelta2023_stage2_andreas_kron.jpg?w=1720 1720w\" sizes=\"auto, (max-width: 860px) 100vw, 860px\" \/><\/p>\n<p><span style=\"font-size: 12pt; font-family: georgia, palatino, serif;\">D\u00fcn\u00fc aratmayan kabus gibi bir etap geride kal\u0131rken, peloton \u00f6n\u00fcnde art\u0131k s\u0131acak ve da\u011flar ve \u015fehir i\u00e7inden uzak temiz yollardan olu\u015fan bir rota oldu\u011funa seviniyor. Zira, La Vuelta demek otoyollar ve daplar\u0131n aras\u0131na at\u0131lm\u0131\u015f yollar, g\u00fcne\u015f ve yak\u0131c\u0131 s\u0131cak demek olsa da k\u00fcresel kaynaman\u0131n getirdi\u011fi dengesizlikler d\u00fcnden beri yar\u0131\u015fa damgas\u0131n\u0131 vurdu: Etab\u0131n ba\u015f\u0131ndan sonuna dek egemen ya\u011f\u0131\u015f, kazalar ki, favorilerden Roglic ve Thomas\u0131n da kar\u0131\u015ft\u0131\u011f\u0131, abondoneler, kaygan ve \u0131slak yollar, tehlikeli viraj ve trafik adalar\u0131 derken, d\u00fcn karar almakta tutukluk ya\u015fayan yar\u0131\u015f direkt\u00f6rl\u00fc\u011f\u00fc bug\u00fcnk\u00fc etab\u0131n sonundaki Castell Montjuic t\u0131rman\u0131\u015f\u0131ndaki bonus saniyeleri iptal edip biti\u015f \u00e7izgisindeki dereceleri ger\u00e7ersiz sayd\u0131. <\/span><\/p>\n<p>&nbsp;<\/p>\n<div style=\"position: relative; padding-bottom: 56.25%; height: 0; overflow: hidden;\"><iframe loading=\"lazy\" style=\"width: 100%; height: 100%; position: absolute; left: 0px; top: 0px; overflow: hidden;\" title=\"Dailymotion Video Player\" src=\"https:\/\/www.dailymotion.com\/embed\/video\/x8nikdd\" width=\"100%\" height=\"100%\" frameborder=\"0\" allowfullscreen=\"allowfullscreen\" data-mce-fragment=\"1\"> <\/iframe><\/div>\n<p>&nbsp;<\/p>\n<p><span style=\"font-size: 12pt; font-family: georgia, palatino, serif;\">Bunun yerine 9 km kala ge\u00e7ilen Plaza Espanyadaki s\u00fcrelerin ge\u00e7erli say\u0131laca\u011f\u0131 etapta favoriler ba\u015fta Jumbo-Visma ve d\u00fcn en \u00e7ok isyan eden, biti\u015f sonras\u0131 r\u00f6portajda s\u00f6z\u00fcn\u00fc esirgemeyen Remco Evenepoel liderli\u011finde peloton etab\u0131 n\u00f6tralize etti kendi kendine. <\/span><\/p>\n<p><span style=\"font-size: 12pt; font-family: georgia, palatino, serif;\">\u00a0<\/span><\/p>\n<p><span style=\"font-size: 12pt; font-family: georgia, palatino, serif;\"><strong><span style=\"font-size: 14pt;\">El \u00daltimo Kilometro<\/span><\/strong><\/span><\/p>\n<div style=\"position: relative; padding-bottom: 56.25%; height: 0; overflow: hidden;\"><iframe loading=\"lazy\" style=\"width: 100%; height: 100%; position: absolute; left: 0px; top: 0px; overflow: hidden;\" title=\"Dailymotion Video Player\" src=\"https:\/\/www.dailymotion.com\/embed\/video\/x8nil7o\" width=\"100%\" height=\"100%\" frameborder=\"0\" allowfullscreen=\"allowfullscreen\" data-mce-fragment=\"1\"> <\/iframe><\/div>\n<p>&nbsp;<\/p>\n<p><span style=\"font-size: 12pt; font-family: georgia, palatino, serif;\">Ancak etab\u0131 kazanmak, Maglia Rojay\u0131 korumak ya da s\u0131rta ge\u00e7irmek isteyen baz\u0131 tak\u0131mlar bu karde\u015fli\u011fi bozsalar da n\u00f6tralizasyona \u00f6n ayak olan tak\u0131mlar anla\u015fmaya sad\u0131k kalarak Castell Montjuic t\u0131rman\u0131\u015f\u0131nda b\u0131rak\u0131n atak yapmay\u0131 teker tekere s\u00fcrd\u00fcler ve etab\u0131 iddias\u0131z tak\u0131mlara b\u0131rakt\u0131lar. Bu f\u0131rsat\u0131 iyi de\u011ferlendiren Andreas Kron ka\u00e7\u0131\u015f\u0131n da yakalanmas\u0131yla birlikte t\u0131rman\u0131\u015fta \u00f6ne \u00e7\u0131kt\u0131 ve ini\u015fte adanm\u0131\u015f bir zafer i\u00e7in g\u00f6z\u00fcn\u00fc karartarak ata\u011f\u0131n\u0131 s\u00fcrd\u00fcrd\u00fc ve zafere uzand\u0131. <\/span><\/p>\n<p>&nbsp;<\/p>\n<p><span style=\"font-size: 14pt;\"><strong><span style=\"font-family: georgia, palatino, serif;\">Etab\u0131n \u00f6ne \u00e7\u0131kan anlar\u0131<\/span><\/strong><\/span><\/p>\n<p><iframe loading=\"lazy\" title=\"YouTube video player\" src=\"\/\/www.youtube.com\/embed\/DuY3ASWNKQ8?si=qHoIZihEQxxJwmvs\" width=\"562\" height=\"315\" frameborder=\"0\" allowfullscreen=\"allowfullscreen\"><\/iframe><\/p>\n<p>&nbsp;<\/p>\n<p><span style=\"font-size: 12pt; font-family: georgia, palatino, serif;\"><strong><span style=\"font-size: 14pt;\">S\u0131ral\u0131 tam liste <\/span><\/strong><\/span><\/p>\n<p><iframe loading=\"lazy\" src=\"https:\/\/www.procyclingstats.com\/widgets\/result.php?h=31734341916a7b5e29b728e78f2b8ac3aa10a5b6\" width=\"520\" height=\"320\"><\/iframe><\/p>\n<p>&nbsp;<\/p>\n<p><span style=\"font-size: 12pt; font-family: georgia, palatino, serif;\">Son 9 km i\u00e7inde ge\u00e7ilen Plaza Espanyadaki s\u00fcrelerin genel klasman s\u0131ralamas\u0131nda baz al\u0131nd\u0131\u011f\u0131, Catell de Montjuicdeki bonuslar\u0131n iptal edildi\u011fi ama biti\u015f \u00e7izgisindekilerin ge\u00e7erli oldu\u011fu, \u00fcst\u00fcne biti\u015f \u00e7izgisindeki derecelerin de dikkate al\u0131nmayaca\u011f\u0131 kafa kar\u0131\u015f\u0131kl\u0131\u011f\u0131yla biten etab\u0131n sonunda yeni Alt\u0131n Mayo, Maglia Roja etab\u0131n orijinal ka\u00e7\u0131\u015f grubundan geriye kalan <a href=\"https:\/\/twitter.com\/lavuelta\/status\/1695845655602737500?s=20\" target=\"_blank\" rel=\"noopener\">Andrea Piccolo<\/a>. EF Education-EasyPost tak\u0131m\u0131n\u0131n \u0130talyan pedal\u0131 b\u00f6ylece 167 km boyunca ka\u00e7t\u0131\u011f\u0131 etab\u0131n m\u00fckafat\u0131n\u0131 da alm\u0131\u015f oldu.<\/span><\/p>\n<p>&nbsp;<\/p>\n<p><span style=\"font-size: 12pt; font-family: georgia, palatino, serif;\"><strong><span style=\"font-size: 14pt;\">Bug\u00fcnk\u00fc etab\u0131 incelersek<\/span> <\/strong><\/span><\/p>\n<p><span style=\"font-size: 12pt; font-family: georgia, palatino, serif;\">\u0130spanya i\u00e7inde bir \u00fclkecik, Andorra yollar\u0131nday\u0131z. Andorra \u00f6yle bir \u00fclke ki, s\u0131n\u0131rlar\u0131 i\u00e7indeki da\u011flar\u0131n toplam irtifas\u0131 y\u00fcz\u00f6l\u00e7\u00fcm\u00fcnden fazla olabilir! Pelotonun, La Vuelta tarihinde s\u0131kl\u0131kla u\u011frad\u0131\u011f\u0131 \u00fclke s\u0131n\u0131rlar\u0131 i\u00e7inde neredeyse yar\u0131\u015fan pedallar\u0131n %70&#8217;i vergis avantaj\u0131ndan dolay\u0131 ikamet ediyor; ayr\u0131ca yal\u00e7\u0131n da\u011flar\u0131 genel klasman lider ve tak\u0131mlar\u0131n\u0131n da g\u00f6zdesi. <\/span><\/p>\n<p>&nbsp;<\/p>\n<div id=\"attachment_8264\" style=\"width: 970px\" class=\"wp-caption aligncenter\"><img data-recalc-dims=\"1\" loading=\"lazy\" decoding=\"async\" aria-describedby=\"caption-attachment-8264\" data-attachment-id=\"8264\" data-permalink=\"http:\/\/aynakol.org\/?attachment_id=8264\" data-orig-file=\"https:\/\/i0.wp.com\/aynakol.org\/wp-content\/uploads\/2023\/08\/vuelta2023_stage3_profile.png?fit=960%2C608\" data-orig-size=\"960,608\" data-comments-opened=\"1\" data-image-meta=\"{&quot;aperture&quot;:&quot;0&quot;,&quot;credit&quot;:&quot;&quot;,&quot;camera&quot;:&quot;&quot;,&quot;caption&quot;:&quot;&quot;,&quot;created_timestamp&quot;:&quot;0&quot;,&quot;copyright&quot;:&quot;&quot;,&quot;focal_length&quot;:&quot;0&quot;,&quot;iso&quot;:&quot;0&quot;,&quot;shutter_speed&quot;:&quot;0&quot;,&quot;title&quot;:&quot;&quot;,&quot;orientation&quot;:&quot;0&quot;}\" data-image-title=\"vuelta2023_stage3_profile\" data-image-description=\"\" data-image-caption=\"\" data-large-file=\"https:\/\/i0.wp.com\/aynakol.org\/wp-content\/uploads\/2023\/08\/vuelta2023_stage3_profile.png?fit=860%2C545\" class=\"wp-image-8264 size-full\" src=\"https:\/\/i0.wp.com\/aynakol.org\/wp-content\/uploads\/2023\/08\/vuelta2023_stage3_profile.png?resize=860%2C545\" alt=\"\" width=\"860\" height=\"545\" srcset=\"https:\/\/i0.wp.com\/aynakol.org\/wp-content\/uploads\/2023\/08\/vuelta2023_stage3_profile.png?w=960 960w, https:\/\/i0.wp.com\/aynakol.org\/wp-content\/uploads\/2023\/08\/vuelta2023_stage3_profile.png?resize=300%2C190 300w, https:\/\/i0.wp.com\/aynakol.org\/wp-content\/uploads\/2023\/08\/vuelta2023_stage3_profile.png?resize=768%2C486 768w\" sizes=\"auto, (max-width: 860px) 100vw, 860px\" \/><p id=\"caption-attachment-8264\" class=\"wp-caption-text\">La Vuelta a Espana 2023, 3. Etap Profili: D\u00fcn bir bug\u00fcn \u00fc\u00e7 derken ilk zirve biti\u015fi kar\u015f\u0131m\u0131zda!<\/p><\/div>\n<p><span style=\"font-family: georgia, palatino, serif;\"><span style=\"font-size: 12pt;\"><span class=\"red\">S\u00faria<\/span><span class=\"red\"> &gt; <\/span><\/span><span class=\"red\"><span style=\"font-size: 12pt;\">Arinsal, Andorra aras\u0131nda pedallanacak 3. Etap 158,5 km uzunlu\u011funda. Da\u011fl\u0131k bir profile sahip etab\u0131n biti\u015f \u00e7izgisi neredeyse 2000 mt rak\u0131mdaki Arisal zirvesine \u00e7ekilmi\u015f. Etap ba\u015flar ba\u015flamaz irtifa kazan\u0131lmas\u0131 art\u0131k La Vueltan\u0131n bir gelene\u011fi oldu\u011fundan \u015fa\u015f\u0131rmadan usul usul t\u0131rmanmaya ba\u015fl\u0131yor peloton.<\/span> <\/span><\/span><\/p>\n<p><img data-recalc-dims=\"1\" loading=\"lazy\" decoding=\"async\" data-attachment-id=\"8263\" data-permalink=\"http:\/\/aynakol.org\/?attachment_id=8263\" data-orig-file=\"https:\/\/i0.wp.com\/aynakol.org\/wp-content\/uploads\/2023\/08\/vuelta2023_stage3_coll_de_ordino.png?fit=960%2C1139\" data-orig-size=\"960,1139\" data-comments-opened=\"1\" data-image-meta=\"{&quot;aperture&quot;:&quot;0&quot;,&quot;credit&quot;:&quot;&quot;,&quot;camera&quot;:&quot;&quot;,&quot;caption&quot;:&quot;&quot;,&quot;created_timestamp&quot;:&quot;0&quot;,&quot;copyright&quot;:&quot;&quot;,&quot;focal_length&quot;:&quot;0&quot;,&quot;iso&quot;:&quot;0&quot;,&quot;shutter_speed&quot;:&quot;0&quot;,&quot;title&quot;:&quot;&quot;,&quot;orientation&quot;:&quot;0&quot;}\" data-image-title=\"vuelta2023_stage3_coll_de_ordino\" data-image-description=\"\" data-image-caption=\"\" data-large-file=\"https:\/\/i0.wp.com\/aynakol.org\/wp-content\/uploads\/2023\/08\/vuelta2023_stage3_coll_de_ordino.png?fit=860%2C1020\" class=\"aligncenter size-large wp-image-8263\" src=\"https:\/\/i0.wp.com\/aynakol.org\/wp-content\/uploads\/2023\/08\/vuelta2023_stage3_coll_de_ordino.png?resize=860%2C1020\" alt=\"\" width=\"860\" height=\"1020\" srcset=\"https:\/\/i0.wp.com\/aynakol.org\/wp-content\/uploads\/2023\/08\/vuelta2023_stage3_coll_de_ordino.png?resize=863%2C1024 863w, https:\/\/i0.wp.com\/aynakol.org\/wp-content\/uploads\/2023\/08\/vuelta2023_stage3_coll_de_ordino.png?resize=253%2C300 253w, https:\/\/i0.wp.com\/aynakol.org\/wp-content\/uploads\/2023\/08\/vuelta2023_stage3_coll_de_ordino.png?resize=768%2C911 768w, https:\/\/i0.wp.com\/aynakol.org\/wp-content\/uploads\/2023\/08\/vuelta2023_stage3_coll_de_ordino.png?w=960 960w\" sizes=\"auto, (max-width: 860px) 100vw, 860px\" \/><\/p>\n<p><span class=\"red\"><span style=\"font-size: 12pt; font-family: georgia, palatino, serif;\">S\u0131n\u0131fland\u0131r\u0131lmam\u0131\u015f tepeciklerin ard\u0131ndan 107. km geride kal\u0131nca girilecek Andorra topraklar\u0131nda La Vuelta 2023 de ilk ciddi da\u011f ge\u00e7idi kar\u015f\u0131m\u0131za \u00e7\u0131k\u0131yor: 1977 mt rak\u0131ma konu\u015flu zirvesinden etab\u0131n 128,2. km&#8217;sinde ge\u00e7ilecek Coll d&#8217;Ordino da\u011f ge\u00e7idi 17,5 km uzunlu\u011funda. Ortalama e\u011fiminin %4,5 g\u00f6r\u00fcnmesi \u015fa\u015f\u0131rtmas\u0131n: \u0130zrvenin pik yapt\u0131\u011f\u0131 yerde bir plato var, ini\u015f ve pe\u015finden 1 km&#8217;lik bir t\u0131rman\u0131\u015f daha. Pe\u015finden bir 13 km uzunlu\u011funda ini\u015f ve 1200 mt rak\u0131mdan tekrardan s\u0131rt\u0131n\u0131 da\u011flara yaslayan Arinsal da\u011f\u0131na t\u0131rman\u0131\u015f.<\/span><br \/>\n<\/span><\/p>\n<p><img data-recalc-dims=\"1\" loading=\"lazy\" decoding=\"async\" data-attachment-id=\"8262\" data-permalink=\"http:\/\/aynakol.org\/?attachment_id=8262\" data-orig-file=\"https:\/\/i0.wp.com\/aynakol.org\/wp-content\/uploads\/2023\/08\/vuelta2023_stage3_arinsal_andorra.png?fit=960%2C1368\" data-orig-size=\"960,1368\" data-comments-opened=\"1\" data-image-meta=\"{&quot;aperture&quot;:&quot;0&quot;,&quot;credit&quot;:&quot;&quot;,&quot;camera&quot;:&quot;&quot;,&quot;caption&quot;:&quot;&quot;,&quot;created_timestamp&quot;:&quot;0&quot;,&quot;copyright&quot;:&quot;&quot;,&quot;focal_length&quot;:&quot;0&quot;,&quot;iso&quot;:&quot;0&quot;,&quot;shutter_speed&quot;:&quot;0&quot;,&quot;title&quot;:&quot;&quot;,&quot;orientation&quot;:&quot;0&quot;}\" data-image-title=\"vuelta2023_stage3_arinsal_andorra\" data-image-description=\"\" data-image-caption=\"\" data-large-file=\"https:\/\/i0.wp.com\/aynakol.org\/wp-content\/uploads\/2023\/08\/vuelta2023_stage3_arinsal_andorra.png?fit=719%2C1024\" class=\"aligncenter size-large wp-image-8262\" src=\"https:\/\/i0.wp.com\/aynakol.org\/wp-content\/uploads\/2023\/08\/vuelta2023_stage3_arinsal_andorra.png?resize=719%2C1024\" alt=\"\" width=\"719\" height=\"1024\" srcset=\"https:\/\/i0.wp.com\/aynakol.org\/wp-content\/uploads\/2023\/08\/vuelta2023_stage3_arinsal_andorra.png?resize=719%2C1024 719w, https:\/\/i0.wp.com\/aynakol.org\/wp-content\/uploads\/2023\/08\/vuelta2023_stage3_arinsal_andorra.png?resize=211%2C300 211w, https:\/\/i0.wp.com\/aynakol.org\/wp-content\/uploads\/2023\/08\/vuelta2023_stage3_arinsal_andorra.png?resize=768%2C1094 768w, https:\/\/i0.wp.com\/aynakol.org\/wp-content\/uploads\/2023\/08\/vuelta2023_stage3_arinsal_andorra.png?w=960 960w\" sizes=\"auto, (max-width: 719px) 100vw, 719px\" \/><\/p>\n<p><span style=\"font-size: 12pt; font-family: georgia, palatino, serif;\">Yaz\u0131n do\u011fa y\u00fcr\u00fc\u015fc\u00fcleri ve do\u011fal olarak amat\u00f6r\u00fcnden profesyoneline dek bisiklet sporcular\u0131n\u0131n, k\u0131\u015f\u0131nda kayak merakl\u0131lar\u0131n\u0131n u\u011frak noktas\u0131 Arinsal zirvesi bu seneki La Vueltan\u0131n ilk zirve biti\u015fine ev sahipli\u011fi yap\u0131yor. Ortalama e\u011fimi &amp;8 civar\u0131ndaki zirveye uzanan yol 8,2 km uzunlu\u011funda. Zorlu ilk hafta boyunca Maglia Roja i\u00e7in istekli bir\u00e7ok isim var, ancak Jonas Vingegaard ve liderli\u011fi payla\u015ft\u0131\u011f\u0131 tak\u0131m arkada\u015f\u0131 u\u00e7te \u00fc\u00e7 Primoz Roglic, TdF zaferi yan\u0131na bir de La Vuelta zaferi eklemek isteyen Geraint Thomas, son \u015fampiyon Remco Evenepoel, Juan Ayuso ve e\u015f lider Jaoa Almeida, Jay Vine neden olmas\u0131n sorular\u0131yla bo\u011fu\u015furken etap \u00f6ncesi imkan varsa sald\u0131r\u0131n, atak yap\u0131n ve mayoyu al\u0131n direktifi gelecektir; \u00f6te yanda ise tak\u0131m\u0131n ilk haftadan yorulmas\u0131 riski var. Enric Mas, neden olmas\u0131n?<\/span><\/p>\n","protected":false},"excerpt":{"rendered":"<p>D\u00fcnk\u00fc etapta neler olmu\u015ftu? Barcelonada sona eren 181,8 km uzunlu\u011fundaki 2. Etab\u0131n sonunda zafere uzanan isim Andreas Kron! Lotto Dstyn tak\u0131m\u0131n\u0131n 25 ya\u015f\u0131ndak\u0131 Danimarkal\u0131 pedal\u0131, [&#8230;]<\/p>\n","protected":false},"author":1,"featured_media":1744,"comment_status":"open","ping_status":"open","sticky":false,"template":"","format":"standard","meta":{"jetpack_post_was_ever_published":false,"_jetpack_newsletter_access":"","_jetpack_dont_email_post_to_subs":false,"_jetpack_newsletter_tier_id":0,"_jetpack_memberships_contains_paywalled_content":false,"_jetpack_memberships_contains_paid_content":false,"footnotes":"","jetpack_publicize_message":"","jetpack_publicize_feature_enabled":true,"jetpack_social_post_already_shared":true,"jetpack_social_options":{"image_generator_settings":{"template":"highway","default_image_id":0,"font":"","enabled":false},"version":2}},"categories":[91],"tags":[1606,233,1605,1604,14,1601,234,1603,1602],"class_list":["post-8261","post","type-post","status-publish","format-standard","has-post-thumbnail","hentry","category-vuelta-2","tag-anreas-kron","tag-ispanya-bisiklet-turu","tag-lorenzo-milesi","tag-team-dsm-firmenich","tag-vuelta","tag-vuelta-2023","tag-vuelta-a-espana","tag-vuelta-a-espana-2023","tag-vuelta-ciclista-a-espana"],"jetpack_publicize_connections":[],"jetpack_featured_media_url":"https:\/\/i0.wp.com\/aynakol.org\/wp-content\/uploads\/2015\/08\/Vuelta2015_Stage5_peloton.jpg?fit=1000%2C460","jetpack_sharing_enabled":true,"jetpack_shortlink":"https:\/\/wp.me\/p51p4O-29f","jetpack_likes_enabled":true,"jetpack-related-posts":[{"id":8285,"url":"http:\/\/aynakol.org\/?p=8285","url_meta":{"origin":8261,"position":0},"title":"La Vuelta a Espana 2023, 5. Etap: Morella > Burriana, 186,2 km","author":"Ayd\u0131n Bez","date":"30 A\u011fustos 2023","format":false,"excerpt":"D\u00fcnk\u00fc etapta neler olmu\u015ftu? Tarragona k\u0131y\u0131lar\u0131nda sona eren 184,6 km uzunlu\u011fundaki 4. etab\u0131n sonunda zafere sa\u00e7lar\u0131n\u0131 savura savura pedallayan isim Kaden Groves! Giro d'Italia 2023 sonras\u0131 La Vueltada da etap kazanan Alpecin - Deceuninck tak\u0131m\u0131n\u0131n 24 ya\u015f\u0131ndaki Avustralyal\u0131 pedal\u0131 Groves ge\u00e7en seneki zaferinin yan\u0131na bir tane daha eklerken, tak\u0131m\u0131 da\u2026","rel":"","context":"&quot;Vuelta a Espana&quot; i\u00e7inde","block_context":{"text":"Vuelta a Espana","link":"http:\/\/aynakol.org\/?cat=91"},"img":{"alt_text":"","src":"https:\/\/i0.wp.com\/aynakol.org\/wp-content\/uploads\/2023\/08\/vuelta2023_stage1_peloton.jpg?fit=1024%2C683&resize=350%2C200","width":350,"height":200,"srcset":"https:\/\/i0.wp.com\/aynakol.org\/wp-content\/uploads\/2023\/08\/vuelta2023_stage1_peloton.jpg?fit=1024%2C683&resize=350%2C200 1x, https:\/\/i0.wp.com\/aynakol.org\/wp-content\/uploads\/2023\/08\/vuelta2023_stage1_peloton.jpg?fit=1024%2C683&resize=525%2C300 1.5x, https:\/\/i0.wp.com\/aynakol.org\/wp-content\/uploads\/2023\/08\/vuelta2023_stage1_peloton.jpg?fit=1024%2C683&resize=700%2C400 2x"},"classes":[]},{"id":8433,"url":"http:\/\/aynakol.org\/?p=8433","url_meta":{"origin":8261,"position":1},"title":"La Vuelta a Espana 2023 12. Etap: \u00d3lvega > Zaragoza, 151 km","author":"Ayd\u0131n Bez","date":"7 Eyl\u00fcl 2023","format":false,"excerpt":"D\u00fcnk\u00fc Etapta Neler Olmu\u015ftu? Ka\u00e7\u0131\u015f destan\u0131na \u015fahit oldu\u011fumuz, \u00e7ok \u00e7al\u0131\u015fan\u0131n de\u011fil do\u011fru zamanda atak yap\u0131p kopup gidenin kazand\u0131\u011f\u0131n\u0131 g\u00f6rd\u00fc\u011f\u00fcm\u00fcz 11. Etab\u0131n sonunda zafere uzanan isim Jesus Herrada!\u00a0 \u00a0 El Ultimo Kilometro \u00a0 \u00d6ncesi zamana kar\u015f\u0131 m\u00fccadelesi olan 11. Etapta beklendi\u011fi gibi favoriler yar\u0131\u015f\u0131n t\u00fcm kontrol\u00fcn\u00fc ka\u00e7\u0131\u015fa verince sakin bir g\u00fcn\u2026","rel":"","context":"&quot;Vuelta a Espana&quot; i\u00e7inde","block_context":{"text":"Vuelta a Espana","link":"http:\/\/aynakol.org\/?cat=91"},"img":{"alt_text":"","src":"https:\/\/i0.wp.com\/aynakol.org\/wp-content\/uploads\/2023\/09\/vuelta2023_stage12_cover_photo.jpg?fit=1200%2C414&resize=350%2C200","width":350,"height":200,"srcset":"https:\/\/i0.wp.com\/aynakol.org\/wp-content\/uploads\/2023\/09\/vuelta2023_stage12_cover_photo.jpg?fit=1200%2C414&resize=350%2C200 1x, https:\/\/i0.wp.com\/aynakol.org\/wp-content\/uploads\/2023\/09\/vuelta2023_stage12_cover_photo.jpg?fit=1200%2C414&resize=525%2C300 1.5x, https:\/\/i0.wp.com\/aynakol.org\/wp-content\/uploads\/2023\/09\/vuelta2023_stage12_cover_photo.jpg?fit=1200%2C414&resize=700%2C400 2x, https:\/\/i0.wp.com\/aynakol.org\/wp-content\/uploads\/2023\/09\/vuelta2023_stage12_cover_photo.jpg?fit=1200%2C414&resize=1050%2C600 3x"},"classes":[]},{"id":8298,"url":"http:\/\/aynakol.org\/?p=8298","url_meta":{"origin":8261,"position":2},"title":"La Vuelta a Espana 2023, 6. Etap: La Vall d&#8217;Uix\u00f3 > Observatorio Astrof\u00edsico de Javalambre, 183,1 km","author":"Ayd\u0131n Bez","date":"31 A\u011fustos 2023","format":false,"excerpt":"D\u00fcnk\u00fc etapta neler olmu\u015ftu? Kaden Groves! D\u00fcnk\u00fc etap nas\u0131l bittiyse bug\u00fcn de ayn\u0131s\u0131n\u0131 izledik: Burriana k\u0131y\u0131lar\u0131nda sona eren 5. Etab\u0131n sonunda en h\u0131zl\u0131 sprinti at\u0131p zafere pedallayan isim Kaden Groves! Alpecin-Deceuninck tak\u0131m\u0131n\u0131n Avustralyal\u0131 pedal\u0131 \u00fcst \u00fcste kazand\u0131\u011f\u0131 iki etapla s\u0131rt\u0131ndaki ye\u015fil mayoyu da peki\u015ftirdi. \u00a0 D\u00fcn Sebastian Molano, bug\u00fcn de\u2026","rel":"","context":"&quot;Vuelta a Espana&quot; i\u00e7inde","block_context":{"text":"Vuelta a Espana","link":"http:\/\/aynakol.org\/?cat=91"},"img":{"alt_text":"","src":"https:\/\/i0.wp.com\/aynakol.org\/wp-content\/uploads\/2023\/08\/vuelta2023_stage4_peloton0.jpg?fit=1000%2C666&resize=350%2C200","width":350,"height":200,"srcset":"https:\/\/i0.wp.com\/aynakol.org\/wp-content\/uploads\/2023\/08\/vuelta2023_stage4_peloton0.jpg?fit=1000%2C666&resize=350%2C200 1x, https:\/\/i0.wp.com\/aynakol.org\/wp-content\/uploads\/2023\/08\/vuelta2023_stage4_peloton0.jpg?fit=1000%2C666&resize=525%2C300 1.5x, https:\/\/i0.wp.com\/aynakol.org\/wp-content\/uploads\/2023\/08\/vuelta2023_stage4_peloton0.jpg?fit=1000%2C666&resize=700%2C400 2x"},"classes":[]},{"id":8581,"url":"http:\/\/aynakol.org\/?p=8581","url_meta":{"origin":8261,"position":3},"title":"La Vuelta a Espana 2023 21. Etap: Hip\u00f3dromo de la Zarzuela > Madrid. Paisaje de la Luz, 101,5 km","author":"Ayd\u0131n Bez","date":"17 Eyl\u00fcl 2023","format":false,"excerpt":"D\u00fcnk\u00fc Etapta Neler Olmu\u015ftu? Manzanares El Real kentinden ba\u015flad\u0131ktan sonra 208 km boyunca da\u011flarla y\u00fczle\u015filen zorlu 20. Etab\u0131n sonunda Guadarramada ka\u00e7\u0131\u015ftan geriye kalanlar\u0131n giri\u015fti\u011fi sprint m\u00fccadelesine teker fark\u0131 ile Remco Evenepoel \u00f6n\u00fcnde kazanan isim Wout Poels! \u00a0 Bahrain - Victorious tak\u0131m\u0131n\u0131n 35 ya\u015f\u0131ndaki Hollandal\u0131 pedal\u0131, Le Tour de France 2023\u2026","rel":"","context":"&quot;Vuelta a Espana&quot; i\u00e7inde","block_context":{"text":"Vuelta a Espana","link":"http:\/\/aynakol.org\/?cat=91"},"img":{"alt_text":"","src":"https:\/\/i0.wp.com\/aynakol.org\/wp-content\/uploads\/2023\/09\/20230916_190621248301387089315784.jpg?fit=1080%2C360&resize=350%2C200","width":350,"height":200,"srcset":"https:\/\/i0.wp.com\/aynakol.org\/wp-content\/uploads\/2023\/09\/20230916_190621248301387089315784.jpg?fit=1080%2C360&resize=350%2C200 1x, https:\/\/i0.wp.com\/aynakol.org\/wp-content\/uploads\/2023\/09\/20230916_190621248301387089315784.jpg?fit=1080%2C360&resize=525%2C300 1.5x, https:\/\/i0.wp.com\/aynakol.org\/wp-content\/uploads\/2023\/09\/20230916_190621248301387089315784.jpg?fit=1080%2C360&resize=700%2C400 2x, https:\/\/i0.wp.com\/aynakol.org\/wp-content\/uploads\/2023\/09\/20230916_190621248301387089315784.jpg?fit=1080%2C360&resize=1050%2C600 3x"},"classes":[]},{"id":8509,"url":"http:\/\/aynakol.org\/?p=8509","url_meta":{"origin":8261,"position":4},"title":"La Vuelta a Espana 2023 15. Etap: Pamplona > Lekunberri, 158,5 km","author":"Ayd\u0131n Bez","date":"10 Eyl\u00fcl 2023","format":false,"excerpt":"D\u00fcnk\u00fc Etapta Neler Olmu\u015ftu? D\u00fcn, bug\u00fcn, yar\u0131n... Remco! Fransa ve \u0130spanya aras\u0131ndaki do\u011fal s\u0131n\u0131r\u0131 \u00e7izen Belagua da\u011f ge\u00e7idine \u00e7ekilen 14. Etab\u0131n zirvesinde zafere pedallayan isim Remco Evenepoel! D\u00fcn\u00fcn kaybedeni Remco, uzun soluklu ka\u00e7\u0131\u015f\u0131n\u0131 zaferle ta\u00e7land\u0131r\u0131rken Da\u011flar\u0131n Kral\u0131 Mayosunu da s\u0131rt\u0131na ge\u00e7irdi. Bu performans kendinden, tak\u0131m\u0131ndan ve herkesten adeta bir \u00f6z\u00fcr\u2026","rel":"","context":"&quot;Vuelta a Espana&quot; i\u00e7inde","block_context":{"text":"Vuelta a Espana","link":"http:\/\/aynakol.org\/?cat=91"},"img":{"alt_text":"","src":"https:\/\/i0.wp.com\/aynakol.org\/wp-content\/uploads\/2023\/09\/vuelta2023_stage13_chasing_group-e1694286309653.jpg?fit=1200%2C560&resize=350%2C200","width":350,"height":200,"srcset":"https:\/\/i0.wp.com\/aynakol.org\/wp-content\/uploads\/2023\/09\/vuelta2023_stage13_chasing_group-e1694286309653.jpg?fit=1200%2C560&resize=350%2C200 1x, https:\/\/i0.wp.com\/aynakol.org\/wp-content\/uploads\/2023\/09\/vuelta2023_stage13_chasing_group-e1694286309653.jpg?fit=1200%2C560&resize=525%2C300 1.5x, https:\/\/i0.wp.com\/aynakol.org\/wp-content\/uploads\/2023\/09\/vuelta2023_stage13_chasing_group-e1694286309653.jpg?fit=1200%2C560&resize=700%2C400 2x, https:\/\/i0.wp.com\/aynakol.org\/wp-content\/uploads\/2023\/09\/vuelta2023_stage13_chasing_group-e1694286309653.jpg?fit=1200%2C560&resize=1050%2C600 3x"},"classes":[]},{"id":8533,"url":"http:\/\/aynakol.org\/?p=8533","url_meta":{"origin":8261,"position":5},"title":"La Vuelta a Espana 2023 16. Etap: Liencres Playa > Bejes, 120,1 km","author":"Ayd\u0131n Bez","date":"12 Eyl\u00fcl 2023","format":false,"excerpt":"D\u00fcnk\u00fc Etapta Neler Olmu\u015ftu? Bask B\u00f6lgesinin Lekunberri kentinde sona eren 158,3 km uzunlu\u011fundaki 15. Etab\u0131n sonunda kedi fare oyunundan zafere pedallayan isim Rui Costa! Intermarch\u00e9 - Circus - Wanty tak\u0131m\u0131n\u0131n 36 ya\u015f\u0131ndaki Portekizlisinin kariyerindeki ilk La Vuelta etap zaferi! En son 2013 y\u0131l\u0131nda Tour de France 19. Etapta kazan\u0131p, devrisi\u2026","rel":"","context":"&quot;Vuelta a Espana&quot; i\u00e7inde","block_context":{"text":"Vuelta a Espana","link":"http:\/\/aynakol.org\/?cat=91"},"img":{"alt_text":"","src":"https:\/\/i0.wp.com\/aynakol.org\/wp-content\/uploads\/2023\/09\/lavuelta2023_stage_15_peloton_3-scaled.jpeg?fit=1200%2C800&resize=350%2C200","width":350,"height":200,"srcset":"https:\/\/i0.wp.com\/aynakol.org\/wp-content\/uploads\/2023\/09\/lavuelta2023_stage_15_peloton_3-scaled.jpeg?fit=1200%2C800&resize=350%2C200 1x, https:\/\/i0.wp.com\/aynakol.org\/wp-content\/uploads\/2023\/09\/lavuelta2023_stage_15_peloton_3-scaled.jpeg?fit=1200%2C800&resize=525%2C300 1.5x, https:\/\/i0.wp.com\/aynakol.org\/wp-content\/uploads\/2023\/09\/lavuelta2023_stage_15_peloton_3-scaled.jpeg?fit=1200%2C800&resize=700%2C400 2x, https:\/\/i0.wp.com\/aynakol.org\/wp-content\/uploads\/2023\/09\/lavuelta2023_stage_15_peloton_3-scaled.jpeg?fit=1200%2C800&resize=1050%2C600 3x"},"classes":[]}],"_links":{"self":[{"href":"http:\/\/aynakol.org\/index.php?rest_route=\/wp\/v2\/posts\/8261","targetHints":{"allow":["GET"]}}],"collection":[{"href":"http:\/\/aynakol.org\/index.php?rest_route=\/wp\/v2\/posts"}],"about":[{"href":"http:\/\/aynakol.org\/index.php?rest_route=\/wp\/v2\/types\/post"}],"author":[{"embeddable":true,"href":"http:\/\/aynakol.org\/index.php?rest_route=\/wp\/v2\/users\/1"}],"replies":[{"embeddable":true,"href":"http:\/\/aynakol.org\/index.php?rest_route=%2Fwp%2Fv2%2Fcomments&post=8261"}],"version-history":[{"count":5,"href":"http:\/\/aynakol.org\/index.php?rest_route=\/wp\/v2\/posts\/8261\/revisions"}],"predecessor-version":[{"id":8270,"href":"http:\/\/aynakol.org\/index.php?rest_route=\/wp\/v2\/posts\/8261\/revisions\/8270"}],"wp:featuredmedia":[{"embeddable":true,"href":"http:\/\/aynakol.org\/index.php?rest_route=\/wp\/v2\/media\/1744"}],"wp:attachment":[{"href":"http:\/\/aynakol.org\/index.php?rest_route=%2Fwp%2Fv2%2Fmedia&parent=8261"}],"wp:term":[{"taxonomy":"category","embeddable":true,"href":"http:\/\/aynakol.org\/index.php?rest_route=%2Fwp%2Fv2%2Fcategories&post=8261"},{"taxonomy":"post_tag","embeddable":true,"href":"http:\/\/aynakol.org\/index.php?rest_route=%2Fwp%2Fv2%2Ftags&post=8261"}],"curies":[{"name":"wp","href":"https:\/\/api.w.org\/{rel}","templated":true}]}}