{"id":8271,"date":"2023-08-29T10:00:18","date_gmt":"2023-08-29T07:00:18","guid":{"rendered":"http:\/\/aynakol.org\/?p=8271"},"modified":"2023-08-28T23:52:23","modified_gmt":"2023-08-28T20:52:23","slug":"la-vuelta-a-espana-2023-4-etap","status":"publish","type":"post","link":"http:\/\/aynakol.org\/?p=8271","title":{"rendered":"La Vuelta a Espana 2023, 4. Etap: Andorra la Vella > Tarragona, 184,6 km"},"content":{"rendered":"<p><span style=\"font-size: 14pt; font-family: georgia, palatino, serif;\"><strong>D\u00fcnk\u00fc etapta neler olmu\u015ftu?<\/strong><\/span><\/p>\n<p><span style=\"font-size: 12pt; font-family: georgia, palatino, serif;\">Pirenelerin Adorra kanad\u0131nda, Arinsal zirvesin<\/span><span style=\"font-size: 12pt; font-family: georgia, palatino, serif;\">de zafere adeta u\u00e7arcas\u0131na pedallayan isim son \u015fampiyon Remco Evenepoel! Soudal &#8211; QuickStep tak\u0131m\u0131n\u0131n s\u0131rt\u0131nda Bel\u00e7ika Ulusal \u015eampiyonluk Mayosu ile etab\u0131 kazanan gen\u00e7 pedal\u0131 Evenepoel bu zaferler birlikte Maglia Rojay\u0131 da s\u0131rt\u0131na ge\u00e7irmi\u015f oldu!<\/span><\/p>\n<div id=\"attachment_8281\" style=\"width: 870px\" class=\"wp-caption aligncenter\"><img data-recalc-dims=\"1\" loading=\"lazy\" decoding=\"async\" aria-describedby=\"caption-attachment-8281\" data-attachment-id=\"8281\" data-permalink=\"http:\/\/aynakol.org\/?attachment_id=8281\" data-orig-file=\"https:\/\/i0.wp.com\/aynakol.org\/wp-content\/uploads\/2023\/08\/vuelta2023_stage3_winner_remco_evenepoel.jpg?fit=2000%2C1333\" data-orig-size=\"2000,1333\" data-comments-opened=\"1\" data-image-meta=\"{&quot;aperture&quot;:&quot;0&quot;,&quot;credit&quot;:&quot;&quot;,&quot;camera&quot;:&quot;&quot;,&quot;caption&quot;:&quot;&quot;,&quot;created_timestamp&quot;:&quot;0&quot;,&quot;copyright&quot;:&quot;&quot;,&quot;focal_length&quot;:&quot;0&quot;,&quot;iso&quot;:&quot;0&quot;,&quot;shutter_speed&quot;:&quot;0&quot;,&quot;title&quot;:&quot;&quot;,&quot;orientation&quot;:&quot;0&quot;}\" data-image-title=\"vuelta2023_stage3_winner_remco_evenepoel\" data-image-description=\"\" data-image-caption=\"\" data-large-file=\"https:\/\/i0.wp.com\/aynakol.org\/wp-content\/uploads\/2023\/08\/vuelta2023_stage3_winner_remco_evenepoel.jpg?fit=860%2C573\" class=\"wp-image-8281 size-large\" src=\"https:\/\/i0.wp.com\/aynakol.org\/wp-content\/uploads\/2023\/08\/vuelta2023_stage3_winner_remco_evenepoel.jpg?resize=860%2C573\" alt=\"\" width=\"860\" height=\"573\" srcset=\"https:\/\/i0.wp.com\/aynakol.org\/wp-content\/uploads\/2023\/08\/vuelta2023_stage3_winner_remco_evenepoel.jpg?resize=1024%2C682 1024w, https:\/\/i0.wp.com\/aynakol.org\/wp-content\/uploads\/2023\/08\/vuelta2023_stage3_winner_remco_evenepoel.jpg?resize=300%2C200 300w, https:\/\/i0.wp.com\/aynakol.org\/wp-content\/uploads\/2023\/08\/vuelta2023_stage3_winner_remco_evenepoel.jpg?resize=768%2C512 768w, https:\/\/i0.wp.com\/aynakol.org\/wp-content\/uploads\/2023\/08\/vuelta2023_stage3_winner_remco_evenepoel.jpg?resize=1536%2C1024 1536w, https:\/\/i0.wp.com\/aynakol.org\/wp-content\/uploads\/2023\/08\/vuelta2023_stage3_winner_remco_evenepoel.jpg?w=2000 2000w, https:\/\/i0.wp.com\/aynakol.org\/wp-content\/uploads\/2023\/08\/vuelta2023_stage3_winner_remco_evenepoel.jpg?w=1720 1720w\" sizes=\"auto, (max-width: 860px) 100vw, 860px\" \/><p id=\"caption-attachment-8281\" class=\"wp-caption-text\">La Vuelta a Espana 2023, 3. Etab\u0131 kazanan Remco, yeniden Alt\u0131n Mayo ile.<\/p><\/div>\n<p>&nbsp;<\/p>\n<p><span style=\"font-size: 14pt; font-family: georgia, palatino, serif;\"><strong>El \u00daltimo Kilometro<\/strong><\/span><\/p>\n<div style=\"position: relative; padding-bottom: 56.25%; height: 0; overflow: hidden;\"><iframe loading=\"lazy\" style=\"width: 100%; height: 100%; position: absolute; left: 0px; top: 0px; overflow: hidden;\" title=\"Dailymotion Video Player\" src=\"https:\/\/www.dailymotion.com\/embed\/video\/x8njdsb\" width=\"100%\" height=\"100%\" frameborder=\"0\" allowfullscreen=\"allowfullscreen\" data-mce-fragment=\"1\"> <\/iframe><\/div>\n<p>&nbsp;<\/p>\n<p><span style=\"font-size: 12pt; font-family: georgia, palatino, serif;\">Etab\u0131n ba\u015f\u0131nda olu\u015fan kalabal\u0131k ka\u00e7\u0131\u015f grubundan geriye Lennard Kamna ve Damiano Caruso herkesi silkeleyip birlikte acaba etaba m\u0131 gidecekler derken, Kamna etab\u0131 bana ver, sen Maglia Rojay\u0131 al diye konu\u015ftu galiba diye \u00e7\u0131kar\u0131mlar yaparken Caruso yeter 117 km ka\u00e7t\u0131k, favoriler ve elit peloton geldi gelecek dedi ve ka\u00e7maktan yorulup b\u0131rakt\u0131. Kamna, bir nefescik daha tek ba\u015f\u0131na ka\u00e7maya \u00e7al\u0131\u015fsa da Sepp Kuss, lokomotifin kazan\u0131na biraz k\u00f6m\u00fcr at\u0131nca yakaland\u0131 ve etap i\u00e7in umutlar\u0131 sona erdi. <\/span><\/p>\n<p><img data-recalc-dims=\"1\" loading=\"lazy\" decoding=\"async\" data-attachment-id=\"8280\" data-permalink=\"http:\/\/aynakol.org\/?attachment_id=8280\" data-orig-file=\"https:\/\/i0.wp.com\/aynakol.org\/wp-content\/uploads\/2023\/08\/vuelta2023_stage3_sepp_kuss_leads_to_the_peloton.jpg?fit=1000%2C667\" data-orig-size=\"1000,667\" data-comments-opened=\"1\" data-image-meta=\"{&quot;aperture&quot;:&quot;0&quot;,&quot;credit&quot;:&quot;&quot;,&quot;camera&quot;:&quot;&quot;,&quot;caption&quot;:&quot;&quot;,&quot;created_timestamp&quot;:&quot;0&quot;,&quot;copyright&quot;:&quot;&quot;,&quot;focal_length&quot;:&quot;0&quot;,&quot;iso&quot;:&quot;0&quot;,&quot;shutter_speed&quot;:&quot;0&quot;,&quot;title&quot;:&quot;&quot;,&quot;orientation&quot;:&quot;0&quot;}\" data-image-title=\"vuelta2023_stage3_sepp_kuss_leads_to_the_peloton\" data-image-description=\"\" data-image-caption=\"\" data-large-file=\"https:\/\/i0.wp.com\/aynakol.org\/wp-content\/uploads\/2023\/08\/vuelta2023_stage3_sepp_kuss_leads_to_the_peloton.jpg?fit=860%2C574\" class=\"aligncenter size-full wp-image-8280\" src=\"https:\/\/i0.wp.com\/aynakol.org\/wp-content\/uploads\/2023\/08\/vuelta2023_stage3_sepp_kuss_leads_to_the_peloton.jpg?resize=860%2C574\" alt=\"\" width=\"860\" height=\"574\" srcset=\"https:\/\/i0.wp.com\/aynakol.org\/wp-content\/uploads\/2023\/08\/vuelta2023_stage3_sepp_kuss_leads_to_the_peloton.jpg?w=1000 1000w, https:\/\/i0.wp.com\/aynakol.org\/wp-content\/uploads\/2023\/08\/vuelta2023_stage3_sepp_kuss_leads_to_the_peloton.jpg?resize=300%2C200 300w, https:\/\/i0.wp.com\/aynakol.org\/wp-content\/uploads\/2023\/08\/vuelta2023_stage3_sepp_kuss_leads_to_the_peloton.jpg?resize=768%2C512 768w\" sizes=\"auto, (max-width: 860px) 100vw, 860px\" \/><\/p>\n<p><span style=\"font-size: 12pt; font-family: georgia, palatino, serif;\">Yorulmak nedir bilmeyen Sepp Kuss temposu ile favroiler ve elit peloton ikiye b\u00f6l\u00fcnd\u00fc: Marc Solerin s\u0131yr\u0131l\u0131p gelen ata\u011f\u0131 k\u0131sa s\u00fcr\u00fcnce Evenepoel, Roglic, Vingegaard, Kuss, Soler, Ayuso, Almeida, Vlasovdan olu\u015fan favoriler ba\u015f ba\u015fa kald\u0131. 250 mt kala herkes birbirine bakar ve tartadururken Remco Evenepoel viteslerini ayarlad\u0131, pozisyonunu al\u0131p duru\u015funu d\u00fczeltti ve <em>gez, g\u00f6z, arpa\u00e7\u0131k<\/em>, <em>dip\u00e7ik<\/em> diyerek ata\u011f\u0131n\u0131 yapt\u0131 ve adeta u\u00e7tu! Pe\u015finden sadece Vingegaard pedallasa da biti\u015f \u00e7izgisini ge\u00e7en Evenepoel etab\u0131 \u00e7oktan kazanm\u0131\u015ft\u0131 bile. <\/span><\/p>\n<p><span style=\"font-size: 12pt; font-family: georgia, palatino, serif;\">Bas\u0131n ve tak\u0131m elemanlar\u0131n\u0131n bekledi\u011fi nokta ve bariyerler \u00e7izgiye \u00f6yle yak\u0131nd\u0131 ki, zafer sevinci sonras\u0131 h\u0131z\u0131n\u0131 kesemeyen Evenepoel kad\u0131n bir gazeteciye \u00e7arp\u0131p yere d\u00fc\u015ft\u00fc ve taklas\u0131 ancak bariyere ve yere vurunca kesildi! Taklan\u0131n \u015fiddetiyle kafas\u0131n\u0131 yere vuran Remconun sa\u011f ka\u015f\u0131 kanad\u0131; al kanlar i\u00e7inde Maglia Rojay\u0131 kazanmak bu olsa gerek!<br \/>\n<\/span><\/p>\n<p>&nbsp;<\/p>\n<blockquote class=\"twitter-tweet\">\n<p dir=\"ltr\" lang=\"en\">What the fuck Vuelta. <a href=\"https:\/\/twitter.com\/hashtag\/LaVuelta23?src=hash&amp;ref_src=twsrc%5Etfw\">#LaVuelta23<\/a> <a href=\"https:\/\/twitter.com\/hashtag\/LesRP?src=hash&amp;ref_src=twsrc%5Etfw\">#LesRP<\/a><a href=\"https:\/\/twitter.com\/hashtag\/AntenneVieux?src=hash&amp;ref_src=twsrc%5Etfw\">#AntenneVieux<\/a> <a href=\"https:\/\/t.co\/m0jycrDMQn\">pic.twitter.com\/m0jycrDMQn<\/a><\/p>\n<p>\u2014 Robert Chipote (@Robert_Chipote) <a href=\"https:\/\/twitter.com\/Robert_Chipote\/status\/1696189564153397614?ref_src=twsrc%5Etfw\">August 28, 2023<\/a><\/p><\/blockquote>\n<p><script async src=\"https:\/\/platform.twitter.com\/widgets.js\" charset=\"utf-8\"><\/script><\/p>\n<p><span style=\"font-size: 14pt; font-family: georgia, palatino, serif;\"><strong>Etab\u0131n \u00f6ne \u00e7\u0131kan anlar\u0131<\/strong><\/span><\/p>\n<p><iframe loading=\"lazy\" title=\"YouTube video player\" src=\"\/\/www.youtube.com\/embed\/zSdkH4fCxFY?si=Ih7CmFo_QL4X3RBQ\" width=\"560\" height=\"315\" frameborder=\"0\" allowfullscreen=\"allowfullscreen\"><\/iframe><\/p>\n<p>&nbsp;<\/p>\n<p><span style=\"font-size: 12pt; font-family: georgia, palatino, serif;\">Remco Evenepoelin durdurulamayan son metrelerdeki ata\u011f\u0131n\u0131 takip eden 11 ki\u015filik favoriler grubu anl\u0131k ata\u011fa cevap vermekte gecikince Jonas Vingegaard d\u0131\u015f\u0131nda izleyebilen olmad\u0131, hepsi karde\u015f karde\u015f yoku\u015f yukar\u0131 sprint at\u0131nca genel klasman da ilk \u015feklini ald\u0131: Lider Remco, TTT de karanl\u0131\u011fa kar\u015f\u0131n elde etti\u011fi avantajla di\u011ferlerinin \u00f6n\u00fcnde Maglia Roja uzan\u0131rken g\u00fcn\u00fcn kaybedeni biti\u015f \u00e7izgisinden 47 saniye sonra ge\u00e7en Geraint Thomas oldu. Etab\u0131 Evenepoel ard\u0131ndan bitiren ilk 10 ki\u015filik grup kopmadan son metrelere dek gelerek form durumlar\u0131n\u0131 da g\u00f6stermi\u015f oldu. <\/span><\/p>\n<p>&nbsp;<\/p>\n<div id=\"attachment_8277\" style=\"width: 1010px\" class=\"wp-caption aligncenter\"><img data-recalc-dims=\"1\" loading=\"lazy\" decoding=\"async\" aria-describedby=\"caption-attachment-8277\" data-attachment-id=\"8277\" data-permalink=\"http:\/\/aynakol.org\/?attachment_id=8277\" data-orig-file=\"https:\/\/i0.wp.com\/aynakol.org\/wp-content\/uploads\/2023\/08\/vuelta2023_stage3_peloton_1.jpg?fit=1000%2C667\" data-orig-size=\"1000,667\" data-comments-opened=\"1\" data-image-meta=\"{&quot;aperture&quot;:&quot;0&quot;,&quot;credit&quot;:&quot;&quot;,&quot;camera&quot;:&quot;&quot;,&quot;caption&quot;:&quot;&quot;,&quot;created_timestamp&quot;:&quot;0&quot;,&quot;copyright&quot;:&quot;&quot;,&quot;focal_length&quot;:&quot;0&quot;,&quot;iso&quot;:&quot;0&quot;,&quot;shutter_speed&quot;:&quot;0&quot;,&quot;title&quot;:&quot;&quot;,&quot;orientation&quot;:&quot;0&quot;}\" data-image-title=\"vuelta2023_stage3_peloton_1\" data-image-description=\"\" data-image-caption=\"\" data-large-file=\"https:\/\/i0.wp.com\/aynakol.org\/wp-content\/uploads\/2023\/08\/vuelta2023_stage3_peloton_1.jpg?fit=860%2C574\" class=\"wp-image-8277 size-full\" src=\"https:\/\/i0.wp.com\/aynakol.org\/wp-content\/uploads\/2023\/08\/vuelta2023_stage3_peloton_1.jpg?resize=860%2C574\" alt=\"\" width=\"860\" height=\"574\" srcset=\"https:\/\/i0.wp.com\/aynakol.org\/wp-content\/uploads\/2023\/08\/vuelta2023_stage3_peloton_1.jpg?w=1000 1000w, https:\/\/i0.wp.com\/aynakol.org\/wp-content\/uploads\/2023\/08\/vuelta2023_stage3_peloton_1.jpg?resize=300%2C200 300w, https:\/\/i0.wp.com\/aynakol.org\/wp-content\/uploads\/2023\/08\/vuelta2023_stage3_peloton_1.jpg?resize=768%2C512 768w\" sizes=\"auto, (max-width: 860px) 100vw, 860px\" \/><p id=\"caption-attachment-8277\" class=\"wp-caption-text\">Tek kare i\u00e7inde \u00fc\u00e7 ola\u011fan \u015f\u00fcpheli: Son TdF \u015fampiyonu Jonas Vingegaard, arkas\u0131nda son La Vuelta \u015fampiyonu remco Evenepoel ve gelecek vaadeden Juan Ayuso!<\/p><\/div>\n<p><span style=\"font-size: 14pt; font-family: georgia, palatino, serif;\"><strong>S\u0131ral\u0131 tam liste<\/strong><\/span><\/p>\n<p><iframe loading=\"lazy\" src=\"https:\/\/www.procyclingstats.com\/widgets\/result.php?h=a4c7a22ace6387c2f4d9a1e886f6889fb15572a6\" width=\"520\" height=\"320\"><\/iframe><\/p>\n<p>&nbsp;<\/p>\n<p><span style=\"font-size: 14pt; font-family: georgia, palatino, serif;\"><strong>Bug\u00fcnk\u00fc etab\u0131 incelersek<\/strong><\/span><\/p>\n<p><span style=\"font-size: 12pt; font-family: georgia, palatino, serif;\">Andorra maceras\u0131 k\u0131sa s\u00fcrerken yine, yeniden denize kavu\u015faca\u011f\u0131m\u0131z bir g\u00fcn var sele \u00fczerinde. Pireneleri aras\u0131nda pay eden Andorra, Fransa ve \u0130spanya \u00fc\u00e7l\u00fcs\u00fcnden pay\u0131na en \u00e7ok da\u011f d\u00fc\u015fen Andorradan ba\u015flayan etap, ta\u015f at\u0131m\u0131 mesafeden yeniden \u0130spanya s\u0131n\u0131rlar\u0131na girip 184,6 km sonunda ini\u015fli, hafif \u00e7\u0131k\u0131\u015fl\u0131 bir profilde devam edip Tarragona k\u0131y\u0131lar\u0131nda sona erecek. <\/span><\/p>\n<p>&nbsp;<\/p>\n<div id=\"attachment_8273\" style=\"width: 970px\" class=\"wp-caption aligncenter\"><img data-recalc-dims=\"1\" loading=\"lazy\" decoding=\"async\" aria-describedby=\"caption-attachment-8273\" data-attachment-id=\"8273\" data-permalink=\"http:\/\/aynakol.org\/?attachment_id=8273\" data-orig-file=\"https:\/\/i0.wp.com\/aynakol.org\/wp-content\/uploads\/2023\/08\/vuelta2023_stage4_profile.png?fit=960%2C351\" data-orig-size=\"960,351\" data-comments-opened=\"1\" data-image-meta=\"{&quot;aperture&quot;:&quot;0&quot;,&quot;credit&quot;:&quot;&quot;,&quot;camera&quot;:&quot;&quot;,&quot;caption&quot;:&quot;&quot;,&quot;created_timestamp&quot;:&quot;0&quot;,&quot;copyright&quot;:&quot;&quot;,&quot;focal_length&quot;:&quot;0&quot;,&quot;iso&quot;:&quot;0&quot;,&quot;shutter_speed&quot;:&quot;0&quot;,&quot;title&quot;:&quot;&quot;,&quot;orientation&quot;:&quot;0&quot;}\" data-image-title=\"vuelta2023_stage4_profile\" data-image-description=\"\" data-image-caption=\"\" data-large-file=\"https:\/\/i0.wp.com\/aynakol.org\/wp-content\/uploads\/2023\/08\/vuelta2023_stage4_profile.png?fit=860%2C314\" class=\"wp-image-8273 size-full\" src=\"https:\/\/i0.wp.com\/aynakol.org\/wp-content\/uploads\/2023\/08\/vuelta2023_stage4_profile.png?resize=860%2C314\" alt=\"\" width=\"860\" height=\"314\" srcset=\"https:\/\/i0.wp.com\/aynakol.org\/wp-content\/uploads\/2023\/08\/vuelta2023_stage4_profile.png?w=960 960w, https:\/\/i0.wp.com\/aynakol.org\/wp-content\/uploads\/2023\/08\/vuelta2023_stage4_profile.png?resize=300%2C110 300w, https:\/\/i0.wp.com\/aynakol.org\/wp-content\/uploads\/2023\/08\/vuelta2023_stage4_profile.png?resize=768%2C281 768w\" sizes=\"auto, (max-width: 860px) 100vw, 860px\" \/><p id=\"caption-attachment-8273\" class=\"wp-caption-text\">La Vuelta a Espana 2023, 4. Etap Profili: Favoriler dinlenirken sprinter pedallar zaten k\u0131t olan sprint etaplar\u0131ndan ilkini kazanmak i\u00e7in \u00f6ne \u00e7\u0131kacak.<\/p><\/div>\n<p>&nbsp;<\/p>\n<p><span style=\"font-size: 12pt; font-family: georgia, palatino, serif;\">Da\u011flarla \u00e7evrili Andorra s\u0131n\u0131rlar\u0131ndan ispanyaya adeta yuvarlanan bir bilye misali pedallayacak peloton. 120 ve 160. km aras\u0131nda iki adet Cat 3 s\u0131n\u0131f\u0131 t\u0131rman\u0131\u015f\u0131 ka\u00e7aklara verilen izin dahilinde kolayca ge\u00e7ilecektir. \u0130lk \u00fc\u00e7 g\u00fcn\u00fcn yorgunlu\u011funu sele \u00fczerinde aktif dinlenerek ge\u00e7irirken favoriler ve tak\u0131mlar\u0131, Tarragona k\u0131y\u0131s\u0131na \u00e7ekilen biti\u015f \u00e7izgisinde toplu sprint m\u00fccadelesi izleyece\u011fiz. <\/span><\/p>\n<p>&nbsp;<\/p>\n","protected":false},"excerpt":{"rendered":"<p>D\u00fcnk\u00fc etapta neler olmu\u015ftu? Pirenelerin Adorra kanad\u0131nda, Arinsal zirvesinde zafere adeta u\u00e7arcas\u0131na pedallayan isim son \u015fampiyon Remco Evenepoel! Soudal &#8211; QuickStep tak\u0131m\u0131n\u0131n s\u0131rt\u0131nda Bel\u00e7ika Ulusal [&#8230;]<\/p>\n","protected":false},"author":1,"featured_media":8278,"comment_status":"open","ping_status":"open","sticky":false,"template":"","format":"standard","meta":{"jetpack_post_was_ever_published":false,"_jetpack_newsletter_access":"","_jetpack_dont_email_post_to_subs":false,"_jetpack_newsletter_tier_id":0,"_jetpack_memberships_contains_paywalled_content":false,"_jetpack_memberships_contains_paid_content":false,"footnotes":"","jetpack_publicize_message":"","jetpack_publicize_feature_enabled":true,"jetpack_social_post_already_shared":true,"jetpack_social_options":{"image_generator_settings":{"template":"highway","default_image_id":0,"font":"","enabled":false},"version":2}},"categories":[91],"tags":[233,1605,1511,1604,14,1601,234,1603,1602],"class_list":["post-8271","post","type-post","status-publish","format-standard","has-post-thumbnail","hentry","category-vuelta-2","tag-ispanya-bisiklet-turu","tag-lorenzo-milesi","tag-remco-evenepoel","tag-team-dsm-firmenich","tag-vuelta","tag-vuelta-2023","tag-vuelta-a-espana","tag-vuelta-a-espana-2023","tag-vuelta-ciclista-a-espana"],"jetpack_publicize_connections":[],"jetpack_featured_media_url":"https:\/\/i0.wp.com\/aynakol.org\/wp-content\/uploads\/2023\/08\/vuelta2023_stage3_peloton_2.jpg?fit=1000%2C666","jetpack_sharing_enabled":true,"jetpack_shortlink":"https:\/\/wp.me\/p51p4O-29p","jetpack_likes_enabled":true,"jetpack-related-posts":[{"id":8581,"url":"http:\/\/aynakol.org\/?p=8581","url_meta":{"origin":8271,"position":0},"title":"La Vuelta a Espana 2023 21. Etap: Hip\u00f3dromo de la Zarzuela > Madrid. Paisaje de la Luz, 101,5 km","author":"Ayd\u0131n Bez","date":"17 Eyl\u00fcl 2023","format":false,"excerpt":"D\u00fcnk\u00fc Etapta Neler Olmu\u015ftu? Manzanares El Real kentinden ba\u015flad\u0131ktan sonra 208 km boyunca da\u011flarla y\u00fczle\u015filen zorlu 20. Etab\u0131n sonunda Guadarramada ka\u00e7\u0131\u015ftan geriye kalanlar\u0131n giri\u015fti\u011fi sprint m\u00fccadelesine teker fark\u0131 ile Remco Evenepoel \u00f6n\u00fcnde kazanan isim Wout Poels! \u00a0 Bahrain - Victorious tak\u0131m\u0131n\u0131n 35 ya\u015f\u0131ndaki Hollandal\u0131 pedal\u0131, Le Tour de France 2023\u2026","rel":"","context":"&quot;Vuelta a Espana&quot; i\u00e7inde","block_context":{"text":"Vuelta a Espana","link":"http:\/\/aynakol.org\/?cat=91"},"img":{"alt_text":"","src":"https:\/\/i0.wp.com\/aynakol.org\/wp-content\/uploads\/2023\/09\/20230916_190621248301387089315784.jpg?fit=1080%2C360&resize=350%2C200","width":350,"height":200,"srcset":"https:\/\/i0.wp.com\/aynakol.org\/wp-content\/uploads\/2023\/09\/20230916_190621248301387089315784.jpg?fit=1080%2C360&resize=350%2C200 1x, https:\/\/i0.wp.com\/aynakol.org\/wp-content\/uploads\/2023\/09\/20230916_190621248301387089315784.jpg?fit=1080%2C360&resize=525%2C300 1.5x, https:\/\/i0.wp.com\/aynakol.org\/wp-content\/uploads\/2023\/09\/20230916_190621248301387089315784.jpg?fit=1080%2C360&resize=700%2C400 2x, https:\/\/i0.wp.com\/aynakol.org\/wp-content\/uploads\/2023\/09\/20230916_190621248301387089315784.jpg?fit=1080%2C360&resize=1050%2C600 3x"},"classes":[]},{"id":8509,"url":"http:\/\/aynakol.org\/?p=8509","url_meta":{"origin":8271,"position":1},"title":"La Vuelta a Espana 2023 15. Etap: Pamplona > Lekunberri, 158,5 km","author":"Ayd\u0131n Bez","date":"10 Eyl\u00fcl 2023","format":false,"excerpt":"D\u00fcnk\u00fc Etapta Neler Olmu\u015ftu? D\u00fcn, bug\u00fcn, yar\u0131n... Remco! Fransa ve \u0130spanya aras\u0131ndaki do\u011fal s\u0131n\u0131r\u0131 \u00e7izen Belagua da\u011f ge\u00e7idine \u00e7ekilen 14. Etab\u0131n zirvesinde zafere pedallayan isim Remco Evenepoel! D\u00fcn\u00fcn kaybedeni Remco, uzun soluklu ka\u00e7\u0131\u015f\u0131n\u0131 zaferle ta\u00e7land\u0131r\u0131rken Da\u011flar\u0131n Kral\u0131 Mayosunu da s\u0131rt\u0131na ge\u00e7irdi. Bu performans kendinden, tak\u0131m\u0131ndan ve herkesten adeta bir \u00f6z\u00fcr\u2026","rel":"","context":"&quot;Vuelta a Espana&quot; i\u00e7inde","block_context":{"text":"Vuelta a Espana","link":"http:\/\/aynakol.org\/?cat=91"},"img":{"alt_text":"","src":"https:\/\/i0.wp.com\/aynakol.org\/wp-content\/uploads\/2023\/09\/vuelta2023_stage13_chasing_group-e1694286309653.jpg?fit=1200%2C560&resize=350%2C200","width":350,"height":200,"srcset":"https:\/\/i0.wp.com\/aynakol.org\/wp-content\/uploads\/2023\/09\/vuelta2023_stage13_chasing_group-e1694286309653.jpg?fit=1200%2C560&resize=350%2C200 1x, https:\/\/i0.wp.com\/aynakol.org\/wp-content\/uploads\/2023\/09\/vuelta2023_stage13_chasing_group-e1694286309653.jpg?fit=1200%2C560&resize=525%2C300 1.5x, https:\/\/i0.wp.com\/aynakol.org\/wp-content\/uploads\/2023\/09\/vuelta2023_stage13_chasing_group-e1694286309653.jpg?fit=1200%2C560&resize=700%2C400 2x, https:\/\/i0.wp.com\/aynakol.org\/wp-content\/uploads\/2023\/09\/vuelta2023_stage13_chasing_group-e1694286309653.jpg?fit=1200%2C560&resize=1050%2C600 3x"},"classes":[]},{"id":8421,"url":"http:\/\/aynakol.org\/?p=8421","url_meta":{"origin":8271,"position":2},"title":"La Vuelta a Espana 2023 11. Etap: Lerma > La Laguna Negra.Vinuesa, 163,5 km","author":"Ayd\u0131n Bez","date":"6 Eyl\u00fcl 2023","format":false,"excerpt":"D\u00fcnk\u00fc etapta neler olmu\u015ftu? Valladolid kentinde pedallanan bireysel zamana kar\u015f\u0131 etab\u0131nda kazanan isim Filippo Ganna! S\u0131rt\u0131nda \u0130talyan \u015fampiyonluk mayosu ile yan\u0131na iki isim d\u0131\u015f\u0131nda kimseyi yakla\u015ft\u0131rmayan Top Ganna, bu zaferle k\u00f6t\u00fc bir La Vuelta ge\u00e7iren umutsuz tak\u0131m\u0131 INEOS Grenadierse biraz umut vermi\u015f oldu. \u00a0 Filippo Ganna, 25,8km uzunlu\u011fundaki zamana kar\u015f\u0131\u2026","rel":"","context":"&quot;Vuelta a Espana&quot; i\u00e7inde","block_context":{"text":"Vuelta a Espana","link":"http:\/\/aynakol.org\/?cat=91"},"img":{"alt_text":"","src":"https:\/\/i0.wp.com\/aynakol.org\/wp-content\/uploads\/2023\/09\/vuelta2023_stage10_itt_Jasha_Sutterlin-scaled.jpg?fit=1200%2C800&resize=350%2C200","width":350,"height":200,"srcset":"https:\/\/i0.wp.com\/aynakol.org\/wp-content\/uploads\/2023\/09\/vuelta2023_stage10_itt_Jasha_Sutterlin-scaled.jpg?fit=1200%2C800&resize=350%2C200 1x, https:\/\/i0.wp.com\/aynakol.org\/wp-content\/uploads\/2023\/09\/vuelta2023_stage10_itt_Jasha_Sutterlin-scaled.jpg?fit=1200%2C800&resize=525%2C300 1.5x, https:\/\/i0.wp.com\/aynakol.org\/wp-content\/uploads\/2023\/09\/vuelta2023_stage10_itt_Jasha_Sutterlin-scaled.jpg?fit=1200%2C800&resize=700%2C400 2x, https:\/\/i0.wp.com\/aynakol.org\/wp-content\/uploads\/2023\/09\/vuelta2023_stage10_itt_Jasha_Sutterlin-scaled.jpg?fit=1200%2C800&resize=1050%2C600 3x"},"classes":[]},{"id":8348,"url":"http:\/\/aynakol.org\/?p=8348","url_meta":{"origin":8271,"position":3},"title":"La Vuelta a Espana 2023, 9. Etap: Cartagena > Collado de la Cruz de Caravaca, 184,5 km","author":"Ayd\u0131n Bez","date":"3 Eyl\u00fcl 2023","format":false,"excerpt":"D\u00fcnk\u00fc etapta neler olmu\u015ftu? Xorret de Cati zirvesinde sona eren 165 km uzunlu\u011fundaki 8. Etab\u0131n sonunda kazanan... Tek bir isim yazmaya elvermiyor g\u00f6n\u00fcl! Primoz Roglic biti\u015f \u00e7izgisinden ilk ge\u00e7se de tak\u0131m olarak Jumbo-Visma kazand\u0131! Hem de nas\u0131l! Jumbo-Visma tak\u0131m\u0131n\u0131n 33 ya\u015f\u0131ndaki Slovenyal\u0131 pedal\u0131 Roglic kariyerinin 15. Grand Tour, 11. La\u2026","rel":"","context":"&quot;Vuelta a Espana&quot; i\u00e7inde","block_context":{"text":"Vuelta a Espana","link":"http:\/\/aynakol.org\/?cat=91"},"img":{"alt_text":"","src":"https:\/\/i0.wp.com\/aynakol.org\/wp-content\/uploads\/2023\/09\/screenshot_20230902_182541_blutv4608786383647616594.jpg?fit=1200%2C568&resize=350%2C200","width":350,"height":200,"srcset":"https:\/\/i0.wp.com\/aynakol.org\/wp-content\/uploads\/2023\/09\/screenshot_20230902_182541_blutv4608786383647616594.jpg?fit=1200%2C568&resize=350%2C200 1x, https:\/\/i0.wp.com\/aynakol.org\/wp-content\/uploads\/2023\/09\/screenshot_20230902_182541_blutv4608786383647616594.jpg?fit=1200%2C568&resize=525%2C300 1.5x, https:\/\/i0.wp.com\/aynakol.org\/wp-content\/uploads\/2023\/09\/screenshot_20230902_182541_blutv4608786383647616594.jpg?fit=1200%2C568&resize=700%2C400 2x, https:\/\/i0.wp.com\/aynakol.org\/wp-content\/uploads\/2023\/09\/screenshot_20230902_182541_blutv4608786383647616594.jpg?fit=1200%2C568&resize=1050%2C600 3x"},"classes":[]},{"id":8577,"url":"http:\/\/aynakol.org\/?p=8577","url_meta":{"origin":8271,"position":4},"title":"La Vuelta a Espana 2023 19. Etap: La Ba\u00f1eza > \u00cdscar, 177,5 km","author":"Ayd\u0131n Bez","date":"15 Eyl\u00fcl 2023","format":false,"excerpt":"D\u00fcnk\u00fc Etapta Neler Olmu\u015ftu? 179 km uzunlu\u011fundaki 18. Etab\u0131n sonunda Linares Da\u011f Ge\u00e7idinden zafere yine uzun soluklu ka\u00e7\u0131\u015f\u0131n\u0131 ta\u00e7land\u0131rarak pedallayan isim Remco Evenepoel! \u00a0 Soudal - Quick Step tak\u0131m\u0131n\u0131n Bel\u00e7ikal\u0131 pedal\u0131 hen\u00fcz 23 ya\u015f\u0131nda kariyerinin 50. zaferine uzan\u0131rken da\u011flar\u0131n kral\u0131 mayosunu da garantiledi. \u00a0 El Ultimo Kilometro \u00a0 Etap ba\u015flad\u0131ktan\u2026","rel":"","context":"&quot;Vuelta a Espana&quot; i\u00e7inde","block_context":{"text":"Vuelta a Espana","link":"http:\/\/aynakol.org\/?cat=91"},"img":{"alt_text":"","src":"https:\/\/i0.wp.com\/aynakol.org\/wp-content\/uploads\/2023\/09\/screenshot_20230914_185230_blutv4755751375808854427.jpg?fit=1200%2C568&resize=350%2C200","width":350,"height":200,"srcset":"https:\/\/i0.wp.com\/aynakol.org\/wp-content\/uploads\/2023\/09\/screenshot_20230914_185230_blutv4755751375808854427.jpg?fit=1200%2C568&resize=350%2C200 1x, https:\/\/i0.wp.com\/aynakol.org\/wp-content\/uploads\/2023\/09\/screenshot_20230914_185230_blutv4755751375808854427.jpg?fit=1200%2C568&resize=525%2C300 1.5x, https:\/\/i0.wp.com\/aynakol.org\/wp-content\/uploads\/2023\/09\/screenshot_20230914_185230_blutv4755751375808854427.jpg?fit=1200%2C568&resize=700%2C400 2x, https:\/\/i0.wp.com\/aynakol.org\/wp-content\/uploads\/2023\/09\/screenshot_20230914_185230_blutv4755751375808854427.jpg?fit=1200%2C568&resize=1050%2C600 3x"},"classes":[]},{"id":8745,"url":"http:\/\/aynakol.org\/?p=8745","url_meta":{"origin":8271,"position":5},"title":"La Vuelta a Espana 2023 21. ve de Kapan\u0131\u015f Etab\u0131: Madrid de Son Ka\u00e7\u0131\u015f!","author":"Ayd\u0131n Bez","date":"18 Eyl\u00fcl 2023","format":false,"excerpt":"Madrid kentinni binalar aras\u0131nda uzanan geni\u015f bulvarlar\u0131nda sona eren kapan\u0131\u015f etab\u0131nda Kaden Groves kimseye yar etmedi zaferini! G\u00fc\u00e7l\u00fc rakipleri Ganna, Evenepoel Denz \u00f6n\u00fcnde a\u00e7\u0131k ara kazanarak \u00fc\u00e7\u00fcnc\u00fc etap zaferine ula\u015ft\u0131, ye\u015fil mayosunu ta\u00e7land\u0131rd\u0131. \u00a0 Remco Evenepoel, ne zaman ki Madrid tabelas\u0131 g\u00f6r\u00fcnd\u00fc peloton i\u00e7inden ok gibi f\u0131rlayarak \u00f6ne at\u0131ld\u0131 ve\u2026","rel":"","context":"&quot;Vuelta a Espana&quot; i\u00e7inde","block_context":{"text":"Vuelta a Espana","link":"http:\/\/aynakol.org\/?cat=91"},"img":{"alt_text":"","src":"https:\/\/i0.wp.com\/aynakol.org\/wp-content\/uploads\/2023\/09\/screenshot_20230917_211350_instagram758032246410277514-1024x1022.jpg?resize=350%2C200","width":350,"height":200,"srcset":"https:\/\/i0.wp.com\/aynakol.org\/wp-content\/uploads\/2023\/09\/screenshot_20230917_211350_instagram758032246410277514-1024x1022.jpg?resize=350%2C200 1x, https:\/\/i0.wp.com\/aynakol.org\/wp-content\/uploads\/2023\/09\/screenshot_20230917_211350_instagram758032246410277514-1024x1022.jpg?resize=525%2C300 1.5x, https:\/\/i0.wp.com\/aynakol.org\/wp-content\/uploads\/2023\/09\/screenshot_20230917_211350_instagram758032246410277514-1024x1022.jpg?resize=700%2C400 2x"},"classes":[]}],"_links":{"self":[{"href":"http:\/\/aynakol.org\/index.php?rest_route=\/wp\/v2\/posts\/8271","targetHints":{"allow":["GET"]}}],"collection":[{"href":"http:\/\/aynakol.org\/index.php?rest_route=\/wp\/v2\/posts"}],"about":[{"href":"http:\/\/aynakol.org\/index.php?rest_route=\/wp\/v2\/types\/post"}],"author":[{"embeddable":true,"href":"http:\/\/aynakol.org\/index.php?rest_route=\/wp\/v2\/users\/1"}],"replies":[{"embeddable":true,"href":"http:\/\/aynakol.org\/index.php?rest_route=%2Fwp%2Fv2%2Fcomments&post=8271"}],"version-history":[{"count":6,"href":"http:\/\/aynakol.org\/index.php?rest_route=\/wp\/v2\/posts\/8271\/revisions"}],"predecessor-version":[{"id":8275,"href":"http:\/\/aynakol.org\/index.php?rest_route=\/wp\/v2\/posts\/8271\/revisions\/8275"}],"wp:featuredmedia":[{"embeddable":true,"href":"http:\/\/aynakol.org\/index.php?rest_route=\/wp\/v2\/media\/8278"}],"wp:attachment":[{"href":"http:\/\/aynakol.org\/index.php?rest_route=%2Fwp%2Fv2%2Fmedia&parent=8271"}],"wp:term":[{"taxonomy":"category","embeddable":true,"href":"http:\/\/aynakol.org\/index.php?rest_route=%2Fwp%2Fv2%2Fcategories&post=8271"},{"taxonomy":"post_tag","embeddable":true,"href":"http:\/\/aynakol.org\/index.php?rest_route=%2Fwp%2Fv2%2Ftags&post=8271"}],"curies":[{"name":"wp","href":"https:\/\/api.w.org\/{rel}","templated":true}]}}