{"id":8285,"date":"2023-08-30T10:00:08","date_gmt":"2023-08-30T07:00:08","guid":{"rendered":"http:\/\/aynakol.org\/?p=8285"},"modified":"2023-08-29T22:27:52","modified_gmt":"2023-08-29T19:27:52","slug":"la-vuelta-a-espana-2023-5-etap","status":"publish","type":"post","link":"http:\/\/aynakol.org\/?p=8285","title":{"rendered":"La Vuelta a Espana 2023, 5. Etap: Morella > Burriana, 186,2 km"},"content":{"rendered":"<p><span style=\"font-size: 14pt;\"><strong><span style=\"font-family: georgia, palatino, serif;\">D\u00fcnk\u00fc etapta neler olmu\u015ftu?<\/span><\/strong><\/span><\/p>\n<p><span style=\"font-size: 12pt; font-family: georgia, palatino, serif;\">Tarragona k\u0131y\u0131lar\u0131nda sona eren 184,6 km uzunlu\u011fundaki 4. etab\u0131n sonunda zafere sa\u00e7lar\u0131n\u0131 savura savura pedallayan isim Kaden Groves! Giro d&#8217;Italia 2023 sonras\u0131 La Vueltada da etap kazanan Alpecin &#8211; Deceuninck tak\u0131m\u0131n\u0131n 24 ya\u015f\u0131ndaki Avustralyal\u0131 pedal\u0131 Groves ge\u00e7en seneki <a href=\"https:\/\/twitter.com\/Eurosport_TR\/status\/1696555150192615781?s=20\" target=\"_blank\" rel=\"noopener\">zaferinin yan\u0131na bir tane daha eklerken,<\/a> tak\u0131m\u0131 da 2023 sezonu \u00fc\u00e7 b\u00fcy\u00fck turda etap kazanm\u0131\u015f oldu!<\/span><\/p>\n<p>&nbsp;<\/p>\n<div id=\"attachment_8290\" style=\"width: 970px\" class=\"wp-caption aligncenter\"><img data-recalc-dims=\"1\" loading=\"lazy\" decoding=\"async\" aria-describedby=\"caption-attachment-8290\" data-attachment-id=\"8290\" data-permalink=\"http:\/\/aynakol.org\/?attachment_id=8290\" data-orig-file=\"https:\/\/i0.wp.com\/aynakol.org\/wp-content\/uploads\/2023\/08\/vuelta2023_stage4_winner_kaden_grooves.png?fit=960%2C800\" data-orig-size=\"960,800\" data-comments-opened=\"1\" data-image-meta=\"{&quot;aperture&quot;:&quot;0&quot;,&quot;credit&quot;:&quot;&quot;,&quot;camera&quot;:&quot;&quot;,&quot;caption&quot;:&quot;&quot;,&quot;created_timestamp&quot;:&quot;0&quot;,&quot;copyright&quot;:&quot;&quot;,&quot;focal_length&quot;:&quot;0&quot;,&quot;iso&quot;:&quot;0&quot;,&quot;shutter_speed&quot;:&quot;0&quot;,&quot;title&quot;:&quot;&quot;,&quot;orientation&quot;:&quot;0&quot;}\" data-image-title=\"vuelta2023_stage4_winner_kaden_grooves\" data-image-description=\"\" data-image-caption=\"\" data-large-file=\"https:\/\/i0.wp.com\/aynakol.org\/wp-content\/uploads\/2023\/08\/vuelta2023_stage4_winner_kaden_grooves.png?fit=860%2C717\" class=\"wp-image-8290 size-full\" src=\"https:\/\/i0.wp.com\/aynakol.org\/wp-content\/uploads\/2023\/08\/vuelta2023_stage4_winner_kaden_grooves.png?resize=860%2C717\" alt=\"\" width=\"860\" height=\"717\" srcset=\"https:\/\/i0.wp.com\/aynakol.org\/wp-content\/uploads\/2023\/08\/vuelta2023_stage4_winner_kaden_grooves.png?w=960 960w, https:\/\/i0.wp.com\/aynakol.org\/wp-content\/uploads\/2023\/08\/vuelta2023_stage4_winner_kaden_grooves.png?resize=300%2C250 300w, https:\/\/i0.wp.com\/aynakol.org\/wp-content\/uploads\/2023\/08\/vuelta2023_stage4_winner_kaden_grooves.png?resize=768%2C640 768w\" sizes=\"auto, (max-width: 860px) 100vw, 860px\" \/><p id=\"caption-attachment-8290\" class=\"wp-caption-text\">La Vuelta a Espana 2023, 4. Etab\u0131 kazanan kaden Groves, \u0130spanya kendisine hep iyi geliyor!<\/p><\/div>\n<p>&nbsp;<\/p>\n<p><span style=\"font-size: 14pt;\"><strong><span style=\"font-family: georgia, palatino, serif;\">El Ultimo Kilometro<\/span><\/strong><\/span><\/p>\n<div style=\"position: relative; padding-bottom: 56.25%; height: 0; overflow: hidden;\"><iframe loading=\"lazy\" style=\"width: 100%; height: 100%; position: absolute; left: 0px; top: 0px; overflow: hidden;\" title=\"Dailymotion Video Player\" src=\"https:\/\/www.dailymotion.com\/embed\/video\/x8nk6mv\" width=\"100%\" height=\"100%\" frameborder=\"0\" allowfullscreen=\"allowfullscreen\" data-mce-fragment=\"1\"> <\/iframe><\/div>\n<p>&nbsp;<\/p>\n<p><span style=\"font-size: 12pt; font-family: georgia, palatino, serif;\">Ka\u00e7\u0131\u015f\u0131n \u00f6nde, pelotonun da arkada fark\u0131 s\u00fcrekli 1 dakikan\u0131n \u00e7ok az \u00fczerinde tuttu\u011fu etap boyunca pek bir aksiyon olmad\u0131 diyebiliriz; zira favoriler sele \u00fczerinde dinlenirken, sprint treni kuvvetli tak\u0131mlar da fark\u0131 dengede tutup i\u015fi son 5 km i\u00e7ine \u00f6zmek i\u00e7in pedallad\u0131lar.<\/span><\/p>\n<p><span style=\"font-size: 12pt; font-family: georgia, palatino, serif;\">Ya\u015fanan ufak kazalar d\u0131\u015f\u0131nda son tansiyonun iyice artt\u0131\u011f\u0131 son d\u00fczl\u00fck ve pe\u015finden 500 metre kala sola d\u00f6n\u00fc\u015fte EF-Education Easypost tak\u0131m\u0131ndan Hollandal\u0131 Marijn van den Berg viraj\u0131 alamay\u0131nca d\u00fc\u015f\u00fcp bariyerlere vurdu. Pe\u015finden gelen trenler de hafif yoku\u015f yukar\u0131 meyilli biti\u015f \u00e7izgisine uzanan yolda m\u00fccadeleye ba\u015flarken UAE Emiraten tak\u0131m\u0131ndan Sebastian Molano sprinti a\u00e7t\u0131 ve tam ald\u0131 alacak, ge\u00e7en seneki galibiyetin yan\u0131na bir tane daha ekleyecek derken t\u00fckendi ve tekerine yap\u0131\u015fan Kaden Groves etab\u0131 ald\u0131 gitti! Molano \u00fcz\u00fcnt\u00fcden gidonu yumruklarken Groves i\u00e7in kutlama vakti!<br \/>\n<\/span><\/p>\n<p><span style=\"font-size: 14pt;\"><strong><span style=\"font-family: georgia, palatino, serif;\">Etab\u0131n \u00f6ne \u00e7\u0131kan anlar\u0131<\/span><\/strong><\/span><\/p>\n<p><iframe loading=\"lazy\" title=\"YouTube video player\" src=\"\/\/www.youtube.com\/embed\/RI1cxUAynec?si=kcLc5u46t4BhWiMY\" width=\"560\" height=\"315\" frameborder=\"0\" allowfullscreen=\"allowfullscreen\"><\/iframe><\/p>\n<p>&nbsp;<\/p>\n<p><span style=\"font-family: georgia, palatino, serif; font-size: 12pt;\">Genel klasmanda herhangi bir de\u011fi\u015fiklik yok, yata yata geldikleri i\u00e7in farklar ayn\u0131. Maglia Roja ve beyaz mayo h\u00e2l\u00e2 Remco Evenepoel de; Kaden Groves bug\u00fcnk\u00fc zaferle birlikte puan mayosunda lider olurken, Lotto Dstny tak\u0131m\u0131ndan Arjantinli <a href=\"https:\/\/dai.ly\/x8nk68z\" target=\"_blank\" rel=\"noopener\">Eduardo Supulveda da da\u011flar\u0131n kral\u0131 mayonunda lider.<\/a><\/span><\/p>\n<p><span style=\"font-size: 14pt;\"><strong><span style=\"font-family: georgia, palatino, serif;\">S\u0131ral\u0131 tam liste<\/span><\/strong><\/span><\/p>\n<p><iframe loading=\"lazy\" src=\"https:\/\/www.procyclingstats.com\/widgets\/result.php?h=f976c44b88d3ee9d58db882f524dc6ace02b7733\" width=\"520\" height=\"320\"><\/iframe><\/p>\n<p><span style=\"font-size: 14pt;\"><strong><span style=\"font-family: georgia, palatino, serif;\">Bug\u00fcn\u00fc etab\u0131 incelersek<\/span><\/strong><\/span><\/p>\n<p><span style=\"font-size: 12pt; font-family: georgia, palatino, serif;\">K\u0131y\u0131dan da\u011flar\u0131n ard\u0131na trasfer olup serbest d\u00fc\u015f\u00fc\u015fle yeniden denize do\u011fru pedallamaya devam etti\u011fimiz 5. etap, bu sene kar\u015f\u0131m\u0131za \u00e7\u0131kan nadir sprint etaplar\u0131ndan bir tanesi.<\/span><\/p>\n<p><span style=\"font-size: 12pt; font-family: georgia, palatino, serif;\">Balear Denizinin iki sahil kenti Tarraganodan Burrinaya k\u0131y\u0131dan k\u0131y\u0131dan turistin bir rota \u00e7izsek 200 km ya tutar ya tutmaz, ama buras\u0131 La Vuelta, da\u011flara s\u0131rt d\u00f6n\u00fclmez y\u00fcz \u00e7evirilir, a\u015f\u0131lmazsa bile inilir.<\/span><\/p>\n<div id=\"attachment_8291\" style=\"width: 970px\" class=\"wp-caption aligncenter\"><img data-recalc-dims=\"1\" loading=\"lazy\" decoding=\"async\" aria-describedby=\"caption-attachment-8291\" data-attachment-id=\"8291\" data-permalink=\"http:\/\/aynakol.org\/?attachment_id=8291\" data-orig-file=\"https:\/\/i0.wp.com\/aynakol.org\/wp-content\/uploads\/2023\/08\/vuelta2023_stage5_profile.png?fit=960%2C410\" data-orig-size=\"960,410\" data-comments-opened=\"1\" data-image-meta=\"{&quot;aperture&quot;:&quot;0&quot;,&quot;credit&quot;:&quot;&quot;,&quot;camera&quot;:&quot;&quot;,&quot;caption&quot;:&quot;&quot;,&quot;created_timestamp&quot;:&quot;0&quot;,&quot;copyright&quot;:&quot;&quot;,&quot;focal_length&quot;:&quot;0&quot;,&quot;iso&quot;:&quot;0&quot;,&quot;shutter_speed&quot;:&quot;0&quot;,&quot;title&quot;:&quot;&quot;,&quot;orientation&quot;:&quot;0&quot;}\" data-image-title=\"vuelta2023_stage5_profile\" data-image-description=\"\" data-image-caption=\"\" data-large-file=\"https:\/\/i0.wp.com\/aynakol.org\/wp-content\/uploads\/2023\/08\/vuelta2023_stage5_profile.png?fit=860%2C367\" class=\"wp-image-8291 size-full\" src=\"https:\/\/i0.wp.com\/aynakol.org\/wp-content\/uploads\/2023\/08\/vuelta2023_stage5_profile.png?resize=860%2C367\" alt=\"\" width=\"860\" height=\"367\" srcset=\"https:\/\/i0.wp.com\/aynakol.org\/wp-content\/uploads\/2023\/08\/vuelta2023_stage5_profile.png?w=960 960w, https:\/\/i0.wp.com\/aynakol.org\/wp-content\/uploads\/2023\/08\/vuelta2023_stage5_profile.png?resize=300%2C128 300w, https:\/\/i0.wp.com\/aynakol.org\/wp-content\/uploads\/2023\/08\/vuelta2023_stage5_profile.png?resize=768%2C328 768w\" sizes=\"auto, (max-width: 860px) 100vw, 860px\" \/><p id=\"caption-attachment-8291\" class=\"wp-caption-text\">La Vuelta a Espana 2023, 5. Etap Profili: Peloton bug\u00fcn top mermisi misali yuvarlana yuvarlana biti\u015f \u00e7izgisine inecek.<\/p><\/div>\n<p><span style=\"font-size: 12pt; font-family: georgia, palatino, serif;\">Tarihi antik \u00e7a\u011flara dek uzanan Morella K\u00f6y\u00fcnden ba\u015flayacak, sayg\u0131 duru\u015fu niteli\u011findeki etap 186,2 km sonunda Burriana k\u0131y\u0131lar\u0131ndan bir nehir misali deniz d\u00f6k\u00fclecek. 1000 mt rak\u0131mdan ba\u015flayan etap s\u0131n\u0131fland\u0131r\u0131lmam\u0131\u015f t\u0131rman\u0131\u015flar\u0131 da dahil olmak \u00fczere toplam 2400 mt toplam irtifa kazan\u0131m\u0131na sahip. Etab\u0131n tek t\u0131rman\u0131\u015f\u0131 zirvesinden 132,5. km&#8217;den ge\u00e7ilecek Collado de la Ibola. Cat2 s\u0131n\u0131f\u0131 t\u0131rman\u0131\u015f\u0131n zirvesi 793 metrede ki, deniz yol verdi\u011fi i\u00e7in d\u00fcn ne izlediysek ayn\u0131s\u0131n\u0131 bug\u00fcn de g\u00f6rece\u011fiz: Favoriler yatacak sprint trenleri ka\u00e7\u0131\u015f\u0131 kontro edecek bir s\u00fcre tan\u0131yacak ve son d\u00fczl\u00fckte yakalayacak.<br \/>\n<\/span><\/p>\n<div id=\"attachment_8289\" style=\"width: 870px\" class=\"wp-caption aligncenter\"><img data-recalc-dims=\"1\" loading=\"lazy\" decoding=\"async\" aria-describedby=\"caption-attachment-8289\" data-attachment-id=\"8289\" data-permalink=\"http:\/\/aynakol.org\/?attachment_id=8289\" data-orig-file=\"https:\/\/i0.wp.com\/aynakol.org\/wp-content\/uploads\/2023\/08\/vuelta2023_stage4_breakawaygrooves.jpg?fit=2000%2C1333\" data-orig-size=\"2000,1333\" data-comments-opened=\"1\" data-image-meta=\"{&quot;aperture&quot;:&quot;0&quot;,&quot;credit&quot;:&quot;&quot;,&quot;camera&quot;:&quot;&quot;,&quot;caption&quot;:&quot;&quot;,&quot;created_timestamp&quot;:&quot;0&quot;,&quot;copyright&quot;:&quot;&quot;,&quot;focal_length&quot;:&quot;0&quot;,&quot;iso&quot;:&quot;0&quot;,&quot;shutter_speed&quot;:&quot;0&quot;,&quot;title&quot;:&quot;&quot;,&quot;orientation&quot;:&quot;0&quot;}\" data-image-title=\"vuelta2023_stage4_breakawaygrooves\" data-image-description=\"\" data-image-caption=\"\" data-large-file=\"https:\/\/i0.wp.com\/aynakol.org\/wp-content\/uploads\/2023\/08\/vuelta2023_stage4_breakawaygrooves.jpg?fit=860%2C573\" class=\"wp-image-8289 size-large\" src=\"https:\/\/i0.wp.com\/aynakol.org\/wp-content\/uploads\/2023\/08\/vuelta2023_stage4_breakawaygrooves.jpg?resize=860%2C573\" alt=\"\" width=\"860\" height=\"573\" srcset=\"https:\/\/i0.wp.com\/aynakol.org\/wp-content\/uploads\/2023\/08\/vuelta2023_stage4_breakawaygrooves.jpg?resize=1024%2C682 1024w, https:\/\/i0.wp.com\/aynakol.org\/wp-content\/uploads\/2023\/08\/vuelta2023_stage4_breakawaygrooves.jpg?resize=300%2C200 300w, https:\/\/i0.wp.com\/aynakol.org\/wp-content\/uploads\/2023\/08\/vuelta2023_stage4_breakawaygrooves.jpg?resize=768%2C512 768w, https:\/\/i0.wp.com\/aynakol.org\/wp-content\/uploads\/2023\/08\/vuelta2023_stage4_breakawaygrooves.jpg?resize=1536%2C1024 1536w, https:\/\/i0.wp.com\/aynakol.org\/wp-content\/uploads\/2023\/08\/vuelta2023_stage4_breakawaygrooves.jpg?w=2000 2000w, https:\/\/i0.wp.com\/aynakol.org\/wp-content\/uploads\/2023\/08\/vuelta2023_stage4_breakawaygrooves.jpg?w=1720 1720w\" sizes=\"auto, (max-width: 860px) 100vw, 860px\" \/><p id=\"caption-attachment-8289\" class=\"wp-caption-text\">La Vuelta a Espana 2023, 4. Etab\u0131n ka\u00e7\u0131\u015f y\u00fck\u00fcn\u00fc iki \u0130spnayol \u00e7ekti: Ander Okamika (Burgos-BH) ve David Gonzalez ikilisi 164km birlikte \u00e7al\u0131\u015f\u0131p ka\u00e7sa da son 20 km kala yakalanmaktan kurtulamad\u0131lar. Bir umuttur ka\u00e7\u0131\u015f, sonu zaferle ta\u00e7lanabilecek!<\/p><\/div>\n","protected":false},"excerpt":{"rendered":"<p>D\u00fcnk\u00fc etapta neler olmu\u015ftu? Tarragona k\u0131y\u0131lar\u0131nda sona eren 184,6 km uzunlu\u011fundaki 4. etab\u0131n sonunda zafere sa\u00e7lar\u0131n\u0131 savura savura pedallayan isim Kaden Groves! Giro d&#8217;Italia 2023 [&#8230;]<\/p>\n","protected":false},"author":1,"featured_media":8288,"comment_status":"open","ping_status":"open","sticky":false,"template":"","format":"standard","meta":{"jetpack_post_was_ever_published":false,"_jetpack_newsletter_access":"","_jetpack_dont_email_post_to_subs":false,"_jetpack_newsletter_tier_id":0,"_jetpack_memberships_contains_paywalled_content":false,"_jetpack_memberships_contains_paid_content":false,"footnotes":"","jetpack_publicize_message":"","jetpack_publicize_feature_enabled":true,"jetpack_social_post_already_shared":true,"jetpack_social_options":{"image_generator_settings":{"template":"highway","default_image_id":0,"font":"","enabled":false},"version":2}},"categories":[91],"tags":[233,1517,1605,1511,1607,1604,14,1601,234,1603,1602],"class_list":["post-8285","post","type-post","status-publish","format-standard","has-post-thumbnail","hentry","category-vuelta-2","tag-ispanya-bisiklet-turu","tag-kaden-groves","tag-lorenzo-milesi","tag-remco-evenepoel","tag-sebastian-molena","tag-team-dsm-firmenich","tag-vuelta","tag-vuelta-2023","tag-vuelta-a-espana","tag-vuelta-a-espana-2023","tag-vuelta-ciclista-a-espana"],"jetpack_publicize_connections":[],"jetpack_featured_media_url":"https:\/\/i0.wp.com\/aynakol.org\/wp-content\/uploads\/2023\/08\/vuelta2023_stage1_peloton.jpg?fit=1024%2C683","jetpack_sharing_enabled":true,"jetpack_shortlink":"https:\/\/wp.me\/p51p4O-29D","jetpack_likes_enabled":true,"jetpack-related-posts":[{"id":8298,"url":"http:\/\/aynakol.org\/?p=8298","url_meta":{"origin":8285,"position":0},"title":"La Vuelta a Espana 2023, 6. Etap: La Vall d&#8217;Uix\u00f3 > Observatorio Astrof\u00edsico de Javalambre, 183,1 km","author":"Ayd\u0131n Bez","date":"31 A\u011fustos 2023","format":false,"excerpt":"D\u00fcnk\u00fc etapta neler olmu\u015ftu? Kaden Groves! D\u00fcnk\u00fc etap nas\u0131l bittiyse bug\u00fcn de ayn\u0131s\u0131n\u0131 izledik: Burriana k\u0131y\u0131lar\u0131nda sona eren 5. Etab\u0131n sonunda en h\u0131zl\u0131 sprinti at\u0131p zafere pedallayan isim Kaden Groves! Alpecin-Deceuninck tak\u0131m\u0131n\u0131n Avustralyal\u0131 pedal\u0131 \u00fcst \u00fcste kazand\u0131\u011f\u0131 iki etapla s\u0131rt\u0131ndaki ye\u015fil mayoyu da peki\u015ftirdi. \u00a0 D\u00fcn Sebastian Molano, bug\u00fcn de\u2026","rel":"","context":"&quot;Vuelta a Espana&quot; i\u00e7inde","block_context":{"text":"Vuelta a Espana","link":"http:\/\/aynakol.org\/?cat=91"},"img":{"alt_text":"","src":"https:\/\/i0.wp.com\/aynakol.org\/wp-content\/uploads\/2023\/08\/vuelta2023_stage4_peloton0.jpg?fit=1000%2C666&resize=350%2C200","width":350,"height":200,"srcset":"https:\/\/i0.wp.com\/aynakol.org\/wp-content\/uploads\/2023\/08\/vuelta2023_stage4_peloton0.jpg?fit=1000%2C666&resize=350%2C200 1x, https:\/\/i0.wp.com\/aynakol.org\/wp-content\/uploads\/2023\/08\/vuelta2023_stage4_peloton0.jpg?fit=1000%2C666&resize=525%2C300 1.5x, https:\/\/i0.wp.com\/aynakol.org\/wp-content\/uploads\/2023\/08\/vuelta2023_stage4_peloton0.jpg?fit=1000%2C666&resize=700%2C400 2x"},"classes":[]},{"id":8581,"url":"http:\/\/aynakol.org\/?p=8581","url_meta":{"origin":8285,"position":1},"title":"La Vuelta a Espana 2023 21. Etap: Hip\u00f3dromo de la Zarzuela > Madrid. Paisaje de la Luz, 101,5 km","author":"Ayd\u0131n Bez","date":"17 Eyl\u00fcl 2023","format":false,"excerpt":"D\u00fcnk\u00fc Etapta Neler Olmu\u015ftu? Manzanares El Real kentinden ba\u015flad\u0131ktan sonra 208 km boyunca da\u011flarla y\u00fczle\u015filen zorlu 20. Etab\u0131n sonunda Guadarramada ka\u00e7\u0131\u015ftan geriye kalanlar\u0131n giri\u015fti\u011fi sprint m\u00fccadelesine teker fark\u0131 ile Remco Evenepoel \u00f6n\u00fcnde kazanan isim Wout Poels! \u00a0 Bahrain - Victorious tak\u0131m\u0131n\u0131n 35 ya\u015f\u0131ndaki Hollandal\u0131 pedal\u0131, Le Tour de France 2023\u2026","rel":"","context":"&quot;Vuelta a Espana&quot; i\u00e7inde","block_context":{"text":"Vuelta a Espana","link":"http:\/\/aynakol.org\/?cat=91"},"img":{"alt_text":"","src":"https:\/\/i0.wp.com\/aynakol.org\/wp-content\/uploads\/2023\/09\/20230916_190621248301387089315784.jpg?fit=1080%2C360&resize=350%2C200","width":350,"height":200,"srcset":"https:\/\/i0.wp.com\/aynakol.org\/wp-content\/uploads\/2023\/09\/20230916_190621248301387089315784.jpg?fit=1080%2C360&resize=350%2C200 1x, https:\/\/i0.wp.com\/aynakol.org\/wp-content\/uploads\/2023\/09\/20230916_190621248301387089315784.jpg?fit=1080%2C360&resize=525%2C300 1.5x, https:\/\/i0.wp.com\/aynakol.org\/wp-content\/uploads\/2023\/09\/20230916_190621248301387089315784.jpg?fit=1080%2C360&resize=700%2C400 2x, https:\/\/i0.wp.com\/aynakol.org\/wp-content\/uploads\/2023\/09\/20230916_190621248301387089315784.jpg?fit=1080%2C360&resize=1050%2C600 3x"},"classes":[]},{"id":8334,"url":"http:\/\/aynakol.org\/?p=8334","url_meta":{"origin":8285,"position":2},"title":"La Vuelta a Espana 2023, 8. Etap: D\u00e9nia > Xorret de Cat\u00ed. Costa Blanca Interior, 165 km","author":"Ayd\u0131n Bez","date":"2 Eyl\u00fcl 2023","format":false,"excerpt":"D\u00fcnk\u00fc etapta neler olmu\u015ftu? Ge\u00e7 kalm\u0131\u015f bir etap zaferi daha: Geoffrey Soupe! TotalEnergies tak\u0131m\u0131n\u0131n 35 ya\u015f\u0131ndaki Frans\u0131z pedal\u0131 Geoffrey Soupe, emeklili\u011fe iki kala t\u00fcm pelotonu \u015fa\u015f\u0131rt\u0131p rakiplerine de gidon d\u00f6vd\u00fcrerek Olivie k\u0131y\u0131lar\u0131nda sona eren 200,8 km uzunlu\u011fundaki 7. Etab\u0131 kazand\u0131! \u00a0 \u00a0 El Ultimo Kilometro Sakin ge\u00e7mesi beklenen etapta zafere\u2026","rel":"","context":"&quot;Vuelta a Espana&quot; i\u00e7inde","block_context":{"text":"Vuelta a Espana","link":"http:\/\/aynakol.org\/?cat=91"},"img":{"alt_text":"","src":"https:\/\/i0.wp.com\/aynakol.org\/wp-content\/uploads\/2023\/09\/vuelta2023_stage7_bunch_sprint-e1693591909205.jpg?fit=1200%2C494&resize=350%2C200","width":350,"height":200,"srcset":"https:\/\/i0.wp.com\/aynakol.org\/wp-content\/uploads\/2023\/09\/vuelta2023_stage7_bunch_sprint-e1693591909205.jpg?fit=1200%2C494&resize=350%2C200 1x, https:\/\/i0.wp.com\/aynakol.org\/wp-content\/uploads\/2023\/09\/vuelta2023_stage7_bunch_sprint-e1693591909205.jpg?fit=1200%2C494&resize=525%2C300 1.5x, https:\/\/i0.wp.com\/aynakol.org\/wp-content\/uploads\/2023\/09\/vuelta2023_stage7_bunch_sprint-e1693591909205.jpg?fit=1200%2C494&resize=700%2C400 2x, https:\/\/i0.wp.com\/aynakol.org\/wp-content\/uploads\/2023\/09\/vuelta2023_stage7_bunch_sprint-e1693591909205.jpg?fit=1200%2C494&resize=1050%2C600 3x"},"classes":[]},{"id":8577,"url":"http:\/\/aynakol.org\/?p=8577","url_meta":{"origin":8285,"position":3},"title":"La Vuelta a Espana 2023 19. Etap: La Ba\u00f1eza > \u00cdscar, 177,5 km","author":"Ayd\u0131n Bez","date":"15 Eyl\u00fcl 2023","format":false,"excerpt":"D\u00fcnk\u00fc Etapta Neler Olmu\u015ftu? 179 km uzunlu\u011fundaki 18. Etab\u0131n sonunda Linares Da\u011f Ge\u00e7idinden zafere yine uzun soluklu ka\u00e7\u0131\u015f\u0131n\u0131 ta\u00e7land\u0131rarak pedallayan isim Remco Evenepoel! \u00a0 Soudal - Quick Step tak\u0131m\u0131n\u0131n Bel\u00e7ikal\u0131 pedal\u0131 hen\u00fcz 23 ya\u015f\u0131nda kariyerinin 50. zaferine uzan\u0131rken da\u011flar\u0131n kral\u0131 mayosunu da garantiledi. \u00a0 El Ultimo Kilometro \u00a0 Etap ba\u015flad\u0131ktan\u2026","rel":"","context":"&quot;Vuelta a Espana&quot; i\u00e7inde","block_context":{"text":"Vuelta a Espana","link":"http:\/\/aynakol.org\/?cat=91"},"img":{"alt_text":"","src":"https:\/\/i0.wp.com\/aynakol.org\/wp-content\/uploads\/2023\/09\/screenshot_20230914_185230_blutv4755751375808854427.jpg?fit=1200%2C568&resize=350%2C200","width":350,"height":200,"srcset":"https:\/\/i0.wp.com\/aynakol.org\/wp-content\/uploads\/2023\/09\/screenshot_20230914_185230_blutv4755751375808854427.jpg?fit=1200%2C568&resize=350%2C200 1x, https:\/\/i0.wp.com\/aynakol.org\/wp-content\/uploads\/2023\/09\/screenshot_20230914_185230_blutv4755751375808854427.jpg?fit=1200%2C568&resize=525%2C300 1.5x, https:\/\/i0.wp.com\/aynakol.org\/wp-content\/uploads\/2023\/09\/screenshot_20230914_185230_blutv4755751375808854427.jpg?fit=1200%2C568&resize=700%2C400 2x, https:\/\/i0.wp.com\/aynakol.org\/wp-content\/uploads\/2023\/09\/screenshot_20230914_185230_blutv4755751375808854427.jpg?fit=1200%2C568&resize=1050%2C600 3x"},"classes":[]},{"id":8533,"url":"http:\/\/aynakol.org\/?p=8533","url_meta":{"origin":8285,"position":4},"title":"La Vuelta a Espana 2023 16. Etap: Liencres Playa > Bejes, 120,1 km","author":"Ayd\u0131n Bez","date":"12 Eyl\u00fcl 2023","format":false,"excerpt":"D\u00fcnk\u00fc Etapta Neler Olmu\u015ftu? Bask B\u00f6lgesinin Lekunberri kentinde sona eren 158,3 km uzunlu\u011fundaki 15. Etab\u0131n sonunda kedi fare oyunundan zafere pedallayan isim Rui Costa! Intermarch\u00e9 - Circus - Wanty tak\u0131m\u0131n\u0131n 36 ya\u015f\u0131ndaki Portekizlisinin kariyerindeki ilk La Vuelta etap zaferi! En son 2013 y\u0131l\u0131nda Tour de France 19. Etapta kazan\u0131p, devrisi\u2026","rel":"","context":"&quot;Vuelta a Espana&quot; i\u00e7inde","block_context":{"text":"Vuelta a Espana","link":"http:\/\/aynakol.org\/?cat=91"},"img":{"alt_text":"","src":"https:\/\/i0.wp.com\/aynakol.org\/wp-content\/uploads\/2023\/09\/lavuelta2023_stage_15_peloton_3-scaled.jpeg?fit=1200%2C800&resize=350%2C200","width":350,"height":200,"srcset":"https:\/\/i0.wp.com\/aynakol.org\/wp-content\/uploads\/2023\/09\/lavuelta2023_stage_15_peloton_3-scaled.jpeg?fit=1200%2C800&resize=350%2C200 1x, https:\/\/i0.wp.com\/aynakol.org\/wp-content\/uploads\/2023\/09\/lavuelta2023_stage_15_peloton_3-scaled.jpeg?fit=1200%2C800&resize=525%2C300 1.5x, https:\/\/i0.wp.com\/aynakol.org\/wp-content\/uploads\/2023\/09\/lavuelta2023_stage_15_peloton_3-scaled.jpeg?fit=1200%2C800&resize=700%2C400 2x, https:\/\/i0.wp.com\/aynakol.org\/wp-content\/uploads\/2023\/09\/lavuelta2023_stage_15_peloton_3-scaled.jpeg?fit=1200%2C800&resize=1050%2C600 3x"},"classes":[]},{"id":8745,"url":"http:\/\/aynakol.org\/?p=8745","url_meta":{"origin":8285,"position":5},"title":"La Vuelta a Espana 2023 21. ve de Kapan\u0131\u015f Etab\u0131: Madrid de Son Ka\u00e7\u0131\u015f!","author":"Ayd\u0131n Bez","date":"18 Eyl\u00fcl 2023","format":false,"excerpt":"Madrid kentinni binalar aras\u0131nda uzanan geni\u015f bulvarlar\u0131nda sona eren kapan\u0131\u015f etab\u0131nda Kaden Groves kimseye yar etmedi zaferini! G\u00fc\u00e7l\u00fc rakipleri Ganna, Evenepoel Denz \u00f6n\u00fcnde a\u00e7\u0131k ara kazanarak \u00fc\u00e7\u00fcnc\u00fc etap zaferine ula\u015ft\u0131, ye\u015fil mayosunu ta\u00e7land\u0131rd\u0131. \u00a0 Remco Evenepoel, ne zaman ki Madrid tabelas\u0131 g\u00f6r\u00fcnd\u00fc peloton i\u00e7inden ok gibi f\u0131rlayarak \u00f6ne at\u0131ld\u0131 ve\u2026","rel":"","context":"&quot;Vuelta a Espana&quot; i\u00e7inde","block_context":{"text":"Vuelta a Espana","link":"http:\/\/aynakol.org\/?cat=91"},"img":{"alt_text":"","src":"https:\/\/i0.wp.com\/aynakol.org\/wp-content\/uploads\/2023\/09\/screenshot_20230917_211350_instagram758032246410277514-1024x1022.jpg?resize=350%2C200","width":350,"height":200,"srcset":"https:\/\/i0.wp.com\/aynakol.org\/wp-content\/uploads\/2023\/09\/screenshot_20230917_211350_instagram758032246410277514-1024x1022.jpg?resize=350%2C200 1x, https:\/\/i0.wp.com\/aynakol.org\/wp-content\/uploads\/2023\/09\/screenshot_20230917_211350_instagram758032246410277514-1024x1022.jpg?resize=525%2C300 1.5x, https:\/\/i0.wp.com\/aynakol.org\/wp-content\/uploads\/2023\/09\/screenshot_20230917_211350_instagram758032246410277514-1024x1022.jpg?resize=700%2C400 2x"},"classes":[]}],"_links":{"self":[{"href":"http:\/\/aynakol.org\/index.php?rest_route=\/wp\/v2\/posts\/8285","targetHints":{"allow":["GET"]}}],"collection":[{"href":"http:\/\/aynakol.org\/index.php?rest_route=\/wp\/v2\/posts"}],"about":[{"href":"http:\/\/aynakol.org\/index.php?rest_route=\/wp\/v2\/types\/post"}],"author":[{"embeddable":true,"href":"http:\/\/aynakol.org\/index.php?rest_route=\/wp\/v2\/users\/1"}],"replies":[{"embeddable":true,"href":"http:\/\/aynakol.org\/index.php?rest_route=%2Fwp%2Fv2%2Fcomments&post=8285"}],"version-history":[{"count":4,"href":"http:\/\/aynakol.org\/index.php?rest_route=\/wp\/v2\/posts\/8285\/revisions"}],"predecessor-version":[{"id":8293,"href":"http:\/\/aynakol.org\/index.php?rest_route=\/wp\/v2\/posts\/8285\/revisions\/8293"}],"wp:featuredmedia":[{"embeddable":true,"href":"http:\/\/aynakol.org\/index.php?rest_route=\/wp\/v2\/media\/8288"}],"wp:attachment":[{"href":"http:\/\/aynakol.org\/index.php?rest_route=%2Fwp%2Fv2%2Fmedia&parent=8285"}],"wp:term":[{"taxonomy":"category","embeddable":true,"href":"http:\/\/aynakol.org\/index.php?rest_route=%2Fwp%2Fv2%2Fcategories&post=8285"},{"taxonomy":"post_tag","embeddable":true,"href":"http:\/\/aynakol.org\/index.php?rest_route=%2Fwp%2Fv2%2Ftags&post=8285"}],"curies":[{"name":"wp","href":"https:\/\/api.w.org\/{rel}","templated":true}]}}