{"id":8298,"date":"2023-08-31T10:00:46","date_gmt":"2023-08-31T07:00:46","guid":{"rendered":"http:\/\/aynakol.org\/?p=8298"},"modified":"2023-08-31T20:22:28","modified_gmt":"2023-08-31T17:22:28","slug":"la-vuelta-a-espana-2023-6-etap","status":"publish","type":"post","link":"http:\/\/aynakol.org\/?p=8298","title":{"rendered":"La Vuelta a Espana 2023, 6. Etap: La Vall d&#8217;Uix\u00f3 > Observatorio Astrof\u00edsico de Javalambre, 183,1 km"},"content":{"rendered":"<p><span style=\"font-size: 14pt; font-family: georgia, palatino, serif;\"><strong>D\u00fcnk\u00fc etapta neler olmu\u015ftu?<\/strong><\/span><\/p>\n<p><span style=\"font-family: georgia, palatino, serif; font-size: 12pt;\">Kaden Groves! D\u00fcnk\u00fc etap nas\u0131l bittiyse bug\u00fcn de ayn\u0131s\u0131n\u0131 izledik: Burriana k\u0131y\u0131lar\u0131nda sona eren 5. Etab\u0131n sonunda en h\u0131zl\u0131 sprinti at\u0131p zafere pedallayan isim Kaden Groves! Alpecin-Deceuninck tak\u0131m\u0131n\u0131n Avustralyal\u0131 pedal\u0131 \u00fcst \u00fcste kazand\u0131\u011f\u0131 iki etapla s\u0131rt\u0131ndaki ye\u015fil mayoyu da peki\u015ftirdi.<br \/>\n<\/span><\/p>\n<p><img data-recalc-dims=\"1\" loading=\"lazy\" decoding=\"async\" data-attachment-id=\"8305\" data-permalink=\"http:\/\/aynakol.org\/?attachment_id=8305\" data-orig-file=\"https:\/\/i0.wp.com\/aynakol.org\/wp-content\/uploads\/2023\/08\/vuelta2023_stage5_winner_kaden_groves.jpg?fit=1620%2C1080\" data-orig-size=\"1620,1080\" data-comments-opened=\"1\" data-image-meta=\"{&quot;aperture&quot;:&quot;0&quot;,&quot;credit&quot;:&quot;&quot;,&quot;camera&quot;:&quot;&quot;,&quot;caption&quot;:&quot;&quot;,&quot;created_timestamp&quot;:&quot;0&quot;,&quot;copyright&quot;:&quot;&quot;,&quot;focal_length&quot;:&quot;0&quot;,&quot;iso&quot;:&quot;0&quot;,&quot;shutter_speed&quot;:&quot;0&quot;,&quot;title&quot;:&quot;&quot;,&quot;orientation&quot;:&quot;0&quot;}\" data-image-title=\"vuelta2023_stage5_winner_kaden_groves\" data-image-description=\"\" data-image-caption=\"\" data-large-file=\"https:\/\/i0.wp.com\/aynakol.org\/wp-content\/uploads\/2023\/08\/vuelta2023_stage5_winner_kaden_groves.jpg?fit=860%2C574\" class=\"aligncenter size-large wp-image-8305\" src=\"https:\/\/i0.wp.com\/aynakol.org\/wp-content\/uploads\/2023\/08\/vuelta2023_stage5_winner_kaden_groves.jpg?resize=860%2C574\" alt=\"\" width=\"860\" height=\"574\" srcset=\"https:\/\/i0.wp.com\/aynakol.org\/wp-content\/uploads\/2023\/08\/vuelta2023_stage5_winner_kaden_groves.jpg?resize=1024%2C683 1024w, https:\/\/i0.wp.com\/aynakol.org\/wp-content\/uploads\/2023\/08\/vuelta2023_stage5_winner_kaden_groves.jpg?resize=300%2C200 300w, https:\/\/i0.wp.com\/aynakol.org\/wp-content\/uploads\/2023\/08\/vuelta2023_stage5_winner_kaden_groves.jpg?resize=768%2C512 768w, https:\/\/i0.wp.com\/aynakol.org\/wp-content\/uploads\/2023\/08\/vuelta2023_stage5_winner_kaden_groves.jpg?resize=1536%2C1024 1536w, https:\/\/i0.wp.com\/aynakol.org\/wp-content\/uploads\/2023\/08\/vuelta2023_stage5_winner_kaden_groves.jpg?w=1620 1620w\" sizes=\"auto, (max-width: 860px) 100vw, 860px\" \/><\/p>\n<p>&nbsp;<\/p>\n<p><span style=\"font-size: 12pt; font-family: georgia, palatino, serif;\">D\u00fcn Sebastian Molano, bug\u00fcn de Filippo Ganna&#8230; Son metrelere dek sprint trenini koruyan Alpecin-Deceuninck, Filippo Gannan\u0131n geriden sprint a\u00e7\u0131p bir anda \u00f6ne gelmesiyle Groves ok gibi f\u0131rlad\u0131 ve teker fark\u0131yla Gannan\u0131n \u00f6n\u00fcnde etab\u0131 kazand\u0131.<\/span><\/p>\n<p>&nbsp;<\/p>\n<p><span style=\"font-size: 14pt; font-family: georgia, palatino, serif;\"><strong>El Ultimo Kilometro<\/strong><\/span><\/p>\n<div style=\"position: relative; padding-bottom: 56.25%; height: 0; overflow: hidden;\"><iframe loading=\"lazy\" style=\"width: 100%; height: 100%; position: absolute; left: 0px; top: 0px; overflow: hidden;\" title=\"Dailymotion Video Player\" src=\"https:\/\/www.dailymotion.com\/embed\/video\/x8nkybh\" width=\"100%\" height=\"100%\" frameborder=\"0\" allowfullscreen=\"allowfullscreen\" data-mce-fragment=\"1\"> <\/iframe><\/div>\n<p>&nbsp;<\/p>\n<p><span style=\"font-size: 12pt; font-family: georgia, palatino, serif;\">Burgos-BH tak\u0131m\u0131ndan Eric Fagundezin 125 km s\u00fcren ka\u00e7\u0131\u015f\u0131 zafere a\u00e7 sprint tak\u0131mlar\u0131n\u0131n temposuyla sona ererken bir Eduardo Suplevdan\u0131n da\u011flar\u0131n kral\u0131 mayosu puanlar\u0131 i\u00e7in atak yapmas\u0131 bir de biti\u015fe 11 km kala ara sprint kap\u0131s\u0131ndaki <a href=\"https:\/\/dai.ly\/x8nky2o\" target=\"_blank\" rel=\"noopener\">bonus saniyeler i\u00e7in Remco Evenepoelin sakin pedallayan pelotona kar\u015f\u0131 ata\u011f\u0131 ortal\u0131\u011f\u0131 \u015fenlendirdi.<\/a> <\/span><\/p>\n<p>&nbsp;<\/p>\n<p><span style=\"font-size: 14pt; font-family: georgia, palatino, serif;\"><strong>Etab\u0131n \u00f6ne \u00e7\u0131kan anlar\u0131<\/strong><\/span><\/p>\n<p><iframe loading=\"lazy\" title=\"YouTube video player\" src=\"\/\/www.youtube.com\/embed\/-jIhlLFMWu0?si=pU7msAp8P1QknfQt\" width=\"560\" height=\"315\" frameborder=\"0\" allowfullscreen=\"allowfullscreen\"><\/iframe><\/p>\n<p><span style=\"font-size: 12pt; font-family: georgia, palatino, serif;\">Genel klasman i\u00e7in yar\u0131ndan \u00f6nce dinlenme etab\u0131 olsa da Remco Evenepoel, ara sprint kap\u0131s\u0131ndaki 6 saniyeye alarak azar azar Velominati alt\u0131n mayoyu bana yazar dedi; ho\u015f, beyaz mayo da onun s\u0131rt\u0131nda. Eduardo Supulveda g\u00fcn\u00fcn son t\u0131rman\u0131\u015f\u0131nda yapt\u0131\u011f\u0131 atakla puan al\u0131rken, Kaden Groves da ye\u015fil mayosunu bug\u00fcnk\u00fc etap zaferiyle peki\u015ftirdi. <\/span><\/p>\n<p>&nbsp;<\/p>\n<p><img data-recalc-dims=\"1\" loading=\"lazy\" decoding=\"async\" data-attachment-id=\"8306\" data-permalink=\"http:\/\/aynakol.org\/?attachment_id=8306\" data-orig-file=\"https:\/\/i0.wp.com\/aynakol.org\/wp-content\/uploads\/2023\/08\/vuelta2023_stage5_eduardo_supulveda-scaled.jpg?fit=2560%2C1704\" data-orig-size=\"2560,1704\" data-comments-opened=\"1\" data-image-meta=\"{&quot;aperture&quot;:&quot;0&quot;,&quot;credit&quot;:&quot;&quot;,&quot;camera&quot;:&quot;&quot;,&quot;caption&quot;:&quot;&quot;,&quot;created_timestamp&quot;:&quot;0&quot;,&quot;copyright&quot;:&quot;&quot;,&quot;focal_length&quot;:&quot;0&quot;,&quot;iso&quot;:&quot;0&quot;,&quot;shutter_speed&quot;:&quot;0&quot;,&quot;title&quot;:&quot;&quot;,&quot;orientation&quot;:&quot;0&quot;}\" data-image-title=\"vuelta2023_stage5_eduardo_supulveda\" data-image-description=\"\" data-image-caption=\"\" data-large-file=\"https:\/\/i0.wp.com\/aynakol.org\/wp-content\/uploads\/2023\/08\/vuelta2023_stage5_eduardo_supulveda-scaled.jpg?fit=860%2C573\" class=\"aligncenter size-large wp-image-8306\" src=\"https:\/\/i0.wp.com\/aynakol.org\/wp-content\/uploads\/2023\/08\/vuelta2023_stage5_eduardo_supulveda.jpg?resize=860%2C573\" alt=\"\" width=\"860\" height=\"573\" srcset=\"https:\/\/i0.wp.com\/aynakol.org\/wp-content\/uploads\/2023\/08\/vuelta2023_stage5_eduardo_supulveda-scaled.jpg?resize=1024%2C682 1024w, https:\/\/i0.wp.com\/aynakol.org\/wp-content\/uploads\/2023\/08\/vuelta2023_stage5_eduardo_supulveda-scaled.jpg?resize=300%2C200 300w, https:\/\/i0.wp.com\/aynakol.org\/wp-content\/uploads\/2023\/08\/vuelta2023_stage5_eduardo_supulveda-scaled.jpg?resize=768%2C511 768w, https:\/\/i0.wp.com\/aynakol.org\/wp-content\/uploads\/2023\/08\/vuelta2023_stage5_eduardo_supulveda-scaled.jpg?resize=1536%2C1022 1536w, https:\/\/i0.wp.com\/aynakol.org\/wp-content\/uploads\/2023\/08\/vuelta2023_stage5_eduardo_supulveda-scaled.jpg?resize=2048%2C1363 2048w, https:\/\/i0.wp.com\/aynakol.org\/wp-content\/uploads\/2023\/08\/vuelta2023_stage5_eduardo_supulveda-scaled.jpg?w=1720 1720w\" sizes=\"auto, (max-width: 860px) 100vw, 860px\" \/><\/p>\n<p>&nbsp;<\/p>\n<p><span style=\"font-size: 14pt; font-family: georgia, palatino, serif;\"><strong>S\u0131ral\u0131 tam liste<\/strong><\/span><\/p>\n<p><iframe loading=\"lazy\" src=\"https:\/\/www.procyclingstats.com\/widgets\/result.php?h=92be653dce23163d31f54cf18101bbd9b7959712\" width=\"520\" height=\"320\"><\/iframe><\/p>\n<p><span style=\"font-size: 14pt; font-family: georgia, palatino, serif;\"><strong>Bug\u00fcnk\u00fc etab\u0131 incelersek<\/strong><\/span><\/p>\n<p><span style=\"font-size: 12pt; font-family: georgia, palatino, serif;\">Denizden La Vall d&#8217;Uix\u00f3 kasabas\u0131ndan da\u011flar\u0131n tepesine kurulu <em>sonsuzluk ve \u00f6tesine<\/em> g\u00f6z atan <a href=\"https:\/\/www.procyclingstats.com\/images\/profiles\/ap\/ac\/vuelta-a-espana-2023-stage-6-map-8f02bde880.jpeg\" target=\"_blank\" rel=\"noopener\">Javalambre Astrofizik G\u00f6zlemevine do\u011fru pedallanacak<\/a> 6. etap 183,1 km uzunlu\u011funda. <\/span><\/p>\n<div id=\"attachment_8301\" style=\"width: 970px\" class=\"wp-caption aligncenter\"><img data-recalc-dims=\"1\" loading=\"lazy\" decoding=\"async\" aria-describedby=\"caption-attachment-8301\" data-attachment-id=\"8301\" data-permalink=\"http:\/\/aynakol.org\/?attachment_id=8301\" data-orig-file=\"https:\/\/i0.wp.com\/aynakol.org\/wp-content\/uploads\/2023\/08\/vuelta2023_stage6_profile.png?fit=960%2C587\" data-orig-size=\"960,587\" data-comments-opened=\"1\" data-image-meta=\"{&quot;aperture&quot;:&quot;0&quot;,&quot;credit&quot;:&quot;&quot;,&quot;camera&quot;:&quot;&quot;,&quot;caption&quot;:&quot;&quot;,&quot;created_timestamp&quot;:&quot;0&quot;,&quot;copyright&quot;:&quot;&quot;,&quot;focal_length&quot;:&quot;0&quot;,&quot;iso&quot;:&quot;0&quot;,&quot;shutter_speed&quot;:&quot;0&quot;,&quot;title&quot;:&quot;&quot;,&quot;orientation&quot;:&quot;0&quot;}\" data-image-title=\"vuelta2023_stage6_profile\" data-image-description=\"\" data-image-caption=\"\" data-large-file=\"https:\/\/i0.wp.com\/aynakol.org\/wp-content\/uploads\/2023\/08\/vuelta2023_stage6_profile.png?fit=860%2C526\" class=\"wp-image-8301 size-full\" src=\"https:\/\/i0.wp.com\/aynakol.org\/wp-content\/uploads\/2023\/08\/vuelta2023_stage6_profile.png?resize=860%2C526\" alt=\"\" width=\"860\" height=\"526\" srcset=\"https:\/\/i0.wp.com\/aynakol.org\/wp-content\/uploads\/2023\/08\/vuelta2023_stage6_profile.png?w=960 960w, https:\/\/i0.wp.com\/aynakol.org\/wp-content\/uploads\/2023\/08\/vuelta2023_stage6_profile.png?resize=300%2C183 300w, https:\/\/i0.wp.com\/aynakol.org\/wp-content\/uploads\/2023\/08\/vuelta2023_stage6_profile.png?resize=768%2C470 768w\" sizes=\"auto, (max-width: 860px) 100vw, 860px\" \/><p id=\"caption-attachment-8301\" class=\"wp-caption-text\">La Vuelta a Espana 2023, 6. Etap Profili: Pelotonun tamam\u0131n\u0131 pistten alal\u0131m; genel klasman favorileri i\u00e7in dans vakti!<\/p><\/div>\n<p><span style=\"font-size: 12pt; font-family: georgia, palatino, serif;\">Javalambre Astrofizik G\u00f6zlemevinin kurulu oldu\u011fu Pico del Buitre zirvesinde sona eren 6. Etap boyunca peloton neredeyse 4000 metre irtifa kazan\u0131m\u0131 ile m\u00fccadele edecek. Zirveye en son 2019 y\u0131l\u0131nda 5. etapta u\u011fram\u0131\u015ft\u0131k. Valensiyadan kalk\u0131p sefer eyleyecek pelotonun kar\u015f\u0131s\u0131ndaki etab\u0131n profili dur durak bilmeden y\u0131ld\u0131zlara do\u011fru uzan\u0131yor. <\/span><\/p>\n<div id=\"attachment_8300\" style=\"width: 445px\" class=\"wp-caption aligncenter\"><img data-recalc-dims=\"1\" loading=\"lazy\" decoding=\"async\" aria-describedby=\"caption-attachment-8300\" data-attachment-id=\"8300\" data-permalink=\"http:\/\/aynakol.org\/?attachment_id=8300\" data-orig-file=\"https:\/\/i0.wp.com\/aynakol.org\/wp-content\/uploads\/2023\/08\/vuelta2023_stage6_climb_profile_pico_del_buitre.jpg?fit=435%2C614\" data-orig-size=\"435,614\" data-comments-opened=\"1\" data-image-meta=\"{&quot;aperture&quot;:&quot;0&quot;,&quot;credit&quot;:&quot;&quot;,&quot;camera&quot;:&quot;&quot;,&quot;caption&quot;:&quot;&quot;,&quot;created_timestamp&quot;:&quot;0&quot;,&quot;copyright&quot;:&quot;&quot;,&quot;focal_length&quot;:&quot;0&quot;,&quot;iso&quot;:&quot;0&quot;,&quot;shutter_speed&quot;:&quot;0&quot;,&quot;title&quot;:&quot;&quot;,&quot;orientation&quot;:&quot;0&quot;}\" data-image-title=\"vuelta2023_stage6_climb_profile_pico_del_buitre\" data-image-description=\"\" data-image-caption=\"\" data-large-file=\"https:\/\/i0.wp.com\/aynakol.org\/wp-content\/uploads\/2023\/08\/vuelta2023_stage6_climb_profile_pico_del_buitre.jpg?fit=435%2C614\" class=\"wp-image-8300 size-full\" src=\"https:\/\/i0.wp.com\/aynakol.org\/wp-content\/uploads\/2023\/08\/vuelta2023_stage6_climb_profile_pico_del_buitre.jpg?resize=435%2C614\" alt=\"\" width=\"435\" height=\"614\" srcset=\"https:\/\/i0.wp.com\/aynakol.org\/wp-content\/uploads\/2023\/08\/vuelta2023_stage6_climb_profile_pico_del_buitre.jpg?w=435 435w, https:\/\/i0.wp.com\/aynakol.org\/wp-content\/uploads\/2023\/08\/vuelta2023_stage6_climb_profile_pico_del_buitre.jpg?resize=213%2C300 213w\" sizes=\"auto, (max-width: 435px) 100vw, 435px\" \/><p id=\"caption-attachment-8300\" class=\"wp-caption-text\">La Vuelta a Espana 2023, 6. Etab\u0131n biti\u015f \u00e7izgisinin \u00e7ekildi\u011fi Javalambre Astrofizik G\u00f6zlemevine uzanan yolun e\u011fimi y\u0131ld\u0131zlar\u0131 sayd\u0131rcak denli zor: %10<\/p><\/div>\n<p>&nbsp;<\/p>\n<p><span style=\"font-size: 12pt; font-family: georgia, palatino, serif;\">Alto de Javalambre t\u0131rman\u0131\u015f\u0131 1000 mt rak\u0131mdan ba\u015flay\u0131p 1947 metreye dek uzan\u0131rken, y\u00fckseli\u015f az gibi g\u00f6r\u00fcnse de 11,1 km i\u00e7inde ortalama e\u011fim %8 civar\u0131nda. G\u00f6zlemevinin nizamiyesine \u00e7ekilen biti\u015f \u00e7izgisine uzanan son 5 km&#8217;sinde ortalama e\u011fim %10! <\/span><\/p>\n<p><span style=\"font-size: 12pt; font-family: georgia, palatino, serif;\">\u0130ki g\u00fcnd\u00fcr sele \u00fczerinde aktif dinlenen genel klasman favorilerinin \u00f6ne \u00e7\u0131k\u0131p kalan herkesin zaman s\u0131n\u0131r\u0131n\u0131 a\u015fmadan grupetto i\u00e7inde yataca\u011f\u0131 br g\u00fcn var kar\u015f\u0131m\u0131zda. <\/span><\/p>\n<div id=\"attachment_8307\" style=\"width: 1011px\" class=\"wp-caption aligncenter\"><img data-recalc-dims=\"1\" loading=\"lazy\" decoding=\"async\" aria-describedby=\"caption-attachment-8307\" data-attachment-id=\"8307\" data-permalink=\"http:\/\/aynakol.org\/?attachment_id=8307\" data-orig-file=\"https:\/\/i0.wp.com\/aynakol.org\/wp-content\/uploads\/2023\/08\/lavuelta2019_stage5_winner_angel_madrazo.jpg?fit=1001%2C667\" data-orig-size=\"1001,667\" data-comments-opened=\"1\" data-image-meta=\"{&quot;aperture&quot;:&quot;0&quot;,&quot;credit&quot;:&quot;Cor Vos&quot;,&quot;camera&quot;:&quot;&quot;,&quot;caption&quot;:&quot;Observatorio Astrof\\u00edsico de Javalambre - Spain - wielrennen - cycling - cyclisme - radsport - illustration - sfeer - illustratie  Jetse Bol (Netherlands \/ Team Burgos - BH) - Jose Herrada (France \/ Team Cofidis) - Angel Madrazo (Spain \/ Team Burgos - BH)  pictured during Vuelta Espana 2019 \/ Tour of Spain 2019 - stage -5 from L\\u2019Eliana to Observatorio Astrof\\u00edsico de Javalambre (170.7KM) - Photo: Miwa iijima\/Cor Vos \\u00a9 2019&quot;,&quot;created_timestamp&quot;:&quot;1566950400&quot;,&quot;copyright&quot;:&quot;&quot;,&quot;focal_length&quot;:&quot;0&quot;,&quot;iso&quot;:&quot;0&quot;,&quot;shutter_speed&quot;:&quot;0&quot;,&quot;title&quot;:&quot;La Vuelta 2019 stage-5&quot;,&quot;orientation&quot;:&quot;0&quot;}\" data-image-title=\"La Vuelta 2019 stage-5\" data-image-description=\"\" data-image-caption=\"&lt;p&gt;Observatorio Astrof\u00edsico de Javalambre &amp;#8211; Spain &amp;#8211; wielrennen &amp;#8211; cycling &amp;#8211; cyclisme &amp;#8211; radsport &amp;#8211; illustration &amp;#8211; sfeer &amp;#8211; illustratie  Jetse Bol (Netherlands \/ Team Burgos &amp;#8211; BH) &amp;#8211; Jose Herrada (France \/ Team Cofidis) &amp;#8211; Angel Madrazo (Spain \/ Team Burgos &amp;#8211; BH)  pictured during Vuelta Espana 2019 \/ Tour of Spain 2019 &amp;#8211; stage -5 from L\u2019Eliana to Observatorio Astrof\u00edsico de Javalambre (170.7KM) &amp;#8211; Photo: Miwa iijima\/Cor Vos \u00a9 2019&lt;\/p&gt;\n\" data-large-file=\"https:\/\/i0.wp.com\/aynakol.org\/wp-content\/uploads\/2023\/08\/lavuelta2019_stage5_winner_angel_madrazo.jpg?fit=860%2C573\" class=\"wp-image-8307 size-full\" src=\"https:\/\/i0.wp.com\/aynakol.org\/wp-content\/uploads\/2023\/08\/lavuelta2019_stage5_winner_angel_madrazo.jpg?resize=860%2C573\" alt=\"\" width=\"860\" height=\"573\" srcset=\"https:\/\/i0.wp.com\/aynakol.org\/wp-content\/uploads\/2023\/08\/lavuelta2019_stage5_winner_angel_madrazo.jpg?w=1001 1001w, https:\/\/i0.wp.com\/aynakol.org\/wp-content\/uploads\/2023\/08\/lavuelta2019_stage5_winner_angel_madrazo.jpg?resize=300%2C200 300w, https:\/\/i0.wp.com\/aynakol.org\/wp-content\/uploads\/2023\/08\/lavuelta2019_stage5_winner_angel_madrazo.jpg?resize=768%2C512 768w\" sizes=\"auto, (max-width: 860px) 100vw, 860px\" \/><p id=\"caption-attachment-8307\" class=\"wp-caption-text\">G\u00fcn\u00fcn orijinal ka\u00e7aklar\u0131ndan geriye kalan \u00fc\u00e7 isim: \u0130kisi ayn\u0131 tak\u0131mdan Burgos-BH, Jetse Bol ve Angel Madrazo, zafer i\u00e7in Cofidisden Jose Herraday\u0131 silkeleme derdinde olsa da Valensiyan\u0131n d\u0131\u015f\u0131ndan, L\u2019Eliana kentinden bal\u015fay\u0131p Observatorio Astrof\u00edsico de Javalambre zirvesinde sona eren 5. Etab\u0131n son t\u0131rman\u0131\u015f\u0131nda Angel Madrazo s\u0131rt\u0131nda da\u011flar\u0131n kral\u0131 mayosu ile iki d\u00fc\u015f\u00fcp geriye, bir yakal\u0131yordu ikiliyi. Dile kolay 170,7 km uzunlu\u011fundaki etapta toplam 3800 mt irtifa kazan\u0131lm\u0131\u015f, ac\u0131mas\u0131z ilk hafta bacaklar\u0131 yormu\u015ftu. Son 1 km i\u00e7inde Angel Madrazo \u00fc\u00e7 kez geri d\u00fc\u015fse de ikiliyi yakalad\u0131 ve son 500 metrede atak yap\u0131p kariyerinin en b\u00fcy\u00fck zaferine pedallad\u0131!<\/p><\/div>\n<p>&nbsp;<\/p>\n","protected":false},"excerpt":{"rendered":"<p>D\u00fcnk\u00fc etapta neler olmu\u015ftu? Kaden Groves! D\u00fcnk\u00fc etap nas\u0131l bittiyse bug\u00fcn de ayn\u0131s\u0131n\u0131 izledik: Burriana k\u0131y\u0131lar\u0131nda sona eren 5. Etab\u0131n sonunda en h\u0131zl\u0131 sprinti at\u0131p [&#8230;]<\/p>\n","protected":false},"author":1,"featured_media":8299,"comment_status":"open","ping_status":"open","sticky":false,"template":"","format":"standard","meta":{"jetpack_post_was_ever_published":false,"_jetpack_newsletter_access":"","_jetpack_dont_email_post_to_subs":false,"_jetpack_newsletter_tier_id":0,"_jetpack_memberships_contains_paywalled_content":false,"_jetpack_memberships_contains_paid_content":false,"footnotes":"","jetpack_publicize_message":"","jetpack_publicize_feature_enabled":true,"jetpack_social_post_already_shared":true,"jetpack_social_options":{"image_generator_settings":{"template":"highway","default_image_id":0,"font":"","enabled":false},"version":2}},"categories":[91],"tags":[233,1517,1605,1511,1607,1604,14,1601,234,1603,1602],"class_list":["post-8298","post","type-post","status-publish","format-standard","has-post-thumbnail","hentry","category-vuelta-2","tag-ispanya-bisiklet-turu","tag-kaden-groves","tag-lorenzo-milesi","tag-remco-evenepoel","tag-sebastian-molena","tag-team-dsm-firmenich","tag-vuelta","tag-vuelta-2023","tag-vuelta-a-espana","tag-vuelta-a-espana-2023","tag-vuelta-ciclista-a-espana"],"jetpack_publicize_connections":[],"jetpack_featured_media_url":"https:\/\/i0.wp.com\/aynakol.org\/wp-content\/uploads\/2023\/08\/vuelta2023_stage4_peloton0.jpg?fit=1000%2C666","jetpack_sharing_enabled":true,"jetpack_shortlink":"https:\/\/wp.me\/p51p4O-29Q","jetpack_likes_enabled":true,"jetpack-related-posts":[{"id":8285,"url":"http:\/\/aynakol.org\/?p=8285","url_meta":{"origin":8298,"position":0},"title":"La Vuelta a Espana 2023, 5. Etap: Morella > Burriana, 186,2 km","author":"Ayd\u0131n Bez","date":"30 A\u011fustos 2023","format":false,"excerpt":"D\u00fcnk\u00fc etapta neler olmu\u015ftu? Tarragona k\u0131y\u0131lar\u0131nda sona eren 184,6 km uzunlu\u011fundaki 4. etab\u0131n sonunda zafere sa\u00e7lar\u0131n\u0131 savura savura pedallayan isim Kaden Groves! Giro d'Italia 2023 sonras\u0131 La Vueltada da etap kazanan Alpecin - Deceuninck tak\u0131m\u0131n\u0131n 24 ya\u015f\u0131ndaki Avustralyal\u0131 pedal\u0131 Groves ge\u00e7en seneki zaferinin yan\u0131na bir tane daha eklerken, tak\u0131m\u0131 da\u2026","rel":"","context":"&quot;Vuelta a Espana&quot; i\u00e7inde","block_context":{"text":"Vuelta a Espana","link":"http:\/\/aynakol.org\/?cat=91"},"img":{"alt_text":"","src":"https:\/\/i0.wp.com\/aynakol.org\/wp-content\/uploads\/2023\/08\/vuelta2023_stage1_peloton.jpg?fit=1024%2C683&resize=350%2C200","width":350,"height":200,"srcset":"https:\/\/i0.wp.com\/aynakol.org\/wp-content\/uploads\/2023\/08\/vuelta2023_stage1_peloton.jpg?fit=1024%2C683&resize=350%2C200 1x, https:\/\/i0.wp.com\/aynakol.org\/wp-content\/uploads\/2023\/08\/vuelta2023_stage1_peloton.jpg?fit=1024%2C683&resize=525%2C300 1.5x, https:\/\/i0.wp.com\/aynakol.org\/wp-content\/uploads\/2023\/08\/vuelta2023_stage1_peloton.jpg?fit=1024%2C683&resize=700%2C400 2x"},"classes":[]},{"id":8433,"url":"http:\/\/aynakol.org\/?p=8433","url_meta":{"origin":8298,"position":1},"title":"La Vuelta a Espana 2023 12. Etap: \u00d3lvega > Zaragoza, 151 km","author":"Ayd\u0131n Bez","date":"7 Eyl\u00fcl 2023","format":false,"excerpt":"D\u00fcnk\u00fc Etapta Neler Olmu\u015ftu? Ka\u00e7\u0131\u015f destan\u0131na \u015fahit oldu\u011fumuz, \u00e7ok \u00e7al\u0131\u015fan\u0131n de\u011fil do\u011fru zamanda atak yap\u0131p kopup gidenin kazand\u0131\u011f\u0131n\u0131 g\u00f6rd\u00fc\u011f\u00fcm\u00fcz 11. Etab\u0131n sonunda zafere uzanan isim Jesus Herrada!\u00a0 \u00a0 El Ultimo Kilometro \u00a0 \u00d6ncesi zamana kar\u015f\u0131 m\u00fccadelesi olan 11. Etapta beklendi\u011fi gibi favoriler yar\u0131\u015f\u0131n t\u00fcm kontrol\u00fcn\u00fc ka\u00e7\u0131\u015fa verince sakin bir g\u00fcn\u2026","rel":"","context":"&quot;Vuelta a Espana&quot; i\u00e7inde","block_context":{"text":"Vuelta a Espana","link":"http:\/\/aynakol.org\/?cat=91"},"img":{"alt_text":"","src":"https:\/\/i0.wp.com\/aynakol.org\/wp-content\/uploads\/2023\/09\/vuelta2023_stage12_cover_photo.jpg?fit=1200%2C414&resize=350%2C200","width":350,"height":200,"srcset":"https:\/\/i0.wp.com\/aynakol.org\/wp-content\/uploads\/2023\/09\/vuelta2023_stage12_cover_photo.jpg?fit=1200%2C414&resize=350%2C200 1x, https:\/\/i0.wp.com\/aynakol.org\/wp-content\/uploads\/2023\/09\/vuelta2023_stage12_cover_photo.jpg?fit=1200%2C414&resize=525%2C300 1.5x, https:\/\/i0.wp.com\/aynakol.org\/wp-content\/uploads\/2023\/09\/vuelta2023_stage12_cover_photo.jpg?fit=1200%2C414&resize=700%2C400 2x, https:\/\/i0.wp.com\/aynakol.org\/wp-content\/uploads\/2023\/09\/vuelta2023_stage12_cover_photo.jpg?fit=1200%2C414&resize=1050%2C600 3x"},"classes":[]},{"id":8421,"url":"http:\/\/aynakol.org\/?p=8421","url_meta":{"origin":8298,"position":2},"title":"La Vuelta a Espana 2023 11. Etap: Lerma > La Laguna Negra.Vinuesa, 163,5 km","author":"Ayd\u0131n Bez","date":"6 Eyl\u00fcl 2023","format":false,"excerpt":"D\u00fcnk\u00fc etapta neler olmu\u015ftu? Valladolid kentinde pedallanan bireysel zamana kar\u015f\u0131 etab\u0131nda kazanan isim Filippo Ganna! S\u0131rt\u0131nda \u0130talyan \u015fampiyonluk mayosu ile yan\u0131na iki isim d\u0131\u015f\u0131nda kimseyi yakla\u015ft\u0131rmayan Top Ganna, bu zaferle k\u00f6t\u00fc bir La Vuelta ge\u00e7iren umutsuz tak\u0131m\u0131 INEOS Grenadierse biraz umut vermi\u015f oldu. \u00a0 Filippo Ganna, 25,8km uzunlu\u011fundaki zamana kar\u015f\u0131\u2026","rel":"","context":"&quot;Vuelta a Espana&quot; i\u00e7inde","block_context":{"text":"Vuelta a Espana","link":"http:\/\/aynakol.org\/?cat=91"},"img":{"alt_text":"","src":"https:\/\/i0.wp.com\/aynakol.org\/wp-content\/uploads\/2023\/09\/vuelta2023_stage10_itt_Jasha_Sutterlin-scaled.jpg?fit=1200%2C800&resize=350%2C200","width":350,"height":200,"srcset":"https:\/\/i0.wp.com\/aynakol.org\/wp-content\/uploads\/2023\/09\/vuelta2023_stage10_itt_Jasha_Sutterlin-scaled.jpg?fit=1200%2C800&resize=350%2C200 1x, https:\/\/i0.wp.com\/aynakol.org\/wp-content\/uploads\/2023\/09\/vuelta2023_stage10_itt_Jasha_Sutterlin-scaled.jpg?fit=1200%2C800&resize=525%2C300 1.5x, https:\/\/i0.wp.com\/aynakol.org\/wp-content\/uploads\/2023\/09\/vuelta2023_stage10_itt_Jasha_Sutterlin-scaled.jpg?fit=1200%2C800&resize=700%2C400 2x, https:\/\/i0.wp.com\/aynakol.org\/wp-content\/uploads\/2023\/09\/vuelta2023_stage10_itt_Jasha_Sutterlin-scaled.jpg?fit=1200%2C800&resize=1050%2C600 3x"},"classes":[]},{"id":8745,"url":"http:\/\/aynakol.org\/?p=8745","url_meta":{"origin":8298,"position":3},"title":"La Vuelta a Espana 2023 21. ve de Kapan\u0131\u015f Etab\u0131: Madrid de Son Ka\u00e7\u0131\u015f!","author":"Ayd\u0131n Bez","date":"18 Eyl\u00fcl 2023","format":false,"excerpt":"Madrid kentinni binalar aras\u0131nda uzanan geni\u015f bulvarlar\u0131nda sona eren kapan\u0131\u015f etab\u0131nda Kaden Groves kimseye yar etmedi zaferini! G\u00fc\u00e7l\u00fc rakipleri Ganna, Evenepoel Denz \u00f6n\u00fcnde a\u00e7\u0131k ara kazanarak \u00fc\u00e7\u00fcnc\u00fc etap zaferine ula\u015ft\u0131, ye\u015fil mayosunu ta\u00e7land\u0131rd\u0131. \u00a0 Remco Evenepoel, ne zaman ki Madrid tabelas\u0131 g\u00f6r\u00fcnd\u00fc peloton i\u00e7inden ok gibi f\u0131rlayarak \u00f6ne at\u0131ld\u0131 ve\u2026","rel":"","context":"&quot;Vuelta a Espana&quot; i\u00e7inde","block_context":{"text":"Vuelta a Espana","link":"http:\/\/aynakol.org\/?cat=91"},"img":{"alt_text":"","src":"https:\/\/i0.wp.com\/aynakol.org\/wp-content\/uploads\/2023\/09\/screenshot_20230917_211350_instagram758032246410277514-1024x1022.jpg?resize=350%2C200","width":350,"height":200,"srcset":"https:\/\/i0.wp.com\/aynakol.org\/wp-content\/uploads\/2023\/09\/screenshot_20230917_211350_instagram758032246410277514-1024x1022.jpg?resize=350%2C200 1x, https:\/\/i0.wp.com\/aynakol.org\/wp-content\/uploads\/2023\/09\/screenshot_20230917_211350_instagram758032246410277514-1024x1022.jpg?resize=525%2C300 1.5x, https:\/\/i0.wp.com\/aynakol.org\/wp-content\/uploads\/2023\/09\/screenshot_20230917_211350_instagram758032246410277514-1024x1022.jpg?resize=700%2C400 2x"},"classes":[]},{"id":8579,"url":"http:\/\/aynakol.org\/?p=8579","url_meta":{"origin":8298,"position":4},"title":"La Vuelta a Espana 2023 20. Etap: Manzanares El Real > Guadarrama, 208 km","author":"Ayd\u0131n Bez","date":"16 Eyl\u00fcl 2023","format":false,"excerpt":"D\u00fcnk\u00fc Etapta Neler Olmu\u015ftu? \u00cdscar kentinde sona eren 177 km uzunlu\u011fundaki 19. Etab\u0131n sonunda ya\u015fanan toplu sprint m\u00fccadelesinde gelip gelen isim Alberto Dainese! \u00a0 \u00a0 Sene sonunda ba\u015fka tak\u0131ma ge\u00e7ecek olan 25 ya\u015f\u0131ndaki \u0130talyan sprinter kariyerinin ilk La Veulta, toplamda da Giro dahil \u00fc\u00e7\u00fcnc\u00fc b\u00fcy\u00fck tur zaferine imza att\u0131. Kendisini\u2026","rel":"","context":"&quot;Vuelta a Espana&quot; i\u00e7inde","block_context":{"text":"Vuelta a Espana","link":"http:\/\/aynakol.org\/?cat=91"},"img":{"alt_text":"","src":"https:\/\/i0.wp.com\/aynakol.org\/wp-content\/uploads\/2023\/09\/20230915_1900174511734942764105848-e1694800930236.jpg?fit=1200%2C562&resize=350%2C200","width":350,"height":200,"srcset":"https:\/\/i0.wp.com\/aynakol.org\/wp-content\/uploads\/2023\/09\/20230915_1900174511734942764105848-e1694800930236.jpg?fit=1200%2C562&resize=350%2C200 1x, https:\/\/i0.wp.com\/aynakol.org\/wp-content\/uploads\/2023\/09\/20230915_1900174511734942764105848-e1694800930236.jpg?fit=1200%2C562&resize=525%2C300 1.5x, https:\/\/i0.wp.com\/aynakol.org\/wp-content\/uploads\/2023\/09\/20230915_1900174511734942764105848-e1694800930236.jpg?fit=1200%2C562&resize=700%2C400 2x, https:\/\/i0.wp.com\/aynakol.org\/wp-content\/uploads\/2023\/09\/20230915_1900174511734942764105848-e1694800930236.jpg?fit=1200%2C562&resize=1050%2C600 3x"},"classes":[]},{"id":8334,"url":"http:\/\/aynakol.org\/?p=8334","url_meta":{"origin":8298,"position":5},"title":"La Vuelta a Espana 2023, 8. Etap: D\u00e9nia > Xorret de Cat\u00ed. Costa Blanca Interior, 165 km","author":"Ayd\u0131n Bez","date":"2 Eyl\u00fcl 2023","format":false,"excerpt":"D\u00fcnk\u00fc etapta neler olmu\u015ftu? Ge\u00e7 kalm\u0131\u015f bir etap zaferi daha: Geoffrey Soupe! TotalEnergies tak\u0131m\u0131n\u0131n 35 ya\u015f\u0131ndaki Frans\u0131z pedal\u0131 Geoffrey Soupe, emeklili\u011fe iki kala t\u00fcm pelotonu \u015fa\u015f\u0131rt\u0131p rakiplerine de gidon d\u00f6vd\u00fcrerek Olivie k\u0131y\u0131lar\u0131nda sona eren 200,8 km uzunlu\u011fundaki 7. Etab\u0131 kazand\u0131! \u00a0 \u00a0 El Ultimo Kilometro Sakin ge\u00e7mesi beklenen etapta zafere\u2026","rel":"","context":"&quot;Vuelta a Espana&quot; i\u00e7inde","block_context":{"text":"Vuelta a Espana","link":"http:\/\/aynakol.org\/?cat=91"},"img":{"alt_text":"","src":"https:\/\/i0.wp.com\/aynakol.org\/wp-content\/uploads\/2023\/09\/vuelta2023_stage7_bunch_sprint-e1693591909205.jpg?fit=1200%2C494&resize=350%2C200","width":350,"height":200,"srcset":"https:\/\/i0.wp.com\/aynakol.org\/wp-content\/uploads\/2023\/09\/vuelta2023_stage7_bunch_sprint-e1693591909205.jpg?fit=1200%2C494&resize=350%2C200 1x, https:\/\/i0.wp.com\/aynakol.org\/wp-content\/uploads\/2023\/09\/vuelta2023_stage7_bunch_sprint-e1693591909205.jpg?fit=1200%2C494&resize=525%2C300 1.5x, https:\/\/i0.wp.com\/aynakol.org\/wp-content\/uploads\/2023\/09\/vuelta2023_stage7_bunch_sprint-e1693591909205.jpg?fit=1200%2C494&resize=700%2C400 2x, https:\/\/i0.wp.com\/aynakol.org\/wp-content\/uploads\/2023\/09\/vuelta2023_stage7_bunch_sprint-e1693591909205.jpg?fit=1200%2C494&resize=1050%2C600 3x"},"classes":[]}],"_links":{"self":[{"href":"http:\/\/aynakol.org\/index.php?rest_route=\/wp\/v2\/posts\/8298","targetHints":{"allow":["GET"]}}],"collection":[{"href":"http:\/\/aynakol.org\/index.php?rest_route=\/wp\/v2\/posts"}],"about":[{"href":"http:\/\/aynakol.org\/index.php?rest_route=\/wp\/v2\/types\/post"}],"author":[{"embeddable":true,"href":"http:\/\/aynakol.org\/index.php?rest_route=\/wp\/v2\/users\/1"}],"replies":[{"embeddable":true,"href":"http:\/\/aynakol.org\/index.php?rest_route=%2Fwp%2Fv2%2Fcomments&post=8298"}],"version-history":[{"count":7,"href":"http:\/\/aynakol.org\/index.php?rest_route=\/wp\/v2\/posts\/8298\/revisions"}],"predecessor-version":[{"id":8320,"href":"http:\/\/aynakol.org\/index.php?rest_route=\/wp\/v2\/posts\/8298\/revisions\/8320"}],"wp:featuredmedia":[{"embeddable":true,"href":"http:\/\/aynakol.org\/index.php?rest_route=\/wp\/v2\/media\/8299"}],"wp:attachment":[{"href":"http:\/\/aynakol.org\/index.php?rest_route=%2Fwp%2Fv2%2Fmedia&parent=8298"}],"wp:term":[{"taxonomy":"category","embeddable":true,"href":"http:\/\/aynakol.org\/index.php?rest_route=%2Fwp%2Fv2%2Fcategories&post=8298"},{"taxonomy":"post_tag","embeddable":true,"href":"http:\/\/aynakol.org\/index.php?rest_route=%2Fwp%2Fv2%2Ftags&post=8298"}],"curies":[{"name":"wp","href":"https:\/\/api.w.org\/{rel}","templated":true}]}}